{"id":105,"date":"2014-05-28T20:56:17","date_gmt":"2014-05-28T18:56:17","guid":{"rendered":"http:\/\/lightstyle.blogg.de\/?p=105"},"modified":"2014-07-10T17:00:53","modified_gmt":"2014-07-10T15:00:53","slug":"das-groesste-lob","status":"publish","type":"post","link":"https:\/\/www.light-style.eu\/Blog\/das-groesste-lob\/","title":{"rendered":"Das gr\u00f6\u00dfte Lob"},"content":{"rendered":"<p>Das war mal wieder ein Tag.<\/p>\n<p>Zwar keine gro\u00dfe Shootings, davon werde ich ab Freitag genug haben \ud83d\ude09 Das ganze Equipment gecheckt und gepackt, es kann Freitag losgehen, nach R\u00fcgen, und tolle Hochzeitsfotos schie\u00dfen.<\/p>\n<p>Aber das Sch\u00f6nste heute waren die Bewerbungsfotos, wenn der Kundin die Fotos so gut gefallen, dass sie einem als Dank um den Hals f\u00e4llt ( und war auch noch ne H\u00fcbsche \ud83d\ude09 ) , das sind die Momente die man mit Geld nicht aufwiegen kann, und immer wieder das sch\u00f6nste Lob.<\/p>\n<p>Da macht der Job so richtig Spa\u00df<\/p>\n<p>&nbsp;<\/p>\n<p>So Euch allen einen tollen feiertag, melde mich dann von R\u00fcgen mit kleinen out of Cam Fotobeitr\u00e4gen wieder.<\/p>\n<p>Dr\u00fcckt uns die Daumen, dass das Wetter mitspielt &#8230;..<\/p>\n<p>lg Euer Andi<\/p>\n<div style='text-align:center' class='yasr-auto-insert-visitor'><!--Yasr Visitor Votes Shortcode--><div id='yasr_visitor_votes_9630ac6b1ff5e' class='yasr-visitor-votes'><div class=\"yasr-custom-text-vv-before yasr-custom-text-vv-before-105\">Hat es Dir gefallen?<\/div><div id='yasr-vv-second-row-container-9630ac6b1ff5e'\r\n                                        class='yasr-vv-second-row-container'><div id='yasr-visitor-votes-rater-9630ac6b1ff5e'\r\n                                      class='yasr-rater-stars-vv'\r\n                                      data-rater-postid='105'\r\n                                      data-rating='0'\r\n                                      data-rater-starsize='32'\r\n                                      data-rater-readonly='false'\r\n                                      data-rater-nonce='e7bf565820'\r\n                                      data-issingular='false'\r\n                                    ><\/div><div class=\"yasr-vv-stats-text-container\" id=\"yasr-vv-stats-text-container-9630ac6b1ff5e\"><span id=\"yasr-vv-text-container-9630ac6b1ff5e\" class=\"yasr-vv-text-container\">[Total: <span id=\"yasr-vv-votes-number-container-9630ac6b1ff5e\">0<\/span> Average: <span id=\"yasr-vv-average-container-9630ac6b1ff5e\">0<\/span>]<\/span><\/div><div id='yasr-vv-loader-9630ac6b1ff5e' class='yasr-vv-container-loader'><\/div><\/div><div id='yasr-vv-bottom-container-9630ac6b1ff5e'\r\n                              class='yasr-vv-bottom-container'\r\n                              style='display:none'><\/div><\/div><!--End Yasr Visitor Votes Shortcode--><\/div>","protected":false},"excerpt":{"rendered":"<p>Das war mal wieder ein Tag. Zwar keine gro\u00dfe Shootings, davon werde ich ab Freitag genug haben \ud83d\ude09 Das ganze Equipment gecheckt und gepackt, es kann Freitag losgehen, nach R\u00fcgen, und tolle Hochzeitsfotos schie\u00dfen. Aber das Sch\u00f6nste heute waren die Bewerbungsfotos, wenn der Kundin die Fotos so gut gefallen, dass sie einem als Dank um<span class=\"post-excerpt-end\">&hellip;<\/span><\/p>\n<p class=\"more-link\"><a href=\"https:\/\/www.light-style.eu\/Blog\/das-groesste-lob\/\" class=\"themebutton\">Read More<\/a><\/p>\n","protected":false},"author":2,"featured_media":272,"comment_status":"open","ping_status":"open","sticky":false,"template":"","format":"aside","meta":{"jetpack_post_was_ever_published":false,"yasr_overall_rating":0,"yasr_post_is_review":"","yasr_auto_insert_disabled":"","yasr_review_type":"","_jetpack_newsletter_access":"","_jetpack_dont_email_post_to_subs":false,"_jetpack_newsletter_tier_id":0,"_jetpack_memberships_contains_paywalled_content":false,"_jetpack_memberships_contains_paid_content":false,"footnotes":"","jetpack_publicize_message":"","jetpack_publicize_feature_enabled":true,"jetpack_social_post_already_shared":false,"jetpack_social_options":{"image_generator_settings":{"template":"highway","default_image_id":0,"font":"","enabled":false},"version":2}},"categories":[1],"tags":[],"class_list":["post-105","post","type-post","status-publish","format-aside","has-post-thumbnail","hentry","category-allgemein","post_format-post-format-aside"],"yasr_visitor_votes":{"stars_attributes":{"read_only":false,"span_bottom":false},"number_of_votes":0,"sum_votes":0},"jetpack_publicize_connections":[],"jetpack_featured_media_url":"https:\/\/i0.wp.com\/www.light-style.eu\/Blog\/wp-content\/uploads\/2014\/06\/kein-Beitragsbild.jpg?fit=360%2C240&ssl=1","jetpack_sharing_enabled":true,"jetpack_shortlink":"https:\/\/wp.me\/p4Ojrv-1H","jetpack-related-posts":[{"id":101,"url":"https:\/\/www.light-style.eu\/Blog\/die-woche-wird-blogtechnisch-etwas-ruhiger\/","url_meta":{"origin":105,"position":0},"title":"Die Woche wird blogtechnisch etwas ruhiger","author":"Andi M\u00f6ller","date":"26. Mai 2014","format":false,"excerpt":"Moin , moin, freut mich wirklich dass\u00a0 Ihr doch so zahlreich meinem Blog folgt, vielen Dank daf\u00fcr. Diese Woche wirds bisschen stressger f\u00fcr mich, am Freitag gehts das Weekend \u00fcber nach R\u00fcgen f\u00fcr tolle Hochzeitsfotos, das Wetter scheint es im Gro\u00dfen und Ganzen auch gut zu meinen. Werde Euch dann\u2026","rel":"","context":"In &quot;Allgemein&quot;","block_context":{"text":"Allgemein","link":"https:\/\/www.light-style.eu\/Blog\/category\/allgemein\/"},"img":{"alt_text":"","src":"https:\/\/i0.wp.com\/www.light-style.eu\/Blog\/wp-content\/uploads\/2014\/06\/kein-Beitragsbild.jpg?fit=360%2C240&ssl=1&resize=350%2C200","width":350,"height":200},"classes":[]},{"id":113,"url":"https:\/\/www.light-style.eu\/Blog\/zurueck-von-einem-waaaaaahnssinns-shooting\/","url_meta":{"origin":105,"position":1},"title":"Zur\u00fcck von einem waaaaaahnssinns Shooting","author":"Andi M\u00f6ller","date":"1. Juni 2014","format":false,"excerpt":"Sorry ich hab Euch etwas vernachl\u00e4ssigt, aber der Datenempfang auf R\u00fcgen war mehr als grauselig. Daf\u00fcr war aber das Shooting dort der helle Wahnsinn mit einem fantastischen Team. Nach 12h !! R\u00fcckfahrt bin ich nun endlich wieder im Studio und nun ist es ein Muss dieFotos zu sichern und mal\u2026","rel":"","context":"In &quot;Allgemein&quot;","block_context":{"text":"Allgemein","link":"https:\/\/www.light-style.eu\/Blog\/category\/allgemein\/"},"img":{"alt_text":"ZOE_0006","src":"https:\/\/i0.wp.com\/lightstyle.blogg.de\/files\/2014\/06\/ZOE_0006-169x300.jpg?resize=350%2C200","width":350,"height":200},"classes":[]},{"id":443,"url":"https:\/\/www.light-style.eu\/Blog\/liebe-ist\/","url_meta":{"origin":105,"position":2},"title":"Liebe ist&#8230;&#8230;&#8230;&#8230;&#8230;","author":"Andi M\u00f6ller","date":"27. August 2014","format":false,"excerpt":"Moin , moin, hier zeige ich Euch mal 2 Hochzeitsfotos , welche ich die Tage fertig gemacht habe, und die Gedanken dazu. Liebe ist ... wenn man mit dem Herzen sieht und den anderen mit all seinen Fehlern akzeptiert Auf meiner privaten Facebookseite\u00a0 hatte der Fotojournalist Thorsten Egenolf das Foto\u2026","rel":"","context":"In &quot;Allgemein&quot;","block_context":{"text":"Allgemein","link":"https:\/\/www.light-style.eu\/Blog\/category\/allgemein\/"},"img":{"alt_text":"","src":"https:\/\/i0.wp.com\/www.light-style.eu\/Blog\/wp-content\/uploads\/2014\/08\/Hochzeitsshooting-R%C3%BCgen-103-Bearbeitet.jpg?fit=500%2C333&ssl=1&resize=350%2C200","width":350,"height":200},"classes":[]},{"id":8786,"url":"https:\/\/www.light-style.eu\/Blog\/neu-digitales-passfoto-ab-mai-25\/","url_meta":{"origin":105,"position":3},"title":"NEU! Digitales Passfoto ab Mai 25","author":"Andi M\u00f6ller","date":"18. Februar 2025","format":"status","excerpt":"Ja, es ist bald so weit. Ab 1. Mai 2025 hat das Papierpassfoto in Deutschland ausgedient. Ich sage mal ja sinnig im digitalen Zeitalter, aber die Umsetzung typisch deutsch, aber dazu sp\u00e4ter mehr. Erstmal die Dinge, die Euch interessieren. Das Positive ist, wie es so sch\u00f6n hei\u00dft, Du gehst zum\u2026","rel":"","context":"In &quot;abseits des Alltags&quot;","block_context":{"text":"abseits des Alltags","link":"https:\/\/www.light-style.eu\/Blog\/category\/abseits-des-alltags\/"},"img":{"alt_text":"","src":"https:\/\/i0.wp.com\/www.light-style.eu\/Blog\/wp-content\/uploads\/2025\/02\/INSTAGRAM-4-5-0125.jpg?fit=960%2C1200&ssl=1&resize=350%2C200","width":350,"height":200,"srcset":"https:\/\/i0.wp.com\/www.light-style.eu\/Blog\/wp-content\/uploads\/2025\/02\/INSTAGRAM-4-5-0125.jpg?fit=960%2C1200&ssl=1&resize=350%2C200 1x, https:\/\/i0.wp.com\/www.light-style.eu\/Blog\/wp-content\/uploads\/2025\/02\/INSTAGRAM-4-5-0125.jpg?fit=960%2C1200&ssl=1&resize=525%2C300 1.5x, https:\/\/i0.wp.com\/www.light-style.eu\/Blog\/wp-content\/uploads\/2025\/02\/INSTAGRAM-4-5-0125.jpg?fit=960%2C1200&ssl=1&resize=700%2C400 2x"},"classes":[]},{"id":130,"url":"https:\/\/www.light-style.eu\/Blog\/moin-moin-2\/","url_meta":{"origin":105,"position":4},"title":"moin moin","author":"Andi M\u00f6ller","date":"4. Juni 2014","format":"aside","excerpt":"Moin zusammen, Heute geht es dann weiter mit dem Sichten der Hochzeitsfotos aus R\u00fcgen. Denke ich werde heute Nachmittag noch ein paar making of bzw ein oder zwei out of cam Fotos f\u00fcr Euch hier haben. Also ihr d\u00fcrft gespannt sein ;-) Bis sp\u00e4ter euer Andi","rel":"","context":"In &quot;Allgemein&quot;","block_context":{"text":"Allgemein","link":"https:\/\/www.light-style.eu\/Blog\/category\/allgemein\/"},"img":{"alt_text":"","src":"https:\/\/i0.wp.com\/www.light-style.eu\/Blog\/wp-content\/uploads\/2014\/06\/kein-Beitragsbild.jpg?fit=360%2C240&ssl=1&resize=350%2C200","width":350,"height":200},"classes":[]},{"id":1479,"url":"https:\/\/www.light-style.eu\/Blog\/models-tips-wuensche\/","url_meta":{"origin":105,"position":5},"title":"Models- Tips &#038; W\u00fcnsche","author":"Andi M\u00f6ller","date":"23. Oktober 2015","format":"status","excerpt":"Moin, es ist wieder Freitag und ich geb mal wieder meinen Senf zu dem einen oder anderen Thema ;-) Eigentlich wollte ich diese Woche etwas \u00fcber Fotorecht, was darf der Fotograf mit Euren Fotos machen und was Ihr mit Euren Fotos vom Fotografen, aber dann kam mir der Fotograf Stefan\u2026","rel":"","context":"In &quot;Allgemein&quot;","block_context":{"text":"Allgemein","link":"https:\/\/www.light-style.eu\/Blog\/category\/allgemein\/"},"img":{"alt_text":"","src":"https:\/\/i0.wp.com\/www.light-style.eu\/Blog\/wp-content\/uploads\/2015\/10\/Meelyn-2015-267-Bearbeitet-Kopie.jpg?resize=350%2C200","width":350,"height":200},"classes":[]}],"_links":{"self":[{"href":"https:\/\/www.light-style.eu\/Blog\/wp-json\/wp\/v2\/posts\/105","targetHints":{"allow":["GET"]}}],"collection":[{"href":"https:\/\/www.light-style.eu\/Blog\/wp-json\/wp\/v2\/posts"}],"about":[{"href":"https:\/\/www.light-style.eu\/Blog\/wp-json\/wp\/v2\/types\/post"}],"author":[{"embeddable":true,"href":"https:\/\/www.light-style.eu\/Blog\/wp-json\/wp\/v2\/users\/2"}],"replies":[{"embeddable":true,"href":"https:\/\/www.light-style.eu\/Blog\/wp-json\/wp\/v2\/comments?post=105"}],"version-history":[{"count":0,"href":"https:\/\/www.light-style.eu\/Blog\/wp-json\/wp\/v2\/posts\/105\/revisions"}],"wp:featuredmedia":[{"embeddable":true,"href":"https:\/\/www.light-style.eu\/Blog\/wp-json\/wp\/v2\/media\/272"}],"wp:attachment":[{"href":"https:\/\/www.light-style.eu\/Blog\/wp-json\/wp\/v2\/media?parent=105"}],"wp:term":[{"taxonomy":"category","embeddable":true,"href":"https:\/\/www.light-style.eu\/Blog\/wp-json\/wp\/v2\/categories?post=105"},{"taxonomy":"post_tag","embeddable":true,"href":"https:\/\/www.light-style.eu\/Blog\/wp-json\/wp\/v2\/tags?post=105"}],"curies":[{"name":"wp","href":"https:\/\/api.w.org\/{rel}","templated":true}]}}