{"id":11498,"date":"2026-09-02T11:23:15","date_gmt":"2026-09-02T09:23:15","guid":{"rendered":"https:\/\/www.light-style.eu\/Blog\/?p=11498"},"modified":"2026-09-02T11:23:23","modified_gmt":"2026-09-02T09:23:23","slug":"eure-alten-fotos-bekommen-ein-neues-zuhause-jetzt-als-persoenliche-online-galerie","status":"publish","type":"post","link":"https:\/\/www.light-style.eu\/Blog\/eure-alten-fotos-bekommen-ein-neues-zuhause-jetzt-als-persoenliche-online-galerie\/","title":{"rendered":"&#x1f4f8; Eure alten Fotos bekommen ein neues Zuhause \u2013 jetzt als pers\u00f6nliche Online-Galerie!"},"content":{"rendered":"\n<p class=\"has-medium-font-size wp-block-paragraph\">Kennt Ihr das?<\/p>\n\n\n\n<p class=\"has-medium-font-size wp-block-paragraph\">Man war vor einiger Zeit bei mir zum Shooting, hat tolle Fotos bekommen \u2013 und irgendwann liegen die Bilder auf dem Rechner, auf einer Festplatte oder einem USB-Stick und werden immer seltener angeschaut.<\/p>\n\n\n\n<p class=\"has-medium-font-size wp-block-paragraph\">Eigentlich schade, oder? &#x1f609;<\/p>\n\n\n\n<p class=\"has-medium-font-size wp-block-paragraph\">Denn gerade bei Fotos ist es doch so: <strong>Manche Bilder entdeckt man erst Jahre sp\u00e4ter wieder und denkt pl\u00f6tzlich: \u201eWow, das ist eigentlich mein Lieblingsbild!\u201c<\/strong><\/p>\n\n\n\n<p class=\"has-medium-font-size wp-block-paragraph\">Deshalb habe ich mir etwas Neues einfallen lassen:<\/p>\n\n\n\n<h2 class=\"wp-block-heading has-large-font-size\">Eure Fotos noch einmal ganz neu entdecken!<\/h2>\n\n\n\n<p class=\"has-medium-font-size wp-block-paragraph\">Ich biete meinen <strong>Bestandskunden ab sofort auf Wunsch die M\u00f6glichkeit, auch f\u00fcr bereits vergangene Shootings eine pers\u00f6nliche Online-Galerie erstellen zu lassen.<\/strong><\/p>\n\n\n\n<p class=\"has-medium-font-size wp-block-paragraph\">Das bedeutet: Wenn Eure Fotos noch bei mir vorhanden sind, kann ich daraus nachtr\u00e4glich eine Galerie f\u00fcr Euch erstellen, \u00fcber die Ihr Eure Bilder ganz bequem online anschauen k\u00f6nnt.<\/p>\n\n\n\n<p class=\"has-medium-font-size wp-block-paragraph\">Und das Ganze ist nicht einfach nur eine Seite mit kleinen Vorschaubildern.<\/p>\n\n\n\n<p class=\"has-medium-font-size wp-block-paragraph\">Ihr k\u00f6nnt Euch durch Eure komplette Galerie klicken, einzelne Bilder in der Gro\u00dfansicht anschauen, zwischen den Fotos vor- und zur\u00fcckspringen oder Euch die Bilder sogar als <strong>gro\u00dfe Diashow mit sanften \u00dcberblendungen<\/strong> ansehen.<\/p>\n\n\n\n<figure class=\"wp-block-image size-large\"><img data-recalc-dims=\"1\" loading=\"lazy\" decoding=\"async\" width=\"1170\" height=\"597\" data-attachment-id=\"11501\" data-permalink=\"https:\/\/www.light-style.eu\/Blog\/eure-alten-fotos-bekommen-ein-neues-zuhause-jetzt-als-persoenliche-online-galerie\/galerie\/#main\" data-orig-file=\"https:\/\/i0.wp.com\/www.light-style.eu\/Blog\/wp-content\/uploads\/2026\/09\/Galerie.png?fit=2486%2C1269&amp;ssl=1\" data-orig-size=\"2486,1269\" data-comments-opened=\"1\" data-image-meta=\"{&quot;aperture&quot;:&quot;0&quot;,&quot;credit&quot;:&quot;&quot;,&quot;camera&quot;:&quot;&quot;,&quot;caption&quot;:&quot;&quot;,&quot;created_timestamp&quot;:&quot;0&quot;,&quot;copyright&quot;:&quot;&quot;,&quot;focal_length&quot;:&quot;0&quot;,&quot;iso&quot;:&quot;0&quot;,&quot;shutter_speed&quot;:&quot;0&quot;,&quot;title&quot;:&quot;&quot;,&quot;orientation&quot;:&quot;0&quot;,&quot;alt&quot;:&quot;&quot;}\" data-image-title=\"Galerie\" data-image-description=\"\" data-image-caption=\"\" data-large-file=\"https:\/\/i0.wp.com\/www.light-style.eu\/Blog\/wp-content\/uploads\/2026\/09\/Galerie.png?fit=1170%2C597&amp;ssl=1\" src=\"https:\/\/i0.wp.com\/www.light-style.eu\/Blog\/wp-content\/uploads\/2026\/09\/Galerie.png?resize=1170%2C597&#038;ssl=1\" alt=\"\" class=\"wp-image-11501\" srcset=\"https:\/\/i0.wp.com\/www.light-style.eu\/Blog\/wp-content\/uploads\/2026\/09\/Galerie.png?resize=2000%2C1021&amp;ssl=1 2000w, https:\/\/i0.wp.com\/www.light-style.eu\/Blog\/wp-content\/uploads\/2026\/09\/Galerie.png?resize=600%2C306&amp;ssl=1 600w, https:\/\/i0.wp.com\/www.light-style.eu\/Blog\/wp-content\/uploads\/2026\/09\/Galerie.png?resize=768%2C392&amp;ssl=1 768w, https:\/\/i0.wp.com\/www.light-style.eu\/Blog\/wp-content\/uploads\/2026\/09\/Galerie.png?resize=1536%2C784&amp;ssl=1 1536w, https:\/\/i0.wp.com\/www.light-style.eu\/Blog\/wp-content\/uploads\/2026\/09\/Galerie.png?resize=2048%2C1045&amp;ssl=1 2048w, https:\/\/i0.wp.com\/www.light-style.eu\/Blog\/wp-content\/uploads\/2026\/09\/Galerie.png?w=2340&amp;ssl=1 2340w\" sizes=\"auto, (max-width: 1170px) 100vw, 1170px\" \/><\/figure>\n\n\n\n<h3 class=\"wp-block-heading has-large-font-size\">&#x2764;&#xfe0f; Euer Lieblingsbild finden \u2013 ganz in Ruhe<\/h3>\n\n\n\n<p class=\"has-medium-font-size wp-block-paragraph\">Gerade wenn bei einem Shooting viele sch\u00f6ne Bilder entstanden sind, ist es manchmal gar nicht so einfach, sich sofort zu entscheiden.<\/p>\n\n\n\n<p class=\"has-medium-font-size wp-block-paragraph\">In der Galerie k\u00f6nnt Ihr deshalb Eure <strong>Favoriten markieren<\/strong> und Euch anschlie\u00dfend auch ausschlie\u00dflich diese Auswahl anzeigen lassen.<\/p>\n\n\n\n<p class=\"has-medium-font-size wp-block-paragraph\">So k\u00f6nnt Ihr Euch beispielsweise abends gem\u00fctlich mit einer Tasse Kaffee hinsetzen und Eure Fotos noch einmal in Ruhe durchsehen.<\/p>\n\n\n\n<p class=\"has-medium-font-size wp-block-paragraph\">Kein Zeitdruck.<br \/>Kein kleines Vorschaubild auf dem Handy.<br \/>Einfach Fotos anschauen und \u00fcberlegen:<\/p>\n\n\n\n<p class=\"has-medium-font-size wp-block-paragraph\"><strong>\u201eWelches ist mein Lieblingsbild?\u201c<\/strong><\/p>\n\n\n\n<p class=\"has-medium-font-size wp-block-paragraph\">Und wenn Ihr Euch entschieden habt, k\u00f6nnt Ihr Eure Auswahl direkt \u00fcber die Galerie zur Bestellung \u00fcbermitteln. Dabei wird Euch auch der aktuelle Preis Eurer Auswahl angezeigt.<\/p>\n\n\n\n<h3 class=\"wp-block-heading has-medium-font-size\">&#x1f5bc;&#xfe0f; Und vielleicht ist ja sogar ein Bild f\u00fcr die Wand dabei &#8230;<\/h3>\n\n\n<div class=\"wp-block-image\">\n<figure class=\"aligncenter size-full is-resized\"><img data-recalc-dims=\"1\" loading=\"lazy\" decoding=\"async\" width=\"800\" height=\"1200\" data-attachment-id=\"6310\" data-permalink=\"https:\/\/www.light-style.eu\/Blog\/frohe-weihnachten-einen-guten-start-in-2022\/unbenannte-fotosession21-356\/#main\" data-orig-file=\"https:\/\/i0.wp.com\/www.light-style.eu\/Blog\/wp-content\/uploads\/2021\/12\/unbenannte-Fotosession21-356.jpg?fit=800%2C1200&amp;ssl=1\" data-orig-size=\"800,1200\" data-comments-opened=\"1\" data-image-meta=\"{&quot;aperture&quot;:&quot;0&quot;,&quot;credit&quot;:&quot;Fotostudio Light-Style\\rAndi Moel&quot;,&quot;camera&quot;:&quot;&quot;,&quot;caption&quot;:&quot;&quot;,&quot;created_timestamp&quot;:&quot;0&quot;,&quot;copyright&quot;:&quot;www.light-style.eu&quot;,&quot;focal_length&quot;:&quot;0&quot;,&quot;iso&quot;:&quot;0&quot;,&quot;shutter_speed&quot;:&quot;0&quot;,&quot;title&quot;:&quot;&quot;,&quot;orientation&quot;:&quot;0&quot;}\" data-image-title=\"unbenannte Fotosession21-356\" data-image-description=\"\" data-image-caption=\"\" data-large-file=\"https:\/\/i0.wp.com\/www.light-style.eu\/Blog\/wp-content\/uploads\/2021\/12\/unbenannte-Fotosession21-356.jpg?fit=800%2C1200&amp;ssl=1\" src=\"https:\/\/i0.wp.com\/www.light-style.eu\/Blog\/wp-content\/uploads\/2021\/12\/unbenannte-Fotosession21-356.jpg?resize=800%2C1200&#038;ssl=1\" alt=\"\" class=\"wp-image-6310\" style=\"width:490px;height:auto\" srcset=\"https:\/\/i0.wp.com\/www.light-style.eu\/Blog\/wp-content\/uploads\/2021\/12\/unbenannte-Fotosession21-356.jpg?w=800&amp;ssl=1 800w, https:\/\/i0.wp.com\/www.light-style.eu\/Blog\/wp-content\/uploads\/2021\/12\/unbenannte-Fotosession21-356.jpg?resize=400%2C600&amp;ssl=1 400w, https:\/\/i0.wp.com\/www.light-style.eu\/Blog\/wp-content\/uploads\/2021\/12\/unbenannte-Fotosession21-356.jpg?resize=768%2C1152&amp;ssl=1 768w\" sizes=\"auto, (max-width: 800px) 100vw, 800px\" \/><\/figure>\n<\/div>\n\n\n<p class=\"has-medium-font-size wp-block-paragraph\">Vielleicht entdeckt Ihr beim Durchsehen ein Foto, das Euch damals schon gefallen hat.<\/p>\n\n\n\n<p class=\"has-medium-font-size wp-block-paragraph\">Oder Ihr findet ein Bild, das Ihr inzwischen v\u00f6llig anders betrachtet.<\/p>\n\n\n\n<p class=\"has-medium-font-size wp-block-paragraph\">Vielleicht denkt Ihr beim Durchbl\u00e4ttern sogar:<\/p>\n\n\n\n<p class=\"has-medium-font-size wp-block-paragraph\"><strong>\u201eWarum h\u00e4ngt DAS eigentlich noch nicht bei uns an der Wand?\u201c<\/strong><\/p>\n\n\n\n<p class=\"has-medium-font-size wp-block-paragraph\">Auch daf\u00fcr ist die Galerie vorbereitet.<\/p>\n\n\n\n<p class=\"has-medium-font-size wp-block-paragraph\">Bei entsprechend freigeschalteten Galerien kann ein Lieblingsfoto direkt f\u00fcr ein <strong>Wandbild bzw. Poster<\/strong> angefragt werden. Die verf\u00fcgbaren Formate und Preise k\u00f6nnen dabei ebenfalls angezeigt werden.<\/p>\n\n\n\n<p class=\"has-medium-font-size wp-block-paragraph\">Und genau das finde ich pers\u00f6nlich besonders sch\u00f6n:<br \/>Aus einem Foto, das vielleicht jahrelang irgendwo auf einer Festplatte gelegen hat, kann wieder etwas entstehen, das Ihr jeden Tag seht.<\/p>\n\n\n\n<p class=\"wp-block-paragraph\"><\/p>\n\n\n\n<p class=\"has-medium-font-size wp-block-paragraph\">Und wenn Eure Galerie f\u00fcr Downloads freigeschaltet ist, k\u00f6nnen die bestellten Fotos anschlie\u00dfend auch gesammelt als <strong>ZIP-Datei<\/strong> heruntergeladen werden.<\/p>\n\n\n\n<h2 class=\"wp-block-heading has-medium-font-size\">&#x1f510; Eure Fotos bleiben dabei gesch\u00fctzt<\/h2>\n\n\n\n<p class=\"wp-block-paragraph\">Auch wenn die Galerie online erreichbar ist, bedeutet das nat\u00fcrlich nicht, dass Eure Originalfotos einfach frei im Internet herumliegen.<\/p>\n\n\n\n<p class=\"wp-block-paragraph\">Die gro\u00dfen Bildansichten und Originaldateien werden gesch\u00fctzt ausgeliefert. <\/p>\n\n\n\n<p class=\"wp-block-paragraph\">Ihr bekommt also einen pers\u00f6nlichen Zugang zu Eurer Galerie und k\u00f6nnt Eure Bilder dort in Ruhe anschauen.<\/p>\n\n\n\n<hr class=\"wp-block-separator has-alpha-channel-opacity\"\/>\n\n\n\n<h1 class=\"wp-block-heading\">&#x1f449; Ihr wart schon einmal bei mir zum Shooting?<\/h1>\n\n\n\n<p class=\"has-medium-font-size wp-block-paragraph\">Dann lasst uns doch einmal schauen, was von damals noch vorhanden ist!<\/p>\n\n\n\n<p class=\"has-medium-font-size wp-block-paragraph\"><strong>Wenn Ihr Lust habt, Eure alten Fotos noch einmal komplett durchzusehen, schreibt mir einfach eine kurze E-Mail.<\/strong><\/p>\n\n\n\n<p class=\"has-medium-font-size wp-block-paragraph\">Schreibt mir am besten:<\/p>\n\n\n\n<ul class=\"wp-block-list\">\n<li class=\"has-medium-font-size\">Euren <strong>Namen<\/strong><\/li>\n\n\n\n<li class=\"has-medium-font-size\">ungef\u00e4hr, <strong>wann das Shooting stattgefunden hat<\/strong><\/li>\n\n\n\n<li class=\"has-medium-font-size\">und um welches <strong>Shooting<\/strong> es sich gehandelt hat.<\/li>\n<\/ul>\n\n\n\n<p class=\"has-medium-font-size wp-block-paragraph\">Ich schaue dann nach, ob die entsprechenden Fotos noch vorhanden sind und ob ich daraus eine Galerie erstellen kann.<\/p>\n\n\n<div class=\"wp-block-image\">\n<figure class=\"aligncenter size-large is-resized\"><img data-recalc-dims=\"1\" loading=\"lazy\" decoding=\"async\" width=\"800\" height=\"1200\" data-attachment-id=\"3398\" data-permalink=\"https:\/\/www.light-style.eu\/Blog\/unser-neuestes-schmuckstueck\/b18p0102-29\/#main\" data-orig-file=\"https:\/\/i0.wp.com\/www.light-style.eu\/Blog\/wp-content\/uploads\/2018\/03\/B18P0102-29.jpg?fit=800%2C1200&amp;ssl=1\" data-orig-size=\"800,1200\" data-comments-opened=\"1\" data-image-meta=\"{&quot;aperture&quot;:&quot;0&quot;,&quot;credit&quot;:&quot;Fotostudio Light-Style,Andi Moel&quot;,&quot;camera&quot;:&quot;&quot;,&quot;caption&quot;:&quot;&quot;,&quot;created_timestamp&quot;:&quot;0&quot;,&quot;copyright&quot;:&quot;www.light-style.eu&quot;,&quot;focal_length&quot;:&quot;0&quot;,&quot;iso&quot;:&quot;0&quot;,&quot;shutter_speed&quot;:&quot;0&quot;,&quot;title&quot;:&quot;&quot;,&quot;orientation&quot;:&quot;0&quot;}\" data-image-title=\"B18P0102-29\" data-image-description=\"\" data-image-caption=\"\" data-large-file=\"https:\/\/i0.wp.com\/www.light-style.eu\/Blog\/wp-content\/uploads\/2018\/03\/B18P0102-29.jpg?fit=800%2C1200&amp;ssl=1\" src=\"https:\/\/i0.wp.com\/www.light-style.eu\/Blog\/wp-content\/uploads\/2018\/03\/B18P0102-29.jpg?resize=800%2C1200&#038;ssl=1\" alt=\"\" class=\"wp-image-3398\" style=\"width:518px;height:auto\" srcset=\"https:\/\/i0.wp.com\/www.light-style.eu\/Blog\/wp-content\/uploads\/2018\/03\/B18P0102-29.jpg?w=800&amp;ssl=1 800w, https:\/\/i0.wp.com\/www.light-style.eu\/Blog\/wp-content\/uploads\/2018\/03\/B18P0102-29.jpg?resize=400%2C600&amp;ssl=1 400w, https:\/\/i0.wp.com\/www.light-style.eu\/Blog\/wp-content\/uploads\/2018\/03\/B18P0102-29.jpg?resize=768%2C1152&amp;ssl=1 768w\" sizes=\"auto, (max-width: 800px) 100vw, 800px\" \/><\/figure>\n<\/div>\n\n\n<h3 class=\"wp-block-heading has-medium-font-size\">&#x26a0;&#xfe0f; Wichtig: Ich kann nicht alle Galerien gleichzeitig erstellen<\/h3>\n\n\n\n<p class=\"has-medium-font-size wp-block-paragraph\">Da die Galerien individuell aufbereitet werden, kann ich nat\u00fcrlich nicht innerhalb eines Tages s\u00e4mtliche vergangenen Shootings online stellen.<\/p>\n\n\n\n<p class=\"has-medium-font-size wp-block-paragraph\">Deshalb werde ich die Anfragen <strong>nach und nach abarbeiten<\/strong>.<\/p>\n\n\n\n<p class=\"has-medium-font-size wp-block-paragraph\">Es kann also sein, dass Ihr ein bisschen warten m\u00fcsst, bis Eure Galerie an der Reihe ist.<\/p>\n\n\n\n<p class=\"has-medium-font-size wp-block-paragraph\">Aber wenn die Fotos noch vorhanden sind, lohnt es sich vielleicht durchaus, sie noch einmal hervorzuholen.<\/p>\n\n\n\n<p class=\"has-medium-font-size wp-block-paragraph\">Denn wer wei\u00df &#8230;<\/p>\n\n\n\n<p class=\"has-medium-font-size wp-block-paragraph\"><strong>Vielleicht wartet auf unserer Festplatte gerade Euer neues Lieblingsfoto.<\/strong> &#x2764;&#xfe0f;<\/p>\n\n\n\n<h3 class=\"wp-block-heading has-large-font-size\">&#x1f4e9; Interesse?<\/h3>\n\n\n\n<p class=\"has-medium-font-size wp-block-paragraph\">Dann schreibt mir einfach eine kurze Mail  mit Eurem Namen und ungef\u00e4hr dem Zeitpunkt Eures damaligen Shootings. Oder eine der Bildnummern.<\/p>\n\n\n\n<p class=\"has-medium-font-size wp-block-paragraph\">Ich pr\u00fcfe,  und melde mich bei Euch.<\/p>\n\n\n\n<p class=\"has-medium-font-size wp-block-paragraph\"><strong>Also \u2013 wann habt Ihr Eure alten Fotos eigentlich das letzte Mal wirklich angesehen?<\/strong> &#x1f609;<\/p>\n\n\n\n<p class=\"has-medium-font-size wp-block-paragraph\">Vielleicht ist jetzt genau der richtige Zeitpunkt daf\u00fcr.<\/p>\n\n\n\n<p class=\"has-medium-font-size wp-block-paragraph\">So und nun mache ich mich mal startklar f\u00fcr die gro\u00dfe Fototour 2026. Ab Freitag hei\u00dft es dann Kamera im Dauerfeuer \ud83d\ude09 um Euch grandiose Fotos , diesmal aus Portugal zu pr\u00e4sentieren. Seid gespannt. Wer mir auf WhatsApp folgt, wird schon vorher das eine oder andere Highlight sehen k\u00f6nnen. \ud83d\ude42<\/p>\n\n\n\n<p class=\"has-text-align-right wp-block-paragraph\">Euer Andi<\/p>\n<div style='text-align:center' class='yasr-auto-insert-visitor'><!--Yasr Visitor Votes Shortcode--><div id='yasr_visitor_votes_4aaa47d291563' class='yasr-visitor-votes'><div class=\"yasr-custom-text-vv-before yasr-custom-text-vv-before-11498\">Hat es Dir gefallen?<\/div><div id='yasr-vv-second-row-container-4aaa47d291563'\r\n                                        class='yasr-vv-second-row-container'><div id='yasr-visitor-votes-rater-4aaa47d291563'\r\n                                      class='yasr-rater-stars-vv'\r\n                                      data-rater-postid='11498'\r\n                                      data-rating='0'\r\n                                      data-rater-starsize='32'\r\n                                      data-rater-readonly='false'\r\n                                      data-rater-nonce='3c3d6896a7'\r\n                                      data-issingular='false'\r\n                                    ><\/div><div class=\"yasr-vv-stats-text-container\" id=\"yasr-vv-stats-text-container-4aaa47d291563\"><span id=\"yasr-vv-text-container-4aaa47d291563\" class=\"yasr-vv-text-container\">[Total: <span id=\"yasr-vv-votes-number-container-4aaa47d291563\">0<\/span> Average: <span id=\"yasr-vv-average-container-4aaa47d291563\">0<\/span>]<\/span><\/div><div id='yasr-vv-loader-4aaa47d291563' class='yasr-vv-container-loader'><\/div><\/div><div id='yasr-vv-bottom-container-4aaa47d291563'\r\n                              class='yasr-vv-bottom-container'\r\n                              style='display:none'><\/div><\/div><!--End Yasr Visitor Votes Shortcode--><\/div>","protected":false},"excerpt":{"rendered":"<p>Kennt Ihr das? Man war vor einiger Zeit bei mir zum Shooting, hat tolle Fotos bekommen \u2013 und irgendwann liegen die Bilder auf dem Rechner, auf einer Festplatte oder einem USB-Stick und werden immer seltener angeschaut. Eigentlich schade, oder? &#x1f609; Denn gerade bei Fotos ist es doch so: Manche Bilder entdeckt man erst Jahre sp\u00e4ter<span class=\"post-excerpt-end\">&hellip;<\/span><\/p>\n<p class=\"more-link\"><a href=\"https:\/\/www.light-style.eu\/Blog\/eure-alten-fotos-bekommen-ein-neues-zuhause-jetzt-als-persoenliche-online-galerie\/\" class=\"themebutton\">Read More<\/a><\/p>\n","protected":false},"author":499,"featured_media":11501,"comment_status":"open","ping_status":"open","sticky":false,"template":"","format":"status","meta":{"yasr_overall_rating":0,"yasr_post_is_review":"","yasr_auto_insert_disabled":"","yasr_review_type":"","_jetpack_newsletter_access":"","_jetpack_dont_email_post_to_subs":false,"_jetpack_newsletter_tier_id":0,"_jetpack_memberships_contains_paywalled_content":false,"_jetpack_feature_clip_id":0,"_jetpack_memberships_contains_paid_content":false,"footnotes":"","jetpack_publicize_message":"","jetpack_publicize_feature_enabled":true,"jetpack_social_post_already_shared":true,"jetpack_social_options":{"image_generator_settings":{"template":"highway","default_image_id":0,"font":"","enabled":false},"version":2},"jetpack_post_was_ever_published":false},"categories":[1],"tags":[],"class_list":["post-11498","post","type-post","status-publish","format-status","has-post-thumbnail","hentry","category-allgemein","post_format-post-format-status"],"yasr_visitor_votes":{"stars_attributes":{"read_only":false,"span_bottom":false},"number_of_votes":0,"sum_votes":0},"jetpack_publicize_connections":[],"jetpack_sharing_enabled":true,"jetpack_shortlink":"https:\/\/wp.me\/p4Ojrv-2Zs","jetpack-related-posts":[{"id":2590,"url":"https:\/\/www.light-style.eu\/Blog\/scherben-bringen-glueck-highspeedfotografie\/","url_meta":{"origin":11498,"position":0},"title":"Scherben bringen Gl\u00fcck &#8211; Highspeedfotografie","author":"Andi M\u00f6ller","date":"24. Januar 2017","format":"status","excerpt":"Moin moin, ich hatte es Euch ja angek\u00fcndigt, wollte Euch an meiner kindlichen Zerst\u00f6rungswut im Studio teilhaben lassen :-D ;-) Es war mal wieder so ein Tag, an dem ich mir w\u00fcnsche das Studio w\u00e4re 3mal so gro\u00df. Aber es musste auch so gehen. Eins ganz am Anfang, wenn Ihr\u2026","rel":"","context":"In &quot;abseits des Alltags&quot;","block_context":{"text":"abseits des Alltags","link":"https:\/\/www.light-style.eu\/Blog\/category\/abseits-des-alltags\/"},"img":{"alt_text":"","src":"https:\/\/i0.wp.com\/www.light-style.eu\/Blog\/wp-content\/uploads\/2017\/01\/springendes-Glas-17.jpg?fit=1200%2C800&ssl=1&resize=350%2C200","width":350,"height":200,"srcset":"https:\/\/i0.wp.com\/www.light-style.eu\/Blog\/wp-content\/uploads\/2017\/01\/springendes-Glas-17.jpg?fit=1200%2C800&ssl=1&resize=350%2C200 1x, https:\/\/i0.wp.com\/www.light-style.eu\/Blog\/wp-content\/uploads\/2017\/01\/springendes-Glas-17.jpg?fit=1200%2C800&ssl=1&resize=525%2C300 1.5x, https:\/\/i0.wp.com\/www.light-style.eu\/Blog\/wp-content\/uploads\/2017\/01\/springendes-Glas-17.jpg?fit=1200%2C800&ssl=1&resize=700%2C400 2x, https:\/\/i0.wp.com\/www.light-style.eu\/Blog\/wp-content\/uploads\/2017\/01\/springendes-Glas-17.jpg?fit=1200%2C800&ssl=1&resize=1050%2C600 3x"},"classes":[]},{"id":5306,"url":"https:\/\/www.light-style.eu\/Blog\/erotik-abseits-kleidergroesse-34\/","url_meta":{"origin":11498,"position":1},"title":"Erotik abseits Kleidergr\u00f6\u00dfe 34","author":"Andi M\u00f6ller","date":"6. Februar 2020","format":"status","excerpt":"Moin moin, nach der Aufregung um Seehofer mit seinen idiotischen Vorschl\u00e4gen zu Passfotos und unserem erfolgreichen Aufschrei in der Branche, geht es heute mal wieder um die anspruchsvolle Fotografie. Junge, schlanke, bildh\u00fcbsche M\u00e4dchen abzulichten ist ja recht einfach, gerade dann, wenn sie es gewohnt sind vor dem Handy oder Kamera\u2026","rel":"","context":"In &quot;Aktfotos&quot;","block_context":{"text":"Aktfotos","link":"https:\/\/www.light-style.eu\/Blog\/category\/aktfotos\/"},"img":{"alt_text":"","src":"https:\/\/i0.wp.com\/www.light-style.eu\/Blog\/wp-content\/uploads\/2020\/02\/A20T0101-150.jpg?fit=1200%2C800&ssl=1&resize=350%2C200","width":350,"height":200,"srcset":"https:\/\/i0.wp.com\/www.light-style.eu\/Blog\/wp-content\/uploads\/2020\/02\/A20T0101-150.jpg?fit=1200%2C800&ssl=1&resize=350%2C200 1x, https:\/\/i0.wp.com\/www.light-style.eu\/Blog\/wp-content\/uploads\/2020\/02\/A20T0101-150.jpg?fit=1200%2C800&ssl=1&resize=525%2C300 1.5x, https:\/\/i0.wp.com\/www.light-style.eu\/Blog\/wp-content\/uploads\/2020\/02\/A20T0101-150.jpg?fit=1200%2C800&ssl=1&resize=700%2C400 2x, https:\/\/i0.wp.com\/www.light-style.eu\/Blog\/wp-content\/uploads\/2020\/02\/A20T0101-150.jpg?fit=1200%2C800&ssl=1&resize=1050%2C600 3x"},"classes":[]},{"id":2804,"url":"https:\/\/www.light-style.eu\/Blog\/hundeportraets-mehr-als-langweilige-fotos\/","url_meta":{"origin":11498,"position":2},"title":"Hundeportr\u00e4ts &#8211; mehr als langweilige Fotos","author":"Andi M\u00f6ller","date":"20. Juni 2017","format":"status","excerpt":"w\u00fcnsche euch einen traumhaften Sonnentag, heute melde ich mich mal wieder mit Fotos aus dem Bereich Haustier. Diesmal standen tolle Hunde vor der Kamera, Mini Australian Shepherd. Ein junger R\u00fcde, dem steht das Freche geradezu ins Gesicht geschrieben, und eine H\u00fcndin in den besten Jahren . Mit ihren 2 farbigen\u2026","rel":"","context":"In &quot;Alles&quot;","block_context":{"text":"Alles","link":"https:\/\/www.light-style.eu\/Blog\/category\/alles\/"},"img":{"alt_text":"","src":"https:\/\/i0.wp.com\/www.light-style.eu\/Blog\/wp-content\/uploads\/2017\/06\/T17L0106-9.jpg?fit=800%2C1200&ssl=1&resize=350%2C200","width":350,"height":200,"srcset":"https:\/\/i0.wp.com\/www.light-style.eu\/Blog\/wp-content\/uploads\/2017\/06\/T17L0106-9.jpg?fit=800%2C1200&ssl=1&resize=350%2C200 1x, https:\/\/i0.wp.com\/www.light-style.eu\/Blog\/wp-content\/uploads\/2017\/06\/T17L0106-9.jpg?fit=800%2C1200&ssl=1&resize=525%2C300 1.5x, https:\/\/i0.wp.com\/www.light-style.eu\/Blog\/wp-content\/uploads\/2017\/06\/T17L0106-9.jpg?fit=800%2C1200&ssl=1&resize=700%2C400 2x"},"classes":[]},{"id":5395,"url":"https:\/\/www.light-style.eu\/Blog\/was-duerfen-fotografen-noch-in-der-krise\/","url_meta":{"origin":11498,"position":3},"title":"Was d\u00fcrfen Fotografen noch in der Krise ?","author":"Andi M\u00f6ller","date":"2. April 2020","format":"status","excerpt":"Theoretisch genau das Gleiche wie vor der Corona-Krise. Theoretisch arbeiten wir genauso wie vorher. Theoretisch k\u00f6nnten wir auf Soforthilfen verzichten. Wenn alle unter einem Dach wohnen , sind auch Familien kein Problem Alle Theorie ist grau. Auch wenn wir offiziell unsere Studios nicht wegen der Seuche schlie\u00dfen m\u00fcssen, ereilt uns\u2026","rel":"","context":"In &quot;abseits des Alltags&quot;","block_context":{"text":"abseits des Alltags","link":"https:\/\/www.light-style.eu\/Blog\/category\/abseits-des-alltags\/"},"img":{"alt_text":"","src":"https:\/\/i0.wp.com\/www.light-style.eu\/Blog\/wp-content\/uploads\/2020\/04\/PoH0107-21-von-53-Bearbeitet.jpg?fit=1200%2C800&ssl=1&resize=350%2C200","width":350,"height":200,"srcset":"https:\/\/i0.wp.com\/www.light-style.eu\/Blog\/wp-content\/uploads\/2020\/04\/PoH0107-21-von-53-Bearbeitet.jpg?fit=1200%2C800&ssl=1&resize=350%2C200 1x, https:\/\/i0.wp.com\/www.light-style.eu\/Blog\/wp-content\/uploads\/2020\/04\/PoH0107-21-von-53-Bearbeitet.jpg?fit=1200%2C800&ssl=1&resize=525%2C300 1.5x, https:\/\/i0.wp.com\/www.light-style.eu\/Blog\/wp-content\/uploads\/2020\/04\/PoH0107-21-von-53-Bearbeitet.jpg?fit=1200%2C800&ssl=1&resize=700%2C400 2x, https:\/\/i0.wp.com\/www.light-style.eu\/Blog\/wp-content\/uploads\/2020\/04\/PoH0107-21-von-53-Bearbeitet.jpg?fit=1200%2C800&ssl=1&resize=1050%2C600 3x"},"classes":[]},{"id":5504,"url":"https:\/\/www.light-style.eu\/Blog\/hochzeit-trotz-corona-es-funktioniert\/","url_meta":{"origin":11498,"position":4},"title":"Hochzeit trotz Corona &#8211; es funktioniert","author":"Andi M\u00f6ller","date":"30. Mai 2020","format":"status","excerpt":"Heute gehe ich mal einen ganz anderen Weg. Ich dachte mir, immer nur Fotos ist ja langweilig ;-) Also habe ich das Thema Hochzeiten in Zeiten von Corona genutzt, um Euch dies per Diashow zu pr\u00e4sentieren. Mitten im Shutdown, haben Anna und Ralf ihren Hochzeitstermin gehabt, und zumindest den Standesamt-Termin\u2026","rel":"","context":"In &quot;abseits des Alltags&quot;","block_context":{"text":"abseits des Alltags","link":"https:\/\/www.light-style.eu\/Blog\/category\/abseits-des-alltags\/"},"img":{"alt_text":"","src":"https:\/\/i0.wp.com\/www.light-style.eu\/Blog\/wp-content\/uploads\/2020\/05\/H20K0105-368.jpg?fit=1200%2C800&ssl=1&resize=350%2C200","width":350,"height":200,"srcset":"https:\/\/i0.wp.com\/www.light-style.eu\/Blog\/wp-content\/uploads\/2020\/05\/H20K0105-368.jpg?fit=1200%2C800&ssl=1&resize=350%2C200 1x, https:\/\/i0.wp.com\/www.light-style.eu\/Blog\/wp-content\/uploads\/2020\/05\/H20K0105-368.jpg?fit=1200%2C800&ssl=1&resize=525%2C300 1.5x, https:\/\/i0.wp.com\/www.light-style.eu\/Blog\/wp-content\/uploads\/2020\/05\/H20K0105-368.jpg?fit=1200%2C800&ssl=1&resize=700%2C400 2x, https:\/\/i0.wp.com\/www.light-style.eu\/Blog\/wp-content\/uploads\/2020\/05\/H20K0105-368.jpg?fit=1200%2C800&ssl=1&resize=1050%2C600 3x"},"classes":[]},{"id":1314,"url":"https:\/\/www.light-style.eu\/Blog\/kuehler-herbst-heisse-fotos\/","url_meta":{"origin":11498,"position":5},"title":"K\u00fchler Herbst &#8212; hei\u00dfe Fotos","author":"Andi M\u00f6ller","date":"11. September 2015","format":false,"excerpt":"Moin, moin, Jetzt wo es drau\u00dfen doch nun etwas abgek\u00fchlt hat, wird es\u00a0 im Studio etwas hei\u00dfer ;-) Wer sagt, dass nur junge Frauen tolle Aktfotos bekommen k\u00f6nnen? Hier pr\u00e4sentiere ich Euch Fotos aus der Kathegorie 50+ . Und nein, es sind keine Photoshop Kreationen. In PS wurde lediglich, Kontrast\u2026","rel":"","context":"In &quot;Allgemein&quot;","block_context":{"text":"Allgemein","link":"https:\/\/www.light-style.eu\/Blog\/category\/allgemein\/"},"img":{"alt_text":"A15H0109--241","src":"https:\/\/i0.wp.com\/www.light-style.eu\/Blog\/wp-content\/uploads\/2015\/09\/A15H0109-241-200x300.jpg?resize=350%2C200&ssl=1","width":350,"height":200},"classes":[]}],"jetpack_featured_media_url":"https:\/\/i0.wp.com\/www.light-style.eu\/Blog\/wp-content\/uploads\/2026\/09\/Galerie.png?fit=2486%2C1269&ssl=1","_links":{"self":[{"href":"https:\/\/www.light-style.eu\/Blog\/wp-json\/wp\/v2\/posts\/11498","targetHints":{"allow":["GET"]}}],"collection":[{"href":"https:\/\/www.light-style.eu\/Blog\/wp-json\/wp\/v2\/posts"}],"about":[{"href":"https:\/\/www.light-style.eu\/Blog\/wp-json\/wp\/v2\/types\/post"}],"author":[{"embeddable":true,"href":"https:\/\/www.light-style.eu\/Blog\/wp-json\/wp\/v2\/users\/499"}],"replies":[{"embeddable":true,"href":"https:\/\/www.light-style.eu\/Blog\/wp-json\/wp\/v2\/comments?post=11498"}],"version-history":[{"count":3,"href":"https:\/\/www.light-style.eu\/Blog\/wp-json\/wp\/v2\/posts\/11498\/revisions"}],"predecessor-version":[{"id":11502,"href":"https:\/\/www.light-style.eu\/Blog\/wp-json\/wp\/v2\/posts\/11498\/revisions\/11502"}],"wp:featuredmedia":[{"embeddable":true,"href":"https:\/\/www.light-style.eu\/Blog\/wp-json\/wp\/v2\/media\/11501"}],"wp:attachment":[{"href":"https:\/\/www.light-style.eu\/Blog\/wp-json\/wp\/v2\/media?parent=11498"}],"wp:term":[{"taxonomy":"category","embeddable":true,"href":"https:\/\/www.light-style.eu\/Blog\/wp-json\/wp\/v2\/categories?post=11498"},{"taxonomy":"post_tag","embeddable":true,"href":"https:\/\/www.light-style.eu\/Blog\/wp-json\/wp\/v2\/tags?post=11498"}],"curies":[{"name":"wp","href":"https:\/\/api.w.org\/{rel}","templated":true}]}}