{"id":1314,"date":"2015-09-11T18:54:23","date_gmt":"2015-09-11T16:54:23","guid":{"rendered":"http:\/\/www.light-style.eu\/Blog\/?p=1314"},"modified":"2020-02-06T10:48:58","modified_gmt":"2020-02-06T09:48:58","slug":"kuehler-herbst-heisse-fotos","status":"publish","type":"post","link":"https:\/\/www.light-style.eu\/Blog\/kuehler-herbst-heisse-fotos\/","title":{"rendered":"K\u00fchler Herbst &#8212; hei\u00dfe Fotos"},"content":{"rendered":"<p>Moin, moin,<\/p>\n<p>Jetzt wo es drau\u00dfen doch nun etwas abgek\u00fchlt hat, wird es&nbsp; im Studio etwas hei\u00dfer \ud83d\ude09<\/p>\n<div id=\"attachment_1318\" style=\"width: 210px\" class=\"wp-caption aligncenter\"><a href=\"https:\/\/i0.wp.com\/www.light-style.eu\/Blog\/wp-content\/uploads\/2015\/09\/A15H0109-241.jpg?ssl=1\"><img data-recalc-dims=\"1\" loading=\"lazy\" decoding=\"async\" aria-describedby=\"caption-attachment-1318\" data-attachment-id=\"1318\" data-permalink=\"https:\/\/www.light-style.eu\/Blog\/kuehler-herbst-heisse-fotos\/a15h0109-241\/#main\" data-orig-file=\"https:\/\/i0.wp.com\/www.light-style.eu\/Blog\/wp-content\/uploads\/2015\/09\/A15H0109-241.jpg?fit=1067%2C1600&amp;ssl=1\" data-orig-size=\"1067,1600\" data-comments-opened=\"1\" data-image-meta=\"{&quot;aperture&quot;:&quot;11&quot;,&quot;credit&quot;:&quot;Andi M\\u00f6ller&quot;,&quot;camera&quot;:&quot;Canon EOS 5D Mark II&quot;,&quot;caption&quot;:&quot;&quot;,&quot;created_timestamp&quot;:&quot;1441468811&quot;,&quot;copyright&quot;:&quot;photostudio Light-Style&quot;,&quot;focal_length&quot;:&quot;75&quot;,&quot;iso&quot;:&quot;100&quot;,&quot;shutter_speed&quot;:&quot;0.008&quot;,&quot;title&quot;:&quot;&quot;,&quot;orientation&quot;:&quot;1&quot;}\" data-image-title=\"A15H0109&amp;#8211;241\" data-image-description=\"\" data-image-caption=\"\" data-large-file=\"https:\/\/i0.wp.com\/www.light-style.eu\/Blog\/wp-content\/uploads\/2015\/09\/A15H0109-241.jpg?fit=800%2C1200&amp;ssl=1\" class=\"wp-image-1318 size-medium\" src=\"https:\/\/i0.wp.com\/www.light-style.eu\/Blog\/wp-content\/uploads\/2015\/09\/A15H0109-241.jpg?resize=200%2C300&#038;ssl=1\" alt=\"A15H0109--241\" width=\"200\" height=\"300\"\/><\/a><p id=\"caption-attachment-1318\" class=\"wp-caption-text\">Eins meiner absoluten Lieblingsfotos aus der Serie<\/p><\/div>\n<p>Wer sagt, dass nur junge Frauen tolle Aktfotos bekommen k\u00f6nnen? Hier pr\u00e4sentiere ich Euch Fotos aus der Kathegorie 50+ . Und nein, es sind keine Photoshop Kreationen. In PS wurde lediglich, Kontrast und kleine Farbanpassungen gemacht, sowie ein paar st\u00f6rende Leberflecken entfernt. Sowie bei dem ein oder anderen Bild der Hintergrund angepasst. \u00dc50 ist kein Grund nicht auch tolle Fotos zu bekommen!<\/p>\n<p>Und wieder mal eine &#8222;normale &#8220; Frau, kein Model. Niemand der es gewohnt ist vor der Kamera zu stehen. Eben die Frau aus der Nachbarschaft.<\/p>\n<p><a href=\"https:\/\/i0.wp.com\/www.light-style.eu\/Blog\/wp-content\/uploads\/2015\/09\/A15H0109-86-Bearbeitet-sw.jpg?ssl=1\"><img data-recalc-dims=\"1\" loading=\"lazy\" decoding=\"async\" data-attachment-id=\"1319\" data-permalink=\"https:\/\/www.light-style.eu\/Blog\/kuehler-herbst-heisse-fotos\/a15h0109-86-bearbeitet-sw\/#main\" data-orig-file=\"https:\/\/i0.wp.com\/www.light-style.eu\/Blog\/wp-content\/uploads\/2015\/09\/A15H0109-86-Bearbeitet-sw.jpg?fit=800%2C1200&amp;ssl=1\" data-orig-size=\"800,1200\" data-comments-opened=\"1\" data-image-meta=\"{&quot;aperture&quot;:&quot;13&quot;,&quot;credit&quot;:&quot;Andi M\\u00f6ller&quot;,&quot;camera&quot;:&quot;Canon EOS 5D Mark II&quot;,&quot;caption&quot;:&quot;&quot;,&quot;created_timestamp&quot;:&quot;1441457117&quot;,&quot;copyright&quot;:&quot;photostudio Light-Style&quot;,&quot;focal_length&quot;:&quot;67&quot;,&quot;iso&quot;:&quot;100&quot;,&quot;shutter_speed&quot;:&quot;0.008&quot;,&quot;title&quot;:&quot;&quot;,&quot;orientation&quot;:&quot;1&quot;}\" data-image-title=\"A15H0109&amp;#8211;86-Bearbeitet sw\" data-image-description=\"\" data-image-caption=\"\" data-large-file=\"https:\/\/i0.wp.com\/www.light-style.eu\/Blog\/wp-content\/uploads\/2015\/09\/A15H0109-86-Bearbeitet-sw.jpg?fit=800%2C1200&amp;ssl=1\" class=\"aligncenter size-medium wp-image-1319\" src=\"https:\/\/i0.wp.com\/www.light-style.eu\/Blog\/wp-content\/uploads\/2015\/09\/A15H0109-86-Bearbeitet-sw.jpg?resize=200%2C300&#038;ssl=1\" alt=\"A15H0109--86-Bearbeitet sw\" width=\"200\" height=\"300\"\/><\/a><\/p>\n<p>Dies ist nur ein kleiner Vorgeschmack, was ich Euch demn\u00e4chst hier noch pr\u00e4sentiere. Ich bin dieses Mal auch von den &#8222;braven&#8220; Fotos etwas abgewichen, aber immer noch \u00e4sthetisch beblieben, denn das ist was ich mag: Erotik die stilvoll ist und das Kopfkino anregt ohne zuviel zu zeigen. Wie immer freue ich mich nat\u00fcrlich, wenn Ihr mir Eure Gedanken zu den Fotos mitteilt.<\/p>\n<div id=\"attachment_1320\" style=\"width: 310px\" class=\"wp-caption aligncenter\"><a href=\"https:\/\/i0.wp.com\/www.light-style.eu\/Blog\/wp-content\/uploads\/2015\/09\/Heidi-1.jpg?ssl=1\"><img data-recalc-dims=\"1\" loading=\"lazy\" decoding=\"async\" aria-describedby=\"caption-attachment-1320\" data-attachment-id=\"1320\" data-permalink=\"https:\/\/www.light-style.eu\/Blog\/kuehler-herbst-heisse-fotos\/heidi-1\/#main\" data-orig-file=\"https:\/\/i0.wp.com\/www.light-style.eu\/Blog\/wp-content\/uploads\/2015\/09\/Heidi-1.jpg?fit=1200%2C800&amp;ssl=1\" data-orig-size=\"1200,800\" data-comments-opened=\"1\" data-image-meta=\"{&quot;aperture&quot;:&quot;10&quot;,&quot;credit&quot;:&quot;Andi M\\u00f6ller&quot;,&quot;camera&quot;:&quot;Canon EOS 5D Mark II&quot;,&quot;caption&quot;:&quot;&quot;,&quot;created_timestamp&quot;:&quot;1441459402&quot;,&quot;copyright&quot;:&quot;photostudio Light-Style&quot;,&quot;focal_length&quot;:&quot;163&quot;,&quot;iso&quot;:&quot;100&quot;,&quot;shutter_speed&quot;:&quot;0.008&quot;,&quot;title&quot;:&quot;&quot;,&quot;orientation&quot;:&quot;1&quot;}\" data-image-title=\"Heidi 1\" data-image-description=\"\" data-image-caption=\"\" data-large-file=\"https:\/\/i0.wp.com\/www.light-style.eu\/Blog\/wp-content\/uploads\/2015\/09\/Heidi-1.jpg?fit=1170%2C780&amp;ssl=1\" class=\"wp-image-1320 size-medium\" src=\"https:\/\/i0.wp.com\/www.light-style.eu\/Blog\/wp-content\/uploads\/2015\/09\/Heidi-1.jpg?resize=300%2C200&#038;ssl=1\" alt=\"Heidi 1\" width=\"300\" height=\"200\"\/><\/a><p id=\"caption-attachment-1320\" class=\"wp-caption-text\">frech? provokativ? frivol?&#8230;.. ja \ud83d\ude09 und doch \u00e4sthetisch<\/p><\/div>\n<p>Jetzt wo es ganz langsam auf Weihnachten zu geht, steht ja auch wieder die Frage: Was verschenke ich, im Raum.&nbsp; Vielleicht ist ja mal ein Gutschein f\u00fcr ein tolles Fotoshooting oder ein paar tolle erotische Fotos genau das richtige Geschenk in der kalten Winterzeit. Nat\u00fcrlich sind auch erotische Partnerbilder m\u00f6glich, also als Paar.<\/p>\n<p>Preise und Infos findet ihr in unserer <a href=\"https:\/\/www.light-style.eu\/Blog\/?p=684\" target=\"_blank\" rel=\"noopener noreferrer\">Infobrosch\u00fcre.<\/a><\/p>\n<p><a href=\"https:\/\/i0.wp.com\/www.light-style.eu\/Blog\/wp-content\/uploads\/2015\/09\/Heidi-2.jpg?ssl=1\"><img data-recalc-dims=\"1\" loading=\"lazy\" decoding=\"async\" data-attachment-id=\"1323\" data-permalink=\"https:\/\/www.light-style.eu\/Blog\/kuehler-herbst-heisse-fotos\/heidi-2\/#main\" data-orig-file=\"https:\/\/i0.wp.com\/www.light-style.eu\/Blog\/wp-content\/uploads\/2015\/09\/Heidi-2.jpg?fit=800%2C1200&amp;ssl=1\" data-orig-size=\"800,1200\" data-comments-opened=\"1\" data-image-meta=\"{&quot;aperture&quot;:&quot;10&quot;,&quot;credit&quot;:&quot;Andi M\\u00f6ller&quot;,&quot;camera&quot;:&quot;Canon EOS 5D Mark II&quot;,&quot;caption&quot;:&quot;&quot;,&quot;created_timestamp&quot;:&quot;1441460392&quot;,&quot;copyright&quot;:&quot;photostudio Light-Style&quot;,&quot;focal_length&quot;:&quot;47&quot;,&quot;iso&quot;:&quot;100&quot;,&quot;shutter_speed&quot;:&quot;0.008&quot;,&quot;title&quot;:&quot;&quot;,&quot;orientation&quot;:&quot;1&quot;}\" data-image-title=\"Heidi 2\" data-image-description=\"\" data-image-caption=\"\" data-large-file=\"https:\/\/i0.wp.com\/www.light-style.eu\/Blog\/wp-content\/uploads\/2015\/09\/Heidi-2.jpg?fit=800%2C1200&amp;ssl=1\" class=\"aligncenter size-medium wp-image-1323\" src=\"https:\/\/i0.wp.com\/www.light-style.eu\/Blog\/wp-content\/uploads\/2015\/09\/Heidi-2.jpg?resize=200%2C300&#038;ssl=1\" alt=\"Heidi 2\" width=\"200\" height=\"300\"\/><\/a>Mehr dazu gibt es dann n\u00e4chste Woche hier \ud83d\ude09<\/p>\n<p><a href=\"https:\/\/i0.wp.com\/www.light-style.eu\/Blog\/wp-content\/uploads\/2015\/09\/A15H0109-229-Bearbeitet-Kopie.jpg?ssl=1\"><img data-recalc-dims=\"1\" loading=\"lazy\" decoding=\"async\" data-attachment-id=\"1321\" data-permalink=\"https:\/\/www.light-style.eu\/Blog\/kuehler-herbst-heisse-fotos\/a15h0109-229-bearbeitet-kopie\/#main\" data-orig-file=\"https:\/\/i0.wp.com\/www.light-style.eu\/Blog\/wp-content\/uploads\/2015\/09\/A15H0109-229-Bearbeitet-Kopie.jpg?fit=1200%2C800&amp;ssl=1\" data-orig-size=\"1200,800\" data-comments-opened=\"1\" data-image-meta=\"{&quot;aperture&quot;:&quot;10&quot;,&quot;credit&quot;:&quot;Andi M\\u00f6ller&quot;,&quot;camera&quot;:&quot;Canon EOS 5D Mark II&quot;,&quot;caption&quot;:&quot;&quot;,&quot;created_timestamp&quot;:&quot;1441468104&quot;,&quot;copyright&quot;:&quot;photostudio Light-Style&quot;,&quot;focal_length&quot;:&quot;100&quot;,&quot;iso&quot;:&quot;100&quot;,&quot;shutter_speed&quot;:&quot;0.008&quot;,&quot;title&quot;:&quot;&quot;,&quot;orientation&quot;:&quot;1&quot;}\" data-image-title=\"A15H0109&amp;#8211;229-Bearbeitet Kopie\" data-image-description=\"\" data-image-caption=\"\" data-large-file=\"https:\/\/i0.wp.com\/www.light-style.eu\/Blog\/wp-content\/uploads\/2015\/09\/A15H0109-229-Bearbeitet-Kopie.jpg?fit=1170%2C780&amp;ssl=1\" class=\"aligncenter wp-image-1321 size-large\" src=\"https:\/\/i0.wp.com\/www.light-style.eu\/Blog\/wp-content\/uploads\/2015\/09\/A15H0109-229-Bearbeitet-Kopie.jpg?resize=610%2C407&#038;ssl=1\" alt=\"A15H0109--229-Bearbeitet Kopie\" width=\"610\" height=\"407\"\/><\/a><\/p>\n<p>Euch ein tolles Wochenende,<\/p>\n<p><a href=\"https:\/\/i0.wp.com\/www.light-style.eu\/Blog\/wp-content\/uploads\/2015\/09\/A15H0109-32-Bearbeitet-Kopie.jpg?ssl=1\"><img data-recalc-dims=\"1\" loading=\"lazy\" decoding=\"async\" data-attachment-id=\"1326\" data-permalink=\"https:\/\/www.light-style.eu\/Blog\/kuehler-herbst-heisse-fotos\/a15h0109-32-bearbeitet-kopie\/#main\" data-orig-file=\"https:\/\/i0.wp.com\/www.light-style.eu\/Blog\/wp-content\/uploads\/2015\/09\/A15H0109-32-Bearbeitet-Kopie.jpg?fit=800%2C1200&amp;ssl=1\" data-orig-size=\"800,1200\" data-comments-opened=\"1\" data-image-meta=\"{&quot;aperture&quot;:&quot;9&quot;,&quot;credit&quot;:&quot;Andi M\\u00f6ller&quot;,&quot;camera&quot;:&quot;Canon EOS 5D Mark II&quot;,&quot;caption&quot;:&quot;&quot;,&quot;created_timestamp&quot;:&quot;1441455689&quot;,&quot;copyright&quot;:&quot;photostudio Light-Style&quot;,&quot;focal_length&quot;:&quot;80&quot;,&quot;iso&quot;:&quot;100&quot;,&quot;shutter_speed&quot;:&quot;0.008&quot;,&quot;title&quot;:&quot;&quot;,&quot;orientation&quot;:&quot;1&quot;}\" data-image-title=\"A15H0109&amp;#8211;32-Bearbeitet Kopie\" data-image-description=\"\" data-image-caption=\"\" data-large-file=\"https:\/\/i0.wp.com\/www.light-style.eu\/Blog\/wp-content\/uploads\/2015\/09\/A15H0109-32-Bearbeitet-Kopie.jpg?fit=800%2C1200&amp;ssl=1\" class=\"aligncenter size-medium wp-image-1326\" src=\"https:\/\/i0.wp.com\/www.light-style.eu\/Blog\/wp-content\/uploads\/2015\/09\/A15H0109-32-Bearbeitet-Kopie.jpg?resize=200%2C300&#038;ssl=1\" alt=\"A15H0109--32-Bearbeitet Kopie\" width=\"200\" height=\"300\"\/><\/a><\/p>\n<p>Euer Andi<\/p>\n<div style='text-align:center' class='yasr-auto-insert-visitor'><!--Yasr Visitor Votes Shortcode--><div id='yasr_visitor_votes_b5e6bc39ebd9e' class='yasr-visitor-votes'><div class=\"yasr-custom-text-vv-before yasr-custom-text-vv-before-1314\">Hat es Dir gefallen?<\/div><div id='yasr-vv-second-row-container-b5e6bc39ebd9e'\r\n                                        class='yasr-vv-second-row-container'><div id='yasr-visitor-votes-rater-b5e6bc39ebd9e'\r\n                                      class='yasr-rater-stars-vv'\r\n                                      data-rater-postid='1314'\r\n                                      data-rating='0'\r\n                                      data-rater-starsize='32'\r\n                                      data-rater-readonly='false'\r\n                                      data-rater-nonce='02ee7c0799'\r\n                                      data-issingular='false'\r\n                                    ><\/div><div class=\"yasr-vv-stats-text-container\" id=\"yasr-vv-stats-text-container-b5e6bc39ebd9e\"><span id=\"yasr-vv-text-container-b5e6bc39ebd9e\" class=\"yasr-vv-text-container\">[Total: <span id=\"yasr-vv-votes-number-container-b5e6bc39ebd9e\">0<\/span> Average: <span id=\"yasr-vv-average-container-b5e6bc39ebd9e\">0<\/span>]<\/span><\/div><div id='yasr-vv-loader-b5e6bc39ebd9e' class='yasr-vv-container-loader'><\/div><\/div><div id='yasr-vv-bottom-container-b5e6bc39ebd9e'\r\n                              class='yasr-vv-bottom-container'\r\n                              style='display:none'><\/div><\/div><!--End Yasr Visitor Votes Shortcode--><\/div>","protected":false},"excerpt":{"rendered":"<p>Moin, moin, Jetzt wo es drau\u00dfen doch nun etwas abgek\u00fchlt hat, wird es&nbsp; im Studio etwas hei\u00dfer \ud83d\ude09 Wer sagt, dass nur junge Frauen tolle Aktfotos bekommen k\u00f6nnen? Hier pr\u00e4sentiere ich Euch Fotos aus der Kathegorie 50+ . Und nein, es sind keine Photoshop Kreationen. In PS wurde lediglich, Kontrast und kleine Farbanpassungen gemacht, sowie<span class=\"post-excerpt-end\">&hellip;<\/span><\/p>\n<p class=\"more-link\"><a href=\"https:\/\/www.light-style.eu\/Blog\/kuehler-herbst-heisse-fotos\/\" class=\"themebutton\">Read More<\/a><\/p>\n","protected":false},"author":2,"featured_media":1322,"comment_status":"open","ping_status":"open","sticky":false,"template":"","format":"standard","meta":{"jetpack_post_was_ever_published":false,"yasr_overall_rating":0,"yasr_post_is_review":"","yasr_auto_insert_disabled":"","yasr_review_type":"","_jetpack_newsletter_access":"","_jetpack_dont_email_post_to_subs":false,"_jetpack_newsletter_tier_id":0,"_jetpack_memberships_contains_paywalled_content":false,"_jetpack_memberships_contains_paid_content":false,"footnotes":"","jetpack_publicize_message":"","jetpack_publicize_feature_enabled":true,"jetpack_social_post_already_shared":true,"jetpack_social_options":{"image_generator_settings":{"template":"highway","default_image_id":0,"font":"","enabled":false},"version":2}},"categories":[1],"tags":[17,74,16,34,19,293],"class_list":["post-1314","post","type-post","status-publish","format-standard","has-post-thumbnail","hentry","category-allgemein","tag-aktfotos","tag-erotik","tag-erotische-portraets","tag-frauen","tag-geschenke","tag-ue50"],"yasr_visitor_votes":{"stars_attributes":{"read_only":false,"span_bottom":false},"number_of_votes":0,"sum_votes":0},"jetpack_publicize_connections":[],"jetpack_featured_media_url":"https:\/\/i0.wp.com\/www.light-style.eu\/Blog\/wp-content\/uploads\/2015\/09\/A15H0109-86-Bearbeitet-Kopie.jpg?fit=333%2C500&ssl=1","jetpack_sharing_enabled":true,"jetpack_shortlink":"https:\/\/wp.me\/p4Ojrv-lc","jetpack-related-posts":[{"id":5306,"url":"https:\/\/www.light-style.eu\/Blog\/erotik-abseits-kleidergroesse-34\/","url_meta":{"origin":1314,"position":0},"title":"Erotik abseits Kleidergr\u00f6\u00dfe 34","author":"Andi M\u00f6ller","date":"6. Februar 2020","format":"status","excerpt":"Moin moin, nach der Aufregung um Seehofer mit seinen idiotischen Vorschl\u00e4gen zu Passfotos und unserem erfolgreichen Aufschrei in der Branche, geht es heute mal wieder um die anspruchsvolle Fotografie. Junge, schlanke, bildh\u00fcbsche M\u00e4dchen abzulichten ist ja recht einfach, gerade dann, wenn sie es gewohnt sind vor dem Handy oder Kamera\u2026","rel":"","context":"In &quot;Aktfotos&quot;","block_context":{"text":"Aktfotos","link":"https:\/\/www.light-style.eu\/Blog\/category\/aktfotos\/"},"img":{"alt_text":"","src":"https:\/\/i0.wp.com\/www.light-style.eu\/Blog\/wp-content\/uploads\/2020\/02\/A20T0101-150.jpg?fit=1200%2C800&ssl=1&resize=350%2C200","width":350,"height":200,"srcset":"https:\/\/i0.wp.com\/www.light-style.eu\/Blog\/wp-content\/uploads\/2020\/02\/A20T0101-150.jpg?fit=1200%2C800&ssl=1&resize=350%2C200 1x, https:\/\/i0.wp.com\/www.light-style.eu\/Blog\/wp-content\/uploads\/2020\/02\/A20T0101-150.jpg?fit=1200%2C800&ssl=1&resize=525%2C300 1.5x, https:\/\/i0.wp.com\/www.light-style.eu\/Blog\/wp-content\/uploads\/2020\/02\/A20T0101-150.jpg?fit=1200%2C800&ssl=1&resize=700%2C400 2x, https:\/\/i0.wp.com\/www.light-style.eu\/Blog\/wp-content\/uploads\/2020\/02\/A20T0101-150.jpg?fit=1200%2C800&ssl=1&resize=1050%2C600 3x"},"classes":[]},{"id":1338,"url":"https:\/\/www.light-style.eu\/Blog\/aktfotos-ue50-die-2\/","url_meta":{"origin":1314,"position":1},"title":"Aktfotos \u00dc50 die 2. ;-)","author":"Andi M\u00f6ller","date":"18. September 2015","format":"gallery","excerpt":"Hallo Ihr da drau\u00dfen , es ist wieder mal Freitag und daher gibts mal wieder etwas hier im Blog. Ich hatte es euch ja vor 2 Wochen versprochen oder angedroht, je nachdem wie man`s sieht ;-) Hier nun der 2. Teil der Fotos aus der Serie Aktfotos 50+, und der\u2026","rel":"","context":"In &quot;Allgemein&quot;","block_context":{"text":"Allgemein","link":"https:\/\/www.light-style.eu\/Blog\/category\/allgemein\/"},"img":{"alt_text":"","src":"https:\/\/i0.wp.com\/www.light-style.eu\/Blog\/wp-content\/uploads\/2015\/09\/A15H0109-259-Bearbeitet-Kopie.jpg?fit=500%2C333&ssl=1&resize=350%2C200","width":350,"height":200},"classes":[]},{"id":2639,"url":"https:\/\/www.light-style.eu\/Blog\/erotik-beginnt-im-kopf\/","url_meta":{"origin":1314,"position":2},"title":"Erotik beginnt im Kopf","author":"Andi M\u00f6ller","date":"14. M\u00e4rz 2017","format":"status","excerpt":"Moin moin, Ich wollte mich bei der Fotografie nie auf ein Gebiet festlegen. Ich liebe die Vielfalt dieses Traumberufes. Letzte Woche hatte ich Euch ein paar der diesj\u00e4hrigen Babyfotos gezeigt, heute geht es mit Haut weiter ;-) Ein paar der diesj\u00e4hrigen Aktfotos, nat\u00fcrlich hab ich auch hier nicht alle gew\u00fcnschten\u2026","rel":"","context":"In &quot;Aktfotos&quot;","block_context":{"text":"Aktfotos","link":"https:\/\/www.light-style.eu\/Blog\/category\/aktfotos\/"},"img":{"alt_text":"","src":"https:\/\/i0.wp.com\/www.light-style.eu\/Blog\/wp-content\/uploads\/2017\/03\/A17V0102-11.jpg?fit=1200%2C800&ssl=1&resize=350%2C200","width":350,"height":200,"srcset":"https:\/\/i0.wp.com\/www.light-style.eu\/Blog\/wp-content\/uploads\/2017\/03\/A17V0102-11.jpg?fit=1200%2C800&ssl=1&resize=350%2C200 1x, https:\/\/i0.wp.com\/www.light-style.eu\/Blog\/wp-content\/uploads\/2017\/03\/A17V0102-11.jpg?fit=1200%2C800&ssl=1&resize=525%2C300 1.5x, https:\/\/i0.wp.com\/www.light-style.eu\/Blog\/wp-content\/uploads\/2017\/03\/A17V0102-11.jpg?fit=1200%2C800&ssl=1&resize=700%2C400 2x, https:\/\/i0.wp.com\/www.light-style.eu\/Blog\/wp-content\/uploads\/2017\/03\/A17V0102-11.jpg?fit=1200%2C800&ssl=1&resize=1050%2C600 3x"},"classes":[]},{"id":674,"url":"https:\/\/www.light-style.eu\/Blog\/erotische-portraets-von-ihm-fuer-sie\/","url_meta":{"origin":1314,"position":3},"title":"erotische Portr\u00e4ts von Ihm &#8211; f\u00fcr seine Lady","author":"Andi M\u00f6ller","date":"16. April 2015","format":"status","excerpt":"Moin , moin, Oft bekommt Ihr ja nur Fotos pr\u00e4sentiert von jungen, h\u00fcbschen Modellen, bzw Freizeitmodellen. Wie bei mir \u00fcblich zeige ich Euch ja zu ca 85% echte Kundenfotos, also Fotos wie Ihr sie auch haben k\u00f6nnt. Normale Menschen wie Du und ich. Heute war mal die m\u00e4nnliche Version der\u2026","rel":"","context":"In &quot;Allgemein&quot;","block_context":{"text":"Allgemein","link":"https:\/\/www.light-style.eu\/Blog\/category\/allgemein\/"},"img":{"alt_text":"","src":"https:\/\/i0.wp.com\/www.light-style.eu\/Blog\/wp-content\/uploads\/2015\/04\/A15H0104-50-Bearbeitet-Kopie.jpg?resize=350%2C200&ssl=1","width":350,"height":200},"classes":[]},{"id":2761,"url":"https:\/\/www.light-style.eu\/Blog\/shades-of-grey-laesst-gruessen\/","url_meta":{"origin":1314,"position":4},"title":"Shades of Grey l\u00e4sst gr\u00fc\u00dfen","author":"Andi M\u00f6ller","date":"30. Mai 2017","format":"status","excerpt":"Moin moin, es hat ne Weile gedauert bis ich mich hier wieder melde, aber ich hab es einfach nicht fr\u00fcher geschafft. Ich gestehe, ich war am \u00dcberlegen ob der Titelname heute\u00a0 \" Fotograf qu\u00e4lt Model\" hei\u00dft, war mir aber dann doch zu rei\u00dferisch ;-) Obwohl zumindest die Zugriffszahlen in facebook\u2026","rel":"","context":"In &quot;Aktfotos&quot;","block_context":{"text":"Aktfotos","link":"https:\/\/www.light-style.eu\/Blog\/category\/aktfotos\/"},"img":{"alt_text":"","src":"https:\/\/i0.wp.com\/www.light-style.eu\/Blog\/wp-content\/uploads\/2017\/05\/Shades-of-Grey-128.jpg?fit=1200%2C800&ssl=1&resize=350%2C200","width":350,"height":200,"srcset":"https:\/\/i0.wp.com\/www.light-style.eu\/Blog\/wp-content\/uploads\/2017\/05\/Shades-of-Grey-128.jpg?fit=1200%2C800&ssl=1&resize=350%2C200 1x, https:\/\/i0.wp.com\/www.light-style.eu\/Blog\/wp-content\/uploads\/2017\/05\/Shades-of-Grey-128.jpg?fit=1200%2C800&ssl=1&resize=525%2C300 1.5x, https:\/\/i0.wp.com\/www.light-style.eu\/Blog\/wp-content\/uploads\/2017\/05\/Shades-of-Grey-128.jpg?fit=1200%2C800&ssl=1&resize=700%2C400 2x, https:\/\/i0.wp.com\/www.light-style.eu\/Blog\/wp-content\/uploads\/2017\/05\/Shades-of-Grey-128.jpg?fit=1200%2C800&ssl=1&resize=1050%2C600 3x"},"classes":[]},{"id":6696,"url":"https:\/\/www.light-style.eu\/Blog\/sportlerfotos-mit-etwas-erotik\/","url_meta":{"origin":1314,"position":5},"title":"Sportlerfotos mit etwas Erotik","author":"Andi M\u00f6ller","date":"23. August 2022","format":false,"excerpt":"Moin, moin, nach etwas Abstinenz in Sachen Blog, bin ich wieder da. Heute geht es mal wieder um K\u00f6rper und Fitnessfotos. Gerade beim Thema Fitnessfotos ist die Schwelle zwischen Sportlerfotos und Erotik recht schmal. Schlie\u00dflich geht es bei beiden Themen ums Thema K\u00f6rper. Meist auch nicht mit viel Stoff bedeckt.\u2026","rel":"","context":"In &quot;Aktfotos&quot;","block_context":{"text":"Aktfotos","link":"https:\/\/www.light-style.eu\/Blog\/category\/aktfotos\/"},"img":{"alt_text":"","src":"https:\/\/i0.wp.com\/www.light-style.eu\/Blog\/wp-content\/uploads\/2022\/08\/Bernie-Akt-Sport22-124-2-b.jpg?fit=1200%2C800&ssl=1&resize=350%2C200","width":350,"height":200,"srcset":"https:\/\/i0.wp.com\/www.light-style.eu\/Blog\/wp-content\/uploads\/2022\/08\/Bernie-Akt-Sport22-124-2-b.jpg?fit=1200%2C800&ssl=1&resize=350%2C200 1x, https:\/\/i0.wp.com\/www.light-style.eu\/Blog\/wp-content\/uploads\/2022\/08\/Bernie-Akt-Sport22-124-2-b.jpg?fit=1200%2C800&ssl=1&resize=525%2C300 1.5x, https:\/\/i0.wp.com\/www.light-style.eu\/Blog\/wp-content\/uploads\/2022\/08\/Bernie-Akt-Sport22-124-2-b.jpg?fit=1200%2C800&ssl=1&resize=700%2C400 2x, https:\/\/i0.wp.com\/www.light-style.eu\/Blog\/wp-content\/uploads\/2022\/08\/Bernie-Akt-Sport22-124-2-b.jpg?fit=1200%2C800&ssl=1&resize=1050%2C600 3x"},"classes":[]}],"_links":{"self":[{"href":"https:\/\/www.light-style.eu\/Blog\/wp-json\/wp\/v2\/posts\/1314","targetHints":{"allow":["GET"]}}],"collection":[{"href":"https:\/\/www.light-style.eu\/Blog\/wp-json\/wp\/v2\/posts"}],"about":[{"href":"https:\/\/www.light-style.eu\/Blog\/wp-json\/wp\/v2\/types\/post"}],"author":[{"embeddable":true,"href":"https:\/\/www.light-style.eu\/Blog\/wp-json\/wp\/v2\/users\/2"}],"replies":[{"embeddable":true,"href":"https:\/\/www.light-style.eu\/Blog\/wp-json\/wp\/v2\/comments?post=1314"}],"version-history":[{"count":0,"href":"https:\/\/www.light-style.eu\/Blog\/wp-json\/wp\/v2\/posts\/1314\/revisions"}],"wp:featuredmedia":[{"embeddable":true,"href":"https:\/\/www.light-style.eu\/Blog\/wp-json\/wp\/v2\/media\/1322"}],"wp:attachment":[{"href":"https:\/\/www.light-style.eu\/Blog\/wp-json\/wp\/v2\/media?parent=1314"}],"wp:term":[{"taxonomy":"category","embeddable":true,"href":"https:\/\/www.light-style.eu\/Blog\/wp-json\/wp\/v2\/categories?post=1314"},{"taxonomy":"post_tag","embeddable":true,"href":"https:\/\/www.light-style.eu\/Blog\/wp-json\/wp\/v2\/tags?post=1314"}],"curies":[{"name":"wp","href":"https:\/\/api.w.org\/{rel}","templated":true}]}}