{"id":1328,"date":"2015-09-12T19:36:16","date_gmt":"2015-09-12T17:36:16","guid":{"rendered":"http:\/\/www.light-style.eu\/Blog\/?p=1328"},"modified":"2015-09-14T11:54:59","modified_gmt":"2015-09-14T09:54:59","slug":"mal-wieder-etwas-braves","status":"publish","type":"post","link":"https:\/\/www.light-style.eu\/Blog\/mal-wieder-etwas-braves\/","title":{"rendered":"Mal wieder etwas Braves ;-)"},"content":{"rendered":"<p>Da bin ich doch schon wieder \ud83d\ude09<\/p>\n<p>Nach den Aktfotos von gestern, muss ich doch auch mal wieder etwas Braves posten \ud83d\ude09<\/p>\n<p>Also hier dann die Arbeit von heute Nachmittag .<\/p>\n<p>&nbsp;<\/p>\n<p><a href=\"https:\/\/i0.wp.com\/www.light-style.eu\/Blog\/wp-content\/uploads\/2015\/09\/Wein-2.jpg?ssl=1\"><img data-recalc-dims=\"1\" loading=\"lazy\" decoding=\"async\" data-attachment-id=\"1336\" data-permalink=\"https:\/\/www.light-style.eu\/Blog\/mal-wieder-etwas-braves\/wein-2\/#main\" data-orig-file=\"https:\/\/i0.wp.com\/www.light-style.eu\/Blog\/wp-content\/uploads\/2015\/09\/Wein-2.jpg?fit=333%2C500&amp;ssl=1\" data-orig-size=\"333,500\" data-comments-opened=\"1\" data-image-meta=\"{&quot;aperture&quot;:&quot;11&quot;,&quot;credit&quot;:&quot;Andi M\\u00f6ller&quot;,&quot;camera&quot;:&quot;Canon EOS 5D Mark II&quot;,&quot;caption&quot;:&quot;&quot;,&quot;created_timestamp&quot;:&quot;1442079753&quot;,&quot;copyright&quot;:&quot;photostudio Light-Style&quot;,&quot;focal_length&quot;:&quot;70&quot;,&quot;iso&quot;:&quot;100&quot;,&quot;shutter_speed&quot;:&quot;0.008&quot;,&quot;title&quot;:&quot;&quot;,&quot;orientation&quot;:&quot;1&quot;}\" data-image-title=\"Wein 2\" data-image-description=\"\" data-image-caption=\"\" data-large-file=\"https:\/\/i0.wp.com\/www.light-style.eu\/Blog\/wp-content\/uploads\/2015\/09\/Wein-2.jpg?fit=333%2C500&amp;ssl=1\" class=\"aligncenter wp-image-1336 size-full\" src=\"https:\/\/i0.wp.com\/www.light-style.eu\/Blog\/wp-content\/uploads\/2015\/09\/Wein-2.jpg?resize=333%2C500&#038;ssl=1\" alt=\"Wein 2\" width=\"333\" height=\"500\" \/><\/a>Und genau diesen edlen Topfen von 2009 werde ich mir jetzt gleich gem\u00fctlich zu Hause schmecken lassen \ud83d\ude09<\/p>\n<p>Und wen es interessiert \ud83d\ude09 Das Foto hat mich 4 Stunden\u00a0 gekostet, alleine das Foto selbst, bis es so war wie ich es mir vorstellte. Plus die Nacharbeiten am Rechner. Am Schluss waren nur 4 Studioblitze, 4 verschiedene Reflektoren , Spiegel, div. Meter Panzertape und schwarze Pappe einbezogen.\u00a0 Immer wieder Kleinigkeiten umgestellt, Licht etwas verr\u00fcckt usw. Aber so wie es jetzt ist, gef\u00e4llt mir das richtig gut. \ud83d\ude1b<\/p>\n<p>Warum ich Euch das Alles erz\u00e4hle ? Um mal etwas Gef\u00fchl daf\u00fcr zu vermitteln, wieviel Arbeit in einem einzigen Foto steckt, und der Grund warum Fotografen gelegentlich auch mal etwas teurer sind, als das eigene Foto aus der eigenen neuen Kamera \ud83d\ude09<\/p>\n<p>So und nun geht s nach Hause, den Wein schlappern \ud83d\ude09<\/p>\n<p>Euch einen tollen Samstag Abend<\/p>\n<p>Euer Andi<\/p>\n<div style='text-align:center' class='yasr-auto-insert-visitor'><!--Yasr Visitor Votes Shortcode--><div id='yasr_visitor_votes_8d66286d9233f' class='yasr-visitor-votes'><div class=\"yasr-custom-text-vv-before yasr-custom-text-vv-before-1328\">Hat es Dir gefallen?<\/div><div id='yasr-vv-second-row-container-8d66286d9233f'\r\n                                        class='yasr-vv-second-row-container'><div id='yasr-visitor-votes-rater-8d66286d9233f'\r\n                                      class='yasr-rater-stars-vv'\r\n                                      data-rater-postid='1328'\r\n                                      data-rating='0'\r\n                                      data-rater-starsize='32'\r\n                                      data-rater-readonly='false'\r\n                                      data-rater-nonce='a4cd1d3637'\r\n                                      data-issingular='false'\r\n                                    ><\/div><div class=\"yasr-vv-stats-text-container\" id=\"yasr-vv-stats-text-container-8d66286d9233f\"><span id=\"yasr-vv-text-container-8d66286d9233f\" class=\"yasr-vv-text-container\">[Total: <span id=\"yasr-vv-votes-number-container-8d66286d9233f\">0<\/span> Average: <span id=\"yasr-vv-average-container-8d66286d9233f\">0<\/span>]<\/span><\/div><div id='yasr-vv-loader-8d66286d9233f' class='yasr-vv-container-loader'><\/div><\/div><div id='yasr-vv-bottom-container-8d66286d9233f'\r\n                              class='yasr-vv-bottom-container'\r\n                              style='display:none'><\/div><\/div><!--End Yasr Visitor Votes Shortcode--><\/div>","protected":false},"excerpt":{"rendered":"<p>Da bin ich doch schon wieder \ud83d\ude09 Nach den Aktfotos von gestern, muss ich doch auch mal wieder etwas Braves posten \ud83d\ude09 Also hier dann die Arbeit von heute Nachmittag . &nbsp; Und genau diesen edlen Topfen von 2009 werde ich mir jetzt gleich gem\u00fctlich zu Hause schmecken lassen \ud83d\ude09 Und wen es interessiert \ud83d\ude09<span class=\"post-excerpt-end\">&hellip;<\/span><\/p>\n<p class=\"more-link\"><a href=\"https:\/\/www.light-style.eu\/Blog\/mal-wieder-etwas-braves\/\" class=\"themebutton\">Read More<\/a><\/p>\n","protected":false},"author":2,"featured_media":1336,"comment_status":"open","ping_status":"open","sticky":false,"template":"","format":"status","meta":{"jetpack_post_was_ever_published":false,"yasr_overall_rating":0,"yasr_post_is_review":"","yasr_auto_insert_disabled":"","yasr_review_type":"","_jetpack_newsletter_access":"","_jetpack_dont_email_post_to_subs":false,"_jetpack_newsletter_tier_id":0,"_jetpack_memberships_contains_paywalled_content":false,"_jetpack_memberships_contains_paid_content":false,"footnotes":"","jetpack_publicize_message":"","jetpack_publicize_feature_enabled":true,"jetpack_social_post_already_shared":true,"jetpack_social_options":{"image_generator_settings":{"template":"highway","default_image_id":0,"font":"","enabled":false},"version":2}},"categories":[1],"tags":[31,20,37,30],"class_list":["post-1328","post","type-post","status-publish","format-status","has-post-thumbnail","hentry","category-allgemein","tag-businessfotos","tag-infos","tag-produktfotos","tag-werbefotos","post_format-post-format-status"],"yasr_visitor_votes":{"stars_attributes":{"read_only":false,"span_bottom":false},"number_of_votes":0,"sum_votes":0},"jetpack_publicize_connections":[],"jetpack_featured_media_url":"https:\/\/i0.wp.com\/www.light-style.eu\/Blog\/wp-content\/uploads\/2015\/09\/Wein-2.jpg?fit=333%2C500&ssl=1","jetpack_sharing_enabled":true,"jetpack_shortlink":"https:\/\/wp.me\/p4Ojrv-lq","jetpack-related-posts":[{"id":3413,"url":"https:\/\/www.light-style.eu\/Blog\/von-kuscheltieren\/","url_meta":{"origin":1328,"position":0},"title":"Von Kuscheltieren &#038; Monstern ;-)","author":"Andi M\u00f6ller","date":"20. M\u00e4rz 2018","format":"status","excerpt":"Moin moin, ja ich wei\u00df, schon wieder Hundeportr\u00e4ts, aber wie Ihr mich kennt, keine Fotos von der Stange ;-) Vor ner Woche war der 10j\u00e4hrige carbon bei mir zu Gast. Ihr glaubt gar nicht wie entspannt so ein Hundeshooting sein kann ;-) Meist habe ich ja Welpen oder Halbstarke im\u2026","rel":"","context":"In &quot;Alles&quot;","block_context":{"text":"Alles","link":"https:\/\/www.light-style.eu\/Blog\/category\/alles\/"},"img":{"alt_text":"","src":"https:\/\/i0.wp.com\/www.light-style.eu\/Blog\/wp-content\/uploads\/2018\/03\/Tierportr%C3%A4t-Carbon-8.jpg?fit=1200%2C800&ssl=1&resize=350%2C200","width":350,"height":200,"srcset":"https:\/\/i0.wp.com\/www.light-style.eu\/Blog\/wp-content\/uploads\/2018\/03\/Tierportr%C3%A4t-Carbon-8.jpg?fit=1200%2C800&ssl=1&resize=350%2C200 1x, https:\/\/i0.wp.com\/www.light-style.eu\/Blog\/wp-content\/uploads\/2018\/03\/Tierportr%C3%A4t-Carbon-8.jpg?fit=1200%2C800&ssl=1&resize=525%2C300 1.5x, https:\/\/i0.wp.com\/www.light-style.eu\/Blog\/wp-content\/uploads\/2018\/03\/Tierportr%C3%A4t-Carbon-8.jpg?fit=1200%2C800&ssl=1&resize=700%2C400 2x, https:\/\/i0.wp.com\/www.light-style.eu\/Blog\/wp-content\/uploads\/2018\/03\/Tierportr%C3%A4t-Carbon-8.jpg?fit=1200%2C800&ssl=1&resize=1050%2C600 3x"},"classes":[]},{"id":2100,"url":"https:\/\/www.light-style.eu\/Blog\/kreativ-aus-verzweiflung\/","url_meta":{"origin":1328,"position":1},"title":"Kreativ aus Verzweiflung ;-)","author":"Andi M\u00f6ller","date":"25. Mai 2016","format":"status","excerpt":"Hey Leute, ja das gibt es tats\u00e4chlich, Kreativit\u00e4t geboren aus der Not ;-) Gestern standen eigentlich den ganzen Tag wieder gr\u00f6\u00dfere Werbefotos auf dem Plan. Brav wie ich bin war Alles fertig und das Auto wie gew\u00f6hnlich bis unters Dach gepackt. Kurze Nachricht an die Agentur, dass ich startklar bin.........\u2026","rel":"","context":"In &quot;abseits des Alltags&quot;","block_context":{"text":"abseits des Alltags","link":"https:\/\/www.light-style.eu\/Blog\/category\/abseits-des-alltags\/"},"img":{"alt_text":"","src":"https:\/\/i0.wp.com\/www.light-style.eu\/Blog\/wp-content\/uploads\/2016\/05\/I-hate-Office-Work-4-Kopie.jpg?resize=350%2C200&ssl=1","width":350,"height":200},"classes":[]},{"id":2804,"url":"https:\/\/www.light-style.eu\/Blog\/hundeportraets-mehr-als-langweilige-fotos\/","url_meta":{"origin":1328,"position":2},"title":"Hundeportr\u00e4ts &#8211; mehr als langweilige Fotos","author":"Andi M\u00f6ller","date":"20. Juni 2017","format":"status","excerpt":"w\u00fcnsche euch einen traumhaften Sonnentag, heute melde ich mich mal wieder mit Fotos aus dem Bereich Haustier. Diesmal standen tolle Hunde vor der Kamera, Mini Australian Shepherd. Ein junger R\u00fcde, dem steht das Freche geradezu ins Gesicht geschrieben, und eine H\u00fcndin in den besten Jahren . Mit ihren 2 farbigen\u2026","rel":"","context":"In &quot;Alles&quot;","block_context":{"text":"Alles","link":"https:\/\/www.light-style.eu\/Blog\/category\/alles\/"},"img":{"alt_text":"","src":"https:\/\/i0.wp.com\/www.light-style.eu\/Blog\/wp-content\/uploads\/2017\/06\/T17L0106-9.jpg?fit=800%2C1200&ssl=1&resize=350%2C200","width":350,"height":200,"srcset":"https:\/\/i0.wp.com\/www.light-style.eu\/Blog\/wp-content\/uploads\/2017\/06\/T17L0106-9.jpg?fit=800%2C1200&ssl=1&resize=350%2C200 1x, https:\/\/i0.wp.com\/www.light-style.eu\/Blog\/wp-content\/uploads\/2017\/06\/T17L0106-9.jpg?fit=800%2C1200&ssl=1&resize=525%2C300 1.5x, https:\/\/i0.wp.com\/www.light-style.eu\/Blog\/wp-content\/uploads\/2017\/06\/T17L0106-9.jpg?fit=800%2C1200&ssl=1&resize=700%2C400 2x"},"classes":[]},{"id":8021,"url":"https:\/\/www.light-style.eu\/Blog\/rodenbacher-winter-2024\/","url_meta":{"origin":1328,"position":3},"title":"Rodenbacher Winter 2024","author":"Andi M\u00f6ller","date":"24. Januar 2024","format":"status","excerpt":"ENDLICH.... endlich hat Alles mal gepasst, ich hatte Zeit um die Kamera mal wieder privat in die Hand zu nehmen, es war herrlich wei\u00df hier bei uns und das Wetter hat auch mitgespielt. Letzten Sonntag war es dann so weit, aber eine Fototour in die Rh\u00f6n, so wie gef\u00fchlte 100.000\u2026","rel":"","context":"In &quot;abseits des Alltags&quot;","block_context":{"text":"abseits des Alltags","link":"https:\/\/www.light-style.eu\/Blog\/category\/abseits-des-alltags\/"},"img":{"alt_text":"","src":"https:\/\/i0.wp.com\/www.light-style.eu\/Blog\/wp-content\/uploads\/2024\/01\/Rodenbacher-Winter-2024-134-1.jpg?fit=1200%2C800&ssl=1&resize=350%2C200","width":350,"height":200,"srcset":"https:\/\/i0.wp.com\/www.light-style.eu\/Blog\/wp-content\/uploads\/2024\/01\/Rodenbacher-Winter-2024-134-1.jpg?fit=1200%2C800&ssl=1&resize=350%2C200 1x, https:\/\/i0.wp.com\/www.light-style.eu\/Blog\/wp-content\/uploads\/2024\/01\/Rodenbacher-Winter-2024-134-1.jpg?fit=1200%2C800&ssl=1&resize=525%2C300 1.5x, https:\/\/i0.wp.com\/www.light-style.eu\/Blog\/wp-content\/uploads\/2024\/01\/Rodenbacher-Winter-2024-134-1.jpg?fit=1200%2C800&ssl=1&resize=700%2C400 2x, https:\/\/i0.wp.com\/www.light-style.eu\/Blog\/wp-content\/uploads\/2024\/01\/Rodenbacher-Winter-2024-134-1.jpg?fit=1200%2C800&ssl=1&resize=1050%2C600 3x"},"classes":[]},{"id":1876,"url":"https:\/\/www.light-style.eu\/Blog\/mal-wieder-etwas-aus-der-newborn-fraktion\/","url_meta":{"origin":1328,"position":4},"title":"mal wieder etwas aus der Newborn Fraktion ;-)","author":"Andi M\u00f6ller","date":"8. April 2016","format":"status","excerpt":"Moin moin, nachdem ja die letzten 2 Wochen die Klapperst\u00f6rche kr\u00e4ftig am Nest bauen sind, haben sie mir auch wieder eins der Newborns f\u00fcr s\u00fc\u00dfe Babyfotos vorbei gesendet. ;-) W\u00e4re doch mal ne Idee, das n\u00e4chste Mal Babyfotos im Storchennest ;-) Mal schauen wie Mama Storch reagiert.lach :-D Auf jeden\u2026","rel":"","context":"In &quot;Alles&quot;","block_context":{"text":"Alles","link":"https:\/\/www.light-style.eu\/Blog\/category\/alles\/"},"img":{"alt_text":"","src":"https:\/\/i0.wp.com\/www.light-style.eu\/Blog\/wp-content\/uploads\/2016\/04\/B16L0103-21-Bearbeitet-Kopie.jpg?resize=350%2C200","width":350,"height":200},"classes":[]},{"id":5977,"url":"https:\/\/www.light-style.eu\/Blog\/euer-traumfoto\/","url_meta":{"origin":1328,"position":5},"title":"Euer Traumfoto","author":"Andi M\u00f6ller","date":"18. M\u00e4rz 2021","format":false,"excerpt":"Moin moin, ich wieder mal, heute geht es um Eure Tr\u00e4ume. Wir erf\u00fcllen Euch Euer Traumfoto. Viele von uns haben einen Traum was oder wie sie gerne w\u00e4ren. Etwas ganz pers\u00f6nliches, dass nur sie besonders anspricht. Wie meine liebe langj\u00e4hrige Kundin auf diesem Foto: Sie hatte schon lange den Wunsch\u2026","rel":"","context":"In &quot;abseits des Alltags&quot;","block_context":{"text":"abseits des Alltags","link":"https:\/\/www.light-style.eu\/Blog\/category\/abseits-des-alltags\/"},"img":{"alt_text":"","src":"https:\/\/i0.wp.com\/www.light-style.eu\/Blog\/wp-content\/uploads\/2021\/03\/PS20E0110-9.jpg?fit=1200%2C800&ssl=1&resize=350%2C200","width":350,"height":200,"srcset":"https:\/\/i0.wp.com\/www.light-style.eu\/Blog\/wp-content\/uploads\/2021\/03\/PS20E0110-9.jpg?fit=1200%2C800&ssl=1&resize=350%2C200 1x, https:\/\/i0.wp.com\/www.light-style.eu\/Blog\/wp-content\/uploads\/2021\/03\/PS20E0110-9.jpg?fit=1200%2C800&ssl=1&resize=525%2C300 1.5x, https:\/\/i0.wp.com\/www.light-style.eu\/Blog\/wp-content\/uploads\/2021\/03\/PS20E0110-9.jpg?fit=1200%2C800&ssl=1&resize=700%2C400 2x, https:\/\/i0.wp.com\/www.light-style.eu\/Blog\/wp-content\/uploads\/2021\/03\/PS20E0110-9.jpg?fit=1200%2C800&ssl=1&resize=1050%2C600 3x"},"classes":[]}],"_links":{"self":[{"href":"https:\/\/www.light-style.eu\/Blog\/wp-json\/wp\/v2\/posts\/1328","targetHints":{"allow":["GET"]}}],"collection":[{"href":"https:\/\/www.light-style.eu\/Blog\/wp-json\/wp\/v2\/posts"}],"about":[{"href":"https:\/\/www.light-style.eu\/Blog\/wp-json\/wp\/v2\/types\/post"}],"author":[{"embeddable":true,"href":"https:\/\/www.light-style.eu\/Blog\/wp-json\/wp\/v2\/users\/2"}],"replies":[{"embeddable":true,"href":"https:\/\/www.light-style.eu\/Blog\/wp-json\/wp\/v2\/comments?post=1328"}],"version-history":[{"count":0,"href":"https:\/\/www.light-style.eu\/Blog\/wp-json\/wp\/v2\/posts\/1328\/revisions"}],"wp:featuredmedia":[{"embeddable":true,"href":"https:\/\/www.light-style.eu\/Blog\/wp-json\/wp\/v2\/media\/1336"}],"wp:attachment":[{"href":"https:\/\/www.light-style.eu\/Blog\/wp-json\/wp\/v2\/media?parent=1328"}],"wp:term":[{"taxonomy":"category","embeddable":true,"href":"https:\/\/www.light-style.eu\/Blog\/wp-json\/wp\/v2\/categories?post=1328"},{"taxonomy":"post_tag","embeddable":true,"href":"https:\/\/www.light-style.eu\/Blog\/wp-json\/wp\/v2\/tags?post=1328"}],"curies":[{"name":"wp","href":"https:\/\/api.w.org\/{rel}","templated":true}]}}