{"id":1631,"date":"2015-12-18T17:54:46","date_gmt":"2015-12-18T16:54:46","guid":{"rendered":"http:\/\/www.light-style.eu\/Blog\/?p=1631"},"modified":"2021-03-15T16:39:28","modified_gmt":"2021-03-15T15:39:28","slug":"frohes-fest-und-danke-fuer-2015","status":"publish","type":"post","link":"https:\/\/www.light-style.eu\/Blog\/frohes-fest-und-danke-fuer-2015\/","title":{"rendered":"Frohes Fest und Danke f\u00fcr 2015"},"content":{"rendered":"<p>Hi,<\/p>\n<p>ich hab mal heute Mittag zu Hause die Deko geklaut um Euch einen Weihnachtsgru\u00df zu basteln \ud83d\ude09 Ich w\u00fcnsche Euch Allen von ganzem Herzen ein frohes &amp; friedliches Weihnachtsfest und einen guten Rutsch ins Jahr 2016.<\/p>\n<div id=\"attachment_1632\" style=\"width: 1210px\" class=\"wp-caption aligncenter\"><a href=\"https:\/\/i0.wp.com\/www.light-style.eu\/Blog\/wp-content\/uploads\/2015\/12\/Christmas.jpg?ssl=1\"><img data-recalc-dims=\"1\" loading=\"lazy\" decoding=\"async\" aria-describedby=\"caption-attachment-1632\" data-attachment-id=\"1632\" data-permalink=\"https:\/\/www.light-style.eu\/Blog\/frohes-fest-und-danke-fuer-2015\/christmas\/#main\" data-orig-file=\"https:\/\/i0.wp.com\/www.light-style.eu\/Blog\/wp-content\/uploads\/2015\/12\/Christmas.jpg?fit=1200%2C800&amp;ssl=1\" data-orig-size=\"1200,800\" data-comments-opened=\"1\" data-image-meta=\"{&quot;aperture&quot;:&quot;10&quot;,&quot;credit&quot;:&quot;Andi M\\u00f6ller&quot;,&quot;camera&quot;:&quot;Canon EOS 5D Mark II&quot;,&quot;caption&quot;:&quot;&quot;,&quot;created_timestamp&quot;:&quot;1450451567&quot;,&quot;copyright&quot;:&quot;photostudio Light-Style&quot;,&quot;focal_length&quot;:&quot;60&quot;,&quot;iso&quot;:&quot;100&quot;,&quot;shutter_speed&quot;:&quot;2&quot;,&quot;title&quot;:&quot;&quot;,&quot;orientation&quot;:&quot;1&quot;}\" data-image-title=\"Christmas\" data-image-description=\"\" data-image-caption=\"\" data-large-file=\"https:\/\/i0.wp.com\/www.light-style.eu\/Blog\/wp-content\/uploads\/2015\/12\/Christmas.jpg?fit=1170%2C780&amp;ssl=1\" class=\"wp-image-1632 size-full\" src=\"https:\/\/i0.wp.com\/www.light-style.eu\/Blog\/wp-content\/uploads\/2015\/12\/Christmas.jpg?resize=1170%2C780&#038;ssl=1\" alt=\"Christmas\" width=\"1170\" height=\"780\" srcset=\"https:\/\/i0.wp.com\/www.light-style.eu\/Blog\/wp-content\/uploads\/2015\/12\/Christmas.jpg?w=1200&amp;ssl=1 1200w, https:\/\/i0.wp.com\/www.light-style.eu\/Blog\/wp-content\/uploads\/2015\/12\/Christmas.jpg?resize=600%2C400&amp;ssl=1 600w, https:\/\/i0.wp.com\/www.light-style.eu\/Blog\/wp-content\/uploads\/2015\/12\/Christmas.jpg?resize=768%2C512&amp;ssl=1 768w\" sizes=\"auto, (max-width: 1170px) 100vw, 1170px\" \/><\/a><p id=\"caption-attachment-1632\" class=\"wp-caption-text\">war mal ein Geschenk meiner Mutter, nun endlich mal fotografisch genutzt \ud83d\ude09<\/p><\/div>\n<p>Ich sage ein dickes Danke an all meine Kunden welche mir dieses Jahr wieder ihr Vertrauen geschenkt haben, ein dickes Danke auch an alle welche mir geholfen haben tollen Fotos zu schaffen, somit an meine Visagistin Martina, meinen Assistenten Michael, Assistentin Beate und an alle Modelle. Auch ein Danke an Alle, welche mich unterst\u00fcrtzt haben, indem sie Beit\u00e4ge teilen, liken oder auch einfach mich weiter empfehlen. Es war ein tolles Jahr 2015 und ich freue mich auf ein sehr kreatives Jahr 2016 mit Euch.<\/p>\n<p>Wir sind noch f\u00fcr Euch am <strong>Heilig Abend bis Mittags 12.30 Uhr im Studio<\/strong>, damit alle noch ausstehenden Fotos abgeholt werden k\u00f6nnen und der eine oder andere noch einen Gutschein f\u00fcr eins unserer Shootings verschenken m\u00f6chte.<\/p>\n<p><strong>Danach nehmen wir uns eine kleine Auszeit und sind ab dem 4.1.2016 wieder frisch gest\u00e4rkt f\u00fcr Euch im Studio.<\/strong><\/p>\n<p>Ich dr\u00fcck Euch und w\u00fcnsche Euch alles Liebe und Gute<\/p>\n<p>Euer Andi<\/p>\n<div style='text-align:center' class='yasr-auto-insert-visitor'><!--Yasr Visitor Votes Shortcode--><div id='yasr_visitor_votes_bfed4d9160245' class='yasr-visitor-votes'><div class=\"yasr-custom-text-vv-before yasr-custom-text-vv-before-1631\">Hat es Dir gefallen?<\/div><div id='yasr-vv-second-row-container-bfed4d9160245'\r\n                                        class='yasr-vv-second-row-container'><div id='yasr-visitor-votes-rater-bfed4d9160245'\r\n                                      class='yasr-rater-stars-vv'\r\n                                      data-rater-postid='1631'\r\n                                      data-rating='0'\r\n                                      data-rater-starsize='32'\r\n                                      data-rater-readonly='false'\r\n                                      data-rater-nonce='7770fceba6'\r\n                                      data-issingular='false'\r\n                                    ><\/div><div class=\"yasr-vv-stats-text-container\" id=\"yasr-vv-stats-text-container-bfed4d9160245\"><span id=\"yasr-vv-text-container-bfed4d9160245\" class=\"yasr-vv-text-container\">[Total: <span id=\"yasr-vv-votes-number-container-bfed4d9160245\">0<\/span> Average: <span id=\"yasr-vv-average-container-bfed4d9160245\">0<\/span>]<\/span><\/div><div id='yasr-vv-loader-bfed4d9160245' class='yasr-vv-container-loader'><\/div><\/div><div id='yasr-vv-bottom-container-bfed4d9160245'\r\n                              class='yasr-vv-bottom-container'\r\n                              style='display:none'><\/div><\/div><!--End Yasr Visitor Votes Shortcode--><\/div>","protected":false},"excerpt":{"rendered":"<p>Hi, ich hab mal heute Mittag zu Hause die Deko geklaut um Euch einen Weihnachtsgru\u00df zu basteln \ud83d\ude09 Ich w\u00fcnsche Euch Allen von ganzem Herzen ein frohes &amp; friedliches Weihnachtsfest und einen guten Rutsch ins Jahr 2016. Ich sage ein dickes Danke an all meine Kunden welche mir dieses Jahr wieder ihr Vertrauen geschenkt haben,<span class=\"post-excerpt-end\">&hellip;<\/span><\/p>\n<p class=\"more-link\"><a href=\"https:\/\/www.light-style.eu\/Blog\/frohes-fest-und-danke-fuer-2015\/\" class=\"themebutton\">Read More<\/a><\/p>\n","protected":false},"author":2,"featured_media":1633,"comment_status":"open","ping_status":"open","sticky":false,"template":"","format":"status","meta":{"jetpack_post_was_ever_published":false,"yasr_overall_rating":0,"yasr_post_is_review":"","yasr_auto_insert_disabled":"","yasr_review_type":"","_jetpack_newsletter_access":"","_jetpack_dont_email_post_to_subs":false,"_jetpack_newsletter_tier_id":0,"_jetpack_memberships_contains_paywalled_content":false,"_jetpack_memberships_contains_paid_content":false,"footnotes":"","jetpack_publicize_message":"","jetpack_publicize_feature_enabled":true,"jetpack_social_post_already_shared":true,"jetpack_social_options":{"image_generator_settings":{"template":"highway","default_image_id":0,"font":"","enabled":false},"version":2}},"categories":[49,305,1,91,4,24],"tags":[23,42,22,20],"class_list":["post-1631","post","type-post","status-publish","format-status","has-post-thumbnail","hentry","category-abseits-des-alltags","category-alles","category-allgemein","category-persoenliche-meinung","category-status","category-studio-infos","tag-andi","tag-ein-tag-im-leben-eines-fotografens","tag-hintergrund","tag-infos","post_format-post-format-status"],"yasr_visitor_votes":{"stars_attributes":{"read_only":false,"span_bottom":false},"number_of_votes":0,"sum_votes":0},"jetpack_publicize_connections":[],"jetpack_featured_media_url":"https:\/\/i0.wp.com\/www.light-style.eu\/Blog\/wp-content\/uploads\/2015\/12\/Christmas-klein.jpg?fit=1200%2C800&ssl=1","jetpack_sharing_enabled":true,"jetpack_shortlink":"https:\/\/wp.me\/p4Ojrv-qj","jetpack-related-posts":[{"id":5281,"url":"https:\/\/www.light-style.eu\/Blog\/passfotos-nur-noch-vom-amt-nicht-mit-uns\/","url_meta":{"origin":1631,"position":0},"title":"Passfotos nur noch vom Amt? nicht mit uns!!","author":"Andi M\u00f6ller","date":"16. Januar 2020","format":"status","excerpt":"Aktuelle Updates zum Thema findet Ihr unten! Also ich halte ja nix vom Meckern in Blogs, aber was unsere Regierung nun wieder mit uns Fotografen treibt, stinkt zum Himmel! Fast t\u00e4glich sprechen mich dieses Jahr Kunden auf dieses Thema an. Die Bundesregierung, genauer gesagt das BMI hat klammheimlich und leise\u2026","rel":"","context":"In &quot;abseits des Alltags&quot;","block_context":{"text":"abseits des Alltags","link":"https:\/\/www.light-style.eu\/Blog\/category\/abseits-des-alltags\/"},"img":{"alt_text":"","src":"https:\/\/i0.wp.com\/www.light-style.eu\/Blog\/wp-content\/uploads\/2020\/01\/defekter-Ausweis-1.jpg?fit=1200%2C807&ssl=1&resize=350%2C200","width":350,"height":200,"srcset":"https:\/\/i0.wp.com\/www.light-style.eu\/Blog\/wp-content\/uploads\/2020\/01\/defekter-Ausweis-1.jpg?fit=1200%2C807&ssl=1&resize=350%2C200 1x, https:\/\/i0.wp.com\/www.light-style.eu\/Blog\/wp-content\/uploads\/2020\/01\/defekter-Ausweis-1.jpg?fit=1200%2C807&ssl=1&resize=525%2C300 1.5x, https:\/\/i0.wp.com\/www.light-style.eu\/Blog\/wp-content\/uploads\/2020\/01\/defekter-Ausweis-1.jpg?fit=1200%2C807&ssl=1&resize=700%2C400 2x, https:\/\/i0.wp.com\/www.light-style.eu\/Blog\/wp-content\/uploads\/2020\/01\/defekter-Ausweis-1.jpg?fit=1200%2C807&ssl=1&resize=1050%2C600 3x"},"classes":[]},{"id":3475,"url":"https:\/\/www.light-style.eu\/Blog\/shadows-lights\/","url_meta":{"origin":1631,"position":1},"title":"shadows &#038; lights","author":"Andi M\u00f6ller","date":"14. Juni 2018","format":"status","excerpt":"Moin, da bin ich endlich mal wieder. Das Jahr 2018\u00a0 hat es faustdick hinter den Ohren- ;-D. Aber ich will mich nicht dar\u00fcber beschweren :-) Licht und Schatten, dies ist der Titel heute, wie von mir ja hin und wieder betont, bedeutet Fotografie, zeichnen mit Licht ;-) und wo Licht\u2026","rel":"","context":"In &quot;Aktfotos&quot;","block_context":{"text":"Aktfotos","link":"https:\/\/www.light-style.eu\/Blog\/category\/aktfotos\/"},"img":{"alt_text":"","src":"https:\/\/i0.wp.com\/www.light-style.eu\/Blog\/wp-content\/uploads\/2018\/06\/A18L0105-2.jpg?fit=1200%2C800&ssl=1&resize=350%2C200","width":350,"height":200,"srcset":"https:\/\/i0.wp.com\/www.light-style.eu\/Blog\/wp-content\/uploads\/2018\/06\/A18L0105-2.jpg?fit=1200%2C800&ssl=1&resize=350%2C200 1x, https:\/\/i0.wp.com\/www.light-style.eu\/Blog\/wp-content\/uploads\/2018\/06\/A18L0105-2.jpg?fit=1200%2C800&ssl=1&resize=525%2C300 1.5x, https:\/\/i0.wp.com\/www.light-style.eu\/Blog\/wp-content\/uploads\/2018\/06\/A18L0105-2.jpg?fit=1200%2C800&ssl=1&resize=700%2C400 2x, https:\/\/i0.wp.com\/www.light-style.eu\/Blog\/wp-content\/uploads\/2018\/06\/A18L0105-2.jpg?fit=1200%2C800&ssl=1&resize=1050%2C600 3x"},"classes":[]},{"id":570,"url":"https:\/\/www.light-style.eu\/Blog\/merry-christmas-frohe-weihnachten-felice-navidad\/","url_meta":{"origin":1631,"position":2},"title":"Merry christmas, Frohe Weihnachten, felice navidad","author":"Andi M\u00f6ller","date":"23. Dezember 2014","format":"status","excerpt":"Ich w\u00fcnsche Euch Allen ein traumhaftes Fest und einen super Start ins Jahr 2015 Feiert sch\u00f6n mit Euren Lieben und vergesst einmal den Trubel und die Probleme des Alltags. Bis\u00a0 Heilig Abend um 12,30 werden f\u00fcr euch da sein, damit ihr Eure Fotos noch abholen k\u00f6nnt, bzw der eine oder\u2026","rel":"","context":"In &quot;Allgemein&quot;","block_context":{"text":"Allgemein","link":"https:\/\/www.light-style.eu\/Blog\/category\/allgemein\/"},"img":{"alt_text":"","src":"https:\/\/i0.wp.com\/www.light-style.eu\/Blog\/wp-content\/uploads\/2014\/12\/Akt234-fb.jpg?resize=350%2C200&ssl=1","width":350,"height":200},"classes":[]},{"id":6060,"url":"https:\/\/www.light-style.eu\/Blog\/hochzeitsreportage-impressionen\/","url_meta":{"origin":1631,"position":3},"title":"Hochzeitsreportage &#8211; Impressionen","author":"Andi M\u00f6ller","date":"17. August 2021","format":false,"excerpt":"Nach langer Zeit der Abstinenz was Hochzeitsfotografie betraf, bedingt durch diese sch.... (shit) Pandemie mit ihren Regeln, ging es nun doch endlich wieder los. Vor ein paar Wochen konnten wir uns endlich mal wieder auf einer Hochzeit gelassen austoben ;-) dazu muss ich gleich sagen, bevor wieder b\u00f6se Menschen \u00dcbles\u2026","rel":"","context":"In &quot;Allgemein&quot;","block_context":{"text":"Allgemein","link":"https:\/\/www.light-style.eu\/Blog\/category\/allgemein\/"},"img":{"alt_text":"","src":"https:\/\/i0.wp.com\/www.light-style.eu\/Blog\/wp-content\/uploads\/2021\/08\/H21K0107-25.jpg?fit=1200%2C800&ssl=1&resize=350%2C200","width":350,"height":200,"srcset":"https:\/\/i0.wp.com\/www.light-style.eu\/Blog\/wp-content\/uploads\/2021\/08\/H21K0107-25.jpg?fit=1200%2C800&ssl=1&resize=350%2C200 1x, https:\/\/i0.wp.com\/www.light-style.eu\/Blog\/wp-content\/uploads\/2021\/08\/H21K0107-25.jpg?fit=1200%2C800&ssl=1&resize=525%2C300 1.5x, https:\/\/i0.wp.com\/www.light-style.eu\/Blog\/wp-content\/uploads\/2021\/08\/H21K0107-25.jpg?fit=1200%2C800&ssl=1&resize=700%2C400 2x, https:\/\/i0.wp.com\/www.light-style.eu\/Blog\/wp-content\/uploads\/2021\/08\/H21K0107-25.jpg?fit=1200%2C800&ssl=1&resize=1050%2C600 3x"},"classes":[]},{"id":2427,"url":"https:\/\/www.light-style.eu\/Blog\/photokina-16-setzen-6\/","url_meta":{"origin":1631,"position":4},"title":"Photokina `16 -setzen: 6","author":"Andi M\u00f6ller","date":"27. September 2016","format":"status","excerpt":"Photokina 2016 ... Thema verfehlt...Offene Worte Moin moin, fast frisch zur\u00fcck aus K\u00f6ln, wo\u00a0Michael &\u00a0ich\u00a0ja seit 10 Jahren uns regelm\u00e4\u00dfig auf der Fotomesse Photokina rumtreiben. Diesmal war es gelinde gesagt f\u00fcr den A... \u00e4hm, den Hintern ;-) . Aber zumindest K\u00f6ln war wieder klasse ;-) Grundton der Photokina 2016 :\u2026","rel":"","context":"In &quot;abseits des Alltags&quot;","block_context":{"text":"abseits des Alltags","link":"https:\/\/www.light-style.eu\/Blog\/category\/abseits-des-alltags\/"},"img":{"alt_text":"","src":"https:\/\/i0.wp.com\/www.light-style.eu\/Blog\/wp-content\/uploads\/2016\/09\/K%C3%B6ln-2016-236-Bearbeitet.jpg?fit=1000%2C667&ssl=1&resize=350%2C200","width":350,"height":200,"srcset":"https:\/\/i0.wp.com\/www.light-style.eu\/Blog\/wp-content\/uploads\/2016\/09\/K%C3%B6ln-2016-236-Bearbeitet.jpg?fit=1000%2C667&ssl=1&resize=350%2C200 1x, https:\/\/i0.wp.com\/www.light-style.eu\/Blog\/wp-content\/uploads\/2016\/09\/K%C3%B6ln-2016-236-Bearbeitet.jpg?fit=1000%2C667&ssl=1&resize=525%2C300 1.5x, https:\/\/i0.wp.com\/www.light-style.eu\/Blog\/wp-content\/uploads\/2016\/09\/K%C3%B6ln-2016-236-Bearbeitet.jpg?fit=1000%2C667&ssl=1&resize=700%2C400 2x"},"classes":[]},{"id":5114,"url":"https:\/\/www.light-style.eu\/Blog\/girls-pearls\/","url_meta":{"origin":1631,"position":5},"title":"Girls &#038; Pearls","author":"Andi M\u00f6ller","date":"23. Oktober 2019","format":"status","excerpt":"Moin moin, wie ich Euch ja z.B. auf Instagram versprochen habe, geht es heute mal wieder weg von Freizeitfotos hin zur ernsthaften Fotografie. ;-) Und damit zur\u00fcck zur Kunst. Im Laufe der vielen Jahre hier im Studio hat sich ja Einiges an Styling Material hier angesammelt und es ist einfach\u2026","rel":"","context":"In &quot;Aktfotos&quot;","block_context":{"text":"Aktfotos","link":"https:\/\/www.light-style.eu\/Blog\/category\/aktfotos\/"},"img":{"alt_text":"","src":"https:\/\/i0.wp.com\/www.light-style.eu\/Blog\/wp-content\/uploads\/2019\/10\/A19H0109-114.jpg?fit=1200%2C800&ssl=1&resize=350%2C200","width":350,"height":200,"srcset":"https:\/\/i0.wp.com\/www.light-style.eu\/Blog\/wp-content\/uploads\/2019\/10\/A19H0109-114.jpg?fit=1200%2C800&ssl=1&resize=350%2C200 1x, https:\/\/i0.wp.com\/www.light-style.eu\/Blog\/wp-content\/uploads\/2019\/10\/A19H0109-114.jpg?fit=1200%2C800&ssl=1&resize=525%2C300 1.5x, https:\/\/i0.wp.com\/www.light-style.eu\/Blog\/wp-content\/uploads\/2019\/10\/A19H0109-114.jpg?fit=1200%2C800&ssl=1&resize=700%2C400 2x, https:\/\/i0.wp.com\/www.light-style.eu\/Blog\/wp-content\/uploads\/2019\/10\/A19H0109-114.jpg?fit=1200%2C800&ssl=1&resize=1050%2C600 3x"},"classes":[]}],"_links":{"self":[{"href":"https:\/\/www.light-style.eu\/Blog\/wp-json\/wp\/v2\/posts\/1631","targetHints":{"allow":["GET"]}}],"collection":[{"href":"https:\/\/www.light-style.eu\/Blog\/wp-json\/wp\/v2\/posts"}],"about":[{"href":"https:\/\/www.light-style.eu\/Blog\/wp-json\/wp\/v2\/types\/post"}],"author":[{"embeddable":true,"href":"https:\/\/www.light-style.eu\/Blog\/wp-json\/wp\/v2\/users\/2"}],"replies":[{"embeddable":true,"href":"https:\/\/www.light-style.eu\/Blog\/wp-json\/wp\/v2\/comments?post=1631"}],"version-history":[{"count":0,"href":"https:\/\/www.light-style.eu\/Blog\/wp-json\/wp\/v2\/posts\/1631\/revisions"}],"wp:featuredmedia":[{"embeddable":true,"href":"https:\/\/www.light-style.eu\/Blog\/wp-json\/wp\/v2\/media\/1633"}],"wp:attachment":[{"href":"https:\/\/www.light-style.eu\/Blog\/wp-json\/wp\/v2\/media?parent=1631"}],"wp:term":[{"taxonomy":"category","embeddable":true,"href":"https:\/\/www.light-style.eu\/Blog\/wp-json\/wp\/v2\/categories?post=1631"},{"taxonomy":"post_tag","embeddable":true,"href":"https:\/\/www.light-style.eu\/Blog\/wp-json\/wp\/v2\/tags?post=1631"}],"curies":[{"name":"wp","href":"https:\/\/api.w.org\/{rel}","templated":true}]}}