{"id":187,"date":"2014-06-07T12:14:47","date_gmt":"2014-06-07T10:14:47","guid":{"rendered":"http:\/\/lightstyle.blogg.de\/?p=187"},"modified":"2014-07-10T16:59:23","modified_gmt":"2014-07-10T14:59:23","slug":"moin-und-euch-tolle-pfingsten","status":"publish","type":"post","link":"https:\/\/www.light-style.eu\/Blog\/moin-und-euch-tolle-pfingsten\/","title":{"rendered":"Moin und Euch tolle Pfingsten"},"content":{"rendered":"<p>So die ersten fertigen Fotos aus dem Hochzeitsshooting sind auf der Website.<\/p>\n<p>Schaut doch mal rein.<\/p>\n<p>Ein paar stelle ich gleich noch in FB ren.<\/p>\n<p>Ich w\u00fcnsche Euch ein tolles , sonniges und spa\u00dfvolles Pfingsten<\/p>\n<p>Euer Andi<\/p>\n<p><a href=\"https:\/\/www.light-style.eu\/fotos\/hochzeit\/hochzeit-(08).jpg\">www.light-style.eu\/fotos\/hochzeit\/hochzeit-(08).jpg<\/a><\/p>\n<div style='text-align:center' class='yasr-auto-insert-visitor'><!--Yasr Visitor Votes Shortcode--><div id='yasr_visitor_votes_2efb9ac90f2c6' class='yasr-visitor-votes'><div class=\"yasr-custom-text-vv-before yasr-custom-text-vv-before-187\">Hat es Dir gefallen?<\/div><div id='yasr-vv-second-row-container-2efb9ac90f2c6'\r\n                                        class='yasr-vv-second-row-container'><div id='yasr-visitor-votes-rater-2efb9ac90f2c6'\r\n                                      class='yasr-rater-stars-vv'\r\n                                      data-rater-postid='187'\r\n                                      data-rating='0'\r\n                                      data-rater-starsize='32'\r\n                                      data-rater-readonly='false'\r\n                                      data-rater-nonce='f1bcfd947a'\r\n                                      data-issingular='false'\r\n                                    ><\/div><div class=\"yasr-vv-stats-text-container\" id=\"yasr-vv-stats-text-container-2efb9ac90f2c6\"><span id=\"yasr-vv-text-container-2efb9ac90f2c6\" class=\"yasr-vv-text-container\">[Total: <span id=\"yasr-vv-votes-number-container-2efb9ac90f2c6\">0<\/span> Average: <span id=\"yasr-vv-average-container-2efb9ac90f2c6\">0<\/span>]<\/span><\/div><div id='yasr-vv-loader-2efb9ac90f2c6' class='yasr-vv-container-loader'><\/div><\/div><div id='yasr-vv-bottom-container-2efb9ac90f2c6'\r\n                              class='yasr-vv-bottom-container'\r\n                              style='display:none'><\/div><\/div><!--End Yasr Visitor Votes Shortcode--><\/div>","protected":false},"excerpt":{"rendered":"<p>So die ersten fertigen Fotos aus dem Hochzeitsshooting sind auf der Website. Schaut doch mal rein. Ein paar stelle ich gleich noch in FB ren. Ich w\u00fcnsche Euch ein tolles , sonniges und spa\u00dfvolles Pfingsten Euer Andi www.light-style.eu\/fotos\/hochzeit\/hochzeit-(08).jpg Hat es Dir gefallen?[Total: 0 Average: 0]<\/p>\n","protected":false},"author":2,"featured_media":272,"comment_status":"open","ping_status":"open","sticky":false,"template":"","format":"aside","meta":{"jetpack_post_was_ever_published":false,"yasr_overall_rating":0,"yasr_post_is_review":"","yasr_auto_insert_disabled":"","yasr_review_type":"","_jetpack_newsletter_access":"","_jetpack_dont_email_post_to_subs":false,"_jetpack_newsletter_tier_id":0,"_jetpack_memberships_contains_paywalled_content":false,"_jetpack_memberships_contains_paid_content":false,"footnotes":"","jetpack_publicize_message":"","jetpack_publicize_feature_enabled":true,"jetpack_social_post_already_shared":false,"jetpack_social_options":{"image_generator_settings":{"template":"highway","default_image_id":0,"font":"","enabled":false},"version":2}},"categories":[1],"tags":[],"class_list":["post-187","post","type-post","status-publish","format-aside","has-post-thumbnail","hentry","category-allgemein","post_format-post-format-aside"],"yasr_visitor_votes":{"stars_attributes":{"read_only":false,"span_bottom":false},"number_of_votes":0,"sum_votes":0},"jetpack_publicize_connections":[],"jetpack_featured_media_url":"https:\/\/i0.wp.com\/www.light-style.eu\/Blog\/wp-content\/uploads\/2014\/06\/kein-Beitragsbild.jpg?fit=360%2C240&ssl=1","jetpack_sharing_enabled":true,"jetpack_shortlink":"https:\/\/wp.me\/p4Ojrv-31","jetpack-related-posts":[{"id":6060,"url":"https:\/\/www.light-style.eu\/Blog\/hochzeitsreportage-impressionen\/","url_meta":{"origin":187,"position":0},"title":"Hochzeitsreportage &#8211; Impressionen","author":"Andi M\u00f6ller","date":"17. August 2021","format":false,"excerpt":"Nach langer Zeit der Abstinenz was Hochzeitsfotografie betraf, bedingt durch diese sch.... (shit) Pandemie mit ihren Regeln, ging es nun doch endlich wieder los. Vor ein paar Wochen konnten wir uns endlich mal wieder auf einer Hochzeit gelassen austoben ;-) dazu muss ich gleich sagen, bevor wieder b\u00f6se Menschen \u00dcbles\u2026","rel":"","context":"In &quot;Allgemein&quot;","block_context":{"text":"Allgemein","link":"https:\/\/www.light-style.eu\/Blog\/category\/allgemein\/"},"img":{"alt_text":"","src":"https:\/\/i0.wp.com\/www.light-style.eu\/Blog\/wp-content\/uploads\/2021\/08\/H21K0107-25.jpg?fit=1200%2C800&ssl=1&resize=350%2C200","width":350,"height":200,"srcset":"https:\/\/i0.wp.com\/www.light-style.eu\/Blog\/wp-content\/uploads\/2021\/08\/H21K0107-25.jpg?fit=1200%2C800&ssl=1&resize=350%2C200 1x, https:\/\/i0.wp.com\/www.light-style.eu\/Blog\/wp-content\/uploads\/2021\/08\/H21K0107-25.jpg?fit=1200%2C800&ssl=1&resize=525%2C300 1.5x, https:\/\/i0.wp.com\/www.light-style.eu\/Blog\/wp-content\/uploads\/2021\/08\/H21K0107-25.jpg?fit=1200%2C800&ssl=1&resize=700%2C400 2x, https:\/\/i0.wp.com\/www.light-style.eu\/Blog\/wp-content\/uploads\/2021\/08\/H21K0107-25.jpg?fit=1200%2C800&ssl=1&resize=1050%2C600 3x"},"classes":[]},{"id":5504,"url":"https:\/\/www.light-style.eu\/Blog\/hochzeit-trotz-corona-es-funktioniert\/","url_meta":{"origin":187,"position":1},"title":"Hochzeit trotz Corona &#8211; es funktioniert","author":"Andi M\u00f6ller","date":"30. Mai 2020","format":"status","excerpt":"Heute gehe ich mal einen ganz anderen Weg. Ich dachte mir, immer nur Fotos ist ja langweilig ;-) Also habe ich das Thema Hochzeiten in Zeiten von Corona genutzt, um Euch dies per Diashow zu pr\u00e4sentieren. Mitten im Shutdown, haben Anna und Ralf ihren Hochzeitstermin gehabt, und zumindest den Standesamt-Termin\u2026","rel":"","context":"In &quot;abseits des Alltags&quot;","block_context":{"text":"abseits des Alltags","link":"https:\/\/www.light-style.eu\/Blog\/category\/abseits-des-alltags\/"},"img":{"alt_text":"","src":"https:\/\/i0.wp.com\/www.light-style.eu\/Blog\/wp-content\/uploads\/2020\/05\/H20K0105-368.jpg?fit=1200%2C800&ssl=1&resize=350%2C200","width":350,"height":200,"srcset":"https:\/\/i0.wp.com\/www.light-style.eu\/Blog\/wp-content\/uploads\/2020\/05\/H20K0105-368.jpg?fit=1200%2C800&ssl=1&resize=350%2C200 1x, https:\/\/i0.wp.com\/www.light-style.eu\/Blog\/wp-content\/uploads\/2020\/05\/H20K0105-368.jpg?fit=1200%2C800&ssl=1&resize=525%2C300 1.5x, https:\/\/i0.wp.com\/www.light-style.eu\/Blog\/wp-content\/uploads\/2020\/05\/H20K0105-368.jpg?fit=1200%2C800&ssl=1&resize=700%2C400 2x, https:\/\/i0.wp.com\/www.light-style.eu\/Blog\/wp-content\/uploads\/2020\/05\/H20K0105-368.jpg?fit=1200%2C800&ssl=1&resize=1050%2C600 3x"},"classes":[]},{"id":510,"url":"https:\/\/www.light-style.eu\/Blog\/autsch-die-hochzeitsfotos-haben-echt-weh-getan\/","url_meta":{"origin":187,"position":2},"title":"autsch&#8230;. die Hochzeitsfotos haben echt weh getan &#8230;..","author":"Andi M\u00f6ller","date":"12. September 2014","format":"status","excerpt":"Moin moin, ich muss gestehen ich habe ein paar Tage \u00fcberlegt ob ich Euch folgende Geschichten erz\u00e4hle oder einfach die Klappe halte ;-) Aber ich denke nachdem es sich h\u00e4uft will ich Euch zumindest mal dr\u00fcber informieren. In den letzten 3 Wochen habe ich aus dem Bekanntenkreis 2 Storries geh\u00f6rt\u2026","rel":"","context":"In &quot;Allgemein&quot;","block_context":{"text":"Allgemein","link":"https:\/\/www.light-style.eu\/Blog\/category\/allgemein\/"},"img":{"alt_text":"","src":"https:\/\/i0.wp.com\/www.light-style.eu\/Blog\/wp-content\/uploads\/2014\/06\/kein-Beitragsbild.jpg?fit=360%2C240&ssl=1&resize=350%2C200","width":350,"height":200},"classes":[]},{"id":3483,"url":"https:\/\/www.light-style.eu\/Blog\/after-wedding-shooting-teil-1\/","url_meta":{"origin":187,"position":3},"title":"After Wedding Shooting Teil 1","author":"Andi M\u00f6ller","date":"23. Juni 2018","format":"status","excerpt":"Moin, kurz bevor ich mir eine kleine Auszeit g\u00f6nne, hier noch die ersten Impressionen von einem \" Bitte rette unsere Hochzeit\" Einsatz am letzten Montag\u00a0 ;-) Elena & Chris hatten damals wirklich Pech bei der Wahl ihres Fotografen. Als Elena nun vor ein paar Wochen als Kundin bei mir im\u2026","rel":"","context":"In &quot;abseits des Alltags&quot;","block_context":{"text":"abseits des Alltags","link":"https:\/\/www.light-style.eu\/Blog\/category\/abseits-des-alltags\/"},"img":{"alt_text":"","src":"https:\/\/i0.wp.com\/www.light-style.eu\/Blog\/wp-content\/uploads\/2018\/06\/H18L0106-1049.jpg?fit=1200%2C800&ssl=1&resize=350%2C200","width":350,"height":200,"srcset":"https:\/\/i0.wp.com\/www.light-style.eu\/Blog\/wp-content\/uploads\/2018\/06\/H18L0106-1049.jpg?fit=1200%2C800&ssl=1&resize=350%2C200 1x, https:\/\/i0.wp.com\/www.light-style.eu\/Blog\/wp-content\/uploads\/2018\/06\/H18L0106-1049.jpg?fit=1200%2C800&ssl=1&resize=525%2C300 1.5x, https:\/\/i0.wp.com\/www.light-style.eu\/Blog\/wp-content\/uploads\/2018\/06\/H18L0106-1049.jpg?fit=1200%2C800&ssl=1&resize=700%2C400 2x, https:\/\/i0.wp.com\/www.light-style.eu\/Blog\/wp-content\/uploads\/2018\/06\/H18L0106-1049.jpg?fit=1200%2C800&ssl=1&resize=1050%2C600 3x"},"classes":[]},{"id":8307,"url":"https:\/\/www.light-style.eu\/Blog\/hochzeit-bei-regenwetter-na-und\/","url_meta":{"origin":187,"position":4},"title":"Hochzeit bei Regenwetter? Na und ;-)","author":"Andi M\u00f6ller","date":"11. Juli 2024","format":"status","excerpt":"Es war einmal..... ein typischer Tag im Jahre 2024, mit anderen Worten ein komplett verregneter Tag. Was machen wir, wenn es am Tag unserer Hochzeit regnet? Diese Frage h\u00f6re ich in den meisten Vorgespr\u00e4chen mit Brautpaaren (nicht nur dieses Jahr) . Paare, welche sich im Schloss Phillipsruh in Hanau trauen\u2026","rel":"","context":"In &quot;Allgemein&quot;","block_context":{"text":"Allgemein","link":"https:\/\/www.light-style.eu\/Blog\/category\/allgemein\/"},"img":{"alt_text":"","src":"https:\/\/i0.wp.com\/www.light-style.eu\/Blog\/wp-content\/uploads\/2024\/07\/H24R0106-143.jpg?fit=1200%2C800&ssl=1&resize=350%2C200","width":350,"height":200,"srcset":"https:\/\/i0.wp.com\/www.light-style.eu\/Blog\/wp-content\/uploads\/2024\/07\/H24R0106-143.jpg?fit=1200%2C800&ssl=1&resize=350%2C200 1x, https:\/\/i0.wp.com\/www.light-style.eu\/Blog\/wp-content\/uploads\/2024\/07\/H24R0106-143.jpg?fit=1200%2C800&ssl=1&resize=525%2C300 1.5x, https:\/\/i0.wp.com\/www.light-style.eu\/Blog\/wp-content\/uploads\/2024\/07\/H24R0106-143.jpg?fit=1200%2C800&ssl=1&resize=700%2C400 2x, https:\/\/i0.wp.com\/www.light-style.eu\/Blog\/wp-content\/uploads\/2024\/07\/H24R0106-143.jpg?fit=1200%2C800&ssl=1&resize=1050%2C600 3x"},"classes":[]},{"id":198,"url":"https:\/\/www.light-style.eu\/Blog\/hochzeit-auf-dem-golfplatz\/","url_meta":{"origin":187,"position":5},"title":"Hochzeit auf dem Golfplatz","author":"Andi M\u00f6ller","date":"13. Juni 2014","format":false,"excerpt":"Moin moin, morgen am Samstag hei\u00dft es wieder Wedding Fotos, freu mich drauf, wenn an der location die Golfb\u00e4lle nicht so tief fliegen w\u00fcrden ;-) Die Feier, und auf Wunsch des Brautpaares auch die Fotos werden nicht weit von uns auf dem Hof Trages sein, ein nettes altes Geh\u00f6f ,\u2026","rel":"","context":"In &quot;Allgemein&quot;","block_context":{"text":"Allgemein","link":"https:\/\/www.light-style.eu\/Blog\/category\/allgemein\/"},"img":{"alt_text":"","src":"https:\/\/i0.wp.com\/www.light-style.eu\/Blog\/wp-content\/uploads\/2019\/01\/IMAG0065.jpg?resize=350%2C200","width":350,"height":200,"srcset":"https:\/\/i0.wp.com\/www.light-style.eu\/Blog\/wp-content\/uploads\/2019\/01\/IMAG0065.jpg?resize=350%2C200 1x, https:\/\/i0.wp.com\/www.light-style.eu\/Blog\/wp-content\/uploads\/2019\/01\/IMAG0065.jpg?resize=525%2C300 1.5x, https:\/\/i0.wp.com\/www.light-style.eu\/Blog\/wp-content\/uploads\/2019\/01\/IMAG0065.jpg?resize=700%2C400 2x, https:\/\/i0.wp.com\/www.light-style.eu\/Blog\/wp-content\/uploads\/2019\/01\/IMAG0065.jpg?resize=1050%2C600 3x"},"classes":[]}],"_links":{"self":[{"href":"https:\/\/www.light-style.eu\/Blog\/wp-json\/wp\/v2\/posts\/187","targetHints":{"allow":["GET"]}}],"collection":[{"href":"https:\/\/www.light-style.eu\/Blog\/wp-json\/wp\/v2\/posts"}],"about":[{"href":"https:\/\/www.light-style.eu\/Blog\/wp-json\/wp\/v2\/types\/post"}],"author":[{"embeddable":true,"href":"https:\/\/www.light-style.eu\/Blog\/wp-json\/wp\/v2\/users\/2"}],"replies":[{"embeddable":true,"href":"https:\/\/www.light-style.eu\/Blog\/wp-json\/wp\/v2\/comments?post=187"}],"version-history":[{"count":0,"href":"https:\/\/www.light-style.eu\/Blog\/wp-json\/wp\/v2\/posts\/187\/revisions"}],"wp:featuredmedia":[{"embeddable":true,"href":"https:\/\/www.light-style.eu\/Blog\/wp-json\/wp\/v2\/media\/272"}],"wp:attachment":[{"href":"https:\/\/www.light-style.eu\/Blog\/wp-json\/wp\/v2\/media?parent=187"}],"wp:term":[{"taxonomy":"category","embeddable":true,"href":"https:\/\/www.light-style.eu\/Blog\/wp-json\/wp\/v2\/categories?post=187"},{"taxonomy":"post_tag","embeddable":true,"href":"https:\/\/www.light-style.eu\/Blog\/wp-json\/wp\/v2\/tags?post=187"}],"curies":[{"name":"wp","href":"https:\/\/api.w.org\/{rel}","templated":true}]}}