{"id":192,"date":"2014-06-10T15:51:45","date_gmt":"2014-06-10T13:51:45","guid":{"rendered":"http:\/\/lightstyle.blogg.de\/?p=192"},"modified":"2019-01-17T18:21:16","modified_gmt":"2019-01-17T17:21:16","slug":"ein-bisschen-donnerwetter","status":"publish","type":"post","link":"https:\/\/www.light-style.eu\/Blog\/ein-bisschen-donnerwetter\/","title":{"rendered":"ein bisschen Donnerwetter"},"content":{"rendered":"\n<figure class=\"wp-block-image\"><img data-recalc-dims=\"1\" loading=\"lazy\" decoding=\"async\" width=\"1170\" height=\"780\" data-attachment-id=\"4268\" data-permalink=\"https:\/\/www.light-style.eu\/Blog\/10295442_4321170885151_7508537220148440961_o\/\" data-orig-file=\"https:\/\/i0.wp.com\/www.light-style.eu\/Blog\/wp-content\/uploads\/2019\/01\/10295442_4321170885151_7508537220148440961_o.jpg?fit=1200%2C800&amp;ssl=1\" data-orig-size=\"1200,800\" data-comments-opened=\"1\" data-image-meta=\"{&quot;aperture&quot;:&quot;0&quot;,&quot;credit&quot;:&quot;Photographer: www.light-style.eu&quot;,&quot;camera&quot;:&quot;&quot;,&quot;caption&quot;:&quot;&quot;,&quot;created_timestamp&quot;:&quot;0&quot;,&quot;copyright&quot;:&quot;Copyright:Studio Light-Style&quot;,&quot;focal_length&quot;:&quot;0&quot;,&quot;iso&quot;:&quot;0&quot;,&quot;shutter_speed&quot;:&quot;0&quot;,&quot;title&quot;:&quot;&quot;,&quot;orientation&quot;:&quot;0&quot;}\" data-image-title=\"Gewitter \u00fcber Rodenbach\" data-image-description=\"\" data-image-caption=\"\" data-large-file=\"https:\/\/i0.wp.com\/www.light-style.eu\/Blog\/wp-content\/uploads\/2019\/01\/10295442_4321170885151_7508537220148440961_o.jpg?fit=1170%2C780&amp;ssl=1\" src=\"https:\/\/i0.wp.com\/www.light-style.eu\/Blog\/wp-content\/uploads\/2019\/01\/10295442_4321170885151_7508537220148440961_o.jpg?resize=1170%2C780&#038;ssl=1\" alt=\"\" class=\"wp-image-4268\" srcset=\"https:\/\/i0.wp.com\/www.light-style.eu\/Blog\/wp-content\/uploads\/2019\/01\/10295442_4321170885151_7508537220148440961_o.jpg?w=1200&amp;ssl=1 1200w, https:\/\/i0.wp.com\/www.light-style.eu\/Blog\/wp-content\/uploads\/2019\/01\/10295442_4321170885151_7508537220148440961_o.jpg?resize=600%2C400&amp;ssl=1 600w, https:\/\/i0.wp.com\/www.light-style.eu\/Blog\/wp-content\/uploads\/2019\/01\/10295442_4321170885151_7508537220148440961_o.jpg?resize=768%2C512&amp;ssl=1 768w\" sizes=\"auto, (max-width: 1170px) 100vw, 1170px\" \/><\/figure>\n\n\n<p>Ich hoffe ihr habt die gestrige Gewitterfront gut \u00fcber standen. Was macht ein Fotograf bei so nem Wetter ? Klar da gehts auf den Balkon und wird versucht das Geschehen ein wenig fest zu halten :-). Habt ihr das auch probiert? Ich hatte die Kamera Einstellung auf B Aldo so lange belichten wie der Ausl\u00f6ser gedr\u00fcckt wir, ne blende von 9-10 eingestellt, ISO 800 unddann bei jedem Foto du 10 Sekunden runter gez\u00e4hlt \ud83d\ude42 . ich wei\u00df gar nicht mehr wie oft ich gewartet habe mit offenem Verschluss die Sekunden gez\u00e4hlt, nixblitzt, Finger vom Ausl\u00f6ser und dann kam der Blitz&#8230;..Geduld wird da echt gefragt \ud83d\ude1b \u00a0dann heute morgen noch die Farbtemperatur der Haus Beleuchtung korrigiert, und fertig. War ein gmz interessantes Schauspiel, wenn wir auch nicht mal einen Bruchteil von dem abbekommen haben was wohl in K\u00f6ln und Umland los war. Hoffen wir dass es f\u00fcr alle mit einem blauen Auge aus ging.<\/p>\n<p>EuerAndii<\/p><div style='text-align:center' class='yasr-auto-insert-visitor'><!--Yasr Visitor Votes Shortcode--><div id='yasr_visitor_votes_d69df8a37ecb0' class='yasr-visitor-votes'><div class=\"yasr-custom-text-vv-before yasr-custom-text-vv-before-192\">Hat es Dir gefallen?<\/div><div id='yasr-vv-second-row-container-d69df8a37ecb0'\r\n                                        class='yasr-vv-second-row-container'><div id='yasr-visitor-votes-rater-d69df8a37ecb0'\r\n                                      class='yasr-rater-stars-vv'\r\n                                      data-rater-postid='192'\r\n                                      data-rating='0'\r\n                                      data-rater-starsize='32'\r\n                                      data-rater-readonly='false'\r\n                                      data-rater-nonce='06c9425c89'\r\n                                      data-issingular='false'\r\n                                    ><\/div><div class=\"yasr-vv-stats-text-container\" id=\"yasr-vv-stats-text-container-d69df8a37ecb0\"><span id=\"yasr-vv-text-container-d69df8a37ecb0\" class=\"yasr-vv-text-container\">[Total: <span id=\"yasr-vv-votes-number-container-d69df8a37ecb0\">0<\/span> Average: <span id=\"yasr-vv-average-container-d69df8a37ecb0\">0<\/span>]<\/span><\/div><div id='yasr-vv-loader-d69df8a37ecb0' class='yasr-vv-container-loader'><\/div><\/div><div id='yasr-vv-bottom-container-d69df8a37ecb0'\r\n                              class='yasr-vv-bottom-container'\r\n                              style='display:none'><\/div><\/div><!--End Yasr Visitor Votes Shortcode--><\/div>","protected":false},"excerpt":{"rendered":"<p>Ich hoffe ihr habt die gestrige Gewitterfront gut \u00fcber standen. Was macht ein Fotograf bei so nem Wetter ? Klar da gehts auf den Balkon und wird versucht das Geschehen ein wenig fest zu halten :-). Habt ihr das auch probiert? Ich hatte die Kamera Einstellung auf B Aldo so lange belichten wie der Ausl\u00f6ser<span class=\"post-excerpt-end\">&hellip;<\/span><\/p>\n<p class=\"more-link\"><a href=\"https:\/\/www.light-style.eu\/Blog\/ein-bisschen-donnerwetter\/\" class=\"themebutton\">Read More<\/a><\/p>\n","protected":false},"author":2,"featured_media":0,"comment_status":"open","ping_status":"open","sticky":false,"template":"","format":"standard","meta":{"jetpack_post_was_ever_published":false,"yasr_overall_rating":0,"yasr_post_is_review":"","yasr_auto_insert_disabled":"","yasr_review_type":"","_jetpack_newsletter_access":"","_jetpack_dont_email_post_to_subs":false,"_jetpack_newsletter_tier_id":0,"_jetpack_memberships_contains_paywalled_content":false,"_jetpack_memberships_contains_paid_content":false,"footnotes":"","jetpack_publicize_message":"","jetpack_publicize_feature_enabled":true,"jetpack_social_post_already_shared":false,"jetpack_social_options":{"image_generator_settings":{"template":"highway","default_image_id":0,"font":"","enabled":false},"version":2}},"categories":[2,47,48],"tags":[50],"class_list":["post-192","post","type-post","status-publish","format-standard","hentry","category-fototips","category-natur","category-naturfotos","tag-naturfotos"],"yasr_visitor_votes":{"stars_attributes":{"read_only":false,"span_bottom":false},"number_of_votes":0,"sum_votes":0},"jetpack_publicize_connections":[],"jetpack_featured_media_url":"","jetpack_sharing_enabled":true,"jetpack_shortlink":"https:\/\/wp.me\/p4Ojrv-36","jetpack-related-posts":[{"id":8197,"url":"https:\/\/www.light-style.eu\/Blog\/drachenschlucht\/","url_meta":{"origin":192,"position":0},"title":"Drachenschlucht","author":"Andi M\u00f6ller","date":"17. April 2024","format":"status","excerpt":"Moin moin, vor einigen Tagen musste ich dann doch einmal das traumhafte Fr\u00fchlingswetter genie\u00dfen, also Wanderschuhe eingepackt und ab Richtung Eisenach, zur Drachenschlucht. Ich hab ja schon ein paar deutsche Schluchten fotografisch erwandert, aber ich gebe zu, die Drachenschlucht ist einmalig. Nicht so gro\u00df wie die Wutachschlucht im Schwarzwald, aber\u2026","rel":"","context":"In &quot;abseits des Alltags&quot;","block_context":{"text":"abseits des Alltags","link":"https:\/\/www.light-style.eu\/Blog\/category\/abseits-des-alltags\/"},"img":{"alt_text":"","src":"https:\/\/i0.wp.com\/www.light-style.eu\/Blog\/wp-content\/uploads\/2024\/04\/Drachenschlucht-154.jpg?fit=1200%2C800&ssl=1&resize=350%2C200","width":350,"height":200,"srcset":"https:\/\/i0.wp.com\/www.light-style.eu\/Blog\/wp-content\/uploads\/2024\/04\/Drachenschlucht-154.jpg?fit=1200%2C800&ssl=1&resize=350%2C200 1x, https:\/\/i0.wp.com\/www.light-style.eu\/Blog\/wp-content\/uploads\/2024\/04\/Drachenschlucht-154.jpg?fit=1200%2C800&ssl=1&resize=525%2C300 1.5x, https:\/\/i0.wp.com\/www.light-style.eu\/Blog\/wp-content\/uploads\/2024\/04\/Drachenschlucht-154.jpg?fit=1200%2C800&ssl=1&resize=700%2C400 2x, https:\/\/i0.wp.com\/www.light-style.eu\/Blog\/wp-content\/uploads\/2024\/04\/Drachenschlucht-154.jpg?fit=1200%2C800&ssl=1&resize=1050%2C600 3x"},"classes":[]},{"id":8021,"url":"https:\/\/www.light-style.eu\/Blog\/rodenbacher-winter-2024\/","url_meta":{"origin":192,"position":1},"title":"Rodenbacher Winter 2024","author":"Andi M\u00f6ller","date":"24. Januar 2024","format":"status","excerpt":"ENDLICH.... endlich hat Alles mal gepasst, ich hatte Zeit um die Kamera mal wieder privat in die Hand zu nehmen, es war herrlich wei\u00df hier bei uns und das Wetter hat auch mitgespielt. Letzten Sonntag war es dann so weit, aber eine Fototour in die Rh\u00f6n, so wie gef\u00fchlte 100.000\u2026","rel":"","context":"In &quot;abseits des Alltags&quot;","block_context":{"text":"abseits des Alltags","link":"https:\/\/www.light-style.eu\/Blog\/category\/abseits-des-alltags\/"},"img":{"alt_text":"","src":"https:\/\/i0.wp.com\/www.light-style.eu\/Blog\/wp-content\/uploads\/2024\/01\/Rodenbacher-Winter-2024-134-1.jpg?fit=1200%2C800&ssl=1&resize=350%2C200","width":350,"height":200,"srcset":"https:\/\/i0.wp.com\/www.light-style.eu\/Blog\/wp-content\/uploads\/2024\/01\/Rodenbacher-Winter-2024-134-1.jpg?fit=1200%2C800&ssl=1&resize=350%2C200 1x, https:\/\/i0.wp.com\/www.light-style.eu\/Blog\/wp-content\/uploads\/2024\/01\/Rodenbacher-Winter-2024-134-1.jpg?fit=1200%2C800&ssl=1&resize=525%2C300 1.5x, https:\/\/i0.wp.com\/www.light-style.eu\/Blog\/wp-content\/uploads\/2024\/01\/Rodenbacher-Winter-2024-134-1.jpg?fit=1200%2C800&ssl=1&resize=700%2C400 2x, https:\/\/i0.wp.com\/www.light-style.eu\/Blog\/wp-content\/uploads\/2024\/01\/Rodenbacher-Winter-2024-134-1.jpg?fit=1200%2C800&ssl=1&resize=1050%2C600 3x"},"classes":[]},{"id":10924,"url":"https:\/\/www.light-style.eu\/Blog\/den-1-sonnenstrahl\/","url_meta":{"origin":192,"position":2},"title":"Den 1. Sonnenstrahl","author":"Andi M\u00f6ller","date":"10. M\u00e4rz 2026","format":"status","excerpt":"Moin, so wenn ich es schaffe, gibts heute mal 2 Beitr\u00e4ge, nachdem ich Euch die letzten Wochen echt vernachl\u00e4ssigt habe, warum dazu im n\u00e4chsten Beitrag. Wir haben ja dieses Jahr das Gl\u00fcck unglaublich fr\u00fch dieses tolle Wetter genie\u00dfen zu k\u00f6nnen und ich hatte doch tats\u00e4chlich auch mal Zeit die Wanderschuhe\u2026","rel":"","context":"In &quot;abseits des Alltags&quot;","block_context":{"text":"abseits des Alltags","link":"https:\/\/www.light-style.eu\/Blog\/category\/abseits-des-alltags\/"},"img":{"alt_text":"","src":"https:\/\/i0.wp.com\/www.light-style.eu\/Blog\/wp-content\/uploads\/2026\/03\/Fotowalk-Rodenbach-Alzenau-1-26-36.jpg?fit=1200%2C800&ssl=1&resize=350%2C200","width":350,"height":200,"srcset":"https:\/\/i0.wp.com\/www.light-style.eu\/Blog\/wp-content\/uploads\/2026\/03\/Fotowalk-Rodenbach-Alzenau-1-26-36.jpg?fit=1200%2C800&ssl=1&resize=350%2C200 1x, https:\/\/i0.wp.com\/www.light-style.eu\/Blog\/wp-content\/uploads\/2026\/03\/Fotowalk-Rodenbach-Alzenau-1-26-36.jpg?fit=1200%2C800&ssl=1&resize=525%2C300 1.5x, https:\/\/i0.wp.com\/www.light-style.eu\/Blog\/wp-content\/uploads\/2026\/03\/Fotowalk-Rodenbach-Alzenau-1-26-36.jpg?fit=1200%2C800&ssl=1&resize=700%2C400 2x, https:\/\/i0.wp.com\/www.light-style.eu\/Blog\/wp-content\/uploads\/2026\/03\/Fotowalk-Rodenbach-Alzenau-1-26-36.jpg?fit=1200%2C800&ssl=1&resize=1050%2C600 3x"},"classes":[]},{"id":730,"url":"https:\/\/www.light-style.eu\/Blog\/mittagspause-das-rodenbacher-umland\/","url_meta":{"origin":192,"position":3},"title":"Mittagspause &#038; das Rodenbacher Umland","author":"Andi M\u00f6ller","date":"13. Mai 2015","format":false,"excerpt":"Wie hei\u00dft es doch so sch\u00f6n : essen wird \u00fcberbewertet ;-) Und da ich eh wieder etwas an mich halten muss, hab ich die Mittagspause heute doch mal genutzt um etwas sinnvolles zu tun. ;-) Nachdem demn\u00e4chst Fotos f\u00fcr ein Musikerp\u00e4rchen ansteht, CD Cover\u00a0 im Bereich Oldies hab ich mir\u2026","rel":"","context":"In &quot;abseits des Alltags&quot;","block_context":{"text":"abseits des Alltags","link":"https:\/\/www.light-style.eu\/Blog\/category\/abseits-des-alltags\/"},"img":{"alt_text":"","src":"https:\/\/i0.wp.com\/www.light-style.eu\/Blog\/wp-content\/uploads\/2015\/05\/MG_0053-Bearbeitet-Kopie.jpg?resize=350%2C200","width":350,"height":200,"srcset":"https:\/\/i0.wp.com\/www.light-style.eu\/Blog\/wp-content\/uploads\/2015\/05\/MG_0053-Bearbeitet-Kopie.jpg?resize=350%2C200 1x, https:\/\/i0.wp.com\/www.light-style.eu\/Blog\/wp-content\/uploads\/2015\/05\/MG_0053-Bearbeitet-Kopie.jpg?resize=525%2C300 1.5x, https:\/\/i0.wp.com\/www.light-style.eu\/Blog\/wp-content\/uploads\/2015\/05\/MG_0053-Bearbeitet-Kopie.jpg?resize=700%2C400 2x"},"classes":[]},{"id":8404,"url":"https:\/\/www.light-style.eu\/Blog\/teneriffa\/","url_meta":{"origin":192,"position":4},"title":"Teneriffa","author":"Andi M\u00f6ller","date":"20. November 2024","format":"status","excerpt":"Ja, ich wei\u00df, ich bin wieder mal m\u00e4chtig sp\u00e4t dran ;-), habs aber echt nicht geschafft vorher mich, um die Fotos von Teneriffa zu k\u00fcmmern, ich hoffe, Ihr k\u00f6nnt mir dies verzeihen ;-) Ich kann auch im Urlaub einfach nicht die Finger von der Kamera lassen, erst recht nicht auf\u2026","rel":"","context":"In &quot;abseits des Alltags&quot;","block_context":{"text":"abseits des Alltags","link":"https:\/\/www.light-style.eu\/Blog\/category\/abseits-des-alltags\/"},"img":{"alt_text":"","src":"https:\/\/i0.wp.com\/www.light-style.eu\/Blog\/wp-content\/uploads\/2024\/11\/Teneriffa-24-43.jpg?fit=1200%2C800&ssl=1&resize=350%2C200","width":350,"height":200,"srcset":"https:\/\/i0.wp.com\/www.light-style.eu\/Blog\/wp-content\/uploads\/2024\/11\/Teneriffa-24-43.jpg?fit=1200%2C800&ssl=1&resize=350%2C200 1x, https:\/\/i0.wp.com\/www.light-style.eu\/Blog\/wp-content\/uploads\/2024\/11\/Teneriffa-24-43.jpg?fit=1200%2C800&ssl=1&resize=525%2C300 1.5x, https:\/\/i0.wp.com\/www.light-style.eu\/Blog\/wp-content\/uploads\/2024\/11\/Teneriffa-24-43.jpg?fit=1200%2C800&ssl=1&resize=700%2C400 2x, https:\/\/i0.wp.com\/www.light-style.eu\/Blog\/wp-content\/uploads\/2024\/11\/Teneriffa-24-43.jpg?fit=1200%2C800&ssl=1&resize=1050%2C600 3x"},"classes":[]},{"id":2386,"url":"https:\/\/www.light-style.eu\/Blog\/italien-2016\/","url_meta":{"origin":192,"position":5},"title":"Italien 2016","author":"Andi M\u00f6ller","date":"27. August 2016","format":"gallery","excerpt":"Hier nun die kompletten Fotos aus dem sch\u00f6nen Italien. Die Menge h\u00e4tte einfach den normalen Blogbeitrag gesprengt. Angefangen bei La spezia, weiter \u00fcber Pisa, Porto Santo Stefano, Florenz, Bolensa und ein paar weitere Orte. Ich kann die Toskana uneingeschr\u00e4nkt als tolle Urlaubsregion empfehlen. Es war einfach traumhaft. Ich hoffe Euch\u2026","rel":"","context":"In &quot;abseits des Alltags&quot;","block_context":{"text":"abseits des Alltags","link":"https:\/\/www.light-style.eu\/Blog\/category\/abseits-des-alltags\/"},"img":{"alt_text":"","src":"https:\/\/i0.wp.com\/www.light-style.eu\/Blog\/wp-content\/uploads\/2016\/08\/Toskana-2016-98.jpg?fit=667%2C1000&ssl=1&resize=350%2C200","width":350,"height":200,"srcset":"https:\/\/i0.wp.com\/www.light-style.eu\/Blog\/wp-content\/uploads\/2016\/08\/Toskana-2016-98.jpg?fit=667%2C1000&ssl=1&resize=350%2C200 1x, https:\/\/i0.wp.com\/www.light-style.eu\/Blog\/wp-content\/uploads\/2016\/08\/Toskana-2016-98.jpg?fit=667%2C1000&ssl=1&resize=525%2C300 1.5x"},"classes":[]}],"_links":{"self":[{"href":"https:\/\/www.light-style.eu\/Blog\/wp-json\/wp\/v2\/posts\/192","targetHints":{"allow":["GET"]}}],"collection":[{"href":"https:\/\/www.light-style.eu\/Blog\/wp-json\/wp\/v2\/posts"}],"about":[{"href":"https:\/\/www.light-style.eu\/Blog\/wp-json\/wp\/v2\/types\/post"}],"author":[{"embeddable":true,"href":"https:\/\/www.light-style.eu\/Blog\/wp-json\/wp\/v2\/users\/2"}],"replies":[{"embeddable":true,"href":"https:\/\/www.light-style.eu\/Blog\/wp-json\/wp\/v2\/comments?post=192"}],"version-history":[{"count":0,"href":"https:\/\/www.light-style.eu\/Blog\/wp-json\/wp\/v2\/posts\/192\/revisions"}],"wp:attachment":[{"href":"https:\/\/www.light-style.eu\/Blog\/wp-json\/wp\/v2\/media?parent=192"}],"wp:term":[{"taxonomy":"category","embeddable":true,"href":"https:\/\/www.light-style.eu\/Blog\/wp-json\/wp\/v2\/categories?post=192"},{"taxonomy":"post_tag","embeddable":true,"href":"https:\/\/www.light-style.eu\/Blog\/wp-json\/wp\/v2\/tags?post=192"}],"curies":[{"name":"wp","href":"https:\/\/api.w.org\/{rel}","templated":true}]}}