{"id":2110,"date":"2016-06-07T19:55:41","date_gmt":"2016-06-07T17:55:41","guid":{"rendered":"http:\/\/www.light-style.eu\/Blog\/?p=2110"},"modified":"2021-03-15T16:37:49","modified_gmt":"2021-03-15T15:37:49","slug":"reparatur-jinbei-600-hd-ii","status":"publish","type":"post","link":"https:\/\/www.light-style.eu\/Blog\/reparatur-jinbei-600-hd-ii\/","title":{"rendered":"Reparatur Jinbei HD600 II &#8211; Empfehlung"},"content":{"rendered":"<p>Moin,<\/p>\n<h5>heute richte ich mich mal wieder an die Kollegen und nat\u00fcrlich auch Kolleginnen der Fotozunft \ud83d\ude09 Ich hatte ja schon mal erw\u00e4hnt, dass ich neben meinen ganzen Hensel Blitzger\u00e4ten auch ein Jinbei HD 600 II zur Arbeit benutze. Dieses im Vergleich recht preisg\u00fcnstige Ger\u00e4t hat n\u00e4mlich neben der kompakten Bauweise auch den Vorteil dass es HSS kann. Also mit ultrakurzen Verschlusszeiten zusammen arbeitet. ( Brauche ich in 2 Wochen wieder wenn es um Fotos f\u00fcr das Thema Radsport geht \ud83d\ude09 )<\/h5>\n<h5>Dass es mir schon beim <a href=\"https:\/\/www.light-style.eu\/Blog\/?s=pocahontas\" target=\"_blank\" rel=\"noopener\">Pocahontas Shooting<\/a> hin und wieder umgefallen war , hatte ich erw\u00e4hnt aber auf dem weichen Waldboden war das kein Problem.<\/h5>\n<h5>Aber Shit happens, bei einer Hochzeit am Schlo\u00df hatte ich es auch im Einsatz und der Trauzeuge wurde extra eingespannt um an diesem recht windigen Tag das Ger\u00e4t nur festzuhalten. Dann der Ruf der Braut&#8230;&#8220; kannst Du mal kurz..&#8220;&#8230; und schon wars passiert, er l\u00e4sst los um der Braut zu helfen und das gute Jinbei ( auf Stativ ca 2,50m H\u00f6he) bekommt die Windb\u00f6e ab und hat nichts Besseres zu tun als direkt die Steintreppe nebenan runter zu segeln, H\u00f6henunterschied, ca 3 Meter, also zusammen mit dem Stativ ca 5,50m in die Tiefe, auf Steinstufen. Ich denke ich muss nicht erw\u00e4hnen, dass solch eine Tortur selbst meine teuren Hensel Ger\u00e4te kaum schadfrei \u00fcberstanden h\u00e4tten. Zum Gl\u00fcck hatte der weiche Reflektor den Sturz im Bereich der Blitzr\u00f6hre abgefedert, so dass es \u00fcberwiegend mit dem hinteren Bedienelement aufschlug. Der Schaden , wie auf dem Foto zu sehen, das Display hin , Bedienung also nur noch intuitiv, IR-Kappe gebrochen und kleinere Macken am Geh\u00e4use und ok, der Ministecker vom Kabel des Pocket Wizard Funkausl\u00f6sers abgebrochen .&nbsp; Ansonsten funktionierte es aber noch .<\/h5>\n<div id=\"attachment_2111\" style=\"width: 1210px\" class=\"wp-caption aligncenter\"><a href=\"https:\/\/i0.wp.com\/www.light-style.eu\/Blog\/wp-content\/uploads\/2016\/06\/Jinbei-defekt.jpg?ssl=1\"><img data-recalc-dims=\"1\" loading=\"lazy\" decoding=\"async\" aria-describedby=\"caption-attachment-2111\" data-attachment-id=\"2111\" data-permalink=\"https:\/\/www.light-style.eu\/Blog\/reparatur-jinbei-600-hd-ii\/jinbei-defekt\/#main\" data-orig-file=\"https:\/\/i0.wp.com\/www.light-style.eu\/Blog\/wp-content\/uploads\/2016\/06\/Jinbei-defekt.jpg?fit=1200%2C800&amp;ssl=1\" data-orig-size=\"1200,800\" data-comments-opened=\"1\" data-image-meta=\"{&quot;aperture&quot;:&quot;8&quot;,&quot;credit&quot;:&quot;Andi M\\u00f6ller&quot;,&quot;camera&quot;:&quot;Canon EOS 5D Mark II&quot;,&quot;caption&quot;:&quot;&quot;,&quot;created_timestamp&quot;:&quot;1462190006&quot;,&quot;copyright&quot;:&quot;photostudio Light-Style&quot;,&quot;focal_length&quot;:&quot;200&quot;,&quot;iso&quot;:&quot;100&quot;,&quot;shutter_speed&quot;:&quot;0.008&quot;,&quot;title&quot;:&quot;&quot;,&quot;orientation&quot;:&quot;1&quot;}\" data-image-title=\"Jinbei defekt\" data-image-description=\"\" data-image-caption=\"\" data-large-file=\"https:\/\/i0.wp.com\/www.light-style.eu\/Blog\/wp-content\/uploads\/2016\/06\/Jinbei-defekt.jpg?fit=1170%2C780&amp;ssl=1\" class=\"wp-image-2111 size-full\" src=\"https:\/\/i0.wp.com\/www.light-style.eu\/Blog\/wp-content\/uploads\/2016\/06\/Jinbei-defekt.jpg?resize=1170%2C780&#038;ssl=1\" alt=\"Jinbei defekt\" width=\"1170\" height=\"780\" srcset=\"https:\/\/i0.wp.com\/www.light-style.eu\/Blog\/wp-content\/uploads\/2016\/06\/Jinbei-defekt.jpg?w=1200&amp;ssl=1 1200w, https:\/\/i0.wp.com\/www.light-style.eu\/Blog\/wp-content\/uploads\/2016\/06\/Jinbei-defekt.jpg?resize=600%2C400&amp;ssl=1 600w, https:\/\/i0.wp.com\/www.light-style.eu\/Blog\/wp-content\/uploads\/2016\/06\/Jinbei-defekt.jpg?resize=768%2C512&amp;ssl=1 768w\" sizes=\"auto, (max-width: 1170px) 100vw, 1170px\" \/><\/a><p id=\"caption-attachment-2111\" class=\"wp-caption-text\">eindeutige Sturzspuren \ud83d\ude1b<\/p><\/div>\n<h5>Da nur Foto-Morgen diese Ger\u00e4te in Deutschland vertreibt, rief ich dort an wegen einer Reparatur, schlie\u00dflich war es recht neu. Die Aussage von Foto-Morgen, &#8230; &#8222;<em>ne da ist keine Reparatur vorgesehen&#8230;&#8230;&#8230;.&#8220;.<\/em>..???? <strong><em>Bitte?<\/em> <\/strong>Auch wenn das Ger\u00e4t nur ca. 600\u20ac kostet im Gegensatz zu den Henselger\u00e4ten von 1500-3000\u20ac , h\u00e4tte ich doch etwas Anderes erwartet.<\/h5>\n<h5>Plan B, ein Bekannter bastelt \u00f6fters mal im Elektronikbereich und kennt sich aus. Also versuchen das Display so zu bekommen, bei Foto-Morgen wurde er wohl am Telefon recht unm\u00f6glich abgefertigt, null Hilfe( auf jeden Fall war er nach dem Telefonat recht angefressen)&nbsp; und beim Hersteller im fernen Asien hat man nat\u00fcrlich nix verstanden.<\/h5>\n<h5>Es musste ein Plan C her, denn die blinde Bedienung des Ger\u00e4tes macht auf Dauer keinen Spa\u00df, wenn man mehr sch\u00e4tzen muss wie es gerade eingestellt ist. Moment mal, ich hatte doch mal ein Hensel Ger\u00e4t in Reparatur bei <a href=\"http:\/\/studioblitz.de\/reparatur\" target=\"_blank\" rel=\"noopener\"><span style=\"color: #ff00ff;\"><span style=\"text-decoration: underline;\">Mikrosat<\/span> <\/span><\/a>und war damals sehr zufrieden, schnell und fair im Preis. Glaube die Ger\u00e4te werden in Ungarn repariert, die Firma sitzt aber in Hamburg. Also da mal anrufen, &#8230;&#8230;.. <em>ja klar kein Problem&#8230;.<\/em>&#8230;. hey super, ein Lichtblick.<\/h5>\n<h4>Also Ger\u00e4t eingeschickt, nach 3 Tagen kam die Mail, Ger\u00e4t \u00fcberpr\u00fcft, Ersatzteibeschaffung dauert ca 2 Wochen. Reparaturpreis ( pauschal bei Mikrosat) 99\u20ac plus 47\u20ac f\u00fcr die Ersatzteile, also zusammen inkl. Versand zur\u00fcck <strong><em>nur 146\u20ac<\/em><\/strong>, das war doch ein Wort.<\/h4>\n<div id=\"attachment_2141\" style=\"width: 384px\" class=\"wp-caption aligncenter\"><a href=\"https:\/\/i0.wp.com\/www.light-style.eu\/Blog\/wp-content\/uploads\/2016\/06\/Jinbei-Repariert-2.jpg?ssl=1\"><img data-recalc-dims=\"1\" loading=\"lazy\" decoding=\"async\" aria-describedby=\"caption-attachment-2141\" data-attachment-id=\"2141\" data-permalink=\"https:\/\/www.light-style.eu\/Blog\/reparatur-jinbei-600-hd-ii\/jinbei-repariert-2\/#main\" data-orig-file=\"https:\/\/i0.wp.com\/www.light-style.eu\/Blog\/wp-content\/uploads\/2016\/06\/Jinbei-Repariert-2.jpg?fit=800%2C1200&amp;ssl=1\" data-orig-size=\"800,1200\" data-comments-opened=\"1\" data-image-meta=\"{&quot;aperture&quot;:&quot;5.6&quot;,&quot;credit&quot;:&quot;Andi M\\u00f6ller&quot;,&quot;camera&quot;:&quot;Canon EOS 5D Mark II&quot;,&quot;caption&quot;:&quot;&quot;,&quot;created_timestamp&quot;:&quot;1465227055&quot;,&quot;copyright&quot;:&quot;photostudio Light-Style&quot;,&quot;focal_length&quot;:&quot;75&quot;,&quot;iso&quot;:&quot;100&quot;,&quot;shutter_speed&quot;:&quot;0.008&quot;,&quot;title&quot;:&quot;&quot;,&quot;orientation&quot;:&quot;1&quot;}\" data-image-title=\"Jinbei Repariert 2\" data-image-description=\"\" data-image-caption=\"\" data-large-file=\"https:\/\/i0.wp.com\/www.light-style.eu\/Blog\/wp-content\/uploads\/2016\/06\/Jinbei-Repariert-2.jpg?fit=800%2C1200&amp;ssl=1\" class=\"wp-image-2141\" src=\"https:\/\/i0.wp.com\/www.light-style.eu\/Blog\/wp-content\/uploads\/2016\/06\/Jinbei-Repariert-2.jpg?resize=374%2C561&#038;ssl=1\" alt=\"Jinbei Repariert 2\" width=\"374\" height=\"561\" srcset=\"https:\/\/i0.wp.com\/www.light-style.eu\/Blog\/wp-content\/uploads\/2016\/06\/Jinbei-Repariert-2.jpg?w=800&amp;ssl=1 800w, https:\/\/i0.wp.com\/www.light-style.eu\/Blog\/wp-content\/uploads\/2016\/06\/Jinbei-Repariert-2.jpg?resize=400%2C600&amp;ssl=1 400w, https:\/\/i0.wp.com\/www.light-style.eu\/Blog\/wp-content\/uploads\/2016\/06\/Jinbei-Repariert-2.jpg?resize=768%2C1152&amp;ssl=1 768w\" sizes=\"auto, (max-width: 374px) 100vw, 374px\" \/><\/a><p id=\"caption-attachment-2141\" class=\"wp-caption-text\">mein gutes St\u00fcck, top repariert zur\u00fcck, ganz ehrlich sieht aus wie nagelneu<\/p><\/div>\n<h4>Was soll ich sagen, jetzt nach insgesamt guten 3 Wochen ist das Ger\u00e4t repariert und voll einsatzf\u00e4hig zur\u00fcck. <em><strong>Fazit:<\/strong> <\/em>Wenn Ihr Probleme mit Euren Studioblitzen etc. habt, fragt mal bei <a href=\"http:\/\/studioblitz.de\/reparatur\" target=\"_blank\" rel=\"noopener\">Mikrosat<\/a> nach, kann ich vorbehaltlos weiter empfehlen. Wobei ich von dem Service bei Foto-Morgen etwas entt\u00e4uscht bin, da hat es den Anschein, man will dem Kunden nicht helfen sondern m\u00f6glichst ein neues Ger\u00e4t verkaufen ( ok hatte ich auch gekauft \ud83d\ude1b ). Aber dank <a href=\"http:\/\/studioblitz.de\/reparatur\" target=\"_blank\" rel=\"noopener\">Mikrosat<\/a> hab ich wieder Hoffnung f\u00fcr die mehr oder weniger deutsche Service-W\u00fcste \ud83d\ude09<\/h4>\n<h5>Mal schauen ob das n\u00e4chste Mal die Gewichts\u00e4cke f\u00fcr die Stative helfen \ud83d\ude1b damit nix umf\u00e4llt.<\/h5>\n<h5>Euer Andi<\/h5>\n<div style='text-align:center' class='yasr-auto-insert-visitor'><!--Yasr Visitor Votes Shortcode--><div id='yasr_visitor_votes_c6f9d2138f5de' class='yasr-visitor-votes'><div class=\"yasr-custom-text-vv-before yasr-custom-text-vv-before-2110\">Hat es Dir gefallen?<\/div><div id='yasr-vv-second-row-container-c6f9d2138f5de'\r\n                                        class='yasr-vv-second-row-container'><div id='yasr-visitor-votes-rater-c6f9d2138f5de'\r\n                                      class='yasr-rater-stars-vv'\r\n                                      data-rater-postid='2110'\r\n                                      data-rating='0'\r\n                                      data-rater-starsize='32'\r\n                                      data-rater-readonly='false'\r\n                                      data-rater-nonce='14c6360544'\r\n                                      data-issingular='false'\r\n                                    ><\/div><div class=\"yasr-vv-stats-text-container\" id=\"yasr-vv-stats-text-container-c6f9d2138f5de\"><span id=\"yasr-vv-text-container-c6f9d2138f5de\" class=\"yasr-vv-text-container\">[Total: <span id=\"yasr-vv-votes-number-container-c6f9d2138f5de\">0<\/span> Average: <span id=\"yasr-vv-average-container-c6f9d2138f5de\">0<\/span>]<\/span><\/div><div id='yasr-vv-loader-c6f9d2138f5de' class='yasr-vv-container-loader'><\/div><\/div><div id='yasr-vv-bottom-container-c6f9d2138f5de'\r\n                              class='yasr-vv-bottom-container'\r\n                              style='display:none'><\/div><\/div><!--End Yasr Visitor Votes Shortcode--><\/div>","protected":false},"excerpt":{"rendered":"<p>Moin, heute richte ich mich mal wieder an die Kollegen und nat\u00fcrlich auch Kolleginnen der Fotozunft \ud83d\ude09 Ich hatte ja schon mal erw\u00e4hnt, dass ich neben meinen ganzen Hensel Blitzger\u00e4ten auch ein Jinbei HD 600 II zur Arbeit benutze. Dieses im Vergleich recht preisg\u00fcnstige Ger\u00e4t hat n\u00e4mlich neben der kompakten Bauweise auch den Vorteil dass<span class=\"post-excerpt-end\">&hellip;<\/span><\/p>\n<p class=\"more-link\"><a href=\"https:\/\/www.light-style.eu\/Blog\/reparatur-jinbei-600-hd-ii\/\" class=\"themebutton\">Read More<\/a><\/p>\n","protected":false},"author":2,"featured_media":2112,"comment_status":"open","ping_status":"open","sticky":false,"template":"","format":"status","meta":{"jetpack_post_was_ever_published":false,"yasr_overall_rating":0,"yasr_post_is_review":"","yasr_auto_insert_disabled":"","yasr_review_type":"","_jetpack_newsletter_access":"","_jetpack_dont_email_post_to_subs":false,"_jetpack_newsletter_tier_id":0,"_jetpack_memberships_contains_paywalled_content":false,"_jetpack_memberships_contains_paid_content":false,"footnotes":"","jetpack_publicize_message":"","jetpack_publicize_feature_enabled":true,"jetpack_social_post_already_shared":true,"jetpack_social_options":{"image_generator_settings":{"template":"highway","default_image_id":0,"font":"","enabled":false},"version":2}},"categories":[305,122,92,39,4,121],"tags":[54,42,44,40,123],"class_list":["post-2110","post","type-post","status-publish","format-status","has-post-thumbnail","hentry","category-alles","category-empfehlung","category-offene-worte","category-service-fuer-fotografen","category-status","category-technik","tag-die-geschichte-hinter-den-fotos","tag-ein-tag-im-leben-eines-fotografens","tag-emfehlenswerter-tip-fuer-kollegen","tag-fotografenprobleme","tag-technik","post_format-post-format-status"],"yasr_visitor_votes":{"stars_attributes":{"read_only":false,"span_bottom":false},"number_of_votes":0,"sum_votes":0},"jetpack_publicize_connections":[],"jetpack_featured_media_url":"https:\/\/i0.wp.com\/www.light-style.eu\/Blog\/wp-content\/uploads\/2016\/06\/Jinbei-def-klein.jpg?fit=500%2C333&ssl=1","jetpack_sharing_enabled":true,"jetpack_shortlink":"https:\/\/wp.me\/p4Ojrv-y2","jetpack-related-posts":[{"id":765,"url":"https:\/\/www.light-style.eu\/Blog\/pocahontas-shooting-funny-making-of\/","url_meta":{"origin":2110,"position":0},"title":"Pocahontas-Shooting&#8211; funny making of","author":"Andi M\u00f6ller","date":"1. Juni 2015","format":"status","excerpt":"Hey zusammen, gestern war es endlich mal wieder soweit, freies kreatives Arbeiten war angesagt. Wir hatten Lust mal etwas in Richtung Pocahontas , Amazone etc zu shooten. Also gings mit Meelyn als Model, Martina als Visagistin und Michael als Assistenten nach Idstein. Dort hatten wir im Februar den Wald gesehen\u2026","rel":"","context":"In &quot;abseits des Alltags&quot;","block_context":{"text":"abseits des Alltags","link":"https:\/\/www.light-style.eu\/Blog\/category\/abseits-des-alltags\/"},"img":{"alt_text":"Meelyn-2015--284-Bearbeitet Kopie","src":"https:\/\/i0.wp.com\/www.light-style.eu\/Blog\/wp-content\/uploads\/2015\/06\/Meelyn-2015-284-Bearbeitet-Kopie.jpg?resize=350%2C200&ssl=1","width":350,"height":200},"classes":[]},{"id":716,"url":"https:\/\/www.light-style.eu\/Blog\/objektiv-defekt-und-doch-alles-gut-service-der-zu-empfehlen-ist\/","url_meta":{"origin":2110,"position":1},"title":"Objektiv defekt und doch Alles gut &#8212; Service der zu empfehlen ist","author":"Andi M\u00f6ller","date":"4. Mai 2015","format":false,"excerpt":"ja ja, das liebe Fotografenleben, da gehe ich letzten Samstag gut gelaunt und gut vorbereitet hier bei uns zu einer Taufe. Auftrag, ein paar Portr\u00e4ts der Familie an der Kirche und Festhalten der Zeremonie. Alles kein Problem... dachte ich.... Nach ein paar Fotos im kleinen Garten unserer Kirche, und den\u2026","rel":"","context":"In &quot;Allgemein&quot;","block_context":{"text":"Allgemein","link":"https:\/\/www.light-style.eu\/Blog\/category\/allgemein\/"},"img":{"alt_text":"def-Linse","src":"https:\/\/i0.wp.com\/www.light-style.eu\/Blog\/wp-content\/uploads\/2015\/05\/def-Linse.jpg?resize=350%2C200&ssl=1","width":350,"height":200},"classes":[]},{"id":2417,"url":"https:\/\/www.light-style.eu\/Blog\/canons-spritzwasserschutz-seine-tuecken\/","url_meta":{"origin":2110,"position":2},"title":"Canons Spritzwasserschutz &#038; seine T\u00fccken","author":"Andi M\u00f6ller","date":"21. September 2016","format":"status","excerpt":"Moin, ich hatte Euch ja bei den Fotos aus der Toskana auch dieses Foto gezeigt und erw\u00e4hnt, dass ich dazu noch etwas anmerken wollte. Es geht um Canons angepriesenen Spritzwasserschutz. Wie manche von Euch wissen, ist ja eine meine Kameras die 5D MK II inkl. dem Batteriegriff BG-E6 von Canon.\u2026","rel":"","context":"In &quot;Alles&quot;","block_context":{"text":"Alles","link":"https:\/\/www.light-style.eu\/Blog\/category\/alles\/"},"img":{"alt_text":"","src":"https:\/\/i0.wp.com\/www.light-style.eu\/Blog\/wp-content\/uploads\/2016\/09\/batteriegriff-1.jpg?fit=900%2C1200&ssl=1&resize=350%2C200","width":350,"height":200,"srcset":"https:\/\/i0.wp.com\/www.light-style.eu\/Blog\/wp-content\/uploads\/2016\/09\/batteriegriff-1.jpg?fit=900%2C1200&ssl=1&resize=350%2C200 1x, https:\/\/i0.wp.com\/www.light-style.eu\/Blog\/wp-content\/uploads\/2016\/09\/batteriegriff-1.jpg?fit=900%2C1200&ssl=1&resize=525%2C300 1.5x, https:\/\/i0.wp.com\/www.light-style.eu\/Blog\/wp-content\/uploads\/2016\/09\/batteriegriff-1.jpg?fit=900%2C1200&ssl=1&resize=700%2C400 2x"},"classes":[]},{"id":1375,"url":"https:\/\/www.light-style.eu\/Blog\/mit-tricks-aber-keine-photoshop-kreation\/","url_meta":{"origin":2110,"position":3},"title":"Tricks ja &#8211; aber keine Photoshop Kreation","author":"Andi M\u00f6ller","date":"25. September 2015","format":"gallery","excerpt":"Hallo zusammen, es hei\u00dft ja immer, ist eh Alles nur mit Photoshop & Co gemacht. Mitnichten, hier zeige ich Euch mal Fotos wo fast jeder behaupten wird, Alles PS, aber PS wurde nur zur Korrektur der Farben, Flecken, Hintergrundanpassungen, etc eingesetzt, nicht um die Spritzeffekte zu generieren. Dabei wurde ausschlie\u00dflich\u2026","rel":"","context":"In &quot;Allgemein&quot;","block_context":{"text":"Allgemein","link":"https:\/\/www.light-style.eu\/Blog\/category\/allgemein\/"},"img":{"alt_text":"","src":"https:\/\/i0.wp.com\/www.light-style.eu\/Blog\/wp-content\/uploads\/2015\/09\/Cocktails-15-7.jpg?resize=350%2C200","width":350,"height":200},"classes":[]},{"id":6146,"url":"https:\/\/www.light-style.eu\/Blog\/so-schoen-ist-deutschland\/","url_meta":{"origin":2110,"position":4},"title":"So sch\u00f6n ist Deutschland","author":"Andi M\u00f6ller","date":"8. Oktober 2021","format":false,"excerpt":"Moin, moin, wir haben es wieder getan und uns in der wilden Natur unseres sch\u00f6nen Landes herumgetrieben. Ich hab ja schon den ein oder anderen Blog zu diesem Thema geschrieben, und es stimmt wirklich. Ok ohne ahnungslose Politiker w\u00e4re es traumhaft hier, aber das ist ein anderes Thema Vor 3\u2026","rel":"","context":"In &quot;abseits des Alltags&quot;","block_context":{"text":"abseits des Alltags","link":"https:\/\/www.light-style.eu\/Blog\/category\/abseits-des-alltags\/"},"img":{"alt_text":"","src":"https:\/\/i0.wp.com\/www.light-style.eu\/Blog\/wp-content\/uploads\/2021\/10\/Elbsandsteingebirge-2589-1.jpg?fit=1200%2C800&ssl=1&resize=350%2C200","width":350,"height":200,"srcset":"https:\/\/i0.wp.com\/www.light-style.eu\/Blog\/wp-content\/uploads\/2021\/10\/Elbsandsteingebirge-2589-1.jpg?fit=1200%2C800&ssl=1&resize=350%2C200 1x, https:\/\/i0.wp.com\/www.light-style.eu\/Blog\/wp-content\/uploads\/2021\/10\/Elbsandsteingebirge-2589-1.jpg?fit=1200%2C800&ssl=1&resize=525%2C300 1.5x, https:\/\/i0.wp.com\/www.light-style.eu\/Blog\/wp-content\/uploads\/2021\/10\/Elbsandsteingebirge-2589-1.jpg?fit=1200%2C800&ssl=1&resize=700%2C400 2x, https:\/\/i0.wp.com\/www.light-style.eu\/Blog\/wp-content\/uploads\/2021\/10\/Elbsandsteingebirge-2589-1.jpg?fit=1200%2C800&ssl=1&resize=1050%2C600 3x"},"classes":[]},{"id":336,"url":"https:\/\/www.light-style.eu\/Blog\/aktfotos-oder-nacktfotos\/","url_meta":{"origin":2110,"position":5},"title":"Aktfotos oder Nacktfotos","author":"Andi M\u00f6ller","date":"14. Juli 2014","format":"image","excerpt":"Ich hab mich gerade seit langem mal wieder auf dem einen oder anderen Modelportal wie z.B. Modelkartei oder 14Model rumgetrieben, nun verstehe ich wieder warum wir Fotografen so einen schlechten Ruf haben........... Was mir da so unterkam von sogn. profes. Fotografen....... grauselig.... zumindest meiner unma\u00dfgeblichen Meinung nach. Da haben viele\u2026","rel":"","context":"In &quot;Aktfotos&quot;","block_context":{"text":"Aktfotos","link":"https:\/\/www.light-style.eu\/Blog\/category\/aktfotos\/"},"img":{"alt_text":"","src":"https:\/\/i0.wp.com\/www.light-style.eu\/Blog\/wp-content\/uploads\/2014\/07\/A13L0110-40.jpg?fit=600%2C841&ssl=1&resize=350%2C200","width":350,"height":200,"srcset":"https:\/\/i0.wp.com\/www.light-style.eu\/Blog\/wp-content\/uploads\/2014\/07\/A13L0110-40.jpg?fit=600%2C841&ssl=1&resize=350%2C200 1x, https:\/\/i0.wp.com\/www.light-style.eu\/Blog\/wp-content\/uploads\/2014\/07\/A13L0110-40.jpg?fit=600%2C841&ssl=1&resize=525%2C300 1.5x"},"classes":[]}],"_links":{"self":[{"href":"https:\/\/www.light-style.eu\/Blog\/wp-json\/wp\/v2\/posts\/2110","targetHints":{"allow":["GET"]}}],"collection":[{"href":"https:\/\/www.light-style.eu\/Blog\/wp-json\/wp\/v2\/posts"}],"about":[{"href":"https:\/\/www.light-style.eu\/Blog\/wp-json\/wp\/v2\/types\/post"}],"author":[{"embeddable":true,"href":"https:\/\/www.light-style.eu\/Blog\/wp-json\/wp\/v2\/users\/2"}],"replies":[{"embeddable":true,"href":"https:\/\/www.light-style.eu\/Blog\/wp-json\/wp\/v2\/comments?post=2110"}],"version-history":[{"count":0,"href":"https:\/\/www.light-style.eu\/Blog\/wp-json\/wp\/v2\/posts\/2110\/revisions"}],"wp:featuredmedia":[{"embeddable":true,"href":"https:\/\/www.light-style.eu\/Blog\/wp-json\/wp\/v2\/media\/2112"}],"wp:attachment":[{"href":"https:\/\/www.light-style.eu\/Blog\/wp-json\/wp\/v2\/media?parent=2110"}],"wp:term":[{"taxonomy":"category","embeddable":true,"href":"https:\/\/www.light-style.eu\/Blog\/wp-json\/wp\/v2\/categories?post=2110"},{"taxonomy":"post_tag","embeddable":true,"href":"https:\/\/www.light-style.eu\/Blog\/wp-json\/wp\/v2\/tags?post=2110"}],"curies":[{"name":"wp","href":"https:\/\/api.w.org\/{rel}","templated":true}]}}