{"id":213,"date":"2014-06-18T20:35:19","date_gmt":"2014-06-18T18:35:19","guid":{"rendered":"http:\/\/lightstyle.blogg.de\/?p=213"},"modified":"2019-01-14T19:46:44","modified_gmt":"2019-01-14T18:46:44","slug":"des-einen-leid-des-anderen-freud-und-ich-freue-mich","status":"publish","type":"post","link":"https:\/\/www.light-style.eu\/Blog\/des-einen-leid-des-anderen-freud-und-ich-freue-mich\/","title":{"rendered":"Des einen Leid , des Anderen Freud ( und ich freue mich ;-) )"},"content":{"rendered":"<p>I`m so happy. Gerade von eine Hochzeit zur\u00fcck, ein sooo s\u00fc\u00dfes Paar, und auch noch h\u00fcbsch. Hat soviel Spa\u00df gemacht. Dazu 3 s\u00fc\u00dfe kleine M\u00e4dchen in wei\u00df mit Brautstr\u00e4u\u00dfen . Und das Ganze nur weil ihr Fotograf vorgestern anrief: Er muss absagen, er hat keine Zeit!!!!!! Sein gro\u00dfes Pech mein gro\u00dfes Gl\u00fcck, und als sie die ersten Fotos auf der Kamera gesehen haben, haben sie auch gleich den Auftrag erh\u00f6ht freu &#8230;freu&#8230;. So macht das einfach Spa\u00df. Jetzt hoffe ich nur noch dass ich Euch die Fotos dann auch zeigen darf. Bis dahin Euch ein sch\u00f6nen Feiertag. Euer Andi<\/p>\n<div style='text-align:center' class='yasr-auto-insert-visitor'><!--Yasr Visitor Votes Shortcode--><div id='yasr_visitor_votes_d1eb60fc8b49e' class='yasr-visitor-votes'><div class=\"yasr-custom-text-vv-before yasr-custom-text-vv-before-213\">Hat es Dir gefallen?<\/div><div id='yasr-vv-second-row-container-d1eb60fc8b49e'\r\n                                        class='yasr-vv-second-row-container'><div id='yasr-visitor-votes-rater-d1eb60fc8b49e'\r\n                                      class='yasr-rater-stars-vv'\r\n                                      data-rater-postid='213'\r\n                                      data-rating='0'\r\n                                      data-rater-starsize='32'\r\n                                      data-rater-readonly='false'\r\n                                      data-rater-nonce='06c9425c89'\r\n                                      data-issingular='false'\r\n                                    ><\/div><div class=\"yasr-vv-stats-text-container\" id=\"yasr-vv-stats-text-container-d1eb60fc8b49e\"><span id=\"yasr-vv-text-container-d1eb60fc8b49e\" class=\"yasr-vv-text-container\">[Total: <span id=\"yasr-vv-votes-number-container-d1eb60fc8b49e\">0<\/span> Average: <span id=\"yasr-vv-average-container-d1eb60fc8b49e\">0<\/span>]<\/span><\/div><div id='yasr-vv-loader-d1eb60fc8b49e' class='yasr-vv-container-loader'><\/div><\/div><div id='yasr-vv-bottom-container-d1eb60fc8b49e'\r\n                              class='yasr-vv-bottom-container'\r\n                              style='display:none'><\/div><\/div><!--End Yasr Visitor Votes Shortcode--><\/div>","protected":false},"excerpt":{"rendered":"<p>I`m so happy. Gerade von eine Hochzeit zur\u00fcck, ein sooo s\u00fc\u00dfes Paar, und auch noch h\u00fcbsch. Hat soviel Spa\u00df gemacht. Dazu 3 s\u00fc\u00dfe kleine M\u00e4dchen in wei\u00df mit Brautstr\u00e4u\u00dfen . Und das Ganze nur weil ihr Fotograf vorgestern anrief: Er muss absagen, er hat keine Zeit!!!!!! Sein gro\u00dfes Pech mein gro\u00dfes Gl\u00fcck, und als sie<span class=\"post-excerpt-end\">&hellip;<\/span><\/p>\n<p class=\"more-link\"><a href=\"https:\/\/www.light-style.eu\/Blog\/des-einen-leid-des-anderen-freud-und-ich-freue-mich\/\" class=\"themebutton\">Read More<\/a><\/p>\n","protected":false},"author":2,"featured_media":272,"comment_status":"open","ping_status":"open","sticky":false,"template":"","format":"standard","meta":{"jetpack_post_was_ever_published":false,"yasr_overall_rating":0,"yasr_post_is_review":"","yasr_auto_insert_disabled":"","yasr_review_type":"","_jetpack_newsletter_access":"","_jetpack_dont_email_post_to_subs":false,"_jetpack_newsletter_tier_id":0,"_jetpack_memberships_contains_paywalled_content":false,"_jetpack_memberships_contains_paid_content":false,"footnotes":"","jetpack_publicize_message":"","jetpack_publicize_feature_enabled":true,"jetpack_social_post_already_shared":false,"jetpack_social_options":{"image_generator_settings":{"template":"highway","default_image_id":0,"font":"","enabled":false},"version":2}},"categories":[1],"tags":[],"class_list":["post-213","post","type-post","status-publish","format-standard","has-post-thumbnail","hentry","category-allgemein"],"yasr_visitor_votes":{"stars_attributes":{"read_only":false,"span_bottom":false},"number_of_votes":0,"sum_votes":0},"jetpack_publicize_connections":[],"jetpack_featured_media_url":"https:\/\/i0.wp.com\/www.light-style.eu\/Blog\/wp-content\/uploads\/2014\/06\/kein-Beitragsbild.jpg?fit=360%2C240&ssl=1","jetpack_sharing_enabled":true,"jetpack_shortlink":"https:\/\/wp.me\/p4Ojrv-3r","jetpack-related-posts":[{"id":8795,"url":"https:\/\/www.light-style.eu\/Blog\/blick-in-die-kinderseele\/","url_meta":{"origin":213,"position":0},"title":"Blick in die Kinderseele","author":"Andi M\u00f6ller","date":"4. M\u00e4rz 2025","format":"status","excerpt":"Es war einmal, eine Braut, die sich traut.............. so k\u00f6nnte diese Geschichte beginnen. Es ist f\u00fcr mich unheimlich sch\u00f6n, wenn Kunden \u00fcber viele Jahre immer wieder den Weg zu mir finden. So wie dieser s\u00fc\u00dfe Knirps. Es begann vor vielen Jahren mit der Hochzeit der Oma, dann kamen hei\u00dfe Fotos\u2026","rel":"","context":"In &quot;besondere Portr\u00e4ts&quot;","block_context":{"text":"besondere Portr\u00e4ts","link":"https:\/\/www.light-style.eu\/Blog\/category\/besondere-portraets\/"},"img":{"alt_text":"","src":"https:\/\/i0.wp.com\/www.light-style.eu\/Blog\/wp-content\/uploads\/2025\/03\/P25S0102-17.jpg?fit=1200%2C800&ssl=1&resize=350%2C200","width":350,"height":200,"srcset":"https:\/\/i0.wp.com\/www.light-style.eu\/Blog\/wp-content\/uploads\/2025\/03\/P25S0102-17.jpg?fit=1200%2C800&ssl=1&resize=350%2C200 1x, https:\/\/i0.wp.com\/www.light-style.eu\/Blog\/wp-content\/uploads\/2025\/03\/P25S0102-17.jpg?fit=1200%2C800&ssl=1&resize=525%2C300 1.5x, https:\/\/i0.wp.com\/www.light-style.eu\/Blog\/wp-content\/uploads\/2025\/03\/P25S0102-17.jpg?fit=1200%2C800&ssl=1&resize=700%2C400 2x, https:\/\/i0.wp.com\/www.light-style.eu\/Blog\/wp-content\/uploads\/2025\/03\/P25S0102-17.jpg?fit=1200%2C800&ssl=1&resize=1050%2C600 3x"},"classes":[]},{"id":1848,"url":"https:\/\/www.light-style.eu\/Blog\/hollywood-glamour-geht-weiter\/","url_meta":{"origin":213,"position":1},"title":"Der HOLLYWOOD -Glamour geht weiter","author":"Andi M\u00f6ller","date":"25. M\u00e4rz 2016","format":"status","excerpt":"Hi, da bin ich wieder und mit mir zusammen kommen wieder ein paar neue Fotos aus dem Genre Glamour of the old Hollywood time. Wir sind diesmal nicht strickt bei den 50th geblieben, sondern auch hier und da mal etwas abgeschweift. \ud83d\ude01 Aber ich denke das schadet gar nicht. Wer\u2026","rel":"","context":"In &quot;abseits des Alltags&quot;","block_context":{"text":"abseits des Alltags","link":"https:\/\/www.light-style.eu\/Blog\/category\/abseits-des-alltags\/"},"img":{"alt_text":"","src":"https:\/\/i0.wp.com\/www.light-style.eu\/Blog\/wp-content\/uploads\/2015\/11\/50th-Glamour-Sonja-86-Bearbeitet-Kopie.jpg?fit=500%2C333&ssl=1&resize=350%2C200","width":350,"height":200},"classes":[]},{"id":3393,"url":"https:\/\/www.light-style.eu\/Blog\/newborns-willkommen-der-welt\/","url_meta":{"origin":213,"position":2},"title":"Newborns &#8211; willkommen in der Welt","author":"Andi M\u00f6ller","date":"3. M\u00e4rz 2018","format":"gallery","excerpt":"\u00a0 Eine Zeitlang halten wir Deine H\u00e4nde, aber ein Leben lang Dein Herz. ( dieser Spruch hat mir so gut gefallen, dass er einfach hier rein musste ;-) ) Moin moin, eine Weile hab ich mich hier nicht zu Wort gemeldet, Ich sag mal so, nach dem Urlaub war ich\u2026","rel":"","context":"In &quot;Alles&quot;","block_context":{"text":"Alles","link":"https:\/\/www.light-style.eu\/Blog\/category\/alles\/"},"img":{"alt_text":"","src":"https:\/\/i0.wp.com\/www.light-style.eu\/Blog\/wp-content\/uploads\/2018\/03\/B18T0101-18-Bearbeitet.jpg?fit=800%2C1200&ssl=1&resize=350%2C200","width":350,"height":200,"srcset":"https:\/\/i0.wp.com\/www.light-style.eu\/Blog\/wp-content\/uploads\/2018\/03\/B18T0101-18-Bearbeitet.jpg?fit=800%2C1200&ssl=1&resize=350%2C200 1x, https:\/\/i0.wp.com\/www.light-style.eu\/Blog\/wp-content\/uploads\/2018\/03\/B18T0101-18-Bearbeitet.jpg?fit=800%2C1200&ssl=1&resize=525%2C300 1.5x, https:\/\/i0.wp.com\/www.light-style.eu\/Blog\/wp-content\/uploads\/2018\/03\/B18T0101-18-Bearbeitet.jpg?fit=800%2C1200&ssl=1&resize=700%2C400 2x"},"classes":[]},{"id":2148,"url":"https:\/\/www.light-style.eu\/Blog\/babybauchfotos-fotos-die-das-leben-bejahen\/","url_meta":{"origin":213,"position":3},"title":"Babybauchfotos &#8211; Fotos die das Leben bejahen","author":"Andi M\u00f6ller","date":"21. Juni 2016","format":"status","excerpt":"Da werden H\u00e4nde sein, die Dich tragen und Arme, in denen Du sicher bist und Menschen, die Dir ohne Fragen zeigen, dass Du willkommen bist. ( Verfasser unbekannt, aber er hat mir gefallen) Moin, gestern hatte ich wieder ein traumhaftes Paar im Studio welches ihre Babybauchfotos angeschaut haben, es war\u2026","rel":"","context":"In &quot;Alles&quot;","block_context":{"text":"Alles","link":"https:\/\/www.light-style.eu\/Blog\/category\/alles\/"},"img":{"alt_text":"","src":"https:\/\/i0.wp.com\/www.light-style.eu\/Blog\/wp-content\/uploads\/2016\/06\/S16D0106-19-klein.jpg?fit=500%2C334&ssl=1&resize=350%2C200","width":350,"height":200},"classes":[]},{"id":5488,"url":"https:\/\/www.light-style.eu\/Blog\/es-geht-weiter-trotz-corona\/","url_meta":{"origin":213,"position":4},"title":"Weiter gehts&#8230;&#8230; ;-)","author":"Andi M\u00f6ller","date":"12. Mai 2020","format":"status","excerpt":"So, nun wollen wir mal langsam wieder zur\u00fcck zur Normalit\u00e4t gehen. Auch wenn unsere aktuellen Corona-\u00d6ffnungszeiten weiterhin gelten, hei\u00dft das ja nicht das wir nicht auch in den Tagen als es nur nach Terminen ging, nicht auch ein paar s\u00fc\u00dfe Fotos kreiert haben ;-) Dies kleine flauschige Besucher kam trotz\u2026","rel":"","context":"In &quot;Allgemein&quot;","block_context":{"text":"Allgemein","link":"https:\/\/www.light-style.eu\/Blog\/category\/allgemein\/"},"img":{"alt_text":"","src":"https:\/\/i0.wp.com\/www.light-style.eu\/Blog\/wp-content\/uploads\/2020\/05\/T20W0104-12.jpg?fit=1200%2C800&ssl=1&resize=350%2C200","width":350,"height":200,"srcset":"https:\/\/i0.wp.com\/www.light-style.eu\/Blog\/wp-content\/uploads\/2020\/05\/T20W0104-12.jpg?fit=1200%2C800&ssl=1&resize=350%2C200 1x, https:\/\/i0.wp.com\/www.light-style.eu\/Blog\/wp-content\/uploads\/2020\/05\/T20W0104-12.jpg?fit=1200%2C800&ssl=1&resize=525%2C300 1.5x, https:\/\/i0.wp.com\/www.light-style.eu\/Blog\/wp-content\/uploads\/2020\/05\/T20W0104-12.jpg?fit=1200%2C800&ssl=1&resize=700%2C400 2x, https:\/\/i0.wp.com\/www.light-style.eu\/Blog\/wp-content\/uploads\/2020\/05\/T20W0104-12.jpg?fit=1200%2C800&ssl=1&resize=1050%2C600 3x"},"classes":[]},{"id":5565,"url":"https:\/\/www.light-style.eu\/Blog\/einschulung-2020\/","url_meta":{"origin":213,"position":5},"title":"Einschulung 2020","author":"Andi M\u00f6ller","date":"30. Juni 2020","format":"status","excerpt":"Moin moin, bald ist wieder Einschulung angesagt. Der erste Tag der Kleinsten auf dem Weg in einen neuen Lebensabschnitt. Am 18.8. 2020 ist dieses Jahr, in Hessen, dieser gro\u00dfe Tag. Schult\u00fcte, gro\u00dfe Augen, Stolz, Freude und auch etwas Unsicherheit, all dies besch\u00e4ftigt die Zwerge an diesem Tag. Lasst uns gemeinsam\u2026","rel":"","context":"In &quot;Alles&quot;","block_context":{"text":"Alles","link":"https:\/\/www.light-style.eu\/Blog\/category\/alles\/"},"img":{"alt_text":"","src":"https:\/\/i0.wp.com\/www.light-style.eu\/Blog\/wp-content\/uploads\/2020\/06\/P19M0108-13.jpg?fit=1200%2C800&ssl=1&resize=350%2C200","width":350,"height":200,"srcset":"https:\/\/i0.wp.com\/www.light-style.eu\/Blog\/wp-content\/uploads\/2020\/06\/P19M0108-13.jpg?fit=1200%2C800&ssl=1&resize=350%2C200 1x, https:\/\/i0.wp.com\/www.light-style.eu\/Blog\/wp-content\/uploads\/2020\/06\/P19M0108-13.jpg?fit=1200%2C800&ssl=1&resize=525%2C300 1.5x, https:\/\/i0.wp.com\/www.light-style.eu\/Blog\/wp-content\/uploads\/2020\/06\/P19M0108-13.jpg?fit=1200%2C800&ssl=1&resize=700%2C400 2x, https:\/\/i0.wp.com\/www.light-style.eu\/Blog\/wp-content\/uploads\/2020\/06\/P19M0108-13.jpg?fit=1200%2C800&ssl=1&resize=1050%2C600 3x"},"classes":[]}],"_links":{"self":[{"href":"https:\/\/www.light-style.eu\/Blog\/wp-json\/wp\/v2\/posts\/213","targetHints":{"allow":["GET"]}}],"collection":[{"href":"https:\/\/www.light-style.eu\/Blog\/wp-json\/wp\/v2\/posts"}],"about":[{"href":"https:\/\/www.light-style.eu\/Blog\/wp-json\/wp\/v2\/types\/post"}],"author":[{"embeddable":true,"href":"https:\/\/www.light-style.eu\/Blog\/wp-json\/wp\/v2\/users\/2"}],"replies":[{"embeddable":true,"href":"https:\/\/www.light-style.eu\/Blog\/wp-json\/wp\/v2\/comments?post=213"}],"version-history":[{"count":0,"href":"https:\/\/www.light-style.eu\/Blog\/wp-json\/wp\/v2\/posts\/213\/revisions"}],"wp:featuredmedia":[{"embeddable":true,"href":"https:\/\/www.light-style.eu\/Blog\/wp-json\/wp\/v2\/media\/272"}],"wp:attachment":[{"href":"https:\/\/www.light-style.eu\/Blog\/wp-json\/wp\/v2\/media?parent=213"}],"wp:term":[{"taxonomy":"category","embeddable":true,"href":"https:\/\/www.light-style.eu\/Blog\/wp-json\/wp\/v2\/categories?post=213"},{"taxonomy":"post_tag","embeddable":true,"href":"https:\/\/www.light-style.eu\/Blog\/wp-json\/wp\/v2\/tags?post=213"}],"curies":[{"name":"wp","href":"https:\/\/api.w.org\/{rel}","templated":true}]}}