{"id":2386,"date":"2016-08-27T11:35:23","date_gmt":"2016-08-27T09:35:23","guid":{"rendered":"http:\/\/www.light-style.eu\/Blog\/?p=2386"},"modified":"2021-03-15T16:37:21","modified_gmt":"2021-03-15T15:37:21","slug":"italien-2016","status":"publish","type":"post","link":"https:\/\/www.light-style.eu\/Blog\/italien-2016\/","title":{"rendered":"Italien 2016"},"content":{"rendered":"<p><em>Hier nun die kompletten Fotos aus dem sch\u00f6nen Italien. <\/em><\/p>\n<p>Die Menge h\u00e4tte einfach den normalen Blogbeitrag gesprengt.<\/p>\n<p><em>Angefangen bei La spezia, weiter \u00fcber Pisa, Porto Santo Stefano, Florenz, Bolensa und ein paar weitere Orte. <\/em><\/p>\n<p><em>Ich kann die Toskana uneingeschr\u00e4nkt als tolle Urlaubsregion empfehlen. Es war einfach traumhaft.<br \/>\n<\/em><\/p>\n<div class=\"tiled-gallery type-rectangular tiled-gallery-unresized\" data-original-width=\"1170\" data-carousel-extra='{&quot;blog_id&quot;:1,&quot;permalink&quot;:&quot;https:\\\/\\\/www.light-style.eu\\\/Blog\\\/italien-2016\\\/&quot;,&quot;likes_blog_id&quot;:71096485}' itemscope itemtype=\"http:\/\/schema.org\/ImageGallery\" > <div class=\"gallery-row\" style=\"width: 1170px; height: 541px;\" data-original-width=\"1170\" data-original-height=\"541\" > <div class=\"gallery-group images-2\" style=\"width: 404px; height: 541px;\" data-original-width=\"404\" data-original-height=\"541\" > <div class=\"tiled-gallery-item tiled-gallery-item-large\" itemprop=\"associatedMedia\" itemscope itemtype=\"http:\/\/schema.org\/ImageObject\"> <a href=\"https:\/\/www.light-style.eu\/Blog\/toskana-es-war-traumhaft\/toskana-2016-63\/#main\" border=\"0\" itemprop=\"url\"> <meta itemprop=\"width\" content=\"400\"> <meta itemprop=\"height\" content=\"267\"> <img decoding=\"async\" class=\"\" data-attachment-id=\"2364\" data-orig-file=\"https:\/\/www.light-style.eu\/Blog\/wp-content\/uploads\/2016\/08\/Toskana-2016-63.jpg\" data-orig-size=\"1000,667\" data-comments-opened=\"1\" data-image-meta=\"{&quot;aperture&quot;:&quot;0&quot;,&quot;credit&quot;:&quot;Andi M\\u00f6ller&quot;,&quot;camera&quot;:&quot;&quot;,&quot;caption&quot;:&quot;&quot;,&quot;created_timestamp&quot;:&quot;0&quot;,&quot;copyright&quot;:&quot;Studio Light-Style&quot;,&quot;focal_length&quot;:&quot;0&quot;,&quot;iso&quot;:&quot;0&quot;,&quot;shutter_speed&quot;:&quot;0&quot;,&quot;title&quot;:&quot;&quot;,&quot;orientation&quot;:&quot;0&quot;}\" data-image-title=\"Toskana 2016-63\" data-image-description=\"\" data-medium-file=\"https:\/\/i0.wp.com\/www.light-style.eu\/Blog\/wp-content\/uploads\/2016\/08\/Toskana-2016-63.jpg?fit=600%2C400&#038;ssl=1\" data-large-file=\"https:\/\/i0.wp.com\/www.light-style.eu\/Blog\/wp-content\/uploads\/2016\/08\/Toskana-2016-63.jpg?fit=1000%2C667&#038;ssl=1\" src=\"https:\/\/i0.wp.com\/www.light-style.eu\/Blog\/wp-content\/uploads\/2016\/08\/Toskana-2016-63.jpg?w=400&#038;h=267&#038;ssl=1\" srcset=\"https:\/\/i0.wp.com\/www.light-style.eu\/Blog\/wp-content\/uploads\/2016\/08\/Toskana-2016-63.jpg?w=1000&amp;ssl=1 1000w, https:\/\/i0.wp.com\/www.light-style.eu\/Blog\/wp-content\/uploads\/2016\/08\/Toskana-2016-63.jpg?resize=600%2C400&amp;ssl=1 600w, https:\/\/i0.wp.com\/www.light-style.eu\/Blog\/wp-content\/uploads\/2016\/08\/Toskana-2016-63.jpg?resize=768%2C512&amp;ssl=1 768w\" width=\"400\" height=\"267\" loading=\"lazy\" data-original-width=\"400\" data-original-height=\"267\" itemprop=\"http:\/\/schema.org\/image\" title=\"Toskana 2016-63\" alt=\"Region um Porto Stefano\" style=\"width: 400px; height: 267px;\" \/> <\/a> <div class=\"tiled-gallery-caption\" itemprop=\"caption description\"> Region um Porto Stefano <\/div> <\/div> <div class=\"tiled-gallery-item tiled-gallery-item-large\" itemprop=\"associatedMedia\" itemscope itemtype=\"http:\/\/schema.org\/ImageObject\"> <a href=\"https:\/\/www.light-style.eu\/Blog\/toskana-es-war-traumhaft\/toskana-2016-54\/#main\" border=\"0\" itemprop=\"url\"> <meta itemprop=\"width\" content=\"400\"> <meta itemprop=\"height\" content=\"266\"> <img decoding=\"async\" class=\"\" data-attachment-id=\"2355\" data-orig-file=\"https:\/\/www.light-style.eu\/Blog\/wp-content\/uploads\/2016\/08\/Toskana-2016-54.jpg\" data-orig-size=\"1000,667\" data-comments-opened=\"1\" data-image-meta=\"{&quot;aperture&quot;:&quot;0&quot;,&quot;credit&quot;:&quot;Andi M\\u00f6ller&quot;,&quot;camera&quot;:&quot;&quot;,&quot;caption&quot;:&quot;&quot;,&quot;created_timestamp&quot;:&quot;0&quot;,&quot;copyright&quot;:&quot;Studio Light-Style&quot;,&quot;focal_length&quot;:&quot;0&quot;,&quot;iso&quot;:&quot;0&quot;,&quot;shutter_speed&quot;:&quot;0&quot;,&quot;title&quot;:&quot;&quot;,&quot;orientation&quot;:&quot;0&quot;}\" data-image-title=\"Toskana 2016-54\" data-image-description=\"\" data-medium-file=\"https:\/\/i0.wp.com\/www.light-style.eu\/Blog\/wp-content\/uploads\/2016\/08\/Toskana-2016-54.jpg?fit=600%2C400&#038;ssl=1\" data-large-file=\"https:\/\/i0.wp.com\/www.light-style.eu\/Blog\/wp-content\/uploads\/2016\/08\/Toskana-2016-54.jpg?fit=1000%2C667&#038;ssl=1\" src=\"https:\/\/i0.wp.com\/www.light-style.eu\/Blog\/wp-content\/uploads\/2016\/08\/Toskana-2016-54.jpg?w=400&#038;h=266&#038;ssl=1\" srcset=\"https:\/\/i0.wp.com\/www.light-style.eu\/Blog\/wp-content\/uploads\/2016\/08\/Toskana-2016-54.jpg?w=1000&amp;ssl=1 1000w, https:\/\/i0.wp.com\/www.light-style.eu\/Blog\/wp-content\/uploads\/2016\/08\/Toskana-2016-54.jpg?resize=600%2C400&amp;ssl=1 600w, https:\/\/i0.wp.com\/www.light-style.eu\/Blog\/wp-content\/uploads\/2016\/08\/Toskana-2016-54.jpg?resize=768%2C512&amp;ssl=1 768w\" width=\"400\" height=\"266\" loading=\"lazy\" data-original-width=\"400\" data-original-height=\"266\" itemprop=\"http:\/\/schema.org\/image\" title=\"Toskana 2016-54\" alt=\"Region um Porto Stefano\" style=\"width: 400px; height: 266px;\" \/> <\/a> <div class=\"tiled-gallery-caption\" itemprop=\"caption description\"> Region um Porto Stefano <\/div> <\/div> <\/div> <!-- close group --> <div class=\"gallery-group images-1\" style=\"width: 362px; height: 541px;\" data-original-width=\"362\" data-original-height=\"541\" > <div class=\"tiled-gallery-item tiled-gallery-item-large\" itemprop=\"associatedMedia\" itemscope itemtype=\"http:\/\/schema.org\/ImageObject\"> <a href=\"https:\/\/www.light-style.eu\/Blog\/toskana-es-war-traumhaft\/toskana-2016-85\/#main\" border=\"0\" itemprop=\"url\"> <meta itemprop=\"width\" content=\"358\"> <meta itemprop=\"height\" content=\"537\"> <img decoding=\"async\" class=\"\" data-attachment-id=\"2238\" data-orig-file=\"https:\/\/www.light-style.eu\/Blog\/wp-content\/uploads\/2016\/08\/Toskana-2016-85.jpg\" data-orig-size=\"667,1000\" data-comments-opened=\"1\" data-image-meta=\"{&quot;aperture&quot;:&quot;0&quot;,&quot;credit&quot;:&quot;Andi M\\u00f6ller&quot;,&quot;camera&quot;:&quot;&quot;,&quot;caption&quot;:&quot;&quot;,&quot;created_timestamp&quot;:&quot;0&quot;,&quot;copyright&quot;:&quot;Studio Light-Style&quot;,&quot;focal_length&quot;:&quot;0&quot;,&quot;iso&quot;:&quot;0&quot;,&quot;shutter_speed&quot;:&quot;0&quot;,&quot;title&quot;:&quot;&quot;,&quot;orientation&quot;:&quot;0&quot;}\" data-image-title=\"Toskana 2016-85\" data-image-description=\"\" data-medium-file=\"https:\/\/i0.wp.com\/www.light-style.eu\/Blog\/wp-content\/uploads\/2016\/08\/Toskana-2016-85.jpg?fit=400%2C600&#038;ssl=1\" data-large-file=\"https:\/\/i0.wp.com\/www.light-style.eu\/Blog\/wp-content\/uploads\/2016\/08\/Toskana-2016-85.jpg?fit=667%2C1000&#038;ssl=1\" src=\"https:\/\/i0.wp.com\/www.light-style.eu\/Blog\/wp-content\/uploads\/2016\/08\/Toskana-2016-85.jpg?w=358&#038;h=537&#038;ssl=1\" srcset=\"https:\/\/i0.wp.com\/www.light-style.eu\/Blog\/wp-content\/uploads\/2016\/08\/Toskana-2016-85.jpg?w=667&amp;ssl=1 667w, https:\/\/i0.wp.com\/www.light-style.eu\/Blog\/wp-content\/uploads\/2016\/08\/Toskana-2016-85.jpg?resize=400%2C600&amp;ssl=1 400w\" width=\"358\" height=\"537\" loading=\"lazy\" data-original-width=\"358\" data-original-height=\"537\" itemprop=\"http:\/\/schema.org\/image\" title=\"Toskana 2016-85\" alt=\"Bolensa,\" style=\"width: 358px; height: 537px;\" \/> <\/a> <div class=\"tiled-gallery-caption\" itemprop=\"caption description\"> Bolensa, <\/div> <\/div> <\/div> <!-- close group --> <div class=\"gallery-group images-2\" style=\"width: 404px; height: 541px;\" data-original-width=\"404\" data-original-height=\"541\" > <div class=\"tiled-gallery-item tiled-gallery-item-large\" itemprop=\"associatedMedia\" itemscope itemtype=\"http:\/\/schema.org\/ImageObject\"> <a href=\"https:\/\/www.light-style.eu\/Blog\/toskana-es-war-traumhaft\/toskana-2016-84\/#main\" border=\"0\" itemprop=\"url\"> <meta itemprop=\"width\" content=\"400\"> <meta itemprop=\"height\" content=\"267\"> <img decoding=\"async\" class=\"\" data-attachment-id=\"2385\" data-orig-file=\"https:\/\/www.light-style.eu\/Blog\/wp-content\/uploads\/2016\/08\/Toskana-2016-84.jpg\" data-orig-size=\"1000,667\" data-comments-opened=\"1\" data-image-meta=\"{&quot;aperture&quot;:&quot;0&quot;,&quot;credit&quot;:&quot;Andi M\\u00f6ller&quot;,&quot;camera&quot;:&quot;&quot;,&quot;caption&quot;:&quot;&quot;,&quot;created_timestamp&quot;:&quot;0&quot;,&quot;copyright&quot;:&quot;Studio Light-Style&quot;,&quot;focal_length&quot;:&quot;0&quot;,&quot;iso&quot;:&quot;0&quot;,&quot;shutter_speed&quot;:&quot;0&quot;,&quot;title&quot;:&quot;&quot;,&quot;orientation&quot;:&quot;0&quot;}\" data-image-title=\"Toskana 2016-84\" data-image-description=\"\" data-medium-file=\"https:\/\/i0.wp.com\/www.light-style.eu\/Blog\/wp-content\/uploads\/2016\/08\/Toskana-2016-84.jpg?fit=600%2C400&#038;ssl=1\" data-large-file=\"https:\/\/i0.wp.com\/www.light-style.eu\/Blog\/wp-content\/uploads\/2016\/08\/Toskana-2016-84.jpg?fit=1000%2C667&#038;ssl=1\" src=\"https:\/\/i0.wp.com\/www.light-style.eu\/Blog\/wp-content\/uploads\/2016\/08\/Toskana-2016-84.jpg?w=400&#038;h=267&#038;ssl=1\" srcset=\"https:\/\/i0.wp.com\/www.light-style.eu\/Blog\/wp-content\/uploads\/2016\/08\/Toskana-2016-84.jpg?w=1000&amp;ssl=1 1000w, https:\/\/i0.wp.com\/www.light-style.eu\/Blog\/wp-content\/uploads\/2016\/08\/Toskana-2016-84.jpg?resize=600%2C400&amp;ssl=1 600w, https:\/\/i0.wp.com\/www.light-style.eu\/Blog\/wp-content\/uploads\/2016\/08\/Toskana-2016-84.jpg?resize=768%2C512&amp;ssl=1 768w\" width=\"400\" height=\"267\" loading=\"lazy\" data-original-width=\"400\" data-original-height=\"267\" itemprop=\"http:\/\/schema.org\/image\" title=\"Toskana 2016-84\" alt=\"Pitigliano\" style=\"width: 400px; height: 267px;\" \/> <\/a> <div class=\"tiled-gallery-caption\" itemprop=\"caption description\"> Pitigliano <\/div> <\/div> <div class=\"tiled-gallery-item tiled-gallery-item-large\" itemprop=\"associatedMedia\" itemscope itemtype=\"http:\/\/schema.org\/ImageObject\"> <a href=\"https:\/\/www.light-style.eu\/Blog\/toskana-es-war-traumhaft\/toskana-2016-83\/#main\" border=\"0\" itemprop=\"url\"> <meta itemprop=\"width\" content=\"400\"> <meta itemprop=\"height\" content=\"266\"> <img decoding=\"async\" class=\"\" data-attachment-id=\"2384\" data-orig-file=\"https:\/\/www.light-style.eu\/Blog\/wp-content\/uploads\/2016\/08\/Toskana-2016-83.jpg\" data-orig-size=\"1000,667\" data-comments-opened=\"1\" data-image-meta=\"{&quot;aperture&quot;:&quot;0&quot;,&quot;credit&quot;:&quot;Andi M\\u00f6ller&quot;,&quot;camera&quot;:&quot;&quot;,&quot;caption&quot;:&quot;&quot;,&quot;created_timestamp&quot;:&quot;0&quot;,&quot;copyright&quot;:&quot;Studio Light-Style&quot;,&quot;focal_length&quot;:&quot;0&quot;,&quot;iso&quot;:&quot;0&quot;,&quot;shutter_speed&quot;:&quot;0&quot;,&quot;title&quot;:&quot;&quot;,&quot;orientation&quot;:&quot;0&quot;}\" data-image-title=\"Toskana 2016-83\" data-image-description=\"\" data-medium-file=\"https:\/\/i0.wp.com\/www.light-style.eu\/Blog\/wp-content\/uploads\/2016\/08\/Toskana-2016-83.jpg?fit=600%2C400&#038;ssl=1\" data-large-file=\"https:\/\/i0.wp.com\/www.light-style.eu\/Blog\/wp-content\/uploads\/2016\/08\/Toskana-2016-83.jpg?fit=1000%2C667&#038;ssl=1\" src=\"https:\/\/i0.wp.com\/www.light-style.eu\/Blog\/wp-content\/uploads\/2016\/08\/Toskana-2016-83.jpg?w=400&#038;h=266&#038;ssl=1\" srcset=\"https:\/\/i0.wp.com\/www.light-style.eu\/Blog\/wp-content\/uploads\/2016\/08\/Toskana-2016-83.jpg?w=1000&amp;ssl=1 1000w, https:\/\/i0.wp.com\/www.light-style.eu\/Blog\/wp-content\/uploads\/2016\/08\/Toskana-2016-83.jpg?resize=600%2C400&amp;ssl=1 600w, https:\/\/i0.wp.com\/www.light-style.eu\/Blog\/wp-content\/uploads\/2016\/08\/Toskana-2016-83.jpg?resize=768%2C512&amp;ssl=1 768w\" width=\"400\" height=\"266\" loading=\"lazy\" data-original-width=\"400\" data-original-height=\"266\" itemprop=\"http:\/\/schema.org\/image\" title=\"Toskana 2016-83\" alt=\"Pitigliano\" style=\"width: 400px; height: 266px;\" \/> <\/a> <div class=\"tiled-gallery-caption\" itemprop=\"caption description\"> Pitigliano <\/div> <\/div> <\/div> <!-- close group --> <\/div> <!-- close row --> <div class=\"gallery-row\" style=\"width: 1170px; height: 522px;\" data-original-width=\"1170\" data-original-height=\"522\" > <div class=\"gallery-group images-1\" style=\"width: 781px; height: 522px;\" data-original-width=\"781\" data-original-height=\"522\" > <div class=\"tiled-gallery-item tiled-gallery-item-large\" itemprop=\"associatedMedia\" itemscope itemtype=\"http:\/\/schema.org\/ImageObject\"> <a href=\"https:\/\/www.light-style.eu\/Blog\/toskana-es-war-traumhaft\/toskana-2016-82\/#main\" border=\"0\" itemprop=\"url\"> <meta itemprop=\"width\" content=\"777\"> <meta itemprop=\"height\" content=\"518\"> <img decoding=\"async\" class=\"\" data-attachment-id=\"2383\" data-orig-file=\"https:\/\/www.light-style.eu\/Blog\/wp-content\/uploads\/2016\/08\/Toskana-2016-82.jpg\" data-orig-size=\"1000,667\" data-comments-opened=\"1\" data-image-meta=\"{&quot;aperture&quot;:&quot;0&quot;,&quot;credit&quot;:&quot;Andi M\\u00f6ller&quot;,&quot;camera&quot;:&quot;&quot;,&quot;caption&quot;:&quot;&quot;,&quot;created_timestamp&quot;:&quot;0&quot;,&quot;copyright&quot;:&quot;Studio Light-Style&quot;,&quot;focal_length&quot;:&quot;0&quot;,&quot;iso&quot;:&quot;0&quot;,&quot;shutter_speed&quot;:&quot;0&quot;,&quot;title&quot;:&quot;&quot;,&quot;orientation&quot;:&quot;0&quot;}\" data-image-title=\"Toskana 2016-82\" data-image-description=\"\" data-medium-file=\"https:\/\/i0.wp.com\/www.light-style.eu\/Blog\/wp-content\/uploads\/2016\/08\/Toskana-2016-82.jpg?fit=600%2C400&#038;ssl=1\" data-large-file=\"https:\/\/i0.wp.com\/www.light-style.eu\/Blog\/wp-content\/uploads\/2016\/08\/Toskana-2016-82.jpg?fit=1000%2C667&#038;ssl=1\" src=\"https:\/\/i0.wp.com\/www.light-style.eu\/Blog\/wp-content\/uploads\/2016\/08\/Toskana-2016-82.jpg?w=777&#038;h=518&#038;ssl=1\" srcset=\"https:\/\/i0.wp.com\/www.light-style.eu\/Blog\/wp-content\/uploads\/2016\/08\/Toskana-2016-82.jpg?w=1000&amp;ssl=1 1000w, https:\/\/i0.wp.com\/www.light-style.eu\/Blog\/wp-content\/uploads\/2016\/08\/Toskana-2016-82.jpg?resize=600%2C400&amp;ssl=1 600w, https:\/\/i0.wp.com\/www.light-style.eu\/Blog\/wp-content\/uploads\/2016\/08\/Toskana-2016-82.jpg?resize=768%2C512&amp;ssl=1 768w\" width=\"777\" height=\"518\" loading=\"lazy\" data-original-width=\"777\" data-original-height=\"518\" itemprop=\"http:\/\/schema.org\/image\" title=\"Toskana 2016-82\" alt=\"Pitigliano\" style=\"width: 777px; height: 518px;\" \/> <\/a> <div class=\"tiled-gallery-caption\" itemprop=\"caption description\"> Pitigliano <\/div> <\/div> <\/div> <!-- close group --> <div class=\"gallery-group images-2\" style=\"width: 389px; height: 522px;\" data-original-width=\"389\" data-original-height=\"522\" > <div class=\"tiled-gallery-item tiled-gallery-item-large\" itemprop=\"associatedMedia\" itemscope itemtype=\"http:\/\/schema.org\/ImageObject\"> <a href=\"https:\/\/www.light-style.eu\/Blog\/toskana-es-war-traumhaft\/toskana-2016-81\/#main\" border=\"0\" itemprop=\"url\"> <meta itemprop=\"width\" content=\"385\"> <meta itemprop=\"height\" content=\"257\"> <img decoding=\"async\" class=\"\" data-attachment-id=\"2382\" data-orig-file=\"https:\/\/www.light-style.eu\/Blog\/wp-content\/uploads\/2016\/08\/Toskana-2016-81.jpg\" data-orig-size=\"1000,667\" data-comments-opened=\"1\" data-image-meta=\"{&quot;aperture&quot;:&quot;0&quot;,&quot;credit&quot;:&quot;Andi M\\u00f6ller&quot;,&quot;camera&quot;:&quot;&quot;,&quot;caption&quot;:&quot;&quot;,&quot;created_timestamp&quot;:&quot;0&quot;,&quot;copyright&quot;:&quot;Studio Light-Style&quot;,&quot;focal_length&quot;:&quot;0&quot;,&quot;iso&quot;:&quot;0&quot;,&quot;shutter_speed&quot;:&quot;0&quot;,&quot;title&quot;:&quot;&quot;,&quot;orientation&quot;:&quot;0&quot;}\" data-image-title=\"Toskana 2016-81\" data-image-description=\"\" data-medium-file=\"https:\/\/i0.wp.com\/www.light-style.eu\/Blog\/wp-content\/uploads\/2016\/08\/Toskana-2016-81.jpg?fit=600%2C400&#038;ssl=1\" data-large-file=\"https:\/\/i0.wp.com\/www.light-style.eu\/Blog\/wp-content\/uploads\/2016\/08\/Toskana-2016-81.jpg?fit=1000%2C667&#038;ssl=1\" src=\"https:\/\/i0.wp.com\/www.light-style.eu\/Blog\/wp-content\/uploads\/2016\/08\/Toskana-2016-81.jpg?w=385&#038;h=257&#038;ssl=1\" srcset=\"https:\/\/i0.wp.com\/www.light-style.eu\/Blog\/wp-content\/uploads\/2016\/08\/Toskana-2016-81.jpg?w=1000&amp;ssl=1 1000w, https:\/\/i0.wp.com\/www.light-style.eu\/Blog\/wp-content\/uploads\/2016\/08\/Toskana-2016-81.jpg?resize=600%2C400&amp;ssl=1 600w, https:\/\/i0.wp.com\/www.light-style.eu\/Blog\/wp-content\/uploads\/2016\/08\/Toskana-2016-81.jpg?resize=768%2C512&amp;ssl=1 768w\" width=\"385\" height=\"257\" loading=\"lazy\" data-original-width=\"385\" data-original-height=\"257\" itemprop=\"http:\/\/schema.org\/image\" title=\"Toskana 2016-81\" alt=\"Region um Porto Stefano\" style=\"width: 385px; height: 257px;\" \/> <\/a> <div class=\"tiled-gallery-caption\" itemprop=\"caption description\"> Region um Porto Stefano <\/div> <\/div> <div class=\"tiled-gallery-item tiled-gallery-item-large\" itemprop=\"associatedMedia\" itemscope itemtype=\"http:\/\/schema.org\/ImageObject\"> <a href=\"https:\/\/www.light-style.eu\/Blog\/toskana-es-war-traumhaft\/toskana-2016-80\/#main\" border=\"0\" itemprop=\"url\"> <meta itemprop=\"width\" content=\"385\"> <meta itemprop=\"height\" content=\"257\"> <img decoding=\"async\" class=\"\" data-attachment-id=\"2381\" data-orig-file=\"https:\/\/www.light-style.eu\/Blog\/wp-content\/uploads\/2016\/08\/Toskana-2016-80.jpg\" data-orig-size=\"1000,667\" data-comments-opened=\"1\" data-image-meta=\"{&quot;aperture&quot;:&quot;0&quot;,&quot;credit&quot;:&quot;Andi M\\u00f6ller&quot;,&quot;camera&quot;:&quot;&quot;,&quot;caption&quot;:&quot;&quot;,&quot;created_timestamp&quot;:&quot;0&quot;,&quot;copyright&quot;:&quot;Studio Light-Style&quot;,&quot;focal_length&quot;:&quot;0&quot;,&quot;iso&quot;:&quot;0&quot;,&quot;shutter_speed&quot;:&quot;0&quot;,&quot;title&quot;:&quot;&quot;,&quot;orientation&quot;:&quot;0&quot;}\" data-image-title=\"Toskana 2016-80\" data-image-description=\"\" data-medium-file=\"https:\/\/i0.wp.com\/www.light-style.eu\/Blog\/wp-content\/uploads\/2016\/08\/Toskana-2016-80.jpg?fit=600%2C400&#038;ssl=1\" data-large-file=\"https:\/\/i0.wp.com\/www.light-style.eu\/Blog\/wp-content\/uploads\/2016\/08\/Toskana-2016-80.jpg?fit=1000%2C667&#038;ssl=1\" src=\"https:\/\/i0.wp.com\/www.light-style.eu\/Blog\/wp-content\/uploads\/2016\/08\/Toskana-2016-80.jpg?w=385&#038;h=257&#038;ssl=1\" srcset=\"https:\/\/i0.wp.com\/www.light-style.eu\/Blog\/wp-content\/uploads\/2016\/08\/Toskana-2016-80.jpg?w=1000&amp;ssl=1 1000w, https:\/\/i0.wp.com\/www.light-style.eu\/Blog\/wp-content\/uploads\/2016\/08\/Toskana-2016-80.jpg?resize=600%2C400&amp;ssl=1 600w, https:\/\/i0.wp.com\/www.light-style.eu\/Blog\/wp-content\/uploads\/2016\/08\/Toskana-2016-80.jpg?resize=768%2C512&amp;ssl=1 768w\" width=\"385\" height=\"257\" loading=\"lazy\" data-original-width=\"385\" data-original-height=\"257\" itemprop=\"http:\/\/schema.org\/image\" title=\"Toskana 2016-80\" alt=\"Region um Porto Stefano\" style=\"width: 385px; height: 257px;\" \/> <\/a> <div class=\"tiled-gallery-caption\" itemprop=\"caption description\"> Region um Porto Stefano <\/div> <\/div> <\/div> <!-- close group --> <\/div> <!-- close row --> <div class=\"gallery-row\" style=\"width: 1170px; height: 320px;\" data-original-width=\"1170\" data-original-height=\"320\" > <div class=\"gallery-group images-1\" style=\"width: 478px; height: 320px;\" data-original-width=\"478\" data-original-height=\"320\" > <div class=\"tiled-gallery-item tiled-gallery-item-large\" itemprop=\"associatedMedia\" itemscope itemtype=\"http:\/\/schema.org\/ImageObject\"> <a href=\"https:\/\/www.light-style.eu\/Blog\/toskana-es-war-traumhaft\/toskana-2016-79\/#main\" border=\"0\" itemprop=\"url\"> <meta itemprop=\"width\" content=\"474\"> <meta itemprop=\"height\" content=\"316\"> <img decoding=\"async\" class=\"\" data-attachment-id=\"2380\" data-orig-file=\"https:\/\/www.light-style.eu\/Blog\/wp-content\/uploads\/2016\/08\/Toskana-2016-79.jpg\" data-orig-size=\"1000,667\" data-comments-opened=\"1\" data-image-meta=\"{&quot;aperture&quot;:&quot;0&quot;,&quot;credit&quot;:&quot;Andi M\\u00f6ller&quot;,&quot;camera&quot;:&quot;&quot;,&quot;caption&quot;:&quot;&quot;,&quot;created_timestamp&quot;:&quot;0&quot;,&quot;copyright&quot;:&quot;Studio Light-Style&quot;,&quot;focal_length&quot;:&quot;0&quot;,&quot;iso&quot;:&quot;0&quot;,&quot;shutter_speed&quot;:&quot;0&quot;,&quot;title&quot;:&quot;&quot;,&quot;orientation&quot;:&quot;0&quot;}\" data-image-title=\"Toskana 2016-79\" data-image-description=\"\" data-medium-file=\"https:\/\/i0.wp.com\/www.light-style.eu\/Blog\/wp-content\/uploads\/2016\/08\/Toskana-2016-79.jpg?fit=600%2C400&#038;ssl=1\" data-large-file=\"https:\/\/i0.wp.com\/www.light-style.eu\/Blog\/wp-content\/uploads\/2016\/08\/Toskana-2016-79.jpg?fit=1000%2C667&#038;ssl=1\" src=\"https:\/\/i0.wp.com\/www.light-style.eu\/Blog\/wp-content\/uploads\/2016\/08\/Toskana-2016-79.jpg?w=474&#038;h=316&#038;ssl=1\" srcset=\"https:\/\/i0.wp.com\/www.light-style.eu\/Blog\/wp-content\/uploads\/2016\/08\/Toskana-2016-79.jpg?w=1000&amp;ssl=1 1000w, https:\/\/i0.wp.com\/www.light-style.eu\/Blog\/wp-content\/uploads\/2016\/08\/Toskana-2016-79.jpg?resize=600%2C400&amp;ssl=1 600w, https:\/\/i0.wp.com\/www.light-style.eu\/Blog\/wp-content\/uploads\/2016\/08\/Toskana-2016-79.jpg?resize=768%2C512&amp;ssl=1 768w\" width=\"474\" height=\"316\" loading=\"lazy\" data-original-width=\"474\" data-original-height=\"316\" itemprop=\"http:\/\/schema.org\/image\" title=\"Toskana 2016-79\" alt=\"Region um Porto Stefano\" style=\"width: 474px; height: 316px;\" \/> <\/a> <div class=\"tiled-gallery-caption\" itemprop=\"caption description\"> Region um Porto Stefano <\/div> <\/div> <\/div> <!-- close group --> <div class=\"gallery-group images-1\" style=\"width: 477px; height: 320px;\" data-original-width=\"477\" data-original-height=\"320\" > <div class=\"tiled-gallery-item tiled-gallery-item-large\" itemprop=\"associatedMedia\" itemscope itemtype=\"http:\/\/schema.org\/ImageObject\"> <a href=\"https:\/\/www.light-style.eu\/Blog\/toskana-es-war-traumhaft\/toskana-2016-78\/#main\" border=\"0\" itemprop=\"url\"> <meta itemprop=\"width\" content=\"473\"> <meta itemprop=\"height\" content=\"316\"> <img decoding=\"async\" class=\"\" data-attachment-id=\"2379\" data-orig-file=\"https:\/\/www.light-style.eu\/Blog\/wp-content\/uploads\/2016\/08\/Toskana-2016-78.jpg\" data-orig-size=\"1000,667\" data-comments-opened=\"1\" data-image-meta=\"{&quot;aperture&quot;:&quot;0&quot;,&quot;credit&quot;:&quot;Andi M\\u00f6ller&quot;,&quot;camera&quot;:&quot;&quot;,&quot;caption&quot;:&quot;&quot;,&quot;created_timestamp&quot;:&quot;0&quot;,&quot;copyright&quot;:&quot;Studio Light-Style&quot;,&quot;focal_length&quot;:&quot;0&quot;,&quot;iso&quot;:&quot;0&quot;,&quot;shutter_speed&quot;:&quot;0&quot;,&quot;title&quot;:&quot;&quot;,&quot;orientation&quot;:&quot;0&quot;}\" data-image-title=\"Toskana 2016-78\" data-image-description=\"\" data-medium-file=\"https:\/\/i0.wp.com\/www.light-style.eu\/Blog\/wp-content\/uploads\/2016\/08\/Toskana-2016-78.jpg?fit=600%2C400&#038;ssl=1\" data-large-file=\"https:\/\/i0.wp.com\/www.light-style.eu\/Blog\/wp-content\/uploads\/2016\/08\/Toskana-2016-78.jpg?fit=1000%2C667&#038;ssl=1\" src=\"https:\/\/i0.wp.com\/www.light-style.eu\/Blog\/wp-content\/uploads\/2016\/08\/Toskana-2016-78.jpg?w=473&#038;h=316&#038;ssl=1\" srcset=\"https:\/\/i0.wp.com\/www.light-style.eu\/Blog\/wp-content\/uploads\/2016\/08\/Toskana-2016-78.jpg?w=1000&amp;ssl=1 1000w, https:\/\/i0.wp.com\/www.light-style.eu\/Blog\/wp-content\/uploads\/2016\/08\/Toskana-2016-78.jpg?resize=600%2C400&amp;ssl=1 600w, https:\/\/i0.wp.com\/www.light-style.eu\/Blog\/wp-content\/uploads\/2016\/08\/Toskana-2016-78.jpg?resize=768%2C512&amp;ssl=1 768w\" width=\"473\" height=\"316\" loading=\"lazy\" data-original-width=\"473\" data-original-height=\"316\" itemprop=\"http:\/\/schema.org\/image\" title=\"Toskana 2016-78\" alt=\"Region um Porto Stefano, nein es war kein Vulkanausbruch, ;-) sondern nur eine geile Wolke im Sunset ;-)\" style=\"width: 473px; height: 316px;\" \/> <\/a> <div class=\"tiled-gallery-caption\" itemprop=\"caption description\"> Region um Porto Stefano, nein es war kein Vulkanausbruch, \ud83d\ude09 sondern nur eine geile Wolke im Sunset \ud83d\ude09 <\/div> <\/div> <\/div> <!-- close group --> <div class=\"gallery-group images-1\" style=\"width: 215px; height: 320px;\" data-original-width=\"215\" data-original-height=\"320\" > <div class=\"tiled-gallery-item tiled-gallery-item-small\" itemprop=\"associatedMedia\" itemscope itemtype=\"http:\/\/schema.org\/ImageObject\"> <a href=\"https:\/\/www.light-style.eu\/Blog\/toskana-es-war-traumhaft\/toskana-2016-77\/#main\" border=\"0\" itemprop=\"url\"> <meta itemprop=\"width\" content=\"211\"> <meta itemprop=\"height\" content=\"316\"> <img decoding=\"async\" class=\"\" data-attachment-id=\"2378\" data-orig-file=\"https:\/\/www.light-style.eu\/Blog\/wp-content\/uploads\/2016\/08\/Toskana-2016-77.jpg\" data-orig-size=\"667,1000\" data-comments-opened=\"1\" data-image-meta=\"{&quot;aperture&quot;:&quot;0&quot;,&quot;credit&quot;:&quot;Andi M\\u00f6ller&quot;,&quot;camera&quot;:&quot;&quot;,&quot;caption&quot;:&quot;&quot;,&quot;created_timestamp&quot;:&quot;0&quot;,&quot;copyright&quot;:&quot;Studio Light-Style&quot;,&quot;focal_length&quot;:&quot;0&quot;,&quot;iso&quot;:&quot;0&quot;,&quot;shutter_speed&quot;:&quot;0&quot;,&quot;title&quot;:&quot;&quot;,&quot;orientation&quot;:&quot;0&quot;}\" data-image-title=\"Toskana 2016-77\" data-image-description=\"\" data-medium-file=\"https:\/\/i0.wp.com\/www.light-style.eu\/Blog\/wp-content\/uploads\/2016\/08\/Toskana-2016-77.jpg?fit=400%2C600&#038;ssl=1\" data-large-file=\"https:\/\/i0.wp.com\/www.light-style.eu\/Blog\/wp-content\/uploads\/2016\/08\/Toskana-2016-77.jpg?fit=667%2C1000&#038;ssl=1\" src=\"https:\/\/i0.wp.com\/www.light-style.eu\/Blog\/wp-content\/uploads\/2016\/08\/Toskana-2016-77.jpg?w=211&#038;h=316&#038;ssl=1\" srcset=\"https:\/\/i0.wp.com\/www.light-style.eu\/Blog\/wp-content\/uploads\/2016\/08\/Toskana-2016-77.jpg?w=667&amp;ssl=1 667w, https:\/\/i0.wp.com\/www.light-style.eu\/Blog\/wp-content\/uploads\/2016\/08\/Toskana-2016-77.jpg?resize=400%2C600&amp;ssl=1 400w\" width=\"211\" height=\"316\" loading=\"lazy\" data-original-width=\"211\" data-original-height=\"316\" itemprop=\"http:\/\/schema.org\/image\" title=\"Toskana 2016-77\" alt=\"Region um Porto Stefano\" style=\"width: 211px; height: 316px;\" \/> <\/a> <div class=\"tiled-gallery-caption\" itemprop=\"caption description\"> Region um Porto Stefano <\/div> <\/div> <\/div> <!-- close group --> <\/div> <!-- close row --> <div class=\"gallery-row\" style=\"width: 1170px; height: 522px;\" data-original-width=\"1170\" data-original-height=\"522\" > <div class=\"gallery-group images-2\" style=\"width: 389px; height: 522px;\" data-original-width=\"389\" data-original-height=\"522\" > <div class=\"tiled-gallery-item tiled-gallery-item-large\" itemprop=\"associatedMedia\" itemscope itemtype=\"http:\/\/schema.org\/ImageObject\"> <a href=\"https:\/\/www.light-style.eu\/Blog\/toskana-es-war-traumhaft\/toskana-2016-76\/#main\" border=\"0\" itemprop=\"url\"> <meta itemprop=\"width\" content=\"385\"> <meta itemprop=\"height\" content=\"257\"> <img decoding=\"async\" class=\"\" data-attachment-id=\"2377\" data-orig-file=\"https:\/\/www.light-style.eu\/Blog\/wp-content\/uploads\/2016\/08\/Toskana-2016-76.jpg\" data-orig-size=\"1000,667\" data-comments-opened=\"1\" data-image-meta=\"{&quot;aperture&quot;:&quot;0&quot;,&quot;credit&quot;:&quot;Andi M\\u00f6ller&quot;,&quot;camera&quot;:&quot;&quot;,&quot;caption&quot;:&quot;&quot;,&quot;created_timestamp&quot;:&quot;0&quot;,&quot;copyright&quot;:&quot;Studio Light-Style&quot;,&quot;focal_length&quot;:&quot;0&quot;,&quot;iso&quot;:&quot;0&quot;,&quot;shutter_speed&quot;:&quot;0&quot;,&quot;title&quot;:&quot;&quot;,&quot;orientation&quot;:&quot;0&quot;}\" data-image-title=\"Toskana 2016-76\" data-image-description=\"\" data-medium-file=\"https:\/\/i0.wp.com\/www.light-style.eu\/Blog\/wp-content\/uploads\/2016\/08\/Toskana-2016-76.jpg?fit=600%2C400&#038;ssl=1\" data-large-file=\"https:\/\/i0.wp.com\/www.light-style.eu\/Blog\/wp-content\/uploads\/2016\/08\/Toskana-2016-76.jpg?fit=1000%2C667&#038;ssl=1\" src=\"https:\/\/i0.wp.com\/www.light-style.eu\/Blog\/wp-content\/uploads\/2016\/08\/Toskana-2016-76.jpg?w=385&#038;h=257&#038;ssl=1\" srcset=\"https:\/\/i0.wp.com\/www.light-style.eu\/Blog\/wp-content\/uploads\/2016\/08\/Toskana-2016-76.jpg?w=1000&amp;ssl=1 1000w, https:\/\/i0.wp.com\/www.light-style.eu\/Blog\/wp-content\/uploads\/2016\/08\/Toskana-2016-76.jpg?resize=600%2C400&amp;ssl=1 600w, https:\/\/i0.wp.com\/www.light-style.eu\/Blog\/wp-content\/uploads\/2016\/08\/Toskana-2016-76.jpg?resize=768%2C512&amp;ssl=1 768w\" width=\"385\" height=\"257\" loading=\"lazy\" data-original-width=\"385\" data-original-height=\"257\" itemprop=\"http:\/\/schema.org\/image\" title=\"Toskana 2016-76\" alt=\"Region um Porto Stefano\" style=\"width: 385px; height: 257px;\" \/> <\/a> <div class=\"tiled-gallery-caption\" itemprop=\"caption description\"> Region um Porto Stefano <\/div> <\/div> <div class=\"tiled-gallery-item tiled-gallery-item-large\" itemprop=\"associatedMedia\" itemscope itemtype=\"http:\/\/schema.org\/ImageObject\"> <a href=\"https:\/\/www.light-style.eu\/Blog\/toskana-es-war-traumhaft\/toskana-2016-75\/#main\" border=\"0\" itemprop=\"url\"> <meta itemprop=\"width\" content=\"385\"> <meta itemprop=\"height\" content=\"257\"> <img decoding=\"async\" class=\"\" data-attachment-id=\"2376\" data-orig-file=\"https:\/\/www.light-style.eu\/Blog\/wp-content\/uploads\/2016\/08\/Toskana-2016-75.jpg\" data-orig-size=\"1000,667\" data-comments-opened=\"1\" data-image-meta=\"{&quot;aperture&quot;:&quot;0&quot;,&quot;credit&quot;:&quot;Andi M\\u00f6ller&quot;,&quot;camera&quot;:&quot;&quot;,&quot;caption&quot;:&quot;&quot;,&quot;created_timestamp&quot;:&quot;0&quot;,&quot;copyright&quot;:&quot;Studio Light-Style&quot;,&quot;focal_length&quot;:&quot;0&quot;,&quot;iso&quot;:&quot;0&quot;,&quot;shutter_speed&quot;:&quot;0&quot;,&quot;title&quot;:&quot;&quot;,&quot;orientation&quot;:&quot;0&quot;}\" data-image-title=\"Toskana 2016-75\" data-image-description=\"\" data-medium-file=\"https:\/\/i0.wp.com\/www.light-style.eu\/Blog\/wp-content\/uploads\/2016\/08\/Toskana-2016-75.jpg?fit=600%2C400&#038;ssl=1\" data-large-file=\"https:\/\/i0.wp.com\/www.light-style.eu\/Blog\/wp-content\/uploads\/2016\/08\/Toskana-2016-75.jpg?fit=1000%2C667&#038;ssl=1\" src=\"https:\/\/i0.wp.com\/www.light-style.eu\/Blog\/wp-content\/uploads\/2016\/08\/Toskana-2016-75.jpg?w=385&#038;h=257&#038;ssl=1\" srcset=\"https:\/\/i0.wp.com\/www.light-style.eu\/Blog\/wp-content\/uploads\/2016\/08\/Toskana-2016-75.jpg?w=1000&amp;ssl=1 1000w, https:\/\/i0.wp.com\/www.light-style.eu\/Blog\/wp-content\/uploads\/2016\/08\/Toskana-2016-75.jpg?resize=600%2C400&amp;ssl=1 600w, https:\/\/i0.wp.com\/www.light-style.eu\/Blog\/wp-content\/uploads\/2016\/08\/Toskana-2016-75.jpg?resize=768%2C512&amp;ssl=1 768w\" width=\"385\" height=\"257\" loading=\"lazy\" data-original-width=\"385\" data-original-height=\"257\" itemprop=\"http:\/\/schema.org\/image\" title=\"Toskana 2016-75\" alt=\"Region um Porto Stefano\" style=\"width: 385px; height: 257px;\" \/> <\/a> <div class=\"tiled-gallery-caption\" itemprop=\"caption description\"> Region um Porto Stefano <\/div> <\/div> <\/div> <!-- close group --> <div class=\"gallery-group images-1\" style=\"width: 781px; height: 522px;\" data-original-width=\"781\" data-original-height=\"522\" > <div class=\"tiled-gallery-item tiled-gallery-item-large\" itemprop=\"associatedMedia\" itemscope itemtype=\"http:\/\/schema.org\/ImageObject\"> <a href=\"https:\/\/www.light-style.eu\/Blog\/toskana-es-war-traumhaft\/toskana-2016-74\/#main\" border=\"0\" itemprop=\"url\"> <meta itemprop=\"width\" content=\"777\"> <meta itemprop=\"height\" content=\"518\"> <img decoding=\"async\" class=\"\" data-attachment-id=\"2375\" data-orig-file=\"https:\/\/www.light-style.eu\/Blog\/wp-content\/uploads\/2016\/08\/Toskana-2016-74.jpg\" data-orig-size=\"1000,667\" data-comments-opened=\"1\" data-image-meta=\"{&quot;aperture&quot;:&quot;0&quot;,&quot;credit&quot;:&quot;Andi M\\u00f6ller&quot;,&quot;camera&quot;:&quot;&quot;,&quot;caption&quot;:&quot;&quot;,&quot;created_timestamp&quot;:&quot;0&quot;,&quot;copyright&quot;:&quot;Studio Light-Style&quot;,&quot;focal_length&quot;:&quot;0&quot;,&quot;iso&quot;:&quot;0&quot;,&quot;shutter_speed&quot;:&quot;0&quot;,&quot;title&quot;:&quot;&quot;,&quot;orientation&quot;:&quot;0&quot;}\" data-image-title=\"Toskana 2016-74\" data-image-description=\"\" data-medium-file=\"https:\/\/i0.wp.com\/www.light-style.eu\/Blog\/wp-content\/uploads\/2016\/08\/Toskana-2016-74.jpg?fit=600%2C400&#038;ssl=1\" data-large-file=\"https:\/\/i0.wp.com\/www.light-style.eu\/Blog\/wp-content\/uploads\/2016\/08\/Toskana-2016-74.jpg?fit=1000%2C667&#038;ssl=1\" src=\"https:\/\/i0.wp.com\/www.light-style.eu\/Blog\/wp-content\/uploads\/2016\/08\/Toskana-2016-74.jpg?w=777&#038;h=518&#038;ssl=1\" srcset=\"https:\/\/i0.wp.com\/www.light-style.eu\/Blog\/wp-content\/uploads\/2016\/08\/Toskana-2016-74.jpg?w=1000&amp;ssl=1 1000w, https:\/\/i0.wp.com\/www.light-style.eu\/Blog\/wp-content\/uploads\/2016\/08\/Toskana-2016-74.jpg?resize=600%2C400&amp;ssl=1 600w, https:\/\/i0.wp.com\/www.light-style.eu\/Blog\/wp-content\/uploads\/2016\/08\/Toskana-2016-74.jpg?resize=768%2C512&amp;ssl=1 768w\" width=\"777\" height=\"518\" loading=\"lazy\" data-original-width=\"777\" data-original-height=\"518\" itemprop=\"http:\/\/schema.org\/image\" title=\"Toskana 2016-74\" alt=\"Region um Porto Stefano\" style=\"width: 777px; height: 518px;\" \/> <\/a> <div class=\"tiled-gallery-caption\" itemprop=\"caption description\"> Region um Porto Stefano <\/div> <\/div> <\/div> <!-- close group --> <\/div> <!-- close row --> <div class=\"gallery-row\" style=\"width: 1170px; height: 392px;\" data-original-width=\"1170\" data-original-height=\"392\" > <div class=\"gallery-group images-1\" style=\"width: 585px; height: 392px;\" data-original-width=\"585\" data-original-height=\"392\" > <div class=\"tiled-gallery-item tiled-gallery-item-large\" itemprop=\"associatedMedia\" itemscope itemtype=\"http:\/\/schema.org\/ImageObject\"> <a href=\"https:\/\/www.light-style.eu\/Blog\/toskana-es-war-traumhaft\/toskana-2016-73\/#main\" border=\"0\" itemprop=\"url\"> <meta itemprop=\"width\" content=\"581\"> <meta itemprop=\"height\" content=\"388\"> <img decoding=\"async\" class=\"\" data-attachment-id=\"2374\" data-orig-file=\"https:\/\/www.light-style.eu\/Blog\/wp-content\/uploads\/2016\/08\/Toskana-2016-73.jpg\" data-orig-size=\"1000,667\" data-comments-opened=\"1\" data-image-meta=\"{&quot;aperture&quot;:&quot;0&quot;,&quot;credit&quot;:&quot;Andi M\\u00f6ller&quot;,&quot;camera&quot;:&quot;&quot;,&quot;caption&quot;:&quot;&quot;,&quot;created_timestamp&quot;:&quot;0&quot;,&quot;copyright&quot;:&quot;Studio Light-Style&quot;,&quot;focal_length&quot;:&quot;0&quot;,&quot;iso&quot;:&quot;0&quot;,&quot;shutter_speed&quot;:&quot;0&quot;,&quot;title&quot;:&quot;&quot;,&quot;orientation&quot;:&quot;0&quot;}\" data-image-title=\"Toskana 2016-73\" data-image-description=\"\" data-medium-file=\"https:\/\/i0.wp.com\/www.light-style.eu\/Blog\/wp-content\/uploads\/2016\/08\/Toskana-2016-73.jpg?fit=600%2C400&#038;ssl=1\" data-large-file=\"https:\/\/i0.wp.com\/www.light-style.eu\/Blog\/wp-content\/uploads\/2016\/08\/Toskana-2016-73.jpg?fit=1000%2C667&#038;ssl=1\" src=\"https:\/\/i0.wp.com\/www.light-style.eu\/Blog\/wp-content\/uploads\/2016\/08\/Toskana-2016-73.jpg?w=581&#038;h=388&#038;ssl=1\" srcset=\"https:\/\/i0.wp.com\/www.light-style.eu\/Blog\/wp-content\/uploads\/2016\/08\/Toskana-2016-73.jpg?w=1000&amp;ssl=1 1000w, https:\/\/i0.wp.com\/www.light-style.eu\/Blog\/wp-content\/uploads\/2016\/08\/Toskana-2016-73.jpg?resize=600%2C400&amp;ssl=1 600w, https:\/\/i0.wp.com\/www.light-style.eu\/Blog\/wp-content\/uploads\/2016\/08\/Toskana-2016-73.jpg?resize=768%2C512&amp;ssl=1 768w\" width=\"581\" height=\"388\" loading=\"lazy\" data-original-width=\"581\" data-original-height=\"388\" itemprop=\"http:\/\/schema.org\/image\" title=\"Toskana 2016-73\" alt=\"Region um Porto Stefano\" style=\"width: 581px; height: 388px;\" \/> <\/a> <div class=\"tiled-gallery-caption\" itemprop=\"caption description\"> Region um Porto Stefano <\/div> <\/div> <\/div> <!-- close group --> <div class=\"gallery-group images-1\" style=\"width: 585px; height: 392px;\" data-original-width=\"585\" data-original-height=\"392\" > <div class=\"tiled-gallery-item tiled-gallery-item-large\" itemprop=\"associatedMedia\" itemscope itemtype=\"http:\/\/schema.org\/ImageObject\"> <a href=\"https:\/\/www.light-style.eu\/Blog\/toskana-es-war-traumhaft\/toskana-2016-72\/#main\" border=\"0\" itemprop=\"url\"> <meta itemprop=\"width\" content=\"581\"> <meta itemprop=\"height\" content=\"388\"> <img decoding=\"async\" class=\"\" data-attachment-id=\"2373\" data-orig-file=\"https:\/\/www.light-style.eu\/Blog\/wp-content\/uploads\/2016\/08\/Toskana-2016-72.jpg\" data-orig-size=\"1000,667\" data-comments-opened=\"1\" data-image-meta=\"{&quot;aperture&quot;:&quot;0&quot;,&quot;credit&quot;:&quot;Andi M\\u00f6ller&quot;,&quot;camera&quot;:&quot;&quot;,&quot;caption&quot;:&quot;&quot;,&quot;created_timestamp&quot;:&quot;0&quot;,&quot;copyright&quot;:&quot;Studio Light-Style&quot;,&quot;focal_length&quot;:&quot;0&quot;,&quot;iso&quot;:&quot;0&quot;,&quot;shutter_speed&quot;:&quot;0&quot;,&quot;title&quot;:&quot;&quot;,&quot;orientation&quot;:&quot;0&quot;}\" data-image-title=\"Toskana 2016-72\" data-image-description=\"\" data-medium-file=\"https:\/\/i0.wp.com\/www.light-style.eu\/Blog\/wp-content\/uploads\/2016\/08\/Toskana-2016-72.jpg?fit=600%2C400&#038;ssl=1\" data-large-file=\"https:\/\/i0.wp.com\/www.light-style.eu\/Blog\/wp-content\/uploads\/2016\/08\/Toskana-2016-72.jpg?fit=1000%2C667&#038;ssl=1\" src=\"https:\/\/i0.wp.com\/www.light-style.eu\/Blog\/wp-content\/uploads\/2016\/08\/Toskana-2016-72.jpg?w=581&#038;h=388&#038;ssl=1\" srcset=\"https:\/\/i0.wp.com\/www.light-style.eu\/Blog\/wp-content\/uploads\/2016\/08\/Toskana-2016-72.jpg?w=1000&amp;ssl=1 1000w, https:\/\/i0.wp.com\/www.light-style.eu\/Blog\/wp-content\/uploads\/2016\/08\/Toskana-2016-72.jpg?resize=600%2C400&amp;ssl=1 600w, https:\/\/i0.wp.com\/www.light-style.eu\/Blog\/wp-content\/uploads\/2016\/08\/Toskana-2016-72.jpg?resize=768%2C512&amp;ssl=1 768w\" width=\"581\" height=\"388\" loading=\"lazy\" data-original-width=\"581\" data-original-height=\"388\" itemprop=\"http:\/\/schema.org\/image\" title=\"Toskana 2016-72\" alt=\"Region um Porto Stefano\" style=\"width: 581px; height: 388px;\" \/> <\/a> <div class=\"tiled-gallery-caption\" itemprop=\"caption description\"> Region um Porto Stefano <\/div> <\/div> <\/div> <!-- close group --> <\/div> <!-- close row --> <div class=\"gallery-row\" style=\"width: 1170px; height: 522px;\" data-original-width=\"1170\" data-original-height=\"522\" > <div class=\"gallery-group images-1\" style=\"width: 781px; height: 522px;\" data-original-width=\"781\" data-original-height=\"522\" > <div class=\"tiled-gallery-item tiled-gallery-item-large\" itemprop=\"associatedMedia\" itemscope itemtype=\"http:\/\/schema.org\/ImageObject\"> <a href=\"https:\/\/www.light-style.eu\/Blog\/toskana-es-war-traumhaft\/toskana-2016-71\/#main\" border=\"0\" itemprop=\"url\"> <meta itemprop=\"width\" content=\"777\"> <meta itemprop=\"height\" content=\"518\"> <img decoding=\"async\" class=\"\" data-attachment-id=\"2372\" data-orig-file=\"https:\/\/www.light-style.eu\/Blog\/wp-content\/uploads\/2016\/08\/Toskana-2016-71.jpg\" data-orig-size=\"1000,667\" data-comments-opened=\"1\" data-image-meta=\"{&quot;aperture&quot;:&quot;0&quot;,&quot;credit&quot;:&quot;Andi M\\u00f6ller&quot;,&quot;camera&quot;:&quot;&quot;,&quot;caption&quot;:&quot;&quot;,&quot;created_timestamp&quot;:&quot;0&quot;,&quot;copyright&quot;:&quot;Studio Light-Style&quot;,&quot;focal_length&quot;:&quot;0&quot;,&quot;iso&quot;:&quot;0&quot;,&quot;shutter_speed&quot;:&quot;0&quot;,&quot;title&quot;:&quot;&quot;,&quot;orientation&quot;:&quot;0&quot;}\" data-image-title=\"Toskana 2016-71\" data-image-description=\"\" data-medium-file=\"https:\/\/i0.wp.com\/www.light-style.eu\/Blog\/wp-content\/uploads\/2016\/08\/Toskana-2016-71.jpg?fit=600%2C400&#038;ssl=1\" data-large-file=\"https:\/\/i0.wp.com\/www.light-style.eu\/Blog\/wp-content\/uploads\/2016\/08\/Toskana-2016-71.jpg?fit=1000%2C667&#038;ssl=1\" src=\"https:\/\/i0.wp.com\/www.light-style.eu\/Blog\/wp-content\/uploads\/2016\/08\/Toskana-2016-71.jpg?w=777&#038;h=518&#038;ssl=1\" srcset=\"https:\/\/i0.wp.com\/www.light-style.eu\/Blog\/wp-content\/uploads\/2016\/08\/Toskana-2016-71.jpg?w=1000&amp;ssl=1 1000w, https:\/\/i0.wp.com\/www.light-style.eu\/Blog\/wp-content\/uploads\/2016\/08\/Toskana-2016-71.jpg?resize=600%2C400&amp;ssl=1 600w, https:\/\/i0.wp.com\/www.light-style.eu\/Blog\/wp-content\/uploads\/2016\/08\/Toskana-2016-71.jpg?resize=768%2C512&amp;ssl=1 768w\" width=\"777\" height=\"518\" loading=\"lazy\" data-original-width=\"777\" data-original-height=\"518\" itemprop=\"http:\/\/schema.org\/image\" title=\"Toskana 2016-71\" alt=\"Region um Porto Stefano\" style=\"width: 777px; height: 518px;\" \/> <\/a> <div class=\"tiled-gallery-caption\" itemprop=\"caption description\"> Region um Porto Stefano <\/div> <\/div> <\/div> <!-- close group --> <div class=\"gallery-group images-2\" style=\"width: 389px; height: 522px;\" data-original-width=\"389\" data-original-height=\"522\" > <div class=\"tiled-gallery-item tiled-gallery-item-large\" itemprop=\"associatedMedia\" itemscope itemtype=\"http:\/\/schema.org\/ImageObject\"> <a href=\"https:\/\/www.light-style.eu\/Blog\/toskana-es-war-traumhaft\/toskana-2016-70\/#main\" border=\"0\" itemprop=\"url\"> <meta itemprop=\"width\" content=\"385\"> <meta itemprop=\"height\" content=\"257\"> <img decoding=\"async\" class=\"\" data-attachment-id=\"2371\" data-orig-file=\"https:\/\/www.light-style.eu\/Blog\/wp-content\/uploads\/2016\/08\/Toskana-2016-70.jpg\" data-orig-size=\"1000,667\" data-comments-opened=\"1\" data-image-meta=\"{&quot;aperture&quot;:&quot;0&quot;,&quot;credit&quot;:&quot;Andi M\\u00f6ller&quot;,&quot;camera&quot;:&quot;&quot;,&quot;caption&quot;:&quot;&quot;,&quot;created_timestamp&quot;:&quot;0&quot;,&quot;copyright&quot;:&quot;Studio Light-Style&quot;,&quot;focal_length&quot;:&quot;0&quot;,&quot;iso&quot;:&quot;0&quot;,&quot;shutter_speed&quot;:&quot;0&quot;,&quot;title&quot;:&quot;&quot;,&quot;orientation&quot;:&quot;0&quot;}\" data-image-title=\"Toskana 2016-70\" data-image-description=\"\" data-medium-file=\"https:\/\/i0.wp.com\/www.light-style.eu\/Blog\/wp-content\/uploads\/2016\/08\/Toskana-2016-70.jpg?fit=600%2C400&#038;ssl=1\" data-large-file=\"https:\/\/i0.wp.com\/www.light-style.eu\/Blog\/wp-content\/uploads\/2016\/08\/Toskana-2016-70.jpg?fit=1000%2C667&#038;ssl=1\" src=\"https:\/\/i0.wp.com\/www.light-style.eu\/Blog\/wp-content\/uploads\/2016\/08\/Toskana-2016-70.jpg?w=385&#038;h=257&#038;ssl=1\" srcset=\"https:\/\/i0.wp.com\/www.light-style.eu\/Blog\/wp-content\/uploads\/2016\/08\/Toskana-2016-70.jpg?w=1000&amp;ssl=1 1000w, https:\/\/i0.wp.com\/www.light-style.eu\/Blog\/wp-content\/uploads\/2016\/08\/Toskana-2016-70.jpg?resize=600%2C400&amp;ssl=1 600w, https:\/\/i0.wp.com\/www.light-style.eu\/Blog\/wp-content\/uploads\/2016\/08\/Toskana-2016-70.jpg?resize=768%2C512&amp;ssl=1 768w\" width=\"385\" height=\"257\" loading=\"lazy\" data-original-width=\"385\" data-original-height=\"257\" itemprop=\"http:\/\/schema.org\/image\" title=\"Toskana 2016-70\" alt=\"Region um Porto Stefano\" style=\"width: 385px; height: 257px;\" \/> <\/a> <div class=\"tiled-gallery-caption\" itemprop=\"caption description\"> Region um Porto Stefano <\/div> <\/div> <div class=\"tiled-gallery-item tiled-gallery-item-large\" itemprop=\"associatedMedia\" itemscope itemtype=\"http:\/\/schema.org\/ImageObject\"> <a href=\"https:\/\/www.light-style.eu\/Blog\/toskana-es-war-traumhaft\/toskana-2016-69\/#main\" border=\"0\" itemprop=\"url\"> <meta itemprop=\"width\" content=\"385\"> <meta itemprop=\"height\" content=\"257\"> <img decoding=\"async\" class=\"\" data-attachment-id=\"2370\" data-orig-file=\"https:\/\/www.light-style.eu\/Blog\/wp-content\/uploads\/2016\/08\/Toskana-2016-69.jpg\" data-orig-size=\"1000,667\" data-comments-opened=\"1\" data-image-meta=\"{&quot;aperture&quot;:&quot;0&quot;,&quot;credit&quot;:&quot;Andi M\\u00f6ller&quot;,&quot;camera&quot;:&quot;&quot;,&quot;caption&quot;:&quot;&quot;,&quot;created_timestamp&quot;:&quot;0&quot;,&quot;copyright&quot;:&quot;Studio Light-Style&quot;,&quot;focal_length&quot;:&quot;0&quot;,&quot;iso&quot;:&quot;0&quot;,&quot;shutter_speed&quot;:&quot;0&quot;,&quot;title&quot;:&quot;&quot;,&quot;orientation&quot;:&quot;0&quot;}\" data-image-title=\"Toskana 2016-69\" data-image-description=\"\" data-medium-file=\"https:\/\/i0.wp.com\/www.light-style.eu\/Blog\/wp-content\/uploads\/2016\/08\/Toskana-2016-69.jpg?fit=600%2C400&#038;ssl=1\" data-large-file=\"https:\/\/i0.wp.com\/www.light-style.eu\/Blog\/wp-content\/uploads\/2016\/08\/Toskana-2016-69.jpg?fit=1000%2C667&#038;ssl=1\" src=\"https:\/\/i0.wp.com\/www.light-style.eu\/Blog\/wp-content\/uploads\/2016\/08\/Toskana-2016-69.jpg?w=385&#038;h=257&#038;ssl=1\" srcset=\"https:\/\/i0.wp.com\/www.light-style.eu\/Blog\/wp-content\/uploads\/2016\/08\/Toskana-2016-69.jpg?w=1000&amp;ssl=1 1000w, https:\/\/i0.wp.com\/www.light-style.eu\/Blog\/wp-content\/uploads\/2016\/08\/Toskana-2016-69.jpg?resize=600%2C400&amp;ssl=1 600w, https:\/\/i0.wp.com\/www.light-style.eu\/Blog\/wp-content\/uploads\/2016\/08\/Toskana-2016-69.jpg?resize=768%2C512&amp;ssl=1 768w\" width=\"385\" height=\"257\" loading=\"lazy\" data-original-width=\"385\" data-original-height=\"257\" itemprop=\"http:\/\/schema.org\/image\" title=\"Toskana 2016-69\" alt=\"Region um Porto Stefano\" style=\"width: 385px; height: 257px;\" \/> <\/a> <div class=\"tiled-gallery-caption\" itemprop=\"caption description\"> Region um Porto Stefano <\/div> <\/div> <\/div> <!-- close group --> <\/div> <!-- close row --> <div class=\"gallery-row\" style=\"width: 1170px; height: 320px;\" data-original-width=\"1170\" data-original-height=\"320\" > <div class=\"gallery-group images-1\" style=\"width: 478px; height: 320px;\" data-original-width=\"478\" data-original-height=\"320\" > <div class=\"tiled-gallery-item tiled-gallery-item-large\" itemprop=\"associatedMedia\" itemscope itemtype=\"http:\/\/schema.org\/ImageObject\"> <a href=\"https:\/\/www.light-style.eu\/Blog\/toskana-es-war-traumhaft\/toskana-2016-68\/#main\" border=\"0\" itemprop=\"url\"> <meta itemprop=\"width\" content=\"474\"> <meta itemprop=\"height\" content=\"316\"> <img decoding=\"async\" class=\"\" data-attachment-id=\"2369\" data-orig-file=\"https:\/\/www.light-style.eu\/Blog\/wp-content\/uploads\/2016\/08\/Toskana-2016-68.jpg\" data-orig-size=\"1000,667\" data-comments-opened=\"1\" data-image-meta=\"{&quot;aperture&quot;:&quot;0&quot;,&quot;credit&quot;:&quot;Andi M\\u00f6ller&quot;,&quot;camera&quot;:&quot;&quot;,&quot;caption&quot;:&quot;&quot;,&quot;created_timestamp&quot;:&quot;0&quot;,&quot;copyright&quot;:&quot;Studio Light-Style&quot;,&quot;focal_length&quot;:&quot;0&quot;,&quot;iso&quot;:&quot;0&quot;,&quot;shutter_speed&quot;:&quot;0&quot;,&quot;title&quot;:&quot;&quot;,&quot;orientation&quot;:&quot;0&quot;}\" data-image-title=\"Toskana 2016-68\" data-image-description=\"\" data-medium-file=\"https:\/\/i0.wp.com\/www.light-style.eu\/Blog\/wp-content\/uploads\/2016\/08\/Toskana-2016-68.jpg?fit=600%2C400&#038;ssl=1\" data-large-file=\"https:\/\/i0.wp.com\/www.light-style.eu\/Blog\/wp-content\/uploads\/2016\/08\/Toskana-2016-68.jpg?fit=1000%2C667&#038;ssl=1\" src=\"https:\/\/i0.wp.com\/www.light-style.eu\/Blog\/wp-content\/uploads\/2016\/08\/Toskana-2016-68.jpg?w=474&#038;h=316&#038;ssl=1\" srcset=\"https:\/\/i0.wp.com\/www.light-style.eu\/Blog\/wp-content\/uploads\/2016\/08\/Toskana-2016-68.jpg?w=1000&amp;ssl=1 1000w, https:\/\/i0.wp.com\/www.light-style.eu\/Blog\/wp-content\/uploads\/2016\/08\/Toskana-2016-68.jpg?resize=600%2C400&amp;ssl=1 600w, https:\/\/i0.wp.com\/www.light-style.eu\/Blog\/wp-content\/uploads\/2016\/08\/Toskana-2016-68.jpg?resize=768%2C512&amp;ssl=1 768w\" width=\"474\" height=\"316\" loading=\"lazy\" data-original-width=\"474\" data-original-height=\"316\" itemprop=\"http:\/\/schema.org\/image\" title=\"Toskana 2016-68\" alt=\"Region um Porto Stefano\" style=\"width: 474px; height: 316px;\" \/> <\/a> <div class=\"tiled-gallery-caption\" itemprop=\"caption description\"> Region um Porto Stefano <\/div> <\/div> <\/div> <!-- close group --> <div class=\"gallery-group images-1\" style=\"width: 477px; height: 320px;\" data-original-width=\"477\" data-original-height=\"320\" > <div class=\"tiled-gallery-item tiled-gallery-item-large\" itemprop=\"associatedMedia\" itemscope itemtype=\"http:\/\/schema.org\/ImageObject\"> <a href=\"https:\/\/www.light-style.eu\/Blog\/toskana-es-war-traumhaft\/toskana-2016-67\/#main\" border=\"0\" itemprop=\"url\"> <meta itemprop=\"width\" content=\"473\"> <meta itemprop=\"height\" content=\"316\"> <img decoding=\"async\" class=\"\" data-attachment-id=\"2368\" data-orig-file=\"https:\/\/www.light-style.eu\/Blog\/wp-content\/uploads\/2016\/08\/Toskana-2016-67.jpg\" data-orig-size=\"1000,667\" data-comments-opened=\"1\" data-image-meta=\"{&quot;aperture&quot;:&quot;0&quot;,&quot;credit&quot;:&quot;Andi M\\u00f6ller&quot;,&quot;camera&quot;:&quot;&quot;,&quot;caption&quot;:&quot;&quot;,&quot;created_timestamp&quot;:&quot;0&quot;,&quot;copyright&quot;:&quot;Studio Light-Style&quot;,&quot;focal_length&quot;:&quot;0&quot;,&quot;iso&quot;:&quot;0&quot;,&quot;shutter_speed&quot;:&quot;0&quot;,&quot;title&quot;:&quot;&quot;,&quot;orientation&quot;:&quot;0&quot;}\" data-image-title=\"Toskana 2016-67\" data-image-description=\"\" data-medium-file=\"https:\/\/i0.wp.com\/www.light-style.eu\/Blog\/wp-content\/uploads\/2016\/08\/Toskana-2016-67.jpg?fit=600%2C400&#038;ssl=1\" data-large-file=\"https:\/\/i0.wp.com\/www.light-style.eu\/Blog\/wp-content\/uploads\/2016\/08\/Toskana-2016-67.jpg?fit=1000%2C667&#038;ssl=1\" src=\"https:\/\/i0.wp.com\/www.light-style.eu\/Blog\/wp-content\/uploads\/2016\/08\/Toskana-2016-67.jpg?w=473&#038;h=316&#038;ssl=1\" srcset=\"https:\/\/i0.wp.com\/www.light-style.eu\/Blog\/wp-content\/uploads\/2016\/08\/Toskana-2016-67.jpg?w=1000&amp;ssl=1 1000w, https:\/\/i0.wp.com\/www.light-style.eu\/Blog\/wp-content\/uploads\/2016\/08\/Toskana-2016-67.jpg?resize=600%2C400&amp;ssl=1 600w, https:\/\/i0.wp.com\/www.light-style.eu\/Blog\/wp-content\/uploads\/2016\/08\/Toskana-2016-67.jpg?resize=768%2C512&amp;ssl=1 768w\" width=\"473\" height=\"316\" loading=\"lazy\" data-original-width=\"473\" data-original-height=\"316\" itemprop=\"http:\/\/schema.org\/image\" title=\"Toskana 2016-67\" alt=\"Region um Porto Stefano\" style=\"width: 473px; height: 316px;\" \/> <\/a> <div class=\"tiled-gallery-caption\" itemprop=\"caption description\"> Region um Porto Stefano <\/div> <\/div> <\/div> <!-- close group --> <div class=\"gallery-group images-1\" style=\"width: 215px; height: 320px;\" data-original-width=\"215\" data-original-height=\"320\" > <div class=\"tiled-gallery-item tiled-gallery-item-small\" itemprop=\"associatedMedia\" itemscope itemtype=\"http:\/\/schema.org\/ImageObject\"> <a href=\"https:\/\/www.light-style.eu\/Blog\/toskana-es-war-traumhaft\/toskana-2016-66\/#main\" border=\"0\" itemprop=\"url\"> <meta itemprop=\"width\" content=\"211\"> <meta itemprop=\"height\" content=\"316\"> <img decoding=\"async\" class=\"\" data-attachment-id=\"2367\" data-orig-file=\"https:\/\/www.light-style.eu\/Blog\/wp-content\/uploads\/2016\/08\/Toskana-2016-66.jpg\" data-orig-size=\"667,1000\" data-comments-opened=\"1\" data-image-meta=\"{&quot;aperture&quot;:&quot;0&quot;,&quot;credit&quot;:&quot;Andi M\\u00f6ller&quot;,&quot;camera&quot;:&quot;&quot;,&quot;caption&quot;:&quot;&quot;,&quot;created_timestamp&quot;:&quot;0&quot;,&quot;copyright&quot;:&quot;Studio Light-Style&quot;,&quot;focal_length&quot;:&quot;0&quot;,&quot;iso&quot;:&quot;0&quot;,&quot;shutter_speed&quot;:&quot;0&quot;,&quot;title&quot;:&quot;&quot;,&quot;orientation&quot;:&quot;0&quot;}\" data-image-title=\"Toskana 2016-66\" data-image-description=\"\" data-medium-file=\"https:\/\/i0.wp.com\/www.light-style.eu\/Blog\/wp-content\/uploads\/2016\/08\/Toskana-2016-66.jpg?fit=400%2C600&#038;ssl=1\" data-large-file=\"https:\/\/i0.wp.com\/www.light-style.eu\/Blog\/wp-content\/uploads\/2016\/08\/Toskana-2016-66.jpg?fit=667%2C1000&#038;ssl=1\" src=\"https:\/\/i0.wp.com\/www.light-style.eu\/Blog\/wp-content\/uploads\/2016\/08\/Toskana-2016-66.jpg?w=211&#038;h=316&#038;ssl=1\" srcset=\"https:\/\/i0.wp.com\/www.light-style.eu\/Blog\/wp-content\/uploads\/2016\/08\/Toskana-2016-66.jpg?w=667&amp;ssl=1 667w, https:\/\/i0.wp.com\/www.light-style.eu\/Blog\/wp-content\/uploads\/2016\/08\/Toskana-2016-66.jpg?resize=400%2C600&amp;ssl=1 400w\" width=\"211\" height=\"316\" loading=\"lazy\" data-original-width=\"211\" data-original-height=\"316\" itemprop=\"http:\/\/schema.org\/image\" title=\"Toskana 2016-66\" alt=\"Region um Porto Stefano\" style=\"width: 211px; height: 316px;\" \/> <\/a> <div class=\"tiled-gallery-caption\" itemprop=\"caption description\"> Region um Porto Stefano <\/div> <\/div> <\/div> <!-- close group --> <\/div> <!-- close row --> <div class=\"gallery-row\" style=\"width: 1170px; height: 1003px;\" data-original-width=\"1170\" data-original-height=\"1003\" > <div class=\"gallery-group images-1\" style=\"width: 671px; height: 1003px;\" data-original-width=\"671\" data-original-height=\"1003\" > <div class=\"tiled-gallery-item tiled-gallery-item-large\" itemprop=\"associatedMedia\" itemscope itemtype=\"http:\/\/schema.org\/ImageObject\"> <a href=\"https:\/\/www.light-style.eu\/Blog\/toskana-es-war-traumhaft\/toskana-2016-65\/#main\" border=\"0\" itemprop=\"url\"> <meta itemprop=\"width\" content=\"667\"> <meta itemprop=\"height\" content=\"999\"> <img decoding=\"async\" class=\"\" data-attachment-id=\"2366\" data-orig-file=\"https:\/\/www.light-style.eu\/Blog\/wp-content\/uploads\/2016\/08\/Toskana-2016-65.jpg\" data-orig-size=\"667,1000\" data-comments-opened=\"1\" data-image-meta=\"{&quot;aperture&quot;:&quot;0&quot;,&quot;credit&quot;:&quot;Andi M\\u00f6ller&quot;,&quot;camera&quot;:&quot;&quot;,&quot;caption&quot;:&quot;&quot;,&quot;created_timestamp&quot;:&quot;0&quot;,&quot;copyright&quot;:&quot;Studio Light-Style&quot;,&quot;focal_length&quot;:&quot;0&quot;,&quot;iso&quot;:&quot;0&quot;,&quot;shutter_speed&quot;:&quot;0&quot;,&quot;title&quot;:&quot;&quot;,&quot;orientation&quot;:&quot;0&quot;}\" data-image-title=\"Toskana 2016-65\" data-image-description=\"\" data-medium-file=\"https:\/\/i0.wp.com\/www.light-style.eu\/Blog\/wp-content\/uploads\/2016\/08\/Toskana-2016-65.jpg?fit=400%2C600&#038;ssl=1\" data-large-file=\"https:\/\/i0.wp.com\/www.light-style.eu\/Blog\/wp-content\/uploads\/2016\/08\/Toskana-2016-65.jpg?fit=667%2C1000&#038;ssl=1\" src=\"https:\/\/i0.wp.com\/www.light-style.eu\/Blog\/wp-content\/uploads\/2016\/08\/Toskana-2016-65.jpg?w=667&#038;h=999&#038;ssl=1\" srcset=\"https:\/\/i0.wp.com\/www.light-style.eu\/Blog\/wp-content\/uploads\/2016\/08\/Toskana-2016-65.jpg?w=667&amp;ssl=1 667w, https:\/\/i0.wp.com\/www.light-style.eu\/Blog\/wp-content\/uploads\/2016\/08\/Toskana-2016-65.jpg?resize=400%2C600&amp;ssl=1 400w\" width=\"667\" height=\"999\" loading=\"lazy\" data-original-width=\"667\" data-original-height=\"999\" itemprop=\"http:\/\/schema.org\/image\" title=\"Toskana 2016-65\" alt=\"Region um Porto Stefano\" style=\"width: 667px; height: 999px;\" \/> <\/a> <div class=\"tiled-gallery-caption\" itemprop=\"caption description\"> Region um Porto Stefano <\/div> <\/div> <\/div> <!-- close group --> <div class=\"gallery-group images-3\" style=\"width: 499px; height: 1003px;\" data-original-width=\"499\" data-original-height=\"1003\" > <div class=\"tiled-gallery-item tiled-gallery-item-large\" itemprop=\"associatedMedia\" itemscope itemtype=\"http:\/\/schema.org\/ImageObject\"> <a href=\"https:\/\/www.light-style.eu\/Blog\/toskana-es-war-traumhaft\/toskana-2016-64\/#main\" border=\"0\" itemprop=\"url\"> <meta itemprop=\"width\" content=\"495\"> <meta itemprop=\"height\" content=\"331\"> <img decoding=\"async\" class=\"\" data-attachment-id=\"2365\" data-orig-file=\"https:\/\/www.light-style.eu\/Blog\/wp-content\/uploads\/2016\/08\/Toskana-2016-64.jpg\" data-orig-size=\"1000,667\" data-comments-opened=\"1\" data-image-meta=\"{&quot;aperture&quot;:&quot;0&quot;,&quot;credit&quot;:&quot;Andi M\\u00f6ller&quot;,&quot;camera&quot;:&quot;&quot;,&quot;caption&quot;:&quot;&quot;,&quot;created_timestamp&quot;:&quot;0&quot;,&quot;copyright&quot;:&quot;Studio Light-Style&quot;,&quot;focal_length&quot;:&quot;0&quot;,&quot;iso&quot;:&quot;0&quot;,&quot;shutter_speed&quot;:&quot;0&quot;,&quot;title&quot;:&quot;&quot;,&quot;orientation&quot;:&quot;0&quot;}\" data-image-title=\"Toskana 2016-64\" data-image-description=\"\" data-medium-file=\"https:\/\/i0.wp.com\/www.light-style.eu\/Blog\/wp-content\/uploads\/2016\/08\/Toskana-2016-64.jpg?fit=600%2C400&#038;ssl=1\" data-large-file=\"https:\/\/i0.wp.com\/www.light-style.eu\/Blog\/wp-content\/uploads\/2016\/08\/Toskana-2016-64.jpg?fit=1000%2C667&#038;ssl=1\" src=\"https:\/\/i0.wp.com\/www.light-style.eu\/Blog\/wp-content\/uploads\/2016\/08\/Toskana-2016-64.jpg?w=495&#038;h=331&#038;ssl=1\" srcset=\"https:\/\/i0.wp.com\/www.light-style.eu\/Blog\/wp-content\/uploads\/2016\/08\/Toskana-2016-64.jpg?w=1000&amp;ssl=1 1000w, https:\/\/i0.wp.com\/www.light-style.eu\/Blog\/wp-content\/uploads\/2016\/08\/Toskana-2016-64.jpg?resize=600%2C400&amp;ssl=1 600w, https:\/\/i0.wp.com\/www.light-style.eu\/Blog\/wp-content\/uploads\/2016\/08\/Toskana-2016-64.jpg?resize=768%2C512&amp;ssl=1 768w\" width=\"495\" height=\"331\" loading=\"lazy\" data-original-width=\"495\" data-original-height=\"331\" itemprop=\"http:\/\/schema.org\/image\" title=\"Toskana 2016-64\" alt=\"Region um Porto Stefano\" style=\"width: 495px; height: 331px;\" \/> <\/a> <div class=\"tiled-gallery-caption\" itemprop=\"caption description\"> Region um Porto Stefano <\/div> <\/div> <div class=\"tiled-gallery-item tiled-gallery-item-large\" itemprop=\"associatedMedia\" itemscope itemtype=\"http:\/\/schema.org\/ImageObject\"> <a href=\"https:\/\/www.light-style.eu\/Blog\/toskana-es-war-traumhaft\/toskana-2016-62\/#main\" border=\"0\" itemprop=\"url\"> <meta itemprop=\"width\" content=\"495\"> <meta itemprop=\"height\" content=\"330\"> <img decoding=\"async\" class=\"\" data-attachment-id=\"2363\" data-orig-file=\"https:\/\/www.light-style.eu\/Blog\/wp-content\/uploads\/2016\/08\/Toskana-2016-62.jpg\" data-orig-size=\"1000,667\" data-comments-opened=\"1\" data-image-meta=\"{&quot;aperture&quot;:&quot;0&quot;,&quot;credit&quot;:&quot;Andi M\\u00f6ller&quot;,&quot;camera&quot;:&quot;&quot;,&quot;caption&quot;:&quot;&quot;,&quot;created_timestamp&quot;:&quot;0&quot;,&quot;copyright&quot;:&quot;Studio Light-Style&quot;,&quot;focal_length&quot;:&quot;0&quot;,&quot;iso&quot;:&quot;0&quot;,&quot;shutter_speed&quot;:&quot;0&quot;,&quot;title&quot;:&quot;&quot;,&quot;orientation&quot;:&quot;0&quot;}\" data-image-title=\"Toskana 2016-62\" data-image-description=\"\" data-medium-file=\"https:\/\/i0.wp.com\/www.light-style.eu\/Blog\/wp-content\/uploads\/2016\/08\/Toskana-2016-62.jpg?fit=600%2C400&#038;ssl=1\" data-large-file=\"https:\/\/i0.wp.com\/www.light-style.eu\/Blog\/wp-content\/uploads\/2016\/08\/Toskana-2016-62.jpg?fit=1000%2C667&#038;ssl=1\" src=\"https:\/\/i0.wp.com\/www.light-style.eu\/Blog\/wp-content\/uploads\/2016\/08\/Toskana-2016-62.jpg?w=495&#038;h=330&#038;ssl=1\" srcset=\"https:\/\/i0.wp.com\/www.light-style.eu\/Blog\/wp-content\/uploads\/2016\/08\/Toskana-2016-62.jpg?w=1000&amp;ssl=1 1000w, https:\/\/i0.wp.com\/www.light-style.eu\/Blog\/wp-content\/uploads\/2016\/08\/Toskana-2016-62.jpg?resize=600%2C400&amp;ssl=1 600w, https:\/\/i0.wp.com\/www.light-style.eu\/Blog\/wp-content\/uploads\/2016\/08\/Toskana-2016-62.jpg?resize=768%2C512&amp;ssl=1 768w\" width=\"495\" height=\"330\" loading=\"lazy\" data-original-width=\"495\" data-original-height=\"330\" itemprop=\"http:\/\/schema.org\/image\" title=\"Toskana 2016-62\" alt=\"Region um Porto Stefano\" style=\"width: 495px; height: 330px;\" \/> <\/a> <div class=\"tiled-gallery-caption\" itemprop=\"caption description\"> Region um Porto Stefano <\/div> <\/div> <div class=\"tiled-gallery-item tiled-gallery-item-large\" itemprop=\"associatedMedia\" itemscope itemtype=\"http:\/\/schema.org\/ImageObject\"> <a href=\"https:\/\/www.light-style.eu\/Blog\/toskana-es-war-traumhaft\/toskana-2016-61\/#main\" border=\"0\" itemprop=\"url\"> <meta itemprop=\"width\" content=\"495\"> <meta itemprop=\"height\" content=\"330\"> <img decoding=\"async\" class=\"\" data-attachment-id=\"2362\" data-orig-file=\"https:\/\/www.light-style.eu\/Blog\/wp-content\/uploads\/2016\/08\/Toskana-2016-61.jpg\" data-orig-size=\"1000,667\" data-comments-opened=\"1\" data-image-meta=\"{&quot;aperture&quot;:&quot;0&quot;,&quot;credit&quot;:&quot;Andi M\\u00f6ller&quot;,&quot;camera&quot;:&quot;&quot;,&quot;caption&quot;:&quot;&quot;,&quot;created_timestamp&quot;:&quot;0&quot;,&quot;copyright&quot;:&quot;Studio Light-Style&quot;,&quot;focal_length&quot;:&quot;0&quot;,&quot;iso&quot;:&quot;0&quot;,&quot;shutter_speed&quot;:&quot;0&quot;,&quot;title&quot;:&quot;&quot;,&quot;orientation&quot;:&quot;0&quot;}\" data-image-title=\"Toskana 2016-61\" data-image-description=\"\" data-medium-file=\"https:\/\/i0.wp.com\/www.light-style.eu\/Blog\/wp-content\/uploads\/2016\/08\/Toskana-2016-61.jpg?fit=600%2C400&#038;ssl=1\" data-large-file=\"https:\/\/i0.wp.com\/www.light-style.eu\/Blog\/wp-content\/uploads\/2016\/08\/Toskana-2016-61.jpg?fit=1000%2C667&#038;ssl=1\" src=\"https:\/\/i0.wp.com\/www.light-style.eu\/Blog\/wp-content\/uploads\/2016\/08\/Toskana-2016-61.jpg?w=495&#038;h=330&#038;ssl=1\" srcset=\"https:\/\/i0.wp.com\/www.light-style.eu\/Blog\/wp-content\/uploads\/2016\/08\/Toskana-2016-61.jpg?w=1000&amp;ssl=1 1000w, https:\/\/i0.wp.com\/www.light-style.eu\/Blog\/wp-content\/uploads\/2016\/08\/Toskana-2016-61.jpg?resize=600%2C400&amp;ssl=1 600w, https:\/\/i0.wp.com\/www.light-style.eu\/Blog\/wp-content\/uploads\/2016\/08\/Toskana-2016-61.jpg?resize=768%2C512&amp;ssl=1 768w\" width=\"495\" height=\"330\" loading=\"lazy\" data-original-width=\"495\" data-original-height=\"330\" itemprop=\"http:\/\/schema.org\/image\" title=\"Toskana 2016-61\" alt=\"Grosseto,\" style=\"width: 495px; height: 330px;\" \/> <\/a> <div class=\"tiled-gallery-caption\" itemprop=\"caption description\"> Grosseto, <\/div> <\/div> <\/div> <!-- close group --> <\/div> <!-- close row --> <div class=\"gallery-row\" style=\"width: 1170px; height: 704px;\" data-original-width=\"1170\" data-original-height=\"704\" > <div class=\"gallery-group images-3\" style=\"width: 350px; height: 704px;\" data-original-width=\"350\" data-original-height=\"704\" > <div class=\"tiled-gallery-item tiled-gallery-item-large\" itemprop=\"associatedMedia\" itemscope itemtype=\"http:\/\/schema.org\/ImageObject\"> <a href=\"https:\/\/www.light-style.eu\/Blog\/toskana-es-war-traumhaft\/toskana-2016-60\/#main\" border=\"0\" itemprop=\"url\"> <meta itemprop=\"width\" content=\"346\"> <meta itemprop=\"height\" content=\"231\"> <img decoding=\"async\" class=\"\" data-attachment-id=\"2361\" data-orig-file=\"https:\/\/www.light-style.eu\/Blog\/wp-content\/uploads\/2016\/08\/Toskana-2016-60.jpg\" data-orig-size=\"1000,667\" data-comments-opened=\"1\" data-image-meta=\"{&quot;aperture&quot;:&quot;0&quot;,&quot;credit&quot;:&quot;Andi M\\u00f6ller&quot;,&quot;camera&quot;:&quot;&quot;,&quot;caption&quot;:&quot;&quot;,&quot;created_timestamp&quot;:&quot;0&quot;,&quot;copyright&quot;:&quot;Studio Light-Style&quot;,&quot;focal_length&quot;:&quot;0&quot;,&quot;iso&quot;:&quot;0&quot;,&quot;shutter_speed&quot;:&quot;0&quot;,&quot;title&quot;:&quot;&quot;,&quot;orientation&quot;:&quot;0&quot;}\" data-image-title=\"Toskana 2016-60\" data-image-description=\"\" data-medium-file=\"https:\/\/i0.wp.com\/www.light-style.eu\/Blog\/wp-content\/uploads\/2016\/08\/Toskana-2016-60.jpg?fit=600%2C400&#038;ssl=1\" data-large-file=\"https:\/\/i0.wp.com\/www.light-style.eu\/Blog\/wp-content\/uploads\/2016\/08\/Toskana-2016-60.jpg?fit=1000%2C667&#038;ssl=1\" src=\"https:\/\/i0.wp.com\/www.light-style.eu\/Blog\/wp-content\/uploads\/2016\/08\/Toskana-2016-60.jpg?w=346&#038;h=231&#038;ssl=1\" srcset=\"https:\/\/i0.wp.com\/www.light-style.eu\/Blog\/wp-content\/uploads\/2016\/08\/Toskana-2016-60.jpg?w=1000&amp;ssl=1 1000w, https:\/\/i0.wp.com\/www.light-style.eu\/Blog\/wp-content\/uploads\/2016\/08\/Toskana-2016-60.jpg?resize=600%2C400&amp;ssl=1 600w, https:\/\/i0.wp.com\/www.light-style.eu\/Blog\/wp-content\/uploads\/2016\/08\/Toskana-2016-60.jpg?resize=768%2C512&amp;ssl=1 768w\" width=\"346\" height=\"231\" loading=\"lazy\" data-original-width=\"346\" data-original-height=\"231\" itemprop=\"http:\/\/schema.org\/image\" title=\"Toskana 2016-60\" alt=\"Grosseto,\" style=\"width: 346px; height: 231px;\" \/> <\/a> <div class=\"tiled-gallery-caption\" itemprop=\"caption description\"> Grosseto, <\/div> <\/div> <div class=\"tiled-gallery-item tiled-gallery-item-large\" itemprop=\"associatedMedia\" itemscope itemtype=\"http:\/\/schema.org\/ImageObject\"> <a href=\"https:\/\/www.light-style.eu\/Blog\/toskana-es-war-traumhaft\/toskana-2016-59\/#main\" border=\"0\" itemprop=\"url\"> <meta itemprop=\"width\" content=\"346\"> <meta itemprop=\"height\" content=\"231\"> <img decoding=\"async\" class=\"\" data-attachment-id=\"2360\" data-orig-file=\"https:\/\/www.light-style.eu\/Blog\/wp-content\/uploads\/2016\/08\/Toskana-2016-59.jpg\" data-orig-size=\"1000,667\" data-comments-opened=\"1\" data-image-meta=\"{&quot;aperture&quot;:&quot;0&quot;,&quot;credit&quot;:&quot;Andi M\\u00f6ller&quot;,&quot;camera&quot;:&quot;&quot;,&quot;caption&quot;:&quot;&quot;,&quot;created_timestamp&quot;:&quot;0&quot;,&quot;copyright&quot;:&quot;Studio Light-Style&quot;,&quot;focal_length&quot;:&quot;0&quot;,&quot;iso&quot;:&quot;0&quot;,&quot;shutter_speed&quot;:&quot;0&quot;,&quot;title&quot;:&quot;&quot;,&quot;orientation&quot;:&quot;0&quot;}\" data-image-title=\"Toskana 2016-59\" data-image-description=\"\" data-medium-file=\"https:\/\/i0.wp.com\/www.light-style.eu\/Blog\/wp-content\/uploads\/2016\/08\/Toskana-2016-59.jpg?fit=600%2C400&#038;ssl=1\" data-large-file=\"https:\/\/i0.wp.com\/www.light-style.eu\/Blog\/wp-content\/uploads\/2016\/08\/Toskana-2016-59.jpg?fit=1000%2C667&#038;ssl=1\" src=\"https:\/\/i0.wp.com\/www.light-style.eu\/Blog\/wp-content\/uploads\/2016\/08\/Toskana-2016-59.jpg?w=346&#038;h=231&#038;ssl=1\" srcset=\"https:\/\/i0.wp.com\/www.light-style.eu\/Blog\/wp-content\/uploads\/2016\/08\/Toskana-2016-59.jpg?w=1000&amp;ssl=1 1000w, https:\/\/i0.wp.com\/www.light-style.eu\/Blog\/wp-content\/uploads\/2016\/08\/Toskana-2016-59.jpg?resize=600%2C400&amp;ssl=1 600w, https:\/\/i0.wp.com\/www.light-style.eu\/Blog\/wp-content\/uploads\/2016\/08\/Toskana-2016-59.jpg?resize=768%2C512&amp;ssl=1 768w\" width=\"346\" height=\"231\" loading=\"lazy\" data-original-width=\"346\" data-original-height=\"231\" itemprop=\"http:\/\/schema.org\/image\" title=\"Toskana 2016-59\" alt=\"Grosseto,\" style=\"width: 346px; height: 231px;\" \/> <\/a> <div class=\"tiled-gallery-caption\" itemprop=\"caption description\"> Grosseto, <\/div> <\/div> <div class=\"tiled-gallery-item tiled-gallery-item-large\" itemprop=\"associatedMedia\" itemscope itemtype=\"http:\/\/schema.org\/ImageObject\"> <a href=\"https:\/\/www.light-style.eu\/Blog\/toskana-es-war-traumhaft\/toskana-2016-58\/#main\" border=\"0\" itemprop=\"url\"> <meta itemprop=\"width\" content=\"346\"> <meta itemprop=\"height\" content=\"230\"> <img decoding=\"async\" class=\"\" data-attachment-id=\"2359\" data-orig-file=\"https:\/\/www.light-style.eu\/Blog\/wp-content\/uploads\/2016\/08\/Toskana-2016-58.jpg\" data-orig-size=\"1000,667\" data-comments-opened=\"1\" data-image-meta=\"{&quot;aperture&quot;:&quot;0&quot;,&quot;credit&quot;:&quot;Andi M\\u00f6ller&quot;,&quot;camera&quot;:&quot;&quot;,&quot;caption&quot;:&quot;&quot;,&quot;created_timestamp&quot;:&quot;0&quot;,&quot;copyright&quot;:&quot;Studio Light-Style&quot;,&quot;focal_length&quot;:&quot;0&quot;,&quot;iso&quot;:&quot;0&quot;,&quot;shutter_speed&quot;:&quot;0&quot;,&quot;title&quot;:&quot;&quot;,&quot;orientation&quot;:&quot;0&quot;}\" data-image-title=\"Toskana 2016-58\" data-image-description=\"\" data-medium-file=\"https:\/\/i0.wp.com\/www.light-style.eu\/Blog\/wp-content\/uploads\/2016\/08\/Toskana-2016-58.jpg?fit=600%2C400&#038;ssl=1\" data-large-file=\"https:\/\/i0.wp.com\/www.light-style.eu\/Blog\/wp-content\/uploads\/2016\/08\/Toskana-2016-58.jpg?fit=1000%2C667&#038;ssl=1\" src=\"https:\/\/i0.wp.com\/www.light-style.eu\/Blog\/wp-content\/uploads\/2016\/08\/Toskana-2016-58.jpg?w=346&#038;h=230&#038;ssl=1\" srcset=\"https:\/\/i0.wp.com\/www.light-style.eu\/Blog\/wp-content\/uploads\/2016\/08\/Toskana-2016-58.jpg?w=1000&amp;ssl=1 1000w, https:\/\/i0.wp.com\/www.light-style.eu\/Blog\/wp-content\/uploads\/2016\/08\/Toskana-2016-58.jpg?resize=600%2C400&amp;ssl=1 600w, https:\/\/i0.wp.com\/www.light-style.eu\/Blog\/wp-content\/uploads\/2016\/08\/Toskana-2016-58.jpg?resize=768%2C512&amp;ssl=1 768w\" width=\"346\" height=\"230\" loading=\"lazy\" data-original-width=\"346\" data-original-height=\"230\" itemprop=\"http:\/\/schema.org\/image\" title=\"Toskana 2016-58\" alt=\"Grosseto,\" style=\"width: 346px; height: 230px;\" \/> <\/a> <div class=\"tiled-gallery-caption\" itemprop=\"caption description\"> Grosseto, <\/div> <\/div> <\/div> <!-- close group --> <div class=\"gallery-group images-1\" style=\"width: 471px; height: 704px;\" data-original-width=\"471\" data-original-height=\"704\" > <div class=\"tiled-gallery-item tiled-gallery-item-large\" itemprop=\"associatedMedia\" itemscope itemtype=\"http:\/\/schema.org\/ImageObject\"> <a href=\"https:\/\/www.light-style.eu\/Blog\/toskana-es-war-traumhaft\/toskana-2016-57\/#main\" border=\"0\" itemprop=\"url\"> <meta itemprop=\"width\" content=\"467\"> <meta itemprop=\"height\" content=\"700\"> <img decoding=\"async\" class=\"\" data-attachment-id=\"2358\" data-orig-file=\"https:\/\/www.light-style.eu\/Blog\/wp-content\/uploads\/2016\/08\/Toskana-2016-57.jpg\" data-orig-size=\"667,1000\" data-comments-opened=\"1\" data-image-meta=\"{&quot;aperture&quot;:&quot;0&quot;,&quot;credit&quot;:&quot;Andi M\\u00f6ller&quot;,&quot;camera&quot;:&quot;&quot;,&quot;caption&quot;:&quot;&quot;,&quot;created_timestamp&quot;:&quot;0&quot;,&quot;copyright&quot;:&quot;Studio Light-Style&quot;,&quot;focal_length&quot;:&quot;0&quot;,&quot;iso&quot;:&quot;0&quot;,&quot;shutter_speed&quot;:&quot;0&quot;,&quot;title&quot;:&quot;&quot;,&quot;orientation&quot;:&quot;0&quot;}\" data-image-title=\"Toskana 2016-57\" data-image-description=\"\" data-medium-file=\"https:\/\/i0.wp.com\/www.light-style.eu\/Blog\/wp-content\/uploads\/2016\/08\/Toskana-2016-57.jpg?fit=400%2C600&#038;ssl=1\" data-large-file=\"https:\/\/i0.wp.com\/www.light-style.eu\/Blog\/wp-content\/uploads\/2016\/08\/Toskana-2016-57.jpg?fit=667%2C1000&#038;ssl=1\" src=\"https:\/\/i0.wp.com\/www.light-style.eu\/Blog\/wp-content\/uploads\/2016\/08\/Toskana-2016-57.jpg?w=467&#038;h=700&#038;ssl=1\" srcset=\"https:\/\/i0.wp.com\/www.light-style.eu\/Blog\/wp-content\/uploads\/2016\/08\/Toskana-2016-57.jpg?w=667&amp;ssl=1 667w, https:\/\/i0.wp.com\/www.light-style.eu\/Blog\/wp-content\/uploads\/2016\/08\/Toskana-2016-57.jpg?resize=400%2C600&amp;ssl=1 400w\" width=\"467\" height=\"700\" loading=\"lazy\" data-original-width=\"467\" data-original-height=\"700\" itemprop=\"http:\/\/schema.org\/image\" title=\"Toskana 2016-57\" alt=\"Grosseto,\" style=\"width: 467px; height: 700px;\" \/> <\/a> <div class=\"tiled-gallery-caption\" itemprop=\"caption description\"> Grosseto, <\/div> <\/div> <\/div> <!-- close group --> <div class=\"gallery-group images-3\" style=\"width: 349px; height: 704px;\" data-original-width=\"349\" data-original-height=\"704\" > <div class=\"tiled-gallery-item tiled-gallery-item-large\" itemprop=\"associatedMedia\" itemscope itemtype=\"http:\/\/schema.org\/ImageObject\"> <a href=\"https:\/\/www.light-style.eu\/Blog\/toskana-es-war-traumhaft\/toskana-2016-56\/#main\" border=\"0\" itemprop=\"url\"> <meta itemprop=\"width\" content=\"345\"> <meta itemprop=\"height\" content=\"231\"> <img decoding=\"async\" class=\"\" data-attachment-id=\"2357\" data-orig-file=\"https:\/\/www.light-style.eu\/Blog\/wp-content\/uploads\/2016\/08\/Toskana-2016-56.jpg\" data-orig-size=\"1000,667\" data-comments-opened=\"1\" data-image-meta=\"{&quot;aperture&quot;:&quot;0&quot;,&quot;credit&quot;:&quot;Andi M\\u00f6ller&quot;,&quot;camera&quot;:&quot;&quot;,&quot;caption&quot;:&quot;&quot;,&quot;created_timestamp&quot;:&quot;0&quot;,&quot;copyright&quot;:&quot;Studio Light-Style&quot;,&quot;focal_length&quot;:&quot;0&quot;,&quot;iso&quot;:&quot;0&quot;,&quot;shutter_speed&quot;:&quot;0&quot;,&quot;title&quot;:&quot;&quot;,&quot;orientation&quot;:&quot;0&quot;}\" data-image-title=\"Toskana 2016-56\" data-image-description=\"\" data-medium-file=\"https:\/\/i0.wp.com\/www.light-style.eu\/Blog\/wp-content\/uploads\/2016\/08\/Toskana-2016-56.jpg?fit=600%2C400&#038;ssl=1\" data-large-file=\"https:\/\/i0.wp.com\/www.light-style.eu\/Blog\/wp-content\/uploads\/2016\/08\/Toskana-2016-56.jpg?fit=1000%2C667&#038;ssl=1\" src=\"https:\/\/i0.wp.com\/www.light-style.eu\/Blog\/wp-content\/uploads\/2016\/08\/Toskana-2016-56.jpg?w=345&#038;h=231&#038;ssl=1\" srcset=\"https:\/\/i0.wp.com\/www.light-style.eu\/Blog\/wp-content\/uploads\/2016\/08\/Toskana-2016-56.jpg?w=1000&amp;ssl=1 1000w, https:\/\/i0.wp.com\/www.light-style.eu\/Blog\/wp-content\/uploads\/2016\/08\/Toskana-2016-56.jpg?resize=600%2C400&amp;ssl=1 600w, https:\/\/i0.wp.com\/www.light-style.eu\/Blog\/wp-content\/uploads\/2016\/08\/Toskana-2016-56.jpg?resize=768%2C512&amp;ssl=1 768w\" width=\"345\" height=\"231\" loading=\"lazy\" data-original-width=\"345\" data-original-height=\"231\" itemprop=\"http:\/\/schema.org\/image\" title=\"Toskana 2016-56\" alt=\"Grosseto,\" style=\"width: 345px; height: 231px;\" \/> <\/a> <div class=\"tiled-gallery-caption\" itemprop=\"caption description\"> Grosseto, <\/div> <\/div> <div class=\"tiled-gallery-item tiled-gallery-item-large\" itemprop=\"associatedMedia\" itemscope itemtype=\"http:\/\/schema.org\/ImageObject\"> <a href=\"https:\/\/www.light-style.eu\/Blog\/toskana-es-war-traumhaft\/toskana-2016-55\/#main\" border=\"0\" itemprop=\"url\"> <meta itemprop=\"width\" content=\"345\"> <meta itemprop=\"height\" content=\"231\"> <img decoding=\"async\" class=\"\" data-attachment-id=\"2356\" data-orig-file=\"https:\/\/www.light-style.eu\/Blog\/wp-content\/uploads\/2016\/08\/Toskana-2016-55.jpg\" data-orig-size=\"1000,667\" data-comments-opened=\"1\" data-image-meta=\"{&quot;aperture&quot;:&quot;0&quot;,&quot;credit&quot;:&quot;Andi M\\u00f6ller&quot;,&quot;camera&quot;:&quot;&quot;,&quot;caption&quot;:&quot;&quot;,&quot;created_timestamp&quot;:&quot;0&quot;,&quot;copyright&quot;:&quot;Studio Light-Style&quot;,&quot;focal_length&quot;:&quot;0&quot;,&quot;iso&quot;:&quot;0&quot;,&quot;shutter_speed&quot;:&quot;0&quot;,&quot;title&quot;:&quot;&quot;,&quot;orientation&quot;:&quot;0&quot;}\" data-image-title=\"Toskana 2016-55\" data-image-description=\"\" data-medium-file=\"https:\/\/i0.wp.com\/www.light-style.eu\/Blog\/wp-content\/uploads\/2016\/08\/Toskana-2016-55.jpg?fit=600%2C400&#038;ssl=1\" data-large-file=\"https:\/\/i0.wp.com\/www.light-style.eu\/Blog\/wp-content\/uploads\/2016\/08\/Toskana-2016-55.jpg?fit=1000%2C667&#038;ssl=1\" src=\"https:\/\/i0.wp.com\/www.light-style.eu\/Blog\/wp-content\/uploads\/2016\/08\/Toskana-2016-55.jpg?w=345&#038;h=231&#038;ssl=1\" srcset=\"https:\/\/i0.wp.com\/www.light-style.eu\/Blog\/wp-content\/uploads\/2016\/08\/Toskana-2016-55.jpg?w=1000&amp;ssl=1 1000w, https:\/\/i0.wp.com\/www.light-style.eu\/Blog\/wp-content\/uploads\/2016\/08\/Toskana-2016-55.jpg?resize=600%2C400&amp;ssl=1 600w, https:\/\/i0.wp.com\/www.light-style.eu\/Blog\/wp-content\/uploads\/2016\/08\/Toskana-2016-55.jpg?resize=768%2C512&amp;ssl=1 768w\" width=\"345\" height=\"231\" loading=\"lazy\" data-original-width=\"345\" data-original-height=\"231\" itemprop=\"http:\/\/schema.org\/image\" title=\"Toskana 2016-55\" alt=\"Grosseto,\" style=\"width: 345px; height: 231px;\" \/> <\/a> <div class=\"tiled-gallery-caption\" itemprop=\"caption description\"> Grosseto, <\/div> <\/div> <div class=\"tiled-gallery-item tiled-gallery-item-large\" itemprop=\"associatedMedia\" itemscope itemtype=\"http:\/\/schema.org\/ImageObject\"> <a href=\"https:\/\/www.light-style.eu\/Blog\/toskana-es-war-traumhaft\/toskana-2016-53\/#main\" border=\"0\" itemprop=\"url\"> <meta itemprop=\"width\" content=\"345\"> <meta itemprop=\"height\" content=\"230\"> <img decoding=\"async\" class=\"\" data-attachment-id=\"2354\" data-orig-file=\"https:\/\/www.light-style.eu\/Blog\/wp-content\/uploads\/2016\/08\/Toskana-2016-53.jpg\" data-orig-size=\"1000,667\" data-comments-opened=\"1\" data-image-meta=\"{&quot;aperture&quot;:&quot;0&quot;,&quot;credit&quot;:&quot;Andi M\\u00f6ller&quot;,&quot;camera&quot;:&quot;&quot;,&quot;caption&quot;:&quot;&quot;,&quot;created_timestamp&quot;:&quot;0&quot;,&quot;copyright&quot;:&quot;Studio Light-Style&quot;,&quot;focal_length&quot;:&quot;0&quot;,&quot;iso&quot;:&quot;0&quot;,&quot;shutter_speed&quot;:&quot;0&quot;,&quot;title&quot;:&quot;&quot;,&quot;orientation&quot;:&quot;0&quot;}\" data-image-title=\"Toskana 2016-53\" data-image-description=\"\" data-medium-file=\"https:\/\/i0.wp.com\/www.light-style.eu\/Blog\/wp-content\/uploads\/2016\/08\/Toskana-2016-53.jpg?fit=600%2C400&#038;ssl=1\" data-large-file=\"https:\/\/i0.wp.com\/www.light-style.eu\/Blog\/wp-content\/uploads\/2016\/08\/Toskana-2016-53.jpg?fit=1000%2C667&#038;ssl=1\" src=\"https:\/\/i0.wp.com\/www.light-style.eu\/Blog\/wp-content\/uploads\/2016\/08\/Toskana-2016-53.jpg?w=345&#038;h=230&#038;ssl=1\" srcset=\"https:\/\/i0.wp.com\/www.light-style.eu\/Blog\/wp-content\/uploads\/2016\/08\/Toskana-2016-53.jpg?w=1000&amp;ssl=1 1000w, https:\/\/i0.wp.com\/www.light-style.eu\/Blog\/wp-content\/uploads\/2016\/08\/Toskana-2016-53.jpg?resize=600%2C400&amp;ssl=1 600w, https:\/\/i0.wp.com\/www.light-style.eu\/Blog\/wp-content\/uploads\/2016\/08\/Toskana-2016-53.jpg?resize=768%2C512&amp;ssl=1 768w\" width=\"345\" height=\"230\" loading=\"lazy\" data-original-width=\"345\" data-original-height=\"230\" itemprop=\"http:\/\/schema.org\/image\" title=\"Toskana 2016-53\" alt=\"Region um Porto Stefano\" style=\"width: 345px; height: 230px;\" \/> <\/a> <div class=\"tiled-gallery-caption\" itemprop=\"caption description\"> Region um Porto Stefano <\/div> <\/div> <\/div> <!-- close group --> <\/div> <!-- close row --> <div class=\"gallery-row\" style=\"width: 1170px; height: 522px;\" data-original-width=\"1170\" data-original-height=\"522\" > <div class=\"gallery-group images-1\" style=\"width: 781px; height: 522px;\" data-original-width=\"781\" data-original-height=\"522\" > <div class=\"tiled-gallery-item tiled-gallery-item-large\" itemprop=\"associatedMedia\" itemscope itemtype=\"http:\/\/schema.org\/ImageObject\"> <a href=\"https:\/\/www.light-style.eu\/Blog\/toskana-es-war-traumhaft\/toskana-2016-52\/#main\" border=\"0\" itemprop=\"url\"> <meta itemprop=\"width\" content=\"777\"> <meta itemprop=\"height\" content=\"518\"> <img decoding=\"async\" class=\"\" data-attachment-id=\"2353\" data-orig-file=\"https:\/\/www.light-style.eu\/Blog\/wp-content\/uploads\/2016\/08\/Toskana-2016-52.jpg\" data-orig-size=\"1000,667\" data-comments-opened=\"1\" data-image-meta=\"{&quot;aperture&quot;:&quot;0&quot;,&quot;credit&quot;:&quot;Andi M\\u00f6ller&quot;,&quot;camera&quot;:&quot;&quot;,&quot;caption&quot;:&quot;&quot;,&quot;created_timestamp&quot;:&quot;0&quot;,&quot;copyright&quot;:&quot;Studio Light-Style&quot;,&quot;focal_length&quot;:&quot;0&quot;,&quot;iso&quot;:&quot;0&quot;,&quot;shutter_speed&quot;:&quot;0&quot;,&quot;title&quot;:&quot;&quot;,&quot;orientation&quot;:&quot;0&quot;}\" data-image-title=\"Toskana 2016-52\" data-image-description=\"\" data-medium-file=\"https:\/\/i0.wp.com\/www.light-style.eu\/Blog\/wp-content\/uploads\/2016\/08\/Toskana-2016-52.jpg?fit=600%2C400&#038;ssl=1\" data-large-file=\"https:\/\/i0.wp.com\/www.light-style.eu\/Blog\/wp-content\/uploads\/2016\/08\/Toskana-2016-52.jpg?fit=1000%2C667&#038;ssl=1\" src=\"https:\/\/i0.wp.com\/www.light-style.eu\/Blog\/wp-content\/uploads\/2016\/08\/Toskana-2016-52.jpg?w=777&#038;h=518&#038;ssl=1\" srcset=\"https:\/\/i0.wp.com\/www.light-style.eu\/Blog\/wp-content\/uploads\/2016\/08\/Toskana-2016-52.jpg?w=1000&amp;ssl=1 1000w, https:\/\/i0.wp.com\/www.light-style.eu\/Blog\/wp-content\/uploads\/2016\/08\/Toskana-2016-52.jpg?resize=600%2C400&amp;ssl=1 600w, https:\/\/i0.wp.com\/www.light-style.eu\/Blog\/wp-content\/uploads\/2016\/08\/Toskana-2016-52.jpg?resize=768%2C512&amp;ssl=1 768w\" width=\"777\" height=\"518\" loading=\"lazy\" data-original-width=\"777\" data-original-height=\"518\" itemprop=\"http:\/\/schema.org\/image\" title=\"Toskana 2016-52\" alt=\"Region um Porto Stefano\" style=\"width: 777px; height: 518px;\" \/> <\/a> <div class=\"tiled-gallery-caption\" itemprop=\"caption description\"> Region um Porto Stefano <\/div> <\/div> <\/div> <!-- close group --> <div class=\"gallery-group images-2\" style=\"width: 389px; height: 522px;\" data-original-width=\"389\" data-original-height=\"522\" > <div class=\"tiled-gallery-item tiled-gallery-item-large\" itemprop=\"associatedMedia\" itemscope itemtype=\"http:\/\/schema.org\/ImageObject\"> <a href=\"https:\/\/www.light-style.eu\/Blog\/toskana-es-war-traumhaft\/toskana-2016-51\/#main\" border=\"0\" itemprop=\"url\"> <meta itemprop=\"width\" content=\"385\"> <meta itemprop=\"height\" content=\"257\"> <img decoding=\"async\" class=\"\" data-attachment-id=\"2352\" data-orig-file=\"https:\/\/www.light-style.eu\/Blog\/wp-content\/uploads\/2016\/08\/Toskana-2016-51.jpg\" data-orig-size=\"1000,667\" data-comments-opened=\"1\" data-image-meta=\"{&quot;aperture&quot;:&quot;0&quot;,&quot;credit&quot;:&quot;Andi M\\u00f6ller&quot;,&quot;camera&quot;:&quot;&quot;,&quot;caption&quot;:&quot;&quot;,&quot;created_timestamp&quot;:&quot;0&quot;,&quot;copyright&quot;:&quot;Studio Light-Style&quot;,&quot;focal_length&quot;:&quot;0&quot;,&quot;iso&quot;:&quot;0&quot;,&quot;shutter_speed&quot;:&quot;0&quot;,&quot;title&quot;:&quot;&quot;,&quot;orientation&quot;:&quot;0&quot;}\" data-image-title=\"Toskana 2016-51\" data-image-description=\"\" data-medium-file=\"https:\/\/i0.wp.com\/www.light-style.eu\/Blog\/wp-content\/uploads\/2016\/08\/Toskana-2016-51.jpg?fit=600%2C400&#038;ssl=1\" data-large-file=\"https:\/\/i0.wp.com\/www.light-style.eu\/Blog\/wp-content\/uploads\/2016\/08\/Toskana-2016-51.jpg?fit=1000%2C667&#038;ssl=1\" src=\"https:\/\/i0.wp.com\/www.light-style.eu\/Blog\/wp-content\/uploads\/2016\/08\/Toskana-2016-51.jpg?w=385&#038;h=257&#038;ssl=1\" srcset=\"https:\/\/i0.wp.com\/www.light-style.eu\/Blog\/wp-content\/uploads\/2016\/08\/Toskana-2016-51.jpg?w=1000&amp;ssl=1 1000w, https:\/\/i0.wp.com\/www.light-style.eu\/Blog\/wp-content\/uploads\/2016\/08\/Toskana-2016-51.jpg?resize=600%2C400&amp;ssl=1 600w, https:\/\/i0.wp.com\/www.light-style.eu\/Blog\/wp-content\/uploads\/2016\/08\/Toskana-2016-51.jpg?resize=768%2C512&amp;ssl=1 768w\" width=\"385\" height=\"257\" loading=\"lazy\" data-original-width=\"385\" data-original-height=\"257\" itemprop=\"http:\/\/schema.org\/image\" title=\"Toskana 2016-51\" alt=\"Region um Porto Stefano\" style=\"width: 385px; height: 257px;\" \/> <\/a> <div class=\"tiled-gallery-caption\" itemprop=\"caption description\"> Region um Porto Stefano <\/div> <\/div> <div class=\"tiled-gallery-item tiled-gallery-item-large\" itemprop=\"associatedMedia\" itemscope itemtype=\"http:\/\/schema.org\/ImageObject\"> <a href=\"https:\/\/www.light-style.eu\/Blog\/toskana-es-war-traumhaft\/toskana-2016-50\/#main\" border=\"0\" itemprop=\"url\"> <meta itemprop=\"width\" content=\"385\"> <meta itemprop=\"height\" content=\"257\"> <img decoding=\"async\" class=\"\" data-attachment-id=\"2351\" data-orig-file=\"https:\/\/www.light-style.eu\/Blog\/wp-content\/uploads\/2016\/08\/Toskana-2016-50.jpg\" data-orig-size=\"1000,667\" data-comments-opened=\"1\" data-image-meta=\"{&quot;aperture&quot;:&quot;0&quot;,&quot;credit&quot;:&quot;Andi M\\u00f6ller&quot;,&quot;camera&quot;:&quot;&quot;,&quot;caption&quot;:&quot;&quot;,&quot;created_timestamp&quot;:&quot;0&quot;,&quot;copyright&quot;:&quot;Studio Light-Style&quot;,&quot;focal_length&quot;:&quot;0&quot;,&quot;iso&quot;:&quot;0&quot;,&quot;shutter_speed&quot;:&quot;0&quot;,&quot;title&quot;:&quot;&quot;,&quot;orientation&quot;:&quot;0&quot;}\" data-image-title=\"Toskana 2016-50\" data-image-description=\"\" data-medium-file=\"https:\/\/i0.wp.com\/www.light-style.eu\/Blog\/wp-content\/uploads\/2016\/08\/Toskana-2016-50.jpg?fit=600%2C400&#038;ssl=1\" data-large-file=\"https:\/\/i0.wp.com\/www.light-style.eu\/Blog\/wp-content\/uploads\/2016\/08\/Toskana-2016-50.jpg?fit=1000%2C667&#038;ssl=1\" src=\"https:\/\/i0.wp.com\/www.light-style.eu\/Blog\/wp-content\/uploads\/2016\/08\/Toskana-2016-50.jpg?w=385&#038;h=257&#038;ssl=1\" srcset=\"https:\/\/i0.wp.com\/www.light-style.eu\/Blog\/wp-content\/uploads\/2016\/08\/Toskana-2016-50.jpg?w=1000&amp;ssl=1 1000w, https:\/\/i0.wp.com\/www.light-style.eu\/Blog\/wp-content\/uploads\/2016\/08\/Toskana-2016-50.jpg?resize=600%2C400&amp;ssl=1 600w, https:\/\/i0.wp.com\/www.light-style.eu\/Blog\/wp-content\/uploads\/2016\/08\/Toskana-2016-50.jpg?resize=768%2C512&amp;ssl=1 768w\" width=\"385\" height=\"257\" loading=\"lazy\" data-original-width=\"385\" data-original-height=\"257\" itemprop=\"http:\/\/schema.org\/image\" title=\"Toskana 2016-50\" alt=\"Region um Porto Stefano\" style=\"width: 385px; height: 257px;\" \/> <\/a> <div class=\"tiled-gallery-caption\" itemprop=\"caption description\"> Region um Porto Stefano <\/div> <\/div> <\/div> <!-- close group --> <\/div> <!-- close row --> <div class=\"gallery-row\" style=\"width: 1170px; height: 541px;\" data-original-width=\"1170\" data-original-height=\"541\" > <div class=\"gallery-group images-2\" style=\"width: 404px; height: 541px;\" data-original-width=\"404\" data-original-height=\"541\" > <div class=\"tiled-gallery-item tiled-gallery-item-large\" itemprop=\"associatedMedia\" itemscope itemtype=\"http:\/\/schema.org\/ImageObject\"> <a href=\"https:\/\/www.light-style.eu\/Blog\/toskana-es-war-traumhaft\/toskana-2016-49\/#main\" border=\"0\" itemprop=\"url\"> <meta itemprop=\"width\" content=\"400\"> <meta itemprop=\"height\" content=\"267\"> <img decoding=\"async\" class=\"\" data-attachment-id=\"2350\" data-orig-file=\"https:\/\/www.light-style.eu\/Blog\/wp-content\/uploads\/2016\/08\/Toskana-2016-49.jpg\" data-orig-size=\"1000,667\" data-comments-opened=\"1\" data-image-meta=\"{&quot;aperture&quot;:&quot;0&quot;,&quot;credit&quot;:&quot;Andi M\\u00f6ller&quot;,&quot;camera&quot;:&quot;&quot;,&quot;caption&quot;:&quot;&quot;,&quot;created_timestamp&quot;:&quot;0&quot;,&quot;copyright&quot;:&quot;Studio Light-Style&quot;,&quot;focal_length&quot;:&quot;0&quot;,&quot;iso&quot;:&quot;0&quot;,&quot;shutter_speed&quot;:&quot;0&quot;,&quot;title&quot;:&quot;&quot;,&quot;orientation&quot;:&quot;0&quot;}\" data-image-title=\"Toskana 2016-49\" data-image-description=\"\" data-medium-file=\"https:\/\/i0.wp.com\/www.light-style.eu\/Blog\/wp-content\/uploads\/2016\/08\/Toskana-2016-49.jpg?fit=600%2C400&#038;ssl=1\" data-large-file=\"https:\/\/i0.wp.com\/www.light-style.eu\/Blog\/wp-content\/uploads\/2016\/08\/Toskana-2016-49.jpg?fit=1000%2C667&#038;ssl=1\" src=\"https:\/\/i0.wp.com\/www.light-style.eu\/Blog\/wp-content\/uploads\/2016\/08\/Toskana-2016-49.jpg?w=400&#038;h=267&#038;ssl=1\" srcset=\"https:\/\/i0.wp.com\/www.light-style.eu\/Blog\/wp-content\/uploads\/2016\/08\/Toskana-2016-49.jpg?w=1000&amp;ssl=1 1000w, https:\/\/i0.wp.com\/www.light-style.eu\/Blog\/wp-content\/uploads\/2016\/08\/Toskana-2016-49.jpg?resize=600%2C400&amp;ssl=1 600w, https:\/\/i0.wp.com\/www.light-style.eu\/Blog\/wp-content\/uploads\/2016\/08\/Toskana-2016-49.jpg?resize=768%2C512&amp;ssl=1 768w\" width=\"400\" height=\"267\" loading=\"lazy\" data-original-width=\"400\" data-original-height=\"267\" itemprop=\"http:\/\/schema.org\/image\" title=\"Toskana 2016-49\" alt=\"Region um Porto Stefano\" style=\"width: 400px; height: 267px;\" \/> <\/a> <div class=\"tiled-gallery-caption\" itemprop=\"caption description\"> Region um Porto Stefano <\/div> <\/div> <div class=\"tiled-gallery-item tiled-gallery-item-large\" itemprop=\"associatedMedia\" itemscope itemtype=\"http:\/\/schema.org\/ImageObject\"> <a href=\"https:\/\/www.light-style.eu\/Blog\/toskana-es-war-traumhaft\/toskana-2016-48\/#main\" border=\"0\" itemprop=\"url\"> <meta itemprop=\"width\" content=\"400\"> <meta itemprop=\"height\" content=\"266\"> <img decoding=\"async\" class=\"\" data-attachment-id=\"2349\" data-orig-file=\"https:\/\/www.light-style.eu\/Blog\/wp-content\/uploads\/2016\/08\/Toskana-2016-48.jpg\" data-orig-size=\"1000,667\" data-comments-opened=\"1\" data-image-meta=\"{&quot;aperture&quot;:&quot;0&quot;,&quot;credit&quot;:&quot;Andi M\\u00f6ller&quot;,&quot;camera&quot;:&quot;&quot;,&quot;caption&quot;:&quot;&quot;,&quot;created_timestamp&quot;:&quot;0&quot;,&quot;copyright&quot;:&quot;Studio Light-Style&quot;,&quot;focal_length&quot;:&quot;0&quot;,&quot;iso&quot;:&quot;0&quot;,&quot;shutter_speed&quot;:&quot;0&quot;,&quot;title&quot;:&quot;&quot;,&quot;orientation&quot;:&quot;0&quot;}\" data-image-title=\"Toskana 2016-48\" data-image-description=\"\" data-medium-file=\"https:\/\/i0.wp.com\/www.light-style.eu\/Blog\/wp-content\/uploads\/2016\/08\/Toskana-2016-48.jpg?fit=600%2C400&#038;ssl=1\" data-large-file=\"https:\/\/i0.wp.com\/www.light-style.eu\/Blog\/wp-content\/uploads\/2016\/08\/Toskana-2016-48.jpg?fit=1000%2C667&#038;ssl=1\" src=\"https:\/\/i0.wp.com\/www.light-style.eu\/Blog\/wp-content\/uploads\/2016\/08\/Toskana-2016-48.jpg?w=400&#038;h=266&#038;ssl=1\" srcset=\"https:\/\/i0.wp.com\/www.light-style.eu\/Blog\/wp-content\/uploads\/2016\/08\/Toskana-2016-48.jpg?w=1000&amp;ssl=1 1000w, https:\/\/i0.wp.com\/www.light-style.eu\/Blog\/wp-content\/uploads\/2016\/08\/Toskana-2016-48.jpg?resize=600%2C400&amp;ssl=1 600w, https:\/\/i0.wp.com\/www.light-style.eu\/Blog\/wp-content\/uploads\/2016\/08\/Toskana-2016-48.jpg?resize=768%2C512&amp;ssl=1 768w\" width=\"400\" height=\"266\" loading=\"lazy\" data-original-width=\"400\" data-original-height=\"266\" itemprop=\"http:\/\/schema.org\/image\" title=\"Toskana 2016-48\" alt=\"Region um Porto Stefano\" style=\"width: 400px; height: 266px;\" \/> <\/a> <div class=\"tiled-gallery-caption\" itemprop=\"caption description\"> Region um Porto Stefano <\/div> <\/div> <\/div> <!-- close group --> <div class=\"gallery-group images-1\" style=\"width: 362px; height: 541px;\" data-original-width=\"362\" data-original-height=\"541\" > <div class=\"tiled-gallery-item tiled-gallery-item-large\" itemprop=\"associatedMedia\" itemscope itemtype=\"http:\/\/schema.org\/ImageObject\"> <a href=\"https:\/\/www.light-style.eu\/Blog\/toskana-es-war-traumhaft\/toskana-2016-47\/#main\" border=\"0\" itemprop=\"url\"> <meta itemprop=\"width\" content=\"358\"> <meta itemprop=\"height\" content=\"537\"> <img decoding=\"async\" class=\"\" data-attachment-id=\"2348\" data-orig-file=\"https:\/\/www.light-style.eu\/Blog\/wp-content\/uploads\/2016\/08\/Toskana-2016-47.jpg\" data-orig-size=\"667,1000\" data-comments-opened=\"1\" data-image-meta=\"{&quot;aperture&quot;:&quot;0&quot;,&quot;credit&quot;:&quot;Andi M\\u00f6ller&quot;,&quot;camera&quot;:&quot;&quot;,&quot;caption&quot;:&quot;&quot;,&quot;created_timestamp&quot;:&quot;0&quot;,&quot;copyright&quot;:&quot;Studio Light-Style&quot;,&quot;focal_length&quot;:&quot;0&quot;,&quot;iso&quot;:&quot;0&quot;,&quot;shutter_speed&quot;:&quot;0&quot;,&quot;title&quot;:&quot;&quot;,&quot;orientation&quot;:&quot;0&quot;}\" data-image-title=\"Toskana 2016-47\" data-image-description=\"\" data-medium-file=\"https:\/\/i0.wp.com\/www.light-style.eu\/Blog\/wp-content\/uploads\/2016\/08\/Toskana-2016-47.jpg?fit=400%2C600&#038;ssl=1\" data-large-file=\"https:\/\/i0.wp.com\/www.light-style.eu\/Blog\/wp-content\/uploads\/2016\/08\/Toskana-2016-47.jpg?fit=667%2C1000&#038;ssl=1\" src=\"https:\/\/i0.wp.com\/www.light-style.eu\/Blog\/wp-content\/uploads\/2016\/08\/Toskana-2016-47.jpg?w=358&#038;h=537&#038;ssl=1\" srcset=\"https:\/\/i0.wp.com\/www.light-style.eu\/Blog\/wp-content\/uploads\/2016\/08\/Toskana-2016-47.jpg?w=667&amp;ssl=1 667w, https:\/\/i0.wp.com\/www.light-style.eu\/Blog\/wp-content\/uploads\/2016\/08\/Toskana-2016-47.jpg?resize=400%2C600&amp;ssl=1 400w\" width=\"358\" height=\"537\" loading=\"lazy\" data-original-width=\"358\" data-original-height=\"537\" itemprop=\"http:\/\/schema.org\/image\" title=\"Toskana 2016-47\" alt=\"Region um Porto Stefano\" style=\"width: 358px; height: 537px;\" \/> <\/a> <div class=\"tiled-gallery-caption\" itemprop=\"caption description\"> Region um Porto Stefano <\/div> <\/div> <\/div> <!-- close group --> <div class=\"gallery-group images-2\" style=\"width: 404px; height: 541px;\" data-original-width=\"404\" data-original-height=\"541\" > <div class=\"tiled-gallery-item tiled-gallery-item-large\" itemprop=\"associatedMedia\" itemscope itemtype=\"http:\/\/schema.org\/ImageObject\"> <a href=\"https:\/\/www.light-style.eu\/Blog\/toskana-es-war-traumhaft\/toskana-2016-46\/#main\" border=\"0\" itemprop=\"url\"> <meta itemprop=\"width\" content=\"400\"> <meta itemprop=\"height\" content=\"267\"> <img decoding=\"async\" class=\"\" data-attachment-id=\"2347\" data-orig-file=\"https:\/\/www.light-style.eu\/Blog\/wp-content\/uploads\/2016\/08\/Toskana-2016-46.jpg\" data-orig-size=\"1000,667\" data-comments-opened=\"1\" data-image-meta=\"{&quot;aperture&quot;:&quot;0&quot;,&quot;credit&quot;:&quot;Andi M\\u00f6ller&quot;,&quot;camera&quot;:&quot;&quot;,&quot;caption&quot;:&quot;&quot;,&quot;created_timestamp&quot;:&quot;0&quot;,&quot;copyright&quot;:&quot;Studio Light-Style&quot;,&quot;focal_length&quot;:&quot;0&quot;,&quot;iso&quot;:&quot;0&quot;,&quot;shutter_speed&quot;:&quot;0&quot;,&quot;title&quot;:&quot;&quot;,&quot;orientation&quot;:&quot;0&quot;}\" data-image-title=\"Toskana 2016-46\" data-image-description=\"\" data-medium-file=\"https:\/\/i0.wp.com\/www.light-style.eu\/Blog\/wp-content\/uploads\/2016\/08\/Toskana-2016-46.jpg?fit=600%2C400&#038;ssl=1\" data-large-file=\"https:\/\/i0.wp.com\/www.light-style.eu\/Blog\/wp-content\/uploads\/2016\/08\/Toskana-2016-46.jpg?fit=1000%2C667&#038;ssl=1\" src=\"https:\/\/i0.wp.com\/www.light-style.eu\/Blog\/wp-content\/uploads\/2016\/08\/Toskana-2016-46.jpg?w=400&#038;h=267&#038;ssl=1\" srcset=\"https:\/\/i0.wp.com\/www.light-style.eu\/Blog\/wp-content\/uploads\/2016\/08\/Toskana-2016-46.jpg?w=1000&amp;ssl=1 1000w, https:\/\/i0.wp.com\/www.light-style.eu\/Blog\/wp-content\/uploads\/2016\/08\/Toskana-2016-46.jpg?resize=600%2C400&amp;ssl=1 600w, https:\/\/i0.wp.com\/www.light-style.eu\/Blog\/wp-content\/uploads\/2016\/08\/Toskana-2016-46.jpg?resize=768%2C512&amp;ssl=1 768w\" width=\"400\" height=\"267\" loading=\"lazy\" data-original-width=\"400\" data-original-height=\"267\" itemprop=\"http:\/\/schema.org\/image\" title=\"Toskana 2016-46\" alt=\"Region um Porto Stefano\" style=\"width: 400px; height: 267px;\" \/> <\/a> <div class=\"tiled-gallery-caption\" itemprop=\"caption description\"> Region um Porto Stefano <\/div> <\/div> <div class=\"tiled-gallery-item tiled-gallery-item-large\" itemprop=\"associatedMedia\" itemscope itemtype=\"http:\/\/schema.org\/ImageObject\"> <a href=\"https:\/\/www.light-style.eu\/Blog\/toskana-es-war-traumhaft\/toskana-2016-45\/#main\" border=\"0\" itemprop=\"url\"> <meta itemprop=\"width\" content=\"400\"> <meta itemprop=\"height\" content=\"266\"> <img decoding=\"async\" class=\"\" data-attachment-id=\"2346\" data-orig-file=\"https:\/\/www.light-style.eu\/Blog\/wp-content\/uploads\/2016\/08\/Toskana-2016-45.jpg\" data-orig-size=\"1000,667\" data-comments-opened=\"1\" data-image-meta=\"{&quot;aperture&quot;:&quot;0&quot;,&quot;credit&quot;:&quot;Andi M\\u00f6ller&quot;,&quot;camera&quot;:&quot;&quot;,&quot;caption&quot;:&quot;&quot;,&quot;created_timestamp&quot;:&quot;0&quot;,&quot;copyright&quot;:&quot;Studio Light-Style&quot;,&quot;focal_length&quot;:&quot;0&quot;,&quot;iso&quot;:&quot;0&quot;,&quot;shutter_speed&quot;:&quot;0&quot;,&quot;title&quot;:&quot;&quot;,&quot;orientation&quot;:&quot;0&quot;}\" data-image-title=\"Toskana 2016-45\" data-image-description=\"\" data-medium-file=\"https:\/\/i0.wp.com\/www.light-style.eu\/Blog\/wp-content\/uploads\/2016\/08\/Toskana-2016-45.jpg?fit=600%2C400&#038;ssl=1\" data-large-file=\"https:\/\/i0.wp.com\/www.light-style.eu\/Blog\/wp-content\/uploads\/2016\/08\/Toskana-2016-45.jpg?fit=1000%2C667&#038;ssl=1\" src=\"https:\/\/i0.wp.com\/www.light-style.eu\/Blog\/wp-content\/uploads\/2016\/08\/Toskana-2016-45.jpg?w=400&#038;h=266&#038;ssl=1\" srcset=\"https:\/\/i0.wp.com\/www.light-style.eu\/Blog\/wp-content\/uploads\/2016\/08\/Toskana-2016-45.jpg?w=1000&amp;ssl=1 1000w, https:\/\/i0.wp.com\/www.light-style.eu\/Blog\/wp-content\/uploads\/2016\/08\/Toskana-2016-45.jpg?resize=600%2C400&amp;ssl=1 600w, https:\/\/i0.wp.com\/www.light-style.eu\/Blog\/wp-content\/uploads\/2016\/08\/Toskana-2016-45.jpg?resize=768%2C512&amp;ssl=1 768w\" width=\"400\" height=\"266\" loading=\"lazy\" data-original-width=\"400\" data-original-height=\"266\" itemprop=\"http:\/\/schema.org\/image\" title=\"Toskana 2016-45\" alt=\"Region um Porto Stefano\" style=\"width: 400px; height: 266px;\" \/> <\/a> <div class=\"tiled-gallery-caption\" itemprop=\"caption description\"> Region um Porto Stefano <\/div> <\/div> <\/div> <!-- close group --> <\/div> <!-- close row --> <div class=\"gallery-row\" style=\"width: 1170px; height: 413px;\" data-original-width=\"1170\" data-original-height=\"413\" > <div class=\"gallery-group images-1\" style=\"width: 617px; height: 413px;\" data-original-width=\"617\" data-original-height=\"413\" > <div class=\"tiled-gallery-item tiled-gallery-item-large\" itemprop=\"associatedMedia\" itemscope itemtype=\"http:\/\/schema.org\/ImageObject\"> <a href=\"https:\/\/www.light-style.eu\/Blog\/toskana-es-war-traumhaft\/toskana-2016-44\/#main\" border=\"0\" itemprop=\"url\"> <meta itemprop=\"width\" content=\"613\"> <meta itemprop=\"height\" content=\"409\"> <img decoding=\"async\" class=\"\" data-attachment-id=\"2345\" data-orig-file=\"https:\/\/www.light-style.eu\/Blog\/wp-content\/uploads\/2016\/08\/Toskana-2016-44.jpg\" data-orig-size=\"1000,667\" data-comments-opened=\"1\" data-image-meta=\"{&quot;aperture&quot;:&quot;0&quot;,&quot;credit&quot;:&quot;Andi M\\u00f6ller&quot;,&quot;camera&quot;:&quot;&quot;,&quot;caption&quot;:&quot;&quot;,&quot;created_timestamp&quot;:&quot;0&quot;,&quot;copyright&quot;:&quot;Studio Light-Style&quot;,&quot;focal_length&quot;:&quot;0&quot;,&quot;iso&quot;:&quot;0&quot;,&quot;shutter_speed&quot;:&quot;0&quot;,&quot;title&quot;:&quot;&quot;,&quot;orientation&quot;:&quot;0&quot;}\" data-image-title=\"Toskana 2016-44\" data-image-description=\"\" data-medium-file=\"https:\/\/i0.wp.com\/www.light-style.eu\/Blog\/wp-content\/uploads\/2016\/08\/Toskana-2016-44.jpg?fit=600%2C400&#038;ssl=1\" data-large-file=\"https:\/\/i0.wp.com\/www.light-style.eu\/Blog\/wp-content\/uploads\/2016\/08\/Toskana-2016-44.jpg?fit=1000%2C667&#038;ssl=1\" src=\"https:\/\/i0.wp.com\/www.light-style.eu\/Blog\/wp-content\/uploads\/2016\/08\/Toskana-2016-44.jpg?w=613&#038;h=409&#038;ssl=1\" srcset=\"https:\/\/i0.wp.com\/www.light-style.eu\/Blog\/wp-content\/uploads\/2016\/08\/Toskana-2016-44.jpg?w=1000&amp;ssl=1 1000w, https:\/\/i0.wp.com\/www.light-style.eu\/Blog\/wp-content\/uploads\/2016\/08\/Toskana-2016-44.jpg?resize=600%2C400&amp;ssl=1 600w, https:\/\/i0.wp.com\/www.light-style.eu\/Blog\/wp-content\/uploads\/2016\/08\/Toskana-2016-44.jpg?resize=768%2C512&amp;ssl=1 768w\" width=\"613\" height=\"409\" loading=\"lazy\" data-original-width=\"613\" data-original-height=\"409\" itemprop=\"http:\/\/schema.org\/image\" title=\"Toskana 2016-44\" alt=\"Region um Porto Stefano\" style=\"width: 613px; height: 409px;\" \/> <\/a> <div class=\"tiled-gallery-caption\" itemprop=\"caption description\"> Region um Porto Stefano <\/div> <\/div> <\/div> <!-- close group --> <div class=\"gallery-group images-1\" style=\"width: 277px; height: 413px;\" data-original-width=\"277\" data-original-height=\"413\" > <div class=\"tiled-gallery-item tiled-gallery-item-large\" itemprop=\"associatedMedia\" itemscope itemtype=\"http:\/\/schema.org\/ImageObject\"> <a href=\"https:\/\/www.light-style.eu\/Blog\/toskana-es-war-traumhaft\/toskana-2016-43\/#main\" border=\"0\" itemprop=\"url\"> <meta itemprop=\"width\" content=\"273\"> <meta itemprop=\"height\" content=\"409\"> <img decoding=\"async\" class=\"\" data-attachment-id=\"2344\" data-orig-file=\"https:\/\/www.light-style.eu\/Blog\/wp-content\/uploads\/2016\/08\/Toskana-2016-43.jpg\" data-orig-size=\"667,1000\" data-comments-opened=\"1\" data-image-meta=\"{&quot;aperture&quot;:&quot;0&quot;,&quot;credit&quot;:&quot;Andi M\\u00f6ller&quot;,&quot;camera&quot;:&quot;&quot;,&quot;caption&quot;:&quot;&quot;,&quot;created_timestamp&quot;:&quot;0&quot;,&quot;copyright&quot;:&quot;Studio Light-Style&quot;,&quot;focal_length&quot;:&quot;0&quot;,&quot;iso&quot;:&quot;0&quot;,&quot;shutter_speed&quot;:&quot;0&quot;,&quot;title&quot;:&quot;&quot;,&quot;orientation&quot;:&quot;0&quot;}\" data-image-title=\"Toskana 2016-43\" data-image-description=\"\" data-medium-file=\"https:\/\/i0.wp.com\/www.light-style.eu\/Blog\/wp-content\/uploads\/2016\/08\/Toskana-2016-43.jpg?fit=400%2C600&#038;ssl=1\" data-large-file=\"https:\/\/i0.wp.com\/www.light-style.eu\/Blog\/wp-content\/uploads\/2016\/08\/Toskana-2016-43.jpg?fit=667%2C1000&#038;ssl=1\" src=\"https:\/\/i0.wp.com\/www.light-style.eu\/Blog\/wp-content\/uploads\/2016\/08\/Toskana-2016-43.jpg?w=273&#038;h=409&#038;ssl=1\" srcset=\"https:\/\/i0.wp.com\/www.light-style.eu\/Blog\/wp-content\/uploads\/2016\/08\/Toskana-2016-43.jpg?w=667&amp;ssl=1 667w, https:\/\/i0.wp.com\/www.light-style.eu\/Blog\/wp-content\/uploads\/2016\/08\/Toskana-2016-43.jpg?resize=400%2C600&amp;ssl=1 400w\" width=\"273\" height=\"409\" loading=\"lazy\" data-original-width=\"273\" data-original-height=\"409\" itemprop=\"http:\/\/schema.org\/image\" title=\"Toskana 2016-43\" alt=\"Region um Porto Stefano\" style=\"width: 273px; height: 409px;\" \/> <\/a> <div class=\"tiled-gallery-caption\" itemprop=\"caption description\"> Region um Porto Stefano <\/div> <\/div> <\/div> <!-- close group --> <div class=\"gallery-group images-1\" style=\"width: 276px; height: 413px;\" data-original-width=\"276\" data-original-height=\"413\" > <div class=\"tiled-gallery-item tiled-gallery-item-large\" itemprop=\"associatedMedia\" itemscope itemtype=\"http:\/\/schema.org\/ImageObject\"> <a href=\"https:\/\/www.light-style.eu\/Blog\/toskana-es-war-traumhaft\/toskana-2016-42\/#main\" border=\"0\" itemprop=\"url\"> <meta itemprop=\"width\" content=\"272\"> <meta itemprop=\"height\" content=\"409\"> <img decoding=\"async\" class=\"\" data-attachment-id=\"2343\" data-orig-file=\"https:\/\/www.light-style.eu\/Blog\/wp-content\/uploads\/2016\/08\/Toskana-2016-42.jpg\" data-orig-size=\"667,1000\" data-comments-opened=\"1\" data-image-meta=\"{&quot;aperture&quot;:&quot;0&quot;,&quot;credit&quot;:&quot;Andi M\\u00f6ller&quot;,&quot;camera&quot;:&quot;&quot;,&quot;caption&quot;:&quot;&quot;,&quot;created_timestamp&quot;:&quot;0&quot;,&quot;copyright&quot;:&quot;Studio Light-Style&quot;,&quot;focal_length&quot;:&quot;0&quot;,&quot;iso&quot;:&quot;0&quot;,&quot;shutter_speed&quot;:&quot;0&quot;,&quot;title&quot;:&quot;&quot;,&quot;orientation&quot;:&quot;0&quot;}\" data-image-title=\"Toskana 2016-42\" data-image-description=\"\" data-medium-file=\"https:\/\/i0.wp.com\/www.light-style.eu\/Blog\/wp-content\/uploads\/2016\/08\/Toskana-2016-42.jpg?fit=400%2C600&#038;ssl=1\" data-large-file=\"https:\/\/i0.wp.com\/www.light-style.eu\/Blog\/wp-content\/uploads\/2016\/08\/Toskana-2016-42.jpg?fit=667%2C1000&#038;ssl=1\" src=\"https:\/\/i0.wp.com\/www.light-style.eu\/Blog\/wp-content\/uploads\/2016\/08\/Toskana-2016-42.jpg?w=272&#038;h=409&#038;ssl=1\" srcset=\"https:\/\/i0.wp.com\/www.light-style.eu\/Blog\/wp-content\/uploads\/2016\/08\/Toskana-2016-42.jpg?w=667&amp;ssl=1 667w, https:\/\/i0.wp.com\/www.light-style.eu\/Blog\/wp-content\/uploads\/2016\/08\/Toskana-2016-42.jpg?resize=400%2C600&amp;ssl=1 400w\" width=\"272\" height=\"409\" loading=\"lazy\" data-original-width=\"272\" data-original-height=\"409\" itemprop=\"http:\/\/schema.org\/image\" title=\"Toskana 2016-42\" alt=\"Region um Porto Stefano\" style=\"width: 272px; height: 409px;\" \/> <\/a> <div class=\"tiled-gallery-caption\" itemprop=\"caption description\"> Region um Porto Stefano <\/div> <\/div> <\/div> <!-- close group --> <\/div> <!-- close row --> <div class=\"gallery-row\" style=\"width: 1170px; height: 522px;\" data-original-width=\"1170\" data-original-height=\"522\" > <div class=\"gallery-group images-2\" style=\"width: 389px; height: 522px;\" data-original-width=\"389\" data-original-height=\"522\" > <div class=\"tiled-gallery-item tiled-gallery-item-large\" itemprop=\"associatedMedia\" itemscope itemtype=\"http:\/\/schema.org\/ImageObject\"> <a href=\"https:\/\/www.light-style.eu\/Blog\/toskana-es-war-traumhaft\/toskana-2016-41\/#main\" border=\"0\" itemprop=\"url\"> <meta itemprop=\"width\" content=\"385\"> <meta itemprop=\"height\" content=\"257\"> <img decoding=\"async\" class=\"\" data-attachment-id=\"2342\" data-orig-file=\"https:\/\/www.light-style.eu\/Blog\/wp-content\/uploads\/2016\/08\/Toskana-2016-41.jpg\" data-orig-size=\"1000,667\" data-comments-opened=\"1\" data-image-meta=\"{&quot;aperture&quot;:&quot;0&quot;,&quot;credit&quot;:&quot;Andi M\\u00f6ller&quot;,&quot;camera&quot;:&quot;&quot;,&quot;caption&quot;:&quot;&quot;,&quot;created_timestamp&quot;:&quot;0&quot;,&quot;copyright&quot;:&quot;Studio Light-Style&quot;,&quot;focal_length&quot;:&quot;0&quot;,&quot;iso&quot;:&quot;0&quot;,&quot;shutter_speed&quot;:&quot;0&quot;,&quot;title&quot;:&quot;&quot;,&quot;orientation&quot;:&quot;0&quot;}\" data-image-title=\"Toskana 2016-41\" data-image-description=\"\" data-medium-file=\"https:\/\/i0.wp.com\/www.light-style.eu\/Blog\/wp-content\/uploads\/2016\/08\/Toskana-2016-41.jpg?fit=600%2C400&#038;ssl=1\" data-large-file=\"https:\/\/i0.wp.com\/www.light-style.eu\/Blog\/wp-content\/uploads\/2016\/08\/Toskana-2016-41.jpg?fit=1000%2C667&#038;ssl=1\" src=\"https:\/\/i0.wp.com\/www.light-style.eu\/Blog\/wp-content\/uploads\/2016\/08\/Toskana-2016-41.jpg?w=385&#038;h=257&#038;ssl=1\" srcset=\"https:\/\/i0.wp.com\/www.light-style.eu\/Blog\/wp-content\/uploads\/2016\/08\/Toskana-2016-41.jpg?w=1000&amp;ssl=1 1000w, https:\/\/i0.wp.com\/www.light-style.eu\/Blog\/wp-content\/uploads\/2016\/08\/Toskana-2016-41.jpg?resize=600%2C400&amp;ssl=1 600w, https:\/\/i0.wp.com\/www.light-style.eu\/Blog\/wp-content\/uploads\/2016\/08\/Toskana-2016-41.jpg?resize=768%2C512&amp;ssl=1 768w\" width=\"385\" height=\"257\" loading=\"lazy\" data-original-width=\"385\" data-original-height=\"257\" itemprop=\"http:\/\/schema.org\/image\" title=\"Toskana 2016-41\" alt=\"Meine Traumyacht ;-)\" style=\"width: 385px; height: 257px;\" \/> <\/a> <div class=\"tiled-gallery-caption\" itemprop=\"caption description\"> Meine Traumyacht \ud83d\ude09 <\/div> <\/div> <div class=\"tiled-gallery-item tiled-gallery-item-large\" itemprop=\"associatedMedia\" itemscope itemtype=\"http:\/\/schema.org\/ImageObject\"> <a href=\"https:\/\/www.light-style.eu\/Blog\/toskana-es-war-traumhaft\/toskana-2016-40\/#main\" border=\"0\" itemprop=\"url\"> <meta itemprop=\"width\" content=\"385\"> <meta itemprop=\"height\" content=\"257\"> <img decoding=\"async\" class=\"\" data-attachment-id=\"2341\" data-orig-file=\"https:\/\/www.light-style.eu\/Blog\/wp-content\/uploads\/2016\/08\/Toskana-2016-40.jpg\" data-orig-size=\"1000,667\" data-comments-opened=\"1\" data-image-meta=\"{&quot;aperture&quot;:&quot;0&quot;,&quot;credit&quot;:&quot;Andi M\\u00f6ller&quot;,&quot;camera&quot;:&quot;&quot;,&quot;caption&quot;:&quot;&quot;,&quot;created_timestamp&quot;:&quot;0&quot;,&quot;copyright&quot;:&quot;Studio Light-Style&quot;,&quot;focal_length&quot;:&quot;0&quot;,&quot;iso&quot;:&quot;0&quot;,&quot;shutter_speed&quot;:&quot;0&quot;,&quot;title&quot;:&quot;&quot;,&quot;orientation&quot;:&quot;0&quot;}\" data-image-title=\"Toskana 2016-40\" data-image-description=\"\" data-medium-file=\"https:\/\/i0.wp.com\/www.light-style.eu\/Blog\/wp-content\/uploads\/2016\/08\/Toskana-2016-40.jpg?fit=600%2C400&#038;ssl=1\" data-large-file=\"https:\/\/i0.wp.com\/www.light-style.eu\/Blog\/wp-content\/uploads\/2016\/08\/Toskana-2016-40.jpg?fit=1000%2C667&#038;ssl=1\" src=\"https:\/\/i0.wp.com\/www.light-style.eu\/Blog\/wp-content\/uploads\/2016\/08\/Toskana-2016-40.jpg?w=385&#038;h=257&#038;ssl=1\" srcset=\"https:\/\/i0.wp.com\/www.light-style.eu\/Blog\/wp-content\/uploads\/2016\/08\/Toskana-2016-40.jpg?w=1000&amp;ssl=1 1000w, https:\/\/i0.wp.com\/www.light-style.eu\/Blog\/wp-content\/uploads\/2016\/08\/Toskana-2016-40.jpg?resize=600%2C400&amp;ssl=1 600w, https:\/\/i0.wp.com\/www.light-style.eu\/Blog\/wp-content\/uploads\/2016\/08\/Toskana-2016-40.jpg?resize=768%2C512&amp;ssl=1 768w\" width=\"385\" height=\"257\" loading=\"lazy\" data-original-width=\"385\" data-original-height=\"257\" itemprop=\"http:\/\/schema.org\/image\" title=\"Toskana 2016-40\" alt=\"Porto Santo Stefano\" style=\"width: 385px; height: 257px;\" \/> <\/a> <div class=\"tiled-gallery-caption\" itemprop=\"caption description\"> Porto Santo Stefano <\/div> <\/div> <\/div> <!-- close group --> <div class=\"gallery-group images-1\" style=\"width: 781px; height: 522px;\" data-original-width=\"781\" data-original-height=\"522\" > <div class=\"tiled-gallery-item tiled-gallery-item-large\" itemprop=\"associatedMedia\" itemscope itemtype=\"http:\/\/schema.org\/ImageObject\"> <a href=\"https:\/\/www.light-style.eu\/Blog\/toskana-es-war-traumhaft\/toskana-2016-39\/#main\" border=\"0\" itemprop=\"url\"> <meta itemprop=\"width\" content=\"777\"> <meta itemprop=\"height\" content=\"518\"> <img decoding=\"async\" class=\"\" data-attachment-id=\"2340\" data-orig-file=\"https:\/\/www.light-style.eu\/Blog\/wp-content\/uploads\/2016\/08\/Toskana-2016-39.jpg\" data-orig-size=\"1000,667\" data-comments-opened=\"1\" data-image-meta=\"{&quot;aperture&quot;:&quot;0&quot;,&quot;credit&quot;:&quot;Andi M\\u00f6ller&quot;,&quot;camera&quot;:&quot;&quot;,&quot;caption&quot;:&quot;&quot;,&quot;created_timestamp&quot;:&quot;0&quot;,&quot;copyright&quot;:&quot;Studio Light-Style&quot;,&quot;focal_length&quot;:&quot;0&quot;,&quot;iso&quot;:&quot;0&quot;,&quot;shutter_speed&quot;:&quot;0&quot;,&quot;title&quot;:&quot;&quot;,&quot;orientation&quot;:&quot;0&quot;}\" data-image-title=\"Toskana 2016-39\" data-image-description=\"\" data-medium-file=\"https:\/\/i0.wp.com\/www.light-style.eu\/Blog\/wp-content\/uploads\/2016\/08\/Toskana-2016-39.jpg?fit=600%2C400&#038;ssl=1\" data-large-file=\"https:\/\/i0.wp.com\/www.light-style.eu\/Blog\/wp-content\/uploads\/2016\/08\/Toskana-2016-39.jpg?fit=1000%2C667&#038;ssl=1\" src=\"https:\/\/i0.wp.com\/www.light-style.eu\/Blog\/wp-content\/uploads\/2016\/08\/Toskana-2016-39.jpg?w=777&#038;h=518&#038;ssl=1\" srcset=\"https:\/\/i0.wp.com\/www.light-style.eu\/Blog\/wp-content\/uploads\/2016\/08\/Toskana-2016-39.jpg?w=1000&amp;ssl=1 1000w, https:\/\/i0.wp.com\/www.light-style.eu\/Blog\/wp-content\/uploads\/2016\/08\/Toskana-2016-39.jpg?resize=600%2C400&amp;ssl=1 600w, https:\/\/i0.wp.com\/www.light-style.eu\/Blog\/wp-content\/uploads\/2016\/08\/Toskana-2016-39.jpg?resize=768%2C512&amp;ssl=1 768w\" width=\"777\" height=\"518\" loading=\"lazy\" data-original-width=\"777\" data-original-height=\"518\" itemprop=\"http:\/\/schema.org\/image\" title=\"Toskana 2016-39\" alt=\"Porto Santo Stefano\" style=\"width: 777px; height: 518px;\" \/> <\/a> <div class=\"tiled-gallery-caption\" itemprop=\"caption description\"> Porto Santo Stefano <\/div> <\/div> <\/div> <!-- close group --> <\/div> <!-- close row --> <div class=\"gallery-row\" style=\"width: 1170px; height: 522px;\" data-original-width=\"1170\" data-original-height=\"522\" > <div class=\"gallery-group images-1\" style=\"width: 781px; height: 522px;\" data-original-width=\"781\" data-original-height=\"522\" > <div class=\"tiled-gallery-item tiled-gallery-item-large\" itemprop=\"associatedMedia\" itemscope itemtype=\"http:\/\/schema.org\/ImageObject\"> <a href=\"https:\/\/www.light-style.eu\/Blog\/toskana-es-war-traumhaft\/toskana-2016-38\/#main\" border=\"0\" itemprop=\"url\"> <meta itemprop=\"width\" content=\"777\"> <meta itemprop=\"height\" content=\"518\"> <img decoding=\"async\" class=\"\" data-attachment-id=\"2339\" data-orig-file=\"https:\/\/www.light-style.eu\/Blog\/wp-content\/uploads\/2016\/08\/Toskana-2016-38.jpg\" data-orig-size=\"1000,667\" data-comments-opened=\"1\" data-image-meta=\"{&quot;aperture&quot;:&quot;0&quot;,&quot;credit&quot;:&quot;Andi M\\u00f6ller&quot;,&quot;camera&quot;:&quot;&quot;,&quot;caption&quot;:&quot;&quot;,&quot;created_timestamp&quot;:&quot;0&quot;,&quot;copyright&quot;:&quot;Studio Light-Style&quot;,&quot;focal_length&quot;:&quot;0&quot;,&quot;iso&quot;:&quot;0&quot;,&quot;shutter_speed&quot;:&quot;0&quot;,&quot;title&quot;:&quot;&quot;,&quot;orientation&quot;:&quot;0&quot;}\" data-image-title=\"Toskana 2016-38\" data-image-description=\"\" data-medium-file=\"https:\/\/i0.wp.com\/www.light-style.eu\/Blog\/wp-content\/uploads\/2016\/08\/Toskana-2016-38.jpg?fit=600%2C400&#038;ssl=1\" data-large-file=\"https:\/\/i0.wp.com\/www.light-style.eu\/Blog\/wp-content\/uploads\/2016\/08\/Toskana-2016-38.jpg?fit=1000%2C667&#038;ssl=1\" src=\"https:\/\/i0.wp.com\/www.light-style.eu\/Blog\/wp-content\/uploads\/2016\/08\/Toskana-2016-38.jpg?w=777&#038;h=518&#038;ssl=1\" srcset=\"https:\/\/i0.wp.com\/www.light-style.eu\/Blog\/wp-content\/uploads\/2016\/08\/Toskana-2016-38.jpg?w=1000&amp;ssl=1 1000w, https:\/\/i0.wp.com\/www.light-style.eu\/Blog\/wp-content\/uploads\/2016\/08\/Toskana-2016-38.jpg?resize=600%2C400&amp;ssl=1 600w, https:\/\/i0.wp.com\/www.light-style.eu\/Blog\/wp-content\/uploads\/2016\/08\/Toskana-2016-38.jpg?resize=768%2C512&amp;ssl=1 768w\" width=\"777\" height=\"518\" loading=\"lazy\" data-original-width=\"777\" data-original-height=\"518\" itemprop=\"http:\/\/schema.org\/image\" title=\"Toskana 2016-38\" alt=\"Porto Santo Stefano\" style=\"width: 777px; height: 518px;\" \/> <\/a> <div class=\"tiled-gallery-caption\" itemprop=\"caption description\"> Porto Santo Stefano <\/div> <\/div> <\/div> <!-- close group --> <div class=\"gallery-group images-2\" style=\"width: 389px; height: 522px;\" data-original-width=\"389\" data-original-height=\"522\" > <div class=\"tiled-gallery-item tiled-gallery-item-large\" itemprop=\"associatedMedia\" itemscope itemtype=\"http:\/\/schema.org\/ImageObject\"> <a href=\"https:\/\/www.light-style.eu\/Blog\/toskana-es-war-traumhaft\/toskana-2016-37\/#main\" border=\"0\" itemprop=\"url\"> <meta itemprop=\"width\" content=\"385\"> <meta itemprop=\"height\" content=\"257\"> <img decoding=\"async\" class=\"\" data-attachment-id=\"2338\" data-orig-file=\"https:\/\/www.light-style.eu\/Blog\/wp-content\/uploads\/2016\/08\/Toskana-2016-37.jpg\" data-orig-size=\"1000,667\" data-comments-opened=\"1\" data-image-meta=\"{&quot;aperture&quot;:&quot;0&quot;,&quot;credit&quot;:&quot;Andi M\\u00f6ller&quot;,&quot;camera&quot;:&quot;&quot;,&quot;caption&quot;:&quot;&quot;,&quot;created_timestamp&quot;:&quot;0&quot;,&quot;copyright&quot;:&quot;Studio Light-Style&quot;,&quot;focal_length&quot;:&quot;0&quot;,&quot;iso&quot;:&quot;0&quot;,&quot;shutter_speed&quot;:&quot;0&quot;,&quot;title&quot;:&quot;&quot;,&quot;orientation&quot;:&quot;0&quot;}\" data-image-title=\"Toskana 2016-37\" data-image-description=\"\" data-medium-file=\"https:\/\/i0.wp.com\/www.light-style.eu\/Blog\/wp-content\/uploads\/2016\/08\/Toskana-2016-37.jpg?fit=600%2C400&#038;ssl=1\" data-large-file=\"https:\/\/i0.wp.com\/www.light-style.eu\/Blog\/wp-content\/uploads\/2016\/08\/Toskana-2016-37.jpg?fit=1000%2C667&#038;ssl=1\" src=\"https:\/\/i0.wp.com\/www.light-style.eu\/Blog\/wp-content\/uploads\/2016\/08\/Toskana-2016-37.jpg?w=385&#038;h=257&#038;ssl=1\" srcset=\"https:\/\/i0.wp.com\/www.light-style.eu\/Blog\/wp-content\/uploads\/2016\/08\/Toskana-2016-37.jpg?w=1000&amp;ssl=1 1000w, https:\/\/i0.wp.com\/www.light-style.eu\/Blog\/wp-content\/uploads\/2016\/08\/Toskana-2016-37.jpg?resize=600%2C400&amp;ssl=1 600w, https:\/\/i0.wp.com\/www.light-style.eu\/Blog\/wp-content\/uploads\/2016\/08\/Toskana-2016-37.jpg?resize=768%2C512&amp;ssl=1 768w\" width=\"385\" height=\"257\" loading=\"lazy\" data-original-width=\"385\" data-original-height=\"257\" itemprop=\"http:\/\/schema.org\/image\" title=\"Toskana 2016-37\" alt=\"Porto Santo Stefano\" style=\"width: 385px; height: 257px;\" \/> <\/a> <div class=\"tiled-gallery-caption\" itemprop=\"caption description\"> Porto Santo Stefano <\/div> <\/div> <div class=\"tiled-gallery-item tiled-gallery-item-large\" itemprop=\"associatedMedia\" itemscope itemtype=\"http:\/\/schema.org\/ImageObject\"> <a href=\"https:\/\/www.light-style.eu\/Blog\/toskana-es-war-traumhaft\/toskana-2016-36\/#main\" border=\"0\" itemprop=\"url\"> <meta itemprop=\"width\" content=\"385\"> <meta itemprop=\"height\" content=\"257\"> <img decoding=\"async\" class=\"\" data-attachment-id=\"2337\" data-orig-file=\"https:\/\/www.light-style.eu\/Blog\/wp-content\/uploads\/2016\/08\/Toskana-2016-36.jpg\" data-orig-size=\"1000,667\" data-comments-opened=\"1\" data-image-meta=\"{&quot;aperture&quot;:&quot;0&quot;,&quot;credit&quot;:&quot;Andi M\\u00f6ller&quot;,&quot;camera&quot;:&quot;&quot;,&quot;caption&quot;:&quot;&quot;,&quot;created_timestamp&quot;:&quot;0&quot;,&quot;copyright&quot;:&quot;Studio Light-Style&quot;,&quot;focal_length&quot;:&quot;0&quot;,&quot;iso&quot;:&quot;0&quot;,&quot;shutter_speed&quot;:&quot;0&quot;,&quot;title&quot;:&quot;&quot;,&quot;orientation&quot;:&quot;0&quot;}\" data-image-title=\"Toskana 2016-36\" data-image-description=\"\" data-medium-file=\"https:\/\/i0.wp.com\/www.light-style.eu\/Blog\/wp-content\/uploads\/2016\/08\/Toskana-2016-36.jpg?fit=600%2C400&#038;ssl=1\" data-large-file=\"https:\/\/i0.wp.com\/www.light-style.eu\/Blog\/wp-content\/uploads\/2016\/08\/Toskana-2016-36.jpg?fit=1000%2C667&#038;ssl=1\" src=\"https:\/\/i0.wp.com\/www.light-style.eu\/Blog\/wp-content\/uploads\/2016\/08\/Toskana-2016-36.jpg?w=385&#038;h=257&#038;ssl=1\" srcset=\"https:\/\/i0.wp.com\/www.light-style.eu\/Blog\/wp-content\/uploads\/2016\/08\/Toskana-2016-36.jpg?w=1000&amp;ssl=1 1000w, https:\/\/i0.wp.com\/www.light-style.eu\/Blog\/wp-content\/uploads\/2016\/08\/Toskana-2016-36.jpg?resize=600%2C400&amp;ssl=1 600w, https:\/\/i0.wp.com\/www.light-style.eu\/Blog\/wp-content\/uploads\/2016\/08\/Toskana-2016-36.jpg?resize=768%2C512&amp;ssl=1 768w\" width=\"385\" height=\"257\" loading=\"lazy\" data-original-width=\"385\" data-original-height=\"257\" itemprop=\"http:\/\/schema.org\/image\" title=\"Toskana 2016-36\" alt=\"Porto Santo Stefano\" style=\"width: 385px; height: 257px;\" \/> <\/a> <div class=\"tiled-gallery-caption\" itemprop=\"caption description\"> Porto Santo Stefano <\/div> <\/div> <\/div> <!-- close group --> <\/div> <!-- close row --> <div class=\"gallery-row\" style=\"width: 1170px; height: 392px;\" data-original-width=\"1170\" data-original-height=\"392\" > <div class=\"gallery-group images-1\" style=\"width: 585px; height: 392px;\" data-original-width=\"585\" data-original-height=\"392\" > <div class=\"tiled-gallery-item tiled-gallery-item-large\" itemprop=\"associatedMedia\" itemscope itemtype=\"http:\/\/schema.org\/ImageObject\"> <a href=\"https:\/\/www.light-style.eu\/Blog\/toskana-es-war-traumhaft\/toskana-2016-35\/#main\" border=\"0\" itemprop=\"url\"> <meta itemprop=\"width\" content=\"581\"> <meta itemprop=\"height\" content=\"388\"> <img decoding=\"async\" class=\"\" data-attachment-id=\"2336\" data-orig-file=\"https:\/\/www.light-style.eu\/Blog\/wp-content\/uploads\/2016\/08\/Toskana-2016-35.jpg\" data-orig-size=\"1000,667\" data-comments-opened=\"1\" data-image-meta=\"{&quot;aperture&quot;:&quot;0&quot;,&quot;credit&quot;:&quot;Andi M\\u00f6ller&quot;,&quot;camera&quot;:&quot;&quot;,&quot;caption&quot;:&quot;&quot;,&quot;created_timestamp&quot;:&quot;0&quot;,&quot;copyright&quot;:&quot;Studio Light-Style&quot;,&quot;focal_length&quot;:&quot;0&quot;,&quot;iso&quot;:&quot;0&quot;,&quot;shutter_speed&quot;:&quot;0&quot;,&quot;title&quot;:&quot;&quot;,&quot;orientation&quot;:&quot;0&quot;}\" data-image-title=\"Toskana 2016-35\" data-image-description=\"\" data-medium-file=\"https:\/\/i0.wp.com\/www.light-style.eu\/Blog\/wp-content\/uploads\/2016\/08\/Toskana-2016-35.jpg?fit=600%2C400&#038;ssl=1\" data-large-file=\"https:\/\/i0.wp.com\/www.light-style.eu\/Blog\/wp-content\/uploads\/2016\/08\/Toskana-2016-35.jpg?fit=1000%2C667&#038;ssl=1\" src=\"https:\/\/i0.wp.com\/www.light-style.eu\/Blog\/wp-content\/uploads\/2016\/08\/Toskana-2016-35.jpg?w=581&#038;h=388&#038;ssl=1\" srcset=\"https:\/\/i0.wp.com\/www.light-style.eu\/Blog\/wp-content\/uploads\/2016\/08\/Toskana-2016-35.jpg?w=1000&amp;ssl=1 1000w, https:\/\/i0.wp.com\/www.light-style.eu\/Blog\/wp-content\/uploads\/2016\/08\/Toskana-2016-35.jpg?resize=600%2C400&amp;ssl=1 600w, https:\/\/i0.wp.com\/www.light-style.eu\/Blog\/wp-content\/uploads\/2016\/08\/Toskana-2016-35.jpg?resize=768%2C512&amp;ssl=1 768w\" width=\"581\" height=\"388\" loading=\"lazy\" data-original-width=\"581\" data-original-height=\"388\" itemprop=\"http:\/\/schema.org\/image\" title=\"Toskana 2016-35\" alt=\"Porto Santo Stefano\" style=\"width: 581px; height: 388px;\" \/> <\/a> <div class=\"tiled-gallery-caption\" itemprop=\"caption description\"> Porto Santo Stefano <\/div> <\/div> <\/div> <!-- close group --> <div class=\"gallery-group images-1\" style=\"width: 585px; height: 392px;\" data-original-width=\"585\" data-original-height=\"392\" > <div class=\"tiled-gallery-item tiled-gallery-item-large\" itemprop=\"associatedMedia\" itemscope itemtype=\"http:\/\/schema.org\/ImageObject\"> <a href=\"https:\/\/www.light-style.eu\/Blog\/toskana-es-war-traumhaft\/toskana-2016-34\/#main\" border=\"0\" itemprop=\"url\"> <meta itemprop=\"width\" content=\"581\"> <meta itemprop=\"height\" content=\"388\"> <img decoding=\"async\" class=\"\" data-attachment-id=\"2335\" data-orig-file=\"https:\/\/www.light-style.eu\/Blog\/wp-content\/uploads\/2016\/08\/Toskana-2016-34.jpg\" data-orig-size=\"1000,667\" data-comments-opened=\"1\" data-image-meta=\"{&quot;aperture&quot;:&quot;0&quot;,&quot;credit&quot;:&quot;Andi M\\u00f6ller&quot;,&quot;camera&quot;:&quot;&quot;,&quot;caption&quot;:&quot;&quot;,&quot;created_timestamp&quot;:&quot;0&quot;,&quot;copyright&quot;:&quot;Studio Light-Style&quot;,&quot;focal_length&quot;:&quot;0&quot;,&quot;iso&quot;:&quot;0&quot;,&quot;shutter_speed&quot;:&quot;0&quot;,&quot;title&quot;:&quot;&quot;,&quot;orientation&quot;:&quot;0&quot;}\" data-image-title=\"Toskana 2016-34\" data-image-description=\"\" data-medium-file=\"https:\/\/i0.wp.com\/www.light-style.eu\/Blog\/wp-content\/uploads\/2016\/08\/Toskana-2016-34.jpg?fit=600%2C400&#038;ssl=1\" data-large-file=\"https:\/\/i0.wp.com\/www.light-style.eu\/Blog\/wp-content\/uploads\/2016\/08\/Toskana-2016-34.jpg?fit=1000%2C667&#038;ssl=1\" src=\"https:\/\/i0.wp.com\/www.light-style.eu\/Blog\/wp-content\/uploads\/2016\/08\/Toskana-2016-34.jpg?w=581&#038;h=388&#038;ssl=1\" srcset=\"https:\/\/i0.wp.com\/www.light-style.eu\/Blog\/wp-content\/uploads\/2016\/08\/Toskana-2016-34.jpg?w=1000&amp;ssl=1 1000w, https:\/\/i0.wp.com\/www.light-style.eu\/Blog\/wp-content\/uploads\/2016\/08\/Toskana-2016-34.jpg?resize=600%2C400&amp;ssl=1 600w, https:\/\/i0.wp.com\/www.light-style.eu\/Blog\/wp-content\/uploads\/2016\/08\/Toskana-2016-34.jpg?resize=768%2C512&amp;ssl=1 768w\" width=\"581\" height=\"388\" loading=\"lazy\" data-original-width=\"581\" data-original-height=\"388\" itemprop=\"http:\/\/schema.org\/image\" title=\"Toskana 2016-34\" alt=\"Porto Santo Stefano\" style=\"width: 581px; height: 388px;\" \/> <\/a> <div class=\"tiled-gallery-caption\" itemprop=\"caption description\"> Porto Santo Stefano <\/div> <\/div> <\/div> <!-- close group --> <\/div> <!-- close row --> <div class=\"gallery-row\" style=\"width: 1170px; height: 320px;\" data-original-width=\"1170\" data-original-height=\"320\" > <div class=\"gallery-group images-1\" style=\"width: 478px; height: 320px;\" data-original-width=\"478\" data-original-height=\"320\" > <div class=\"tiled-gallery-item tiled-gallery-item-large\" itemprop=\"associatedMedia\" itemscope itemtype=\"http:\/\/schema.org\/ImageObject\"> <a href=\"https:\/\/www.light-style.eu\/Blog\/toskana-es-war-traumhaft\/toskana-2016-33\/#main\" border=\"0\" itemprop=\"url\"> <meta itemprop=\"width\" content=\"474\"> <meta itemprop=\"height\" content=\"316\"> <img decoding=\"async\" class=\"\" data-attachment-id=\"2334\" data-orig-file=\"https:\/\/www.light-style.eu\/Blog\/wp-content\/uploads\/2016\/08\/Toskana-2016-33.jpg\" data-orig-size=\"1000,667\" data-comments-opened=\"1\" data-image-meta=\"{&quot;aperture&quot;:&quot;0&quot;,&quot;credit&quot;:&quot;Andi M\\u00f6ller&quot;,&quot;camera&quot;:&quot;&quot;,&quot;caption&quot;:&quot;&quot;,&quot;created_timestamp&quot;:&quot;0&quot;,&quot;copyright&quot;:&quot;Studio Light-Style&quot;,&quot;focal_length&quot;:&quot;0&quot;,&quot;iso&quot;:&quot;0&quot;,&quot;shutter_speed&quot;:&quot;0&quot;,&quot;title&quot;:&quot;&quot;,&quot;orientation&quot;:&quot;0&quot;}\" data-image-title=\"Toskana 2016-33\" data-image-description=\"\" data-medium-file=\"https:\/\/i0.wp.com\/www.light-style.eu\/Blog\/wp-content\/uploads\/2016\/08\/Toskana-2016-33.jpg?fit=600%2C400&#038;ssl=1\" data-large-file=\"https:\/\/i0.wp.com\/www.light-style.eu\/Blog\/wp-content\/uploads\/2016\/08\/Toskana-2016-33.jpg?fit=1000%2C667&#038;ssl=1\" src=\"https:\/\/i0.wp.com\/www.light-style.eu\/Blog\/wp-content\/uploads\/2016\/08\/Toskana-2016-33.jpg?w=474&#038;h=316&#038;ssl=1\" srcset=\"https:\/\/i0.wp.com\/www.light-style.eu\/Blog\/wp-content\/uploads\/2016\/08\/Toskana-2016-33.jpg?w=1000&amp;ssl=1 1000w, https:\/\/i0.wp.com\/www.light-style.eu\/Blog\/wp-content\/uploads\/2016\/08\/Toskana-2016-33.jpg?resize=600%2C400&amp;ssl=1 600w, https:\/\/i0.wp.com\/www.light-style.eu\/Blog\/wp-content\/uploads\/2016\/08\/Toskana-2016-33.jpg?resize=768%2C512&amp;ssl=1 768w\" width=\"474\" height=\"316\" loading=\"lazy\" data-original-width=\"474\" data-original-height=\"316\" itemprop=\"http:\/\/schema.org\/image\" title=\"Toskana 2016-33\" alt=\"Porto Santo Stefano\" style=\"width: 474px; height: 316px;\" \/> <\/a> <div class=\"tiled-gallery-caption\" itemprop=\"caption description\"> Porto Santo Stefano <\/div> <\/div> <\/div> <!-- close group --> <div class=\"gallery-group images-1\" style=\"width: 477px; height: 320px;\" data-original-width=\"477\" data-original-height=\"320\" > <div class=\"tiled-gallery-item tiled-gallery-item-large\" itemprop=\"associatedMedia\" itemscope itemtype=\"http:\/\/schema.org\/ImageObject\"> <a href=\"https:\/\/www.light-style.eu\/Blog\/toskana-es-war-traumhaft\/toskana-2016-32\/#main\" border=\"0\" itemprop=\"url\"> <meta itemprop=\"width\" content=\"473\"> <meta itemprop=\"height\" content=\"316\"> <img decoding=\"async\" class=\"\" data-attachment-id=\"2333\" data-orig-file=\"https:\/\/www.light-style.eu\/Blog\/wp-content\/uploads\/2016\/08\/Toskana-2016-32.jpg\" data-orig-size=\"1000,667\" data-comments-opened=\"1\" data-image-meta=\"{&quot;aperture&quot;:&quot;0&quot;,&quot;credit&quot;:&quot;Andi M\\u00f6ller&quot;,&quot;camera&quot;:&quot;&quot;,&quot;caption&quot;:&quot;&quot;,&quot;created_timestamp&quot;:&quot;0&quot;,&quot;copyright&quot;:&quot;Studio Light-Style&quot;,&quot;focal_length&quot;:&quot;0&quot;,&quot;iso&quot;:&quot;0&quot;,&quot;shutter_speed&quot;:&quot;0&quot;,&quot;title&quot;:&quot;&quot;,&quot;orientation&quot;:&quot;0&quot;}\" data-image-title=\"Toskana 2016-32\" data-image-description=\"\" data-medium-file=\"https:\/\/i0.wp.com\/www.light-style.eu\/Blog\/wp-content\/uploads\/2016\/08\/Toskana-2016-32.jpg?fit=600%2C400&#038;ssl=1\" data-large-file=\"https:\/\/i0.wp.com\/www.light-style.eu\/Blog\/wp-content\/uploads\/2016\/08\/Toskana-2016-32.jpg?fit=1000%2C667&#038;ssl=1\" src=\"https:\/\/i0.wp.com\/www.light-style.eu\/Blog\/wp-content\/uploads\/2016\/08\/Toskana-2016-32.jpg?w=473&#038;h=316&#038;ssl=1\" srcset=\"https:\/\/i0.wp.com\/www.light-style.eu\/Blog\/wp-content\/uploads\/2016\/08\/Toskana-2016-32.jpg?w=1000&amp;ssl=1 1000w, https:\/\/i0.wp.com\/www.light-style.eu\/Blog\/wp-content\/uploads\/2016\/08\/Toskana-2016-32.jpg?resize=600%2C400&amp;ssl=1 600w, https:\/\/i0.wp.com\/www.light-style.eu\/Blog\/wp-content\/uploads\/2016\/08\/Toskana-2016-32.jpg?resize=768%2C512&amp;ssl=1 768w\" width=\"473\" height=\"316\" loading=\"lazy\" data-original-width=\"473\" data-original-height=\"316\" itemprop=\"http:\/\/schema.org\/image\" title=\"Toskana 2016-32\" alt=\"Porto Santo Stefano\" style=\"width: 473px; height: 316px;\" \/> <\/a> <div class=\"tiled-gallery-caption\" itemprop=\"caption description\"> Porto Santo Stefano <\/div> <\/div> <\/div> <!-- close group --> <div class=\"gallery-group images-1\" style=\"width: 215px; height: 320px;\" data-original-width=\"215\" data-original-height=\"320\" > <div class=\"tiled-gallery-item tiled-gallery-item-small\" itemprop=\"associatedMedia\" itemscope itemtype=\"http:\/\/schema.org\/ImageObject\"> <a href=\"https:\/\/www.light-style.eu\/Blog\/toskana-es-war-traumhaft\/toskana-2016-31\/#main\" border=\"0\" itemprop=\"url\"> <meta itemprop=\"width\" content=\"211\"> <meta itemprop=\"height\" content=\"316\"> <img decoding=\"async\" class=\"\" data-attachment-id=\"2332\" data-orig-file=\"https:\/\/www.light-style.eu\/Blog\/wp-content\/uploads\/2016\/08\/Toskana-2016-31.jpg\" data-orig-size=\"667,1000\" data-comments-opened=\"1\" data-image-meta=\"{&quot;aperture&quot;:&quot;0&quot;,&quot;credit&quot;:&quot;Andi M\\u00f6ller&quot;,&quot;camera&quot;:&quot;&quot;,&quot;caption&quot;:&quot;&quot;,&quot;created_timestamp&quot;:&quot;0&quot;,&quot;copyright&quot;:&quot;Studio Light-Style&quot;,&quot;focal_length&quot;:&quot;0&quot;,&quot;iso&quot;:&quot;0&quot;,&quot;shutter_speed&quot;:&quot;0&quot;,&quot;title&quot;:&quot;&quot;,&quot;orientation&quot;:&quot;0&quot;}\" data-image-title=\"Toskana 2016-31\" data-image-description=\"\" data-medium-file=\"https:\/\/i0.wp.com\/www.light-style.eu\/Blog\/wp-content\/uploads\/2016\/08\/Toskana-2016-31.jpg?fit=400%2C600&#038;ssl=1\" data-large-file=\"https:\/\/i0.wp.com\/www.light-style.eu\/Blog\/wp-content\/uploads\/2016\/08\/Toskana-2016-31.jpg?fit=667%2C1000&#038;ssl=1\" src=\"https:\/\/i0.wp.com\/www.light-style.eu\/Blog\/wp-content\/uploads\/2016\/08\/Toskana-2016-31.jpg?w=211&#038;h=316&#038;ssl=1\" srcset=\"https:\/\/i0.wp.com\/www.light-style.eu\/Blog\/wp-content\/uploads\/2016\/08\/Toskana-2016-31.jpg?w=667&amp;ssl=1 667w, https:\/\/i0.wp.com\/www.light-style.eu\/Blog\/wp-content\/uploads\/2016\/08\/Toskana-2016-31.jpg?resize=400%2C600&amp;ssl=1 400w\" width=\"211\" height=\"316\" loading=\"lazy\" data-original-width=\"211\" data-original-height=\"316\" itemprop=\"http:\/\/schema.org\/image\" title=\"Toskana 2016-31\" alt=\"Pisa\" style=\"width: 211px; height: 316px;\" \/> <\/a> <div class=\"tiled-gallery-caption\" itemprop=\"caption description\"> Pisa <\/div> <\/div> <\/div> <!-- close group --> <\/div> <!-- close row --> <div class=\"gallery-row\" style=\"width: 1170px; height: 561px;\" data-original-width=\"1170\" data-original-height=\"561\" > <div class=\"gallery-group images-1\" style=\"width: 376px; height: 561px;\" data-original-width=\"376\" data-original-height=\"561\" > <div class=\"tiled-gallery-item tiled-gallery-item-large\" itemprop=\"associatedMedia\" itemscope itemtype=\"http:\/\/schema.org\/ImageObject\"> <a href=\"https:\/\/www.light-style.eu\/Blog\/toskana-es-war-traumhaft\/toskana-2016-30\/#main\" border=\"0\" itemprop=\"url\"> <meta itemprop=\"width\" content=\"372\"> <meta itemprop=\"height\" content=\"557\"> <img decoding=\"async\" class=\"\" data-attachment-id=\"2331\" data-orig-file=\"https:\/\/www.light-style.eu\/Blog\/wp-content\/uploads\/2016\/08\/Toskana-2016-30.jpg\" data-orig-size=\"667,1000\" data-comments-opened=\"1\" data-image-meta=\"{&quot;aperture&quot;:&quot;0&quot;,&quot;credit&quot;:&quot;Andi M\\u00f6ller&quot;,&quot;camera&quot;:&quot;&quot;,&quot;caption&quot;:&quot;&quot;,&quot;created_timestamp&quot;:&quot;0&quot;,&quot;copyright&quot;:&quot;Studio Light-Style&quot;,&quot;focal_length&quot;:&quot;0&quot;,&quot;iso&quot;:&quot;0&quot;,&quot;shutter_speed&quot;:&quot;0&quot;,&quot;title&quot;:&quot;&quot;,&quot;orientation&quot;:&quot;0&quot;}\" data-image-title=\"Toskana 2016-30\" data-image-description=\"\" data-medium-file=\"https:\/\/i0.wp.com\/www.light-style.eu\/Blog\/wp-content\/uploads\/2016\/08\/Toskana-2016-30.jpg?fit=400%2C600&#038;ssl=1\" data-large-file=\"https:\/\/i0.wp.com\/www.light-style.eu\/Blog\/wp-content\/uploads\/2016\/08\/Toskana-2016-30.jpg?fit=667%2C1000&#038;ssl=1\" src=\"https:\/\/i0.wp.com\/www.light-style.eu\/Blog\/wp-content\/uploads\/2016\/08\/Toskana-2016-30.jpg?w=372&#038;h=557&#038;ssl=1\" srcset=\"https:\/\/i0.wp.com\/www.light-style.eu\/Blog\/wp-content\/uploads\/2016\/08\/Toskana-2016-30.jpg?w=667&amp;ssl=1 667w, https:\/\/i0.wp.com\/www.light-style.eu\/Blog\/wp-content\/uploads\/2016\/08\/Toskana-2016-30.jpg?resize=400%2C600&amp;ssl=1 400w\" width=\"372\" height=\"557\" loading=\"lazy\" data-original-width=\"372\" data-original-height=\"557\" itemprop=\"http:\/\/schema.org\/image\" title=\"Toskana 2016-30\" alt=\"Pisa\" style=\"width: 372px; height: 557px;\" \/> <\/a> <div class=\"tiled-gallery-caption\" itemprop=\"caption description\"> Pisa <\/div> <\/div> <\/div> <!-- close group --> <div class=\"gallery-group images-2\" style=\"width: 419px; height: 561px;\" data-original-width=\"419\" data-original-height=\"561\" > <div class=\"tiled-gallery-item tiled-gallery-item-large\" itemprop=\"associatedMedia\" itemscope itemtype=\"http:\/\/schema.org\/ImageObject\"> <a href=\"https:\/\/www.light-style.eu\/Blog\/toskana-es-war-traumhaft\/toskana-2016-29\/#main\" border=\"0\" itemprop=\"url\"> <meta itemprop=\"width\" content=\"415\"> <meta itemprop=\"height\" content=\"277\"> <img decoding=\"async\" class=\"\" data-attachment-id=\"2330\" data-orig-file=\"https:\/\/www.light-style.eu\/Blog\/wp-content\/uploads\/2016\/08\/Toskana-2016-29.jpg\" data-orig-size=\"1000,667\" data-comments-opened=\"1\" data-image-meta=\"{&quot;aperture&quot;:&quot;0&quot;,&quot;credit&quot;:&quot;Andi M\\u00f6ller&quot;,&quot;camera&quot;:&quot;&quot;,&quot;caption&quot;:&quot;&quot;,&quot;created_timestamp&quot;:&quot;0&quot;,&quot;copyright&quot;:&quot;Studio Light-Style&quot;,&quot;focal_length&quot;:&quot;0&quot;,&quot;iso&quot;:&quot;0&quot;,&quot;shutter_speed&quot;:&quot;0&quot;,&quot;title&quot;:&quot;&quot;,&quot;orientation&quot;:&quot;0&quot;}\" data-image-title=\"Toskana 2016-29\" data-image-description=\"\" data-medium-file=\"https:\/\/i0.wp.com\/www.light-style.eu\/Blog\/wp-content\/uploads\/2016\/08\/Toskana-2016-29.jpg?fit=600%2C400&#038;ssl=1\" data-large-file=\"https:\/\/i0.wp.com\/www.light-style.eu\/Blog\/wp-content\/uploads\/2016\/08\/Toskana-2016-29.jpg?fit=1000%2C667&#038;ssl=1\" src=\"https:\/\/i0.wp.com\/www.light-style.eu\/Blog\/wp-content\/uploads\/2016\/08\/Toskana-2016-29.jpg?w=415&#038;h=277&#038;ssl=1\" srcset=\"https:\/\/i0.wp.com\/www.light-style.eu\/Blog\/wp-content\/uploads\/2016\/08\/Toskana-2016-29.jpg?w=1000&amp;ssl=1 1000w, https:\/\/i0.wp.com\/www.light-style.eu\/Blog\/wp-content\/uploads\/2016\/08\/Toskana-2016-29.jpg?resize=600%2C400&amp;ssl=1 600w, https:\/\/i0.wp.com\/www.light-style.eu\/Blog\/wp-content\/uploads\/2016\/08\/Toskana-2016-29.jpg?resize=768%2C512&amp;ssl=1 768w\" width=\"415\" height=\"277\" loading=\"lazy\" data-original-width=\"415\" data-original-height=\"277\" itemprop=\"http:\/\/schema.org\/image\" title=\"Toskana 2016-29\" alt=\"Pisa\" style=\"width: 415px; height: 277px;\" \/> <\/a> <div class=\"tiled-gallery-caption\" itemprop=\"caption description\"> Pisa <\/div> <\/div> <div class=\"tiled-gallery-item tiled-gallery-item-large\" itemprop=\"associatedMedia\" itemscope itemtype=\"http:\/\/schema.org\/ImageObject\"> <a href=\"https:\/\/www.light-style.eu\/Blog\/toskana-es-war-traumhaft\/toskana-2016-28\/#main\" border=\"0\" itemprop=\"url\"> <meta itemprop=\"width\" content=\"415\"> <meta itemprop=\"height\" content=\"276\"> <img decoding=\"async\" class=\"\" data-attachment-id=\"2329\" data-orig-file=\"https:\/\/www.light-style.eu\/Blog\/wp-content\/uploads\/2016\/08\/Toskana-2016-28.jpg\" data-orig-size=\"1000,667\" data-comments-opened=\"1\" data-image-meta=\"{&quot;aperture&quot;:&quot;0&quot;,&quot;credit&quot;:&quot;Andi M\\u00f6ller&quot;,&quot;camera&quot;:&quot;&quot;,&quot;caption&quot;:&quot;&quot;,&quot;created_timestamp&quot;:&quot;0&quot;,&quot;copyright&quot;:&quot;Studio Light-Style&quot;,&quot;focal_length&quot;:&quot;0&quot;,&quot;iso&quot;:&quot;0&quot;,&quot;shutter_speed&quot;:&quot;0&quot;,&quot;title&quot;:&quot;&quot;,&quot;orientation&quot;:&quot;0&quot;}\" data-image-title=\"Toskana 2016-28\" data-image-description=\"\" data-medium-file=\"https:\/\/i0.wp.com\/www.light-style.eu\/Blog\/wp-content\/uploads\/2016\/08\/Toskana-2016-28.jpg?fit=600%2C400&#038;ssl=1\" data-large-file=\"https:\/\/i0.wp.com\/www.light-style.eu\/Blog\/wp-content\/uploads\/2016\/08\/Toskana-2016-28.jpg?fit=1000%2C667&#038;ssl=1\" src=\"https:\/\/i0.wp.com\/www.light-style.eu\/Blog\/wp-content\/uploads\/2016\/08\/Toskana-2016-28.jpg?w=415&#038;h=276&#038;ssl=1\" srcset=\"https:\/\/i0.wp.com\/www.light-style.eu\/Blog\/wp-content\/uploads\/2016\/08\/Toskana-2016-28.jpg?w=1000&amp;ssl=1 1000w, https:\/\/i0.wp.com\/www.light-style.eu\/Blog\/wp-content\/uploads\/2016\/08\/Toskana-2016-28.jpg?resize=600%2C400&amp;ssl=1 600w, https:\/\/i0.wp.com\/www.light-style.eu\/Blog\/wp-content\/uploads\/2016\/08\/Toskana-2016-28.jpg?resize=768%2C512&amp;ssl=1 768w\" width=\"415\" height=\"276\" loading=\"lazy\" data-original-width=\"415\" data-original-height=\"276\" itemprop=\"http:\/\/schema.org\/image\" title=\"Toskana 2016-28\" alt=\"Pisa\" style=\"width: 415px; height: 276px;\" \/> <\/a> <div class=\"tiled-gallery-caption\" itemprop=\"caption description\"> Pisa <\/div> <\/div> <\/div> <!-- close group --> <div class=\"gallery-group images-1\" style=\"width: 375px; height: 561px;\" data-original-width=\"375\" data-original-height=\"561\" > <div class=\"tiled-gallery-item tiled-gallery-item-large\" itemprop=\"associatedMedia\" itemscope itemtype=\"http:\/\/schema.org\/ImageObject\"> <a href=\"https:\/\/www.light-style.eu\/Blog\/toskana-es-war-traumhaft\/toskana-2016-27\/#main\" border=\"0\" itemprop=\"url\"> <meta itemprop=\"width\" content=\"371\"> <meta itemprop=\"height\" content=\"557\"> <img decoding=\"async\" class=\"\" data-attachment-id=\"2328\" data-orig-file=\"https:\/\/www.light-style.eu\/Blog\/wp-content\/uploads\/2016\/08\/Toskana-2016-27.jpg\" data-orig-size=\"667,1000\" data-comments-opened=\"1\" data-image-meta=\"{&quot;aperture&quot;:&quot;0&quot;,&quot;credit&quot;:&quot;Andi M\\u00f6ller&quot;,&quot;camera&quot;:&quot;&quot;,&quot;caption&quot;:&quot;&quot;,&quot;created_timestamp&quot;:&quot;0&quot;,&quot;copyright&quot;:&quot;Studio Light-Style&quot;,&quot;focal_length&quot;:&quot;0&quot;,&quot;iso&quot;:&quot;0&quot;,&quot;shutter_speed&quot;:&quot;0&quot;,&quot;title&quot;:&quot;&quot;,&quot;orientation&quot;:&quot;0&quot;}\" data-image-title=\"Toskana 2016-27\" data-image-description=\"\" data-medium-file=\"https:\/\/i0.wp.com\/www.light-style.eu\/Blog\/wp-content\/uploads\/2016\/08\/Toskana-2016-27.jpg?fit=400%2C600&#038;ssl=1\" data-large-file=\"https:\/\/i0.wp.com\/www.light-style.eu\/Blog\/wp-content\/uploads\/2016\/08\/Toskana-2016-27.jpg?fit=667%2C1000&#038;ssl=1\" src=\"https:\/\/i0.wp.com\/www.light-style.eu\/Blog\/wp-content\/uploads\/2016\/08\/Toskana-2016-27.jpg?w=371&#038;h=557&#038;ssl=1\" srcset=\"https:\/\/i0.wp.com\/www.light-style.eu\/Blog\/wp-content\/uploads\/2016\/08\/Toskana-2016-27.jpg?w=667&amp;ssl=1 667w, https:\/\/i0.wp.com\/www.light-style.eu\/Blog\/wp-content\/uploads\/2016\/08\/Toskana-2016-27.jpg?resize=400%2C600&amp;ssl=1 400w\" width=\"371\" height=\"557\" loading=\"lazy\" data-original-width=\"371\" data-original-height=\"557\" itemprop=\"http:\/\/schema.org\/image\" title=\"Toskana 2016-27\" alt=\"Pisa\" style=\"width: 371px; height: 557px;\" \/> <\/a> <div class=\"tiled-gallery-caption\" itemprop=\"caption description\"> Pisa <\/div> <\/div> <\/div> <!-- close group --> <\/div> <!-- close row --> <div class=\"gallery-row\" style=\"width: 1170px; height: 234px;\" data-original-width=\"1170\" data-original-height=\"234\" > <div class=\"gallery-group images-1\" style=\"width: 349px; height: 234px;\" data-original-width=\"349\" data-original-height=\"234\" > <div class=\"tiled-gallery-item tiled-gallery-item-large\" itemprop=\"associatedMedia\" itemscope itemtype=\"http:\/\/schema.org\/ImageObject\"> <a href=\"https:\/\/www.light-style.eu\/Blog\/toskana-es-war-traumhaft\/toskana-2016-26\/#main\" border=\"0\" itemprop=\"url\"> <meta itemprop=\"width\" content=\"345\"> <meta itemprop=\"height\" content=\"230\"> <img decoding=\"async\" class=\"\" data-attachment-id=\"2327\" data-orig-file=\"https:\/\/www.light-style.eu\/Blog\/wp-content\/uploads\/2016\/08\/Toskana-2016-26.jpg\" data-orig-size=\"1000,667\" data-comments-opened=\"1\" data-image-meta=\"{&quot;aperture&quot;:&quot;0&quot;,&quot;credit&quot;:&quot;Andi M\\u00f6ller&quot;,&quot;camera&quot;:&quot;&quot;,&quot;caption&quot;:&quot;&quot;,&quot;created_timestamp&quot;:&quot;0&quot;,&quot;copyright&quot;:&quot;Studio Light-Style&quot;,&quot;focal_length&quot;:&quot;0&quot;,&quot;iso&quot;:&quot;0&quot;,&quot;shutter_speed&quot;:&quot;0&quot;,&quot;title&quot;:&quot;&quot;,&quot;orientation&quot;:&quot;0&quot;}\" data-image-title=\"Toskana 2016-26\" data-image-description=\"\" data-medium-file=\"https:\/\/i0.wp.com\/www.light-style.eu\/Blog\/wp-content\/uploads\/2016\/08\/Toskana-2016-26.jpg?fit=600%2C400&#038;ssl=1\" data-large-file=\"https:\/\/i0.wp.com\/www.light-style.eu\/Blog\/wp-content\/uploads\/2016\/08\/Toskana-2016-26.jpg?fit=1000%2C667&#038;ssl=1\" src=\"https:\/\/i0.wp.com\/www.light-style.eu\/Blog\/wp-content\/uploads\/2016\/08\/Toskana-2016-26.jpg?w=345&#038;h=230&#038;ssl=1\" srcset=\"https:\/\/i0.wp.com\/www.light-style.eu\/Blog\/wp-content\/uploads\/2016\/08\/Toskana-2016-26.jpg?w=1000&amp;ssl=1 1000w, https:\/\/i0.wp.com\/www.light-style.eu\/Blog\/wp-content\/uploads\/2016\/08\/Toskana-2016-26.jpg?resize=600%2C400&amp;ssl=1 600w, https:\/\/i0.wp.com\/www.light-style.eu\/Blog\/wp-content\/uploads\/2016\/08\/Toskana-2016-26.jpg?resize=768%2C512&amp;ssl=1 768w\" width=\"345\" height=\"230\" loading=\"lazy\" data-original-width=\"345\" data-original-height=\"230\" itemprop=\"http:\/\/schema.org\/image\" title=\"Toskana 2016-26\" alt=\"Pisa\" style=\"width: 345px; height: 230px;\" \/> <\/a> <div class=\"tiled-gallery-caption\" itemprop=\"caption description\"> Pisa <\/div> <\/div> <\/div> <!-- close group --> <div class=\"gallery-group images-1\" style=\"width: 158px; height: 234px;\" data-original-width=\"158\" data-original-height=\"234\" > <div class=\"tiled-gallery-item tiled-gallery-item-small\" itemprop=\"associatedMedia\" itemscope itemtype=\"http:\/\/schema.org\/ImageObject\"> <a href=\"https:\/\/www.light-style.eu\/Blog\/toskana-es-war-traumhaft\/toskana-2016-25\/#main\" border=\"0\" itemprop=\"url\"> <meta itemprop=\"width\" content=\"154\"> <meta itemprop=\"height\" content=\"230\"> <img decoding=\"async\" class=\"\" data-attachment-id=\"2326\" data-orig-file=\"https:\/\/www.light-style.eu\/Blog\/wp-content\/uploads\/2016\/08\/Toskana-2016-25.jpg\" data-orig-size=\"667,1000\" data-comments-opened=\"1\" data-image-meta=\"{&quot;aperture&quot;:&quot;0&quot;,&quot;credit&quot;:&quot;Andi M\\u00f6ller&quot;,&quot;camera&quot;:&quot;&quot;,&quot;caption&quot;:&quot;&quot;,&quot;created_timestamp&quot;:&quot;0&quot;,&quot;copyright&quot;:&quot;Studio Light-Style&quot;,&quot;focal_length&quot;:&quot;0&quot;,&quot;iso&quot;:&quot;0&quot;,&quot;shutter_speed&quot;:&quot;0&quot;,&quot;title&quot;:&quot;&quot;,&quot;orientation&quot;:&quot;0&quot;}\" data-image-title=\"Toskana 2016-25\" data-image-description=\"\" data-medium-file=\"https:\/\/i0.wp.com\/www.light-style.eu\/Blog\/wp-content\/uploads\/2016\/08\/Toskana-2016-25.jpg?fit=400%2C600&#038;ssl=1\" data-large-file=\"https:\/\/i0.wp.com\/www.light-style.eu\/Blog\/wp-content\/uploads\/2016\/08\/Toskana-2016-25.jpg?fit=667%2C1000&#038;ssl=1\" src=\"https:\/\/i0.wp.com\/www.light-style.eu\/Blog\/wp-content\/uploads\/2016\/08\/Toskana-2016-25.jpg?w=154&#038;h=230&#038;ssl=1\" srcset=\"https:\/\/i0.wp.com\/www.light-style.eu\/Blog\/wp-content\/uploads\/2016\/08\/Toskana-2016-25.jpg?w=667&amp;ssl=1 667w, https:\/\/i0.wp.com\/www.light-style.eu\/Blog\/wp-content\/uploads\/2016\/08\/Toskana-2016-25.jpg?resize=400%2C600&amp;ssl=1 400w\" width=\"154\" height=\"230\" loading=\"lazy\" data-original-width=\"154\" data-original-height=\"230\" itemprop=\"http:\/\/schema.org\/image\" title=\"Toskana 2016-25\" alt=\"Pisa\" style=\"width: 154px; height: 230px;\" \/> <\/a> <div class=\"tiled-gallery-caption\" itemprop=\"caption description\"> Pisa <\/div> <\/div> <\/div> <!-- close group --> <div class=\"gallery-group images-1\" style=\"width: 157px; height: 234px;\" data-original-width=\"157\" data-original-height=\"234\" > <div class=\"tiled-gallery-item tiled-gallery-item-small\" itemprop=\"associatedMedia\" itemscope itemtype=\"http:\/\/schema.org\/ImageObject\"> <a href=\"https:\/\/www.light-style.eu\/Blog\/toskana-es-war-traumhaft\/toskana-2016-24\/#main\" border=\"0\" itemprop=\"url\"> <meta itemprop=\"width\" content=\"153\"> <meta itemprop=\"height\" content=\"230\"> <img decoding=\"async\" class=\"\" data-attachment-id=\"2325\" data-orig-file=\"https:\/\/www.light-style.eu\/Blog\/wp-content\/uploads\/2016\/08\/Toskana-2016-24.jpg\" data-orig-size=\"667,1000\" data-comments-opened=\"1\" data-image-meta=\"{&quot;aperture&quot;:&quot;0&quot;,&quot;credit&quot;:&quot;Andi M\\u00f6ller&quot;,&quot;camera&quot;:&quot;&quot;,&quot;caption&quot;:&quot;&quot;,&quot;created_timestamp&quot;:&quot;0&quot;,&quot;copyright&quot;:&quot;Studio Light-Style&quot;,&quot;focal_length&quot;:&quot;0&quot;,&quot;iso&quot;:&quot;0&quot;,&quot;shutter_speed&quot;:&quot;0&quot;,&quot;title&quot;:&quot;&quot;,&quot;orientation&quot;:&quot;0&quot;}\" data-image-title=\"Toskana 2016-24\" data-image-description=\"\" data-medium-file=\"https:\/\/i0.wp.com\/www.light-style.eu\/Blog\/wp-content\/uploads\/2016\/08\/Toskana-2016-24.jpg?fit=400%2C600&#038;ssl=1\" data-large-file=\"https:\/\/i0.wp.com\/www.light-style.eu\/Blog\/wp-content\/uploads\/2016\/08\/Toskana-2016-24.jpg?fit=667%2C1000&#038;ssl=1\" src=\"https:\/\/i0.wp.com\/www.light-style.eu\/Blog\/wp-content\/uploads\/2016\/08\/Toskana-2016-24.jpg?w=153&#038;h=230&#038;ssl=1\" srcset=\"https:\/\/i0.wp.com\/www.light-style.eu\/Blog\/wp-content\/uploads\/2016\/08\/Toskana-2016-24.jpg?w=667&amp;ssl=1 667w, https:\/\/i0.wp.com\/www.light-style.eu\/Blog\/wp-content\/uploads\/2016\/08\/Toskana-2016-24.jpg?resize=400%2C600&amp;ssl=1 400w\" width=\"153\" height=\"230\" loading=\"lazy\" data-original-width=\"153\" data-original-height=\"230\" itemprop=\"http:\/\/schema.org\/image\" title=\"Toskana 2016-24\" alt=\"Pisa\" style=\"width: 153px; height: 230px;\" \/> <\/a> <div class=\"tiled-gallery-caption\" itemprop=\"caption description\"> Pisa <\/div> <\/div> <\/div> <!-- close group --> <div class=\"gallery-group images-1\" style=\"width: 157px; height: 234px;\" data-original-width=\"157\" data-original-height=\"234\" > <div class=\"tiled-gallery-item tiled-gallery-item-small\" itemprop=\"associatedMedia\" itemscope itemtype=\"http:\/\/schema.org\/ImageObject\"> <a href=\"https:\/\/www.light-style.eu\/Blog\/toskana-es-war-traumhaft\/toskana-2016-23\/#main\" border=\"0\" itemprop=\"url\"> <meta itemprop=\"width\" content=\"153\"> <meta itemprop=\"height\" content=\"230\"> <img decoding=\"async\" class=\"\" data-attachment-id=\"2324\" data-orig-file=\"https:\/\/www.light-style.eu\/Blog\/wp-content\/uploads\/2016\/08\/Toskana-2016-23.jpg\" data-orig-size=\"667,1000\" data-comments-opened=\"1\" data-image-meta=\"{&quot;aperture&quot;:&quot;0&quot;,&quot;credit&quot;:&quot;Andi M\\u00f6ller&quot;,&quot;camera&quot;:&quot;&quot;,&quot;caption&quot;:&quot;&quot;,&quot;created_timestamp&quot;:&quot;0&quot;,&quot;copyright&quot;:&quot;Studio Light-Style&quot;,&quot;focal_length&quot;:&quot;0&quot;,&quot;iso&quot;:&quot;0&quot;,&quot;shutter_speed&quot;:&quot;0&quot;,&quot;title&quot;:&quot;&quot;,&quot;orientation&quot;:&quot;0&quot;}\" data-image-title=\"Toskana 2016-23\" data-image-description=\"\" data-medium-file=\"https:\/\/i0.wp.com\/www.light-style.eu\/Blog\/wp-content\/uploads\/2016\/08\/Toskana-2016-23.jpg?fit=400%2C600&#038;ssl=1\" data-large-file=\"https:\/\/i0.wp.com\/www.light-style.eu\/Blog\/wp-content\/uploads\/2016\/08\/Toskana-2016-23.jpg?fit=667%2C1000&#038;ssl=1\" src=\"https:\/\/i0.wp.com\/www.light-style.eu\/Blog\/wp-content\/uploads\/2016\/08\/Toskana-2016-23.jpg?w=153&#038;h=230&#038;ssl=1\" srcset=\"https:\/\/i0.wp.com\/www.light-style.eu\/Blog\/wp-content\/uploads\/2016\/08\/Toskana-2016-23.jpg?w=667&amp;ssl=1 667w, https:\/\/i0.wp.com\/www.light-style.eu\/Blog\/wp-content\/uploads\/2016\/08\/Toskana-2016-23.jpg?resize=400%2C600&amp;ssl=1 400w\" width=\"153\" height=\"230\" loading=\"lazy\" data-original-width=\"153\" data-original-height=\"230\" itemprop=\"http:\/\/schema.org\/image\" title=\"Toskana 2016-23\" alt=\"Pisa\" style=\"width: 153px; height: 230px;\" \/> <\/a> <div class=\"tiled-gallery-caption\" itemprop=\"caption description\"> Pisa <\/div> <\/div> <\/div> <!-- close group --> <div class=\"gallery-group images-1\" style=\"width: 349px; height: 234px;\" data-original-width=\"349\" data-original-height=\"234\" > <div class=\"tiled-gallery-item tiled-gallery-item-large\" itemprop=\"associatedMedia\" itemscope itemtype=\"http:\/\/schema.org\/ImageObject\"> <a href=\"https:\/\/www.light-style.eu\/Blog\/toskana-es-war-traumhaft\/toskana-2016-22\/#main\" border=\"0\" itemprop=\"url\"> <meta itemprop=\"width\" content=\"345\"> <meta itemprop=\"height\" content=\"230\"> <img decoding=\"async\" class=\"\" data-attachment-id=\"2323\" data-orig-file=\"https:\/\/www.light-style.eu\/Blog\/wp-content\/uploads\/2016\/08\/Toskana-2016-22.jpg\" data-orig-size=\"1000,667\" data-comments-opened=\"1\" data-image-meta=\"{&quot;aperture&quot;:&quot;0&quot;,&quot;credit&quot;:&quot;Andi M\\u00f6ller&quot;,&quot;camera&quot;:&quot;&quot;,&quot;caption&quot;:&quot;&quot;,&quot;created_timestamp&quot;:&quot;0&quot;,&quot;copyright&quot;:&quot;Studio Light-Style&quot;,&quot;focal_length&quot;:&quot;0&quot;,&quot;iso&quot;:&quot;0&quot;,&quot;shutter_speed&quot;:&quot;0&quot;,&quot;title&quot;:&quot;&quot;,&quot;orientation&quot;:&quot;0&quot;}\" data-image-title=\"Toskana 2016-22\" data-image-description=\"\" data-medium-file=\"https:\/\/i0.wp.com\/www.light-style.eu\/Blog\/wp-content\/uploads\/2016\/08\/Toskana-2016-22.jpg?fit=600%2C400&#038;ssl=1\" data-large-file=\"https:\/\/i0.wp.com\/www.light-style.eu\/Blog\/wp-content\/uploads\/2016\/08\/Toskana-2016-22.jpg?fit=1000%2C667&#038;ssl=1\" src=\"https:\/\/i0.wp.com\/www.light-style.eu\/Blog\/wp-content\/uploads\/2016\/08\/Toskana-2016-22.jpg?w=345&#038;h=230&#038;ssl=1\" srcset=\"https:\/\/i0.wp.com\/www.light-style.eu\/Blog\/wp-content\/uploads\/2016\/08\/Toskana-2016-22.jpg?w=1000&amp;ssl=1 1000w, https:\/\/i0.wp.com\/www.light-style.eu\/Blog\/wp-content\/uploads\/2016\/08\/Toskana-2016-22.jpg?resize=600%2C400&amp;ssl=1 600w, https:\/\/i0.wp.com\/www.light-style.eu\/Blog\/wp-content\/uploads\/2016\/08\/Toskana-2016-22.jpg?resize=768%2C512&amp;ssl=1 768w\" width=\"345\" height=\"230\" loading=\"lazy\" data-original-width=\"345\" data-original-height=\"230\" itemprop=\"http:\/\/schema.org\/image\" title=\"Toskana 2016-22\" alt=\"Pisa\" style=\"width: 345px; height: 230px;\" \/> <\/a> <div class=\"tiled-gallery-caption\" itemprop=\"caption description\"> Pisa <\/div> <\/div> <\/div> <!-- close group --> <\/div> <!-- close row --> <div class=\"gallery-row\" style=\"width: 1170px; height: 522px;\" data-original-width=\"1170\" data-original-height=\"522\" > <div class=\"gallery-group images-1\" style=\"width: 781px; height: 522px;\" data-original-width=\"781\" data-original-height=\"522\" > <div class=\"tiled-gallery-item tiled-gallery-item-large\" itemprop=\"associatedMedia\" itemscope itemtype=\"http:\/\/schema.org\/ImageObject\"> <a href=\"https:\/\/www.light-style.eu\/Blog\/toskana-es-war-traumhaft\/toskana-2016-21\/#main\" border=\"0\" itemprop=\"url\"> <meta itemprop=\"width\" content=\"777\"> <meta itemprop=\"height\" content=\"518\"> <img decoding=\"async\" class=\"\" data-attachment-id=\"2322\" data-orig-file=\"https:\/\/www.light-style.eu\/Blog\/wp-content\/uploads\/2016\/08\/Toskana-2016-21.jpg\" data-orig-size=\"1000,667\" data-comments-opened=\"1\" data-image-meta=\"{&quot;aperture&quot;:&quot;0&quot;,&quot;credit&quot;:&quot;Andi M\\u00f6ller&quot;,&quot;camera&quot;:&quot;&quot;,&quot;caption&quot;:&quot;&quot;,&quot;created_timestamp&quot;:&quot;0&quot;,&quot;copyright&quot;:&quot;Studio Light-Style&quot;,&quot;focal_length&quot;:&quot;0&quot;,&quot;iso&quot;:&quot;0&quot;,&quot;shutter_speed&quot;:&quot;0&quot;,&quot;title&quot;:&quot;&quot;,&quot;orientation&quot;:&quot;0&quot;}\" data-image-title=\"Toskana 2016-21\" data-image-description=\"\" data-medium-file=\"https:\/\/i0.wp.com\/www.light-style.eu\/Blog\/wp-content\/uploads\/2016\/08\/Toskana-2016-21.jpg?fit=600%2C400&#038;ssl=1\" data-large-file=\"https:\/\/i0.wp.com\/www.light-style.eu\/Blog\/wp-content\/uploads\/2016\/08\/Toskana-2016-21.jpg?fit=1000%2C667&#038;ssl=1\" src=\"https:\/\/i0.wp.com\/www.light-style.eu\/Blog\/wp-content\/uploads\/2016\/08\/Toskana-2016-21.jpg?w=777&#038;h=518&#038;ssl=1\" srcset=\"https:\/\/i0.wp.com\/www.light-style.eu\/Blog\/wp-content\/uploads\/2016\/08\/Toskana-2016-21.jpg?w=1000&amp;ssl=1 1000w, https:\/\/i0.wp.com\/www.light-style.eu\/Blog\/wp-content\/uploads\/2016\/08\/Toskana-2016-21.jpg?resize=600%2C400&amp;ssl=1 600w, https:\/\/i0.wp.com\/www.light-style.eu\/Blog\/wp-content\/uploads\/2016\/08\/Toskana-2016-21.jpg?resize=768%2C512&amp;ssl=1 768w\" width=\"777\" height=\"518\" loading=\"lazy\" data-original-width=\"777\" data-original-height=\"518\" itemprop=\"http:\/\/schema.org\/image\" title=\"Toskana 2016-21\" alt=\"Pisa\" style=\"width: 777px; height: 518px;\" \/> <\/a> <div class=\"tiled-gallery-caption\" itemprop=\"caption description\"> Pisa <\/div> <\/div> <\/div> <!-- close group --> <div class=\"gallery-group images-2\" style=\"width: 389px; height: 522px;\" data-original-width=\"389\" data-original-height=\"522\" > <div class=\"tiled-gallery-item tiled-gallery-item-large\" itemprop=\"associatedMedia\" itemscope itemtype=\"http:\/\/schema.org\/ImageObject\"> <a href=\"https:\/\/www.light-style.eu\/Blog\/toskana-es-war-traumhaft\/toskana-2016-20\/#main\" border=\"0\" itemprop=\"url\"> <meta itemprop=\"width\" content=\"385\"> <meta itemprop=\"height\" content=\"257\"> <img decoding=\"async\" class=\"\" data-attachment-id=\"2321\" data-orig-file=\"https:\/\/www.light-style.eu\/Blog\/wp-content\/uploads\/2016\/08\/Toskana-2016-20.jpg\" data-orig-size=\"1000,667\" data-comments-opened=\"1\" data-image-meta=\"{&quot;aperture&quot;:&quot;0&quot;,&quot;credit&quot;:&quot;Andi M\\u00f6ller&quot;,&quot;camera&quot;:&quot;&quot;,&quot;caption&quot;:&quot;&quot;,&quot;created_timestamp&quot;:&quot;0&quot;,&quot;copyright&quot;:&quot;Studio Light-Style&quot;,&quot;focal_length&quot;:&quot;0&quot;,&quot;iso&quot;:&quot;0&quot;,&quot;shutter_speed&quot;:&quot;0&quot;,&quot;title&quot;:&quot;&quot;,&quot;orientation&quot;:&quot;0&quot;}\" data-image-title=\"Toskana 2016-20\" data-image-description=\"\" data-medium-file=\"https:\/\/i0.wp.com\/www.light-style.eu\/Blog\/wp-content\/uploads\/2016\/08\/Toskana-2016-20.jpg?fit=600%2C400&#038;ssl=1\" data-large-file=\"https:\/\/i0.wp.com\/www.light-style.eu\/Blog\/wp-content\/uploads\/2016\/08\/Toskana-2016-20.jpg?fit=1000%2C667&#038;ssl=1\" src=\"https:\/\/i0.wp.com\/www.light-style.eu\/Blog\/wp-content\/uploads\/2016\/08\/Toskana-2016-20.jpg?w=385&#038;h=257&#038;ssl=1\" srcset=\"https:\/\/i0.wp.com\/www.light-style.eu\/Blog\/wp-content\/uploads\/2016\/08\/Toskana-2016-20.jpg?w=1000&amp;ssl=1 1000w, https:\/\/i0.wp.com\/www.light-style.eu\/Blog\/wp-content\/uploads\/2016\/08\/Toskana-2016-20.jpg?resize=600%2C400&amp;ssl=1 600w, https:\/\/i0.wp.com\/www.light-style.eu\/Blog\/wp-content\/uploads\/2016\/08\/Toskana-2016-20.jpg?resize=768%2C512&amp;ssl=1 768w\" width=\"385\" height=\"257\" loading=\"lazy\" data-original-width=\"385\" data-original-height=\"257\" itemprop=\"http:\/\/schema.org\/image\" title=\"Toskana 2016-20\" alt=\"Pisa\" style=\"width: 385px; height: 257px;\" \/> <\/a> <div class=\"tiled-gallery-caption\" itemprop=\"caption description\"> Pisa <\/div> <\/div> <div class=\"tiled-gallery-item tiled-gallery-item-large\" itemprop=\"associatedMedia\" itemscope itemtype=\"http:\/\/schema.org\/ImageObject\"> <a href=\"https:\/\/www.light-style.eu\/Blog\/toskana-es-war-traumhaft\/toskana-2016-19\/#main\" border=\"0\" itemprop=\"url\"> <meta itemprop=\"width\" content=\"385\"> <meta itemprop=\"height\" content=\"257\"> <img decoding=\"async\" class=\"\" data-attachment-id=\"2320\" data-orig-file=\"https:\/\/www.light-style.eu\/Blog\/wp-content\/uploads\/2016\/08\/Toskana-2016-19.jpg\" data-orig-size=\"1000,667\" data-comments-opened=\"1\" data-image-meta=\"{&quot;aperture&quot;:&quot;0&quot;,&quot;credit&quot;:&quot;Andi M\\u00f6ller&quot;,&quot;camera&quot;:&quot;&quot;,&quot;caption&quot;:&quot;&quot;,&quot;created_timestamp&quot;:&quot;0&quot;,&quot;copyright&quot;:&quot;Studio Light-Style&quot;,&quot;focal_length&quot;:&quot;0&quot;,&quot;iso&quot;:&quot;0&quot;,&quot;shutter_speed&quot;:&quot;0&quot;,&quot;title&quot;:&quot;&quot;,&quot;orientation&quot;:&quot;0&quot;}\" data-image-title=\"Toskana 2016-19\" data-image-description=\"\" data-medium-file=\"https:\/\/i0.wp.com\/www.light-style.eu\/Blog\/wp-content\/uploads\/2016\/08\/Toskana-2016-19.jpg?fit=600%2C400&#038;ssl=1\" data-large-file=\"https:\/\/i0.wp.com\/www.light-style.eu\/Blog\/wp-content\/uploads\/2016\/08\/Toskana-2016-19.jpg?fit=1000%2C667&#038;ssl=1\" src=\"https:\/\/i0.wp.com\/www.light-style.eu\/Blog\/wp-content\/uploads\/2016\/08\/Toskana-2016-19.jpg?w=385&#038;h=257&#038;ssl=1\" srcset=\"https:\/\/i0.wp.com\/www.light-style.eu\/Blog\/wp-content\/uploads\/2016\/08\/Toskana-2016-19.jpg?w=1000&amp;ssl=1 1000w, https:\/\/i0.wp.com\/www.light-style.eu\/Blog\/wp-content\/uploads\/2016\/08\/Toskana-2016-19.jpg?resize=600%2C400&amp;ssl=1 600w, https:\/\/i0.wp.com\/www.light-style.eu\/Blog\/wp-content\/uploads\/2016\/08\/Toskana-2016-19.jpg?resize=768%2C512&amp;ssl=1 768w\" width=\"385\" height=\"257\" loading=\"lazy\" data-original-width=\"385\" data-original-height=\"257\" itemprop=\"http:\/\/schema.org\/image\" title=\"Toskana 2016-19\" alt=\"Porto Santo Stefano\" style=\"width: 385px; height: 257px;\" \/> <\/a> <div class=\"tiled-gallery-caption\" itemprop=\"caption description\"> Porto Santo Stefano <\/div> <\/div> <\/div> <!-- close group --> <\/div> <!-- close row --> <div class=\"gallery-row\" style=\"width: 1170px; height: 320px;\" data-original-width=\"1170\" data-original-height=\"320\" > <div class=\"gallery-group images-1\" style=\"width: 478px; height: 320px;\" data-original-width=\"478\" data-original-height=\"320\" > <div class=\"tiled-gallery-item tiled-gallery-item-large\" itemprop=\"associatedMedia\" itemscope itemtype=\"http:\/\/schema.org\/ImageObject\"> <a href=\"https:\/\/www.light-style.eu\/Blog\/toskana-es-war-traumhaft\/toskana-2016-18\/#main\" border=\"0\" itemprop=\"url\"> <meta itemprop=\"width\" content=\"474\"> <meta itemprop=\"height\" content=\"316\"> <img decoding=\"async\" class=\"\" data-attachment-id=\"2319\" data-orig-file=\"https:\/\/www.light-style.eu\/Blog\/wp-content\/uploads\/2016\/08\/Toskana-2016-18.jpg\" data-orig-size=\"1000,667\" data-comments-opened=\"1\" data-image-meta=\"{&quot;aperture&quot;:&quot;0&quot;,&quot;credit&quot;:&quot;Andi M\\u00f6ller&quot;,&quot;camera&quot;:&quot;&quot;,&quot;caption&quot;:&quot;&quot;,&quot;created_timestamp&quot;:&quot;0&quot;,&quot;copyright&quot;:&quot;Studio Light-Style&quot;,&quot;focal_length&quot;:&quot;0&quot;,&quot;iso&quot;:&quot;0&quot;,&quot;shutter_speed&quot;:&quot;0&quot;,&quot;title&quot;:&quot;&quot;,&quot;orientation&quot;:&quot;0&quot;}\" data-image-title=\"Toskana 2016-18\" data-image-description=\"\" data-medium-file=\"https:\/\/i0.wp.com\/www.light-style.eu\/Blog\/wp-content\/uploads\/2016\/08\/Toskana-2016-18.jpg?fit=600%2C400&#038;ssl=1\" data-large-file=\"https:\/\/i0.wp.com\/www.light-style.eu\/Blog\/wp-content\/uploads\/2016\/08\/Toskana-2016-18.jpg?fit=1000%2C667&#038;ssl=1\" src=\"https:\/\/i0.wp.com\/www.light-style.eu\/Blog\/wp-content\/uploads\/2016\/08\/Toskana-2016-18.jpg?w=474&#038;h=316&#038;ssl=1\" srcset=\"https:\/\/i0.wp.com\/www.light-style.eu\/Blog\/wp-content\/uploads\/2016\/08\/Toskana-2016-18.jpg?w=1000&amp;ssl=1 1000w, https:\/\/i0.wp.com\/www.light-style.eu\/Blog\/wp-content\/uploads\/2016\/08\/Toskana-2016-18.jpg?resize=600%2C400&amp;ssl=1 600w, https:\/\/i0.wp.com\/www.light-style.eu\/Blog\/wp-content\/uploads\/2016\/08\/Toskana-2016-18.jpg?resize=768%2C512&amp;ssl=1 768w\" width=\"474\" height=\"316\" loading=\"lazy\" data-original-width=\"474\" data-original-height=\"316\" itemprop=\"http:\/\/schema.org\/image\" title=\"Toskana 2016-18\" alt=\"Porto Santo Stefano\" style=\"width: 474px; height: 316px;\" \/> <\/a> <div class=\"tiled-gallery-caption\" itemprop=\"caption description\"> Porto Santo Stefano <\/div> <\/div> <\/div> <!-- close group --> <div class=\"gallery-group images-1\" style=\"width: 215px; height: 320px;\" data-original-width=\"215\" data-original-height=\"320\" > <div class=\"tiled-gallery-item tiled-gallery-item-small\" itemprop=\"associatedMedia\" itemscope itemtype=\"http:\/\/schema.org\/ImageObject\"> <a href=\"https:\/\/www.light-style.eu\/Blog\/toskana-es-war-traumhaft\/toskana-2016-17\/#main\" border=\"0\" itemprop=\"url\"> <meta itemprop=\"width\" content=\"211\"> <meta itemprop=\"height\" content=\"316\"> <img decoding=\"async\" class=\"\" data-attachment-id=\"2318\" data-orig-file=\"https:\/\/www.light-style.eu\/Blog\/wp-content\/uploads\/2016\/08\/Toskana-2016-17.jpg\" data-orig-size=\"667,1000\" data-comments-opened=\"1\" data-image-meta=\"{&quot;aperture&quot;:&quot;0&quot;,&quot;credit&quot;:&quot;Andi M\\u00f6ller&quot;,&quot;camera&quot;:&quot;&quot;,&quot;caption&quot;:&quot;&quot;,&quot;created_timestamp&quot;:&quot;0&quot;,&quot;copyright&quot;:&quot;Studio Light-Style&quot;,&quot;focal_length&quot;:&quot;0&quot;,&quot;iso&quot;:&quot;0&quot;,&quot;shutter_speed&quot;:&quot;0&quot;,&quot;title&quot;:&quot;&quot;,&quot;orientation&quot;:&quot;0&quot;}\" data-image-title=\"Toskana 2016-17\" data-image-description=\"\" data-medium-file=\"https:\/\/i0.wp.com\/www.light-style.eu\/Blog\/wp-content\/uploads\/2016\/08\/Toskana-2016-17.jpg?fit=400%2C600&#038;ssl=1\" data-large-file=\"https:\/\/i0.wp.com\/www.light-style.eu\/Blog\/wp-content\/uploads\/2016\/08\/Toskana-2016-17.jpg?fit=667%2C1000&#038;ssl=1\" src=\"https:\/\/i0.wp.com\/www.light-style.eu\/Blog\/wp-content\/uploads\/2016\/08\/Toskana-2016-17.jpg?w=211&#038;h=316&#038;ssl=1\" srcset=\"https:\/\/i0.wp.com\/www.light-style.eu\/Blog\/wp-content\/uploads\/2016\/08\/Toskana-2016-17.jpg?w=667&amp;ssl=1 667w, https:\/\/i0.wp.com\/www.light-style.eu\/Blog\/wp-content\/uploads\/2016\/08\/Toskana-2016-17.jpg?resize=400%2C600&amp;ssl=1 400w\" width=\"211\" height=\"316\" loading=\"lazy\" data-original-width=\"211\" data-original-height=\"316\" itemprop=\"http:\/\/schema.org\/image\" title=\"Toskana 2016-17\" alt=\"La Spezia\" style=\"width: 211px; height: 316px;\" \/> <\/a> <div class=\"tiled-gallery-caption\" itemprop=\"caption description\"> La Spezia <\/div> <\/div> <\/div> <!-- close group --> <div class=\"gallery-group images-1\" style=\"width: 477px; height: 320px;\" data-original-width=\"477\" data-original-height=\"320\" > <div class=\"tiled-gallery-item tiled-gallery-item-large\" itemprop=\"associatedMedia\" itemscope itemtype=\"http:\/\/schema.org\/ImageObject\"> <a href=\"https:\/\/www.light-style.eu\/Blog\/toskana-es-war-traumhaft\/toskana-2016-16\/#main\" border=\"0\" itemprop=\"url\"> <meta itemprop=\"width\" content=\"473\"> <meta itemprop=\"height\" content=\"316\"> <img decoding=\"async\" class=\"\" data-attachment-id=\"2317\" data-orig-file=\"https:\/\/www.light-style.eu\/Blog\/wp-content\/uploads\/2016\/08\/Toskana-2016-16.jpg\" data-orig-size=\"1000,667\" data-comments-opened=\"1\" data-image-meta=\"{&quot;aperture&quot;:&quot;0&quot;,&quot;credit&quot;:&quot;Andi M\\u00f6ller&quot;,&quot;camera&quot;:&quot;&quot;,&quot;caption&quot;:&quot;&quot;,&quot;created_timestamp&quot;:&quot;0&quot;,&quot;copyright&quot;:&quot;Studio Light-Style&quot;,&quot;focal_length&quot;:&quot;0&quot;,&quot;iso&quot;:&quot;0&quot;,&quot;shutter_speed&quot;:&quot;0&quot;,&quot;title&quot;:&quot;&quot;,&quot;orientation&quot;:&quot;0&quot;}\" data-image-title=\"Toskana 2016-16\" data-image-description=\"\" data-medium-file=\"https:\/\/i0.wp.com\/www.light-style.eu\/Blog\/wp-content\/uploads\/2016\/08\/Toskana-2016-16.jpg?fit=600%2C400&#038;ssl=1\" data-large-file=\"https:\/\/i0.wp.com\/www.light-style.eu\/Blog\/wp-content\/uploads\/2016\/08\/Toskana-2016-16.jpg?fit=1000%2C667&#038;ssl=1\" src=\"https:\/\/i0.wp.com\/www.light-style.eu\/Blog\/wp-content\/uploads\/2016\/08\/Toskana-2016-16.jpg?w=473&#038;h=316&#038;ssl=1\" srcset=\"https:\/\/i0.wp.com\/www.light-style.eu\/Blog\/wp-content\/uploads\/2016\/08\/Toskana-2016-16.jpg?w=1000&amp;ssl=1 1000w, https:\/\/i0.wp.com\/www.light-style.eu\/Blog\/wp-content\/uploads\/2016\/08\/Toskana-2016-16.jpg?resize=600%2C400&amp;ssl=1 600w, https:\/\/i0.wp.com\/www.light-style.eu\/Blog\/wp-content\/uploads\/2016\/08\/Toskana-2016-16.jpg?resize=768%2C512&amp;ssl=1 768w\" width=\"473\" height=\"316\" loading=\"lazy\" data-original-width=\"473\" data-original-height=\"316\" itemprop=\"http:\/\/schema.org\/image\" title=\"Toskana 2016-16\" alt=\"La Spezia\" style=\"width: 473px; height: 316px;\" \/> <\/a> <div class=\"tiled-gallery-caption\" itemprop=\"caption description\"> La Spezia <\/div> <\/div> <\/div> <!-- close group --> <\/div> <!-- close row --> <div class=\"gallery-row\" style=\"width: 1170px; height: 522px;\" data-original-width=\"1170\" data-original-height=\"522\" > <div class=\"gallery-group images-2\" style=\"width: 389px; height: 522px;\" data-original-width=\"389\" data-original-height=\"522\" > <div class=\"tiled-gallery-item tiled-gallery-item-large\" itemprop=\"associatedMedia\" itemscope itemtype=\"http:\/\/schema.org\/ImageObject\"> <a href=\"https:\/\/www.light-style.eu\/Blog\/toskana-es-war-traumhaft\/toskana-2016-15\/#main\" border=\"0\" itemprop=\"url\"> <meta itemprop=\"width\" content=\"385\"> <meta itemprop=\"height\" content=\"257\"> <img decoding=\"async\" class=\"\" data-attachment-id=\"2316\" data-orig-file=\"https:\/\/www.light-style.eu\/Blog\/wp-content\/uploads\/2016\/08\/Toskana-2016-15.jpg\" data-orig-size=\"1000,667\" data-comments-opened=\"1\" data-image-meta=\"{&quot;aperture&quot;:&quot;0&quot;,&quot;credit&quot;:&quot;Andi M\\u00f6ller&quot;,&quot;camera&quot;:&quot;&quot;,&quot;caption&quot;:&quot;&quot;,&quot;created_timestamp&quot;:&quot;0&quot;,&quot;copyright&quot;:&quot;Studio Light-Style&quot;,&quot;focal_length&quot;:&quot;0&quot;,&quot;iso&quot;:&quot;0&quot;,&quot;shutter_speed&quot;:&quot;0&quot;,&quot;title&quot;:&quot;&quot;,&quot;orientation&quot;:&quot;0&quot;}\" data-image-title=\"Toskana 2016-15\" data-image-description=\"\" data-medium-file=\"https:\/\/i0.wp.com\/www.light-style.eu\/Blog\/wp-content\/uploads\/2016\/08\/Toskana-2016-15.jpg?fit=600%2C400&#038;ssl=1\" data-large-file=\"https:\/\/i0.wp.com\/www.light-style.eu\/Blog\/wp-content\/uploads\/2016\/08\/Toskana-2016-15.jpg?fit=1000%2C667&#038;ssl=1\" src=\"https:\/\/i0.wp.com\/www.light-style.eu\/Blog\/wp-content\/uploads\/2016\/08\/Toskana-2016-15.jpg?w=385&#038;h=257&#038;ssl=1\" srcset=\"https:\/\/i0.wp.com\/www.light-style.eu\/Blog\/wp-content\/uploads\/2016\/08\/Toskana-2016-15.jpg?w=1000&amp;ssl=1 1000w, https:\/\/i0.wp.com\/www.light-style.eu\/Blog\/wp-content\/uploads\/2016\/08\/Toskana-2016-15.jpg?resize=600%2C400&amp;ssl=1 600w, https:\/\/i0.wp.com\/www.light-style.eu\/Blog\/wp-content\/uploads\/2016\/08\/Toskana-2016-15.jpg?resize=768%2C512&amp;ssl=1 768w\" width=\"385\" height=\"257\" loading=\"lazy\" data-original-width=\"385\" data-original-height=\"257\" itemprop=\"http:\/\/schema.org\/image\" title=\"Toskana 2016-15\" alt=\"La Spezia\" style=\"width: 385px; height: 257px;\" \/> <\/a> <div class=\"tiled-gallery-caption\" itemprop=\"caption description\"> La Spezia <\/div> <\/div> <div class=\"tiled-gallery-item tiled-gallery-item-large\" itemprop=\"associatedMedia\" itemscope itemtype=\"http:\/\/schema.org\/ImageObject\"> <a href=\"https:\/\/www.light-style.eu\/Blog\/toskana-es-war-traumhaft\/toskana-2016-14\/#main\" border=\"0\" itemprop=\"url\"> <meta itemprop=\"width\" content=\"385\"> <meta itemprop=\"height\" content=\"257\"> <img decoding=\"async\" class=\"\" data-attachment-id=\"2315\" data-orig-file=\"https:\/\/www.light-style.eu\/Blog\/wp-content\/uploads\/2016\/08\/Toskana-2016-14.jpg\" data-orig-size=\"1000,667\" data-comments-opened=\"1\" data-image-meta=\"{&quot;aperture&quot;:&quot;0&quot;,&quot;credit&quot;:&quot;Andi M\\u00f6ller&quot;,&quot;camera&quot;:&quot;&quot;,&quot;caption&quot;:&quot;&quot;,&quot;created_timestamp&quot;:&quot;0&quot;,&quot;copyright&quot;:&quot;Studio Light-Style&quot;,&quot;focal_length&quot;:&quot;0&quot;,&quot;iso&quot;:&quot;0&quot;,&quot;shutter_speed&quot;:&quot;0&quot;,&quot;title&quot;:&quot;&quot;,&quot;orientation&quot;:&quot;0&quot;}\" data-image-title=\"Toskana 2016-14\" data-image-description=\"\" data-medium-file=\"https:\/\/i0.wp.com\/www.light-style.eu\/Blog\/wp-content\/uploads\/2016\/08\/Toskana-2016-14.jpg?fit=600%2C400&#038;ssl=1\" data-large-file=\"https:\/\/i0.wp.com\/www.light-style.eu\/Blog\/wp-content\/uploads\/2016\/08\/Toskana-2016-14.jpg?fit=1000%2C667&#038;ssl=1\" src=\"https:\/\/i0.wp.com\/www.light-style.eu\/Blog\/wp-content\/uploads\/2016\/08\/Toskana-2016-14.jpg?w=385&#038;h=257&#038;ssl=1\" srcset=\"https:\/\/i0.wp.com\/www.light-style.eu\/Blog\/wp-content\/uploads\/2016\/08\/Toskana-2016-14.jpg?w=1000&amp;ssl=1 1000w, https:\/\/i0.wp.com\/www.light-style.eu\/Blog\/wp-content\/uploads\/2016\/08\/Toskana-2016-14.jpg?resize=600%2C400&amp;ssl=1 600w, https:\/\/i0.wp.com\/www.light-style.eu\/Blog\/wp-content\/uploads\/2016\/08\/Toskana-2016-14.jpg?resize=768%2C512&amp;ssl=1 768w\" width=\"385\" height=\"257\" loading=\"lazy\" data-original-width=\"385\" data-original-height=\"257\" itemprop=\"http:\/\/schema.org\/image\" title=\"Toskana 2016-14\" alt=\"La Spezia\" style=\"width: 385px; height: 257px;\" \/> <\/a> <div class=\"tiled-gallery-caption\" itemprop=\"caption description\"> La Spezia <\/div> <\/div> <\/div> <!-- close group --> <div class=\"gallery-group images-1\" style=\"width: 781px; height: 522px;\" data-original-width=\"781\" data-original-height=\"522\" > <div class=\"tiled-gallery-item tiled-gallery-item-large\" itemprop=\"associatedMedia\" itemscope itemtype=\"http:\/\/schema.org\/ImageObject\"> <a href=\"https:\/\/www.light-style.eu\/Blog\/toskana-es-war-traumhaft\/toskana-2016-13\/#main\" border=\"0\" itemprop=\"url\"> <meta itemprop=\"width\" content=\"777\"> <meta itemprop=\"height\" content=\"518\"> <img decoding=\"async\" class=\"\" data-attachment-id=\"2314\" data-orig-file=\"https:\/\/www.light-style.eu\/Blog\/wp-content\/uploads\/2016\/08\/Toskana-2016-13.jpg\" data-orig-size=\"1000,667\" data-comments-opened=\"1\" data-image-meta=\"{&quot;aperture&quot;:&quot;0&quot;,&quot;credit&quot;:&quot;Andi M\\u00f6ller&quot;,&quot;camera&quot;:&quot;&quot;,&quot;caption&quot;:&quot;&quot;,&quot;created_timestamp&quot;:&quot;0&quot;,&quot;copyright&quot;:&quot;Studio Light-Style&quot;,&quot;focal_length&quot;:&quot;0&quot;,&quot;iso&quot;:&quot;0&quot;,&quot;shutter_speed&quot;:&quot;0&quot;,&quot;title&quot;:&quot;&quot;,&quot;orientation&quot;:&quot;0&quot;}\" data-image-title=\"Toskana 2016-13\" data-image-description=\"\" data-medium-file=\"https:\/\/i0.wp.com\/www.light-style.eu\/Blog\/wp-content\/uploads\/2016\/08\/Toskana-2016-13.jpg?fit=600%2C400&#038;ssl=1\" data-large-file=\"https:\/\/i0.wp.com\/www.light-style.eu\/Blog\/wp-content\/uploads\/2016\/08\/Toskana-2016-13.jpg?fit=1000%2C667&#038;ssl=1\" src=\"https:\/\/i0.wp.com\/www.light-style.eu\/Blog\/wp-content\/uploads\/2016\/08\/Toskana-2016-13.jpg?w=777&#038;h=518&#038;ssl=1\" srcset=\"https:\/\/i0.wp.com\/www.light-style.eu\/Blog\/wp-content\/uploads\/2016\/08\/Toskana-2016-13.jpg?w=1000&amp;ssl=1 1000w, https:\/\/i0.wp.com\/www.light-style.eu\/Blog\/wp-content\/uploads\/2016\/08\/Toskana-2016-13.jpg?resize=600%2C400&amp;ssl=1 600w, https:\/\/i0.wp.com\/www.light-style.eu\/Blog\/wp-content\/uploads\/2016\/08\/Toskana-2016-13.jpg?resize=768%2C512&amp;ssl=1 768w\" width=\"777\" height=\"518\" loading=\"lazy\" data-original-width=\"777\" data-original-height=\"518\" itemprop=\"http:\/\/schema.org\/image\" title=\"Toskana 2016-13\" alt=\"La Spezia\" style=\"width: 777px; height: 518px;\" \/> <\/a> <div class=\"tiled-gallery-caption\" itemprop=\"caption description\"> La Spezia <\/div> <\/div> <\/div> <!-- close group --> <\/div> <!-- close row --> <div class=\"gallery-row\" style=\"width: 1170px; height: 392px;\" data-original-width=\"1170\" data-original-height=\"392\" > <div class=\"gallery-group images-1\" style=\"width: 585px; height: 392px;\" data-original-width=\"585\" data-original-height=\"392\" > <div class=\"tiled-gallery-item tiled-gallery-item-large\" itemprop=\"associatedMedia\" itemscope itemtype=\"http:\/\/schema.org\/ImageObject\"> <a href=\"https:\/\/www.light-style.eu\/Blog\/toskana-es-war-traumhaft\/toskana-2016-12\/#main\" border=\"0\" itemprop=\"url\"> <meta itemprop=\"width\" content=\"581\"> <meta itemprop=\"height\" content=\"388\"> <img decoding=\"async\" class=\"\" data-attachment-id=\"2313\" data-orig-file=\"https:\/\/www.light-style.eu\/Blog\/wp-content\/uploads\/2016\/08\/Toskana-2016-12.jpg\" data-orig-size=\"1000,667\" data-comments-opened=\"1\" data-image-meta=\"{&quot;aperture&quot;:&quot;0&quot;,&quot;credit&quot;:&quot;Andi M\\u00f6ller&quot;,&quot;camera&quot;:&quot;&quot;,&quot;caption&quot;:&quot;&quot;,&quot;created_timestamp&quot;:&quot;0&quot;,&quot;copyright&quot;:&quot;Studio Light-Style&quot;,&quot;focal_length&quot;:&quot;0&quot;,&quot;iso&quot;:&quot;0&quot;,&quot;shutter_speed&quot;:&quot;0&quot;,&quot;title&quot;:&quot;&quot;,&quot;orientation&quot;:&quot;0&quot;}\" data-image-title=\"Toskana 2016-12\" data-image-description=\"\" data-medium-file=\"https:\/\/i0.wp.com\/www.light-style.eu\/Blog\/wp-content\/uploads\/2016\/08\/Toskana-2016-12.jpg?fit=600%2C400&#038;ssl=1\" data-large-file=\"https:\/\/i0.wp.com\/www.light-style.eu\/Blog\/wp-content\/uploads\/2016\/08\/Toskana-2016-12.jpg?fit=1000%2C667&#038;ssl=1\" src=\"https:\/\/i0.wp.com\/www.light-style.eu\/Blog\/wp-content\/uploads\/2016\/08\/Toskana-2016-12.jpg?w=581&#038;h=388&#038;ssl=1\" srcset=\"https:\/\/i0.wp.com\/www.light-style.eu\/Blog\/wp-content\/uploads\/2016\/08\/Toskana-2016-12.jpg?w=1000&amp;ssl=1 1000w, https:\/\/i0.wp.com\/www.light-style.eu\/Blog\/wp-content\/uploads\/2016\/08\/Toskana-2016-12.jpg?resize=600%2C400&amp;ssl=1 600w, https:\/\/i0.wp.com\/www.light-style.eu\/Blog\/wp-content\/uploads\/2016\/08\/Toskana-2016-12.jpg?resize=768%2C512&amp;ssl=1 768w\" width=\"581\" height=\"388\" loading=\"lazy\" data-original-width=\"581\" data-original-height=\"388\" itemprop=\"http:\/\/schema.org\/image\" title=\"Toskana 2016-12\" alt=\"La Spezia\" style=\"width: 581px; height: 388px;\" \/> <\/a> <div class=\"tiled-gallery-caption\" itemprop=\"caption description\"> La Spezia <\/div> <\/div> <\/div> <!-- close group --> <div class=\"gallery-group images-1\" style=\"width: 585px; height: 392px;\" data-original-width=\"585\" data-original-height=\"392\" > <div class=\"tiled-gallery-item tiled-gallery-item-large\" itemprop=\"associatedMedia\" itemscope itemtype=\"http:\/\/schema.org\/ImageObject\"> <a href=\"https:\/\/www.light-style.eu\/Blog\/toskana-es-war-traumhaft\/toskana-2016-11\/#main\" border=\"0\" itemprop=\"url\"> <meta itemprop=\"width\" content=\"581\"> <meta itemprop=\"height\" content=\"388\"> <img decoding=\"async\" class=\"\" data-attachment-id=\"2312\" data-orig-file=\"https:\/\/www.light-style.eu\/Blog\/wp-content\/uploads\/2016\/08\/Toskana-2016-11.jpg\" data-orig-size=\"1000,667\" data-comments-opened=\"1\" data-image-meta=\"{&quot;aperture&quot;:&quot;0&quot;,&quot;credit&quot;:&quot;Andi M\\u00f6ller&quot;,&quot;camera&quot;:&quot;&quot;,&quot;caption&quot;:&quot;&quot;,&quot;created_timestamp&quot;:&quot;0&quot;,&quot;copyright&quot;:&quot;Studio Light-Style&quot;,&quot;focal_length&quot;:&quot;0&quot;,&quot;iso&quot;:&quot;0&quot;,&quot;shutter_speed&quot;:&quot;0&quot;,&quot;title&quot;:&quot;&quot;,&quot;orientation&quot;:&quot;0&quot;}\" data-image-title=\"Toskana 2016-11\" data-image-description=\"\" data-medium-file=\"https:\/\/i0.wp.com\/www.light-style.eu\/Blog\/wp-content\/uploads\/2016\/08\/Toskana-2016-11.jpg?fit=600%2C400&#038;ssl=1\" data-large-file=\"https:\/\/i0.wp.com\/www.light-style.eu\/Blog\/wp-content\/uploads\/2016\/08\/Toskana-2016-11.jpg?fit=1000%2C667&#038;ssl=1\" src=\"https:\/\/i0.wp.com\/www.light-style.eu\/Blog\/wp-content\/uploads\/2016\/08\/Toskana-2016-11.jpg?w=581&#038;h=388&#038;ssl=1\" srcset=\"https:\/\/i0.wp.com\/www.light-style.eu\/Blog\/wp-content\/uploads\/2016\/08\/Toskana-2016-11.jpg?w=1000&amp;ssl=1 1000w, https:\/\/i0.wp.com\/www.light-style.eu\/Blog\/wp-content\/uploads\/2016\/08\/Toskana-2016-11.jpg?resize=600%2C400&amp;ssl=1 600w, https:\/\/i0.wp.com\/www.light-style.eu\/Blog\/wp-content\/uploads\/2016\/08\/Toskana-2016-11.jpg?resize=768%2C512&amp;ssl=1 768w\" width=\"581\" height=\"388\" loading=\"lazy\" data-original-width=\"581\" data-original-height=\"388\" itemprop=\"http:\/\/schema.org\/image\" title=\"Toskana 2016-11\" alt=\"La Spezia\" style=\"width: 581px; height: 388px;\" \/> <\/a> <div class=\"tiled-gallery-caption\" itemprop=\"caption description\"> La Spezia <\/div> <\/div> <\/div> <!-- close group --> <\/div> <!-- close row --> <div class=\"gallery-row\" style=\"width: 1170px; height: 541px;\" data-original-width=\"1170\" data-original-height=\"541\" > <div class=\"gallery-group images-2\" style=\"width: 404px; height: 541px;\" data-original-width=\"404\" data-original-height=\"541\" > <div class=\"tiled-gallery-item tiled-gallery-item-large\" itemprop=\"associatedMedia\" itemscope itemtype=\"http:\/\/schema.org\/ImageObject\"> <a href=\"https:\/\/www.light-style.eu\/Blog\/toskana-es-war-traumhaft\/toskana-2016-10\/#main\" border=\"0\" itemprop=\"url\"> <meta itemprop=\"width\" content=\"400\"> <meta itemprop=\"height\" content=\"267\"> <img decoding=\"async\" class=\"\" data-attachment-id=\"2311\" data-orig-file=\"https:\/\/www.light-style.eu\/Blog\/wp-content\/uploads\/2016\/08\/Toskana-2016-10.jpg\" data-orig-size=\"1000,667\" data-comments-opened=\"1\" data-image-meta=\"{&quot;aperture&quot;:&quot;0&quot;,&quot;credit&quot;:&quot;Andi M\\u00f6ller&quot;,&quot;camera&quot;:&quot;&quot;,&quot;caption&quot;:&quot;&quot;,&quot;created_timestamp&quot;:&quot;0&quot;,&quot;copyright&quot;:&quot;Studio Light-Style&quot;,&quot;focal_length&quot;:&quot;0&quot;,&quot;iso&quot;:&quot;0&quot;,&quot;shutter_speed&quot;:&quot;0&quot;,&quot;title&quot;:&quot;&quot;,&quot;orientation&quot;:&quot;0&quot;}\" data-image-title=\"Toskana 2016-10\" data-image-description=\"\" data-medium-file=\"https:\/\/i0.wp.com\/www.light-style.eu\/Blog\/wp-content\/uploads\/2016\/08\/Toskana-2016-10.jpg?fit=600%2C400&#038;ssl=1\" data-large-file=\"https:\/\/i0.wp.com\/www.light-style.eu\/Blog\/wp-content\/uploads\/2016\/08\/Toskana-2016-10.jpg?fit=1000%2C667&#038;ssl=1\" src=\"https:\/\/i0.wp.com\/www.light-style.eu\/Blog\/wp-content\/uploads\/2016\/08\/Toskana-2016-10.jpg?w=400&#038;h=267&#038;ssl=1\" srcset=\"https:\/\/i0.wp.com\/www.light-style.eu\/Blog\/wp-content\/uploads\/2016\/08\/Toskana-2016-10.jpg?w=1000&amp;ssl=1 1000w, https:\/\/i0.wp.com\/www.light-style.eu\/Blog\/wp-content\/uploads\/2016\/08\/Toskana-2016-10.jpg?resize=600%2C400&amp;ssl=1 600w, https:\/\/i0.wp.com\/www.light-style.eu\/Blog\/wp-content\/uploads\/2016\/08\/Toskana-2016-10.jpg?resize=768%2C512&amp;ssl=1 768w\" width=\"400\" height=\"267\" loading=\"lazy\" data-original-width=\"400\" data-original-height=\"267\" itemprop=\"http:\/\/schema.org\/image\" title=\"Toskana 2016-10\" alt=\"La Spezia\" style=\"width: 400px; height: 267px;\" \/> <\/a> <div class=\"tiled-gallery-caption\" itemprop=\"caption description\"> La Spezia <\/div> <\/div> <div class=\"tiled-gallery-item tiled-gallery-item-large\" itemprop=\"associatedMedia\" itemscope itemtype=\"http:\/\/schema.org\/ImageObject\"> <a href=\"https:\/\/www.light-style.eu\/Blog\/toskana-es-war-traumhaft\/toskana-2016-9\/#main\" border=\"0\" itemprop=\"url\"> <meta itemprop=\"width\" content=\"400\"> <meta itemprop=\"height\" content=\"266\"> <img decoding=\"async\" class=\"\" data-attachment-id=\"2310\" data-orig-file=\"https:\/\/www.light-style.eu\/Blog\/wp-content\/uploads\/2016\/08\/Toskana-2016-9.jpg\" data-orig-size=\"1000,667\" data-comments-opened=\"1\" data-image-meta=\"{&quot;aperture&quot;:&quot;0&quot;,&quot;credit&quot;:&quot;Andi M\\u00f6ller&quot;,&quot;camera&quot;:&quot;&quot;,&quot;caption&quot;:&quot;&quot;,&quot;created_timestamp&quot;:&quot;0&quot;,&quot;copyright&quot;:&quot;Studio Light-Style&quot;,&quot;focal_length&quot;:&quot;0&quot;,&quot;iso&quot;:&quot;0&quot;,&quot;shutter_speed&quot;:&quot;0&quot;,&quot;title&quot;:&quot;&quot;,&quot;orientation&quot;:&quot;0&quot;}\" data-image-title=\"Toskana 2016-9\" data-image-description=\"\" data-medium-file=\"https:\/\/i0.wp.com\/www.light-style.eu\/Blog\/wp-content\/uploads\/2016\/08\/Toskana-2016-9.jpg?fit=600%2C400&#038;ssl=1\" data-large-file=\"https:\/\/i0.wp.com\/www.light-style.eu\/Blog\/wp-content\/uploads\/2016\/08\/Toskana-2016-9.jpg?fit=1000%2C667&#038;ssl=1\" src=\"https:\/\/i0.wp.com\/www.light-style.eu\/Blog\/wp-content\/uploads\/2016\/08\/Toskana-2016-9.jpg?w=400&#038;h=266&#038;ssl=1\" srcset=\"https:\/\/i0.wp.com\/www.light-style.eu\/Blog\/wp-content\/uploads\/2016\/08\/Toskana-2016-9.jpg?w=1000&amp;ssl=1 1000w, https:\/\/i0.wp.com\/www.light-style.eu\/Blog\/wp-content\/uploads\/2016\/08\/Toskana-2016-9.jpg?resize=600%2C400&amp;ssl=1 600w, https:\/\/i0.wp.com\/www.light-style.eu\/Blog\/wp-content\/uploads\/2016\/08\/Toskana-2016-9.jpg?resize=768%2C512&amp;ssl=1 768w\" width=\"400\" height=\"266\" loading=\"lazy\" data-original-width=\"400\" data-original-height=\"266\" itemprop=\"http:\/\/schema.org\/image\" title=\"Toskana 2016-9\" alt=\"La Spezia, Sohnemanns Wunschfoto ;-)\" style=\"width: 400px; height: 266px;\" \/> <\/a> <div class=\"tiled-gallery-caption\" itemprop=\"caption description\"> La Spezia, Sohnemanns Wunschfoto \ud83d\ude09 <\/div> <\/div> <\/div> <!-- close group --> <div class=\"gallery-group images-1\" style=\"width: 362px; height: 541px;\" data-original-width=\"362\" data-original-height=\"541\" > <div class=\"tiled-gallery-item tiled-gallery-item-large\" itemprop=\"associatedMedia\" itemscope itemtype=\"http:\/\/schema.org\/ImageObject\"> <a href=\"https:\/\/www.light-style.eu\/Blog\/toskana-es-war-traumhaft\/toskana-2016-8\/#main\" border=\"0\" itemprop=\"url\"> <meta itemprop=\"width\" content=\"358\"> <meta itemprop=\"height\" content=\"537\"> <img decoding=\"async\" class=\"\" data-attachment-id=\"2309\" data-orig-file=\"https:\/\/www.light-style.eu\/Blog\/wp-content\/uploads\/2016\/08\/Toskana-2016-8.jpg\" data-orig-size=\"667,1000\" data-comments-opened=\"1\" data-image-meta=\"{&quot;aperture&quot;:&quot;0&quot;,&quot;credit&quot;:&quot;Andi M\\u00f6ller&quot;,&quot;camera&quot;:&quot;&quot;,&quot;caption&quot;:&quot;&quot;,&quot;created_timestamp&quot;:&quot;0&quot;,&quot;copyright&quot;:&quot;Studio Light-Style&quot;,&quot;focal_length&quot;:&quot;0&quot;,&quot;iso&quot;:&quot;0&quot;,&quot;shutter_speed&quot;:&quot;0&quot;,&quot;title&quot;:&quot;&quot;,&quot;orientation&quot;:&quot;0&quot;}\" data-image-title=\"Toskana 2016-8\" data-image-description=\"\" data-medium-file=\"https:\/\/i0.wp.com\/www.light-style.eu\/Blog\/wp-content\/uploads\/2016\/08\/Toskana-2016-8.jpg?fit=400%2C600&#038;ssl=1\" data-large-file=\"https:\/\/i0.wp.com\/www.light-style.eu\/Blog\/wp-content\/uploads\/2016\/08\/Toskana-2016-8.jpg?fit=667%2C1000&#038;ssl=1\" src=\"https:\/\/i0.wp.com\/www.light-style.eu\/Blog\/wp-content\/uploads\/2016\/08\/Toskana-2016-8.jpg?w=358&#038;h=537&#038;ssl=1\" srcset=\"https:\/\/i0.wp.com\/www.light-style.eu\/Blog\/wp-content\/uploads\/2016\/08\/Toskana-2016-8.jpg?w=667&amp;ssl=1 667w, https:\/\/i0.wp.com\/www.light-style.eu\/Blog\/wp-content\/uploads\/2016\/08\/Toskana-2016-8.jpg?resize=400%2C600&amp;ssl=1 400w\" width=\"358\" height=\"537\" loading=\"lazy\" data-original-width=\"358\" data-original-height=\"537\" itemprop=\"http:\/\/schema.org\/image\" title=\"Toskana 2016-8\" alt=\"La Spezia\" style=\"width: 358px; height: 537px;\" \/> <\/a> <div class=\"tiled-gallery-caption\" itemprop=\"caption description\"> La Spezia <\/div> <\/div> <\/div> <!-- close group --> <div class=\"gallery-group images-2\" style=\"width: 404px; height: 541px;\" data-original-width=\"404\" data-original-height=\"541\" > <div class=\"tiled-gallery-item tiled-gallery-item-large\" itemprop=\"associatedMedia\" itemscope itemtype=\"http:\/\/schema.org\/ImageObject\"> <a href=\"https:\/\/www.light-style.eu\/Blog\/toskana-es-war-traumhaft\/toskana-2016-7\/#main\" border=\"0\" itemprop=\"url\"> <meta itemprop=\"width\" content=\"400\"> <meta itemprop=\"height\" content=\"267\"> <img decoding=\"async\" class=\"\" data-attachment-id=\"2308\" data-orig-file=\"https:\/\/www.light-style.eu\/Blog\/wp-content\/uploads\/2016\/08\/Toskana-2016-7.jpg\" data-orig-size=\"1000,667\" data-comments-opened=\"1\" data-image-meta=\"{&quot;aperture&quot;:&quot;0&quot;,&quot;credit&quot;:&quot;Andi M\\u00f6ller&quot;,&quot;camera&quot;:&quot;&quot;,&quot;caption&quot;:&quot;&quot;,&quot;created_timestamp&quot;:&quot;0&quot;,&quot;copyright&quot;:&quot;Studio Light-Style&quot;,&quot;focal_length&quot;:&quot;0&quot;,&quot;iso&quot;:&quot;0&quot;,&quot;shutter_speed&quot;:&quot;0&quot;,&quot;title&quot;:&quot;&quot;,&quot;orientation&quot;:&quot;0&quot;}\" data-image-title=\"Toskana 2016-7\" data-image-description=\"\" data-medium-file=\"https:\/\/i0.wp.com\/www.light-style.eu\/Blog\/wp-content\/uploads\/2016\/08\/Toskana-2016-7.jpg?fit=600%2C400&#038;ssl=1\" data-large-file=\"https:\/\/i0.wp.com\/www.light-style.eu\/Blog\/wp-content\/uploads\/2016\/08\/Toskana-2016-7.jpg?fit=1000%2C667&#038;ssl=1\" src=\"https:\/\/i0.wp.com\/www.light-style.eu\/Blog\/wp-content\/uploads\/2016\/08\/Toskana-2016-7.jpg?w=400&#038;h=267&#038;ssl=1\" srcset=\"https:\/\/i0.wp.com\/www.light-style.eu\/Blog\/wp-content\/uploads\/2016\/08\/Toskana-2016-7.jpg?w=1000&amp;ssl=1 1000w, https:\/\/i0.wp.com\/www.light-style.eu\/Blog\/wp-content\/uploads\/2016\/08\/Toskana-2016-7.jpg?resize=600%2C400&amp;ssl=1 600w, https:\/\/i0.wp.com\/www.light-style.eu\/Blog\/wp-content\/uploads\/2016\/08\/Toskana-2016-7.jpg?resize=768%2C512&amp;ssl=1 768w\" width=\"400\" height=\"267\" loading=\"lazy\" data-original-width=\"400\" data-original-height=\"267\" itemprop=\"http:\/\/schema.org\/image\" title=\"Toskana 2016-7\" alt=\"La Spezia\" style=\"width: 400px; height: 267px;\" \/> <\/a> <div class=\"tiled-gallery-caption\" itemprop=\"caption description\"> La Spezia <\/div> <\/div> <div class=\"tiled-gallery-item tiled-gallery-item-large\" itemprop=\"associatedMedia\" itemscope itemtype=\"http:\/\/schema.org\/ImageObject\"> <a href=\"https:\/\/www.light-style.eu\/Blog\/toskana-es-war-traumhaft\/toskana-2016-6\/#main\" border=\"0\" itemprop=\"url\"> <meta itemprop=\"width\" content=\"400\"> <meta itemprop=\"height\" content=\"266\"> <img decoding=\"async\" class=\"\" data-attachment-id=\"2307\" data-orig-file=\"https:\/\/www.light-style.eu\/Blog\/wp-content\/uploads\/2016\/08\/Toskana-2016-6.jpg\" data-orig-size=\"1000,667\" data-comments-opened=\"1\" data-image-meta=\"{&quot;aperture&quot;:&quot;0&quot;,&quot;credit&quot;:&quot;Andi M\\u00f6ller&quot;,&quot;camera&quot;:&quot;&quot;,&quot;caption&quot;:&quot;&quot;,&quot;created_timestamp&quot;:&quot;0&quot;,&quot;copyright&quot;:&quot;Studio Light-Style&quot;,&quot;focal_length&quot;:&quot;0&quot;,&quot;iso&quot;:&quot;0&quot;,&quot;shutter_speed&quot;:&quot;0&quot;,&quot;title&quot;:&quot;&quot;,&quot;orientation&quot;:&quot;0&quot;}\" data-image-title=\"Toskana 2016-6\" data-image-description=\"\" data-medium-file=\"https:\/\/i0.wp.com\/www.light-style.eu\/Blog\/wp-content\/uploads\/2016\/08\/Toskana-2016-6.jpg?fit=600%2C400&#038;ssl=1\" data-large-file=\"https:\/\/i0.wp.com\/www.light-style.eu\/Blog\/wp-content\/uploads\/2016\/08\/Toskana-2016-6.jpg?fit=1000%2C667&#038;ssl=1\" src=\"https:\/\/i0.wp.com\/www.light-style.eu\/Blog\/wp-content\/uploads\/2016\/08\/Toskana-2016-6.jpg?w=400&#038;h=266&#038;ssl=1\" srcset=\"https:\/\/i0.wp.com\/www.light-style.eu\/Blog\/wp-content\/uploads\/2016\/08\/Toskana-2016-6.jpg?w=1000&amp;ssl=1 1000w, https:\/\/i0.wp.com\/www.light-style.eu\/Blog\/wp-content\/uploads\/2016\/08\/Toskana-2016-6.jpg?resize=600%2C400&amp;ssl=1 600w, https:\/\/i0.wp.com\/www.light-style.eu\/Blog\/wp-content\/uploads\/2016\/08\/Toskana-2016-6.jpg?resize=768%2C512&amp;ssl=1 768w\" width=\"400\" height=\"266\" loading=\"lazy\" data-original-width=\"400\" data-original-height=\"266\" itemprop=\"http:\/\/schema.org\/image\" title=\"Toskana 2016-6\" alt=\"La Spezia\" style=\"width: 400px; height: 266px;\" \/> <\/a> <div class=\"tiled-gallery-caption\" itemprop=\"caption description\"> La Spezia <\/div> <\/div> <\/div> <!-- close group --> <\/div> <!-- close row --> <div class=\"gallery-row\" style=\"width: 1170px; height: 320px;\" data-original-width=\"1170\" data-original-height=\"320\" > <div class=\"gallery-group images-1\" style=\"width: 478px; height: 320px;\" data-original-width=\"478\" data-original-height=\"320\" > <div class=\"tiled-gallery-item tiled-gallery-item-large\" itemprop=\"associatedMedia\" itemscope itemtype=\"http:\/\/schema.org\/ImageObject\"> <a href=\"https:\/\/www.light-style.eu\/Blog\/toskana-es-war-traumhaft\/toskana-2016-5\/#main\" border=\"0\" itemprop=\"url\"> <meta itemprop=\"width\" content=\"474\"> <meta itemprop=\"height\" content=\"316\"> <img decoding=\"async\" class=\"\" data-attachment-id=\"2306\" data-orig-file=\"https:\/\/www.light-style.eu\/Blog\/wp-content\/uploads\/2016\/08\/Toskana-2016-5.jpg\" data-orig-size=\"1000,667\" data-comments-opened=\"1\" data-image-meta=\"{&quot;aperture&quot;:&quot;0&quot;,&quot;credit&quot;:&quot;Andi M\\u00f6ller&quot;,&quot;camera&quot;:&quot;&quot;,&quot;caption&quot;:&quot;&quot;,&quot;created_timestamp&quot;:&quot;0&quot;,&quot;copyright&quot;:&quot;Studio Light-Style&quot;,&quot;focal_length&quot;:&quot;0&quot;,&quot;iso&quot;:&quot;0&quot;,&quot;shutter_speed&quot;:&quot;0&quot;,&quot;title&quot;:&quot;&quot;,&quot;orientation&quot;:&quot;0&quot;}\" data-image-title=\"Toskana 2016-5\" data-image-description=\"\" data-medium-file=\"https:\/\/i0.wp.com\/www.light-style.eu\/Blog\/wp-content\/uploads\/2016\/08\/Toskana-2016-5.jpg?fit=600%2C400&#038;ssl=1\" data-large-file=\"https:\/\/i0.wp.com\/www.light-style.eu\/Blog\/wp-content\/uploads\/2016\/08\/Toskana-2016-5.jpg?fit=1000%2C667&#038;ssl=1\" src=\"https:\/\/i0.wp.com\/www.light-style.eu\/Blog\/wp-content\/uploads\/2016\/08\/Toskana-2016-5.jpg?w=474&#038;h=316&#038;ssl=1\" srcset=\"https:\/\/i0.wp.com\/www.light-style.eu\/Blog\/wp-content\/uploads\/2016\/08\/Toskana-2016-5.jpg?w=1000&amp;ssl=1 1000w, https:\/\/i0.wp.com\/www.light-style.eu\/Blog\/wp-content\/uploads\/2016\/08\/Toskana-2016-5.jpg?resize=600%2C400&amp;ssl=1 600w, https:\/\/i0.wp.com\/www.light-style.eu\/Blog\/wp-content\/uploads\/2016\/08\/Toskana-2016-5.jpg?resize=768%2C512&amp;ssl=1 768w\" width=\"474\" height=\"316\" loading=\"lazy\" data-original-width=\"474\" data-original-height=\"316\" itemprop=\"http:\/\/schema.org\/image\" title=\"Toskana 2016-5\" alt=\"La Spezia\" style=\"width: 474px; height: 316px;\" \/> <\/a> <div class=\"tiled-gallery-caption\" itemprop=\"caption description\"> La Spezia <\/div> <\/div> <\/div> <!-- close group --> <div class=\"gallery-group images-1\" style=\"width: 215px; height: 320px;\" data-original-width=\"215\" data-original-height=\"320\" > <div class=\"tiled-gallery-item tiled-gallery-item-small\" itemprop=\"associatedMedia\" itemscope itemtype=\"http:\/\/schema.org\/ImageObject\"> <a href=\"https:\/\/www.light-style.eu\/Blog\/toskana-es-war-traumhaft\/toskana-2016-4\/#main\" border=\"0\" itemprop=\"url\"> <meta itemprop=\"width\" content=\"211\"> <meta itemprop=\"height\" content=\"316\"> <img decoding=\"async\" class=\"\" data-attachment-id=\"2305\" data-orig-file=\"https:\/\/www.light-style.eu\/Blog\/wp-content\/uploads\/2016\/08\/Toskana-2016-4.jpg\" data-orig-size=\"667,1000\" data-comments-opened=\"1\" data-image-meta=\"{&quot;aperture&quot;:&quot;0&quot;,&quot;credit&quot;:&quot;Andi M\\u00f6ller&quot;,&quot;camera&quot;:&quot;&quot;,&quot;caption&quot;:&quot;&quot;,&quot;created_timestamp&quot;:&quot;0&quot;,&quot;copyright&quot;:&quot;Studio Light-Style&quot;,&quot;focal_length&quot;:&quot;0&quot;,&quot;iso&quot;:&quot;0&quot;,&quot;shutter_speed&quot;:&quot;0&quot;,&quot;title&quot;:&quot;&quot;,&quot;orientation&quot;:&quot;0&quot;}\" data-image-title=\"Toskana 2016-4\" data-image-description=\"\" data-medium-file=\"https:\/\/i0.wp.com\/www.light-style.eu\/Blog\/wp-content\/uploads\/2016\/08\/Toskana-2016-4.jpg?fit=400%2C600&#038;ssl=1\" data-large-file=\"https:\/\/i0.wp.com\/www.light-style.eu\/Blog\/wp-content\/uploads\/2016\/08\/Toskana-2016-4.jpg?fit=667%2C1000&#038;ssl=1\" src=\"https:\/\/i0.wp.com\/www.light-style.eu\/Blog\/wp-content\/uploads\/2016\/08\/Toskana-2016-4.jpg?w=211&#038;h=316&#038;ssl=1\" srcset=\"https:\/\/i0.wp.com\/www.light-style.eu\/Blog\/wp-content\/uploads\/2016\/08\/Toskana-2016-4.jpg?w=667&amp;ssl=1 667w, https:\/\/i0.wp.com\/www.light-style.eu\/Blog\/wp-content\/uploads\/2016\/08\/Toskana-2016-4.jpg?resize=400%2C600&amp;ssl=1 400w\" width=\"211\" height=\"316\" loading=\"lazy\" data-original-width=\"211\" data-original-height=\"316\" itemprop=\"http:\/\/schema.org\/image\" title=\"Toskana 2016-4\" alt=\"La Spezia\" style=\"width: 211px; height: 316px;\" \/> <\/a> <div class=\"tiled-gallery-caption\" itemprop=\"caption description\"> La Spezia <\/div> <\/div> <\/div> <!-- close group --> <div class=\"gallery-group images-1\" style=\"width: 477px; height: 320px;\" data-original-width=\"477\" data-original-height=\"320\" > <div class=\"tiled-gallery-item tiled-gallery-item-large\" itemprop=\"associatedMedia\" itemscope itemtype=\"http:\/\/schema.org\/ImageObject\"> <a href=\"https:\/\/www.light-style.eu\/Blog\/toskana-es-war-traumhaft\/toskana-2016-3\/#main\" border=\"0\" itemprop=\"url\"> <meta itemprop=\"width\" content=\"473\"> <meta itemprop=\"height\" content=\"316\"> <img decoding=\"async\" class=\"\" data-attachment-id=\"2304\" data-orig-file=\"https:\/\/www.light-style.eu\/Blog\/wp-content\/uploads\/2016\/08\/Toskana-2016-3.jpg\" data-orig-size=\"1000,667\" data-comments-opened=\"1\" data-image-meta=\"{&quot;aperture&quot;:&quot;0&quot;,&quot;credit&quot;:&quot;Andi M\\u00f6ller&quot;,&quot;camera&quot;:&quot;&quot;,&quot;caption&quot;:&quot;&quot;,&quot;created_timestamp&quot;:&quot;0&quot;,&quot;copyright&quot;:&quot;Studio Light-Style&quot;,&quot;focal_length&quot;:&quot;0&quot;,&quot;iso&quot;:&quot;0&quot;,&quot;shutter_speed&quot;:&quot;0&quot;,&quot;title&quot;:&quot;&quot;,&quot;orientation&quot;:&quot;0&quot;}\" data-image-title=\"Toskana 2016-3\" data-image-description=\"\" data-medium-file=\"https:\/\/i0.wp.com\/www.light-style.eu\/Blog\/wp-content\/uploads\/2016\/08\/Toskana-2016-3.jpg?fit=600%2C400&#038;ssl=1\" data-large-file=\"https:\/\/i0.wp.com\/www.light-style.eu\/Blog\/wp-content\/uploads\/2016\/08\/Toskana-2016-3.jpg?fit=1000%2C667&#038;ssl=1\" src=\"https:\/\/i0.wp.com\/www.light-style.eu\/Blog\/wp-content\/uploads\/2016\/08\/Toskana-2016-3.jpg?w=473&#038;h=316&#038;ssl=1\" srcset=\"https:\/\/i0.wp.com\/www.light-style.eu\/Blog\/wp-content\/uploads\/2016\/08\/Toskana-2016-3.jpg?w=1000&amp;ssl=1 1000w, https:\/\/i0.wp.com\/www.light-style.eu\/Blog\/wp-content\/uploads\/2016\/08\/Toskana-2016-3.jpg?resize=600%2C400&amp;ssl=1 600w, https:\/\/i0.wp.com\/www.light-style.eu\/Blog\/wp-content\/uploads\/2016\/08\/Toskana-2016-3.jpg?resize=768%2C512&amp;ssl=1 768w\" width=\"473\" height=\"316\" loading=\"lazy\" data-original-width=\"473\" data-original-height=\"316\" itemprop=\"http:\/\/schema.org\/image\" title=\"Toskana 2016-3\" alt=\"La Spezia\" style=\"width: 473px; height: 316px;\" \/> <\/a> <div class=\"tiled-gallery-caption\" itemprop=\"caption description\"> La Spezia <\/div> <\/div> <\/div> <!-- close group --> <\/div> <!-- close row --> <div class=\"gallery-row\" style=\"width: 1170px; height: 522px;\" data-original-width=\"1170\" data-original-height=\"522\" > <div class=\"gallery-group images-1\" style=\"width: 781px; height: 522px;\" data-original-width=\"781\" data-original-height=\"522\" > <div class=\"tiled-gallery-item tiled-gallery-item-large\" itemprop=\"associatedMedia\" itemscope itemtype=\"http:\/\/schema.org\/ImageObject\"> <a href=\"https:\/\/www.light-style.eu\/Blog\/toskana-es-war-traumhaft\/toskana-2016-2\/#main\" border=\"0\" itemprop=\"url\"> <meta itemprop=\"width\" content=\"777\"> <meta itemprop=\"height\" content=\"518\"> <img decoding=\"async\" class=\"\" data-attachment-id=\"2303\" data-orig-file=\"https:\/\/www.light-style.eu\/Blog\/wp-content\/uploads\/2016\/08\/Toskana-2016-2.jpg\" data-orig-size=\"1000,667\" data-comments-opened=\"1\" data-image-meta=\"{&quot;aperture&quot;:&quot;0&quot;,&quot;credit&quot;:&quot;Andi M\\u00f6ller&quot;,&quot;camera&quot;:&quot;&quot;,&quot;caption&quot;:&quot;&quot;,&quot;created_timestamp&quot;:&quot;0&quot;,&quot;copyright&quot;:&quot;Studio Light-Style&quot;,&quot;focal_length&quot;:&quot;0&quot;,&quot;iso&quot;:&quot;0&quot;,&quot;shutter_speed&quot;:&quot;0&quot;,&quot;title&quot;:&quot;&quot;,&quot;orientation&quot;:&quot;0&quot;}\" data-image-title=\"Toskana 2016-2\" data-image-description=\"\" data-medium-file=\"https:\/\/i0.wp.com\/www.light-style.eu\/Blog\/wp-content\/uploads\/2016\/08\/Toskana-2016-2.jpg?fit=600%2C400&#038;ssl=1\" data-large-file=\"https:\/\/i0.wp.com\/www.light-style.eu\/Blog\/wp-content\/uploads\/2016\/08\/Toskana-2016-2.jpg?fit=1000%2C667&#038;ssl=1\" src=\"https:\/\/i0.wp.com\/www.light-style.eu\/Blog\/wp-content\/uploads\/2016\/08\/Toskana-2016-2.jpg?w=777&#038;h=518&#038;ssl=1\" srcset=\"https:\/\/i0.wp.com\/www.light-style.eu\/Blog\/wp-content\/uploads\/2016\/08\/Toskana-2016-2.jpg?w=1000&amp;ssl=1 1000w, https:\/\/i0.wp.com\/www.light-style.eu\/Blog\/wp-content\/uploads\/2016\/08\/Toskana-2016-2.jpg?resize=600%2C400&amp;ssl=1 600w, https:\/\/i0.wp.com\/www.light-style.eu\/Blog\/wp-content\/uploads\/2016\/08\/Toskana-2016-2.jpg?resize=768%2C512&amp;ssl=1 768w\" width=\"777\" height=\"518\" loading=\"lazy\" data-original-width=\"777\" data-original-height=\"518\" itemprop=\"http:\/\/schema.org\/image\" title=\"Toskana 2016-2\" alt=\"La Spezia\" style=\"width: 777px; height: 518px;\" \/> <\/a> <div class=\"tiled-gallery-caption\" itemprop=\"caption description\"> La Spezia <\/div> <\/div> <\/div> <!-- close group --> <div class=\"gallery-group images-2\" style=\"width: 389px; height: 522px;\" data-original-width=\"389\" data-original-height=\"522\" > <div class=\"tiled-gallery-item tiled-gallery-item-large\" itemprop=\"associatedMedia\" itemscope itemtype=\"http:\/\/schema.org\/ImageObject\"> <a href=\"https:\/\/www.light-style.eu\/Blog\/toskana-es-war-traumhaft\/toskana-2016-1\/#main\" border=\"0\" itemprop=\"url\"> <meta itemprop=\"width\" content=\"385\"> <meta itemprop=\"height\" content=\"257\"> <img decoding=\"async\" class=\"\" data-attachment-id=\"2302\" data-orig-file=\"https:\/\/www.light-style.eu\/Blog\/wp-content\/uploads\/2016\/08\/Toskana-2016-1.jpg\" data-orig-size=\"1000,667\" data-comments-opened=\"1\" data-image-meta=\"{&quot;aperture&quot;:&quot;0&quot;,&quot;credit&quot;:&quot;Andi M\\u00f6ller&quot;,&quot;camera&quot;:&quot;&quot;,&quot;caption&quot;:&quot;&quot;,&quot;created_timestamp&quot;:&quot;0&quot;,&quot;copyright&quot;:&quot;Studio Light-Style&quot;,&quot;focal_length&quot;:&quot;0&quot;,&quot;iso&quot;:&quot;0&quot;,&quot;shutter_speed&quot;:&quot;0&quot;,&quot;title&quot;:&quot;&quot;,&quot;orientation&quot;:&quot;0&quot;}\" data-image-title=\"Toskana 2016-1\" data-image-description=\"\" data-medium-file=\"https:\/\/i0.wp.com\/www.light-style.eu\/Blog\/wp-content\/uploads\/2016\/08\/Toskana-2016-1.jpg?fit=600%2C400&#038;ssl=1\" data-large-file=\"https:\/\/i0.wp.com\/www.light-style.eu\/Blog\/wp-content\/uploads\/2016\/08\/Toskana-2016-1.jpg?fit=1000%2C667&#038;ssl=1\" src=\"https:\/\/i0.wp.com\/www.light-style.eu\/Blog\/wp-content\/uploads\/2016\/08\/Toskana-2016-1.jpg?w=385&#038;h=257&#038;ssl=1\" srcset=\"https:\/\/i0.wp.com\/www.light-style.eu\/Blog\/wp-content\/uploads\/2016\/08\/Toskana-2016-1.jpg?w=1000&amp;ssl=1 1000w, https:\/\/i0.wp.com\/www.light-style.eu\/Blog\/wp-content\/uploads\/2016\/08\/Toskana-2016-1.jpg?resize=600%2C400&amp;ssl=1 600w, https:\/\/i0.wp.com\/www.light-style.eu\/Blog\/wp-content\/uploads\/2016\/08\/Toskana-2016-1.jpg?resize=768%2C512&amp;ssl=1 768w\" width=\"385\" height=\"257\" loading=\"lazy\" data-original-width=\"385\" data-original-height=\"257\" itemprop=\"http:\/\/schema.org\/image\" title=\"Toskana 2016-1\" alt=\"La Spezia\" style=\"width: 385px; height: 257px;\" \/> <\/a> <div class=\"tiled-gallery-caption\" itemprop=\"caption description\"> La Spezia <\/div> <\/div> <div class=\"tiled-gallery-item tiled-gallery-item-large\" itemprop=\"associatedMedia\" itemscope itemtype=\"http:\/\/schema.org\/ImageObject\"> <a href=\"https:\/\/www.light-style.eu\/Blog\/toskana-es-war-traumhaft\/toskana-2016-141\/#main\" border=\"0\" itemprop=\"url\"> <meta itemprop=\"width\" content=\"385\"> <meta itemprop=\"height\" content=\"257\"> <img decoding=\"async\" class=\"\" data-attachment-id=\"2294\" data-orig-file=\"https:\/\/www.light-style.eu\/Blog\/wp-content\/uploads\/2016\/08\/Toskana-2016-141.jpg\" data-orig-size=\"1000,667\" data-comments-opened=\"1\" data-image-meta=\"{&quot;aperture&quot;:&quot;0&quot;,&quot;credit&quot;:&quot;Andi M\\u00f6ller&quot;,&quot;camera&quot;:&quot;&quot;,&quot;caption&quot;:&quot;&quot;,&quot;created_timestamp&quot;:&quot;0&quot;,&quot;copyright&quot;:&quot;Studio Light-Style&quot;,&quot;focal_length&quot;:&quot;0&quot;,&quot;iso&quot;:&quot;0&quot;,&quot;shutter_speed&quot;:&quot;0&quot;,&quot;title&quot;:&quot;&quot;,&quot;orientation&quot;:&quot;0&quot;}\" data-image-title=\"Toskana 2016-141\" data-image-description=\"\" data-medium-file=\"https:\/\/i0.wp.com\/www.light-style.eu\/Blog\/wp-content\/uploads\/2016\/08\/Toskana-2016-141.jpg?fit=600%2C400&#038;ssl=1\" data-large-file=\"https:\/\/i0.wp.com\/www.light-style.eu\/Blog\/wp-content\/uploads\/2016\/08\/Toskana-2016-141.jpg?fit=1000%2C667&#038;ssl=1\" src=\"https:\/\/i0.wp.com\/www.light-style.eu\/Blog\/wp-content\/uploads\/2016\/08\/Toskana-2016-141.jpg?w=385&#038;h=257&#038;ssl=1\" srcset=\"https:\/\/i0.wp.com\/www.light-style.eu\/Blog\/wp-content\/uploads\/2016\/08\/Toskana-2016-141.jpg?w=1000&amp;ssl=1 1000w, https:\/\/i0.wp.com\/www.light-style.eu\/Blog\/wp-content\/uploads\/2016\/08\/Toskana-2016-141.jpg?resize=600%2C400&amp;ssl=1 600w, https:\/\/i0.wp.com\/www.light-style.eu\/Blog\/wp-content\/uploads\/2016\/08\/Toskana-2016-141.jpg?resize=768%2C512&amp;ssl=1 768w\" width=\"385\" height=\"257\" loading=\"lazy\" data-original-width=\"385\" data-original-height=\"257\" itemprop=\"http:\/\/schema.org\/image\" title=\"Toskana 2016-141\" alt=\"Region um Porto Stefano\" style=\"width: 385px; height: 257px;\" \/> <\/a> <div class=\"tiled-gallery-caption\" itemprop=\"caption description\"> Region um Porto Stefano <\/div> <\/div> <\/div> <!-- close group --> <\/div> <!-- close row --> <div class=\"gallery-row\" style=\"width: 1170px; height: 234px;\" data-original-width=\"1170\" data-original-height=\"234\" > <div class=\"gallery-group images-1\" style=\"width: 349px; height: 234px;\" data-original-width=\"349\" data-original-height=\"234\" > <div class=\"tiled-gallery-item tiled-gallery-item-large\" itemprop=\"associatedMedia\" itemscope itemtype=\"http:\/\/schema.org\/ImageObject\"> <a href=\"https:\/\/www.light-style.eu\/Blog\/toskana-es-war-traumhaft\/toskana-2016-140\/#main\" border=\"0\" itemprop=\"url\"> <meta itemprop=\"width\" content=\"345\"> <meta itemprop=\"height\" content=\"230\"> <img decoding=\"async\" class=\"\" data-attachment-id=\"2293\" data-orig-file=\"https:\/\/www.light-style.eu\/Blog\/wp-content\/uploads\/2016\/08\/Toskana-2016-140.jpg\" data-orig-size=\"1000,667\" data-comments-opened=\"1\" data-image-meta=\"{&quot;aperture&quot;:&quot;0&quot;,&quot;credit&quot;:&quot;Andi M\\u00f6ller&quot;,&quot;camera&quot;:&quot;&quot;,&quot;caption&quot;:&quot;&quot;,&quot;created_timestamp&quot;:&quot;0&quot;,&quot;copyright&quot;:&quot;Studio Light-Style&quot;,&quot;focal_length&quot;:&quot;0&quot;,&quot;iso&quot;:&quot;0&quot;,&quot;shutter_speed&quot;:&quot;0&quot;,&quot;title&quot;:&quot;&quot;,&quot;orientation&quot;:&quot;0&quot;}\" data-image-title=\"Toskana 2016-140\" data-image-description=\"\" data-medium-file=\"https:\/\/i0.wp.com\/www.light-style.eu\/Blog\/wp-content\/uploads\/2016\/08\/Toskana-2016-140.jpg?fit=600%2C400&#038;ssl=1\" data-large-file=\"https:\/\/i0.wp.com\/www.light-style.eu\/Blog\/wp-content\/uploads\/2016\/08\/Toskana-2016-140.jpg?fit=1000%2C667&#038;ssl=1\" src=\"https:\/\/i0.wp.com\/www.light-style.eu\/Blog\/wp-content\/uploads\/2016\/08\/Toskana-2016-140.jpg?w=345&#038;h=230&#038;ssl=1\" srcset=\"https:\/\/i0.wp.com\/www.light-style.eu\/Blog\/wp-content\/uploads\/2016\/08\/Toskana-2016-140.jpg?w=1000&amp;ssl=1 1000w, https:\/\/i0.wp.com\/www.light-style.eu\/Blog\/wp-content\/uploads\/2016\/08\/Toskana-2016-140.jpg?resize=600%2C400&amp;ssl=1 600w, https:\/\/i0.wp.com\/www.light-style.eu\/Blog\/wp-content\/uploads\/2016\/08\/Toskana-2016-140.jpg?resize=768%2C512&amp;ssl=1 768w\" width=\"345\" height=\"230\" loading=\"lazy\" data-original-width=\"345\" data-original-height=\"230\" itemprop=\"http:\/\/schema.org\/image\" title=\"Toskana 2016-140\" alt=\"Region um Porto Stefano\" style=\"width: 345px; height: 230px;\" \/> <\/a> <div class=\"tiled-gallery-caption\" itemprop=\"caption description\"> Region um Porto Stefano <\/div> <\/div> <\/div> <!-- close group --> <div class=\"gallery-group images-1\" style=\"width: 158px; height: 234px;\" data-original-width=\"158\" data-original-height=\"234\" > <div class=\"tiled-gallery-item tiled-gallery-item-small\" itemprop=\"associatedMedia\" itemscope itemtype=\"http:\/\/schema.org\/ImageObject\"> <a href=\"https:\/\/www.light-style.eu\/Blog\/toskana-es-war-traumhaft\/toskana-2016-139\/#main\" border=\"0\" itemprop=\"url\"> <meta itemprop=\"width\" content=\"154\"> <meta itemprop=\"height\" content=\"230\"> <img decoding=\"async\" class=\"\" data-attachment-id=\"2292\" data-orig-file=\"https:\/\/www.light-style.eu\/Blog\/wp-content\/uploads\/2016\/08\/Toskana-2016-139.jpg\" data-orig-size=\"667,1000\" data-comments-opened=\"1\" data-image-meta=\"{&quot;aperture&quot;:&quot;0&quot;,&quot;credit&quot;:&quot;Andi M\\u00f6ller&quot;,&quot;camera&quot;:&quot;&quot;,&quot;caption&quot;:&quot;&quot;,&quot;created_timestamp&quot;:&quot;0&quot;,&quot;copyright&quot;:&quot;Studio Light-Style&quot;,&quot;focal_length&quot;:&quot;0&quot;,&quot;iso&quot;:&quot;0&quot;,&quot;shutter_speed&quot;:&quot;0&quot;,&quot;title&quot;:&quot;&quot;,&quot;orientation&quot;:&quot;0&quot;}\" data-image-title=\"Toskana 2016-139\" data-image-description=\"\" data-medium-file=\"https:\/\/i0.wp.com\/www.light-style.eu\/Blog\/wp-content\/uploads\/2016\/08\/Toskana-2016-139.jpg?fit=400%2C600&#038;ssl=1\" data-large-file=\"https:\/\/i0.wp.com\/www.light-style.eu\/Blog\/wp-content\/uploads\/2016\/08\/Toskana-2016-139.jpg?fit=667%2C1000&#038;ssl=1\" src=\"https:\/\/i0.wp.com\/www.light-style.eu\/Blog\/wp-content\/uploads\/2016\/08\/Toskana-2016-139.jpg?w=154&#038;h=230&#038;ssl=1\" srcset=\"https:\/\/i0.wp.com\/www.light-style.eu\/Blog\/wp-content\/uploads\/2016\/08\/Toskana-2016-139.jpg?w=667&amp;ssl=1 667w, https:\/\/i0.wp.com\/www.light-style.eu\/Blog\/wp-content\/uploads\/2016\/08\/Toskana-2016-139.jpg?resize=400%2C600&amp;ssl=1 400w\" width=\"154\" height=\"230\" loading=\"lazy\" data-original-width=\"154\" data-original-height=\"230\" itemprop=\"http:\/\/schema.org\/image\" title=\"Toskana 2016-139\" alt=\"Region um Porto Stefano\" style=\"width: 154px; height: 230px;\" \/> <\/a> <div class=\"tiled-gallery-caption\" itemprop=\"caption description\"> Region um Porto Stefano <\/div> <\/div> <\/div> <!-- close group --> <div class=\"gallery-group images-1\" style=\"width: 157px; height: 234px;\" data-original-width=\"157\" data-original-height=\"234\" > <div class=\"tiled-gallery-item tiled-gallery-item-small\" itemprop=\"associatedMedia\" itemscope itemtype=\"http:\/\/schema.org\/ImageObject\"> <a href=\"https:\/\/www.light-style.eu\/Blog\/toskana-es-war-traumhaft\/toskana-2016-138\/#main\" border=\"0\" itemprop=\"url\"> <meta itemprop=\"width\" content=\"153\"> <meta itemprop=\"height\" content=\"230\"> <img decoding=\"async\" class=\"\" data-attachment-id=\"2291\" data-orig-file=\"https:\/\/www.light-style.eu\/Blog\/wp-content\/uploads\/2016\/08\/Toskana-2016-138.jpg\" data-orig-size=\"667,1000\" data-comments-opened=\"1\" data-image-meta=\"{&quot;aperture&quot;:&quot;0&quot;,&quot;credit&quot;:&quot;Andi M\\u00f6ller&quot;,&quot;camera&quot;:&quot;&quot;,&quot;caption&quot;:&quot;&quot;,&quot;created_timestamp&quot;:&quot;0&quot;,&quot;copyright&quot;:&quot;Studio Light-Style&quot;,&quot;focal_length&quot;:&quot;0&quot;,&quot;iso&quot;:&quot;0&quot;,&quot;shutter_speed&quot;:&quot;0&quot;,&quot;title&quot;:&quot;&quot;,&quot;orientation&quot;:&quot;0&quot;}\" data-image-title=\"Toskana 2016-138\" data-image-description=\"\" data-medium-file=\"https:\/\/i0.wp.com\/www.light-style.eu\/Blog\/wp-content\/uploads\/2016\/08\/Toskana-2016-138.jpg?fit=400%2C600&#038;ssl=1\" data-large-file=\"https:\/\/i0.wp.com\/www.light-style.eu\/Blog\/wp-content\/uploads\/2016\/08\/Toskana-2016-138.jpg?fit=667%2C1000&#038;ssl=1\" src=\"https:\/\/i0.wp.com\/www.light-style.eu\/Blog\/wp-content\/uploads\/2016\/08\/Toskana-2016-138.jpg?w=153&#038;h=230&#038;ssl=1\" srcset=\"https:\/\/i0.wp.com\/www.light-style.eu\/Blog\/wp-content\/uploads\/2016\/08\/Toskana-2016-138.jpg?w=667&amp;ssl=1 667w, https:\/\/i0.wp.com\/www.light-style.eu\/Blog\/wp-content\/uploads\/2016\/08\/Toskana-2016-138.jpg?resize=400%2C600&amp;ssl=1 400w\" width=\"153\" height=\"230\" loading=\"lazy\" data-original-width=\"153\" data-original-height=\"230\" itemprop=\"http:\/\/schema.org\/image\" title=\"Toskana 2016-138\" alt=\"Region um Porto Stefano\" style=\"width: 153px; height: 230px;\" \/> <\/a> <div class=\"tiled-gallery-caption\" itemprop=\"caption description\"> Region um Porto Stefano <\/div> <\/div> <\/div> <!-- close group --> <div class=\"gallery-group images-1\" style=\"width: 349px; height: 234px;\" data-original-width=\"349\" data-original-height=\"234\" > <div class=\"tiled-gallery-item tiled-gallery-item-large\" itemprop=\"associatedMedia\" itemscope itemtype=\"http:\/\/schema.org\/ImageObject\"> <a href=\"https:\/\/www.light-style.eu\/Blog\/toskana-es-war-traumhaft\/toskana-2016-137\/#main\" border=\"0\" itemprop=\"url\"> <meta itemprop=\"width\" content=\"345\"> <meta itemprop=\"height\" content=\"230\"> <img decoding=\"async\" class=\"\" data-attachment-id=\"2290\" data-orig-file=\"https:\/\/www.light-style.eu\/Blog\/wp-content\/uploads\/2016\/08\/Toskana-2016-137.jpg\" data-orig-size=\"1000,667\" data-comments-opened=\"1\" data-image-meta=\"{&quot;aperture&quot;:&quot;0&quot;,&quot;credit&quot;:&quot;Andi M\\u00f6ller&quot;,&quot;camera&quot;:&quot;&quot;,&quot;caption&quot;:&quot;&quot;,&quot;created_timestamp&quot;:&quot;0&quot;,&quot;copyright&quot;:&quot;Studio Light-Style&quot;,&quot;focal_length&quot;:&quot;0&quot;,&quot;iso&quot;:&quot;0&quot;,&quot;shutter_speed&quot;:&quot;0&quot;,&quot;title&quot;:&quot;&quot;,&quot;orientation&quot;:&quot;0&quot;}\" data-image-title=\"Toskana 2016-137\" data-image-description=\"\" data-medium-file=\"https:\/\/i0.wp.com\/www.light-style.eu\/Blog\/wp-content\/uploads\/2016\/08\/Toskana-2016-137.jpg?fit=600%2C400&#038;ssl=1\" data-large-file=\"https:\/\/i0.wp.com\/www.light-style.eu\/Blog\/wp-content\/uploads\/2016\/08\/Toskana-2016-137.jpg?fit=1000%2C667&#038;ssl=1\" src=\"https:\/\/i0.wp.com\/www.light-style.eu\/Blog\/wp-content\/uploads\/2016\/08\/Toskana-2016-137.jpg?w=345&#038;h=230&#038;ssl=1\" srcset=\"https:\/\/i0.wp.com\/www.light-style.eu\/Blog\/wp-content\/uploads\/2016\/08\/Toskana-2016-137.jpg?w=1000&amp;ssl=1 1000w, https:\/\/i0.wp.com\/www.light-style.eu\/Blog\/wp-content\/uploads\/2016\/08\/Toskana-2016-137.jpg?resize=600%2C400&amp;ssl=1 600w, https:\/\/i0.wp.com\/www.light-style.eu\/Blog\/wp-content\/uploads\/2016\/08\/Toskana-2016-137.jpg?resize=768%2C512&amp;ssl=1 768w\" width=\"345\" height=\"230\" loading=\"lazy\" data-original-width=\"345\" data-original-height=\"230\" itemprop=\"http:\/\/schema.org\/image\" title=\"Toskana 2016-137\" alt=\"Region um Porto Stefano\" style=\"width: 345px; height: 230px;\" \/> <\/a> <div class=\"tiled-gallery-caption\" itemprop=\"caption description\"> Region um Porto Stefano <\/div> <\/div> <\/div> <!-- close group --> <div class=\"gallery-group images-1\" style=\"width: 157px; height: 234px;\" data-original-width=\"157\" data-original-height=\"234\" > <div class=\"tiled-gallery-item tiled-gallery-item-small\" itemprop=\"associatedMedia\" itemscope itemtype=\"http:\/\/schema.org\/ImageObject\"> <a href=\"https:\/\/www.light-style.eu\/Blog\/toskana-es-war-traumhaft\/toskana-2016-136\/#main\" border=\"0\" itemprop=\"url\"> <meta itemprop=\"width\" content=\"153\"> <meta itemprop=\"height\" content=\"230\"> <img decoding=\"async\" class=\"\" data-attachment-id=\"2289\" data-orig-file=\"https:\/\/www.light-style.eu\/Blog\/wp-content\/uploads\/2016\/08\/Toskana-2016-136.jpg\" data-orig-size=\"667,1000\" data-comments-opened=\"1\" data-image-meta=\"{&quot;aperture&quot;:&quot;0&quot;,&quot;credit&quot;:&quot;Andi M\\u00f6ller&quot;,&quot;camera&quot;:&quot;&quot;,&quot;caption&quot;:&quot;&quot;,&quot;created_timestamp&quot;:&quot;0&quot;,&quot;copyright&quot;:&quot;Studio Light-Style&quot;,&quot;focal_length&quot;:&quot;0&quot;,&quot;iso&quot;:&quot;0&quot;,&quot;shutter_speed&quot;:&quot;0&quot;,&quot;title&quot;:&quot;&quot;,&quot;orientation&quot;:&quot;0&quot;}\" data-image-title=\"Toskana 2016-136\" data-image-description=\"\" data-medium-file=\"https:\/\/i0.wp.com\/www.light-style.eu\/Blog\/wp-content\/uploads\/2016\/08\/Toskana-2016-136.jpg?fit=400%2C600&#038;ssl=1\" data-large-file=\"https:\/\/i0.wp.com\/www.light-style.eu\/Blog\/wp-content\/uploads\/2016\/08\/Toskana-2016-136.jpg?fit=667%2C1000&#038;ssl=1\" src=\"https:\/\/i0.wp.com\/www.light-style.eu\/Blog\/wp-content\/uploads\/2016\/08\/Toskana-2016-136.jpg?w=153&#038;h=230&#038;ssl=1\" srcset=\"https:\/\/i0.wp.com\/www.light-style.eu\/Blog\/wp-content\/uploads\/2016\/08\/Toskana-2016-136.jpg?w=667&amp;ssl=1 667w, https:\/\/i0.wp.com\/www.light-style.eu\/Blog\/wp-content\/uploads\/2016\/08\/Toskana-2016-136.jpg?resize=400%2C600&amp;ssl=1 400w\" width=\"153\" height=\"230\" loading=\"lazy\" data-original-width=\"153\" data-original-height=\"230\" itemprop=\"http:\/\/schema.org\/image\" title=\"Toskana 2016-136\" alt=\"Region um Porto Stefano\" style=\"width: 153px; height: 230px;\" \/> <\/a> <div class=\"tiled-gallery-caption\" itemprop=\"caption description\"> Region um Porto Stefano <\/div> <\/div> <\/div> <!-- close group --> <\/div> <!-- close row --> <div class=\"gallery-row\" style=\"width: 1170px; height: 826px;\" data-original-width=\"1170\" data-original-height=\"826\" > <div class=\"gallery-group images-2\" style=\"width: 617px; height: 826px;\" data-original-width=\"617\" data-original-height=\"826\" > <div class=\"tiled-gallery-item tiled-gallery-item-large\" itemprop=\"associatedMedia\" itemscope itemtype=\"http:\/\/schema.org\/ImageObject\"> <a href=\"https:\/\/www.light-style.eu\/Blog\/toskana-es-war-traumhaft\/toskana-2016-135\/#main\" border=\"0\" itemprop=\"url\"> <meta itemprop=\"width\" content=\"613\"> <meta itemprop=\"height\" content=\"409\"> <img decoding=\"async\" class=\"\" data-attachment-id=\"2288\" data-orig-file=\"https:\/\/www.light-style.eu\/Blog\/wp-content\/uploads\/2016\/08\/Toskana-2016-135.jpg\" data-orig-size=\"1000,667\" data-comments-opened=\"1\" data-image-meta=\"{&quot;aperture&quot;:&quot;0&quot;,&quot;credit&quot;:&quot;Andi M\\u00f6ller&quot;,&quot;camera&quot;:&quot;&quot;,&quot;caption&quot;:&quot;&quot;,&quot;created_timestamp&quot;:&quot;0&quot;,&quot;copyright&quot;:&quot;Studio Light-Style&quot;,&quot;focal_length&quot;:&quot;0&quot;,&quot;iso&quot;:&quot;0&quot;,&quot;shutter_speed&quot;:&quot;0&quot;,&quot;title&quot;:&quot;&quot;,&quot;orientation&quot;:&quot;0&quot;}\" data-image-title=\"Toskana 2016-135\" data-image-description=\"\" data-medium-file=\"https:\/\/i0.wp.com\/www.light-style.eu\/Blog\/wp-content\/uploads\/2016\/08\/Toskana-2016-135.jpg?fit=600%2C400&#038;ssl=1\" data-large-file=\"https:\/\/i0.wp.com\/www.light-style.eu\/Blog\/wp-content\/uploads\/2016\/08\/Toskana-2016-135.jpg?fit=1000%2C667&#038;ssl=1\" src=\"https:\/\/i0.wp.com\/www.light-style.eu\/Blog\/wp-content\/uploads\/2016\/08\/Toskana-2016-135.jpg?w=613&#038;h=409&#038;ssl=1\" srcset=\"https:\/\/i0.wp.com\/www.light-style.eu\/Blog\/wp-content\/uploads\/2016\/08\/Toskana-2016-135.jpg?w=1000&amp;ssl=1 1000w, https:\/\/i0.wp.com\/www.light-style.eu\/Blog\/wp-content\/uploads\/2016\/08\/Toskana-2016-135.jpg?resize=600%2C400&amp;ssl=1 600w, https:\/\/i0.wp.com\/www.light-style.eu\/Blog\/wp-content\/uploads\/2016\/08\/Toskana-2016-135.jpg?resize=768%2C512&amp;ssl=1 768w\" width=\"613\" height=\"409\" loading=\"lazy\" data-original-width=\"613\" data-original-height=\"409\" itemprop=\"http:\/\/schema.org\/image\" title=\"Toskana 2016-135\" alt=\"Porto Santo Stefano\" style=\"width: 613px; height: 409px;\" \/> <\/a> <div class=\"tiled-gallery-caption\" itemprop=\"caption description\"> Porto Santo Stefano <\/div> <\/div> <div class=\"tiled-gallery-item tiled-gallery-item-large\" itemprop=\"associatedMedia\" itemscope itemtype=\"http:\/\/schema.org\/ImageObject\"> <a href=\"https:\/\/www.light-style.eu\/Blog\/toskana-es-war-traumhaft\/toskana-2016-134\/#main\" border=\"0\" itemprop=\"url\"> <meta itemprop=\"width\" content=\"613\"> <meta itemprop=\"height\" content=\"409\"> <img decoding=\"async\" class=\"\" data-attachment-id=\"2287\" data-orig-file=\"https:\/\/www.light-style.eu\/Blog\/wp-content\/uploads\/2016\/08\/Toskana-2016-134.jpg\" data-orig-size=\"1000,667\" data-comments-opened=\"1\" data-image-meta=\"{&quot;aperture&quot;:&quot;0&quot;,&quot;credit&quot;:&quot;Andi M\\u00f6ller&quot;,&quot;camera&quot;:&quot;&quot;,&quot;caption&quot;:&quot;&quot;,&quot;created_timestamp&quot;:&quot;0&quot;,&quot;copyright&quot;:&quot;Studio Light-Style&quot;,&quot;focal_length&quot;:&quot;0&quot;,&quot;iso&quot;:&quot;0&quot;,&quot;shutter_speed&quot;:&quot;0&quot;,&quot;title&quot;:&quot;&quot;,&quot;orientation&quot;:&quot;0&quot;}\" data-image-title=\"Toskana 2016-134\" data-image-description=\"\" data-medium-file=\"https:\/\/i0.wp.com\/www.light-style.eu\/Blog\/wp-content\/uploads\/2016\/08\/Toskana-2016-134.jpg?fit=600%2C400&#038;ssl=1\" data-large-file=\"https:\/\/i0.wp.com\/www.light-style.eu\/Blog\/wp-content\/uploads\/2016\/08\/Toskana-2016-134.jpg?fit=1000%2C667&#038;ssl=1\" src=\"https:\/\/i0.wp.com\/www.light-style.eu\/Blog\/wp-content\/uploads\/2016\/08\/Toskana-2016-134.jpg?w=613&#038;h=409&#038;ssl=1\" srcset=\"https:\/\/i0.wp.com\/www.light-style.eu\/Blog\/wp-content\/uploads\/2016\/08\/Toskana-2016-134.jpg?w=1000&amp;ssl=1 1000w, https:\/\/i0.wp.com\/www.light-style.eu\/Blog\/wp-content\/uploads\/2016\/08\/Toskana-2016-134.jpg?resize=600%2C400&amp;ssl=1 600w, https:\/\/i0.wp.com\/www.light-style.eu\/Blog\/wp-content\/uploads\/2016\/08\/Toskana-2016-134.jpg?resize=768%2C512&amp;ssl=1 768w\" width=\"613\" height=\"409\" loading=\"lazy\" data-original-width=\"613\" data-original-height=\"409\" itemprop=\"http:\/\/schema.org\/image\" title=\"Toskana 2016-134\" alt=\"Porto Santo Stefano\" style=\"width: 613px; height: 409px;\" \/> <\/a> <div class=\"tiled-gallery-caption\" itemprop=\"caption description\"> Porto Santo Stefano <\/div> <\/div> <\/div> <!-- close group --> <div class=\"gallery-group images-1\" style=\"width: 553px; height: 826px;\" data-original-width=\"553\" data-original-height=\"826\" > <div class=\"tiled-gallery-item tiled-gallery-item-large\" itemprop=\"associatedMedia\" itemscope itemtype=\"http:\/\/schema.org\/ImageObject\"> <a href=\"https:\/\/www.light-style.eu\/Blog\/toskana-es-war-traumhaft\/toskana-2016-133\/#main\" border=\"0\" itemprop=\"url\"> <meta itemprop=\"width\" content=\"549\"> <meta itemprop=\"height\" content=\"822\"> <img decoding=\"async\" class=\"\" data-attachment-id=\"2286\" data-orig-file=\"https:\/\/www.light-style.eu\/Blog\/wp-content\/uploads\/2016\/08\/Toskana-2016-133.jpg\" data-orig-size=\"667,1000\" data-comments-opened=\"1\" data-image-meta=\"{&quot;aperture&quot;:&quot;0&quot;,&quot;credit&quot;:&quot;Andi M\\u00f6ller&quot;,&quot;camera&quot;:&quot;&quot;,&quot;caption&quot;:&quot;&quot;,&quot;created_timestamp&quot;:&quot;0&quot;,&quot;copyright&quot;:&quot;Studio Light-Style&quot;,&quot;focal_length&quot;:&quot;0&quot;,&quot;iso&quot;:&quot;0&quot;,&quot;shutter_speed&quot;:&quot;0&quot;,&quot;title&quot;:&quot;&quot;,&quot;orientation&quot;:&quot;0&quot;}\" data-image-title=\"Toskana 2016-133\" data-image-description=\"\" data-medium-file=\"https:\/\/i0.wp.com\/www.light-style.eu\/Blog\/wp-content\/uploads\/2016\/08\/Toskana-2016-133.jpg?fit=400%2C600&#038;ssl=1\" data-large-file=\"https:\/\/i0.wp.com\/www.light-style.eu\/Blog\/wp-content\/uploads\/2016\/08\/Toskana-2016-133.jpg?fit=667%2C1000&#038;ssl=1\" src=\"https:\/\/i0.wp.com\/www.light-style.eu\/Blog\/wp-content\/uploads\/2016\/08\/Toskana-2016-133.jpg?w=549&#038;h=822&#038;ssl=1\" srcset=\"https:\/\/i0.wp.com\/www.light-style.eu\/Blog\/wp-content\/uploads\/2016\/08\/Toskana-2016-133.jpg?w=667&amp;ssl=1 667w, https:\/\/i0.wp.com\/www.light-style.eu\/Blog\/wp-content\/uploads\/2016\/08\/Toskana-2016-133.jpg?resize=400%2C600&amp;ssl=1 400w\" width=\"549\" height=\"822\" loading=\"lazy\" data-original-width=\"549\" data-original-height=\"822\" itemprop=\"http:\/\/schema.org\/image\" title=\"Toskana 2016-133\" alt=\"Porto Santo Stefano\" style=\"width: 549px; height: 822px;\" \/> <\/a> <div class=\"tiled-gallery-caption\" itemprop=\"caption description\"> Porto Santo Stefano <\/div> <\/div> <\/div> <!-- close group --> <\/div> <!-- close row --> <div class=\"gallery-row\" style=\"width: 1170px; height: 261px;\" data-original-width=\"1170\" data-original-height=\"261\" > <div class=\"gallery-group images-1\" style=\"width: 390px; height: 261px;\" data-original-width=\"390\" data-original-height=\"261\" > <div class=\"tiled-gallery-item tiled-gallery-item-large\" itemprop=\"associatedMedia\" itemscope itemtype=\"http:\/\/schema.org\/ImageObject\"> <a href=\"https:\/\/www.light-style.eu\/Blog\/toskana-es-war-traumhaft\/toskana-2016-132\/#main\" border=\"0\" itemprop=\"url\"> <meta itemprop=\"width\" content=\"386\"> <meta itemprop=\"height\" content=\"257\"> <img decoding=\"async\" class=\"\" data-attachment-id=\"2285\" data-orig-file=\"https:\/\/www.light-style.eu\/Blog\/wp-content\/uploads\/2016\/08\/Toskana-2016-132.jpg\" data-orig-size=\"1000,667\" data-comments-opened=\"1\" data-image-meta=\"{&quot;aperture&quot;:&quot;0&quot;,&quot;credit&quot;:&quot;Andi M\\u00f6ller&quot;,&quot;camera&quot;:&quot;&quot;,&quot;caption&quot;:&quot;&quot;,&quot;created_timestamp&quot;:&quot;0&quot;,&quot;copyright&quot;:&quot;Studio Light-Style&quot;,&quot;focal_length&quot;:&quot;0&quot;,&quot;iso&quot;:&quot;0&quot;,&quot;shutter_speed&quot;:&quot;0&quot;,&quot;title&quot;:&quot;&quot;,&quot;orientation&quot;:&quot;0&quot;}\" data-image-title=\"Toskana 2016-132\" data-image-description=\"\" data-medium-file=\"https:\/\/i0.wp.com\/www.light-style.eu\/Blog\/wp-content\/uploads\/2016\/08\/Toskana-2016-132.jpg?fit=600%2C400&#038;ssl=1\" data-large-file=\"https:\/\/i0.wp.com\/www.light-style.eu\/Blog\/wp-content\/uploads\/2016\/08\/Toskana-2016-132.jpg?fit=1000%2C667&#038;ssl=1\" src=\"https:\/\/i0.wp.com\/www.light-style.eu\/Blog\/wp-content\/uploads\/2016\/08\/Toskana-2016-132.jpg?w=386&#038;h=257&#038;ssl=1\" srcset=\"https:\/\/i0.wp.com\/www.light-style.eu\/Blog\/wp-content\/uploads\/2016\/08\/Toskana-2016-132.jpg?w=1000&amp;ssl=1 1000w, https:\/\/i0.wp.com\/www.light-style.eu\/Blog\/wp-content\/uploads\/2016\/08\/Toskana-2016-132.jpg?resize=600%2C400&amp;ssl=1 600w, https:\/\/i0.wp.com\/www.light-style.eu\/Blog\/wp-content\/uploads\/2016\/08\/Toskana-2016-132.jpg?resize=768%2C512&amp;ssl=1 768w\" width=\"386\" height=\"257\" loading=\"lazy\" data-original-width=\"386\" data-original-height=\"257\" itemprop=\"http:\/\/schema.org\/image\" title=\"Toskana 2016-132\" alt=\"Porto Santo Stefano\" style=\"width: 386px; height: 257px;\" \/> <\/a> <div class=\"tiled-gallery-caption\" itemprop=\"caption description\"> Porto Santo Stefano <\/div> <\/div> <\/div> <!-- close group --> <div class=\"gallery-group images-1\" style=\"width: 390px; height: 261px;\" data-original-width=\"390\" data-original-height=\"261\" > <div class=\"tiled-gallery-item tiled-gallery-item-large\" itemprop=\"associatedMedia\" itemscope itemtype=\"http:\/\/schema.org\/ImageObject\"> <a href=\"https:\/\/www.light-style.eu\/Blog\/toskana-es-war-traumhaft\/toskana-2016-131\/#main\" border=\"0\" itemprop=\"url\"> <meta itemprop=\"width\" content=\"386\"> <meta itemprop=\"height\" content=\"257\"> <img decoding=\"async\" class=\"\" data-attachment-id=\"2284\" data-orig-file=\"https:\/\/www.light-style.eu\/Blog\/wp-content\/uploads\/2016\/08\/Toskana-2016-131.jpg\" data-orig-size=\"1000,667\" data-comments-opened=\"1\" data-image-meta=\"{&quot;aperture&quot;:&quot;0&quot;,&quot;credit&quot;:&quot;Andi M\\u00f6ller&quot;,&quot;camera&quot;:&quot;&quot;,&quot;caption&quot;:&quot;&quot;,&quot;created_timestamp&quot;:&quot;0&quot;,&quot;copyright&quot;:&quot;Studio Light-Style&quot;,&quot;focal_length&quot;:&quot;0&quot;,&quot;iso&quot;:&quot;0&quot;,&quot;shutter_speed&quot;:&quot;0&quot;,&quot;title&quot;:&quot;&quot;,&quot;orientation&quot;:&quot;0&quot;}\" data-image-title=\"Toskana 2016-131\" data-image-description=\"\" data-medium-file=\"https:\/\/i0.wp.com\/www.light-style.eu\/Blog\/wp-content\/uploads\/2016\/08\/Toskana-2016-131.jpg?fit=600%2C400&#038;ssl=1\" data-large-file=\"https:\/\/i0.wp.com\/www.light-style.eu\/Blog\/wp-content\/uploads\/2016\/08\/Toskana-2016-131.jpg?fit=1000%2C667&#038;ssl=1\" src=\"https:\/\/i0.wp.com\/www.light-style.eu\/Blog\/wp-content\/uploads\/2016\/08\/Toskana-2016-131.jpg?w=386&#038;h=257&#038;ssl=1\" srcset=\"https:\/\/i0.wp.com\/www.light-style.eu\/Blog\/wp-content\/uploads\/2016\/08\/Toskana-2016-131.jpg?w=1000&amp;ssl=1 1000w, https:\/\/i0.wp.com\/www.light-style.eu\/Blog\/wp-content\/uploads\/2016\/08\/Toskana-2016-131.jpg?resize=600%2C400&amp;ssl=1 600w, https:\/\/i0.wp.com\/www.light-style.eu\/Blog\/wp-content\/uploads\/2016\/08\/Toskana-2016-131.jpg?resize=768%2C512&amp;ssl=1 768w\" width=\"386\" height=\"257\" loading=\"lazy\" data-original-width=\"386\" data-original-height=\"257\" itemprop=\"http:\/\/schema.org\/image\" title=\"Toskana 2016-131\" alt=\"Toskana 2016-131\" style=\"width: 386px; height: 257px;\" \/> <\/a> <\/div> <\/div> <!-- close group --> <div class=\"gallery-group images-1\" style=\"width: 390px; height: 261px;\" data-original-width=\"390\" data-original-height=\"261\" > <div class=\"tiled-gallery-item tiled-gallery-item-large\" itemprop=\"associatedMedia\" itemscope itemtype=\"http:\/\/schema.org\/ImageObject\"> <a href=\"https:\/\/www.light-style.eu\/Blog\/toskana-es-war-traumhaft\/toskana-2016-130\/#main\" border=\"0\" itemprop=\"url\"> <meta itemprop=\"width\" content=\"386\"> <meta itemprop=\"height\" content=\"257\"> <img decoding=\"async\" class=\"\" data-attachment-id=\"2283\" data-orig-file=\"https:\/\/www.light-style.eu\/Blog\/wp-content\/uploads\/2016\/08\/Toskana-2016-130.jpg\" data-orig-size=\"1000,667\" data-comments-opened=\"1\" data-image-meta=\"{&quot;aperture&quot;:&quot;0&quot;,&quot;credit&quot;:&quot;Andi M\\u00f6ller&quot;,&quot;camera&quot;:&quot;&quot;,&quot;caption&quot;:&quot;&quot;,&quot;created_timestamp&quot;:&quot;0&quot;,&quot;copyright&quot;:&quot;Studio Light-Style&quot;,&quot;focal_length&quot;:&quot;0&quot;,&quot;iso&quot;:&quot;0&quot;,&quot;shutter_speed&quot;:&quot;0&quot;,&quot;title&quot;:&quot;&quot;,&quot;orientation&quot;:&quot;0&quot;}\" data-image-title=\"Toskana 2016-130\" data-image-description=\"\" data-medium-file=\"https:\/\/i0.wp.com\/www.light-style.eu\/Blog\/wp-content\/uploads\/2016\/08\/Toskana-2016-130.jpg?fit=600%2C400&#038;ssl=1\" data-large-file=\"https:\/\/i0.wp.com\/www.light-style.eu\/Blog\/wp-content\/uploads\/2016\/08\/Toskana-2016-130.jpg?fit=1000%2C667&#038;ssl=1\" src=\"https:\/\/i0.wp.com\/www.light-style.eu\/Blog\/wp-content\/uploads\/2016\/08\/Toskana-2016-130.jpg?w=386&#038;h=257&#038;ssl=1\" srcset=\"https:\/\/i0.wp.com\/www.light-style.eu\/Blog\/wp-content\/uploads\/2016\/08\/Toskana-2016-130.jpg?w=1000&amp;ssl=1 1000w, https:\/\/i0.wp.com\/www.light-style.eu\/Blog\/wp-content\/uploads\/2016\/08\/Toskana-2016-130.jpg?resize=600%2C400&amp;ssl=1 600w, https:\/\/i0.wp.com\/www.light-style.eu\/Blog\/wp-content\/uploads\/2016\/08\/Toskana-2016-130.jpg?resize=768%2C512&amp;ssl=1 768w\" width=\"386\" height=\"257\" loading=\"lazy\" data-original-width=\"386\" data-original-height=\"257\" itemprop=\"http:\/\/schema.org\/image\" title=\"Toskana 2016-130\" alt=\"Florenz\" style=\"width: 386px; height: 257px;\" \/> <\/a> <div class=\"tiled-gallery-caption\" itemprop=\"caption description\"> Florenz <\/div> <\/div> <\/div> <!-- close group --> <\/div> <!-- close row --> <div class=\"gallery-row\" style=\"width: 1170px; height: 234px;\" data-original-width=\"1170\" data-original-height=\"234\" > <div class=\"gallery-group images-1\" style=\"width: 349px; height: 234px;\" data-original-width=\"349\" data-original-height=\"234\" > <div class=\"tiled-gallery-item tiled-gallery-item-large\" itemprop=\"associatedMedia\" itemscope itemtype=\"http:\/\/schema.org\/ImageObject\"> <a href=\"https:\/\/www.light-style.eu\/Blog\/toskana-es-war-traumhaft\/toskana-2016-129\/#main\" border=\"0\" itemprop=\"url\"> <meta itemprop=\"width\" content=\"345\"> <meta itemprop=\"height\" content=\"230\"> <img decoding=\"async\" class=\"\" data-attachment-id=\"2282\" data-orig-file=\"https:\/\/www.light-style.eu\/Blog\/wp-content\/uploads\/2016\/08\/Toskana-2016-129.jpg\" data-orig-size=\"1000,667\" data-comments-opened=\"1\" data-image-meta=\"{&quot;aperture&quot;:&quot;0&quot;,&quot;credit&quot;:&quot;Andi M\\u00f6ller&quot;,&quot;camera&quot;:&quot;&quot;,&quot;caption&quot;:&quot;&quot;,&quot;created_timestamp&quot;:&quot;0&quot;,&quot;copyright&quot;:&quot;Studio Light-Style&quot;,&quot;focal_length&quot;:&quot;0&quot;,&quot;iso&quot;:&quot;0&quot;,&quot;shutter_speed&quot;:&quot;0&quot;,&quot;title&quot;:&quot;&quot;,&quot;orientation&quot;:&quot;0&quot;}\" data-image-title=\"Toskana 2016-129\" data-image-description=\"\" data-medium-file=\"https:\/\/i0.wp.com\/www.light-style.eu\/Blog\/wp-content\/uploads\/2016\/08\/Toskana-2016-129.jpg?fit=600%2C400&#038;ssl=1\" data-large-file=\"https:\/\/i0.wp.com\/www.light-style.eu\/Blog\/wp-content\/uploads\/2016\/08\/Toskana-2016-129.jpg?fit=1000%2C667&#038;ssl=1\" src=\"https:\/\/i0.wp.com\/www.light-style.eu\/Blog\/wp-content\/uploads\/2016\/08\/Toskana-2016-129.jpg?w=345&#038;h=230&#038;ssl=1\" srcset=\"https:\/\/i0.wp.com\/www.light-style.eu\/Blog\/wp-content\/uploads\/2016\/08\/Toskana-2016-129.jpg?w=1000&amp;ssl=1 1000w, https:\/\/i0.wp.com\/www.light-style.eu\/Blog\/wp-content\/uploads\/2016\/08\/Toskana-2016-129.jpg?resize=600%2C400&amp;ssl=1 600w, https:\/\/i0.wp.com\/www.light-style.eu\/Blog\/wp-content\/uploads\/2016\/08\/Toskana-2016-129.jpg?resize=768%2C512&amp;ssl=1 768w\" width=\"345\" height=\"230\" loading=\"lazy\" data-original-width=\"345\" data-original-height=\"230\" itemprop=\"http:\/\/schema.org\/image\" title=\"Toskana 2016-129\" alt=\"Florenz\" style=\"width: 345px; height: 230px;\" \/> <\/a> <div class=\"tiled-gallery-caption\" itemprop=\"caption description\"> Florenz <\/div> <\/div> <\/div> <!-- close group --> <div class=\"gallery-group images-1\" style=\"width: 349px; height: 234px;\" data-original-width=\"349\" data-original-height=\"234\" > <div class=\"tiled-gallery-item tiled-gallery-item-large\" itemprop=\"associatedMedia\" itemscope itemtype=\"http:\/\/schema.org\/ImageObject\"> <a href=\"https:\/\/www.light-style.eu\/Blog\/toskana-es-war-traumhaft\/toskana-2016-128\/#main\" border=\"0\" itemprop=\"url\"> <meta itemprop=\"width\" content=\"345\"> <meta itemprop=\"height\" content=\"230\"> <img decoding=\"async\" class=\"\" data-attachment-id=\"2281\" data-orig-file=\"https:\/\/www.light-style.eu\/Blog\/wp-content\/uploads\/2016\/08\/Toskana-2016-128.jpg\" data-orig-size=\"1000,667\" data-comments-opened=\"1\" data-image-meta=\"{&quot;aperture&quot;:&quot;0&quot;,&quot;credit&quot;:&quot;Andi M\\u00f6ller&quot;,&quot;camera&quot;:&quot;&quot;,&quot;caption&quot;:&quot;&quot;,&quot;created_timestamp&quot;:&quot;0&quot;,&quot;copyright&quot;:&quot;Studio Light-Style&quot;,&quot;focal_length&quot;:&quot;0&quot;,&quot;iso&quot;:&quot;0&quot;,&quot;shutter_speed&quot;:&quot;0&quot;,&quot;title&quot;:&quot;&quot;,&quot;orientation&quot;:&quot;0&quot;}\" data-image-title=\"Toskana 2016-128\" data-image-description=\"\" data-medium-file=\"https:\/\/i0.wp.com\/www.light-style.eu\/Blog\/wp-content\/uploads\/2016\/08\/Toskana-2016-128.jpg?fit=600%2C400&#038;ssl=1\" data-large-file=\"https:\/\/i0.wp.com\/www.light-style.eu\/Blog\/wp-content\/uploads\/2016\/08\/Toskana-2016-128.jpg?fit=1000%2C667&#038;ssl=1\" src=\"https:\/\/i0.wp.com\/www.light-style.eu\/Blog\/wp-content\/uploads\/2016\/08\/Toskana-2016-128.jpg?w=345&#038;h=230&#038;ssl=1\" srcset=\"https:\/\/i0.wp.com\/www.light-style.eu\/Blog\/wp-content\/uploads\/2016\/08\/Toskana-2016-128.jpg?w=1000&amp;ssl=1 1000w, https:\/\/i0.wp.com\/www.light-style.eu\/Blog\/wp-content\/uploads\/2016\/08\/Toskana-2016-128.jpg?resize=600%2C400&amp;ssl=1 600w, https:\/\/i0.wp.com\/www.light-style.eu\/Blog\/wp-content\/uploads\/2016\/08\/Toskana-2016-128.jpg?resize=768%2C512&amp;ssl=1 768w\" width=\"345\" height=\"230\" loading=\"lazy\" data-original-width=\"345\" data-original-height=\"230\" itemprop=\"http:\/\/schema.org\/image\" title=\"Toskana 2016-128\" alt=\"Florenz\" style=\"width: 345px; height: 230px;\" \/> <\/a> <div class=\"tiled-gallery-caption\" itemprop=\"caption description\"> Florenz <\/div> <\/div> <\/div> <!-- close group --> <div class=\"gallery-group images-1\" style=\"width: 158px; height: 234px;\" data-original-width=\"158\" data-original-height=\"234\" > <div class=\"tiled-gallery-item tiled-gallery-item-small\" itemprop=\"associatedMedia\" itemscope itemtype=\"http:\/\/schema.org\/ImageObject\"> <a href=\"https:\/\/www.light-style.eu\/Blog\/toskana-es-war-traumhaft\/toskana-2016-127\/#main\" border=\"0\" itemprop=\"url\"> <meta itemprop=\"width\" content=\"154\"> <meta itemprop=\"height\" content=\"230\"> <img decoding=\"async\" class=\"\" data-attachment-id=\"2280\" data-orig-file=\"https:\/\/www.light-style.eu\/Blog\/wp-content\/uploads\/2016\/08\/Toskana-2016-127.jpg\" data-orig-size=\"667,1000\" data-comments-opened=\"1\" data-image-meta=\"{&quot;aperture&quot;:&quot;0&quot;,&quot;credit&quot;:&quot;Andi M\\u00f6ller&quot;,&quot;camera&quot;:&quot;&quot;,&quot;caption&quot;:&quot;&quot;,&quot;created_timestamp&quot;:&quot;0&quot;,&quot;copyright&quot;:&quot;Studio Light-Style&quot;,&quot;focal_length&quot;:&quot;0&quot;,&quot;iso&quot;:&quot;0&quot;,&quot;shutter_speed&quot;:&quot;0&quot;,&quot;title&quot;:&quot;&quot;,&quot;orientation&quot;:&quot;0&quot;}\" data-image-title=\"Toskana 2016-127\" data-image-description=\"\" data-medium-file=\"https:\/\/i0.wp.com\/www.light-style.eu\/Blog\/wp-content\/uploads\/2016\/08\/Toskana-2016-127.jpg?fit=400%2C600&#038;ssl=1\" data-large-file=\"https:\/\/i0.wp.com\/www.light-style.eu\/Blog\/wp-content\/uploads\/2016\/08\/Toskana-2016-127.jpg?fit=667%2C1000&#038;ssl=1\" src=\"https:\/\/i0.wp.com\/www.light-style.eu\/Blog\/wp-content\/uploads\/2016\/08\/Toskana-2016-127.jpg?w=154&#038;h=230&#038;ssl=1\" srcset=\"https:\/\/i0.wp.com\/www.light-style.eu\/Blog\/wp-content\/uploads\/2016\/08\/Toskana-2016-127.jpg?w=667&amp;ssl=1 667w, https:\/\/i0.wp.com\/www.light-style.eu\/Blog\/wp-content\/uploads\/2016\/08\/Toskana-2016-127.jpg?resize=400%2C600&amp;ssl=1 400w\" width=\"154\" height=\"230\" loading=\"lazy\" data-original-width=\"154\" data-original-height=\"230\" itemprop=\"http:\/\/schema.org\/image\" title=\"Toskana 2016-127\" alt=\"Florenz\" style=\"width: 154px; height: 230px;\" \/> <\/a> <div class=\"tiled-gallery-caption\" itemprop=\"caption description\"> Florenz <\/div> <\/div> <\/div> <!-- close group --> <div class=\"gallery-group images-1\" style=\"width: 157px; height: 234px;\" data-original-width=\"157\" data-original-height=\"234\" > <div class=\"tiled-gallery-item tiled-gallery-item-small\" itemprop=\"associatedMedia\" itemscope itemtype=\"http:\/\/schema.org\/ImageObject\"> <a href=\"https:\/\/www.light-style.eu\/Blog\/toskana-es-war-traumhaft\/toskana-2016-126\/#main\" border=\"0\" itemprop=\"url\"> <meta itemprop=\"width\" content=\"153\"> <meta itemprop=\"height\" content=\"230\"> <img decoding=\"async\" class=\"\" data-attachment-id=\"2279\" data-orig-file=\"https:\/\/www.light-style.eu\/Blog\/wp-content\/uploads\/2016\/08\/Toskana-2016-126.jpg\" data-orig-size=\"667,1000\" data-comments-opened=\"1\" data-image-meta=\"{&quot;aperture&quot;:&quot;0&quot;,&quot;credit&quot;:&quot;Andi M\\u00f6ller&quot;,&quot;camera&quot;:&quot;&quot;,&quot;caption&quot;:&quot;&quot;,&quot;created_timestamp&quot;:&quot;0&quot;,&quot;copyright&quot;:&quot;Studio Light-Style&quot;,&quot;focal_length&quot;:&quot;0&quot;,&quot;iso&quot;:&quot;0&quot;,&quot;shutter_speed&quot;:&quot;0&quot;,&quot;title&quot;:&quot;&quot;,&quot;orientation&quot;:&quot;0&quot;}\" data-image-title=\"Toskana 2016-126\" data-image-description=\"\" data-medium-file=\"https:\/\/i0.wp.com\/www.light-style.eu\/Blog\/wp-content\/uploads\/2016\/08\/Toskana-2016-126.jpg?fit=400%2C600&#038;ssl=1\" data-large-file=\"https:\/\/i0.wp.com\/www.light-style.eu\/Blog\/wp-content\/uploads\/2016\/08\/Toskana-2016-126.jpg?fit=667%2C1000&#038;ssl=1\" src=\"https:\/\/i0.wp.com\/www.light-style.eu\/Blog\/wp-content\/uploads\/2016\/08\/Toskana-2016-126.jpg?w=153&#038;h=230&#038;ssl=1\" srcset=\"https:\/\/i0.wp.com\/www.light-style.eu\/Blog\/wp-content\/uploads\/2016\/08\/Toskana-2016-126.jpg?w=667&amp;ssl=1 667w, https:\/\/i0.wp.com\/www.light-style.eu\/Blog\/wp-content\/uploads\/2016\/08\/Toskana-2016-126.jpg?resize=400%2C600&amp;ssl=1 400w\" width=\"153\" height=\"230\" loading=\"lazy\" data-original-width=\"153\" data-original-height=\"230\" itemprop=\"http:\/\/schema.org\/image\" title=\"Toskana 2016-126\" alt=\"Florenz\" style=\"width: 153px; height: 230px;\" \/> <\/a> <div class=\"tiled-gallery-caption\" itemprop=\"caption description\"> Florenz <\/div> <\/div> <\/div> <!-- close group --> <div class=\"gallery-group images-1\" style=\"width: 157px; height: 234px;\" data-original-width=\"157\" data-original-height=\"234\" > <div class=\"tiled-gallery-item tiled-gallery-item-small\" itemprop=\"associatedMedia\" itemscope itemtype=\"http:\/\/schema.org\/ImageObject\"> <a href=\"https:\/\/www.light-style.eu\/Blog\/toskana-es-war-traumhaft\/toskana-2016-125\/#main\" border=\"0\" itemprop=\"url\"> <meta itemprop=\"width\" content=\"153\"> <meta itemprop=\"height\" content=\"230\"> <img decoding=\"async\" class=\"\" data-attachment-id=\"2278\" data-orig-file=\"https:\/\/www.light-style.eu\/Blog\/wp-content\/uploads\/2016\/08\/Toskana-2016-125.jpg\" data-orig-size=\"667,1000\" data-comments-opened=\"1\" data-image-meta=\"{&quot;aperture&quot;:&quot;0&quot;,&quot;credit&quot;:&quot;Andi M\\u00f6ller&quot;,&quot;camera&quot;:&quot;&quot;,&quot;caption&quot;:&quot;&quot;,&quot;created_timestamp&quot;:&quot;0&quot;,&quot;copyright&quot;:&quot;Studio Light-Style&quot;,&quot;focal_length&quot;:&quot;0&quot;,&quot;iso&quot;:&quot;0&quot;,&quot;shutter_speed&quot;:&quot;0&quot;,&quot;title&quot;:&quot;&quot;,&quot;orientation&quot;:&quot;0&quot;}\" data-image-title=\"Toskana 2016-125\" data-image-description=\"\" data-medium-file=\"https:\/\/i0.wp.com\/www.light-style.eu\/Blog\/wp-content\/uploads\/2016\/08\/Toskana-2016-125.jpg?fit=400%2C600&#038;ssl=1\" data-large-file=\"https:\/\/i0.wp.com\/www.light-style.eu\/Blog\/wp-content\/uploads\/2016\/08\/Toskana-2016-125.jpg?fit=667%2C1000&#038;ssl=1\" src=\"https:\/\/i0.wp.com\/www.light-style.eu\/Blog\/wp-content\/uploads\/2016\/08\/Toskana-2016-125.jpg?w=153&#038;h=230&#038;ssl=1\" srcset=\"https:\/\/i0.wp.com\/www.light-style.eu\/Blog\/wp-content\/uploads\/2016\/08\/Toskana-2016-125.jpg?w=667&amp;ssl=1 667w, https:\/\/i0.wp.com\/www.light-style.eu\/Blog\/wp-content\/uploads\/2016\/08\/Toskana-2016-125.jpg?resize=400%2C600&amp;ssl=1 400w\" width=\"153\" height=\"230\" loading=\"lazy\" data-original-width=\"153\" data-original-height=\"230\" itemprop=\"http:\/\/schema.org\/image\" title=\"Toskana 2016-125\" alt=\"Florenz\" style=\"width: 153px; height: 230px;\" \/> <\/a> <div class=\"tiled-gallery-caption\" itemprop=\"caption description\"> Florenz <\/div> <\/div> <\/div> <!-- close group --> <\/div> <!-- close row --> <div class=\"gallery-row\" style=\"width: 1170px; height: 540px;\" data-original-width=\"1170\" data-original-height=\"540\" > <div class=\"gallery-group images-1\" style=\"width: 808px; height: 540px;\" data-original-width=\"808\" data-original-height=\"540\" > <div class=\"tiled-gallery-item tiled-gallery-item-large\" itemprop=\"associatedMedia\" itemscope itemtype=\"http:\/\/schema.org\/ImageObject\"> <a href=\"https:\/\/www.light-style.eu\/Blog\/toskana-es-war-traumhaft\/toskana-2016-124\/#main\" border=\"0\" itemprop=\"url\"> <meta itemprop=\"width\" content=\"804\"> <meta itemprop=\"height\" content=\"536\"> <img decoding=\"async\" class=\"\" data-attachment-id=\"2277\" data-orig-file=\"https:\/\/www.light-style.eu\/Blog\/wp-content\/uploads\/2016\/08\/Toskana-2016-124.jpg\" data-orig-size=\"1000,667\" data-comments-opened=\"1\" data-image-meta=\"{&quot;aperture&quot;:&quot;0&quot;,&quot;credit&quot;:&quot;Andi M\\u00f6ller&quot;,&quot;camera&quot;:&quot;&quot;,&quot;caption&quot;:&quot;&quot;,&quot;created_timestamp&quot;:&quot;0&quot;,&quot;copyright&quot;:&quot;Studio Light-Style&quot;,&quot;focal_length&quot;:&quot;0&quot;,&quot;iso&quot;:&quot;0&quot;,&quot;shutter_speed&quot;:&quot;0&quot;,&quot;title&quot;:&quot;&quot;,&quot;orientation&quot;:&quot;0&quot;}\" data-image-title=\"Toskana 2016-124\" data-image-description=\"\" data-medium-file=\"https:\/\/i0.wp.com\/www.light-style.eu\/Blog\/wp-content\/uploads\/2016\/08\/Toskana-2016-124.jpg?fit=600%2C400&#038;ssl=1\" data-large-file=\"https:\/\/i0.wp.com\/www.light-style.eu\/Blog\/wp-content\/uploads\/2016\/08\/Toskana-2016-124.jpg?fit=1000%2C667&#038;ssl=1\" src=\"https:\/\/i0.wp.com\/www.light-style.eu\/Blog\/wp-content\/uploads\/2016\/08\/Toskana-2016-124.jpg?w=804&#038;h=536&#038;ssl=1\" srcset=\"https:\/\/i0.wp.com\/www.light-style.eu\/Blog\/wp-content\/uploads\/2016\/08\/Toskana-2016-124.jpg?w=1000&amp;ssl=1 1000w, https:\/\/i0.wp.com\/www.light-style.eu\/Blog\/wp-content\/uploads\/2016\/08\/Toskana-2016-124.jpg?resize=600%2C400&amp;ssl=1 600w, https:\/\/i0.wp.com\/www.light-style.eu\/Blog\/wp-content\/uploads\/2016\/08\/Toskana-2016-124.jpg?resize=768%2C512&amp;ssl=1 768w\" width=\"804\" height=\"536\" loading=\"lazy\" data-original-width=\"804\" data-original-height=\"536\" itemprop=\"http:\/\/schema.org\/image\" title=\"Toskana 2016-124\" alt=\"Florenz\" style=\"width: 804px; height: 536px;\" \/> <\/a> <div class=\"tiled-gallery-caption\" itemprop=\"caption description\"> Florenz <\/div> <\/div> <\/div> <!-- close group --> <div class=\"gallery-group images-1\" style=\"width: 362px; height: 540px;\" data-original-width=\"362\" data-original-height=\"540\" > <div class=\"tiled-gallery-item tiled-gallery-item-large\" itemprop=\"associatedMedia\" itemscope itemtype=\"http:\/\/schema.org\/ImageObject\"> <a href=\"https:\/\/www.light-style.eu\/Blog\/canons-spritzwasserschutz-seine-tuecken\/toskana-2016-123\/#main\" border=\"0\" itemprop=\"url\"> <meta itemprop=\"width\" content=\"358\"> <meta itemprop=\"height\" content=\"536\"> <img decoding=\"async\" class=\"\" data-attachment-id=\"2276\" data-orig-file=\"https:\/\/www.light-style.eu\/Blog\/wp-content\/uploads\/2016\/08\/Toskana-2016-123.jpg\" data-orig-size=\"667,1000\" data-comments-opened=\"1\" data-image-meta=\"{&quot;aperture&quot;:&quot;0&quot;,&quot;credit&quot;:&quot;Andi M\\u00f6ller&quot;,&quot;camera&quot;:&quot;&quot;,&quot;caption&quot;:&quot;&quot;,&quot;created_timestamp&quot;:&quot;0&quot;,&quot;copyright&quot;:&quot;Studio Light-Style&quot;,&quot;focal_length&quot;:&quot;0&quot;,&quot;iso&quot;:&quot;0&quot;,&quot;shutter_speed&quot;:&quot;0&quot;,&quot;title&quot;:&quot;&quot;,&quot;orientation&quot;:&quot;0&quot;}\" data-image-title=\"Toskana 2016-123\" data-image-description=\"\" data-medium-file=\"https:\/\/i0.wp.com\/www.light-style.eu\/Blog\/wp-content\/uploads\/2016\/08\/Toskana-2016-123.jpg?fit=400%2C600&#038;ssl=1\" data-large-file=\"https:\/\/i0.wp.com\/www.light-style.eu\/Blog\/wp-content\/uploads\/2016\/08\/Toskana-2016-123.jpg?fit=667%2C1000&#038;ssl=1\" src=\"https:\/\/i0.wp.com\/www.light-style.eu\/Blog\/wp-content\/uploads\/2016\/08\/Toskana-2016-123.jpg?w=358&#038;h=536&#038;ssl=1\" srcset=\"https:\/\/i0.wp.com\/www.light-style.eu\/Blog\/wp-content\/uploads\/2016\/08\/Toskana-2016-123.jpg?w=667&amp;ssl=1 667w, https:\/\/i0.wp.com\/www.light-style.eu\/Blog\/wp-content\/uploads\/2016\/08\/Toskana-2016-123.jpg?resize=400%2C600&amp;ssl=1 400w\" width=\"358\" height=\"536\" loading=\"lazy\" data-original-width=\"358\" data-original-height=\"536\" itemprop=\"http:\/\/schema.org\/image\" title=\"Toskana 2016-123\" alt=\"Florenz\" style=\"width: 358px; height: 536px;\" \/> <\/a> <div class=\"tiled-gallery-caption\" itemprop=\"caption description\"> Florenz <\/div> <\/div> <\/div> <!-- close group --> <\/div> <!-- close row --> <div class=\"gallery-row\" style=\"width: 1170px; height: 540px;\" data-original-width=\"1170\" data-original-height=\"540\" > <div class=\"gallery-group images-1\" style=\"width: 808px; height: 540px;\" data-original-width=\"808\" data-original-height=\"540\" > <div class=\"tiled-gallery-item tiled-gallery-item-large\" itemprop=\"associatedMedia\" itemscope itemtype=\"http:\/\/schema.org\/ImageObject\"> <a href=\"https:\/\/www.light-style.eu\/Blog\/toskana-es-war-traumhaft\/toskana-2016-122\/#main\" border=\"0\" itemprop=\"url\"> <meta itemprop=\"width\" content=\"804\"> <meta itemprop=\"height\" content=\"536\"> <img decoding=\"async\" class=\"\" data-attachment-id=\"2275\" data-orig-file=\"https:\/\/www.light-style.eu\/Blog\/wp-content\/uploads\/2016\/08\/Toskana-2016-122.jpg\" data-orig-size=\"1000,667\" data-comments-opened=\"1\" data-image-meta=\"{&quot;aperture&quot;:&quot;0&quot;,&quot;credit&quot;:&quot;Andi M\\u00f6ller&quot;,&quot;camera&quot;:&quot;&quot;,&quot;caption&quot;:&quot;&quot;,&quot;created_timestamp&quot;:&quot;0&quot;,&quot;copyright&quot;:&quot;Studio Light-Style&quot;,&quot;focal_length&quot;:&quot;0&quot;,&quot;iso&quot;:&quot;0&quot;,&quot;shutter_speed&quot;:&quot;0&quot;,&quot;title&quot;:&quot;&quot;,&quot;orientation&quot;:&quot;0&quot;}\" data-image-title=\"Toskana 2016-122\" data-image-description=\"\" data-medium-file=\"https:\/\/i0.wp.com\/www.light-style.eu\/Blog\/wp-content\/uploads\/2016\/08\/Toskana-2016-122.jpg?fit=600%2C400&#038;ssl=1\" data-large-file=\"https:\/\/i0.wp.com\/www.light-style.eu\/Blog\/wp-content\/uploads\/2016\/08\/Toskana-2016-122.jpg?fit=1000%2C667&#038;ssl=1\" src=\"https:\/\/i0.wp.com\/www.light-style.eu\/Blog\/wp-content\/uploads\/2016\/08\/Toskana-2016-122.jpg?w=804&#038;h=536&#038;ssl=1\" srcset=\"https:\/\/i0.wp.com\/www.light-style.eu\/Blog\/wp-content\/uploads\/2016\/08\/Toskana-2016-122.jpg?w=1000&amp;ssl=1 1000w, https:\/\/i0.wp.com\/www.light-style.eu\/Blog\/wp-content\/uploads\/2016\/08\/Toskana-2016-122.jpg?resize=600%2C400&amp;ssl=1 600w, https:\/\/i0.wp.com\/www.light-style.eu\/Blog\/wp-content\/uploads\/2016\/08\/Toskana-2016-122.jpg?resize=768%2C512&amp;ssl=1 768w\" width=\"804\" height=\"536\" loading=\"lazy\" data-original-width=\"804\" data-original-height=\"536\" itemprop=\"http:\/\/schema.org\/image\" title=\"Toskana 2016-122\" alt=\"Florenz\" style=\"width: 804px; height: 536px;\" \/> <\/a> <div class=\"tiled-gallery-caption\" itemprop=\"caption description\"> Florenz <\/div> <\/div> <\/div> <!-- close group --> <div class=\"gallery-group images-1\" style=\"width: 362px; height: 540px;\" data-original-width=\"362\" data-original-height=\"540\" > <div class=\"tiled-gallery-item tiled-gallery-item-large\" itemprop=\"associatedMedia\" itemscope itemtype=\"http:\/\/schema.org\/ImageObject\"> <a href=\"https:\/\/www.light-style.eu\/Blog\/toskana-es-war-traumhaft\/toskana-2016-121\/#main\" border=\"0\" itemprop=\"url\"> <meta itemprop=\"width\" content=\"358\"> <meta itemprop=\"height\" content=\"536\"> <img decoding=\"async\" class=\"\" data-attachment-id=\"2274\" data-orig-file=\"https:\/\/www.light-style.eu\/Blog\/wp-content\/uploads\/2016\/08\/Toskana-2016-121.jpg\" data-orig-size=\"667,1000\" data-comments-opened=\"1\" data-image-meta=\"{&quot;aperture&quot;:&quot;0&quot;,&quot;credit&quot;:&quot;Andi M\\u00f6ller&quot;,&quot;camera&quot;:&quot;&quot;,&quot;caption&quot;:&quot;&quot;,&quot;created_timestamp&quot;:&quot;0&quot;,&quot;copyright&quot;:&quot;Studio Light-Style&quot;,&quot;focal_length&quot;:&quot;0&quot;,&quot;iso&quot;:&quot;0&quot;,&quot;shutter_speed&quot;:&quot;0&quot;,&quot;title&quot;:&quot;&quot;,&quot;orientation&quot;:&quot;0&quot;}\" data-image-title=\"Toskana 2016-121\" data-image-description=\"\" data-medium-file=\"https:\/\/i0.wp.com\/www.light-style.eu\/Blog\/wp-content\/uploads\/2016\/08\/Toskana-2016-121.jpg?fit=400%2C600&#038;ssl=1\" data-large-file=\"https:\/\/i0.wp.com\/www.light-style.eu\/Blog\/wp-content\/uploads\/2016\/08\/Toskana-2016-121.jpg?fit=667%2C1000&#038;ssl=1\" src=\"https:\/\/i0.wp.com\/www.light-style.eu\/Blog\/wp-content\/uploads\/2016\/08\/Toskana-2016-121.jpg?w=358&#038;h=536&#038;ssl=1\" srcset=\"https:\/\/i0.wp.com\/www.light-style.eu\/Blog\/wp-content\/uploads\/2016\/08\/Toskana-2016-121.jpg?w=667&amp;ssl=1 667w, https:\/\/i0.wp.com\/www.light-style.eu\/Blog\/wp-content\/uploads\/2016\/08\/Toskana-2016-121.jpg?resize=400%2C600&amp;ssl=1 400w\" width=\"358\" height=\"536\" loading=\"lazy\" data-original-width=\"358\" data-original-height=\"536\" itemprop=\"http:\/\/schema.org\/image\" title=\"Toskana 2016-121\" alt=\"Florenz\" style=\"width: 358px; height: 536px;\" \/> <\/a> <div class=\"tiled-gallery-caption\" itemprop=\"caption description\"> Florenz <\/div> <\/div> <\/div> <!-- close group --> <\/div> <!-- close row --> <div class=\"gallery-row\" style=\"width: 1170px; height: 320px;\" data-original-width=\"1170\" data-original-height=\"320\" > <div class=\"gallery-group images-1\" style=\"width: 478px; height: 320px;\" data-original-width=\"478\" data-original-height=\"320\" > <div class=\"tiled-gallery-item tiled-gallery-item-large\" itemprop=\"associatedMedia\" itemscope itemtype=\"http:\/\/schema.org\/ImageObject\"> <a href=\"https:\/\/www.light-style.eu\/Blog\/toskana-es-war-traumhaft\/toskana-2016-120\/#main\" border=\"0\" itemprop=\"url\"> <meta itemprop=\"width\" content=\"474\"> <meta itemprop=\"height\" content=\"316\"> <img decoding=\"async\" class=\"\" data-attachment-id=\"2273\" data-orig-file=\"https:\/\/www.light-style.eu\/Blog\/wp-content\/uploads\/2016\/08\/Toskana-2016-120.jpg\" data-orig-size=\"1000,667\" data-comments-opened=\"1\" data-image-meta=\"{&quot;aperture&quot;:&quot;0&quot;,&quot;credit&quot;:&quot;Andi M\\u00f6ller&quot;,&quot;camera&quot;:&quot;&quot;,&quot;caption&quot;:&quot;&quot;,&quot;created_timestamp&quot;:&quot;0&quot;,&quot;copyright&quot;:&quot;Studio Light-Style&quot;,&quot;focal_length&quot;:&quot;0&quot;,&quot;iso&quot;:&quot;0&quot;,&quot;shutter_speed&quot;:&quot;0&quot;,&quot;title&quot;:&quot;&quot;,&quot;orientation&quot;:&quot;0&quot;}\" data-image-title=\"Toskana 2016-120\" data-image-description=\"\" data-medium-file=\"https:\/\/i0.wp.com\/www.light-style.eu\/Blog\/wp-content\/uploads\/2016\/08\/Toskana-2016-120.jpg?fit=600%2C400&#038;ssl=1\" data-large-file=\"https:\/\/i0.wp.com\/www.light-style.eu\/Blog\/wp-content\/uploads\/2016\/08\/Toskana-2016-120.jpg?fit=1000%2C667&#038;ssl=1\" src=\"https:\/\/i0.wp.com\/www.light-style.eu\/Blog\/wp-content\/uploads\/2016\/08\/Toskana-2016-120.jpg?w=474&#038;h=316&#038;ssl=1\" srcset=\"https:\/\/i0.wp.com\/www.light-style.eu\/Blog\/wp-content\/uploads\/2016\/08\/Toskana-2016-120.jpg?w=1000&amp;ssl=1 1000w, https:\/\/i0.wp.com\/www.light-style.eu\/Blog\/wp-content\/uploads\/2016\/08\/Toskana-2016-120.jpg?resize=600%2C400&amp;ssl=1 600w, https:\/\/i0.wp.com\/www.light-style.eu\/Blog\/wp-content\/uploads\/2016\/08\/Toskana-2016-120.jpg?resize=768%2C512&amp;ssl=1 768w\" width=\"474\" height=\"316\" loading=\"lazy\" data-original-width=\"474\" data-original-height=\"316\" itemprop=\"http:\/\/schema.org\/image\" title=\"Toskana 2016-120\" alt=\"Florenz\" style=\"width: 474px; height: 316px;\" \/> <\/a> <div class=\"tiled-gallery-caption\" itemprop=\"caption description\"> Florenz <\/div> <\/div> <\/div> <!-- close group --> <div class=\"gallery-group images-1\" style=\"width: 215px; height: 320px;\" data-original-width=\"215\" data-original-height=\"320\" > <div class=\"tiled-gallery-item tiled-gallery-item-small\" itemprop=\"associatedMedia\" itemscope itemtype=\"http:\/\/schema.org\/ImageObject\"> <a href=\"https:\/\/www.light-style.eu\/Blog\/toskana-es-war-traumhaft\/toskana-2016-119\/#main\" border=\"0\" itemprop=\"url\"> <meta itemprop=\"width\" content=\"211\"> <meta itemprop=\"height\" content=\"316\"> <img decoding=\"async\" class=\"\" data-attachment-id=\"2272\" data-orig-file=\"https:\/\/www.light-style.eu\/Blog\/wp-content\/uploads\/2016\/08\/Toskana-2016-119.jpg\" data-orig-size=\"667,1000\" data-comments-opened=\"1\" data-image-meta=\"{&quot;aperture&quot;:&quot;0&quot;,&quot;credit&quot;:&quot;Andi M\\u00f6ller&quot;,&quot;camera&quot;:&quot;&quot;,&quot;caption&quot;:&quot;&quot;,&quot;created_timestamp&quot;:&quot;0&quot;,&quot;copyright&quot;:&quot;Studio Light-Style&quot;,&quot;focal_length&quot;:&quot;0&quot;,&quot;iso&quot;:&quot;0&quot;,&quot;shutter_speed&quot;:&quot;0&quot;,&quot;title&quot;:&quot;&quot;,&quot;orientation&quot;:&quot;0&quot;}\" data-image-title=\"Toskana 2016-119\" data-image-description=\"\" data-medium-file=\"https:\/\/i0.wp.com\/www.light-style.eu\/Blog\/wp-content\/uploads\/2016\/08\/Toskana-2016-119.jpg?fit=400%2C600&#038;ssl=1\" data-large-file=\"https:\/\/i0.wp.com\/www.light-style.eu\/Blog\/wp-content\/uploads\/2016\/08\/Toskana-2016-119.jpg?fit=667%2C1000&#038;ssl=1\" src=\"https:\/\/i0.wp.com\/www.light-style.eu\/Blog\/wp-content\/uploads\/2016\/08\/Toskana-2016-119.jpg?w=211&#038;h=316&#038;ssl=1\" srcset=\"https:\/\/i0.wp.com\/www.light-style.eu\/Blog\/wp-content\/uploads\/2016\/08\/Toskana-2016-119.jpg?w=667&amp;ssl=1 667w, https:\/\/i0.wp.com\/www.light-style.eu\/Blog\/wp-content\/uploads\/2016\/08\/Toskana-2016-119.jpg?resize=400%2C600&amp;ssl=1 400w\" width=\"211\" height=\"316\" loading=\"lazy\" data-original-width=\"211\" data-original-height=\"316\" itemprop=\"http:\/\/schema.org\/image\" title=\"Toskana 2016-119\" alt=\"Florenz\" style=\"width: 211px; height: 316px;\" \/> <\/a> <div class=\"tiled-gallery-caption\" itemprop=\"caption description\"> Florenz <\/div> <\/div> <\/div> <!-- close group --> <div class=\"gallery-group images-1\" style=\"width: 477px; height: 320px;\" data-original-width=\"477\" data-original-height=\"320\" > <div class=\"tiled-gallery-item tiled-gallery-item-large\" itemprop=\"associatedMedia\" itemscope itemtype=\"http:\/\/schema.org\/ImageObject\"> <a href=\"https:\/\/www.light-style.eu\/Blog\/toskana-es-war-traumhaft\/toskana-2016-118\/#main\" border=\"0\" itemprop=\"url\"> <meta itemprop=\"width\" content=\"473\"> <meta itemprop=\"height\" content=\"316\"> <img decoding=\"async\" class=\"\" data-attachment-id=\"2271\" data-orig-file=\"https:\/\/www.light-style.eu\/Blog\/wp-content\/uploads\/2016\/08\/Toskana-2016-118.jpg\" data-orig-size=\"1000,667\" data-comments-opened=\"1\" data-image-meta=\"{&quot;aperture&quot;:&quot;0&quot;,&quot;credit&quot;:&quot;Andi M\\u00f6ller&quot;,&quot;camera&quot;:&quot;&quot;,&quot;caption&quot;:&quot;&quot;,&quot;created_timestamp&quot;:&quot;0&quot;,&quot;copyright&quot;:&quot;Studio Light-Style&quot;,&quot;focal_length&quot;:&quot;0&quot;,&quot;iso&quot;:&quot;0&quot;,&quot;shutter_speed&quot;:&quot;0&quot;,&quot;title&quot;:&quot;&quot;,&quot;orientation&quot;:&quot;0&quot;}\" data-image-title=\"Toskana 2016-118\" data-image-description=\"\" data-medium-file=\"https:\/\/i0.wp.com\/www.light-style.eu\/Blog\/wp-content\/uploads\/2016\/08\/Toskana-2016-118.jpg?fit=600%2C400&#038;ssl=1\" data-large-file=\"https:\/\/i0.wp.com\/www.light-style.eu\/Blog\/wp-content\/uploads\/2016\/08\/Toskana-2016-118.jpg?fit=1000%2C667&#038;ssl=1\" src=\"https:\/\/i0.wp.com\/www.light-style.eu\/Blog\/wp-content\/uploads\/2016\/08\/Toskana-2016-118.jpg?w=473&#038;h=316&#038;ssl=1\" srcset=\"https:\/\/i0.wp.com\/www.light-style.eu\/Blog\/wp-content\/uploads\/2016\/08\/Toskana-2016-118.jpg?w=1000&amp;ssl=1 1000w, https:\/\/i0.wp.com\/www.light-style.eu\/Blog\/wp-content\/uploads\/2016\/08\/Toskana-2016-118.jpg?resize=600%2C400&amp;ssl=1 600w, https:\/\/i0.wp.com\/www.light-style.eu\/Blog\/wp-content\/uploads\/2016\/08\/Toskana-2016-118.jpg?resize=768%2C512&amp;ssl=1 768w\" width=\"473\" height=\"316\" loading=\"lazy\" data-original-width=\"473\" data-original-height=\"316\" itemprop=\"http:\/\/schema.org\/image\" title=\"Toskana 2016-118\" alt=\"Florenz\" style=\"width: 473px; height: 316px;\" \/> <\/a> <div class=\"tiled-gallery-caption\" itemprop=\"caption description\"> Florenz <\/div> <\/div> <\/div> <!-- close group --> <\/div> <!-- close row --> <div class=\"gallery-row\" style=\"width: 1170px; height: 280px;\" data-original-width=\"1170\" data-original-height=\"280\" > <div class=\"gallery-group images-1\" style=\"width: 188px; height: 280px;\" data-original-width=\"188\" data-original-height=\"280\" > <div class=\"tiled-gallery-item tiled-gallery-item-small\" itemprop=\"associatedMedia\" itemscope itemtype=\"http:\/\/schema.org\/ImageObject\"> <a href=\"https:\/\/www.light-style.eu\/Blog\/toskana-es-war-traumhaft\/toskana-2016-117\/#main\" border=\"0\" itemprop=\"url\"> <meta itemprop=\"width\" content=\"184\"> <meta itemprop=\"height\" content=\"276\"> <img decoding=\"async\" class=\"\" data-attachment-id=\"2270\" data-orig-file=\"https:\/\/www.light-style.eu\/Blog\/wp-content\/uploads\/2016\/08\/Toskana-2016-117.jpg\" data-orig-size=\"667,1000\" data-comments-opened=\"1\" data-image-meta=\"{&quot;aperture&quot;:&quot;0&quot;,&quot;credit&quot;:&quot;Andi M\\u00f6ller&quot;,&quot;camera&quot;:&quot;&quot;,&quot;caption&quot;:&quot;&quot;,&quot;created_timestamp&quot;:&quot;0&quot;,&quot;copyright&quot;:&quot;Studio Light-Style&quot;,&quot;focal_length&quot;:&quot;0&quot;,&quot;iso&quot;:&quot;0&quot;,&quot;shutter_speed&quot;:&quot;0&quot;,&quot;title&quot;:&quot;&quot;,&quot;orientation&quot;:&quot;0&quot;}\" data-image-title=\"Toskana 2016-117\" data-image-description=\"\" data-medium-file=\"https:\/\/i0.wp.com\/www.light-style.eu\/Blog\/wp-content\/uploads\/2016\/08\/Toskana-2016-117.jpg?fit=400%2C600&#038;ssl=1\" data-large-file=\"https:\/\/i0.wp.com\/www.light-style.eu\/Blog\/wp-content\/uploads\/2016\/08\/Toskana-2016-117.jpg?fit=667%2C1000&#038;ssl=1\" src=\"https:\/\/i0.wp.com\/www.light-style.eu\/Blog\/wp-content\/uploads\/2016\/08\/Toskana-2016-117.jpg?w=184&#038;h=276&#038;ssl=1\" srcset=\"https:\/\/i0.wp.com\/www.light-style.eu\/Blog\/wp-content\/uploads\/2016\/08\/Toskana-2016-117.jpg?w=667&amp;ssl=1 667w, https:\/\/i0.wp.com\/www.light-style.eu\/Blog\/wp-content\/uploads\/2016\/08\/Toskana-2016-117.jpg?resize=400%2C600&amp;ssl=1 400w\" width=\"184\" height=\"276\" loading=\"lazy\" data-original-width=\"184\" data-original-height=\"276\" itemprop=\"http:\/\/schema.org\/image\" title=\"Toskana 2016-117\" alt=\"Florenz\" style=\"width: 184px; height: 276px;\" \/> <\/a> <div class=\"tiled-gallery-caption\" itemprop=\"caption description\"> Florenz <\/div> <\/div> <\/div> <!-- close group --> <div class=\"gallery-group images-1\" style=\"width: 418px; height: 280px;\" data-original-width=\"418\" data-original-height=\"280\" > <div class=\"tiled-gallery-item tiled-gallery-item-large\" itemprop=\"associatedMedia\" itemscope itemtype=\"http:\/\/schema.org\/ImageObject\"> <a href=\"https:\/\/www.light-style.eu\/Blog\/toskana-es-war-traumhaft\/toskana-2016-116\/#main\" border=\"0\" itemprop=\"url\"> <meta itemprop=\"width\" content=\"414\"> <meta itemprop=\"height\" content=\"276\"> <img decoding=\"async\" class=\"\" data-attachment-id=\"2269\" data-orig-file=\"https:\/\/www.light-style.eu\/Blog\/wp-content\/uploads\/2016\/08\/Toskana-2016-116.jpg\" data-orig-size=\"1000,667\" data-comments-opened=\"1\" data-image-meta=\"{&quot;aperture&quot;:&quot;0&quot;,&quot;credit&quot;:&quot;Andi M\\u00f6ller&quot;,&quot;camera&quot;:&quot;&quot;,&quot;caption&quot;:&quot;&quot;,&quot;created_timestamp&quot;:&quot;0&quot;,&quot;copyright&quot;:&quot;Studio Light-Style&quot;,&quot;focal_length&quot;:&quot;0&quot;,&quot;iso&quot;:&quot;0&quot;,&quot;shutter_speed&quot;:&quot;0&quot;,&quot;title&quot;:&quot;&quot;,&quot;orientation&quot;:&quot;0&quot;}\" data-image-title=\"Toskana 2016-116\" data-image-description=\"\" data-medium-file=\"https:\/\/i0.wp.com\/www.light-style.eu\/Blog\/wp-content\/uploads\/2016\/08\/Toskana-2016-116.jpg?fit=600%2C400&#038;ssl=1\" data-large-file=\"https:\/\/i0.wp.com\/www.light-style.eu\/Blog\/wp-content\/uploads\/2016\/08\/Toskana-2016-116.jpg?fit=1000%2C667&#038;ssl=1\" src=\"https:\/\/i0.wp.com\/www.light-style.eu\/Blog\/wp-content\/uploads\/2016\/08\/Toskana-2016-116.jpg?w=414&#038;h=276&#038;ssl=1\" srcset=\"https:\/\/i0.wp.com\/www.light-style.eu\/Blog\/wp-content\/uploads\/2016\/08\/Toskana-2016-116.jpg?w=1000&amp;ssl=1 1000w, https:\/\/i0.wp.com\/www.light-style.eu\/Blog\/wp-content\/uploads\/2016\/08\/Toskana-2016-116.jpg?resize=600%2C400&amp;ssl=1 600w, https:\/\/i0.wp.com\/www.light-style.eu\/Blog\/wp-content\/uploads\/2016\/08\/Toskana-2016-116.jpg?resize=768%2C512&amp;ssl=1 768w\" width=\"414\" height=\"276\" loading=\"lazy\" data-original-width=\"414\" data-original-height=\"276\" itemprop=\"http:\/\/schema.org\/image\" title=\"Toskana 2016-116\" alt=\"Florenz\" style=\"width: 414px; height: 276px;\" \/> <\/a> <div class=\"tiled-gallery-caption\" itemprop=\"caption description\"> Florenz <\/div> <\/div> <\/div> <!-- close group --> <div class=\"gallery-group images-1\" style=\"width: 188px; height: 280px;\" data-original-width=\"188\" data-original-height=\"280\" > <div class=\"tiled-gallery-item tiled-gallery-item-small\" itemprop=\"associatedMedia\" itemscope itemtype=\"http:\/\/schema.org\/ImageObject\"> <a href=\"https:\/\/www.light-style.eu\/Blog\/toskana-es-war-traumhaft\/toskana-2016-115\/#main\" border=\"0\" itemprop=\"url\"> <meta itemprop=\"width\" content=\"184\"> <meta itemprop=\"height\" content=\"276\"> <img decoding=\"async\" class=\"\" data-attachment-id=\"2268\" data-orig-file=\"https:\/\/www.light-style.eu\/Blog\/wp-content\/uploads\/2016\/08\/Toskana-2016-115.jpg\" data-orig-size=\"667,1000\" data-comments-opened=\"1\" data-image-meta=\"{&quot;aperture&quot;:&quot;0&quot;,&quot;credit&quot;:&quot;Andi M\\u00f6ller&quot;,&quot;camera&quot;:&quot;&quot;,&quot;caption&quot;:&quot;&quot;,&quot;created_timestamp&quot;:&quot;0&quot;,&quot;copyright&quot;:&quot;Studio Light-Style&quot;,&quot;focal_length&quot;:&quot;0&quot;,&quot;iso&quot;:&quot;0&quot;,&quot;shutter_speed&quot;:&quot;0&quot;,&quot;title&quot;:&quot;&quot;,&quot;orientation&quot;:&quot;0&quot;}\" data-image-title=\"Toskana 2016-115\" data-image-description=\"\" data-medium-file=\"https:\/\/i0.wp.com\/www.light-style.eu\/Blog\/wp-content\/uploads\/2016\/08\/Toskana-2016-115.jpg?fit=400%2C600&#038;ssl=1\" data-large-file=\"https:\/\/i0.wp.com\/www.light-style.eu\/Blog\/wp-content\/uploads\/2016\/08\/Toskana-2016-115.jpg?fit=667%2C1000&#038;ssl=1\" src=\"https:\/\/i0.wp.com\/www.light-style.eu\/Blog\/wp-content\/uploads\/2016\/08\/Toskana-2016-115.jpg?w=184&#038;h=276&#038;ssl=1\" srcset=\"https:\/\/i0.wp.com\/www.light-style.eu\/Blog\/wp-content\/uploads\/2016\/08\/Toskana-2016-115.jpg?w=667&amp;ssl=1 667w, https:\/\/i0.wp.com\/www.light-style.eu\/Blog\/wp-content\/uploads\/2016\/08\/Toskana-2016-115.jpg?resize=400%2C600&amp;ssl=1 400w\" width=\"184\" height=\"276\" loading=\"lazy\" data-original-width=\"184\" data-original-height=\"276\" itemprop=\"http:\/\/schema.org\/image\" title=\"Toskana 2016-115\" alt=\"Florenz\" style=\"width: 184px; height: 276px;\" \/> <\/a> <div class=\"tiled-gallery-caption\" itemprop=\"caption description\"> Florenz <\/div> <\/div> <\/div> <!-- close group --> <div class=\"gallery-group images-1\" style=\"width: 188px; height: 280px;\" data-original-width=\"188\" data-original-height=\"280\" > <div class=\"tiled-gallery-item tiled-gallery-item-small\" itemprop=\"associatedMedia\" itemscope itemtype=\"http:\/\/schema.org\/ImageObject\"> <a href=\"https:\/\/www.light-style.eu\/Blog\/toskana-es-war-traumhaft\/toskana-2016-114\/#main\" border=\"0\" itemprop=\"url\"> <meta itemprop=\"width\" content=\"184\"> <meta itemprop=\"height\" content=\"276\"> <img decoding=\"async\" class=\"\" data-attachment-id=\"2267\" data-orig-file=\"https:\/\/www.light-style.eu\/Blog\/wp-content\/uploads\/2016\/08\/Toskana-2016-114.jpg\" data-orig-size=\"667,1000\" data-comments-opened=\"1\" data-image-meta=\"{&quot;aperture&quot;:&quot;0&quot;,&quot;credit&quot;:&quot;Andi M\\u00f6ller&quot;,&quot;camera&quot;:&quot;&quot;,&quot;caption&quot;:&quot;&quot;,&quot;created_timestamp&quot;:&quot;0&quot;,&quot;copyright&quot;:&quot;Studio Light-Style&quot;,&quot;focal_length&quot;:&quot;0&quot;,&quot;iso&quot;:&quot;0&quot;,&quot;shutter_speed&quot;:&quot;0&quot;,&quot;title&quot;:&quot;&quot;,&quot;orientation&quot;:&quot;0&quot;}\" data-image-title=\"Toskana 2016-114\" data-image-description=\"\" data-medium-file=\"https:\/\/i0.wp.com\/www.light-style.eu\/Blog\/wp-content\/uploads\/2016\/08\/Toskana-2016-114.jpg?fit=400%2C600&#038;ssl=1\" data-large-file=\"https:\/\/i0.wp.com\/www.light-style.eu\/Blog\/wp-content\/uploads\/2016\/08\/Toskana-2016-114.jpg?fit=667%2C1000&#038;ssl=1\" src=\"https:\/\/i0.wp.com\/www.light-style.eu\/Blog\/wp-content\/uploads\/2016\/08\/Toskana-2016-114.jpg?w=184&#038;h=276&#038;ssl=1\" srcset=\"https:\/\/i0.wp.com\/www.light-style.eu\/Blog\/wp-content\/uploads\/2016\/08\/Toskana-2016-114.jpg?w=667&amp;ssl=1 667w, https:\/\/i0.wp.com\/www.light-style.eu\/Blog\/wp-content\/uploads\/2016\/08\/Toskana-2016-114.jpg?resize=400%2C600&amp;ssl=1 400w\" width=\"184\" height=\"276\" loading=\"lazy\" data-original-width=\"184\" data-original-height=\"276\" itemprop=\"http:\/\/schema.org\/image\" title=\"Toskana 2016-114\" alt=\"Florenz\" style=\"width: 184px; height: 276px;\" \/> <\/a> <div class=\"tiled-gallery-caption\" itemprop=\"caption description\"> Florenz <\/div> <\/div> <\/div> <!-- close group --> <div class=\"gallery-group images-1\" style=\"width: 188px; height: 280px;\" data-original-width=\"188\" data-original-height=\"280\" > <div class=\"tiled-gallery-item tiled-gallery-item-small\" itemprop=\"associatedMedia\" itemscope itemtype=\"http:\/\/schema.org\/ImageObject\"> <a href=\"https:\/\/www.light-style.eu\/Blog\/toskana-es-war-traumhaft\/toskana-2016-113\/#main\" border=\"0\" itemprop=\"url\"> <meta itemprop=\"width\" content=\"184\"> <meta itemprop=\"height\" content=\"276\"> <img decoding=\"async\" class=\"\" data-attachment-id=\"2266\" data-orig-file=\"https:\/\/www.light-style.eu\/Blog\/wp-content\/uploads\/2016\/08\/Toskana-2016-113.jpg\" data-orig-size=\"667,1000\" data-comments-opened=\"1\" data-image-meta=\"{&quot;aperture&quot;:&quot;0&quot;,&quot;credit&quot;:&quot;Andi M\\u00f6ller&quot;,&quot;camera&quot;:&quot;&quot;,&quot;caption&quot;:&quot;&quot;,&quot;created_timestamp&quot;:&quot;0&quot;,&quot;copyright&quot;:&quot;Studio Light-Style&quot;,&quot;focal_length&quot;:&quot;0&quot;,&quot;iso&quot;:&quot;0&quot;,&quot;shutter_speed&quot;:&quot;0&quot;,&quot;title&quot;:&quot;&quot;,&quot;orientation&quot;:&quot;0&quot;}\" data-image-title=\"Toskana 2016-113\" data-image-description=\"\" data-medium-file=\"https:\/\/i0.wp.com\/www.light-style.eu\/Blog\/wp-content\/uploads\/2016\/08\/Toskana-2016-113.jpg?fit=400%2C600&#038;ssl=1\" data-large-file=\"https:\/\/i0.wp.com\/www.light-style.eu\/Blog\/wp-content\/uploads\/2016\/08\/Toskana-2016-113.jpg?fit=667%2C1000&#038;ssl=1\" src=\"https:\/\/i0.wp.com\/www.light-style.eu\/Blog\/wp-content\/uploads\/2016\/08\/Toskana-2016-113.jpg?w=184&#038;h=276&#038;ssl=1\" srcset=\"https:\/\/i0.wp.com\/www.light-style.eu\/Blog\/wp-content\/uploads\/2016\/08\/Toskana-2016-113.jpg?w=667&amp;ssl=1 667w, https:\/\/i0.wp.com\/www.light-style.eu\/Blog\/wp-content\/uploads\/2016\/08\/Toskana-2016-113.jpg?resize=400%2C600&amp;ssl=1 400w\" width=\"184\" height=\"276\" loading=\"lazy\" data-original-width=\"184\" data-original-height=\"276\" itemprop=\"http:\/\/schema.org\/image\" title=\"Toskana 2016-113\" alt=\"Florenz, \u00fcberall tolle Holzarbeiten\" style=\"width: 184px; height: 276px;\" \/> <\/a> <div class=\"tiled-gallery-caption\" itemprop=\"caption description\"> Florenz, \u00fcberall tolle Holzarbeiten <\/div> <\/div> <\/div> <!-- close group --> <\/div> <!-- close row --> <div class=\"gallery-row\" style=\"width: 1170px; height: 437px;\" data-original-width=\"1170\" data-original-height=\"437\" > <div class=\"gallery-group images-1\" style=\"width: 293px; height: 437px;\" data-original-width=\"293\" data-original-height=\"437\" > <div class=\"tiled-gallery-item tiled-gallery-item-large\" itemprop=\"associatedMedia\" itemscope itemtype=\"http:\/\/schema.org\/ImageObject\"> <a href=\"https:\/\/www.light-style.eu\/Blog\/toskana-es-war-traumhaft\/toskana-2016-112\/#main\" border=\"0\" itemprop=\"url\"> <meta itemprop=\"width\" content=\"289\"> <meta itemprop=\"height\" content=\"433\"> <img decoding=\"async\" class=\"\" data-attachment-id=\"2265\" data-orig-file=\"https:\/\/www.light-style.eu\/Blog\/wp-content\/uploads\/2016\/08\/Toskana-2016-112.jpg\" data-orig-size=\"667,1000\" data-comments-opened=\"1\" data-image-meta=\"{&quot;aperture&quot;:&quot;0&quot;,&quot;credit&quot;:&quot;Andi M\\u00f6ller&quot;,&quot;camera&quot;:&quot;&quot;,&quot;caption&quot;:&quot;&quot;,&quot;created_timestamp&quot;:&quot;0&quot;,&quot;copyright&quot;:&quot;Studio Light-Style&quot;,&quot;focal_length&quot;:&quot;0&quot;,&quot;iso&quot;:&quot;0&quot;,&quot;shutter_speed&quot;:&quot;0&quot;,&quot;title&quot;:&quot;&quot;,&quot;orientation&quot;:&quot;0&quot;}\" data-image-title=\"Toskana 2016-112\" data-image-description=\"\" data-medium-file=\"https:\/\/i0.wp.com\/www.light-style.eu\/Blog\/wp-content\/uploads\/2016\/08\/Toskana-2016-112.jpg?fit=400%2C600&#038;ssl=1\" data-large-file=\"https:\/\/i0.wp.com\/www.light-style.eu\/Blog\/wp-content\/uploads\/2016\/08\/Toskana-2016-112.jpg?fit=667%2C1000&#038;ssl=1\" src=\"https:\/\/i0.wp.com\/www.light-style.eu\/Blog\/wp-content\/uploads\/2016\/08\/Toskana-2016-112.jpg?w=289&#038;h=433&#038;ssl=1\" srcset=\"https:\/\/i0.wp.com\/www.light-style.eu\/Blog\/wp-content\/uploads\/2016\/08\/Toskana-2016-112.jpg?w=667&amp;ssl=1 667w, https:\/\/i0.wp.com\/www.light-style.eu\/Blog\/wp-content\/uploads\/2016\/08\/Toskana-2016-112.jpg?resize=400%2C600&amp;ssl=1 400w\" width=\"289\" height=\"433\" loading=\"lazy\" data-original-width=\"289\" data-original-height=\"433\" itemprop=\"http:\/\/schema.org\/image\" title=\"Toskana 2016-112\" alt=\"Florenz\" style=\"width: 289px; height: 433px;\" \/> <\/a> <div class=\"tiled-gallery-caption\" itemprop=\"caption description\"> Florenz <\/div> <\/div> <\/div> <!-- close group --> <div class=\"gallery-group images-1\" style=\"width: 293px; height: 437px;\" data-original-width=\"293\" data-original-height=\"437\" > <div class=\"tiled-gallery-item tiled-gallery-item-large\" itemprop=\"associatedMedia\" itemscope itemtype=\"http:\/\/schema.org\/ImageObject\"> <a href=\"https:\/\/www.light-style.eu\/Blog\/toskana-es-war-traumhaft\/toskana-2016-111\/#main\" border=\"0\" itemprop=\"url\"> <meta itemprop=\"width\" content=\"289\"> <meta itemprop=\"height\" content=\"433\"> <img decoding=\"async\" class=\"\" data-attachment-id=\"2264\" data-orig-file=\"https:\/\/www.light-style.eu\/Blog\/wp-content\/uploads\/2016\/08\/Toskana-2016-111.jpg\" data-orig-size=\"667,1000\" data-comments-opened=\"1\" data-image-meta=\"{&quot;aperture&quot;:&quot;0&quot;,&quot;credit&quot;:&quot;Andi M\\u00f6ller&quot;,&quot;camera&quot;:&quot;&quot;,&quot;caption&quot;:&quot;&quot;,&quot;created_timestamp&quot;:&quot;0&quot;,&quot;copyright&quot;:&quot;Studio Light-Style&quot;,&quot;focal_length&quot;:&quot;0&quot;,&quot;iso&quot;:&quot;0&quot;,&quot;shutter_speed&quot;:&quot;0&quot;,&quot;title&quot;:&quot;&quot;,&quot;orientation&quot;:&quot;0&quot;}\" data-image-title=\"Toskana 2016-111\" data-image-description=\"\" data-medium-file=\"https:\/\/i0.wp.com\/www.light-style.eu\/Blog\/wp-content\/uploads\/2016\/08\/Toskana-2016-111.jpg?fit=400%2C600&#038;ssl=1\" data-large-file=\"https:\/\/i0.wp.com\/www.light-style.eu\/Blog\/wp-content\/uploads\/2016\/08\/Toskana-2016-111.jpg?fit=667%2C1000&#038;ssl=1\" src=\"https:\/\/i0.wp.com\/www.light-style.eu\/Blog\/wp-content\/uploads\/2016\/08\/Toskana-2016-111.jpg?w=289&#038;h=433&#038;ssl=1\" srcset=\"https:\/\/i0.wp.com\/www.light-style.eu\/Blog\/wp-content\/uploads\/2016\/08\/Toskana-2016-111.jpg?w=667&amp;ssl=1 667w, https:\/\/i0.wp.com\/www.light-style.eu\/Blog\/wp-content\/uploads\/2016\/08\/Toskana-2016-111.jpg?resize=400%2C600&amp;ssl=1 400w\" width=\"289\" height=\"433\" loading=\"lazy\" data-original-width=\"289\" data-original-height=\"433\" itemprop=\"http:\/\/schema.org\/image\" title=\"Toskana 2016-111\" alt=\"Florenz\" style=\"width: 289px; height: 433px;\" \/> <\/a> <div class=\"tiled-gallery-caption\" itemprop=\"caption description\"> Florenz <\/div> <\/div> <\/div> <!-- close group --> <div class=\"gallery-group images-1\" style=\"width: 292px; height: 437px;\" data-original-width=\"292\" data-original-height=\"437\" > <div class=\"tiled-gallery-item tiled-gallery-item-large\" itemprop=\"associatedMedia\" itemscope itemtype=\"http:\/\/schema.org\/ImageObject\"> <a href=\"https:\/\/www.light-style.eu\/Blog\/toskana-es-war-traumhaft\/toskana-2016-110\/#main\" border=\"0\" itemprop=\"url\"> <meta itemprop=\"width\" content=\"288\"> <meta itemprop=\"height\" content=\"433\"> <img decoding=\"async\" class=\"\" data-attachment-id=\"2263\" data-orig-file=\"https:\/\/www.light-style.eu\/Blog\/wp-content\/uploads\/2016\/08\/Toskana-2016-110.jpg\" data-orig-size=\"667,1000\" data-comments-opened=\"1\" data-image-meta=\"{&quot;aperture&quot;:&quot;0&quot;,&quot;credit&quot;:&quot;Andi M\\u00f6ller&quot;,&quot;camera&quot;:&quot;&quot;,&quot;caption&quot;:&quot;&quot;,&quot;created_timestamp&quot;:&quot;0&quot;,&quot;copyright&quot;:&quot;Studio Light-Style&quot;,&quot;focal_length&quot;:&quot;0&quot;,&quot;iso&quot;:&quot;0&quot;,&quot;shutter_speed&quot;:&quot;0&quot;,&quot;title&quot;:&quot;&quot;,&quot;orientation&quot;:&quot;0&quot;}\" data-image-title=\"Toskana 2016-110\" data-image-description=\"\" data-medium-file=\"https:\/\/i0.wp.com\/www.light-style.eu\/Blog\/wp-content\/uploads\/2016\/08\/Toskana-2016-110.jpg?fit=400%2C600&#038;ssl=1\" data-large-file=\"https:\/\/i0.wp.com\/www.light-style.eu\/Blog\/wp-content\/uploads\/2016\/08\/Toskana-2016-110.jpg?fit=667%2C1000&#038;ssl=1\" src=\"https:\/\/i0.wp.com\/www.light-style.eu\/Blog\/wp-content\/uploads\/2016\/08\/Toskana-2016-110.jpg?w=288&#038;h=433&#038;ssl=1\" srcset=\"https:\/\/i0.wp.com\/www.light-style.eu\/Blog\/wp-content\/uploads\/2016\/08\/Toskana-2016-110.jpg?w=667&amp;ssl=1 667w, https:\/\/i0.wp.com\/www.light-style.eu\/Blog\/wp-content\/uploads\/2016\/08\/Toskana-2016-110.jpg?resize=400%2C600&amp;ssl=1 400w\" width=\"288\" height=\"433\" loading=\"lazy\" data-original-width=\"288\" data-original-height=\"433\" itemprop=\"http:\/\/schema.org\/image\" title=\"Toskana 2016-110\" alt=\"Florenz\" style=\"width: 288px; height: 433px;\" \/> <\/a> <div class=\"tiled-gallery-caption\" itemprop=\"caption description\"> Florenz <\/div> <\/div> <\/div> <!-- close group --> <div class=\"gallery-group images-1\" style=\"width: 292px; height: 437px;\" data-original-width=\"292\" data-original-height=\"437\" > <div class=\"tiled-gallery-item tiled-gallery-item-large\" itemprop=\"associatedMedia\" itemscope itemtype=\"http:\/\/schema.org\/ImageObject\"> <a href=\"https:\/\/www.light-style.eu\/Blog\/toskana-es-war-traumhaft\/toskana-2016-109\/#main\" border=\"0\" itemprop=\"url\"> <meta itemprop=\"width\" content=\"288\"> <meta itemprop=\"height\" content=\"433\"> <img decoding=\"async\" class=\"\" data-attachment-id=\"2262\" data-orig-file=\"https:\/\/www.light-style.eu\/Blog\/wp-content\/uploads\/2016\/08\/Toskana-2016-109.jpg\" data-orig-size=\"667,1000\" data-comments-opened=\"1\" data-image-meta=\"{&quot;aperture&quot;:&quot;0&quot;,&quot;credit&quot;:&quot;Andi M\\u00f6ller&quot;,&quot;camera&quot;:&quot;&quot;,&quot;caption&quot;:&quot;&quot;,&quot;created_timestamp&quot;:&quot;0&quot;,&quot;copyright&quot;:&quot;Studio Light-Style&quot;,&quot;focal_length&quot;:&quot;0&quot;,&quot;iso&quot;:&quot;0&quot;,&quot;shutter_speed&quot;:&quot;0&quot;,&quot;title&quot;:&quot;&quot;,&quot;orientation&quot;:&quot;0&quot;}\" data-image-title=\"Toskana 2016-109\" data-image-description=\"\" data-medium-file=\"https:\/\/i0.wp.com\/www.light-style.eu\/Blog\/wp-content\/uploads\/2016\/08\/Toskana-2016-109.jpg?fit=400%2C600&#038;ssl=1\" data-large-file=\"https:\/\/i0.wp.com\/www.light-style.eu\/Blog\/wp-content\/uploads\/2016\/08\/Toskana-2016-109.jpg?fit=667%2C1000&#038;ssl=1\" src=\"https:\/\/i0.wp.com\/www.light-style.eu\/Blog\/wp-content\/uploads\/2016\/08\/Toskana-2016-109.jpg?w=288&#038;h=433&#038;ssl=1\" srcset=\"https:\/\/i0.wp.com\/www.light-style.eu\/Blog\/wp-content\/uploads\/2016\/08\/Toskana-2016-109.jpg?w=667&amp;ssl=1 667w, https:\/\/i0.wp.com\/www.light-style.eu\/Blog\/wp-content\/uploads\/2016\/08\/Toskana-2016-109.jpg?resize=400%2C600&amp;ssl=1 400w\" width=\"288\" height=\"433\" loading=\"lazy\" data-original-width=\"288\" data-original-height=\"433\" itemprop=\"http:\/\/schema.org\/image\" title=\"Toskana 2016-109\" alt=\"Florenz\" style=\"width: 288px; height: 433px;\" \/> <\/a> <div class=\"tiled-gallery-caption\" itemprop=\"caption description\"> Florenz <\/div> <\/div> <\/div> <!-- close group --> <\/div> <!-- close row --> <div class=\"gallery-row\" style=\"width: 1170px; height: 522px;\" data-original-width=\"1170\" data-original-height=\"522\" > <div class=\"gallery-group images-1\" style=\"width: 781px; height: 522px;\" data-original-width=\"781\" data-original-height=\"522\" > <div class=\"tiled-gallery-item tiled-gallery-item-large\" itemprop=\"associatedMedia\" itemscope itemtype=\"http:\/\/schema.org\/ImageObject\"> <a href=\"https:\/\/www.light-style.eu\/Blog\/toskana-es-war-traumhaft\/toskana-2016-108\/#main\" border=\"0\" itemprop=\"url\"> <meta itemprop=\"width\" content=\"777\"> <meta itemprop=\"height\" content=\"518\"> <img decoding=\"async\" class=\"\" data-attachment-id=\"2261\" data-orig-file=\"https:\/\/www.light-style.eu\/Blog\/wp-content\/uploads\/2016\/08\/Toskana-2016-108.jpg\" data-orig-size=\"1000,667\" data-comments-opened=\"1\" data-image-meta=\"{&quot;aperture&quot;:&quot;0&quot;,&quot;credit&quot;:&quot;Andi M\\u00f6ller&quot;,&quot;camera&quot;:&quot;&quot;,&quot;caption&quot;:&quot;&quot;,&quot;created_timestamp&quot;:&quot;0&quot;,&quot;copyright&quot;:&quot;Studio Light-Style&quot;,&quot;focal_length&quot;:&quot;0&quot;,&quot;iso&quot;:&quot;0&quot;,&quot;shutter_speed&quot;:&quot;0&quot;,&quot;title&quot;:&quot;&quot;,&quot;orientation&quot;:&quot;0&quot;}\" data-image-title=\"Toskana 2016-108\" data-image-description=\"\" data-medium-file=\"https:\/\/i0.wp.com\/www.light-style.eu\/Blog\/wp-content\/uploads\/2016\/08\/Toskana-2016-108.jpg?fit=600%2C400&#038;ssl=1\" data-large-file=\"https:\/\/i0.wp.com\/www.light-style.eu\/Blog\/wp-content\/uploads\/2016\/08\/Toskana-2016-108.jpg?fit=1000%2C667&#038;ssl=1\" src=\"https:\/\/i0.wp.com\/www.light-style.eu\/Blog\/wp-content\/uploads\/2016\/08\/Toskana-2016-108.jpg?w=777&#038;h=518&#038;ssl=1\" srcset=\"https:\/\/i0.wp.com\/www.light-style.eu\/Blog\/wp-content\/uploads\/2016\/08\/Toskana-2016-108.jpg?w=1000&amp;ssl=1 1000w, https:\/\/i0.wp.com\/www.light-style.eu\/Blog\/wp-content\/uploads\/2016\/08\/Toskana-2016-108.jpg?resize=600%2C400&amp;ssl=1 600w, https:\/\/i0.wp.com\/www.light-style.eu\/Blog\/wp-content\/uploads\/2016\/08\/Toskana-2016-108.jpg?resize=768%2C512&amp;ssl=1 768w\" width=\"777\" height=\"518\" loading=\"lazy\" data-original-width=\"777\" data-original-height=\"518\" itemprop=\"http:\/\/schema.org\/image\" title=\"Toskana 2016-108\" alt=\"Florenz\" style=\"width: 777px; height: 518px;\" \/> <\/a> <div class=\"tiled-gallery-caption\" itemprop=\"caption description\"> Florenz <\/div> <\/div> <\/div> <!-- close group --> <div class=\"gallery-group images-2\" style=\"width: 389px; height: 522px;\" data-original-width=\"389\" data-original-height=\"522\" > <div class=\"tiled-gallery-item tiled-gallery-item-large\" itemprop=\"associatedMedia\" itemscope itemtype=\"http:\/\/schema.org\/ImageObject\"> <a href=\"https:\/\/www.light-style.eu\/Blog\/toskana-es-war-traumhaft\/toskana-2016-107\/#main\" border=\"0\" itemprop=\"url\"> <meta itemprop=\"width\" content=\"385\"> <meta itemprop=\"height\" content=\"257\"> <img decoding=\"async\" class=\"\" data-attachment-id=\"2260\" data-orig-file=\"https:\/\/www.light-style.eu\/Blog\/wp-content\/uploads\/2016\/08\/Toskana-2016-107.jpg\" data-orig-size=\"1000,667\" data-comments-opened=\"1\" data-image-meta=\"{&quot;aperture&quot;:&quot;0&quot;,&quot;credit&quot;:&quot;Andi M\\u00f6ller&quot;,&quot;camera&quot;:&quot;&quot;,&quot;caption&quot;:&quot;&quot;,&quot;created_timestamp&quot;:&quot;0&quot;,&quot;copyright&quot;:&quot;Studio Light-Style&quot;,&quot;focal_length&quot;:&quot;0&quot;,&quot;iso&quot;:&quot;0&quot;,&quot;shutter_speed&quot;:&quot;0&quot;,&quot;title&quot;:&quot;&quot;,&quot;orientation&quot;:&quot;0&quot;}\" data-image-title=\"Toskana 2016-107\" data-image-description=\"\" data-medium-file=\"https:\/\/i0.wp.com\/www.light-style.eu\/Blog\/wp-content\/uploads\/2016\/08\/Toskana-2016-107.jpg?fit=600%2C400&#038;ssl=1\" data-large-file=\"https:\/\/i0.wp.com\/www.light-style.eu\/Blog\/wp-content\/uploads\/2016\/08\/Toskana-2016-107.jpg?fit=1000%2C667&#038;ssl=1\" src=\"https:\/\/i0.wp.com\/www.light-style.eu\/Blog\/wp-content\/uploads\/2016\/08\/Toskana-2016-107.jpg?w=385&#038;h=257&#038;ssl=1\" srcset=\"https:\/\/i0.wp.com\/www.light-style.eu\/Blog\/wp-content\/uploads\/2016\/08\/Toskana-2016-107.jpg?w=1000&amp;ssl=1 1000w, https:\/\/i0.wp.com\/www.light-style.eu\/Blog\/wp-content\/uploads\/2016\/08\/Toskana-2016-107.jpg?resize=600%2C400&amp;ssl=1 600w, https:\/\/i0.wp.com\/www.light-style.eu\/Blog\/wp-content\/uploads\/2016\/08\/Toskana-2016-107.jpg?resize=768%2C512&amp;ssl=1 768w\" width=\"385\" height=\"257\" loading=\"lazy\" data-original-width=\"385\" data-original-height=\"257\" itemprop=\"http:\/\/schema.org\/image\" title=\"Toskana 2016-107\" alt=\"Florenz\" style=\"width: 385px; height: 257px;\" \/> <\/a> <div class=\"tiled-gallery-caption\" itemprop=\"caption description\"> Florenz <\/div> <\/div> <div class=\"tiled-gallery-item tiled-gallery-item-large\" itemprop=\"associatedMedia\" itemscope itemtype=\"http:\/\/schema.org\/ImageObject\"> <a href=\"https:\/\/www.light-style.eu\/Blog\/toskana-es-war-traumhaft\/toskana-2016-106\/#main\" border=\"0\" itemprop=\"url\"> <meta itemprop=\"width\" content=\"385\"> <meta itemprop=\"height\" content=\"257\"> <img decoding=\"async\" class=\"\" data-attachment-id=\"2259\" data-orig-file=\"https:\/\/www.light-style.eu\/Blog\/wp-content\/uploads\/2016\/08\/Toskana-2016-106.jpg\" data-orig-size=\"1000,667\" data-comments-opened=\"1\" data-image-meta=\"{&quot;aperture&quot;:&quot;0&quot;,&quot;credit&quot;:&quot;Andi M\\u00f6ller&quot;,&quot;camera&quot;:&quot;&quot;,&quot;caption&quot;:&quot;&quot;,&quot;created_timestamp&quot;:&quot;0&quot;,&quot;copyright&quot;:&quot;Studio Light-Style&quot;,&quot;focal_length&quot;:&quot;0&quot;,&quot;iso&quot;:&quot;0&quot;,&quot;shutter_speed&quot;:&quot;0&quot;,&quot;title&quot;:&quot;&quot;,&quot;orientation&quot;:&quot;0&quot;}\" data-image-title=\"Toskana 2016-106\" data-image-description=\"\" data-medium-file=\"https:\/\/i0.wp.com\/www.light-style.eu\/Blog\/wp-content\/uploads\/2016\/08\/Toskana-2016-106.jpg?fit=600%2C400&#038;ssl=1\" data-large-file=\"https:\/\/i0.wp.com\/www.light-style.eu\/Blog\/wp-content\/uploads\/2016\/08\/Toskana-2016-106.jpg?fit=1000%2C667&#038;ssl=1\" src=\"https:\/\/i0.wp.com\/www.light-style.eu\/Blog\/wp-content\/uploads\/2016\/08\/Toskana-2016-106.jpg?w=385&#038;h=257&#038;ssl=1\" srcset=\"https:\/\/i0.wp.com\/www.light-style.eu\/Blog\/wp-content\/uploads\/2016\/08\/Toskana-2016-106.jpg?w=1000&amp;ssl=1 1000w, https:\/\/i0.wp.com\/www.light-style.eu\/Blog\/wp-content\/uploads\/2016\/08\/Toskana-2016-106.jpg?resize=600%2C400&amp;ssl=1 600w, https:\/\/i0.wp.com\/www.light-style.eu\/Blog\/wp-content\/uploads\/2016\/08\/Toskana-2016-106.jpg?resize=768%2C512&amp;ssl=1 768w\" width=\"385\" height=\"257\" loading=\"lazy\" data-original-width=\"385\" data-original-height=\"257\" itemprop=\"http:\/\/schema.org\/image\" title=\"Toskana 2016-106\" alt=\"Florenz\" style=\"width: 385px; height: 257px;\" \/> <\/a> <div class=\"tiled-gallery-caption\" itemprop=\"caption description\"> Florenz <\/div> <\/div> <\/div> <!-- close group --> <\/div> <!-- close row --> <div class=\"gallery-row\" style=\"width: 1170px; height: 541px;\" data-original-width=\"1170\" data-original-height=\"541\" > <div class=\"gallery-group images-2\" style=\"width: 404px; height: 541px;\" data-original-width=\"404\" data-original-height=\"541\" > <div class=\"tiled-gallery-item tiled-gallery-item-large\" itemprop=\"associatedMedia\" itemscope itemtype=\"http:\/\/schema.org\/ImageObject\"> <a href=\"https:\/\/www.light-style.eu\/Blog\/toskana-es-war-traumhaft\/toskana-2016-105\/#main\" border=\"0\" itemprop=\"url\"> <meta itemprop=\"width\" content=\"400\"> <meta itemprop=\"height\" content=\"266\"> <img decoding=\"async\" class=\"\" data-attachment-id=\"2258\" data-orig-file=\"https:\/\/www.light-style.eu\/Blog\/wp-content\/uploads\/2016\/08\/Toskana-2016-105.jpg\" data-orig-size=\"1000,665\" data-comments-opened=\"1\" data-image-meta=\"{&quot;aperture&quot;:&quot;0&quot;,&quot;credit&quot;:&quot;Andi M\\u00f6ller&quot;,&quot;camera&quot;:&quot;&quot;,&quot;caption&quot;:&quot;&quot;,&quot;created_timestamp&quot;:&quot;0&quot;,&quot;copyright&quot;:&quot;Studio Light-Style&quot;,&quot;focal_length&quot;:&quot;0&quot;,&quot;iso&quot;:&quot;0&quot;,&quot;shutter_speed&quot;:&quot;0&quot;,&quot;title&quot;:&quot;&quot;,&quot;orientation&quot;:&quot;0&quot;}\" data-image-title=\"Toskana 2016-105\" data-image-description=\"\" data-medium-file=\"https:\/\/i0.wp.com\/www.light-style.eu\/Blog\/wp-content\/uploads\/2016\/08\/Toskana-2016-105.jpg?fit=600%2C399&#038;ssl=1\" data-large-file=\"https:\/\/i0.wp.com\/www.light-style.eu\/Blog\/wp-content\/uploads\/2016\/08\/Toskana-2016-105.jpg?fit=1000%2C665&#038;ssl=1\" src=\"https:\/\/i0.wp.com\/www.light-style.eu\/Blog\/wp-content\/uploads\/2016\/08\/Toskana-2016-105.jpg?w=400&#038;h=266&#038;ssl=1\" srcset=\"https:\/\/i0.wp.com\/www.light-style.eu\/Blog\/wp-content\/uploads\/2016\/08\/Toskana-2016-105.jpg?w=1000&amp;ssl=1 1000w, https:\/\/i0.wp.com\/www.light-style.eu\/Blog\/wp-content\/uploads\/2016\/08\/Toskana-2016-105.jpg?resize=600%2C399&amp;ssl=1 600w, https:\/\/i0.wp.com\/www.light-style.eu\/Blog\/wp-content\/uploads\/2016\/08\/Toskana-2016-105.jpg?resize=768%2C511&amp;ssl=1 768w\" width=\"400\" height=\"266\" loading=\"lazy\" data-original-width=\"400\" data-original-height=\"266\" itemprop=\"http:\/\/schema.org\/image\" title=\"Toskana 2016-105\" alt=\"Toskana 2016-105\" style=\"width: 400px; height: 266px;\" \/> <\/a> <\/div> <div class=\"tiled-gallery-item tiled-gallery-item-large\" itemprop=\"associatedMedia\" itemscope itemtype=\"http:\/\/schema.org\/ImageObject\"> <a href=\"https:\/\/www.light-style.eu\/Blog\/toskana-es-war-traumhaft\/toskana-2016-104\/#main\" border=\"0\" itemprop=\"url\"> <meta itemprop=\"width\" content=\"400\"> <meta itemprop=\"height\" content=\"267\"> <img decoding=\"async\" class=\"\" data-attachment-id=\"2257\" data-orig-file=\"https:\/\/www.light-style.eu\/Blog\/wp-content\/uploads\/2016\/08\/Toskana-2016-104.jpg\" data-orig-size=\"1000,667\" data-comments-opened=\"1\" data-image-meta=\"{&quot;aperture&quot;:&quot;0&quot;,&quot;credit&quot;:&quot;Andi M\\u00f6ller&quot;,&quot;camera&quot;:&quot;&quot;,&quot;caption&quot;:&quot;&quot;,&quot;created_timestamp&quot;:&quot;0&quot;,&quot;copyright&quot;:&quot;Studio Light-Style&quot;,&quot;focal_length&quot;:&quot;0&quot;,&quot;iso&quot;:&quot;0&quot;,&quot;shutter_speed&quot;:&quot;0&quot;,&quot;title&quot;:&quot;&quot;,&quot;orientation&quot;:&quot;0&quot;}\" data-image-title=\"Toskana 2016-104\" data-image-description=\"\" data-medium-file=\"https:\/\/i0.wp.com\/www.light-style.eu\/Blog\/wp-content\/uploads\/2016\/08\/Toskana-2016-104.jpg?fit=600%2C400&#038;ssl=1\" data-large-file=\"https:\/\/i0.wp.com\/www.light-style.eu\/Blog\/wp-content\/uploads\/2016\/08\/Toskana-2016-104.jpg?fit=1000%2C667&#038;ssl=1\" src=\"https:\/\/i0.wp.com\/www.light-style.eu\/Blog\/wp-content\/uploads\/2016\/08\/Toskana-2016-104.jpg?w=400&#038;h=267&#038;ssl=1\" srcset=\"https:\/\/i0.wp.com\/www.light-style.eu\/Blog\/wp-content\/uploads\/2016\/08\/Toskana-2016-104.jpg?w=1000&amp;ssl=1 1000w, https:\/\/i0.wp.com\/www.light-style.eu\/Blog\/wp-content\/uploads\/2016\/08\/Toskana-2016-104.jpg?resize=600%2C400&amp;ssl=1 600w, https:\/\/i0.wp.com\/www.light-style.eu\/Blog\/wp-content\/uploads\/2016\/08\/Toskana-2016-104.jpg?resize=768%2C512&amp;ssl=1 768w\" width=\"400\" height=\"267\" loading=\"lazy\" data-original-width=\"400\" data-original-height=\"267\" itemprop=\"http:\/\/schema.org\/image\" title=\"Toskana 2016-104\" alt=\"Bolensa,\" style=\"width: 400px; height: 267px;\" \/> <\/a> <div class=\"tiled-gallery-caption\" itemprop=\"caption description\"> Bolensa, <\/div> <\/div> <\/div> <!-- close group --> <div class=\"gallery-group images-1\" style=\"width: 362px; height: 541px;\" data-original-width=\"362\" data-original-height=\"541\" > <div class=\"tiled-gallery-item tiled-gallery-item-large\" itemprop=\"associatedMedia\" itemscope itemtype=\"http:\/\/schema.org\/ImageObject\"> <a href=\"https:\/\/www.light-style.eu\/Blog\/toskana-es-war-traumhaft\/toskana-2016-103\/#main\" border=\"0\" itemprop=\"url\"> <meta itemprop=\"width\" content=\"358\"> <meta itemprop=\"height\" content=\"537\"> <img decoding=\"async\" class=\"\" data-attachment-id=\"2256\" data-orig-file=\"https:\/\/www.light-style.eu\/Blog\/wp-content\/uploads\/2016\/08\/Toskana-2016-103.jpg\" data-orig-size=\"667,1000\" data-comments-opened=\"1\" data-image-meta=\"{&quot;aperture&quot;:&quot;0&quot;,&quot;credit&quot;:&quot;Andi M\\u00f6ller&quot;,&quot;camera&quot;:&quot;&quot;,&quot;caption&quot;:&quot;&quot;,&quot;created_timestamp&quot;:&quot;0&quot;,&quot;copyright&quot;:&quot;Studio Light-Style&quot;,&quot;focal_length&quot;:&quot;0&quot;,&quot;iso&quot;:&quot;0&quot;,&quot;shutter_speed&quot;:&quot;0&quot;,&quot;title&quot;:&quot;&quot;,&quot;orientation&quot;:&quot;0&quot;}\" data-image-title=\"Toskana 2016-103\" data-image-description=\"\" data-medium-file=\"https:\/\/i0.wp.com\/www.light-style.eu\/Blog\/wp-content\/uploads\/2016\/08\/Toskana-2016-103.jpg?fit=400%2C600&#038;ssl=1\" data-large-file=\"https:\/\/i0.wp.com\/www.light-style.eu\/Blog\/wp-content\/uploads\/2016\/08\/Toskana-2016-103.jpg?fit=667%2C1000&#038;ssl=1\" src=\"https:\/\/i0.wp.com\/www.light-style.eu\/Blog\/wp-content\/uploads\/2016\/08\/Toskana-2016-103.jpg?w=358&#038;h=537&#038;ssl=1\" srcset=\"https:\/\/i0.wp.com\/www.light-style.eu\/Blog\/wp-content\/uploads\/2016\/08\/Toskana-2016-103.jpg?w=667&amp;ssl=1 667w, https:\/\/i0.wp.com\/www.light-style.eu\/Blog\/wp-content\/uploads\/2016\/08\/Toskana-2016-103.jpg?resize=400%2C600&amp;ssl=1 400w\" width=\"358\" height=\"537\" loading=\"lazy\" data-original-width=\"358\" data-original-height=\"537\" itemprop=\"http:\/\/schema.org\/image\" title=\"Toskana 2016-103\" alt=\"Toskana 2016-103\" style=\"width: 358px; height: 537px;\" \/> <\/a> <\/div> <\/div> <!-- close group --> <div class=\"gallery-group images-2\" style=\"width: 404px; height: 541px;\" data-original-width=\"404\" data-original-height=\"541\" > <div class=\"tiled-gallery-item tiled-gallery-item-large\" itemprop=\"associatedMedia\" itemscope itemtype=\"http:\/\/schema.org\/ImageObject\"> <a href=\"https:\/\/www.light-style.eu\/Blog\/toskana-es-war-traumhaft\/toskana-2016-102\/#main\" border=\"0\" itemprop=\"url\"> <meta itemprop=\"width\" content=\"400\"> <meta itemprop=\"height\" content=\"267\"> <img decoding=\"async\" class=\"\" data-attachment-id=\"2255\" data-orig-file=\"https:\/\/www.light-style.eu\/Blog\/wp-content\/uploads\/2016\/08\/Toskana-2016-102.jpg\" data-orig-size=\"1000,667\" data-comments-opened=\"1\" data-image-meta=\"{&quot;aperture&quot;:&quot;0&quot;,&quot;credit&quot;:&quot;Andi M\\u00f6ller&quot;,&quot;camera&quot;:&quot;&quot;,&quot;caption&quot;:&quot;&quot;,&quot;created_timestamp&quot;:&quot;0&quot;,&quot;copyright&quot;:&quot;Studio Light-Style&quot;,&quot;focal_length&quot;:&quot;0&quot;,&quot;iso&quot;:&quot;0&quot;,&quot;shutter_speed&quot;:&quot;0&quot;,&quot;title&quot;:&quot;&quot;,&quot;orientation&quot;:&quot;0&quot;}\" data-image-title=\"Toskana 2016-102\" data-image-description=\"\" data-medium-file=\"https:\/\/i0.wp.com\/www.light-style.eu\/Blog\/wp-content\/uploads\/2016\/08\/Toskana-2016-102.jpg?fit=600%2C400&#038;ssl=1\" data-large-file=\"https:\/\/i0.wp.com\/www.light-style.eu\/Blog\/wp-content\/uploads\/2016\/08\/Toskana-2016-102.jpg?fit=1000%2C667&#038;ssl=1\" src=\"https:\/\/i0.wp.com\/www.light-style.eu\/Blog\/wp-content\/uploads\/2016\/08\/Toskana-2016-102.jpg?w=400&#038;h=267&#038;ssl=1\" srcset=\"https:\/\/i0.wp.com\/www.light-style.eu\/Blog\/wp-content\/uploads\/2016\/08\/Toskana-2016-102.jpg?w=1000&amp;ssl=1 1000w, https:\/\/i0.wp.com\/www.light-style.eu\/Blog\/wp-content\/uploads\/2016\/08\/Toskana-2016-102.jpg?resize=600%2C400&amp;ssl=1 600w, https:\/\/i0.wp.com\/www.light-style.eu\/Blog\/wp-content\/uploads\/2016\/08\/Toskana-2016-102.jpg?resize=768%2C512&amp;ssl=1 768w\" width=\"400\" height=\"267\" loading=\"lazy\" data-original-width=\"400\" data-original-height=\"267\" itemprop=\"http:\/\/schema.org\/image\" title=\"Toskana 2016-102\" alt=\"Bolensa,\" style=\"width: 400px; height: 267px;\" \/> <\/a> <div class=\"tiled-gallery-caption\" itemprop=\"caption description\"> Bolensa, <\/div> <\/div> <div class=\"tiled-gallery-item tiled-gallery-item-large\" itemprop=\"associatedMedia\" itemscope itemtype=\"http:\/\/schema.org\/ImageObject\"> <a href=\"https:\/\/www.light-style.eu\/Blog\/toskana-es-war-traumhaft\/toskana-2016-101\/#main\" border=\"0\" itemprop=\"url\"> <meta itemprop=\"width\" content=\"400\"> <meta itemprop=\"height\" content=\"266\"> <img decoding=\"async\" class=\"\" data-attachment-id=\"2254\" data-orig-file=\"https:\/\/www.light-style.eu\/Blog\/wp-content\/uploads\/2016\/08\/Toskana-2016-101.jpg\" data-orig-size=\"1000,667\" data-comments-opened=\"1\" data-image-meta=\"{&quot;aperture&quot;:&quot;0&quot;,&quot;credit&quot;:&quot;Andi M\\u00f6ller&quot;,&quot;camera&quot;:&quot;&quot;,&quot;caption&quot;:&quot;&quot;,&quot;created_timestamp&quot;:&quot;0&quot;,&quot;copyright&quot;:&quot;Studio Light-Style&quot;,&quot;focal_length&quot;:&quot;0&quot;,&quot;iso&quot;:&quot;0&quot;,&quot;shutter_speed&quot;:&quot;0&quot;,&quot;title&quot;:&quot;&quot;,&quot;orientation&quot;:&quot;0&quot;}\" data-image-title=\"Toskana 2016-101\" data-image-description=\"\" data-medium-file=\"https:\/\/i0.wp.com\/www.light-style.eu\/Blog\/wp-content\/uploads\/2016\/08\/Toskana-2016-101.jpg?fit=600%2C400&#038;ssl=1\" data-large-file=\"https:\/\/i0.wp.com\/www.light-style.eu\/Blog\/wp-content\/uploads\/2016\/08\/Toskana-2016-101.jpg?fit=1000%2C667&#038;ssl=1\" src=\"https:\/\/i0.wp.com\/www.light-style.eu\/Blog\/wp-content\/uploads\/2016\/08\/Toskana-2016-101.jpg?w=400&#038;h=266&#038;ssl=1\" srcset=\"https:\/\/i0.wp.com\/www.light-style.eu\/Blog\/wp-content\/uploads\/2016\/08\/Toskana-2016-101.jpg?w=1000&amp;ssl=1 1000w, https:\/\/i0.wp.com\/www.light-style.eu\/Blog\/wp-content\/uploads\/2016\/08\/Toskana-2016-101.jpg?resize=600%2C400&amp;ssl=1 600w, https:\/\/i0.wp.com\/www.light-style.eu\/Blog\/wp-content\/uploads\/2016\/08\/Toskana-2016-101.jpg?resize=768%2C512&amp;ssl=1 768w\" width=\"400\" height=\"266\" loading=\"lazy\" data-original-width=\"400\" data-original-height=\"266\" itemprop=\"http:\/\/schema.org\/image\" title=\"Toskana 2016-101\" alt=\"Bolensa,\" style=\"width: 400px; height: 266px;\" \/> <\/a> <div class=\"tiled-gallery-caption\" itemprop=\"caption description\"> Bolensa, <\/div> <\/div> <\/div> <!-- close group --> <\/div> <!-- close row --> <div class=\"gallery-row\" style=\"width: 1170px; height: 320px;\" data-original-width=\"1170\" data-original-height=\"320\" > <div class=\"gallery-group images-1\" style=\"width: 478px; height: 320px;\" data-original-width=\"478\" data-original-height=\"320\" > <div class=\"tiled-gallery-item tiled-gallery-item-large\" itemprop=\"associatedMedia\" itemscope itemtype=\"http:\/\/schema.org\/ImageObject\"> <a href=\"https:\/\/www.light-style.eu\/Blog\/toskana-es-war-traumhaft\/toskana-2016-100\/#main\" border=\"0\" itemprop=\"url\"> <meta itemprop=\"width\" content=\"474\"> <meta itemprop=\"height\" content=\"316\"> <img decoding=\"async\" class=\"\" data-attachment-id=\"2253\" data-orig-file=\"https:\/\/www.light-style.eu\/Blog\/wp-content\/uploads\/2016\/08\/Toskana-2016-100.jpg\" data-orig-size=\"1000,667\" data-comments-opened=\"1\" data-image-meta=\"{&quot;aperture&quot;:&quot;0&quot;,&quot;credit&quot;:&quot;Andi M\\u00f6ller&quot;,&quot;camera&quot;:&quot;&quot;,&quot;caption&quot;:&quot;&quot;,&quot;created_timestamp&quot;:&quot;0&quot;,&quot;copyright&quot;:&quot;Studio Light-Style&quot;,&quot;focal_length&quot;:&quot;0&quot;,&quot;iso&quot;:&quot;0&quot;,&quot;shutter_speed&quot;:&quot;0&quot;,&quot;title&quot;:&quot;&quot;,&quot;orientation&quot;:&quot;0&quot;}\" data-image-title=\"Toskana 2016-100\" data-image-description=\"\" data-medium-file=\"https:\/\/i0.wp.com\/www.light-style.eu\/Blog\/wp-content\/uploads\/2016\/08\/Toskana-2016-100.jpg?fit=600%2C400&#038;ssl=1\" data-large-file=\"https:\/\/i0.wp.com\/www.light-style.eu\/Blog\/wp-content\/uploads\/2016\/08\/Toskana-2016-100.jpg?fit=1000%2C667&#038;ssl=1\" src=\"https:\/\/i0.wp.com\/www.light-style.eu\/Blog\/wp-content\/uploads\/2016\/08\/Toskana-2016-100.jpg?w=474&#038;h=316&#038;ssl=1\" srcset=\"https:\/\/i0.wp.com\/www.light-style.eu\/Blog\/wp-content\/uploads\/2016\/08\/Toskana-2016-100.jpg?w=1000&amp;ssl=1 1000w, https:\/\/i0.wp.com\/www.light-style.eu\/Blog\/wp-content\/uploads\/2016\/08\/Toskana-2016-100.jpg?resize=600%2C400&amp;ssl=1 600w, https:\/\/i0.wp.com\/www.light-style.eu\/Blog\/wp-content\/uploads\/2016\/08\/Toskana-2016-100.jpg?resize=768%2C512&amp;ssl=1 768w\" width=\"474\" height=\"316\" loading=\"lazy\" data-original-width=\"474\" data-original-height=\"316\" itemprop=\"http:\/\/schema.org\/image\" title=\"Toskana 2016-100\" alt=\"Bolensa,\" style=\"width: 474px; height: 316px;\" \/> <\/a> <div class=\"tiled-gallery-caption\" itemprop=\"caption description\"> Bolensa, <\/div> <\/div> <\/div> <!-- close group --> <div class=\"gallery-group images-1\" style=\"width: 477px; height: 320px;\" data-original-width=\"477\" data-original-height=\"320\" > <div class=\"tiled-gallery-item tiled-gallery-item-large\" itemprop=\"associatedMedia\" itemscope itemtype=\"http:\/\/schema.org\/ImageObject\"> <a href=\"https:\/\/www.light-style.eu\/Blog\/toskana-es-war-traumhaft\/toskana-2016-99\/#main\" border=\"0\" itemprop=\"url\"> <meta itemprop=\"width\" content=\"473\"> <meta itemprop=\"height\" content=\"316\"> <img decoding=\"async\" class=\"\" data-attachment-id=\"2252\" data-orig-file=\"https:\/\/www.light-style.eu\/Blog\/wp-content\/uploads\/2016\/08\/Toskana-2016-99.jpg\" data-orig-size=\"1000,667\" data-comments-opened=\"1\" data-image-meta=\"{&quot;aperture&quot;:&quot;0&quot;,&quot;credit&quot;:&quot;Andi M\\u00f6ller&quot;,&quot;camera&quot;:&quot;&quot;,&quot;caption&quot;:&quot;&quot;,&quot;created_timestamp&quot;:&quot;0&quot;,&quot;copyright&quot;:&quot;Studio Light-Style&quot;,&quot;focal_length&quot;:&quot;0&quot;,&quot;iso&quot;:&quot;0&quot;,&quot;shutter_speed&quot;:&quot;0&quot;,&quot;title&quot;:&quot;&quot;,&quot;orientation&quot;:&quot;0&quot;}\" data-image-title=\"Toskana 2016-99\" data-image-description=\"\" data-medium-file=\"https:\/\/i0.wp.com\/www.light-style.eu\/Blog\/wp-content\/uploads\/2016\/08\/Toskana-2016-99.jpg?fit=600%2C400&#038;ssl=1\" data-large-file=\"https:\/\/i0.wp.com\/www.light-style.eu\/Blog\/wp-content\/uploads\/2016\/08\/Toskana-2016-99.jpg?fit=1000%2C667&#038;ssl=1\" src=\"https:\/\/i0.wp.com\/www.light-style.eu\/Blog\/wp-content\/uploads\/2016\/08\/Toskana-2016-99.jpg?w=473&#038;h=316&#038;ssl=1\" srcset=\"https:\/\/i0.wp.com\/www.light-style.eu\/Blog\/wp-content\/uploads\/2016\/08\/Toskana-2016-99.jpg?w=1000&amp;ssl=1 1000w, https:\/\/i0.wp.com\/www.light-style.eu\/Blog\/wp-content\/uploads\/2016\/08\/Toskana-2016-99.jpg?resize=600%2C400&amp;ssl=1 600w, https:\/\/i0.wp.com\/www.light-style.eu\/Blog\/wp-content\/uploads\/2016\/08\/Toskana-2016-99.jpg?resize=768%2C512&amp;ssl=1 768w\" width=\"473\" height=\"316\" loading=\"lazy\" data-original-width=\"473\" data-original-height=\"316\" itemprop=\"http:\/\/schema.org\/image\" title=\"Toskana 2016-99\" alt=\"Bolensa,\" style=\"width: 473px; height: 316px;\" \/> <\/a> <div class=\"tiled-gallery-caption\" itemprop=\"caption description\"> Bolensa, <\/div> <\/div> <\/div> <!-- close group --> <div class=\"gallery-group images-1\" style=\"width: 215px; height: 320px;\" data-original-width=\"215\" data-original-height=\"320\" > <div class=\"tiled-gallery-item tiled-gallery-item-small\" itemprop=\"associatedMedia\" itemscope itemtype=\"http:\/\/schema.org\/ImageObject\"> <a href=\"https:\/\/www.light-style.eu\/Blog\/toskana-es-war-traumhaft\/toskana-2016-98\/#main\" border=\"0\" itemprop=\"url\"> <meta itemprop=\"width\" content=\"211\"> <meta itemprop=\"height\" content=\"316\"> <img decoding=\"async\" class=\"\" data-attachment-id=\"2251\" data-orig-file=\"https:\/\/www.light-style.eu\/Blog\/wp-content\/uploads\/2016\/08\/Toskana-2016-98.jpg\" data-orig-size=\"667,1000\" data-comments-opened=\"1\" data-image-meta=\"{&quot;aperture&quot;:&quot;0&quot;,&quot;credit&quot;:&quot;Andi M\\u00f6ller&quot;,&quot;camera&quot;:&quot;&quot;,&quot;caption&quot;:&quot;&quot;,&quot;created_timestamp&quot;:&quot;0&quot;,&quot;copyright&quot;:&quot;Studio Light-Style&quot;,&quot;focal_length&quot;:&quot;0&quot;,&quot;iso&quot;:&quot;0&quot;,&quot;shutter_speed&quot;:&quot;0&quot;,&quot;title&quot;:&quot;&quot;,&quot;orientation&quot;:&quot;0&quot;}\" data-image-title=\"Toskana 2016-98\" data-image-description=\"\" data-medium-file=\"https:\/\/i0.wp.com\/www.light-style.eu\/Blog\/wp-content\/uploads\/2016\/08\/Toskana-2016-98.jpg?fit=400%2C600&#038;ssl=1\" data-large-file=\"https:\/\/i0.wp.com\/www.light-style.eu\/Blog\/wp-content\/uploads\/2016\/08\/Toskana-2016-98.jpg?fit=667%2C1000&#038;ssl=1\" src=\"https:\/\/i0.wp.com\/www.light-style.eu\/Blog\/wp-content\/uploads\/2016\/08\/Toskana-2016-98.jpg?w=211&#038;h=316&#038;ssl=1\" srcset=\"https:\/\/i0.wp.com\/www.light-style.eu\/Blog\/wp-content\/uploads\/2016\/08\/Toskana-2016-98.jpg?w=667&amp;ssl=1 667w, https:\/\/i0.wp.com\/www.light-style.eu\/Blog\/wp-content\/uploads\/2016\/08\/Toskana-2016-98.jpg?resize=400%2C600&amp;ssl=1 400w\" width=\"211\" height=\"316\" loading=\"lazy\" data-original-width=\"211\" data-original-height=\"316\" itemprop=\"http:\/\/schema.org\/image\" title=\"Toskana 2016-98\" alt=\"Bolensa,\" style=\"width: 211px; height: 316px;\" \/> <\/a> <div class=\"tiled-gallery-caption\" itemprop=\"caption description\"> Bolensa, <\/div> <\/div> <\/div> <!-- close group --> <\/div> <!-- close row --> <div class=\"gallery-row\" style=\"width: 1170px; height: 540px;\" data-original-width=\"1170\" data-original-height=\"540\" > <div class=\"gallery-group images-1\" style=\"width: 808px; height: 540px;\" data-original-width=\"808\" data-original-height=\"540\" > <div class=\"tiled-gallery-item tiled-gallery-item-large\" itemprop=\"associatedMedia\" itemscope itemtype=\"http:\/\/schema.org\/ImageObject\"> <a href=\"https:\/\/www.light-style.eu\/Blog\/toskana-es-war-traumhaft\/toskana-2016-97\/#main\" border=\"0\" itemprop=\"url\"> <meta itemprop=\"width\" content=\"804\"> <meta itemprop=\"height\" content=\"536\"> <img decoding=\"async\" class=\"\" data-attachment-id=\"2250\" data-orig-file=\"https:\/\/www.light-style.eu\/Blog\/wp-content\/uploads\/2016\/08\/Toskana-2016-97.jpg\" data-orig-size=\"1000,667\" data-comments-opened=\"1\" data-image-meta=\"{&quot;aperture&quot;:&quot;0&quot;,&quot;credit&quot;:&quot;Andi M\\u00f6ller&quot;,&quot;camera&quot;:&quot;&quot;,&quot;caption&quot;:&quot;&quot;,&quot;created_timestamp&quot;:&quot;0&quot;,&quot;copyright&quot;:&quot;Studio Light-Style&quot;,&quot;focal_length&quot;:&quot;0&quot;,&quot;iso&quot;:&quot;0&quot;,&quot;shutter_speed&quot;:&quot;0&quot;,&quot;title&quot;:&quot;&quot;,&quot;orientation&quot;:&quot;0&quot;}\" data-image-title=\"Toskana 2016-97\" data-image-description=\"\" data-medium-file=\"https:\/\/i0.wp.com\/www.light-style.eu\/Blog\/wp-content\/uploads\/2016\/08\/Toskana-2016-97.jpg?fit=600%2C400&#038;ssl=1\" data-large-file=\"https:\/\/i0.wp.com\/www.light-style.eu\/Blog\/wp-content\/uploads\/2016\/08\/Toskana-2016-97.jpg?fit=1000%2C667&#038;ssl=1\" src=\"https:\/\/i0.wp.com\/www.light-style.eu\/Blog\/wp-content\/uploads\/2016\/08\/Toskana-2016-97.jpg?w=804&#038;h=536&#038;ssl=1\" srcset=\"https:\/\/i0.wp.com\/www.light-style.eu\/Blog\/wp-content\/uploads\/2016\/08\/Toskana-2016-97.jpg?w=1000&amp;ssl=1 1000w, https:\/\/i0.wp.com\/www.light-style.eu\/Blog\/wp-content\/uploads\/2016\/08\/Toskana-2016-97.jpg?resize=600%2C400&amp;ssl=1 600w, https:\/\/i0.wp.com\/www.light-style.eu\/Blog\/wp-content\/uploads\/2016\/08\/Toskana-2016-97.jpg?resize=768%2C512&amp;ssl=1 768w\" width=\"804\" height=\"536\" loading=\"lazy\" data-original-width=\"804\" data-original-height=\"536\" itemprop=\"http:\/\/schema.org\/image\" title=\"Toskana 2016-97\" alt=\"Bolensa,\" style=\"width: 804px; height: 536px;\" \/> <\/a> <div class=\"tiled-gallery-caption\" itemprop=\"caption description\"> Bolensa, <\/div> <\/div> <\/div> <!-- close group --> <div class=\"gallery-group images-1\" style=\"width: 362px; height: 540px;\" data-original-width=\"362\" data-original-height=\"540\" > <div class=\"tiled-gallery-item tiled-gallery-item-large\" itemprop=\"associatedMedia\" itemscope itemtype=\"http:\/\/schema.org\/ImageObject\"> <a href=\"https:\/\/www.light-style.eu\/Blog\/toskana-es-war-traumhaft\/toskana-2016-96\/#main\" border=\"0\" itemprop=\"url\"> <meta itemprop=\"width\" content=\"358\"> <meta itemprop=\"height\" content=\"536\"> <img decoding=\"async\" class=\"\" data-attachment-id=\"2249\" data-orig-file=\"https:\/\/www.light-style.eu\/Blog\/wp-content\/uploads\/2016\/08\/Toskana-2016-96.jpg\" data-orig-size=\"667,1000\" data-comments-opened=\"1\" data-image-meta=\"{&quot;aperture&quot;:&quot;0&quot;,&quot;credit&quot;:&quot;Andi M\\u00f6ller&quot;,&quot;camera&quot;:&quot;&quot;,&quot;caption&quot;:&quot;&quot;,&quot;created_timestamp&quot;:&quot;0&quot;,&quot;copyright&quot;:&quot;Studio Light-Style&quot;,&quot;focal_length&quot;:&quot;0&quot;,&quot;iso&quot;:&quot;0&quot;,&quot;shutter_speed&quot;:&quot;0&quot;,&quot;title&quot;:&quot;&quot;,&quot;orientation&quot;:&quot;0&quot;}\" data-image-title=\"Toskana 2016-96\" data-image-description=\"\" data-medium-file=\"https:\/\/i0.wp.com\/www.light-style.eu\/Blog\/wp-content\/uploads\/2016\/08\/Toskana-2016-96.jpg?fit=400%2C600&#038;ssl=1\" data-large-file=\"https:\/\/i0.wp.com\/www.light-style.eu\/Blog\/wp-content\/uploads\/2016\/08\/Toskana-2016-96.jpg?fit=667%2C1000&#038;ssl=1\" src=\"https:\/\/i0.wp.com\/www.light-style.eu\/Blog\/wp-content\/uploads\/2016\/08\/Toskana-2016-96.jpg?w=358&#038;h=536&#038;ssl=1\" srcset=\"https:\/\/i0.wp.com\/www.light-style.eu\/Blog\/wp-content\/uploads\/2016\/08\/Toskana-2016-96.jpg?w=667&amp;ssl=1 667w, https:\/\/i0.wp.com\/www.light-style.eu\/Blog\/wp-content\/uploads\/2016\/08\/Toskana-2016-96.jpg?resize=400%2C600&amp;ssl=1 400w\" width=\"358\" height=\"536\" loading=\"lazy\" data-original-width=\"358\" data-original-height=\"536\" itemprop=\"http:\/\/schema.org\/image\" title=\"Toskana 2016-96\" alt=\"Bolensa,\" style=\"width: 358px; height: 536px;\" \/> <\/a> <div class=\"tiled-gallery-caption\" itemprop=\"caption description\"> Bolensa, <\/div> <\/div> <\/div> <!-- close group --> <\/div> <!-- close row --> <div class=\"gallery-row\" style=\"width: 1170px; height: 1003px;\" data-original-width=\"1170\" data-original-height=\"1003\" > <div class=\"gallery-group images-1\" style=\"width: 671px; height: 1003px;\" data-original-width=\"671\" data-original-height=\"1003\" > <div class=\"tiled-gallery-item tiled-gallery-item-large\" itemprop=\"associatedMedia\" itemscope itemtype=\"http:\/\/schema.org\/ImageObject\"> <a href=\"https:\/\/www.light-style.eu\/Blog\/toskana-es-war-traumhaft\/toskana-2016-95\/#main\" border=\"0\" itemprop=\"url\"> <meta itemprop=\"width\" content=\"667\"> <meta itemprop=\"height\" content=\"999\"> <img decoding=\"async\" class=\"\" data-attachment-id=\"2248\" data-orig-file=\"https:\/\/www.light-style.eu\/Blog\/wp-content\/uploads\/2016\/08\/Toskana-2016-95.jpg\" data-orig-size=\"667,1000\" data-comments-opened=\"1\" data-image-meta=\"{&quot;aperture&quot;:&quot;0&quot;,&quot;credit&quot;:&quot;Andi M\\u00f6ller&quot;,&quot;camera&quot;:&quot;&quot;,&quot;caption&quot;:&quot;&quot;,&quot;created_timestamp&quot;:&quot;0&quot;,&quot;copyright&quot;:&quot;Studio Light-Style&quot;,&quot;focal_length&quot;:&quot;0&quot;,&quot;iso&quot;:&quot;0&quot;,&quot;shutter_speed&quot;:&quot;0&quot;,&quot;title&quot;:&quot;&quot;,&quot;orientation&quot;:&quot;0&quot;}\" data-image-title=\"Toskana 2016-95\" data-image-description=\"\" data-medium-file=\"https:\/\/i0.wp.com\/www.light-style.eu\/Blog\/wp-content\/uploads\/2016\/08\/Toskana-2016-95.jpg?fit=400%2C600&#038;ssl=1\" data-large-file=\"https:\/\/i0.wp.com\/www.light-style.eu\/Blog\/wp-content\/uploads\/2016\/08\/Toskana-2016-95.jpg?fit=667%2C1000&#038;ssl=1\" src=\"https:\/\/i0.wp.com\/www.light-style.eu\/Blog\/wp-content\/uploads\/2016\/08\/Toskana-2016-95.jpg?w=667&#038;h=999&#038;ssl=1\" srcset=\"https:\/\/i0.wp.com\/www.light-style.eu\/Blog\/wp-content\/uploads\/2016\/08\/Toskana-2016-95.jpg?w=667&amp;ssl=1 667w, https:\/\/i0.wp.com\/www.light-style.eu\/Blog\/wp-content\/uploads\/2016\/08\/Toskana-2016-95.jpg?resize=400%2C600&amp;ssl=1 400w\" width=\"667\" height=\"999\" loading=\"lazy\" data-original-width=\"667\" data-original-height=\"999\" itemprop=\"http:\/\/schema.org\/image\" title=\"Toskana 2016-95\" alt=\"Bolensa,\" style=\"width: 667px; height: 999px;\" \/> <\/a> <div class=\"tiled-gallery-caption\" itemprop=\"caption description\"> Bolensa, <\/div> <\/div> <\/div> <!-- close group --> <div class=\"gallery-group images-3\" style=\"width: 499px; height: 1003px;\" data-original-width=\"499\" data-original-height=\"1003\" > <div class=\"tiled-gallery-item tiled-gallery-item-large\" itemprop=\"associatedMedia\" itemscope itemtype=\"http:\/\/schema.org\/ImageObject\"> <a href=\"https:\/\/www.light-style.eu\/Blog\/toskana-es-war-traumhaft\/toskana-2016-94\/#main\" border=\"0\" itemprop=\"url\"> <meta itemprop=\"width\" content=\"495\"> <meta itemprop=\"height\" content=\"331\"> <img decoding=\"async\" class=\"\" data-attachment-id=\"2247\" data-orig-file=\"https:\/\/www.light-style.eu\/Blog\/wp-content\/uploads\/2016\/08\/Toskana-2016-94.jpg\" data-orig-size=\"1000,667\" data-comments-opened=\"1\" data-image-meta=\"{&quot;aperture&quot;:&quot;0&quot;,&quot;credit&quot;:&quot;Andi M\\u00f6ller&quot;,&quot;camera&quot;:&quot;&quot;,&quot;caption&quot;:&quot;&quot;,&quot;created_timestamp&quot;:&quot;0&quot;,&quot;copyright&quot;:&quot;Studio Light-Style&quot;,&quot;focal_length&quot;:&quot;0&quot;,&quot;iso&quot;:&quot;0&quot;,&quot;shutter_speed&quot;:&quot;0&quot;,&quot;title&quot;:&quot;&quot;,&quot;orientation&quot;:&quot;0&quot;}\" data-image-title=\"Toskana 2016-94\" data-image-description=\"\" data-medium-file=\"https:\/\/i0.wp.com\/www.light-style.eu\/Blog\/wp-content\/uploads\/2016\/08\/Toskana-2016-94.jpg?fit=600%2C400&#038;ssl=1\" data-large-file=\"https:\/\/i0.wp.com\/www.light-style.eu\/Blog\/wp-content\/uploads\/2016\/08\/Toskana-2016-94.jpg?fit=1000%2C667&#038;ssl=1\" src=\"https:\/\/i0.wp.com\/www.light-style.eu\/Blog\/wp-content\/uploads\/2016\/08\/Toskana-2016-94.jpg?w=495&#038;h=331&#038;ssl=1\" srcset=\"https:\/\/i0.wp.com\/www.light-style.eu\/Blog\/wp-content\/uploads\/2016\/08\/Toskana-2016-94.jpg?w=1000&amp;ssl=1 1000w, https:\/\/i0.wp.com\/www.light-style.eu\/Blog\/wp-content\/uploads\/2016\/08\/Toskana-2016-94.jpg?resize=600%2C400&amp;ssl=1 600w, https:\/\/i0.wp.com\/www.light-style.eu\/Blog\/wp-content\/uploads\/2016\/08\/Toskana-2016-94.jpg?resize=768%2C512&amp;ssl=1 768w\" width=\"495\" height=\"331\" loading=\"lazy\" data-original-width=\"495\" data-original-height=\"331\" itemprop=\"http:\/\/schema.org\/image\" title=\"Toskana 2016-94\" alt=\"Bolensa,\" style=\"width: 495px; height: 331px;\" \/> <\/a> <div class=\"tiled-gallery-caption\" itemprop=\"caption description\"> Bolensa, <\/div> <\/div> <div class=\"tiled-gallery-item tiled-gallery-item-large\" itemprop=\"associatedMedia\" itemscope itemtype=\"http:\/\/schema.org\/ImageObject\"> <a href=\"https:\/\/www.light-style.eu\/Blog\/toskana-es-war-traumhaft\/toskana-2016-93\/#main\" border=\"0\" itemprop=\"url\"> <meta itemprop=\"width\" content=\"495\"> <meta itemprop=\"height\" content=\"330\"> <img decoding=\"async\" class=\"\" data-attachment-id=\"2246\" data-orig-file=\"https:\/\/www.light-style.eu\/Blog\/wp-content\/uploads\/2016\/08\/Toskana-2016-93.jpg\" data-orig-size=\"1000,667\" data-comments-opened=\"1\" data-image-meta=\"{&quot;aperture&quot;:&quot;0&quot;,&quot;credit&quot;:&quot;Andi M\\u00f6ller&quot;,&quot;camera&quot;:&quot;&quot;,&quot;caption&quot;:&quot;&quot;,&quot;created_timestamp&quot;:&quot;0&quot;,&quot;copyright&quot;:&quot;Studio Light-Style&quot;,&quot;focal_length&quot;:&quot;0&quot;,&quot;iso&quot;:&quot;0&quot;,&quot;shutter_speed&quot;:&quot;0&quot;,&quot;title&quot;:&quot;&quot;,&quot;orientation&quot;:&quot;0&quot;}\" data-image-title=\"Toskana 2016-93\" data-image-description=\"\" data-medium-file=\"https:\/\/i0.wp.com\/www.light-style.eu\/Blog\/wp-content\/uploads\/2016\/08\/Toskana-2016-93.jpg?fit=600%2C400&#038;ssl=1\" data-large-file=\"https:\/\/i0.wp.com\/www.light-style.eu\/Blog\/wp-content\/uploads\/2016\/08\/Toskana-2016-93.jpg?fit=1000%2C667&#038;ssl=1\" src=\"https:\/\/i0.wp.com\/www.light-style.eu\/Blog\/wp-content\/uploads\/2016\/08\/Toskana-2016-93.jpg?w=495&#038;h=330&#038;ssl=1\" srcset=\"https:\/\/i0.wp.com\/www.light-style.eu\/Blog\/wp-content\/uploads\/2016\/08\/Toskana-2016-93.jpg?w=1000&amp;ssl=1 1000w, https:\/\/i0.wp.com\/www.light-style.eu\/Blog\/wp-content\/uploads\/2016\/08\/Toskana-2016-93.jpg?resize=600%2C400&amp;ssl=1 600w, https:\/\/i0.wp.com\/www.light-style.eu\/Blog\/wp-content\/uploads\/2016\/08\/Toskana-2016-93.jpg?resize=768%2C512&amp;ssl=1 768w\" width=\"495\" height=\"330\" loading=\"lazy\" data-original-width=\"495\" data-original-height=\"330\" itemprop=\"http:\/\/schema.org\/image\" title=\"Toskana 2016-93\" alt=\"Bolensa,\" style=\"width: 495px; height: 330px;\" \/> <\/a> <div class=\"tiled-gallery-caption\" itemprop=\"caption description\"> Bolensa, <\/div> <\/div> <div class=\"tiled-gallery-item tiled-gallery-item-large\" itemprop=\"associatedMedia\" itemscope itemtype=\"http:\/\/schema.org\/ImageObject\"> <a href=\"https:\/\/www.light-style.eu\/Blog\/toskana-es-war-traumhaft\/toskana-2016-92\/#main\" border=\"0\" itemprop=\"url\"> <meta itemprop=\"width\" content=\"495\"> <meta itemprop=\"height\" content=\"330\"> <img decoding=\"async\" class=\"\" data-attachment-id=\"2245\" data-orig-file=\"https:\/\/www.light-style.eu\/Blog\/wp-content\/uploads\/2016\/08\/Toskana-2016-92.jpg\" data-orig-size=\"1000,667\" data-comments-opened=\"1\" data-image-meta=\"{&quot;aperture&quot;:&quot;0&quot;,&quot;credit&quot;:&quot;Andi M\\u00f6ller&quot;,&quot;camera&quot;:&quot;&quot;,&quot;caption&quot;:&quot;&quot;,&quot;created_timestamp&quot;:&quot;0&quot;,&quot;copyright&quot;:&quot;Studio Light-Style&quot;,&quot;focal_length&quot;:&quot;0&quot;,&quot;iso&quot;:&quot;0&quot;,&quot;shutter_speed&quot;:&quot;0&quot;,&quot;title&quot;:&quot;&quot;,&quot;orientation&quot;:&quot;0&quot;}\" data-image-title=\"Toskana 2016-92\" data-image-description=\"\" data-medium-file=\"https:\/\/i0.wp.com\/www.light-style.eu\/Blog\/wp-content\/uploads\/2016\/08\/Toskana-2016-92.jpg?fit=600%2C400&#038;ssl=1\" data-large-file=\"https:\/\/i0.wp.com\/www.light-style.eu\/Blog\/wp-content\/uploads\/2016\/08\/Toskana-2016-92.jpg?fit=1000%2C667&#038;ssl=1\" src=\"https:\/\/i0.wp.com\/www.light-style.eu\/Blog\/wp-content\/uploads\/2016\/08\/Toskana-2016-92.jpg?w=495&#038;h=330&#038;ssl=1\" srcset=\"https:\/\/i0.wp.com\/www.light-style.eu\/Blog\/wp-content\/uploads\/2016\/08\/Toskana-2016-92.jpg?w=1000&amp;ssl=1 1000w, https:\/\/i0.wp.com\/www.light-style.eu\/Blog\/wp-content\/uploads\/2016\/08\/Toskana-2016-92.jpg?resize=600%2C400&amp;ssl=1 600w, https:\/\/i0.wp.com\/www.light-style.eu\/Blog\/wp-content\/uploads\/2016\/08\/Toskana-2016-92.jpg?resize=768%2C512&amp;ssl=1 768w\" width=\"495\" height=\"330\" loading=\"lazy\" data-original-width=\"495\" data-original-height=\"330\" itemprop=\"http:\/\/schema.org\/image\" title=\"Toskana 2016-92\" alt=\"Bolensa,\" style=\"width: 495px; height: 330px;\" \/> <\/a> <div class=\"tiled-gallery-caption\" itemprop=\"caption description\"> Bolensa, <\/div> <\/div> <\/div> <!-- close group --> <\/div> <!-- close row --> <div class=\"gallery-row\" style=\"width: 1170px; height: 540px;\" data-original-width=\"1170\" data-original-height=\"540\" > <div class=\"gallery-group images-1\" style=\"width: 808px; height: 540px;\" data-original-width=\"808\" data-original-height=\"540\" > <div class=\"tiled-gallery-item tiled-gallery-item-large\" itemprop=\"associatedMedia\" itemscope itemtype=\"http:\/\/schema.org\/ImageObject\"> <a href=\"https:\/\/www.light-style.eu\/Blog\/toskana-es-war-traumhaft\/toskana-2016-91\/#main\" border=\"0\" itemprop=\"url\"> <meta itemprop=\"width\" content=\"804\"> <meta itemprop=\"height\" content=\"536\"> <img decoding=\"async\" class=\"\" data-attachment-id=\"2244\" data-orig-file=\"https:\/\/www.light-style.eu\/Blog\/wp-content\/uploads\/2016\/08\/Toskana-2016-91.jpg\" data-orig-size=\"1000,667\" data-comments-opened=\"1\" data-image-meta=\"{&quot;aperture&quot;:&quot;0&quot;,&quot;credit&quot;:&quot;Andi M\\u00f6ller&quot;,&quot;camera&quot;:&quot;&quot;,&quot;caption&quot;:&quot;&quot;,&quot;created_timestamp&quot;:&quot;0&quot;,&quot;copyright&quot;:&quot;Studio Light-Style&quot;,&quot;focal_length&quot;:&quot;0&quot;,&quot;iso&quot;:&quot;0&quot;,&quot;shutter_speed&quot;:&quot;0&quot;,&quot;title&quot;:&quot;&quot;,&quot;orientation&quot;:&quot;0&quot;}\" data-image-title=\"Toskana 2016-91\" data-image-description=\"\" data-medium-file=\"https:\/\/i0.wp.com\/www.light-style.eu\/Blog\/wp-content\/uploads\/2016\/08\/Toskana-2016-91.jpg?fit=600%2C400&#038;ssl=1\" data-large-file=\"https:\/\/i0.wp.com\/www.light-style.eu\/Blog\/wp-content\/uploads\/2016\/08\/Toskana-2016-91.jpg?fit=1000%2C667&#038;ssl=1\" src=\"https:\/\/i0.wp.com\/www.light-style.eu\/Blog\/wp-content\/uploads\/2016\/08\/Toskana-2016-91.jpg?w=804&#038;h=536&#038;ssl=1\" srcset=\"https:\/\/i0.wp.com\/www.light-style.eu\/Blog\/wp-content\/uploads\/2016\/08\/Toskana-2016-91.jpg?w=1000&amp;ssl=1 1000w, https:\/\/i0.wp.com\/www.light-style.eu\/Blog\/wp-content\/uploads\/2016\/08\/Toskana-2016-91.jpg?resize=600%2C400&amp;ssl=1 600w, https:\/\/i0.wp.com\/www.light-style.eu\/Blog\/wp-content\/uploads\/2016\/08\/Toskana-2016-91.jpg?resize=768%2C512&amp;ssl=1 768w\" width=\"804\" height=\"536\" loading=\"lazy\" data-original-width=\"804\" data-original-height=\"536\" itemprop=\"http:\/\/schema.org\/image\" title=\"Toskana 2016-91\" alt=\"Bolensa,\" style=\"width: 804px; height: 536px;\" \/> <\/a> <div class=\"tiled-gallery-caption\" itemprop=\"caption description\"> Bolensa, <\/div> <\/div> <\/div> <!-- close group --> <div class=\"gallery-group images-1\" style=\"width: 362px; height: 540px;\" data-original-width=\"362\" data-original-height=\"540\" > <div class=\"tiled-gallery-item tiled-gallery-item-large\" itemprop=\"associatedMedia\" itemscope itemtype=\"http:\/\/schema.org\/ImageObject\"> <a href=\"https:\/\/www.light-style.eu\/Blog\/toskana-es-war-traumhaft\/toskana-2016-90\/#main\" border=\"0\" itemprop=\"url\"> <meta itemprop=\"width\" content=\"358\"> <meta itemprop=\"height\" content=\"536\"> <img decoding=\"async\" class=\"\" data-attachment-id=\"2243\" data-orig-file=\"https:\/\/www.light-style.eu\/Blog\/wp-content\/uploads\/2016\/08\/Toskana-2016-90.jpg\" data-orig-size=\"667,1000\" data-comments-opened=\"1\" data-image-meta=\"{&quot;aperture&quot;:&quot;0&quot;,&quot;credit&quot;:&quot;Andi M\\u00f6ller&quot;,&quot;camera&quot;:&quot;&quot;,&quot;caption&quot;:&quot;&quot;,&quot;created_timestamp&quot;:&quot;0&quot;,&quot;copyright&quot;:&quot;Studio Light-Style&quot;,&quot;focal_length&quot;:&quot;0&quot;,&quot;iso&quot;:&quot;0&quot;,&quot;shutter_speed&quot;:&quot;0&quot;,&quot;title&quot;:&quot;&quot;,&quot;orientation&quot;:&quot;0&quot;}\" data-image-title=\"Toskana 2016-90\" data-image-description=\"\" data-medium-file=\"https:\/\/i0.wp.com\/www.light-style.eu\/Blog\/wp-content\/uploads\/2016\/08\/Toskana-2016-90.jpg?fit=400%2C600&#038;ssl=1\" data-large-file=\"https:\/\/i0.wp.com\/www.light-style.eu\/Blog\/wp-content\/uploads\/2016\/08\/Toskana-2016-90.jpg?fit=667%2C1000&#038;ssl=1\" src=\"https:\/\/i0.wp.com\/www.light-style.eu\/Blog\/wp-content\/uploads\/2016\/08\/Toskana-2016-90.jpg?w=358&#038;h=536&#038;ssl=1\" srcset=\"https:\/\/i0.wp.com\/www.light-style.eu\/Blog\/wp-content\/uploads\/2016\/08\/Toskana-2016-90.jpg?w=667&amp;ssl=1 667w, https:\/\/i0.wp.com\/www.light-style.eu\/Blog\/wp-content\/uploads\/2016\/08\/Toskana-2016-90.jpg?resize=400%2C600&amp;ssl=1 400w\" width=\"358\" height=\"536\" loading=\"lazy\" data-original-width=\"358\" data-original-height=\"536\" itemprop=\"http:\/\/schema.org\/image\" title=\"Toskana 2016-90\" alt=\"Bolensa,\" style=\"width: 358px; height: 536px;\" \/> <\/a> <div class=\"tiled-gallery-caption\" itemprop=\"caption description\"> Bolensa, <\/div> <\/div> <\/div> <!-- close group --> <\/div> <!-- close row --> <div class=\"gallery-row\" style=\"width: 1170px; height: 437px;\" data-original-width=\"1170\" data-original-height=\"437\" > <div class=\"gallery-group images-1\" style=\"width: 293px; height: 437px;\" data-original-width=\"293\" data-original-height=\"437\" > <div class=\"tiled-gallery-item tiled-gallery-item-large\" itemprop=\"associatedMedia\" itemscope itemtype=\"http:\/\/schema.org\/ImageObject\"> <a href=\"https:\/\/www.light-style.eu\/Blog\/toskana-es-war-traumhaft\/toskana-2016-89\/#main\" border=\"0\" itemprop=\"url\"> <meta itemprop=\"width\" content=\"289\"> <meta itemprop=\"height\" content=\"433\"> <img decoding=\"async\" class=\"\" data-attachment-id=\"2242\" data-orig-file=\"https:\/\/www.light-style.eu\/Blog\/wp-content\/uploads\/2016\/08\/Toskana-2016-89.jpg\" data-orig-size=\"667,1000\" data-comments-opened=\"1\" data-image-meta=\"{&quot;aperture&quot;:&quot;0&quot;,&quot;credit&quot;:&quot;Andi M\\u00f6ller&quot;,&quot;camera&quot;:&quot;&quot;,&quot;caption&quot;:&quot;&quot;,&quot;created_timestamp&quot;:&quot;0&quot;,&quot;copyright&quot;:&quot;Studio Light-Style&quot;,&quot;focal_length&quot;:&quot;0&quot;,&quot;iso&quot;:&quot;0&quot;,&quot;shutter_speed&quot;:&quot;0&quot;,&quot;title&quot;:&quot;&quot;,&quot;orientation&quot;:&quot;0&quot;}\" data-image-title=\"Toskana 2016-89\" data-image-description=\"\" data-medium-file=\"https:\/\/i0.wp.com\/www.light-style.eu\/Blog\/wp-content\/uploads\/2016\/08\/Toskana-2016-89.jpg?fit=400%2C600&#038;ssl=1\" data-large-file=\"https:\/\/i0.wp.com\/www.light-style.eu\/Blog\/wp-content\/uploads\/2016\/08\/Toskana-2016-89.jpg?fit=667%2C1000&#038;ssl=1\" src=\"https:\/\/i0.wp.com\/www.light-style.eu\/Blog\/wp-content\/uploads\/2016\/08\/Toskana-2016-89.jpg?w=289&#038;h=433&#038;ssl=1\" srcset=\"https:\/\/i0.wp.com\/www.light-style.eu\/Blog\/wp-content\/uploads\/2016\/08\/Toskana-2016-89.jpg?w=667&amp;ssl=1 667w, https:\/\/i0.wp.com\/www.light-style.eu\/Blog\/wp-content\/uploads\/2016\/08\/Toskana-2016-89.jpg?resize=400%2C600&amp;ssl=1 400w\" width=\"289\" height=\"433\" loading=\"lazy\" data-original-width=\"289\" data-original-height=\"433\" itemprop=\"http:\/\/schema.org\/image\" title=\"Toskana 2016-89\" alt=\"Bolensa,\" style=\"width: 289px; height: 433px;\" \/> <\/a> <div class=\"tiled-gallery-caption\" itemprop=\"caption description\"> Bolensa, <\/div> <\/div> <\/div> <!-- close group --> <div class=\"gallery-group images-1\" style=\"width: 293px; height: 437px;\" data-original-width=\"293\" data-original-height=\"437\" > <div class=\"tiled-gallery-item tiled-gallery-item-large\" itemprop=\"associatedMedia\" itemscope itemtype=\"http:\/\/schema.org\/ImageObject\"> <a href=\"https:\/\/www.light-style.eu\/Blog\/canons-spritzwasserschutz-seine-tuecken\/toskana-2016-88\/#main\" border=\"0\" itemprop=\"url\"> <meta itemprop=\"width\" content=\"289\"> <meta itemprop=\"height\" content=\"433\"> <img decoding=\"async\" class=\"\" data-attachment-id=\"2241\" data-orig-file=\"https:\/\/www.light-style.eu\/Blog\/wp-content\/uploads\/2016\/08\/Toskana-2016-88.jpg\" data-orig-size=\"667,1000\" data-comments-opened=\"1\" data-image-meta=\"{&quot;aperture&quot;:&quot;0&quot;,&quot;credit&quot;:&quot;Andi M\\u00f6ller&quot;,&quot;camera&quot;:&quot;&quot;,&quot;caption&quot;:&quot;&quot;,&quot;created_timestamp&quot;:&quot;0&quot;,&quot;copyright&quot;:&quot;Studio Light-Style&quot;,&quot;focal_length&quot;:&quot;0&quot;,&quot;iso&quot;:&quot;0&quot;,&quot;shutter_speed&quot;:&quot;0&quot;,&quot;title&quot;:&quot;&quot;,&quot;orientation&quot;:&quot;0&quot;}\" data-image-title=\"Toskana 2016-88\" data-image-description=\"\" data-medium-file=\"https:\/\/i0.wp.com\/www.light-style.eu\/Blog\/wp-content\/uploads\/2016\/08\/Toskana-2016-88.jpg?fit=400%2C600&#038;ssl=1\" data-large-file=\"https:\/\/i0.wp.com\/www.light-style.eu\/Blog\/wp-content\/uploads\/2016\/08\/Toskana-2016-88.jpg?fit=667%2C1000&#038;ssl=1\" src=\"https:\/\/i0.wp.com\/www.light-style.eu\/Blog\/wp-content\/uploads\/2016\/08\/Toskana-2016-88.jpg?w=289&#038;h=433&#038;ssl=1\" srcset=\"https:\/\/i0.wp.com\/www.light-style.eu\/Blog\/wp-content\/uploads\/2016\/08\/Toskana-2016-88.jpg?w=667&amp;ssl=1 667w, https:\/\/i0.wp.com\/www.light-style.eu\/Blog\/wp-content\/uploads\/2016\/08\/Toskana-2016-88.jpg?resize=400%2C600&amp;ssl=1 400w\" width=\"289\" height=\"433\" loading=\"lazy\" data-original-width=\"289\" data-original-height=\"433\" itemprop=\"http:\/\/schema.org\/image\" title=\"Toskana 2016-88\" alt=\"Bolensa,\" style=\"width: 289px; height: 433px;\" \/> <\/a> <div class=\"tiled-gallery-caption\" itemprop=\"caption description\"> Bolensa, <\/div> <\/div> <\/div> <!-- close group --> <div class=\"gallery-group images-1\" style=\"width: 292px; height: 437px;\" data-original-width=\"292\" data-original-height=\"437\" > <div class=\"tiled-gallery-item tiled-gallery-item-large\" itemprop=\"associatedMedia\" itemscope itemtype=\"http:\/\/schema.org\/ImageObject\"> <a href=\"https:\/\/www.light-style.eu\/Blog\/toskana-es-war-traumhaft\/toskana-2016-87\/#main\" border=\"0\" itemprop=\"url\"> <meta itemprop=\"width\" content=\"288\"> <meta itemprop=\"height\" content=\"433\"> <img decoding=\"async\" class=\"\" data-attachment-id=\"2240\" data-orig-file=\"https:\/\/www.light-style.eu\/Blog\/wp-content\/uploads\/2016\/08\/Toskana-2016-87.jpg\" data-orig-size=\"667,1000\" data-comments-opened=\"1\" data-image-meta=\"{&quot;aperture&quot;:&quot;0&quot;,&quot;credit&quot;:&quot;Andi M\\u00f6ller&quot;,&quot;camera&quot;:&quot;&quot;,&quot;caption&quot;:&quot;&quot;,&quot;created_timestamp&quot;:&quot;0&quot;,&quot;copyright&quot;:&quot;Studio Light-Style&quot;,&quot;focal_length&quot;:&quot;0&quot;,&quot;iso&quot;:&quot;0&quot;,&quot;shutter_speed&quot;:&quot;0&quot;,&quot;title&quot;:&quot;&quot;,&quot;orientation&quot;:&quot;0&quot;}\" data-image-title=\"Toskana 2016-87\" data-image-description=\"\" data-medium-file=\"https:\/\/i0.wp.com\/www.light-style.eu\/Blog\/wp-content\/uploads\/2016\/08\/Toskana-2016-87.jpg?fit=400%2C600&#038;ssl=1\" data-large-file=\"https:\/\/i0.wp.com\/www.light-style.eu\/Blog\/wp-content\/uploads\/2016\/08\/Toskana-2016-87.jpg?fit=667%2C1000&#038;ssl=1\" src=\"https:\/\/i0.wp.com\/www.light-style.eu\/Blog\/wp-content\/uploads\/2016\/08\/Toskana-2016-87.jpg?w=288&#038;h=433&#038;ssl=1\" srcset=\"https:\/\/i0.wp.com\/www.light-style.eu\/Blog\/wp-content\/uploads\/2016\/08\/Toskana-2016-87.jpg?w=667&amp;ssl=1 667w, https:\/\/i0.wp.com\/www.light-style.eu\/Blog\/wp-content\/uploads\/2016\/08\/Toskana-2016-87.jpg?resize=400%2C600&amp;ssl=1 400w\" width=\"288\" height=\"433\" loading=\"lazy\" data-original-width=\"288\" data-original-height=\"433\" itemprop=\"http:\/\/schema.org\/image\" title=\"Toskana 2016-87\" alt=\"Bolensa,\" style=\"width: 288px; height: 433px;\" \/> <\/a> <div class=\"tiled-gallery-caption\" itemprop=\"caption description\"> Bolensa, <\/div> <\/div> <\/div> <!-- close group --> <div class=\"gallery-group images-1\" style=\"width: 292px; height: 437px;\" data-original-width=\"292\" data-original-height=\"437\" > <div class=\"tiled-gallery-item tiled-gallery-item-large\" itemprop=\"associatedMedia\" itemscope itemtype=\"http:\/\/schema.org\/ImageObject\"> <a href=\"https:\/\/www.light-style.eu\/Blog\/toskana-es-war-traumhaft\/toskana-2016-86\/#main\" border=\"0\" itemprop=\"url\"> <meta itemprop=\"width\" content=\"288\"> <meta itemprop=\"height\" content=\"433\"> <img decoding=\"async\" class=\"\" data-attachment-id=\"2239\" data-orig-file=\"https:\/\/www.light-style.eu\/Blog\/wp-content\/uploads\/2016\/08\/Toskana-2016-86.jpg\" data-orig-size=\"667,1000\" data-comments-opened=\"1\" data-image-meta=\"{&quot;aperture&quot;:&quot;0&quot;,&quot;credit&quot;:&quot;Andi M\\u00f6ller&quot;,&quot;camera&quot;:&quot;&quot;,&quot;caption&quot;:&quot;&quot;,&quot;created_timestamp&quot;:&quot;0&quot;,&quot;copyright&quot;:&quot;Studio Light-Style&quot;,&quot;focal_length&quot;:&quot;0&quot;,&quot;iso&quot;:&quot;0&quot;,&quot;shutter_speed&quot;:&quot;0&quot;,&quot;title&quot;:&quot;&quot;,&quot;orientation&quot;:&quot;0&quot;}\" data-image-title=\"Toskana 2016-86\" data-image-description=\"\" data-medium-file=\"https:\/\/i0.wp.com\/www.light-style.eu\/Blog\/wp-content\/uploads\/2016\/08\/Toskana-2016-86.jpg?fit=400%2C600&#038;ssl=1\" data-large-file=\"https:\/\/i0.wp.com\/www.light-style.eu\/Blog\/wp-content\/uploads\/2016\/08\/Toskana-2016-86.jpg?fit=667%2C1000&#038;ssl=1\" src=\"https:\/\/i0.wp.com\/www.light-style.eu\/Blog\/wp-content\/uploads\/2016\/08\/Toskana-2016-86.jpg?w=288&#038;h=433&#038;ssl=1\" srcset=\"https:\/\/i0.wp.com\/www.light-style.eu\/Blog\/wp-content\/uploads\/2016\/08\/Toskana-2016-86.jpg?w=667&amp;ssl=1 667w, https:\/\/i0.wp.com\/www.light-style.eu\/Blog\/wp-content\/uploads\/2016\/08\/Toskana-2016-86.jpg?resize=400%2C600&amp;ssl=1 400w\" width=\"288\" height=\"433\" loading=\"lazy\" data-original-width=\"288\" data-original-height=\"433\" itemprop=\"http:\/\/schema.org\/image\" title=\"Toskana 2016-86\" alt=\"Bolensa,\" style=\"width: 288px; height: 433px;\" \/> <\/a> <div class=\"tiled-gallery-caption\" itemprop=\"caption description\"> Bolensa, <\/div> <\/div> <\/div> <!-- close group --> <\/div> <!-- close row --> <\/div>\n<p>Ich hoffe Euch haben die Fotos gefallen, hinterlasst gerne einen Kommentar, und ich konnte Euch einen kleinen Eindruck von der Toskana vermitteln.<\/p>\n<p>Eins noch, es sind komplett &#8222;private&#8220; Urlaubsfotos und sollen keine professionelle Reisefotografien sein. Nur falls mal noch der eine oder andere Staubfleck oder ein schiefer Horizont sichtbar sein sollte. Mich st\u00f6rt es in dem Fall nicht, da wie gesagt alles ohne Stativ und frei Hand geschossen wurde, teilweise aber mit Polfilter. Und auch die Nachbearbeitung musste ja zwischen den Kundenfotos stattfinden, so, dass da nicht viel Zeit f\u00fcr Kleinkram war.<\/p>\n<p><a href=\"https:\/\/www.light-style.eu\/Blog\/?p=2390\">Hier gehts zur\u00fcck zum Ursprungsbeitrag \u00fcber die Toskana<\/a><\/p>\n<p>Euer Andi<\/p>\n<p>&nbsp;<\/p>\n<div style='text-align:center' class='yasr-auto-insert-visitor'><!--Yasr Visitor Votes Shortcode--><div id='yasr_visitor_votes_a44b09876f7fa' class='yasr-visitor-votes'><div class=\"yasr-custom-text-vv-before yasr-custom-text-vv-before-2386\">Hat es Dir gefallen?<\/div><div id='yasr-vv-second-row-container-a44b09876f7fa'\r\n                                        class='yasr-vv-second-row-container'><div id='yasr-visitor-votes-rater-a44b09876f7fa'\r\n                                      class='yasr-rater-stars-vv'\r\n                                      data-rater-postid='2386'\r\n                                      data-rating='0'\r\n                                      data-rater-starsize='32'\r\n                                      data-rater-readonly='false'\r\n                                      data-rater-nonce='06c9425c89'\r\n                                      data-issingular='false'\r\n                                    ><\/div><div class=\"yasr-vv-stats-text-container\" id=\"yasr-vv-stats-text-container-a44b09876f7fa\"><span id=\"yasr-vv-text-container-a44b09876f7fa\" class=\"yasr-vv-text-container\">[Total: <span id=\"yasr-vv-votes-number-container-a44b09876f7fa\">0<\/span> Average: <span id=\"yasr-vv-average-container-a44b09876f7fa\">0<\/span>]<\/span><\/div><div id='yasr-vv-loader-a44b09876f7fa' class='yasr-vv-container-loader'><\/div><\/div><div id='yasr-vv-bottom-container-a44b09876f7fa'\r\n                              class='yasr-vv-bottom-container'\r\n                              style='display:none'><\/div><\/div><!--End Yasr Visitor Votes Shortcode--><\/div>","protected":false},"excerpt":{"rendered":"<p>Hier nun die kompletten Fotos aus dem sch\u00f6nen Italien. Die Menge h\u00e4tte einfach den normalen Blogbeitrag gesprengt. Angefangen bei La spezia, weiter \u00fcber Pisa, Porto Santo Stefano, Florenz, Bolensa und ein paar weitere Orte. Ich kann die Toskana uneingeschr\u00e4nkt als tolle Urlaubsregion empfehlen. Es war einfach traumhaft. Ich hoffe Euch haben die Fotos gefallen, hinterlasst<span class=\"post-excerpt-end\">&hellip;<\/span><\/p>\n<p class=\"more-link\"><a href=\"https:\/\/www.light-style.eu\/Blog\/italien-2016\/\" class=\"themebutton\">Read More<\/a><\/p>\n","protected":false},"author":2,"featured_media":2251,"comment_status":"open","ping_status":"open","sticky":false,"template":"","format":"gallery","meta":{"jetpack_post_was_ever_published":false,"yasr_overall_rating":0,"yasr_post_is_review":"","yasr_auto_insert_disabled":"","yasr_review_type":"","_jetpack_newsletter_access":"","_jetpack_dont_email_post_to_subs":false,"_jetpack_newsletter_tier_id":0,"_jetpack_memberships_contains_paywalled_content":false,"_jetpack_memberships_contains_paid_content":false,"footnotes":"","jetpack_publicize_message":"Italien 2016","jetpack_publicize_feature_enabled":true,"jetpack_social_post_already_shared":true,"jetpack_social_options":{"image_generator_settings":{"template":"highway","default_image_id":0,"font":"","enabled":false},"version":2}},"categories":[49,305,125,47,48,127,46,57],"tags":[176,50,175,61],"class_list":["post-2386","post","type-post","status-publish","format-gallery","has-post-thumbnail","hentry","category-abseits-des-alltags","category-alles","category-italien","category-natur","category-naturfotos","category-not-posted","category-outdoor","category-urlaubsfotos","tag-italien","tag-naturfotos","tag-staedte","tag-urlaub","post_format-post-format-gallery"],"yasr_visitor_votes":{"stars_attributes":{"read_only":false,"span_bottom":false},"number_of_votes":0,"sum_votes":0},"jetpack_publicize_connections":[],"jetpack_featured_media_url":"https:\/\/i0.wp.com\/www.light-style.eu\/Blog\/wp-content\/uploads\/2016\/08\/Toskana-2016-98.jpg?fit=667%2C1000&ssl=1","jetpack_sharing_enabled":true,"jetpack_shortlink":"https:\/\/wp.me\/p4Ojrv-Cu","jetpack-related-posts":[{"id":10766,"url":"https:\/\/www.light-style.eu\/Blog\/silvester-in-ligurien-sorry-leider-spaet\/","url_meta":{"origin":2386,"position":0},"title":"Silvester in Ligurien, sorry leider sp\u00e4t","author":"Andi M\u00f6ller","date":"4. Februar 2026","format":"status","excerpt":"Sorry Leute, ich hatte eigentlich schon lange vor Euch die Fotos von Jahreswechsel in Ligurien zu zeigen, aber die aktuelle Irisfotoaktion hat mich so \u00fcberrollt, dass ich nicht dazu komme, die Videos, Drohnenvideos fertig zu machen. So dachte ich mir, bevor ich die Fotos vom Winter 25\/26 Euch im Sommer\u2026","rel":"","context":"In &quot;abseits des Alltags&quot;","block_context":{"text":"abseits des Alltags","link":"https:\/\/www.light-style.eu\/Blog\/category\/abseits-des-alltags\/"},"img":{"alt_text":"","src":"https:\/\/i0.wp.com\/www.light-style.eu\/Blog\/wp-content\/uploads\/2026\/02\/Italien-2025-49.jpg?fit=1200%2C800&ssl=1&resize=350%2C200","width":350,"height":200,"srcset":"https:\/\/i0.wp.com\/www.light-style.eu\/Blog\/wp-content\/uploads\/2026\/02\/Italien-2025-49.jpg?fit=1200%2C800&ssl=1&resize=350%2C200 1x, https:\/\/i0.wp.com\/www.light-style.eu\/Blog\/wp-content\/uploads\/2026\/02\/Italien-2025-49.jpg?fit=1200%2C800&ssl=1&resize=525%2C300 1.5x, https:\/\/i0.wp.com\/www.light-style.eu\/Blog\/wp-content\/uploads\/2026\/02\/Italien-2025-49.jpg?fit=1200%2C800&ssl=1&resize=700%2C400 2x, https:\/\/i0.wp.com\/www.light-style.eu\/Blog\/wp-content\/uploads\/2026\/02\/Italien-2025-49.jpg?fit=1200%2C800&ssl=1&resize=1050%2C600 3x"},"classes":[]},{"id":2390,"url":"https:\/\/www.light-style.eu\/Blog\/toskana-es-war-traumhaft\/","url_meta":{"origin":2386,"position":1},"title":"Toskana , es war traumhaft","author":"Andi M\u00f6ller","date":"28. August 2016","format":"status","excerpt":"Moin moin, ich bin ja schon ein paar Tage aus dem Urlaub zur\u00fcck, zugegeben am ersten Tag im Studio h\u00e4tte ich abends schon wieder in den Selbigen gehen k\u00f6nnen ;-) Daher hat auch das Sichten der Urlaubsfotos aus der wundersch\u00f6nen Toskana etwas l\u00e4nger gedauert, aber heute ist es endlich soweit\u2026","rel":"","context":"In &quot;abseits des Alltags&quot;","block_context":{"text":"abseits des Alltags","link":"https:\/\/www.light-style.eu\/Blog\/category\/abseits-des-alltags\/"},"img":{"alt_text":"","src":"https:\/\/i0.wp.com\/www.light-style.eu\/Blog\/wp-content\/uploads\/2016\/08\/Toskana-2016-34.jpg?fit=1000%2C667&ssl=1&resize=350%2C200","width":350,"height":200,"srcset":"https:\/\/i0.wp.com\/www.light-style.eu\/Blog\/wp-content\/uploads\/2016\/08\/Toskana-2016-34.jpg?fit=1000%2C667&ssl=1&resize=350%2C200 1x, https:\/\/i0.wp.com\/www.light-style.eu\/Blog\/wp-content\/uploads\/2016\/08\/Toskana-2016-34.jpg?fit=1000%2C667&ssl=1&resize=525%2C300 1.5x, https:\/\/i0.wp.com\/www.light-style.eu\/Blog\/wp-content\/uploads\/2016\/08\/Toskana-2016-34.jpg?fit=1000%2C667&ssl=1&resize=700%2C400 2x"},"classes":[]},{"id":3699,"url":"https:\/\/www.light-style.eu\/Blog\/dresden-fototour-2018-teil-1\/","url_meta":{"origin":2386,"position":2},"title":"Dresden &#8211; Fototour 2018 -Teil 1","author":"Andi M\u00f6ller","date":"21. September 2018","format":"status","excerpt":"Die Stadt ist ein fotografischer Traum, egal ob am Tage oder bei Nacht. Ok ich h\u00e4tte den Magistrat aktuell an die Wand nageln k\u00f6nnen, denn die haben es zur Zeit echt geschafft jedes, wirklich jedes Fotomotiv mit einem Baukran oder Bauzaun zu verschandeln. Daher musste ich oft einen anderen Blickwinkel,\u2026","rel":"","context":"In &quot;abseits des Alltags&quot;","block_context":{"text":"abseits des Alltags","link":"https:\/\/www.light-style.eu\/Blog\/category\/abseits-des-alltags\/"},"img":{"alt_text":"","src":"https:\/\/i0.wp.com\/www.light-style.eu\/Blog\/wp-content\/uploads\/2018\/09\/Dresden-2018-1024.jpg?fit=1200%2C800&ssl=1&resize=350%2C200","width":350,"height":200,"srcset":"https:\/\/i0.wp.com\/www.light-style.eu\/Blog\/wp-content\/uploads\/2018\/09\/Dresden-2018-1024.jpg?fit=1200%2C800&ssl=1&resize=350%2C200 1x, https:\/\/i0.wp.com\/www.light-style.eu\/Blog\/wp-content\/uploads\/2018\/09\/Dresden-2018-1024.jpg?fit=1200%2C800&ssl=1&resize=525%2C300 1.5x, https:\/\/i0.wp.com\/www.light-style.eu\/Blog\/wp-content\/uploads\/2018\/09\/Dresden-2018-1024.jpg?fit=1200%2C800&ssl=1&resize=700%2C400 2x, https:\/\/i0.wp.com\/www.light-style.eu\/Blog\/wp-content\/uploads\/2018\/09\/Dresden-2018-1024.jpg?fit=1200%2C800&ssl=1&resize=1050%2C600 3x"},"classes":[]},{"id":6402,"url":"https:\/\/www.light-style.eu\/Blog\/1-fototour-2022\/","url_meta":{"origin":2386,"position":3},"title":"1. Fototour 2022","author":"Andi M\u00f6ller","date":"19. Mai 2022","format":false,"excerpt":"Moin, moin, wer mir auf FB oder WhatsApp folgt, hat vielleicht schon die ein oder anderen Fotos unserer ersten Fototour 2022 gesehen. Vorneweg eine Warnung, aufgrund der Vielzahl an geilen Fotos, d\u00fcrfte das Betrachten am PC \/ Tablet weitaus mehr Spa\u00df machen als am Handy. Vorbei am S\u00fcden Deutschlands, gings\u2026","rel":"","context":"In &quot;Allgemein&quot;","block_context":{"text":"Allgemein","link":"https:\/\/www.light-style.eu\/Blog\/category\/allgemein\/"},"img":{"alt_text":"","src":"https:\/\/i0.wp.com\/www.light-style.eu\/Blog\/wp-content\/uploads\/2022\/05\/Lago-Maggiore-1057.jpg?fit=1200%2C800&ssl=1&resize=350%2C200","width":350,"height":200,"srcset":"https:\/\/i0.wp.com\/www.light-style.eu\/Blog\/wp-content\/uploads\/2022\/05\/Lago-Maggiore-1057.jpg?fit=1200%2C800&ssl=1&resize=350%2C200 1x, https:\/\/i0.wp.com\/www.light-style.eu\/Blog\/wp-content\/uploads\/2022\/05\/Lago-Maggiore-1057.jpg?fit=1200%2C800&ssl=1&resize=525%2C300 1.5x, https:\/\/i0.wp.com\/www.light-style.eu\/Blog\/wp-content\/uploads\/2022\/05\/Lago-Maggiore-1057.jpg?fit=1200%2C800&ssl=1&resize=700%2C400 2x, https:\/\/i0.wp.com\/www.light-style.eu\/Blog\/wp-content\/uploads\/2022\/05\/Lago-Maggiore-1057.jpg?fit=1200%2C800&ssl=1&resize=1050%2C600 3x"},"classes":[]},{"id":8404,"url":"https:\/\/www.light-style.eu\/Blog\/teneriffa\/","url_meta":{"origin":2386,"position":4},"title":"Teneriffa","author":"Andi M\u00f6ller","date":"20. November 2024","format":"status","excerpt":"Ja, ich wei\u00df, ich bin wieder mal m\u00e4chtig sp\u00e4t dran ;-), habs aber echt nicht geschafft vorher mich, um die Fotos von Teneriffa zu k\u00fcmmern, ich hoffe, Ihr k\u00f6nnt mir dies verzeihen ;-) Ich kann auch im Urlaub einfach nicht die Finger von der Kamera lassen, erst recht nicht auf\u2026","rel":"","context":"In &quot;abseits des Alltags&quot;","block_context":{"text":"abseits des Alltags","link":"https:\/\/www.light-style.eu\/Blog\/category\/abseits-des-alltags\/"},"img":{"alt_text":"","src":"https:\/\/i0.wp.com\/www.light-style.eu\/Blog\/wp-content\/uploads\/2024\/11\/Teneriffa-24-43.jpg?fit=1200%2C800&ssl=1&resize=350%2C200","width":350,"height":200,"srcset":"https:\/\/i0.wp.com\/www.light-style.eu\/Blog\/wp-content\/uploads\/2024\/11\/Teneriffa-24-43.jpg?fit=1200%2C800&ssl=1&resize=350%2C200 1x, https:\/\/i0.wp.com\/www.light-style.eu\/Blog\/wp-content\/uploads\/2024\/11\/Teneriffa-24-43.jpg?fit=1200%2C800&ssl=1&resize=525%2C300 1.5x, https:\/\/i0.wp.com\/www.light-style.eu\/Blog\/wp-content\/uploads\/2024\/11\/Teneriffa-24-43.jpg?fit=1200%2C800&ssl=1&resize=700%2C400 2x, https:\/\/i0.wp.com\/www.light-style.eu\/Blog\/wp-content\/uploads\/2024\/11\/Teneriffa-24-43.jpg?fit=1200%2C800&ssl=1&resize=1050%2C600 3x"},"classes":[]},{"id":2887,"url":"https:\/\/www.light-style.eu\/Blog\/impressionen-vom-koenigssee-traumhaftes-deutschland\/","url_meta":{"origin":2386,"position":5},"title":"Impressionen vom K\u00f6nigssee &#8211; traumhaftes Deutschland","author":"Andi M\u00f6ller","date":"13. August 2017","format":"status","excerpt":"Moin moin Ihr Sonnenhungrigen ;-) nachdem ich gestern meinen Urlaub etwas unterbrechen musste f\u00fcr Babybauchfotos und Familienportr\u00e4ts, dachte ich mir bei dem bescheidenen Wetter gestern kann ich auch mal l\u00e4nger im Studio bleiben und Euch ein paar Impressionen vom sch\u00f6nen Deutschland fertig machen . Mein J\u00fcngster w\u00fcnschte sich einen Ausflug\u2026","rel":"","context":"In &quot;abseits des Alltags&quot;","block_context":{"text":"abseits des Alltags","link":"https:\/\/www.light-style.eu\/Blog\/category\/abseits-des-alltags\/"},"img":{"alt_text":"koenigssee","src":"https:\/\/i0.wp.com\/www.light-style.eu\/Blog\/wp-content\/uploads\/2017\/08\/K%C3%B6nigssee-2017-379-Bearbeitet.jpg?fit=800%2C1200&ssl=1&resize=350%2C200","width":350,"height":200,"srcset":"https:\/\/i0.wp.com\/www.light-style.eu\/Blog\/wp-content\/uploads\/2017\/08\/K%C3%B6nigssee-2017-379-Bearbeitet.jpg?fit=800%2C1200&ssl=1&resize=350%2C200 1x, https:\/\/i0.wp.com\/www.light-style.eu\/Blog\/wp-content\/uploads\/2017\/08\/K%C3%B6nigssee-2017-379-Bearbeitet.jpg?fit=800%2C1200&ssl=1&resize=525%2C300 1.5x, https:\/\/i0.wp.com\/www.light-style.eu\/Blog\/wp-content\/uploads\/2017\/08\/K%C3%B6nigssee-2017-379-Bearbeitet.jpg?fit=800%2C1200&ssl=1&resize=700%2C400 2x"},"classes":[]}],"_links":{"self":[{"href":"https:\/\/www.light-style.eu\/Blog\/wp-json\/wp\/v2\/posts\/2386","targetHints":{"allow":["GET"]}}],"collection":[{"href":"https:\/\/www.light-style.eu\/Blog\/wp-json\/wp\/v2\/posts"}],"about":[{"href":"https:\/\/www.light-style.eu\/Blog\/wp-json\/wp\/v2\/types\/post"}],"author":[{"embeddable":true,"href":"https:\/\/www.light-style.eu\/Blog\/wp-json\/wp\/v2\/users\/2"}],"replies":[{"embeddable":true,"href":"https:\/\/www.light-style.eu\/Blog\/wp-json\/wp\/v2\/comments?post=2386"}],"version-history":[{"count":0,"href":"https:\/\/www.light-style.eu\/Blog\/wp-json\/wp\/v2\/posts\/2386\/revisions"}],"wp:featuredmedia":[{"embeddable":true,"href":"https:\/\/www.light-style.eu\/Blog\/wp-json\/wp\/v2\/media\/2251"}],"wp:attachment":[{"href":"https:\/\/www.light-style.eu\/Blog\/wp-json\/wp\/v2\/media?parent=2386"}],"wp:term":[{"taxonomy":"category","embeddable":true,"href":"https:\/\/www.light-style.eu\/Blog\/wp-json\/wp\/v2\/categories?post=2386"},{"taxonomy":"post_tag","embeddable":true,"href":"https:\/\/www.light-style.eu\/Blog\/wp-json\/wp\/v2\/tags?post=2386"}],"curies":[{"name":"wp","href":"https:\/\/api.w.org\/{rel}","templated":true}]}}