{"id":2427,"date":"2016-09-27T19:00:34","date_gmt":"2016-09-27T17:00:34","guid":{"rendered":"http:\/\/www.light-style.eu\/Blog\/?p=2427"},"modified":"2021-03-15T16:36:55","modified_gmt":"2021-03-15T15:36:55","slug":"photokina-16-setzen-6","status":"publish","type":"post","link":"https:\/\/www.light-style.eu\/Blog\/photokina-16-setzen-6\/","title":{"rendered":"Photokina `16 -setzen: 6"},"content":{"rendered":"<h2 style=\"text-align: center;\"><strong><del>Photokina 2016<\/del> &#8230; Thema verfehlt&#8230;Offene Worte<\/strong><\/h2>\n<p><em>Moin moin,<\/em><\/p>\n<p><em>fast frisch zur\u00fcck aus K\u00f6ln, wo\u00a0Michael &amp;\u00a0ich\u00a0ja seit 10 Jahren uns regelm\u00e4\u00dfig auf der Fotomesse Photokina rumtreiben. Diesmal war es gelinde gesagt f\u00fcr den A&#8230; \u00e4hm, den Hintern \ud83d\ude09 . Aber zumindest K\u00f6ln war wieder klasse \ud83d\ude09<a href=\"https:\/\/i0.wp.com\/www.light-style.eu\/Blog\/wp-content\/uploads\/2016\/09\/K%C3%B6ln-2016-236-Bearbeitet.jpg?ssl=1\"><img data-recalc-dims=\"1\" loading=\"lazy\" decoding=\"async\" data-attachment-id=\"2441\" data-permalink=\"https:\/\/www.light-style.eu\/Blog\/photokina-16-setzen-6\/koeln-2016-236-bearbeitet\/#main\" data-orig-file=\"https:\/\/i0.wp.com\/www.light-style.eu\/Blog\/wp-content\/uploads\/2016\/09\/K%C3%B6ln-2016-236-Bearbeitet.jpg?fit=1000%2C667&amp;ssl=1\" data-orig-size=\"1000,667\" data-comments-opened=\"1\" data-image-meta=\"{&quot;aperture&quot;:&quot;0&quot;,&quot;credit&quot;:&quot;Andi M\\u00f6ller&quot;,&quot;camera&quot;:&quot;&quot;,&quot;caption&quot;:&quot;&quot;,&quot;created_timestamp&quot;:&quot;0&quot;,&quot;copyright&quot;:&quot;photostudio Light-Style&quot;,&quot;focal_length&quot;:&quot;0&quot;,&quot;iso&quot;:&quot;0&quot;,&quot;shutter_speed&quot;:&quot;0&quot;,&quot;title&quot;:&quot;&quot;,&quot;orientation&quot;:&quot;0&quot;}\" data-image-title=\"koeln-2016-236-bearbeitet\" data-image-description=\"\" data-image-caption=\"\" data-large-file=\"https:\/\/i0.wp.com\/www.light-style.eu\/Blog\/wp-content\/uploads\/2016\/09\/K%C3%B6ln-2016-236-Bearbeitet.jpg?fit=1000%2C667&amp;ssl=1\" class=\"aligncenter wp-image-2441\" src=\"https:\/\/i0.wp.com\/www.light-style.eu\/Blog\/wp-content\/uploads\/2016\/09\/K%C3%B6ln-2016-236-Bearbeitet.jpg?resize=679%2C453&#038;ssl=1\" alt=\"koeln-2016-236-bearbeitet\" width=\"679\" height=\"453\" srcset=\"https:\/\/i0.wp.com\/www.light-style.eu\/Blog\/wp-content\/uploads\/2016\/09\/K%C3%B6ln-2016-236-Bearbeitet.jpg?w=1000&amp;ssl=1 1000w, https:\/\/i0.wp.com\/www.light-style.eu\/Blog\/wp-content\/uploads\/2016\/09\/K%C3%B6ln-2016-236-Bearbeitet.jpg?resize=600%2C400&amp;ssl=1 600w, https:\/\/i0.wp.com\/www.light-style.eu\/Blog\/wp-content\/uploads\/2016\/09\/K%C3%B6ln-2016-236-Bearbeitet.jpg?resize=768%2C512&amp;ssl=1 768w\" sizes=\"auto, (max-width: 679px) 100vw, 679px\" \/><\/a><\/em><\/p>\n<p><em>Grundton der Photokina 2016 : <strong>Kauf Dir nen Handy, lern was \u00fcber Youtube und wie Du Dich vermarkten kannst und schon wirst Du ein erfolgreicher Fotograf. !!! Was f\u00fcr ein Bullshit.<\/strong>\u00a0Klar, \u00a0das Marketing ist ein wichtiges Beiwerk, nochmal&#8230; Beiwerk zur Handwerkskunst der Fotografie. Echt armselig was dieses Jahr da geboten wurde. Oder neuerdings werden ab sofort Actionfotos nicht mehr gekonnt inszeniert und \u00fcber mehrere Versuche gezielt abgelichtet, nein man macht ein Video und sucht das beste aus den Tausenden an\u00a0Bildsequenzen raus. Das mag ja noch f\u00fcrs Web gehen. Ich f\u00fcr mich, gehe lieber den steinigen, handwerklichen Weg. <\/em><\/p>\n<p><em>Nicht nur, dass wenig Anbieter da waren, auch die gro\u00dfen Firmen wie Hensel, Multiblitz etc, hatten gegen\u00fcber der letzten Messe, radikal verkleinerte St\u00e4nde. Klar die Platzhirsche Canon, Nikon, Sony, Olympus\u00a0sind immer noch gro\u00df vertreten, allerdings, wenn man fr\u00fcher einen Fachmann bei Canon sprechen wollte, musste man einiges an Zeit investieren, diesmal musste ich ganze 3 Minuten warten. Es war also auch von den Besuchern her, recht wenig. Ich gebe der Photokina noch maximal 2 Ausstellungen, wenn die Verantwortlichen da nicht schnell wieder umdenken, bedeutet es das Aus f\u00fcr die &#8222;Foto-Fachmesse&#8220;. Vielleicht \u00fcbernimmt die Messe Frankfurt das dann ja, \ud83d\ude09 als wieder richtige Fachmesse<a href=\"https:\/\/i0.wp.com\/www.light-style.eu\/Blog\/wp-content\/uploads\/2016\/09\/K%C3%B6ln-2016-134-Bearbeitet.jpg?ssl=1\"><img data-recalc-dims=\"1\" loading=\"lazy\" decoding=\"async\" data-attachment-id=\"2466\" data-permalink=\"https:\/\/www.light-style.eu\/Blog\/photokina-16-setzen-6\/koeln-2016-134-bearbeitet\/#main\" data-orig-file=\"https:\/\/i0.wp.com\/www.light-style.eu\/Blog\/wp-content\/uploads\/2016\/09\/K%C3%B6ln-2016-134-Bearbeitet.jpg?fit=667%2C1000&amp;ssl=1\" data-orig-size=\"667,1000\" data-comments-opened=\"1\" data-image-meta=\"{&quot;aperture&quot;:&quot;0&quot;,&quot;credit&quot;:&quot;Andi M\\u00f6ller&quot;,&quot;camera&quot;:&quot;&quot;,&quot;caption&quot;:&quot;&quot;,&quot;created_timestamp&quot;:&quot;0&quot;,&quot;copyright&quot;:&quot;photostudio Light-Style&quot;,&quot;focal_length&quot;:&quot;0&quot;,&quot;iso&quot;:&quot;0&quot;,&quot;shutter_speed&quot;:&quot;0&quot;,&quot;title&quot;:&quot;&quot;,&quot;orientation&quot;:&quot;0&quot;}\" data-image-title=\"koeln-2016-134-bearbeitet\" data-image-description=\"\" data-image-caption=\"\" data-large-file=\"https:\/\/i0.wp.com\/www.light-style.eu\/Blog\/wp-content\/uploads\/2016\/09\/K%C3%B6ln-2016-134-Bearbeitet.jpg?fit=667%2C1000&amp;ssl=1\" class=\"wp-image-2466 aligncenter\" src=\"https:\/\/i0.wp.com\/www.light-style.eu\/Blog\/wp-content\/uploads\/2016\/09\/K%C3%B6ln-2016-134-Bearbeitet.jpg?resize=497%2C746&#038;ssl=1\" alt=\"koeln-2016-134-bearbeitet\" width=\"497\" height=\"746\" srcset=\"https:\/\/i0.wp.com\/www.light-style.eu\/Blog\/wp-content\/uploads\/2016\/09\/K%C3%B6ln-2016-134-Bearbeitet.jpg?w=667&amp;ssl=1 667w, https:\/\/i0.wp.com\/www.light-style.eu\/Blog\/wp-content\/uploads\/2016\/09\/K%C3%B6ln-2016-134-Bearbeitet.jpg?resize=400%2C600&amp;ssl=1 400w\" sizes=\"auto, (max-width: 497px) 100vw, 497px\" \/><\/a><\/em><\/p>\n<p><em>Die Schwerpunkte lagen eindeutig in der Video-Grafie , Handyfotografie, Drohnen und Selbstvermarktung der Fotografen. Eine B\u00fchne war fast ausschlie\u00dflich zum Thema &#8222;You Tube&#8220; verplant. Fast keine wirklichen Fotografengr\u00f6\u00dfen, welche etwas ihres Know How weiter geben, fast null zum Thema Kreativit\u00e4t und Beherrschung des Lichts. (das was eben Fotografie bedeutet: zeichnen mit Licht) Auch Gespr\u00e4che am Sonntag morgen ( 1h waren wir nochmal da zum Shoppen)mit Ausstellern, \u00a0ergaben, dass es wohl viele \u00e4hnliche Meinungen der Besucher gab. <strong>HEY ich bin Fotograf mit Leib und Seele, und kein Videograf.<\/strong> Ich habe Hochachtung vor dem Beruf des Videofilmers, dass ich die Finger davon lasse. Ein guter Fotograf muss nicht zwangsl\u00e4ufig ein guter Videofilmer sein. Auch wenn manche Hochzeitspaare sich das w\u00fcnschen. Ich sage mir: &#8222;Schuster bleib bei Deinen Leisten.&#8220; Lieber ordentliche Fotos gemacht, mit Liebe und Hingabe, als 2 Dinge halbherzig! Und wenn sich das mit dem : Ich kaufe mir ein Handy, blogge etwas und hab ein paar Apps, nun bin ich Fotograf , sich durchsetzt dann h\u00e4nge ich das Zeug an den Nagel und mache mir nur noch f\u00fcr mich ,die wunderbare Welt der Fotografie\u00a0 zu eigen.<a href=\"https:\/\/i0.wp.com\/www.light-style.eu\/Blog\/wp-content\/uploads\/2016\/09\/K%C3%B6ln-2016-341-Bearbeitet.jpg?ssl=1\"><img data-recalc-dims=\"1\" loading=\"lazy\" decoding=\"async\" data-attachment-id=\"2442\" data-permalink=\"https:\/\/www.light-style.eu\/Blog\/photokina-16-setzen-6\/koeln-2016-341-bearbeitet\/#main\" data-orig-file=\"https:\/\/i0.wp.com\/www.light-style.eu\/Blog\/wp-content\/uploads\/2016\/09\/K%C3%B6ln-2016-341-Bearbeitet.jpg?fit=1000%2C667&amp;ssl=1\" data-orig-size=\"1000,667\" data-comments-opened=\"1\" data-image-meta=\"{&quot;aperture&quot;:&quot;0&quot;,&quot;credit&quot;:&quot;Andi M\\u00f6ller&quot;,&quot;camera&quot;:&quot;&quot;,&quot;caption&quot;:&quot;&quot;,&quot;created_timestamp&quot;:&quot;0&quot;,&quot;copyright&quot;:&quot;photostudio Light-Style&quot;,&quot;focal_length&quot;:&quot;0&quot;,&quot;iso&quot;:&quot;0&quot;,&quot;shutter_speed&quot;:&quot;0&quot;,&quot;title&quot;:&quot;&quot;,&quot;orientation&quot;:&quot;0&quot;}\" data-image-title=\"koeln-2016-341-bearbeitet\" data-image-description=\"\" data-image-caption=\"\" data-large-file=\"https:\/\/i0.wp.com\/www.light-style.eu\/Blog\/wp-content\/uploads\/2016\/09\/K%C3%B6ln-2016-341-Bearbeitet.jpg?fit=1000%2C667&amp;ssl=1\" class=\"aligncenter size-full wp-image-2442\" src=\"https:\/\/i0.wp.com\/www.light-style.eu\/Blog\/wp-content\/uploads\/2016\/09\/K%C3%B6ln-2016-341-Bearbeitet.jpg?resize=1000%2C667&#038;ssl=1\" alt=\"koeln-2016-341-bearbeitet\" width=\"1000\" height=\"667\" srcset=\"https:\/\/i0.wp.com\/www.light-style.eu\/Blog\/wp-content\/uploads\/2016\/09\/K%C3%B6ln-2016-341-Bearbeitet.jpg?w=1000&amp;ssl=1 1000w, https:\/\/i0.wp.com\/www.light-style.eu\/Blog\/wp-content\/uploads\/2016\/09\/K%C3%B6ln-2016-341-Bearbeitet.jpg?resize=600%2C400&amp;ssl=1 600w, https:\/\/i0.wp.com\/www.light-style.eu\/Blog\/wp-content\/uploads\/2016\/09\/K%C3%B6ln-2016-341-Bearbeitet.jpg?resize=768%2C512&amp;ssl=1 768w\" sizes=\"auto, (max-width: 1000px) 100vw, 1000px\" \/><\/a><\/em><\/p>\n<p><em>Ihr merkt schon, ich bin ziemlich , gelinde gesagt, unzufrieden. <strong>Aber es hatte auch sein Gutes, fr\u00fcher haben wir K\u00f6ln 10 Jahre lang nie bei Tageslicht gesehen<\/strong> \ud83d\ude09 immer bis zum Schluss auf der Messe, dann ins Hotel, zum Maredo das obligatorische Steak und dann gings ins K\u00f6lner Nachtleben. Ja nur diesmal waren wir um 14 Uhr mit der Messe durch!! Also bei dem Wetter hatten wir jede Menge Licht um noch durch K\u00f6ln zu streifen. Ein Blick auf die App ( ja ich nutze auch Handys, wo es sinnvoll ist \ud83d\ude09 ) wann der Sunset ist, und dann gings langsam mal Richtung Rheinufer, K\u00f6lner Skyline im Sunset, war unsere <img data-recalc-dims=\"1\" loading=\"lazy\" decoding=\"async\" data-attachment-id=\"2485\" data-permalink=\"https:\/\/www.light-style.eu\/Blog\/photokina-16-setzen-6\/koeln-2016-476-bearbeitet\/#main\" data-orig-file=\"https:\/\/i0.wp.com\/www.light-style.eu\/Blog\/wp-content\/uploads\/2016\/09\/K%C3%B6ln-2016-476-Bearbeitet.jpg?fit=1000%2C659&amp;ssl=1\" data-orig-size=\"1000,659\" data-comments-opened=\"1\" data-image-meta=\"{&quot;aperture&quot;:&quot;0&quot;,&quot;credit&quot;:&quot;Andi M\\u00f6ller&quot;,&quot;camera&quot;:&quot;&quot;,&quot;caption&quot;:&quot;&quot;,&quot;created_timestamp&quot;:&quot;0&quot;,&quot;copyright&quot;:&quot;photostudio Light-Style&quot;,&quot;focal_length&quot;:&quot;0&quot;,&quot;iso&quot;:&quot;0&quot;,&quot;shutter_speed&quot;:&quot;0&quot;,&quot;title&quot;:&quot;&quot;,&quot;orientation&quot;:&quot;0&quot;}\" data-image-title=\"koeln-2016-476-bearbeitet\" data-image-description=\"\" data-image-caption=\"\" data-large-file=\"https:\/\/i0.wp.com\/www.light-style.eu\/Blog\/wp-content\/uploads\/2016\/09\/K%C3%B6ln-2016-476-Bearbeitet.jpg?fit=1000%2C659&amp;ssl=1\" class=\"alignright wp-image-2485\" src=\"https:\/\/i0.wp.com\/www.light-style.eu\/Blog\/wp-content\/uploads\/2016\/09\/K%C3%B6ln-2016-476-Bearbeitet.jpg?resize=500%2C330&#038;ssl=1\" alt=\"koeln-2016-476-bearbeitet\" width=\"500\" height=\"330\" srcset=\"https:\/\/i0.wp.com\/www.light-style.eu\/Blog\/wp-content\/uploads\/2016\/09\/K%C3%B6ln-2016-476-Bearbeitet.jpg?w=1000&amp;ssl=1 1000w, https:\/\/i0.wp.com\/www.light-style.eu\/Blog\/wp-content\/uploads\/2016\/09\/K%C3%B6ln-2016-476-Bearbeitet.jpg?resize=600%2C395&amp;ssl=1 600w, https:\/\/i0.wp.com\/www.light-style.eu\/Blog\/wp-content\/uploads\/2016\/09\/K%C3%B6ln-2016-476-Bearbeitet.jpg?resize=768%2C506&amp;ssl=1 768w\" sizes=\"auto, (max-width: 500px) 100vw, 500px\" \/>Idee. Ok, wie wir feststellten waren wir bei Weitem nicht die Einzigen mit dieser Idee. \ud83d\ude09 Glaube die H\u00e4lfte der Messebesucher tummelte sich dort. Klar war auch viel interessanter als die Messe selbst \ud83d\ude09<\/em><\/p>\n<p><em>Den Samstag Abend war also mal etwas kreativ genutzt, und wer uns kennt, wei\u00df wo wir dann anschlie\u00dfend aufgeschlagen sind \ud83d\ude09 Richtig, Papa Jo\u00b4s Jazzkeller, Deutschland \u00e4lteste Jazzkneipe mit Livemusik an jedem Abend. Schlie\u00dflich hatten wir diesmal da unser 10j\u00e4hriges zu feiern. \ud83d\ude09 Und was soll ich sagen, es war einfach nur geil. Die kleine Kneipe bis zum Rand gef\u00fcllt und eine gigantische Stimmung. Also wenn unser Michael nachts um halb eins sagt: &#8222;ich bin noch gar nicht m\u00fcde&#8230;&#8220;.. ;-). dann hei\u00dft das schon was. Und wir sind beide keine eingefleischten Jazz-Fans. Beim ersten Mal hatte uns ein Hamburger Fotograf \u00fcberredet da mal vorbei zu schauen, und wir sagten so, &#8222;na ok, auf ein K\u00f6lsch kommen wir mal vorbei&#8220; \ud83d\ude09 Seit der Stunde, brauche ich da fast keine andere Kneipe mehr, au\u00dfer noch den Klimperkasten, der ebenfalls zu Papa Joe geh\u00f6rt. Rustikal, mit\u00a0 W\u00e4nden , voll mit alten Fotos aus der Jahrhundertwende und ebensolche alten Aktfotos. Die Heimlichen von damals, welche unterm Ladentisch den Besitzer wechselten \u00a0\ud83d\ude09 Eine Kneipe \/ Restaurant zum Wohlf\u00fchlen .<\/em><\/p>\n<div class=\"tiled-gallery type-rectangular tiled-gallery-unresized\" data-original-width=\"1170\" data-carousel-extra='{&quot;blog_id&quot;:1,&quot;permalink&quot;:&quot;https:\\\/\\\/www.light-style.eu\\\/Blog\\\/photokina-16-setzen-6\\\/&quot;,&quot;likes_blog_id&quot;:71096485}' itemscope itemtype=\"http:\/\/schema.org\/ImageGallery\" > <div class=\"gallery-row\" style=\"width: 1170px; height: 280px;\" data-original-width=\"1170\" data-original-height=\"280\" > <div class=\"gallery-group images-1\" style=\"width: 418px; height: 280px;\" data-original-width=\"418\" data-original-height=\"280\" > <div class=\"tiled-gallery-item tiled-gallery-item-large\" itemprop=\"associatedMedia\" itemscope itemtype=\"http:\/\/schema.org\/ImageObject\"> <a href=\"https:\/\/www.light-style.eu\/Blog\/photokina-16-setzen-6\/koeln-2016-167-bearbeitet\/#main\" border=\"0\" itemprop=\"url\"> <meta itemprop=\"width\" content=\"414\"> <meta itemprop=\"height\" content=\"276\"> <img decoding=\"async\" class=\"\" data-attachment-id=\"2469\" data-orig-file=\"https:\/\/www.light-style.eu\/Blog\/wp-content\/uploads\/2016\/09\/K\u00f6ln-2016-167-Bearbeitet.jpg\" data-orig-size=\"1000,667\" data-comments-opened=\"1\" data-image-meta=\"{&quot;aperture&quot;:&quot;0&quot;,&quot;credit&quot;:&quot;Andi M\\u00f6ller&quot;,&quot;camera&quot;:&quot;&quot;,&quot;caption&quot;:&quot;&quot;,&quot;created_timestamp&quot;:&quot;0&quot;,&quot;copyright&quot;:&quot;photostudio Light-Style&quot;,&quot;focal_length&quot;:&quot;0&quot;,&quot;iso&quot;:&quot;0&quot;,&quot;shutter_speed&quot;:&quot;0&quot;,&quot;title&quot;:&quot;&quot;,&quot;orientation&quot;:&quot;0&quot;}\" data-image-title=\"koeln-2016-167-bearbeitet\" data-image-description=\"\" data-medium-file=\"https:\/\/i0.wp.com\/www.light-style.eu\/Blog\/wp-content\/uploads\/2016\/09\/K%C3%B6ln-2016-167-Bearbeitet.jpg?fit=600%2C400&#038;ssl=1\" data-large-file=\"https:\/\/i0.wp.com\/www.light-style.eu\/Blog\/wp-content\/uploads\/2016\/09\/K%C3%B6ln-2016-167-Bearbeitet.jpg?fit=1000%2C667&#038;ssl=1\" src=\"https:\/\/i0.wp.com\/www.light-style.eu\/Blog\/wp-content\/uploads\/2016\/09\/K%C3%B6ln-2016-167-Bearbeitet.jpg?w=414&#038;h=276&#038;ssl=1\" width=\"414\" height=\"276\" loading=\"lazy\" data-original-width=\"414\" data-original-height=\"276\" itemprop=\"http:\/\/schema.org\/image\" title=\"koeln-2016-167-bearbeitet\" alt=\"koeln\" style=\"width: 414px; height: 276px;\" \/> <\/a> <\/div> <\/div> <!-- close group --> <div class=\"gallery-group images-1\" style=\"width: 188px; height: 280px;\" data-original-width=\"188\" data-original-height=\"280\" > <div class=\"tiled-gallery-item tiled-gallery-item-small\" itemprop=\"associatedMedia\" itemscope itemtype=\"http:\/\/schema.org\/ImageObject\"> <a href=\"https:\/\/www.light-style.eu\/Blog\/photokina-16-setzen-6\/koeln-2016-161-bearbeitet\/#main\" border=\"0\" itemprop=\"url\"> <meta itemprop=\"width\" content=\"184\"> <meta itemprop=\"height\" content=\"276\"> <img decoding=\"async\" class=\"\" data-attachment-id=\"2468\" data-orig-file=\"https:\/\/www.light-style.eu\/Blog\/wp-content\/uploads\/2016\/09\/K\u00f6ln-2016-161-Bearbeitet.jpg\" data-orig-size=\"667,1000\" data-comments-opened=\"1\" data-image-meta=\"{&quot;aperture&quot;:&quot;0&quot;,&quot;credit&quot;:&quot;Andi M\\u00f6ller&quot;,&quot;camera&quot;:&quot;&quot;,&quot;caption&quot;:&quot;&quot;,&quot;created_timestamp&quot;:&quot;0&quot;,&quot;copyright&quot;:&quot;photostudio Light-Style&quot;,&quot;focal_length&quot;:&quot;0&quot;,&quot;iso&quot;:&quot;0&quot;,&quot;shutter_speed&quot;:&quot;0&quot;,&quot;title&quot;:&quot;&quot;,&quot;orientation&quot;:&quot;0&quot;}\" data-image-title=\"koeln-2016-161-bearbeitet\" data-image-description=\"\" data-medium-file=\"https:\/\/i0.wp.com\/www.light-style.eu\/Blog\/wp-content\/uploads\/2016\/09\/K%C3%B6ln-2016-161-Bearbeitet.jpg?fit=400%2C600&#038;ssl=1\" data-large-file=\"https:\/\/i0.wp.com\/www.light-style.eu\/Blog\/wp-content\/uploads\/2016\/09\/K%C3%B6ln-2016-161-Bearbeitet.jpg?fit=667%2C1000&#038;ssl=1\" src=\"https:\/\/i0.wp.com\/www.light-style.eu\/Blog\/wp-content\/uploads\/2016\/09\/K%C3%B6ln-2016-161-Bearbeitet.jpg?w=184&#038;h=276&#038;ssl=1\" width=\"184\" height=\"276\" loading=\"lazy\" data-original-width=\"184\" data-original-height=\"276\" itemprop=\"http:\/\/schema.org\/image\" title=\"koeln-2016-161-bearbeitet\" alt=\"koeln-2016-161-bearbeitet\" style=\"width: 184px; height: 276px;\" \/> <\/a> <\/div> <\/div> <!-- close group --> <div class=\"gallery-group images-1\" style=\"width: 188px; height: 280px;\" data-original-width=\"188\" data-original-height=\"280\" > <div class=\"tiled-gallery-item tiled-gallery-item-small\" itemprop=\"associatedMedia\" itemscope itemtype=\"http:\/\/schema.org\/ImageObject\"> <a href=\"https:\/\/www.light-style.eu\/Blog\/photokina-16-setzen-6\/koeln-2016-145-bearbeitet\/#main\" border=\"0\" itemprop=\"url\"> <meta itemprop=\"width\" content=\"184\"> <meta itemprop=\"height\" content=\"276\"> <img decoding=\"async\" class=\"\" data-attachment-id=\"2467\" data-orig-file=\"https:\/\/www.light-style.eu\/Blog\/wp-content\/uploads\/2016\/09\/K\u00f6ln-2016-145-Bearbeitet.jpg\" data-orig-size=\"667,1000\" data-comments-opened=\"1\" data-image-meta=\"{&quot;aperture&quot;:&quot;0&quot;,&quot;credit&quot;:&quot;Andi M\\u00f6ller&quot;,&quot;camera&quot;:&quot;&quot;,&quot;caption&quot;:&quot;&quot;,&quot;created_timestamp&quot;:&quot;0&quot;,&quot;copyright&quot;:&quot;photostudio Light-Style&quot;,&quot;focal_length&quot;:&quot;0&quot;,&quot;iso&quot;:&quot;0&quot;,&quot;shutter_speed&quot;:&quot;0&quot;,&quot;title&quot;:&quot;&quot;,&quot;orientation&quot;:&quot;0&quot;}\" data-image-title=\"koeln-2016-145-bearbeitet\" data-image-description=\"\" data-medium-file=\"https:\/\/i0.wp.com\/www.light-style.eu\/Blog\/wp-content\/uploads\/2016\/09\/K%C3%B6ln-2016-145-Bearbeitet.jpg?fit=400%2C600&#038;ssl=1\" data-large-file=\"https:\/\/i0.wp.com\/www.light-style.eu\/Blog\/wp-content\/uploads\/2016\/09\/K%C3%B6ln-2016-145-Bearbeitet.jpg?fit=667%2C1000&#038;ssl=1\" src=\"https:\/\/i0.wp.com\/www.light-style.eu\/Blog\/wp-content\/uploads\/2016\/09\/K%C3%B6ln-2016-145-Bearbeitet.jpg?w=184&#038;h=276&#038;ssl=1\" width=\"184\" height=\"276\" loading=\"lazy\" data-original-width=\"184\" data-original-height=\"276\" itemprop=\"http:\/\/schema.org\/image\" title=\"koeln-2016-145-bearbeitet\" alt=\"koeln\" style=\"width: 184px; height: 276px;\" \/> <\/a> <\/div> <\/div> <!-- close group --> <div class=\"gallery-group images-1\" style=\"width: 188px; height: 280px;\" data-original-width=\"188\" data-original-height=\"280\" > <div class=\"tiled-gallery-item tiled-gallery-item-small\" itemprop=\"associatedMedia\" itemscope itemtype=\"http:\/\/schema.org\/ImageObject\"> <a href=\"https:\/\/www.light-style.eu\/Blog\/photokina-16-setzen-6\/koeln-2016-134-bearbeitet\/#main\" border=\"0\" itemprop=\"url\"> <meta itemprop=\"width\" content=\"184\"> <meta itemprop=\"height\" content=\"276\"> <img decoding=\"async\" class=\"\" data-attachment-id=\"2466\" data-orig-file=\"https:\/\/www.light-style.eu\/Blog\/wp-content\/uploads\/2016\/09\/K\u00f6ln-2016-134-Bearbeitet.jpg\" data-orig-size=\"667,1000\" data-comments-opened=\"1\" data-image-meta=\"{&quot;aperture&quot;:&quot;0&quot;,&quot;credit&quot;:&quot;Andi M\\u00f6ller&quot;,&quot;camera&quot;:&quot;&quot;,&quot;caption&quot;:&quot;&quot;,&quot;created_timestamp&quot;:&quot;0&quot;,&quot;copyright&quot;:&quot;photostudio Light-Style&quot;,&quot;focal_length&quot;:&quot;0&quot;,&quot;iso&quot;:&quot;0&quot;,&quot;shutter_speed&quot;:&quot;0&quot;,&quot;title&quot;:&quot;&quot;,&quot;orientation&quot;:&quot;0&quot;}\" data-image-title=\"koeln-2016-134-bearbeitet\" data-image-description=\"\" data-medium-file=\"https:\/\/i0.wp.com\/www.light-style.eu\/Blog\/wp-content\/uploads\/2016\/09\/K%C3%B6ln-2016-134-Bearbeitet.jpg?fit=400%2C600&#038;ssl=1\" data-large-file=\"https:\/\/i0.wp.com\/www.light-style.eu\/Blog\/wp-content\/uploads\/2016\/09\/K%C3%B6ln-2016-134-Bearbeitet.jpg?fit=667%2C1000&#038;ssl=1\" src=\"https:\/\/i0.wp.com\/www.light-style.eu\/Blog\/wp-content\/uploads\/2016\/09\/K%C3%B6ln-2016-134-Bearbeitet.jpg?w=184&#038;h=276&#038;ssl=1\" width=\"184\" height=\"276\" loading=\"lazy\" data-original-width=\"184\" data-original-height=\"276\" itemprop=\"http:\/\/schema.org\/image\" title=\"koeln-2016-134-bearbeitet\" alt=\"koeln-2016-134-bearbeitet\" style=\"width: 184px; height: 276px;\" \/> <\/a> <\/div> <\/div> <!-- close group --> <div class=\"gallery-group images-1\" style=\"width: 188px; height: 280px;\" data-original-width=\"188\" data-original-height=\"280\" > <div class=\"tiled-gallery-item tiled-gallery-item-small\" itemprop=\"associatedMedia\" itemscope itemtype=\"http:\/\/schema.org\/ImageObject\"> <a href=\"https:\/\/www.light-style.eu\/Blog\/photokina-16-setzen-6\/koeln-2016-129\/#main\" border=\"0\" itemprop=\"url\"> <meta itemprop=\"width\" content=\"184\"> <meta itemprop=\"height\" content=\"276\"> <img decoding=\"async\" class=\"\" data-attachment-id=\"2465\" data-orig-file=\"https:\/\/www.light-style.eu\/Blog\/wp-content\/uploads\/2016\/09\/K\u00f6ln-2016-129.jpg\" data-orig-size=\"667,1000\" data-comments-opened=\"1\" data-image-meta=\"{&quot;aperture&quot;:&quot;0&quot;,&quot;credit&quot;:&quot;Andi M\\u00f6ller&quot;,&quot;camera&quot;:&quot;&quot;,&quot;caption&quot;:&quot;&quot;,&quot;created_timestamp&quot;:&quot;0&quot;,&quot;copyright&quot;:&quot;photostudio Light-Style&quot;,&quot;focal_length&quot;:&quot;0&quot;,&quot;iso&quot;:&quot;0&quot;,&quot;shutter_speed&quot;:&quot;0&quot;,&quot;title&quot;:&quot;&quot;,&quot;orientation&quot;:&quot;0&quot;}\" data-image-title=\"koeln-2016-129\" data-image-description=\"\" data-medium-file=\"https:\/\/i0.wp.com\/www.light-style.eu\/Blog\/wp-content\/uploads\/2016\/09\/K%C3%B6ln-2016-129.jpg?fit=400%2C600&#038;ssl=1\" data-large-file=\"https:\/\/i0.wp.com\/www.light-style.eu\/Blog\/wp-content\/uploads\/2016\/09\/K%C3%B6ln-2016-129.jpg?fit=667%2C1000&#038;ssl=1\" src=\"https:\/\/i0.wp.com\/www.light-style.eu\/Blog\/wp-content\/uploads\/2016\/09\/K%C3%B6ln-2016-129.jpg?w=184&#038;h=276&#038;ssl=1\" width=\"184\" height=\"276\" loading=\"lazy\" data-original-width=\"184\" data-original-height=\"276\" itemprop=\"http:\/\/schema.org\/image\" title=\"koeln-2016-129\" alt=\"koeln\" style=\"width: 184px; height: 276px;\" \/> <\/a> <\/div> <\/div> <!-- close group --> <\/div> <!-- close row --> <div class=\"gallery-row\" style=\"width: 1170px; height: 561px;\" data-original-width=\"1170\" data-original-height=\"561\" > <div class=\"gallery-group images-1\" style=\"width: 376px; height: 561px;\" data-original-width=\"376\" data-original-height=\"561\" > <div class=\"tiled-gallery-item tiled-gallery-item-large\" itemprop=\"associatedMedia\" itemscope itemtype=\"http:\/\/schema.org\/ImageObject\"> <a href=\"https:\/\/www.light-style.eu\/Blog\/photokina-16-setzen-6\/koeln-2016-124-bearbeitet\/#main\" border=\"0\" itemprop=\"url\"> <meta itemprop=\"width\" content=\"372\"> <meta itemprop=\"height\" content=\"557\"> <img decoding=\"async\" class=\"\" data-attachment-id=\"2483\" data-orig-file=\"https:\/\/www.light-style.eu\/Blog\/wp-content\/uploads\/2016\/09\/K\u00f6ln-2016-124-Bearbeitet.jpg\" data-orig-size=\"667,1000\" data-comments-opened=\"1\" data-image-meta=\"{&quot;aperture&quot;:&quot;0&quot;,&quot;credit&quot;:&quot;Andi M\\u00f6ller&quot;,&quot;camera&quot;:&quot;&quot;,&quot;caption&quot;:&quot;&quot;,&quot;created_timestamp&quot;:&quot;0&quot;,&quot;copyright&quot;:&quot;photostudio Light-Style&quot;,&quot;focal_length&quot;:&quot;0&quot;,&quot;iso&quot;:&quot;0&quot;,&quot;shutter_speed&quot;:&quot;0&quot;,&quot;title&quot;:&quot;&quot;,&quot;orientation&quot;:&quot;0&quot;}\" data-image-title=\"koeln-2016-124-bearbeitet\" data-image-description=\"\" data-medium-file=\"https:\/\/i0.wp.com\/www.light-style.eu\/Blog\/wp-content\/uploads\/2016\/09\/K%C3%B6ln-2016-124-Bearbeitet.jpg?fit=400%2C600&#038;ssl=1\" data-large-file=\"https:\/\/i0.wp.com\/www.light-style.eu\/Blog\/wp-content\/uploads\/2016\/09\/K%C3%B6ln-2016-124-Bearbeitet.jpg?fit=667%2C1000&#038;ssl=1\" src=\"https:\/\/i0.wp.com\/www.light-style.eu\/Blog\/wp-content\/uploads\/2016\/09\/K%C3%B6ln-2016-124-Bearbeitet.jpg?w=372&#038;h=557&#038;ssl=1\" width=\"372\" height=\"557\" loading=\"lazy\" data-original-width=\"372\" data-original-height=\"557\" itemprop=\"http:\/\/schema.org\/image\" title=\"koeln-2016-124-bearbeitet\" alt=\"Michael mal voll in Action ;-)\" style=\"width: 372px; height: 557px;\" \/> <\/a> <div class=\"tiled-gallery-caption\" itemprop=\"caption description\"> Michael mal voll in Action \ud83d\ude09 <\/div> <\/div> <\/div> <!-- close group --> <div class=\"gallery-group images-2\" style=\"width: 419px; height: 561px;\" data-original-width=\"419\" data-original-height=\"561\" > <div class=\"tiled-gallery-item tiled-gallery-item-large\" itemprop=\"associatedMedia\" itemscope itemtype=\"http:\/\/schema.org\/ImageObject\"> <a href=\"https:\/\/www.light-style.eu\/Blog\/photokina-16-setzen-6\/koeln-2016-106-bearbeitet\/#main\" border=\"0\" itemprop=\"url\"> <meta itemprop=\"width\" content=\"415\"> <meta itemprop=\"height\" content=\"277\"> <img decoding=\"async\" class=\"\" data-attachment-id=\"2464\" data-orig-file=\"https:\/\/www.light-style.eu\/Blog\/wp-content\/uploads\/2016\/09\/K\u00f6ln-2016-106-Bearbeitet.jpg\" data-orig-size=\"1000,667\" data-comments-opened=\"1\" data-image-meta=\"{&quot;aperture&quot;:&quot;0&quot;,&quot;credit&quot;:&quot;Andi M\\u00f6ller&quot;,&quot;camera&quot;:&quot;&quot;,&quot;caption&quot;:&quot;&quot;,&quot;created_timestamp&quot;:&quot;0&quot;,&quot;copyright&quot;:&quot;photostudio Light-Style&quot;,&quot;focal_length&quot;:&quot;0&quot;,&quot;iso&quot;:&quot;0&quot;,&quot;shutter_speed&quot;:&quot;0&quot;,&quot;title&quot;:&quot;&quot;,&quot;orientation&quot;:&quot;0&quot;}\" data-image-title=\"koeln-2016-106-bearbeitet\" data-image-description=\"\" data-medium-file=\"https:\/\/i0.wp.com\/www.light-style.eu\/Blog\/wp-content\/uploads\/2016\/09\/K%C3%B6ln-2016-106-Bearbeitet.jpg?fit=600%2C400&#038;ssl=1\" data-large-file=\"https:\/\/i0.wp.com\/www.light-style.eu\/Blog\/wp-content\/uploads\/2016\/09\/K%C3%B6ln-2016-106-Bearbeitet.jpg?fit=1000%2C667&#038;ssl=1\" src=\"https:\/\/i0.wp.com\/www.light-style.eu\/Blog\/wp-content\/uploads\/2016\/09\/K%C3%B6ln-2016-106-Bearbeitet.jpg?w=415&#038;h=277&#038;ssl=1\" width=\"415\" height=\"277\" loading=\"lazy\" data-original-width=\"415\" data-original-height=\"277\" itemprop=\"http:\/\/schema.org\/image\" title=\"koeln-2016-106-bearbeitet\" alt=\"koeln\" style=\"width: 415px; height: 277px;\" \/> <\/a> <\/div> <div class=\"tiled-gallery-item tiled-gallery-item-large\" itemprop=\"associatedMedia\" itemscope itemtype=\"http:\/\/schema.org\/ImageObject\"> <a href=\"https:\/\/www.light-style.eu\/Blog\/photokina-16-setzen-6\/koeln-2016-100-bearbeitet\/#main\" border=\"0\" itemprop=\"url\"> <meta itemprop=\"width\" content=\"415\"> <meta itemprop=\"height\" content=\"276\"> <img decoding=\"async\" class=\"\" data-attachment-id=\"2463\" data-orig-file=\"https:\/\/www.light-style.eu\/Blog\/wp-content\/uploads\/2016\/09\/K\u00f6ln-2016-100-Bearbeitet.jpg\" data-orig-size=\"1000,667\" data-comments-opened=\"1\" data-image-meta=\"{&quot;aperture&quot;:&quot;0&quot;,&quot;credit&quot;:&quot;Andi M\\u00f6ller&quot;,&quot;camera&quot;:&quot;&quot;,&quot;caption&quot;:&quot;&quot;,&quot;created_timestamp&quot;:&quot;0&quot;,&quot;copyright&quot;:&quot;photostudio Light-Style&quot;,&quot;focal_length&quot;:&quot;0&quot;,&quot;iso&quot;:&quot;0&quot;,&quot;shutter_speed&quot;:&quot;0&quot;,&quot;title&quot;:&quot;&quot;,&quot;orientation&quot;:&quot;0&quot;}\" data-image-title=\"koeln-2016-100-bearbeitet\" data-image-description=\"\" data-medium-file=\"https:\/\/i0.wp.com\/www.light-style.eu\/Blog\/wp-content\/uploads\/2016\/09\/K%C3%B6ln-2016-100-Bearbeitet.jpg?fit=600%2C400&#038;ssl=1\" data-large-file=\"https:\/\/i0.wp.com\/www.light-style.eu\/Blog\/wp-content\/uploads\/2016\/09\/K%C3%B6ln-2016-100-Bearbeitet.jpg?fit=1000%2C667&#038;ssl=1\" src=\"https:\/\/i0.wp.com\/www.light-style.eu\/Blog\/wp-content\/uploads\/2016\/09\/K%C3%B6ln-2016-100-Bearbeitet.jpg?w=415&#038;h=276&#038;ssl=1\" width=\"415\" height=\"276\" loading=\"lazy\" data-original-width=\"415\" data-original-height=\"276\" itemprop=\"http:\/\/schema.org\/image\" title=\"koeln-2016-100-bearbeitet\" alt=\"koeln\" style=\"width: 415px; height: 276px;\" \/> <\/a> <\/div> <\/div> <!-- close group --> <div class=\"gallery-group images-1\" style=\"width: 375px; height: 561px;\" data-original-width=\"375\" data-original-height=\"561\" > <div class=\"tiled-gallery-item tiled-gallery-item-large\" itemprop=\"associatedMedia\" itemscope itemtype=\"http:\/\/schema.org\/ImageObject\"> <a href=\"https:\/\/www.light-style.eu\/Blog\/photokina-16-setzen-6\/koeln-2016-97-bearbeitet\/#main\" border=\"0\" itemprop=\"url\"> <meta itemprop=\"width\" content=\"371\"> <meta itemprop=\"height\" content=\"557\"> <img decoding=\"async\" class=\"\" data-attachment-id=\"2462\" data-orig-file=\"https:\/\/www.light-style.eu\/Blog\/wp-content\/uploads\/2016\/09\/K\u00f6ln-2016-97-Bearbeitet.jpg\" data-orig-size=\"667,1000\" data-comments-opened=\"1\" data-image-meta=\"{&quot;aperture&quot;:&quot;0&quot;,&quot;credit&quot;:&quot;Andi M\\u00f6ller&quot;,&quot;camera&quot;:&quot;&quot;,&quot;caption&quot;:&quot;&quot;,&quot;created_timestamp&quot;:&quot;0&quot;,&quot;copyright&quot;:&quot;photostudio Light-Style&quot;,&quot;focal_length&quot;:&quot;0&quot;,&quot;iso&quot;:&quot;0&quot;,&quot;shutter_speed&quot;:&quot;0&quot;,&quot;title&quot;:&quot;&quot;,&quot;orientation&quot;:&quot;0&quot;}\" data-image-title=\"koeln-2016-97-bearbeitet\" data-image-description=\"\" data-medium-file=\"https:\/\/i0.wp.com\/www.light-style.eu\/Blog\/wp-content\/uploads\/2016\/09\/K%C3%B6ln-2016-97-Bearbeitet.jpg?fit=400%2C600&#038;ssl=1\" data-large-file=\"https:\/\/i0.wp.com\/www.light-style.eu\/Blog\/wp-content\/uploads\/2016\/09\/K%C3%B6ln-2016-97-Bearbeitet.jpg?fit=667%2C1000&#038;ssl=1\" src=\"https:\/\/i0.wp.com\/www.light-style.eu\/Blog\/wp-content\/uploads\/2016\/09\/K%C3%B6ln-2016-97-Bearbeitet.jpg?w=371&#038;h=557&#038;ssl=1\" width=\"371\" height=\"557\" loading=\"lazy\" data-original-width=\"371\" data-original-height=\"557\" itemprop=\"http:\/\/schema.org\/image\" title=\"koeln-2016-97-bearbeitet\" alt=\"koeln\" style=\"width: 371px; height: 557px;\" \/> <\/a> <\/div> <\/div> <!-- close group --> <\/div> <!-- close row --> <div class=\"gallery-row\" style=\"width: 1170px; height: 826px;\" data-original-width=\"1170\" data-original-height=\"826\" > <div class=\"gallery-group images-1\" style=\"width: 553px; height: 826px;\" data-original-width=\"553\" data-original-height=\"826\" > <div class=\"tiled-gallery-item tiled-gallery-item-large\" itemprop=\"associatedMedia\" itemscope itemtype=\"http:\/\/schema.org\/ImageObject\"> <a href=\"https:\/\/www.light-style.eu\/Blog\/photokina-16-setzen-6\/koeln-2016-76-bearbeitet\/#main\" border=\"0\" itemprop=\"url\"> <meta itemprop=\"width\" content=\"549\"> <meta itemprop=\"height\" content=\"822\"> <img decoding=\"async\" class=\"\" data-attachment-id=\"2461\" data-orig-file=\"https:\/\/www.light-style.eu\/Blog\/wp-content\/uploads\/2016\/09\/K\u00f6ln-2016-76-Bearbeitet.jpg\" data-orig-size=\"667,1000\" data-comments-opened=\"1\" data-image-meta=\"{&quot;aperture&quot;:&quot;0&quot;,&quot;credit&quot;:&quot;Andi M\\u00f6ller&quot;,&quot;camera&quot;:&quot;&quot;,&quot;caption&quot;:&quot;&quot;,&quot;created_timestamp&quot;:&quot;0&quot;,&quot;copyright&quot;:&quot;photostudio Light-Style&quot;,&quot;focal_length&quot;:&quot;0&quot;,&quot;iso&quot;:&quot;0&quot;,&quot;shutter_speed&quot;:&quot;0&quot;,&quot;title&quot;:&quot;&quot;,&quot;orientation&quot;:&quot;0&quot;}\" data-image-title=\"koeln-2016-76-bearbeitet\" data-image-description=\"\" data-medium-file=\"https:\/\/i0.wp.com\/www.light-style.eu\/Blog\/wp-content\/uploads\/2016\/09\/K%C3%B6ln-2016-76-Bearbeitet.jpg?fit=400%2C600&#038;ssl=1\" data-large-file=\"https:\/\/i0.wp.com\/www.light-style.eu\/Blog\/wp-content\/uploads\/2016\/09\/K%C3%B6ln-2016-76-Bearbeitet.jpg?fit=667%2C1000&#038;ssl=1\" src=\"https:\/\/i0.wp.com\/www.light-style.eu\/Blog\/wp-content\/uploads\/2016\/09\/K%C3%B6ln-2016-76-Bearbeitet.jpg?w=549&#038;h=822&#038;ssl=1\" width=\"549\" height=\"822\" loading=\"lazy\" data-original-width=\"549\" data-original-height=\"822\" itemprop=\"http:\/\/schema.org\/image\" title=\"koeln-2016-76-bearbeitet\" alt=\"koeln\" style=\"width: 549px; height: 822px;\" \/> <\/a> <\/div> <\/div> <!-- close group --> <div class=\"gallery-group images-2\" style=\"width: 617px; height: 826px;\" data-original-width=\"617\" data-original-height=\"826\" > <div class=\"tiled-gallery-item tiled-gallery-item-large\" itemprop=\"associatedMedia\" itemscope itemtype=\"http:\/\/schema.org\/ImageObject\"> <a href=\"https:\/\/www.light-style.eu\/Blog\/photokina-16-setzen-6\/koeln-2016-4\/#main\" border=\"0\" itemprop=\"url\"> <meta itemprop=\"width\" content=\"613\"> <meta itemprop=\"height\" content=\"409\"> <img decoding=\"async\" class=\"\" data-attachment-id=\"2452\" data-orig-file=\"https:\/\/www.light-style.eu\/Blog\/wp-content\/uploads\/2016\/09\/K\u00f6ln-2016-4.jpg\" data-orig-size=\"1000,667\" data-comments-opened=\"1\" data-image-meta=\"{&quot;aperture&quot;:&quot;0&quot;,&quot;credit&quot;:&quot;Andi M\\u00f6ller&quot;,&quot;camera&quot;:&quot;&quot;,&quot;caption&quot;:&quot;&quot;,&quot;created_timestamp&quot;:&quot;0&quot;,&quot;copyright&quot;:&quot;photostudio Light-Style&quot;,&quot;focal_length&quot;:&quot;0&quot;,&quot;iso&quot;:&quot;0&quot;,&quot;shutter_speed&quot;:&quot;0&quot;,&quot;title&quot;:&quot;&quot;,&quot;orientation&quot;:&quot;0&quot;}\" data-image-title=\"koeln-2016-4\" data-image-description=\"\" data-medium-file=\"https:\/\/i0.wp.com\/www.light-style.eu\/Blog\/wp-content\/uploads\/2016\/09\/K%C3%B6ln-2016-4.jpg?fit=600%2C400&#038;ssl=1\" data-large-file=\"https:\/\/i0.wp.com\/www.light-style.eu\/Blog\/wp-content\/uploads\/2016\/09\/K%C3%B6ln-2016-4.jpg?fit=1000%2C667&#038;ssl=1\" src=\"https:\/\/i0.wp.com\/www.light-style.eu\/Blog\/wp-content\/uploads\/2016\/09\/K%C3%B6ln-2016-4.jpg?w=613&#038;h=409&#038;ssl=1\" width=\"613\" height=\"409\" loading=\"lazy\" data-original-width=\"613\" data-original-height=\"409\" itemprop=\"http:\/\/schema.org\/image\" title=\"koeln-2016-4\" alt=\"koeln\" style=\"width: 613px; height: 409px;\" \/> <\/a> <\/div> <div class=\"tiled-gallery-item tiled-gallery-item-large\" itemprop=\"associatedMedia\" itemscope itemtype=\"http:\/\/schema.org\/ImageObject\"> <a href=\"https:\/\/www.light-style.eu\/Blog\/photokina-16-setzen-6\/koeln-2016-7\/#main\" border=\"0\" itemprop=\"url\"> <meta itemprop=\"width\" content=\"613\"> <meta itemprop=\"height\" content=\"409\"> <img decoding=\"async\" class=\"\" data-attachment-id=\"2453\" data-orig-file=\"https:\/\/www.light-style.eu\/Blog\/wp-content\/uploads\/2016\/09\/K\u00f6ln-2016-7.jpg\" data-orig-size=\"1000,667\" data-comments-opened=\"1\" data-image-meta=\"{&quot;aperture&quot;:&quot;0&quot;,&quot;credit&quot;:&quot;Andi M\\u00f6ller&quot;,&quot;camera&quot;:&quot;&quot;,&quot;caption&quot;:&quot;&quot;,&quot;created_timestamp&quot;:&quot;0&quot;,&quot;copyright&quot;:&quot;photostudio Light-Style&quot;,&quot;focal_length&quot;:&quot;0&quot;,&quot;iso&quot;:&quot;0&quot;,&quot;shutter_speed&quot;:&quot;0&quot;,&quot;title&quot;:&quot;&quot;,&quot;orientation&quot;:&quot;0&quot;}\" data-image-title=\"koeln-2016-7\" data-image-description=\"\" data-medium-file=\"https:\/\/i0.wp.com\/www.light-style.eu\/Blog\/wp-content\/uploads\/2016\/09\/K%C3%B6ln-2016-7.jpg?fit=600%2C400&#038;ssl=1\" data-large-file=\"https:\/\/i0.wp.com\/www.light-style.eu\/Blog\/wp-content\/uploads\/2016\/09\/K%C3%B6ln-2016-7.jpg?fit=1000%2C667&#038;ssl=1\" src=\"https:\/\/i0.wp.com\/www.light-style.eu\/Blog\/wp-content\/uploads\/2016\/09\/K%C3%B6ln-2016-7.jpg?w=613&#038;h=409&#038;ssl=1\" width=\"613\" height=\"409\" loading=\"lazy\" data-original-width=\"613\" data-original-height=\"409\" itemprop=\"http:\/\/schema.org\/image\" title=\"koeln-2016-7\" alt=\"koeln\" style=\"width: 613px; height: 409px;\" \/> <\/a> <\/div> <\/div> <!-- close group --> <\/div> <!-- close row --> <div class=\"gallery-row\" style=\"width: 1170px; height: 320px;\" data-original-width=\"1170\" data-original-height=\"320\" > <div class=\"gallery-group images-1\" style=\"width: 215px; height: 320px;\" data-original-width=\"215\" data-original-height=\"320\" > <div class=\"tiled-gallery-item tiled-gallery-item-small\" itemprop=\"associatedMedia\" itemscope itemtype=\"http:\/\/schema.org\/ImageObject\"> <a href=\"https:\/\/www.light-style.eu\/Blog\/photokina-16-setzen-6\/koeln-2016-10\/#main\" border=\"0\" itemprop=\"url\"> <meta itemprop=\"width\" content=\"211\"> <meta itemprop=\"height\" content=\"316\"> <img decoding=\"async\" class=\"\" data-attachment-id=\"2454\" data-orig-file=\"https:\/\/www.light-style.eu\/Blog\/wp-content\/uploads\/2016\/09\/K\u00f6ln-2016-10.jpg\" data-orig-size=\"667,1000\" data-comments-opened=\"1\" data-image-meta=\"{&quot;aperture&quot;:&quot;0&quot;,&quot;credit&quot;:&quot;Andi M\\u00f6ller&quot;,&quot;camera&quot;:&quot;&quot;,&quot;caption&quot;:&quot;&quot;,&quot;created_timestamp&quot;:&quot;0&quot;,&quot;copyright&quot;:&quot;photostudio Light-Style&quot;,&quot;focal_length&quot;:&quot;0&quot;,&quot;iso&quot;:&quot;0&quot;,&quot;shutter_speed&quot;:&quot;0&quot;,&quot;title&quot;:&quot;&quot;,&quot;orientation&quot;:&quot;0&quot;}\" data-image-title=\"koeln-2016-10\" data-image-description=\"\" data-medium-file=\"https:\/\/i0.wp.com\/www.light-style.eu\/Blog\/wp-content\/uploads\/2016\/09\/K%C3%B6ln-2016-10.jpg?fit=400%2C600&#038;ssl=1\" data-large-file=\"https:\/\/i0.wp.com\/www.light-style.eu\/Blog\/wp-content\/uploads\/2016\/09\/K%C3%B6ln-2016-10.jpg?fit=667%2C1000&#038;ssl=1\" src=\"https:\/\/i0.wp.com\/www.light-style.eu\/Blog\/wp-content\/uploads\/2016\/09\/K%C3%B6ln-2016-10.jpg?w=211&#038;h=316&#038;ssl=1\" width=\"211\" height=\"316\" loading=\"lazy\" data-original-width=\"211\" data-original-height=\"316\" itemprop=\"http:\/\/schema.org\/image\" title=\"koeln-2016-10\" alt=\"koeln\" style=\"width: 211px; height: 316px;\" \/> <\/a> <\/div> <\/div> <!-- close group --> <div class=\"gallery-group images-1\" style=\"width: 478px; height: 320px;\" data-original-width=\"478\" data-original-height=\"320\" > <div class=\"tiled-gallery-item tiled-gallery-item-large\" itemprop=\"associatedMedia\" itemscope itemtype=\"http:\/\/schema.org\/ImageObject\"> <a href=\"https:\/\/www.light-style.eu\/Blog\/photokina-16-setzen-6\/koeln-2016-19\/#main\" border=\"0\" itemprop=\"url\"> <meta itemprop=\"width\" content=\"474\"> <meta itemprop=\"height\" content=\"316\"> <img decoding=\"async\" class=\"\" data-attachment-id=\"2455\" data-orig-file=\"https:\/\/www.light-style.eu\/Blog\/wp-content\/uploads\/2016\/09\/K\u00f6ln-2016-19.jpg\" data-orig-size=\"1000,667\" data-comments-opened=\"1\" data-image-meta=\"{&quot;aperture&quot;:&quot;0&quot;,&quot;credit&quot;:&quot;Andi M\\u00f6ller&quot;,&quot;camera&quot;:&quot;&quot;,&quot;caption&quot;:&quot;&quot;,&quot;created_timestamp&quot;:&quot;0&quot;,&quot;copyright&quot;:&quot;photostudio Light-Style&quot;,&quot;focal_length&quot;:&quot;0&quot;,&quot;iso&quot;:&quot;0&quot;,&quot;shutter_speed&quot;:&quot;0&quot;,&quot;title&quot;:&quot;&quot;,&quot;orientation&quot;:&quot;0&quot;}\" data-image-title=\"koeln-2016-19\" data-image-description=\"\" data-medium-file=\"https:\/\/i0.wp.com\/www.light-style.eu\/Blog\/wp-content\/uploads\/2016\/09\/K%C3%B6ln-2016-19.jpg?fit=600%2C400&#038;ssl=1\" data-large-file=\"https:\/\/i0.wp.com\/www.light-style.eu\/Blog\/wp-content\/uploads\/2016\/09\/K%C3%B6ln-2016-19.jpg?fit=1000%2C667&#038;ssl=1\" src=\"https:\/\/i0.wp.com\/www.light-style.eu\/Blog\/wp-content\/uploads\/2016\/09\/K%C3%B6ln-2016-19.jpg?w=474&#038;h=316&#038;ssl=1\" width=\"474\" height=\"316\" loading=\"lazy\" data-original-width=\"474\" data-original-height=\"316\" itemprop=\"http:\/\/schema.org\/image\" title=\"koeln-2016-19\" alt=\"koeln\" style=\"width: 474px; height: 316px;\" \/> <\/a> <\/div> <\/div> <!-- close group --> <div class=\"gallery-group images-1\" style=\"width: 477px; height: 320px;\" data-original-width=\"477\" data-original-height=\"320\" > <div class=\"tiled-gallery-item tiled-gallery-item-large\" itemprop=\"associatedMedia\" itemscope itemtype=\"http:\/\/schema.org\/ImageObject\"> <a href=\"https:\/\/www.light-style.eu\/Blog\/photokina-16-setzen-6\/koeln-2016-48\/#main\" border=\"0\" itemprop=\"url\"> <meta itemprop=\"width\" content=\"473\"> <meta itemprop=\"height\" content=\"316\"> <img decoding=\"async\" class=\"\" data-attachment-id=\"2456\" data-orig-file=\"https:\/\/www.light-style.eu\/Blog\/wp-content\/uploads\/2016\/09\/K\u00f6ln-2016-48.jpg\" data-orig-size=\"1000,667\" data-comments-opened=\"1\" data-image-meta=\"{&quot;aperture&quot;:&quot;0&quot;,&quot;credit&quot;:&quot;Andi M\\u00f6ller&quot;,&quot;camera&quot;:&quot;&quot;,&quot;caption&quot;:&quot;&quot;,&quot;created_timestamp&quot;:&quot;0&quot;,&quot;copyright&quot;:&quot;photostudio Light-Style&quot;,&quot;focal_length&quot;:&quot;0&quot;,&quot;iso&quot;:&quot;0&quot;,&quot;shutter_speed&quot;:&quot;0&quot;,&quot;title&quot;:&quot;&quot;,&quot;orientation&quot;:&quot;0&quot;}\" data-image-title=\"koeln-2016-48\" data-image-description=\"\" data-medium-file=\"https:\/\/i0.wp.com\/www.light-style.eu\/Blog\/wp-content\/uploads\/2016\/09\/K%C3%B6ln-2016-48.jpg?fit=600%2C400&#038;ssl=1\" data-large-file=\"https:\/\/i0.wp.com\/www.light-style.eu\/Blog\/wp-content\/uploads\/2016\/09\/K%C3%B6ln-2016-48.jpg?fit=1000%2C667&#038;ssl=1\" src=\"https:\/\/i0.wp.com\/www.light-style.eu\/Blog\/wp-content\/uploads\/2016\/09\/K%C3%B6ln-2016-48.jpg?w=473&#038;h=316&#038;ssl=1\" width=\"473\" height=\"316\" loading=\"lazy\" data-original-width=\"473\" data-original-height=\"316\" itemprop=\"http:\/\/schema.org\/image\" title=\"koeln-2016-48\" alt=\"koeln\" style=\"width: 473px; height: 316px;\" \/> <\/a> <\/div> <\/div> <!-- close group --> <\/div> <!-- close row --> <div class=\"gallery-row\" style=\"width: 1170px; height: 234px;\" data-original-width=\"1170\" data-original-height=\"234\" > <div class=\"gallery-group images-1\" style=\"width: 158px; height: 234px;\" data-original-width=\"158\" data-original-height=\"234\" > <div class=\"tiled-gallery-item tiled-gallery-item-small\" itemprop=\"associatedMedia\" itemscope itemtype=\"http:\/\/schema.org\/ImageObject\"> <a href=\"https:\/\/www.light-style.eu\/Blog\/photokina-16-setzen-6\/koeln-2016-49\/#main\" border=\"0\" itemprop=\"url\"> <meta itemprop=\"width\" content=\"154\"> <meta itemprop=\"height\" content=\"230\"> <img decoding=\"async\" class=\"\" data-attachment-id=\"2457\" data-orig-file=\"https:\/\/www.light-style.eu\/Blog\/wp-content\/uploads\/2016\/09\/K\u00f6ln-2016-49.jpg\" data-orig-size=\"667,1000\" data-comments-opened=\"1\" data-image-meta=\"{&quot;aperture&quot;:&quot;0&quot;,&quot;credit&quot;:&quot;Andi M\\u00f6ller&quot;,&quot;camera&quot;:&quot;&quot;,&quot;caption&quot;:&quot;&quot;,&quot;created_timestamp&quot;:&quot;0&quot;,&quot;copyright&quot;:&quot;photostudio Light-Style&quot;,&quot;focal_length&quot;:&quot;0&quot;,&quot;iso&quot;:&quot;0&quot;,&quot;shutter_speed&quot;:&quot;0&quot;,&quot;title&quot;:&quot;&quot;,&quot;orientation&quot;:&quot;0&quot;}\" data-image-title=\"koeln-2016-49\" data-image-description=\"\" data-medium-file=\"https:\/\/i0.wp.com\/www.light-style.eu\/Blog\/wp-content\/uploads\/2016\/09\/K%C3%B6ln-2016-49.jpg?fit=400%2C600&#038;ssl=1\" data-large-file=\"https:\/\/i0.wp.com\/www.light-style.eu\/Blog\/wp-content\/uploads\/2016\/09\/K%C3%B6ln-2016-49.jpg?fit=667%2C1000&#038;ssl=1\" src=\"https:\/\/i0.wp.com\/www.light-style.eu\/Blog\/wp-content\/uploads\/2016\/09\/K%C3%B6ln-2016-49.jpg?w=154&#038;h=230&#038;ssl=1\" width=\"154\" height=\"230\" loading=\"lazy\" data-original-width=\"154\" data-original-height=\"230\" itemprop=\"http:\/\/schema.org\/image\" title=\"koeln-2016-49\" alt=\"koeln-2016-49\" style=\"width: 154px; height: 230px;\" \/> <\/a> <\/div> <\/div> <!-- close group --> <div class=\"gallery-group images-1\" style=\"width: 349px; height: 234px;\" data-original-width=\"349\" data-original-height=\"234\" > <div class=\"tiled-gallery-item tiled-gallery-item-large\" itemprop=\"associatedMedia\" itemscope itemtype=\"http:\/\/schema.org\/ImageObject\"> <a href=\"https:\/\/www.light-style.eu\/Blog\/photokina-16-setzen-6\/koeln-2016-61-bearbeitet\/#main\" border=\"0\" itemprop=\"url\"> <meta itemprop=\"width\" content=\"345\"> <meta itemprop=\"height\" content=\"230\"> <img decoding=\"async\" class=\"\" data-attachment-id=\"2458\" data-orig-file=\"https:\/\/www.light-style.eu\/Blog\/wp-content\/uploads\/2016\/09\/K\u00f6ln-2016-61-Bearbeitet.jpg\" data-orig-size=\"1000,667\" data-comments-opened=\"1\" data-image-meta=\"{&quot;aperture&quot;:&quot;0&quot;,&quot;credit&quot;:&quot;Andi M\\u00f6ller&quot;,&quot;camera&quot;:&quot;&quot;,&quot;caption&quot;:&quot;&quot;,&quot;created_timestamp&quot;:&quot;0&quot;,&quot;copyright&quot;:&quot;photostudio Light-Style&quot;,&quot;focal_length&quot;:&quot;0&quot;,&quot;iso&quot;:&quot;0&quot;,&quot;shutter_speed&quot;:&quot;0&quot;,&quot;title&quot;:&quot;&quot;,&quot;orientation&quot;:&quot;0&quot;}\" data-image-title=\"koeln-2016-61-bearbeitet\" data-image-description=\"\" data-medium-file=\"https:\/\/i0.wp.com\/www.light-style.eu\/Blog\/wp-content\/uploads\/2016\/09\/K%C3%B6ln-2016-61-Bearbeitet.jpg?fit=600%2C400&#038;ssl=1\" data-large-file=\"https:\/\/i0.wp.com\/www.light-style.eu\/Blog\/wp-content\/uploads\/2016\/09\/K%C3%B6ln-2016-61-Bearbeitet.jpg?fit=1000%2C667&#038;ssl=1\" src=\"https:\/\/i0.wp.com\/www.light-style.eu\/Blog\/wp-content\/uploads\/2016\/09\/K%C3%B6ln-2016-61-Bearbeitet.jpg?w=345&#038;h=230&#038;ssl=1\" width=\"345\" height=\"230\" loading=\"lazy\" data-original-width=\"345\" data-original-height=\"230\" itemprop=\"http:\/\/schema.org\/image\" title=\"koeln-2016-61-bearbeitet\" alt=\"koeln\" style=\"width: 345px; height: 230px;\" \/> <\/a> <\/div> <\/div> <!-- close group --> <div class=\"gallery-group images-1\" style=\"width: 157px; height: 234px;\" data-original-width=\"157\" data-original-height=\"234\" > <div class=\"tiled-gallery-item tiled-gallery-item-small\" itemprop=\"associatedMedia\" itemscope itemtype=\"http:\/\/schema.org\/ImageObject\"> <a href=\"https:\/\/www.light-style.eu\/Blog\/photokina-16-setzen-6\/koeln-2016-68-bearbeitet\/#main\" border=\"0\" itemprop=\"url\"> <meta itemprop=\"width\" content=\"153\"> <meta itemprop=\"height\" content=\"230\"> <img decoding=\"async\" class=\"\" data-attachment-id=\"2459\" data-orig-file=\"https:\/\/www.light-style.eu\/Blog\/wp-content\/uploads\/2016\/09\/K\u00f6ln-2016-68-Bearbeitet.jpg\" data-orig-size=\"667,1000\" data-comments-opened=\"1\" data-image-meta=\"{&quot;aperture&quot;:&quot;0&quot;,&quot;credit&quot;:&quot;Andi M\\u00f6ller&quot;,&quot;camera&quot;:&quot;&quot;,&quot;caption&quot;:&quot;&quot;,&quot;created_timestamp&quot;:&quot;0&quot;,&quot;copyright&quot;:&quot;photostudio Light-Style&quot;,&quot;focal_length&quot;:&quot;0&quot;,&quot;iso&quot;:&quot;0&quot;,&quot;shutter_speed&quot;:&quot;0&quot;,&quot;title&quot;:&quot;&quot;,&quot;orientation&quot;:&quot;0&quot;}\" data-image-title=\"koeln-2016-68-bearbeitet\" data-image-description=\"\" data-medium-file=\"https:\/\/i0.wp.com\/www.light-style.eu\/Blog\/wp-content\/uploads\/2016\/09\/K%C3%B6ln-2016-68-Bearbeitet.jpg?fit=400%2C600&#038;ssl=1\" data-large-file=\"https:\/\/i0.wp.com\/www.light-style.eu\/Blog\/wp-content\/uploads\/2016\/09\/K%C3%B6ln-2016-68-Bearbeitet.jpg?fit=667%2C1000&#038;ssl=1\" src=\"https:\/\/i0.wp.com\/www.light-style.eu\/Blog\/wp-content\/uploads\/2016\/09\/K%C3%B6ln-2016-68-Bearbeitet.jpg?w=153&#038;h=230&#038;ssl=1\" width=\"153\" height=\"230\" loading=\"lazy\" data-original-width=\"153\" data-original-height=\"230\" itemprop=\"http:\/\/schema.org\/image\" title=\"koeln-2016-68-bearbeitet\" alt=\"koeln\" style=\"width: 153px; height: 230px;\" \/> <\/a> <\/div> <\/div> <!-- close group --> <div class=\"gallery-group images-1\" style=\"width: 349px; height: 234px;\" data-original-width=\"349\" data-original-height=\"234\" > <div class=\"tiled-gallery-item tiled-gallery-item-large\" itemprop=\"associatedMedia\" itemscope itemtype=\"http:\/\/schema.org\/ImageObject\"> <a href=\"https:\/\/www.light-style.eu\/Blog\/photokina-16-setzen-6\/koeln-2016-70-bearbeitet\/#main\" border=\"0\" itemprop=\"url\"> <meta itemprop=\"width\" content=\"345\"> <meta itemprop=\"height\" content=\"230\"> <img decoding=\"async\" class=\"\" data-attachment-id=\"2460\" data-orig-file=\"https:\/\/www.light-style.eu\/Blog\/wp-content\/uploads\/2016\/09\/K\u00f6ln-2016-70-Bearbeitet.jpg\" data-orig-size=\"1000,667\" data-comments-opened=\"1\" data-image-meta=\"{&quot;aperture&quot;:&quot;0&quot;,&quot;credit&quot;:&quot;Andi M\\u00f6ller&quot;,&quot;camera&quot;:&quot;&quot;,&quot;caption&quot;:&quot;&quot;,&quot;created_timestamp&quot;:&quot;0&quot;,&quot;copyright&quot;:&quot;photostudio Light-Style&quot;,&quot;focal_length&quot;:&quot;0&quot;,&quot;iso&quot;:&quot;0&quot;,&quot;shutter_speed&quot;:&quot;0&quot;,&quot;title&quot;:&quot;&quot;,&quot;orientation&quot;:&quot;0&quot;}\" data-image-title=\"koeln-2016-70-bearbeitet\" data-image-description=\"\" data-medium-file=\"https:\/\/i0.wp.com\/www.light-style.eu\/Blog\/wp-content\/uploads\/2016\/09\/K%C3%B6ln-2016-70-Bearbeitet.jpg?fit=600%2C400&#038;ssl=1\" data-large-file=\"https:\/\/i0.wp.com\/www.light-style.eu\/Blog\/wp-content\/uploads\/2016\/09\/K%C3%B6ln-2016-70-Bearbeitet.jpg?fit=1000%2C667&#038;ssl=1\" src=\"https:\/\/i0.wp.com\/www.light-style.eu\/Blog\/wp-content\/uploads\/2016\/09\/K%C3%B6ln-2016-70-Bearbeitet.jpg?w=345&#038;h=230&#038;ssl=1\" width=\"345\" height=\"230\" loading=\"lazy\" data-original-width=\"345\" data-original-height=\"230\" itemprop=\"http:\/\/schema.org\/image\" title=\"koeln-2016-70-bearbeitet\" alt=\"koeln\" style=\"width: 345px; height: 230px;\" \/> <\/a> <\/div> <\/div> <!-- close group --> <div class=\"gallery-group images-1\" style=\"width: 157px; height: 234px;\" data-original-width=\"157\" data-original-height=\"234\" > <div class=\"tiled-gallery-item tiled-gallery-item-small\" itemprop=\"associatedMedia\" itemscope itemtype=\"http:\/\/schema.org\/ImageObject\"> <a href=\"https:\/\/www.light-style.eu\/Blog\/photokina-16-setzen-6\/koeln-2016-2\/#main\" border=\"0\" itemprop=\"url\"> <meta itemprop=\"width\" content=\"153\"> <meta itemprop=\"height\" content=\"230\"> <img decoding=\"async\" class=\"\" data-attachment-id=\"2451\" data-orig-file=\"https:\/\/www.light-style.eu\/Blog\/wp-content\/uploads\/2016\/09\/K\u00f6ln-2016-2.jpg\" data-orig-size=\"667,1000\" data-comments-opened=\"1\" data-image-meta=\"{&quot;aperture&quot;:&quot;0&quot;,&quot;credit&quot;:&quot;Andi M\\u00f6ller&quot;,&quot;camera&quot;:&quot;&quot;,&quot;caption&quot;:&quot;&quot;,&quot;created_timestamp&quot;:&quot;0&quot;,&quot;copyright&quot;:&quot;photostudio Light-Style&quot;,&quot;focal_length&quot;:&quot;0&quot;,&quot;iso&quot;:&quot;0&quot;,&quot;shutter_speed&quot;:&quot;0&quot;,&quot;title&quot;:&quot;&quot;,&quot;orientation&quot;:&quot;0&quot;}\" data-image-title=\"koeln-2016-2\" data-image-description=\"\" data-medium-file=\"https:\/\/i0.wp.com\/www.light-style.eu\/Blog\/wp-content\/uploads\/2016\/09\/K%C3%B6ln-2016-2.jpg?fit=400%2C600&#038;ssl=1\" data-large-file=\"https:\/\/i0.wp.com\/www.light-style.eu\/Blog\/wp-content\/uploads\/2016\/09\/K%C3%B6ln-2016-2.jpg?fit=667%2C1000&#038;ssl=1\" src=\"https:\/\/i0.wp.com\/www.light-style.eu\/Blog\/wp-content\/uploads\/2016\/09\/K%C3%B6ln-2016-2.jpg?w=153&#038;h=230&#038;ssl=1\" width=\"153\" height=\"230\" loading=\"lazy\" data-original-width=\"153\" data-original-height=\"230\" itemprop=\"http:\/\/schema.org\/image\" title=\"koeln-2016-2\" alt=\"koeln\" style=\"width: 153px; height: 230px;\" \/> <\/a> <\/div> <\/div> <!-- close group --> <\/div> <!-- close row --> <div class=\"gallery-row\" style=\"width: 1170px; height: 522px;\" data-original-width=\"1170\" data-original-height=\"522\" > <div class=\"gallery-group images-2\" style=\"width: 389px; height: 522px;\" data-original-width=\"389\" data-original-height=\"522\" > <div class=\"tiled-gallery-item tiled-gallery-item-large\" itemprop=\"associatedMedia\" itemscope itemtype=\"http:\/\/schema.org\/ImageObject\"> <a href=\"https:\/\/www.light-style.eu\/Blog\/photokina-16-setzen-6\/koeln-2016-542-bearbeitet\/#main\" border=\"0\" itemprop=\"url\"> <meta itemprop=\"width\" content=\"385\"> <meta itemprop=\"height\" content=\"257\"> <img decoding=\"async\" class=\"\" data-attachment-id=\"2450\" data-orig-file=\"https:\/\/www.light-style.eu\/Blog\/wp-content\/uploads\/2016\/09\/K\u00f6ln-2016-542-Bearbeitet.jpg\" data-orig-size=\"1000,667\" data-comments-opened=\"1\" data-image-meta=\"{&quot;aperture&quot;:&quot;0&quot;,&quot;credit&quot;:&quot;Andi M\\u00f6ller&quot;,&quot;camera&quot;:&quot;&quot;,&quot;caption&quot;:&quot;&quot;,&quot;created_timestamp&quot;:&quot;0&quot;,&quot;copyright&quot;:&quot;photostudio Light-Style&quot;,&quot;focal_length&quot;:&quot;0&quot;,&quot;iso&quot;:&quot;0&quot;,&quot;shutter_speed&quot;:&quot;0&quot;,&quot;title&quot;:&quot;&quot;,&quot;orientation&quot;:&quot;0&quot;}\" data-image-title=\"koeln-2016-542-bearbeitet\" data-image-description=\"\" data-medium-file=\"https:\/\/i0.wp.com\/www.light-style.eu\/Blog\/wp-content\/uploads\/2016\/09\/K%C3%B6ln-2016-542-Bearbeitet.jpg?fit=600%2C400&#038;ssl=1\" data-large-file=\"https:\/\/i0.wp.com\/www.light-style.eu\/Blog\/wp-content\/uploads\/2016\/09\/K%C3%B6ln-2016-542-Bearbeitet.jpg?fit=1000%2C667&#038;ssl=1\" src=\"https:\/\/i0.wp.com\/www.light-style.eu\/Blog\/wp-content\/uploads\/2016\/09\/K%C3%B6ln-2016-542-Bearbeitet.jpg?w=385&#038;h=257&#038;ssl=1\" width=\"385\" height=\"257\" loading=\"lazy\" data-original-width=\"385\" data-original-height=\"257\" itemprop=\"http:\/\/schema.org\/image\" title=\"koeln-2016-542-bearbeitet\" alt=\"koeln\" style=\"width: 385px; height: 257px;\" \/> <\/a> <\/div> <div class=\"tiled-gallery-item tiled-gallery-item-large\" itemprop=\"associatedMedia\" itemscope itemtype=\"http:\/\/schema.org\/ImageObject\"> <a href=\"https:\/\/www.light-style.eu\/Blog\/photokina-16-setzen-6\/koeln-2016-532-bearbeitet\/#main\" border=\"0\" itemprop=\"url\"> <meta itemprop=\"width\" content=\"385\"> <meta itemprop=\"height\" content=\"257\"> <img decoding=\"async\" class=\"\" data-attachment-id=\"2449\" data-orig-file=\"https:\/\/www.light-style.eu\/Blog\/wp-content\/uploads\/2016\/09\/K\u00f6ln-2016-532-Bearbeitet.jpg\" data-orig-size=\"1000,667\" data-comments-opened=\"1\" data-image-meta=\"{&quot;aperture&quot;:&quot;0&quot;,&quot;credit&quot;:&quot;Andi M\\u00f6ller&quot;,&quot;camera&quot;:&quot;&quot;,&quot;caption&quot;:&quot;&quot;,&quot;created_timestamp&quot;:&quot;0&quot;,&quot;copyright&quot;:&quot;photostudio Light-Style&quot;,&quot;focal_length&quot;:&quot;0&quot;,&quot;iso&quot;:&quot;0&quot;,&quot;shutter_speed&quot;:&quot;0&quot;,&quot;title&quot;:&quot;&quot;,&quot;orientation&quot;:&quot;0&quot;}\" data-image-title=\"koeln-2016-532-bearbeitet\" data-image-description=\"\" data-medium-file=\"https:\/\/i0.wp.com\/www.light-style.eu\/Blog\/wp-content\/uploads\/2016\/09\/K%C3%B6ln-2016-532-Bearbeitet.jpg?fit=600%2C400&#038;ssl=1\" data-large-file=\"https:\/\/i0.wp.com\/www.light-style.eu\/Blog\/wp-content\/uploads\/2016\/09\/K%C3%B6ln-2016-532-Bearbeitet.jpg?fit=1000%2C667&#038;ssl=1\" src=\"https:\/\/i0.wp.com\/www.light-style.eu\/Blog\/wp-content\/uploads\/2016\/09\/K%C3%B6ln-2016-532-Bearbeitet.jpg?w=385&#038;h=257&#038;ssl=1\" width=\"385\" height=\"257\" loading=\"lazy\" data-original-width=\"385\" data-original-height=\"257\" itemprop=\"http:\/\/schema.org\/image\" title=\"koeln-2016-532-bearbeitet\" alt=\"koeln\" style=\"width: 385px; height: 257px;\" \/> <\/a> <\/div> <\/div> <!-- close group --> <div class=\"gallery-group images-1\" style=\"width: 781px; height: 522px;\" data-original-width=\"781\" data-original-height=\"522\" > <div class=\"tiled-gallery-item tiled-gallery-item-large\" itemprop=\"associatedMedia\" itemscope itemtype=\"http:\/\/schema.org\/ImageObject\"> <a href=\"https:\/\/www.light-style.eu\/Blog\/photokina-16-setzen-6\/koeln-2016-528-bearbeitet\/#main\" border=\"0\" itemprop=\"url\"> <meta itemprop=\"width\" content=\"777\"> <meta itemprop=\"height\" content=\"518\"> <img decoding=\"async\" class=\"\" data-attachment-id=\"2448\" data-orig-file=\"https:\/\/www.light-style.eu\/Blog\/wp-content\/uploads\/2016\/09\/K\u00f6ln-2016-528-Bearbeitet.jpg\" data-orig-size=\"1000,667\" data-comments-opened=\"1\" data-image-meta=\"{&quot;aperture&quot;:&quot;0&quot;,&quot;credit&quot;:&quot;Andi M\\u00f6ller&quot;,&quot;camera&quot;:&quot;&quot;,&quot;caption&quot;:&quot;&quot;,&quot;created_timestamp&quot;:&quot;0&quot;,&quot;copyright&quot;:&quot;photostudio Light-Style&quot;,&quot;focal_length&quot;:&quot;0&quot;,&quot;iso&quot;:&quot;0&quot;,&quot;shutter_speed&quot;:&quot;0&quot;,&quot;title&quot;:&quot;&quot;,&quot;orientation&quot;:&quot;0&quot;}\" data-image-title=\"koeln-2016-528-bearbeitet\" data-image-description=\"\" data-medium-file=\"https:\/\/i0.wp.com\/www.light-style.eu\/Blog\/wp-content\/uploads\/2016\/09\/K%C3%B6ln-2016-528-Bearbeitet.jpg?fit=600%2C400&#038;ssl=1\" data-large-file=\"https:\/\/i0.wp.com\/www.light-style.eu\/Blog\/wp-content\/uploads\/2016\/09\/K%C3%B6ln-2016-528-Bearbeitet.jpg?fit=1000%2C667&#038;ssl=1\" src=\"https:\/\/i0.wp.com\/www.light-style.eu\/Blog\/wp-content\/uploads\/2016\/09\/K%C3%B6ln-2016-528-Bearbeitet.jpg?w=777&#038;h=518&#038;ssl=1\" width=\"777\" height=\"518\" loading=\"lazy\" data-original-width=\"777\" data-original-height=\"518\" itemprop=\"http:\/\/schema.org\/image\" title=\"koeln-2016-528-bearbeitet\" alt=\"koeln\" style=\"width: 777px; height: 518px;\" \/> <\/a> <\/div> <\/div> <!-- close group --> <\/div> <!-- close row --> <div class=\"gallery-row\" style=\"width: 1170px; height: 540px;\" data-original-width=\"1170\" data-original-height=\"540\" > <div class=\"gallery-group images-1\" style=\"width: 808px; height: 540px;\" data-original-width=\"808\" data-original-height=\"540\" > <div class=\"tiled-gallery-item tiled-gallery-item-large\" itemprop=\"associatedMedia\" itemscope itemtype=\"http:\/\/schema.org\/ImageObject\"> <a href=\"https:\/\/www.light-style.eu\/Blog\/photokina-16-setzen-6\/koeln-2016-525-bearbeitet\/#main\" border=\"0\" itemprop=\"url\"> <meta itemprop=\"width\" content=\"804\"> <meta itemprop=\"height\" content=\"536\"> <img decoding=\"async\" class=\"\" data-attachment-id=\"2447\" data-orig-file=\"https:\/\/www.light-style.eu\/Blog\/wp-content\/uploads\/2016\/09\/K\u00f6ln-2016-525-Bearbeitet.jpg\" data-orig-size=\"1000,667\" data-comments-opened=\"1\" data-image-meta=\"{&quot;aperture&quot;:&quot;0&quot;,&quot;credit&quot;:&quot;Andi M\\u00f6ller&quot;,&quot;camera&quot;:&quot;&quot;,&quot;caption&quot;:&quot;&quot;,&quot;created_timestamp&quot;:&quot;0&quot;,&quot;copyright&quot;:&quot;photostudio Light-Style&quot;,&quot;focal_length&quot;:&quot;0&quot;,&quot;iso&quot;:&quot;0&quot;,&quot;shutter_speed&quot;:&quot;0&quot;,&quot;title&quot;:&quot;&quot;,&quot;orientation&quot;:&quot;0&quot;}\" data-image-title=\"koeln-2016-525-bearbeitet\" data-image-description=\"\" data-medium-file=\"https:\/\/i0.wp.com\/www.light-style.eu\/Blog\/wp-content\/uploads\/2016\/09\/K%C3%B6ln-2016-525-Bearbeitet.jpg?fit=600%2C400&#038;ssl=1\" data-large-file=\"https:\/\/i0.wp.com\/www.light-style.eu\/Blog\/wp-content\/uploads\/2016\/09\/K%C3%B6ln-2016-525-Bearbeitet.jpg?fit=1000%2C667&#038;ssl=1\" src=\"https:\/\/i0.wp.com\/www.light-style.eu\/Blog\/wp-content\/uploads\/2016\/09\/K%C3%B6ln-2016-525-Bearbeitet.jpg?w=804&#038;h=536&#038;ssl=1\" width=\"804\" height=\"536\" loading=\"lazy\" data-original-width=\"804\" data-original-height=\"536\" itemprop=\"http:\/\/schema.org\/image\" title=\"koeln-2016-525-bearbeitet\" alt=\"koeln\" style=\"width: 804px; height: 536px;\" \/> <\/a> <\/div> <\/div> <!-- close group --> <div class=\"gallery-group images-1\" style=\"width: 362px; height: 540px;\" data-original-width=\"362\" data-original-height=\"540\" > <div class=\"tiled-gallery-item tiled-gallery-item-large\" itemprop=\"associatedMedia\" itemscope itemtype=\"http:\/\/schema.org\/ImageObject\"> <a href=\"https:\/\/www.light-style.eu\/Blog\/photokina-16-setzen-6\/koeln-2016-519-bearbeitet\/#main\" border=\"0\" itemprop=\"url\"> <meta itemprop=\"width\" content=\"358\"> <meta itemprop=\"height\" content=\"536\"> <img decoding=\"async\" class=\"\" data-attachment-id=\"2446\" data-orig-file=\"https:\/\/www.light-style.eu\/Blog\/wp-content\/uploads\/2016\/09\/K\u00f6ln-2016-519-Bearbeitet.jpg\" data-orig-size=\"667,1000\" data-comments-opened=\"1\" data-image-meta=\"{&quot;aperture&quot;:&quot;0&quot;,&quot;credit&quot;:&quot;Andi M\\u00f6ller&quot;,&quot;camera&quot;:&quot;&quot;,&quot;caption&quot;:&quot;&quot;,&quot;created_timestamp&quot;:&quot;0&quot;,&quot;copyright&quot;:&quot;photostudio Light-Style&quot;,&quot;focal_length&quot;:&quot;0&quot;,&quot;iso&quot;:&quot;0&quot;,&quot;shutter_speed&quot;:&quot;0&quot;,&quot;title&quot;:&quot;&quot;,&quot;orientation&quot;:&quot;0&quot;}\" data-image-title=\"koeln-2016-519-bearbeitet\" data-image-description=\"\" data-medium-file=\"https:\/\/i0.wp.com\/www.light-style.eu\/Blog\/wp-content\/uploads\/2016\/09\/K%C3%B6ln-2016-519-Bearbeitet.jpg?fit=400%2C600&#038;ssl=1\" data-large-file=\"https:\/\/i0.wp.com\/www.light-style.eu\/Blog\/wp-content\/uploads\/2016\/09\/K%C3%B6ln-2016-519-Bearbeitet.jpg?fit=667%2C1000&#038;ssl=1\" src=\"https:\/\/i0.wp.com\/www.light-style.eu\/Blog\/wp-content\/uploads\/2016\/09\/K%C3%B6ln-2016-519-Bearbeitet.jpg?w=358&#038;h=536&#038;ssl=1\" width=\"358\" height=\"536\" loading=\"lazy\" data-original-width=\"358\" data-original-height=\"536\" itemprop=\"http:\/\/schema.org\/image\" title=\"koeln-2016-519-bearbeitet\" alt=\"koeln\" style=\"width: 358px; height: 536px;\" \/> <\/a> <\/div> <\/div> <!-- close group --> <\/div> <!-- close row --> <div class=\"gallery-row\" style=\"width: 1170px; height: 522px;\" data-original-width=\"1170\" data-original-height=\"522\" > <div class=\"gallery-group images-1\" style=\"width: 781px; height: 522px;\" data-original-width=\"781\" data-original-height=\"522\" > <div class=\"tiled-gallery-item tiled-gallery-item-large\" itemprop=\"associatedMedia\" itemscope itemtype=\"http:\/\/schema.org\/ImageObject\"> <a href=\"https:\/\/www.light-style.eu\/Blog\/photokina-16-setzen-6\/koeln-2016-517-bearbeitet\/#main\" border=\"0\" itemprop=\"url\"> <meta itemprop=\"width\" content=\"777\"> <meta itemprop=\"height\" content=\"518\"> <img decoding=\"async\" class=\"\" data-attachment-id=\"2445\" data-orig-file=\"https:\/\/www.light-style.eu\/Blog\/wp-content\/uploads\/2016\/09\/K\u00f6ln-2016-517-Bearbeitet.jpg\" data-orig-size=\"1000,667\" data-comments-opened=\"1\" data-image-meta=\"{&quot;aperture&quot;:&quot;0&quot;,&quot;credit&quot;:&quot;Andi M\\u00f6ller&quot;,&quot;camera&quot;:&quot;&quot;,&quot;caption&quot;:&quot;&quot;,&quot;created_timestamp&quot;:&quot;0&quot;,&quot;copyright&quot;:&quot;photostudio Light-Style&quot;,&quot;focal_length&quot;:&quot;0&quot;,&quot;iso&quot;:&quot;0&quot;,&quot;shutter_speed&quot;:&quot;0&quot;,&quot;title&quot;:&quot;&quot;,&quot;orientation&quot;:&quot;0&quot;}\" data-image-title=\"koeln-2016-517-bearbeitet\" data-image-description=\"\" data-medium-file=\"https:\/\/i0.wp.com\/www.light-style.eu\/Blog\/wp-content\/uploads\/2016\/09\/K%C3%B6ln-2016-517-Bearbeitet.jpg?fit=600%2C400&#038;ssl=1\" data-large-file=\"https:\/\/i0.wp.com\/www.light-style.eu\/Blog\/wp-content\/uploads\/2016\/09\/K%C3%B6ln-2016-517-Bearbeitet.jpg?fit=1000%2C667&#038;ssl=1\" src=\"https:\/\/i0.wp.com\/www.light-style.eu\/Blog\/wp-content\/uploads\/2016\/09\/K%C3%B6ln-2016-517-Bearbeitet.jpg?w=777&#038;h=518&#038;ssl=1\" width=\"777\" height=\"518\" loading=\"lazy\" data-original-width=\"777\" data-original-height=\"518\" itemprop=\"http:\/\/schema.org\/image\" title=\"koeln-2016-517-bearbeitet\" alt=\"koeln\" style=\"width: 777px; height: 518px;\" \/> <\/a> <\/div> <\/div> <!-- close group --> <div class=\"gallery-group images-2\" style=\"width: 389px; height: 522px;\" data-original-width=\"389\" data-original-height=\"522\" > <div class=\"tiled-gallery-item tiled-gallery-item-large\" itemprop=\"associatedMedia\" itemscope itemtype=\"http:\/\/schema.org\/ImageObject\"> <a href=\"https:\/\/www.light-style.eu\/Blog\/photokina-16-setzen-6\/koeln-2016-516-bearbeitet\/#main\" border=\"0\" itemprop=\"url\"> <meta itemprop=\"width\" content=\"385\"> <meta itemprop=\"height\" content=\"257\"> <img decoding=\"async\" class=\"\" data-attachment-id=\"2444\" data-orig-file=\"https:\/\/www.light-style.eu\/Blog\/wp-content\/uploads\/2016\/09\/K\u00f6ln-2016-516-Bearbeitet.jpg\" data-orig-size=\"1000,667\" data-comments-opened=\"1\" data-image-meta=\"{&quot;aperture&quot;:&quot;0&quot;,&quot;credit&quot;:&quot;Andi M\\u00f6ller&quot;,&quot;camera&quot;:&quot;&quot;,&quot;caption&quot;:&quot;&quot;,&quot;created_timestamp&quot;:&quot;0&quot;,&quot;copyright&quot;:&quot;photostudio Light-Style&quot;,&quot;focal_length&quot;:&quot;0&quot;,&quot;iso&quot;:&quot;0&quot;,&quot;shutter_speed&quot;:&quot;0&quot;,&quot;title&quot;:&quot;&quot;,&quot;orientation&quot;:&quot;0&quot;}\" data-image-title=\"koeln-2016-516-bearbeitet\" data-image-description=\"\" data-medium-file=\"https:\/\/i0.wp.com\/www.light-style.eu\/Blog\/wp-content\/uploads\/2016\/09\/K%C3%B6ln-2016-516-Bearbeitet.jpg?fit=600%2C400&#038;ssl=1\" data-large-file=\"https:\/\/i0.wp.com\/www.light-style.eu\/Blog\/wp-content\/uploads\/2016\/09\/K%C3%B6ln-2016-516-Bearbeitet.jpg?fit=1000%2C667&#038;ssl=1\" src=\"https:\/\/i0.wp.com\/www.light-style.eu\/Blog\/wp-content\/uploads\/2016\/09\/K%C3%B6ln-2016-516-Bearbeitet.jpg?w=385&#038;h=257&#038;ssl=1\" width=\"385\" height=\"257\" loading=\"lazy\" data-original-width=\"385\" data-original-height=\"257\" itemprop=\"http:\/\/schema.org\/image\" title=\"koeln-2016-516-bearbeitet\" alt=\"koeln\" style=\"width: 385px; height: 257px;\" \/> <\/a> <\/div> <div class=\"tiled-gallery-item tiled-gallery-item-large\" itemprop=\"associatedMedia\" itemscope itemtype=\"http:\/\/schema.org\/ImageObject\"> <a href=\"https:\/\/www.light-style.eu\/Blog\/photokina-16-setzen-6\/koeln-2016-441-bearbeitet\/#main\" border=\"0\" itemprop=\"url\"> <meta itemprop=\"width\" content=\"385\"> <meta itemprop=\"height\" content=\"257\"> <img decoding=\"async\" class=\"\" data-attachment-id=\"2443\" data-orig-file=\"https:\/\/www.light-style.eu\/Blog\/wp-content\/uploads\/2016\/09\/K\u00f6ln-2016-441-Bearbeitet.jpg\" data-orig-size=\"1000,667\" data-comments-opened=\"1\" data-image-meta=\"{&quot;aperture&quot;:&quot;0&quot;,&quot;credit&quot;:&quot;Andi M\\u00f6ller&quot;,&quot;camera&quot;:&quot;&quot;,&quot;caption&quot;:&quot;&quot;,&quot;created_timestamp&quot;:&quot;0&quot;,&quot;copyright&quot;:&quot;photostudio Light-Style&quot;,&quot;focal_length&quot;:&quot;0&quot;,&quot;iso&quot;:&quot;0&quot;,&quot;shutter_speed&quot;:&quot;0&quot;,&quot;title&quot;:&quot;&quot;,&quot;orientation&quot;:&quot;0&quot;}\" data-image-title=\"koeln-2016-441-bearbeitet\" data-image-description=\"\" data-medium-file=\"https:\/\/i0.wp.com\/www.light-style.eu\/Blog\/wp-content\/uploads\/2016\/09\/K%C3%B6ln-2016-441-Bearbeitet.jpg?fit=600%2C400&#038;ssl=1\" data-large-file=\"https:\/\/i0.wp.com\/www.light-style.eu\/Blog\/wp-content\/uploads\/2016\/09\/K%C3%B6ln-2016-441-Bearbeitet.jpg?fit=1000%2C667&#038;ssl=1\" src=\"https:\/\/i0.wp.com\/www.light-style.eu\/Blog\/wp-content\/uploads\/2016\/09\/K%C3%B6ln-2016-441-Bearbeitet.jpg?w=385&#038;h=257&#038;ssl=1\" width=\"385\" height=\"257\" loading=\"lazy\" data-original-width=\"385\" data-original-height=\"257\" itemprop=\"http:\/\/schema.org\/image\" title=\"koeln-2016-441-bearbeitet\" alt=\"koeln\" style=\"width: 385px; height: 257px;\" \/> <\/a> <\/div> <\/div> <!-- close group --> <\/div> <!-- close row --> <div class=\"gallery-row\" style=\"width: 1170px; height: 1003px;\" data-original-width=\"1170\" data-original-height=\"1003\" > <div class=\"gallery-group images-3\" style=\"width: 499px; height: 1003px;\" data-original-width=\"499\" data-original-height=\"1003\" > <div class=\"tiled-gallery-item tiled-gallery-item-large\" itemprop=\"associatedMedia\" itemscope itemtype=\"http:\/\/schema.org\/ImageObject\"> <a href=\"https:\/\/www.light-style.eu\/Blog\/photokina-16-setzen-6\/koeln-2016-341-bearbeitet\/#main\" border=\"0\" itemprop=\"url\"> <meta itemprop=\"width\" content=\"495\"> <meta itemprop=\"height\" content=\"331\"> <img decoding=\"async\" class=\"\" data-attachment-id=\"2442\" data-orig-file=\"https:\/\/www.light-style.eu\/Blog\/wp-content\/uploads\/2016\/09\/K\u00f6ln-2016-341-Bearbeitet.jpg\" data-orig-size=\"1000,667\" data-comments-opened=\"1\" data-image-meta=\"{&quot;aperture&quot;:&quot;0&quot;,&quot;credit&quot;:&quot;Andi M\\u00f6ller&quot;,&quot;camera&quot;:&quot;&quot;,&quot;caption&quot;:&quot;&quot;,&quot;created_timestamp&quot;:&quot;0&quot;,&quot;copyright&quot;:&quot;photostudio Light-Style&quot;,&quot;focal_length&quot;:&quot;0&quot;,&quot;iso&quot;:&quot;0&quot;,&quot;shutter_speed&quot;:&quot;0&quot;,&quot;title&quot;:&quot;&quot;,&quot;orientation&quot;:&quot;0&quot;}\" data-image-title=\"koeln-2016-341-bearbeitet\" data-image-description=\"\" data-medium-file=\"https:\/\/i0.wp.com\/www.light-style.eu\/Blog\/wp-content\/uploads\/2016\/09\/K%C3%B6ln-2016-341-Bearbeitet.jpg?fit=600%2C400&#038;ssl=1\" data-large-file=\"https:\/\/i0.wp.com\/www.light-style.eu\/Blog\/wp-content\/uploads\/2016\/09\/K%C3%B6ln-2016-341-Bearbeitet.jpg?fit=1000%2C667&#038;ssl=1\" src=\"https:\/\/i0.wp.com\/www.light-style.eu\/Blog\/wp-content\/uploads\/2016\/09\/K%C3%B6ln-2016-341-Bearbeitet.jpg?w=495&#038;h=331&#038;ssl=1\" width=\"495\" height=\"331\" loading=\"lazy\" data-original-width=\"495\" data-original-height=\"331\" itemprop=\"http:\/\/schema.org\/image\" title=\"koeln-2016-341-bearbeitet\" alt=\"koeln-2016-341-bearbeitet\" style=\"width: 495px; height: 331px;\" \/> <\/a> <\/div> <div class=\"tiled-gallery-item tiled-gallery-item-large\" itemprop=\"associatedMedia\" itemscope itemtype=\"http:\/\/schema.org\/ImageObject\"> <a href=\"https:\/\/www.light-style.eu\/Blog\/photokina-16-setzen-6\/koeln-2016-236-bearbeitet\/#main\" border=\"0\" itemprop=\"url\"> <meta itemprop=\"width\" content=\"495\"> <meta itemprop=\"height\" content=\"330\"> <img decoding=\"async\" class=\"\" data-attachment-id=\"2441\" data-orig-file=\"https:\/\/www.light-style.eu\/Blog\/wp-content\/uploads\/2016\/09\/K\u00f6ln-2016-236-Bearbeitet.jpg\" data-orig-size=\"1000,667\" data-comments-opened=\"1\" data-image-meta=\"{&quot;aperture&quot;:&quot;0&quot;,&quot;credit&quot;:&quot;Andi M\\u00f6ller&quot;,&quot;camera&quot;:&quot;&quot;,&quot;caption&quot;:&quot;&quot;,&quot;created_timestamp&quot;:&quot;0&quot;,&quot;copyright&quot;:&quot;photostudio Light-Style&quot;,&quot;focal_length&quot;:&quot;0&quot;,&quot;iso&quot;:&quot;0&quot;,&quot;shutter_speed&quot;:&quot;0&quot;,&quot;title&quot;:&quot;&quot;,&quot;orientation&quot;:&quot;0&quot;}\" data-image-title=\"koeln-2016-236-bearbeitet\" data-image-description=\"\" data-medium-file=\"https:\/\/i0.wp.com\/www.light-style.eu\/Blog\/wp-content\/uploads\/2016\/09\/K%C3%B6ln-2016-236-Bearbeitet.jpg?fit=600%2C400&#038;ssl=1\" data-large-file=\"https:\/\/i0.wp.com\/www.light-style.eu\/Blog\/wp-content\/uploads\/2016\/09\/K%C3%B6ln-2016-236-Bearbeitet.jpg?fit=1000%2C667&#038;ssl=1\" src=\"https:\/\/i0.wp.com\/www.light-style.eu\/Blog\/wp-content\/uploads\/2016\/09\/K%C3%B6ln-2016-236-Bearbeitet.jpg?w=495&#038;h=330&#038;ssl=1\" width=\"495\" height=\"330\" loading=\"lazy\" data-original-width=\"495\" data-original-height=\"330\" itemprop=\"http:\/\/schema.org\/image\" title=\"koeln-2016-236-bearbeitet\" alt=\"koeln-2016-236-bearbeitet\" style=\"width: 495px; height: 330px;\" \/> <\/a> <\/div> <div class=\"tiled-gallery-item tiled-gallery-item-large\" itemprop=\"associatedMedia\" itemscope itemtype=\"http:\/\/schema.org\/ImageObject\"> <a href=\"https:\/\/www.light-style.eu\/Blog\/photokina-16-setzen-6\/koeln-2016-175-bearbeitet\/#main\" border=\"0\" itemprop=\"url\"> <meta itemprop=\"width\" content=\"495\"> <meta itemprop=\"height\" content=\"330\"> <img decoding=\"async\" class=\"\" data-attachment-id=\"2440\" data-orig-file=\"https:\/\/www.light-style.eu\/Blog\/wp-content\/uploads\/2016\/09\/K\u00f6ln-2016-175-Bearbeitet.jpg\" data-orig-size=\"1000,667\" data-comments-opened=\"1\" data-image-meta=\"{&quot;aperture&quot;:&quot;0&quot;,&quot;credit&quot;:&quot;Andi M\\u00f6ller&quot;,&quot;camera&quot;:&quot;&quot;,&quot;caption&quot;:&quot;&quot;,&quot;created_timestamp&quot;:&quot;0&quot;,&quot;copyright&quot;:&quot;photostudio Light-Style&quot;,&quot;focal_length&quot;:&quot;0&quot;,&quot;iso&quot;:&quot;0&quot;,&quot;shutter_speed&quot;:&quot;0&quot;,&quot;title&quot;:&quot;&quot;,&quot;orientation&quot;:&quot;0&quot;}\" data-image-title=\"koeln-2016-175-bearbeitet\" data-image-description=\"\" data-medium-file=\"https:\/\/i0.wp.com\/www.light-style.eu\/Blog\/wp-content\/uploads\/2016\/09\/K%C3%B6ln-2016-175-Bearbeitet.jpg?fit=600%2C400&#038;ssl=1\" data-large-file=\"https:\/\/i0.wp.com\/www.light-style.eu\/Blog\/wp-content\/uploads\/2016\/09\/K%C3%B6ln-2016-175-Bearbeitet.jpg?fit=1000%2C667&#038;ssl=1\" src=\"https:\/\/i0.wp.com\/www.light-style.eu\/Blog\/wp-content\/uploads\/2016\/09\/K%C3%B6ln-2016-175-Bearbeitet.jpg?w=495&#038;h=330&#038;ssl=1\" width=\"495\" height=\"330\" loading=\"lazy\" data-original-width=\"495\" data-original-height=\"330\" itemprop=\"http:\/\/schema.org\/image\" title=\"koeln-2016-175-bearbeitet\" alt=\"koeln\" style=\"width: 495px; height: 330px;\" \/> <\/a> <\/div> <\/div> <!-- close group --> <div class=\"gallery-group images-1\" style=\"width: 671px; height: 1003px;\" data-original-width=\"671\" data-original-height=\"1003\" > <div class=\"tiled-gallery-item tiled-gallery-item-large\" itemprop=\"associatedMedia\" itemscope itemtype=\"http:\/\/schema.org\/ImageObject\"> <a href=\"https:\/\/www.light-style.eu\/Blog\/photokina-16-setzen-6\/koeln-2016-43-bearbeitet\/#main\" border=\"0\" itemprop=\"url\"> <meta itemprop=\"width\" content=\"667\"> <meta itemprop=\"height\" content=\"999\"> <img decoding=\"async\" class=\"\" data-attachment-id=\"2487\" data-orig-file=\"https:\/\/www.light-style.eu\/Blog\/wp-content\/uploads\/2016\/09\/K\u00f6ln-2016-43-Bearbeitet.jpg\" data-orig-size=\"667,1000\" data-comments-opened=\"1\" data-image-meta=\"{&quot;aperture&quot;:&quot;0&quot;,&quot;credit&quot;:&quot;Andi M\\u00f6ller&quot;,&quot;camera&quot;:&quot;&quot;,&quot;caption&quot;:&quot;&quot;,&quot;created_timestamp&quot;:&quot;0&quot;,&quot;copyright&quot;:&quot;photostudio Light-Style&quot;,&quot;focal_length&quot;:&quot;0&quot;,&quot;iso&quot;:&quot;0&quot;,&quot;shutter_speed&quot;:&quot;0&quot;,&quot;title&quot;:&quot;&quot;,&quot;orientation&quot;:&quot;0&quot;}\" data-image-title=\"koeln-2016-43-bearbeitet\" data-image-description=\"\" data-medium-file=\"https:\/\/i0.wp.com\/www.light-style.eu\/Blog\/wp-content\/uploads\/2016\/09\/K%C3%B6ln-2016-43-Bearbeitet.jpg?fit=400%2C600&#038;ssl=1\" data-large-file=\"https:\/\/i0.wp.com\/www.light-style.eu\/Blog\/wp-content\/uploads\/2016\/09\/K%C3%B6ln-2016-43-Bearbeitet.jpg?fit=667%2C1000&#038;ssl=1\" src=\"https:\/\/i0.wp.com\/www.light-style.eu\/Blog\/wp-content\/uploads\/2016\/09\/K%C3%B6ln-2016-43-Bearbeitet.jpg?w=667&#038;h=999&#038;ssl=1\" width=\"667\" height=\"999\" loading=\"lazy\" data-original-width=\"667\" data-original-height=\"999\" itemprop=\"http:\/\/schema.org\/image\" title=\"koeln-2016-43-bearbeitet\" alt=\"koeln-2016-43-bearbeitet\" style=\"width: 667px; height: 999px;\" \/> <\/a> <\/div> <\/div> <!-- close group --> <\/div> <!-- close row --> <div class=\"gallery-row\" style=\"width: 1170px; height: 413px;\" data-original-width=\"1170\" data-original-height=\"413\" > <div class=\"gallery-group images-1\" style=\"width: 617px; height: 413px;\" data-original-width=\"617\" data-original-height=\"413\" > <div class=\"tiled-gallery-item tiled-gallery-item-large\" itemprop=\"associatedMedia\" itemscope itemtype=\"http:\/\/schema.org\/ImageObject\"> <a href=\"https:\/\/www.light-style.eu\/Blog\/photokina-16-setzen-6\/koeln-2016-16-bearbeitet\/#main\" border=\"0\" itemprop=\"url\"> <meta itemprop=\"width\" content=\"613\"> <meta itemprop=\"height\" content=\"409\"> <img decoding=\"async\" class=\"\" data-attachment-id=\"2486\" data-orig-file=\"https:\/\/www.light-style.eu\/Blog\/wp-content\/uploads\/2016\/09\/K\u00f6ln-2016-16-Bearbeitet.jpg\" data-orig-size=\"1000,667\" data-comments-opened=\"1\" data-image-meta=\"{&quot;aperture&quot;:&quot;0&quot;,&quot;credit&quot;:&quot;Andi M\\u00f6ller&quot;,&quot;camera&quot;:&quot;&quot;,&quot;caption&quot;:&quot;&quot;,&quot;created_timestamp&quot;:&quot;0&quot;,&quot;copyright&quot;:&quot;photostudio Light-Style&quot;,&quot;focal_length&quot;:&quot;0&quot;,&quot;iso&quot;:&quot;0&quot;,&quot;shutter_speed&quot;:&quot;0&quot;,&quot;title&quot;:&quot;&quot;,&quot;orientation&quot;:&quot;0&quot;}\" data-image-title=\"koeln-2016-16-bearbeitet\" data-image-description=\"\" data-medium-file=\"https:\/\/i0.wp.com\/www.light-style.eu\/Blog\/wp-content\/uploads\/2016\/09\/K%C3%B6ln-2016-16-Bearbeitet.jpg?fit=600%2C400&#038;ssl=1\" data-large-file=\"https:\/\/i0.wp.com\/www.light-style.eu\/Blog\/wp-content\/uploads\/2016\/09\/K%C3%B6ln-2016-16-Bearbeitet.jpg?fit=1000%2C667&#038;ssl=1\" src=\"https:\/\/i0.wp.com\/www.light-style.eu\/Blog\/wp-content\/uploads\/2016\/09\/K%C3%B6ln-2016-16-Bearbeitet.jpg?w=613&#038;h=409&#038;ssl=1\" width=\"613\" height=\"409\" loading=\"lazy\" data-original-width=\"613\" data-original-height=\"409\" itemprop=\"http:\/\/schema.org\/image\" title=\"koeln-2016-16-bearbeitet\" alt=\"koeln-2016-16-bearbeitet\" style=\"width: 613px; height: 409px;\" \/> <\/a> <\/div> <\/div> <!-- close group --> <div class=\"gallery-group images-1\" style=\"width: 277px; height: 413px;\" data-original-width=\"277\" data-original-height=\"413\" > <div class=\"tiled-gallery-item tiled-gallery-item-large\" itemprop=\"associatedMedia\" itemscope itemtype=\"http:\/\/schema.org\/ImageObject\"> <a href=\"https:\/\/www.light-style.eu\/Blog\/photokina-16-setzen-6\/koeln-2016-387-bearbeitet\/#main\" border=\"0\" itemprop=\"url\"> <meta itemprop=\"width\" content=\"273\"> <meta itemprop=\"height\" content=\"409\"> <img decoding=\"async\" class=\"\" data-attachment-id=\"2484\" data-orig-file=\"https:\/\/www.light-style.eu\/Blog\/wp-content\/uploads\/2016\/09\/K\u00f6ln-2016-387-Bearbeitet.jpg\" data-orig-size=\"667,1000\" data-comments-opened=\"1\" data-image-meta=\"{&quot;aperture&quot;:&quot;0&quot;,&quot;credit&quot;:&quot;Andi M\\u00f6ller&quot;,&quot;camera&quot;:&quot;&quot;,&quot;caption&quot;:&quot;&quot;,&quot;created_timestamp&quot;:&quot;0&quot;,&quot;copyright&quot;:&quot;photostudio Light-Style&quot;,&quot;focal_length&quot;:&quot;0&quot;,&quot;iso&quot;:&quot;0&quot;,&quot;shutter_speed&quot;:&quot;0&quot;,&quot;title&quot;:&quot;&quot;,&quot;orientation&quot;:&quot;0&quot;}\" data-image-title=\"koeln-2016-387-bearbeitet\" data-image-description=\"\" data-medium-file=\"https:\/\/i0.wp.com\/www.light-style.eu\/Blog\/wp-content\/uploads\/2016\/09\/K%C3%B6ln-2016-387-Bearbeitet.jpg?fit=400%2C600&#038;ssl=1\" data-large-file=\"https:\/\/i0.wp.com\/www.light-style.eu\/Blog\/wp-content\/uploads\/2016\/09\/K%C3%B6ln-2016-387-Bearbeitet.jpg?fit=667%2C1000&#038;ssl=1\" src=\"https:\/\/i0.wp.com\/www.light-style.eu\/Blog\/wp-content\/uploads\/2016\/09\/K%C3%B6ln-2016-387-Bearbeitet.jpg?w=273&#038;h=409&#038;ssl=1\" width=\"273\" height=\"409\" loading=\"lazy\" data-original-width=\"273\" data-original-height=\"409\" itemprop=\"http:\/\/schema.org\/image\" title=\"koeln-2016-387-bearbeitet\" alt=\"koeln-2016-387-bearbeitet\" style=\"width: 273px; height: 409px;\" \/> <\/a> <\/div> <\/div> <!-- close group --> <div class=\"gallery-group images-1\" style=\"width: 276px; height: 413px;\" data-original-width=\"276\" data-original-height=\"413\" > <div class=\"tiled-gallery-item tiled-gallery-item-large\" itemprop=\"associatedMedia\" itemscope itemtype=\"http:\/\/schema.org\/ImageObject\"> <a href=\"https:\/\/www.light-style.eu\/Blog\/photokina-16-setzen-6\/koeln-2016-113-bearbeitet\/#main\" border=\"0\" itemprop=\"url\"> <meta itemprop=\"width\" content=\"272\"> <meta itemprop=\"height\" content=\"409\"> <img decoding=\"async\" class=\"\" data-attachment-id=\"2482\" data-orig-file=\"https:\/\/www.light-style.eu\/Blog\/wp-content\/uploads\/2016\/09\/K\u00f6ln-2016-113-Bearbeitet.jpg\" data-orig-size=\"667,1000\" data-comments-opened=\"1\" data-image-meta=\"{&quot;aperture&quot;:&quot;0&quot;,&quot;credit&quot;:&quot;Andi M\\u00f6ller&quot;,&quot;camera&quot;:&quot;&quot;,&quot;caption&quot;:&quot;&quot;,&quot;created_timestamp&quot;:&quot;0&quot;,&quot;copyright&quot;:&quot;photostudio Light-Style&quot;,&quot;focal_length&quot;:&quot;0&quot;,&quot;iso&quot;:&quot;0&quot;,&quot;shutter_speed&quot;:&quot;0&quot;,&quot;title&quot;:&quot;&quot;,&quot;orientation&quot;:&quot;0&quot;}\" data-image-title=\"koeln-2016-113-bearbeitet\" data-image-description=\"\" data-medium-file=\"https:\/\/i0.wp.com\/www.light-style.eu\/Blog\/wp-content\/uploads\/2016\/09\/K%C3%B6ln-2016-113-Bearbeitet.jpg?fit=400%2C600&#038;ssl=1\" data-large-file=\"https:\/\/i0.wp.com\/www.light-style.eu\/Blog\/wp-content\/uploads\/2016\/09\/K%C3%B6ln-2016-113-Bearbeitet.jpg?fit=667%2C1000&#038;ssl=1\" src=\"https:\/\/i0.wp.com\/www.light-style.eu\/Blog\/wp-content\/uploads\/2016\/09\/K%C3%B6ln-2016-113-Bearbeitet.jpg?w=272&#038;h=409&#038;ssl=1\" width=\"272\" height=\"409\" loading=\"lazy\" data-original-width=\"272\" data-original-height=\"409\" itemprop=\"http:\/\/schema.org\/image\" title=\"koeln-2016-113-bearbeitet\" alt=\"Das sind keine Sterne sondern die K\u00f6lner Tauben\" style=\"width: 272px; height: 409px;\" \/> <\/a> <div class=\"tiled-gallery-caption\" itemprop=\"caption description\"> Das sind keine Sterne sondern die K\u00f6lner Tauben <\/div> <\/div> <\/div> <!-- close group --> <\/div> <!-- close row --> <\/div>\n<p><em>Ich k\u00f6nnte vom Jazzkeller noch stundenlang schw\u00e4rmen , von den Leuten da, der Stimmung, der Musik, aber dann schlaft Ihr noch vor dem Bildschirm ein. Geht einfach mal hin und lasst Euch mitrei\u00dfen. Die Photokina wird uns vorerst nicht wiedersehen, aber Papa Joe`s Localit\u00e4ten halten wir die Treue, und werden extra daf\u00fcr nach K\u00f6ln kommen. Dieses Mal waren es englische Fotografen, und ein sehr symphatisches P\u00e4rchen aus Mexiko welche wir kennen lernen d\u00fcrften. Dazu doch einige die wir aus den letzten Jahren kannten. es hat wieder einfach nur Spa\u00df gemacht, <strong>Vielen Dank Papa Joe, RIP.<\/strong> ( Vollblutmusiker Papa Joe selbst, ist im letzten November im Alter von 90 Jahren verstorben, wie wir leider h\u00f6ren mussten, aber wir bekamen noch ein Foto von ihm, Dank an Toni. ) Und es freut mich, dass seine S\u00f6hne die Lokale in seinem Sinne weiter f\u00fchren. Um Euch einen kleinen Eindruck zu geben, sind hier nat\u00fcrlich die Fotos.<\/em><\/p>\n<p><em>Fazit: Photokina ist (vermutlich) tot, es lebe K\u00f6ln und Papa Joe`s Kneipen \ud83d\ude09<\/em><\/p>\n<p><em>Euer Andi<\/em><\/p>\n<p><a href=\"https:\/\/www.youtube.com\/watch?v=SIMgDuWW3Bw\" target=\"_blank\" rel=\"noopener\">Hier noch ein amateurhafter Video Ausschnitt \ud83d\ude09\u00a0von meinem Handy aus papa jo`s jazzkeller <\/a><\/p>\n<p><span class=\"embed-youtube\" style=\"text-align:center; display: block;\"><iframe loading=\"lazy\" class=\"youtube-player\" width=\"1170\" height=\"659\" src=\"https:\/\/www.youtube.com\/embed\/SIMgDuWW3Bw?version=3&#038;rel=1&#038;showsearch=0&#038;showinfo=1&#038;iv_load_policy=1&#038;fs=1&#038;hl=de-DE&#038;autohide=2&#038;wmode=transparent\" allowfullscreen=\"true\" style=\"border:0;\" sandbox=\"allow-scripts allow-same-origin allow-popups allow-presentation allow-popups-to-escape-sandbox\"><\/iframe><\/span><\/p>\n<p>&nbsp;<\/p>\n<div style='text-align:center' class='yasr-auto-insert-visitor'><!--Yasr Visitor Votes Shortcode--><div id='yasr_visitor_votes_fdd5f19cc60a5' class='yasr-visitor-votes'><div class=\"yasr-custom-text-vv-before yasr-custom-text-vv-before-2427\">Hat es Dir gefallen?<\/div><div id='yasr-vv-second-row-container-fdd5f19cc60a5'\r\n                                        class='yasr-vv-second-row-container'><div id='yasr-visitor-votes-rater-fdd5f19cc60a5'\r\n                                      class='yasr-rater-stars-vv'\r\n                                      data-rater-postid='2427'\r\n                                      data-rating='0'\r\n                                      data-rater-starsize='32'\r\n                                      data-rater-readonly='false'\r\n                                      data-rater-nonce='7d6830009e'\r\n                                      data-issingular='false'\r\n                                    ><\/div><div class=\"yasr-vv-stats-text-container\" id=\"yasr-vv-stats-text-container-fdd5f19cc60a5\"><span id=\"yasr-vv-text-container-fdd5f19cc60a5\" class=\"yasr-vv-text-container\">[Total: <span id=\"yasr-vv-votes-number-container-fdd5f19cc60a5\">0<\/span> Average: <span id=\"yasr-vv-average-container-fdd5f19cc60a5\">0<\/span>]<\/span><\/div><div id='yasr-vv-loader-fdd5f19cc60a5' class='yasr-vv-container-loader'><\/div><\/div><div id='yasr-vv-bottom-container-fdd5f19cc60a5'\r\n                              class='yasr-vv-bottom-container'\r\n                              style='display:none'><\/div><\/div><!--End Yasr Visitor Votes Shortcode--><\/div>","protected":false},"excerpt":{"rendered":"<p>Photokina 2016 &#8230; Thema verfehlt&#8230;Offene Worte Moin moin, fast frisch zur\u00fcck aus K\u00f6ln, wo\u00a0Michael &amp;\u00a0ich\u00a0ja seit 10 Jahren uns regelm\u00e4\u00dfig auf der Fotomesse Photokina rumtreiben. Diesmal war es gelinde gesagt f\u00fcr den A&#8230; \u00e4hm, den Hintern \ud83d\ude09 . Aber zumindest K\u00f6ln war wieder klasse \ud83d\ude09 Grundton der Photokina 2016 : Kauf Dir nen Handy, lern<span class=\"post-excerpt-end\">&hellip;<\/span><\/p>\n<p class=\"more-link\"><a href=\"https:\/\/www.light-style.eu\/Blog\/photokina-16-setzen-6\/\" class=\"themebutton\">Read More<\/a><\/p>\n","protected":false},"author":2,"featured_media":2441,"comment_status":"open","ping_status":"open","sticky":false,"template":"","format":"status","meta":{"jetpack_post_was_ever_published":false,"yasr_overall_rating":0,"yasr_post_is_review":"","yasr_auto_insert_disabled":"","yasr_review_type":"","_jetpack_newsletter_access":"","_jetpack_dont_email_post_to_subs":true,"_jetpack_newsletter_tier_id":0,"_jetpack_memberships_contains_paywalled_content":false,"_jetpack_memberships_contains_paid_content":false,"footnotes":"","jetpack_publicize_message":"","jetpack_publicize_feature_enabled":true,"jetpack_social_post_already_shared":true,"jetpack_social_options":{"image_generator_settings":{"template":"highway","default_image_id":0,"font":"","enabled":false},"version":2}},"categories":[49,305,1,48,92,46,91,39],"tags":[150,54,42,44,22,20,50,36,38],"class_list":["post-2427","post","type-post","status-publish","format-status","has-post-thumbnail","hentry","category-abseits-des-alltags","category-alles","category-allgemein","category-naturfotos","category-offene-worte","category-outdoor","category-persoenliche-meinung","category-service-fuer-fotografen","tag-deutschlands-schoene-seiten","tag-die-geschichte-hinter-den-fotos","tag-ein-tag-im-leben-eines-fotografens","tag-emfehlenswerter-tip-fuer-kollegen","tag-hintergrund","tag-infos","tag-naturfotos","tag-outdoor","tag-tips","post_format-post-format-status"],"yasr_visitor_votes":{"stars_attributes":{"read_only":false,"span_bottom":false},"number_of_votes":0,"sum_votes":0},"jetpack_publicize_connections":[],"jetpack_featured_media_url":"https:\/\/i0.wp.com\/www.light-style.eu\/Blog\/wp-content\/uploads\/2016\/09\/K%C3%B6ln-2016-236-Bearbeitet.jpg?fit=1000%2C667&ssl=1","jetpack_sharing_enabled":true,"jetpack_shortlink":"https:\/\/wp.me\/p4Ojrv-D9","jetpack-related-posts":[{"id":2417,"url":"https:\/\/www.light-style.eu\/Blog\/canons-spritzwasserschutz-seine-tuecken\/","url_meta":{"origin":2427,"position":0},"title":"Canons Spritzwasserschutz &#038; seine T\u00fccken","author":"Andi M\u00f6ller","date":"21. September 2016","format":"status","excerpt":"Moin, ich hatte Euch ja bei den Fotos aus der Toskana auch dieses Foto gezeigt und erw\u00e4hnt, dass ich dazu noch etwas anmerken wollte. Es geht um Canons angepriesenen Spritzwasserschutz. Wie manche von Euch wissen, ist ja eine meine Kameras die 5D MK II inkl. dem Batteriegriff BG-E6 von Canon.\u2026","rel":"","context":"In &quot;Alles&quot;","block_context":{"text":"Alles","link":"https:\/\/www.light-style.eu\/Blog\/category\/alles\/"},"img":{"alt_text":"","src":"https:\/\/i0.wp.com\/www.light-style.eu\/Blog\/wp-content\/uploads\/2016\/09\/batteriegriff-1.jpg?fit=900%2C1200&ssl=1&resize=350%2C200","width":350,"height":200,"srcset":"https:\/\/i0.wp.com\/www.light-style.eu\/Blog\/wp-content\/uploads\/2016\/09\/batteriegriff-1.jpg?fit=900%2C1200&ssl=1&resize=350%2C200 1x, https:\/\/i0.wp.com\/www.light-style.eu\/Blog\/wp-content\/uploads\/2016\/09\/batteriegriff-1.jpg?fit=900%2C1200&ssl=1&resize=525%2C300 1.5x, https:\/\/i0.wp.com\/www.light-style.eu\/Blog\/wp-content\/uploads\/2016\/09\/batteriegriff-1.jpg?fit=900%2C1200&ssl=1&resize=700%2C400 2x"},"classes":[]},{"id":518,"url":"https:\/\/www.light-style.eu\/Blog\/koelle-wir-kommen\/","url_meta":{"origin":2427,"position":1},"title":"K\u00f6lle &#8211; wir kommen","author":"Andi M\u00f6ller","date":"19. September 2014","format":"status","excerpt":"So meine lieben, es ist soweit die Fotomesse Photokina steht mal wieder an. Werde mich also die n\u00e4chsten 3 tage in K\u00f6lln aufhalten und mal schauen was es so neues in Sachen Fotografie, Hochzeitsb\u00fccher und ..und... und... gibt. Na und by the way hat K\u00f6lln ja auch eine sagenhafte Kneipenkultur\u2026","rel":"","context":"In &quot;Allgemein&quot;","block_context":{"text":"Allgemein","link":"https:\/\/www.light-style.eu\/Blog\/category\/allgemein\/"},"img":{"alt_text":"","src":"https:\/\/i0.wp.com\/www.light-style.eu\/Blog\/wp-content\/uploads\/2014\/09\/IMG_0031.jpg?fit=500%2C333&ssl=1&resize=350%2C200","width":350,"height":200},"classes":[]},{"id":2734,"url":"https:\/\/www.light-style.eu\/Blog\/altes-zum-leben-erweckt\/","url_meta":{"origin":2427,"position":2},"title":"Altes zum Leben erweckt","author":"Andi M\u00f6ller","date":"2. Mai 2017","format":false,"excerpt":"Moin moin, Am langen Wochenende hab ich mir mal meinen kleinen Sohn als Assistenten geschnappt ( ja ich wei\u00df Kinderarbeit ist verboten ;-)\u00a0 ) und eine Idee umgesetzt die sich mir im Winter offenbart hatte ;-) Mal etwas abseits von Models und lebenden Objekten ;-) es ging diesmal etwas heimatverbundener\u2026","rel":"","context":"In &quot;abseits des Alltags&quot;","block_context":{"text":"abseits des Alltags","link":"https:\/\/www.light-style.eu\/Blog\/category\/abseits-des-alltags\/"},"img":{"alt_text":"","src":"https:\/\/i0.wp.com\/www.light-style.eu\/Blog\/wp-content\/uploads\/2017\/05\/Rodenbacher-Klosterruine-109.jpg?fit=1200%2C800&ssl=1&resize=350%2C200","width":350,"height":200,"srcset":"https:\/\/i0.wp.com\/www.light-style.eu\/Blog\/wp-content\/uploads\/2017\/05\/Rodenbacher-Klosterruine-109.jpg?fit=1200%2C800&ssl=1&resize=350%2C200 1x, https:\/\/i0.wp.com\/www.light-style.eu\/Blog\/wp-content\/uploads\/2017\/05\/Rodenbacher-Klosterruine-109.jpg?fit=1200%2C800&ssl=1&resize=525%2C300 1.5x, https:\/\/i0.wp.com\/www.light-style.eu\/Blog\/wp-content\/uploads\/2017\/05\/Rodenbacher-Klosterruine-109.jpg?fit=1200%2C800&ssl=1&resize=700%2C400 2x, https:\/\/i0.wp.com\/www.light-style.eu\/Blog\/wp-content\/uploads\/2017\/05\/Rodenbacher-Klosterruine-109.jpg?fit=1200%2C800&ssl=1&resize=1050%2C600 3x"},"classes":[]},{"id":3721,"url":"https:\/\/www.light-style.eu\/Blog\/saechsische-schweiz-traumhafte-natur\/","url_meta":{"origin":2427,"position":3},"title":"s\u00e4chsische Schweiz &#8211; traumhafte Natur","author":"Andi M\u00f6ller","date":"11. Oktober 2018","format":"status","excerpt":"Moin moin, ich habs Euch na schon lange versprochen und nun wird es endlich wahr. Habs endlich geschafft die restlichen Fotos von unserer diesj\u00e4hrigen Fototour fertig zu machen. Versprochen das sind dann auch die letzten Naturfotos f\u00fcr dieses Jahr ;-) Oft hatte ich von der traumhaften Landschaft der s\u00e4chsischen Schweiz\u2026","rel":"","context":"In &quot;Alles&quot;","block_context":{"text":"Alles","link":"https:\/\/www.light-style.eu\/Blog\/category\/alles\/"},"img":{"alt_text":"","src":"https:\/\/i0.wp.com\/www.light-style.eu\/Blog\/wp-content\/uploads\/2018\/10\/s%C3%A4chsische-Schweiz-Bastei-2018-784.jpg?fit=1200%2C800&ssl=1&resize=350%2C200","width":350,"height":200,"srcset":"https:\/\/i0.wp.com\/www.light-style.eu\/Blog\/wp-content\/uploads\/2018\/10\/s%C3%A4chsische-Schweiz-Bastei-2018-784.jpg?fit=1200%2C800&ssl=1&resize=350%2C200 1x, https:\/\/i0.wp.com\/www.light-style.eu\/Blog\/wp-content\/uploads\/2018\/10\/s%C3%A4chsische-Schweiz-Bastei-2018-784.jpg?fit=1200%2C800&ssl=1&resize=525%2C300 1.5x, https:\/\/i0.wp.com\/www.light-style.eu\/Blog\/wp-content\/uploads\/2018\/10\/s%C3%A4chsische-Schweiz-Bastei-2018-784.jpg?fit=1200%2C800&ssl=1&resize=700%2C400 2x, https:\/\/i0.wp.com\/www.light-style.eu\/Blog\/wp-content\/uploads\/2018\/10\/s%C3%A4chsische-Schweiz-Bastei-2018-784.jpg?fit=1200%2C800&ssl=1&resize=1050%2C600 3x"},"classes":[]},{"id":6146,"url":"https:\/\/www.light-style.eu\/Blog\/so-schoen-ist-deutschland\/","url_meta":{"origin":2427,"position":4},"title":"So sch\u00f6n ist Deutschland","author":"Andi M\u00f6ller","date":"8. Oktober 2021","format":false,"excerpt":"Moin, moin, wir haben es wieder getan und uns in der wilden Natur unseres sch\u00f6nen Landes herumgetrieben. Ich hab ja schon den ein oder anderen Blog zu diesem Thema geschrieben, und es stimmt wirklich. Ok ohne ahnungslose Politiker w\u00e4re es traumhaft hier, aber das ist ein anderes Thema Vor 3\u2026","rel":"","context":"In &quot;abseits des Alltags&quot;","block_context":{"text":"abseits des Alltags","link":"https:\/\/www.light-style.eu\/Blog\/category\/abseits-des-alltags\/"},"img":{"alt_text":"","src":"https:\/\/i0.wp.com\/www.light-style.eu\/Blog\/wp-content\/uploads\/2021\/10\/Elbsandsteingebirge-2589-1.jpg?fit=1200%2C800&ssl=1&resize=350%2C200","width":350,"height":200,"srcset":"https:\/\/i0.wp.com\/www.light-style.eu\/Blog\/wp-content\/uploads\/2021\/10\/Elbsandsteingebirge-2589-1.jpg?fit=1200%2C800&ssl=1&resize=350%2C200 1x, https:\/\/i0.wp.com\/www.light-style.eu\/Blog\/wp-content\/uploads\/2021\/10\/Elbsandsteingebirge-2589-1.jpg?fit=1200%2C800&ssl=1&resize=525%2C300 1.5x, https:\/\/i0.wp.com\/www.light-style.eu\/Blog\/wp-content\/uploads\/2021\/10\/Elbsandsteingebirge-2589-1.jpg?fit=1200%2C800&ssl=1&resize=700%2C400 2x, https:\/\/i0.wp.com\/www.light-style.eu\/Blog\/wp-content\/uploads\/2021\/10\/Elbsandsteingebirge-2589-1.jpg?fit=1200%2C800&ssl=1&resize=1050%2C600 3x"},"classes":[]},{"id":6280,"url":"https:\/\/www.light-style.eu\/Blog\/its-my-way-meine-vernissage\/","url_meta":{"origin":2427,"position":5},"title":"It`s My Way &#8211; meine Vernissage","author":"Andi M\u00f6ller","date":"13. Oktober 2021","format":false,"excerpt":"Moin moin, es ist so weit, n\u00e4chste Woche wird ein Traum wahr. Ein Traum, den glaube ich, jeder K\u00fcnstler tr\u00e4umt. Ich habe meine erste gro\u00dfe Fotoausstellung mit stilvoller Vernissage. Das Ganze in der Arte Classica Schinzel Galerie in Waldbronn bei Karlsruhe. Jetzt werden manche fragen, warum macht der Kerl das\u2026","rel":"","context":"In &quot;abseits des Alltags&quot;","block_context":{"text":"abseits des Alltags","link":"https:\/\/www.light-style.eu\/Blog\/category\/abseits-des-alltags\/"},"img":{"alt_text":"","src":"https:\/\/i0.wp.com\/www.light-style.eu\/Blog\/wp-content\/uploads\/2021\/10\/Wuestenrose-2.jpg?fit=1200%2C800&ssl=1&resize=350%2C200","width":350,"height":200,"srcset":"https:\/\/i0.wp.com\/www.light-style.eu\/Blog\/wp-content\/uploads\/2021\/10\/Wuestenrose-2.jpg?fit=1200%2C800&ssl=1&resize=350%2C200 1x, https:\/\/i0.wp.com\/www.light-style.eu\/Blog\/wp-content\/uploads\/2021\/10\/Wuestenrose-2.jpg?fit=1200%2C800&ssl=1&resize=525%2C300 1.5x, https:\/\/i0.wp.com\/www.light-style.eu\/Blog\/wp-content\/uploads\/2021\/10\/Wuestenrose-2.jpg?fit=1200%2C800&ssl=1&resize=700%2C400 2x, https:\/\/i0.wp.com\/www.light-style.eu\/Blog\/wp-content\/uploads\/2021\/10\/Wuestenrose-2.jpg?fit=1200%2C800&ssl=1&resize=1050%2C600 3x"},"classes":[]}],"_links":{"self":[{"href":"https:\/\/www.light-style.eu\/Blog\/wp-json\/wp\/v2\/posts\/2427","targetHints":{"allow":["GET"]}}],"collection":[{"href":"https:\/\/www.light-style.eu\/Blog\/wp-json\/wp\/v2\/posts"}],"about":[{"href":"https:\/\/www.light-style.eu\/Blog\/wp-json\/wp\/v2\/types\/post"}],"author":[{"embeddable":true,"href":"https:\/\/www.light-style.eu\/Blog\/wp-json\/wp\/v2\/users\/2"}],"replies":[{"embeddable":true,"href":"https:\/\/www.light-style.eu\/Blog\/wp-json\/wp\/v2\/comments?post=2427"}],"version-history":[{"count":0,"href":"https:\/\/www.light-style.eu\/Blog\/wp-json\/wp\/v2\/posts\/2427\/revisions"}],"wp:featuredmedia":[{"embeddable":true,"href":"https:\/\/www.light-style.eu\/Blog\/wp-json\/wp\/v2\/media\/2441"}],"wp:attachment":[{"href":"https:\/\/www.light-style.eu\/Blog\/wp-json\/wp\/v2\/media?parent=2427"}],"wp:term":[{"taxonomy":"category","embeddable":true,"href":"https:\/\/www.light-style.eu\/Blog\/wp-json\/wp\/v2\/categories?post=2427"},{"taxonomy":"post_tag","embeddable":true,"href":"https:\/\/www.light-style.eu\/Blog\/wp-json\/wp\/v2\/tags?post=2427"}],"curies":[{"name":"wp","href":"https:\/\/api.w.org\/{rel}","templated":true}]}}