{"id":2734,"date":"2017-05-02T19:02:40","date_gmt":"2017-05-02T17:02:40","guid":{"rendered":"http:\/\/www.light-style.eu\/Blog\/?p=2734"},"modified":"2024-01-24T14:09:12","modified_gmt":"2024-01-24T13:09:12","slug":"altes-zum-leben-erweckt","status":"publish","type":"post","link":"https:\/\/www.light-style.eu\/Blog\/altes-zum-leben-erweckt\/","title":{"rendered":"Altes zum Leben erweckt"},"content":{"rendered":"<p>Moin moin,<\/p>\n<p>Am langen Wochenende hab ich mir mal meinen kleinen Sohn als Assistenten geschnappt ( ja ich wei\u00df Kinderarbeit ist verboten \ud83d\ude09\u00a0 ) und eine Idee umgesetzt die sich mir im Winter offenbart hatte \ud83d\ude09 Mal etwas abseits von Models und lebenden Objekten \ud83d\ude09 es ging diesmal etwas heimatverbundener zu . Eins aus der Serie &#8220; Zeichnen mit Licht&#8220; &#8211; Die Urbedeutung des Wortes Photo-Grafie. Ein St\u00fcck Rodenbach, das wir Alle hier kennen.<\/p>\n<p>Unsere gute alte Klosterruine zwischen Rodenbach und Wolfgang. Wenn ich mich recht entsinne, hatten die Rodenbacher Burschen im 18. Jahrhundert das Kloster nieder gerissen, angeblich weil die M\u00f6nche zu sehr den Rodenbacher M\u00e4dels nach stiegen \ud83d\ude09 Und nachdem sie sie vorher schon einmal verjagt hatten , wurde diesmal mit dem Gem\u00e4uer kurzer Prozess gemacht. Viele der Steine finden sich heute im alten Ortskern wohl wieder, wo damals Scheunen und Hofmauern\u00a0 damit saniert wurden . ( zumindest ist dies die Geschichte welche ich kenne, und sie gef\u00e4llt mir. Kennt jemand eine Andere darf er die gerne in den Kommentaren verfassen.)<\/p>\n<div id=\"attachment_2730\" style=\"width: 509px\" class=\"wp-caption aligncenter\"><a href=\"https:\/\/i0.wp.com\/www.light-style.eu\/Blog\/wp-content\/uploads\/2017\/05\/Rodenbacher-Klosterruine-54.jpg?ssl=1\"><img data-recalc-dims=\"1\" loading=\"lazy\" decoding=\"async\" aria-describedby=\"caption-attachment-2730\" data-attachment-id=\"2730\" data-permalink=\"https:\/\/www.light-style.eu\/Blog\/altes-zum-leben-erweckt\/rodenbacher-klosterruine-54\/#main\" data-orig-file=\"https:\/\/i0.wp.com\/www.light-style.eu\/Blog\/wp-content\/uploads\/2017\/05\/Rodenbacher-Klosterruine-54.jpg?fit=1200%2C800&amp;ssl=1\" data-orig-size=\"1200,800\" data-comments-opened=\"1\" data-image-meta=\"{&quot;aperture&quot;:&quot;0&quot;,&quot;credit&quot;:&quot;Andi M\\u00f6ller&quot;,&quot;camera&quot;:&quot;&quot;,&quot;caption&quot;:&quot;&quot;,&quot;created_timestamp&quot;:&quot;0&quot;,&quot;copyright&quot;:&quot;photostudio Light-Style&quot;,&quot;focal_length&quot;:&quot;0&quot;,&quot;iso&quot;:&quot;0&quot;,&quot;shutter_speed&quot;:&quot;0&quot;,&quot;title&quot;:&quot;&quot;,&quot;orientation&quot;:&quot;0&quot;}\" data-image-title=\"Rodenbacher Klosterruine-54\" data-image-description=\"\" data-image-caption=\"\" data-large-file=\"https:\/\/i0.wp.com\/www.light-style.eu\/Blog\/wp-content\/uploads\/2017\/05\/Rodenbacher-Klosterruine-54.jpg?fit=1170%2C780&amp;ssl=1\" class=\"wp-image-2730\" src=\"https:\/\/i0.wp.com\/www.light-style.eu\/Blog\/wp-content\/uploads\/2017\/05\/Rodenbacher-Klosterruine-54.jpg?resize=499%2C333&#038;ssl=1\" alt=\"\" width=\"499\" height=\"333\" srcset=\"https:\/\/i0.wp.com\/www.light-style.eu\/Blog\/wp-content\/uploads\/2017\/05\/Rodenbacher-Klosterruine-54.jpg?w=1200&amp;ssl=1 1200w, https:\/\/i0.wp.com\/www.light-style.eu\/Blog\/wp-content\/uploads\/2017\/05\/Rodenbacher-Klosterruine-54.jpg?resize=600%2C400&amp;ssl=1 600w, https:\/\/i0.wp.com\/www.light-style.eu\/Blog\/wp-content\/uploads\/2017\/05\/Rodenbacher-Klosterruine-54.jpg?resize=768%2C512&amp;ssl=1 768w\" sizes=\"auto, (max-width: 499px) 100vw, 499px\" \/><\/a><p id=\"caption-attachment-2730\" class=\"wp-caption-text\">in dieser Art schon x-mal fotografiert, daher f\u00fcr mich nicht wirklich interessant<\/p><\/div>\n<p>Dies Foto zeigt unsere Klosterruine wie sie schon xxxx-mal fotografiert wurde, wie wir sie kennen. Dies war mir aber fotografisch zu banal. Ich wollte dem alten Gem\u00e4uer wieder etwas Leben einhauchen, eine Illusion schaffen. Denn jede Fotografie ist eine Illusion, jeder Fotograf ob Profi oder Amateur nimmt eine Person, eine Landschaft etc . mit seinen eigenen Augen war und setzt dies dann auf seine Art mit der Kamera um, also eine Illusion welche er festh\u00e4lt. Diese kann nat\u00fcrlich mal mehr oder weniger authentisch sein, aber es ist und bleibt eine eigene Sichtweise, eine Illusion des Objekts der fotografischen Begierde.<\/p>\n<div id=\"attachment_2731\" style=\"width: 734px\" class=\"wp-caption aligncenter\"><a href=\"https:\/\/i0.wp.com\/www.light-style.eu\/Blog\/wp-content\/uploads\/2017\/05\/Rodenbacher-Klosterruine-109.jpg?ssl=1\"><img data-recalc-dims=\"1\" loading=\"lazy\" decoding=\"async\" aria-describedby=\"caption-attachment-2731\" data-attachment-id=\"2731\" data-permalink=\"https:\/\/www.light-style.eu\/Blog\/altes-zum-leben-erweckt\/rodenbacher-klosterruine-109\/#main\" data-orig-file=\"https:\/\/i0.wp.com\/www.light-style.eu\/Blog\/wp-content\/uploads\/2017\/05\/Rodenbacher-Klosterruine-109.jpg?fit=1200%2C800&amp;ssl=1\" data-orig-size=\"1200,800\" data-comments-opened=\"1\" data-image-meta=\"{&quot;aperture&quot;:&quot;0&quot;,&quot;credit&quot;:&quot;Andi M\\u00f6ller&quot;,&quot;camera&quot;:&quot;&quot;,&quot;caption&quot;:&quot;&quot;,&quot;created_timestamp&quot;:&quot;0&quot;,&quot;copyright&quot;:&quot;photostudio Light-Style&quot;,&quot;focal_length&quot;:&quot;0&quot;,&quot;iso&quot;:&quot;0&quot;,&quot;shutter_speed&quot;:&quot;0&quot;,&quot;title&quot;:&quot;&quot;,&quot;orientation&quot;:&quot;0&quot;}\" data-image-title=\"Rodenbacher Klosterruine-109\" data-image-description=\"\" data-image-caption=\"\" data-large-file=\"https:\/\/i0.wp.com\/www.light-style.eu\/Blog\/wp-content\/uploads\/2017\/05\/Rodenbacher-Klosterruine-109.jpg?fit=1170%2C780&amp;ssl=1\" class=\"wp-image-2731\" src=\"https:\/\/i0.wp.com\/www.light-style.eu\/Blog\/wp-content\/uploads\/2017\/05\/Rodenbacher-Klosterruine-109.jpg?resize=724%2C483&#038;ssl=1\" alt=\"\" width=\"724\" height=\"483\" srcset=\"https:\/\/i0.wp.com\/www.light-style.eu\/Blog\/wp-content\/uploads\/2017\/05\/Rodenbacher-Klosterruine-109.jpg?w=1200&amp;ssl=1 1200w, https:\/\/i0.wp.com\/www.light-style.eu\/Blog\/wp-content\/uploads\/2017\/05\/Rodenbacher-Klosterruine-109.jpg?resize=600%2C400&amp;ssl=1 600w, https:\/\/i0.wp.com\/www.light-style.eu\/Blog\/wp-content\/uploads\/2017\/05\/Rodenbacher-Klosterruine-109.jpg?resize=768%2C512&amp;ssl=1 768w\" sizes=\"auto, (max-width: 724px) 100vw, 724px\" \/><\/a><p id=\"caption-attachment-2731\" class=\"wp-caption-text\">Die von mir geschaffene Illusion, dem Alten neues Leben einhauchen ( f\u00fcr Gro\u00dfansicht aufs Bild klicken)<\/p><\/div>\n<p>Daher kam ich auch auf diese Fotoidee. Dem alten , trostlosen Gem\u00e4uer wieder etwas Leben einzuhauchen. Einen ganz kleinen Einblick in das wie es fr\u00fcher mal ausgesehen haben k\u00f6nnte. Also r\u00fcckte ich noch im Hellen mit meinem Sohn an, Kamerarucksack, Stative und LED Lampen im Gep\u00e4ck. Diese LED Strahler haben n\u00e4mlich den Vorteil, dass man die Farbtemperatur einstellen kann, und somit das warme &#8222;Zimmerlicht&#8220; genauso simulieren, wie das kalte Nachtlicht).\u00a0 Zum Gl\u00fcck nur 10 Minuten Fu\u00dfmarsch \ud83d\ude09 Im Hellen dann noch geschaut was aus welcher Richtung wohl sp\u00e4ter mit welcher Brennweite am Besten kommt. Dann hie\u00df es warten, der Himmel wollte einfach nicht dunkel werden, immerhin brauchte ich einige Sekunden Belichtungszeit um hier auch mit dem LED Strahler durch die Gegend rennen zu k\u00f6nnen. Und die entsprechenden Stellen so ausleuchten, als wenn die M\u00f6nche noch zu Hause w\u00e4ren.<\/p>\n<div id=\"attachment_2732\" style=\"width: 364px\" class=\"wp-caption aligncenter\"><a href=\"https:\/\/i0.wp.com\/www.light-style.eu\/Blog\/wp-content\/uploads\/2017\/05\/Rodenbacher-Klosterruine-89.jpg?ssl=1\"><img data-recalc-dims=\"1\" loading=\"lazy\" decoding=\"async\" aria-describedby=\"caption-attachment-2732\" data-attachment-id=\"2732\" data-permalink=\"https:\/\/www.light-style.eu\/Blog\/altes-zum-leben-erweckt\/rodenbacher-klosterruine-89\/#main\" data-orig-file=\"https:\/\/i0.wp.com\/www.light-style.eu\/Blog\/wp-content\/uploads\/2017\/05\/Rodenbacher-Klosterruine-89.jpg?fit=800%2C1200&amp;ssl=1\" data-orig-size=\"800,1200\" data-comments-opened=\"1\" data-image-meta=\"{&quot;aperture&quot;:&quot;0&quot;,&quot;credit&quot;:&quot;Andi M\\u00f6ller&quot;,&quot;camera&quot;:&quot;&quot;,&quot;caption&quot;:&quot;&quot;,&quot;created_timestamp&quot;:&quot;0&quot;,&quot;copyright&quot;:&quot;photostudio Light-Style&quot;,&quot;focal_length&quot;:&quot;0&quot;,&quot;iso&quot;:&quot;0&quot;,&quot;shutter_speed&quot;:&quot;0&quot;,&quot;title&quot;:&quot;&quot;,&quot;orientation&quot;:&quot;0&quot;}\" data-image-title=\"Rodenbacher Klosterruine-89\" data-image-description=\"\" data-image-caption=\"\" data-large-file=\"https:\/\/i0.wp.com\/www.light-style.eu\/Blog\/wp-content\/uploads\/2017\/05\/Rodenbacher-Klosterruine-89.jpg?fit=800%2C1200&amp;ssl=1\" class=\"wp-image-2732\" src=\"https:\/\/i0.wp.com\/www.light-style.eu\/Blog\/wp-content\/uploads\/2017\/05\/Rodenbacher-Klosterruine-89.jpg?resize=354%2C531&#038;ssl=1\" alt=\"\" width=\"354\" height=\"531\" srcset=\"https:\/\/i0.wp.com\/www.light-style.eu\/Blog\/wp-content\/uploads\/2017\/05\/Rodenbacher-Klosterruine-89.jpg?w=800&amp;ssl=1 800w, https:\/\/i0.wp.com\/www.light-style.eu\/Blog\/wp-content\/uploads\/2017\/05\/Rodenbacher-Klosterruine-89.jpg?resize=400%2C600&amp;ssl=1 400w, https:\/\/i0.wp.com\/www.light-style.eu\/Blog\/wp-content\/uploads\/2017\/05\/Rodenbacher-Klosterruine-89.jpg?resize=768%2C1152&amp;ssl=1 768w\" sizes=\"auto, (max-width: 354px) 100vw, 354px\" \/><\/a><p id=\"caption-attachment-2732\" class=\"wp-caption-text\">und wen es schon immer mal interessiert hat wie der Klosterturm von innen aussieht \ud83d\ude09 War ja auch neugierig \ud83d\ude09<\/p><\/div>\n<p>Ich wollte einfach mal wieder etwas Anderes als die Anderen machen \ud83d\ude09 Ich hoffe , das Andere gef\u00e4llt Euch trotzdem. Mir gef\u00e4llt es nat\u00fcrlich, sonst w\u00fcrde ich es Euch ja nicht zeigen \ud83d\ude1b Dabei kamen mir noch einige Ideen, was man in dieser Art in Rodenbach neu erscheinen lassen k\u00f6nnte. Mal schauen ob mich nochmal die Mu\u00dfe packt und ich sp\u00e4t Abends mit der Cam und den LED Lampen durch Rodenbach stiefel, also wenn ja, dann nicht die Polizei rufen wegen Einbrecher oder Gesindel was sich rum treibt, das ist nur Euer Fotograf \ud83d\ude09<\/p>\n<p>In diesem Sinne, wie gewohnt Euch Allen eine sch\u00f6ne Woche<\/p>\n<p>Euer Andi<\/p>\n<p>PS: Wer mir und meinem Blog gerne folgen m\u00f6chte, kann rechts auf den Link<\/p>\n<div class=\"before-title\">\n<div class=\"widget-title-background\"><\/div>\n<h3 class=\"widget-title\">&#8222;Blog via E-Mail abonnieren&#8220;<\/h3>\n<\/div>\n<p>eintragen. So erhaltet Ihr eine Mail sobald es hier etwas Neues gibt.<\/p>\n<div style='text-align:center' class='yasr-auto-insert-visitor'><!--Yasr Visitor Votes Shortcode--><div id='yasr_visitor_votes_d05fde2991ab6' class='yasr-visitor-votes'><div class=\"yasr-custom-text-vv-before yasr-custom-text-vv-before-2734\">Hat es Dir gefallen?<\/div><div id='yasr-vv-second-row-container-d05fde2991ab6'\r\n                                        class='yasr-vv-second-row-container'><div id='yasr-visitor-votes-rater-d05fde2991ab6'\r\n                                      class='yasr-rater-stars-vv'\r\n                                      data-rater-postid='2734'\r\n                                      data-rating='5'\r\n                                      data-rater-starsize='32'\r\n                                      data-rater-readonly='false'\r\n                                      data-rater-nonce='e782624d57'\r\n                                      data-issingular='false'\r\n                                    ><\/div><div class=\"yasr-vv-stats-text-container\" id=\"yasr-vv-stats-text-container-d05fde2991ab6\"><span id=\"yasr-vv-text-container-d05fde2991ab6\" class=\"yasr-vv-text-container\">[Total: <span id=\"yasr-vv-votes-number-container-d05fde2991ab6\">1<\/span> Average: <span id=\"yasr-vv-average-container-d05fde2991ab6\">5<\/span>]<\/span><\/div><div id='yasr-vv-loader-d05fde2991ab6' class='yasr-vv-container-loader'><\/div><\/div><div id='yasr-vv-bottom-container-d05fde2991ab6'\r\n                              class='yasr-vv-bottom-container'\r\n                              style='display:none'><\/div><\/div><!--End Yasr Visitor Votes Shortcode--><\/div>","protected":false},"excerpt":{"rendered":"<p>Moin moin, Am langen Wochenende hab ich mir mal meinen kleinen Sohn als Assistenten geschnappt ( ja ich wei\u00df Kinderarbeit ist verboten \ud83d\ude09\u00a0 ) und eine Idee umgesetzt die sich mir im Winter offenbart hatte \ud83d\ude09 Mal etwas abseits von Models und lebenden Objekten \ud83d\ude09 es ging diesmal etwas heimatverbundener zu . Eins aus der<span class=\"post-excerpt-end\">&hellip;<\/span><\/p>\n<p class=\"more-link\"><a href=\"https:\/\/www.light-style.eu\/Blog\/altes-zum-leben-erweckt\/\" class=\"themebutton\">Read More<\/a><\/p>\n","protected":false},"author":2,"featured_media":2731,"comment_status":"open","ping_status":"open","sticky":false,"template":"","format":"standard","meta":{"jetpack_post_was_ever_published":false,"yasr_overall_rating":0,"yasr_post_is_review":"","yasr_auto_insert_disabled":"","yasr_review_type":"","_jetpack_newsletter_access":"","_jetpack_dont_email_post_to_subs":false,"_jetpack_newsletter_tier_id":0,"_jetpack_memberships_contains_paywalled_content":false,"_jetpack_memberships_contains_paid_content":false,"footnotes":"","jetpack_publicize_message":"","jetpack_publicize_feature_enabled":true,"jetpack_social_post_already_shared":true,"jetpack_social_options":{"image_generator_settings":{"template":"highway","default_image_id":0,"font":"","enabled":false},"version":2}},"categories":[49,1,2,55,47,48,142,62],"tags":[54,35,53,50,36,38],"class_list":["post-2734","post","type-post","status-publish","format-standard","has-post-thumbnail","hentry","category-abseits-des-alltags","category-allgemein","category-fototips","category-making-of","category-natur","category-naturfotos","category-non-commercial","category-rund-um-rodenbach","tag-die-geschichte-hinter-den-fotos","tag-draussen","tag-making-of","tag-naturfotos","tag-outdoor","tag-tips"],"yasr_visitor_votes":{"stars_attributes":{"read_only":false,"span_bottom":false},"number_of_votes":1,"sum_votes":5},"jetpack_publicize_connections":[],"jetpack_featured_media_url":"https:\/\/i0.wp.com\/www.light-style.eu\/Blog\/wp-content\/uploads\/2017\/05\/Rodenbacher-Klosterruine-109.jpg?fit=1200%2C800&ssl=1","jetpack_sharing_enabled":true,"jetpack_shortlink":"https:\/\/wp.me\/p4Ojrv-I6","jetpack-related-posts":[{"id":3537,"url":"https:\/\/www.light-style.eu\/Blog\/neues-aus-rodenbach\/","url_meta":{"origin":2734,"position":0},"title":"Neues aus Rodenbach","author":"Andi M\u00f6ller","date":"5. Juli 2018","format":"status","excerpt":"Das unser Rodenbach ja ein sch\u00f6nes Fleckchen Erde ist hat sich ja mittlerweile rumgesprochen ;-) Daher hatte ich mir vorgestern mal wieder die Kamera zusammen mit dem Fahrrad geschnappt und bin nach Studioschluss mal meiner sportlichen Ambition nachgegangen. :-P Ok, der Sport war nicht doll, waren nur 10km, aber 2,5\u2026","rel":"","context":"In &quot;abseits des Alltags&quot;","block_context":{"text":"abseits des Alltags","link":"https:\/\/www.light-style.eu\/Blog\/category\/abseits-des-alltags\/"},"img":{"alt_text":"rodenbach","src":"https:\/\/i0.wp.com\/www.light-style.eu\/Blog\/wp-content\/uploads\/2018\/07\/Rodenbach-2018-402.jpg?fit=1200%2C800&ssl=1&resize=350%2C200","width":350,"height":200,"srcset":"https:\/\/i0.wp.com\/www.light-style.eu\/Blog\/wp-content\/uploads\/2018\/07\/Rodenbach-2018-402.jpg?fit=1200%2C800&ssl=1&resize=350%2C200 1x, https:\/\/i0.wp.com\/www.light-style.eu\/Blog\/wp-content\/uploads\/2018\/07\/Rodenbach-2018-402.jpg?fit=1200%2C800&ssl=1&resize=525%2C300 1.5x, https:\/\/i0.wp.com\/www.light-style.eu\/Blog\/wp-content\/uploads\/2018\/07\/Rodenbach-2018-402.jpg?fit=1200%2C800&ssl=1&resize=700%2C400 2x, https:\/\/i0.wp.com\/www.light-style.eu\/Blog\/wp-content\/uploads\/2018\/07\/Rodenbach-2018-402.jpg?fit=1200%2C800&ssl=1&resize=1050%2C600 3x"},"classes":[]},{"id":8021,"url":"https:\/\/www.light-style.eu\/Blog\/rodenbacher-winter-2024\/","url_meta":{"origin":2734,"position":1},"title":"Rodenbacher Winter 2024","author":"Andi M\u00f6ller","date":"24. Januar 2024","format":"status","excerpt":"ENDLICH.... endlich hat Alles mal gepasst, ich hatte Zeit um die Kamera mal wieder privat in die Hand zu nehmen, es war herrlich wei\u00df hier bei uns und das Wetter hat auch mitgespielt. Letzten Sonntag war es dann so weit, aber eine Fototour in die Rh\u00f6n, so wie gef\u00fchlte 100.000\u2026","rel":"","context":"In &quot;abseits des Alltags&quot;","block_context":{"text":"abseits des Alltags","link":"https:\/\/www.light-style.eu\/Blog\/category\/abseits-des-alltags\/"},"img":{"alt_text":"","src":"https:\/\/i0.wp.com\/www.light-style.eu\/Blog\/wp-content\/uploads\/2024\/01\/Rodenbacher-Winter-2024-134-1.jpg?fit=1200%2C800&ssl=1&resize=350%2C200","width":350,"height":200,"srcset":"https:\/\/i0.wp.com\/www.light-style.eu\/Blog\/wp-content\/uploads\/2024\/01\/Rodenbacher-Winter-2024-134-1.jpg?fit=1200%2C800&ssl=1&resize=350%2C200 1x, https:\/\/i0.wp.com\/www.light-style.eu\/Blog\/wp-content\/uploads\/2024\/01\/Rodenbacher-Winter-2024-134-1.jpg?fit=1200%2C800&ssl=1&resize=525%2C300 1.5x, https:\/\/i0.wp.com\/www.light-style.eu\/Blog\/wp-content\/uploads\/2024\/01\/Rodenbacher-Winter-2024-134-1.jpg?fit=1200%2C800&ssl=1&resize=700%2C400 2x, https:\/\/i0.wp.com\/www.light-style.eu\/Blog\/wp-content\/uploads\/2024\/01\/Rodenbacher-Winter-2024-134-1.jpg?fit=1200%2C800&ssl=1&resize=1050%2C600 3x"},"classes":[]},{"id":730,"url":"https:\/\/www.light-style.eu\/Blog\/mittagspause-das-rodenbacher-umland\/","url_meta":{"origin":2734,"position":2},"title":"Mittagspause &#038; das Rodenbacher Umland","author":"Andi M\u00f6ller","date":"13. Mai 2015","format":false,"excerpt":"Wie hei\u00dft es doch so sch\u00f6n : essen wird \u00fcberbewertet ;-) Und da ich eh wieder etwas an mich halten muss, hab ich die Mittagspause heute doch mal genutzt um etwas sinnvolles zu tun. ;-) Nachdem demn\u00e4chst Fotos f\u00fcr ein Musikerp\u00e4rchen ansteht, CD Cover\u00a0 im Bereich Oldies hab ich mir\u2026","rel":"","context":"In &quot;abseits des Alltags&quot;","block_context":{"text":"abseits des Alltags","link":"https:\/\/www.light-style.eu\/Blog\/category\/abseits-des-alltags\/"},"img":{"alt_text":"","src":"https:\/\/i0.wp.com\/www.light-style.eu\/Blog\/wp-content\/uploads\/2015\/05\/MG_0053-Bearbeitet-Kopie.jpg?resize=350%2C200","width":350,"height":200,"srcset":"https:\/\/i0.wp.com\/www.light-style.eu\/Blog\/wp-content\/uploads\/2015\/05\/MG_0053-Bearbeitet-Kopie.jpg?resize=350%2C200 1x, https:\/\/i0.wp.com\/www.light-style.eu\/Blog\/wp-content\/uploads\/2015\/05\/MG_0053-Bearbeitet-Kopie.jpg?resize=525%2C300 1.5x, https:\/\/i0.wp.com\/www.light-style.eu\/Blog\/wp-content\/uploads\/2015\/05\/MG_0053-Bearbeitet-Kopie.jpg?resize=700%2C400 2x"},"classes":[]},{"id":1266,"url":"https:\/\/www.light-style.eu\/Blog\/990-jahre-rodenbach\/","url_meta":{"origin":2734,"position":3},"title":"990 Jahre Rodenbach","author":"Andi M\u00f6ller","date":"20. Juli 2015","format":"status","excerpt":"Moin moin, da bin ich mal wieder, auch wenn ich im Moment mal wieder etwas im Stress bin, will ja schlie\u00dflich n\u00e4chste Woche mit meinen Jungs mal eine Woche den Urlaub genie\u00dfen ;-) will ich Euch die Impressionen & Schnappsch\u00fcsse von unserem Fest am Wochenende nicht vorenthalten. Es sind einfach\u2026","rel":"","context":"In &quot;abseits des Alltags&quot;","block_context":{"text":"abseits des Alltags","link":"https:\/\/www.light-style.eu\/Blog\/category\/abseits-des-alltags\/"},"img":{"alt_text":"","src":"https:\/\/i0.wp.com\/www.light-style.eu\/Blog\/wp-content\/uploads\/2015\/07\/Rodenbach-990-159-Kopie.jpg?fit=800%2C1200&ssl=1&resize=350%2C200","width":350,"height":200,"srcset":"https:\/\/i0.wp.com\/www.light-style.eu\/Blog\/wp-content\/uploads\/2015\/07\/Rodenbach-990-159-Kopie.jpg?fit=800%2C1200&ssl=1&resize=350%2C200 1x, https:\/\/i0.wp.com\/www.light-style.eu\/Blog\/wp-content\/uploads\/2015\/07\/Rodenbach-990-159-Kopie.jpg?fit=800%2C1200&ssl=1&resize=525%2C300 1.5x, https:\/\/i0.wp.com\/www.light-style.eu\/Blog\/wp-content\/uploads\/2015\/07\/Rodenbach-990-159-Kopie.jpg?fit=800%2C1200&ssl=1&resize=700%2C400 2x"},"classes":[]},{"id":550,"url":"https:\/\/www.light-style.eu\/Blog\/fotowettbewerb-rodenbach-990-jahre\/","url_meta":{"origin":2734,"position":4},"title":"Fotowettbewerb Rodenbach 990 Jahre","author":"Andi M\u00f6ller","date":"25. Oktober 2014","format":"status","excerpt":"Moin zusammen, die Woche bin ich zum Juror erkoren worden bei dem Fotowettbewerb anl\u00e4sslich der 990 Jahr Feier 2015 unserer wundersch\u00f6nen Gemeinde Rodenbach. Ich geb zu, das u.A. die Gemeinde mich w\u00fcrdig h\u00e4lt , macht mich ein wenig stolz. Und bedanke mich im Vorraus f\u00fcr das entgegengebrachte Vertrauen. Ich darf\u2026","rel":"","context":"In &quot;Allgemein&quot;","block_context":{"text":"Allgemein","link":"https:\/\/www.light-style.eu\/Blog\/category\/allgemein\/"},"img":{"alt_text":"","src":"https:\/\/i0.wp.com\/www.light-style.eu\/Blog\/wp-content\/uploads\/2014\/10\/Andis-timeline.jpg?resize=350%2C200&ssl=1","width":350,"height":200,"srcset":"https:\/\/i0.wp.com\/www.light-style.eu\/Blog\/wp-content\/uploads\/2014\/10\/Andis-timeline.jpg?resize=350%2C200&ssl=1 1x, https:\/\/i0.wp.com\/www.light-style.eu\/Blog\/wp-content\/uploads\/2014\/10\/Andis-timeline.jpg?resize=525%2C300&ssl=1 1.5x, https:\/\/i0.wp.com\/www.light-style.eu\/Blog\/wp-content\/uploads\/2014\/10\/Andis-timeline.jpg?resize=700%2C400&ssl=1 2x"},"classes":[]},{"id":5542,"url":"https:\/\/www.light-style.eu\/Blog\/es-laeuten-die-glocken\/","url_meta":{"origin":2734,"position":5},"title":"Es l\u00e4uten die Glocken","author":"Andi M\u00f6ller","date":"26. Juni 2020","format":"status","excerpt":"Moin moin, ich k\u00f6nnte Euch jetzt Fotos der letzten Wochen von zauberhaften Wesen zeigen ;-) So wie dieses hier ;-) Aber es geht mal v\u00f6llig \"off Topik\" heute weiter , heute geht es um unsere kleine aber feine Gemeinde -- unser Rodenbach :-), genauer gesagt um unsere Rodenbacher Kirche Als\u2026","rel":"","context":"In &quot;abseits des Alltags&quot;","block_context":{"text":"abseits des Alltags","link":"https:\/\/www.light-style.eu\/Blog\/category\/abseits-des-alltags\/"},"img":{"alt_text":"","src":"https:\/\/i0.wp.com\/www.light-style.eu\/Blog\/wp-content\/uploads\/2020\/06\/ev-Kirchturm-Rodenbach-67-1.jpg?fit=1200%2C800&ssl=1&resize=350%2C200","width":350,"height":200,"srcset":"https:\/\/i0.wp.com\/www.light-style.eu\/Blog\/wp-content\/uploads\/2020\/06\/ev-Kirchturm-Rodenbach-67-1.jpg?fit=1200%2C800&ssl=1&resize=350%2C200 1x, https:\/\/i0.wp.com\/www.light-style.eu\/Blog\/wp-content\/uploads\/2020\/06\/ev-Kirchturm-Rodenbach-67-1.jpg?fit=1200%2C800&ssl=1&resize=525%2C300 1.5x, https:\/\/i0.wp.com\/www.light-style.eu\/Blog\/wp-content\/uploads\/2020\/06\/ev-Kirchturm-Rodenbach-67-1.jpg?fit=1200%2C800&ssl=1&resize=700%2C400 2x, https:\/\/i0.wp.com\/www.light-style.eu\/Blog\/wp-content\/uploads\/2020\/06\/ev-Kirchturm-Rodenbach-67-1.jpg?fit=1200%2C800&ssl=1&resize=1050%2C600 3x"},"classes":[]}],"_links":{"self":[{"href":"https:\/\/www.light-style.eu\/Blog\/wp-json\/wp\/v2\/posts\/2734","targetHints":{"allow":["GET"]}}],"collection":[{"href":"https:\/\/www.light-style.eu\/Blog\/wp-json\/wp\/v2\/posts"}],"about":[{"href":"https:\/\/www.light-style.eu\/Blog\/wp-json\/wp\/v2\/types\/post"}],"author":[{"embeddable":true,"href":"https:\/\/www.light-style.eu\/Blog\/wp-json\/wp\/v2\/users\/2"}],"replies":[{"embeddable":true,"href":"https:\/\/www.light-style.eu\/Blog\/wp-json\/wp\/v2\/comments?post=2734"}],"version-history":[{"count":0,"href":"https:\/\/www.light-style.eu\/Blog\/wp-json\/wp\/v2\/posts\/2734\/revisions"}],"wp:featuredmedia":[{"embeddable":true,"href":"https:\/\/www.light-style.eu\/Blog\/wp-json\/wp\/v2\/media\/2731"}],"wp:attachment":[{"href":"https:\/\/www.light-style.eu\/Blog\/wp-json\/wp\/v2\/media?parent=2734"}],"wp:term":[{"taxonomy":"category","embeddable":true,"href":"https:\/\/www.light-style.eu\/Blog\/wp-json\/wp\/v2\/categories?post=2734"},{"taxonomy":"post_tag","embeddable":true,"href":"https:\/\/www.light-style.eu\/Blog\/wp-json\/wp\/v2\/tags?post=2734"}],"curies":[{"name":"wp","href":"https:\/\/api.w.org\/{rel}","templated":true}]}}