{"id":2944,"date":"2017-09-25T19:02:16","date_gmt":"2017-09-25T17:02:16","guid":{"rendered":"http:\/\/www.light-style.eu\/Blog\/?p=2944"},"modified":"2021-03-15T16:34:45","modified_gmt":"2021-03-15T15:34:45","slug":"10-jahre-rodenbach-unser-jubilaeum","status":"publish","type":"post","link":"https:\/\/www.light-style.eu\/Blog\/10-jahre-rodenbach-unser-jubilaeum\/","title":{"rendered":"10 Jahre Rodenbach &#8211; unser Jubil\u00e4um"},"content":{"rendered":"<p><em><strong>10 Jahre ist es nun im Oktober her<\/strong><\/em>, als wir unser Studio in Rodenbach er\u00f6ffneten. 10 Jahre voller Emotionen. Ich muss ja zugeben, damals war ich unsicher ob`s ne gute Idee ist hier das Studio zu er\u00f6ffnen, schlie\u00dflich bin ich zwar geb\u00fcrtiger Hamburger aber doch in Rodenbach aufgewachsen. Der Hauptgrund damals es hier zu er\u00f6ffnen und nicht z.B. in Hanau oder Frankfurt, wo nat\u00fcrlich wesentlich mehr Potential w\u00e4re, war einfach die Familie, die Kinder. Ich wollte in der N\u00e4he sein, da wir ja auch wieder in Rodenbach wohnten.<\/p>\n<p>Unterm Strich habe ich die Entscheidung bis heute nicht bereut. Und kann nun auf 10 erfolgreiche Jahre zur\u00fcck blicken. Auch Dank meiner Kunden welche bei Weitem nicht nur aus Rodenbach kamen, teilweise war ich selbst geflashed von woher meine Kunden kamen, da waren tats\u00e4chlich St\u00e4dte, wie Wiesbaden, K\u00f6ln, Fulda, Kaiserslautern und sogar Berlin dabei. Wenn ich am Telefon erfuhr von wo die Kunden kommen wollten, war ich gelegentlich sprachlos. Damit hatte ich nicht gerechnet. Und wenn dann die Kunden noch mit Freudentr\u00e4nen in den Augen ihre Fotos sahen, konnte es nicht die schlechteste Idee gewesen sein. Vielen Dank an all meine Kunden. Ihr habt mir auch emotional sehr viel gegeben. <a href=\"https:\/\/i0.wp.com\/www.light-style.eu\/Blog\/wp-content\/uploads\/2017\/09\/10-Jahre-Rodenbach-kl.jpg?ssl=1\"><img data-recalc-dims=\"1\" loading=\"lazy\" decoding=\"async\" data-attachment-id=\"2945\" data-permalink=\"https:\/\/www.light-style.eu\/Blog\/10-jahre-rodenbach-unser-jubilaeum\/10-jahre-rodenbach-kl\/#main\" data-orig-file=\"https:\/\/i0.wp.com\/www.light-style.eu\/Blog\/wp-content\/uploads\/2017\/09\/10-Jahre-Rodenbach-kl.jpg?fit=2072%2C3360&amp;ssl=1\" data-orig-size=\"2072,3360\" data-comments-opened=\"1\" data-image-meta=\"{&quot;aperture&quot;:&quot;0&quot;,&quot;credit&quot;:&quot;&quot;,&quot;camera&quot;:&quot;&quot;,&quot;caption&quot;:&quot;&quot;,&quot;created_timestamp&quot;:&quot;0&quot;,&quot;copyright&quot;:&quot;&quot;,&quot;focal_length&quot;:&quot;0&quot;,&quot;iso&quot;:&quot;0&quot;,&quot;shutter_speed&quot;:&quot;0&quot;,&quot;title&quot;:&quot;&quot;,&quot;orientation&quot;:&quot;1&quot;}\" data-image-title=\"10 Jahre Rodenbach kl\" data-image-description=\"\" data-image-caption=\"\" data-large-file=\"https:\/\/i0.wp.com\/www.light-style.eu\/Blog\/wp-content\/uploads\/2017\/09\/10-Jahre-Rodenbach-kl.jpg?fit=740%2C1200&amp;ssl=1\" class=\"aligncenter size-large wp-image-2945\" src=\"https:\/\/i0.wp.com\/www.light-style.eu\/Blog\/wp-content\/uploads\/2017\/09\/10-Jahre-Rodenbach-kl.jpg?resize=610%2C990&#038;ssl=1\" alt=\"\" width=\"610\" height=\"990\" \/><\/a><\/p>\n<p><em><strong>Daher gibt es nun den ganzen Oktober ein kleines Dankesch\u00f6n. Auf alle Shootings, ausgenommen Passfotos schenken wir Euch 10 %. Dies gilt auf alle Sessions welche zwischen dem 1. und dem 31. Oktober 2017 fotografiert werden. Auch Bewerbungsfotos. <span style=\"color: #00ccff;\">Und on Top, auch auf Hochzeitsfotos welche im Oktober fest gebucht werden, egal wann dann der Termin ist.\u00a0<\/span><\/strong> <\/em><\/p>\n<p>Bl\u00f6derweise wollten weder mein Vermieter noch das Finanzamt oder die Versicherungen mir zum Jubil\u00e4um etwas schenken, sonst h\u00e4tte ich diese Verg\u00fcnstigungen gerne an Euch noch weiter gegeben \ud83d\ude09<\/p>\n<p>Klar gab es in den 10 Jahren auch Wermutstropfen, Momente wo ich mich fragte warum tue ich mir das an, &#8222;Kunden welche meinten: wie f\u00fcr den Klick auf den Ausl\u00f6ser \ud83d\ude09 so teuer??. \u00fcber &#8230; Ok der Preis ist fair &#8230; bis zu , oh f\u00fcr die Qualit\u00e4t ist es wirklich g\u00fcnstig, &#8220; war Alles dabei.\u00a0 Und\u00a0 dann kamen wieder Kunden welche mich fast schon anflehten bitte nie aus Rodenbach weg zu gehen, also werde ich Euch wohl noch ein paar Jahre hier erhalten bleiben ;-).<\/p>\n<p>Nun schaue ich positiv in die Zukunft und freue mich auf die n\u00e4chsten 10 Jahre hier im sch\u00f6nen Rodenbach \ud83d\ude42 Und besonders freue ich mich auf Kunden von vor 10 Jahren welche sich schon f\u00fcr Oktober zum Jubil\u00e4um angek\u00fcndigt haben, und das tolle Erlebnis von damals wiederholen wollen. Danke f\u00fcr Eure Treue.<\/p>\n<p>Euer Andi<\/p>\n","protected":false},"excerpt":{"rendered":"<p>10 Jahre ist es nun im Oktober her, als wir unser Studio in Rodenbach er\u00f6ffneten. 10 Jahre voller Emotionen. Ich muss ja zugeben, damals war ich unsicher ob`s ne gute Idee ist hier das Studio zu er\u00f6ffnen, schlie\u00dflich bin ich zwar geb\u00fcrtiger Hamburger aber doch in Rodenbach aufgewachsen. Der Hauptgrund damals es hier zu er\u00f6ffnen<span class=\"post-excerpt-end\">&hellip;<\/span><\/p>\n<p class=\"more-link\"><a href=\"https:\/\/www.light-style.eu\/Blog\/10-jahre-rodenbach-unser-jubilaeum\/\" class=\"themebutton\">Read More<\/a><\/p>\n","protected":false},"author":2,"featured_media":2946,"comment_status":"open","ping_status":"open","sticky":false,"template":"","format":"status","meta":{"jetpack_post_was_ever_published":false,"_jetpack_newsletter_access":"","_jetpack_dont_email_post_to_subs":false,"_jetpack_newsletter_tier_id":0,"_jetpack_memberships_contains_paywalled_content":false,"_jetpack_memberships_contains_paid_content":false,"footnotes":"","jetpack_publicize_message":"","jetpack_publicize_feature_enabled":true,"jetpack_social_post_already_shared":true,"jetpack_social_options":{"image_generator_settings":{"template":"highway","default_image_id":0,"font":"","enabled":false},"version":2}},"categories":[49,305,1,62],"tags":[42],"class_list":["post-2944","post","type-post","status-publish","format-status","has-post-thumbnail","hentry","category-abseits-des-alltags","category-alles","category-allgemein","category-rund-um-rodenbach","tag-ein-tag-im-leben-eines-fotografens","post_format-post-format-status"],"jetpack_publicize_connections":[],"jetpack_featured_media_url":"https:\/\/i0.wp.com\/www.light-style.eu\/Blog\/wp-content\/uploads\/2017\/09\/10-Jahre-Rodenbach-logo.jpg?fit=516%2C342&ssl=1","jetpack_sharing_enabled":true,"jetpack_shortlink":"https:\/\/wp.me\/p4Ojrv-Lu","jetpack-related-posts":[{"id":3537,"url":"https:\/\/www.light-style.eu\/Blog\/neues-aus-rodenbach\/","url_meta":{"origin":2944,"position":0},"title":"Neues aus Rodenbach","author":"Andi M\u00f6ller","date":"5. Juli 2018","format":"status","excerpt":"Das unser Rodenbach ja ein sch\u00f6nes Fleckchen Erde ist hat sich ja mittlerweile rumgesprochen ;-) Daher hatte ich mir vorgestern mal wieder die Kamera zusammen mit dem Fahrrad geschnappt und bin nach Studioschluss mal meiner sportlichen Ambition nachgegangen. :-P Ok, der Sport war nicht doll, waren nur 10km, aber 2,5\u2026","rel":"","context":"In &quot;abseits des Alltags&quot;","block_context":{"text":"abseits des Alltags","link":"https:\/\/www.light-style.eu\/Blog\/category\/abseits-des-alltags\/"},"img":{"alt_text":"rodenbach","src":"https:\/\/i0.wp.com\/www.light-style.eu\/Blog\/wp-content\/uploads\/2018\/07\/Rodenbach-2018-402.jpg?fit=1200%2C800&ssl=1&resize=350%2C200","width":350,"height":200,"srcset":"https:\/\/i0.wp.com\/www.light-style.eu\/Blog\/wp-content\/uploads\/2018\/07\/Rodenbach-2018-402.jpg?fit=1200%2C800&ssl=1&resize=350%2C200 1x, https:\/\/i0.wp.com\/www.light-style.eu\/Blog\/wp-content\/uploads\/2018\/07\/Rodenbach-2018-402.jpg?fit=1200%2C800&ssl=1&resize=525%2C300 1.5x, https:\/\/i0.wp.com\/www.light-style.eu\/Blog\/wp-content\/uploads\/2018\/07\/Rodenbach-2018-402.jpg?fit=1200%2C800&ssl=1&resize=700%2C400 2x, https:\/\/i0.wp.com\/www.light-style.eu\/Blog\/wp-content\/uploads\/2018\/07\/Rodenbach-2018-402.jpg?fit=1200%2C800&ssl=1&resize=1050%2C600 3x"},"classes":[]},{"id":1266,"url":"https:\/\/www.light-style.eu\/Blog\/990-jahre-rodenbach\/","url_meta":{"origin":2944,"position":1},"title":"990 Jahre Rodenbach","author":"Andi M\u00f6ller","date":"20. Juli 2015","format":"status","excerpt":"Moin moin, da bin ich mal wieder, auch wenn ich im Moment mal wieder etwas im Stress bin, will ja schlie\u00dflich n\u00e4chste Woche mit meinen Jungs mal eine Woche den Urlaub genie\u00dfen ;-) will ich Euch die Impressionen & Schnappsch\u00fcsse von unserem Fest am Wochenende nicht vorenthalten. Es sind einfach\u2026","rel":"","context":"In &quot;abseits des Alltags&quot;","block_context":{"text":"abseits des Alltags","link":"https:\/\/www.light-style.eu\/Blog\/category\/abseits-des-alltags\/"},"img":{"alt_text":"","src":"https:\/\/i0.wp.com\/www.light-style.eu\/Blog\/wp-content\/uploads\/2015\/07\/Rodenbach-990-159-Kopie.jpg?fit=800%2C1200&ssl=1&resize=350%2C200","width":350,"height":200,"srcset":"https:\/\/i0.wp.com\/www.light-style.eu\/Blog\/wp-content\/uploads\/2015\/07\/Rodenbach-990-159-Kopie.jpg?fit=800%2C1200&ssl=1&resize=350%2C200 1x, https:\/\/i0.wp.com\/www.light-style.eu\/Blog\/wp-content\/uploads\/2015\/07\/Rodenbach-990-159-Kopie.jpg?fit=800%2C1200&ssl=1&resize=525%2C300 1.5x, https:\/\/i0.wp.com\/www.light-style.eu\/Blog\/wp-content\/uploads\/2015\/07\/Rodenbach-990-159-Kopie.jpg?fit=800%2C1200&ssl=1&resize=700%2C400 2x"},"classes":[]},{"id":550,"url":"https:\/\/www.light-style.eu\/Blog\/fotowettbewerb-rodenbach-990-jahre\/","url_meta":{"origin":2944,"position":2},"title":"Fotowettbewerb Rodenbach 990 Jahre","author":"Andi M\u00f6ller","date":"25. Oktober 2014","format":"status","excerpt":"Moin zusammen, die Woche bin ich zum Juror erkoren worden bei dem Fotowettbewerb anl\u00e4sslich der 990 Jahr Feier 2015 unserer wundersch\u00f6nen Gemeinde Rodenbach. Ich geb zu, das u.A. die Gemeinde mich w\u00fcrdig h\u00e4lt , macht mich ein wenig stolz. Und bedanke mich im Vorraus f\u00fcr das entgegengebrachte Vertrauen. Ich darf\u2026","rel":"","context":"In &quot;Allgemein&quot;","block_context":{"text":"Allgemein","link":"https:\/\/www.light-style.eu\/Blog\/category\/allgemein\/"},"img":{"alt_text":"","src":"https:\/\/i0.wp.com\/www.light-style.eu\/Blog\/wp-content\/uploads\/2014\/10\/Andis-timeline.jpg?resize=350%2C200&ssl=1","width":350,"height":200,"srcset":"https:\/\/i0.wp.com\/www.light-style.eu\/Blog\/wp-content\/uploads\/2014\/10\/Andis-timeline.jpg?resize=350%2C200&ssl=1 1x, https:\/\/i0.wp.com\/www.light-style.eu\/Blog\/wp-content\/uploads\/2014\/10\/Andis-timeline.jpg?resize=525%2C300&ssl=1 1.5x, https:\/\/i0.wp.com\/www.light-style.eu\/Blog\/wp-content\/uploads\/2014\/10\/Andis-timeline.jpg?resize=700%2C400&ssl=1 2x"},"classes":[]},{"id":5542,"url":"https:\/\/www.light-style.eu\/Blog\/es-laeuten-die-glocken\/","url_meta":{"origin":2944,"position":3},"title":"Es l\u00e4uten die Glocken","author":"Andi M\u00f6ller","date":"26. Juni 2020","format":"status","excerpt":"Moin moin, ich k\u00f6nnte Euch jetzt Fotos der letzten Wochen von zauberhaften Wesen zeigen ;-) So wie dieses hier ;-) Aber es geht mal v\u00f6llig \"off Topik\" heute weiter , heute geht es um unsere kleine aber feine Gemeinde -- unser Rodenbach :-), genauer gesagt um unsere Rodenbacher Kirche Als\u2026","rel":"","context":"In &quot;abseits des Alltags&quot;","block_context":{"text":"abseits des Alltags","link":"https:\/\/www.light-style.eu\/Blog\/category\/abseits-des-alltags\/"},"img":{"alt_text":"","src":"https:\/\/i0.wp.com\/www.light-style.eu\/Blog\/wp-content\/uploads\/2020\/06\/ev-Kirchturm-Rodenbach-67-1.jpg?fit=1200%2C800&ssl=1&resize=350%2C200","width":350,"height":200,"srcset":"https:\/\/i0.wp.com\/www.light-style.eu\/Blog\/wp-content\/uploads\/2020\/06\/ev-Kirchturm-Rodenbach-67-1.jpg?fit=1200%2C800&ssl=1&resize=350%2C200 1x, https:\/\/i0.wp.com\/www.light-style.eu\/Blog\/wp-content\/uploads\/2020\/06\/ev-Kirchturm-Rodenbach-67-1.jpg?fit=1200%2C800&ssl=1&resize=525%2C300 1.5x, https:\/\/i0.wp.com\/www.light-style.eu\/Blog\/wp-content\/uploads\/2020\/06\/ev-Kirchturm-Rodenbach-67-1.jpg?fit=1200%2C800&ssl=1&resize=700%2C400 2x, https:\/\/i0.wp.com\/www.light-style.eu\/Blog\/wp-content\/uploads\/2020\/06\/ev-Kirchturm-Rodenbach-67-1.jpg?fit=1200%2C800&ssl=1&resize=1050%2C600 3x"},"classes":[]},{"id":8021,"url":"https:\/\/www.light-style.eu\/Blog\/rodenbacher-winter-2024\/","url_meta":{"origin":2944,"position":4},"title":"Rodenbacher Winter 2024","author":"Andi M\u00f6ller","date":"24. Januar 2024","format":"status","excerpt":"ENDLICH.... endlich hat Alles mal gepasst, ich hatte Zeit um die Kamera mal wieder privat in die Hand zu nehmen, es war herrlich wei\u00df hier bei uns und das Wetter hat auch mitgespielt. Letzten Sonntag war es dann so weit, aber eine Fototour in die Rh\u00f6n, so wie gef\u00fchlte 100.000\u2026","rel":"","context":"In &quot;abseits des Alltags&quot;","block_context":{"text":"abseits des Alltags","link":"https:\/\/www.light-style.eu\/Blog\/category\/abseits-des-alltags\/"},"img":{"alt_text":"","src":"https:\/\/i0.wp.com\/www.light-style.eu\/Blog\/wp-content\/uploads\/2024\/01\/Rodenbacher-Winter-2024-134-1.jpg?fit=1200%2C800&ssl=1&resize=350%2C200","width":350,"height":200,"srcset":"https:\/\/i0.wp.com\/www.light-style.eu\/Blog\/wp-content\/uploads\/2024\/01\/Rodenbacher-Winter-2024-134-1.jpg?fit=1200%2C800&ssl=1&resize=350%2C200 1x, https:\/\/i0.wp.com\/www.light-style.eu\/Blog\/wp-content\/uploads\/2024\/01\/Rodenbacher-Winter-2024-134-1.jpg?fit=1200%2C800&ssl=1&resize=525%2C300 1.5x, https:\/\/i0.wp.com\/www.light-style.eu\/Blog\/wp-content\/uploads\/2024\/01\/Rodenbacher-Winter-2024-134-1.jpg?fit=1200%2C800&ssl=1&resize=700%2C400 2x, https:\/\/i0.wp.com\/www.light-style.eu\/Blog\/wp-content\/uploads\/2024\/01\/Rodenbacher-Winter-2024-134-1.jpg?fit=1200%2C800&ssl=1&resize=1050%2C600 3x"},"classes":[]},{"id":2734,"url":"https:\/\/www.light-style.eu\/Blog\/altes-zum-leben-erweckt\/","url_meta":{"origin":2944,"position":5},"title":"Altes zum Leben erweckt","author":"Andi M\u00f6ller","date":"2. Mai 2017","format":false,"excerpt":"Moin moin, Am langen Wochenende hab ich mir mal meinen kleinen Sohn als Assistenten geschnappt ( ja ich wei\u00df Kinderarbeit ist verboten ;-)\u00a0 ) und eine Idee umgesetzt die sich mir im Winter offenbart hatte ;-) Mal etwas abseits von Models und lebenden Objekten ;-) es ging diesmal etwas heimatverbundener\u2026","rel":"","context":"In &quot;abseits des Alltags&quot;","block_context":{"text":"abseits des Alltags","link":"https:\/\/www.light-style.eu\/Blog\/category\/abseits-des-alltags\/"},"img":{"alt_text":"","src":"https:\/\/i0.wp.com\/www.light-style.eu\/Blog\/wp-content\/uploads\/2017\/05\/Rodenbacher-Klosterruine-109.jpg?fit=1200%2C800&ssl=1&resize=350%2C200","width":350,"height":200,"srcset":"https:\/\/i0.wp.com\/www.light-style.eu\/Blog\/wp-content\/uploads\/2017\/05\/Rodenbacher-Klosterruine-109.jpg?fit=1200%2C800&ssl=1&resize=350%2C200 1x, https:\/\/i0.wp.com\/www.light-style.eu\/Blog\/wp-content\/uploads\/2017\/05\/Rodenbacher-Klosterruine-109.jpg?fit=1200%2C800&ssl=1&resize=525%2C300 1.5x, https:\/\/i0.wp.com\/www.light-style.eu\/Blog\/wp-content\/uploads\/2017\/05\/Rodenbacher-Klosterruine-109.jpg?fit=1200%2C800&ssl=1&resize=700%2C400 2x, https:\/\/i0.wp.com\/www.light-style.eu\/Blog\/wp-content\/uploads\/2017\/05\/Rodenbacher-Klosterruine-109.jpg?fit=1200%2C800&ssl=1&resize=1050%2C600 3x"},"classes":[]}],"_links":{"self":[{"href":"https:\/\/www.light-style.eu\/Blog\/wp-json\/wp\/v2\/posts\/2944","targetHints":{"allow":["GET"]}}],"collection":[{"href":"https:\/\/www.light-style.eu\/Blog\/wp-json\/wp\/v2\/posts"}],"about":[{"href":"https:\/\/www.light-style.eu\/Blog\/wp-json\/wp\/v2\/types\/post"}],"author":[{"embeddable":true,"href":"https:\/\/www.light-style.eu\/Blog\/wp-json\/wp\/v2\/users\/2"}],"replies":[{"embeddable":true,"href":"https:\/\/www.light-style.eu\/Blog\/wp-json\/wp\/v2\/comments?post=2944"}],"version-history":[{"count":0,"href":"https:\/\/www.light-style.eu\/Blog\/wp-json\/wp\/v2\/posts\/2944\/revisions"}],"wp:featuredmedia":[{"embeddable":true,"href":"https:\/\/www.light-style.eu\/Blog\/wp-json\/wp\/v2\/media\/2946"}],"wp:attachment":[{"href":"https:\/\/www.light-style.eu\/Blog\/wp-json\/wp\/v2\/media?parent=2944"}],"wp:term":[{"taxonomy":"category","embeddable":true,"href":"https:\/\/www.light-style.eu\/Blog\/wp-json\/wp\/v2\/categories?post=2944"},{"taxonomy":"post_tag","embeddable":true,"href":"https:\/\/www.light-style.eu\/Blog\/wp-json\/wp\/v2\/tags?post=2944"}],"curies":[{"name":"wp","href":"https:\/\/api.w.org\/{rel}","templated":true}]}}