{"id":3101,"date":"2017-11-28T19:02:24","date_gmt":"2017-11-28T18:02:24","guid":{"rendered":"http:\/\/www.light-style.eu\/Blog\/?p=3101"},"modified":"2021-03-15T16:34:09","modified_gmt":"2021-03-15T15:34:09","slug":"unsere-haarigen-lieblinge","status":"publish","type":"post","link":"https:\/\/www.light-style.eu\/Blog\/unsere-haarigen-lieblinge\/","title":{"rendered":"Unsere haarigen Lieblinge"},"content":{"rendered":"<p>Hallo an alle Fotobegeisterten,<\/p>\n<p>letzte Woche war mal wieder eine s\u00fc\u00dfe, flauschige und recht junge Hundedame bei mir im Studio. Fila, auch wenn ich sie die ganze Zeit Flocke genannt habe \ud83d\ude09 geh\u00f6rt zu der gro\u00dfen Familie der Huskys, fragt mich jetzt bitte nicht nach der genauen Hunderasse. Auf jeden Fall quietschmunter war sie . Klar erstmal mit der feinen Nase das Studio erkunden, das muss ja sein, sie hatte dann auch gleich ein paar Ideen zur Umdekorierung des Studios \ud83d\ude09<\/p>\n<div id=\"attachment_3124\" style=\"width: 484px\" class=\"wp-caption aligncenter\"><a href=\"https:\/\/i0.wp.com\/www.light-style.eu\/Blog\/wp-content\/uploads\/2017\/11\/Hundeportr%C3%A4t-Fila-8.jpg?ssl=1\"><img data-recalc-dims=\"1\" loading=\"lazy\" decoding=\"async\" aria-describedby=\"caption-attachment-3124\" data-attachment-id=\"3124\" data-permalink=\"https:\/\/www.light-style.eu\/Blog\/unsere-haarigen-lieblinge\/hundeportrat-fila-8\/#main\" data-orig-file=\"https:\/\/i0.wp.com\/www.light-style.eu\/Blog\/wp-content\/uploads\/2017\/11\/Hundeportr%C3%A4t-Fila-8.jpg?fit=800%2C1200&amp;ssl=1\" data-orig-size=\"800,1200\" data-comments-opened=\"1\" data-image-meta=\"{&quot;aperture&quot;:&quot;0&quot;,&quot;credit&quot;:&quot;&quot;,&quot;camera&quot;:&quot;&quot;,&quot;caption&quot;:&quot;&quot;,&quot;created_timestamp&quot;:&quot;0&quot;,&quot;copyright&quot;:&quot;&quot;,&quot;focal_length&quot;:&quot;0&quot;,&quot;iso&quot;:&quot;0&quot;,&quot;shutter_speed&quot;:&quot;0&quot;,&quot;title&quot;:&quot;&quot;,&quot;orientation&quot;:&quot;0&quot;}\" data-image-title=\"Hundeportr\u00e4t &amp;#8211; Fila-8\" data-image-description=\"\" data-image-caption=\"&lt;p&gt;Als wenn sie wusste, dass hier der glamour\u00f6se Ausdruck gefragt war ;-)&lt;\/p&gt;\n\" data-large-file=\"https:\/\/i0.wp.com\/www.light-style.eu\/Blog\/wp-content\/uploads\/2017\/11\/Hundeportr%C3%A4t-Fila-8.jpg?fit=800%2C1200&amp;ssl=1\" class=\"wp-image-3124 size-large\" src=\"https:\/\/i0.wp.com\/www.light-style.eu\/Blog\/wp-content\/uploads\/2017\/11\/Hundeportr%C3%A4t-Fila-8.jpg?resize=474%2C711&#038;ssl=1\" alt=\"\" width=\"474\" height=\"711\" srcset=\"https:\/\/i0.wp.com\/www.light-style.eu\/Blog\/wp-content\/uploads\/2017\/11\/Hundeportr%C3%A4t-Fila-8.jpg?w=800&amp;ssl=1 800w, https:\/\/i0.wp.com\/www.light-style.eu\/Blog\/wp-content\/uploads\/2017\/11\/Hundeportr%C3%A4t-Fila-8.jpg?resize=400%2C600&amp;ssl=1 400w, https:\/\/i0.wp.com\/www.light-style.eu\/Blog\/wp-content\/uploads\/2017\/11\/Hundeportr%C3%A4t-Fila-8.jpg?resize=768%2C1152&amp;ssl=1 768w\" sizes=\"auto, (max-width: 474px) 100vw, 474px\" \/><\/a><p id=\"caption-attachment-3124\" class=\"wp-caption-text\">Als wenn sie wusste, dass hier der glamour\u00f6se Ausdruck gefragt war \ud83d\ude09<\/p><\/div>\n<p>War nicht ganz einfach die 13 Wochen alte Dame zu b\u00e4ndigen, also von gestellten Fotos kann man hier echt nicht reden. Versucht mal so einem quirligen jungen M\u00e4dchen zu sagen was sie machen soll. sinnlos&#8230;&#8230;.. lol&#8230;&#8230; also Ihr k\u00f6nnt es erahnen wir hatten viel Spa\u00df mit Ihr.<\/p>\n<div id=\"attachment_3123\" style=\"width: 484px\" class=\"wp-caption aligncenter\"><a href=\"https:\/\/i0.wp.com\/www.light-style.eu\/Blog\/wp-content\/uploads\/2017\/11\/Hundeportr%C3%A4t-Fila-7.jpg?ssl=1\"><img data-recalc-dims=\"1\" loading=\"lazy\" decoding=\"async\" aria-describedby=\"caption-attachment-3123\" data-attachment-id=\"3123\" data-permalink=\"https:\/\/www.light-style.eu\/Blog\/unsere-haarigen-lieblinge\/hundeportrat-fila-7\/#main\" data-orig-file=\"https:\/\/i0.wp.com\/www.light-style.eu\/Blog\/wp-content\/uploads\/2017\/11\/Hundeportr%C3%A4t-Fila-7.jpg?fit=800%2C1200&amp;ssl=1\" data-orig-size=\"800,1200\" data-comments-opened=\"1\" data-image-meta=\"{&quot;aperture&quot;:&quot;0&quot;,&quot;credit&quot;:&quot;Fotostudio Light-Style,Andi Moel&quot;,&quot;camera&quot;:&quot;&quot;,&quot;caption&quot;:&quot;&quot;,&quot;created_timestamp&quot;:&quot;0&quot;,&quot;copyright&quot;:&quot;www.light-style.eu&quot;,&quot;focal_length&quot;:&quot;0&quot;,&quot;iso&quot;:&quot;0&quot;,&quot;shutter_speed&quot;:&quot;0&quot;,&quot;title&quot;:&quot;&quot;,&quot;orientation&quot;:&quot;0&quot;}\" data-image-title=\"Hundeportr\u00e4t &amp;#8211; Fila-7\" data-image-description=\"\" data-image-caption=\"&lt;p&gt;Der &amp;#8222;Wolf&amp;#8220; greit an&amp;#8230;. ;-)&lt;\/p&gt;\n\" data-large-file=\"https:\/\/i0.wp.com\/www.light-style.eu\/Blog\/wp-content\/uploads\/2017\/11\/Hundeportr%C3%A4t-Fila-7.jpg?fit=800%2C1200&amp;ssl=1\" class=\"wp-image-3123 size-large\" src=\"https:\/\/i0.wp.com\/www.light-style.eu\/Blog\/wp-content\/uploads\/2017\/11\/Hundeportr%C3%A4t-Fila-7.jpg?resize=474%2C711&#038;ssl=1\" alt=\"\" width=\"474\" height=\"711\" srcset=\"https:\/\/i0.wp.com\/www.light-style.eu\/Blog\/wp-content\/uploads\/2017\/11\/Hundeportr%C3%A4t-Fila-7.jpg?w=800&amp;ssl=1 800w, https:\/\/i0.wp.com\/www.light-style.eu\/Blog\/wp-content\/uploads\/2017\/11\/Hundeportr%C3%A4t-Fila-7.jpg?resize=400%2C600&amp;ssl=1 400w, https:\/\/i0.wp.com\/www.light-style.eu\/Blog\/wp-content\/uploads\/2017\/11\/Hundeportr%C3%A4t-Fila-7.jpg?resize=768%2C1152&amp;ssl=1 768w\" sizes=\"auto, (max-width: 474px) 100vw, 474px\" \/><\/a><p id=\"caption-attachment-3123\" class=\"wp-caption-text\">Der &#8222;Wolf&#8220; greit an&#8230;. \ud83d\ude09<\/p><\/div>\n<p>Und das ist ja generell das Wichtigste um tolle Tierfotos zu bekommen. Und ich denke das haben wir geschafft. Ich gebe zu , ich hatte meine Qual bei der Auswahl der Fotos, einfach zu viele s\u00fc\u00dfe. Und was ich absolut faszinierend fand, ihre unz\u00e4hligen verschiedenen Gesichtsausdr\u00fccke. Von wild \u00fcber frech bis zu edel und auch traurig war echt Alles dabei. Wobei die traurigen Augen dann erst beim Herrchen auf dem Arm kamen, nix mehr mit dem Wegrennen vom Fotografen \ud83d\ude09<\/p>\n<div class=\"tiled-gallery type-rectangular tiled-gallery-unresized\" data-original-width=\"1170\" data-carousel-extra='{&quot;blog_id&quot;:1,&quot;permalink&quot;:&quot;https:\\\/\\\/www.light-style.eu\\\/Blog\\\/unsere-haarigen-lieblinge\\\/&quot;,&quot;likes_blog_id&quot;:71096485}' itemscope itemtype=\"http:\/\/schema.org\/ImageGallery\" > <div class=\"gallery-row\" style=\"width: 1170px; height: 280px;\" data-original-width=\"1170\" data-original-height=\"280\" > <div class=\"gallery-group images-1\" style=\"width: 188px; height: 280px;\" data-original-width=\"188\" data-original-height=\"280\" > <div class=\"tiled-gallery-item tiled-gallery-item-small\" itemprop=\"associatedMedia\" itemscope itemtype=\"http:\/\/schema.org\/ImageObject\"> <a href=\"https:\/\/www.light-style.eu\/Blog\/unsere-haarigen-lieblinge\/hundeportrat-fila-13\/#main\" border=\"0\" itemprop=\"url\"> <meta itemprop=\"width\" content=\"184\"> <meta itemprop=\"height\" content=\"276\"> <img decoding=\"async\" class=\"\" data-attachment-id=\"3105\" data-orig-file=\"https:\/\/www.light-style.eu\/Blog\/wp-content\/uploads\/2017\/11\/Hundeportr\u00e4t-Fila-13.jpg\" data-orig-size=\"800,1200\" data-comments-opened=\"1\" data-image-meta=\"{&quot;aperture&quot;:&quot;0&quot;,&quot;credit&quot;:&quot;Fotostudio Light-Style,Andi Moel&quot;,&quot;camera&quot;:&quot;&quot;,&quot;caption&quot;:&quot;&quot;,&quot;created_timestamp&quot;:&quot;0&quot;,&quot;copyright&quot;:&quot;www.light-style.eu&quot;,&quot;focal_length&quot;:&quot;0&quot;,&quot;iso&quot;:&quot;0&quot;,&quot;shutter_speed&quot;:&quot;0&quot;,&quot;title&quot;:&quot;&quot;,&quot;orientation&quot;:&quot;0&quot;}\" data-image-title=\"Hundeportr\u00e4t &amp;#8211; Fila-13\" data-image-description=\"\" data-medium-file=\"https:\/\/i0.wp.com\/www.light-style.eu\/Blog\/wp-content\/uploads\/2017\/11\/Hundeportr%C3%A4t-Fila-13.jpg?fit=400%2C600&#038;ssl=1\" data-large-file=\"https:\/\/i0.wp.com\/www.light-style.eu\/Blog\/wp-content\/uploads\/2017\/11\/Hundeportr%C3%A4t-Fila-13.jpg?fit=800%2C1200&#038;ssl=1\" src=\"https:\/\/i0.wp.com\/www.light-style.eu\/Blog\/wp-content\/uploads\/2017\/11\/Hundeportr%C3%A4t-Fila-13.jpg?w=184&#038;h=276&#038;ssl=1\" width=\"184\" height=\"276\" loading=\"lazy\" data-original-width=\"184\" data-original-height=\"276\" itemprop=\"http:\/\/schema.org\/image\" title=\"Hundeportr\u00e4t - Fila-13\" alt=\"Hundeportr\u00e4t - Fila-13\" style=\"width: 184px; height: 276px;\" \/> <\/a> <\/div> <\/div> <!-- close group --> <div class=\"gallery-group images-1\" style=\"width: 188px; height: 280px;\" data-original-width=\"188\" data-original-height=\"280\" > <div class=\"tiled-gallery-item tiled-gallery-item-small\" itemprop=\"associatedMedia\" itemscope itemtype=\"http:\/\/schema.org\/ImageObject\"> <a href=\"https:\/\/www.light-style.eu\/Blog\/unsere-haarigen-lieblinge\/hundeportrat-fila-6\/#main\" border=\"0\" itemprop=\"url\"> <meta itemprop=\"width\" content=\"184\"> <meta itemprop=\"height\" content=\"276\"> <img decoding=\"async\" class=\"\" data-attachment-id=\"3122\" data-orig-file=\"https:\/\/www.light-style.eu\/Blog\/wp-content\/uploads\/2017\/11\/Hundeportr\u00e4t-Fila-6.jpg\" data-orig-size=\"800,1200\" data-comments-opened=\"1\" data-image-meta=\"{&quot;aperture&quot;:&quot;0&quot;,&quot;credit&quot;:&quot;Fotostudio Light-Style,Andi Moel&quot;,&quot;camera&quot;:&quot;&quot;,&quot;caption&quot;:&quot;&quot;,&quot;created_timestamp&quot;:&quot;0&quot;,&quot;copyright&quot;:&quot;www.light-style.eu&quot;,&quot;focal_length&quot;:&quot;0&quot;,&quot;iso&quot;:&quot;0&quot;,&quot;shutter_speed&quot;:&quot;0&quot;,&quot;title&quot;:&quot;&quot;,&quot;orientation&quot;:&quot;0&quot;}\" data-image-title=\"Hundeportr\u00e4t &amp;#8211; Fila-6\" data-image-description=\"\" data-medium-file=\"https:\/\/i0.wp.com\/www.light-style.eu\/Blog\/wp-content\/uploads\/2017\/11\/Hundeportr%C3%A4t-Fila-6.jpg?fit=400%2C600&#038;ssl=1\" data-large-file=\"https:\/\/i0.wp.com\/www.light-style.eu\/Blog\/wp-content\/uploads\/2017\/11\/Hundeportr%C3%A4t-Fila-6.jpg?fit=800%2C1200&#038;ssl=1\" src=\"https:\/\/i0.wp.com\/www.light-style.eu\/Blog\/wp-content\/uploads\/2017\/11\/Hundeportr%C3%A4t-Fila-6.jpg?w=184&#038;h=276&#038;ssl=1\" width=\"184\" height=\"276\" loading=\"lazy\" data-original-width=\"184\" data-original-height=\"276\" itemprop=\"http:\/\/schema.org\/image\" title=\"Hundeportr\u00e4t - Fila-6\" alt=\"Hundeportr\u00e4t - Fila-6\" style=\"width: 184px; height: 276px;\" \/> <\/a> <\/div> <\/div> <!-- close group --> <div class=\"gallery-group images-1\" style=\"width: 418px; height: 280px;\" data-original-width=\"418\" data-original-height=\"280\" > <div class=\"tiled-gallery-item tiled-gallery-item-large\" itemprop=\"associatedMedia\" itemscope itemtype=\"http:\/\/schema.org\/ImageObject\"> <a href=\"https:\/\/www.light-style.eu\/Blog\/unsere-haarigen-lieblinge\/hundeportrat-fila-4\/#main\" border=\"0\" itemprop=\"url\"> <meta itemprop=\"width\" content=\"414\"> <meta itemprop=\"height\" content=\"276\"> <img decoding=\"async\" class=\"\" data-attachment-id=\"3120\" data-orig-file=\"https:\/\/www.light-style.eu\/Blog\/wp-content\/uploads\/2017\/11\/Hundeportr\u00e4t-Fila-4.jpg\" data-orig-size=\"1200,800\" data-comments-opened=\"1\" data-image-meta=\"{&quot;aperture&quot;:&quot;0&quot;,&quot;credit&quot;:&quot;Fotostudio Light-Style,Andi Moel&quot;,&quot;camera&quot;:&quot;&quot;,&quot;caption&quot;:&quot;&quot;,&quot;created_timestamp&quot;:&quot;0&quot;,&quot;copyright&quot;:&quot;www.light-style.eu&quot;,&quot;focal_length&quot;:&quot;0&quot;,&quot;iso&quot;:&quot;0&quot;,&quot;shutter_speed&quot;:&quot;0&quot;,&quot;title&quot;:&quot;&quot;,&quot;orientation&quot;:&quot;0&quot;}\" data-image-title=\"Hundeportr\u00e4t &amp;#8211; Fila-4\" data-image-description=\"\" data-medium-file=\"https:\/\/i0.wp.com\/www.light-style.eu\/Blog\/wp-content\/uploads\/2017\/11\/Hundeportr%C3%A4t-Fila-4.jpg?fit=600%2C400&#038;ssl=1\" data-large-file=\"https:\/\/i0.wp.com\/www.light-style.eu\/Blog\/wp-content\/uploads\/2017\/11\/Hundeportr%C3%A4t-Fila-4.jpg?fit=1170%2C780&#038;ssl=1\" src=\"https:\/\/i0.wp.com\/www.light-style.eu\/Blog\/wp-content\/uploads\/2017\/11\/Hundeportr%C3%A4t-Fila-4.jpg?w=414&#038;h=276&#038;ssl=1\" width=\"414\" height=\"276\" loading=\"lazy\" data-original-width=\"414\" data-original-height=\"276\" itemprop=\"http:\/\/schema.org\/image\" title=\"Hundeportr\u00e4t - Fila-4\" alt=\"fishermens friend :-)\" style=\"width: 414px; height: 276px;\" \/> <\/a> <div class=\"tiled-gallery-caption\" itemprop=\"caption description\"> fishermens friend \ud83d\ude42 <\/div> <\/div> <\/div> <!-- close group --> <div class=\"gallery-group images-1\" style=\"width: 188px; height: 280px;\" data-original-width=\"188\" data-original-height=\"280\" > <div class=\"tiled-gallery-item tiled-gallery-item-small\" itemprop=\"associatedMedia\" itemscope itemtype=\"http:\/\/schema.org\/ImageObject\"> <a href=\"https:\/\/www.light-style.eu\/Blog\/unsere-haarigen-lieblinge\/hundeportrat-fila-17\/#main\" border=\"0\" itemprop=\"url\"> <meta itemprop=\"width\" content=\"184\"> <meta itemprop=\"height\" content=\"276\"> <img decoding=\"async\" class=\"\" data-attachment-id=\"3109\" data-orig-file=\"https:\/\/www.light-style.eu\/Blog\/wp-content\/uploads\/2017\/11\/Hundeportr\u00e4t-Fila-17.jpg\" data-orig-size=\"800,1200\" data-comments-opened=\"1\" data-image-meta=\"{&quot;aperture&quot;:&quot;0&quot;,&quot;credit&quot;:&quot;Fotostudio Light-Style,Andi Moel&quot;,&quot;camera&quot;:&quot;&quot;,&quot;caption&quot;:&quot;&quot;,&quot;created_timestamp&quot;:&quot;0&quot;,&quot;copyright&quot;:&quot;www.light-style.eu&quot;,&quot;focal_length&quot;:&quot;0&quot;,&quot;iso&quot;:&quot;0&quot;,&quot;shutter_speed&quot;:&quot;0&quot;,&quot;title&quot;:&quot;&quot;,&quot;orientation&quot;:&quot;0&quot;}\" data-image-title=\"Hundeportr\u00e4t &amp;#8211; Fila-17\" data-image-description=\"\" data-medium-file=\"https:\/\/i0.wp.com\/www.light-style.eu\/Blog\/wp-content\/uploads\/2017\/11\/Hundeportr%C3%A4t-Fila-17.jpg?fit=400%2C600&#038;ssl=1\" data-large-file=\"https:\/\/i0.wp.com\/www.light-style.eu\/Blog\/wp-content\/uploads\/2017\/11\/Hundeportr%C3%A4t-Fila-17.jpg?fit=800%2C1200&#038;ssl=1\" src=\"https:\/\/i0.wp.com\/www.light-style.eu\/Blog\/wp-content\/uploads\/2017\/11\/Hundeportr%C3%A4t-Fila-17.jpg?w=184&#038;h=276&#038;ssl=1\" width=\"184\" height=\"276\" loading=\"lazy\" data-original-width=\"184\" data-original-height=\"276\" itemprop=\"http:\/\/schema.org\/image\" title=\"Hundeportr\u00e4t - Fila-17\" alt=\"Hundeportr\u00e4t - Fila-17\" style=\"width: 184px; height: 276px;\" \/> <\/a> <\/div> <\/div> <!-- close group --> <div class=\"gallery-group images-1\" style=\"width: 188px; height: 280px;\" data-original-width=\"188\" data-original-height=\"280\" > <div class=\"tiled-gallery-item tiled-gallery-item-small\" itemprop=\"associatedMedia\" itemscope itemtype=\"http:\/\/schema.org\/ImageObject\"> <a href=\"https:\/\/www.light-style.eu\/Blog\/unsere-haarigen-lieblinge\/hundeportrat-fila-11\/#main\" border=\"0\" itemprop=\"url\"> <meta itemprop=\"width\" content=\"184\"> <meta itemprop=\"height\" content=\"276\"> <img decoding=\"async\" class=\"\" data-attachment-id=\"3103\" data-orig-file=\"https:\/\/www.light-style.eu\/Blog\/wp-content\/uploads\/2017\/11\/Hundeportr\u00e4t-Fila-11.jpg\" data-orig-size=\"800,1200\" data-comments-opened=\"1\" data-image-meta=\"{&quot;aperture&quot;:&quot;0&quot;,&quot;credit&quot;:&quot;Fotostudio Light-Style,Andi Moel&quot;,&quot;camera&quot;:&quot;&quot;,&quot;caption&quot;:&quot;&quot;,&quot;created_timestamp&quot;:&quot;0&quot;,&quot;copyright&quot;:&quot;www.light-style.eu&quot;,&quot;focal_length&quot;:&quot;0&quot;,&quot;iso&quot;:&quot;0&quot;,&quot;shutter_speed&quot;:&quot;0&quot;,&quot;title&quot;:&quot;&quot;,&quot;orientation&quot;:&quot;0&quot;}\" data-image-title=\"Hundeportr\u00e4t &amp;#8211; Fila-11\" data-image-description=\"&lt;p&gt;Also in meiner Vorstellung hatte Catain Jack Sparrow definitiv auch einen Hund ;-)&lt;\/p&gt; \" data-medium-file=\"https:\/\/i0.wp.com\/www.light-style.eu\/Blog\/wp-content\/uploads\/2017\/11\/Hundeportr%C3%A4t-Fila-11.jpg?fit=400%2C600&#038;ssl=1\" data-large-file=\"https:\/\/i0.wp.com\/www.light-style.eu\/Blog\/wp-content\/uploads\/2017\/11\/Hundeportr%C3%A4t-Fila-11.jpg?fit=800%2C1200&#038;ssl=1\" src=\"https:\/\/i0.wp.com\/www.light-style.eu\/Blog\/wp-content\/uploads\/2017\/11\/Hundeportr%C3%A4t-Fila-11.jpg?w=184&#038;h=276&#038;ssl=1\" width=\"184\" height=\"276\" loading=\"lazy\" data-original-width=\"184\" data-original-height=\"276\" itemprop=\"http:\/\/schema.org\/image\" title=\"Hundeportr\u00e4t - Fila-11\" alt=\"Hundeportr\u00e4t - Fila-11\" style=\"width: 184px; height: 276px;\" \/> <\/a> <\/div> <\/div> <!-- close group --> <\/div> <!-- close row --> <div class=\"gallery-row\" style=\"width: 1170px; height: 334px;\" data-original-width=\"1170\" data-original-height=\"334\" > <div class=\"gallery-group images-1\" style=\"width: 498px; height: 334px;\" data-original-width=\"498\" data-original-height=\"334\" > <div class=\"tiled-gallery-item tiled-gallery-item-large\" itemprop=\"associatedMedia\" itemscope itemtype=\"http:\/\/schema.org\/ImageObject\"> <a href=\"https:\/\/www.light-style.eu\/Blog\/unsere-haarigen-lieblinge\/hundeportrat-fila-19\/#main\" border=\"0\" itemprop=\"url\"> <meta itemprop=\"width\" content=\"494\"> <meta itemprop=\"height\" content=\"330\"> <img decoding=\"async\" class=\"\" data-attachment-id=\"3111\" data-orig-file=\"https:\/\/www.light-style.eu\/Blog\/wp-content\/uploads\/2017\/11\/Hundeportr\u00e4t-Fila-19.jpg\" data-orig-size=\"1200,800\" data-comments-opened=\"1\" data-image-meta=\"{&quot;aperture&quot;:&quot;0&quot;,&quot;credit&quot;:&quot;Fotostudio Light-Style,Andi Moel&quot;,&quot;camera&quot;:&quot;&quot;,&quot;caption&quot;:&quot;&quot;,&quot;created_timestamp&quot;:&quot;0&quot;,&quot;copyright&quot;:&quot;www.light-style.eu&quot;,&quot;focal_length&quot;:&quot;0&quot;,&quot;iso&quot;:&quot;0&quot;,&quot;shutter_speed&quot;:&quot;0&quot;,&quot;title&quot;:&quot;&quot;,&quot;orientation&quot;:&quot;0&quot;}\" data-image-title=\"Hundeportr\u00e4t &amp;#8211; Fila-19\" data-image-description=\"\" data-medium-file=\"https:\/\/i0.wp.com\/www.light-style.eu\/Blog\/wp-content\/uploads\/2017\/11\/Hundeportr%C3%A4t-Fila-19.jpg?fit=600%2C400&#038;ssl=1\" data-large-file=\"https:\/\/i0.wp.com\/www.light-style.eu\/Blog\/wp-content\/uploads\/2017\/11\/Hundeportr%C3%A4t-Fila-19.jpg?fit=1170%2C780&#038;ssl=1\" src=\"https:\/\/i0.wp.com\/www.light-style.eu\/Blog\/wp-content\/uploads\/2017\/11\/Hundeportr%C3%A4t-Fila-19.jpg?w=494&#038;h=330&#038;ssl=1\" width=\"494\" height=\"330\" loading=\"lazy\" data-original-width=\"494\" data-original-height=\"330\" itemprop=\"http:\/\/schema.org\/image\" title=\"Hundeportr\u00e4t - Fila-19\" alt=\"Hundeportr\u00e4t - Fila-19\" style=\"width: 494px; height: 330px;\" \/> <\/a> <\/div> <\/div> <!-- close group --> <div class=\"gallery-group images-1\" style=\"width: 224px; height: 334px;\" data-original-width=\"224\" data-original-height=\"334\" > <div class=\"tiled-gallery-item tiled-gallery-item-small\" itemprop=\"associatedMedia\" itemscope itemtype=\"http:\/\/schema.org\/ImageObject\"> <a href=\"https:\/\/www.light-style.eu\/Blog\/unsere-haarigen-lieblinge\/hundeportrat-fila-5\/#main\" border=\"0\" itemprop=\"url\"> <meta itemprop=\"width\" content=\"220\"> <meta itemprop=\"height\" content=\"330\"> <img decoding=\"async\" class=\"\" data-attachment-id=\"3121\" data-orig-file=\"https:\/\/www.light-style.eu\/Blog\/wp-content\/uploads\/2017\/11\/Hundeportr\u00e4t-Fila-5.jpg\" data-orig-size=\"800,1200\" data-comments-opened=\"1\" data-image-meta=\"{&quot;aperture&quot;:&quot;0&quot;,&quot;credit&quot;:&quot;Fotostudio Light-Style,Andi Moel&quot;,&quot;camera&quot;:&quot;&quot;,&quot;caption&quot;:&quot;&quot;,&quot;created_timestamp&quot;:&quot;0&quot;,&quot;copyright&quot;:&quot;www.light-style.eu&quot;,&quot;focal_length&quot;:&quot;0&quot;,&quot;iso&quot;:&quot;0&quot;,&quot;shutter_speed&quot;:&quot;0&quot;,&quot;title&quot;:&quot;&quot;,&quot;orientation&quot;:&quot;0&quot;}\" data-image-title=\"Hundeportr\u00e4t &amp;#8211; Fila-5\" data-image-description=\"\" data-medium-file=\"https:\/\/i0.wp.com\/www.light-style.eu\/Blog\/wp-content\/uploads\/2017\/11\/Hundeportr%C3%A4t-Fila-5.jpg?fit=400%2C600&#038;ssl=1\" data-large-file=\"https:\/\/i0.wp.com\/www.light-style.eu\/Blog\/wp-content\/uploads\/2017\/11\/Hundeportr%C3%A4t-Fila-5.jpg?fit=800%2C1200&#038;ssl=1\" src=\"https:\/\/i0.wp.com\/www.light-style.eu\/Blog\/wp-content\/uploads\/2017\/11\/Hundeportr%C3%A4t-Fila-5.jpg?w=220&#038;h=330&#038;ssl=1\" width=\"220\" height=\"330\" loading=\"lazy\" data-original-width=\"220\" data-original-height=\"330\" itemprop=\"http:\/\/schema.org\/image\" title=\"Hundeportr\u00e4t - Fila-5\" alt=\"Den gibts bestimmt bald im S\u00fc\u00dfwarenregal ;-) als Marzipan ;-)\" style=\"width: 220px; height: 330px;\" \/> <\/a> <div class=\"tiled-gallery-caption\" itemprop=\"caption description\"> Den gibts bestimmt bald im S\u00fc\u00dfwarenregal \ud83d\ude09 als Marzipan \ud83d\ude09 <\/div> <\/div> <\/div> <!-- close group --> <div class=\"gallery-group images-1\" style=\"width: 224px; height: 334px;\" data-original-width=\"224\" data-original-height=\"334\" > <div class=\"tiled-gallery-item tiled-gallery-item-small\" itemprop=\"associatedMedia\" itemscope itemtype=\"http:\/\/schema.org\/ImageObject\"> <a href=\"https:\/\/www.light-style.eu\/Blog\/unsere-haarigen-lieblinge\/hundeportrat-fila-22\/#main\" border=\"0\" itemprop=\"url\"> <meta itemprop=\"width\" content=\"220\"> <meta itemprop=\"height\" content=\"330\"> <img decoding=\"async\" class=\"\" data-attachment-id=\"3113\" data-orig-file=\"https:\/\/www.light-style.eu\/Blog\/wp-content\/uploads\/2017\/11\/Hundeportr\u00e4t-Fila-22.jpg\" data-orig-size=\"800,1200\" data-comments-opened=\"1\" data-image-meta=\"{&quot;aperture&quot;:&quot;0&quot;,&quot;credit&quot;:&quot;Fotostudio Light-Style,Andi Moel&quot;,&quot;camera&quot;:&quot;&quot;,&quot;caption&quot;:&quot;&quot;,&quot;created_timestamp&quot;:&quot;0&quot;,&quot;copyright&quot;:&quot;www.light-style.eu&quot;,&quot;focal_length&quot;:&quot;0&quot;,&quot;iso&quot;:&quot;0&quot;,&quot;shutter_speed&quot;:&quot;0&quot;,&quot;title&quot;:&quot;&quot;,&quot;orientation&quot;:&quot;0&quot;}\" data-image-title=\"Hundeportr\u00e4t &amp;#8211; Fila-22\" data-image-description=\"\" data-medium-file=\"https:\/\/i0.wp.com\/www.light-style.eu\/Blog\/wp-content\/uploads\/2017\/11\/Hundeportr%C3%A4t-Fila-22.jpg?fit=400%2C600&#038;ssl=1\" data-large-file=\"https:\/\/i0.wp.com\/www.light-style.eu\/Blog\/wp-content\/uploads\/2017\/11\/Hundeportr%C3%A4t-Fila-22.jpg?fit=800%2C1200&#038;ssl=1\" src=\"https:\/\/i0.wp.com\/www.light-style.eu\/Blog\/wp-content\/uploads\/2017\/11\/Hundeportr%C3%A4t-Fila-22.jpg?w=220&#038;h=330&#038;ssl=1\" width=\"220\" height=\"330\" loading=\"lazy\" data-original-width=\"220\" data-original-height=\"330\" itemprop=\"http:\/\/schema.org\/image\" title=\"Hundeportr\u00e4t - Fila-22\" alt=\"Hundeportr\u00e4t - Fila-22\" style=\"width: 220px; height: 330px;\" \/> <\/a> <\/div> <\/div> <!-- close group --> <div class=\"gallery-group images-1\" style=\"width: 224px; height: 334px;\" data-original-width=\"224\" data-original-height=\"334\" > <div class=\"tiled-gallery-item tiled-gallery-item-small\" itemprop=\"associatedMedia\" itemscope itemtype=\"http:\/\/schema.org\/ImageObject\"> <a href=\"https:\/\/www.light-style.eu\/Blog\/unsere-haarigen-lieblinge\/hundeportrat-fila-9\/#main\" border=\"0\" itemprop=\"url\"> <meta itemprop=\"width\" content=\"220\"> <meta itemprop=\"height\" content=\"330\"> <img decoding=\"async\" class=\"\" data-attachment-id=\"3125\" data-orig-file=\"https:\/\/www.light-style.eu\/Blog\/wp-content\/uploads\/2017\/11\/Hundeportr\u00e4t-Fila-9.jpg\" data-orig-size=\"800,1200\" data-comments-opened=\"1\" data-image-meta=\"{&quot;aperture&quot;:&quot;0&quot;,&quot;credit&quot;:&quot;Fotostudio Light-Style,Andi Moel&quot;,&quot;camera&quot;:&quot;&quot;,&quot;caption&quot;:&quot;&quot;,&quot;created_timestamp&quot;:&quot;0&quot;,&quot;copyright&quot;:&quot;www.light-style.eu&quot;,&quot;focal_length&quot;:&quot;0&quot;,&quot;iso&quot;:&quot;0&quot;,&quot;shutter_speed&quot;:&quot;0&quot;,&quot;title&quot;:&quot;&quot;,&quot;orientation&quot;:&quot;0&quot;}\" data-image-title=\"Hundeportr\u00e4t &amp;#8211; Fila-9\" data-image-description=\"\" data-medium-file=\"https:\/\/i0.wp.com\/www.light-style.eu\/Blog\/wp-content\/uploads\/2017\/11\/Hundeportr%C3%A4t-Fila-9.jpg?fit=400%2C600&#038;ssl=1\" data-large-file=\"https:\/\/i0.wp.com\/www.light-style.eu\/Blog\/wp-content\/uploads\/2017\/11\/Hundeportr%C3%A4t-Fila-9.jpg?fit=800%2C1200&#038;ssl=1\" src=\"https:\/\/i0.wp.com\/www.light-style.eu\/Blog\/wp-content\/uploads\/2017\/11\/Hundeportr%C3%A4t-Fila-9.jpg?w=220&#038;h=330&#038;ssl=1\" width=\"220\" height=\"330\" loading=\"lazy\" data-original-width=\"220\" data-original-height=\"330\" itemprop=\"http:\/\/schema.org\/image\" title=\"Hundeportr\u00e4t - Fila-9\" alt=\"Hundeportr\u00e4t - Fila-9\" style=\"width: 220px; height: 330px;\" \/> <\/a> <\/div> <\/div> <!-- close group --> <\/div> <!-- close row --> <div class=\"gallery-row\" style=\"width: 1170px; height: 349px;\" data-original-width=\"1170\" data-original-height=\"349\" > <div class=\"gallery-group images-1\" style=\"width: 234px; height: 349px;\" data-original-width=\"234\" data-original-height=\"349\" > <div class=\"tiled-gallery-item tiled-gallery-item-small\" itemprop=\"associatedMedia\" itemscope itemtype=\"http:\/\/schema.org\/ImageObject\"> <a href=\"https:\/\/www.light-style.eu\/Blog\/unsere-haarigen-lieblinge\/hundeportrat-fila-15\/#main\" border=\"0\" itemprop=\"url\"> <meta itemprop=\"width\" content=\"230\"> <meta itemprop=\"height\" content=\"345\"> <img decoding=\"async\" class=\"\" data-attachment-id=\"3107\" data-orig-file=\"https:\/\/www.light-style.eu\/Blog\/wp-content\/uploads\/2017\/11\/Hundeportr\u00e4t-Fila-15.jpg\" data-orig-size=\"800,1200\" data-comments-opened=\"1\" data-image-meta=\"{&quot;aperture&quot;:&quot;0&quot;,&quot;credit&quot;:&quot;Fotostudio Light-Style,Andi Moel&quot;,&quot;camera&quot;:&quot;&quot;,&quot;caption&quot;:&quot;&quot;,&quot;created_timestamp&quot;:&quot;0&quot;,&quot;copyright&quot;:&quot;www.light-style.eu&quot;,&quot;focal_length&quot;:&quot;0&quot;,&quot;iso&quot;:&quot;0&quot;,&quot;shutter_speed&quot;:&quot;0&quot;,&quot;title&quot;:&quot;&quot;,&quot;orientation&quot;:&quot;0&quot;}\" data-image-title=\"Hundeportr\u00e4t &amp;#8211; Fila-15\" data-image-description=\"\" data-medium-file=\"https:\/\/i0.wp.com\/www.light-style.eu\/Blog\/wp-content\/uploads\/2017\/11\/Hundeportr%C3%A4t-Fila-15.jpg?fit=400%2C600&#038;ssl=1\" data-large-file=\"https:\/\/i0.wp.com\/www.light-style.eu\/Blog\/wp-content\/uploads\/2017\/11\/Hundeportr%C3%A4t-Fila-15.jpg?fit=800%2C1200&#038;ssl=1\" src=\"https:\/\/i0.wp.com\/www.light-style.eu\/Blog\/wp-content\/uploads\/2017\/11\/Hundeportr%C3%A4t-Fila-15.jpg?w=230&#038;h=345&#038;ssl=1\" width=\"230\" height=\"345\" loading=\"lazy\" data-original-width=\"230\" data-original-height=\"345\" itemprop=\"http:\/\/schema.org\/image\" title=\"Hundeportr\u00e4t - Fila-15\" alt=\"Hundeportr\u00e4t - Fila-15\" style=\"width: 230px; height: 345px;\" \/> <\/a> <\/div> <\/div> <!-- close group --> <div class=\"gallery-group images-1\" style=\"width: 234px; height: 349px;\" data-original-width=\"234\" data-original-height=\"349\" > <div class=\"tiled-gallery-item tiled-gallery-item-small\" itemprop=\"associatedMedia\" itemscope itemtype=\"http:\/\/schema.org\/ImageObject\"> <a href=\"https:\/\/www.light-style.eu\/Blog\/unsere-haarigen-lieblinge\/hundeportrat-fila-16\/#main\" border=\"0\" itemprop=\"url\"> <meta itemprop=\"width\" content=\"230\"> <meta itemprop=\"height\" content=\"345\"> <img decoding=\"async\" class=\"\" data-attachment-id=\"3108\" data-orig-file=\"https:\/\/www.light-style.eu\/Blog\/wp-content\/uploads\/2017\/11\/Hundeportr\u00e4t-Fila-16.jpg\" data-orig-size=\"800,1200\" data-comments-opened=\"1\" data-image-meta=\"{&quot;aperture&quot;:&quot;0&quot;,&quot;credit&quot;:&quot;Fotostudio Light-Style,Andi Moel&quot;,&quot;camera&quot;:&quot;&quot;,&quot;caption&quot;:&quot;&quot;,&quot;created_timestamp&quot;:&quot;0&quot;,&quot;copyright&quot;:&quot;www.light-style.eu&quot;,&quot;focal_length&quot;:&quot;0&quot;,&quot;iso&quot;:&quot;0&quot;,&quot;shutter_speed&quot;:&quot;0&quot;,&quot;title&quot;:&quot;&quot;,&quot;orientation&quot;:&quot;0&quot;}\" data-image-title=\"Hundeportr\u00e4t &amp;#8211; Fila-16\" data-image-description=\"\" data-medium-file=\"https:\/\/i0.wp.com\/www.light-style.eu\/Blog\/wp-content\/uploads\/2017\/11\/Hundeportr%C3%A4t-Fila-16.jpg?fit=400%2C600&#038;ssl=1\" data-large-file=\"https:\/\/i0.wp.com\/www.light-style.eu\/Blog\/wp-content\/uploads\/2017\/11\/Hundeportr%C3%A4t-Fila-16.jpg?fit=800%2C1200&#038;ssl=1\" src=\"https:\/\/i0.wp.com\/www.light-style.eu\/Blog\/wp-content\/uploads\/2017\/11\/Hundeportr%C3%A4t-Fila-16.jpg?w=230&#038;h=345&#038;ssl=1\" width=\"230\" height=\"345\" loading=\"lazy\" data-original-width=\"230\" data-original-height=\"345\" itemprop=\"http:\/\/schema.org\/image\" title=\"Hundeportr\u00e4t - Fila-16\" alt=\"Hundeportr\u00e4t - Fila-16\" style=\"width: 230px; height: 345px;\" \/> <\/a> <\/div> <\/div> <!-- close group --> <div class=\"gallery-group images-1\" style=\"width: 234px; height: 349px;\" data-original-width=\"234\" data-original-height=\"349\" > <div class=\"tiled-gallery-item tiled-gallery-item-small\" itemprop=\"associatedMedia\" itemscope itemtype=\"http:\/\/schema.org\/ImageObject\"> <a href=\"https:\/\/www.light-style.eu\/Blog\/unsere-haarigen-lieblinge\/hundeportrat-fila-3\/#main\" border=\"0\" itemprop=\"url\"> <meta itemprop=\"width\" content=\"230\"> <meta itemprop=\"height\" content=\"345\"> <img decoding=\"async\" class=\"\" data-attachment-id=\"3119\" data-orig-file=\"https:\/\/www.light-style.eu\/Blog\/wp-content\/uploads\/2017\/11\/Hundeportr\u00e4t-Fila-3.jpg\" data-orig-size=\"800,1200\" data-comments-opened=\"1\" data-image-meta=\"{&quot;aperture&quot;:&quot;0&quot;,&quot;credit&quot;:&quot;Fotostudio Light-Style,Andi Moel&quot;,&quot;camera&quot;:&quot;&quot;,&quot;caption&quot;:&quot;&quot;,&quot;created_timestamp&quot;:&quot;0&quot;,&quot;copyright&quot;:&quot;www.light-style.eu&quot;,&quot;focal_length&quot;:&quot;0&quot;,&quot;iso&quot;:&quot;0&quot;,&quot;shutter_speed&quot;:&quot;0&quot;,&quot;title&quot;:&quot;&quot;,&quot;orientation&quot;:&quot;0&quot;}\" data-image-title=\"Hundeportr\u00e4t &amp;#8211; Fila-3\" data-image-description=\"\" data-medium-file=\"https:\/\/i0.wp.com\/www.light-style.eu\/Blog\/wp-content\/uploads\/2017\/11\/Hundeportr%C3%A4t-Fila-3.jpg?fit=400%2C600&#038;ssl=1\" data-large-file=\"https:\/\/i0.wp.com\/www.light-style.eu\/Blog\/wp-content\/uploads\/2017\/11\/Hundeportr%C3%A4t-Fila-3.jpg?fit=800%2C1200&#038;ssl=1\" src=\"https:\/\/i0.wp.com\/www.light-style.eu\/Blog\/wp-content\/uploads\/2017\/11\/Hundeportr%C3%A4t-Fila-3.jpg?w=230&#038;h=345&#038;ssl=1\" width=\"230\" height=\"345\" loading=\"lazy\" data-original-width=\"230\" data-original-height=\"345\" itemprop=\"http:\/\/schema.org\/image\" title=\"Hundeportr\u00e4t - Fila-3\" alt=\"Hundeportr\u00e4t - Fila-3\" style=\"width: 230px; height: 345px;\" \/> <\/a> <\/div> <\/div> <!-- close group --> <div class=\"gallery-group images-1\" style=\"width: 234px; height: 349px;\" data-original-width=\"234\" data-original-height=\"349\" > <div class=\"tiled-gallery-item tiled-gallery-item-small\" itemprop=\"associatedMedia\" itemscope itemtype=\"http:\/\/schema.org\/ImageObject\"> <a href=\"https:\/\/www.light-style.eu\/Blog\/unsere-haarigen-lieblinge\/hundeportrat-fila-18\/#main\" border=\"0\" itemprop=\"url\"> <meta itemprop=\"width\" content=\"230\"> <meta itemprop=\"height\" content=\"345\"> <img decoding=\"async\" class=\"\" data-attachment-id=\"3110\" data-orig-file=\"https:\/\/www.light-style.eu\/Blog\/wp-content\/uploads\/2017\/11\/Hundeportr\u00e4t-Fila-18.jpg\" data-orig-size=\"800,1200\" data-comments-opened=\"1\" data-image-meta=\"{&quot;aperture&quot;:&quot;0&quot;,&quot;credit&quot;:&quot;Fotostudio Light-Style,Andi Moel&quot;,&quot;camera&quot;:&quot;&quot;,&quot;caption&quot;:&quot;&quot;,&quot;created_timestamp&quot;:&quot;0&quot;,&quot;copyright&quot;:&quot;www.light-style.eu&quot;,&quot;focal_length&quot;:&quot;0&quot;,&quot;iso&quot;:&quot;0&quot;,&quot;shutter_speed&quot;:&quot;0&quot;,&quot;title&quot;:&quot;&quot;,&quot;orientation&quot;:&quot;0&quot;}\" data-image-title=\"Hundeportr\u00e4t &amp;#8211; Fila-18\" data-image-description=\"\" data-medium-file=\"https:\/\/i0.wp.com\/www.light-style.eu\/Blog\/wp-content\/uploads\/2017\/11\/Hundeportr%C3%A4t-Fila-18.jpg?fit=400%2C600&#038;ssl=1\" data-large-file=\"https:\/\/i0.wp.com\/www.light-style.eu\/Blog\/wp-content\/uploads\/2017\/11\/Hundeportr%C3%A4t-Fila-18.jpg?fit=800%2C1200&#038;ssl=1\" src=\"https:\/\/i0.wp.com\/www.light-style.eu\/Blog\/wp-content\/uploads\/2017\/11\/Hundeportr%C3%A4t-Fila-18.jpg?w=230&#038;h=345&#038;ssl=1\" width=\"230\" height=\"345\" loading=\"lazy\" data-original-width=\"230\" data-original-height=\"345\" itemprop=\"http:\/\/schema.org\/image\" title=\"Hundeportr\u00e4t - Fila-18\" alt=\"Hundeportr\u00e4t - Fila-18\" style=\"width: 230px; height: 345px;\" \/> <\/a> <\/div> <\/div> <!-- close group --> <div class=\"gallery-group images-1\" style=\"width: 234px; height: 349px;\" data-original-width=\"234\" data-original-height=\"349\" > <div class=\"tiled-gallery-item tiled-gallery-item-small\" itemprop=\"associatedMedia\" itemscope itemtype=\"http:\/\/schema.org\/ImageObject\"> <a href=\"https:\/\/www.light-style.eu\/Blog\/unsere-haarigen-lieblinge\/hundeportrat-fila-21\/#main\" border=\"0\" itemprop=\"url\"> <meta itemprop=\"width\" content=\"230\"> <meta itemprop=\"height\" content=\"345\"> <img decoding=\"async\" class=\"\" data-attachment-id=\"3114\" data-orig-file=\"https:\/\/www.light-style.eu\/Blog\/wp-content\/uploads\/2017\/11\/Hundeportr\u00e4t-Fila-21.jpg\" data-orig-size=\"800,1200\" data-comments-opened=\"1\" data-image-meta=\"{&quot;aperture&quot;:&quot;0&quot;,&quot;credit&quot;:&quot;Fotostudio Light-Style,Andi Moel&quot;,&quot;camera&quot;:&quot;&quot;,&quot;caption&quot;:&quot;&quot;,&quot;created_timestamp&quot;:&quot;0&quot;,&quot;copyright&quot;:&quot;www.light-style.eu&quot;,&quot;focal_length&quot;:&quot;0&quot;,&quot;iso&quot;:&quot;0&quot;,&quot;shutter_speed&quot;:&quot;0&quot;,&quot;title&quot;:&quot;&quot;,&quot;orientation&quot;:&quot;0&quot;}\" data-image-title=\"Hundeportr\u00e4t &amp;#8211; Fila-21\" data-image-description=\"\" data-medium-file=\"https:\/\/i0.wp.com\/www.light-style.eu\/Blog\/wp-content\/uploads\/2017\/11\/Hundeportr%C3%A4t-Fila-21.jpg?fit=400%2C600&#038;ssl=1\" data-large-file=\"https:\/\/i0.wp.com\/www.light-style.eu\/Blog\/wp-content\/uploads\/2017\/11\/Hundeportr%C3%A4t-Fila-21.jpg?fit=800%2C1200&#038;ssl=1\" src=\"https:\/\/i0.wp.com\/www.light-style.eu\/Blog\/wp-content\/uploads\/2017\/11\/Hundeportr%C3%A4t-Fila-21.jpg?w=230&#038;h=345&#038;ssl=1\" width=\"230\" height=\"345\" loading=\"lazy\" data-original-width=\"230\" data-original-height=\"345\" itemprop=\"http:\/\/schema.org\/image\" title=\"Hundeportr\u00e4t - Fila-21\" alt=\"Hundeportr\u00e4t - Fila-21\" style=\"width: 230px; height: 345px;\" \/> <\/a> <\/div> <\/div> <!-- close group --> <\/div> <!-- close row --> <div class=\"gallery-row\" style=\"width: 1170px; height: 437px;\" data-original-width=\"1170\" data-original-height=\"437\" > <div class=\"gallery-group images-1\" style=\"width: 293px; height: 437px;\" data-original-width=\"293\" data-original-height=\"437\" > <div class=\"tiled-gallery-item tiled-gallery-item-large\" itemprop=\"associatedMedia\" itemscope itemtype=\"http:\/\/schema.org\/ImageObject\"> <a href=\"https:\/\/www.light-style.eu\/Blog\/unsere-haarigen-lieblinge\/hundeportrat-fila-10\/#main\" border=\"0\" itemprop=\"url\"> <meta itemprop=\"width\" content=\"289\"> <meta itemprop=\"height\" content=\"433\"> <img decoding=\"async\" class=\"\" data-attachment-id=\"3126\" data-orig-file=\"https:\/\/www.light-style.eu\/Blog\/wp-content\/uploads\/2017\/11\/Hundeportr\u00e4t-Fila-10.jpg\" data-orig-size=\"800,1200\" data-comments-opened=\"1\" data-image-meta=\"{&quot;aperture&quot;:&quot;0&quot;,&quot;credit&quot;:&quot;Fotostudio Light-Style,Andi Moel&quot;,&quot;camera&quot;:&quot;&quot;,&quot;caption&quot;:&quot;&quot;,&quot;created_timestamp&quot;:&quot;0&quot;,&quot;copyright&quot;:&quot;www.light-style.eu&quot;,&quot;focal_length&quot;:&quot;0&quot;,&quot;iso&quot;:&quot;0&quot;,&quot;shutter_speed&quot;:&quot;0&quot;,&quot;title&quot;:&quot;&quot;,&quot;orientation&quot;:&quot;0&quot;}\" data-image-title=\"Hundeportr\u00e4t &amp;#8211; Fila-10\" data-image-description=\"\" data-medium-file=\"https:\/\/i0.wp.com\/www.light-style.eu\/Blog\/wp-content\/uploads\/2017\/11\/Hundeportr%C3%A4t-Fila-10.jpg?fit=400%2C600&#038;ssl=1\" data-large-file=\"https:\/\/i0.wp.com\/www.light-style.eu\/Blog\/wp-content\/uploads\/2017\/11\/Hundeportr%C3%A4t-Fila-10.jpg?fit=800%2C1200&#038;ssl=1\" src=\"https:\/\/i0.wp.com\/www.light-style.eu\/Blog\/wp-content\/uploads\/2017\/11\/Hundeportr%C3%A4t-Fila-10.jpg?w=289&#038;h=433&#038;ssl=1\" width=\"289\" height=\"433\" loading=\"lazy\" data-original-width=\"289\" data-original-height=\"433\" itemprop=\"http:\/\/schema.org\/image\" title=\"Hundeportr\u00e4t - Fila-10\" alt=\"Hundeportr\u00e4t - Fila-10\" style=\"width: 289px; height: 433px;\" \/> <\/a> <\/div> <\/div> <!-- close group --> <div class=\"gallery-group images-1\" style=\"width: 293px; height: 437px;\" data-original-width=\"293\" data-original-height=\"437\" > <div class=\"tiled-gallery-item tiled-gallery-item-large\" itemprop=\"associatedMedia\" itemscope itemtype=\"http:\/\/schema.org\/ImageObject\"> <a href=\"https:\/\/www.light-style.eu\/Blog\/unsere-haarigen-lieblinge\/hundeportrat-fila-14\/#main\" border=\"0\" itemprop=\"url\"> <meta itemprop=\"width\" content=\"289\"> <meta itemprop=\"height\" content=\"433\"> <img decoding=\"async\" class=\"\" data-attachment-id=\"3106\" data-orig-file=\"https:\/\/www.light-style.eu\/Blog\/wp-content\/uploads\/2017\/11\/Hundeportr\u00e4t-Fila-14.jpg\" data-orig-size=\"800,1200\" data-comments-opened=\"1\" data-image-meta=\"{&quot;aperture&quot;:&quot;0&quot;,&quot;credit&quot;:&quot;Fotostudio Light-Style,Andi Moel&quot;,&quot;camera&quot;:&quot;&quot;,&quot;caption&quot;:&quot;&quot;,&quot;created_timestamp&quot;:&quot;0&quot;,&quot;copyright&quot;:&quot;www.light-style.eu&quot;,&quot;focal_length&quot;:&quot;0&quot;,&quot;iso&quot;:&quot;0&quot;,&quot;shutter_speed&quot;:&quot;0&quot;,&quot;title&quot;:&quot;&quot;,&quot;orientation&quot;:&quot;0&quot;}\" data-image-title=\"Hundeportr\u00e4t &amp;#8211; Fila-14\" data-image-description=\"\" data-medium-file=\"https:\/\/i0.wp.com\/www.light-style.eu\/Blog\/wp-content\/uploads\/2017\/11\/Hundeportr%C3%A4t-Fila-14.jpg?fit=400%2C600&#038;ssl=1\" data-large-file=\"https:\/\/i0.wp.com\/www.light-style.eu\/Blog\/wp-content\/uploads\/2017\/11\/Hundeportr%C3%A4t-Fila-14.jpg?fit=800%2C1200&#038;ssl=1\" src=\"https:\/\/i0.wp.com\/www.light-style.eu\/Blog\/wp-content\/uploads\/2017\/11\/Hundeportr%C3%A4t-Fila-14.jpg?w=289&#038;h=433&#038;ssl=1\" width=\"289\" height=\"433\" loading=\"lazy\" data-original-width=\"289\" data-original-height=\"433\" itemprop=\"http:\/\/schema.org\/image\" title=\"Hundeportr\u00e4t - Fila-14\" alt=\"Hundeportr\u00e4t - Fila-14\" style=\"width: 289px; height: 433px;\" \/> <\/a> <\/div> <\/div> <!-- close group --> <div class=\"gallery-group images-1\" style=\"width: 292px; height: 437px;\" data-original-width=\"292\" data-original-height=\"437\" > <div class=\"tiled-gallery-item tiled-gallery-item-large\" itemprop=\"associatedMedia\" itemscope itemtype=\"http:\/\/schema.org\/ImageObject\"> <a href=\"https:\/\/www.light-style.eu\/Blog\/unsere-haarigen-lieblinge\/hundeportrat-fila-12\/#main\" border=\"0\" itemprop=\"url\"> <meta itemprop=\"width\" content=\"288\"> <meta itemprop=\"height\" content=\"433\"> <img decoding=\"async\" class=\"\" data-attachment-id=\"3104\" data-orig-file=\"https:\/\/www.light-style.eu\/Blog\/wp-content\/uploads\/2017\/11\/Hundeportr\u00e4t-Fila-12.jpg\" data-orig-size=\"800,1200\" data-comments-opened=\"1\" data-image-meta=\"{&quot;aperture&quot;:&quot;0&quot;,&quot;credit&quot;:&quot;Fotostudio Light-Style,Andi Moel&quot;,&quot;camera&quot;:&quot;&quot;,&quot;caption&quot;:&quot;&quot;,&quot;created_timestamp&quot;:&quot;0&quot;,&quot;copyright&quot;:&quot;www.light-style.eu&quot;,&quot;focal_length&quot;:&quot;0&quot;,&quot;iso&quot;:&quot;0&quot;,&quot;shutter_speed&quot;:&quot;0&quot;,&quot;title&quot;:&quot;&quot;,&quot;orientation&quot;:&quot;0&quot;}\" data-image-title=\"Hundeportr\u00e4t &amp;#8211; Fila-12\" data-image-description=\"\" data-medium-file=\"https:\/\/i0.wp.com\/www.light-style.eu\/Blog\/wp-content\/uploads\/2017\/11\/Hundeportr%C3%A4t-Fila-12.jpg?fit=400%2C600&#038;ssl=1\" data-large-file=\"https:\/\/i0.wp.com\/www.light-style.eu\/Blog\/wp-content\/uploads\/2017\/11\/Hundeportr%C3%A4t-Fila-12.jpg?fit=800%2C1200&#038;ssl=1\" src=\"https:\/\/i0.wp.com\/www.light-style.eu\/Blog\/wp-content\/uploads\/2017\/11\/Hundeportr%C3%A4t-Fila-12.jpg?w=288&#038;h=433&#038;ssl=1\" width=\"288\" height=\"433\" loading=\"lazy\" data-original-width=\"288\" data-original-height=\"433\" itemprop=\"http:\/\/schema.org\/image\" title=\"Hundeportr\u00e4t - Fila-12\" alt=\"Hundeportr\u00e4t - Fila-12\" style=\"width: 288px; height: 433px;\" \/> <\/a> <\/div> <\/div> <!-- close group --> <div class=\"gallery-group images-1\" style=\"width: 292px; height: 437px;\" data-original-width=\"292\" data-original-height=\"437\" > <div class=\"tiled-gallery-item tiled-gallery-item-large\" itemprop=\"associatedMedia\" itemscope itemtype=\"http:\/\/schema.org\/ImageObject\"> <a href=\"https:\/\/www.light-style.eu\/Blog\/unsere-haarigen-lieblinge\/hundeportrat-fila-1\/#main\" border=\"0\" itemprop=\"url\"> <meta itemprop=\"width\" content=\"288\"> <meta itemprop=\"height\" content=\"433\"> <img decoding=\"async\" class=\"\" data-attachment-id=\"3117\" data-orig-file=\"https:\/\/www.light-style.eu\/Blog\/wp-content\/uploads\/2017\/11\/Hundeportr\u00e4t-Fila-1.jpg\" data-orig-size=\"800,1200\" data-comments-opened=\"1\" data-image-meta=\"{&quot;aperture&quot;:&quot;0&quot;,&quot;credit&quot;:&quot;Fotostudio Light-Style,Andi Moel&quot;,&quot;camera&quot;:&quot;&quot;,&quot;caption&quot;:&quot;&quot;,&quot;created_timestamp&quot;:&quot;0&quot;,&quot;copyright&quot;:&quot;www.light-style.eu&quot;,&quot;focal_length&quot;:&quot;0&quot;,&quot;iso&quot;:&quot;0&quot;,&quot;shutter_speed&quot;:&quot;0&quot;,&quot;title&quot;:&quot;&quot;,&quot;orientation&quot;:&quot;0&quot;}\" data-image-title=\"Hundeportr\u00e4t &amp;#8211; Fila-1\" data-image-description=\"\" data-medium-file=\"https:\/\/i0.wp.com\/www.light-style.eu\/Blog\/wp-content\/uploads\/2017\/11\/Hundeportr%C3%A4t-Fila-1.jpg?fit=400%2C600&#038;ssl=1\" data-large-file=\"https:\/\/i0.wp.com\/www.light-style.eu\/Blog\/wp-content\/uploads\/2017\/11\/Hundeportr%C3%A4t-Fila-1.jpg?fit=800%2C1200&#038;ssl=1\" src=\"https:\/\/i0.wp.com\/www.light-style.eu\/Blog\/wp-content\/uploads\/2017\/11\/Hundeportr%C3%A4t-Fila-1.jpg?w=288&#038;h=433&#038;ssl=1\" width=\"288\" height=\"433\" loading=\"lazy\" data-original-width=\"288\" data-original-height=\"433\" itemprop=\"http:\/\/schema.org\/image\" title=\"Hundeportr\u00e4t - Fila-1\" alt=\"Hundeportr\u00e4t - Fila-1\" style=\"width: 288px; height: 433px;\" \/> <\/a> <\/div> <\/div> <!-- close group --> <\/div> <!-- close row --> <div class=\"gallery-row\" style=\"width: 1170px; height: 349px;\" data-original-width=\"1170\" data-original-height=\"349\" > <div class=\"gallery-group images-1\" style=\"width: 234px; height: 349px;\" data-original-width=\"234\" data-original-height=\"349\" > <div class=\"tiled-gallery-item tiled-gallery-item-small\" itemprop=\"associatedMedia\" itemscope itemtype=\"http:\/\/schema.org\/ImageObject\"> <a href=\"https:\/\/www.light-style.eu\/Blog\/unsere-haarigen-lieblinge\/hundeportrat-fila-7\/#main\" border=\"0\" itemprop=\"url\"> <meta itemprop=\"width\" content=\"230\"> <meta itemprop=\"height\" content=\"345\"> <img decoding=\"async\" class=\"\" data-attachment-id=\"3123\" data-orig-file=\"https:\/\/www.light-style.eu\/Blog\/wp-content\/uploads\/2017\/11\/Hundeportr\u00e4t-Fila-7.jpg\" data-orig-size=\"800,1200\" data-comments-opened=\"1\" data-image-meta=\"{&quot;aperture&quot;:&quot;0&quot;,&quot;credit&quot;:&quot;Fotostudio Light-Style,Andi Moel&quot;,&quot;camera&quot;:&quot;&quot;,&quot;caption&quot;:&quot;&quot;,&quot;created_timestamp&quot;:&quot;0&quot;,&quot;copyright&quot;:&quot;www.light-style.eu&quot;,&quot;focal_length&quot;:&quot;0&quot;,&quot;iso&quot;:&quot;0&quot;,&quot;shutter_speed&quot;:&quot;0&quot;,&quot;title&quot;:&quot;&quot;,&quot;orientation&quot;:&quot;0&quot;}\" data-image-title=\"Hundeportr\u00e4t &amp;#8211; Fila-7\" data-image-description=\"\" data-medium-file=\"https:\/\/i0.wp.com\/www.light-style.eu\/Blog\/wp-content\/uploads\/2017\/11\/Hundeportr%C3%A4t-Fila-7.jpg?fit=400%2C600&#038;ssl=1\" data-large-file=\"https:\/\/i0.wp.com\/www.light-style.eu\/Blog\/wp-content\/uploads\/2017\/11\/Hundeportr%C3%A4t-Fila-7.jpg?fit=800%2C1200&#038;ssl=1\" src=\"https:\/\/i0.wp.com\/www.light-style.eu\/Blog\/wp-content\/uploads\/2017\/11\/Hundeportr%C3%A4t-Fila-7.jpg?w=230&#038;h=345&#038;ssl=1\" width=\"230\" height=\"345\" loading=\"lazy\" data-original-width=\"230\" data-original-height=\"345\" itemprop=\"http:\/\/schema.org\/image\" title=\"Hundeportr\u00e4t - Fila-7\" alt=\"Der &quot;Wolf&quot; greit an.... ;-)\" style=\"width: 230px; height: 345px;\" \/> <\/a> <div class=\"tiled-gallery-caption\" itemprop=\"caption description\"> Der &#8222;Wolf&#8220; greit an&#8230;. \ud83d\ude09 <\/div> <\/div> <\/div> <!-- close group --> <div class=\"gallery-group images-1\" style=\"width: 234px; height: 349px;\" data-original-width=\"234\" data-original-height=\"349\" > <div class=\"tiled-gallery-item tiled-gallery-item-small\" itemprop=\"associatedMedia\" itemscope itemtype=\"http:\/\/schema.org\/ImageObject\"> <a href=\"https:\/\/www.light-style.eu\/Blog\/unsere-haarigen-lieblinge\/hundeportrat-fila-20\/#main\" border=\"0\" itemprop=\"url\"> <meta itemprop=\"width\" content=\"230\"> <meta itemprop=\"height\" content=\"345\"> <img decoding=\"async\" class=\"\" data-attachment-id=\"3112\" data-orig-file=\"https:\/\/www.light-style.eu\/Blog\/wp-content\/uploads\/2017\/11\/Hundeportr\u00e4t-Fila-20.jpg\" data-orig-size=\"800,1200\" data-comments-opened=\"1\" data-image-meta=\"{&quot;aperture&quot;:&quot;0&quot;,&quot;credit&quot;:&quot;Fotostudio Light-Style,Andi Moel&quot;,&quot;camera&quot;:&quot;&quot;,&quot;caption&quot;:&quot;&quot;,&quot;created_timestamp&quot;:&quot;0&quot;,&quot;copyright&quot;:&quot;www.light-style.eu&quot;,&quot;focal_length&quot;:&quot;0&quot;,&quot;iso&quot;:&quot;0&quot;,&quot;shutter_speed&quot;:&quot;0&quot;,&quot;title&quot;:&quot;&quot;,&quot;orientation&quot;:&quot;0&quot;}\" data-image-title=\"Hundeportr\u00e4t &amp;#8211; Fila-20\" data-image-description=\"\" data-medium-file=\"https:\/\/i0.wp.com\/www.light-style.eu\/Blog\/wp-content\/uploads\/2017\/11\/Hundeportr%C3%A4t-Fila-20.jpg?fit=400%2C600&#038;ssl=1\" data-large-file=\"https:\/\/i0.wp.com\/www.light-style.eu\/Blog\/wp-content\/uploads\/2017\/11\/Hundeportr%C3%A4t-Fila-20.jpg?fit=800%2C1200&#038;ssl=1\" src=\"https:\/\/i0.wp.com\/www.light-style.eu\/Blog\/wp-content\/uploads\/2017\/11\/Hundeportr%C3%A4t-Fila-20.jpg?w=230&#038;h=345&#038;ssl=1\" width=\"230\" height=\"345\" loading=\"lazy\" data-original-width=\"230\" data-original-height=\"345\" itemprop=\"http:\/\/schema.org\/image\" title=\"Hundeportr\u00e4t - Fila-20\" alt=\"Hundeportr\u00e4t - Fila-20\" style=\"width: 230px; height: 345px;\" \/> <\/a> <\/div> <\/div> <!-- close group --> <div class=\"gallery-group images-1\" style=\"width: 234px; height: 349px;\" data-original-width=\"234\" data-original-height=\"349\" > <div class=\"tiled-gallery-item tiled-gallery-item-small\" itemprop=\"associatedMedia\" itemscope itemtype=\"http:\/\/schema.org\/ImageObject\"> <a href=\"https:\/\/www.light-style.eu\/Blog\/unsere-haarigen-lieblinge\/hundeportrat-fila-23\/#main\" border=\"0\" itemprop=\"url\"> <meta itemprop=\"width\" content=\"230\"> <meta itemprop=\"height\" content=\"345\"> <img decoding=\"async\" class=\"\" data-attachment-id=\"3115\" data-orig-file=\"https:\/\/www.light-style.eu\/Blog\/wp-content\/uploads\/2017\/11\/Hundeportr\u00e4t-Fila-23.jpg\" data-orig-size=\"800,1200\" data-comments-opened=\"1\" data-image-meta=\"{&quot;aperture&quot;:&quot;0&quot;,&quot;credit&quot;:&quot;Fotostudio Light-Style,Andi Moel&quot;,&quot;camera&quot;:&quot;&quot;,&quot;caption&quot;:&quot;&quot;,&quot;created_timestamp&quot;:&quot;0&quot;,&quot;copyright&quot;:&quot;www.light-style.eu&quot;,&quot;focal_length&quot;:&quot;0&quot;,&quot;iso&quot;:&quot;0&quot;,&quot;shutter_speed&quot;:&quot;0&quot;,&quot;title&quot;:&quot;&quot;,&quot;orientation&quot;:&quot;0&quot;}\" data-image-title=\"Hundeportr\u00e4t &amp;#8211; Fila-23\" data-image-description=\"\" data-medium-file=\"https:\/\/i0.wp.com\/www.light-style.eu\/Blog\/wp-content\/uploads\/2017\/11\/Hundeportr%C3%A4t-Fila-23.jpg?fit=400%2C600&#038;ssl=1\" data-large-file=\"https:\/\/i0.wp.com\/www.light-style.eu\/Blog\/wp-content\/uploads\/2017\/11\/Hundeportr%C3%A4t-Fila-23.jpg?fit=800%2C1200&#038;ssl=1\" src=\"https:\/\/i0.wp.com\/www.light-style.eu\/Blog\/wp-content\/uploads\/2017\/11\/Hundeportr%C3%A4t-Fila-23.jpg?w=230&#038;h=345&#038;ssl=1\" width=\"230\" height=\"345\" loading=\"lazy\" data-original-width=\"230\" data-original-height=\"345\" itemprop=\"http:\/\/schema.org\/image\" title=\"Hundeportr\u00e4t - Fila-23\" alt=\"Hundeportr\u00e4t - Fila-23\" style=\"width: 230px; height: 345px;\" \/> <\/a> <\/div> <\/div> <!-- close group --> <div class=\"gallery-group images-1\" style=\"width: 234px; height: 349px;\" data-original-width=\"234\" data-original-height=\"349\" > <div class=\"tiled-gallery-item tiled-gallery-item-small\" itemprop=\"associatedMedia\" itemscope itemtype=\"http:\/\/schema.org\/ImageObject\"> <a href=\"https:\/\/www.light-style.eu\/Blog\/unsere-haarigen-lieblinge\/hundeportrat-fila-2\/#main\" border=\"0\" itemprop=\"url\"> <meta itemprop=\"width\" content=\"230\"> <meta itemprop=\"height\" content=\"345\"> <img decoding=\"async\" class=\"\" data-attachment-id=\"3118\" data-orig-file=\"https:\/\/www.light-style.eu\/Blog\/wp-content\/uploads\/2017\/11\/Hundeportr\u00e4t-Fila-2.jpg\" data-orig-size=\"800,1200\" data-comments-opened=\"1\" data-image-meta=\"{&quot;aperture&quot;:&quot;0&quot;,&quot;credit&quot;:&quot;Fotostudio Light-Style,Andi Moel&quot;,&quot;camera&quot;:&quot;&quot;,&quot;caption&quot;:&quot;&quot;,&quot;created_timestamp&quot;:&quot;0&quot;,&quot;copyright&quot;:&quot;www.light-style.eu&quot;,&quot;focal_length&quot;:&quot;0&quot;,&quot;iso&quot;:&quot;0&quot;,&quot;shutter_speed&quot;:&quot;0&quot;,&quot;title&quot;:&quot;&quot;,&quot;orientation&quot;:&quot;0&quot;}\" data-image-title=\"Hundeportr\u00e4t &amp;#8211; Fila-2\" data-image-description=\"\" data-medium-file=\"https:\/\/i0.wp.com\/www.light-style.eu\/Blog\/wp-content\/uploads\/2017\/11\/Hundeportr%C3%A4t-Fila-2.jpg?fit=400%2C600&#038;ssl=1\" data-large-file=\"https:\/\/i0.wp.com\/www.light-style.eu\/Blog\/wp-content\/uploads\/2017\/11\/Hundeportr%C3%A4t-Fila-2.jpg?fit=800%2C1200&#038;ssl=1\" src=\"https:\/\/i0.wp.com\/www.light-style.eu\/Blog\/wp-content\/uploads\/2017\/11\/Hundeportr%C3%A4t-Fila-2.jpg?w=230&#038;h=345&#038;ssl=1\" width=\"230\" height=\"345\" loading=\"lazy\" data-original-width=\"230\" data-original-height=\"345\" itemprop=\"http:\/\/schema.org\/image\" title=\"Hundeportr\u00e4t - Fila-2\" alt=\"Hundeportr\u00e4t - Fila-2\" style=\"width: 230px; height: 345px;\" \/> <\/a> <\/div> <\/div> <!-- close group --> <div class=\"gallery-group images-1\" style=\"width: 234px; height: 349px;\" data-original-width=\"234\" data-original-height=\"349\" > <div class=\"tiled-gallery-item tiled-gallery-item-small\" itemprop=\"associatedMedia\" itemscope itemtype=\"http:\/\/schema.org\/ImageObject\"> <a href=\"https:\/\/www.light-style.eu\/Blog\/unsere-haarigen-lieblinge\/hundeportrat-fila-8\/#main\" border=\"0\" itemprop=\"url\"> <meta itemprop=\"width\" content=\"230\"> <meta itemprop=\"height\" content=\"345\"> <img decoding=\"async\" class=\"\" data-attachment-id=\"3124\" data-orig-file=\"https:\/\/www.light-style.eu\/Blog\/wp-content\/uploads\/2017\/11\/Hundeportr\u00e4t-Fila-8.jpg\" data-orig-size=\"800,1200\" data-comments-opened=\"1\" data-image-meta=\"{&quot;aperture&quot;:&quot;0&quot;,&quot;credit&quot;:&quot;&quot;,&quot;camera&quot;:&quot;&quot;,&quot;caption&quot;:&quot;&quot;,&quot;created_timestamp&quot;:&quot;0&quot;,&quot;copyright&quot;:&quot;&quot;,&quot;focal_length&quot;:&quot;0&quot;,&quot;iso&quot;:&quot;0&quot;,&quot;shutter_speed&quot;:&quot;0&quot;,&quot;title&quot;:&quot;&quot;,&quot;orientation&quot;:&quot;0&quot;}\" data-image-title=\"Hundeportr\u00e4t &amp;#8211; Fila-8\" data-image-description=\"\" data-medium-file=\"https:\/\/i0.wp.com\/www.light-style.eu\/Blog\/wp-content\/uploads\/2017\/11\/Hundeportr%C3%A4t-Fila-8.jpg?fit=400%2C600&#038;ssl=1\" data-large-file=\"https:\/\/i0.wp.com\/www.light-style.eu\/Blog\/wp-content\/uploads\/2017\/11\/Hundeportr%C3%A4t-Fila-8.jpg?fit=800%2C1200&#038;ssl=1\" src=\"https:\/\/i0.wp.com\/www.light-style.eu\/Blog\/wp-content\/uploads\/2017\/11\/Hundeportr%C3%A4t-Fila-8.jpg?w=230&#038;h=345&#038;ssl=1\" width=\"230\" height=\"345\" loading=\"lazy\" data-original-width=\"230\" data-original-height=\"345\" itemprop=\"http:\/\/schema.org\/image\" title=\"Hundeportr\u00e4t - Fila-8\" alt=\"Als wenn sie wusste, dass hier der glamour\u00f6se Ausdruck gefragt war ;-)\" style=\"width: 230px; height: 345px;\" \/> <\/a> <div class=\"tiled-gallery-caption\" itemprop=\"caption description\"> Als wenn sie wusste, dass hier der glamour\u00f6se Ausdruck gefragt war \ud83d\ude09 <\/div> <\/div> <\/div> <!-- close group --> <\/div> <!-- close row --> <\/div>\n<p>Die gr\u00f6\u00dfte Herausforderung war das Licht bei diesem Shooting, Menschen und manche Hunde auch haben ja die Angewohnheit brav zu tun was ich ihnen sage \ud83d\ude09 da kann ich dann ruhig das Licht einstellen, was gerade bei dem Motiv wei\u00dfer Hund vor wei\u00dfem Hintergrund recht knifflig ist.\u00a0 Fila meinte aber das sei ihr v\u00f6llig schnuppe was ich mit dem Licht dachte \ud83d\ude09 dadurch dass sie st\u00e4ndig in Bewegung war, war es mehr ein Hoffen, dass das Licht\u00a0ann\u00e4hernd stimmt. Und jepp, es hat geklappt. Ich finde die Fotos einfach nur. sorry.. geil \ud83d\ude09<\/p>\n<p>Eins der wichtigsten Utensilien sind bei solchen Shootings nat\u00fcrlich die Leckerlies \ud83d\ude09<\/p>\n<p><a href=\"https:\/\/i0.wp.com\/www.light-style.eu\/Blog\/wp-content\/uploads\/2017\/11\/Hundeportr%C3%A4t-Fila-19.jpg?ssl=1\"><img data-recalc-dims=\"1\" loading=\"lazy\" decoding=\"async\" data-attachment-id=\"3111\" data-permalink=\"https:\/\/www.light-style.eu\/Blog\/unsere-haarigen-lieblinge\/hundeportrat-fila-19\/#main\" data-orig-file=\"https:\/\/i0.wp.com\/www.light-style.eu\/Blog\/wp-content\/uploads\/2017\/11\/Hundeportr%C3%A4t-Fila-19.jpg?fit=1200%2C800&amp;ssl=1\" data-orig-size=\"1200,800\" data-comments-opened=\"1\" data-image-meta=\"{&quot;aperture&quot;:&quot;0&quot;,&quot;credit&quot;:&quot;Fotostudio Light-Style,Andi Moel&quot;,&quot;camera&quot;:&quot;&quot;,&quot;caption&quot;:&quot;&quot;,&quot;created_timestamp&quot;:&quot;0&quot;,&quot;copyright&quot;:&quot;www.light-style.eu&quot;,&quot;focal_length&quot;:&quot;0&quot;,&quot;iso&quot;:&quot;0&quot;,&quot;shutter_speed&quot;:&quot;0&quot;,&quot;title&quot;:&quot;&quot;,&quot;orientation&quot;:&quot;0&quot;}\" data-image-title=\"Hundeportr\u00e4t &amp;#8211; Fila-19\" data-image-description=\"\" data-image-caption=\"\" data-large-file=\"https:\/\/i0.wp.com\/www.light-style.eu\/Blog\/wp-content\/uploads\/2017\/11\/Hundeportr%C3%A4t-Fila-19.jpg?fit=1170%2C780&amp;ssl=1\" class=\"aligncenter wp-image-3111 size-large\" src=\"https:\/\/i0.wp.com\/www.light-style.eu\/Blog\/wp-content\/uploads\/2017\/11\/Hundeportr%C3%A4t-Fila-19.jpg?resize=474%2C316&#038;ssl=1\" alt=\"\" width=\"474\" height=\"316\" srcset=\"https:\/\/i0.wp.com\/www.light-style.eu\/Blog\/wp-content\/uploads\/2017\/11\/Hundeportr%C3%A4t-Fila-19.jpg?w=1200&amp;ssl=1 1200w, https:\/\/i0.wp.com\/www.light-style.eu\/Blog\/wp-content\/uploads\/2017\/11\/Hundeportr%C3%A4t-Fila-19.jpg?resize=600%2C400&amp;ssl=1 600w, https:\/\/i0.wp.com\/www.light-style.eu\/Blog\/wp-content\/uploads\/2017\/11\/Hundeportr%C3%A4t-Fila-19.jpg?resize=768%2C512&amp;ssl=1 768w\" sizes=\"auto, (max-width: 474px) 100vw, 474px\" \/><\/a><\/p>\n<p>Und ich konnte mir bei diesem Foto den Spruch auf dem Bild einfach nicht verkneifen \ud83d\ude09<\/p>\n<p><strong>Und dieses hier ist eins meiner pers\u00f6nlichen Favoriten , i love it :<\/strong><\/p>\n<p><a href=\"https:\/\/i0.wp.com\/www.light-style.eu\/Blog\/wp-content\/uploads\/2017\/11\/Hundeportr%C3%A4t-Fila-11.jpg?ssl=1\"><img data-recalc-dims=\"1\" loading=\"lazy\" decoding=\"async\" data-attachment-id=\"3103\" data-permalink=\"https:\/\/www.light-style.eu\/Blog\/unsere-haarigen-lieblinge\/hundeportrat-fila-11\/#main\" data-orig-file=\"https:\/\/i0.wp.com\/www.light-style.eu\/Blog\/wp-content\/uploads\/2017\/11\/Hundeportr%C3%A4t-Fila-11.jpg?fit=800%2C1200&amp;ssl=1\" data-orig-size=\"800,1200\" data-comments-opened=\"1\" data-image-meta=\"{&quot;aperture&quot;:&quot;0&quot;,&quot;credit&quot;:&quot;Fotostudio Light-Style,Andi Moel&quot;,&quot;camera&quot;:&quot;&quot;,&quot;caption&quot;:&quot;&quot;,&quot;created_timestamp&quot;:&quot;0&quot;,&quot;copyright&quot;:&quot;www.light-style.eu&quot;,&quot;focal_length&quot;:&quot;0&quot;,&quot;iso&quot;:&quot;0&quot;,&quot;shutter_speed&quot;:&quot;0&quot;,&quot;title&quot;:&quot;&quot;,&quot;orientation&quot;:&quot;0&quot;}\" data-image-title=\"Hundeportr\u00e4t &amp;#8211; Fila-11\" data-image-description=\"&lt;p&gt;Also in meiner Vorstellung hatte Catain Jack Sparrow definitiv auch einen Hund ;-)&lt;\/p&gt;\n\" data-image-caption=\"\" data-large-file=\"https:\/\/i0.wp.com\/www.light-style.eu\/Blog\/wp-content\/uploads\/2017\/11\/Hundeportr%C3%A4t-Fila-11.jpg?fit=800%2C1200&amp;ssl=1\" class=\"aligncenter wp-image-3103 size-large\" src=\"https:\/\/i0.wp.com\/www.light-style.eu\/Blog\/wp-content\/uploads\/2017\/11\/Hundeportr%C3%A4t-Fila-11.jpg?resize=474%2C711&#038;ssl=1\" alt=\"\" width=\"474\" height=\"711\" srcset=\"https:\/\/i0.wp.com\/www.light-style.eu\/Blog\/wp-content\/uploads\/2017\/11\/Hundeportr%C3%A4t-Fila-11.jpg?w=800&amp;ssl=1 800w, https:\/\/i0.wp.com\/www.light-style.eu\/Blog\/wp-content\/uploads\/2017\/11\/Hundeportr%C3%A4t-Fila-11.jpg?resize=400%2C600&amp;ssl=1 400w, https:\/\/i0.wp.com\/www.light-style.eu\/Blog\/wp-content\/uploads\/2017\/11\/Hundeportr%C3%A4t-Fila-11.jpg?resize=768%2C1152&amp;ssl=1 768w\" sizes=\"auto, (max-width: 474px) 100vw, 474px\" \/><\/a><\/p>\n<p>So, genug von jungen (Hunde) Damen geschw\u00e4rmt. <strong>Und falls Ihr noch auf der Idee nach Weihnachtsgeschenken seid, nat\u00fcrlich gibts auch f\u00fcr unsere Tierportr\u00e4ts Geschenkgutscheine bei uns im Studio. Bis zum 23.13. \ud83d\ude09<br \/>\n<\/strong><\/p>\n<p>Und nun w\u00fcnsche ich Euch eine stressfreie besinnliche Weihnachtszeit.<\/p>\n<p>Euer Andi<\/p>\n<div style='text-align:center' class='yasr-auto-insert-visitor'><!--Yasr Visitor Votes Shortcode--><div id='yasr_visitor_votes_79e1ff66e67df' class='yasr-visitor-votes'><div class=\"yasr-custom-text-vv-before yasr-custom-text-vv-before-3101\">Hat es Dir gefallen?<\/div><div id='yasr-vv-second-row-container-79e1ff66e67df'\r\n                                        class='yasr-vv-second-row-container'><div id='yasr-visitor-votes-rater-79e1ff66e67df'\r\n                                      class='yasr-rater-stars-vv'\r\n                                      data-rater-postid='3101'\r\n                                      data-rating='0'\r\n                                      data-rater-starsize='32'\r\n                                      data-rater-readonly='false'\r\n                                      data-rater-nonce='8f286ef117'\r\n                                      data-issingular='false'\r\n                                    ><\/div><div class=\"yasr-vv-stats-text-container\" id=\"yasr-vv-stats-text-container-79e1ff66e67df\"><span id=\"yasr-vv-text-container-79e1ff66e67df\" class=\"yasr-vv-text-container\">[Total: <span id=\"yasr-vv-votes-number-container-79e1ff66e67df\">0<\/span> Average: <span id=\"yasr-vv-average-container-79e1ff66e67df\">0<\/span>]<\/span><\/div><div id='yasr-vv-loader-79e1ff66e67df' class='yasr-vv-container-loader'><\/div><\/div><div id='yasr-vv-bottom-container-79e1ff66e67df'\r\n                              class='yasr-vv-bottom-container'\r\n                              style='display:none'><\/div><\/div><!--End Yasr Visitor Votes Shortcode--><\/div>","protected":false},"excerpt":{"rendered":"<p>Hallo an alle Fotobegeisterten, letzte Woche war mal wieder eine s\u00fc\u00dfe, flauschige und recht junge Hundedame bei mir im Studio. Fila, auch wenn ich sie die ganze Zeit Flocke genannt habe \ud83d\ude09 geh\u00f6rt zu der gro\u00dfen Familie der Huskys, fragt mich jetzt bitte nicht nach der genauen Hunderasse. Auf jeden Fall quietschmunter war sie .<span class=\"post-excerpt-end\">&hellip;<\/span><\/p>\n<p class=\"more-link\"><a href=\"https:\/\/www.light-style.eu\/Blog\/unsere-haarigen-lieblinge\/\" class=\"themebutton\">Read More<\/a><\/p>\n","protected":false},"author":2,"featured_media":3106,"comment_status":"open","ping_status":"open","sticky":false,"template":"","format":"status","meta":{"jetpack_post_was_ever_published":false,"yasr_overall_rating":0,"yasr_post_is_review":"","yasr_auto_insert_disabled":"","yasr_review_type":"","_jetpack_newsletter_access":"","_jetpack_dont_email_post_to_subs":false,"_jetpack_newsletter_tier_id":0,"_jetpack_memberships_contains_paywalled_content":false,"_jetpack_memberships_contains_paid_content":false,"footnotes":"","jetpack_publicize_message":"","jetpack_publicize_feature_enabled":true,"jetpack_social_post_already_shared":true,"jetpack_social_options":{"image_generator_settings":{"template":"highway","default_image_id":0,"font":"","enabled":false},"version":2}},"categories":[305,1,89,81,139],"tags":[19,141,140],"class_list":["post-3101","post","type-post","status-publish","format-status","has-post-thumbnail","hentry","category-alles","category-allgemein","category-besondere-portraets","category-portraets","category-tierportraets","tag-geschenke","tag-hundeportraets","tag-tierfotos","post_format-post-format-status"],"yasr_visitor_votes":{"stars_attributes":{"read_only":false,"span_bottom":false},"number_of_votes":0,"sum_votes":0},"jetpack_publicize_connections":[],"jetpack_featured_media_url":"https:\/\/i0.wp.com\/www.light-style.eu\/Blog\/wp-content\/uploads\/2017\/11\/Hundeportr%C3%A4t-Fila-14.jpg?fit=800%2C1200&ssl=1","jetpack_sharing_enabled":true,"jetpack_shortlink":"https:\/\/wp.me\/p4Ojrv-O1","jetpack-related-posts":[{"id":5977,"url":"https:\/\/www.light-style.eu\/Blog\/euer-traumfoto\/","url_meta":{"origin":3101,"position":0},"title":"Euer Traumfoto","author":"Andi M\u00f6ller","date":"18. M\u00e4rz 2021","format":false,"excerpt":"Moin moin, ich wieder mal, heute geht es um Eure Tr\u00e4ume. Wir erf\u00fcllen Euch Euer Traumfoto. Viele von uns haben einen Traum was oder wie sie gerne w\u00e4ren. Etwas ganz pers\u00f6nliches, dass nur sie besonders anspricht. Wie meine liebe langj\u00e4hrige Kundin auf diesem Foto: Sie hatte schon lange den Wunsch\u2026","rel":"","context":"In &quot;abseits des Alltags&quot;","block_context":{"text":"abseits des Alltags","link":"https:\/\/www.light-style.eu\/Blog\/category\/abseits-des-alltags\/"},"img":{"alt_text":"","src":"https:\/\/i0.wp.com\/www.light-style.eu\/Blog\/wp-content\/uploads\/2021\/03\/PS20E0110-9.jpg?fit=1200%2C800&ssl=1&resize=350%2C200","width":350,"height":200,"srcset":"https:\/\/i0.wp.com\/www.light-style.eu\/Blog\/wp-content\/uploads\/2021\/03\/PS20E0110-9.jpg?fit=1200%2C800&ssl=1&resize=350%2C200 1x, https:\/\/i0.wp.com\/www.light-style.eu\/Blog\/wp-content\/uploads\/2021\/03\/PS20E0110-9.jpg?fit=1200%2C800&ssl=1&resize=525%2C300 1.5x, https:\/\/i0.wp.com\/www.light-style.eu\/Blog\/wp-content\/uploads\/2021\/03\/PS20E0110-9.jpg?fit=1200%2C800&ssl=1&resize=700%2C400 2x, https:\/\/i0.wp.com\/www.light-style.eu\/Blog\/wp-content\/uploads\/2021\/03\/PS20E0110-9.jpg?fit=1200%2C800&ssl=1&resize=1050%2C600 3x"},"classes":[]},{"id":2672,"url":"https:\/\/www.light-style.eu\/Blog\/hundeportraets-mal-anders\/","url_meta":{"origin":3101,"position":1},"title":"Hundeportr\u00e4ts &#8211; mal anders","author":"Andi M\u00f6ller","date":"21. M\u00e4rz 2017","format":"status","excerpt":"Moin moin, nach der ganzen blanken Haut der letzten Woche geht es heute mal wieder richtig brav zu ;-) Dass Tier bzw Hundeportr\u00e4ts nicht langweilig sein m\u00fcssen , zeige ich Euch u.A. heute. Die wirklich tolle und eindrucksvolle Dogge habe ich auch ganz bewusst durch optische Tricks ( nix Photoshop)\u2026","rel":"","context":"In &quot;Alles&quot;","block_context":{"text":"Alles","link":"https:\/\/www.light-style.eu\/Blog\/category\/alles\/"},"img":{"alt_text":"","src":"https:\/\/i0.wp.com\/www.light-style.eu\/Blog\/wp-content\/uploads\/2017\/03\/P17K0103-8.jpg?fit=667%2C1000&ssl=1&resize=350%2C200","width":350,"height":200,"srcset":"https:\/\/i0.wp.com\/www.light-style.eu\/Blog\/wp-content\/uploads\/2017\/03\/P17K0103-8.jpg?fit=667%2C1000&ssl=1&resize=350%2C200 1x, https:\/\/i0.wp.com\/www.light-style.eu\/Blog\/wp-content\/uploads\/2017\/03\/P17K0103-8.jpg?fit=667%2C1000&ssl=1&resize=525%2C300 1.5x"},"classes":[]},{"id":2804,"url":"https:\/\/www.light-style.eu\/Blog\/hundeportraets-mehr-als-langweilige-fotos\/","url_meta":{"origin":3101,"position":2},"title":"Hundeportr\u00e4ts &#8211; mehr als langweilige Fotos","author":"Andi M\u00f6ller","date":"20. Juni 2017","format":"status","excerpt":"w\u00fcnsche euch einen traumhaften Sonnentag, heute melde ich mich mal wieder mit Fotos aus dem Bereich Haustier. Diesmal standen tolle Hunde vor der Kamera, Mini Australian Shepherd. Ein junger R\u00fcde, dem steht das Freche geradezu ins Gesicht geschrieben, und eine H\u00fcndin in den besten Jahren . Mit ihren 2 farbigen\u2026","rel":"","context":"In &quot;Alles&quot;","block_context":{"text":"Alles","link":"https:\/\/www.light-style.eu\/Blog\/category\/alles\/"},"img":{"alt_text":"","src":"https:\/\/i0.wp.com\/www.light-style.eu\/Blog\/wp-content\/uploads\/2017\/06\/T17L0106-9.jpg?fit=800%2C1200&ssl=1&resize=350%2C200","width":350,"height":200,"srcset":"https:\/\/i0.wp.com\/www.light-style.eu\/Blog\/wp-content\/uploads\/2017\/06\/T17L0106-9.jpg?fit=800%2C1200&ssl=1&resize=350%2C200 1x, https:\/\/i0.wp.com\/www.light-style.eu\/Blog\/wp-content\/uploads\/2017\/06\/T17L0106-9.jpg?fit=800%2C1200&ssl=1&resize=525%2C300 1.5x, https:\/\/i0.wp.com\/www.light-style.eu\/Blog\/wp-content\/uploads\/2017\/06\/T17L0106-9.jpg?fit=800%2C1200&ssl=1&resize=700%2C400 2x"},"classes":[]},{"id":5213,"url":"https:\/\/www.light-style.eu\/Blog\/cats-dogs\/","url_meta":{"origin":3101,"position":3},"title":"Cats &#038; Dogs","author":"Andi M\u00f6ller","date":"7. November 2019","format":"status","excerpt":"Jung, alt, gediegen, wild und frech, das waren meine tierischen G\u00e4ste die Tage mal wieder im Studio. Es ging mal wieder tierisch ab im Studio. Nach den gro\u00dfen Katzen in Afrika und dem zweibeinigen K\u00e4tzchen vom letzten Beitrag gibt es heute u.a. auch wieder ein K\u00e4tzchen, allerdings aus dem Genre\u2026","rel":"","context":"In &quot;Alles&quot;","block_context":{"text":"Alles","link":"https:\/\/www.light-style.eu\/Blog\/category\/alles\/"},"img":{"alt_text":"","src":"https:\/\/i0.wp.com\/www.light-style.eu\/Blog\/wp-content\/uploads\/2019\/11\/T19W0110-6.jpg?fit=1200%2C800&ssl=1&resize=350%2C200","width":350,"height":200,"srcset":"https:\/\/i0.wp.com\/www.light-style.eu\/Blog\/wp-content\/uploads\/2019\/11\/T19W0110-6.jpg?fit=1200%2C800&ssl=1&resize=350%2C200 1x, https:\/\/i0.wp.com\/www.light-style.eu\/Blog\/wp-content\/uploads\/2019\/11\/T19W0110-6.jpg?fit=1200%2C800&ssl=1&resize=525%2C300 1.5x, https:\/\/i0.wp.com\/www.light-style.eu\/Blog\/wp-content\/uploads\/2019\/11\/T19W0110-6.jpg?fit=1200%2C800&ssl=1&resize=700%2C400 2x, https:\/\/i0.wp.com\/www.light-style.eu\/Blog\/wp-content\/uploads\/2019\/11\/T19W0110-6.jpg?fit=1200%2C800&ssl=1&resize=1050%2C600 3x"},"classes":[]},{"id":10683,"url":"https:\/\/www.light-style.eu\/Blog\/wilde-hunde-im-kamerafokus\/","url_meta":{"origin":3101,"position":4},"title":"Wilde Hunde im Kamerafokus","author":"Andi M\u00f6ller","date":"19. November 2025","format":"status","excerpt":"Moin, nein, so wild waren sie nicht ;-) . Tierportr\u00e4ts \u2013 Im Studio und Outdoor: Wenn Fell, Federn & Charaktere vor die Kamera treten Tierfotografie ist wie eine Wundert\u00fcte: Man wei\u00df nie genau, was passiert \u2013 aber genau das macht sie so spannend. Egal ob im professionellen Studio mit kontrolliertem\u2026","rel":"","context":"In &quot;Allgemein&quot;","block_context":{"text":"Allgemein","link":"https:\/\/www.light-style.eu\/Blog\/category\/allgemein\/"},"img":{"alt_text":"","src":"https:\/\/i0.wp.com\/www.light-style.eu\/Blog\/wp-content\/uploads\/2025\/11\/TO25K0111-28.jpg?fit=1200%2C800&ssl=1&resize=350%2C200","width":350,"height":200,"srcset":"https:\/\/i0.wp.com\/www.light-style.eu\/Blog\/wp-content\/uploads\/2025\/11\/TO25K0111-28.jpg?fit=1200%2C800&ssl=1&resize=350%2C200 1x, https:\/\/i0.wp.com\/www.light-style.eu\/Blog\/wp-content\/uploads\/2025\/11\/TO25K0111-28.jpg?fit=1200%2C800&ssl=1&resize=525%2C300 1.5x, https:\/\/i0.wp.com\/www.light-style.eu\/Blog\/wp-content\/uploads\/2025\/11\/TO25K0111-28.jpg?fit=1200%2C800&ssl=1&resize=700%2C400 2x, https:\/\/i0.wp.com\/www.light-style.eu\/Blog\/wp-content\/uploads\/2025\/11\/TO25K0111-28.jpg?fit=1200%2C800&ssl=1&resize=1050%2C600 3x"},"classes":[]},{"id":2403,"url":"https:\/\/www.light-style.eu\/Blog\/die-wilde-bestie\/","url_meta":{"origin":3101,"position":5},"title":"Die wilde Bestie ;-)","author":"Andi M\u00f6ller","date":"10. September 2016","format":"status","excerpt":"Moin, heute mal ganz ungewohnt am Samstag , aber die Woche hatte es in sich, nicht nur, dass ich mir meine Website komplett zerschossen hatte. Ein plugin meinte eine wichtige Datei umschreiben zu d\u00fcrfen, und nix ging mehr. Hatte mich 2 Tage Fehlersuche und danach komplette Neuaufsetzung der Website, bis\u2026","rel":"","context":"In &quot;Alles&quot;","block_context":{"text":"Alles","link":"https:\/\/www.light-style.eu\/Blog\/category\/alles\/"},"img":{"alt_text":"","src":"https:\/\/i0.wp.com\/www.light-style.eu\/Blog\/wp-content\/uploads\/2016\/09\/P16F0108-5-Bearbeitet.jpg?fit=667%2C1000&ssl=1&resize=350%2C200","width":350,"height":200,"srcset":"https:\/\/i0.wp.com\/www.light-style.eu\/Blog\/wp-content\/uploads\/2016\/09\/P16F0108-5-Bearbeitet.jpg?fit=667%2C1000&ssl=1&resize=350%2C200 1x, https:\/\/i0.wp.com\/www.light-style.eu\/Blog\/wp-content\/uploads\/2016\/09\/P16F0108-5-Bearbeitet.jpg?fit=667%2C1000&ssl=1&resize=525%2C300 1.5x"},"classes":[]}],"_links":{"self":[{"href":"https:\/\/www.light-style.eu\/Blog\/wp-json\/wp\/v2\/posts\/3101","targetHints":{"allow":["GET"]}}],"collection":[{"href":"https:\/\/www.light-style.eu\/Blog\/wp-json\/wp\/v2\/posts"}],"about":[{"href":"https:\/\/www.light-style.eu\/Blog\/wp-json\/wp\/v2\/types\/post"}],"author":[{"embeddable":true,"href":"https:\/\/www.light-style.eu\/Blog\/wp-json\/wp\/v2\/users\/2"}],"replies":[{"embeddable":true,"href":"https:\/\/www.light-style.eu\/Blog\/wp-json\/wp\/v2\/comments?post=3101"}],"version-history":[{"count":0,"href":"https:\/\/www.light-style.eu\/Blog\/wp-json\/wp\/v2\/posts\/3101\/revisions"}],"wp:featuredmedia":[{"embeddable":true,"href":"https:\/\/www.light-style.eu\/Blog\/wp-json\/wp\/v2\/media\/3106"}],"wp:attachment":[{"href":"https:\/\/www.light-style.eu\/Blog\/wp-json\/wp\/v2\/media?parent=3101"}],"wp:term":[{"taxonomy":"category","embeddable":true,"href":"https:\/\/www.light-style.eu\/Blog\/wp-json\/wp\/v2\/categories?post=3101"},{"taxonomy":"post_tag","embeddable":true,"href":"https:\/\/www.light-style.eu\/Blog\/wp-json\/wp\/v2\/tags?post=3101"}],"curies":[{"name":"wp","href":"https:\/\/api.w.org\/{rel}","templated":true}]}}