{"id":3145,"date":"2017-12-18T11:46:12","date_gmt":"2017-12-18T10:46:12","guid":{"rendered":"http:\/\/www.light-style.eu\/Blog\/?p=3145"},"modified":"2021-03-15T16:34:01","modified_gmt":"2021-03-15T15:34:01","slug":"weihnachtsgruesse-oeffnungszeiten-zw-den-jahren","status":"publish","type":"post","link":"https:\/\/www.light-style.eu\/Blog\/weihnachtsgruesse-oeffnungszeiten-zw-den-jahren\/","title":{"rendered":"Weihnachtsgr\u00fc\u00dfe &#038; \u00d6ffnungszeiten zw. den Jahren"},"content":{"rendered":"<p>So, es ist geschafft. Das Fest steht unmittelbar vor der T\u00fcr und auch das Jahr 2017 verabschiedet sich langsam. Ich w\u00fcnsche Euch Allen von ganzem Herzen ein fr\u00f6hliches Weihnachtsfest und einen gl\u00fccklichen Start ins neue Jahr.<\/p>\n<p><a href=\"https:\/\/i0.wp.com\/www.light-style.eu\/Blog\/wp-content\/uploads\/2017\/12\/Merry-X-mas-2.jpg?ssl=1\"><img data-recalc-dims=\"1\" loading=\"lazy\" decoding=\"async\" data-attachment-id=\"3146\" data-permalink=\"https:\/\/www.light-style.eu\/Blog\/weihnachtsgruesse-oeffnungszeiten-zw-den-jahren\/merry-x-mas-2\/#main\" data-orig-file=\"https:\/\/i0.wp.com\/www.light-style.eu\/Blog\/wp-content\/uploads\/2017\/12\/Merry-X-mas-2.jpg?fit=1200%2C800&amp;ssl=1\" data-orig-size=\"1200,800\" data-comments-opened=\"1\" data-image-meta=\"{&quot;aperture&quot;:&quot;0&quot;,&quot;credit&quot;:&quot;Fotostudio Light-Style,Andi Moel&quot;,&quot;camera&quot;:&quot;&quot;,&quot;caption&quot;:&quot;&quot;,&quot;created_timestamp&quot;:&quot;0&quot;,&quot;copyright&quot;:&quot;www.light-style.eu&quot;,&quot;focal_length&quot;:&quot;0&quot;,&quot;iso&quot;:&quot;0&quot;,&quot;shutter_speed&quot;:&quot;0&quot;,&quot;title&quot;:&quot;&quot;,&quot;orientation&quot;:&quot;0&quot;}\" data-image-title=\"Merry X-mas-2\" data-image-description=\"\" data-image-caption=\"\" data-large-file=\"https:\/\/i0.wp.com\/www.light-style.eu\/Blog\/wp-content\/uploads\/2017\/12\/Merry-X-mas-2.jpg?fit=1170%2C780&amp;ssl=1\" class=\"aligncenter size-large wp-image-3146\" src=\"https:\/\/i0.wp.com\/www.light-style.eu\/Blog\/wp-content\/uploads\/2017\/12\/Merry-X-mas-2.jpg?resize=610%2C407&#038;ssl=1\" alt=\"\" width=\"610\" height=\"407\" \/><\/a><\/p>\n<p>Ich pers\u00f6nlich w\u00fcrde mir f\u00fcr n\u00e4chstes Jahr mal wieder den Weltfrieden w\u00fcnschen, aber mir ist auch klar, nicht alle W\u00fcnsche gehen in Erf\u00fcllung, aber die Hoffnung stirbt bekanntlich zuletzt \ud83d\ude09<\/p>\n<p>Wir sind bis zur letzten Minute , d.h. Samstag 23.12.2017, 12.30 Uhr , f\u00fcr Euch da, damit auch die letzten Fotos und Gutscheine ihren sicheren Platz unterm Baum finden \ud83d\ude09<\/p>\n<p>Zwischen den Jahren bleibt unser Studio geschlossen, ab dem 2.1.2018 ist Beate meine Assistentin dann wieder f\u00fcr Euch da. Ich selbst g\u00f6nne mir noch etwas Auszeit zur Regeneration nach den letzten Wochen. F\u00fcr mich geht es seit langer Zeit mal wieder unter Palmen, Sonne und Meer. Nat\u00fcrlich mit der Kamera, und ich hoffe mit absolut geilen Fotos zur\u00fcck zu kommen. Ab dem 15.1.2018 bin auch ich dann wieder f\u00fcr Euch da. Dies bedeutet, dass wir auch alle gr\u00f6\u00dferen Shootings ab Bewerbungsfotos aufw\u00e4rts f\u00fcr Euch dann wieder ab dem 15.1. machen. Bis dahin gibt es Passfotos und Beratung nat\u00fcrlich von Beate.<\/p>\n<p>Bis zum neuen Jahr dann,<\/p>\n<p>Euer Andi<\/p>\n<p>&nbsp;<\/p>\n<div style='text-align:center' class='yasr-auto-insert-visitor'><!--Yasr Visitor Votes Shortcode--><div id='yasr_visitor_votes_6ffbc9e6e7980' class='yasr-visitor-votes'><div class=\"yasr-custom-text-vv-before yasr-custom-text-vv-before-3145\">Hat es Dir gefallen?<\/div><div id='yasr-vv-second-row-container-6ffbc9e6e7980'\r\n                                        class='yasr-vv-second-row-container'><div id='yasr-visitor-votes-rater-6ffbc9e6e7980'\r\n                                      class='yasr-rater-stars-vv'\r\n                                      data-rater-postid='3145'\r\n                                      data-rating='0'\r\n                                      data-rater-starsize='32'\r\n                                      data-rater-readonly='false'\r\n                                      data-rater-nonce='8f286ef117'\r\n                                      data-issingular='false'\r\n                                    ><\/div><div class=\"yasr-vv-stats-text-container\" id=\"yasr-vv-stats-text-container-6ffbc9e6e7980\"><span id=\"yasr-vv-text-container-6ffbc9e6e7980\" class=\"yasr-vv-text-container\">[Total: <span id=\"yasr-vv-votes-number-container-6ffbc9e6e7980\">0<\/span> Average: <span id=\"yasr-vv-average-container-6ffbc9e6e7980\">0<\/span>]<\/span><\/div><div id='yasr-vv-loader-6ffbc9e6e7980' class='yasr-vv-container-loader'><\/div><\/div><div id='yasr-vv-bottom-container-6ffbc9e6e7980'\r\n                              class='yasr-vv-bottom-container'\r\n                              style='display:none'><\/div><\/div><!--End Yasr Visitor Votes Shortcode--><\/div>","protected":false},"excerpt":{"rendered":"<p>So, es ist geschafft. Das Fest steht unmittelbar vor der T\u00fcr und auch das Jahr 2017 verabschiedet sich langsam. Ich w\u00fcnsche Euch Allen von ganzem Herzen ein fr\u00f6hliches Weihnachtsfest und einen gl\u00fccklichen Start ins neue Jahr. Ich pers\u00f6nlich w\u00fcrde mir f\u00fcr n\u00e4chstes Jahr mal wieder den Weltfrieden w\u00fcnschen, aber mir ist auch klar, nicht alle<span class=\"post-excerpt-end\">&hellip;<\/span><\/p>\n<p class=\"more-link\"><a href=\"https:\/\/www.light-style.eu\/Blog\/weihnachtsgruesse-oeffnungszeiten-zw-den-jahren\/\" class=\"themebutton\">Read More<\/a><\/p>\n","protected":false},"author":2,"featured_media":3146,"comment_status":"open","ping_status":"open","sticky":false,"template":"","format":"status","meta":{"jetpack_post_was_ever_published":false,"yasr_overall_rating":0,"yasr_post_is_review":"","yasr_auto_insert_disabled":"","yasr_review_type":"","_jetpack_newsletter_access":"","_jetpack_dont_email_post_to_subs":false,"_jetpack_newsletter_tier_id":0,"_jetpack_memberships_contains_paywalled_content":false,"_jetpack_memberships_contains_paid_content":false,"footnotes":"","jetpack_publicize_message":"","jetpack_publicize_feature_enabled":true,"jetpack_social_post_already_shared":true,"jetpack_social_options":{"image_generator_settings":{"template":"highway","default_image_id":0,"font":"","enabled":false},"version":2}},"categories":[305,1],"tags":[],"class_list":["post-3145","post","type-post","status-publish","format-status","has-post-thumbnail","hentry","category-alles","category-allgemein","post_format-post-format-status"],"yasr_visitor_votes":{"stars_attributes":{"read_only":false,"span_bottom":false},"number_of_votes":0,"sum_votes":0},"jetpack_publicize_connections":[],"jetpack_featured_media_url":"https:\/\/i0.wp.com\/www.light-style.eu\/Blog\/wp-content\/uploads\/2017\/12\/Merry-X-mas-2.jpg?fit=1200%2C800&ssl=1","jetpack_sharing_enabled":true,"jetpack_shortlink":"https:\/\/wp.me\/p4Ojrv-OJ","jetpack-related-posts":[{"id":5270,"url":"https:\/\/www.light-style.eu\/Blog\/wir-wuenschen-euch-merry-christmas\/","url_meta":{"origin":3145,"position":0},"title":"Wir w\u00fcnschen Euch Merry Christmas","author":"Andi M\u00f6ller","date":"18. Dezember 2019","format":"status","excerpt":"Ho ho ho, es ist so weit, das Jahr 2019 neigt sich dem Ende und \u00fcberraschender Weise f\u00e4llt es dieses Jahr wieder zusammen mit Weihnachten ;-) Von daher von mir f\u00fcr Euch erst einmal: Frohe Weihnachten & einen super Rutsch ins Neue Jahr!! Ich bedanke mich bei all den lieben\u2026","rel":"","context":"In &quot;Allgemein&quot;","block_context":{"text":"Allgemein","link":"https:\/\/www.light-style.eu\/Blog\/category\/allgemein\/"},"img":{"alt_text":"","src":"https:\/\/i0.wp.com\/www.light-style.eu\/Blog\/wp-content\/uploads\/2019\/12\/Weihnachten-2019-1.jpg?fit=1200%2C800&ssl=1&resize=350%2C200","width":350,"height":200,"srcset":"https:\/\/i0.wp.com\/www.light-style.eu\/Blog\/wp-content\/uploads\/2019\/12\/Weihnachten-2019-1.jpg?fit=1200%2C800&ssl=1&resize=350%2C200 1x, https:\/\/i0.wp.com\/www.light-style.eu\/Blog\/wp-content\/uploads\/2019\/12\/Weihnachten-2019-1.jpg?fit=1200%2C800&ssl=1&resize=525%2C300 1.5x, https:\/\/i0.wp.com\/www.light-style.eu\/Blog\/wp-content\/uploads\/2019\/12\/Weihnachten-2019-1.jpg?fit=1200%2C800&ssl=1&resize=700%2C400 2x, https:\/\/i0.wp.com\/www.light-style.eu\/Blog\/wp-content\/uploads\/2019\/12\/Weihnachten-2019-1.jpg?fit=1200%2C800&ssl=1&resize=1050%2C600 3x"},"classes":[]},{"id":5685,"url":"https:\/\/www.light-style.eu\/Blog\/frohe-weihnachten-einen-guten-rutsch-2020-21\/","url_meta":{"origin":3145,"position":1},"title":"Frohe Weihnachten &#038; einen guten Rutsch 2020\/21","author":"Andi M\u00f6ller","date":"22. Dezember 2020","format":"status","excerpt":"Hiermit verabschiede ich mich f\u00fcr dieses Jahr. Ich w\u00fcnsche Euch trotz aller nervigen Umst\u00e4nde ein tolles Weihnachtsfest und einen guten, wenn dieses Jahr auch stillen Rutsch ins neue Jahr. Uns Allen w\u00fcnsche ich, dass es in 2021 schnell bergauf geht und wir schnellstm\u00f6glich zu unserem gewohnten Leben zur\u00fcckkehren k\u00f6nnen. Ich\u2026","rel":"","context":"In &quot;Alles&quot;","block_context":{"text":"Alles","link":"https:\/\/www.light-style.eu\/Blog\/category\/alles\/"},"img":{"alt_text":"","src":"https:\/\/i0.wp.com\/www.light-style.eu\/Blog\/wp-content\/uploads\/2020\/12\/Weihnachten-2020-2.jpg?fit=1200%2C800&ssl=1&resize=350%2C200","width":350,"height":200,"srcset":"https:\/\/i0.wp.com\/www.light-style.eu\/Blog\/wp-content\/uploads\/2020\/12\/Weihnachten-2020-2.jpg?fit=1200%2C800&ssl=1&resize=350%2C200 1x, https:\/\/i0.wp.com\/www.light-style.eu\/Blog\/wp-content\/uploads\/2020\/12\/Weihnachten-2020-2.jpg?fit=1200%2C800&ssl=1&resize=525%2C300 1.5x, https:\/\/i0.wp.com\/www.light-style.eu\/Blog\/wp-content\/uploads\/2020\/12\/Weihnachten-2020-2.jpg?fit=1200%2C800&ssl=1&resize=700%2C400 2x, https:\/\/i0.wp.com\/www.light-style.eu\/Blog\/wp-content\/uploads\/2020\/12\/Weihnachten-2020-2.jpg?fit=1200%2C800&ssl=1&resize=1050%2C600 3x"},"classes":[]},{"id":2569,"url":"https:\/\/www.light-style.eu\/Blog\/das-x-mas-fest-geht-weiter\/","url_meta":{"origin":3145,"position":2},"title":"Das x-mas Fest geht weiter","author":"Andi M\u00f6ller","date":"13. Dezember 2016","format":"status","excerpt":"Ich wei\u00df , die Kerle unter Euch werden mich hassen, aber die Damen werden es lieben. ;-) Weil ich so in Weihnachtsstimmung bin, gibt es hier die Fortsetzung von letzter Woche. Somit pr\u00e4sentiere ich Euch heute noch ein paar Fotos von \"Davor\". Wieder einmal habe ich Wert darauf gelegt, nicht\u2026","rel":"","context":"In &quot;Aktfotos&quot;","block_context":{"text":"Aktfotos","link":"https:\/\/www.light-style.eu\/Blog\/category\/aktfotos\/"},"img":{"alt_text":"","src":"https:\/\/i0.wp.com\/www.light-style.eu\/Blog\/wp-content\/uploads\/2016\/12\/Davor-422.jpg?fit=1200%2C800&ssl=1&resize=350%2C200","width":350,"height":200,"srcset":"https:\/\/i0.wp.com\/www.light-style.eu\/Blog\/wp-content\/uploads\/2016\/12\/Davor-422.jpg?fit=1200%2C800&ssl=1&resize=350%2C200 1x, https:\/\/i0.wp.com\/www.light-style.eu\/Blog\/wp-content\/uploads\/2016\/12\/Davor-422.jpg?fit=1200%2C800&ssl=1&resize=525%2C300 1.5x, https:\/\/i0.wp.com\/www.light-style.eu\/Blog\/wp-content\/uploads\/2016\/12\/Davor-422.jpg?fit=1200%2C800&ssl=1&resize=700%2C400 2x, https:\/\/i0.wp.com\/www.light-style.eu\/Blog\/wp-content\/uploads\/2016\/12\/Davor-422.jpg?fit=1200%2C800&ssl=1&resize=1050%2C600 3x"},"classes":[]},{"id":6001,"url":"https:\/\/www.light-style.eu\/Blog\/alte-fotos-aufarbeiten\/","url_meta":{"origin":3145,"position":3},"title":"Alte Fotos aufarbeiten","author":"Andi M\u00f6ller","date":"1. April 2021","format":false,"excerpt":"Moin , moin, so kurz vor Ostern nochmal etwas von mir, auf die Schnelle ;-) Als ich vor 14 Jahren das Studio hier in Rodenbach er\u00f6ffnet habe, kam auch jemand vorbei mit der Bitte ein Passfoto f\u00fcr eine Beerdigung aufzuarbeiten. Also Hintergrund anders, Gesicht etwas retuschieren und vor Allem f\u00fcr\u2026","rel":"","context":"In &quot;Alles&quot;","block_context":{"text":"Alles","link":"https:\/\/www.light-style.eu\/Blog\/category\/alles\/"},"img":{"alt_text":"","src":"https:\/\/i0.wp.com\/www.light-style.eu\/Blog\/wp-content\/uploads\/2021\/04\/alte-Fotos-recolorieren.jpg?fit=1200%2C556&ssl=1&resize=350%2C200","width":350,"height":200,"srcset":"https:\/\/i0.wp.com\/www.light-style.eu\/Blog\/wp-content\/uploads\/2021\/04\/alte-Fotos-recolorieren.jpg?fit=1200%2C556&ssl=1&resize=350%2C200 1x, https:\/\/i0.wp.com\/www.light-style.eu\/Blog\/wp-content\/uploads\/2021\/04\/alte-Fotos-recolorieren.jpg?fit=1200%2C556&ssl=1&resize=525%2C300 1.5x, https:\/\/i0.wp.com\/www.light-style.eu\/Blog\/wp-content\/uploads\/2021\/04\/alte-Fotos-recolorieren.jpg?fit=1200%2C556&ssl=1&resize=700%2C400 2x, https:\/\/i0.wp.com\/www.light-style.eu\/Blog\/wp-content\/uploads\/2021\/04\/alte-Fotos-recolorieren.jpg?fit=1200%2C556&ssl=1&resize=1050%2C600 3x"},"classes":[]},{"id":3080,"url":"https:\/\/www.light-style.eu\/Blog\/keine-08-15-portraets\/","url_meta":{"origin":3145,"position":4},"title":"keine 08\/15 Portr\u00e4ts ?","author":"Andi M\u00f6ller","date":"21. November 2017","format":"status","excerpt":"Hey ihr da drau\u00dfen, ich hoffe Ihr seid trotz des Sauwetters gut drauf und fit. So langsam geht es in den Endspurt des Jahres 2017. Daher, wie alle Jahre wieder geht es auch mal wieder um besondere Weihnachtsgeschenke ;-) Ja es ist wirklich schon wieder so weit ;-) Aber warum\u2026","rel":"","context":"In &quot;Alles&quot;","block_context":{"text":"Alles","link":"https:\/\/www.light-style.eu\/Blog\/category\/alles\/"},"img":{"alt_text":"","src":"https:\/\/i0.wp.com\/www.light-style.eu\/Blog\/wp-content\/uploads\/2017\/11\/Winterstimmung-1-31.jpg?fit=800%2C1200&ssl=1&resize=350%2C200","width":350,"height":200,"srcset":"https:\/\/i0.wp.com\/www.light-style.eu\/Blog\/wp-content\/uploads\/2017\/11\/Winterstimmung-1-31.jpg?fit=800%2C1200&ssl=1&resize=350%2C200 1x, https:\/\/i0.wp.com\/www.light-style.eu\/Blog\/wp-content\/uploads\/2017\/11\/Winterstimmung-1-31.jpg?fit=800%2C1200&ssl=1&resize=525%2C300 1.5x, https:\/\/i0.wp.com\/www.light-style.eu\/Blog\/wp-content\/uploads\/2017\/11\/Winterstimmung-1-31.jpg?fit=800%2C1200&ssl=1&resize=700%2C400 2x"},"classes":[]},{"id":1509,"url":"https:\/\/www.light-style.eu\/Blog\/happy-halloween\/","url_meta":{"origin":3145,"position":5},"title":"Happy halloween","author":"Andi M\u00f6ller","date":"30. Oktober 2015","format":"status","excerpt":"moin zusammen, es ist wieder soweit am Samstag steigt \u00fcberall die Halloweenparty. Ich selbst werde mich wohl zur letzten Halloweenparty hier in Rodenbach in der Scheuer mit der Clique begeben. Und f\u00fcr was eignet sich diese Zeit besser um sich mal wieder selbst zu verarschen ;-) Daher hatte ich solche\u2026","rel":"","context":"In &quot;abseits des Alltags&quot;","block_context":{"text":"abseits des Alltags","link":"https:\/\/www.light-style.eu\/Blog\/category\/abseits-des-alltags\/"},"img":{"alt_text":"","src":"https:\/\/i0.wp.com\/www.light-style.eu\/Blog\/wp-content\/uploads\/2015\/10\/Halloweengru%C3%9F-1.jpg?fit=500%2C333&ssl=1&resize=350%2C200","width":350,"height":200},"classes":[]}],"_links":{"self":[{"href":"https:\/\/www.light-style.eu\/Blog\/wp-json\/wp\/v2\/posts\/3145","targetHints":{"allow":["GET"]}}],"collection":[{"href":"https:\/\/www.light-style.eu\/Blog\/wp-json\/wp\/v2\/posts"}],"about":[{"href":"https:\/\/www.light-style.eu\/Blog\/wp-json\/wp\/v2\/types\/post"}],"author":[{"embeddable":true,"href":"https:\/\/www.light-style.eu\/Blog\/wp-json\/wp\/v2\/users\/2"}],"replies":[{"embeddable":true,"href":"https:\/\/www.light-style.eu\/Blog\/wp-json\/wp\/v2\/comments?post=3145"}],"version-history":[{"count":0,"href":"https:\/\/www.light-style.eu\/Blog\/wp-json\/wp\/v2\/posts\/3145\/revisions"}],"wp:featuredmedia":[{"embeddable":true,"href":"https:\/\/www.light-style.eu\/Blog\/wp-json\/wp\/v2\/media\/3146"}],"wp:attachment":[{"href":"https:\/\/www.light-style.eu\/Blog\/wp-json\/wp\/v2\/media?parent=3145"}],"wp:term":[{"taxonomy":"category","embeddable":true,"href":"https:\/\/www.light-style.eu\/Blog\/wp-json\/wp\/v2\/categories?post=3145"},{"taxonomy":"post_tag","embeddable":true,"href":"https:\/\/www.light-style.eu\/Blog\/wp-json\/wp\/v2\/tags?post=3145"}],"curies":[{"name":"wp","href":"https:\/\/api.w.org\/{rel}","templated":true}]}}