{"id":320,"date":"2014-07-12T15:10:42","date_gmt":"2014-07-12T13:10:42","guid":{"rendered":"http:\/\/www.light-style.eu\/Blog\/?p=320"},"modified":"2019-01-14T19:38:52","modified_gmt":"2019-01-14T18:38:52","slug":"neue-website","status":"publish","type":"post","link":"https:\/\/www.light-style.eu\/Blog\/neue-website\/","title":{"rendered":"neue Website"},"content":{"rendered":"<p>Hi nachdem ich mit dem letzten Facelifting der Website nicht wirklich zufrieden war, hab ich mich nun die Tage drangesetzt und sie von grundauf neu gestaltet. Wenn Ihr Fehler entdeckt w\u00e4re es super wenn Ihr mir die einfach als Kommentar mitteilt. Ich werde die Seite in den n\u00e4chsten Minuten scharf schalten, auch wenn sie noch nicht 100%ig fertig ist. Denke den Rest schaffe ich dann am Montag. Teilt mir doch einfach mal mit was Ihr denkt.<\/p>\n<p>Gebt mir noch ein paar Minuten bis alles steht .<\/p>\n<p>Euer Andi<\/p>\n<div style='text-align:center' class='yasr-auto-insert-visitor'><!--Yasr Visitor Votes Shortcode--><div id='yasr_visitor_votes_1f669f2d9e028' class='yasr-visitor-votes'><div class=\"yasr-custom-text-vv-before yasr-custom-text-vv-before-320\">Hat es Dir gefallen?<\/div><div id='yasr-vv-second-row-container-1f669f2d9e028'\r\n                                        class='yasr-vv-second-row-container'><div id='yasr-visitor-votes-rater-1f669f2d9e028'\r\n                                      class='yasr-rater-stars-vv'\r\n                                      data-rater-postid='320'\r\n                                      data-rating='0'\r\n                                      data-rater-starsize='32'\r\n                                      data-rater-readonly='false'\r\n                                      data-rater-nonce='7770fceba6'\r\n                                      data-issingular='false'\r\n                                    ><\/div><div class=\"yasr-vv-stats-text-container\" id=\"yasr-vv-stats-text-container-1f669f2d9e028\"><span id=\"yasr-vv-text-container-1f669f2d9e028\" class=\"yasr-vv-text-container\">[Total: <span id=\"yasr-vv-votes-number-container-1f669f2d9e028\">0<\/span> Average: <span id=\"yasr-vv-average-container-1f669f2d9e028\">0<\/span>]<\/span><\/div><div id='yasr-vv-loader-1f669f2d9e028' class='yasr-vv-container-loader'><\/div><\/div><div id='yasr-vv-bottom-container-1f669f2d9e028'\r\n                              class='yasr-vv-bottom-container'\r\n                              style='display:none'><\/div><\/div><!--End Yasr Visitor Votes Shortcode--><\/div>","protected":false},"excerpt":{"rendered":"<p>Hi nachdem ich mit dem letzten Facelifting der Website nicht wirklich zufrieden war, hab ich mich nun die Tage drangesetzt und sie von grundauf neu gestaltet. Wenn Ihr Fehler entdeckt w\u00e4re es super wenn Ihr mir die einfach als Kommentar mitteilt. Ich werde die Seite in den n\u00e4chsten Minuten scharf schalten, auch wenn sie noch<span class=\"post-excerpt-end\">&hellip;<\/span><\/p>\n<p class=\"more-link\"><a href=\"https:\/\/www.light-style.eu\/Blog\/neue-website\/\" class=\"themebutton\">Read More<\/a><\/p>\n","protected":false},"author":2,"featured_media":272,"comment_status":"open","ping_status":"open","sticky":false,"template":"","format":"aside","meta":{"jetpack_post_was_ever_published":false,"yasr_overall_rating":0,"yasr_post_is_review":"","yasr_auto_insert_disabled":"","yasr_review_type":"","_jetpack_newsletter_access":"","_jetpack_dont_email_post_to_subs":false,"_jetpack_newsletter_tier_id":0,"_jetpack_memberships_contains_paywalled_content":false,"_jetpack_memberships_contains_paid_content":false,"footnotes":"","jetpack_publicize_message":"","jetpack_publicize_feature_enabled":true,"jetpack_social_post_already_shared":true,"jetpack_social_options":{"image_generator_settings":{"template":"highway","default_image_id":0,"font":"","enabled":false},"version":2}},"categories":[1],"tags":[],"class_list":["post-320","post","type-post","status-publish","format-aside","has-post-thumbnail","hentry","category-allgemein","post_format-post-format-aside"],"yasr_visitor_votes":{"stars_attributes":{"read_only":false,"span_bottom":false},"number_of_votes":0,"sum_votes":0},"jetpack_publicize_connections":[],"jetpack_featured_media_url":"https:\/\/i0.wp.com\/www.light-style.eu\/Blog\/wp-content\/uploads\/2014\/06\/kein-Beitragsbild.jpg?fit=360%2C240&ssl=1","jetpack_sharing_enabled":true,"jetpack_shortlink":"https:\/\/wp.me\/p4Ojrv-5a","jetpack-related-posts":[{"id":8240,"url":"https:\/\/www.light-style.eu\/Blog\/schoene-neue-welt-kis-in-der-kunst\/","url_meta":{"origin":320,"position":0},"title":"Sch\u00f6ne neue Welt? KI`s in der Kunst","author":"Andi M\u00f6ller","date":"25. April 2024","format":"status","excerpt":"Moin, moin, sie sind ja aktuell in jedermanns Mund, viele benutzen sie und es gibt viel pro & Contra. Ich spreche von den KIs ( k\u00fcnstliche Intelligenz) oder AIs auf englisch. In den social Medias wird man geradezu bombardiert mit KI generiertem Content. Auf Instagram, hab ich auch erst gedacht,\u2026","rel":"","context":"In &quot;abseits des Alltags&quot;","block_context":{"text":"abseits des Alltags","link":"https:\/\/www.light-style.eu\/Blog\/category\/abseits-des-alltags\/"},"img":{"alt_text":"","src":"https:\/\/i0.wp.com\/www.light-style.eu\/Blog\/wp-content\/uploads\/2024\/04\/werbefoto-garnelen.jpg?fit=1200%2C798&ssl=1&resize=350%2C200","width":350,"height":200,"srcset":"https:\/\/i0.wp.com\/www.light-style.eu\/Blog\/wp-content\/uploads\/2024\/04\/werbefoto-garnelen.jpg?fit=1200%2C798&ssl=1&resize=350%2C200 1x, https:\/\/i0.wp.com\/www.light-style.eu\/Blog\/wp-content\/uploads\/2024\/04\/werbefoto-garnelen.jpg?fit=1200%2C798&ssl=1&resize=525%2C300 1.5x, https:\/\/i0.wp.com\/www.light-style.eu\/Blog\/wp-content\/uploads\/2024\/04\/werbefoto-garnelen.jpg?fit=1200%2C798&ssl=1&resize=700%2C400 2x, https:\/\/i0.wp.com\/www.light-style.eu\/Blog\/wp-content\/uploads\/2024\/04\/werbefoto-garnelen.jpg?fit=1200%2C798&ssl=1&resize=1050%2C600 3x"},"classes":[]},{"id":6032,"url":"https:\/\/www.light-style.eu\/Blog\/nur-dein-geist-ist-dein-limit\/","url_meta":{"origin":320,"position":1},"title":"Nur Dein Geist ist Dein Limit","author":"Andi M\u00f6ller","date":"11. Mai 2021","format":false,"excerpt":"Moin moin, heute wird es mal wieder sportlich, zumindest vom fotografischen Thema her. Als ich vor wenigen Wochen Businessfotos f\u00fcr eine Fitnesstrainerin machen durfte, diese aber nicht ver\u00f6ffentlichen darf, kamen mir wieder Fotos in den Sinn, welche ich schon l\u00e4nger mal machen wollte. Eigentlich hatte ich eine junge, h\u00fcbsche Frau\u2026","rel":"","context":"In &quot;besondere Portr\u00e4ts&quot;","block_context":{"text":"besondere Portr\u00e4ts","link":"https:\/\/www.light-style.eu\/Blog\/category\/besondere-portraets\/"},"img":{"alt_text":"","src":"https:\/\/i0.wp.com\/www.light-style.eu\/Blog\/wp-content\/uploads\/2021\/05\/Sportlerfotos-Boxen-8.jpg?fit=1200%2C800&ssl=1&resize=350%2C200","width":350,"height":200,"srcset":"https:\/\/i0.wp.com\/www.light-style.eu\/Blog\/wp-content\/uploads\/2021\/05\/Sportlerfotos-Boxen-8.jpg?fit=1200%2C800&ssl=1&resize=350%2C200 1x, https:\/\/i0.wp.com\/www.light-style.eu\/Blog\/wp-content\/uploads\/2021\/05\/Sportlerfotos-Boxen-8.jpg?fit=1200%2C800&ssl=1&resize=525%2C300 1.5x, https:\/\/i0.wp.com\/www.light-style.eu\/Blog\/wp-content\/uploads\/2021\/05\/Sportlerfotos-Boxen-8.jpg?fit=1200%2C800&ssl=1&resize=700%2C400 2x, https:\/\/i0.wp.com\/www.light-style.eu\/Blog\/wp-content\/uploads\/2021\/05\/Sportlerfotos-Boxen-8.jpg?fit=1200%2C800&ssl=1&resize=1050%2C600 3x"},"classes":[]},{"id":4588,"url":"https:\/\/www.light-style.eu\/Blog\/richtig-oder-billig\/","url_meta":{"origin":320,"position":2},"title":"Richtig oder Billig ??","author":"Andi M\u00f6ller","date":"7. Mai 2019","format":"status","excerpt":"Billigfoto oder Werbefoto? Dies entscheidet zum Gro\u00dfteil mit \u00fcber den Gesch\u00e4ftserfolg......","rel":"","context":"In &quot;Alles&quot;","block_context":{"text":"Alles","link":"https:\/\/www.light-style.eu\/Blog\/category\/alles\/"},"img":{"alt_text":"","src":"https:\/\/i0.wp.com\/www.light-style.eu\/Blog\/wp-content\/uploads\/2019\/05\/Sportschuh-1-2.jpg?fit=1200%2C800&ssl=1&resize=350%2C200","width":350,"height":200,"srcset":"https:\/\/i0.wp.com\/www.light-style.eu\/Blog\/wp-content\/uploads\/2019\/05\/Sportschuh-1-2.jpg?fit=1200%2C800&ssl=1&resize=350%2C200 1x, https:\/\/i0.wp.com\/www.light-style.eu\/Blog\/wp-content\/uploads\/2019\/05\/Sportschuh-1-2.jpg?fit=1200%2C800&ssl=1&resize=525%2C300 1.5x, https:\/\/i0.wp.com\/www.light-style.eu\/Blog\/wp-content\/uploads\/2019\/05\/Sportschuh-1-2.jpg?fit=1200%2C800&ssl=1&resize=700%2C400 2x, https:\/\/i0.wp.com\/www.light-style.eu\/Blog\/wp-content\/uploads\/2019\/05\/Sportschuh-1-2.jpg?fit=1200%2C800&ssl=1&resize=1050%2C600 3x"},"classes":[]},{"id":5565,"url":"https:\/\/www.light-style.eu\/Blog\/einschulung-2020\/","url_meta":{"origin":320,"position":3},"title":"Einschulung 2020","author":"Andi M\u00f6ller","date":"30. Juni 2020","format":"status","excerpt":"Moin moin, bald ist wieder Einschulung angesagt. Der erste Tag der Kleinsten auf dem Weg in einen neuen Lebensabschnitt. Am 18.8. 2020 ist dieses Jahr, in Hessen, dieser gro\u00dfe Tag. Schult\u00fcte, gro\u00dfe Augen, Stolz, Freude und auch etwas Unsicherheit, all dies besch\u00e4ftigt die Zwerge an diesem Tag. Lasst uns gemeinsam\u2026","rel":"","context":"In &quot;Alles&quot;","block_context":{"text":"Alles","link":"https:\/\/www.light-style.eu\/Blog\/category\/alles\/"},"img":{"alt_text":"","src":"https:\/\/i0.wp.com\/www.light-style.eu\/Blog\/wp-content\/uploads\/2020\/06\/P19M0108-13.jpg?fit=1200%2C800&ssl=1&resize=350%2C200","width":350,"height":200,"srcset":"https:\/\/i0.wp.com\/www.light-style.eu\/Blog\/wp-content\/uploads\/2020\/06\/P19M0108-13.jpg?fit=1200%2C800&ssl=1&resize=350%2C200 1x, https:\/\/i0.wp.com\/www.light-style.eu\/Blog\/wp-content\/uploads\/2020\/06\/P19M0108-13.jpg?fit=1200%2C800&ssl=1&resize=525%2C300 1.5x, https:\/\/i0.wp.com\/www.light-style.eu\/Blog\/wp-content\/uploads\/2020\/06\/P19M0108-13.jpg?fit=1200%2C800&ssl=1&resize=700%2C400 2x, https:\/\/i0.wp.com\/www.light-style.eu\/Blog\/wp-content\/uploads\/2020\/06\/P19M0108-13.jpg?fit=1200%2C800&ssl=1&resize=1050%2C600 3x"},"classes":[]},{"id":709,"url":"https:\/\/www.light-style.eu\/Blog\/ebayfoto-standard-oder-das-schnelle-produktfoto\/","url_meta":{"origin":320,"position":4},"title":"Ebayfoto-Standard oder das schnelle Produktfoto","author":"Andi M\u00f6ller","date":"28. April 2015","format":"image","excerpt":"Wer mich kennt, wei\u00df ja dass ich mal gelegentlich ganz gern etwas ketzerisch bin ;-) In Zeiten von g\u00fcnstigen Kameras f\u00fcr Jedermann, ist die Flut an ebaygerechten Produktfotos un\u00fcbersehbar. Ich rede hier jetzt nicht von den Privatverk\u00e4ufen, aber vielleicht nimmt der eine oder Andere ja trotzdem f\u00fcr seinen n\u00e4chsten Verkauf\u2026","rel":"","context":"In &quot;Fototips&quot;","block_context":{"text":"Fototips","link":"https:\/\/www.light-style.eu\/Blog\/category\/fototips\/"},"img":{"alt_text":"","src":"https:\/\/i0.wp.com\/www.light-style.eu\/Blog\/wp-content\/uploads\/2015\/04\/Tee1.jpg?fit=500%2C333&ssl=1&resize=350%2C200","width":350,"height":200},"classes":[]},{"id":2734,"url":"https:\/\/www.light-style.eu\/Blog\/altes-zum-leben-erweckt\/","url_meta":{"origin":320,"position":5},"title":"Altes zum Leben erweckt","author":"Andi M\u00f6ller","date":"2. Mai 2017","format":false,"excerpt":"Moin moin, Am langen Wochenende hab ich mir mal meinen kleinen Sohn als Assistenten geschnappt ( ja ich wei\u00df Kinderarbeit ist verboten ;-)\u00a0 ) und eine Idee umgesetzt die sich mir im Winter offenbart hatte ;-) Mal etwas abseits von Models und lebenden Objekten ;-) es ging diesmal etwas heimatverbundener\u2026","rel":"","context":"In &quot;abseits des Alltags&quot;","block_context":{"text":"abseits des Alltags","link":"https:\/\/www.light-style.eu\/Blog\/category\/abseits-des-alltags\/"},"img":{"alt_text":"","src":"https:\/\/i0.wp.com\/www.light-style.eu\/Blog\/wp-content\/uploads\/2017\/05\/Rodenbacher-Klosterruine-109.jpg?fit=1200%2C800&ssl=1&resize=350%2C200","width":350,"height":200,"srcset":"https:\/\/i0.wp.com\/www.light-style.eu\/Blog\/wp-content\/uploads\/2017\/05\/Rodenbacher-Klosterruine-109.jpg?fit=1200%2C800&ssl=1&resize=350%2C200 1x, https:\/\/i0.wp.com\/www.light-style.eu\/Blog\/wp-content\/uploads\/2017\/05\/Rodenbacher-Klosterruine-109.jpg?fit=1200%2C800&ssl=1&resize=525%2C300 1.5x, https:\/\/i0.wp.com\/www.light-style.eu\/Blog\/wp-content\/uploads\/2017\/05\/Rodenbacher-Klosterruine-109.jpg?fit=1200%2C800&ssl=1&resize=700%2C400 2x, https:\/\/i0.wp.com\/www.light-style.eu\/Blog\/wp-content\/uploads\/2017\/05\/Rodenbacher-Klosterruine-109.jpg?fit=1200%2C800&ssl=1&resize=1050%2C600 3x"},"classes":[]}],"_links":{"self":[{"href":"https:\/\/www.light-style.eu\/Blog\/wp-json\/wp\/v2\/posts\/320","targetHints":{"allow":["GET"]}}],"collection":[{"href":"https:\/\/www.light-style.eu\/Blog\/wp-json\/wp\/v2\/posts"}],"about":[{"href":"https:\/\/www.light-style.eu\/Blog\/wp-json\/wp\/v2\/types\/post"}],"author":[{"embeddable":true,"href":"https:\/\/www.light-style.eu\/Blog\/wp-json\/wp\/v2\/users\/2"}],"replies":[{"embeddable":true,"href":"https:\/\/www.light-style.eu\/Blog\/wp-json\/wp\/v2\/comments?post=320"}],"version-history":[{"count":0,"href":"https:\/\/www.light-style.eu\/Blog\/wp-json\/wp\/v2\/posts\/320\/revisions"}],"wp:featuredmedia":[{"embeddable":true,"href":"https:\/\/www.light-style.eu\/Blog\/wp-json\/wp\/v2\/media\/272"}],"wp:attachment":[{"href":"https:\/\/www.light-style.eu\/Blog\/wp-json\/wp\/v2\/media?parent=320"}],"wp:term":[{"taxonomy":"category","embeddable":true,"href":"https:\/\/www.light-style.eu\/Blog\/wp-json\/wp\/v2\/categories?post=320"},{"taxonomy":"post_tag","embeddable":true,"href":"https:\/\/www.light-style.eu\/Blog\/wp-json\/wp\/v2\/tags?post=320"}],"curies":[{"name":"wp","href":"https:\/\/api.w.org\/{rel}","templated":true}]}}