{"id":329,"date":"2014-07-14T12:31:18","date_gmt":"2014-07-14T10:31:18","guid":{"rendered":"http:\/\/www.light-style.eu\/Blog\/?p=329"},"modified":"2019-01-14T19:37:43","modified_gmt":"2019-01-14T18:37:43","slug":"wir-haben-ihn-lieb-unseren-deutschen-fussball","status":"publish","type":"post","link":"https:\/\/www.light-style.eu\/Blog\/wir-haben-ihn-lieb-unseren-deutschen-fussball\/","title":{"rendered":"Wir haben ihn lieb &#8212; unseren deutschen Fu\u00dfball ;-)"},"content":{"rendered":"<p><a href=\"https:\/\/i0.wp.com\/www.light-style.eu\/Blog\/wp-content\/uploads\/2014\/07\/Fussballbauch.jpg?ssl=1\"><img data-recalc-dims=\"1\" loading=\"lazy\" decoding=\"async\" data-attachment-id=\"334\" data-permalink=\"https:\/\/www.light-style.eu\/Blog\/wir-haben-ihn-lieb-unseren-deutschen-fussball\/fussballbauch\/#main\" data-orig-file=\"https:\/\/i0.wp.com\/www.light-style.eu\/Blog\/wp-content\/uploads\/2014\/07\/Fussballbauch.jpg?fit=800%2C1200&amp;ssl=1\" data-orig-size=\"800,1200\" data-comments-opened=\"1\" data-image-meta=\"{&quot;aperture&quot;:&quot;10&quot;,&quot;credit&quot;:&quot;Fotostudio Light-Style&quot;,&quot;camera&quot;:&quot;Canon EOS 20D&quot;,&quot;caption&quot;:&quot;&quot;,&quot;created_timestamp&quot;:&quot;1211539832&quot;,&quot;copyright&quot;:&quot;www.light-style.eu&quot;,&quot;focal_length&quot;:&quot;109&quot;,&quot;iso&quot;:&quot;100&quot;,&quot;shutter_speed&quot;:&quot;0.004&quot;,&quot;title&quot;:&quot;&quot;,&quot;orientation&quot;:&quot;1&quot;}\" data-image-title=\"Fussballbauch\" data-image-description=\"\" data-image-caption=\"\" data-large-file=\"https:\/\/i0.wp.com\/www.light-style.eu\/Blog\/wp-content\/uploads\/2014\/07\/Fussballbauch.jpg?fit=800%2C1200&amp;ssl=1\" class=\"alignnone size-full wp-image-334\" src=\"https:\/\/i0.wp.com\/www.light-style.eu\/Blog\/wp-content\/uploads\/2014\/07\/Fussballbauch.jpg?resize=800%2C1200&#038;ssl=1\" alt=\"Fussballbauch\" width=\"800\" height=\"1200\" srcset=\"https:\/\/i0.wp.com\/www.light-style.eu\/Blog\/wp-content\/uploads\/2014\/07\/Fussballbauch.jpg?w=800&amp;ssl=1 800w, https:\/\/i0.wp.com\/www.light-style.eu\/Blog\/wp-content\/uploads\/2014\/07\/Fussballbauch.jpg?resize=400%2C600&amp;ssl=1 400w, https:\/\/i0.wp.com\/www.light-style.eu\/Blog\/wp-content\/uploads\/2014\/07\/Fussballbauch.jpg?resize=768%2C1152&amp;ssl=1 768w\" sizes=\"auto, (max-width: 800px) 100vw, 800px\" \/><\/a><\/p>\n<p>Kleine Spielerei auf die Schnelle am Mittag, wir lieben einfach unseren deutschen Fu\u00dfball \ud83d\ude09<\/p>\n<p>So und nun widme ich mich wieder der Arbeit \ud83d\ude1b<\/p>\n<p>Euer Andi<\/p>\n<div style='text-align:center' class='yasr-auto-insert-visitor'><!--Yasr Visitor Votes Shortcode--><div id='yasr_visitor_votes_79802ff67384f' class='yasr-visitor-votes'><div class=\"yasr-custom-text-vv-before yasr-custom-text-vv-before-329\">Hat es Dir gefallen?<\/div><div id='yasr-vv-second-row-container-79802ff67384f'\r\n                                        class='yasr-vv-second-row-container'><div id='yasr-visitor-votes-rater-79802ff67384f'\r\n                                      class='yasr-rater-stars-vv'\r\n                                      data-rater-postid='329'\r\n                                      data-rating='0'\r\n                                      data-rater-starsize='32'\r\n                                      data-rater-readonly='false'\r\n                                      data-rater-nonce='59e9d3e8b6'\r\n                                      data-issingular='false'\r\n                                    ><\/div><div class=\"yasr-vv-stats-text-container\" id=\"yasr-vv-stats-text-container-79802ff67384f\"><span id=\"yasr-vv-text-container-79802ff67384f\" class=\"yasr-vv-text-container\">[Total: <span id=\"yasr-vv-votes-number-container-79802ff67384f\">0<\/span> Average: <span id=\"yasr-vv-average-container-79802ff67384f\">0<\/span>]<\/span><\/div><div id='yasr-vv-loader-79802ff67384f' class='yasr-vv-container-loader'><\/div><\/div><div id='yasr-vv-bottom-container-79802ff67384f'\r\n                              class='yasr-vv-bottom-container'\r\n                              style='display:none'><\/div><\/div><!--End Yasr Visitor Votes Shortcode--><\/div>","protected":false},"excerpt":{"rendered":"<p>Kleine Spielerei auf die Schnelle am Mittag, wir lieben einfach unseren deutschen Fu\u00dfball \ud83d\ude09 So und nun widme ich mich wieder der Arbeit \ud83d\ude1b Euer Andi Hat es Dir gefallen?[Total: 0 Average: 0]<\/p>\n","protected":false},"author":2,"featured_media":334,"comment_status":"open","ping_status":"open","sticky":false,"template":"","format":"status","meta":{"jetpack_post_was_ever_published":false,"yasr_overall_rating":0,"yasr_post_is_review":"","yasr_auto_insert_disabled":"","yasr_review_type":"","_jetpack_newsletter_access":"","_jetpack_dont_email_post_to_subs":false,"_jetpack_newsletter_tier_id":0,"_jetpack_memberships_contains_paywalled_content":false,"_jetpack_memberships_contains_paid_content":false,"footnotes":"","jetpack_publicize_message":"","jetpack_publicize_feature_enabled":true,"jetpack_social_post_already_shared":true,"jetpack_social_options":{"image_generator_settings":{"template":"highway","default_image_id":0,"font":"","enabled":false},"version":2}},"categories":[1],"tags":[185,28,184],"class_list":["post-329","post","type-post","status-publish","format-status","has-post-thumbnail","hentry","category-allgemein","tag-allgemein","tag-babybauch","tag-fussball","post_format-post-format-status"],"yasr_visitor_votes":{"stars_attributes":{"read_only":false,"span_bottom":false},"number_of_votes":0,"sum_votes":0},"jetpack_publicize_connections":[],"jetpack_featured_media_url":"https:\/\/i0.wp.com\/www.light-style.eu\/Blog\/wp-content\/uploads\/2014\/07\/Fussballbauch.jpg?fit=800%2C1200&ssl=1","jetpack_sharing_enabled":true,"jetpack_shortlink":"https:\/\/wp.me\/p4Ojrv-5j","jetpack-related-posts":[{"id":2148,"url":"https:\/\/www.light-style.eu\/Blog\/babybauchfotos-fotos-die-das-leben-bejahen\/","url_meta":{"origin":329,"position":0},"title":"Babybauchfotos &#8211; Fotos die das Leben bejahen","author":"Andi M\u00f6ller","date":"21. Juni 2016","format":"status","excerpt":"Da werden H\u00e4nde sein, die Dich tragen und Arme, in denen Du sicher bist und Menschen, die Dir ohne Fragen zeigen, dass Du willkommen bist. ( Verfasser unbekannt, aber er hat mir gefallen) Moin, gestern hatte ich wieder ein traumhaftes Paar im Studio welches ihre Babybauchfotos angeschaut haben, es war\u2026","rel":"","context":"In &quot;Alles&quot;","block_context":{"text":"Alles","link":"https:\/\/www.light-style.eu\/Blog\/category\/alles\/"},"img":{"alt_text":"","src":"https:\/\/i0.wp.com\/www.light-style.eu\/Blog\/wp-content\/uploads\/2016\/06\/S16D0106-19-klein.jpg?fit=500%2C334&ssl=1&resize=350%2C200","width":350,"height":200},"classes":[]},{"id":642,"url":"https:\/\/www.light-style.eu\/Blog\/fc-germania-09-gegen-eintracht-frankfurt\/","url_meta":{"origin":329,"position":1},"title":"FC Germania 09 gegen Eintracht Frankfurt","author":"Andi M\u00f6ller","date":"1. April 2015","format":"status","excerpt":"Moin, da bin ich wieder mal. Gestern hat ja wieder unsere diesj\u00e4hrige 990 Jahrfeier f\u00fcr unseren sch\u00f6nen Ort Rodenbach ein St\u00fcck weit ihren Schatten voraus geworfen. da auch unser kleines Stadion hier sein 50 j\u00e4hriges Bestehen feiert, kam die gro\u00dfe Eintracht Frankfurt zu einem Freundschaftsspiel. Auch wenn ich selbst nicht\u2026","rel":"","context":"In &quot;Allgemein&quot;","block_context":{"text":"Allgemein","link":"https:\/\/www.light-style.eu\/Blog\/category\/allgemein\/"},"img":{"alt_text":"Germania-Eintracht-2015--128 Kopie","src":"https:\/\/i0.wp.com\/www.light-style.eu\/Blog\/wp-content\/uploads\/2015\/04\/Germania-Eintracht-2015-128-Kopie.jpg?resize=350%2C200&ssl=1","width":350,"height":200},"classes":[]},{"id":3432,"url":"https:\/\/www.light-style.eu\/Blog\/american-football-sportlerportraets\/","url_meta":{"origin":329,"position":2},"title":"American Football  &#8211; Sportlerportr\u00e4ts","author":"Andi M\u00f6ller","date":"24. April 2018","format":"status","excerpt":"Wer mich kennt, wei\u00df ja, dass ich Fotos mag abseits des Alltags, es darf also gerne dramatisch werden und Action ist immer cool. Daher hat es mich gefreut, dass ich den Wide Receiver Fabian der Offenbacher Rockets bei mir im Studio f\u00fcr ein paar geile, saucoole Sportlerfotos begr\u00fc\u00dfen durfte. Es\u2026","rel":"","context":"In &quot;abseits des Alltags&quot;","block_context":{"text":"abseits des Alltags","link":"https:\/\/www.light-style.eu\/Blog\/category\/abseits-des-alltags\/"},"img":{"alt_text":"","src":"https:\/\/i0.wp.com\/www.light-style.eu\/Blog\/wp-content\/uploads\/2018\/04\/SP18F0104-173.jpg?fit=1200%2C800&ssl=1&resize=350%2C200","width":350,"height":200,"srcset":"https:\/\/i0.wp.com\/www.light-style.eu\/Blog\/wp-content\/uploads\/2018\/04\/SP18F0104-173.jpg?fit=1200%2C800&ssl=1&resize=350%2C200 1x, https:\/\/i0.wp.com\/www.light-style.eu\/Blog\/wp-content\/uploads\/2018\/04\/SP18F0104-173.jpg?fit=1200%2C800&ssl=1&resize=525%2C300 1.5x, https:\/\/i0.wp.com\/www.light-style.eu\/Blog\/wp-content\/uploads\/2018\/04\/SP18F0104-173.jpg?fit=1200%2C800&ssl=1&resize=700%2C400 2x, https:\/\/i0.wp.com\/www.light-style.eu\/Blog\/wp-content\/uploads\/2018\/04\/SP18F0104-173.jpg?fit=1200%2C800&ssl=1&resize=1050%2C600 3x"},"classes":[]},{"id":3418,"url":"https:\/\/www.light-style.eu\/Blog\/es-lebt-noch\/","url_meta":{"origin":329,"position":3},"title":"Es lebt noch ;-)","author":"Andi M\u00f6ller","date":"13. April 2018","format":"status","excerpt":"Ich dachte mir, bevor hier in Rodenbach die Ger\u00fcchte aufkommen, ich sei verstorben,\u00a0 gebe ich mal ein kurzes Lebenszeichen. ;-) ;-D Zur Zeit ist es nur unglaublich arbeitsreich im Studio, daher finde ich dieses Jahr kaum Zeit mich um den Blog zu k\u00fcmmern, zumal ich Euch nicht st\u00e4ndig Baby oder\u2026","rel":"","context":"In &quot;Alles&quot;","block_context":{"text":"Alles","link":"https:\/\/www.light-style.eu\/Blog\/category\/alles\/"},"img":{"alt_text":"","src":"https:\/\/i0.wp.com\/www.light-style.eu\/Blog\/wp-content\/uploads\/2018\/04\/T18S0103-4.jpg?fit=800%2C1200&ssl=1&resize=350%2C200","width":350,"height":200,"srcset":"https:\/\/i0.wp.com\/www.light-style.eu\/Blog\/wp-content\/uploads\/2018\/04\/T18S0103-4.jpg?fit=800%2C1200&ssl=1&resize=350%2C200 1x, https:\/\/i0.wp.com\/www.light-style.eu\/Blog\/wp-content\/uploads\/2018\/04\/T18S0103-4.jpg?fit=800%2C1200&ssl=1&resize=525%2C300 1.5x, https:\/\/i0.wp.com\/www.light-style.eu\/Blog\/wp-content\/uploads\/2018\/04\/T18S0103-4.jpg?fit=800%2C1200&ssl=1&resize=700%2C400 2x"},"classes":[]},{"id":2951,"url":"https:\/\/www.light-style.eu\/Blog\/hammer-sunsets-starke-winde\/","url_meta":{"origin":329,"position":4},"title":"Hammer sunsets &#038; starke Winde","author":"Andi M\u00f6ller","date":"2. Oktober 2017","format":"status","excerpt":"Wundersch\u00f6ne Sonnenunterg\u00e4nge , dramatische Himmel gepaart mit guter Windst\u00e4rke 8, das war unser diesj\u00e4hriger Fototrip von Michael und mir nach Holland. Nachdem wir kurz vor Vlissingen noch Starkregen hatten, war ich mehr als skeptisch wie unser Fotoausflug dieses Jahr wird, aber bei Ankunft war dann blauer Himmel zu erahnen :-)\u2026","rel":"","context":"In &quot;abseits des Alltags&quot;","block_context":{"text":"abseits des Alltags","link":"https:\/\/www.light-style.eu\/Blog\/category\/abseits-des-alltags\/"},"img":{"alt_text":"","src":"https:\/\/i0.wp.com\/www.light-style.eu\/Blog\/wp-content\/uploads\/2017\/10\/Holland-2017-749-Bearbeitet.jpg?fit=1200%2C800&ssl=1&resize=350%2C200","width":350,"height":200,"srcset":"https:\/\/i0.wp.com\/www.light-style.eu\/Blog\/wp-content\/uploads\/2017\/10\/Holland-2017-749-Bearbeitet.jpg?fit=1200%2C800&ssl=1&resize=350%2C200 1x, https:\/\/i0.wp.com\/www.light-style.eu\/Blog\/wp-content\/uploads\/2017\/10\/Holland-2017-749-Bearbeitet.jpg?fit=1200%2C800&ssl=1&resize=525%2C300 1.5x, https:\/\/i0.wp.com\/www.light-style.eu\/Blog\/wp-content\/uploads\/2017\/10\/Holland-2017-749-Bearbeitet.jpg?fit=1200%2C800&ssl=1&resize=700%2C400 2x, https:\/\/i0.wp.com\/www.light-style.eu\/Blog\/wp-content\/uploads\/2017\/10\/Holland-2017-749-Bearbeitet.jpg?fit=1200%2C800&ssl=1&resize=1050%2C600 3x"},"classes":[]},{"id":198,"url":"https:\/\/www.light-style.eu\/Blog\/hochzeit-auf-dem-golfplatz\/","url_meta":{"origin":329,"position":5},"title":"Hochzeit auf dem Golfplatz","author":"Andi M\u00f6ller","date":"13. Juni 2014","format":false,"excerpt":"Moin moin, morgen am Samstag hei\u00dft es wieder Wedding Fotos, freu mich drauf, wenn an der location die Golfb\u00e4lle nicht so tief fliegen w\u00fcrden ;-) Die Feier, und auf Wunsch des Brautpaares auch die Fotos werden nicht weit von uns auf dem Hof Trages sein, ein nettes altes Geh\u00f6f ,\u2026","rel":"","context":"In &quot;Allgemein&quot;","block_context":{"text":"Allgemein","link":"https:\/\/www.light-style.eu\/Blog\/category\/allgemein\/"},"img":{"alt_text":"","src":"https:\/\/i0.wp.com\/www.light-style.eu\/Blog\/wp-content\/uploads\/2019\/01\/IMAG0065.jpg?resize=350%2C200","width":350,"height":200,"srcset":"https:\/\/i0.wp.com\/www.light-style.eu\/Blog\/wp-content\/uploads\/2019\/01\/IMAG0065.jpg?resize=350%2C200 1x, https:\/\/i0.wp.com\/www.light-style.eu\/Blog\/wp-content\/uploads\/2019\/01\/IMAG0065.jpg?resize=525%2C300 1.5x, https:\/\/i0.wp.com\/www.light-style.eu\/Blog\/wp-content\/uploads\/2019\/01\/IMAG0065.jpg?resize=700%2C400 2x, https:\/\/i0.wp.com\/www.light-style.eu\/Blog\/wp-content\/uploads\/2019\/01\/IMAG0065.jpg?resize=1050%2C600 3x"},"classes":[]}],"_links":{"self":[{"href":"https:\/\/www.light-style.eu\/Blog\/wp-json\/wp\/v2\/posts\/329","targetHints":{"allow":["GET"]}}],"collection":[{"href":"https:\/\/www.light-style.eu\/Blog\/wp-json\/wp\/v2\/posts"}],"about":[{"href":"https:\/\/www.light-style.eu\/Blog\/wp-json\/wp\/v2\/types\/post"}],"author":[{"embeddable":true,"href":"https:\/\/www.light-style.eu\/Blog\/wp-json\/wp\/v2\/users\/2"}],"replies":[{"embeddable":true,"href":"https:\/\/www.light-style.eu\/Blog\/wp-json\/wp\/v2\/comments?post=329"}],"version-history":[{"count":0,"href":"https:\/\/www.light-style.eu\/Blog\/wp-json\/wp\/v2\/posts\/329\/revisions"}],"wp:featuredmedia":[{"embeddable":true,"href":"https:\/\/www.light-style.eu\/Blog\/wp-json\/wp\/v2\/media\/334"}],"wp:attachment":[{"href":"https:\/\/www.light-style.eu\/Blog\/wp-json\/wp\/v2\/media?parent=329"}],"wp:term":[{"taxonomy":"category","embeddable":true,"href":"https:\/\/www.light-style.eu\/Blog\/wp-json\/wp\/v2\/categories?post=329"},{"taxonomy":"post_tag","embeddable":true,"href":"https:\/\/www.light-style.eu\/Blog\/wp-json\/wp\/v2\/tags?post=329"}],"curies":[{"name":"wp","href":"https:\/\/api.w.org\/{rel}","templated":true}]}}