{"id":336,"date":"2014-07-14T20:00:49","date_gmt":"2014-07-14T18:00:49","guid":{"rendered":"http:\/\/www.light-style.eu\/Blog\/?p=336"},"modified":"2025-11-04T10:55:22","modified_gmt":"2025-11-04T09:55:22","slug":"aktfotos-oder-nacktfotos","status":"publish","type":"post","link":"https:\/\/www.light-style.eu\/Blog\/aktfotos-oder-nacktfotos\/","title":{"rendered":"Aktfotos oder Nacktfotos"},"content":{"rendered":"\n<p>Ich hab mich gerade seit langem mal wieder auf dem einen oder anderen Modelportal wie z.B. Modelkartei oder 14Model rumgetrieben, nun verstehe ich wieder warum wir Fotografen so einen schlechten Ruf haben&#8230;&#8230;&#8230;.. Was mir da so unterkam von sogn. profes. Fotografen&#8230;&#8230;. grauselig&#8230;. zumindest meiner unma\u00dfgeblichen Meinung nach.<\/p>\n\n\n\n<p>Da haben viele Fotos nix mit Kunst , geschweige mit kunstvoller Aktfotografie zu tun. Hauptsache nackt muss die Dame sein, und wer nach einer gekonnten Lichtf\u00fchrung oder einem guten Posing sucht&#8211; bei vielen Fehlanzeige!<\/p>\n\n\n\n<p>Von plattem Licht und ner Pose die alles zeigt bis zu hin und wieder guten Modellen welche sich ihren Fotografen gut ausgesucht haben ist Alles dabei.<\/p>\n\n\n\n<p>Und dann die Kommentare der &#8222;Kollegen&#8220;&#8230;&#8230;. nix an Kommentaren \u00fcber die Technik des Fotos, oder das K\u00f6nnen ( Posing) des Models, sondern nur noch sabbern&#8230;. oh Du bist s\u00fc\u00df, &#8211;hast nen tollen K\u00f6rper&#8212;- sollten dringend mal zusammen shooten&#8230;&#8230;. \u00e4chts, ich bin ja bestimmt nicht pr\u00fcde aber f\u00fcr mich ist die Aktfotografie die hohe Kunst der Fotografie, und dazu geh\u00f6rt mehr als m\u00e4nnlichem Voyeurismus nachzugeben!!<\/p>\n\n\n\n<p>Vielleicht bin ich ja auch zu pr\u00fcde, was denkt Ihr \u00fcber das Thema?<\/p>\n\n\n\n<p>F\u00fcr meinen Geschmack sehen Aktfotos so in dieser Art aus: Fantasie anregen ohne zuviel zu verraten \ud83d\ude09 D\u00fcrfen nat\u00fcrlich auch etwas frecher sein, aber dann bittesch\u00f6n mit guten Posen und gekonnter Lichtf\u00fchrung&#8230;&#8230;&#8230;&#8230;&#8230; So genug gemeckert f\u00fcr heute, musste einfach mal raus \ud83d\ude1b<\/p>\n\n\n\n<p>Euer Andi<\/p>\n\n\n\n<p>PS: Ach ja diese Fotos sind von normalen Kundinnen( mit Genehmigung zur Ver\u00f6ffentlichung \ud83d\ude09 ), zwischen 25 &amp; 40 Jahren&nbsp; \ud83d\ude09<\/p>\n\n\n<div class=\"wp-block-image\">\n<figure class=\"aligncenter is-resized\"><a href=\"https:\/\/www.light-style.eu\/Blog\/aktfotos-oder-nacktfotos\/p14k0107-1\/#main\"><img data-recalc-dims=\"1\" loading=\"lazy\" decoding=\"async\" width=\"800\" height=\"1200\" data-attachment-id=\"337\" data-permalink=\"https:\/\/www.light-style.eu\/Blog\/aktfotos-oder-nacktfotos\/p14k0107-1\/#main\" data-orig-file=\"https:\/\/i0.wp.com\/www.light-style.eu\/Blog\/wp-content\/uploads\/2014\/07\/P14K0107-1.jpg?fit=800%2C1200&amp;ssl=1\" data-orig-size=\"800,1200\" data-comments-opened=\"1\" data-image-meta=\"{&quot;aperture&quot;:&quot;9&quot;,&quot;credit&quot;:&quot;Photographer: www.light-style.eu&quot;,&quot;camera&quot;:&quot;Canon EOS 5D Mark II&quot;,&quot;caption&quot;:&quot;&quot;,&quot;created_timestamp&quot;:&quot;1380970681&quot;,&quot;copyright&quot;:&quot;Copyright:Studio Light-Style&quot;,&quot;focal_length&quot;:&quot;84&quot;,&quot;iso&quot;:&quot;50&quot;,&quot;shutter_speed&quot;:&quot;0.008&quot;,&quot;title&quot;:&quot;&quot;,&quot;orientation&quot;:&quot;1&quot;}\" data-image-title=\"P14K0107&amp;#8211;1\" data-image-description=\"\" data-image-caption=\"\" data-large-file=\"https:\/\/i0.wp.com\/www.light-style.eu\/Blog\/wp-content\/uploads\/2014\/07\/P14K0107-1.jpg?fit=800%2C1200&amp;ssl=1\" src=\"https:\/\/i0.wp.com\/www.light-style.eu\/Blog\/wp-content\/uploads\/2014\/07\/P14K0107-1.jpg?resize=800%2C1200&#038;ssl=1\" alt=\"P14K0107--1\" class=\"wp-image-337\" style=\"width:349px;height:auto\" srcset=\"https:\/\/i0.wp.com\/www.light-style.eu\/Blog\/wp-content\/uploads\/2014\/07\/P14K0107-1.jpg?w=800&amp;ssl=1 800w, https:\/\/i0.wp.com\/www.light-style.eu\/Blog\/wp-content\/uploads\/2014\/07\/P14K0107-1.jpg?resize=400%2C600&amp;ssl=1 400w, https:\/\/i0.wp.com\/www.light-style.eu\/Blog\/wp-content\/uploads\/2014\/07\/P14K0107-1.jpg?resize=768%2C1152&amp;ssl=1 768w\" sizes=\"auto, (max-width: 800px) 100vw, 800px\" \/><\/a><\/figure>\n<\/div>\n\n\n<figure class=\"wp-block-image is-resized\"><a href=\"https:\/\/www.light-style.eu\/Blog\/aktfotos-oder-nacktfotos\/a13l0110-40\/#main\"><img data-recalc-dims=\"1\" loading=\"lazy\" decoding=\"async\" width=\"600\" height=\"841\" data-attachment-id=\"338\" data-permalink=\"https:\/\/www.light-style.eu\/Blog\/aktfotos-oder-nacktfotos\/a13l0110-40\/#main\" data-orig-file=\"https:\/\/i0.wp.com\/www.light-style.eu\/Blog\/wp-content\/uploads\/2014\/07\/A13L0110-40.jpg?fit=600%2C841&amp;ssl=1\" data-orig-size=\"600,841\" data-comments-opened=\"1\" data-image-meta=\"{&quot;aperture&quot;:&quot;9&quot;,&quot;credit&quot;:&quot;Photographer: www.light-style.eu&quot;,&quot;camera&quot;:&quot;Canon EOS 5D Mark II&quot;,&quot;caption&quot;:&quot;&quot;,&quot;created_timestamp&quot;:&quot;1380971837&quot;,&quot;copyright&quot;:&quot;Copyright:Studio Light-Style&quot;,&quot;focal_length&quot;:&quot;60&quot;,&quot;iso&quot;:&quot;50&quot;,&quot;shutter_speed&quot;:&quot;0.008&quot;,&quot;title&quot;:&quot;&quot;,&quot;orientation&quot;:&quot;1&quot;}\" data-image-title=\"A13L0110&amp;#8211;40\" data-image-description=\"\" data-image-caption=\"\" data-large-file=\"https:\/\/i0.wp.com\/www.light-style.eu\/Blog\/wp-content\/uploads\/2014\/07\/A13L0110-40.jpg?fit=600%2C841&amp;ssl=1\" src=\"https:\/\/i0.wp.com\/www.light-style.eu\/Blog\/wp-content\/uploads\/2014\/07\/A13L0110-40.jpg?resize=600%2C841&#038;ssl=1\" alt=\"A13L0110--40\" class=\"wp-image-338\" style=\"width:420px;height:auto\" srcset=\"https:\/\/i0.wp.com\/www.light-style.eu\/Blog\/wp-content\/uploads\/2014\/07\/A13L0110-40.jpg?w=600&amp;ssl=1 600w, https:\/\/i0.wp.com\/www.light-style.eu\/Blog\/wp-content\/uploads\/2014\/07\/A13L0110-40.jpg?resize=428%2C600&amp;ssl=1 428w\" sizes=\"auto, (max-width: 600px) 100vw, 600px\" \/><\/a><\/figure>\n\n\n<div class=\"wp-block-image\">\n<figure class=\"alignright is-resized\"><a href=\"https:\/\/www.light-style.eu\/Blog\/aktfotos-oder-nacktfotos\/akt-16\/#main\"><img data-recalc-dims=\"1\" loading=\"lazy\" decoding=\"async\" width=\"500\" height=\"689\" data-attachment-id=\"349\" data-permalink=\"https:\/\/www.light-style.eu\/Blog\/aktfotos-oder-nacktfotos\/akt-16\/#main\" data-orig-file=\"https:\/\/i0.wp.com\/www.light-style.eu\/Blog\/wp-content\/uploads\/2014\/07\/akt-16.jpg?fit=500%2C689&amp;ssl=1\" data-orig-size=\"500,689\" data-comments-opened=\"1\" data-image-meta=\"{&quot;aperture&quot;:&quot;8&quot;,&quot;credit&quot;:&quot;&quot;,&quot;camera&quot;:&quot;Canon EOS 20D&quot;,&quot;caption&quot;:&quot;&quot;,&quot;created_timestamp&quot;:&quot;1218643379&quot;,&quot;copyright&quot;:&quot;&quot;,&quot;focal_length&quot;:&quot;58&quot;,&quot;iso&quot;:&quot;100&quot;,&quot;shutter_speed&quot;:&quot;0.004&quot;,&quot;title&quot;:&quot;&quot;,&quot;orientation&quot;:&quot;1&quot;}\" data-image-title=\"akt-(16)\" data-image-description=\"\" data-image-caption=\"\" data-large-file=\"https:\/\/i0.wp.com\/www.light-style.eu\/Blog\/wp-content\/uploads\/2014\/07\/akt-16.jpg?fit=500%2C689&amp;ssl=1\" src=\"https:\/\/i0.wp.com\/www.light-style.eu\/Blog\/wp-content\/uploads\/2014\/07\/akt-16.jpg?resize=500%2C689&#038;ssl=1\" alt=\"akt-(16)\" class=\"wp-image-349\" style=\"width:383px;height:auto\" srcset=\"https:\/\/i0.wp.com\/www.light-style.eu\/Blog\/wp-content\/uploads\/2014\/07\/akt-16.jpg?w=500&amp;ssl=1 500w, https:\/\/i0.wp.com\/www.light-style.eu\/Blog\/wp-content\/uploads\/2014\/07\/akt-16.jpg?resize=435%2C600&amp;ssl=1 435w\" sizes=\"auto, (max-width: 500px) 100vw, 500px\" \/><\/a><\/figure>\n<\/div>\n\n\n<p><\/p>\n<div style='text-align:center' class='yasr-auto-insert-visitor'><!--Yasr Visitor Votes Shortcode--><div id='yasr_visitor_votes_6b0b15090ffe1' class='yasr-visitor-votes'><div class=\"yasr-custom-text-vv-before yasr-custom-text-vv-before-336\">Hat es Dir gefallen?<\/div><div id='yasr-vv-second-row-container-6b0b15090ffe1'\r\n                                        class='yasr-vv-second-row-container'><div id='yasr-visitor-votes-rater-6b0b15090ffe1'\r\n                                      class='yasr-rater-stars-vv'\r\n                                      data-rater-postid='336'\r\n                                      data-rating='4'\r\n                                      data-rater-starsize='32'\r\n                                      data-rater-readonly='false'\r\n                                      data-rater-nonce='e782624d57'\r\n                                      data-issingular='false'\r\n                                    ><\/div><div class=\"yasr-vv-stats-text-container\" id=\"yasr-vv-stats-text-container-6b0b15090ffe1\"><span id=\"yasr-vv-text-container-6b0b15090ffe1\" class=\"yasr-vv-text-container\">[Total: <span id=\"yasr-vv-votes-number-container-6b0b15090ffe1\">1<\/span> Average: <span id=\"yasr-vv-average-container-6b0b15090ffe1\">4<\/span>]<\/span><\/div><div id='yasr-vv-loader-6b0b15090ffe1' class='yasr-vv-container-loader'><\/div><\/div><div id='yasr-vv-bottom-container-6b0b15090ffe1'\r\n                              class='yasr-vv-bottom-container'\r\n                              style='display:none'><\/div><\/div><!--End Yasr Visitor Votes Shortcode--><\/div>","protected":false},"excerpt":{"rendered":"<p>Ich hab mich gerade seit langem mal wieder auf dem einen oder anderen Modelportal wie z.B. Modelkartei oder 14Model rumgetrieben, nun verstehe ich wieder warum wir Fotografen so einen schlechten Ruf haben&#8230;&#8230;&#8230;.. Was mir da so unterkam von sogn. profes. Fotografen&#8230;&#8230;. grauselig&#8230;. zumindest meiner unma\u00dfgeblichen Meinung nach. Da haben viele Fotos nix mit Kunst ,<span class=\"post-excerpt-end\">&hellip;<\/span><\/p>\n<p class=\"more-link\"><a href=\"https:\/\/www.light-style.eu\/Blog\/aktfotos-oder-nacktfotos\/\" class=\"themebutton\">Read More<\/a><\/p>\n","protected":false},"author":2,"featured_media":338,"comment_status":"open","ping_status":"open","sticky":false,"template":"","format":"image","meta":{"jetpack_post_was_ever_published":false,"yasr_overall_rating":0,"yasr_post_is_review":"","yasr_auto_insert_disabled":"","yasr_review_type":"","_jetpack_newsletter_access":"","_jetpack_dont_email_post_to_subs":false,"_jetpack_newsletter_tier_id":0,"_jetpack_memberships_contains_paywalled_content":false,"_jetpack_memberships_contains_paid_content":false,"footnotes":"","jetpack_publicize_message":"","jetpack_publicize_feature_enabled":true,"jetpack_social_post_already_shared":true,"jetpack_social_options":{"image_generator_settings":{"template":"highway","default_image_id":0,"font":"","enabled":false},"version":2}},"categories":[80,1,91],"tags":[17,16,34,19],"class_list":["post-336","post","type-post","status-publish","format-image","has-post-thumbnail","hentry","category-aktfotos","category-allgemein","category-persoenliche-meinung","tag-aktfotos","tag-erotische-portraets","tag-frauen","tag-geschenke","post_format-post-format-image"],"yasr_visitor_votes":{"stars_attributes":{"read_only":false,"span_bottom":false},"number_of_votes":1,"sum_votes":4},"jetpack_publicize_connections":[],"jetpack_featured_media_url":"https:\/\/i0.wp.com\/www.light-style.eu\/Blog\/wp-content\/uploads\/2014\/07\/A13L0110-40.jpg?fit=600%2C841&ssl=1","jetpack_sharing_enabled":true,"jetpack_shortlink":"https:\/\/wp.me\/p4Ojrv-5q","jetpack-related-posts":[{"id":8811,"url":"https:\/\/www.light-style.eu\/Blog\/provokation\/","url_meta":{"origin":336,"position":0},"title":"Provokation","author":"Andi M\u00f6ller","date":"14. M\u00e4rz 2025","format":"status","excerpt":"\u201eKreativit\u00e4t ist ein wilder Geist und ein disziplinierter Blick\u201c\u2013Dorothy Parker Mit diesem passenden Zitat beginne ich mal heute. Ja, es wird provokativ, wobei ich noch nicht genau wei\u00df, wie ich diese neue Serie nennen werde, ob es wirklich \"Provokation\" oder \"freche Unsch\u00e4rfe\" wird. Lasst mich Eure Meinung wissen. Und ja,\u2026","rel":"","context":"In &quot;abseits des Alltags&quot;","block_context":{"text":"abseits des Alltags","link":"https:\/\/www.light-style.eu\/Blog\/category\/abseits-des-alltags\/"},"img":{"alt_text":"","src":"https:\/\/i0.wp.com\/www.light-style.eu\/Blog\/wp-content\/uploads\/2025\/03\/freche-Unschaerfe25-490.jpg?fit=800%2C1200&ssl=1&resize=350%2C200","width":350,"height":200,"srcset":"https:\/\/i0.wp.com\/www.light-style.eu\/Blog\/wp-content\/uploads\/2025\/03\/freche-Unschaerfe25-490.jpg?fit=800%2C1200&ssl=1&resize=350%2C200 1x, https:\/\/i0.wp.com\/www.light-style.eu\/Blog\/wp-content\/uploads\/2025\/03\/freche-Unschaerfe25-490.jpg?fit=800%2C1200&ssl=1&resize=525%2C300 1.5x, https:\/\/i0.wp.com\/www.light-style.eu\/Blog\/wp-content\/uploads\/2025\/03\/freche-Unschaerfe25-490.jpg?fit=800%2C1200&ssl=1&resize=700%2C400 2x"},"classes":[]},{"id":7021,"url":"https:\/\/www.light-style.eu\/Blog\/weihnachtliche-leckereien\/","url_meta":{"origin":336,"position":1},"title":"Weihnachtliche Leckereien ;-)","author":"Andi M\u00f6ller","date":"1. November 2022","format":false,"excerpt":"Ho , ho, ho, drau\u00dfen im Lande geht es ganz, wirklich ganz langsam Richtung Weihnachten. Das hei\u00dft auch f\u00fcr mich wieder etwas weihnachtlicher zu denken ;-) Und ja ich wei\u00df, der Titel ist etwas provokativ :-). Aber ich bin gerade so sch\u00f6n in provokativer Laune, doch dazu sp\u00e4ter. Endlich konnte\u2026","rel":"","context":"In &quot;abseits des Alltags&quot;","block_context":{"text":"abseits des Alltags","link":"https:\/\/www.light-style.eu\/Blog\/category\/abseits-des-alltags\/"},"img":{"alt_text":"","src":"https:\/\/i0.wp.com\/www.light-style.eu\/Blog\/wp-content\/uploads\/2022\/10\/weihnachtliche-Leckereien-111.jpg?fit=1200%2C800&ssl=1&resize=350%2C200","width":350,"height":200,"srcset":"https:\/\/i0.wp.com\/www.light-style.eu\/Blog\/wp-content\/uploads\/2022\/10\/weihnachtliche-Leckereien-111.jpg?fit=1200%2C800&ssl=1&resize=350%2C200 1x, https:\/\/i0.wp.com\/www.light-style.eu\/Blog\/wp-content\/uploads\/2022\/10\/weihnachtliche-Leckereien-111.jpg?fit=1200%2C800&ssl=1&resize=525%2C300 1.5x, https:\/\/i0.wp.com\/www.light-style.eu\/Blog\/wp-content\/uploads\/2022\/10\/weihnachtliche-Leckereien-111.jpg?fit=1200%2C800&ssl=1&resize=700%2C400 2x, https:\/\/i0.wp.com\/www.light-style.eu\/Blog\/wp-content\/uploads\/2022\/10\/weihnachtliche-Leckereien-111.jpg?fit=1200%2C800&ssl=1&resize=1050%2C600 3x"},"classes":[]},{"id":1338,"url":"https:\/\/www.light-style.eu\/Blog\/aktfotos-ue50-die-2\/","url_meta":{"origin":336,"position":2},"title":"Aktfotos \u00dc50 die 2. ;-)","author":"Andi M\u00f6ller","date":"18. September 2015","format":"gallery","excerpt":"Hallo Ihr da drau\u00dfen , es ist wieder mal Freitag und daher gibts mal wieder etwas hier im Blog. Ich hatte es euch ja vor 2 Wochen versprochen oder angedroht, je nachdem wie man`s sieht ;-) Hier nun der 2. Teil der Fotos aus der Serie Aktfotos 50+, und der\u2026","rel":"","context":"In &quot;Allgemein&quot;","block_context":{"text":"Allgemein","link":"https:\/\/www.light-style.eu\/Blog\/category\/allgemein\/"},"img":{"alt_text":"","src":"https:\/\/i0.wp.com\/www.light-style.eu\/Blog\/wp-content\/uploads\/2015\/09\/A15H0109-259-Bearbeitet-Kopie.jpg?fit=500%2C333&ssl=1&resize=350%2C200","width":350,"height":200},"classes":[]},{"id":5114,"url":"https:\/\/www.light-style.eu\/Blog\/girls-pearls\/","url_meta":{"origin":336,"position":3},"title":"Girls &#038; Pearls","author":"Andi M\u00f6ller","date":"23. Oktober 2019","format":"status","excerpt":"Moin moin, wie ich Euch ja z.B. auf Instagram versprochen habe, geht es heute mal wieder weg von Freizeitfotos hin zur ernsthaften Fotografie. ;-) Und damit zur\u00fcck zur Kunst. Im Laufe der vielen Jahre hier im Studio hat sich ja Einiges an Styling Material hier angesammelt und es ist einfach\u2026","rel":"","context":"In &quot;Aktfotos&quot;","block_context":{"text":"Aktfotos","link":"https:\/\/www.light-style.eu\/Blog\/category\/aktfotos\/"},"img":{"alt_text":"","src":"https:\/\/i0.wp.com\/www.light-style.eu\/Blog\/wp-content\/uploads\/2019\/10\/A19H0109-114.jpg?fit=1200%2C800&ssl=1&resize=350%2C200","width":350,"height":200,"srcset":"https:\/\/i0.wp.com\/www.light-style.eu\/Blog\/wp-content\/uploads\/2019\/10\/A19H0109-114.jpg?fit=1200%2C800&ssl=1&resize=350%2C200 1x, https:\/\/i0.wp.com\/www.light-style.eu\/Blog\/wp-content\/uploads\/2019\/10\/A19H0109-114.jpg?fit=1200%2C800&ssl=1&resize=525%2C300 1.5x, https:\/\/i0.wp.com\/www.light-style.eu\/Blog\/wp-content\/uploads\/2019\/10\/A19H0109-114.jpg?fit=1200%2C800&ssl=1&resize=700%2C400 2x, https:\/\/i0.wp.com\/www.light-style.eu\/Blog\/wp-content\/uploads\/2019\/10\/A19H0109-114.jpg?fit=1200%2C800&ssl=1&resize=1050%2C600 3x"},"classes":[]},{"id":7998,"url":"https:\/\/www.light-style.eu\/Blog\/erotik-ist-kunst\/","url_meta":{"origin":336,"position":4},"title":"Erotik ist Kunst","author":"Andi M\u00f6ller","date":"10. November 2023","format":"status","excerpt":"Vor unendlich langer Zeit, n\u00e4mlich damals als ich zu Fotografie kam ;-) galt die Aktfotografie noch als K\u00f6nigsklasse der Fotografie. Klar gab es auch damals schon viel Schrott, aber die Kunst, mit Licht & Schatten einen K\u00f6rper in kunstvoller Art und Weise darzustellen, war nun mal ein langer Weg bis\u2026","rel":"","context":"In &quot;Aktfotos&quot;","block_context":{"text":"Aktfotos","link":"https:\/\/www.light-style.eu\/Blog\/category\/aktfotos\/"},"img":{"alt_text":"","src":"https:\/\/i0.wp.com\/www.light-style.eu\/Blog\/wp-content\/uploads\/2023\/11\/A23S0110-78.jpg?fit=800%2C1200&ssl=1&resize=350%2C200","width":350,"height":200,"srcset":"https:\/\/i0.wp.com\/www.light-style.eu\/Blog\/wp-content\/uploads\/2023\/11\/A23S0110-78.jpg?fit=800%2C1200&ssl=1&resize=350%2C200 1x, https:\/\/i0.wp.com\/www.light-style.eu\/Blog\/wp-content\/uploads\/2023\/11\/A23S0110-78.jpg?fit=800%2C1200&ssl=1&resize=525%2C300 1.5x, https:\/\/i0.wp.com\/www.light-style.eu\/Blog\/wp-content\/uploads\/2023\/11\/A23S0110-78.jpg?fit=800%2C1200&ssl=1&resize=700%2C400 2x"},"classes":[]},{"id":535,"url":"https:\/\/www.light-style.eu\/Blog\/verfuehrung-beginnt-im-kopf\/","url_meta":{"origin":336,"position":5},"title":"Verf\u00fchrung beginnt im Kopf ;-)","author":"Andi M\u00f6ller","date":"8. Oktober 2014","format":"status","excerpt":"Moin moin, So langsam geht der Sommer leider zu Ende, und daf\u00fcr kommt eine andere romantische Zeit, Winter. Winter? Romantisch?.......... klar, bei Winter denke ich immer an Schnee, Sonne, blauen Himmel, Blockh\u00fctte, Kamin und eine nette Begleitung ;-) Ok, ich geb ja zu , dazu muss ich schon ein St\u00fcck\u2026","rel":"","context":"In &quot;Allgemein&quot;","block_context":{"text":"Allgemein","link":"https:\/\/www.light-style.eu\/Blog\/category\/allgemein\/"},"img":{"alt_text":"","src":"https:\/\/i0.wp.com\/www.light-style.eu\/Blog\/wp-content\/uploads\/2014\/10\/Akt-n34576.jpg?fit=500%2C361&ssl=1&resize=350%2C200","width":350,"height":200},"classes":[]}],"_links":{"self":[{"href":"https:\/\/www.light-style.eu\/Blog\/wp-json\/wp\/v2\/posts\/336","targetHints":{"allow":["GET"]}}],"collection":[{"href":"https:\/\/www.light-style.eu\/Blog\/wp-json\/wp\/v2\/posts"}],"about":[{"href":"https:\/\/www.light-style.eu\/Blog\/wp-json\/wp\/v2\/types\/post"}],"author":[{"embeddable":true,"href":"https:\/\/www.light-style.eu\/Blog\/wp-json\/wp\/v2\/users\/2"}],"replies":[{"embeddable":true,"href":"https:\/\/www.light-style.eu\/Blog\/wp-json\/wp\/v2\/comments?post=336"}],"version-history":[{"count":0,"href":"https:\/\/www.light-style.eu\/Blog\/wp-json\/wp\/v2\/posts\/336\/revisions"}],"wp:featuredmedia":[{"embeddable":true,"href":"https:\/\/www.light-style.eu\/Blog\/wp-json\/wp\/v2\/media\/338"}],"wp:attachment":[{"href":"https:\/\/www.light-style.eu\/Blog\/wp-json\/wp\/v2\/media?parent=336"}],"wp:term":[{"taxonomy":"category","embeddable":true,"href":"https:\/\/www.light-style.eu\/Blog\/wp-json\/wp\/v2\/categories?post=336"},{"taxonomy":"post_tag","embeddable":true,"href":"https:\/\/www.light-style.eu\/Blog\/wp-json\/wp\/v2\/tags?post=336"}],"curies":[{"name":"wp","href":"https:\/\/api.w.org\/{rel}","templated":true}]}}