{"id":3808,"date":"2018-10-16T19:03:02","date_gmt":"2018-10-16T17:03:02","guid":{"rendered":"https:\/\/www.light-style.eu\/Blog\/?p=3808"},"modified":"2021-03-15T16:32:18","modified_gmt":"2021-03-15T15:32:18","slug":"langweilige-hundefotos-neeeeeeee","status":"publish","type":"post","link":"https:\/\/www.light-style.eu\/Blog\/langweilige-hundefotos-neeeeeeee\/","title":{"rendered":"Langweilige Hundefotos?&#8212;- neeeeeeee ;-)"},"content":{"rendered":"<p><em>Ja ich wei\u00df , sie sind \u00fcberall pr\u00e4sent, die netten und s\u00fc\u00dfen Hundefotos. Manch einer wird sagen, nee nicht schon wieder. Aber sorry, diese hier muss ich Euch zeigen.<\/em><\/p>\n<p><a href=\"https:\/\/i0.wp.com\/www.light-style.eu\/Blog\/wp-content\/uploads\/2018\/10\/Hundeportr%C3%A4t-outdoor-14.jpg?ssl=1\"><img data-recalc-dims=\"1\" loading=\"lazy\" decoding=\"async\" data-attachment-id=\"3797\" data-permalink=\"https:\/\/www.light-style.eu\/Blog\/langweilige-hundefotos-neeeeeeee\/hundeportraet-outdoor-14\/#main\" data-orig-file=\"https:\/\/i0.wp.com\/www.light-style.eu\/Blog\/wp-content\/uploads\/2018\/10\/Hundeportr%C3%A4t-outdoor-14.jpg?fit=800%2C1200&amp;ssl=1\" data-orig-size=\"800,1200\" data-comments-opened=\"1\" data-image-meta=\"{&quot;aperture&quot;:&quot;0&quot;,&quot;credit&quot;:&quot;Fotostudio Light-Style\\rAndi Moel&quot;,&quot;camera&quot;:&quot;&quot;,&quot;caption&quot;:&quot;&quot;,&quot;created_timestamp&quot;:&quot;0&quot;,&quot;copyright&quot;:&quot;www.light-style.eu&quot;,&quot;focal_length&quot;:&quot;0&quot;,&quot;iso&quot;:&quot;0&quot;,&quot;shutter_speed&quot;:&quot;0&quot;,&quot;title&quot;:&quot;&quot;,&quot;orientation&quot;:&quot;0&quot;}\" data-image-title=\"Hundeportr\u00e4t outdoor-14\" data-image-description=\"\" data-image-caption=\"\" data-large-file=\"https:\/\/i0.wp.com\/www.light-style.eu\/Blog\/wp-content\/uploads\/2018\/10\/Hundeportr%C3%A4t-outdoor-14.jpg?fit=800%2C1200&amp;ssl=1\" class=\"aligncenter wp-image-3797 size-large\" src=\"https:\/\/i0.wp.com\/www.light-style.eu\/Blog\/wp-content\/uploads\/2018\/10\/Hundeportr%C3%A4t-outdoor-14.jpg?resize=474%2C711&#038;ssl=1\" alt=\"\" width=\"474\" height=\"711\" srcset=\"https:\/\/i0.wp.com\/www.light-style.eu\/Blog\/wp-content\/uploads\/2018\/10\/Hundeportr%C3%A4t-outdoor-14.jpg?w=800&amp;ssl=1 800w, https:\/\/i0.wp.com\/www.light-style.eu\/Blog\/wp-content\/uploads\/2018\/10\/Hundeportr%C3%A4t-outdoor-14.jpg?resize=400%2C600&amp;ssl=1 400w, https:\/\/i0.wp.com\/www.light-style.eu\/Blog\/wp-content\/uploads\/2018\/10\/Hundeportr%C3%A4t-outdoor-14.jpg?resize=768%2C1152&amp;ssl=1 768w\" sizes=\"auto, (max-width: 474px) 100vw, 474px\" \/><\/a><\/p>\n<p><em>Carbon den 10j\u00e4hrigen Windhund ( Mischling) kennt ihr ja schon von den geilen und <\/em><em>lustigen Hundeportr\u00e4ts aus dem Studio. Am letzten Wochenende hie\u00df es dann mal Outdoor. Und es war herrlich. Nicht nur, dass Carbon, und wir , viel Spa\u00df hatten, der Kerl hatte auch definitiv mal wieder ein gutes St\u00fcck Clown zum Fr\u00fchst\u00fcck :-D. Auf der einen Seite die Hoheit pers\u00f6nlich auf der anderen Seite der Kasper schlechthin.<\/em> <a href=\"https:\/\/i0.wp.com\/www.light-style.eu\/Blog\/wp-content\/uploads\/2018\/10\/Hundeportr%C3%A4t-outdoor-07.jpg?ssl=1\"><img data-recalc-dims=\"1\" loading=\"lazy\" decoding=\"async\" data-attachment-id=\"3790\" data-permalink=\"https:\/\/www.light-style.eu\/Blog\/langweilige-hundefotos-neeeeeeee\/hundeportraet-outdoor-07\/#main\" data-orig-file=\"https:\/\/i0.wp.com\/www.light-style.eu\/Blog\/wp-content\/uploads\/2018\/10\/Hundeportr%C3%A4t-outdoor-07.jpg?fit=1200%2C800&amp;ssl=1\" data-orig-size=\"1200,800\" data-comments-opened=\"1\" data-image-meta=\"{&quot;aperture&quot;:&quot;0&quot;,&quot;credit&quot;:&quot;Fotostudio Light-Style\\rAndi Moel&quot;,&quot;camera&quot;:&quot;&quot;,&quot;caption&quot;:&quot;&quot;,&quot;created_timestamp&quot;:&quot;0&quot;,&quot;copyright&quot;:&quot;www.light-style.eu&quot;,&quot;focal_length&quot;:&quot;0&quot;,&quot;iso&quot;:&quot;0&quot;,&quot;shutter_speed&quot;:&quot;0&quot;,&quot;title&quot;:&quot;&quot;,&quot;orientation&quot;:&quot;0&quot;}\" data-image-title=\"Hundeportr\u00e4t outdoor-07\" data-image-description=\"\" data-image-caption=\"\" data-large-file=\"https:\/\/i0.wp.com\/www.light-style.eu\/Blog\/wp-content\/uploads\/2018\/10\/Hundeportr%C3%A4t-outdoor-07.jpg?fit=1170%2C780&amp;ssl=1\" class=\"aligncenter wp-image-3790 size-large\" src=\"https:\/\/i0.wp.com\/www.light-style.eu\/Blog\/wp-content\/uploads\/2018\/10\/Hundeportr%C3%A4t-outdoor-07.jpg?resize=474%2C316&#038;ssl=1\" alt=\"\" width=\"474\" height=\"316\" srcset=\"https:\/\/i0.wp.com\/www.light-style.eu\/Blog\/wp-content\/uploads\/2018\/10\/Hundeportr%C3%A4t-outdoor-07.jpg?w=1200&amp;ssl=1 1200w, https:\/\/i0.wp.com\/www.light-style.eu\/Blog\/wp-content\/uploads\/2018\/10\/Hundeportr%C3%A4t-outdoor-07.jpg?resize=600%2C400&amp;ssl=1 600w, https:\/\/i0.wp.com\/www.light-style.eu\/Blog\/wp-content\/uploads\/2018\/10\/Hundeportr%C3%A4t-outdoor-07.jpg?resize=768%2C512&amp;ssl=1 768w\" sizes=\"auto, (max-width: 474px) 100vw, 474px\" \/><\/a><\/p>\n<p><em>Es war fantastisch. Die Fotos wurden so fotografiert, lediglich Farb und Kontrastkorrekturen wurden vorgenommen.<\/em><\/p>\n<div class=\"tiled-gallery type-rectangular tiled-gallery-unresized\" data-original-width=\"1170\" data-carousel-extra='{&quot;blog_id&quot;:1,&quot;permalink&quot;:&quot;https:\\\/\\\/www.light-style.eu\\\/Blog\\\/langweilige-hundefotos-neeeeeeee\\\/&quot;,&quot;likes_blog_id&quot;:71096485}' itemscope itemtype=\"http:\/\/schema.org\/ImageGallery\" > <div class=\"gallery-row\" style=\"width: 1170px; height: 1003px;\" data-original-width=\"1170\" data-original-height=\"1003\" > <div class=\"gallery-group images-1\" style=\"width: 670px; height: 1003px;\" data-original-width=\"670\" data-original-height=\"1003\" > <div class=\"tiled-gallery-item tiled-gallery-item-large\" itemprop=\"associatedMedia\" itemscope itemtype=\"http:\/\/schema.org\/ImageObject\"> <a href=\"https:\/\/www.light-style.eu\/Blog\/langweilige-hundefotos-neeeeeeee\/hundeportraet-outdoor-13\/#main\" border=\"0\" itemprop=\"url\"> <meta itemprop=\"width\" content=\"666\"> <meta itemprop=\"height\" content=\"999\"> <img decoding=\"async\" class=\"\" data-attachment-id=\"3796\" data-orig-file=\"https:\/\/www.light-style.eu\/Blog\/wp-content\/uploads\/2018\/10\/Hundeportr\u00e4t-outdoor-13.jpg\" data-orig-size=\"800,1200\" data-comments-opened=\"1\" data-image-meta=\"{&quot;aperture&quot;:&quot;0&quot;,&quot;credit&quot;:&quot;Fotostudio Light-Style\\rAndi Moel&quot;,&quot;camera&quot;:&quot;&quot;,&quot;caption&quot;:&quot;&quot;,&quot;created_timestamp&quot;:&quot;0&quot;,&quot;copyright&quot;:&quot;www.light-style.eu&quot;,&quot;focal_length&quot;:&quot;0&quot;,&quot;iso&quot;:&quot;0&quot;,&quot;shutter_speed&quot;:&quot;0&quot;,&quot;title&quot;:&quot;&quot;,&quot;orientation&quot;:&quot;0&quot;}\" data-image-title=\"Hundeportr\u00e4t outdoor-13\" data-image-description=\"\" data-medium-file=\"https:\/\/i0.wp.com\/www.light-style.eu\/Blog\/wp-content\/uploads\/2018\/10\/Hundeportr%C3%A4t-outdoor-13.jpg?fit=400%2C600&#038;ssl=1\" data-large-file=\"https:\/\/i0.wp.com\/www.light-style.eu\/Blog\/wp-content\/uploads\/2018\/10\/Hundeportr%C3%A4t-outdoor-13.jpg?fit=800%2C1200&#038;ssl=1\" src=\"https:\/\/i0.wp.com\/www.light-style.eu\/Blog\/wp-content\/uploads\/2018\/10\/Hundeportr%C3%A4t-outdoor-13.jpg?w=666&#038;h=999&#038;ssl=1\" width=\"666\" height=\"999\" loading=\"lazy\" data-original-width=\"666\" data-original-height=\"999\" itemprop=\"http:\/\/schema.org\/image\" title=\"Hundeportr\u00e4t outdoor-13\" alt=\"Hundeportr\u00e4t outdoor-13\" style=\"width: 666px; height: 999px;\" \/> <\/a> <\/div> <\/div> <!-- close group --> <div class=\"gallery-group images-3\" style=\"width: 500px; height: 1003px;\" data-original-width=\"500\" data-original-height=\"1003\" > <div class=\"tiled-gallery-item tiled-gallery-item-large\" itemprop=\"associatedMedia\" itemscope itemtype=\"http:\/\/schema.org\/ImageObject\"> <a href=\"https:\/\/www.light-style.eu\/Blog\/langweilige-hundefotos-neeeeeeee\/hundeportraet-outdoor-12\/#main\" border=\"0\" itemprop=\"url\"> <meta itemprop=\"width\" content=\"496\"> <meta itemprop=\"height\" content=\"331\"> <img decoding=\"async\" class=\"\" data-attachment-id=\"3795\" data-orig-file=\"https:\/\/www.light-style.eu\/Blog\/wp-content\/uploads\/2018\/10\/Hundeportr\u00e4t-outdoor-12.jpg\" data-orig-size=\"1200,800\" data-comments-opened=\"1\" data-image-meta=\"{&quot;aperture&quot;:&quot;0&quot;,&quot;credit&quot;:&quot;Fotostudio Light-Style\\rAndi Moel&quot;,&quot;camera&quot;:&quot;&quot;,&quot;caption&quot;:&quot;&quot;,&quot;created_timestamp&quot;:&quot;0&quot;,&quot;copyright&quot;:&quot;www.light-style.eu&quot;,&quot;focal_length&quot;:&quot;0&quot;,&quot;iso&quot;:&quot;0&quot;,&quot;shutter_speed&quot;:&quot;0&quot;,&quot;title&quot;:&quot;&quot;,&quot;orientation&quot;:&quot;0&quot;}\" data-image-title=\"Hundeportr\u00e4t outdoor-12\" data-image-description=\"\" data-medium-file=\"https:\/\/i0.wp.com\/www.light-style.eu\/Blog\/wp-content\/uploads\/2018\/10\/Hundeportr%C3%A4t-outdoor-12.jpg?fit=600%2C400&#038;ssl=1\" data-large-file=\"https:\/\/i0.wp.com\/www.light-style.eu\/Blog\/wp-content\/uploads\/2018\/10\/Hundeportr%C3%A4t-outdoor-12.jpg?fit=1170%2C780&#038;ssl=1\" src=\"https:\/\/i0.wp.com\/www.light-style.eu\/Blog\/wp-content\/uploads\/2018\/10\/Hundeportr%C3%A4t-outdoor-12.jpg?w=496&#038;h=331&#038;ssl=1\" width=\"496\" height=\"331\" loading=\"lazy\" data-original-width=\"496\" data-original-height=\"331\" itemprop=\"http:\/\/schema.org\/image\" title=\"Hundeportr\u00e4t outdoor-12\" alt=\"Hundeportr\u00e4t outdoor-12\" style=\"width: 496px; height: 331px;\" \/> <\/a> <\/div> <div class=\"tiled-gallery-item tiled-gallery-item-large\" itemprop=\"associatedMedia\" itemscope itemtype=\"http:\/\/schema.org\/ImageObject\"> <a href=\"https:\/\/www.light-style.eu\/Blog\/langweilige-hundefotos-neeeeeeee\/hundeportraet-outdoor-08\/#main\" border=\"0\" itemprop=\"url\"> <meta itemprop=\"width\" content=\"496\"> <meta itemprop=\"height\" content=\"330\"> <img decoding=\"async\" class=\"\" data-attachment-id=\"3791\" data-orig-file=\"https:\/\/www.light-style.eu\/Blog\/wp-content\/uploads\/2018\/10\/Hundeportr\u00e4t-outdoor-08.jpg\" data-orig-size=\"1200,800\" data-comments-opened=\"1\" data-image-meta=\"{&quot;aperture&quot;:&quot;0&quot;,&quot;credit&quot;:&quot;Fotostudio Light-Style\\rAndi Moel&quot;,&quot;camera&quot;:&quot;&quot;,&quot;caption&quot;:&quot;&quot;,&quot;created_timestamp&quot;:&quot;0&quot;,&quot;copyright&quot;:&quot;www.light-style.eu&quot;,&quot;focal_length&quot;:&quot;0&quot;,&quot;iso&quot;:&quot;0&quot;,&quot;shutter_speed&quot;:&quot;0&quot;,&quot;title&quot;:&quot;&quot;,&quot;orientation&quot;:&quot;0&quot;}\" data-image-title=\"Hundeportr\u00e4t outdoor-08\" data-image-description=\"\" data-medium-file=\"https:\/\/i0.wp.com\/www.light-style.eu\/Blog\/wp-content\/uploads\/2018\/10\/Hundeportr%C3%A4t-outdoor-08.jpg?fit=600%2C400&#038;ssl=1\" data-large-file=\"https:\/\/i0.wp.com\/www.light-style.eu\/Blog\/wp-content\/uploads\/2018\/10\/Hundeportr%C3%A4t-outdoor-08.jpg?fit=1170%2C780&#038;ssl=1\" src=\"https:\/\/i0.wp.com\/www.light-style.eu\/Blog\/wp-content\/uploads\/2018\/10\/Hundeportr%C3%A4t-outdoor-08.jpg?w=496&#038;h=330&#038;ssl=1\" width=\"496\" height=\"330\" loading=\"lazy\" data-original-width=\"496\" data-original-height=\"330\" itemprop=\"http:\/\/schema.org\/image\" title=\"Hundeportr\u00e4t outdoor-08\" alt=\"Hundeportr\u00e4t outdoor-08\" style=\"width: 496px; height: 330px;\" \/> <\/a> <\/div> <div class=\"tiled-gallery-item tiled-gallery-item-large\" itemprop=\"associatedMedia\" itemscope itemtype=\"http:\/\/schema.org\/ImageObject\"> <a href=\"https:\/\/www.light-style.eu\/Blog\/langweilige-hundefotos-neeeeeeee\/hundeportraet-outdoor-16\/#main\" border=\"0\" itemprop=\"url\"> <meta itemprop=\"width\" content=\"496\"> <meta itemprop=\"height\" content=\"330\"> <img decoding=\"async\" class=\"\" data-attachment-id=\"3799\" data-orig-file=\"https:\/\/www.light-style.eu\/Blog\/wp-content\/uploads\/2018\/10\/Hundeportr\u00e4t-outdoor-16.jpg\" data-orig-size=\"1200,800\" data-comments-opened=\"1\" data-image-meta=\"{&quot;aperture&quot;:&quot;0&quot;,&quot;credit&quot;:&quot;Fotostudio Light-Style\\rAndi Moel&quot;,&quot;camera&quot;:&quot;&quot;,&quot;caption&quot;:&quot;&quot;,&quot;created_timestamp&quot;:&quot;0&quot;,&quot;copyright&quot;:&quot;www.light-style.eu&quot;,&quot;focal_length&quot;:&quot;0&quot;,&quot;iso&quot;:&quot;0&quot;,&quot;shutter_speed&quot;:&quot;0&quot;,&quot;title&quot;:&quot;&quot;,&quot;orientation&quot;:&quot;0&quot;}\" data-image-title=\"Hundeportr\u00e4t outdoor-16\" data-image-description=\"\" data-medium-file=\"https:\/\/i0.wp.com\/www.light-style.eu\/Blog\/wp-content\/uploads\/2018\/10\/Hundeportr%C3%A4t-outdoor-16.jpg?fit=600%2C400&#038;ssl=1\" data-large-file=\"https:\/\/i0.wp.com\/www.light-style.eu\/Blog\/wp-content\/uploads\/2018\/10\/Hundeportr%C3%A4t-outdoor-16.jpg?fit=1170%2C780&#038;ssl=1\" src=\"https:\/\/i0.wp.com\/www.light-style.eu\/Blog\/wp-content\/uploads\/2018\/10\/Hundeportr%C3%A4t-outdoor-16.jpg?w=496&#038;h=330&#038;ssl=1\" width=\"496\" height=\"330\" loading=\"lazy\" data-original-width=\"496\" data-original-height=\"330\" itemprop=\"http:\/\/schema.org\/image\" title=\"Hundeportr\u00e4t outdoor-16\" alt=\"hoheitlich k\u00f6nnen wir auch ;-)\" style=\"width: 496px; height: 330px;\" \/> <\/a> <div class=\"tiled-gallery-caption\" itemprop=\"caption description\"> hoheitlich k\u00f6nnen wir auch \ud83d\ude09 <\/div> <\/div> <\/div> <!-- close group --> <\/div> <!-- close row --> <div class=\"gallery-row\" style=\"width: 1170px; height: 280px;\" data-original-width=\"1170\" data-original-height=\"280\" > <div class=\"gallery-group images-1\" style=\"width: 188px; height: 280px;\" data-original-width=\"188\" data-original-height=\"280\" > <div class=\"tiled-gallery-item tiled-gallery-item-small\" itemprop=\"associatedMedia\" itemscope itemtype=\"http:\/\/schema.org\/ImageObject\"> <a href=\"https:\/\/www.light-style.eu\/Blog\/langweilige-hundefotos-neeeeeeee\/hundeportraet-outdoor-17\/#main\" border=\"0\" itemprop=\"url\"> <meta itemprop=\"width\" content=\"184\"> <meta itemprop=\"height\" content=\"276\"> <img decoding=\"async\" class=\"\" data-attachment-id=\"3800\" data-orig-file=\"https:\/\/www.light-style.eu\/Blog\/wp-content\/uploads\/2018\/10\/Hundeportr\u00e4t-outdoor-17.jpg\" data-orig-size=\"800,1200\" data-comments-opened=\"1\" data-image-meta=\"{&quot;aperture&quot;:&quot;0&quot;,&quot;credit&quot;:&quot;Fotostudio Light-Style\\rAndi Moel&quot;,&quot;camera&quot;:&quot;&quot;,&quot;caption&quot;:&quot;&quot;,&quot;created_timestamp&quot;:&quot;0&quot;,&quot;copyright&quot;:&quot;www.light-style.eu&quot;,&quot;focal_length&quot;:&quot;0&quot;,&quot;iso&quot;:&quot;0&quot;,&quot;shutter_speed&quot;:&quot;0&quot;,&quot;title&quot;:&quot;&quot;,&quot;orientation&quot;:&quot;0&quot;}\" data-image-title=\"Hundeportr\u00e4t outdoor-17\" data-image-description=\"\" data-medium-file=\"https:\/\/i0.wp.com\/www.light-style.eu\/Blog\/wp-content\/uploads\/2018\/10\/Hundeportr%C3%A4t-outdoor-17.jpg?fit=400%2C600&#038;ssl=1\" data-large-file=\"https:\/\/i0.wp.com\/www.light-style.eu\/Blog\/wp-content\/uploads\/2018\/10\/Hundeportr%C3%A4t-outdoor-17.jpg?fit=800%2C1200&#038;ssl=1\" src=\"https:\/\/i0.wp.com\/www.light-style.eu\/Blog\/wp-content\/uploads\/2018\/10\/Hundeportr%C3%A4t-outdoor-17.jpg?w=184&#038;h=276&#038;ssl=1\" width=\"184\" height=\"276\" loading=\"lazy\" data-original-width=\"184\" data-original-height=\"276\" itemprop=\"http:\/\/schema.org\/image\" title=\"Hundeportr\u00e4t outdoor-17\" alt=\"Hundeportr\u00e4t outdoor-17\" style=\"width: 184px; height: 276px;\" \/> <\/a> <\/div> <\/div> <!-- close group --> <div class=\"gallery-group images-1\" style=\"width: 418px; height: 280px;\" data-original-width=\"418\" data-original-height=\"280\" > <div class=\"tiled-gallery-item tiled-gallery-item-large\" itemprop=\"associatedMedia\" itemscope itemtype=\"http:\/\/schema.org\/ImageObject\"> <a href=\"https:\/\/www.light-style.eu\/Blog\/langweilige-hundefotos-neeeeeeee\/hundeportraet-outdoor-19\/#main\" border=\"0\" itemprop=\"url\"> <meta itemprop=\"width\" content=\"414\"> <meta itemprop=\"height\" content=\"276\"> <img decoding=\"async\" class=\"\" data-attachment-id=\"3802\" data-orig-file=\"https:\/\/www.light-style.eu\/Blog\/wp-content\/uploads\/2018\/10\/Hundeportr\u00e4t-outdoor-19.jpg\" data-orig-size=\"1200,800\" data-comments-opened=\"1\" data-image-meta=\"{&quot;aperture&quot;:&quot;0&quot;,&quot;credit&quot;:&quot;Fotostudio Light-Style\\rAndi Moel&quot;,&quot;camera&quot;:&quot;&quot;,&quot;caption&quot;:&quot;&quot;,&quot;created_timestamp&quot;:&quot;0&quot;,&quot;copyright&quot;:&quot;www.light-style.eu&quot;,&quot;focal_length&quot;:&quot;0&quot;,&quot;iso&quot;:&quot;0&quot;,&quot;shutter_speed&quot;:&quot;0&quot;,&quot;title&quot;:&quot;&quot;,&quot;orientation&quot;:&quot;0&quot;}\" data-image-title=\"Hundeportr\u00e4t outdoor-19\" data-image-description=\"\" data-medium-file=\"https:\/\/i0.wp.com\/www.light-style.eu\/Blog\/wp-content\/uploads\/2018\/10\/Hundeportr%C3%A4t-outdoor-19.jpg?fit=600%2C400&#038;ssl=1\" data-large-file=\"https:\/\/i0.wp.com\/www.light-style.eu\/Blog\/wp-content\/uploads\/2018\/10\/Hundeportr%C3%A4t-outdoor-19.jpg?fit=1170%2C780&#038;ssl=1\" src=\"https:\/\/i0.wp.com\/www.light-style.eu\/Blog\/wp-content\/uploads\/2018\/10\/Hundeportr%C3%A4t-outdoor-19.jpg?w=414&#038;h=276&#038;ssl=1\" width=\"414\" height=\"276\" loading=\"lazy\" data-original-width=\"414\" data-original-height=\"276\" itemprop=\"http:\/\/schema.org\/image\" title=\"Hundeportr\u00e4t outdoor-19\" alt=\"Hundeportr\u00e4t outdoor-19\" style=\"width: 414px; height: 276px;\" \/> <\/a> <\/div> <\/div> <!-- close group --> <div class=\"gallery-group images-1\" style=\"width: 188px; height: 280px;\" data-original-width=\"188\" data-original-height=\"280\" > <div class=\"tiled-gallery-item tiled-gallery-item-small\" itemprop=\"associatedMedia\" itemscope itemtype=\"http:\/\/schema.org\/ImageObject\"> <a href=\"https:\/\/www.light-style.eu\/Blog\/langweilige-hundefotos-neeeeeeee\/hundeportraet-outdoor-23\/#main\" border=\"0\" itemprop=\"url\"> <meta itemprop=\"width\" content=\"184\"> <meta itemprop=\"height\" content=\"276\"> <img decoding=\"async\" class=\"\" data-attachment-id=\"3807\" data-orig-file=\"https:\/\/www.light-style.eu\/Blog\/wp-content\/uploads\/2018\/10\/Hundeportr\u00e4t-outdoor-23.jpg\" data-orig-size=\"800,1200\" data-comments-opened=\"1\" data-image-meta=\"{&quot;aperture&quot;:&quot;0&quot;,&quot;credit&quot;:&quot;Fotostudio Light-Style\\rAndi Moel&quot;,&quot;camera&quot;:&quot;&quot;,&quot;caption&quot;:&quot;&quot;,&quot;created_timestamp&quot;:&quot;0&quot;,&quot;copyright&quot;:&quot;www.light-style.eu&quot;,&quot;focal_length&quot;:&quot;0&quot;,&quot;iso&quot;:&quot;0&quot;,&quot;shutter_speed&quot;:&quot;0&quot;,&quot;title&quot;:&quot;&quot;,&quot;orientation&quot;:&quot;0&quot;}\" data-image-title=\"Hundeportr\u00e4t outdoor-23\" data-image-description=\"\" data-medium-file=\"https:\/\/i0.wp.com\/www.light-style.eu\/Blog\/wp-content\/uploads\/2018\/10\/Hundeportr%C3%A4t-outdoor-23.jpg?fit=400%2C600&#038;ssl=1\" data-large-file=\"https:\/\/i0.wp.com\/www.light-style.eu\/Blog\/wp-content\/uploads\/2018\/10\/Hundeportr%C3%A4t-outdoor-23.jpg?fit=800%2C1200&#038;ssl=1\" src=\"https:\/\/i0.wp.com\/www.light-style.eu\/Blog\/wp-content\/uploads\/2018\/10\/Hundeportr%C3%A4t-outdoor-23.jpg?w=184&#038;h=276&#038;ssl=1\" width=\"184\" height=\"276\" loading=\"lazy\" data-original-width=\"184\" data-original-height=\"276\" itemprop=\"http:\/\/schema.org\/image\" title=\"Hundeportr\u00e4t outdoor-23\" alt=\"Hundeportr\u00e4t outdoor-23\" style=\"width: 184px; height: 276px;\" \/> <\/a> <\/div> <\/div> <!-- close group --> <div class=\"gallery-group images-1\" style=\"width: 188px; height: 280px;\" data-original-width=\"188\" data-original-height=\"280\" > <div class=\"tiled-gallery-item tiled-gallery-item-small\" itemprop=\"associatedMedia\" itemscope itemtype=\"http:\/\/schema.org\/ImageObject\"> <a href=\"https:\/\/www.light-style.eu\/Blog\/langweilige-hundefotos-neeeeeeee\/hundeportraet-outdoor-05\/#main\" border=\"0\" itemprop=\"url\"> <meta itemprop=\"width\" content=\"184\"> <meta itemprop=\"height\" content=\"276\"> <img decoding=\"async\" class=\"\" data-attachment-id=\"3788\" data-orig-file=\"https:\/\/www.light-style.eu\/Blog\/wp-content\/uploads\/2018\/10\/Hundeportr\u00e4t-outdoor-05.jpg\" data-orig-size=\"800,1200\" data-comments-opened=\"1\" data-image-meta=\"{&quot;aperture&quot;:&quot;0&quot;,&quot;credit&quot;:&quot;Fotostudio Light-Style\\rAndi Moel&quot;,&quot;camera&quot;:&quot;&quot;,&quot;caption&quot;:&quot;&quot;,&quot;created_timestamp&quot;:&quot;0&quot;,&quot;copyright&quot;:&quot;www.light-style.eu&quot;,&quot;focal_length&quot;:&quot;0&quot;,&quot;iso&quot;:&quot;0&quot;,&quot;shutter_speed&quot;:&quot;0&quot;,&quot;title&quot;:&quot;&quot;,&quot;orientation&quot;:&quot;0&quot;}\" data-image-title=\"Hundeportr\u00e4t outdoor-05\" data-image-description=\"\" data-medium-file=\"https:\/\/i0.wp.com\/www.light-style.eu\/Blog\/wp-content\/uploads\/2018\/10\/Hundeportr%C3%A4t-outdoor-05.jpg?fit=400%2C600&#038;ssl=1\" data-large-file=\"https:\/\/i0.wp.com\/www.light-style.eu\/Blog\/wp-content\/uploads\/2018\/10\/Hundeportr%C3%A4t-outdoor-05.jpg?fit=800%2C1200&#038;ssl=1\" src=\"https:\/\/i0.wp.com\/www.light-style.eu\/Blog\/wp-content\/uploads\/2018\/10\/Hundeportr%C3%A4t-outdoor-05.jpg?w=184&#038;h=276&#038;ssl=1\" width=\"184\" height=\"276\" loading=\"lazy\" data-original-width=\"184\" data-original-height=\"276\" itemprop=\"http:\/\/schema.org\/image\" title=\"Hundeportr\u00e4t outdoor-05\" alt=\"Hundeportr\u00e4t outdoor-05\" style=\"width: 184px; height: 276px;\" \/> <\/a> <\/div> <\/div> <!-- close group --> <div class=\"gallery-group images-1\" style=\"width: 188px; height: 280px;\" data-original-width=\"188\" data-original-height=\"280\" > <div class=\"tiled-gallery-item tiled-gallery-item-small\" itemprop=\"associatedMedia\" itemscope itemtype=\"http:\/\/schema.org\/ImageObject\"> <a href=\"https:\/\/www.light-style.eu\/Blog\/langweilige-hundefotos-neeeeeeee\/hundeportraet-outdoor-01\/#main\" border=\"0\" itemprop=\"url\"> <meta itemprop=\"width\" content=\"184\"> <meta itemprop=\"height\" content=\"276\"> <img decoding=\"async\" class=\"\" data-attachment-id=\"3784\" data-orig-file=\"https:\/\/www.light-style.eu\/Blog\/wp-content\/uploads\/2018\/10\/Hundeportr\u00e4t-outdoor-01.jpg\" data-orig-size=\"800,1200\" data-comments-opened=\"1\" data-image-meta=\"{&quot;aperture&quot;:&quot;0&quot;,&quot;credit&quot;:&quot;Fotostudio Light-Style\\rAndi Moel&quot;,&quot;camera&quot;:&quot;&quot;,&quot;caption&quot;:&quot;&quot;,&quot;created_timestamp&quot;:&quot;0&quot;,&quot;copyright&quot;:&quot;www.light-style.eu&quot;,&quot;focal_length&quot;:&quot;0&quot;,&quot;iso&quot;:&quot;0&quot;,&quot;shutter_speed&quot;:&quot;0&quot;,&quot;title&quot;:&quot;&quot;,&quot;orientation&quot;:&quot;0&quot;}\" data-image-title=\"Hundeportr\u00e4t outdoor-01\" data-image-description=\"\" data-medium-file=\"https:\/\/i0.wp.com\/www.light-style.eu\/Blog\/wp-content\/uploads\/2018\/10\/Hundeportr%C3%A4t-outdoor-01.jpg?fit=400%2C600&#038;ssl=1\" data-large-file=\"https:\/\/i0.wp.com\/www.light-style.eu\/Blog\/wp-content\/uploads\/2018\/10\/Hundeportr%C3%A4t-outdoor-01.jpg?fit=800%2C1200&#038;ssl=1\" src=\"https:\/\/i0.wp.com\/www.light-style.eu\/Blog\/wp-content\/uploads\/2018\/10\/Hundeportr%C3%A4t-outdoor-01.jpg?w=184&#038;h=276&#038;ssl=1\" width=\"184\" height=\"276\" loading=\"lazy\" data-original-width=\"184\" data-original-height=\"276\" itemprop=\"http:\/\/schema.org\/image\" title=\"Hundeportr\u00e4t outdoor-01\" alt=\"Hundeportr\u00e4t outdoor-01\" style=\"width: 184px; height: 276px;\" \/> <\/a> <\/div> <\/div> <!-- close group --> <\/div> <!-- close row --> <div class=\"gallery-row\" style=\"width: 1170px; height: 334px;\" data-original-width=\"1170\" data-original-height=\"334\" > <div class=\"gallery-group images-1\" style=\"width: 224px; height: 334px;\" data-original-width=\"224\" data-original-height=\"334\" > <div class=\"tiled-gallery-item tiled-gallery-item-small\" itemprop=\"associatedMedia\" itemscope itemtype=\"http:\/\/schema.org\/ImageObject\"> <a href=\"https:\/\/www.light-style.eu\/Blog\/langweilige-hundefotos-neeeeeeee\/hundeportraet-outdoor-09\/#main\" border=\"0\" itemprop=\"url\"> <meta itemprop=\"width\" content=\"220\"> <meta itemprop=\"height\" content=\"330\"> <img decoding=\"async\" class=\"\" data-attachment-id=\"3792\" data-orig-file=\"https:\/\/www.light-style.eu\/Blog\/wp-content\/uploads\/2018\/10\/Hundeportr\u00e4t-outdoor-09.jpg\" data-orig-size=\"800,1200\" data-comments-opened=\"1\" data-image-meta=\"{&quot;aperture&quot;:&quot;0&quot;,&quot;credit&quot;:&quot;Fotostudio Light-Style\\rAndi Moel&quot;,&quot;camera&quot;:&quot;&quot;,&quot;caption&quot;:&quot;&quot;,&quot;created_timestamp&quot;:&quot;0&quot;,&quot;copyright&quot;:&quot;www.light-style.eu&quot;,&quot;focal_length&quot;:&quot;0&quot;,&quot;iso&quot;:&quot;0&quot;,&quot;shutter_speed&quot;:&quot;0&quot;,&quot;title&quot;:&quot;&quot;,&quot;orientation&quot;:&quot;0&quot;}\" data-image-title=\"Hundeportr\u00e4t outdoor-09\" data-image-description=\"\" data-medium-file=\"https:\/\/i0.wp.com\/www.light-style.eu\/Blog\/wp-content\/uploads\/2018\/10\/Hundeportr%C3%A4t-outdoor-09.jpg?fit=400%2C600&#038;ssl=1\" data-large-file=\"https:\/\/i0.wp.com\/www.light-style.eu\/Blog\/wp-content\/uploads\/2018\/10\/Hundeportr%C3%A4t-outdoor-09.jpg?fit=800%2C1200&#038;ssl=1\" src=\"https:\/\/i0.wp.com\/www.light-style.eu\/Blog\/wp-content\/uploads\/2018\/10\/Hundeportr%C3%A4t-outdoor-09.jpg?w=220&#038;h=330&#038;ssl=1\" width=\"220\" height=\"330\" loading=\"lazy\" data-original-width=\"220\" data-original-height=\"330\" itemprop=\"http:\/\/schema.org\/image\" title=\"Hundeportr\u00e4t outdoor-09\" alt=\"Hundeportr\u00e4t outdoor-09\" style=\"width: 220px; height: 330px;\" \/> <\/a> <\/div> <\/div> <!-- close group --> <div class=\"gallery-group images-1\" style=\"width: 224px; height: 334px;\" data-original-width=\"224\" data-original-height=\"334\" > <div class=\"tiled-gallery-item tiled-gallery-item-small\" itemprop=\"associatedMedia\" itemscope itemtype=\"http:\/\/schema.org\/ImageObject\"> <a href=\"https:\/\/www.light-style.eu\/Blog\/langweilige-hundefotos-neeeeeeee\/hundeportraet-outdoor-18\/#main\" border=\"0\" itemprop=\"url\"> <meta itemprop=\"width\" content=\"220\"> <meta itemprop=\"height\" content=\"330\"> <img decoding=\"async\" class=\"\" data-attachment-id=\"3801\" data-orig-file=\"https:\/\/www.light-style.eu\/Blog\/wp-content\/uploads\/2018\/10\/Hundeportr\u00e4t-outdoor-18.jpg\" data-orig-size=\"800,1200\" data-comments-opened=\"1\" data-image-meta=\"{&quot;aperture&quot;:&quot;0&quot;,&quot;credit&quot;:&quot;Fotostudio Light-Style\\rAndi Moel&quot;,&quot;camera&quot;:&quot;&quot;,&quot;caption&quot;:&quot;&quot;,&quot;created_timestamp&quot;:&quot;0&quot;,&quot;copyright&quot;:&quot;www.light-style.eu&quot;,&quot;focal_length&quot;:&quot;0&quot;,&quot;iso&quot;:&quot;0&quot;,&quot;shutter_speed&quot;:&quot;0&quot;,&quot;title&quot;:&quot;&quot;,&quot;orientation&quot;:&quot;0&quot;}\" data-image-title=\"Hundeportr\u00e4t outdoor-18\" data-image-description=\"\" data-medium-file=\"https:\/\/i0.wp.com\/www.light-style.eu\/Blog\/wp-content\/uploads\/2018\/10\/Hundeportr%C3%A4t-outdoor-18.jpg?fit=400%2C600&#038;ssl=1\" data-large-file=\"https:\/\/i0.wp.com\/www.light-style.eu\/Blog\/wp-content\/uploads\/2018\/10\/Hundeportr%C3%A4t-outdoor-18.jpg?fit=800%2C1200&#038;ssl=1\" src=\"https:\/\/i0.wp.com\/www.light-style.eu\/Blog\/wp-content\/uploads\/2018\/10\/Hundeportr%C3%A4t-outdoor-18.jpg?w=220&#038;h=330&#038;ssl=1\" width=\"220\" height=\"330\" loading=\"lazy\" data-original-width=\"220\" data-original-height=\"330\" itemprop=\"http:\/\/schema.org\/image\" title=\"Hundeportr\u00e4t outdoor-18\" alt=\"Hundeportr\u00e4t outdoor-18\" style=\"width: 220px; height: 330px;\" \/> <\/a> <\/div> <\/div> <!-- close group --> <div class=\"gallery-group images-1\" style=\"width: 498px; height: 334px;\" data-original-width=\"498\" data-original-height=\"334\" > <div class=\"tiled-gallery-item tiled-gallery-item-large\" itemprop=\"associatedMedia\" itemscope itemtype=\"http:\/\/schema.org\/ImageObject\"> <a href=\"https:\/\/www.light-style.eu\/Blog\/langweilige-hundefotos-neeeeeeee\/hundeportraet-outdoor-06\/#main\" border=\"0\" itemprop=\"url\"> <meta itemprop=\"width\" content=\"494\"> <meta itemprop=\"height\" content=\"330\"> <img decoding=\"async\" class=\"\" data-attachment-id=\"3789\" data-orig-file=\"https:\/\/www.light-style.eu\/Blog\/wp-content\/uploads\/2018\/10\/Hundeportr\u00e4t-outdoor-06.jpg\" data-orig-size=\"1200,800\" data-comments-opened=\"1\" data-image-meta=\"{&quot;aperture&quot;:&quot;0&quot;,&quot;credit&quot;:&quot;Fotostudio Light-Style\\rAndi Moel&quot;,&quot;camera&quot;:&quot;&quot;,&quot;caption&quot;:&quot;&quot;,&quot;created_timestamp&quot;:&quot;0&quot;,&quot;copyright&quot;:&quot;www.light-style.eu&quot;,&quot;focal_length&quot;:&quot;0&quot;,&quot;iso&quot;:&quot;0&quot;,&quot;shutter_speed&quot;:&quot;0&quot;,&quot;title&quot;:&quot;&quot;,&quot;orientation&quot;:&quot;0&quot;}\" data-image-title=\"Hundeportr\u00e4t outdoor-06\" data-image-description=\"\" data-medium-file=\"https:\/\/i0.wp.com\/www.light-style.eu\/Blog\/wp-content\/uploads\/2018\/10\/Hundeportr%C3%A4t-outdoor-06.jpg?fit=600%2C400&#038;ssl=1\" data-large-file=\"https:\/\/i0.wp.com\/www.light-style.eu\/Blog\/wp-content\/uploads\/2018\/10\/Hundeportr%C3%A4t-outdoor-06.jpg?fit=1170%2C780&#038;ssl=1\" src=\"https:\/\/i0.wp.com\/www.light-style.eu\/Blog\/wp-content\/uploads\/2018\/10\/Hundeportr%C3%A4t-outdoor-06.jpg?w=494&#038;h=330&#038;ssl=1\" width=\"494\" height=\"330\" loading=\"lazy\" data-original-width=\"494\" data-original-height=\"330\" itemprop=\"http:\/\/schema.org\/image\" title=\"Hundeportr\u00e4t outdoor-06\" alt=\"Kangaroo oder Hase ???\" style=\"width: 494px; height: 330px;\" \/> <\/a> <div class=\"tiled-gallery-caption\" itemprop=\"caption description\"> Kangaroo oder Hase ??? <\/div> <\/div> <\/div> <!-- close group --> <div class=\"gallery-group images-1\" style=\"width: 224px; height: 334px;\" data-original-width=\"224\" data-original-height=\"334\" > <div class=\"tiled-gallery-item tiled-gallery-item-small\" itemprop=\"associatedMedia\" itemscope itemtype=\"http:\/\/schema.org\/ImageObject\"> <a href=\"https:\/\/www.light-style.eu\/Blog\/langweilige-hundefotos-neeeeeeee\/hundeportraet-outdoor-20\/#main\" border=\"0\" itemprop=\"url\"> <meta itemprop=\"width\" content=\"220\"> <meta itemprop=\"height\" content=\"330\"> <img decoding=\"async\" class=\"\" data-attachment-id=\"3803\" data-orig-file=\"https:\/\/www.light-style.eu\/Blog\/wp-content\/uploads\/2018\/10\/Hundeportr\u00e4t-outdoor-20.jpg\" data-orig-size=\"800,1200\" data-comments-opened=\"1\" data-image-meta=\"{&quot;aperture&quot;:&quot;0&quot;,&quot;credit&quot;:&quot;Fotostudio Light-Style\\rAndi Moel&quot;,&quot;camera&quot;:&quot;&quot;,&quot;caption&quot;:&quot;&quot;,&quot;created_timestamp&quot;:&quot;0&quot;,&quot;copyright&quot;:&quot;www.light-style.eu&quot;,&quot;focal_length&quot;:&quot;0&quot;,&quot;iso&quot;:&quot;0&quot;,&quot;shutter_speed&quot;:&quot;0&quot;,&quot;title&quot;:&quot;&quot;,&quot;orientation&quot;:&quot;0&quot;}\" data-image-title=\"Hundeportr\u00e4t outdoor-20\" data-image-description=\"\" data-medium-file=\"https:\/\/i0.wp.com\/www.light-style.eu\/Blog\/wp-content\/uploads\/2018\/10\/Hundeportr%C3%A4t-outdoor-20.jpg?fit=400%2C600&#038;ssl=1\" data-large-file=\"https:\/\/i0.wp.com\/www.light-style.eu\/Blog\/wp-content\/uploads\/2018\/10\/Hundeportr%C3%A4t-outdoor-20.jpg?fit=800%2C1200&#038;ssl=1\" src=\"https:\/\/i0.wp.com\/www.light-style.eu\/Blog\/wp-content\/uploads\/2018\/10\/Hundeportr%C3%A4t-outdoor-20.jpg?w=220&#038;h=330&#038;ssl=1\" width=\"220\" height=\"330\" loading=\"lazy\" data-original-width=\"220\" data-original-height=\"330\" itemprop=\"http:\/\/schema.org\/image\" title=\"Hundeportr\u00e4t outdoor-20\" alt=\"Hundeportr\u00e4t outdoor-20\" style=\"width: 220px; height: 330px;\" \/> <\/a> <\/div> <\/div> <!-- close group --> <\/div> <!-- close row --> <div class=\"gallery-row\" style=\"width: 1170px; height: 413px;\" data-original-width=\"1170\" data-original-height=\"413\" > <div class=\"gallery-group images-1\" style=\"width: 277px; height: 413px;\" data-original-width=\"277\" data-original-height=\"413\" > <div class=\"tiled-gallery-item tiled-gallery-item-large\" itemprop=\"associatedMedia\" itemscope itemtype=\"http:\/\/schema.org\/ImageObject\"> <a href=\"https:\/\/www.light-style.eu\/Blog\/langweilige-hundefotos-neeeeeeee\/hundeportraet-outdoor-03\/#main\" border=\"0\" itemprop=\"url\"> <meta itemprop=\"width\" content=\"273\"> <meta itemprop=\"height\" content=\"409\"> <img decoding=\"async\" class=\"\" data-attachment-id=\"3786\" data-orig-file=\"https:\/\/www.light-style.eu\/Blog\/wp-content\/uploads\/2018\/10\/Hundeportr\u00e4t-outdoor-03.jpg\" data-orig-size=\"800,1200\" data-comments-opened=\"1\" data-image-meta=\"{&quot;aperture&quot;:&quot;0&quot;,&quot;credit&quot;:&quot;Fotostudio Light-Style\\rAndi Moel&quot;,&quot;camera&quot;:&quot;&quot;,&quot;caption&quot;:&quot;&quot;,&quot;created_timestamp&quot;:&quot;0&quot;,&quot;copyright&quot;:&quot;www.light-style.eu&quot;,&quot;focal_length&quot;:&quot;0&quot;,&quot;iso&quot;:&quot;0&quot;,&quot;shutter_speed&quot;:&quot;0&quot;,&quot;title&quot;:&quot;&quot;,&quot;orientation&quot;:&quot;0&quot;}\" data-image-title=\"Hundeportr\u00e4t outdoor-03\" data-image-description=\"\" data-medium-file=\"https:\/\/i0.wp.com\/www.light-style.eu\/Blog\/wp-content\/uploads\/2018\/10\/Hundeportr%C3%A4t-outdoor-03.jpg?fit=400%2C600&#038;ssl=1\" data-large-file=\"https:\/\/i0.wp.com\/www.light-style.eu\/Blog\/wp-content\/uploads\/2018\/10\/Hundeportr%C3%A4t-outdoor-03.jpg?fit=800%2C1200&#038;ssl=1\" src=\"https:\/\/i0.wp.com\/www.light-style.eu\/Blog\/wp-content\/uploads\/2018\/10\/Hundeportr%C3%A4t-outdoor-03.jpg?w=273&#038;h=409&#038;ssl=1\" width=\"273\" height=\"409\" loading=\"lazy\" data-original-width=\"273\" data-original-height=\"409\" itemprop=\"http:\/\/schema.org\/image\" title=\"Hundeportr\u00e4t outdoor-03\" alt=\"Hundeportr\u00e4t outdoor-03\" style=\"width: 273px; height: 409px;\" \/> <\/a> <\/div> <\/div> <!-- close group --> <div class=\"gallery-group images-1\" style=\"width: 276px; height: 413px;\" data-original-width=\"276\" data-original-height=\"413\" > <div class=\"tiled-gallery-item tiled-gallery-item-large\" itemprop=\"associatedMedia\" itemscope itemtype=\"http:\/\/schema.org\/ImageObject\"> <a href=\"https:\/\/www.light-style.eu\/Blog\/langweilige-hundefotos-neeeeeeee\/hundeportraet-outdoor-02\/#main\" border=\"0\" itemprop=\"url\"> <meta itemprop=\"width\" content=\"272\"> <meta itemprop=\"height\" content=\"409\"> <img decoding=\"async\" class=\"\" data-attachment-id=\"3785\" data-orig-file=\"https:\/\/www.light-style.eu\/Blog\/wp-content\/uploads\/2018\/10\/Hundeportr\u00e4t-outdoor-02.jpg\" data-orig-size=\"800,1200\" data-comments-opened=\"1\" data-image-meta=\"{&quot;aperture&quot;:&quot;0&quot;,&quot;credit&quot;:&quot;Fotostudio Light-Style\\rAndi Moel&quot;,&quot;camera&quot;:&quot;&quot;,&quot;caption&quot;:&quot;&quot;,&quot;created_timestamp&quot;:&quot;0&quot;,&quot;copyright&quot;:&quot;www.light-style.eu&quot;,&quot;focal_length&quot;:&quot;0&quot;,&quot;iso&quot;:&quot;0&quot;,&quot;shutter_speed&quot;:&quot;0&quot;,&quot;title&quot;:&quot;&quot;,&quot;orientation&quot;:&quot;0&quot;}\" data-image-title=\"Hundeportr\u00e4t outdoor-02\" data-image-description=\"\" data-medium-file=\"https:\/\/i0.wp.com\/www.light-style.eu\/Blog\/wp-content\/uploads\/2018\/10\/Hundeportr%C3%A4t-outdoor-02.jpg?fit=400%2C600&#038;ssl=1\" data-large-file=\"https:\/\/i0.wp.com\/www.light-style.eu\/Blog\/wp-content\/uploads\/2018\/10\/Hundeportr%C3%A4t-outdoor-02.jpg?fit=800%2C1200&#038;ssl=1\" src=\"https:\/\/i0.wp.com\/www.light-style.eu\/Blog\/wp-content\/uploads\/2018\/10\/Hundeportr%C3%A4t-outdoor-02.jpg?w=272&#038;h=409&#038;ssl=1\" width=\"272\" height=\"409\" loading=\"lazy\" data-original-width=\"272\" data-original-height=\"409\" itemprop=\"http:\/\/schema.org\/image\" title=\"Hundeportr\u00e4t outdoor-02\" alt=\"Hundeportr\u00e4t outdoor-02\" style=\"width: 272px; height: 409px;\" \/> <\/a> <\/div> <\/div> <!-- close group --> <div class=\"gallery-group images-1\" style=\"width: 617px; height: 413px;\" data-original-width=\"617\" data-original-height=\"413\" > <div class=\"tiled-gallery-item tiled-gallery-item-large\" itemprop=\"associatedMedia\" itemscope itemtype=\"http:\/\/schema.org\/ImageObject\"> <a href=\"https:\/\/www.light-style.eu\/Blog\/langweilige-hundefotos-neeeeeeee\/hundeportraet-outdoor-15\/#main\" border=\"0\" itemprop=\"url\"> <meta itemprop=\"width\" content=\"613\"> <meta itemprop=\"height\" content=\"409\"> <img decoding=\"async\" class=\"\" data-attachment-id=\"3798\" data-orig-file=\"https:\/\/www.light-style.eu\/Blog\/wp-content\/uploads\/2018\/10\/Hundeportr\u00e4t-outdoor-15.jpg\" data-orig-size=\"1200,800\" data-comments-opened=\"1\" data-image-meta=\"{&quot;aperture&quot;:&quot;0&quot;,&quot;credit&quot;:&quot;Fotostudio Light-Style\\rAndi Moel&quot;,&quot;camera&quot;:&quot;&quot;,&quot;caption&quot;:&quot;&quot;,&quot;created_timestamp&quot;:&quot;0&quot;,&quot;copyright&quot;:&quot;www.light-style.eu&quot;,&quot;focal_length&quot;:&quot;0&quot;,&quot;iso&quot;:&quot;0&quot;,&quot;shutter_speed&quot;:&quot;0&quot;,&quot;title&quot;:&quot;&quot;,&quot;orientation&quot;:&quot;0&quot;}\" data-image-title=\"Hundeportr\u00e4t outdoor-15\" data-image-description=\"\" data-medium-file=\"https:\/\/i0.wp.com\/www.light-style.eu\/Blog\/wp-content\/uploads\/2018\/10\/Hundeportr%C3%A4t-outdoor-15.jpg?fit=600%2C400&#038;ssl=1\" data-large-file=\"https:\/\/i0.wp.com\/www.light-style.eu\/Blog\/wp-content\/uploads\/2018\/10\/Hundeportr%C3%A4t-outdoor-15.jpg?fit=1170%2C780&#038;ssl=1\" src=\"https:\/\/i0.wp.com\/www.light-style.eu\/Blog\/wp-content\/uploads\/2018\/10\/Hundeportr%C3%A4t-outdoor-15.jpg?w=613&#038;h=409&#038;ssl=1\" width=\"613\" height=\"409\" loading=\"lazy\" data-original-width=\"613\" data-original-height=\"409\" itemprop=\"http:\/\/schema.org\/image\" title=\"Hundeportr\u00e4t outdoor-15\" alt=\"Hundeportr\u00e4t outdoor-15\" style=\"width: 613px; height: 409px;\" \/> <\/a> <\/div> <\/div> <!-- close group --> <\/div> <!-- close row --> <div class=\"gallery-row\" style=\"width: 1170px; height: 540px;\" data-original-width=\"1170\" data-original-height=\"540\" > <div class=\"gallery-group images-1\" style=\"width: 808px; height: 540px;\" data-original-width=\"808\" data-original-height=\"540\" > <div class=\"tiled-gallery-item tiled-gallery-item-large\" itemprop=\"associatedMedia\" itemscope itemtype=\"http:\/\/schema.org\/ImageObject\"> <a href=\"https:\/\/www.light-style.eu\/Blog\/langweilige-hundefotos-neeeeeeee\/hundeportraet-outdoor-21\/#main\" border=\"0\" itemprop=\"url\"> <meta itemprop=\"width\" content=\"804\"> <meta itemprop=\"height\" content=\"536\"> <img decoding=\"async\" class=\"\" data-attachment-id=\"3804\" data-orig-file=\"https:\/\/www.light-style.eu\/Blog\/wp-content\/uploads\/2018\/10\/Hundeportr\u00e4t-outdoor-21.jpg\" data-orig-size=\"1200,800\" data-comments-opened=\"1\" data-image-meta=\"{&quot;aperture&quot;:&quot;0&quot;,&quot;credit&quot;:&quot;Fotostudio Light-Style\\rAndi Moel&quot;,&quot;camera&quot;:&quot;&quot;,&quot;caption&quot;:&quot;&quot;,&quot;created_timestamp&quot;:&quot;0&quot;,&quot;copyright&quot;:&quot;www.light-style.eu&quot;,&quot;focal_length&quot;:&quot;0&quot;,&quot;iso&quot;:&quot;0&quot;,&quot;shutter_speed&quot;:&quot;0&quot;,&quot;title&quot;:&quot;&quot;,&quot;orientation&quot;:&quot;0&quot;}\" data-image-title=\"Hundeportr\u00e4t outdoor-21\" data-image-description=\"\" data-medium-file=\"https:\/\/i0.wp.com\/www.light-style.eu\/Blog\/wp-content\/uploads\/2018\/10\/Hundeportr%C3%A4t-outdoor-21.jpg?fit=600%2C400&#038;ssl=1\" data-large-file=\"https:\/\/i0.wp.com\/www.light-style.eu\/Blog\/wp-content\/uploads\/2018\/10\/Hundeportr%C3%A4t-outdoor-21.jpg?fit=1170%2C780&#038;ssl=1\" src=\"https:\/\/i0.wp.com\/www.light-style.eu\/Blog\/wp-content\/uploads\/2018\/10\/Hundeportr%C3%A4t-outdoor-21.jpg?w=804&#038;h=536&#038;ssl=1\" width=\"804\" height=\"536\" loading=\"lazy\" data-original-width=\"804\" data-original-height=\"536\" itemprop=\"http:\/\/schema.org\/image\" title=\"Hundeportr\u00e4t outdoor-21\" alt=\"Hundeportr\u00e4t outdoor-21\" style=\"width: 804px; height: 536px;\" \/> <\/a> <\/div> <\/div> <!-- close group --> <div class=\"gallery-group images-1\" style=\"width: 362px; height: 540px;\" data-original-width=\"362\" data-original-height=\"540\" > <div class=\"tiled-gallery-item tiled-gallery-item-large\" itemprop=\"associatedMedia\" itemscope itemtype=\"http:\/\/schema.org\/ImageObject\"> <a href=\"https:\/\/www.light-style.eu\/Blog\/langweilige-hundefotos-neeeeeeee\/hundeportraet-outdoor-22\/#main\" border=\"0\" itemprop=\"url\"> <meta itemprop=\"width\" content=\"358\"> <meta itemprop=\"height\" content=\"536\"> <img decoding=\"async\" class=\"\" data-attachment-id=\"3806\" data-orig-file=\"https:\/\/www.light-style.eu\/Blog\/wp-content\/uploads\/2018\/10\/Hundeportr\u00e4t-outdoor-22.jpg\" data-orig-size=\"800,1200\" data-comments-opened=\"1\" data-image-meta=\"{&quot;aperture&quot;:&quot;0&quot;,&quot;credit&quot;:&quot;Fotostudio Light-Style\\rAndi Moel&quot;,&quot;camera&quot;:&quot;&quot;,&quot;caption&quot;:&quot;&quot;,&quot;created_timestamp&quot;:&quot;0&quot;,&quot;copyright&quot;:&quot;www.light-style.eu&quot;,&quot;focal_length&quot;:&quot;0&quot;,&quot;iso&quot;:&quot;0&quot;,&quot;shutter_speed&quot;:&quot;0&quot;,&quot;title&quot;:&quot;&quot;,&quot;orientation&quot;:&quot;0&quot;}\" data-image-title=\"Hundeportr\u00e4t outdoor-22\" data-image-description=\"\" data-medium-file=\"https:\/\/i0.wp.com\/www.light-style.eu\/Blog\/wp-content\/uploads\/2018\/10\/Hundeportr%C3%A4t-outdoor-22.jpg?fit=400%2C600&#038;ssl=1\" data-large-file=\"https:\/\/i0.wp.com\/www.light-style.eu\/Blog\/wp-content\/uploads\/2018\/10\/Hundeportr%C3%A4t-outdoor-22.jpg?fit=800%2C1200&#038;ssl=1\" src=\"https:\/\/i0.wp.com\/www.light-style.eu\/Blog\/wp-content\/uploads\/2018\/10\/Hundeportr%C3%A4t-outdoor-22.jpg?w=358&#038;h=536&#038;ssl=1\" width=\"358\" height=\"536\" loading=\"lazy\" data-original-width=\"358\" data-original-height=\"536\" itemprop=\"http:\/\/schema.org\/image\" title=\"Hundeportr\u00e4t outdoor-22\" alt=\"Hundeportr\u00e4t outdoor-22\" style=\"width: 358px; height: 536px;\" \/> <\/a> <\/div> <\/div> <!-- close group --> <\/div> <!-- close row --> <\/div>\n<p><em>So ein Shooting bedarf nat\u00fcrlich Zeit, ein paar Leckereien und viel Gef\u00fchl f\u00fcr Tiere. Aber das Ergebnis lohnt. Ich finde die Fotos einfach genial.<\/em><\/p>\n<p><em>Also, es muss nicht immer Studio sein, gerne begleiten wir Euch, mit Euren Lieblingen auch durch Wald &amp; Flur. \ud83d\ude09<\/em><\/p>\n<p><em>So , und nun mach ich weiter mit bein paar Hundefotos aus dem Studio \ud83d\ude1b und w\u00fcnsche Euch noch einen tollen &amp;sonnigen Oktober.<\/em><\/p>\n<p><em>Euer Andi<\/em><\/p>\n<div style='text-align:center' class='yasr-auto-insert-visitor'><!--Yasr Visitor Votes Shortcode--><div id='yasr_visitor_votes_c9fcc4a6913e5' class='yasr-visitor-votes'><div class=\"yasr-custom-text-vv-before yasr-custom-text-vv-before-3808\">Hat es Dir gefallen?<\/div><div id='yasr-vv-second-row-container-c9fcc4a6913e5'\r\n                                        class='yasr-vv-second-row-container'><div id='yasr-visitor-votes-rater-c9fcc4a6913e5'\r\n                                      class='yasr-rater-stars-vv'\r\n                                      data-rater-postid='3808'\r\n                                      data-rating='0'\r\n                                      data-rater-starsize='32'\r\n                                      data-rater-readonly='false'\r\n                                      data-rater-nonce='7d6830009e'\r\n                                      data-issingular='false'\r\n                                    ><\/div><div class=\"yasr-vv-stats-text-container\" id=\"yasr-vv-stats-text-container-c9fcc4a6913e5\"><span id=\"yasr-vv-text-container-c9fcc4a6913e5\" class=\"yasr-vv-text-container\">[Total: <span id=\"yasr-vv-votes-number-container-c9fcc4a6913e5\">0<\/span> Average: <span id=\"yasr-vv-average-container-c9fcc4a6913e5\">0<\/span>]<\/span><\/div><div id='yasr-vv-loader-c9fcc4a6913e5' class='yasr-vv-container-loader'><\/div><\/div><div id='yasr-vv-bottom-container-c9fcc4a6913e5'\r\n                              class='yasr-vv-bottom-container'\r\n                              style='display:none'><\/div><\/div><!--End Yasr Visitor Votes Shortcode--><\/div>","protected":false},"excerpt":{"rendered":"<p>Ja ich wei\u00df , sie sind \u00fcberall pr\u00e4sent, die netten und s\u00fc\u00dfen Hundefotos. Manch einer wird sagen, nee nicht schon wieder. Aber sorry, diese hier muss ich Euch zeigen. Carbon den 10j\u00e4hrigen Windhund ( Mischling) kennt ihr ja schon von den geilen und lustigen Hundeportr\u00e4ts aus dem Studio. Am letzten Wochenende hie\u00df es dann mal<span class=\"post-excerpt-end\">&hellip;<\/span><\/p>\n<p class=\"more-link\"><a href=\"https:\/\/www.light-style.eu\/Blog\/langweilige-hundefotos-neeeeeeee\/\" class=\"themebutton\">Read More<\/a><\/p>\n","protected":false},"author":2,"featured_media":3797,"comment_status":"open","ping_status":"open","sticky":false,"template":"","format":"status","meta":{"jetpack_post_was_ever_published":false,"yasr_overall_rating":0,"yasr_post_is_review":"","yasr_auto_insert_disabled":"","yasr_review_type":"","_jetpack_newsletter_access":"","_jetpack_dont_email_post_to_subs":false,"_jetpack_newsletter_tier_id":0,"_jetpack_memberships_contains_paywalled_content":false,"_jetpack_memberships_contains_paid_content":false,"footnotes":"","jetpack_publicize_message":"","jetpack_publicize_feature_enabled":true,"jetpack_social_post_already_shared":true,"jetpack_social_options":{"image_generator_settings":{"template":"highway","default_image_id":0,"font":"","enabled":false},"version":2}},"categories":[305,48,46,139],"tags":[35,42,19,141,36,140],"class_list":["post-3808","post","type-post","status-publish","format-status","has-post-thumbnail","hentry","category-alles","category-naturfotos","category-outdoor","category-tierportraets","tag-draussen","tag-ein-tag-im-leben-eines-fotografens","tag-geschenke","tag-hundeportraets","tag-outdoor","tag-tierfotos","post_format-post-format-status"],"yasr_visitor_votes":{"stars_attributes":{"read_only":false,"span_bottom":false},"number_of_votes":0,"sum_votes":0},"jetpack_publicize_connections":[],"jetpack_featured_media_url":"https:\/\/i0.wp.com\/www.light-style.eu\/Blog\/wp-content\/uploads\/2018\/10\/Hundeportr%C3%A4t-outdoor-14.jpg?fit=800%2C1200&ssl=1","jetpack_sharing_enabled":true,"jetpack_shortlink":"https:\/\/wp.me\/p4Ojrv-Zq","jetpack-related-posts":[{"id":3413,"url":"https:\/\/www.light-style.eu\/Blog\/von-kuscheltieren\/","url_meta":{"origin":3808,"position":0},"title":"Von Kuscheltieren &#038; Monstern ;-)","author":"Andi M\u00f6ller","date":"20. M\u00e4rz 2018","format":"status","excerpt":"Moin moin, ja ich wei\u00df, schon wieder Hundeportr\u00e4ts, aber wie Ihr mich kennt, keine Fotos von der Stange ;-) Vor ner Woche war der 10j\u00e4hrige carbon bei mir zu Gast. Ihr glaubt gar nicht wie entspannt so ein Hundeshooting sein kann ;-) Meist habe ich ja Welpen oder Halbstarke im\u2026","rel":"","context":"In &quot;Alles&quot;","block_context":{"text":"Alles","link":"https:\/\/www.light-style.eu\/Blog\/category\/alles\/"},"img":{"alt_text":"","src":"https:\/\/i0.wp.com\/www.light-style.eu\/Blog\/wp-content\/uploads\/2018\/03\/Tierportr%C3%A4t-Carbon-8.jpg?fit=1200%2C800&ssl=1&resize=350%2C200","width":350,"height":200,"srcset":"https:\/\/i0.wp.com\/www.light-style.eu\/Blog\/wp-content\/uploads\/2018\/03\/Tierportr%C3%A4t-Carbon-8.jpg?fit=1200%2C800&ssl=1&resize=350%2C200 1x, https:\/\/i0.wp.com\/www.light-style.eu\/Blog\/wp-content\/uploads\/2018\/03\/Tierportr%C3%A4t-Carbon-8.jpg?fit=1200%2C800&ssl=1&resize=525%2C300 1.5x, https:\/\/i0.wp.com\/www.light-style.eu\/Blog\/wp-content\/uploads\/2018\/03\/Tierportr%C3%A4t-Carbon-8.jpg?fit=1200%2C800&ssl=1&resize=700%2C400 2x, https:\/\/i0.wp.com\/www.light-style.eu\/Blog\/wp-content\/uploads\/2018\/03\/Tierportr%C3%A4t-Carbon-8.jpg?fit=1200%2C800&ssl=1&resize=1050%2C600 3x"},"classes":[]},{"id":2804,"url":"https:\/\/www.light-style.eu\/Blog\/hundeportraets-mehr-als-langweilige-fotos\/","url_meta":{"origin":3808,"position":1},"title":"Hundeportr\u00e4ts &#8211; mehr als langweilige Fotos","author":"Andi M\u00f6ller","date":"20. Juni 2017","format":"status","excerpt":"w\u00fcnsche euch einen traumhaften Sonnentag, heute melde ich mich mal wieder mit Fotos aus dem Bereich Haustier. Diesmal standen tolle Hunde vor der Kamera, Mini Australian Shepherd. Ein junger R\u00fcde, dem steht das Freche geradezu ins Gesicht geschrieben, und eine H\u00fcndin in den besten Jahren . Mit ihren 2 farbigen\u2026","rel":"","context":"In &quot;Alles&quot;","block_context":{"text":"Alles","link":"https:\/\/www.light-style.eu\/Blog\/category\/alles\/"},"img":{"alt_text":"","src":"https:\/\/i0.wp.com\/www.light-style.eu\/Blog\/wp-content\/uploads\/2017\/06\/T17L0106-9.jpg?fit=800%2C1200&ssl=1&resize=350%2C200","width":350,"height":200,"srcset":"https:\/\/i0.wp.com\/www.light-style.eu\/Blog\/wp-content\/uploads\/2017\/06\/T17L0106-9.jpg?fit=800%2C1200&ssl=1&resize=350%2C200 1x, https:\/\/i0.wp.com\/www.light-style.eu\/Blog\/wp-content\/uploads\/2017\/06\/T17L0106-9.jpg?fit=800%2C1200&ssl=1&resize=525%2C300 1.5x, https:\/\/i0.wp.com\/www.light-style.eu\/Blog\/wp-content\/uploads\/2017\/06\/T17L0106-9.jpg?fit=800%2C1200&ssl=1&resize=700%2C400 2x"},"classes":[]},{"id":3418,"url":"https:\/\/www.light-style.eu\/Blog\/es-lebt-noch\/","url_meta":{"origin":3808,"position":2},"title":"Es lebt noch ;-)","author":"Andi M\u00f6ller","date":"13. April 2018","format":"status","excerpt":"Ich dachte mir, bevor hier in Rodenbach die Ger\u00fcchte aufkommen, ich sei verstorben,\u00a0 gebe ich mal ein kurzes Lebenszeichen. ;-) ;-D Zur Zeit ist es nur unglaublich arbeitsreich im Studio, daher finde ich dieses Jahr kaum Zeit mich um den Blog zu k\u00fcmmern, zumal ich Euch nicht st\u00e4ndig Baby oder\u2026","rel":"","context":"In &quot;Alles&quot;","block_context":{"text":"Alles","link":"https:\/\/www.light-style.eu\/Blog\/category\/alles\/"},"img":{"alt_text":"","src":"https:\/\/i0.wp.com\/www.light-style.eu\/Blog\/wp-content\/uploads\/2018\/04\/T18S0103-4.jpg?fit=800%2C1200&ssl=1&resize=350%2C200","width":350,"height":200,"srcset":"https:\/\/i0.wp.com\/www.light-style.eu\/Blog\/wp-content\/uploads\/2018\/04\/T18S0103-4.jpg?fit=800%2C1200&ssl=1&resize=350%2C200 1x, https:\/\/i0.wp.com\/www.light-style.eu\/Blog\/wp-content\/uploads\/2018\/04\/T18S0103-4.jpg?fit=800%2C1200&ssl=1&resize=525%2C300 1.5x, https:\/\/i0.wp.com\/www.light-style.eu\/Blog\/wp-content\/uploads\/2018\/04\/T18S0103-4.jpg?fit=800%2C1200&ssl=1&resize=700%2C400 2x"},"classes":[]},{"id":2672,"url":"https:\/\/www.light-style.eu\/Blog\/hundeportraets-mal-anders\/","url_meta":{"origin":3808,"position":3},"title":"Hundeportr\u00e4ts &#8211; mal anders","author":"Andi M\u00f6ller","date":"21. M\u00e4rz 2017","format":"status","excerpt":"Moin moin, nach der ganzen blanken Haut der letzten Woche geht es heute mal wieder richtig brav zu ;-) Dass Tier bzw Hundeportr\u00e4ts nicht langweilig sein m\u00fcssen , zeige ich Euch u.A. heute. Die wirklich tolle und eindrucksvolle Dogge habe ich auch ganz bewusst durch optische Tricks ( nix Photoshop)\u2026","rel":"","context":"In &quot;Alles&quot;","block_context":{"text":"Alles","link":"https:\/\/www.light-style.eu\/Blog\/category\/alles\/"},"img":{"alt_text":"","src":"https:\/\/i0.wp.com\/www.light-style.eu\/Blog\/wp-content\/uploads\/2017\/03\/P17K0103-8.jpg?fit=667%2C1000&ssl=1&resize=350%2C200","width":350,"height":200,"srcset":"https:\/\/i0.wp.com\/www.light-style.eu\/Blog\/wp-content\/uploads\/2017\/03\/P17K0103-8.jpg?fit=667%2C1000&ssl=1&resize=350%2C200 1x, https:\/\/i0.wp.com\/www.light-style.eu\/Blog\/wp-content\/uploads\/2017\/03\/P17K0103-8.jpg?fit=667%2C1000&ssl=1&resize=525%2C300 1.5x"},"classes":[]},{"id":2792,"url":"https:\/\/www.light-style.eu\/Blog\/fleissige-stoerche-und-die-babys\/","url_meta":{"origin":3808,"position":4},"title":"Flei\u00dfige St\u00f6rche und die Babys","author":"Andi M\u00f6ller","date":"13. Juni 2017","format":"status","excerpt":"Es ist wieder Dienstag und ich hab es sogar mal p\u00fcnktlich geschafft Euch wieder zu schreiben. Thema Heute sind wieder die Newborns & Babyfotos. Ich hatte ja schon Anfang des Jahres erw\u00e4hnt, dass unsere Klapperst\u00f6rche dieses Jahr sehr flei\u00dfig sind ( wir haben aber auch wieder jede Menge davon im\u2026","rel":"","context":"In &quot;Alles&quot;","block_context":{"text":"Alles","link":"https:\/\/www.light-style.eu\/Blog\/category\/alles\/"},"img":{"alt_text":"","src":"https:\/\/i0.wp.com\/www.light-style.eu\/Blog\/wp-content\/uploads\/2017\/06\/B17R0105-9.jpg?fit=1200%2C800&ssl=1&resize=350%2C200","width":350,"height":200,"srcset":"https:\/\/i0.wp.com\/www.light-style.eu\/Blog\/wp-content\/uploads\/2017\/06\/B17R0105-9.jpg?fit=1200%2C800&ssl=1&resize=350%2C200 1x, https:\/\/i0.wp.com\/www.light-style.eu\/Blog\/wp-content\/uploads\/2017\/06\/B17R0105-9.jpg?fit=1200%2C800&ssl=1&resize=525%2C300 1.5x, https:\/\/i0.wp.com\/www.light-style.eu\/Blog\/wp-content\/uploads\/2017\/06\/B17R0105-9.jpg?fit=1200%2C800&ssl=1&resize=700%2C400 2x, https:\/\/i0.wp.com\/www.light-style.eu\/Blog\/wp-content\/uploads\/2017\/06\/B17R0105-9.jpg?fit=1200%2C800&ssl=1&resize=1050%2C600 3x"},"classes":[]},{"id":3101,"url":"https:\/\/www.light-style.eu\/Blog\/unsere-haarigen-lieblinge\/","url_meta":{"origin":3808,"position":5},"title":"Unsere haarigen Lieblinge","author":"Andi M\u00f6ller","date":"28. November 2017","format":"status","excerpt":"Hallo an alle Fotobegeisterten, letzte Woche war mal wieder eine s\u00fc\u00dfe, flauschige und recht junge Hundedame bei mir im Studio. Fila, auch wenn ich sie die ganze Zeit Flocke genannt habe ;-) geh\u00f6rt zu der gro\u00dfen Familie der Huskys, fragt mich jetzt bitte nicht nach der genauen Hunderasse. Auf jeden\u2026","rel":"","context":"In &quot;Alles&quot;","block_context":{"text":"Alles","link":"https:\/\/www.light-style.eu\/Blog\/category\/alles\/"},"img":{"alt_text":"","src":"https:\/\/i0.wp.com\/www.light-style.eu\/Blog\/wp-content\/uploads\/2017\/11\/Hundeportr%C3%A4t-Fila-14.jpg?fit=800%2C1200&ssl=1&resize=350%2C200","width":350,"height":200,"srcset":"https:\/\/i0.wp.com\/www.light-style.eu\/Blog\/wp-content\/uploads\/2017\/11\/Hundeportr%C3%A4t-Fila-14.jpg?fit=800%2C1200&ssl=1&resize=350%2C200 1x, https:\/\/i0.wp.com\/www.light-style.eu\/Blog\/wp-content\/uploads\/2017\/11\/Hundeportr%C3%A4t-Fila-14.jpg?fit=800%2C1200&ssl=1&resize=525%2C300 1.5x, https:\/\/i0.wp.com\/www.light-style.eu\/Blog\/wp-content\/uploads\/2017\/11\/Hundeportr%C3%A4t-Fila-14.jpg?fit=800%2C1200&ssl=1&resize=700%2C400 2x"},"classes":[]}],"_links":{"self":[{"href":"https:\/\/www.light-style.eu\/Blog\/wp-json\/wp\/v2\/posts\/3808","targetHints":{"allow":["GET"]}}],"collection":[{"href":"https:\/\/www.light-style.eu\/Blog\/wp-json\/wp\/v2\/posts"}],"about":[{"href":"https:\/\/www.light-style.eu\/Blog\/wp-json\/wp\/v2\/types\/post"}],"author":[{"embeddable":true,"href":"https:\/\/www.light-style.eu\/Blog\/wp-json\/wp\/v2\/users\/2"}],"replies":[{"embeddable":true,"href":"https:\/\/www.light-style.eu\/Blog\/wp-json\/wp\/v2\/comments?post=3808"}],"version-history":[{"count":0,"href":"https:\/\/www.light-style.eu\/Blog\/wp-json\/wp\/v2\/posts\/3808\/revisions"}],"wp:featuredmedia":[{"embeddable":true,"href":"https:\/\/www.light-style.eu\/Blog\/wp-json\/wp\/v2\/media\/3797"}],"wp:attachment":[{"href":"https:\/\/www.light-style.eu\/Blog\/wp-json\/wp\/v2\/media?parent=3808"}],"wp:term":[{"taxonomy":"category","embeddable":true,"href":"https:\/\/www.light-style.eu\/Blog\/wp-json\/wp\/v2\/categories?post=3808"},{"taxonomy":"post_tag","embeddable":true,"href":"https:\/\/www.light-style.eu\/Blog\/wp-json\/wp\/v2\/tags?post=3808"}],"curies":[{"name":"wp","href":"https:\/\/api.w.org\/{rel}","templated":true}]}}