{"id":435,"date":"2014-08-14T20:56:50","date_gmt":"2014-08-14T18:56:50","guid":{"rendered":"http:\/\/www.light-style.eu\/Blog\/?p=435"},"modified":"2019-01-14T19:31:33","modified_gmt":"2019-01-14T18:31:33","slug":"urlaub-zu-ende-und-weiter-gehts","status":"publish","type":"post","link":"https:\/\/www.light-style.eu\/Blog\/urlaub-zu-ende-und-weiter-gehts\/","title":{"rendered":"Urlaub zu Ende und weiter gehts &#8230;&#8230;&#8230;"},"content":{"rendered":"<p>Der Montag r\u00fcckt in greifbare N\u00e4he, und damit auch das Ende meines Urlaubs. Ab dem 18. bin ich wieder f\u00fcr Euch da. Wenn ich sehe was sich so im Kalender f\u00fcr kommende Woche tummelt, d\u00fcrfte es interessant werden. Neben einigen Bewerbungsfotos stehen auch noch 2x Firmenportr\u00e4ts und Mitarbeiterportr\u00e4ts an. Und dann geht es auch langsam schon in die Planungsphase Hochzeiten 2015. Aber vorher d\u00fcrfen wir alle nochmal das weekend genie\u00dfen, also hoffen wir mal auf etwas mehr Sonne und lassen die Seele nochmal richtig baumeln&#8230;&#8230;&#8230;&#8230;&#8230; \ud83d\ude42<br \/>\nEuer Andi <a href=\"https:\/\/i0.wp.com\/www.light-style.eu\/Blog\/wp-content\/uploads\/2014\/08\/H14W0206-114.jpg?ssl=1\"><img data-recalc-dims=\"1\" loading=\"lazy\" decoding=\"async\" data-attachment-id=\"436\" data-permalink=\"https:\/\/www.light-style.eu\/Blog\/urlaub-zu-ende-und-weiter-gehts\/h14w0206-114\/#main\" data-orig-file=\"https:\/\/i0.wp.com\/www.light-style.eu\/Blog\/wp-content\/uploads\/2014\/08\/H14W0206-114.jpg?fit=1200%2C800&amp;ssl=1\" data-orig-size=\"1200,800\" data-comments-opened=\"1\" data-image-meta=\"{&quot;aperture&quot;:&quot;0&quot;,&quot;credit&quot;:&quot;Andi M\\u00f6ller&quot;,&quot;camera&quot;:&quot;&quot;,&quot;caption&quot;:&quot;&quot;,&quot;created_timestamp&quot;:&quot;1403109802&quot;,&quot;copyright&quot;:&quot;photostudio Light-Style&quot;,&quot;focal_length&quot;:&quot;0&quot;,&quot;iso&quot;:&quot;0&quot;,&quot;shutter_speed&quot;:&quot;0&quot;,&quot;title&quot;:&quot;&quot;,&quot;orientation&quot;:&quot;1&quot;}\" data-image-title=\"H14W0206&amp;#8211;114\" data-image-description=\"\" data-image-caption=\"\" data-large-file=\"https:\/\/i0.wp.com\/www.light-style.eu\/Blog\/wp-content\/uploads\/2014\/08\/H14W0206-114.jpg?fit=1170%2C780&amp;ssl=1\" class=\"alignnone wp-image-436 size-large\" src=\"https:\/\/i0.wp.com\/www.light-style.eu\/Blog\/wp-content\/uploads\/2014\/08\/H14W0206-114.jpg?resize=610%2C406&#038;ssl=1\" alt=\"H14W0206--114\" width=\"610\" height=\"406\" \/><\/a><\/p>\n<div style='text-align:center' class='yasr-auto-insert-visitor'><!--Yasr Visitor Votes Shortcode--><div id='yasr_visitor_votes_9f09109166f96' class='yasr-visitor-votes'><div class=\"yasr-custom-text-vv-before yasr-custom-text-vv-before-435\">Hat es Dir gefallen?<\/div><div id='yasr-vv-second-row-container-9f09109166f96'\r\n                                        class='yasr-vv-second-row-container'><div id='yasr-visitor-votes-rater-9f09109166f96'\r\n                                      class='yasr-rater-stars-vv'\r\n                                      data-rater-postid='435'\r\n                                      data-rating='0'\r\n                                      data-rater-starsize='32'\r\n                                      data-rater-readonly='false'\r\n                                      data-rater-nonce='06c9425c89'\r\n                                      data-issingular='false'\r\n                                    ><\/div><div class=\"yasr-vv-stats-text-container\" id=\"yasr-vv-stats-text-container-9f09109166f96\"><span id=\"yasr-vv-text-container-9f09109166f96\" class=\"yasr-vv-text-container\">[Total: <span id=\"yasr-vv-votes-number-container-9f09109166f96\">0<\/span> Average: <span id=\"yasr-vv-average-container-9f09109166f96\">0<\/span>]<\/span><\/div><div id='yasr-vv-loader-9f09109166f96' class='yasr-vv-container-loader'><\/div><\/div><div id='yasr-vv-bottom-container-9f09109166f96'\r\n                              class='yasr-vv-bottom-container'\r\n                              style='display:none'><\/div><\/div><!--End Yasr Visitor Votes Shortcode--><\/div>","protected":false},"excerpt":{"rendered":"<p>Der Montag r\u00fcckt in greifbare N\u00e4he, und damit auch das Ende meines Urlaubs. Ab dem 18. bin ich wieder f\u00fcr Euch da. Wenn ich sehe was sich so im Kalender f\u00fcr kommende Woche tummelt, d\u00fcrfte es interessant werden. Neben einigen Bewerbungsfotos stehen auch noch 2x Firmenportr\u00e4ts und Mitarbeiterportr\u00e4ts an. Und dann geht es auch langsam<span class=\"post-excerpt-end\">&hellip;<\/span><\/p>\n<p class=\"more-link\"><a href=\"https:\/\/www.light-style.eu\/Blog\/urlaub-zu-ende-und-weiter-gehts\/\" class=\"themebutton\">Read More<\/a><\/p>\n","protected":false},"author":2,"featured_media":436,"comment_status":"open","ping_status":"open","sticky":false,"template":"","format":"status","meta":{"jetpack_post_was_ever_published":false,"yasr_overall_rating":0,"yasr_post_is_review":"","yasr_auto_insert_disabled":"","yasr_review_type":"","_jetpack_newsletter_access":"","_jetpack_dont_email_post_to_subs":false,"_jetpack_newsletter_tier_id":0,"_jetpack_memberships_contains_paywalled_content":false,"_jetpack_memberships_contains_paid_content":false,"footnotes":"","jetpack_publicize_message":"","jetpack_publicize_feature_enabled":true,"jetpack_social_post_already_shared":true,"jetpack_social_options":{"image_generator_settings":{"template":"highway","default_image_id":0,"font":"","enabled":false},"version":2}},"categories":[1],"tags":[185],"class_list":["post-435","post","type-post","status-publish","format-status","has-post-thumbnail","hentry","category-allgemein","tag-allgemein","post_format-post-format-status"],"yasr_visitor_votes":{"stars_attributes":{"read_only":false,"span_bottom":false},"number_of_votes":0,"sum_votes":0},"jetpack_publicize_connections":[],"jetpack_featured_media_url":"https:\/\/i0.wp.com\/www.light-style.eu\/Blog\/wp-content\/uploads\/2014\/08\/H14W0206-114.jpg?fit=1200%2C800&ssl=1","jetpack_sharing_enabled":true,"jetpack_shortlink":"https:\/\/wp.me\/p4Ojrv-71","jetpack-related-posts":[{"id":1266,"url":"https:\/\/www.light-style.eu\/Blog\/990-jahre-rodenbach\/","url_meta":{"origin":435,"position":0},"title":"990 Jahre Rodenbach","author":"Andi M\u00f6ller","date":"20. Juli 2015","format":"status","excerpt":"Moin moin, da bin ich mal wieder, auch wenn ich im Moment mal wieder etwas im Stress bin, will ja schlie\u00dflich n\u00e4chste Woche mit meinen Jungs mal eine Woche den Urlaub genie\u00dfen ;-) will ich Euch die Impressionen & Schnappsch\u00fcsse von unserem Fest am Wochenende nicht vorenthalten. Es sind einfach\u2026","rel":"","context":"In &quot;abseits des Alltags&quot;","block_context":{"text":"abseits des Alltags","link":"https:\/\/www.light-style.eu\/Blog\/category\/abseits-des-alltags\/"},"img":{"alt_text":"","src":"https:\/\/i0.wp.com\/www.light-style.eu\/Blog\/wp-content\/uploads\/2015\/07\/Rodenbach-990-159-Kopie.jpg?fit=800%2C1200&ssl=1&resize=350%2C200","width":350,"height":200,"srcset":"https:\/\/i0.wp.com\/www.light-style.eu\/Blog\/wp-content\/uploads\/2015\/07\/Rodenbach-990-159-Kopie.jpg?fit=800%2C1200&ssl=1&resize=350%2C200 1x, https:\/\/i0.wp.com\/www.light-style.eu\/Blog\/wp-content\/uploads\/2015\/07\/Rodenbach-990-159-Kopie.jpg?fit=800%2C1200&ssl=1&resize=525%2C300 1.5x, https:\/\/i0.wp.com\/www.light-style.eu\/Blog\/wp-content\/uploads\/2015\/07\/Rodenbach-990-159-Kopie.jpg?fit=800%2C1200&ssl=1&resize=700%2C400 2x"},"classes":[]},{"id":2219,"url":"https:\/\/www.light-style.eu\/Blog\/die-toscana-wartet\/","url_meta":{"origin":435,"position":1},"title":"Die Toskana wartet &#8230;&#8230;","author":"Andi M\u00f6ller","date":"26. Juli 2016","format":"status","excerpt":"Hey, ich hoffe Euch gehts gut. Mir geht es in Hinblick auf das kommende Wochenende zumindest saugut :-P Urlaub steht vor der T\u00fcr. Auch wenn es daf\u00fcr diese Woche nochmal hei\u00dft Arsch zusammenkneifen und Alles abarbeiten, ist doch Licht am Horizont. Noch muss ich ein paar Werbefotos fertig machen, und\u2026","rel":"","context":"In &quot;abseits des Alltags&quot;","block_context":{"text":"abseits des Alltags","link":"https:\/\/www.light-style.eu\/Blog\/category\/abseits-des-alltags\/"},"img":{"alt_text":"","src":"https:\/\/i0.wp.com\/www.light-style.eu\/Blog\/wp-content\/uploads\/2016\/07\/Nicola-Make-Up-423-Bearbeitet.jpg?resize=350%2C200","width":350,"height":200,"srcset":"https:\/\/i0.wp.com\/www.light-style.eu\/Blog\/wp-content\/uploads\/2016\/07\/Nicola-Make-Up-423-Bearbeitet.jpg?resize=350%2C200 1x, https:\/\/i0.wp.com\/www.light-style.eu\/Blog\/wp-content\/uploads\/2016\/07\/Nicola-Make-Up-423-Bearbeitet.jpg?resize=525%2C300 1.5x, https:\/\/i0.wp.com\/www.light-style.eu\/Blog\/wp-content\/uploads\/2016\/07\/Nicola-Make-Up-423-Bearbeitet.jpg?resize=700%2C400 2x"},"classes":[]},{"id":3608,"url":"https:\/\/www.light-style.eu\/Blog\/after-wedding-shooting-teil-2\/","url_meta":{"origin":435,"position":2},"title":"After Wedding Shooting Teil 2","author":"Andi M\u00f6ller","date":"9. August 2018","format":"status","excerpt":"Moin moin, vor ein paar Wochen habe ich Euch ja gezeigt, dass es kein Grund zur totalen Verzweiflung ist, wenn man bei der fr\u00fcheren Wahl seines Hochzeitsfotografen in die Tonne gegriffen hatte ;-) Es gibt ja noch die M\u00f6glichkeit eines After Wedding Shootings, wo man ganz entspannt , ohne den\u2026","rel":"","context":"In &quot;abseits des Alltags&quot;","block_context":{"text":"abseits des Alltags","link":"https:\/\/www.light-style.eu\/Blog\/category\/abseits-des-alltags\/"},"img":{"alt_text":"","src":"https:\/\/i0.wp.com\/www.light-style.eu\/Blog\/wp-content\/uploads\/2018\/08\/H18L0106-639.jpg?fit=1200%2C800&ssl=1&resize=350%2C200","width":350,"height":200,"srcset":"https:\/\/i0.wp.com\/www.light-style.eu\/Blog\/wp-content\/uploads\/2018\/08\/H18L0106-639.jpg?fit=1200%2C800&ssl=1&resize=350%2C200 1x, https:\/\/i0.wp.com\/www.light-style.eu\/Blog\/wp-content\/uploads\/2018\/08\/H18L0106-639.jpg?fit=1200%2C800&ssl=1&resize=525%2C300 1.5x, https:\/\/i0.wp.com\/www.light-style.eu\/Blog\/wp-content\/uploads\/2018\/08\/H18L0106-639.jpg?fit=1200%2C800&ssl=1&resize=700%2C400 2x, https:\/\/i0.wp.com\/www.light-style.eu\/Blog\/wp-content\/uploads\/2018\/08\/H18L0106-639.jpg?fit=1200%2C800&ssl=1&resize=1050%2C600 3x"},"classes":[]},{"id":8404,"url":"https:\/\/www.light-style.eu\/Blog\/teneriffa\/","url_meta":{"origin":435,"position":3},"title":"Teneriffa","author":"Andi M\u00f6ller","date":"20. November 2024","format":"status","excerpt":"Ja, ich wei\u00df, ich bin wieder mal m\u00e4chtig sp\u00e4t dran ;-), habs aber echt nicht geschafft vorher mich, um die Fotos von Teneriffa zu k\u00fcmmern, ich hoffe, Ihr k\u00f6nnt mir dies verzeihen ;-) Ich kann auch im Urlaub einfach nicht die Finger von der Kamera lassen, erst recht nicht auf\u2026","rel":"","context":"In &quot;abseits des Alltags&quot;","block_context":{"text":"abseits des Alltags","link":"https:\/\/www.light-style.eu\/Blog\/category\/abseits-des-alltags\/"},"img":{"alt_text":"","src":"https:\/\/i0.wp.com\/www.light-style.eu\/Blog\/wp-content\/uploads\/2024\/11\/Teneriffa-24-43.jpg?fit=1200%2C800&ssl=1&resize=350%2C200","width":350,"height":200,"srcset":"https:\/\/i0.wp.com\/www.light-style.eu\/Blog\/wp-content\/uploads\/2024\/11\/Teneriffa-24-43.jpg?fit=1200%2C800&ssl=1&resize=350%2C200 1x, https:\/\/i0.wp.com\/www.light-style.eu\/Blog\/wp-content\/uploads\/2024\/11\/Teneriffa-24-43.jpg?fit=1200%2C800&ssl=1&resize=525%2C300 1.5x, https:\/\/i0.wp.com\/www.light-style.eu\/Blog\/wp-content\/uploads\/2024\/11\/Teneriffa-24-43.jpg?fit=1200%2C800&ssl=1&resize=700%2C400 2x, https:\/\/i0.wp.com\/www.light-style.eu\/Blog\/wp-content\/uploads\/2024\/11\/Teneriffa-24-43.jpg?fit=1200%2C800&ssl=1&resize=1050%2C600 3x"},"classes":[]},{"id":5606,"url":"https:\/\/www.light-style.eu\/Blog\/neuigkeiten-aus-dem-studio\/","url_meta":{"origin":435,"position":4},"title":"Neuigkeiten aus dem Studio","author":"Andi M\u00f6ller","date":"29. Juli 2020","format":"status","excerpt":"UPDATE: Kaum hab ich dies unten geschrieben , schon gibt es etwas Neues, ich habe mich gestern Abend dazu entschieden Euch noch mehr Service und Komfort zu bieten. Deshalb findet Ihr jetzt auf der Terminseite nicht nur unsere belegten Termine, sondern auch gleich die M\u00f6glichkeit online zu buchen. Moin, da\u2026","rel":"","context":"In &quot;abseits des Alltags&quot;","block_context":{"text":"abseits des Alltags","link":"https:\/\/www.light-style.eu\/Blog\/category\/abseits-des-alltags\/"},"img":{"alt_text":"","src":"https:\/\/i0.wp.com\/www.light-style.eu\/Blog\/wp-content\/uploads\/2020\/07\/Elena-Lolli20-032.jpg?fit=1200%2C800&ssl=1&resize=350%2C200","width":350,"height":200,"srcset":"https:\/\/i0.wp.com\/www.light-style.eu\/Blog\/wp-content\/uploads\/2020\/07\/Elena-Lolli20-032.jpg?fit=1200%2C800&ssl=1&resize=350%2C200 1x, https:\/\/i0.wp.com\/www.light-style.eu\/Blog\/wp-content\/uploads\/2020\/07\/Elena-Lolli20-032.jpg?fit=1200%2C800&ssl=1&resize=525%2C300 1.5x, https:\/\/i0.wp.com\/www.light-style.eu\/Blog\/wp-content\/uploads\/2020\/07\/Elena-Lolli20-032.jpg?fit=1200%2C800&ssl=1&resize=700%2C400 2x, https:\/\/i0.wp.com\/www.light-style.eu\/Blog\/wp-content\/uploads\/2020\/07\/Elena-Lolli20-032.jpg?fit=1200%2C800&ssl=1&resize=1050%2C600 3x"},"classes":[]},{"id":3293,"url":"https:\/\/www.light-style.eu\/Blog\/mauritius-2018-reisebericht-fotos\/","url_meta":{"origin":435,"position":5},"title":"Mauritius 2018-Reisebericht &#038; Fotos","author":"Andi M\u00f6ller","date":"26. Januar 2018","format":"status","excerpt":"Mauritius, einfach wundersch\u00f6n und unvergesslich. Der gro\u00dfe Mark Twain sagte einmal \u00fcber Mauritius: \"zuerst schuf Gott Mauritius, dann das Paradies. Aber das Paradies war nur eine Kopie.\"(Zitat) ;-)","rel":"","context":"In &quot;Alles&quot;","block_context":{"text":"Alles","link":"https:\/\/www.light-style.eu\/Blog\/category\/alles\/"},"img":{"alt_text":"mauritius","src":"https:\/\/i0.wp.com\/www.light-style.eu\/Blog\/wp-content\/uploads\/2018\/01\/Mauritius-2018-2124-Bearbeitet-1.jpg?fit=1200%2C800&ssl=1&resize=350%2C200","width":350,"height":200,"srcset":"https:\/\/i0.wp.com\/www.light-style.eu\/Blog\/wp-content\/uploads\/2018\/01\/Mauritius-2018-2124-Bearbeitet-1.jpg?fit=1200%2C800&ssl=1&resize=350%2C200 1x, https:\/\/i0.wp.com\/www.light-style.eu\/Blog\/wp-content\/uploads\/2018\/01\/Mauritius-2018-2124-Bearbeitet-1.jpg?fit=1200%2C800&ssl=1&resize=525%2C300 1.5x, https:\/\/i0.wp.com\/www.light-style.eu\/Blog\/wp-content\/uploads\/2018\/01\/Mauritius-2018-2124-Bearbeitet-1.jpg?fit=1200%2C800&ssl=1&resize=700%2C400 2x, https:\/\/i0.wp.com\/www.light-style.eu\/Blog\/wp-content\/uploads\/2018\/01\/Mauritius-2018-2124-Bearbeitet-1.jpg?fit=1200%2C800&ssl=1&resize=1050%2C600 3x"},"classes":[]}],"_links":{"self":[{"href":"https:\/\/www.light-style.eu\/Blog\/wp-json\/wp\/v2\/posts\/435","targetHints":{"allow":["GET"]}}],"collection":[{"href":"https:\/\/www.light-style.eu\/Blog\/wp-json\/wp\/v2\/posts"}],"about":[{"href":"https:\/\/www.light-style.eu\/Blog\/wp-json\/wp\/v2\/types\/post"}],"author":[{"embeddable":true,"href":"https:\/\/www.light-style.eu\/Blog\/wp-json\/wp\/v2\/users\/2"}],"replies":[{"embeddable":true,"href":"https:\/\/www.light-style.eu\/Blog\/wp-json\/wp\/v2\/comments?post=435"}],"version-history":[{"count":0,"href":"https:\/\/www.light-style.eu\/Blog\/wp-json\/wp\/v2\/posts\/435\/revisions"}],"wp:featuredmedia":[{"embeddable":true,"href":"https:\/\/www.light-style.eu\/Blog\/wp-json\/wp\/v2\/media\/436"}],"wp:attachment":[{"href":"https:\/\/www.light-style.eu\/Blog\/wp-json\/wp\/v2\/media?parent=435"}],"wp:term":[{"taxonomy":"category","embeddable":true,"href":"https:\/\/www.light-style.eu\/Blog\/wp-json\/wp\/v2\/categories?post=435"},{"taxonomy":"post_tag","embeddable":true,"href":"https:\/\/www.light-style.eu\/Blog\/wp-json\/wp\/v2\/tags?post=435"}],"curies":[{"name":"wp","href":"https:\/\/api.w.org\/{rel}","templated":true}]}}