{"id":4588,"date":"2019-05-07T19:02:37","date_gmt":"2019-05-07T17:02:37","guid":{"rendered":"https:\/\/www.light-style.eu\/Blog\/?p=4588"},"modified":"2021-03-15T16:31:04","modified_gmt":"2021-03-15T15:31:04","slug":"richtig-oder-billig","status":"publish","type":"post","link":"https:\/\/www.light-style.eu\/Blog\/richtig-oder-billig\/","title":{"rendered":"Richtig oder Billig ??"},"content":{"rendered":"\n\n\n<div class=\"wp-block-image\"><figure class=\"aligncenter\"><img data-recalc-dims=\"1\" loading=\"lazy\" decoding=\"async\" width=\"1170\" height=\"780\" data-attachment-id=\"3858\" data-permalink=\"https:\/\/www.light-style.eu\/Blog\/hochzeitsreportage-zu-verschenken\/wedding01\/#main\" data-orig-file=\"https:\/\/i0.wp.com\/www.light-style.eu\/Blog\/wp-content\/uploads\/2019\/01\/wedding01.jpg?fit=1200%2C800&amp;ssl=1\" data-orig-size=\"1200,800\" data-comments-opened=\"1\" data-image-meta=\"{&quot;aperture&quot;:&quot;0&quot;,&quot;credit&quot;:&quot;Fotostudio Light-Style\\rAndi Moel&quot;,&quot;camera&quot;:&quot;&quot;,&quot;caption&quot;:&quot;&quot;,&quot;created_timestamp&quot;:&quot;0&quot;,&quot;copyright&quot;:&quot;www.light-style.eu&quot;,&quot;focal_length&quot;:&quot;0&quot;,&quot;iso&quot;:&quot;0&quot;,&quot;shutter_speed&quot;:&quot;0&quot;,&quot;title&quot;:&quot;&quot;,&quot;orientation&quot;:&quot;0&quot;}\" data-image-title=\"wedding01\" data-image-description=\"\" data-image-caption=\"\" data-large-file=\"https:\/\/i0.wp.com\/www.light-style.eu\/Blog\/wp-content\/uploads\/2019\/01\/wedding01.jpg?fit=1170%2C780&amp;ssl=1\" src=\"https:\/\/i0.wp.com\/www.light-style.eu\/Blog\/wp-content\/uploads\/2019\/01\/wedding01.jpg?resize=1170%2C780&#038;ssl=1\" alt=\"\" class=\"wp-image-3858\" srcset=\"https:\/\/i0.wp.com\/www.light-style.eu\/Blog\/wp-content\/uploads\/2019\/01\/wedding01.jpg?w=1200&amp;ssl=1 1200w, https:\/\/i0.wp.com\/www.light-style.eu\/Blog\/wp-content\/uploads\/2019\/01\/wedding01.jpg?resize=600%2C400&amp;ssl=1 600w, https:\/\/i0.wp.com\/www.light-style.eu\/Blog\/wp-content\/uploads\/2019\/01\/wedding01.jpg?resize=768%2C512&amp;ssl=1 768w\" sizes=\"auto, (max-width: 1170px) 100vw, 1170px\" \/><\/figure><\/div>\n\n\n\n<p style=\"font-size:18px\"><em>Nachdem ich mit meinem letzten Beitrag bestimmt auch den einen oder anderen etwas provoziert habe, werde ich heute mal wieder etwas friedlicher \ud83d\ude09 Aber nur etwas \ud83d\ude09<\/em><\/p>\n\n\n\n<p style=\"background-color:#f4d297;font-size:18px\" class=\"has-background\"><em>Das Thema geht heute um Werbefotografie bzw. Businessfotos und damit auch ein wenig um Bewerbungsfotos, denn eins haben diese Fotos gemeinsam &#8211; es geht um Werbung, selbst die Bewerbungsfotos sind ja letztendlich Werbefotos, n\u00e4mlich Werbung f\u00fcr die eigene Person.<\/em><\/p>\n\n\n\n<p style=\"font-size:18px\"><em>Kaum einer von uns kommt heute um den Onlinehandel drum rum, ich auch nicht, denn entweder fehlt mir durchs Gesch\u00e4ft die Zeit oder ich habe den speziellen Laden nicht in der N\u00e4he. Ok der Kampf im Handel ist schweine- hart geworden, nicht nur im realen Business, sondern auch im Onlinehandel. Jetzt wird nat\u00fcrlich geschaut wo kann ich Kosten sparen? Neben, leider den Personalkosten ist eins der ersten Punkte oft die Werbung. Dabei sagt schon ein alter Leitsatz im Businessleben, Werbung kostet Geld, nicht werben die Existenz. Und dies stimmt heute genauso wie vor 50 Jahren. Also wird die Werbung billig und genau das ist mein Kernthema heute. Ich kann diese billigen &#8222;Werbefotos&#8220; aus dem Lichtzelt nicht mehr sehen, das Produkt wirkt auf mich schon nach billiger China Ware. Licht gleichm\u00e4\u00dfig um das Objekt verteilt, Hauptsage wei\u00df und \u00fcberall Licht. Sowas von langweilig &#8212; g\u00e4hn&#8211; Ja es ist sooooo einfach, ich habe bis gestern nicht mal so ein Lichtzelt besessen, aber f\u00fcr diesen Beitrag musste ich mir dann doch eins zulegen, um Euch den Unterschied r\u00fcber zu bringen. <\/em><\/p>\n\n\n\n<ul class=\"wp-block-gallery columns-2 is-cropped wp-block-gallery-1 is-layout-flex wp-block-gallery-is-layout-flex\"><li class=\"blocks-gallery-item\"><figure><a href=\"https:\/\/www.light-style.eu\/Blog\/werbefoto-billig-2\/\"><img data-recalc-dims=\"1\" loading=\"lazy\" decoding=\"async\" width=\"1170\" height=\"780\" data-attachment-id=\"4592\" data-permalink=\"https:\/\/www.light-style.eu\/Blog\/werbefoto-billig-2\/\" data-orig-file=\"https:\/\/i0.wp.com\/www.light-style.eu\/Blog\/wp-content\/uploads\/2019\/05\/Werbefoto-billig-2.jpg?fit=1200%2C800&amp;ssl=1\" data-orig-size=\"1200,800\" data-comments-opened=\"1\" data-image-meta=\"{&quot;aperture&quot;:&quot;0&quot;,&quot;credit&quot;:&quot;Fotostudio Light-Style,Andi Moel&quot;,&quot;camera&quot;:&quot;&quot;,&quot;caption&quot;:&quot;&quot;,&quot;created_timestamp&quot;:&quot;0&quot;,&quot;copyright&quot;:&quot;www.light-style.eu&quot;,&quot;focal_length&quot;:&quot;0&quot;,&quot;iso&quot;:&quot;0&quot;,&quot;shutter_speed&quot;:&quot;0&quot;,&quot;title&quot;:&quot;&quot;,&quot;orientation&quot;:&quot;0&quot;}\" data-image-title=\"Werbefoto billig 2\" data-image-description=\"\" data-image-caption=\"\" data-large-file=\"https:\/\/i0.wp.com\/www.light-style.eu\/Blog\/wp-content\/uploads\/2019\/05\/Werbefoto-billig-2.jpg?fit=1170%2C780&amp;ssl=1\" src=\"https:\/\/i0.wp.com\/www.light-style.eu\/Blog\/wp-content\/uploads\/2019\/05\/Werbefoto-billig-2.jpg?resize=1170%2C780&#038;ssl=1\" alt=\"\" data-id=\"4592\" data-link=\"https:\/\/www.light-style.eu\/Blog\/werbefoto-billig-2\/\" class=\"wp-image-4592\" srcset=\"https:\/\/i0.wp.com\/www.light-style.eu\/Blog\/wp-content\/uploads\/2019\/05\/Werbefoto-billig-2.jpg?w=1200&amp;ssl=1 1200w, https:\/\/i0.wp.com\/www.light-style.eu\/Blog\/wp-content\/uploads\/2019\/05\/Werbefoto-billig-2.jpg?resize=600%2C400&amp;ssl=1 600w, https:\/\/i0.wp.com\/www.light-style.eu\/Blog\/wp-content\/uploads\/2019\/05\/Werbefoto-billig-2.jpg?resize=768%2C512&amp;ssl=1 768w\" sizes=\"auto, (max-width: 1170px) 100vw, 1170px\" \/><\/a><figcaption>Stilvolle Werbung geht anders<\/figcaption><\/figure><\/li><li class=\"blocks-gallery-item\"><figure><a href=\"https:\/\/www.light-style.eu\/Blog\/werbefoto-billig-1\/\"><img data-recalc-dims=\"1\" loading=\"lazy\" decoding=\"async\" width=\"1170\" height=\"780\" data-attachment-id=\"4591\" data-permalink=\"https:\/\/www.light-style.eu\/Blog\/werbefoto-billig-1\/\" data-orig-file=\"https:\/\/i0.wp.com\/www.light-style.eu\/Blog\/wp-content\/uploads\/2019\/05\/Werbefoto-billig-1.jpg?fit=1200%2C800&amp;ssl=1\" data-orig-size=\"1200,800\" data-comments-opened=\"1\" data-image-meta=\"{&quot;aperture&quot;:&quot;0&quot;,&quot;credit&quot;:&quot;Fotostudio Light-Style,Andi Moel&quot;,&quot;camera&quot;:&quot;&quot;,&quot;caption&quot;:&quot;&quot;,&quot;created_timestamp&quot;:&quot;0&quot;,&quot;copyright&quot;:&quot;www.light-style.eu&quot;,&quot;focal_length&quot;:&quot;0&quot;,&quot;iso&quot;:&quot;0&quot;,&quot;shutter_speed&quot;:&quot;0&quot;,&quot;title&quot;:&quot;&quot;,&quot;orientation&quot;:&quot;0&quot;}\" data-image-title=\"Werbefoto billig-1\" data-image-description=\"\" data-image-caption=\"\" data-large-file=\"https:\/\/i0.wp.com\/www.light-style.eu\/Blog\/wp-content\/uploads\/2019\/05\/Werbefoto-billig-1.jpg?fit=1170%2C780&amp;ssl=1\" src=\"https:\/\/i0.wp.com\/www.light-style.eu\/Blog\/wp-content\/uploads\/2019\/05\/Werbefoto-billig-1.jpg?resize=1170%2C780&#038;ssl=1\" alt=\"\" data-id=\"4591\" data-link=\"https:\/\/www.light-style.eu\/Blog\/werbefoto-billig-1\/\" class=\"wp-image-4591\" srcset=\"https:\/\/i0.wp.com\/www.light-style.eu\/Blog\/wp-content\/uploads\/2019\/05\/Werbefoto-billig-1.jpg?w=1200&amp;ssl=1 1200w, https:\/\/i0.wp.com\/www.light-style.eu\/Blog\/wp-content\/uploads\/2019\/05\/Werbefoto-billig-1.jpg?resize=600%2C400&amp;ssl=1 600w, https:\/\/i0.wp.com\/www.light-style.eu\/Blog\/wp-content\/uploads\/2019\/05\/Werbefoto-billig-1.jpg?resize=768%2C512&amp;ssl=1 768w\" sizes=\"auto, (max-width: 1170px) 100vw, 1170px\" \/><\/a><figcaption>wer will schon billig?<\/figcaption><\/figure><\/li><\/ul>\n\n\n\n<p style=\"font-size:18px\"><em>Die 2 Fotos waren nach 5 Minuten Aufbauzeit, 3 Minuten fotografieren und vielleicht 5 Minuten in der digitalen Weiterverarbeitung fertig, also 13 Minuten, was nat\u00fcrlich bei Massenabfertigung noch schneller geht, auf 3-5 Minuten pro Artikel. Ich muss mich fast um nix k\u00fcmmern, Licht \/ Schatten was eigentlich eindrucksvolle Fotos ausmacht , ist hier nicht existent. Einfach platt und langweilig. Aber daf\u00fcr sau-g\u00fcnstig.<\/em><\/p>\n\n\n\n<p style=\"background-color:#f8c982;font-size:18px\" class=\"has-background\"><em>Anders dagegen das andere Werbefoto der Schuhe, hier waren es ca. 1h Aufbau, 45 Minuten fotografieren inkl. Feinjustage und nochmal 30 Minuten Abbau. Also deutlich mehr. Aber wenn Ihr ganz ehrlich seid? Welche Schuhe wirken hochwertiger? Wo w\u00fcrdet Ihr spontan etwas mehr ausgeben? Es sind beide Male das gleiche Paar Schuhe. Einmal halt fotografiert und einmal geknipst. <\/em><\/p>\n\n\n\n<div class=\"wp-block-image\"><figure class=\"aligncenter\"><a href=\"https:\/\/www.light-style.eu\/Blog\/sportschuh-1-2\/\"><img data-recalc-dims=\"1\" loading=\"lazy\" decoding=\"async\" width=\"1170\" height=\"780\" data-attachment-id=\"4589\" data-permalink=\"https:\/\/www.light-style.eu\/Blog\/sportschuh-1-2\/\" data-orig-file=\"https:\/\/i0.wp.com\/www.light-style.eu\/Blog\/wp-content\/uploads\/2019\/05\/Sportschuh-1-2.jpg?fit=1200%2C800&amp;ssl=1\" data-orig-size=\"1200,800\" data-comments-opened=\"1\" data-image-meta=\"{&quot;aperture&quot;:&quot;0&quot;,&quot;credit&quot;:&quot;Fotostudio Light-Style,Andi Moel&quot;,&quot;camera&quot;:&quot;&quot;,&quot;caption&quot;:&quot;&quot;,&quot;created_timestamp&quot;:&quot;0&quot;,&quot;copyright&quot;:&quot;www.light-style.eu&quot;,&quot;focal_length&quot;:&quot;0&quot;,&quot;iso&quot;:&quot;0&quot;,&quot;shutter_speed&quot;:&quot;0&quot;,&quot;title&quot;:&quot;&quot;,&quot;orientation&quot;:&quot;0&quot;}\" data-image-title=\"Sportschuh-1-2\" data-image-description=\"\" data-image-caption=\"\" data-large-file=\"https:\/\/i0.wp.com\/www.light-style.eu\/Blog\/wp-content\/uploads\/2019\/05\/Sportschuh-1-2.jpg?fit=1170%2C780&amp;ssl=1\" src=\"https:\/\/i0.wp.com\/www.light-style.eu\/Blog\/wp-content\/uploads\/2019\/05\/Sportschuh-1-2.jpg?resize=1170%2C780&#038;ssl=1\" alt=\"\" class=\"wp-image-4589\" srcset=\"https:\/\/i0.wp.com\/www.light-style.eu\/Blog\/wp-content\/uploads\/2019\/05\/Sportschuh-1-2.jpg?w=1200&amp;ssl=1 1200w, https:\/\/i0.wp.com\/www.light-style.eu\/Blog\/wp-content\/uploads\/2019\/05\/Sportschuh-1-2.jpg?resize=600%2C400&amp;ssl=1 600w, https:\/\/i0.wp.com\/www.light-style.eu\/Blog\/wp-content\/uploads\/2019\/05\/Sportschuh-1-2.jpg?resize=768%2C512&amp;ssl=1 768w\" sizes=\"auto, (max-width: 1170px) 100vw, 1170px\" \/><\/a><figcaption>so sieht f\u00fcr mich Werbung aus! (Rechts ist nur f\u00fcr den Werbeslogan Platz gelassen. ) Wurde \u00fcbrigens mit einem Schuss fotografiert!<\/figcaption><\/figure><\/div>\n\n\n\n<p style=\"font-size:18px\"><em>Ich sage mal f\u00fcr billige China Ware oder 1 \u20ac L\u00e4den ist das nat\u00fcrlich ok, aber Fu\u00dfpilz bekomme ich, wenn mir jemand mit den billigen Fotos gutes Geld aus der Tasche ziehen will&#8230;&#8230;. Bei Produkten, die nicht lange halten sollen und kleines Geld kosten sollen, ist es hingegen ok, f\u00fcr mich. Aber achtet mal darauf wie oft auch hochpreisige Produkte auf diese billige Art angeboten werden. <\/em><\/p>\n\n\n\n<div class=\"wp-block-image\"><figure class=\"aligncenter is-resized\"><a href=\"https:\/\/www.light-style.eu\/Blog\/schlechtes-beispiel-1\/\"><img data-recalc-dims=\"1\" loading=\"lazy\" decoding=\"async\" data-attachment-id=\"4603\" data-permalink=\"https:\/\/www.light-style.eu\/Blog\/schlechtes-beispiel-1\/\" data-orig-file=\"https:\/\/i0.wp.com\/www.light-style.eu\/Blog\/wp-content\/uploads\/2019\/05\/schlechtes-Beispiel-1.jpg?fit=1200%2C800&amp;ssl=1\" data-orig-size=\"1200,800\" data-comments-opened=\"1\" data-image-meta=\"{&quot;aperture&quot;:&quot;0&quot;,&quot;credit&quot;:&quot;Fotostudio Light-Style,Andi Moel&quot;,&quot;camera&quot;:&quot;&quot;,&quot;caption&quot;:&quot;&quot;,&quot;created_timestamp&quot;:&quot;0&quot;,&quot;copyright&quot;:&quot;www.light-style.eu&quot;,&quot;focal_length&quot;:&quot;0&quot;,&quot;iso&quot;:&quot;0&quot;,&quot;shutter_speed&quot;:&quot;0&quot;,&quot;title&quot;:&quot;&quot;,&quot;orientation&quot;:&quot;0&quot;}\" data-image-title=\"schlechtes Beispiel-1\" data-image-description=\"\" data-image-caption=\"\" data-large-file=\"https:\/\/i0.wp.com\/www.light-style.eu\/Blog\/wp-content\/uploads\/2019\/05\/schlechtes-Beispiel-1.jpg?fit=1170%2C780&amp;ssl=1\" src=\"https:\/\/i0.wp.com\/www.light-style.eu\/Blog\/wp-content\/uploads\/2019\/05\/schlechtes-Beispiel-1.jpg?resize=342%2C228&#038;ssl=1\" alt=\"\" class=\"wp-image-4603\" width=\"342\" height=\"228\" srcset=\"https:\/\/i0.wp.com\/www.light-style.eu\/Blog\/wp-content\/uploads\/2019\/05\/schlechtes-Beispiel-1.jpg?w=1200&amp;ssl=1 1200w, https:\/\/i0.wp.com\/www.light-style.eu\/Blog\/wp-content\/uploads\/2019\/05\/schlechtes-Beispiel-1.jpg?resize=600%2C400&amp;ssl=1 600w, https:\/\/i0.wp.com\/www.light-style.eu\/Blog\/wp-content\/uploads\/2019\/05\/schlechtes-Beispiel-1.jpg?resize=768%2C512&amp;ssl=1 768w\" sizes=\"auto, (max-width: 342px) 100vw, 342px\" \/><\/a><figcaption>noch ein schlechtes Beispiel, von meiner gebrauchten Tastatur.<\/figcaption><\/figure><\/div>\n\n\n\n<p style=\"background-color:#a23fd7;font-size:18px\" class=\"has-text-color has-background has-white-color\"><em>Genau das gleiche Empfinden hat \u00fcbrigens Euer zuk\u00fcnftiger Personalchef oder Gesch\u00e4ftspartner, wenn er die dazu entsprechenden Businessfotos oder Bewerbungsfotos sieht. Entweder, naja &#8212; nicht \u00fcberzeugend oder oh, er(sie) wirkt interessant, schaue ich mir mal genauer an. Wir Menschen sind und waren schon immer Augenj\u00e4ger, dass was wir sehen, analysieren wir und bestimmen innerhalb von Bruchteilen einer Sekunde die Wertigkeit f\u00fcr uns. Egal ob&#8217;s nun ein Auto, Schuhe oder ein Mensch ist. Der ber\u00fchmte erste Eindruck. <\/em><\/p>\n\n\n\n<figure class=\"wp-block-image\"><a href=\"https:\/\/www.light-style.eu\/Blog\/logitech-1\/\"><img data-recalc-dims=\"1\" loading=\"lazy\" decoding=\"async\" width=\"1170\" height=\"780\" data-attachment-id=\"4602\" data-permalink=\"https:\/\/www.light-style.eu\/Blog\/logitech-1\/\" data-orig-file=\"https:\/\/i0.wp.com\/www.light-style.eu\/Blog\/wp-content\/uploads\/2019\/05\/Logitech-1.jpg?fit=1200%2C800&amp;ssl=1\" data-orig-size=\"1200,800\" data-comments-opened=\"1\" data-image-meta=\"{&quot;aperture&quot;:&quot;0&quot;,&quot;credit&quot;:&quot;Fotostudio Light-Style,Andi Moel&quot;,&quot;camera&quot;:&quot;&quot;,&quot;caption&quot;:&quot;&quot;,&quot;created_timestamp&quot;:&quot;0&quot;,&quot;copyright&quot;:&quot;www.light-style.eu&quot;,&quot;focal_length&quot;:&quot;0&quot;,&quot;iso&quot;:&quot;0&quot;,&quot;shutter_speed&quot;:&quot;0&quot;,&quot;title&quot;:&quot;&quot;,&quot;orientation&quot;:&quot;0&quot;}\" data-image-title=\"Logitech-1\" data-image-description=\"\" data-image-caption=\"\" data-large-file=\"https:\/\/i0.wp.com\/www.light-style.eu\/Blog\/wp-content\/uploads\/2019\/05\/Logitech-1.jpg?fit=1170%2C780&amp;ssl=1\" src=\"https:\/\/i0.wp.com\/www.light-style.eu\/Blog\/wp-content\/uploads\/2019\/05\/Logitech-1.jpg?resize=1170%2C780&#038;ssl=1\" alt=\"\" class=\"wp-image-4602\" srcset=\"https:\/\/i0.wp.com\/www.light-style.eu\/Blog\/wp-content\/uploads\/2019\/05\/Logitech-1.jpg?w=1200&amp;ssl=1 1200w, https:\/\/i0.wp.com\/www.light-style.eu\/Blog\/wp-content\/uploads\/2019\/05\/Logitech-1.jpg?resize=600%2C400&amp;ssl=1 600w, https:\/\/i0.wp.com\/www.light-style.eu\/Blog\/wp-content\/uploads\/2019\/05\/Logitech-1.jpg?resize=768%2C512&amp;ssl=1 768w\" sizes=\"auto, (max-width: 1170px) 100vw, 1170px\" \/><\/a><figcaption>Und die elegantere Version meiner gebrauchten Tastatur&#8230; Ok bei einem Pay-Job h\u00e4tte ich noch das Display herausgearbeitet aber zum Vergleich reicht es auch so <\/figcaption><\/figure>\n\n\n\n<p style=\"font-size:18px\"><em>Nun \u00fcberlasse ich es Euch wie Ihr Euch oder Euer Produkt pr\u00e4sentieren wollt. Ich wei\u00df zumindest was mir mehr zusagt \ud83d\ude09 Und by the way &#8212; ja ALLE Fotos auf meinen Seiten oder bei mir im Studio sind von mir gemacht worden, gerade im Studio h\u00f6re ich immer wieder die Frage, haben Sie all diese tollen Fotos gemacht \ud83d\ude09 Bis hin zum offenen Vorwurf im Web, die Fotos seien nicht von mir, die w\u00e4ren zu plakativ \ud83d\ude09 wei\u00df nie ob ich stolz oder beleidigt sein soll&#8230;.lol.. \ud83d\ude09<\/em><\/p>\n\n\n\n<p style=\"font-size:18px\"><em>Nun w\u00fcnsche ich Euch eine tolle Woche<\/em><\/p>\n\n\n\n<p>Euer Andi<\/p>\n<div style='text-align:center' class='yasr-auto-insert-visitor'><!--Yasr Visitor Votes Shortcode--><div id='yasr_visitor_votes_dee883db6f9d5' class='yasr-visitor-votes'><div class=\"yasr-custom-text-vv-before yasr-custom-text-vv-before-4588\">Hat es Dir gefallen?<\/div><div id='yasr-vv-second-row-container-dee883db6f9d5'\r\n                                        class='yasr-vv-second-row-container'><div id='yasr-visitor-votes-rater-dee883db6f9d5'\r\n                                      class='yasr-rater-stars-vv'\r\n                                      data-rater-postid='4588'\r\n                                      data-rating='0'\r\n                                      data-rater-starsize='32'\r\n                                      data-rater-readonly='false'\r\n                                      data-rater-nonce='14c6360544'\r\n                                      data-issingular='false'\r\n                                    ><\/div><div class=\"yasr-vv-stats-text-container\" id=\"yasr-vv-stats-text-container-dee883db6f9d5\"><span id=\"yasr-vv-text-container-dee883db6f9d5\" class=\"yasr-vv-text-container\">[Total: <span id=\"yasr-vv-votes-number-container-dee883db6f9d5\">0<\/span> Average: <span id=\"yasr-vv-average-container-dee883db6f9d5\">0<\/span>]<\/span><\/div><div id='yasr-vv-loader-dee883db6f9d5' class='yasr-vv-container-loader'><\/div><\/div><div id='yasr-vv-bottom-container-dee883db6f9d5'\r\n                              class='yasr-vv-bottom-container'\r\n                              style='display:none'><\/div><\/div><!--End Yasr Visitor Votes Shortcode--><\/div>","protected":false},"excerpt":{"rendered":"<p>Billigfoto oder Werbefoto? Dies entscheidet zum Gro\u00dfteil mit \u00fcber den Gesch\u00e4ftserfolg&#8230;&#8230;<\/p>\n","protected":false},"author":2,"featured_media":4589,"comment_status":"open","ping_status":"open","sticky":false,"template":"","format":"status","meta":{"jetpack_post_was_ever_published":false,"yasr_overall_rating":0,"yasr_post_is_review":"","yasr_auto_insert_disabled":"","yasr_review_type":"","_jetpack_newsletter_access":"","_jetpack_dont_email_post_to_subs":false,"_jetpack_newsletter_tier_id":0,"_jetpack_memberships_contains_paywalled_content":false,"_jetpack_memberships_contains_paid_content":false,"footnotes":"","jetpack_publicize_message":"","jetpack_publicize_feature_enabled":true,"jetpack_social_post_already_shared":true,"jetpack_social_options":{"image_generator_settings":{"template":"highway","default_image_id":0,"font":"","enabled":false},"version":2}},"categories":[305,1,111,78,119],"tags":[33,31,32,30],"class_list":["post-4588","post","type-post","status-publish","format-status","has-post-thumbnail","hentry","category-alles","category-allgemein","category-businessfotos","category-produktfotos","category-werbefotos","tag-bewerbungsfotos","tag-businessfotos","tag-businessportraets","tag-werbefotos","post_format-post-format-status"],"yasr_visitor_votes":{"stars_attributes":{"read_only":false,"span_bottom":false},"number_of_votes":0,"sum_votes":0},"jetpack_publicize_connections":[],"jetpack_featured_media_url":"https:\/\/i0.wp.com\/www.light-style.eu\/Blog\/wp-content\/uploads\/2019\/05\/Sportschuh-1-2.jpg?fit=1200%2C800&ssl=1","jetpack_sharing_enabled":true,"jetpack_shortlink":"https:\/\/wp.me\/p4Ojrv-1c0","jetpack-related-posts":[{"id":439,"url":"https:\/\/www.light-style.eu\/Blog\/und-taeglich-gruesst-das-bewerbungsfoto\/","url_meta":{"origin":4588,"position":0},"title":"Und t\u00e4glich gr\u00fc\u00dft das&#8230;&#8230;&#8230;&#8230;&#8230;&#8230; Bewerbungsfoto ;-)","author":"Andi M\u00f6ller","date":"22. August 2014","format":"status","excerpt":"Da geht man mal unbedarft in den Supermarkt, trifft den Vater einer jungen Kundin. Waren vor ein paar Wochen Bewerbungsfotos, und die junge Dame war gar nicht mit sich selbst zufrieden wie so oft in diesem Alter. Ihr Vater und ich haben sie damals schwer bearbeitet, und auf sie eingewirkt\u2026","rel":"","context":"In &quot;Allgemein&quot;","block_context":{"text":"Allgemein","link":"https:\/\/www.light-style.eu\/Blog\/category\/allgemein\/"},"img":{"alt_text":"","src":"https:\/\/i0.wp.com\/www.light-style.eu\/Blog\/wp-content\/uploads\/2014\/08\/Bewerbungsfotos-2.jpg?resize=350%2C200&ssl=1","width":350,"height":200},"classes":[]},{"id":5395,"url":"https:\/\/www.light-style.eu\/Blog\/was-duerfen-fotografen-noch-in-der-krise\/","url_meta":{"origin":4588,"position":1},"title":"Was d\u00fcrfen Fotografen noch in der Krise ?","author":"Andi M\u00f6ller","date":"2. April 2020","format":"status","excerpt":"Theoretisch genau das Gleiche wie vor der Corona-Krise. Theoretisch arbeiten wir genauso wie vorher. Theoretisch k\u00f6nnten wir auf Soforthilfen verzichten. Wenn alle unter einem Dach wohnen , sind auch Familien kein Problem Alle Theorie ist grau. Auch wenn wir offiziell unsere Studios nicht wegen der Seuche schlie\u00dfen m\u00fcssen, ereilt uns\u2026","rel":"","context":"In &quot;abseits des Alltags&quot;","block_context":{"text":"abseits des Alltags","link":"https:\/\/www.light-style.eu\/Blog\/category\/abseits-des-alltags\/"},"img":{"alt_text":"","src":"https:\/\/i0.wp.com\/www.light-style.eu\/Blog\/wp-content\/uploads\/2020\/04\/PoH0107-21-von-53-Bearbeitet.jpg?fit=1200%2C800&ssl=1&resize=350%2C200","width":350,"height":200,"srcset":"https:\/\/i0.wp.com\/www.light-style.eu\/Blog\/wp-content\/uploads\/2020\/04\/PoH0107-21-von-53-Bearbeitet.jpg?fit=1200%2C800&ssl=1&resize=350%2C200 1x, https:\/\/i0.wp.com\/www.light-style.eu\/Blog\/wp-content\/uploads\/2020\/04\/PoH0107-21-von-53-Bearbeitet.jpg?fit=1200%2C800&ssl=1&resize=525%2C300 1.5x, https:\/\/i0.wp.com\/www.light-style.eu\/Blog\/wp-content\/uploads\/2020\/04\/PoH0107-21-von-53-Bearbeitet.jpg?fit=1200%2C800&ssl=1&resize=700%2C400 2x, https:\/\/i0.wp.com\/www.light-style.eu\/Blog\/wp-content\/uploads\/2020\/04\/PoH0107-21-von-53-Bearbeitet.jpg?fit=1200%2C800&ssl=1&resize=1050%2C600 3x"},"classes":[]},{"id":1826,"url":"https:\/\/www.light-style.eu\/Blog\/business-mitarbeiterportraets\/","url_meta":{"origin":4588,"position":2},"title":"Business &#8211; \/ Mitarbeiterportr\u00e4ts","author":"Andi M\u00f6ller","date":"4. M\u00e4rz 2016","format":"status","excerpt":"Moin, moin, ich wei\u00df ich hab den gewohnten Turnus im Blog nicht eingehalten :-P Aber man m\u00f6ge es mir verzeihen, der Februar war gepr\u00e4gt von Bewerbungsfotos und Familienportr\u00e4ts, war dieses Jahr etwas \u00fcberraschend, denn normalerweise ist der Februar immer recht erholsam ;-) Gestern standen dann schon wieder mal 50 Kids\u2026","rel":"","context":"In &quot;Alles&quot;","block_context":{"text":"Alles","link":"https:\/\/www.light-style.eu\/Blog\/category\/alles\/"},"img":{"alt_text":"Business 1","src":"https:\/\/i0.wp.com\/www.light-style.eu\/Blog\/wp-content\/uploads\/2016\/03\/Business-1.jpg?resize=350%2C200&ssl=1","width":350,"height":200},"classes":[]},{"id":2071,"url":"https:\/\/www.light-style.eu\/Blog\/autowerbung-high-class-fahrzeuge\/","url_meta":{"origin":4588,"position":3},"title":"Autos &#038; Werbung, High class Fahrzeuge","author":"Andi M\u00f6ller","date":"13. Mai 2016","format":"status","excerpt":"Geshootet werden sollte der hochwertige Innenausbau der 238.000,- Euro Vehikel. Also definitiv kein 08\/15 Job, ( gibts den \u00fcberhaupt?) und in Sachen Licht und beengtem Raum war es auch wirklich eine Herausforderung.","rel":"","context":"In &quot;Alles&quot;","block_context":{"text":"Alles","link":"https:\/\/www.light-style.eu\/Blog\/category\/alles\/"},"img":{"alt_text":"","src":"https:\/\/i0.wp.com\/www.light-style.eu\/Blog\/wp-content\/uploads\/2016\/05\/W16CE0105-410-Bearbeitet-Beispiel-kleint.jpg?fit=500%2C333&ssl=1&resize=350%2C200","width":350,"height":200},"classes":[]},{"id":31,"url":"https:\/\/www.light-style.eu\/Blog\/bewerbungsfotos-wichtig-oder-blankes-beiwerk\/","url_meta":{"origin":4588,"position":4},"title":"Bewerbungsfotos , wichtig oder blankes Beiwerk","author":"Andi M\u00f6ller","date":"6. Mai 2014","format":false,"excerpt":"Hab mir gedacht ich nutze unseren neuen Blog mal um etwas zum Thema Bewerbungsfotos zu schreiben. Ich mache die ja nun fast t\u00e4glich im Studio, und immer wieder kommt es vor dass Kunden erschrecken wenn sie den Preis von 39\u20ac h\u00f6ren, und die Bemerkung.....ich habe so an 15\u20ac gedacht....( In\u2026","rel":"","context":"In &quot;Allgemein&quot;","block_context":{"text":"Allgemein","link":"https:\/\/www.light-style.eu\/Blog\/category\/allgemein\/"},"img":{"alt_text":"Bewerbungsfotos","src":"https:\/\/i0.wp.com\/lightstyle.blogg.de\/files\/2014\/05\/Bewerbungsfotos-300x273.jpg?resize=350%2C200","width":350,"height":200},"classes":[]},{"id":1328,"url":"https:\/\/www.light-style.eu\/Blog\/mal-wieder-etwas-braves\/","url_meta":{"origin":4588,"position":5},"title":"Mal wieder etwas Braves ;-)","author":"Andi M\u00f6ller","date":"12. September 2015","format":"status","excerpt":"Da bin ich doch schon wieder ;-) Nach den Aktfotos von gestern, muss ich doch auch mal wieder etwas Braves posten ;-) Also hier dann die Arbeit von heute Nachmittag . \u00a0 Und genau diesen edlen Topfen von 2009 werde ich mir jetzt gleich gem\u00fctlich zu Hause schmecken lassen ;-)\u2026","rel":"","context":"In &quot;Allgemein&quot;","block_context":{"text":"Allgemein","link":"https:\/\/www.light-style.eu\/Blog\/category\/allgemein\/"},"img":{"alt_text":"Wein 2","src":"https:\/\/i0.wp.com\/www.light-style.eu\/Blog\/wp-content\/uploads\/2015\/09\/Wein-2.jpg?resize=350%2C200&ssl=1","width":350,"height":200},"classes":[]}],"_links":{"self":[{"href":"https:\/\/www.light-style.eu\/Blog\/wp-json\/wp\/v2\/posts\/4588","targetHints":{"allow":["GET"]}}],"collection":[{"href":"https:\/\/www.light-style.eu\/Blog\/wp-json\/wp\/v2\/posts"}],"about":[{"href":"https:\/\/www.light-style.eu\/Blog\/wp-json\/wp\/v2\/types\/post"}],"author":[{"embeddable":true,"href":"https:\/\/www.light-style.eu\/Blog\/wp-json\/wp\/v2\/users\/2"}],"replies":[{"embeddable":true,"href":"https:\/\/www.light-style.eu\/Blog\/wp-json\/wp\/v2\/comments?post=4588"}],"version-history":[{"count":0,"href":"https:\/\/www.light-style.eu\/Blog\/wp-json\/wp\/v2\/posts\/4588\/revisions"}],"wp:featuredmedia":[{"embeddable":true,"href":"https:\/\/www.light-style.eu\/Blog\/wp-json\/wp\/v2\/media\/4589"}],"wp:attachment":[{"href":"https:\/\/www.light-style.eu\/Blog\/wp-json\/wp\/v2\/media?parent=4588"}],"wp:term":[{"taxonomy":"category","embeddable":true,"href":"https:\/\/www.light-style.eu\/Blog\/wp-json\/wp\/v2\/categories?post=4588"},{"taxonomy":"post_tag","embeddable":true,"href":"https:\/\/www.light-style.eu\/Blog\/wp-json\/wp\/v2\/tags?post=4588"}],"curies":[{"name":"wp","href":"https:\/\/api.w.org\/{rel}","templated":true}]}}