{"id":4631,"date":"2019-07-26T16:35:02","date_gmt":"2019-07-26T14:35:02","guid":{"rendered":"https:\/\/www.light-style.eu\/Blog\/?p=4631"},"modified":"2019-10-23T18:13:20","modified_gmt":"2019-10-23T16:13:20","slug":"hitzefrei-35c","status":"publish","type":"post","link":"https:\/\/www.light-style.eu\/Blog\/hitzefrei-35c\/","title":{"rendered":"Hitzefrei > 35\u00b0C"},"content":{"rendered":"\n<p style=\"text-align:center\">Hallo dort drau\u00dfen, ich denke momentan qu\u00e4len wir uns alle durch die extreme sommerliche Hitze. So sehr ich den Sommer auch liebe, \u00fcber 35\u00b0C ist es hier im Studio brutal. L\u00fcfter &amp; selbst die Windmaschine laufen auf Hochtouren.<\/p>\n\n\n\n<p style=\"font-size:18px;text-align:center\" class=\"has-drop-cap\"><em><strong>Daher habe ich gestern folgende Entscheidung getroffen. Wir werden unsere \u00d6ffnungszeiten an diesen extremen Hitzetagen \u00e4ndern.<\/strong><\/em><strong> Bei angesagten Temperaturen \u00fcber 35\u00b0C werden wir nachmittags nur noch auf Terminbasis \u00f6ffnen. Ansonsten bleibt an diesen Tagen das Studio <em>nachmittags <\/em>geschlossen. Ausgenommen ist der Dienstag, da unsere Gemeinde da ja ihren langen Tag hat, werden wir Ihnen auch hier erm\u00f6glichen trotz Hitze Passfotos etc. zu bekommen. <\/strong><\/p>\n\n\n\n<p style=\"text-align:center\"><strong>Die Vormittage an den extremen Sommertagen bleiben wie gewohnt! <\/strong><\/p>\n\n\n\n<figure class=\"wp-block-image\"><a href=\"https:\/\/i0.wp.com\/www.light-style.eu\/Blog\/wp-content\/uploads\/2019\/07\/Hitzefrei-%C3%BCber-35-Grad.jpg?ssl=1\"><img data-recalc-dims=\"1\" loading=\"lazy\" decoding=\"async\" width=\"1170\" height=\"878\" data-attachment-id=\"4632\" data-permalink=\"https:\/\/www.light-style.eu\/Blog\/hitzefrei-35c\/dcf-1-0-2\/#main\" data-orig-file=\"https:\/\/i0.wp.com\/www.light-style.eu\/Blog\/wp-content\/uploads\/2019\/07\/Hitzefrei-%C3%BCber-35-Grad.jpg?fit=2560%2C1920&amp;ssl=1\" data-orig-size=\"2560,1920\" data-comments-opened=\"1\" data-image-meta=\"{&quot;aperture&quot;:&quot;8&quot;,&quot;credit&quot;:&quot;&quot;,&quot;camera&quot;:&quot;DiMAGE 7i&quot;,&quot;caption&quot;:&quot;DCF 1.0&quot;,&quot;created_timestamp&quot;:&quot;1056476680&quot;,&quot;copyright&quot;:&quot;&quot;,&quot;focal_length&quot;:&quot;39.23828125&quot;,&quot;iso&quot;:&quot;100&quot;,&quot;shutter_speed&quot;:&quot;0.0013333333333333&quot;,&quot;title&quot;:&quot;DCF 1.0&quot;,&quot;orientation&quot;:&quot;1&quot;}\" data-image-title=\"\" data-image-description=\"\" data-image-caption=\"\" data-large-file=\"https:\/\/i0.wp.com\/www.light-style.eu\/Blog\/wp-content\/uploads\/2019\/07\/Hitzefrei-%C3%BCber-35-Grad.jpg?fit=1170%2C878&amp;ssl=1\" src=\"https:\/\/i0.wp.com\/www.light-style.eu\/Blog\/wp-content\/uploads\/2019\/07\/Hitzefrei-%C3%BCber-35-Grad.jpg?resize=1170%2C878&#038;ssl=1\" alt=\"\" class=\"wp-image-4632\" srcset=\"https:\/\/i0.wp.com\/www.light-style.eu\/Blog\/wp-content\/uploads\/2019\/07\/Hitzefrei-%C3%BCber-35-Grad.jpg?resize=1200%2C900&amp;ssl=1 1200w, https:\/\/i0.wp.com\/www.light-style.eu\/Blog\/wp-content\/uploads\/2019\/07\/Hitzefrei-%C3%BCber-35-Grad.jpg?resize=600%2C450&amp;ssl=1 600w, https:\/\/i0.wp.com\/www.light-style.eu\/Blog\/wp-content\/uploads\/2019\/07\/Hitzefrei-%C3%BCber-35-Grad.jpg?resize=768%2C576&amp;ssl=1 768w, https:\/\/i0.wp.com\/www.light-style.eu\/Blog\/wp-content\/uploads\/2019\/07\/Hitzefrei-%C3%BCber-35-Grad.jpg?w=2340&amp;ssl=1 2340w\" sizes=\"auto, (max-width: 1170px) 100vw, 1170px\" \/><\/a><\/figure>\n\n\n\n<p style=\"text-align:center\" class=\"has-drop-cap\"><span style=\"text-decoration: underline;\">Jetzt<\/span> k\u00f6nnte man bemerken, warum baut der Kerl nicht einfach eine Klimaanlage ein? Kann ich Euch ganz einfach erkl\u00e4ren, ich m\u00fcsste die Kosten, sowie die laufenden Kosten auf die Preise umlegen, und das m\u00f6chte ich Euch nicht antun. Aber was wir die Jahre auch gemerkt haben, bei den extremen Temperaturen geht keiner freiwillig zum Fotografen, entweder zu Hause mit Klimaanlage oder in unserer geilen Eisdiele \ud83d\ude09 Das kann ich auch vollkommen verstehen, w\u00fcrde ich nicht anders machen. Klimaanlage macht auch deshalb keinen Sinn, da dieser Alt-Anbau eigentlich null und nix an Isolierung hat, dazu Flachdach und unsere sehr gro\u00dfe Schaufenster-Front. Also w\u00fcrden wir eine Unmenge an Energie in das Runterk\u00fchlen von Rodenbach stecken \ud83d\ude09 <\/p>\n\n\n\n<p style=\"text-align:center\">Wenn Ihr aber doch auch an diesen hei\u00dfen Tagen, hochwertige Bewerbungsfotos haben wollt, oder die Oma gerade zu Besuch ist und deshalb unbedingt das Familienportr\u00e4t entstehen soll, dann werden wir f\u00fcr Euch nach Terminabsprache auch sehr gerne das Studio f\u00fcr Euch \u00f6ffnen. Au\u00dfenaufnahmen, wie Hochzeiten, Outdoor Portr\u00e4ts sind ja sowieso Terminsachen und daher von der \u00c4nderung der \u00d6ffnungszeiten nicht betroffen. <\/p>\n\n\n\n<p style=\"text-align:center\">Ich hoffe Ihr versteht uns, aber weder mir noch meiner Angestellten macht es Spa\u00df hier vor uns hin zu braten, ohne dass es wirklich Sinn macht. Abgesehen davon habe ich als Unternehmer ja auch eine F\u00fcrsorgepflicht meinen Angestellten \u00fcber \ud83d\ude42 Nat\u00fcrlich k\u00f6nnt Ihr uns immer unter der 06184-930505 erreichen und fragen. <\/p>\n\n\n\n<p style=\"text-align:center\">In diesem Sinne w\u00fcnsche ich Euch dort drau\u00dfen noch frohes Schwitzen \ud83d\ude09<\/p>\n\n\n\n<p>Euer Andi (mittlerweile gut durch gebraten \ud83d\ude0e  )<\/p>\n<div style='text-align:center' class='yasr-auto-insert-visitor'><!--Yasr Visitor Votes Shortcode--><div id='yasr_visitor_votes_446f1a8eea669' class='yasr-visitor-votes'><div class=\"yasr-custom-text-vv-before yasr-custom-text-vv-before-4631\">Hat es Dir gefallen?<\/div><div id='yasr-vv-second-row-container-446f1a8eea669'\r\n                                        class='yasr-vv-second-row-container'><div id='yasr-visitor-votes-rater-446f1a8eea669'\r\n                                      class='yasr-rater-stars-vv'\r\n                                      data-rater-postid='4631'\r\n                                      data-rating='0'\r\n                                      data-rater-starsize='32'\r\n                                      data-rater-readonly='false'\r\n                                      data-rater-nonce='e7bf565820'\r\n                                      data-issingular='false'\r\n                                    ><\/div><div class=\"yasr-vv-stats-text-container\" id=\"yasr-vv-stats-text-container-446f1a8eea669\"><span id=\"yasr-vv-text-container-446f1a8eea669\" class=\"yasr-vv-text-container\">[Total: <span id=\"yasr-vv-votes-number-container-446f1a8eea669\">0<\/span> Average: <span id=\"yasr-vv-average-container-446f1a8eea669\">0<\/span>]<\/span><\/div><div id='yasr-vv-loader-446f1a8eea669' class='yasr-vv-container-loader'><\/div><\/div><div id='yasr-vv-bottom-container-446f1a8eea669'\r\n                              class='yasr-vv-bottom-container'\r\n                              style='display:none'><\/div><\/div><!--End Yasr Visitor Votes Shortcode--><\/div>","protected":false},"excerpt":{"rendered":"<p>Hallo dort drau\u00dfen, ich denke momentan qu\u00e4len wir uns alle durch die extreme sommerliche Hitze. So sehr ich den Sommer auch liebe, \u00fcber 35\u00b0C ist es hier im Studio brutal. L\u00fcfter &amp; selbst die Windmaschine laufen auf Hochtouren. Daher habe ich gestern folgende Entscheidung getroffen. Wir werden unsere \u00d6ffnungszeiten an diesen extremen Hitzetagen \u00e4ndern. Bei<span class=\"post-excerpt-end\">&hellip;<\/span><\/p>\n<p class=\"more-link\"><a href=\"https:\/\/www.light-style.eu\/Blog\/hitzefrei-35c\/\" class=\"themebutton\">Read More<\/a><\/p>\n","protected":false},"author":2,"featured_media":4632,"comment_status":"open","ping_status":"open","sticky":false,"template":"","format":"status","meta":{"jetpack_post_was_ever_published":false,"yasr_overall_rating":0,"yasr_post_is_review":"","yasr_auto_insert_disabled":"","yasr_review_type":"","_jetpack_newsletter_access":"","_jetpack_dont_email_post_to_subs":false,"_jetpack_newsletter_tier_id":0,"_jetpack_memberships_contains_paywalled_content":false,"_jetpack_memberships_contains_paid_content":false,"footnotes":"","jetpack_publicize_message":"","jetpack_publicize_feature_enabled":true,"jetpack_social_post_already_shared":true,"jetpack_social_options":{"image_generator_settings":{"template":"highway","default_image_id":0,"font":"","enabled":false},"version":2}},"categories":[1,24],"tags":[],"class_list":["post-4631","post","type-post","status-publish","format-status","has-post-thumbnail","hentry","category-allgemein","category-studio-infos","post_format-post-format-status"],"yasr_visitor_votes":{"stars_attributes":{"read_only":false,"span_bottom":false},"number_of_votes":0,"sum_votes":0},"jetpack_publicize_connections":[],"jetpack_featured_media_url":"https:\/\/i0.wp.com\/www.light-style.eu\/Blog\/wp-content\/uploads\/2019\/07\/Hitzefrei-%C3%BCber-35-Grad.jpg?fit=2560%2C1920&ssl=1","jetpack_sharing_enabled":true,"jetpack_shortlink":"https:\/\/wp.me\/p4Ojrv-1cH","jetpack-related-posts":[{"id":367,"url":"https:\/\/www.light-style.eu\/Blog\/schweisstreibende-hochzeit\/","url_meta":{"origin":4631,"position":0},"title":"schwei\u00dftreibende Hochzeit ;-)","author":"Andi M\u00f6ller","date":"18. Juli 2014","format":"status","excerpt":"Na , sag blo\u00df da gibts noch Leute die bei der Hitze auch noch am Rechner sitzen m\u00fcssen ;-) ? War heute mal nur auf ner kleinen standesamtlichen Hochzeit hier im Nachbarort, kleine feine russische Hochzeit. Nette Gesellschaft, aber ich muss sagen das Standesamt ist bei der Hitze nix. Gef\u00fchlte\u2026","rel":"","context":"In &quot;Allgemein&quot;","block_context":{"text":"Allgemein","link":"https:\/\/www.light-style.eu\/Blog\/category\/allgemein\/"},"img":{"alt_text":"","src":"https:\/\/i0.wp.com\/www.light-style.eu\/Blog\/wp-content\/uploads\/2014\/07\/H14S0107-11.jpg?resize=350%2C200&ssl=1","width":350,"height":200,"srcset":"https:\/\/i0.wp.com\/www.light-style.eu\/Blog\/wp-content\/uploads\/2014\/07\/H14S0107-11.jpg?resize=350%2C200&ssl=1 1x, https:\/\/i0.wp.com\/www.light-style.eu\/Blog\/wp-content\/uploads\/2014\/07\/H14S0107-11.jpg?resize=525%2C300&ssl=1 1.5x, https:\/\/i0.wp.com\/www.light-style.eu\/Blog\/wp-content\/uploads\/2014\/07\/H14S0107-11.jpg?resize=700%2C400&ssl=1 2x, https:\/\/i0.wp.com\/www.light-style.eu\/Blog\/wp-content\/uploads\/2014\/07\/H14S0107-11.jpg?resize=1050%2C600&ssl=1 3x"},"classes":[]},{"id":7181,"url":"https:\/\/www.light-style.eu\/Blog\/vulkaneifel-1\/","url_meta":{"origin":4631,"position":1},"title":"Vulkaneifel #1","author":"Andi M\u00f6ller","date":"13. Juli 2023","format":false,"excerpt":"Moin zusammen, am Wochenende hab ich die 36\u00a0\u00b0C mal mit meinem j\u00fcngsten Sohn genutzt um uns die Eifel, genauer gesagt den einen ersten Teil der Vulkaneifel anzuschauen. Den Gedanken, diese schlappen nur 5\u00a0km, auch bei der Hitze, sind ja locker, haben wir dann doch ein klein wenig bereut. Die Tour\u2026","rel":"","context":"In &quot;abseits des Alltags&quot;","block_context":{"text":"abseits des Alltags","link":"https:\/\/www.light-style.eu\/Blog\/category\/abseits-des-alltags\/"},"img":{"alt_text":"","src":"https:\/\/i0.wp.com\/www.light-style.eu\/Blog\/wp-content\/uploads\/2023\/07\/Vulkaneifel-26.jpg?fit=1200%2C800&ssl=1&resize=350%2C200","width":350,"height":200,"srcset":"https:\/\/i0.wp.com\/www.light-style.eu\/Blog\/wp-content\/uploads\/2023\/07\/Vulkaneifel-26.jpg?fit=1200%2C800&ssl=1&resize=350%2C200 1x, https:\/\/i0.wp.com\/www.light-style.eu\/Blog\/wp-content\/uploads\/2023\/07\/Vulkaneifel-26.jpg?fit=1200%2C800&ssl=1&resize=525%2C300 1.5x, https:\/\/i0.wp.com\/www.light-style.eu\/Blog\/wp-content\/uploads\/2023\/07\/Vulkaneifel-26.jpg?fit=1200%2C800&ssl=1&resize=700%2C400 2x, https:\/\/i0.wp.com\/www.light-style.eu\/Blog\/wp-content\/uploads\/2023\/07\/Vulkaneifel-26.jpg?fit=1200%2C800&ssl=1&resize=1050%2C600 3x"},"classes":[]},{"id":2577,"url":"https:\/\/www.light-style.eu\/Blog\/winterwonderland-im-studio\/","url_meta":{"origin":4631,"position":2},"title":"Winterwonderland &#8211; im Studio","author":"Andi M\u00f6ller","date":"10. Januar 2017","format":"status","excerpt":"Erstmal ein frohes neues Jahr Euch Allen. Auch wenn Weihnachten vorbei ist, bin ich bei dem Wetter immer noch im emotionalen Wintermodus.Daher hab ich mir die Tage mal aus Mangel an einer Muse mein Lieblingsschwesterchen ( ok ich hab nur die Eine ;-) ) geschnappt und den Winter ins Studio\u2026","rel":"","context":"In &quot;abseits des Alltags&quot;","block_context":{"text":"abseits des Alltags","link":"https:\/\/www.light-style.eu\/Blog\/category\/abseits-des-alltags\/"},"img":{"alt_text":"","src":"https:\/\/i0.wp.com\/www.light-style.eu\/Blog\/wp-content\/uploads\/2017\/01\/Winterstimmung-1-29.jpg?fit=800%2C1200&ssl=1&resize=350%2C200","width":350,"height":200,"srcset":"https:\/\/i0.wp.com\/www.light-style.eu\/Blog\/wp-content\/uploads\/2017\/01\/Winterstimmung-1-29.jpg?fit=800%2C1200&ssl=1&resize=350%2C200 1x, https:\/\/i0.wp.com\/www.light-style.eu\/Blog\/wp-content\/uploads\/2017\/01\/Winterstimmung-1-29.jpg?fit=800%2C1200&ssl=1&resize=525%2C300 1.5x, https:\/\/i0.wp.com\/www.light-style.eu\/Blog\/wp-content\/uploads\/2017\/01\/Winterstimmung-1-29.jpg?fit=800%2C1200&ssl=1&resize=700%2C400 2x"},"classes":[]},{"id":64,"url":"https:\/\/www.light-style.eu\/Blog\/mehlstaubshooting-wirklich-mehl-aufpassen-explosionsgefahr\/","url_meta":{"origin":4631,"position":3},"title":"Mehlstaubshooting!!!! wirklich Mehl?&#8230;. Aufpassen Explosionsgefahr","author":"Andi M\u00f6ller","date":"17. Mai 2014","format":false,"excerpt":"Moin, weil ich immer mal wieder \u00fcber so genannte Mehlstaubshootings stolpere, wo dann auch geschrieben wird.... wir haben XX kg Mehl verballert.... hier mal etwas physikalisches Grundwissen, das Leben retten kann,und manchen Unwissenden ( weil der sich \u00fcber die Zweckentfremdung von Lebensmitteln aufregt) bes\u00e4nftigt. Man darf auf gar keinen Fall\u2026","rel":"","context":"In &quot;Allgemein&quot;","block_context":{"text":"Allgemein","link":"https:\/\/www.light-style.eu\/Blog\/category\/allgemein\/"},"img":{"alt_text":"mehlstaubshooting","src":"https:\/\/i0.wp.com\/www.light-style.eu\/Blog\/wp-content\/uploads\/2014\/05\/Mehlstaub-Shooting-11.jpg?fit=1200%2C800&ssl=1&resize=350%2C200","width":350,"height":200,"srcset":"https:\/\/i0.wp.com\/www.light-style.eu\/Blog\/wp-content\/uploads\/2014\/05\/Mehlstaub-Shooting-11.jpg?fit=1200%2C800&ssl=1&resize=350%2C200 1x, https:\/\/i0.wp.com\/www.light-style.eu\/Blog\/wp-content\/uploads\/2014\/05\/Mehlstaub-Shooting-11.jpg?fit=1200%2C800&ssl=1&resize=525%2C300 1.5x, https:\/\/i0.wp.com\/www.light-style.eu\/Blog\/wp-content\/uploads\/2014\/05\/Mehlstaub-Shooting-11.jpg?fit=1200%2C800&ssl=1&resize=700%2C400 2x, https:\/\/i0.wp.com\/www.light-style.eu\/Blog\/wp-content\/uploads\/2014\/05\/Mehlstaub-Shooting-11.jpg?fit=1200%2C800&ssl=1&resize=1050%2C600 3x"},"classes":[]},{"id":5270,"url":"https:\/\/www.light-style.eu\/Blog\/wir-wuenschen-euch-merry-christmas\/","url_meta":{"origin":4631,"position":4},"title":"Wir w\u00fcnschen Euch Merry Christmas","author":"Andi M\u00f6ller","date":"18. Dezember 2019","format":"status","excerpt":"Ho ho ho, es ist so weit, das Jahr 2019 neigt sich dem Ende und \u00fcberraschender Weise f\u00e4llt es dieses Jahr wieder zusammen mit Weihnachten ;-) Von daher von mir f\u00fcr Euch erst einmal: Frohe Weihnachten & einen super Rutsch ins Neue Jahr!! Ich bedanke mich bei all den lieben\u2026","rel":"","context":"In &quot;Allgemein&quot;","block_context":{"text":"Allgemein","link":"https:\/\/www.light-style.eu\/Blog\/category\/allgemein\/"},"img":{"alt_text":"","src":"https:\/\/i0.wp.com\/www.light-style.eu\/Blog\/wp-content\/uploads\/2019\/12\/Weihnachten-2019-1.jpg?fit=1200%2C800&ssl=1&resize=350%2C200","width":350,"height":200,"srcset":"https:\/\/i0.wp.com\/www.light-style.eu\/Blog\/wp-content\/uploads\/2019\/12\/Weihnachten-2019-1.jpg?fit=1200%2C800&ssl=1&resize=350%2C200 1x, https:\/\/i0.wp.com\/www.light-style.eu\/Blog\/wp-content\/uploads\/2019\/12\/Weihnachten-2019-1.jpg?fit=1200%2C800&ssl=1&resize=525%2C300 1.5x, https:\/\/i0.wp.com\/www.light-style.eu\/Blog\/wp-content\/uploads\/2019\/12\/Weihnachten-2019-1.jpg?fit=1200%2C800&ssl=1&resize=700%2C400 2x, https:\/\/i0.wp.com\/www.light-style.eu\/Blog\/wp-content\/uploads\/2019\/12\/Weihnachten-2019-1.jpg?fit=1200%2C800&ssl=1&resize=1050%2C600 3x"},"classes":[]},{"id":5395,"url":"https:\/\/www.light-style.eu\/Blog\/was-duerfen-fotografen-noch-in-der-krise\/","url_meta":{"origin":4631,"position":5},"title":"Was d\u00fcrfen Fotografen noch in der Krise ?","author":"Andi M\u00f6ller","date":"2. April 2020","format":"status","excerpt":"Theoretisch genau das Gleiche wie vor der Corona-Krise. Theoretisch arbeiten wir genauso wie vorher. Theoretisch k\u00f6nnten wir auf Soforthilfen verzichten. Wenn alle unter einem Dach wohnen , sind auch Familien kein Problem Alle Theorie ist grau. Auch wenn wir offiziell unsere Studios nicht wegen der Seuche schlie\u00dfen m\u00fcssen, ereilt uns\u2026","rel":"","context":"In &quot;abseits des Alltags&quot;","block_context":{"text":"abseits des Alltags","link":"https:\/\/www.light-style.eu\/Blog\/category\/abseits-des-alltags\/"},"img":{"alt_text":"","src":"https:\/\/i0.wp.com\/www.light-style.eu\/Blog\/wp-content\/uploads\/2020\/04\/PoH0107-21-von-53-Bearbeitet.jpg?fit=1200%2C800&ssl=1&resize=350%2C200","width":350,"height":200,"srcset":"https:\/\/i0.wp.com\/www.light-style.eu\/Blog\/wp-content\/uploads\/2020\/04\/PoH0107-21-von-53-Bearbeitet.jpg?fit=1200%2C800&ssl=1&resize=350%2C200 1x, https:\/\/i0.wp.com\/www.light-style.eu\/Blog\/wp-content\/uploads\/2020\/04\/PoH0107-21-von-53-Bearbeitet.jpg?fit=1200%2C800&ssl=1&resize=525%2C300 1.5x, https:\/\/i0.wp.com\/www.light-style.eu\/Blog\/wp-content\/uploads\/2020\/04\/PoH0107-21-von-53-Bearbeitet.jpg?fit=1200%2C800&ssl=1&resize=700%2C400 2x, https:\/\/i0.wp.com\/www.light-style.eu\/Blog\/wp-content\/uploads\/2020\/04\/PoH0107-21-von-53-Bearbeitet.jpg?fit=1200%2C800&ssl=1&resize=1050%2C600 3x"},"classes":[]}],"_links":{"self":[{"href":"https:\/\/www.light-style.eu\/Blog\/wp-json\/wp\/v2\/posts\/4631","targetHints":{"allow":["GET"]}}],"collection":[{"href":"https:\/\/www.light-style.eu\/Blog\/wp-json\/wp\/v2\/posts"}],"about":[{"href":"https:\/\/www.light-style.eu\/Blog\/wp-json\/wp\/v2\/types\/post"}],"author":[{"embeddable":true,"href":"https:\/\/www.light-style.eu\/Blog\/wp-json\/wp\/v2\/users\/2"}],"replies":[{"embeddable":true,"href":"https:\/\/www.light-style.eu\/Blog\/wp-json\/wp\/v2\/comments?post=4631"}],"version-history":[{"count":0,"href":"https:\/\/www.light-style.eu\/Blog\/wp-json\/wp\/v2\/posts\/4631\/revisions"}],"wp:featuredmedia":[{"embeddable":true,"href":"https:\/\/www.light-style.eu\/Blog\/wp-json\/wp\/v2\/media\/4632"}],"wp:attachment":[{"href":"https:\/\/www.light-style.eu\/Blog\/wp-json\/wp\/v2\/media?parent=4631"}],"wp:term":[{"taxonomy":"category","embeddable":true,"href":"https:\/\/www.light-style.eu\/Blog\/wp-json\/wp\/v2\/categories?post=4631"},{"taxonomy":"post_tag","embeddable":true,"href":"https:\/\/www.light-style.eu\/Blog\/wp-json\/wp\/v2\/tags?post=4631"}],"curies":[{"name":"wp","href":"https:\/\/api.w.org\/{rel}","templated":true}]}}