{"id":4635,"date":"2019-07-30T19:02:34","date_gmt":"2019-07-30T17:02:34","guid":{"rendered":"https:\/\/www.light-style.eu\/Blog\/?p=4635"},"modified":"2019-07-30T11:33:02","modified_gmt":"2019-07-30T09:33:02","slug":"die-kriegerin-vom-black-forrest","status":"publish","type":"post","link":"https:\/\/www.light-style.eu\/Blog\/die-kriegerin-vom-black-forrest\/","title":{"rendered":"Die Kriegerin vom Black Forrest"},"content":{"rendered":"\n<p>Moin moin, <\/p>\n\n\n\n<p>ist ja doch nun 2 Wochen her, dass ich mit diesen geilen pics aus den Tiefen des Schwarzwalds zur\u00fcck kam, aber vorher habe ich es nicht geschafft. Doch nun zeige ich Euch die ber\u00fchmte Amazone vom Schwarzwald \ud83d\ude09 <\/p>\n\n\n\n<p>Eigentlich hatten wir nach der Hochzeit bei Basel geplant an die s\u00fcdenglische K\u00fcste zu fahren, dort nicht nur die traumhafte K\u00fcstenlandschaft zu fotografieren, sondern auch ein paar epische Fotos einer wilden Kriegerin. Bl\u00f6derweise k\u00f6nnen sich EU und Great Britannia ja nicht in Sachen Brexit einigen, und da Franka ja auch ihren Hund mit hatte, der unter Umst\u00e4nden ( bei Austritt) vermutlich in Quarant\u00e4ne gemusst h\u00e4tte, haben wir das England Projekt gestrichen., und uns, da wir ja eh in der Gegend waren f\u00fcr den tiefen Schwarzwald entschieden, genauer gesagt der Bereich der Wutachschlucht. <\/p>\n\n\n\n<div class=\"wp-block-jetpack-tiled-gallery aligncenter is-style-rectangular\"><div class=\"tiled-gallery__gallery\"><div class=\"tiled-gallery__row\"><div class=\"tiled-gallery__col\"><figure class=\"tiled-gallery__item\"><a href=\"https:\/\/www.light-style.eu\/Blog\/schwarzwald-amazone-1\/\"><img decoding=\"async\" data-attachment-id=\"4668\" data-permalink=\"https:\/\/www.light-style.eu\/Blog\/schwarzwald-amazone-1\/\" data-orig-file=\"https:\/\/i0.wp.com\/www.light-style.eu\/Blog\/wp-content\/uploads\/2019\/07\/Schwarzwald-Amazone-1.jpg?fit=1200%2C800&amp;ssl=1\" data-orig-size=\"1200,800\" data-comments-opened=\"1\" data-image-meta=\"{&quot;aperture&quot;:&quot;0&quot;,&quot;credit&quot;:&quot;Fotostudio Light-Style\\rAndi Moel&quot;,&quot;camera&quot;:&quot;&quot;,&quot;caption&quot;:&quot;&quot;,&quot;created_timestamp&quot;:&quot;0&quot;,&quot;copyright&quot;:&quot;www.light-style.eu&quot;,&quot;focal_length&quot;:&quot;0&quot;,&quot;iso&quot;:&quot;0&quot;,&quot;shutter_speed&quot;:&quot;0&quot;,&quot;title&quot;:&quot;&quot;,&quot;orientation&quot;:&quot;0&quot;}\" data-image-title=\"Schwarzwald-Amazone-1\" data-image-description=\"\" data-image-caption=\"\" data-large-file=\"https:\/\/i0.wp.com\/www.light-style.eu\/Blog\/wp-content\/uploads\/2019\/07\/Schwarzwald-Amazone-1.jpg?fit=1170%2C780&amp;ssl=1\" data-attachment-id=\"4668\" data-permalink=\"https:\/\/www.light-style.eu\/Blog\/schwarzwald-amazone-1\/\" data-orig-file=\"https:\/\/i0.wp.com\/www.light-style.eu\/Blog\/wp-content\/uploads\/2019\/07\/Schwarzwald-Amazone-1.jpg?fit=1200%2C800&amp;ssl=1\" data-orig-size=\"1200,800\" data-comments-opened=\"1\" data-image-meta=\"{&quot;aperture&quot;:&quot;0&quot;,&quot;credit&quot;:&quot;Fotostudio Light-Style\\rAndi Moel&quot;,&quot;camera&quot;:&quot;&quot;,&quot;caption&quot;:&quot;&quot;,&quot;created_timestamp&quot;:&quot;0&quot;,&quot;copyright&quot;:&quot;www.light-style.eu&quot;,&quot;focal_length&quot;:&quot;0&quot;,&quot;iso&quot;:&quot;0&quot;,&quot;shutter_speed&quot;:&quot;0&quot;,&quot;title&quot;:&quot;&quot;,&quot;orientation&quot;:&quot;0&quot;}\" data-image-title=\"Schwarzwald-Amazone-1\" data-image-description=\"\" data-image-caption=\"\" data-large-file=\"https:\/\/i0.wp.com\/www.light-style.eu\/Blog\/wp-content\/uploads\/2019\/07\/Schwarzwald-Amazone-1.jpg?fit=1170%2C780&amp;ssl=1\" role=\"button\" tabindex=\"0\" aria-label=\"Bild\u00a01 von 14 im Vollbildmodus \u00f6ffnen\"srcset=\"https:\/\/i2.wp.com\/www.light-style.eu\/Blog\/wp-content\/uploads\/2019\/07\/Schwarzwald-Amazone-1.jpg?strip=info&#038;w=600&#038;ssl=1 600w,https:\/\/i2.wp.com\/www.light-style.eu\/Blog\/wp-content\/uploads\/2019\/07\/Schwarzwald-Amazone-1.jpg?strip=info&#038;w=900&#038;ssl=1 900w,https:\/\/i2.wp.com\/www.light-style.eu\/Blog\/wp-content\/uploads\/2019\/07\/Schwarzwald-Amazone-1.jpg?strip=info&#038;w=1200&#038;ssl=1 1200w\" alt=\"\" data-height=\"800\" data-id=\"4668\" data-link=\"https:\/\/www.light-style.eu\/Blog\/schwarzwald-amazone-1\/\" data-url=\"https:\/\/www.light-style.eu\/Blog\/wp-content\/uploads\/2019\/07\/Schwarzwald-Amazone-1.jpg\" data-width=\"1200\" src=\"https:\/\/i2.wp.com\/www.light-style.eu\/Blog\/wp-content\/uploads\/2019\/07\/Schwarzwald-Amazone-1.jpg?ssl=1\"\/><\/a><\/figure><\/div><div class=\"tiled-gallery__col\"><figure class=\"tiled-gallery__item\"><a href=\"https:\/\/www.light-style.eu\/Blog\/schwarzwald-amazone-16\/\"><img decoding=\"async\" data-attachment-id=\"4649\" data-permalink=\"https:\/\/www.light-style.eu\/Blog\/schwarzwald-amazone-16\/\" data-orig-file=\"https:\/\/i0.wp.com\/www.light-style.eu\/Blog\/wp-content\/uploads\/2019\/07\/Schwarzwald-Amazone-16.jpg?fit=800%2C1200&amp;ssl=1\" data-orig-size=\"800,1200\" data-comments-opened=\"1\" data-image-meta=\"{&quot;aperture&quot;:&quot;0&quot;,&quot;credit&quot;:&quot;Fotostudio Light-Style\\rAndi Moel&quot;,&quot;camera&quot;:&quot;&quot;,&quot;caption&quot;:&quot;&quot;,&quot;created_timestamp&quot;:&quot;0&quot;,&quot;copyright&quot;:&quot;www.light-style.eu&quot;,&quot;focal_length&quot;:&quot;0&quot;,&quot;iso&quot;:&quot;0&quot;,&quot;shutter_speed&quot;:&quot;0&quot;,&quot;title&quot;:&quot;&quot;,&quot;orientation&quot;:&quot;0&quot;}\" data-image-title=\"Schwarzwald-Amazone-16\" data-image-description=\"\" data-image-caption=\"\" data-large-file=\"https:\/\/i0.wp.com\/www.light-style.eu\/Blog\/wp-content\/uploads\/2019\/07\/Schwarzwald-Amazone-16.jpg?fit=800%2C1200&amp;ssl=1\" data-attachment-id=\"4649\" data-permalink=\"https:\/\/www.light-style.eu\/Blog\/schwarzwald-amazone-16\/\" data-orig-file=\"https:\/\/i0.wp.com\/www.light-style.eu\/Blog\/wp-content\/uploads\/2019\/07\/Schwarzwald-Amazone-16.jpg?fit=800%2C1200&amp;ssl=1\" data-orig-size=\"800,1200\" data-comments-opened=\"1\" data-image-meta=\"{&quot;aperture&quot;:&quot;0&quot;,&quot;credit&quot;:&quot;Fotostudio Light-Style\\rAndi Moel&quot;,&quot;camera&quot;:&quot;&quot;,&quot;caption&quot;:&quot;&quot;,&quot;created_timestamp&quot;:&quot;0&quot;,&quot;copyright&quot;:&quot;www.light-style.eu&quot;,&quot;focal_length&quot;:&quot;0&quot;,&quot;iso&quot;:&quot;0&quot;,&quot;shutter_speed&quot;:&quot;0&quot;,&quot;title&quot;:&quot;&quot;,&quot;orientation&quot;:&quot;0&quot;}\" data-image-title=\"Schwarzwald-Amazone-16\" data-image-description=\"\" data-image-caption=\"\" data-large-file=\"https:\/\/i0.wp.com\/www.light-style.eu\/Blog\/wp-content\/uploads\/2019\/07\/Schwarzwald-Amazone-16.jpg?fit=800%2C1200&amp;ssl=1\" role=\"button\" tabindex=\"0\" aria-label=\"Bild\u00a02 von 14 im Vollbildmodus \u00f6ffnen\"srcset=\"https:\/\/i1.wp.com\/www.light-style.eu\/Blog\/wp-content\/uploads\/2019\/07\/Schwarzwald-Amazone-16.jpg?strip=info&#038;w=600&#038;ssl=1 600w,https:\/\/i1.wp.com\/www.light-style.eu\/Blog\/wp-content\/uploads\/2019\/07\/Schwarzwald-Amazone-16.jpg?strip=info&#038;w=800&#038;ssl=1 800w\" alt=\"\" data-height=\"1200\" data-id=\"4649\" data-link=\"https:\/\/www.light-style.eu\/Blog\/schwarzwald-amazone-16\/\" data-url=\"https:\/\/www.light-style.eu\/Blog\/wp-content\/uploads\/2019\/07\/Schwarzwald-Amazone-16.jpg\" data-width=\"800\" src=\"https:\/\/i1.wp.com\/www.light-style.eu\/Blog\/wp-content\/uploads\/2019\/07\/Schwarzwald-Amazone-16.jpg?ssl=1\"\/><\/a><\/figure><\/div><div class=\"tiled-gallery__col\"><figure class=\"tiled-gallery__item\"><a href=\"https:\/\/www.light-style.eu\/Blog\/schwarzwald-amazone-15\/\"><img decoding=\"async\" data-attachment-id=\"4648\" data-permalink=\"https:\/\/www.light-style.eu\/Blog\/schwarzwald-amazone-15\/\" data-orig-file=\"https:\/\/i0.wp.com\/www.light-style.eu\/Blog\/wp-content\/uploads\/2019\/07\/Schwarzwald-Amazone-15.jpg?fit=1200%2C800&amp;ssl=1\" data-orig-size=\"1200,800\" data-comments-opened=\"1\" data-image-meta=\"{&quot;aperture&quot;:&quot;0&quot;,&quot;credit&quot;:&quot;Fotostudio Light-Style\\rAndi Moel&quot;,&quot;camera&quot;:&quot;&quot;,&quot;caption&quot;:&quot;&quot;,&quot;created_timestamp&quot;:&quot;0&quot;,&quot;copyright&quot;:&quot;www.light-style.eu&quot;,&quot;focal_length&quot;:&quot;0&quot;,&quot;iso&quot;:&quot;0&quot;,&quot;shutter_speed&quot;:&quot;0&quot;,&quot;title&quot;:&quot;&quot;,&quot;orientation&quot;:&quot;0&quot;}\" data-image-title=\"Schwarzwald-Amazone-15\" data-image-description=\"\" data-image-caption=\"\" data-large-file=\"https:\/\/i0.wp.com\/www.light-style.eu\/Blog\/wp-content\/uploads\/2019\/07\/Schwarzwald-Amazone-15.jpg?fit=1170%2C780&amp;ssl=1\" data-attachment-id=\"4648\" data-permalink=\"https:\/\/www.light-style.eu\/Blog\/schwarzwald-amazone-15\/\" data-orig-file=\"https:\/\/i0.wp.com\/www.light-style.eu\/Blog\/wp-content\/uploads\/2019\/07\/Schwarzwald-Amazone-15.jpg?fit=1200%2C800&amp;ssl=1\" data-orig-size=\"1200,800\" data-comments-opened=\"1\" data-image-meta=\"{&quot;aperture&quot;:&quot;0&quot;,&quot;credit&quot;:&quot;Fotostudio Light-Style\\rAndi Moel&quot;,&quot;camera&quot;:&quot;&quot;,&quot;caption&quot;:&quot;&quot;,&quot;created_timestamp&quot;:&quot;0&quot;,&quot;copyright&quot;:&quot;www.light-style.eu&quot;,&quot;focal_length&quot;:&quot;0&quot;,&quot;iso&quot;:&quot;0&quot;,&quot;shutter_speed&quot;:&quot;0&quot;,&quot;title&quot;:&quot;&quot;,&quot;orientation&quot;:&quot;0&quot;}\" data-image-title=\"Schwarzwald-Amazone-15\" data-image-description=\"\" data-image-caption=\"\" data-large-file=\"https:\/\/i0.wp.com\/www.light-style.eu\/Blog\/wp-content\/uploads\/2019\/07\/Schwarzwald-Amazone-15.jpg?fit=1170%2C780&amp;ssl=1\" role=\"button\" tabindex=\"0\" aria-label=\"Bild\u00a03 von 14 im Vollbildmodus \u00f6ffnen\"srcset=\"https:\/\/i1.wp.com\/www.light-style.eu\/Blog\/wp-content\/uploads\/2019\/07\/Schwarzwald-Amazone-15.jpg?strip=info&#038;w=600&#038;ssl=1 600w,https:\/\/i1.wp.com\/www.light-style.eu\/Blog\/wp-content\/uploads\/2019\/07\/Schwarzwald-Amazone-15.jpg?strip=info&#038;w=900&#038;ssl=1 900w,https:\/\/i1.wp.com\/www.light-style.eu\/Blog\/wp-content\/uploads\/2019\/07\/Schwarzwald-Amazone-15.jpg?strip=info&#038;w=1200&#038;ssl=1 1200w\" alt=\"\" data-height=\"800\" data-id=\"4648\" data-link=\"https:\/\/www.light-style.eu\/Blog\/schwarzwald-amazone-15\/\" data-url=\"https:\/\/www.light-style.eu\/Blog\/wp-content\/uploads\/2019\/07\/Schwarzwald-Amazone-15.jpg\" data-width=\"1200\" src=\"https:\/\/i1.wp.com\/www.light-style.eu\/Blog\/wp-content\/uploads\/2019\/07\/Schwarzwald-Amazone-15.jpg?ssl=1\"\/><\/a><\/figure><\/div><\/div><div class=\"tiled-gallery__row\"><div class=\"tiled-gallery__col\"><figure class=\"tiled-gallery__item\"><a href=\"https:\/\/www.light-style.eu\/Blog\/schwarzwald-amazone-14\/\"><img decoding=\"async\" data-attachment-id=\"4647\" data-permalink=\"https:\/\/www.light-style.eu\/Blog\/schwarzwald-amazone-14\/\" data-orig-file=\"https:\/\/i0.wp.com\/www.light-style.eu\/Blog\/wp-content\/uploads\/2019\/07\/Schwarzwald-Amazone-14.jpg?fit=800%2C1200&amp;ssl=1\" data-orig-size=\"800,1200\" data-comments-opened=\"1\" data-image-meta=\"{&quot;aperture&quot;:&quot;0&quot;,&quot;credit&quot;:&quot;Fotostudio Light-Style\\rAndi Moel&quot;,&quot;camera&quot;:&quot;&quot;,&quot;caption&quot;:&quot;&quot;,&quot;created_timestamp&quot;:&quot;0&quot;,&quot;copyright&quot;:&quot;www.light-style.eu&quot;,&quot;focal_length&quot;:&quot;0&quot;,&quot;iso&quot;:&quot;0&quot;,&quot;shutter_speed&quot;:&quot;0&quot;,&quot;title&quot;:&quot;&quot;,&quot;orientation&quot;:&quot;0&quot;}\" data-image-title=\"Schwarzwald-Amazone-14\" data-image-description=\"\" data-image-caption=\"\" data-large-file=\"https:\/\/i0.wp.com\/www.light-style.eu\/Blog\/wp-content\/uploads\/2019\/07\/Schwarzwald-Amazone-14.jpg?fit=800%2C1200&amp;ssl=1\" data-attachment-id=\"4647\" data-permalink=\"https:\/\/www.light-style.eu\/Blog\/schwarzwald-amazone-14\/\" data-orig-file=\"https:\/\/i0.wp.com\/www.light-style.eu\/Blog\/wp-content\/uploads\/2019\/07\/Schwarzwald-Amazone-14.jpg?fit=800%2C1200&amp;ssl=1\" data-orig-size=\"800,1200\" data-comments-opened=\"1\" data-image-meta=\"{&quot;aperture&quot;:&quot;0&quot;,&quot;credit&quot;:&quot;Fotostudio Light-Style\\rAndi Moel&quot;,&quot;camera&quot;:&quot;&quot;,&quot;caption&quot;:&quot;&quot;,&quot;created_timestamp&quot;:&quot;0&quot;,&quot;copyright&quot;:&quot;www.light-style.eu&quot;,&quot;focal_length&quot;:&quot;0&quot;,&quot;iso&quot;:&quot;0&quot;,&quot;shutter_speed&quot;:&quot;0&quot;,&quot;title&quot;:&quot;&quot;,&quot;orientation&quot;:&quot;0&quot;}\" data-image-title=\"Schwarzwald-Amazone-14\" data-image-description=\"\" data-image-caption=\"\" data-large-file=\"https:\/\/i0.wp.com\/www.light-style.eu\/Blog\/wp-content\/uploads\/2019\/07\/Schwarzwald-Amazone-14.jpg?fit=800%2C1200&amp;ssl=1\" role=\"button\" tabindex=\"0\" aria-label=\"Bild\u00a04 von 14 im Vollbildmodus \u00f6ffnen\"srcset=\"https:\/\/i0.wp.com\/www.light-style.eu\/Blog\/wp-content\/uploads\/2019\/07\/Schwarzwald-Amazone-14.jpg?strip=info&#038;w=600&#038;ssl=1 600w,https:\/\/i0.wp.com\/www.light-style.eu\/Blog\/wp-content\/uploads\/2019\/07\/Schwarzwald-Amazone-14.jpg?strip=info&#038;w=800&#038;ssl=1 800w\" alt=\"\" data-height=\"1200\" data-id=\"4647\" data-link=\"https:\/\/www.light-style.eu\/Blog\/schwarzwald-amazone-14\/\" data-url=\"https:\/\/www.light-style.eu\/Blog\/wp-content\/uploads\/2019\/07\/Schwarzwald-Amazone-14.jpg\" data-width=\"800\" src=\"https:\/\/i0.wp.com\/www.light-style.eu\/Blog\/wp-content\/uploads\/2019\/07\/Schwarzwald-Amazone-14.jpg?ssl=1\"\/><\/a><\/figure><\/div><div class=\"tiled-gallery__col\"><figure class=\"tiled-gallery__item\"><a href=\"https:\/\/www.light-style.eu\/Blog\/schwarzwald-amazone-13\/\"><img decoding=\"async\" data-attachment-id=\"4646\" data-permalink=\"https:\/\/www.light-style.eu\/Blog\/schwarzwald-amazone-13\/\" data-orig-file=\"https:\/\/i0.wp.com\/www.light-style.eu\/Blog\/wp-content\/uploads\/2019\/07\/Schwarzwald-Amazone-13.jpg?fit=1200%2C800&amp;ssl=1\" data-orig-size=\"1200,800\" data-comments-opened=\"1\" data-image-meta=\"{&quot;aperture&quot;:&quot;0&quot;,&quot;credit&quot;:&quot;Fotostudio Light-Style\\rAndi Moel&quot;,&quot;camera&quot;:&quot;&quot;,&quot;caption&quot;:&quot;&quot;,&quot;created_timestamp&quot;:&quot;0&quot;,&quot;copyright&quot;:&quot;www.light-style.eu&quot;,&quot;focal_length&quot;:&quot;0&quot;,&quot;iso&quot;:&quot;0&quot;,&quot;shutter_speed&quot;:&quot;0&quot;,&quot;title&quot;:&quot;&quot;,&quot;orientation&quot;:&quot;0&quot;}\" data-image-title=\"Schwarzwald-Amazone-13\" data-image-description=\"\" data-image-caption=\"\" data-large-file=\"https:\/\/i0.wp.com\/www.light-style.eu\/Blog\/wp-content\/uploads\/2019\/07\/Schwarzwald-Amazone-13.jpg?fit=1170%2C780&amp;ssl=1\" data-attachment-id=\"4646\" data-permalink=\"https:\/\/www.light-style.eu\/Blog\/schwarzwald-amazone-13\/\" data-orig-file=\"https:\/\/i0.wp.com\/www.light-style.eu\/Blog\/wp-content\/uploads\/2019\/07\/Schwarzwald-Amazone-13.jpg?fit=1200%2C800&amp;ssl=1\" data-orig-size=\"1200,800\" data-comments-opened=\"1\" data-image-meta=\"{&quot;aperture&quot;:&quot;0&quot;,&quot;credit&quot;:&quot;Fotostudio Light-Style\\rAndi Moel&quot;,&quot;camera&quot;:&quot;&quot;,&quot;caption&quot;:&quot;&quot;,&quot;created_timestamp&quot;:&quot;0&quot;,&quot;copyright&quot;:&quot;www.light-style.eu&quot;,&quot;focal_length&quot;:&quot;0&quot;,&quot;iso&quot;:&quot;0&quot;,&quot;shutter_speed&quot;:&quot;0&quot;,&quot;title&quot;:&quot;&quot;,&quot;orientation&quot;:&quot;0&quot;}\" data-image-title=\"Schwarzwald-Amazone-13\" data-image-description=\"\" data-image-caption=\"\" data-large-file=\"https:\/\/i0.wp.com\/www.light-style.eu\/Blog\/wp-content\/uploads\/2019\/07\/Schwarzwald-Amazone-13.jpg?fit=1170%2C780&amp;ssl=1\" role=\"button\" tabindex=\"0\" aria-label=\"Bild\u00a05 von 14 im Vollbildmodus \u00f6ffnen\"srcset=\"https:\/\/i0.wp.com\/www.light-style.eu\/Blog\/wp-content\/uploads\/2019\/07\/Schwarzwald-Amazone-13.jpg?strip=info&#038;w=600&#038;ssl=1 600w,https:\/\/i0.wp.com\/www.light-style.eu\/Blog\/wp-content\/uploads\/2019\/07\/Schwarzwald-Amazone-13.jpg?strip=info&#038;w=900&#038;ssl=1 900w,https:\/\/i0.wp.com\/www.light-style.eu\/Blog\/wp-content\/uploads\/2019\/07\/Schwarzwald-Amazone-13.jpg?strip=info&#038;w=1200&#038;ssl=1 1200w\" alt=\"\" data-height=\"800\" data-id=\"4646\" data-link=\"https:\/\/www.light-style.eu\/Blog\/schwarzwald-amazone-13\/\" data-url=\"https:\/\/www.light-style.eu\/Blog\/wp-content\/uploads\/2019\/07\/Schwarzwald-Amazone-13.jpg\" data-width=\"1200\" src=\"https:\/\/i0.wp.com\/www.light-style.eu\/Blog\/wp-content\/uploads\/2019\/07\/Schwarzwald-Amazone-13.jpg?ssl=1\"\/><\/a><\/figure><figure class=\"tiled-gallery__item\"><a href=\"https:\/\/www.light-style.eu\/Blog\/schwarzwald-amazone-10\/\"><img decoding=\"async\" data-attachment-id=\"4645\" data-permalink=\"https:\/\/www.light-style.eu\/Blog\/schwarzwald-amazone-10\/\" data-orig-file=\"https:\/\/i0.wp.com\/www.light-style.eu\/Blog\/wp-content\/uploads\/2019\/07\/Schwarzwald-Amazone-10.jpg?fit=1200%2C800&amp;ssl=1\" data-orig-size=\"1200,800\" data-comments-opened=\"1\" data-image-meta=\"{&quot;aperture&quot;:&quot;0&quot;,&quot;credit&quot;:&quot;Fotostudio Light-Style\\rAndi Moel&quot;,&quot;camera&quot;:&quot;&quot;,&quot;caption&quot;:&quot;&quot;,&quot;created_timestamp&quot;:&quot;0&quot;,&quot;copyright&quot;:&quot;www.light-style.eu&quot;,&quot;focal_length&quot;:&quot;0&quot;,&quot;iso&quot;:&quot;0&quot;,&quot;shutter_speed&quot;:&quot;0&quot;,&quot;title&quot;:&quot;&quot;,&quot;orientation&quot;:&quot;0&quot;}\" data-image-title=\"Schwarzwald-Amazone-10\" data-image-description=\"&lt;p&gt;Wozu doch eine E-Zigarette so Alles gut ist ;-)&lt;\/p&gt;\n\" data-image-caption=\"&lt;p&gt;Wozu doch eine E-Zigarette so Alles gut ist ;-)&lt;\/p&gt;\n\" data-large-file=\"https:\/\/i0.wp.com\/www.light-style.eu\/Blog\/wp-content\/uploads\/2019\/07\/Schwarzwald-Amazone-10.jpg?fit=1170%2C780&amp;ssl=1\" data-attachment-id=\"4645\" data-permalink=\"https:\/\/www.light-style.eu\/Blog\/schwarzwald-amazone-10\/\" data-orig-file=\"https:\/\/i0.wp.com\/www.light-style.eu\/Blog\/wp-content\/uploads\/2019\/07\/Schwarzwald-Amazone-10.jpg?fit=1200%2C800&amp;ssl=1\" data-orig-size=\"1200,800\" data-comments-opened=\"1\" data-image-meta=\"{&quot;aperture&quot;:&quot;0&quot;,&quot;credit&quot;:&quot;Fotostudio Light-Style\\rAndi Moel&quot;,&quot;camera&quot;:&quot;&quot;,&quot;caption&quot;:&quot;&quot;,&quot;created_timestamp&quot;:&quot;0&quot;,&quot;copyright&quot;:&quot;www.light-style.eu&quot;,&quot;focal_length&quot;:&quot;0&quot;,&quot;iso&quot;:&quot;0&quot;,&quot;shutter_speed&quot;:&quot;0&quot;,&quot;title&quot;:&quot;&quot;,&quot;orientation&quot;:&quot;0&quot;}\" data-image-title=\"Schwarzwald-Amazone-10\" data-image-description=\"&lt;p&gt;Wozu doch eine E-Zigarette so Alles gut ist ;-)&lt;\/p&gt;\n\" data-image-caption=\"&lt;p&gt;Wozu doch eine E-Zigarette so Alles gut ist ;-)&lt;\/p&gt;\n\" data-large-file=\"https:\/\/i0.wp.com\/www.light-style.eu\/Blog\/wp-content\/uploads\/2019\/07\/Schwarzwald-Amazone-10.jpg?fit=1170%2C780&amp;ssl=1\" role=\"button\" tabindex=\"0\" aria-label=\"Bild\u00a06 von 14 im Vollbildmodus \u00f6ffnen\"srcset=\"https:\/\/i0.wp.com\/www.light-style.eu\/Blog\/wp-content\/uploads\/2019\/07\/Schwarzwald-Amazone-10.jpg?strip=info&#038;w=600&#038;ssl=1 600w,https:\/\/i0.wp.com\/www.light-style.eu\/Blog\/wp-content\/uploads\/2019\/07\/Schwarzwald-Amazone-10.jpg?strip=info&#038;w=900&#038;ssl=1 900w,https:\/\/i0.wp.com\/www.light-style.eu\/Blog\/wp-content\/uploads\/2019\/07\/Schwarzwald-Amazone-10.jpg?strip=info&#038;w=1200&#038;ssl=1 1200w\" alt=\"\" data-height=\"800\" data-id=\"4645\" data-link=\"https:\/\/www.light-style.eu\/Blog\/schwarzwald-amazone-10\/\" data-url=\"https:\/\/www.light-style.eu\/Blog\/wp-content\/uploads\/2019\/07\/Schwarzwald-Amazone-10.jpg\" data-width=\"1200\" src=\"https:\/\/i0.wp.com\/www.light-style.eu\/Blog\/wp-content\/uploads\/2019\/07\/Schwarzwald-Amazone-10.jpg?ssl=1\"\/><\/a><\/figure><\/div><div class=\"tiled-gallery__col\"><figure class=\"tiled-gallery__item\"><a href=\"https:\/\/www.light-style.eu\/Blog\/schwarzwald-amazone-9\/\"><img decoding=\"async\" data-attachment-id=\"4644\" data-permalink=\"https:\/\/www.light-style.eu\/Blog\/schwarzwald-amazone-9\/\" data-orig-file=\"https:\/\/i0.wp.com\/www.light-style.eu\/Blog\/wp-content\/uploads\/2019\/07\/Schwarzwald-Amazone-9.jpg?fit=800%2C1200&amp;ssl=1\" data-orig-size=\"800,1200\" data-comments-opened=\"1\" data-image-meta=\"{&quot;aperture&quot;:&quot;0&quot;,&quot;credit&quot;:&quot;Fotostudio Light-Style\\rAndi Moel&quot;,&quot;camera&quot;:&quot;&quot;,&quot;caption&quot;:&quot;&quot;,&quot;created_timestamp&quot;:&quot;0&quot;,&quot;copyright&quot;:&quot;www.light-style.eu&quot;,&quot;focal_length&quot;:&quot;0&quot;,&quot;iso&quot;:&quot;0&quot;,&quot;shutter_speed&quot;:&quot;0&quot;,&quot;title&quot;:&quot;&quot;,&quot;orientation&quot;:&quot;0&quot;}\" data-image-title=\"Schwarzwald-Amazone-9\" data-image-description=\"\" data-image-caption=\"\" data-large-file=\"https:\/\/i0.wp.com\/www.light-style.eu\/Blog\/wp-content\/uploads\/2019\/07\/Schwarzwald-Amazone-9.jpg?fit=800%2C1200&amp;ssl=1\" data-attachment-id=\"4644\" data-permalink=\"https:\/\/www.light-style.eu\/Blog\/schwarzwald-amazone-9\/\" data-orig-file=\"https:\/\/i0.wp.com\/www.light-style.eu\/Blog\/wp-content\/uploads\/2019\/07\/Schwarzwald-Amazone-9.jpg?fit=800%2C1200&amp;ssl=1\" data-orig-size=\"800,1200\" data-comments-opened=\"1\" data-image-meta=\"{&quot;aperture&quot;:&quot;0&quot;,&quot;credit&quot;:&quot;Fotostudio Light-Style\\rAndi Moel&quot;,&quot;camera&quot;:&quot;&quot;,&quot;caption&quot;:&quot;&quot;,&quot;created_timestamp&quot;:&quot;0&quot;,&quot;copyright&quot;:&quot;www.light-style.eu&quot;,&quot;focal_length&quot;:&quot;0&quot;,&quot;iso&quot;:&quot;0&quot;,&quot;shutter_speed&quot;:&quot;0&quot;,&quot;title&quot;:&quot;&quot;,&quot;orientation&quot;:&quot;0&quot;}\" data-image-title=\"Schwarzwald-Amazone-9\" data-image-description=\"\" data-image-caption=\"\" data-large-file=\"https:\/\/i0.wp.com\/www.light-style.eu\/Blog\/wp-content\/uploads\/2019\/07\/Schwarzwald-Amazone-9.jpg?fit=800%2C1200&amp;ssl=1\" role=\"button\" tabindex=\"0\" aria-label=\"Bild\u00a07 von 14 im Vollbildmodus \u00f6ffnen\"srcset=\"https:\/\/i1.wp.com\/www.light-style.eu\/Blog\/wp-content\/uploads\/2019\/07\/Schwarzwald-Amazone-9.jpg?strip=info&#038;w=600&#038;ssl=1 600w,https:\/\/i1.wp.com\/www.light-style.eu\/Blog\/wp-content\/uploads\/2019\/07\/Schwarzwald-Amazone-9.jpg?strip=info&#038;w=800&#038;ssl=1 800w\" alt=\"\" data-height=\"1200\" data-id=\"4644\" data-link=\"https:\/\/www.light-style.eu\/Blog\/schwarzwald-amazone-9\/\" data-url=\"https:\/\/www.light-style.eu\/Blog\/wp-content\/uploads\/2019\/07\/Schwarzwald-Amazone-9.jpg\" data-width=\"800\" src=\"https:\/\/i1.wp.com\/www.light-style.eu\/Blog\/wp-content\/uploads\/2019\/07\/Schwarzwald-Amazone-9.jpg?ssl=1\"\/><\/a><\/figure><\/div><\/div><div class=\"tiled-gallery__row\"><div class=\"tiled-gallery__col\"><figure class=\"tiled-gallery__item\"><a href=\"https:\/\/www.light-style.eu\/Blog\/schwarzwald-amazone-8\/\"><img decoding=\"async\" data-attachment-id=\"4643\" data-permalink=\"https:\/\/www.light-style.eu\/Blog\/schwarzwald-amazone-8\/\" data-orig-file=\"https:\/\/i0.wp.com\/www.light-style.eu\/Blog\/wp-content\/uploads\/2019\/07\/Schwarzwald-Amazone-8.jpg?fit=1200%2C800&amp;ssl=1\" data-orig-size=\"1200,800\" data-comments-opened=\"1\" data-image-meta=\"{&quot;aperture&quot;:&quot;0&quot;,&quot;credit&quot;:&quot;Fotostudio Light-Style\\rAndi Moel&quot;,&quot;camera&quot;:&quot;&quot;,&quot;caption&quot;:&quot;&quot;,&quot;created_timestamp&quot;:&quot;0&quot;,&quot;copyright&quot;:&quot;www.light-style.eu&quot;,&quot;focal_length&quot;:&quot;0&quot;,&quot;iso&quot;:&quot;0&quot;,&quot;shutter_speed&quot;:&quot;0&quot;,&quot;title&quot;:&quot;&quot;,&quot;orientation&quot;:&quot;0&quot;}\" data-image-title=\"Schwarzwald-Amazone-8\" data-image-description=\"\" data-image-caption=\"\" data-large-file=\"https:\/\/i0.wp.com\/www.light-style.eu\/Blog\/wp-content\/uploads\/2019\/07\/Schwarzwald-Amazone-8.jpg?fit=1170%2C780&amp;ssl=1\" data-attachment-id=\"4643\" data-permalink=\"https:\/\/www.light-style.eu\/Blog\/schwarzwald-amazone-8\/\" data-orig-file=\"https:\/\/i0.wp.com\/www.light-style.eu\/Blog\/wp-content\/uploads\/2019\/07\/Schwarzwald-Amazone-8.jpg?fit=1200%2C800&amp;ssl=1\" data-orig-size=\"1200,800\" data-comments-opened=\"1\" data-image-meta=\"{&quot;aperture&quot;:&quot;0&quot;,&quot;credit&quot;:&quot;Fotostudio Light-Style\\rAndi Moel&quot;,&quot;camera&quot;:&quot;&quot;,&quot;caption&quot;:&quot;&quot;,&quot;created_timestamp&quot;:&quot;0&quot;,&quot;copyright&quot;:&quot;www.light-style.eu&quot;,&quot;focal_length&quot;:&quot;0&quot;,&quot;iso&quot;:&quot;0&quot;,&quot;shutter_speed&quot;:&quot;0&quot;,&quot;title&quot;:&quot;&quot;,&quot;orientation&quot;:&quot;0&quot;}\" data-image-title=\"Schwarzwald-Amazone-8\" data-image-description=\"\" data-image-caption=\"\" data-large-file=\"https:\/\/i0.wp.com\/www.light-style.eu\/Blog\/wp-content\/uploads\/2019\/07\/Schwarzwald-Amazone-8.jpg?fit=1170%2C780&amp;ssl=1\" role=\"button\" tabindex=\"0\" aria-label=\"Bild\u00a08 von 14 im Vollbildmodus \u00f6ffnen\"srcset=\"https:\/\/i2.wp.com\/www.light-style.eu\/Blog\/wp-content\/uploads\/2019\/07\/Schwarzwald-Amazone-8.jpg?strip=info&#038;w=600&#038;ssl=1 600w,https:\/\/i2.wp.com\/www.light-style.eu\/Blog\/wp-content\/uploads\/2019\/07\/Schwarzwald-Amazone-8.jpg?strip=info&#038;w=900&#038;ssl=1 900w,https:\/\/i2.wp.com\/www.light-style.eu\/Blog\/wp-content\/uploads\/2019\/07\/Schwarzwald-Amazone-8.jpg?strip=info&#038;w=1200&#038;ssl=1 1200w\" alt=\"\" data-height=\"800\" data-id=\"4643\" data-link=\"https:\/\/www.light-style.eu\/Blog\/schwarzwald-amazone-8\/\" data-url=\"https:\/\/www.light-style.eu\/Blog\/wp-content\/uploads\/2019\/07\/Schwarzwald-Amazone-8.jpg\" data-width=\"1200\" src=\"https:\/\/i2.wp.com\/www.light-style.eu\/Blog\/wp-content\/uploads\/2019\/07\/Schwarzwald-Amazone-8.jpg?ssl=1\"\/><\/a><\/figure><figure class=\"tiled-gallery__item\"><a href=\"https:\/\/www.light-style.eu\/Blog\/schwarzwald-amazone-7\/\"><img decoding=\"async\" data-attachment-id=\"4642\" data-permalink=\"https:\/\/www.light-style.eu\/Blog\/schwarzwald-amazone-7\/\" data-orig-file=\"https:\/\/i0.wp.com\/www.light-style.eu\/Blog\/wp-content\/uploads\/2019\/07\/Schwarzwald-Amazone-7.jpg?fit=1200%2C800&amp;ssl=1\" data-orig-size=\"1200,800\" data-comments-opened=\"1\" data-image-meta=\"{&quot;aperture&quot;:&quot;0&quot;,&quot;credit&quot;:&quot;Fotostudio Light-Style\\rAndi Moel&quot;,&quot;camera&quot;:&quot;&quot;,&quot;caption&quot;:&quot;&quot;,&quot;created_timestamp&quot;:&quot;0&quot;,&quot;copyright&quot;:&quot;www.light-style.eu&quot;,&quot;focal_length&quot;:&quot;0&quot;,&quot;iso&quot;:&quot;0&quot;,&quot;shutter_speed&quot;:&quot;0&quot;,&quot;title&quot;:&quot;&quot;,&quot;orientation&quot;:&quot;0&quot;}\" data-image-title=\"Schwarzwald-Amazone-7\" data-image-description=\"\" data-image-caption=\"\" data-large-file=\"https:\/\/i0.wp.com\/www.light-style.eu\/Blog\/wp-content\/uploads\/2019\/07\/Schwarzwald-Amazone-7.jpg?fit=1170%2C780&amp;ssl=1\" data-attachment-id=\"4642\" data-permalink=\"https:\/\/www.light-style.eu\/Blog\/schwarzwald-amazone-7\/\" data-orig-file=\"https:\/\/i0.wp.com\/www.light-style.eu\/Blog\/wp-content\/uploads\/2019\/07\/Schwarzwald-Amazone-7.jpg?fit=1200%2C800&amp;ssl=1\" data-orig-size=\"1200,800\" data-comments-opened=\"1\" data-image-meta=\"{&quot;aperture&quot;:&quot;0&quot;,&quot;credit&quot;:&quot;Fotostudio Light-Style\\rAndi Moel&quot;,&quot;camera&quot;:&quot;&quot;,&quot;caption&quot;:&quot;&quot;,&quot;created_timestamp&quot;:&quot;0&quot;,&quot;copyright&quot;:&quot;www.light-style.eu&quot;,&quot;focal_length&quot;:&quot;0&quot;,&quot;iso&quot;:&quot;0&quot;,&quot;shutter_speed&quot;:&quot;0&quot;,&quot;title&quot;:&quot;&quot;,&quot;orientation&quot;:&quot;0&quot;}\" data-image-title=\"Schwarzwald-Amazone-7\" data-image-description=\"\" data-image-caption=\"\" data-large-file=\"https:\/\/i0.wp.com\/www.light-style.eu\/Blog\/wp-content\/uploads\/2019\/07\/Schwarzwald-Amazone-7.jpg?fit=1170%2C780&amp;ssl=1\" role=\"button\" tabindex=\"0\" aria-label=\"Bild\u00a09 von 14 im Vollbildmodus \u00f6ffnen\"srcset=\"https:\/\/i0.wp.com\/www.light-style.eu\/Blog\/wp-content\/uploads\/2019\/07\/Schwarzwald-Amazone-7.jpg?strip=info&#038;w=600&#038;ssl=1 600w,https:\/\/i0.wp.com\/www.light-style.eu\/Blog\/wp-content\/uploads\/2019\/07\/Schwarzwald-Amazone-7.jpg?strip=info&#038;w=900&#038;ssl=1 900w,https:\/\/i0.wp.com\/www.light-style.eu\/Blog\/wp-content\/uploads\/2019\/07\/Schwarzwald-Amazone-7.jpg?strip=info&#038;w=1200&#038;ssl=1 1200w\" alt=\"\" data-height=\"800\" data-id=\"4642\" data-link=\"https:\/\/www.light-style.eu\/Blog\/schwarzwald-amazone-7\/\" data-url=\"https:\/\/www.light-style.eu\/Blog\/wp-content\/uploads\/2019\/07\/Schwarzwald-Amazone-7.jpg\" data-width=\"1200\" src=\"https:\/\/i0.wp.com\/www.light-style.eu\/Blog\/wp-content\/uploads\/2019\/07\/Schwarzwald-Amazone-7.jpg?ssl=1\"\/><\/a><\/figure><\/div><div class=\"tiled-gallery__col\"><figure class=\"tiled-gallery__item\"><a href=\"https:\/\/www.light-style.eu\/Blog\/schwarzwald-amazone-2\/\"><img decoding=\"async\" data-attachment-id=\"4637\" data-permalink=\"https:\/\/www.light-style.eu\/Blog\/schwarzwald-amazone-2\/\" data-orig-file=\"https:\/\/i0.wp.com\/www.light-style.eu\/Blog\/wp-content\/uploads\/2019\/07\/Schwarzwald-Amazone-2.jpg?fit=800%2C1200&amp;ssl=1\" data-orig-size=\"800,1200\" data-comments-opened=\"1\" data-image-meta=\"{&quot;aperture&quot;:&quot;0&quot;,&quot;credit&quot;:&quot;Fotostudio Light-Style\\rAndi Moel&quot;,&quot;camera&quot;:&quot;&quot;,&quot;caption&quot;:&quot;&quot;,&quot;created_timestamp&quot;:&quot;0&quot;,&quot;copyright&quot;:&quot;www.light-style.eu&quot;,&quot;focal_length&quot;:&quot;0&quot;,&quot;iso&quot;:&quot;0&quot;,&quot;shutter_speed&quot;:&quot;0&quot;,&quot;title&quot;:&quot;&quot;,&quot;orientation&quot;:&quot;0&quot;}\" data-image-title=\"Schwarzwald-Amazone-2\" data-image-description=\"\" data-image-caption=\"\" data-large-file=\"https:\/\/i0.wp.com\/www.light-style.eu\/Blog\/wp-content\/uploads\/2019\/07\/Schwarzwald-Amazone-2.jpg?fit=800%2C1200&amp;ssl=1\" data-attachment-id=\"4637\" data-permalink=\"https:\/\/www.light-style.eu\/Blog\/schwarzwald-amazone-2\/\" data-orig-file=\"https:\/\/i0.wp.com\/www.light-style.eu\/Blog\/wp-content\/uploads\/2019\/07\/Schwarzwald-Amazone-2.jpg?fit=800%2C1200&amp;ssl=1\" data-orig-size=\"800,1200\" data-comments-opened=\"1\" data-image-meta=\"{&quot;aperture&quot;:&quot;0&quot;,&quot;credit&quot;:&quot;Fotostudio Light-Style\\rAndi Moel&quot;,&quot;camera&quot;:&quot;&quot;,&quot;caption&quot;:&quot;&quot;,&quot;created_timestamp&quot;:&quot;0&quot;,&quot;copyright&quot;:&quot;www.light-style.eu&quot;,&quot;focal_length&quot;:&quot;0&quot;,&quot;iso&quot;:&quot;0&quot;,&quot;shutter_speed&quot;:&quot;0&quot;,&quot;title&quot;:&quot;&quot;,&quot;orientation&quot;:&quot;0&quot;}\" data-image-title=\"Schwarzwald-Amazone-2\" data-image-description=\"\" data-image-caption=\"\" data-large-file=\"https:\/\/i0.wp.com\/www.light-style.eu\/Blog\/wp-content\/uploads\/2019\/07\/Schwarzwald-Amazone-2.jpg?fit=800%2C1200&amp;ssl=1\" role=\"button\" tabindex=\"0\" aria-label=\"Bild\u00a010 von 14 im Vollbildmodus \u00f6ffnen\"srcset=\"https:\/\/i2.wp.com\/www.light-style.eu\/Blog\/wp-content\/uploads\/2019\/07\/Schwarzwald-Amazone-2.jpg?strip=info&#038;w=600&#038;ssl=1 600w,https:\/\/i2.wp.com\/www.light-style.eu\/Blog\/wp-content\/uploads\/2019\/07\/Schwarzwald-Amazone-2.jpg?strip=info&#038;w=800&#038;ssl=1 800w\" alt=\"\" data-height=\"1200\" data-id=\"4637\" data-link=\"https:\/\/www.light-style.eu\/Blog\/schwarzwald-amazone-2\/\" data-url=\"https:\/\/www.light-style.eu\/Blog\/wp-content\/uploads\/2019\/07\/Schwarzwald-Amazone-2.jpg\" data-width=\"800\" src=\"https:\/\/i2.wp.com\/www.light-style.eu\/Blog\/wp-content\/uploads\/2019\/07\/Schwarzwald-Amazone-2.jpg?ssl=1\"\/><\/a><\/figure><\/div><\/div><div class=\"tiled-gallery__row\"><div class=\"tiled-gallery__col\"><figure class=\"tiled-gallery__item\"><a href=\"https:\/\/www.light-style.eu\/Blog\/schwarzwald-amazone-3\/\"><img decoding=\"async\" data-attachment-id=\"4638\" data-permalink=\"https:\/\/www.light-style.eu\/Blog\/schwarzwald-amazone-3\/\" data-orig-file=\"https:\/\/i0.wp.com\/www.light-style.eu\/Blog\/wp-content\/uploads\/2019\/07\/Schwarzwald-Amazone-3.jpg?fit=800%2C1200&amp;ssl=1\" data-orig-size=\"800,1200\" data-comments-opened=\"1\" data-image-meta=\"{&quot;aperture&quot;:&quot;0&quot;,&quot;credit&quot;:&quot;Fotostudio Light-Style\\rAndi Moel&quot;,&quot;camera&quot;:&quot;&quot;,&quot;caption&quot;:&quot;&quot;,&quot;created_timestamp&quot;:&quot;0&quot;,&quot;copyright&quot;:&quot;www.light-style.eu&quot;,&quot;focal_length&quot;:&quot;0&quot;,&quot;iso&quot;:&quot;0&quot;,&quot;shutter_speed&quot;:&quot;0&quot;,&quot;title&quot;:&quot;&quot;,&quot;orientation&quot;:&quot;0&quot;}\" data-image-title=\"Schwarzwald-Amazone-3\" data-image-description=\"\" data-image-caption=\"\" data-large-file=\"https:\/\/i0.wp.com\/www.light-style.eu\/Blog\/wp-content\/uploads\/2019\/07\/Schwarzwald-Amazone-3.jpg?fit=800%2C1200&amp;ssl=1\" data-attachment-id=\"4638\" data-permalink=\"https:\/\/www.light-style.eu\/Blog\/schwarzwald-amazone-3\/\" data-orig-file=\"https:\/\/i0.wp.com\/www.light-style.eu\/Blog\/wp-content\/uploads\/2019\/07\/Schwarzwald-Amazone-3.jpg?fit=800%2C1200&amp;ssl=1\" data-orig-size=\"800,1200\" data-comments-opened=\"1\" data-image-meta=\"{&quot;aperture&quot;:&quot;0&quot;,&quot;credit&quot;:&quot;Fotostudio Light-Style\\rAndi Moel&quot;,&quot;camera&quot;:&quot;&quot;,&quot;caption&quot;:&quot;&quot;,&quot;created_timestamp&quot;:&quot;0&quot;,&quot;copyright&quot;:&quot;www.light-style.eu&quot;,&quot;focal_length&quot;:&quot;0&quot;,&quot;iso&quot;:&quot;0&quot;,&quot;shutter_speed&quot;:&quot;0&quot;,&quot;title&quot;:&quot;&quot;,&quot;orientation&quot;:&quot;0&quot;}\" data-image-title=\"Schwarzwald-Amazone-3\" data-image-description=\"\" data-image-caption=\"\" data-large-file=\"https:\/\/i0.wp.com\/www.light-style.eu\/Blog\/wp-content\/uploads\/2019\/07\/Schwarzwald-Amazone-3.jpg?fit=800%2C1200&amp;ssl=1\" role=\"button\" tabindex=\"0\" aria-label=\"Bild\u00a011 von 14 im Vollbildmodus \u00f6ffnen\"srcset=\"https:\/\/i2.wp.com\/www.light-style.eu\/Blog\/wp-content\/uploads\/2019\/07\/Schwarzwald-Amazone-3.jpg?strip=info&#038;w=600&#038;ssl=1 600w,https:\/\/i2.wp.com\/www.light-style.eu\/Blog\/wp-content\/uploads\/2019\/07\/Schwarzwald-Amazone-3.jpg?strip=info&#038;w=800&#038;ssl=1 800w\" alt=\"\" data-height=\"1200\" data-id=\"4638\" data-link=\"https:\/\/www.light-style.eu\/Blog\/schwarzwald-amazone-3\/\" data-url=\"https:\/\/www.light-style.eu\/Blog\/wp-content\/uploads\/2019\/07\/Schwarzwald-Amazone-3.jpg\" data-width=\"800\" src=\"https:\/\/i2.wp.com\/www.light-style.eu\/Blog\/wp-content\/uploads\/2019\/07\/Schwarzwald-Amazone-3.jpg?ssl=1\"\/><\/a><\/figure><\/div><div class=\"tiled-gallery__col\"><figure class=\"tiled-gallery__item\"><a href=\"https:\/\/www.light-style.eu\/Blog\/schwarzwald-amazone-4\/\"><img decoding=\"async\" data-attachment-id=\"4639\" data-permalink=\"https:\/\/www.light-style.eu\/Blog\/schwarzwald-amazone-4\/\" data-orig-file=\"https:\/\/i0.wp.com\/www.light-style.eu\/Blog\/wp-content\/uploads\/2019\/07\/Schwarzwald-Amazone-4.jpg?fit=800%2C1200&amp;ssl=1\" data-orig-size=\"800,1200\" data-comments-opened=\"1\" data-image-meta=\"{&quot;aperture&quot;:&quot;0&quot;,&quot;credit&quot;:&quot;Fotostudio Light-Style\\rAndi Moel&quot;,&quot;camera&quot;:&quot;&quot;,&quot;caption&quot;:&quot;&quot;,&quot;created_timestamp&quot;:&quot;0&quot;,&quot;copyright&quot;:&quot;www.light-style.eu&quot;,&quot;focal_length&quot;:&quot;0&quot;,&quot;iso&quot;:&quot;0&quot;,&quot;shutter_speed&quot;:&quot;0&quot;,&quot;title&quot;:&quot;&quot;,&quot;orientation&quot;:&quot;0&quot;}\" data-image-title=\"Schwarzwald-Amazone-4\" data-image-description=\"&lt;p&gt;Die Ruhe nachdem alle M\u00e4nner gemeuchelt wurden ;-)&lt;\/p&gt;\n\" data-image-caption=\"&lt;p&gt;Die Ruhe nachdem alle M\u00e4nner gemeuchelt wurden ;-)&lt;\/p&gt;\n\" data-large-file=\"https:\/\/i0.wp.com\/www.light-style.eu\/Blog\/wp-content\/uploads\/2019\/07\/Schwarzwald-Amazone-4.jpg?fit=800%2C1200&amp;ssl=1\" data-attachment-id=\"4639\" data-permalink=\"https:\/\/www.light-style.eu\/Blog\/schwarzwald-amazone-4\/\" data-orig-file=\"https:\/\/i0.wp.com\/www.light-style.eu\/Blog\/wp-content\/uploads\/2019\/07\/Schwarzwald-Amazone-4.jpg?fit=800%2C1200&amp;ssl=1\" data-orig-size=\"800,1200\" data-comments-opened=\"1\" data-image-meta=\"{&quot;aperture&quot;:&quot;0&quot;,&quot;credit&quot;:&quot;Fotostudio Light-Style\\rAndi Moel&quot;,&quot;camera&quot;:&quot;&quot;,&quot;caption&quot;:&quot;&quot;,&quot;created_timestamp&quot;:&quot;0&quot;,&quot;copyright&quot;:&quot;www.light-style.eu&quot;,&quot;focal_length&quot;:&quot;0&quot;,&quot;iso&quot;:&quot;0&quot;,&quot;shutter_speed&quot;:&quot;0&quot;,&quot;title&quot;:&quot;&quot;,&quot;orientation&quot;:&quot;0&quot;}\" data-image-title=\"Schwarzwald-Amazone-4\" data-image-description=\"&lt;p&gt;Die Ruhe nachdem alle M\u00e4nner gemeuchelt wurden ;-)&lt;\/p&gt;\n\" data-image-caption=\"&lt;p&gt;Die Ruhe nachdem alle M\u00e4nner gemeuchelt wurden ;-)&lt;\/p&gt;\n\" data-large-file=\"https:\/\/i0.wp.com\/www.light-style.eu\/Blog\/wp-content\/uploads\/2019\/07\/Schwarzwald-Amazone-4.jpg?fit=800%2C1200&amp;ssl=1\" role=\"button\" tabindex=\"0\" aria-label=\"Bild\u00a012 von 14 im Vollbildmodus \u00f6ffnen\"srcset=\"https:\/\/i1.wp.com\/www.light-style.eu\/Blog\/wp-content\/uploads\/2019\/07\/Schwarzwald-Amazone-4.jpg?strip=info&#038;w=600&#038;ssl=1 600w,https:\/\/i1.wp.com\/www.light-style.eu\/Blog\/wp-content\/uploads\/2019\/07\/Schwarzwald-Amazone-4.jpg?strip=info&#038;w=800&#038;ssl=1 800w\" alt=\"\" data-height=\"1200\" data-id=\"4639\" data-link=\"https:\/\/www.light-style.eu\/Blog\/schwarzwald-amazone-4\/\" data-url=\"https:\/\/www.light-style.eu\/Blog\/wp-content\/uploads\/2019\/07\/Schwarzwald-Amazone-4.jpg\" data-width=\"800\" src=\"https:\/\/i1.wp.com\/www.light-style.eu\/Blog\/wp-content\/uploads\/2019\/07\/Schwarzwald-Amazone-4.jpg?ssl=1\"\/><\/a><\/figure><\/div><div class=\"tiled-gallery__col\"><figure class=\"tiled-gallery__item\"><a href=\"https:\/\/www.light-style.eu\/Blog\/schwarzwald-amazone-5\/\"><img decoding=\"async\" data-attachment-id=\"4640\" data-permalink=\"https:\/\/www.light-style.eu\/Blog\/schwarzwald-amazone-5\/\" data-orig-file=\"https:\/\/i0.wp.com\/www.light-style.eu\/Blog\/wp-content\/uploads\/2019\/07\/Schwarzwald-Amazone-5.jpg?fit=800%2C1200&amp;ssl=1\" data-orig-size=\"800,1200\" data-comments-opened=\"1\" data-image-meta=\"{&quot;aperture&quot;:&quot;0&quot;,&quot;credit&quot;:&quot;Fotostudio Light-Style\\rAndi Moel&quot;,&quot;camera&quot;:&quot;&quot;,&quot;caption&quot;:&quot;&quot;,&quot;created_timestamp&quot;:&quot;0&quot;,&quot;copyright&quot;:&quot;www.light-style.eu&quot;,&quot;focal_length&quot;:&quot;0&quot;,&quot;iso&quot;:&quot;0&quot;,&quot;shutter_speed&quot;:&quot;0&quot;,&quot;title&quot;:&quot;&quot;,&quot;orientation&quot;:&quot;0&quot;}\" data-image-title=\"Schwarzwald-Amazone-5\" data-image-description=\"\" data-image-caption=\"\" data-large-file=\"https:\/\/i0.wp.com\/www.light-style.eu\/Blog\/wp-content\/uploads\/2019\/07\/Schwarzwald-Amazone-5.jpg?fit=800%2C1200&amp;ssl=1\" data-attachment-id=\"4640\" data-permalink=\"https:\/\/www.light-style.eu\/Blog\/schwarzwald-amazone-5\/\" data-orig-file=\"https:\/\/i0.wp.com\/www.light-style.eu\/Blog\/wp-content\/uploads\/2019\/07\/Schwarzwald-Amazone-5.jpg?fit=800%2C1200&amp;ssl=1\" data-orig-size=\"800,1200\" data-comments-opened=\"1\" data-image-meta=\"{&quot;aperture&quot;:&quot;0&quot;,&quot;credit&quot;:&quot;Fotostudio Light-Style\\rAndi Moel&quot;,&quot;camera&quot;:&quot;&quot;,&quot;caption&quot;:&quot;&quot;,&quot;created_timestamp&quot;:&quot;0&quot;,&quot;copyright&quot;:&quot;www.light-style.eu&quot;,&quot;focal_length&quot;:&quot;0&quot;,&quot;iso&quot;:&quot;0&quot;,&quot;shutter_speed&quot;:&quot;0&quot;,&quot;title&quot;:&quot;&quot;,&quot;orientation&quot;:&quot;0&quot;}\" data-image-title=\"Schwarzwald-Amazone-5\" data-image-description=\"\" data-image-caption=\"\" data-large-file=\"https:\/\/i0.wp.com\/www.light-style.eu\/Blog\/wp-content\/uploads\/2019\/07\/Schwarzwald-Amazone-5.jpg?fit=800%2C1200&amp;ssl=1\" role=\"button\" tabindex=\"0\" aria-label=\"Bild\u00a013 von 14 im Vollbildmodus \u00f6ffnen\"srcset=\"https:\/\/i2.wp.com\/www.light-style.eu\/Blog\/wp-content\/uploads\/2019\/07\/Schwarzwald-Amazone-5.jpg?strip=info&#038;w=600&#038;ssl=1 600w,https:\/\/i2.wp.com\/www.light-style.eu\/Blog\/wp-content\/uploads\/2019\/07\/Schwarzwald-Amazone-5.jpg?strip=info&#038;w=800&#038;ssl=1 800w\" alt=\"\" data-height=\"1200\" data-id=\"4640\" data-link=\"https:\/\/www.light-style.eu\/Blog\/schwarzwald-amazone-5\/\" data-url=\"https:\/\/www.light-style.eu\/Blog\/wp-content\/uploads\/2019\/07\/Schwarzwald-Amazone-5.jpg\" data-width=\"800\" src=\"https:\/\/i2.wp.com\/www.light-style.eu\/Blog\/wp-content\/uploads\/2019\/07\/Schwarzwald-Amazone-5.jpg?ssl=1\"\/><\/a><\/figure><\/div><div class=\"tiled-gallery__col\"><figure class=\"tiled-gallery__item\"><a href=\"https:\/\/www.light-style.eu\/Blog\/schwarzwald-amazone-6\/\"><img decoding=\"async\" data-attachment-id=\"4641\" data-permalink=\"https:\/\/www.light-style.eu\/Blog\/schwarzwald-amazone-6\/\" data-orig-file=\"https:\/\/i0.wp.com\/www.light-style.eu\/Blog\/wp-content\/uploads\/2019\/07\/Schwarzwald-Amazone-6.jpg?fit=800%2C1200&amp;ssl=1\" data-orig-size=\"800,1200\" data-comments-opened=\"1\" data-image-meta=\"{&quot;aperture&quot;:&quot;0&quot;,&quot;credit&quot;:&quot;Fotostudio Light-Style\\rAndi Moel&quot;,&quot;camera&quot;:&quot;&quot;,&quot;caption&quot;:&quot;&quot;,&quot;created_timestamp&quot;:&quot;0&quot;,&quot;copyright&quot;:&quot;www.light-style.eu&quot;,&quot;focal_length&quot;:&quot;0&quot;,&quot;iso&quot;:&quot;0&quot;,&quot;shutter_speed&quot;:&quot;0&quot;,&quot;title&quot;:&quot;&quot;,&quot;orientation&quot;:&quot;0&quot;}\" data-image-title=\"Schwarzwald-Amazone-6\" data-image-description=\"&lt;p&gt;Sieg \u00fcber die M\u00e4nnerwelt ;-)&lt;\/p&gt;\n\" data-image-caption=\"&lt;p&gt;Sieg \u00fcber die M\u00e4nnerwelt ;-)&lt;\/p&gt;\n\" data-large-file=\"https:\/\/i0.wp.com\/www.light-style.eu\/Blog\/wp-content\/uploads\/2019\/07\/Schwarzwald-Amazone-6.jpg?fit=800%2C1200&amp;ssl=1\" data-attachment-id=\"4641\" data-permalink=\"https:\/\/www.light-style.eu\/Blog\/schwarzwald-amazone-6\/\" data-orig-file=\"https:\/\/i0.wp.com\/www.light-style.eu\/Blog\/wp-content\/uploads\/2019\/07\/Schwarzwald-Amazone-6.jpg?fit=800%2C1200&amp;ssl=1\" data-orig-size=\"800,1200\" data-comments-opened=\"1\" data-image-meta=\"{&quot;aperture&quot;:&quot;0&quot;,&quot;credit&quot;:&quot;Fotostudio Light-Style\\rAndi Moel&quot;,&quot;camera&quot;:&quot;&quot;,&quot;caption&quot;:&quot;&quot;,&quot;created_timestamp&quot;:&quot;0&quot;,&quot;copyright&quot;:&quot;www.light-style.eu&quot;,&quot;focal_length&quot;:&quot;0&quot;,&quot;iso&quot;:&quot;0&quot;,&quot;shutter_speed&quot;:&quot;0&quot;,&quot;title&quot;:&quot;&quot;,&quot;orientation&quot;:&quot;0&quot;}\" data-image-title=\"Schwarzwald-Amazone-6\" data-image-description=\"&lt;p&gt;Sieg \u00fcber die M\u00e4nnerwelt ;-)&lt;\/p&gt;\n\" data-image-caption=\"&lt;p&gt;Sieg \u00fcber die M\u00e4nnerwelt ;-)&lt;\/p&gt;\n\" data-large-file=\"https:\/\/i0.wp.com\/www.light-style.eu\/Blog\/wp-content\/uploads\/2019\/07\/Schwarzwald-Amazone-6.jpg?fit=800%2C1200&amp;ssl=1\" role=\"button\" tabindex=\"0\" aria-label=\"Bild\u00a014 von 14 im Vollbildmodus \u00f6ffnen\"srcset=\"https:\/\/i2.wp.com\/www.light-style.eu\/Blog\/wp-content\/uploads\/2019\/07\/Schwarzwald-Amazone-6.jpg?strip=info&#038;w=600&#038;ssl=1 600w,https:\/\/i2.wp.com\/www.light-style.eu\/Blog\/wp-content\/uploads\/2019\/07\/Schwarzwald-Amazone-6.jpg?strip=info&#038;w=800&#038;ssl=1 800w\" alt=\"\" data-height=\"1200\" data-id=\"4641\" data-link=\"https:\/\/www.light-style.eu\/Blog\/schwarzwald-amazone-6\/\" data-url=\"https:\/\/www.light-style.eu\/Blog\/wp-content\/uploads\/2019\/07\/Schwarzwald-Amazone-6.jpg\" data-width=\"800\" src=\"https:\/\/i2.wp.com\/www.light-style.eu\/Blog\/wp-content\/uploads\/2019\/07\/Schwarzwald-Amazone-6.jpg?ssl=1\"\/><\/a><\/figure><\/div><\/div><\/div><\/div>\n\n\n\n<p>Ich war geflasht, welch epische Gegend in den Schluchten auf uns wartete, hier h\u00e4tte zum Teil auch Herr der Ringe gedreht werden k\u00f6nnen. Doch zu der Landschaft dann mehr in einem anderen Beitrag.<\/p>\n\n\n\n<div class=\"wp-block-jetpack-tiled-gallery aligncenter is-style-rectangular\"><div class=\"tiled-gallery__gallery\"><div class=\"tiled-gallery__row\"><div class=\"tiled-gallery__col\"><figure class=\"tiled-gallery__item\"><a href=\"https:\/\/www.light-style.eu\/Blog\/schwarzwald-amazone-31\/\"><img decoding=\"async\" data-attachment-id=\"4664\" data-permalink=\"https:\/\/www.light-style.eu\/Blog\/schwarzwald-amazone-31\/\" data-orig-file=\"https:\/\/i0.wp.com\/www.light-style.eu\/Blog\/wp-content\/uploads\/2019\/07\/Schwarzwald-Amazone-31.jpg?fit=1200%2C800&amp;ssl=1\" data-orig-size=\"1200,800\" data-comments-opened=\"1\" data-image-meta=\"{&quot;aperture&quot;:&quot;0&quot;,&quot;credit&quot;:&quot;Fotostudio Light-Style\\rAndi Moel&quot;,&quot;camera&quot;:&quot;&quot;,&quot;caption&quot;:&quot;&quot;,&quot;created_timestamp&quot;:&quot;0&quot;,&quot;copyright&quot;:&quot;www.light-style.eu&quot;,&quot;focal_length&quot;:&quot;0&quot;,&quot;iso&quot;:&quot;0&quot;,&quot;shutter_speed&quot;:&quot;0&quot;,&quot;title&quot;:&quot;&quot;,&quot;orientation&quot;:&quot;0&quot;}\" data-image-title=\"Schwarzwald-Amazone-31\" data-image-description=\"\" data-image-caption=\"\" data-large-file=\"https:\/\/i0.wp.com\/www.light-style.eu\/Blog\/wp-content\/uploads\/2019\/07\/Schwarzwald-Amazone-31.jpg?fit=1170%2C780&amp;ssl=1\" data-attachment-id=\"4664\" data-permalink=\"https:\/\/www.light-style.eu\/Blog\/schwarzwald-amazone-31\/\" data-orig-file=\"https:\/\/i0.wp.com\/www.light-style.eu\/Blog\/wp-content\/uploads\/2019\/07\/Schwarzwald-Amazone-31.jpg?fit=1200%2C800&amp;ssl=1\" data-orig-size=\"1200,800\" data-comments-opened=\"1\" data-image-meta=\"{&quot;aperture&quot;:&quot;0&quot;,&quot;credit&quot;:&quot;Fotostudio Light-Style\\rAndi Moel&quot;,&quot;camera&quot;:&quot;&quot;,&quot;caption&quot;:&quot;&quot;,&quot;created_timestamp&quot;:&quot;0&quot;,&quot;copyright&quot;:&quot;www.light-style.eu&quot;,&quot;focal_length&quot;:&quot;0&quot;,&quot;iso&quot;:&quot;0&quot;,&quot;shutter_speed&quot;:&quot;0&quot;,&quot;title&quot;:&quot;&quot;,&quot;orientation&quot;:&quot;0&quot;}\" data-image-title=\"Schwarzwald-Amazone-31\" data-image-description=\"\" data-image-caption=\"\" data-large-file=\"https:\/\/i0.wp.com\/www.light-style.eu\/Blog\/wp-content\/uploads\/2019\/07\/Schwarzwald-Amazone-31.jpg?fit=1170%2C780&amp;ssl=1\" role=\"button\" tabindex=\"0\" aria-label=\"Bild\u00a01 von 15 im Vollbildmodus \u00f6ffnen\"srcset=\"https:\/\/i2.wp.com\/www.light-style.eu\/Blog\/wp-content\/uploads\/2019\/07\/Schwarzwald-Amazone-31.jpg?strip=info&#038;w=600&#038;ssl=1 600w,https:\/\/i2.wp.com\/www.light-style.eu\/Blog\/wp-content\/uploads\/2019\/07\/Schwarzwald-Amazone-31.jpg?strip=info&#038;w=900&#038;ssl=1 900w,https:\/\/i2.wp.com\/www.light-style.eu\/Blog\/wp-content\/uploads\/2019\/07\/Schwarzwald-Amazone-31.jpg?strip=info&#038;w=1200&#038;ssl=1 1200w\" alt=\"\" data-height=\"800\" data-id=\"4664\" data-link=\"https:\/\/www.light-style.eu\/Blog\/schwarzwald-amazone-31\/\" data-url=\"https:\/\/www.light-style.eu\/Blog\/wp-content\/uploads\/2019\/07\/Schwarzwald-Amazone-31.jpg\" data-width=\"1200\" src=\"https:\/\/i2.wp.com\/www.light-style.eu\/Blog\/wp-content\/uploads\/2019\/07\/Schwarzwald-Amazone-31.jpg?ssl=1\"\/><\/a><\/figure><figure class=\"tiled-gallery__item\"><a href=\"https:\/\/www.light-style.eu\/Blog\/schwarzwald-amazone-30\/\"><img decoding=\"async\" data-attachment-id=\"4663\" data-permalink=\"https:\/\/www.light-style.eu\/Blog\/schwarzwald-amazone-30\/\" data-orig-file=\"https:\/\/i0.wp.com\/www.light-style.eu\/Blog\/wp-content\/uploads\/2019\/07\/Schwarzwald-Amazone-30.jpg?fit=1200%2C800&amp;ssl=1\" data-orig-size=\"1200,800\" data-comments-opened=\"1\" data-image-meta=\"{&quot;aperture&quot;:&quot;0&quot;,&quot;credit&quot;:&quot;Fotostudio Light-Style\\rAndi Moel&quot;,&quot;camera&quot;:&quot;&quot;,&quot;caption&quot;:&quot;&quot;,&quot;created_timestamp&quot;:&quot;0&quot;,&quot;copyright&quot;:&quot;www.light-style.eu&quot;,&quot;focal_length&quot;:&quot;0&quot;,&quot;iso&quot;:&quot;0&quot;,&quot;shutter_speed&quot;:&quot;0&quot;,&quot;title&quot;:&quot;&quot;,&quot;orientation&quot;:&quot;0&quot;}\" data-image-title=\"Schwarzwald-Amazone-30\" data-image-description=\"\" data-image-caption=\"\" data-large-file=\"https:\/\/i0.wp.com\/www.light-style.eu\/Blog\/wp-content\/uploads\/2019\/07\/Schwarzwald-Amazone-30.jpg?fit=1170%2C780&amp;ssl=1\" data-attachment-id=\"4663\" data-permalink=\"https:\/\/www.light-style.eu\/Blog\/schwarzwald-amazone-30\/\" data-orig-file=\"https:\/\/i0.wp.com\/www.light-style.eu\/Blog\/wp-content\/uploads\/2019\/07\/Schwarzwald-Amazone-30.jpg?fit=1200%2C800&amp;ssl=1\" data-orig-size=\"1200,800\" data-comments-opened=\"1\" data-image-meta=\"{&quot;aperture&quot;:&quot;0&quot;,&quot;credit&quot;:&quot;Fotostudio Light-Style\\rAndi Moel&quot;,&quot;camera&quot;:&quot;&quot;,&quot;caption&quot;:&quot;&quot;,&quot;created_timestamp&quot;:&quot;0&quot;,&quot;copyright&quot;:&quot;www.light-style.eu&quot;,&quot;focal_length&quot;:&quot;0&quot;,&quot;iso&quot;:&quot;0&quot;,&quot;shutter_speed&quot;:&quot;0&quot;,&quot;title&quot;:&quot;&quot;,&quot;orientation&quot;:&quot;0&quot;}\" data-image-title=\"Schwarzwald-Amazone-30\" data-image-description=\"\" data-image-caption=\"\" data-large-file=\"https:\/\/i0.wp.com\/www.light-style.eu\/Blog\/wp-content\/uploads\/2019\/07\/Schwarzwald-Amazone-30.jpg?fit=1170%2C780&amp;ssl=1\" role=\"button\" tabindex=\"0\" aria-label=\"Bild\u00a02 von 15 im Vollbildmodus \u00f6ffnen\"srcset=\"https:\/\/i0.wp.com\/www.light-style.eu\/Blog\/wp-content\/uploads\/2019\/07\/Schwarzwald-Amazone-30.jpg?strip=info&#038;w=600&#038;ssl=1 600w,https:\/\/i0.wp.com\/www.light-style.eu\/Blog\/wp-content\/uploads\/2019\/07\/Schwarzwald-Amazone-30.jpg?strip=info&#038;w=900&#038;ssl=1 900w,https:\/\/i0.wp.com\/www.light-style.eu\/Blog\/wp-content\/uploads\/2019\/07\/Schwarzwald-Amazone-30.jpg?strip=info&#038;w=1200&#038;ssl=1 1200w\" alt=\"\" data-height=\"800\" data-id=\"4663\" data-link=\"https:\/\/www.light-style.eu\/Blog\/schwarzwald-amazone-30\/\" data-url=\"https:\/\/www.light-style.eu\/Blog\/wp-content\/uploads\/2019\/07\/Schwarzwald-Amazone-30.jpg\" data-width=\"1200\" src=\"https:\/\/i0.wp.com\/www.light-style.eu\/Blog\/wp-content\/uploads\/2019\/07\/Schwarzwald-Amazone-30.jpg?ssl=1\"\/><\/a><\/figure><figure class=\"tiled-gallery__item\"><a href=\"https:\/\/www.light-style.eu\/Blog\/schwarzwald-amazone-29\/\"><img decoding=\"async\" data-attachment-id=\"4662\" data-permalink=\"https:\/\/www.light-style.eu\/Blog\/schwarzwald-amazone-29\/\" data-orig-file=\"https:\/\/i0.wp.com\/www.light-style.eu\/Blog\/wp-content\/uploads\/2019\/07\/Schwarzwald-Amazone-29.jpg?fit=1200%2C800&amp;ssl=1\" data-orig-size=\"1200,800\" data-comments-opened=\"1\" data-image-meta=\"{&quot;aperture&quot;:&quot;0&quot;,&quot;credit&quot;:&quot;Fotostudio Light-Style\\rAndi Moel&quot;,&quot;camera&quot;:&quot;&quot;,&quot;caption&quot;:&quot;&quot;,&quot;created_timestamp&quot;:&quot;0&quot;,&quot;copyright&quot;:&quot;www.light-style.eu&quot;,&quot;focal_length&quot;:&quot;0&quot;,&quot;iso&quot;:&quot;0&quot;,&quot;shutter_speed&quot;:&quot;0&quot;,&quot;title&quot;:&quot;&quot;,&quot;orientation&quot;:&quot;0&quot;}\" data-image-title=\"Schwarzwald-Amazone-29\" data-image-description=\"\" data-image-caption=\"\" data-large-file=\"https:\/\/i0.wp.com\/www.light-style.eu\/Blog\/wp-content\/uploads\/2019\/07\/Schwarzwald-Amazone-29.jpg?fit=1170%2C780&amp;ssl=1\" data-attachment-id=\"4662\" data-permalink=\"https:\/\/www.light-style.eu\/Blog\/schwarzwald-amazone-29\/\" data-orig-file=\"https:\/\/i0.wp.com\/www.light-style.eu\/Blog\/wp-content\/uploads\/2019\/07\/Schwarzwald-Amazone-29.jpg?fit=1200%2C800&amp;ssl=1\" data-orig-size=\"1200,800\" data-comments-opened=\"1\" data-image-meta=\"{&quot;aperture&quot;:&quot;0&quot;,&quot;credit&quot;:&quot;Fotostudio Light-Style\\rAndi Moel&quot;,&quot;camera&quot;:&quot;&quot;,&quot;caption&quot;:&quot;&quot;,&quot;created_timestamp&quot;:&quot;0&quot;,&quot;copyright&quot;:&quot;www.light-style.eu&quot;,&quot;focal_length&quot;:&quot;0&quot;,&quot;iso&quot;:&quot;0&quot;,&quot;shutter_speed&quot;:&quot;0&quot;,&quot;title&quot;:&quot;&quot;,&quot;orientation&quot;:&quot;0&quot;}\" data-image-title=\"Schwarzwald-Amazone-29\" data-image-description=\"\" data-image-caption=\"\" data-large-file=\"https:\/\/i0.wp.com\/www.light-style.eu\/Blog\/wp-content\/uploads\/2019\/07\/Schwarzwald-Amazone-29.jpg?fit=1170%2C780&amp;ssl=1\" role=\"button\" tabindex=\"0\" aria-label=\"Bild\u00a03 von 15 im Vollbildmodus \u00f6ffnen\"srcset=\"https:\/\/i0.wp.com\/www.light-style.eu\/Blog\/wp-content\/uploads\/2019\/07\/Schwarzwald-Amazone-29.jpg?strip=info&#038;w=600&#038;ssl=1 600w,https:\/\/i0.wp.com\/www.light-style.eu\/Blog\/wp-content\/uploads\/2019\/07\/Schwarzwald-Amazone-29.jpg?strip=info&#038;w=900&#038;ssl=1 900w,https:\/\/i0.wp.com\/www.light-style.eu\/Blog\/wp-content\/uploads\/2019\/07\/Schwarzwald-Amazone-29.jpg?strip=info&#038;w=1200&#038;ssl=1 1200w\" alt=\"\" data-height=\"800\" data-id=\"4662\" data-link=\"https:\/\/www.light-style.eu\/Blog\/schwarzwald-amazone-29\/\" data-url=\"https:\/\/www.light-style.eu\/Blog\/wp-content\/uploads\/2019\/07\/Schwarzwald-Amazone-29.jpg\" data-width=\"1200\" src=\"https:\/\/i0.wp.com\/www.light-style.eu\/Blog\/wp-content\/uploads\/2019\/07\/Schwarzwald-Amazone-29.jpg?ssl=1\"\/><\/a><\/figure><\/div><div class=\"tiled-gallery__col\"><figure class=\"tiled-gallery__item\"><a href=\"https:\/\/www.light-style.eu\/Blog\/schwarzwald-amazone-28\/\"><img decoding=\"async\" data-attachment-id=\"4661\" data-permalink=\"https:\/\/www.light-style.eu\/Blog\/schwarzwald-amazone-28\/\" data-orig-file=\"https:\/\/i0.wp.com\/www.light-style.eu\/Blog\/wp-content\/uploads\/2019\/07\/Schwarzwald-Amazone-28.jpg?fit=800%2C1200&amp;ssl=1\" data-orig-size=\"800,1200\" data-comments-opened=\"1\" data-image-meta=\"{&quot;aperture&quot;:&quot;0&quot;,&quot;credit&quot;:&quot;Fotostudio Light-Style\\rAndi Moel&quot;,&quot;camera&quot;:&quot;&quot;,&quot;caption&quot;:&quot;&quot;,&quot;created_timestamp&quot;:&quot;0&quot;,&quot;copyright&quot;:&quot;www.light-style.eu&quot;,&quot;focal_length&quot;:&quot;0&quot;,&quot;iso&quot;:&quot;0&quot;,&quot;shutter_speed&quot;:&quot;0&quot;,&quot;title&quot;:&quot;&quot;,&quot;orientation&quot;:&quot;0&quot;}\" data-image-title=\"Schwarzwald-Amazone-28\" data-image-description=\"\" data-image-caption=\"\" data-large-file=\"https:\/\/i0.wp.com\/www.light-style.eu\/Blog\/wp-content\/uploads\/2019\/07\/Schwarzwald-Amazone-28.jpg?fit=800%2C1200&amp;ssl=1\" data-attachment-id=\"4661\" data-permalink=\"https:\/\/www.light-style.eu\/Blog\/schwarzwald-amazone-28\/\" data-orig-file=\"https:\/\/i0.wp.com\/www.light-style.eu\/Blog\/wp-content\/uploads\/2019\/07\/Schwarzwald-Amazone-28.jpg?fit=800%2C1200&amp;ssl=1\" data-orig-size=\"800,1200\" data-comments-opened=\"1\" data-image-meta=\"{&quot;aperture&quot;:&quot;0&quot;,&quot;credit&quot;:&quot;Fotostudio Light-Style\\rAndi Moel&quot;,&quot;camera&quot;:&quot;&quot;,&quot;caption&quot;:&quot;&quot;,&quot;created_timestamp&quot;:&quot;0&quot;,&quot;copyright&quot;:&quot;www.light-style.eu&quot;,&quot;focal_length&quot;:&quot;0&quot;,&quot;iso&quot;:&quot;0&quot;,&quot;shutter_speed&quot;:&quot;0&quot;,&quot;title&quot;:&quot;&quot;,&quot;orientation&quot;:&quot;0&quot;}\" data-image-title=\"Schwarzwald-Amazone-28\" data-image-description=\"\" data-image-caption=\"\" data-large-file=\"https:\/\/i0.wp.com\/www.light-style.eu\/Blog\/wp-content\/uploads\/2019\/07\/Schwarzwald-Amazone-28.jpg?fit=800%2C1200&amp;ssl=1\" role=\"button\" tabindex=\"0\" aria-label=\"Bild\u00a04 von 15 im Vollbildmodus \u00f6ffnen\"srcset=\"https:\/\/i0.wp.com\/www.light-style.eu\/Blog\/wp-content\/uploads\/2019\/07\/Schwarzwald-Amazone-28.jpg?strip=info&#038;w=600&#038;ssl=1 600w,https:\/\/i0.wp.com\/www.light-style.eu\/Blog\/wp-content\/uploads\/2019\/07\/Schwarzwald-Amazone-28.jpg?strip=info&#038;w=800&#038;ssl=1 800w\" alt=\"\" data-height=\"1200\" data-id=\"4661\" data-link=\"https:\/\/www.light-style.eu\/Blog\/schwarzwald-amazone-28\/\" data-url=\"https:\/\/www.light-style.eu\/Blog\/wp-content\/uploads\/2019\/07\/Schwarzwald-Amazone-28.jpg\" data-width=\"800\" src=\"https:\/\/i0.wp.com\/www.light-style.eu\/Blog\/wp-content\/uploads\/2019\/07\/Schwarzwald-Amazone-28.jpg?ssl=1\"\/><\/a><\/figure><\/div><\/div><div class=\"tiled-gallery__row\"><div class=\"tiled-gallery__col\"><figure class=\"tiled-gallery__item\"><a href=\"https:\/\/www.light-style.eu\/Blog\/schwarzwald-amazone-27\/\"><img decoding=\"async\" data-attachment-id=\"4660\" data-permalink=\"https:\/\/www.light-style.eu\/Blog\/schwarzwald-amazone-27\/\" data-orig-file=\"https:\/\/i0.wp.com\/www.light-style.eu\/Blog\/wp-content\/uploads\/2019\/07\/Schwarzwald-Amazone-27.jpg?fit=800%2C1200&amp;ssl=1\" data-orig-size=\"800,1200\" data-comments-opened=\"1\" data-image-meta=\"{&quot;aperture&quot;:&quot;0&quot;,&quot;credit&quot;:&quot;Fotostudio Light-Style\\rAndi Moel&quot;,&quot;camera&quot;:&quot;&quot;,&quot;caption&quot;:&quot;&quot;,&quot;created_timestamp&quot;:&quot;0&quot;,&quot;copyright&quot;:&quot;www.light-style.eu&quot;,&quot;focal_length&quot;:&quot;0&quot;,&quot;iso&quot;:&quot;0&quot;,&quot;shutter_speed&quot;:&quot;0&quot;,&quot;title&quot;:&quot;&quot;,&quot;orientation&quot;:&quot;0&quot;}\" data-image-title=\"Schwarzwald-Amazone-27\" data-image-description=\"\" data-image-caption=\"\" data-large-file=\"https:\/\/i0.wp.com\/www.light-style.eu\/Blog\/wp-content\/uploads\/2019\/07\/Schwarzwald-Amazone-27.jpg?fit=800%2C1200&amp;ssl=1\" data-attachment-id=\"4660\" data-permalink=\"https:\/\/www.light-style.eu\/Blog\/schwarzwald-amazone-27\/\" data-orig-file=\"https:\/\/i0.wp.com\/www.light-style.eu\/Blog\/wp-content\/uploads\/2019\/07\/Schwarzwald-Amazone-27.jpg?fit=800%2C1200&amp;ssl=1\" data-orig-size=\"800,1200\" data-comments-opened=\"1\" data-image-meta=\"{&quot;aperture&quot;:&quot;0&quot;,&quot;credit&quot;:&quot;Fotostudio Light-Style\\rAndi Moel&quot;,&quot;camera&quot;:&quot;&quot;,&quot;caption&quot;:&quot;&quot;,&quot;created_timestamp&quot;:&quot;0&quot;,&quot;copyright&quot;:&quot;www.light-style.eu&quot;,&quot;focal_length&quot;:&quot;0&quot;,&quot;iso&quot;:&quot;0&quot;,&quot;shutter_speed&quot;:&quot;0&quot;,&quot;title&quot;:&quot;&quot;,&quot;orientation&quot;:&quot;0&quot;}\" data-image-title=\"Schwarzwald-Amazone-27\" data-image-description=\"\" data-image-caption=\"\" data-large-file=\"https:\/\/i0.wp.com\/www.light-style.eu\/Blog\/wp-content\/uploads\/2019\/07\/Schwarzwald-Amazone-27.jpg?fit=800%2C1200&amp;ssl=1\" role=\"button\" tabindex=\"0\" aria-label=\"Bild\u00a05 von 15 im Vollbildmodus \u00f6ffnen\"srcset=\"https:\/\/i1.wp.com\/www.light-style.eu\/Blog\/wp-content\/uploads\/2019\/07\/Schwarzwald-Amazone-27.jpg?strip=info&#038;w=600&#038;ssl=1 600w,https:\/\/i1.wp.com\/www.light-style.eu\/Blog\/wp-content\/uploads\/2019\/07\/Schwarzwald-Amazone-27.jpg?strip=info&#038;w=800&#038;ssl=1 800w\" alt=\"\" data-height=\"1200\" data-id=\"4660\" data-link=\"https:\/\/www.light-style.eu\/Blog\/schwarzwald-amazone-27\/\" data-url=\"https:\/\/www.light-style.eu\/Blog\/wp-content\/uploads\/2019\/07\/Schwarzwald-Amazone-27.jpg\" data-width=\"800\" src=\"https:\/\/i1.wp.com\/www.light-style.eu\/Blog\/wp-content\/uploads\/2019\/07\/Schwarzwald-Amazone-27.jpg?ssl=1\"\/><\/a><\/figure><\/div><div class=\"tiled-gallery__col\"><figure class=\"tiled-gallery__item\"><a href=\"https:\/\/www.light-style.eu\/Blog\/schwarzwald-amazone-26\/\"><img decoding=\"async\" data-attachment-id=\"4659\" data-permalink=\"https:\/\/www.light-style.eu\/Blog\/schwarzwald-amazone-26\/\" data-orig-file=\"https:\/\/i0.wp.com\/www.light-style.eu\/Blog\/wp-content\/uploads\/2019\/07\/Schwarzwald-Amazone-26.jpg?fit=800%2C1200&amp;ssl=1\" data-orig-size=\"800,1200\" data-comments-opened=\"1\" data-image-meta=\"{&quot;aperture&quot;:&quot;0&quot;,&quot;credit&quot;:&quot;Fotostudio Light-Style\\rAndi Moel&quot;,&quot;camera&quot;:&quot;&quot;,&quot;caption&quot;:&quot;&quot;,&quot;created_timestamp&quot;:&quot;0&quot;,&quot;copyright&quot;:&quot;www.light-style.eu&quot;,&quot;focal_length&quot;:&quot;0&quot;,&quot;iso&quot;:&quot;0&quot;,&quot;shutter_speed&quot;:&quot;0&quot;,&quot;title&quot;:&quot;&quot;,&quot;orientation&quot;:&quot;0&quot;}\" data-image-title=\"Schwarzwald-Amazone-26\" data-image-description=\"\" data-image-caption=\"\" data-large-file=\"https:\/\/i0.wp.com\/www.light-style.eu\/Blog\/wp-content\/uploads\/2019\/07\/Schwarzwald-Amazone-26.jpg?fit=800%2C1200&amp;ssl=1\" data-attachment-id=\"4659\" data-permalink=\"https:\/\/www.light-style.eu\/Blog\/schwarzwald-amazone-26\/\" data-orig-file=\"https:\/\/i0.wp.com\/www.light-style.eu\/Blog\/wp-content\/uploads\/2019\/07\/Schwarzwald-Amazone-26.jpg?fit=800%2C1200&amp;ssl=1\" data-orig-size=\"800,1200\" data-comments-opened=\"1\" data-image-meta=\"{&quot;aperture&quot;:&quot;0&quot;,&quot;credit&quot;:&quot;Fotostudio Light-Style\\rAndi Moel&quot;,&quot;camera&quot;:&quot;&quot;,&quot;caption&quot;:&quot;&quot;,&quot;created_timestamp&quot;:&quot;0&quot;,&quot;copyright&quot;:&quot;www.light-style.eu&quot;,&quot;focal_length&quot;:&quot;0&quot;,&quot;iso&quot;:&quot;0&quot;,&quot;shutter_speed&quot;:&quot;0&quot;,&quot;title&quot;:&quot;&quot;,&quot;orientation&quot;:&quot;0&quot;}\" data-image-title=\"Schwarzwald-Amazone-26\" data-image-description=\"\" data-image-caption=\"\" data-large-file=\"https:\/\/i0.wp.com\/www.light-style.eu\/Blog\/wp-content\/uploads\/2019\/07\/Schwarzwald-Amazone-26.jpg?fit=800%2C1200&amp;ssl=1\" role=\"button\" tabindex=\"0\" aria-label=\"Bild\u00a06 von 15 im Vollbildmodus \u00f6ffnen\"srcset=\"https:\/\/i1.wp.com\/www.light-style.eu\/Blog\/wp-content\/uploads\/2019\/07\/Schwarzwald-Amazone-26.jpg?strip=info&#038;w=600&#038;ssl=1 600w,https:\/\/i1.wp.com\/www.light-style.eu\/Blog\/wp-content\/uploads\/2019\/07\/Schwarzwald-Amazone-26.jpg?strip=info&#038;w=800&#038;ssl=1 800w\" alt=\"\" data-height=\"1200\" data-id=\"4659\" data-link=\"https:\/\/www.light-style.eu\/Blog\/schwarzwald-amazone-26\/\" data-url=\"https:\/\/www.light-style.eu\/Blog\/wp-content\/uploads\/2019\/07\/Schwarzwald-Amazone-26.jpg\" data-width=\"800\" src=\"https:\/\/i1.wp.com\/www.light-style.eu\/Blog\/wp-content\/uploads\/2019\/07\/Schwarzwald-Amazone-26.jpg?ssl=1\"\/><\/a><\/figure><\/div><div class=\"tiled-gallery__col\"><figure class=\"tiled-gallery__item\"><a href=\"https:\/\/www.light-style.eu\/Blog\/schwarzwald-amazone-25\/\"><img decoding=\"async\" data-attachment-id=\"4658\" data-permalink=\"https:\/\/www.light-style.eu\/Blog\/schwarzwald-amazone-25\/\" data-orig-file=\"https:\/\/i0.wp.com\/www.light-style.eu\/Blog\/wp-content\/uploads\/2019\/07\/Schwarzwald-Amazone-25.jpg?fit=800%2C1200&amp;ssl=1\" data-orig-size=\"800,1200\" data-comments-opened=\"1\" data-image-meta=\"{&quot;aperture&quot;:&quot;0&quot;,&quot;credit&quot;:&quot;Fotostudio Light-Style\\rAndi Moel&quot;,&quot;camera&quot;:&quot;&quot;,&quot;caption&quot;:&quot;&quot;,&quot;created_timestamp&quot;:&quot;0&quot;,&quot;copyright&quot;:&quot;www.light-style.eu&quot;,&quot;focal_length&quot;:&quot;0&quot;,&quot;iso&quot;:&quot;0&quot;,&quot;shutter_speed&quot;:&quot;0&quot;,&quot;title&quot;:&quot;&quot;,&quot;orientation&quot;:&quot;0&quot;}\" data-image-title=\"Schwarzwald-Amazone-25\" data-image-description=\"\" data-image-caption=\"\" data-large-file=\"https:\/\/i0.wp.com\/www.light-style.eu\/Blog\/wp-content\/uploads\/2019\/07\/Schwarzwald-Amazone-25.jpg?fit=800%2C1200&amp;ssl=1\" data-attachment-id=\"4658\" data-permalink=\"https:\/\/www.light-style.eu\/Blog\/schwarzwald-amazone-25\/\" data-orig-file=\"https:\/\/i0.wp.com\/www.light-style.eu\/Blog\/wp-content\/uploads\/2019\/07\/Schwarzwald-Amazone-25.jpg?fit=800%2C1200&amp;ssl=1\" data-orig-size=\"800,1200\" data-comments-opened=\"1\" data-image-meta=\"{&quot;aperture&quot;:&quot;0&quot;,&quot;credit&quot;:&quot;Fotostudio Light-Style\\rAndi Moel&quot;,&quot;camera&quot;:&quot;&quot;,&quot;caption&quot;:&quot;&quot;,&quot;created_timestamp&quot;:&quot;0&quot;,&quot;copyright&quot;:&quot;www.light-style.eu&quot;,&quot;focal_length&quot;:&quot;0&quot;,&quot;iso&quot;:&quot;0&quot;,&quot;shutter_speed&quot;:&quot;0&quot;,&quot;title&quot;:&quot;&quot;,&quot;orientation&quot;:&quot;0&quot;}\" data-image-title=\"Schwarzwald-Amazone-25\" data-image-description=\"\" data-image-caption=\"\" data-large-file=\"https:\/\/i0.wp.com\/www.light-style.eu\/Blog\/wp-content\/uploads\/2019\/07\/Schwarzwald-Amazone-25.jpg?fit=800%2C1200&amp;ssl=1\" role=\"button\" tabindex=\"0\" aria-label=\"Bild\u00a07 von 15 im Vollbildmodus \u00f6ffnen\"srcset=\"https:\/\/i2.wp.com\/www.light-style.eu\/Blog\/wp-content\/uploads\/2019\/07\/Schwarzwald-Amazone-25.jpg?strip=info&#038;w=600&#038;ssl=1 600w,https:\/\/i2.wp.com\/www.light-style.eu\/Blog\/wp-content\/uploads\/2019\/07\/Schwarzwald-Amazone-25.jpg?strip=info&#038;w=800&#038;ssl=1 800w\" alt=\"\" data-height=\"1200\" data-id=\"4658\" data-link=\"https:\/\/www.light-style.eu\/Blog\/schwarzwald-amazone-25\/\" data-url=\"https:\/\/www.light-style.eu\/Blog\/wp-content\/uploads\/2019\/07\/Schwarzwald-Amazone-25.jpg\" data-width=\"800\" src=\"https:\/\/i2.wp.com\/www.light-style.eu\/Blog\/wp-content\/uploads\/2019\/07\/Schwarzwald-Amazone-25.jpg?ssl=1\"\/><\/a><\/figure><\/div><div class=\"tiled-gallery__col\"><figure class=\"tiled-gallery__item\"><a href=\"https:\/\/www.light-style.eu\/Blog\/schwarzwald-amazone-24\/\"><img decoding=\"async\" data-attachment-id=\"4657\" data-permalink=\"https:\/\/www.light-style.eu\/Blog\/schwarzwald-amazone-24\/\" data-orig-file=\"https:\/\/i0.wp.com\/www.light-style.eu\/Blog\/wp-content\/uploads\/2019\/07\/Schwarzwald-Amazone-24.jpg?fit=800%2C1200&amp;ssl=1\" data-orig-size=\"800,1200\" data-comments-opened=\"1\" data-image-meta=\"{&quot;aperture&quot;:&quot;0&quot;,&quot;credit&quot;:&quot;Fotostudio Light-Style\\rAndi Moel&quot;,&quot;camera&quot;:&quot;&quot;,&quot;caption&quot;:&quot;&quot;,&quot;created_timestamp&quot;:&quot;0&quot;,&quot;copyright&quot;:&quot;www.light-style.eu&quot;,&quot;focal_length&quot;:&quot;0&quot;,&quot;iso&quot;:&quot;0&quot;,&quot;shutter_speed&quot;:&quot;0&quot;,&quot;title&quot;:&quot;&quot;,&quot;orientation&quot;:&quot;0&quot;}\" data-image-title=\"Schwarzwald-Amazone-24\" data-image-description=\"\" data-image-caption=\"\" data-large-file=\"https:\/\/i0.wp.com\/www.light-style.eu\/Blog\/wp-content\/uploads\/2019\/07\/Schwarzwald-Amazone-24.jpg?fit=800%2C1200&amp;ssl=1\" data-attachment-id=\"4657\" data-permalink=\"https:\/\/www.light-style.eu\/Blog\/schwarzwald-amazone-24\/\" data-orig-file=\"https:\/\/i0.wp.com\/www.light-style.eu\/Blog\/wp-content\/uploads\/2019\/07\/Schwarzwald-Amazone-24.jpg?fit=800%2C1200&amp;ssl=1\" data-orig-size=\"800,1200\" data-comments-opened=\"1\" data-image-meta=\"{&quot;aperture&quot;:&quot;0&quot;,&quot;credit&quot;:&quot;Fotostudio Light-Style\\rAndi Moel&quot;,&quot;camera&quot;:&quot;&quot;,&quot;caption&quot;:&quot;&quot;,&quot;created_timestamp&quot;:&quot;0&quot;,&quot;copyright&quot;:&quot;www.light-style.eu&quot;,&quot;focal_length&quot;:&quot;0&quot;,&quot;iso&quot;:&quot;0&quot;,&quot;shutter_speed&quot;:&quot;0&quot;,&quot;title&quot;:&quot;&quot;,&quot;orientation&quot;:&quot;0&quot;}\" data-image-title=\"Schwarzwald-Amazone-24\" data-image-description=\"\" data-image-caption=\"\" data-large-file=\"https:\/\/i0.wp.com\/www.light-style.eu\/Blog\/wp-content\/uploads\/2019\/07\/Schwarzwald-Amazone-24.jpg?fit=800%2C1200&amp;ssl=1\" role=\"button\" tabindex=\"0\" aria-label=\"Bild\u00a08 von 15 im Vollbildmodus \u00f6ffnen\"srcset=\"https:\/\/i0.wp.com\/www.light-style.eu\/Blog\/wp-content\/uploads\/2019\/07\/Schwarzwald-Amazone-24.jpg?strip=info&#038;w=600&#038;ssl=1 600w,https:\/\/i0.wp.com\/www.light-style.eu\/Blog\/wp-content\/uploads\/2019\/07\/Schwarzwald-Amazone-24.jpg?strip=info&#038;w=800&#038;ssl=1 800w\" alt=\"\" data-height=\"1200\" data-id=\"4657\" data-link=\"https:\/\/www.light-style.eu\/Blog\/schwarzwald-amazone-24\/\" data-url=\"https:\/\/www.light-style.eu\/Blog\/wp-content\/uploads\/2019\/07\/Schwarzwald-Amazone-24.jpg\" data-width=\"800\" src=\"https:\/\/i0.wp.com\/www.light-style.eu\/Blog\/wp-content\/uploads\/2019\/07\/Schwarzwald-Amazone-24.jpg?ssl=1\"\/><\/a><\/figure><\/div><\/div><div class=\"tiled-gallery__row\"><div class=\"tiled-gallery__col\"><figure class=\"tiled-gallery__item\"><a href=\"https:\/\/www.light-style.eu\/Blog\/schwarzwald-amazone-23\/\"><img decoding=\"async\" data-attachment-id=\"4656\" data-permalink=\"https:\/\/www.light-style.eu\/Blog\/schwarzwald-amazone-23\/\" data-orig-file=\"https:\/\/i0.wp.com\/www.light-style.eu\/Blog\/wp-content\/uploads\/2019\/07\/Schwarzwald-Amazone-23.jpg?fit=1200%2C800&amp;ssl=1\" data-orig-size=\"1200,800\" data-comments-opened=\"1\" data-image-meta=\"{&quot;aperture&quot;:&quot;0&quot;,&quot;credit&quot;:&quot;Fotostudio Light-Style\\rAndi Moel&quot;,&quot;camera&quot;:&quot;&quot;,&quot;caption&quot;:&quot;&quot;,&quot;created_timestamp&quot;:&quot;0&quot;,&quot;copyright&quot;:&quot;www.light-style.eu&quot;,&quot;focal_length&quot;:&quot;0&quot;,&quot;iso&quot;:&quot;0&quot;,&quot;shutter_speed&quot;:&quot;0&quot;,&quot;title&quot;:&quot;&quot;,&quot;orientation&quot;:&quot;0&quot;}\" data-image-title=\"Schwarzwald-Amazone-23\" data-image-description=\"\" data-image-caption=\"\" data-large-file=\"https:\/\/i0.wp.com\/www.light-style.eu\/Blog\/wp-content\/uploads\/2019\/07\/Schwarzwald-Amazone-23.jpg?fit=1170%2C780&amp;ssl=1\" data-attachment-id=\"4656\" data-permalink=\"https:\/\/www.light-style.eu\/Blog\/schwarzwald-amazone-23\/\" data-orig-file=\"https:\/\/i0.wp.com\/www.light-style.eu\/Blog\/wp-content\/uploads\/2019\/07\/Schwarzwald-Amazone-23.jpg?fit=1200%2C800&amp;ssl=1\" data-orig-size=\"1200,800\" data-comments-opened=\"1\" data-image-meta=\"{&quot;aperture&quot;:&quot;0&quot;,&quot;credit&quot;:&quot;Fotostudio Light-Style\\rAndi Moel&quot;,&quot;camera&quot;:&quot;&quot;,&quot;caption&quot;:&quot;&quot;,&quot;created_timestamp&quot;:&quot;0&quot;,&quot;copyright&quot;:&quot;www.light-style.eu&quot;,&quot;focal_length&quot;:&quot;0&quot;,&quot;iso&quot;:&quot;0&quot;,&quot;shutter_speed&quot;:&quot;0&quot;,&quot;title&quot;:&quot;&quot;,&quot;orientation&quot;:&quot;0&quot;}\" data-image-title=\"Schwarzwald-Amazone-23\" data-image-description=\"\" data-image-caption=\"\" data-large-file=\"https:\/\/i0.wp.com\/www.light-style.eu\/Blog\/wp-content\/uploads\/2019\/07\/Schwarzwald-Amazone-23.jpg?fit=1170%2C780&amp;ssl=1\" role=\"button\" tabindex=\"0\" aria-label=\"Bild\u00a09 von 15 im Vollbildmodus \u00f6ffnen\"srcset=\"https:\/\/i1.wp.com\/www.light-style.eu\/Blog\/wp-content\/uploads\/2019\/07\/Schwarzwald-Amazone-23.jpg?strip=info&#038;w=600&#038;ssl=1 600w,https:\/\/i1.wp.com\/www.light-style.eu\/Blog\/wp-content\/uploads\/2019\/07\/Schwarzwald-Amazone-23.jpg?strip=info&#038;w=900&#038;ssl=1 900w,https:\/\/i1.wp.com\/www.light-style.eu\/Blog\/wp-content\/uploads\/2019\/07\/Schwarzwald-Amazone-23.jpg?strip=info&#038;w=1200&#038;ssl=1 1200w\" alt=\"\" data-height=\"800\" data-id=\"4656\" data-link=\"https:\/\/www.light-style.eu\/Blog\/schwarzwald-amazone-23\/\" data-url=\"https:\/\/www.light-style.eu\/Blog\/wp-content\/uploads\/2019\/07\/Schwarzwald-Amazone-23.jpg\" data-width=\"1200\" src=\"https:\/\/i1.wp.com\/www.light-style.eu\/Blog\/wp-content\/uploads\/2019\/07\/Schwarzwald-Amazone-23.jpg?ssl=1\"\/><\/a><\/figure><\/div><div class=\"tiled-gallery__col\"><figure class=\"tiled-gallery__item\"><a href=\"https:\/\/www.light-style.eu\/Blog\/schwarzwald-amazone-22\/\"><img decoding=\"async\" data-attachment-id=\"4655\" data-permalink=\"https:\/\/www.light-style.eu\/Blog\/schwarzwald-amazone-22\/\" data-orig-file=\"https:\/\/i0.wp.com\/www.light-style.eu\/Blog\/wp-content\/uploads\/2019\/07\/Schwarzwald-Amazone-22.jpg?fit=800%2C1200&amp;ssl=1\" data-orig-size=\"800,1200\" data-comments-opened=\"1\" data-image-meta=\"{&quot;aperture&quot;:&quot;0&quot;,&quot;credit&quot;:&quot;Fotostudio Light-Style\\rAndi Moel&quot;,&quot;camera&quot;:&quot;&quot;,&quot;caption&quot;:&quot;&quot;,&quot;created_timestamp&quot;:&quot;0&quot;,&quot;copyright&quot;:&quot;www.light-style.eu&quot;,&quot;focal_length&quot;:&quot;0&quot;,&quot;iso&quot;:&quot;0&quot;,&quot;shutter_speed&quot;:&quot;0&quot;,&quot;title&quot;:&quot;&quot;,&quot;orientation&quot;:&quot;0&quot;}\" data-image-title=\"Schwarzwald-Amazone-22\" data-image-description=\"\" data-image-caption=\"\" data-large-file=\"https:\/\/i0.wp.com\/www.light-style.eu\/Blog\/wp-content\/uploads\/2019\/07\/Schwarzwald-Amazone-22.jpg?fit=800%2C1200&amp;ssl=1\" data-attachment-id=\"4655\" data-permalink=\"https:\/\/www.light-style.eu\/Blog\/schwarzwald-amazone-22\/\" data-orig-file=\"https:\/\/i0.wp.com\/www.light-style.eu\/Blog\/wp-content\/uploads\/2019\/07\/Schwarzwald-Amazone-22.jpg?fit=800%2C1200&amp;ssl=1\" data-orig-size=\"800,1200\" data-comments-opened=\"1\" data-image-meta=\"{&quot;aperture&quot;:&quot;0&quot;,&quot;credit&quot;:&quot;Fotostudio Light-Style\\rAndi Moel&quot;,&quot;camera&quot;:&quot;&quot;,&quot;caption&quot;:&quot;&quot;,&quot;created_timestamp&quot;:&quot;0&quot;,&quot;copyright&quot;:&quot;www.light-style.eu&quot;,&quot;focal_length&quot;:&quot;0&quot;,&quot;iso&quot;:&quot;0&quot;,&quot;shutter_speed&quot;:&quot;0&quot;,&quot;title&quot;:&quot;&quot;,&quot;orientation&quot;:&quot;0&quot;}\" data-image-title=\"Schwarzwald-Amazone-22\" data-image-description=\"\" data-image-caption=\"\" data-large-file=\"https:\/\/i0.wp.com\/www.light-style.eu\/Blog\/wp-content\/uploads\/2019\/07\/Schwarzwald-Amazone-22.jpg?fit=800%2C1200&amp;ssl=1\" role=\"button\" tabindex=\"0\" aria-label=\"Bild\u00a010 von 15 im Vollbildmodus \u00f6ffnen\"srcset=\"https:\/\/i1.wp.com\/www.light-style.eu\/Blog\/wp-content\/uploads\/2019\/07\/Schwarzwald-Amazone-22.jpg?strip=info&#038;w=600&#038;ssl=1 600w,https:\/\/i1.wp.com\/www.light-style.eu\/Blog\/wp-content\/uploads\/2019\/07\/Schwarzwald-Amazone-22.jpg?strip=info&#038;w=800&#038;ssl=1 800w\" alt=\"\" data-height=\"1200\" data-id=\"4655\" data-link=\"https:\/\/www.light-style.eu\/Blog\/schwarzwald-amazone-22\/\" data-url=\"https:\/\/www.light-style.eu\/Blog\/wp-content\/uploads\/2019\/07\/Schwarzwald-Amazone-22.jpg\" data-width=\"800\" src=\"https:\/\/i1.wp.com\/www.light-style.eu\/Blog\/wp-content\/uploads\/2019\/07\/Schwarzwald-Amazone-22.jpg?ssl=1\"\/><\/a><\/figure><\/div><\/div><div class=\"tiled-gallery__row\"><div class=\"tiled-gallery__col\"><figure class=\"tiled-gallery__item\"><a href=\"https:\/\/www.light-style.eu\/Blog\/schwarzwald-amazone-21\/\"><img decoding=\"async\" data-attachment-id=\"4654\" data-permalink=\"https:\/\/www.light-style.eu\/Blog\/schwarzwald-amazone-21\/\" data-orig-file=\"https:\/\/i0.wp.com\/www.light-style.eu\/Blog\/wp-content\/uploads\/2019\/07\/Schwarzwald-Amazone-21.jpg?fit=800%2C1200&amp;ssl=1\" data-orig-size=\"800,1200\" data-comments-opened=\"1\" data-image-meta=\"{&quot;aperture&quot;:&quot;0&quot;,&quot;credit&quot;:&quot;Fotostudio Light-Style\\rAndi Moel&quot;,&quot;camera&quot;:&quot;&quot;,&quot;caption&quot;:&quot;&quot;,&quot;created_timestamp&quot;:&quot;0&quot;,&quot;copyright&quot;:&quot;www.light-style.eu&quot;,&quot;focal_length&quot;:&quot;0&quot;,&quot;iso&quot;:&quot;0&quot;,&quot;shutter_speed&quot;:&quot;0&quot;,&quot;title&quot;:&quot;&quot;,&quot;orientation&quot;:&quot;0&quot;}\" data-image-title=\"Schwarzwald-Amazone-21\" data-image-description=\"\" data-image-caption=\"\" data-large-file=\"https:\/\/i0.wp.com\/www.light-style.eu\/Blog\/wp-content\/uploads\/2019\/07\/Schwarzwald-Amazone-21.jpg?fit=800%2C1200&amp;ssl=1\" data-attachment-id=\"4654\" data-permalink=\"https:\/\/www.light-style.eu\/Blog\/schwarzwald-amazone-21\/\" data-orig-file=\"https:\/\/i0.wp.com\/www.light-style.eu\/Blog\/wp-content\/uploads\/2019\/07\/Schwarzwald-Amazone-21.jpg?fit=800%2C1200&amp;ssl=1\" data-orig-size=\"800,1200\" data-comments-opened=\"1\" data-image-meta=\"{&quot;aperture&quot;:&quot;0&quot;,&quot;credit&quot;:&quot;Fotostudio Light-Style\\rAndi Moel&quot;,&quot;camera&quot;:&quot;&quot;,&quot;caption&quot;:&quot;&quot;,&quot;created_timestamp&quot;:&quot;0&quot;,&quot;copyright&quot;:&quot;www.light-style.eu&quot;,&quot;focal_length&quot;:&quot;0&quot;,&quot;iso&quot;:&quot;0&quot;,&quot;shutter_speed&quot;:&quot;0&quot;,&quot;title&quot;:&quot;&quot;,&quot;orientation&quot;:&quot;0&quot;}\" data-image-title=\"Schwarzwald-Amazone-21\" data-image-description=\"\" data-image-caption=\"\" data-large-file=\"https:\/\/i0.wp.com\/www.light-style.eu\/Blog\/wp-content\/uploads\/2019\/07\/Schwarzwald-Amazone-21.jpg?fit=800%2C1200&amp;ssl=1\" role=\"button\" tabindex=\"0\" aria-label=\"Bild\u00a011 von 15 im Vollbildmodus \u00f6ffnen\"srcset=\"https:\/\/i1.wp.com\/www.light-style.eu\/Blog\/wp-content\/uploads\/2019\/07\/Schwarzwald-Amazone-21.jpg?strip=info&#038;w=600&#038;ssl=1 600w,https:\/\/i1.wp.com\/www.light-style.eu\/Blog\/wp-content\/uploads\/2019\/07\/Schwarzwald-Amazone-21.jpg?strip=info&#038;w=800&#038;ssl=1 800w\" alt=\"\" data-height=\"1200\" data-id=\"4654\" data-link=\"https:\/\/www.light-style.eu\/Blog\/schwarzwald-amazone-21\/\" data-url=\"https:\/\/www.light-style.eu\/Blog\/wp-content\/uploads\/2019\/07\/Schwarzwald-Amazone-21.jpg\" data-width=\"800\" src=\"https:\/\/i1.wp.com\/www.light-style.eu\/Blog\/wp-content\/uploads\/2019\/07\/Schwarzwald-Amazone-21.jpg?ssl=1\"\/><\/a><\/figure><\/div><div class=\"tiled-gallery__col\"><figure class=\"tiled-gallery__item\"><a href=\"https:\/\/www.light-style.eu\/Blog\/schwarzwald-amazone-20\/\"><img decoding=\"async\" data-attachment-id=\"4653\" data-permalink=\"https:\/\/www.light-style.eu\/Blog\/schwarzwald-amazone-20\/\" data-orig-file=\"https:\/\/i0.wp.com\/www.light-style.eu\/Blog\/wp-content\/uploads\/2019\/07\/Schwarzwald-Amazone-20.jpg?fit=1200%2C800&amp;ssl=1\" data-orig-size=\"1200,800\" data-comments-opened=\"1\" data-image-meta=\"{&quot;aperture&quot;:&quot;0&quot;,&quot;credit&quot;:&quot;Fotostudio Light-Style\\rAndi Moel&quot;,&quot;camera&quot;:&quot;&quot;,&quot;caption&quot;:&quot;&quot;,&quot;created_timestamp&quot;:&quot;0&quot;,&quot;copyright&quot;:&quot;www.light-style.eu&quot;,&quot;focal_length&quot;:&quot;0&quot;,&quot;iso&quot;:&quot;0&quot;,&quot;shutter_speed&quot;:&quot;0&quot;,&quot;title&quot;:&quot;&quot;,&quot;orientation&quot;:&quot;0&quot;}\" data-image-title=\"Schwarzwald-Amazone-20\" data-image-description=\"\" data-image-caption=\"\" data-large-file=\"https:\/\/i0.wp.com\/www.light-style.eu\/Blog\/wp-content\/uploads\/2019\/07\/Schwarzwald-Amazone-20.jpg?fit=1170%2C780&amp;ssl=1\" data-attachment-id=\"4653\" data-permalink=\"https:\/\/www.light-style.eu\/Blog\/schwarzwald-amazone-20\/\" data-orig-file=\"https:\/\/i0.wp.com\/www.light-style.eu\/Blog\/wp-content\/uploads\/2019\/07\/Schwarzwald-Amazone-20.jpg?fit=1200%2C800&amp;ssl=1\" data-orig-size=\"1200,800\" data-comments-opened=\"1\" data-image-meta=\"{&quot;aperture&quot;:&quot;0&quot;,&quot;credit&quot;:&quot;Fotostudio Light-Style\\rAndi Moel&quot;,&quot;camera&quot;:&quot;&quot;,&quot;caption&quot;:&quot;&quot;,&quot;created_timestamp&quot;:&quot;0&quot;,&quot;copyright&quot;:&quot;www.light-style.eu&quot;,&quot;focal_length&quot;:&quot;0&quot;,&quot;iso&quot;:&quot;0&quot;,&quot;shutter_speed&quot;:&quot;0&quot;,&quot;title&quot;:&quot;&quot;,&quot;orientation&quot;:&quot;0&quot;}\" data-image-title=\"Schwarzwald-Amazone-20\" data-image-description=\"\" data-image-caption=\"\" data-large-file=\"https:\/\/i0.wp.com\/www.light-style.eu\/Blog\/wp-content\/uploads\/2019\/07\/Schwarzwald-Amazone-20.jpg?fit=1170%2C780&amp;ssl=1\" role=\"button\" tabindex=\"0\" aria-label=\"Bild\u00a012 von 15 im Vollbildmodus \u00f6ffnen\"srcset=\"https:\/\/i0.wp.com\/www.light-style.eu\/Blog\/wp-content\/uploads\/2019\/07\/Schwarzwald-Amazone-20.jpg?strip=info&#038;w=600&#038;ssl=1 600w,https:\/\/i0.wp.com\/www.light-style.eu\/Blog\/wp-content\/uploads\/2019\/07\/Schwarzwald-Amazone-20.jpg?strip=info&#038;w=900&#038;ssl=1 900w,https:\/\/i0.wp.com\/www.light-style.eu\/Blog\/wp-content\/uploads\/2019\/07\/Schwarzwald-Amazone-20.jpg?strip=info&#038;w=1200&#038;ssl=1 1200w\" alt=\"\" data-height=\"800\" data-id=\"4653\" data-link=\"https:\/\/www.light-style.eu\/Blog\/schwarzwald-amazone-20\/\" data-url=\"https:\/\/www.light-style.eu\/Blog\/wp-content\/uploads\/2019\/07\/Schwarzwald-Amazone-20.jpg\" data-width=\"1200\" src=\"https:\/\/i0.wp.com\/www.light-style.eu\/Blog\/wp-content\/uploads\/2019\/07\/Schwarzwald-Amazone-20.jpg?ssl=1\"\/><\/a><\/figure><\/div><div class=\"tiled-gallery__col\"><figure class=\"tiled-gallery__item\"><a href=\"https:\/\/www.light-style.eu\/Blog\/schwarzwald-amazone-19\/\"><img decoding=\"async\" data-attachment-id=\"4652\" data-permalink=\"https:\/\/www.light-style.eu\/Blog\/schwarzwald-amazone-19\/\" data-orig-file=\"https:\/\/i0.wp.com\/www.light-style.eu\/Blog\/wp-content\/uploads\/2019\/07\/Schwarzwald-Amazone-19.jpg?fit=800%2C1200&amp;ssl=1\" data-orig-size=\"800,1200\" data-comments-opened=\"1\" data-image-meta=\"{&quot;aperture&quot;:&quot;0&quot;,&quot;credit&quot;:&quot;Fotostudio Light-Style\\rAndi Moel&quot;,&quot;camera&quot;:&quot;&quot;,&quot;caption&quot;:&quot;&quot;,&quot;created_timestamp&quot;:&quot;0&quot;,&quot;copyright&quot;:&quot;www.light-style.eu&quot;,&quot;focal_length&quot;:&quot;0&quot;,&quot;iso&quot;:&quot;0&quot;,&quot;shutter_speed&quot;:&quot;0&quot;,&quot;title&quot;:&quot;&quot;,&quot;orientation&quot;:&quot;0&quot;}\" data-image-title=\"Schwarzwald-Amazone-19\" data-image-description=\"\" data-image-caption=\"\" data-large-file=\"https:\/\/i0.wp.com\/www.light-style.eu\/Blog\/wp-content\/uploads\/2019\/07\/Schwarzwald-Amazone-19.jpg?fit=800%2C1200&amp;ssl=1\" data-attachment-id=\"4652\" data-permalink=\"https:\/\/www.light-style.eu\/Blog\/schwarzwald-amazone-19\/\" data-orig-file=\"https:\/\/i0.wp.com\/www.light-style.eu\/Blog\/wp-content\/uploads\/2019\/07\/Schwarzwald-Amazone-19.jpg?fit=800%2C1200&amp;ssl=1\" data-orig-size=\"800,1200\" data-comments-opened=\"1\" data-image-meta=\"{&quot;aperture&quot;:&quot;0&quot;,&quot;credit&quot;:&quot;Fotostudio Light-Style\\rAndi Moel&quot;,&quot;camera&quot;:&quot;&quot;,&quot;caption&quot;:&quot;&quot;,&quot;created_timestamp&quot;:&quot;0&quot;,&quot;copyright&quot;:&quot;www.light-style.eu&quot;,&quot;focal_length&quot;:&quot;0&quot;,&quot;iso&quot;:&quot;0&quot;,&quot;shutter_speed&quot;:&quot;0&quot;,&quot;title&quot;:&quot;&quot;,&quot;orientation&quot;:&quot;0&quot;}\" data-image-title=\"Schwarzwald-Amazone-19\" data-image-description=\"\" data-image-caption=\"\" data-large-file=\"https:\/\/i0.wp.com\/www.light-style.eu\/Blog\/wp-content\/uploads\/2019\/07\/Schwarzwald-Amazone-19.jpg?fit=800%2C1200&amp;ssl=1\" role=\"button\" tabindex=\"0\" aria-label=\"Bild\u00a013 von 15 im Vollbildmodus \u00f6ffnen\"srcset=\"https:\/\/i0.wp.com\/www.light-style.eu\/Blog\/wp-content\/uploads\/2019\/07\/Schwarzwald-Amazone-19.jpg?strip=info&#038;w=600&#038;ssl=1 600w,https:\/\/i0.wp.com\/www.light-style.eu\/Blog\/wp-content\/uploads\/2019\/07\/Schwarzwald-Amazone-19.jpg?strip=info&#038;w=800&#038;ssl=1 800w\" alt=\"\" data-height=\"1200\" data-id=\"4652\" data-link=\"https:\/\/www.light-style.eu\/Blog\/schwarzwald-amazone-19\/\" data-url=\"https:\/\/www.light-style.eu\/Blog\/wp-content\/uploads\/2019\/07\/Schwarzwald-Amazone-19.jpg\" data-width=\"800\" src=\"https:\/\/i0.wp.com\/www.light-style.eu\/Blog\/wp-content\/uploads\/2019\/07\/Schwarzwald-Amazone-19.jpg?ssl=1\"\/><\/a><\/figure><\/div><\/div><div class=\"tiled-gallery__row\"><div class=\"tiled-gallery__col\"><figure class=\"tiled-gallery__item\"><a href=\"https:\/\/www.light-style.eu\/Blog\/schwarzwald-amazone-18\/\"><img decoding=\"async\" data-attachment-id=\"4651\" data-permalink=\"https:\/\/www.light-style.eu\/Blog\/schwarzwald-amazone-18\/\" data-orig-file=\"https:\/\/i0.wp.com\/www.light-style.eu\/Blog\/wp-content\/uploads\/2019\/07\/Schwarzwald-Amazone-18.jpg?fit=800%2C1200&amp;ssl=1\" data-orig-size=\"800,1200\" data-comments-opened=\"1\" data-image-meta=\"{&quot;aperture&quot;:&quot;0&quot;,&quot;credit&quot;:&quot;Fotostudio Light-Style\\rAndi Moel&quot;,&quot;camera&quot;:&quot;&quot;,&quot;caption&quot;:&quot;&quot;,&quot;created_timestamp&quot;:&quot;0&quot;,&quot;copyright&quot;:&quot;www.light-style.eu&quot;,&quot;focal_length&quot;:&quot;0&quot;,&quot;iso&quot;:&quot;0&quot;,&quot;shutter_speed&quot;:&quot;0&quot;,&quot;title&quot;:&quot;&quot;,&quot;orientation&quot;:&quot;0&quot;}\" data-image-title=\"Schwarzwald-Amazone-18\" data-image-description=\"\" data-image-caption=\"\" data-large-file=\"https:\/\/i0.wp.com\/www.light-style.eu\/Blog\/wp-content\/uploads\/2019\/07\/Schwarzwald-Amazone-18.jpg?fit=800%2C1200&amp;ssl=1\" data-attachment-id=\"4651\" data-permalink=\"https:\/\/www.light-style.eu\/Blog\/schwarzwald-amazone-18\/\" data-orig-file=\"https:\/\/i0.wp.com\/www.light-style.eu\/Blog\/wp-content\/uploads\/2019\/07\/Schwarzwald-Amazone-18.jpg?fit=800%2C1200&amp;ssl=1\" data-orig-size=\"800,1200\" data-comments-opened=\"1\" data-image-meta=\"{&quot;aperture&quot;:&quot;0&quot;,&quot;credit&quot;:&quot;Fotostudio Light-Style\\rAndi Moel&quot;,&quot;camera&quot;:&quot;&quot;,&quot;caption&quot;:&quot;&quot;,&quot;created_timestamp&quot;:&quot;0&quot;,&quot;copyright&quot;:&quot;www.light-style.eu&quot;,&quot;focal_length&quot;:&quot;0&quot;,&quot;iso&quot;:&quot;0&quot;,&quot;shutter_speed&quot;:&quot;0&quot;,&quot;title&quot;:&quot;&quot;,&quot;orientation&quot;:&quot;0&quot;}\" data-image-title=\"Schwarzwald-Amazone-18\" data-image-description=\"\" data-image-caption=\"\" data-large-file=\"https:\/\/i0.wp.com\/www.light-style.eu\/Blog\/wp-content\/uploads\/2019\/07\/Schwarzwald-Amazone-18.jpg?fit=800%2C1200&amp;ssl=1\" role=\"button\" tabindex=\"0\" aria-label=\"Bild\u00a014 von 15 im Vollbildmodus \u00f6ffnen\"srcset=\"https:\/\/i0.wp.com\/www.light-style.eu\/Blog\/wp-content\/uploads\/2019\/07\/Schwarzwald-Amazone-18.jpg?strip=info&#038;w=600&#038;ssl=1 600w,https:\/\/i0.wp.com\/www.light-style.eu\/Blog\/wp-content\/uploads\/2019\/07\/Schwarzwald-Amazone-18.jpg?strip=info&#038;w=800&#038;ssl=1 800w\" alt=\"\" data-height=\"1200\" data-id=\"4651\" data-link=\"https:\/\/www.light-style.eu\/Blog\/schwarzwald-amazone-18\/\" data-url=\"https:\/\/www.light-style.eu\/Blog\/wp-content\/uploads\/2019\/07\/Schwarzwald-Amazone-18.jpg\" data-width=\"800\" src=\"https:\/\/i0.wp.com\/www.light-style.eu\/Blog\/wp-content\/uploads\/2019\/07\/Schwarzwald-Amazone-18.jpg?ssl=1\"\/><\/a><\/figure><\/div><div class=\"tiled-gallery__col\"><figure class=\"tiled-gallery__item\"><a href=\"https:\/\/www.light-style.eu\/Blog\/schwarzwald-amazone-17\/\"><img decoding=\"async\" data-attachment-id=\"4650\" data-permalink=\"https:\/\/www.light-style.eu\/Blog\/schwarzwald-amazone-17\/\" data-orig-file=\"https:\/\/i0.wp.com\/www.light-style.eu\/Blog\/wp-content\/uploads\/2019\/07\/Schwarzwald-Amazone-17.jpg?fit=800%2C1200&amp;ssl=1\" data-orig-size=\"800,1200\" data-comments-opened=\"1\" data-image-meta=\"{&quot;aperture&quot;:&quot;0&quot;,&quot;credit&quot;:&quot;Fotostudio Light-Style\\rAndi Moel&quot;,&quot;camera&quot;:&quot;&quot;,&quot;caption&quot;:&quot;&quot;,&quot;created_timestamp&quot;:&quot;0&quot;,&quot;copyright&quot;:&quot;www.light-style.eu&quot;,&quot;focal_length&quot;:&quot;0&quot;,&quot;iso&quot;:&quot;0&quot;,&quot;shutter_speed&quot;:&quot;0&quot;,&quot;title&quot;:&quot;&quot;,&quot;orientation&quot;:&quot;0&quot;}\" data-image-title=\"Schwarzwald-Amazone-17\" data-image-description=\"\" data-image-caption=\"\" data-large-file=\"https:\/\/i0.wp.com\/www.light-style.eu\/Blog\/wp-content\/uploads\/2019\/07\/Schwarzwald-Amazone-17.jpg?fit=800%2C1200&amp;ssl=1\" data-attachment-id=\"4650\" data-permalink=\"https:\/\/www.light-style.eu\/Blog\/schwarzwald-amazone-17\/\" data-orig-file=\"https:\/\/i0.wp.com\/www.light-style.eu\/Blog\/wp-content\/uploads\/2019\/07\/Schwarzwald-Amazone-17.jpg?fit=800%2C1200&amp;ssl=1\" data-orig-size=\"800,1200\" data-comments-opened=\"1\" data-image-meta=\"{&quot;aperture&quot;:&quot;0&quot;,&quot;credit&quot;:&quot;Fotostudio Light-Style\\rAndi Moel&quot;,&quot;camera&quot;:&quot;&quot;,&quot;caption&quot;:&quot;&quot;,&quot;created_timestamp&quot;:&quot;0&quot;,&quot;copyright&quot;:&quot;www.light-style.eu&quot;,&quot;focal_length&quot;:&quot;0&quot;,&quot;iso&quot;:&quot;0&quot;,&quot;shutter_speed&quot;:&quot;0&quot;,&quot;title&quot;:&quot;&quot;,&quot;orientation&quot;:&quot;0&quot;}\" data-image-title=\"Schwarzwald-Amazone-17\" data-image-description=\"\" data-image-caption=\"\" data-large-file=\"https:\/\/i0.wp.com\/www.light-style.eu\/Blog\/wp-content\/uploads\/2019\/07\/Schwarzwald-Amazone-17.jpg?fit=800%2C1200&amp;ssl=1\" role=\"button\" tabindex=\"0\" aria-label=\"Bild\u00a015 von 15 im Vollbildmodus \u00f6ffnen\"srcset=\"https:\/\/i2.wp.com\/www.light-style.eu\/Blog\/wp-content\/uploads\/2019\/07\/Schwarzwald-Amazone-17.jpg?strip=info&#038;w=600&#038;ssl=1 600w,https:\/\/i2.wp.com\/www.light-style.eu\/Blog\/wp-content\/uploads\/2019\/07\/Schwarzwald-Amazone-17.jpg?strip=info&#038;w=800&#038;ssl=1 800w\" alt=\"\" data-height=\"1200\" data-id=\"4650\" data-link=\"https:\/\/www.light-style.eu\/Blog\/schwarzwald-amazone-17\/\" data-url=\"https:\/\/www.light-style.eu\/Blog\/wp-content\/uploads\/2019\/07\/Schwarzwald-Amazone-17.jpg\" data-width=\"800\" src=\"https:\/\/i2.wp.com\/www.light-style.eu\/Blog\/wp-content\/uploads\/2019\/07\/Schwarzwald-Amazone-17.jpg?ssl=1\"\/><\/a><\/figure><\/div><\/div><\/div><\/div>\n\n\n\n<p>Die Locations f\u00fcr die Fotos haben wir die ersten Tage auf unseren Wanderungen entdeckt. Eigentlich h\u00e4tte man die Fotos dort fast \u00fcberall machen k\u00f6nnen, einfach urig und wild. Aber als ich dann den Schleier Wasserfall entdeckte war es ganz klar, hier muss geshootet werden \ud83d\ude09  Franka ist kein Model sondern  meine Freundin und mittlerweile Assistentin und Second Shooter, bei z.B. Hochzeiten. Aber sie muss gelegentlich, als Model herhalten \ud83d\ude09 Und sie hat Spa\u00df daran, und das ist das Wichtigste. Was ich damit sagen will, man muss nicht perfekt das modeln beherrschen, um sau-coole Fotos zu bekommen<\/p>\n\n\n\n<p>Heftig war aber die Schlepperei, welche wir bew\u00e4ltigen mussten um die Ausr\u00fcstung zu den Shooting-Pl\u00e4tzen zu bekommen, vor Allem auf dem R\u00fcckweg, der war dann n\u00e4mlich bergauf . Aber die Anstrengung hat sich gelohnt. <\/p>\n\n\n\n<div class=\"wp-block-jetpack-tiled-gallery aligncenter is-style-rectangular\"><div class=\"tiled-gallery__gallery\"><div class=\"tiled-gallery__row\"><div class=\"tiled-gallery__col\"><figure class=\"tiled-gallery__item\"><a href=\"https:\/\/www.light-style.eu\/Blog\/making-of-handybild-1\/\"><img decoding=\"async\" data-attachment-id=\"4665\" data-permalink=\"https:\/\/www.light-style.eu\/Blog\/making-of-handybild-1\/\" data-orig-file=\"https:\/\/i0.wp.com\/www.light-style.eu\/Blog\/wp-content\/uploads\/2019\/07\/Making-of-Handybild-1.jpg?fit=1200%2C899&amp;ssl=1\" data-orig-size=\"1200,899\" data-comments-opened=\"1\" data-image-meta=\"{&quot;aperture&quot;:&quot;0&quot;,&quot;credit&quot;:&quot;&quot;,&quot;camera&quot;:&quot;&quot;,&quot;caption&quot;:&quot;&quot;,&quot;created_timestamp&quot;:&quot;0&quot;,&quot;copyright&quot;:&quot;&quot;,&quot;focal_length&quot;:&quot;0&quot;,&quot;iso&quot;:&quot;0&quot;,&quot;shutter_speed&quot;:&quot;0&quot;,&quot;title&quot;:&quot;&quot;,&quot;orientation&quot;:&quot;0&quot;}\" data-image-title=\"Making of-Handybild-1\" data-image-description=\"\" data-image-caption=\"\" data-large-file=\"https:\/\/i0.wp.com\/www.light-style.eu\/Blog\/wp-content\/uploads\/2019\/07\/Making-of-Handybild-1.jpg?fit=1170%2C877&amp;ssl=1\" data-attachment-id=\"4665\" data-permalink=\"https:\/\/www.light-style.eu\/Blog\/making-of-handybild-1\/\" data-orig-file=\"https:\/\/i0.wp.com\/www.light-style.eu\/Blog\/wp-content\/uploads\/2019\/07\/Making-of-Handybild-1.jpg?fit=1200%2C899&amp;ssl=1\" data-orig-size=\"1200,899\" data-comments-opened=\"1\" data-image-meta=\"{&quot;aperture&quot;:&quot;0&quot;,&quot;credit&quot;:&quot;&quot;,&quot;camera&quot;:&quot;&quot;,&quot;caption&quot;:&quot;&quot;,&quot;created_timestamp&quot;:&quot;0&quot;,&quot;copyright&quot;:&quot;&quot;,&quot;focal_length&quot;:&quot;0&quot;,&quot;iso&quot;:&quot;0&quot;,&quot;shutter_speed&quot;:&quot;0&quot;,&quot;title&quot;:&quot;&quot;,&quot;orientation&quot;:&quot;0&quot;}\" data-image-title=\"Making of-Handybild-1\" data-image-description=\"\" data-image-caption=\"\" data-large-file=\"https:\/\/i0.wp.com\/www.light-style.eu\/Blog\/wp-content\/uploads\/2019\/07\/Making-of-Handybild-1.jpg?fit=1170%2C877&amp;ssl=1\" role=\"button\" tabindex=\"0\" aria-label=\"Bild\u00a01 von 3 im Vollbildmodus \u00f6ffnen\"srcset=\"https:\/\/i0.wp.com\/www.light-style.eu\/Blog\/wp-content\/uploads\/2019\/07\/Making-of-Handybild-1.jpg?strip=info&#038;w=600&#038;ssl=1 600w,https:\/\/i0.wp.com\/www.light-style.eu\/Blog\/wp-content\/uploads\/2019\/07\/Making-of-Handybild-1.jpg?strip=info&#038;w=900&#038;ssl=1 900w,https:\/\/i0.wp.com\/www.light-style.eu\/Blog\/wp-content\/uploads\/2019\/07\/Making-of-Handybild-1.jpg?strip=info&#038;w=1200&#038;ssl=1 1200w\" alt=\"\" data-height=\"899\" data-id=\"4665\" data-link=\"https:\/\/www.light-style.eu\/Blog\/making-of-handybild-1\/\" data-url=\"https:\/\/www.light-style.eu\/Blog\/wp-content\/uploads\/2019\/07\/Making-of-Handybild-1.jpg\" data-width=\"1200\" src=\"https:\/\/i0.wp.com\/www.light-style.eu\/Blog\/wp-content\/uploads\/2019\/07\/Making-of-Handybild-1.jpg?ssl=1\"\/><\/a><\/figure><\/div><div class=\"tiled-gallery__col\"><figure class=\"tiled-gallery__item\"><a href=\"https:\/\/www.light-style.eu\/Blog\/making-of-handybild-2\/\"><img decoding=\"async\" data-attachment-id=\"4666\" data-permalink=\"https:\/\/www.light-style.eu\/Blog\/making-of-handybild-2\/\" data-orig-file=\"https:\/\/i0.wp.com\/www.light-style.eu\/Blog\/wp-content\/uploads\/2019\/07\/Making-of-Handybild-2.jpg?fit=899%2C1200&amp;ssl=1\" data-orig-size=\"899,1200\" data-comments-opened=\"1\" data-image-meta=\"{&quot;aperture&quot;:&quot;0&quot;,&quot;credit&quot;:&quot;&quot;,&quot;camera&quot;:&quot;&quot;,&quot;caption&quot;:&quot;&quot;,&quot;created_timestamp&quot;:&quot;0&quot;,&quot;copyright&quot;:&quot;&quot;,&quot;focal_length&quot;:&quot;0&quot;,&quot;iso&quot;:&quot;0&quot;,&quot;shutter_speed&quot;:&quot;0&quot;,&quot;title&quot;:&quot;&quot;,&quot;orientation&quot;:&quot;0&quot;}\" data-image-title=\"Making of-Handybild-2\" data-image-description=\"\" data-image-caption=\"\" data-large-file=\"https:\/\/i0.wp.com\/www.light-style.eu\/Blog\/wp-content\/uploads\/2019\/07\/Making-of-Handybild-2.jpg?fit=899%2C1200&amp;ssl=1\" data-attachment-id=\"4666\" data-permalink=\"https:\/\/www.light-style.eu\/Blog\/making-of-handybild-2\/\" data-orig-file=\"https:\/\/i0.wp.com\/www.light-style.eu\/Blog\/wp-content\/uploads\/2019\/07\/Making-of-Handybild-2.jpg?fit=899%2C1200&amp;ssl=1\" data-orig-size=\"899,1200\" data-comments-opened=\"1\" data-image-meta=\"{&quot;aperture&quot;:&quot;0&quot;,&quot;credit&quot;:&quot;&quot;,&quot;camera&quot;:&quot;&quot;,&quot;caption&quot;:&quot;&quot;,&quot;created_timestamp&quot;:&quot;0&quot;,&quot;copyright&quot;:&quot;&quot;,&quot;focal_length&quot;:&quot;0&quot;,&quot;iso&quot;:&quot;0&quot;,&quot;shutter_speed&quot;:&quot;0&quot;,&quot;title&quot;:&quot;&quot;,&quot;orientation&quot;:&quot;0&quot;}\" data-image-title=\"Making of-Handybild-2\" data-image-description=\"\" data-image-caption=\"\" data-large-file=\"https:\/\/i0.wp.com\/www.light-style.eu\/Blog\/wp-content\/uploads\/2019\/07\/Making-of-Handybild-2.jpg?fit=899%2C1200&amp;ssl=1\" role=\"button\" tabindex=\"0\" aria-label=\"Bild\u00a02 von 3 im Vollbildmodus \u00f6ffnen\"srcset=\"https:\/\/i0.wp.com\/www.light-style.eu\/Blog\/wp-content\/uploads\/2019\/07\/Making-of-Handybild-2.jpg?strip=info&#038;w=600&#038;ssl=1 600w,https:\/\/i0.wp.com\/www.light-style.eu\/Blog\/wp-content\/uploads\/2019\/07\/Making-of-Handybild-2.jpg?strip=info&#038;w=899&#038;ssl=1 899w\" alt=\"\" data-height=\"1200\" data-id=\"4666\" data-link=\"https:\/\/www.light-style.eu\/Blog\/making-of-handybild-2\/\" data-url=\"https:\/\/www.light-style.eu\/Blog\/wp-content\/uploads\/2019\/07\/Making-of-Handybild-2.jpg\" data-width=\"899\" src=\"https:\/\/i0.wp.com\/www.light-style.eu\/Blog\/wp-content\/uploads\/2019\/07\/Making-of-Handybild-2.jpg?ssl=1\"\/><\/a><\/figure><\/div><div class=\"tiled-gallery__col\"><figure class=\"tiled-gallery__item\"><a href=\"https:\/\/www.light-style.eu\/Blog\/making-of-handybild-3\/\"><img decoding=\"async\" data-attachment-id=\"4667\" data-permalink=\"https:\/\/www.light-style.eu\/Blog\/making-of-handybild-3\/\" data-orig-file=\"https:\/\/i0.wp.com\/www.light-style.eu\/Blog\/wp-content\/uploads\/2019\/07\/Making-of-Handybild-3.jpg?fit=1200%2C899&amp;ssl=1\" data-orig-size=\"1200,899\" data-comments-opened=\"1\" data-image-meta=\"{&quot;aperture&quot;:&quot;0&quot;,&quot;credit&quot;:&quot;&quot;,&quot;camera&quot;:&quot;&quot;,&quot;caption&quot;:&quot;&quot;,&quot;created_timestamp&quot;:&quot;0&quot;,&quot;copyright&quot;:&quot;&quot;,&quot;focal_length&quot;:&quot;0&quot;,&quot;iso&quot;:&quot;0&quot;,&quot;shutter_speed&quot;:&quot;0&quot;,&quot;title&quot;:&quot;&quot;,&quot;orientation&quot;:&quot;0&quot;}\" data-image-title=\"Making of-Handybild-3\" data-image-description=\"\" data-image-caption=\"\" data-large-file=\"https:\/\/i0.wp.com\/www.light-style.eu\/Blog\/wp-content\/uploads\/2019\/07\/Making-of-Handybild-3.jpg?fit=1170%2C877&amp;ssl=1\" data-attachment-id=\"4667\" data-permalink=\"https:\/\/www.light-style.eu\/Blog\/making-of-handybild-3\/\" data-orig-file=\"https:\/\/i0.wp.com\/www.light-style.eu\/Blog\/wp-content\/uploads\/2019\/07\/Making-of-Handybild-3.jpg?fit=1200%2C899&amp;ssl=1\" data-orig-size=\"1200,899\" data-comments-opened=\"1\" data-image-meta=\"{&quot;aperture&quot;:&quot;0&quot;,&quot;credit&quot;:&quot;&quot;,&quot;camera&quot;:&quot;&quot;,&quot;caption&quot;:&quot;&quot;,&quot;created_timestamp&quot;:&quot;0&quot;,&quot;copyright&quot;:&quot;&quot;,&quot;focal_length&quot;:&quot;0&quot;,&quot;iso&quot;:&quot;0&quot;,&quot;shutter_speed&quot;:&quot;0&quot;,&quot;title&quot;:&quot;&quot;,&quot;orientation&quot;:&quot;0&quot;}\" data-image-title=\"Making of-Handybild-3\" data-image-description=\"\" data-image-caption=\"\" data-large-file=\"https:\/\/i0.wp.com\/www.light-style.eu\/Blog\/wp-content\/uploads\/2019\/07\/Making-of-Handybild-3.jpg?fit=1170%2C877&amp;ssl=1\" role=\"button\" tabindex=\"0\" aria-label=\"Bild\u00a03 von 3 im Vollbildmodus \u00f6ffnen\"srcset=\"https:\/\/i2.wp.com\/www.light-style.eu\/Blog\/wp-content\/uploads\/2019\/07\/Making-of-Handybild-3.jpg?strip=info&#038;w=600&#038;ssl=1 600w,https:\/\/i2.wp.com\/www.light-style.eu\/Blog\/wp-content\/uploads\/2019\/07\/Making-of-Handybild-3.jpg?strip=info&#038;w=900&#038;ssl=1 900w,https:\/\/i2.wp.com\/www.light-style.eu\/Blog\/wp-content\/uploads\/2019\/07\/Making-of-Handybild-3.jpg?strip=info&#038;w=1200&#038;ssl=1 1200w\" alt=\"\" data-height=\"899\" data-id=\"4667\" data-link=\"https:\/\/www.light-style.eu\/Blog\/making-of-handybild-3\/\" data-url=\"https:\/\/www.light-style.eu\/Blog\/wp-content\/uploads\/2019\/07\/Making-of-Handybild-3.jpg\" data-width=\"1200\" src=\"https:\/\/i2.wp.com\/www.light-style.eu\/Blog\/wp-content\/uploads\/2019\/07\/Making-of-Handybild-3.jpg?ssl=1\"\/><\/a><\/figure><\/div><\/div><\/div><\/div>\n\n\n\n<p>Aber ganz gro\u00dfen Dank und Respekt an Franka, dass sie den Mist mitgemacht hat, denn das Wasser war so richtig kalt, also beim Schleier Wasserfall hab ich auf ca 4 \u00b0C getippt. Also definitiv jenseits der Schmerzgrenze. Was haben wir Fotografen doch f\u00fcr einen entspannten, angenehmen Job \ud83d\ude09 Dickes Lob f\u00fcr unsere Amazonen-K\u00f6nigin . <\/p>\n\n\n\n<p>Ich hoffe Euch flashen die Fotos genauso wie uns.  Es m\u00fcssen nicht immer Fotos im Studio sein, manchmal gibt uns die Natur die coolste Kulisse bereits fertig vor. <\/p>\n\n\n\n<p>Euer Andi<\/p>\n<div style='text-align:center' class='yasr-auto-insert-visitor'><!--Yasr Visitor Votes Shortcode--><div id='yasr_visitor_votes_a595f5e4636f2' class='yasr-visitor-votes'><div class=\"yasr-custom-text-vv-before yasr-custom-text-vv-before-4635\">Hat es Dir gefallen?<\/div><div id='yasr-vv-second-row-container-a595f5e4636f2'\r\n                                        class='yasr-vv-second-row-container'><div id='yasr-visitor-votes-rater-a595f5e4636f2'\r\n                                      class='yasr-rater-stars-vv'\r\n                                      data-rater-postid='4635'\r\n                                      data-rating='5'\r\n                                      data-rater-starsize='32'\r\n                                      data-rater-readonly='false'\r\n                                      data-rater-nonce='8f286ef117'\r\n                                      data-issingular='false'\r\n                                    ><\/div><div class=\"yasr-vv-stats-text-container\" id=\"yasr-vv-stats-text-container-a595f5e4636f2\"><span id=\"yasr-vv-text-container-a595f5e4636f2\" class=\"yasr-vv-text-container\">[Total: <span id=\"yasr-vv-votes-number-container-a595f5e4636f2\">1<\/span> Average: <span id=\"yasr-vv-average-container-a595f5e4636f2\">5<\/span>]<\/span><\/div><div id='yasr-vv-loader-a595f5e4636f2' class='yasr-vv-container-loader'><\/div><\/div><div id='yasr-vv-bottom-container-a595f5e4636f2'\r\n                              class='yasr-vv-bottom-container'\r\n                              style='display:none'><\/div><\/div><!--End Yasr Visitor Votes Shortcode--><\/div>","protected":false},"excerpt":{"rendered":"<p>Eine geile Natur mit epischen Foto \/ Film Kulissen, der Schwarzwald<\/p>\n","protected":false},"author":2,"featured_media":4658,"comment_status":"open","ping_status":"open","sticky":false,"template":"","format":"status","meta":{"jetpack_post_was_ever_published":false,"yasr_overall_rating":0,"yasr_post_is_review":"","yasr_auto_insert_disabled":"","yasr_review_type":"","_jetpack_newsletter_access":"","_jetpack_dont_email_post_to_subs":false,"_jetpack_newsletter_tier_id":0,"_jetpack_memberships_contains_paywalled_content":false,"_jetpack_memberships_contains_paid_content":false,"footnotes":"","jetpack_publicize_message":"","jetpack_publicize_feature_enabled":true,"jetpack_social_post_already_shared":true,"jetpack_social_options":{"image_generator_settings":{"template":"highway","default_image_id":0,"font":"","enabled":false},"version":2}},"categories":[49,1,89,86,47,142,46],"tags":[133,191,276,275],"class_list":["post-4635","post","type-post","status-publish","format-status","has-post-thumbnail","hentry","category-abseits-des-alltags","category-allgemein","category-besondere-portraets","category-modelle","category-natur","category-non-commercial","category-outdoor","tag-besondere-portraets","tag-maerchenfotos","tag-mysthik","tag-onlocation","post_format-post-format-status"],"yasr_visitor_votes":{"stars_attributes":{"read_only":false,"span_bottom":false},"number_of_votes":1,"sum_votes":5},"jetpack_publicize_connections":[],"jetpack_featured_media_url":"https:\/\/i0.wp.com\/www.light-style.eu\/Blog\/wp-content\/uploads\/2019\/07\/Schwarzwald-Amazone-25.jpg?fit=800%2C1200&ssl=1","jetpack_sharing_enabled":true,"jetpack_shortlink":"https:\/\/wp.me\/p4Ojrv-1cL","jetpack-related-posts":[{"id":5977,"url":"https:\/\/www.light-style.eu\/Blog\/euer-traumfoto\/","url_meta":{"origin":4635,"position":0},"title":"Euer Traumfoto","author":"Andi M\u00f6ller","date":"18. M\u00e4rz 2021","format":false,"excerpt":"Moin moin, ich wieder mal, heute geht es um Eure Tr\u00e4ume. Wir erf\u00fcllen Euch Euer Traumfoto. Viele von uns haben einen Traum was oder wie sie gerne w\u00e4ren. Etwas ganz pers\u00f6nliches, dass nur sie besonders anspricht. Wie meine liebe langj\u00e4hrige Kundin auf diesem Foto: Sie hatte schon lange den Wunsch\u2026","rel":"","context":"In &quot;abseits des Alltags&quot;","block_context":{"text":"abseits des Alltags","link":"https:\/\/www.light-style.eu\/Blog\/category\/abseits-des-alltags\/"},"img":{"alt_text":"","src":"https:\/\/i0.wp.com\/www.light-style.eu\/Blog\/wp-content\/uploads\/2021\/03\/PS20E0110-9.jpg?fit=1200%2C800&ssl=1&resize=350%2C200","width":350,"height":200,"srcset":"https:\/\/i0.wp.com\/www.light-style.eu\/Blog\/wp-content\/uploads\/2021\/03\/PS20E0110-9.jpg?fit=1200%2C800&ssl=1&resize=350%2C200 1x, https:\/\/i0.wp.com\/www.light-style.eu\/Blog\/wp-content\/uploads\/2021\/03\/PS20E0110-9.jpg?fit=1200%2C800&ssl=1&resize=525%2C300 1.5x, https:\/\/i0.wp.com\/www.light-style.eu\/Blog\/wp-content\/uploads\/2021\/03\/PS20E0110-9.jpg?fit=1200%2C800&ssl=1&resize=700%2C400 2x, https:\/\/i0.wp.com\/www.light-style.eu\/Blog\/wp-content\/uploads\/2021\/03\/PS20E0110-9.jpg?fit=1200%2C800&ssl=1&resize=1050%2C600 3x"},"classes":[]},{"id":4445,"url":"https:\/\/www.light-style.eu\/Blog\/portraets-der-traurigkeit\/","url_meta":{"origin":4635,"position":1},"title":"Portr\u00e4ts der Traurigkeit","author":"Andi M\u00f6ller","date":"22. Februar 2019","format":"status","excerpt":"Moin moin, die Woche stand mal etwas v\u00f6llig Neues f\u00fcr mich auf dem Plan. Der Wunsch einer meiner liebsten Stammkundinnen waren traurige, melancholiche Portr\u00e4ts. Ich gebe zu, eine nicht allt\u00e4gliche Anfrage, also eine neue Herausforderung. Ich genie\u00dfe es vor fotografische Herausforderungen gestellt zu werden . :-) Meist werden ja Fotos\u2026","rel":"","context":"In &quot;abseits des Alltags&quot;","block_context":{"text":"abseits des Alltags","link":"https:\/\/www.light-style.eu\/Blog\/category\/abseits-des-alltags\/"},"img":{"alt_text":"","src":"https:\/\/i0.wp.com\/www.light-style.eu\/Blog\/wp-content\/uploads\/2019\/02\/PS18L0102-75.jpg?fit=1200%2C800&ssl=1&resize=350%2C200","width":350,"height":200,"srcset":"https:\/\/i0.wp.com\/www.light-style.eu\/Blog\/wp-content\/uploads\/2019\/02\/PS18L0102-75.jpg?fit=1200%2C800&ssl=1&resize=350%2C200 1x, https:\/\/i0.wp.com\/www.light-style.eu\/Blog\/wp-content\/uploads\/2019\/02\/PS18L0102-75.jpg?fit=1200%2C800&ssl=1&resize=525%2C300 1.5x, https:\/\/i0.wp.com\/www.light-style.eu\/Blog\/wp-content\/uploads\/2019\/02\/PS18L0102-75.jpg?fit=1200%2C800&ssl=1&resize=700%2C400 2x, https:\/\/i0.wp.com\/www.light-style.eu\/Blog\/wp-content\/uploads\/2019\/02\/PS18L0102-75.jpg?fit=1200%2C800&ssl=1&resize=1050%2C600 3x"},"classes":[]},{"id":8067,"url":"https:\/\/www.light-style.eu\/Blog\/technikmuseum-marxzell\/","url_meta":{"origin":4635,"position":2},"title":"Technikmuseum Marxzell","author":"Andi M\u00f6ller","date":"5. M\u00e4rz 2024","format":"status","excerpt":"Moin moin, da hab ich am Wochenende mit einem autobegeisterten Businesskunden doch \u00fcber ein absolut au\u00dfergew\u00f6hnliches Technikmuseum gesprochen. Ein Museum, das man gesehen haben muss. In privater Hand, seit glaube ich 3 Generationen gef\u00fchrt. Wenn Ihr jetzt meint, ein Museum ist wie das Andere, weit gefehlt. Dieses Museum ist einzigartig.\u2026","rel":"","context":"In &quot;abseits des Alltags&quot;","block_context":{"text":"abseits des Alltags","link":"https:\/\/www.light-style.eu\/Blog\/category\/abseits-des-alltags\/"},"img":{"alt_text":"","src":"https:\/\/i0.wp.com\/www.light-style.eu\/Blog\/wp-content\/uploads\/2024\/03\/Technikmuseum-Marxzell-8-1.jpg?fit=1200%2C800&ssl=1&resize=350%2C200","width":350,"height":200,"srcset":"https:\/\/i0.wp.com\/www.light-style.eu\/Blog\/wp-content\/uploads\/2024\/03\/Technikmuseum-Marxzell-8-1.jpg?fit=1200%2C800&ssl=1&resize=350%2C200 1x, https:\/\/i0.wp.com\/www.light-style.eu\/Blog\/wp-content\/uploads\/2024\/03\/Technikmuseum-Marxzell-8-1.jpg?fit=1200%2C800&ssl=1&resize=525%2C300 1.5x, https:\/\/i0.wp.com\/www.light-style.eu\/Blog\/wp-content\/uploads\/2024\/03\/Technikmuseum-Marxzell-8-1.jpg?fit=1200%2C800&ssl=1&resize=700%2C400 2x, https:\/\/i0.wp.com\/www.light-style.eu\/Blog\/wp-content\/uploads\/2024\/03\/Technikmuseum-Marxzell-8-1.jpg?fit=1200%2C800&ssl=1&resize=1050%2C600 3x"},"classes":[]},{"id":8197,"url":"https:\/\/www.light-style.eu\/Blog\/drachenschlucht\/","url_meta":{"origin":4635,"position":3},"title":"Drachenschlucht","author":"Andi M\u00f6ller","date":"17. April 2024","format":"status","excerpt":"Moin moin, vor einigen Tagen musste ich dann doch einmal das traumhafte Fr\u00fchlingswetter genie\u00dfen, also Wanderschuhe eingepackt und ab Richtung Eisenach, zur Drachenschlucht. Ich hab ja schon ein paar deutsche Schluchten fotografisch erwandert, aber ich gebe zu, die Drachenschlucht ist einmalig. Nicht so gro\u00df wie die Wutachschlucht im Schwarzwald, aber\u2026","rel":"","context":"In &quot;abseits des Alltags&quot;","block_context":{"text":"abseits des Alltags","link":"https:\/\/www.light-style.eu\/Blog\/category\/abseits-des-alltags\/"},"img":{"alt_text":"","src":"https:\/\/i0.wp.com\/www.light-style.eu\/Blog\/wp-content\/uploads\/2024\/04\/Drachenschlucht-154.jpg?fit=1200%2C800&ssl=1&resize=350%2C200","width":350,"height":200,"srcset":"https:\/\/i0.wp.com\/www.light-style.eu\/Blog\/wp-content\/uploads\/2024\/04\/Drachenschlucht-154.jpg?fit=1200%2C800&ssl=1&resize=350%2C200 1x, https:\/\/i0.wp.com\/www.light-style.eu\/Blog\/wp-content\/uploads\/2024\/04\/Drachenschlucht-154.jpg?fit=1200%2C800&ssl=1&resize=525%2C300 1.5x, https:\/\/i0.wp.com\/www.light-style.eu\/Blog\/wp-content\/uploads\/2024\/04\/Drachenschlucht-154.jpg?fit=1200%2C800&ssl=1&resize=700%2C400 2x, https:\/\/i0.wp.com\/www.light-style.eu\/Blog\/wp-content\/uploads\/2024\/04\/Drachenschlucht-154.jpg?fit=1200%2C800&ssl=1&resize=1050%2C600 3x"},"classes":[]},{"id":5638,"url":"https:\/\/www.light-style.eu\/Blog\/babybauch-das-will-ich-auch\/","url_meta":{"origin":4635,"position":4},"title":"Babybauch &#8211; Das  will  ich auch","author":"Andi M\u00f6ller","date":"7. Oktober 2020","format":"status","excerpt":"Also nicht ich, aber Du vielleicht? ;-) Ich fange schon wieder mit dem \"eigentlich wollte ich Euch ja....\" an, denn seit 6 Wochen wollte ich Euch die Fotos aus den 2 Wochen Schwarzwald hier pr\u00e4sentieren. Aber nein, ich komme nicht dazu die Fotos fertig zu machen. Ein Termin jagt den\u2026","rel":"","context":"In &quot;Alles&quot;","block_context":{"text":"Alles","link":"https:\/\/www.light-style.eu\/Blog\/category\/alles\/"},"img":{"alt_text":"","src":"https:\/\/i0.wp.com\/www.light-style.eu\/Blog\/wp-content\/uploads\/2020\/10\/S20B0109-72.jpg?fit=1200%2C800&ssl=1&resize=350%2C200","width":350,"height":200,"srcset":"https:\/\/i0.wp.com\/www.light-style.eu\/Blog\/wp-content\/uploads\/2020\/10\/S20B0109-72.jpg?fit=1200%2C800&ssl=1&resize=350%2C200 1x, https:\/\/i0.wp.com\/www.light-style.eu\/Blog\/wp-content\/uploads\/2020\/10\/S20B0109-72.jpg?fit=1200%2C800&ssl=1&resize=525%2C300 1.5x, https:\/\/i0.wp.com\/www.light-style.eu\/Blog\/wp-content\/uploads\/2020\/10\/S20B0109-72.jpg?fit=1200%2C800&ssl=1&resize=700%2C400 2x, https:\/\/i0.wp.com\/www.light-style.eu\/Blog\/wp-content\/uploads\/2020\/10\/S20B0109-72.jpg?fit=1200%2C800&ssl=1&resize=1050%2C600 3x"},"classes":[]},{"id":1458,"url":"https:\/\/www.light-style.eu\/Blog\/herbststimmung-im-studio\/","url_meta":{"origin":4635,"position":5},"title":"Herbststimmung im Studio","author":"Andi M\u00f6ller","date":"16. Oktober 2015","format":"status","excerpt":"Moin , moin , dass es drau\u00dfen herbstlich ist, wird wohl kaum noch einer bestreiten ;-) Manche w\u00fcrden eher es schon als winterlich bezeichnen . Ganz ehrlich, ich h\u00e4tte auch gerne noch einen goldenen Oktober genossen bevor der Schnee kommt, auch wenn wir hier in Rodenbach ja bekanntlich von klimatischen\u2026","rel":"","context":"In &quot;abseits des Alltags&quot;","block_context":{"text":"abseits des Alltags","link":"https:\/\/www.light-style.eu\/Blog\/category\/abseits-des-alltags\/"},"img":{"alt_text":"","src":"https:\/\/i0.wp.com\/www.light-style.eu\/Blog\/wp-content\/uploads\/2015\/10\/Shebnen1.jpg?resize=350%2C200","width":350,"height":200,"srcset":"https:\/\/i0.wp.com\/www.light-style.eu\/Blog\/wp-content\/uploads\/2015\/10\/Shebnen1.jpg?resize=350%2C200 1x, https:\/\/i0.wp.com\/www.light-style.eu\/Blog\/wp-content\/uploads\/2015\/10\/Shebnen1.jpg?resize=525%2C300 1.5x, https:\/\/i0.wp.com\/www.light-style.eu\/Blog\/wp-content\/uploads\/2015\/10\/Shebnen1.jpg?resize=700%2C400 2x"},"classes":[]}],"_links":{"self":[{"href":"https:\/\/www.light-style.eu\/Blog\/wp-json\/wp\/v2\/posts\/4635","targetHints":{"allow":["GET"]}}],"collection":[{"href":"https:\/\/www.light-style.eu\/Blog\/wp-json\/wp\/v2\/posts"}],"about":[{"href":"https:\/\/www.light-style.eu\/Blog\/wp-json\/wp\/v2\/types\/post"}],"author":[{"embeddable":true,"href":"https:\/\/www.light-style.eu\/Blog\/wp-json\/wp\/v2\/users\/2"}],"replies":[{"embeddable":true,"href":"https:\/\/www.light-style.eu\/Blog\/wp-json\/wp\/v2\/comments?post=4635"}],"version-history":[{"count":0,"href":"https:\/\/www.light-style.eu\/Blog\/wp-json\/wp\/v2\/posts\/4635\/revisions"}],"wp:featuredmedia":[{"embeddable":true,"href":"https:\/\/www.light-style.eu\/Blog\/wp-json\/wp\/v2\/media\/4658"}],"wp:attachment":[{"href":"https:\/\/www.light-style.eu\/Blog\/wp-json\/wp\/v2\/media?parent=4635"}],"wp:term":[{"taxonomy":"category","embeddable":true,"href":"https:\/\/www.light-style.eu\/Blog\/wp-json\/wp\/v2\/categories?post=4635"},{"taxonomy":"post_tag","embeddable":true,"href":"https:\/\/www.light-style.eu\/Blog\/wp-json\/wp\/v2\/tags?post=4635"}],"curies":[{"name":"wp","href":"https:\/\/api.w.org\/{rel}","templated":true}]}}