{"id":4677,"date":"2019-09-06T19:02:49","date_gmt":"2019-09-06T17:02:49","guid":{"rendered":"https:\/\/www.light-style.eu\/Blog\/?p=4677"},"modified":"2021-03-15T16:30:47","modified_gmt":"2021-03-15T15:30:47","slug":"newborn-i-love-it","status":"publish","type":"post","link":"https:\/\/www.light-style.eu\/Blog\/newborn-i-love-it\/","title":{"rendered":"Newborn, i love it"},"content":{"rendered":"\n\n\n<p class=\"has-normal-font-size\">I<em>ch liebe es immer wieder, wenn bei der Babyfotografie v\u00f6llig ungeplante aber super Momente aufkommen \ud83d\ude09 <\/em><\/p>\n\n\n\n<div class=\"wp-block-jetpack-tiled-gallery aligncenter is-style-rectangular\"><div class=\"tiled-gallery__gallery\"><div class=\"tiled-gallery__row\"><div class=\"tiled-gallery__col\"><figure class=\"tiled-gallery__item\"><img decoding=\"async\" data-attachment-id=\"4688\" data-permalink=\"https:\/\/www.light-style.eu\/Blog\/b19r0108-41\/\" data-orig-file=\"https:\/\/i0.wp.com\/www.light-style.eu\/Blog\/wp-content\/uploads\/2019\/09\/B19R0108-41.jpg?fit=800%2C1200&amp;ssl=1\" data-orig-size=\"800,1200\" data-comments-opened=\"1\" data-image-meta=\"{&quot;aperture&quot;:&quot;0&quot;,&quot;credit&quot;:&quot;Fotostudio Light-Style,Andi Moel&quot;,&quot;camera&quot;:&quot;&quot;,&quot;caption&quot;:&quot;&quot;,&quot;created_timestamp&quot;:&quot;0&quot;,&quot;copyright&quot;:&quot;www.light-style.eu&quot;,&quot;focal_length&quot;:&quot;0&quot;,&quot;iso&quot;:&quot;0&quot;,&quot;shutter_speed&quot;:&quot;0&quot;,&quot;title&quot;:&quot;&quot;,&quot;orientation&quot;:&quot;0&quot;}\" data-image-title=\"B19R0108-41\" data-image-description=\"\" data-image-caption=\"&lt;p&gt;tz tz tz, so etwas muss man sich als Fotograf gefallen lassen ;-)&lt;\/p&gt;\n\" data-large-file=\"https:\/\/i0.wp.com\/www.light-style.eu\/Blog\/wp-content\/uploads\/2019\/09\/B19R0108-41.jpg?fit=800%2C1200&amp;ssl=1\" data-attachment-id=\"4688\" data-permalink=\"https:\/\/www.light-style.eu\/Blog\/b19r0108-41\/\" data-orig-file=\"https:\/\/i0.wp.com\/www.light-style.eu\/Blog\/wp-content\/uploads\/2019\/09\/B19R0108-41.jpg?fit=800%2C1200&amp;ssl=1\" data-orig-size=\"800,1200\" data-comments-opened=\"1\" data-image-meta=\"{&quot;aperture&quot;:&quot;0&quot;,&quot;credit&quot;:&quot;Fotostudio Light-Style,Andi Moel&quot;,&quot;camera&quot;:&quot;&quot;,&quot;caption&quot;:&quot;&quot;,&quot;created_timestamp&quot;:&quot;0&quot;,&quot;copyright&quot;:&quot;www.light-style.eu&quot;,&quot;focal_length&quot;:&quot;0&quot;,&quot;iso&quot;:&quot;0&quot;,&quot;shutter_speed&quot;:&quot;0&quot;,&quot;title&quot;:&quot;&quot;,&quot;orientation&quot;:&quot;0&quot;}\" data-image-title=\"B19R0108-41\" data-image-description=\"\" data-image-caption=\"&lt;p&gt;tz tz tz, so etwas muss man sich als Fotograf gefallen lassen ;-)&lt;\/p&gt;\n\" data-large-file=\"https:\/\/i0.wp.com\/www.light-style.eu\/Blog\/wp-content\/uploads\/2019\/09\/B19R0108-41.jpg?fit=800%2C1200&amp;ssl=1\" role=\"button\" tabindex=\"0\" aria-label=\"Bild\u00a01 von 2 im Vollbildmodus \u00f6ffnen\"srcset=\"https:\/\/i2.wp.com\/www.light-style.eu\/Blog\/wp-content\/uploads\/2019\/09\/B19R0108-41.jpg?strip=info&#038;w=600&#038;ssl=1 600w,https:\/\/i2.wp.com\/www.light-style.eu\/Blog\/wp-content\/uploads\/2019\/09\/B19R0108-41.jpg?strip=info&#038;w=800&#038;ssl=1 800w\" alt=\"\" data-height=\"1200\" data-id=\"4688\" data-link=\"https:\/\/www.light-style.eu\/Blog\/b19r0108-41\/\" data-url=\"https:\/\/www.light-style.eu\/Blog\/wp-content\/uploads\/2019\/09\/B19R0108-41.jpg\" data-width=\"800\" src=\"https:\/\/i2.wp.com\/www.light-style.eu\/Blog\/wp-content\/uploads\/2019\/09\/B19R0108-41.jpg?ssl=1\"\/><\/figure><\/div><div class=\"tiled-gallery__col\"><figure class=\"tiled-gallery__item\"><img decoding=\"async\" data-attachment-id=\"4685\" data-permalink=\"https:\/\/www.light-style.eu\/Blog\/b19r0108-22\/\" data-orig-file=\"https:\/\/i0.wp.com\/www.light-style.eu\/Blog\/wp-content\/uploads\/2019\/09\/B19R0108-22.jpg?fit=800%2C1200&amp;ssl=1\" data-orig-size=\"800,1200\" data-comments-opened=\"1\" data-image-meta=\"{&quot;aperture&quot;:&quot;0&quot;,&quot;credit&quot;:&quot;Fotostudio Light-Style,Andi Moel&quot;,&quot;camera&quot;:&quot;&quot;,&quot;caption&quot;:&quot;&quot;,&quot;created_timestamp&quot;:&quot;0&quot;,&quot;copyright&quot;:&quot;www.light-style.eu&quot;,&quot;focal_length&quot;:&quot;0&quot;,&quot;iso&quot;:&quot;0&quot;,&quot;shutter_speed&quot;:&quot;0&quot;,&quot;title&quot;:&quot;&quot;,&quot;orientation&quot;:&quot;0&quot;}\" data-image-title=\"B19R0108-22\" data-image-description=\"\" data-image-caption=\"\" data-large-file=\"https:\/\/i0.wp.com\/www.light-style.eu\/Blog\/wp-content\/uploads\/2019\/09\/B19R0108-22.jpg?fit=800%2C1200&amp;ssl=1\" data-attachment-id=\"4685\" data-permalink=\"https:\/\/www.light-style.eu\/Blog\/b19r0108-22\/\" data-orig-file=\"https:\/\/i0.wp.com\/www.light-style.eu\/Blog\/wp-content\/uploads\/2019\/09\/B19R0108-22.jpg?fit=800%2C1200&amp;ssl=1\" data-orig-size=\"800,1200\" data-comments-opened=\"1\" data-image-meta=\"{&quot;aperture&quot;:&quot;0&quot;,&quot;credit&quot;:&quot;Fotostudio Light-Style,Andi Moel&quot;,&quot;camera&quot;:&quot;&quot;,&quot;caption&quot;:&quot;&quot;,&quot;created_timestamp&quot;:&quot;0&quot;,&quot;copyright&quot;:&quot;www.light-style.eu&quot;,&quot;focal_length&quot;:&quot;0&quot;,&quot;iso&quot;:&quot;0&quot;,&quot;shutter_speed&quot;:&quot;0&quot;,&quot;title&quot;:&quot;&quot;,&quot;orientation&quot;:&quot;0&quot;}\" data-image-title=\"B19R0108-22\" data-image-description=\"\" data-image-caption=\"\" data-large-file=\"https:\/\/i0.wp.com\/www.light-style.eu\/Blog\/wp-content\/uploads\/2019\/09\/B19R0108-22.jpg?fit=800%2C1200&amp;ssl=1\" role=\"button\" tabindex=\"0\" aria-label=\"Bild\u00a02 von 2 im Vollbildmodus \u00f6ffnen\"srcset=\"https:\/\/i2.wp.com\/www.light-style.eu\/Blog\/wp-content\/uploads\/2019\/09\/B19R0108-22.jpg?strip=info&#038;w=600&#038;ssl=1 600w,https:\/\/i2.wp.com\/www.light-style.eu\/Blog\/wp-content\/uploads\/2019\/09\/B19R0108-22.jpg?strip=info&#038;w=800&#038;ssl=1 800w\" alt=\"\" data-height=\"1200\" data-id=\"4685\" data-link=\"https:\/\/www.light-style.eu\/Blog\/b19r0108-22\/\" data-url=\"https:\/\/www.light-style.eu\/Blog\/wp-content\/uploads\/2019\/09\/B19R0108-22.jpg\" data-width=\"800\" src=\"https:\/\/i2.wp.com\/www.light-style.eu\/Blog\/wp-content\/uploads\/2019\/09\/B19R0108-22.jpg?ssl=1\"\/><\/figure><\/div><\/div><\/div><\/div>\n\n\n\n<p class=\"has-normal-font-size\"><em>Diesmal waren die stolzen Eltern wieder ein fr\u00fcheres Hochzeitsp\u00e4rchen von mir. Und bevor ich nun ab Samstag etwas durch die afrikanische Landschaft ziehen werde, dachte ich mir, ich zeige Euch nochmal ein paar Studiofotos.<\/em><\/p>\n\n\n\n<p class=\"has-normal-font-size\"><em>Zum Gl\u00fcck habe ich es geschafft vor dem Afrikatrip alle Fotos, die noch anstanden rechtzeitig fertigzubekommen, stressig war&#8217;s, aber nun bin ich tiefenentspannt und alle Kunden happy \ud83d\ude09<\/em><\/p>\n\n\n\n<div class=\"wp-block-jetpack-tiled-gallery aligncenter is-style-rectangular\"><div class=\"tiled-gallery__gallery\"><div class=\"tiled-gallery__row\"><div class=\"tiled-gallery__col\"><figure class=\"tiled-gallery__item\"><img decoding=\"async\" data-attachment-id=\"4692\" data-permalink=\"https:\/\/www.light-style.eu\/Blog\/newborn-i-love-it\/b19r0108-33\/#main\" data-orig-file=\"https:\/\/i0.wp.com\/www.light-style.eu\/Blog\/wp-content\/uploads\/2019\/09\/B19R0108-33.jpg?fit=1200%2C800&amp;ssl=1\" data-orig-size=\"1200,800\" data-comments-opened=\"1\" data-image-meta=\"{&quot;aperture&quot;:&quot;0&quot;,&quot;credit&quot;:&quot;Fotostudio Light-Style,Andi Moel&quot;,&quot;camera&quot;:&quot;&quot;,&quot;caption&quot;:&quot;&quot;,&quot;created_timestamp&quot;:&quot;0&quot;,&quot;copyright&quot;:&quot;www.light-style.eu&quot;,&quot;focal_length&quot;:&quot;0&quot;,&quot;iso&quot;:&quot;0&quot;,&quot;shutter_speed&quot;:&quot;0&quot;,&quot;title&quot;:&quot;&quot;,&quot;orientation&quot;:&quot;0&quot;}\" data-image-title=\"B19R0108-33\" data-image-description=\"\" data-image-caption=\"\" data-large-file=\"https:\/\/i0.wp.com\/www.light-style.eu\/Blog\/wp-content\/uploads\/2019\/09\/B19R0108-33.jpg?fit=1170%2C780&amp;ssl=1\" data-attachment-id=\"4692\" data-permalink=\"https:\/\/www.light-style.eu\/Blog\/newborn-i-love-it\/b19r0108-33\/#main\" data-orig-file=\"https:\/\/i0.wp.com\/www.light-style.eu\/Blog\/wp-content\/uploads\/2019\/09\/B19R0108-33.jpg?fit=1200%2C800&amp;ssl=1\" data-orig-size=\"1200,800\" data-comments-opened=\"1\" data-image-meta=\"{&quot;aperture&quot;:&quot;0&quot;,&quot;credit&quot;:&quot;Fotostudio Light-Style,Andi Moel&quot;,&quot;camera&quot;:&quot;&quot;,&quot;caption&quot;:&quot;&quot;,&quot;created_timestamp&quot;:&quot;0&quot;,&quot;copyright&quot;:&quot;www.light-style.eu&quot;,&quot;focal_length&quot;:&quot;0&quot;,&quot;iso&quot;:&quot;0&quot;,&quot;shutter_speed&quot;:&quot;0&quot;,&quot;title&quot;:&quot;&quot;,&quot;orientation&quot;:&quot;0&quot;}\" data-image-title=\"B19R0108-33\" data-image-description=\"\" data-image-caption=\"\" data-large-file=\"https:\/\/i0.wp.com\/www.light-style.eu\/Blog\/wp-content\/uploads\/2019\/09\/B19R0108-33.jpg?fit=1170%2C780&amp;ssl=1\" role=\"button\" tabindex=\"0\" aria-label=\"Bild\u00a01 von 13 im Vollbildmodus \u00f6ffnen\"srcset=\"https:\/\/i1.wp.com\/www.light-style.eu\/Blog\/wp-content\/uploads\/2019\/09\/B19R0108-33.jpg?strip=info&#038;w=600&#038;ssl=1 600w,https:\/\/i1.wp.com\/www.light-style.eu\/Blog\/wp-content\/uploads\/2019\/09\/B19R0108-33.jpg?strip=info&#038;w=900&#038;ssl=1 900w,https:\/\/i1.wp.com\/www.light-style.eu\/Blog\/wp-content\/uploads\/2019\/09\/B19R0108-33.jpg?strip=info&#038;w=1200&#038;ssl=1 1200w\" alt=\"\" data-height=\"800\" data-id=\"4692\" data-link=\"https:\/\/www.light-style.eu\/Blog\/b19r0108-33\/\" data-url=\"https:\/\/www.light-style.eu\/Blog\/wp-content\/uploads\/2019\/09\/B19R0108-33.jpg\" data-width=\"1200\" src=\"https:\/\/i1.wp.com\/www.light-style.eu\/Blog\/wp-content\/uploads\/2019\/09\/B19R0108-33.jpg?ssl=1\"\/><\/figure><\/div><div class=\"tiled-gallery__col\"><figure class=\"tiled-gallery__item\"><img decoding=\"async\" data-attachment-id=\"4691\" data-permalink=\"https:\/\/www.light-style.eu\/Blog\/b19r0108-32\/\" data-orig-file=\"https:\/\/i0.wp.com\/www.light-style.eu\/Blog\/wp-content\/uploads\/2019\/09\/B19R0108-32.jpg?fit=1200%2C800&amp;ssl=1\" data-orig-size=\"1200,800\" data-comments-opened=\"1\" data-image-meta=\"{&quot;aperture&quot;:&quot;0&quot;,&quot;credit&quot;:&quot;Fotostudio Light-Style,Andi Moel&quot;,&quot;camera&quot;:&quot;&quot;,&quot;caption&quot;:&quot;&quot;,&quot;created_timestamp&quot;:&quot;0&quot;,&quot;copyright&quot;:&quot;www.light-style.eu&quot;,&quot;focal_length&quot;:&quot;0&quot;,&quot;iso&quot;:&quot;0&quot;,&quot;shutter_speed&quot;:&quot;0&quot;,&quot;title&quot;:&quot;&quot;,&quot;orientation&quot;:&quot;0&quot;}\" data-image-title=\"B19R0108-32\" data-image-description=\"\" data-image-caption=\"\" data-large-file=\"https:\/\/i0.wp.com\/www.light-style.eu\/Blog\/wp-content\/uploads\/2019\/09\/B19R0108-32.jpg?fit=1170%2C780&amp;ssl=1\" data-attachment-id=\"4691\" data-permalink=\"https:\/\/www.light-style.eu\/Blog\/b19r0108-32\/\" data-orig-file=\"https:\/\/i0.wp.com\/www.light-style.eu\/Blog\/wp-content\/uploads\/2019\/09\/B19R0108-32.jpg?fit=1200%2C800&amp;ssl=1\" data-orig-size=\"1200,800\" data-comments-opened=\"1\" data-image-meta=\"{&quot;aperture&quot;:&quot;0&quot;,&quot;credit&quot;:&quot;Fotostudio Light-Style,Andi Moel&quot;,&quot;camera&quot;:&quot;&quot;,&quot;caption&quot;:&quot;&quot;,&quot;created_timestamp&quot;:&quot;0&quot;,&quot;copyright&quot;:&quot;www.light-style.eu&quot;,&quot;focal_length&quot;:&quot;0&quot;,&quot;iso&quot;:&quot;0&quot;,&quot;shutter_speed&quot;:&quot;0&quot;,&quot;title&quot;:&quot;&quot;,&quot;orientation&quot;:&quot;0&quot;}\" data-image-title=\"B19R0108-32\" data-image-description=\"\" data-image-caption=\"\" data-large-file=\"https:\/\/i0.wp.com\/www.light-style.eu\/Blog\/wp-content\/uploads\/2019\/09\/B19R0108-32.jpg?fit=1170%2C780&amp;ssl=1\" role=\"button\" tabindex=\"0\" aria-label=\"Bild\u00a02 von 13 im Vollbildmodus \u00f6ffnen\"srcset=\"https:\/\/i2.wp.com\/www.light-style.eu\/Blog\/wp-content\/uploads\/2019\/09\/B19R0108-32.jpg?strip=info&#038;w=600&#038;ssl=1 600w,https:\/\/i2.wp.com\/www.light-style.eu\/Blog\/wp-content\/uploads\/2019\/09\/B19R0108-32.jpg?strip=info&#038;w=900&#038;ssl=1 900w,https:\/\/i2.wp.com\/www.light-style.eu\/Blog\/wp-content\/uploads\/2019\/09\/B19R0108-32.jpg?strip=info&#038;w=1200&#038;ssl=1 1200w\" alt=\"\" data-height=\"800\" data-id=\"4691\" data-link=\"https:\/\/www.light-style.eu\/Blog\/b19r0108-32\/\" data-url=\"https:\/\/www.light-style.eu\/Blog\/wp-content\/uploads\/2019\/09\/B19R0108-32.jpg\" data-width=\"1200\" src=\"https:\/\/i2.wp.com\/www.light-style.eu\/Blog\/wp-content\/uploads\/2019\/09\/B19R0108-32.jpg?ssl=1\"\/><\/figure><figure class=\"tiled-gallery__item\"><img decoding=\"async\" data-attachment-id=\"4690\" data-permalink=\"https:\/\/www.light-style.eu\/Blog\/b19r0108-38\/\" data-orig-file=\"https:\/\/i0.wp.com\/www.light-style.eu\/Blog\/wp-content\/uploads\/2019\/09\/B19R0108-38.jpg?fit=1200%2C800&amp;ssl=1\" data-orig-size=\"1200,800\" data-comments-opened=\"1\" data-image-meta=\"{&quot;aperture&quot;:&quot;0&quot;,&quot;credit&quot;:&quot;Fotostudio Light-Style,Andi Moel&quot;,&quot;camera&quot;:&quot;&quot;,&quot;caption&quot;:&quot;&quot;,&quot;created_timestamp&quot;:&quot;0&quot;,&quot;copyright&quot;:&quot;www.light-style.eu&quot;,&quot;focal_length&quot;:&quot;0&quot;,&quot;iso&quot;:&quot;0&quot;,&quot;shutter_speed&quot;:&quot;0&quot;,&quot;title&quot;:&quot;&quot;,&quot;orientation&quot;:&quot;0&quot;}\" data-image-title=\"B19R0108-38\" data-image-description=\"\" data-image-caption=\"\" data-large-file=\"https:\/\/i0.wp.com\/www.light-style.eu\/Blog\/wp-content\/uploads\/2019\/09\/B19R0108-38.jpg?fit=1170%2C780&amp;ssl=1\" data-attachment-id=\"4690\" data-permalink=\"https:\/\/www.light-style.eu\/Blog\/b19r0108-38\/\" data-orig-file=\"https:\/\/i0.wp.com\/www.light-style.eu\/Blog\/wp-content\/uploads\/2019\/09\/B19R0108-38.jpg?fit=1200%2C800&amp;ssl=1\" data-orig-size=\"1200,800\" data-comments-opened=\"1\" data-image-meta=\"{&quot;aperture&quot;:&quot;0&quot;,&quot;credit&quot;:&quot;Fotostudio Light-Style,Andi Moel&quot;,&quot;camera&quot;:&quot;&quot;,&quot;caption&quot;:&quot;&quot;,&quot;created_timestamp&quot;:&quot;0&quot;,&quot;copyright&quot;:&quot;www.light-style.eu&quot;,&quot;focal_length&quot;:&quot;0&quot;,&quot;iso&quot;:&quot;0&quot;,&quot;shutter_speed&quot;:&quot;0&quot;,&quot;title&quot;:&quot;&quot;,&quot;orientation&quot;:&quot;0&quot;}\" data-image-title=\"B19R0108-38\" data-image-description=\"\" data-image-caption=\"\" data-large-file=\"https:\/\/i0.wp.com\/www.light-style.eu\/Blog\/wp-content\/uploads\/2019\/09\/B19R0108-38.jpg?fit=1170%2C780&amp;ssl=1\" role=\"button\" tabindex=\"0\" aria-label=\"Bild\u00a03 von 13 im Vollbildmodus \u00f6ffnen\"srcset=\"https:\/\/i1.wp.com\/www.light-style.eu\/Blog\/wp-content\/uploads\/2019\/09\/B19R0108-38.jpg?strip=info&#038;w=600&#038;ssl=1 600w,https:\/\/i1.wp.com\/www.light-style.eu\/Blog\/wp-content\/uploads\/2019\/09\/B19R0108-38.jpg?strip=info&#038;w=900&#038;ssl=1 900w,https:\/\/i1.wp.com\/www.light-style.eu\/Blog\/wp-content\/uploads\/2019\/09\/B19R0108-38.jpg?strip=info&#038;w=1200&#038;ssl=1 1200w\" alt=\"\" data-height=\"800\" data-id=\"4690\" data-link=\"https:\/\/www.light-style.eu\/Blog\/b19r0108-38\/\" data-url=\"https:\/\/www.light-style.eu\/Blog\/wp-content\/uploads\/2019\/09\/B19R0108-38.jpg\" data-width=\"1200\" src=\"https:\/\/i1.wp.com\/www.light-style.eu\/Blog\/wp-content\/uploads\/2019\/09\/B19R0108-38.jpg?ssl=1\"\/><\/figure><\/div><\/div><div class=\"tiled-gallery__row\"><div class=\"tiled-gallery__col\"><figure class=\"tiled-gallery__item\"><img decoding=\"async\" data-attachment-id=\"4689\" data-permalink=\"https:\/\/www.light-style.eu\/Blog\/b19r0108-39\/\" data-orig-file=\"https:\/\/i0.wp.com\/www.light-style.eu\/Blog\/wp-content\/uploads\/2019\/09\/B19R0108-39.jpg?fit=1200%2C800&amp;ssl=1\" data-orig-size=\"1200,800\" data-comments-opened=\"1\" data-image-meta=\"{&quot;aperture&quot;:&quot;0&quot;,&quot;credit&quot;:&quot;Fotostudio Light-Style,Andi Moel&quot;,&quot;camera&quot;:&quot;&quot;,&quot;caption&quot;:&quot;&quot;,&quot;created_timestamp&quot;:&quot;0&quot;,&quot;copyright&quot;:&quot;www.light-style.eu&quot;,&quot;focal_length&quot;:&quot;0&quot;,&quot;iso&quot;:&quot;0&quot;,&quot;shutter_speed&quot;:&quot;0&quot;,&quot;title&quot;:&quot;&quot;,&quot;orientation&quot;:&quot;0&quot;}\" data-image-title=\"B19R0108-39\" data-image-description=\"\" data-image-caption=\"\" data-large-file=\"https:\/\/i0.wp.com\/www.light-style.eu\/Blog\/wp-content\/uploads\/2019\/09\/B19R0108-39.jpg?fit=1170%2C780&amp;ssl=1\" data-attachment-id=\"4689\" data-permalink=\"https:\/\/www.light-style.eu\/Blog\/b19r0108-39\/\" data-orig-file=\"https:\/\/i0.wp.com\/www.light-style.eu\/Blog\/wp-content\/uploads\/2019\/09\/B19R0108-39.jpg?fit=1200%2C800&amp;ssl=1\" data-orig-size=\"1200,800\" data-comments-opened=\"1\" data-image-meta=\"{&quot;aperture&quot;:&quot;0&quot;,&quot;credit&quot;:&quot;Fotostudio Light-Style,Andi Moel&quot;,&quot;camera&quot;:&quot;&quot;,&quot;caption&quot;:&quot;&quot;,&quot;created_timestamp&quot;:&quot;0&quot;,&quot;copyright&quot;:&quot;www.light-style.eu&quot;,&quot;focal_length&quot;:&quot;0&quot;,&quot;iso&quot;:&quot;0&quot;,&quot;shutter_speed&quot;:&quot;0&quot;,&quot;title&quot;:&quot;&quot;,&quot;orientation&quot;:&quot;0&quot;}\" data-image-title=\"B19R0108-39\" data-image-description=\"\" data-image-caption=\"\" data-large-file=\"https:\/\/i0.wp.com\/www.light-style.eu\/Blog\/wp-content\/uploads\/2019\/09\/B19R0108-39.jpg?fit=1170%2C780&amp;ssl=1\" role=\"button\" tabindex=\"0\" aria-label=\"Bild\u00a04 von 13 im Vollbildmodus \u00f6ffnen\"srcset=\"https:\/\/i1.wp.com\/www.light-style.eu\/Blog\/wp-content\/uploads\/2019\/09\/B19R0108-39.jpg?strip=info&#038;w=600&#038;ssl=1 600w,https:\/\/i1.wp.com\/www.light-style.eu\/Blog\/wp-content\/uploads\/2019\/09\/B19R0108-39.jpg?strip=info&#038;w=900&#038;ssl=1 900w,https:\/\/i1.wp.com\/www.light-style.eu\/Blog\/wp-content\/uploads\/2019\/09\/B19R0108-39.jpg?strip=info&#038;w=1200&#038;ssl=1 1200w\" alt=\"\" data-height=\"800\" data-id=\"4689\" data-link=\"https:\/\/www.light-style.eu\/Blog\/b19r0108-39\/\" data-url=\"https:\/\/www.light-style.eu\/Blog\/wp-content\/uploads\/2019\/09\/B19R0108-39.jpg\" data-width=\"1200\" src=\"https:\/\/i1.wp.com\/www.light-style.eu\/Blog\/wp-content\/uploads\/2019\/09\/B19R0108-39.jpg?ssl=1\"\/><\/figure><\/div><div class=\"tiled-gallery__col\"><figure class=\"tiled-gallery__item\"><img decoding=\"async\" data-attachment-id=\"4687\" data-permalink=\"https:\/\/www.light-style.eu\/Blog\/b19r0108-50\/\" data-orig-file=\"https:\/\/i0.wp.com\/www.light-style.eu\/Blog\/wp-content\/uploads\/2019\/09\/B19R0108-50.jpg?fit=800%2C1200&amp;ssl=1\" data-orig-size=\"800,1200\" data-comments-opened=\"1\" data-image-meta=\"{&quot;aperture&quot;:&quot;0&quot;,&quot;credit&quot;:&quot;Fotostudio Light-Style,Andi Moel&quot;,&quot;camera&quot;:&quot;&quot;,&quot;caption&quot;:&quot;&quot;,&quot;created_timestamp&quot;:&quot;0&quot;,&quot;copyright&quot;:&quot;www.light-style.eu&quot;,&quot;focal_length&quot;:&quot;0&quot;,&quot;iso&quot;:&quot;0&quot;,&quot;shutter_speed&quot;:&quot;0&quot;,&quot;title&quot;:&quot;&quot;,&quot;orientation&quot;:&quot;0&quot;}\" data-image-title=\"B19R0108-50\" data-image-description=\"\" data-image-caption=\"\" data-large-file=\"https:\/\/i0.wp.com\/www.light-style.eu\/Blog\/wp-content\/uploads\/2019\/09\/B19R0108-50.jpg?fit=800%2C1200&amp;ssl=1\" data-attachment-id=\"4687\" data-permalink=\"https:\/\/www.light-style.eu\/Blog\/b19r0108-50\/\" data-orig-file=\"https:\/\/i0.wp.com\/www.light-style.eu\/Blog\/wp-content\/uploads\/2019\/09\/B19R0108-50.jpg?fit=800%2C1200&amp;ssl=1\" data-orig-size=\"800,1200\" data-comments-opened=\"1\" data-image-meta=\"{&quot;aperture&quot;:&quot;0&quot;,&quot;credit&quot;:&quot;Fotostudio Light-Style,Andi Moel&quot;,&quot;camera&quot;:&quot;&quot;,&quot;caption&quot;:&quot;&quot;,&quot;created_timestamp&quot;:&quot;0&quot;,&quot;copyright&quot;:&quot;www.light-style.eu&quot;,&quot;focal_length&quot;:&quot;0&quot;,&quot;iso&quot;:&quot;0&quot;,&quot;shutter_speed&quot;:&quot;0&quot;,&quot;title&quot;:&quot;&quot;,&quot;orientation&quot;:&quot;0&quot;}\" data-image-title=\"B19R0108-50\" data-image-description=\"\" data-image-caption=\"\" data-large-file=\"https:\/\/i0.wp.com\/www.light-style.eu\/Blog\/wp-content\/uploads\/2019\/09\/B19R0108-50.jpg?fit=800%2C1200&amp;ssl=1\" role=\"button\" tabindex=\"0\" aria-label=\"Bild\u00a05 von 13 im Vollbildmodus \u00f6ffnen\"srcset=\"https:\/\/i1.wp.com\/www.light-style.eu\/Blog\/wp-content\/uploads\/2019\/09\/B19R0108-50.jpg?strip=info&#038;w=600&#038;ssl=1 600w,https:\/\/i1.wp.com\/www.light-style.eu\/Blog\/wp-content\/uploads\/2019\/09\/B19R0108-50.jpg?strip=info&#038;w=800&#038;ssl=1 800w\" alt=\"\" data-height=\"1200\" data-id=\"4687\" data-link=\"https:\/\/www.light-style.eu\/Blog\/b19r0108-50\/\" data-url=\"https:\/\/www.light-style.eu\/Blog\/wp-content\/uploads\/2019\/09\/B19R0108-50.jpg\" data-width=\"800\" src=\"https:\/\/i1.wp.com\/www.light-style.eu\/Blog\/wp-content\/uploads\/2019\/09\/B19R0108-50.jpg?ssl=1\"\/><\/figure><\/div><div class=\"tiled-gallery__col\"><figure class=\"tiled-gallery__item\"><img decoding=\"async\" data-attachment-id=\"4686\" data-permalink=\"https:\/\/www.light-style.eu\/Blog\/b19r0108-8\/\" data-orig-file=\"https:\/\/i0.wp.com\/www.light-style.eu\/Blog\/wp-content\/uploads\/2019\/09\/B19R0108-8.jpg?fit=800%2C1200&amp;ssl=1\" data-orig-size=\"800,1200\" data-comments-opened=\"1\" data-image-meta=\"{&quot;aperture&quot;:&quot;0&quot;,&quot;credit&quot;:&quot;Fotostudio Light-Style,Andi Moel&quot;,&quot;camera&quot;:&quot;&quot;,&quot;caption&quot;:&quot;&quot;,&quot;created_timestamp&quot;:&quot;0&quot;,&quot;copyright&quot;:&quot;www.light-style.eu&quot;,&quot;focal_length&quot;:&quot;0&quot;,&quot;iso&quot;:&quot;0&quot;,&quot;shutter_speed&quot;:&quot;0&quot;,&quot;title&quot;:&quot;&quot;,&quot;orientation&quot;:&quot;0&quot;}\" data-image-title=\"B19R0108-8\" data-image-description=\"\" data-image-caption=\"\" data-large-file=\"https:\/\/i0.wp.com\/www.light-style.eu\/Blog\/wp-content\/uploads\/2019\/09\/B19R0108-8.jpg?fit=800%2C1200&amp;ssl=1\" data-attachment-id=\"4686\" data-permalink=\"https:\/\/www.light-style.eu\/Blog\/b19r0108-8\/\" data-orig-file=\"https:\/\/i0.wp.com\/www.light-style.eu\/Blog\/wp-content\/uploads\/2019\/09\/B19R0108-8.jpg?fit=800%2C1200&amp;ssl=1\" data-orig-size=\"800,1200\" data-comments-opened=\"1\" data-image-meta=\"{&quot;aperture&quot;:&quot;0&quot;,&quot;credit&quot;:&quot;Fotostudio Light-Style,Andi Moel&quot;,&quot;camera&quot;:&quot;&quot;,&quot;caption&quot;:&quot;&quot;,&quot;created_timestamp&quot;:&quot;0&quot;,&quot;copyright&quot;:&quot;www.light-style.eu&quot;,&quot;focal_length&quot;:&quot;0&quot;,&quot;iso&quot;:&quot;0&quot;,&quot;shutter_speed&quot;:&quot;0&quot;,&quot;title&quot;:&quot;&quot;,&quot;orientation&quot;:&quot;0&quot;}\" data-image-title=\"B19R0108-8\" data-image-description=\"\" data-image-caption=\"\" data-large-file=\"https:\/\/i0.wp.com\/www.light-style.eu\/Blog\/wp-content\/uploads\/2019\/09\/B19R0108-8.jpg?fit=800%2C1200&amp;ssl=1\" role=\"button\" tabindex=\"0\" aria-label=\"Bild\u00a06 von 13 im Vollbildmodus \u00f6ffnen\"srcset=\"https:\/\/i0.wp.com\/www.light-style.eu\/Blog\/wp-content\/uploads\/2019\/09\/B19R0108-8.jpg?strip=info&#038;w=600&#038;ssl=1 600w,https:\/\/i0.wp.com\/www.light-style.eu\/Blog\/wp-content\/uploads\/2019\/09\/B19R0108-8.jpg?strip=info&#038;w=800&#038;ssl=1 800w\" alt=\"\" data-height=\"1200\" data-id=\"4686\" data-link=\"https:\/\/www.light-style.eu\/Blog\/b19r0108-8\/\" data-url=\"https:\/\/www.light-style.eu\/Blog\/wp-content\/uploads\/2019\/09\/B19R0108-8.jpg\" data-width=\"800\" src=\"https:\/\/i0.wp.com\/www.light-style.eu\/Blog\/wp-content\/uploads\/2019\/09\/B19R0108-8.jpg?ssl=1\"\/><\/figure><\/div><div class=\"tiled-gallery__col\"><figure class=\"tiled-gallery__item\"><img decoding=\"async\" data-attachment-id=\"4684\" data-permalink=\"https:\/\/www.light-style.eu\/Blog\/b19r0108-23\/\" data-orig-file=\"https:\/\/i0.wp.com\/www.light-style.eu\/Blog\/wp-content\/uploads\/2019\/09\/B19R0108-23.jpg?fit=800%2C1200&amp;ssl=1\" data-orig-size=\"800,1200\" data-comments-opened=\"1\" data-image-meta=\"{&quot;aperture&quot;:&quot;0&quot;,&quot;credit&quot;:&quot;Fotostudio Light-Style,Andi Moel&quot;,&quot;camera&quot;:&quot;&quot;,&quot;caption&quot;:&quot;&quot;,&quot;created_timestamp&quot;:&quot;0&quot;,&quot;copyright&quot;:&quot;www.light-style.eu&quot;,&quot;focal_length&quot;:&quot;0&quot;,&quot;iso&quot;:&quot;0&quot;,&quot;shutter_speed&quot;:&quot;0&quot;,&quot;title&quot;:&quot;&quot;,&quot;orientation&quot;:&quot;0&quot;}\" data-image-title=\"B19R0108-23\" data-image-description=\"\" data-image-caption=\"\" data-large-file=\"https:\/\/i0.wp.com\/www.light-style.eu\/Blog\/wp-content\/uploads\/2019\/09\/B19R0108-23.jpg?fit=800%2C1200&amp;ssl=1\" data-attachment-id=\"4684\" data-permalink=\"https:\/\/www.light-style.eu\/Blog\/b19r0108-23\/\" data-orig-file=\"https:\/\/i0.wp.com\/www.light-style.eu\/Blog\/wp-content\/uploads\/2019\/09\/B19R0108-23.jpg?fit=800%2C1200&amp;ssl=1\" data-orig-size=\"800,1200\" data-comments-opened=\"1\" data-image-meta=\"{&quot;aperture&quot;:&quot;0&quot;,&quot;credit&quot;:&quot;Fotostudio Light-Style,Andi Moel&quot;,&quot;camera&quot;:&quot;&quot;,&quot;caption&quot;:&quot;&quot;,&quot;created_timestamp&quot;:&quot;0&quot;,&quot;copyright&quot;:&quot;www.light-style.eu&quot;,&quot;focal_length&quot;:&quot;0&quot;,&quot;iso&quot;:&quot;0&quot;,&quot;shutter_speed&quot;:&quot;0&quot;,&quot;title&quot;:&quot;&quot;,&quot;orientation&quot;:&quot;0&quot;}\" data-image-title=\"B19R0108-23\" data-image-description=\"\" data-image-caption=\"\" data-large-file=\"https:\/\/i0.wp.com\/www.light-style.eu\/Blog\/wp-content\/uploads\/2019\/09\/B19R0108-23.jpg?fit=800%2C1200&amp;ssl=1\" role=\"button\" tabindex=\"0\" aria-label=\"Bild\u00a07 von 13 im Vollbildmodus \u00f6ffnen\"srcset=\"https:\/\/i1.wp.com\/www.light-style.eu\/Blog\/wp-content\/uploads\/2019\/09\/B19R0108-23.jpg?strip=info&#038;w=600&#038;ssl=1 600w,https:\/\/i1.wp.com\/www.light-style.eu\/Blog\/wp-content\/uploads\/2019\/09\/B19R0108-23.jpg?strip=info&#038;w=800&#038;ssl=1 800w\" alt=\"\" data-height=\"1200\" data-id=\"4684\" data-link=\"https:\/\/www.light-style.eu\/Blog\/b19r0108-23\/\" data-url=\"https:\/\/www.light-style.eu\/Blog\/wp-content\/uploads\/2019\/09\/B19R0108-23.jpg\" data-width=\"800\" src=\"https:\/\/i1.wp.com\/www.light-style.eu\/Blog\/wp-content\/uploads\/2019\/09\/B19R0108-23.jpg?ssl=1\"\/><\/figure><\/div><\/div><div class=\"tiled-gallery__row\"><div class=\"tiled-gallery__col\"><figure class=\"tiled-gallery__item\"><img decoding=\"async\" data-attachment-id=\"4683\" data-permalink=\"https:\/\/www.light-style.eu\/Blog\/b19r0108-19\/\" data-orig-file=\"https:\/\/i0.wp.com\/www.light-style.eu\/Blog\/wp-content\/uploads\/2019\/09\/B19R0108-19.jpg?fit=1200%2C800&amp;ssl=1\" data-orig-size=\"1200,800\" data-comments-opened=\"1\" data-image-meta=\"{&quot;aperture&quot;:&quot;0&quot;,&quot;credit&quot;:&quot;Fotostudio Light-Style,Andi Moel&quot;,&quot;camera&quot;:&quot;&quot;,&quot;caption&quot;:&quot;&quot;,&quot;created_timestamp&quot;:&quot;0&quot;,&quot;copyright&quot;:&quot;www.light-style.eu&quot;,&quot;focal_length&quot;:&quot;0&quot;,&quot;iso&quot;:&quot;0&quot;,&quot;shutter_speed&quot;:&quot;0&quot;,&quot;title&quot;:&quot;&quot;,&quot;orientation&quot;:&quot;0&quot;}\" data-image-title=\"B19R0108-19\" data-image-description=\"\" data-image-caption=\"\" data-large-file=\"https:\/\/i0.wp.com\/www.light-style.eu\/Blog\/wp-content\/uploads\/2019\/09\/B19R0108-19.jpg?fit=1170%2C780&amp;ssl=1\" data-attachment-id=\"4683\" data-permalink=\"https:\/\/www.light-style.eu\/Blog\/b19r0108-19\/\" data-orig-file=\"https:\/\/i0.wp.com\/www.light-style.eu\/Blog\/wp-content\/uploads\/2019\/09\/B19R0108-19.jpg?fit=1200%2C800&amp;ssl=1\" data-orig-size=\"1200,800\" data-comments-opened=\"1\" data-image-meta=\"{&quot;aperture&quot;:&quot;0&quot;,&quot;credit&quot;:&quot;Fotostudio Light-Style,Andi Moel&quot;,&quot;camera&quot;:&quot;&quot;,&quot;caption&quot;:&quot;&quot;,&quot;created_timestamp&quot;:&quot;0&quot;,&quot;copyright&quot;:&quot;www.light-style.eu&quot;,&quot;focal_length&quot;:&quot;0&quot;,&quot;iso&quot;:&quot;0&quot;,&quot;shutter_speed&quot;:&quot;0&quot;,&quot;title&quot;:&quot;&quot;,&quot;orientation&quot;:&quot;0&quot;}\" data-image-title=\"B19R0108-19\" data-image-description=\"\" data-image-caption=\"\" data-large-file=\"https:\/\/i0.wp.com\/www.light-style.eu\/Blog\/wp-content\/uploads\/2019\/09\/B19R0108-19.jpg?fit=1170%2C780&amp;ssl=1\" role=\"button\" tabindex=\"0\" aria-label=\"Bild\u00a08 von 13 im Vollbildmodus \u00f6ffnen\"srcset=\"https:\/\/i1.wp.com\/www.light-style.eu\/Blog\/wp-content\/uploads\/2019\/09\/B19R0108-19.jpg?strip=info&#038;w=600&#038;ssl=1 600w,https:\/\/i1.wp.com\/www.light-style.eu\/Blog\/wp-content\/uploads\/2019\/09\/B19R0108-19.jpg?strip=info&#038;w=900&#038;ssl=1 900w,https:\/\/i1.wp.com\/www.light-style.eu\/Blog\/wp-content\/uploads\/2019\/09\/B19R0108-19.jpg?strip=info&#038;w=1200&#038;ssl=1 1200w\" alt=\"\" data-height=\"800\" data-id=\"4683\" data-link=\"https:\/\/www.light-style.eu\/Blog\/b19r0108-19\/\" data-url=\"https:\/\/www.light-style.eu\/Blog\/wp-content\/uploads\/2019\/09\/B19R0108-19.jpg\" data-width=\"1200\" src=\"https:\/\/i1.wp.com\/www.light-style.eu\/Blog\/wp-content\/uploads\/2019\/09\/B19R0108-19.jpg?ssl=1\"\/><\/figure><\/div><div class=\"tiled-gallery__col\"><figure class=\"tiled-gallery__item\"><img decoding=\"async\" data-attachment-id=\"4682\" data-permalink=\"https:\/\/www.light-style.eu\/Blog\/b19r0108-25\/\" data-orig-file=\"https:\/\/i0.wp.com\/www.light-style.eu\/Blog\/wp-content\/uploads\/2019\/09\/B19R0108-25.jpg?fit=800%2C1200&amp;ssl=1\" data-orig-size=\"800,1200\" data-comments-opened=\"1\" data-image-meta=\"{&quot;aperture&quot;:&quot;0&quot;,&quot;credit&quot;:&quot;Fotostudio Light-Style,Andi Moel&quot;,&quot;camera&quot;:&quot;&quot;,&quot;caption&quot;:&quot;&quot;,&quot;created_timestamp&quot;:&quot;0&quot;,&quot;copyright&quot;:&quot;www.light-style.eu&quot;,&quot;focal_length&quot;:&quot;0&quot;,&quot;iso&quot;:&quot;0&quot;,&quot;shutter_speed&quot;:&quot;0&quot;,&quot;title&quot;:&quot;&quot;,&quot;orientation&quot;:&quot;0&quot;}\" data-image-title=\"B19R0108-25\" data-image-description=\"\" data-image-caption=\"\" data-large-file=\"https:\/\/i0.wp.com\/www.light-style.eu\/Blog\/wp-content\/uploads\/2019\/09\/B19R0108-25.jpg?fit=800%2C1200&amp;ssl=1\" data-attachment-id=\"4682\" data-permalink=\"https:\/\/www.light-style.eu\/Blog\/b19r0108-25\/\" data-orig-file=\"https:\/\/i0.wp.com\/www.light-style.eu\/Blog\/wp-content\/uploads\/2019\/09\/B19R0108-25.jpg?fit=800%2C1200&amp;ssl=1\" data-orig-size=\"800,1200\" data-comments-opened=\"1\" data-image-meta=\"{&quot;aperture&quot;:&quot;0&quot;,&quot;credit&quot;:&quot;Fotostudio Light-Style,Andi Moel&quot;,&quot;camera&quot;:&quot;&quot;,&quot;caption&quot;:&quot;&quot;,&quot;created_timestamp&quot;:&quot;0&quot;,&quot;copyright&quot;:&quot;www.light-style.eu&quot;,&quot;focal_length&quot;:&quot;0&quot;,&quot;iso&quot;:&quot;0&quot;,&quot;shutter_speed&quot;:&quot;0&quot;,&quot;title&quot;:&quot;&quot;,&quot;orientation&quot;:&quot;0&quot;}\" data-image-title=\"B19R0108-25\" data-image-description=\"\" data-image-caption=\"\" data-large-file=\"https:\/\/i0.wp.com\/www.light-style.eu\/Blog\/wp-content\/uploads\/2019\/09\/B19R0108-25.jpg?fit=800%2C1200&amp;ssl=1\" role=\"button\" tabindex=\"0\" aria-label=\"Bild\u00a09 von 13 im Vollbildmodus \u00f6ffnen\"srcset=\"https:\/\/i2.wp.com\/www.light-style.eu\/Blog\/wp-content\/uploads\/2019\/09\/B19R0108-25.jpg?strip=info&#038;w=600&#038;ssl=1 600w,https:\/\/i2.wp.com\/www.light-style.eu\/Blog\/wp-content\/uploads\/2019\/09\/B19R0108-25.jpg?strip=info&#038;w=800&#038;ssl=1 800w\" alt=\"\" data-height=\"1200\" data-id=\"4682\" data-link=\"https:\/\/www.light-style.eu\/Blog\/b19r0108-25\/\" data-url=\"https:\/\/www.light-style.eu\/Blog\/wp-content\/uploads\/2019\/09\/B19R0108-25.jpg\" data-width=\"800\" src=\"https:\/\/i2.wp.com\/www.light-style.eu\/Blog\/wp-content\/uploads\/2019\/09\/B19R0108-25.jpg?ssl=1\"\/><\/figure><\/div><\/div><div class=\"tiled-gallery__row\"><div class=\"tiled-gallery__col\"><figure class=\"tiled-gallery__item\"><img decoding=\"async\" data-attachment-id=\"4681\" data-permalink=\"https:\/\/www.light-style.eu\/Blog\/b19r0108-26\/\" data-orig-file=\"https:\/\/i0.wp.com\/www.light-style.eu\/Blog\/wp-content\/uploads\/2019\/09\/B19R0108-26.jpg?fit=800%2C1200&amp;ssl=1\" data-orig-size=\"800,1200\" data-comments-opened=\"1\" data-image-meta=\"{&quot;aperture&quot;:&quot;0&quot;,&quot;credit&quot;:&quot;Fotostudio Light-Style,Andi Moel&quot;,&quot;camera&quot;:&quot;&quot;,&quot;caption&quot;:&quot;&quot;,&quot;created_timestamp&quot;:&quot;0&quot;,&quot;copyright&quot;:&quot;www.light-style.eu&quot;,&quot;focal_length&quot;:&quot;0&quot;,&quot;iso&quot;:&quot;0&quot;,&quot;shutter_speed&quot;:&quot;0&quot;,&quot;title&quot;:&quot;&quot;,&quot;orientation&quot;:&quot;0&quot;}\" data-image-title=\"B19R0108-26\" data-image-description=\"\" data-image-caption=\"\" data-large-file=\"https:\/\/i0.wp.com\/www.light-style.eu\/Blog\/wp-content\/uploads\/2019\/09\/B19R0108-26.jpg?fit=800%2C1200&amp;ssl=1\" data-attachment-id=\"4681\" data-permalink=\"https:\/\/www.light-style.eu\/Blog\/b19r0108-26\/\" data-orig-file=\"https:\/\/i0.wp.com\/www.light-style.eu\/Blog\/wp-content\/uploads\/2019\/09\/B19R0108-26.jpg?fit=800%2C1200&amp;ssl=1\" data-orig-size=\"800,1200\" data-comments-opened=\"1\" data-image-meta=\"{&quot;aperture&quot;:&quot;0&quot;,&quot;credit&quot;:&quot;Fotostudio Light-Style,Andi Moel&quot;,&quot;camera&quot;:&quot;&quot;,&quot;caption&quot;:&quot;&quot;,&quot;created_timestamp&quot;:&quot;0&quot;,&quot;copyright&quot;:&quot;www.light-style.eu&quot;,&quot;focal_length&quot;:&quot;0&quot;,&quot;iso&quot;:&quot;0&quot;,&quot;shutter_speed&quot;:&quot;0&quot;,&quot;title&quot;:&quot;&quot;,&quot;orientation&quot;:&quot;0&quot;}\" data-image-title=\"B19R0108-26\" data-image-description=\"\" data-image-caption=\"\" data-large-file=\"https:\/\/i0.wp.com\/www.light-style.eu\/Blog\/wp-content\/uploads\/2019\/09\/B19R0108-26.jpg?fit=800%2C1200&amp;ssl=1\" role=\"button\" tabindex=\"0\" aria-label=\"Bild\u00a010 von 13 im Vollbildmodus \u00f6ffnen\"srcset=\"https:\/\/i1.wp.com\/www.light-style.eu\/Blog\/wp-content\/uploads\/2019\/09\/B19R0108-26.jpg?strip=info&#038;w=600&#038;ssl=1 600w,https:\/\/i1.wp.com\/www.light-style.eu\/Blog\/wp-content\/uploads\/2019\/09\/B19R0108-26.jpg?strip=info&#038;w=800&#038;ssl=1 800w\" alt=\"\" data-height=\"1200\" data-id=\"4681\" data-link=\"https:\/\/www.light-style.eu\/Blog\/b19r0108-26\/\" data-url=\"https:\/\/www.light-style.eu\/Blog\/wp-content\/uploads\/2019\/09\/B19R0108-26.jpg\" data-width=\"800\" src=\"https:\/\/i1.wp.com\/www.light-style.eu\/Blog\/wp-content\/uploads\/2019\/09\/B19R0108-26.jpg?ssl=1\"\/><\/figure><\/div><div class=\"tiled-gallery__col\"><figure class=\"tiled-gallery__item\"><img decoding=\"async\" data-attachment-id=\"4680\" data-permalink=\"https:\/\/www.light-style.eu\/Blog\/b19r0108-24\/\" data-orig-file=\"https:\/\/i0.wp.com\/www.light-style.eu\/Blog\/wp-content\/uploads\/2019\/09\/B19R0108-24.jpg?fit=1200%2C800&amp;ssl=1\" data-orig-size=\"1200,800\" data-comments-opened=\"1\" data-image-meta=\"{&quot;aperture&quot;:&quot;0&quot;,&quot;credit&quot;:&quot;Fotostudio Light-Style,Andi Moel&quot;,&quot;camera&quot;:&quot;&quot;,&quot;caption&quot;:&quot;&quot;,&quot;created_timestamp&quot;:&quot;0&quot;,&quot;copyright&quot;:&quot;www.light-style.eu&quot;,&quot;focal_length&quot;:&quot;0&quot;,&quot;iso&quot;:&quot;0&quot;,&quot;shutter_speed&quot;:&quot;0&quot;,&quot;title&quot;:&quot;&quot;,&quot;orientation&quot;:&quot;0&quot;}\" data-image-title=\"B19R0108-24\" data-image-description=\"\" data-image-caption=\"\" data-large-file=\"https:\/\/i0.wp.com\/www.light-style.eu\/Blog\/wp-content\/uploads\/2019\/09\/B19R0108-24.jpg?fit=1170%2C780&amp;ssl=1\" data-attachment-id=\"4680\" data-permalink=\"https:\/\/www.light-style.eu\/Blog\/b19r0108-24\/\" data-orig-file=\"https:\/\/i0.wp.com\/www.light-style.eu\/Blog\/wp-content\/uploads\/2019\/09\/B19R0108-24.jpg?fit=1200%2C800&amp;ssl=1\" data-orig-size=\"1200,800\" data-comments-opened=\"1\" data-image-meta=\"{&quot;aperture&quot;:&quot;0&quot;,&quot;credit&quot;:&quot;Fotostudio Light-Style,Andi Moel&quot;,&quot;camera&quot;:&quot;&quot;,&quot;caption&quot;:&quot;&quot;,&quot;created_timestamp&quot;:&quot;0&quot;,&quot;copyright&quot;:&quot;www.light-style.eu&quot;,&quot;focal_length&quot;:&quot;0&quot;,&quot;iso&quot;:&quot;0&quot;,&quot;shutter_speed&quot;:&quot;0&quot;,&quot;title&quot;:&quot;&quot;,&quot;orientation&quot;:&quot;0&quot;}\" data-image-title=\"B19R0108-24\" data-image-description=\"\" data-image-caption=\"\" data-large-file=\"https:\/\/i0.wp.com\/www.light-style.eu\/Blog\/wp-content\/uploads\/2019\/09\/B19R0108-24.jpg?fit=1170%2C780&amp;ssl=1\" role=\"button\" tabindex=\"0\" aria-label=\"Bild\u00a011 von 13 im Vollbildmodus \u00f6ffnen\"srcset=\"https:\/\/i2.wp.com\/www.light-style.eu\/Blog\/wp-content\/uploads\/2019\/09\/B19R0108-24.jpg?strip=info&#038;w=600&#038;ssl=1 600w,https:\/\/i2.wp.com\/www.light-style.eu\/Blog\/wp-content\/uploads\/2019\/09\/B19R0108-24.jpg?strip=info&#038;w=900&#038;ssl=1 900w,https:\/\/i2.wp.com\/www.light-style.eu\/Blog\/wp-content\/uploads\/2019\/09\/B19R0108-24.jpg?strip=info&#038;w=1200&#038;ssl=1 1200w\" alt=\"\" data-height=\"800\" data-id=\"4680\" data-link=\"https:\/\/www.light-style.eu\/Blog\/b19r0108-24\/\" data-url=\"https:\/\/www.light-style.eu\/Blog\/wp-content\/uploads\/2019\/09\/B19R0108-24.jpg\" data-width=\"1200\" src=\"https:\/\/i2.wp.com\/www.light-style.eu\/Blog\/wp-content\/uploads\/2019\/09\/B19R0108-24.jpg?ssl=1\"\/><\/figure><\/div><div class=\"tiled-gallery__col\"><figure class=\"tiled-gallery__item\"><img decoding=\"async\" data-attachment-id=\"4679\" data-permalink=\"https:\/\/www.light-style.eu\/Blog\/b19r0108-30\/\" data-orig-file=\"https:\/\/i0.wp.com\/www.light-style.eu\/Blog\/wp-content\/uploads\/2019\/09\/B19R0108-30.jpg?fit=800%2C1200&amp;ssl=1\" data-orig-size=\"800,1200\" data-comments-opened=\"1\" data-image-meta=\"{&quot;aperture&quot;:&quot;0&quot;,&quot;credit&quot;:&quot;Fotostudio Light-Style,Andi Moel&quot;,&quot;camera&quot;:&quot;&quot;,&quot;caption&quot;:&quot;&quot;,&quot;created_timestamp&quot;:&quot;0&quot;,&quot;copyright&quot;:&quot;www.light-style.eu&quot;,&quot;focal_length&quot;:&quot;0&quot;,&quot;iso&quot;:&quot;0&quot;,&quot;shutter_speed&quot;:&quot;0&quot;,&quot;title&quot;:&quot;&quot;,&quot;orientation&quot;:&quot;0&quot;}\" data-image-title=\"B19R0108-30\" data-image-description=\"\" data-image-caption=\"\" data-large-file=\"https:\/\/i0.wp.com\/www.light-style.eu\/Blog\/wp-content\/uploads\/2019\/09\/B19R0108-30.jpg?fit=800%2C1200&amp;ssl=1\" data-attachment-id=\"4679\" data-permalink=\"https:\/\/www.light-style.eu\/Blog\/b19r0108-30\/\" data-orig-file=\"https:\/\/i0.wp.com\/www.light-style.eu\/Blog\/wp-content\/uploads\/2019\/09\/B19R0108-30.jpg?fit=800%2C1200&amp;ssl=1\" data-orig-size=\"800,1200\" data-comments-opened=\"1\" data-image-meta=\"{&quot;aperture&quot;:&quot;0&quot;,&quot;credit&quot;:&quot;Fotostudio Light-Style,Andi Moel&quot;,&quot;camera&quot;:&quot;&quot;,&quot;caption&quot;:&quot;&quot;,&quot;created_timestamp&quot;:&quot;0&quot;,&quot;copyright&quot;:&quot;www.light-style.eu&quot;,&quot;focal_length&quot;:&quot;0&quot;,&quot;iso&quot;:&quot;0&quot;,&quot;shutter_speed&quot;:&quot;0&quot;,&quot;title&quot;:&quot;&quot;,&quot;orientation&quot;:&quot;0&quot;}\" data-image-title=\"B19R0108-30\" data-image-description=\"\" data-image-caption=\"\" data-large-file=\"https:\/\/i0.wp.com\/www.light-style.eu\/Blog\/wp-content\/uploads\/2019\/09\/B19R0108-30.jpg?fit=800%2C1200&amp;ssl=1\" role=\"button\" tabindex=\"0\" aria-label=\"Bild\u00a012 von 13 im Vollbildmodus \u00f6ffnen\"srcset=\"https:\/\/i0.wp.com\/www.light-style.eu\/Blog\/wp-content\/uploads\/2019\/09\/B19R0108-30.jpg?strip=info&#038;w=600&#038;ssl=1 600w,https:\/\/i0.wp.com\/www.light-style.eu\/Blog\/wp-content\/uploads\/2019\/09\/B19R0108-30.jpg?strip=info&#038;w=800&#038;ssl=1 800w\" alt=\"\" data-height=\"1200\" data-id=\"4679\" data-link=\"https:\/\/www.light-style.eu\/Blog\/b19r0108-30\/\" data-url=\"https:\/\/www.light-style.eu\/Blog\/wp-content\/uploads\/2019\/09\/B19R0108-30.jpg\" data-width=\"800\" src=\"https:\/\/i0.wp.com\/www.light-style.eu\/Blog\/wp-content\/uploads\/2019\/09\/B19R0108-30.jpg?ssl=1\"\/><\/figure><\/div><div class=\"tiled-gallery__col\"><figure class=\"tiled-gallery__item\"><img decoding=\"async\" data-attachment-id=\"4678\" data-permalink=\"https:\/\/www.light-style.eu\/Blog\/newborn-i-love-it\/b19r0108-28\/#main\" data-orig-file=\"https:\/\/i0.wp.com\/www.light-style.eu\/Blog\/wp-content\/uploads\/2019\/09\/B19R0108-28.jpg?fit=1200%2C800&amp;ssl=1\" data-orig-size=\"1200,800\" data-comments-opened=\"1\" data-image-meta=\"{&quot;aperture&quot;:&quot;0&quot;,&quot;credit&quot;:&quot;Fotostudio Light-Style,Andi Moel&quot;,&quot;camera&quot;:&quot;&quot;,&quot;caption&quot;:&quot;&quot;,&quot;created_timestamp&quot;:&quot;0&quot;,&quot;copyright&quot;:&quot;www.light-style.eu&quot;,&quot;focal_length&quot;:&quot;0&quot;,&quot;iso&quot;:&quot;0&quot;,&quot;shutter_speed&quot;:&quot;0&quot;,&quot;title&quot;:&quot;&quot;,&quot;orientation&quot;:&quot;0&quot;}\" data-image-title=\"B19R0108-28\" data-image-description=\"\" data-image-caption=\"\" data-large-file=\"https:\/\/i0.wp.com\/www.light-style.eu\/Blog\/wp-content\/uploads\/2019\/09\/B19R0108-28.jpg?fit=1170%2C780&amp;ssl=1\" data-attachment-id=\"4678\" data-permalink=\"https:\/\/www.light-style.eu\/Blog\/newborn-i-love-it\/b19r0108-28\/#main\" data-orig-file=\"https:\/\/i0.wp.com\/www.light-style.eu\/Blog\/wp-content\/uploads\/2019\/09\/B19R0108-28.jpg?fit=1200%2C800&amp;ssl=1\" data-orig-size=\"1200,800\" data-comments-opened=\"1\" data-image-meta=\"{&quot;aperture&quot;:&quot;0&quot;,&quot;credit&quot;:&quot;Fotostudio Light-Style,Andi Moel&quot;,&quot;camera&quot;:&quot;&quot;,&quot;caption&quot;:&quot;&quot;,&quot;created_timestamp&quot;:&quot;0&quot;,&quot;copyright&quot;:&quot;www.light-style.eu&quot;,&quot;focal_length&quot;:&quot;0&quot;,&quot;iso&quot;:&quot;0&quot;,&quot;shutter_speed&quot;:&quot;0&quot;,&quot;title&quot;:&quot;&quot;,&quot;orientation&quot;:&quot;0&quot;}\" data-image-title=\"B19R0108-28\" data-image-description=\"\" data-image-caption=\"\" data-large-file=\"https:\/\/i0.wp.com\/www.light-style.eu\/Blog\/wp-content\/uploads\/2019\/09\/B19R0108-28.jpg?fit=1170%2C780&amp;ssl=1\" role=\"button\" tabindex=\"0\" aria-label=\"Bild\u00a013 von 13 im Vollbildmodus \u00f6ffnen\"srcset=\"https:\/\/i1.wp.com\/www.light-style.eu\/Blog\/wp-content\/uploads\/2019\/09\/B19R0108-28.jpg?strip=info&#038;w=600&#038;ssl=1 600w,https:\/\/i1.wp.com\/www.light-style.eu\/Blog\/wp-content\/uploads\/2019\/09\/B19R0108-28.jpg?strip=info&#038;w=900&#038;ssl=1 900w,https:\/\/i1.wp.com\/www.light-style.eu\/Blog\/wp-content\/uploads\/2019\/09\/B19R0108-28.jpg?strip=info&#038;w=1200&#038;ssl=1 1200w\" alt=\"\" data-height=\"800\" data-id=\"4678\" data-link=\"https:\/\/www.light-style.eu\/Blog\/b19r0108-28\/\" data-url=\"https:\/\/www.light-style.eu\/Blog\/wp-content\/uploads\/2019\/09\/B19R0108-28.jpg\" data-width=\"1200\" src=\"https:\/\/i1.wp.com\/www.light-style.eu\/Blog\/wp-content\/uploads\/2019\/09\/B19R0108-28.jpg?ssl=1\"\/><\/figure><\/div><\/div><\/div><\/div>\n\n\n\n<p class=\"has-normal-font-size\"><em>Interessant wirds dann auch, wenn eine Firma zeitnah Werbefotos ben\u00f6tigt, geplant ca. 10-15 Fotos, Alles noch fertig werden muss, und dann nachdem sie die Fotos direkt aus der Kamera gesehen haben, auf 24 Fotos erh\u00f6hen. Was mich nat\u00fcrlich unglaublich gefreut hat, aber den Stressfaktor nicht gerade senkte \ud83d\ude0e<\/em><\/p>\n\n\n\n<p class=\"has-normal-font-size\"><em>Wen es interessiert, was ich so in Afrika anstellen werde, darf mir gerne auf <\/em><a rel=\"noreferrer noopener\" aria-label=\"Instagram folgen (\u00f6ffnet in neuem Tab)\" href=\"https:\/\/www.instagram.com\/light.style\/\" target=\"_blank\"><em>Instagram folgen<\/em><\/a><em>, dort werde ich vorab hin und wieder was Geiles von dort posten. Mir graut schon etwas vor der Flut an geilen Pics welche aus Afrika mit nach Hause kommen. Wird sowieso interessant, von 4 Leuten sind es 3 Fotografen, und die Aufforderung, wir wollen etwas von Dir lernen, Andi, die kam auch schon mehr als einmal \ud83d\ude09 \ud83d\ude09 \ud83d\ude09 Ob ich den Trip dadurch von der Steuer absetzen kann?&#8230;.lol&#8230; muss mal das Finanzamt fragen \ud83d\ude09<\/em><\/p>\n\n\n\n<p class=\"has-normal-font-size\"><em>Beate ist f\u00fcr Euch die Zeit \u00fcber im Studio, damit Ihr auch weiterhin Passfotos bekommt, sowie Termine absprechen k\u00f6nnt. Ich selbst bin dann ab dem 23.9. wieder f\u00fcr Euch hier. <\/em><\/p>\n\n\n\n<p>In diesem Sinne Euch eine tolle Zeit, bis dann<\/p>\n\n\n\n<p>Euer Andi<\/p>\n<div style='text-align:center' class='yasr-auto-insert-visitor'><!--Yasr Visitor Votes Shortcode--><div id='yasr_visitor_votes_bd6d437f49eda' class='yasr-visitor-votes'><div class=\"yasr-custom-text-vv-before yasr-custom-text-vv-before-4677\">Hat es Dir gefallen?<\/div><div id='yasr-vv-second-row-container-bd6d437f49eda'\r\n                                        class='yasr-vv-second-row-container'><div id='yasr-visitor-votes-rater-bd6d437f49eda'\r\n                                      class='yasr-rater-stars-vv'\r\n                                      data-rater-postid='4677'\r\n                                      data-rating='0'\r\n                                      data-rater-starsize='32'\r\n                                      data-rater-readonly='false'\r\n                                      data-rater-nonce='14c6360544'\r\n                                      data-issingular='false'\r\n                                    ><\/div><div class=\"yasr-vv-stats-text-container\" id=\"yasr-vv-stats-text-container-bd6d437f49eda\"><span id=\"yasr-vv-text-container-bd6d437f49eda\" class=\"yasr-vv-text-container\">[Total: <span id=\"yasr-vv-votes-number-container-bd6d437f49eda\">0<\/span> Average: <span id=\"yasr-vv-average-container-bd6d437f49eda\">0<\/span>]<\/span><\/div><div id='yasr-vv-loader-bd6d437f49eda' class='yasr-vv-container-loader'><\/div><\/div><div id='yasr-vv-bottom-container-bd6d437f49eda'\r\n                              class='yasr-vv-bottom-container'\r\n                              style='display:none'><\/div><\/div><!--End Yasr Visitor Votes Shortcode--><\/div>","protected":false},"excerpt":{"rendered":"<p>Ich liebe es immer wieder, wenn bei der Babyfotografie v\u00f6llig ungeplante aber super Momente aufkommen \ud83d\ude09 Diesmal waren die stolzen Eltern wieder ein fr\u00fcheres Hochzeitsp\u00e4rchen von mir. Und bevor ich nun ab Samstag etwas durch die afrikanische Landschaft ziehen werde, dachte ich mir, ich zeige Euch nochmal ein paar Studiofotos. Zum Gl\u00fcck habe ich es<span class=\"post-excerpt-end\">&hellip;<\/span><\/p>\n<p class=\"more-link\"><a href=\"https:\/\/www.light-style.eu\/Blog\/newborn-i-love-it\/\" class=\"themebutton\">Read More<\/a><\/p>\n","protected":false},"author":2,"featured_media":4678,"comment_status":"open","ping_status":"open","sticky":false,"template":"","format":"status","meta":{"jetpack_post_was_ever_published":false,"yasr_overall_rating":0,"yasr_post_is_review":"","yasr_auto_insert_disabled":"","yasr_review_type":"","_jetpack_newsletter_access":"","_jetpack_dont_email_post_to_subs":false,"_jetpack_newsletter_tier_id":0,"_jetpack_memberships_contains_paywalled_content":false,"_jetpack_memberships_contains_paid_content":false,"footnotes":"","jetpack_publicize_message":"","jetpack_publicize_feature_enabled":true,"jetpack_social_post_already_shared":true,"jetpack_social_options":{"image_generator_settings":{"template":"highway","default_image_id":0,"font":"","enabled":false},"version":2}},"categories":[305,1,146,115],"tags":[27,64,159],"class_list":["post-4677","post","type-post","status-publish","format-status","has-post-thumbnail","hentry","category-alles","category-allgemein","category-babyfotos","category-newborn","tag-babyfotos","tag-newborn","tag-newbornfotos","post_format-post-format-status"],"yasr_visitor_votes":{"stars_attributes":{"read_only":false,"span_bottom":false},"number_of_votes":0,"sum_votes":0},"jetpack_publicize_connections":[],"jetpack_featured_media_url":"https:\/\/i0.wp.com\/www.light-style.eu\/Blog\/wp-content\/uploads\/2019\/09\/B19R0108-28.jpg?fit=1200%2C800&ssl=1","jetpack_sharing_enabled":true,"jetpack_shortlink":"https:\/\/wp.me\/p4Ojrv-1dr","jetpack-related-posts":[{"id":3393,"url":"https:\/\/www.light-style.eu\/Blog\/newborns-willkommen-der-welt\/","url_meta":{"origin":4677,"position":0},"title":"Newborns &#8211; willkommen in der Welt","author":"Andi M\u00f6ller","date":"3. M\u00e4rz 2018","format":"gallery","excerpt":"\u00a0 Eine Zeitlang halten wir Deine H\u00e4nde, aber ein Leben lang Dein Herz. ( dieser Spruch hat mir so gut gefallen, dass er einfach hier rein musste ;-) ) Moin moin, eine Weile hab ich mich hier nicht zu Wort gemeldet, Ich sag mal so, nach dem Urlaub war ich\u2026","rel":"","context":"In &quot;Alles&quot;","block_context":{"text":"Alles","link":"https:\/\/www.light-style.eu\/Blog\/category\/alles\/"},"img":{"alt_text":"","src":"https:\/\/i0.wp.com\/www.light-style.eu\/Blog\/wp-content\/uploads\/2018\/03\/B18T0101-18-Bearbeitet.jpg?fit=800%2C1200&ssl=1&resize=350%2C200","width":350,"height":200,"srcset":"https:\/\/i0.wp.com\/www.light-style.eu\/Blog\/wp-content\/uploads\/2018\/03\/B18T0101-18-Bearbeitet.jpg?fit=800%2C1200&ssl=1&resize=350%2C200 1x, https:\/\/i0.wp.com\/www.light-style.eu\/Blog\/wp-content\/uploads\/2018\/03\/B18T0101-18-Bearbeitet.jpg?fit=800%2C1200&ssl=1&resize=525%2C300 1.5x, https:\/\/i0.wp.com\/www.light-style.eu\/Blog\/wp-content\/uploads\/2018\/03\/B18T0101-18-Bearbeitet.jpg?fit=800%2C1200&ssl=1&resize=700%2C400 2x"},"classes":[]},{"id":2612,"url":"https:\/\/www.light-style.eu\/Blog\/newborns-babyfotos-2017-die-erste\/","url_meta":{"origin":4677,"position":1},"title":"Newborns &#8211; Babyfotos 2017 die Erste","author":"Andi M\u00f6ller","date":"7. M\u00e4rz 2017","format":"status","excerpt":"Wow, was f\u00fcr ein Jahresanfang. Ich k\u00f6nnte mich gef\u00fchlt jetzt schon auf Mauritius an den Strand legen, aber das verschieben wir wohl doch besser auf nach Weihnachten 17. In den nun 10 Jahren unseres Bestehens in Rodenbach, war jedes Jahr anders, es gab nur eine Konstante, der Februar ist der\u2026","rel":"","context":"In &quot;Aktfotos&quot;","block_context":{"text":"Aktfotos","link":"https:\/\/www.light-style.eu\/Blog\/category\/aktfotos\/"},"img":{"alt_text":"","src":"https:\/\/i0.wp.com\/www.light-style.eu\/Blog\/wp-content\/uploads\/2017\/03\/B17B0202-1.jpg?fit=800%2C1200&ssl=1&resize=350%2C200","width":350,"height":200,"srcset":"https:\/\/i0.wp.com\/www.light-style.eu\/Blog\/wp-content\/uploads\/2017\/03\/B17B0202-1.jpg?fit=800%2C1200&ssl=1&resize=350%2C200 1x, https:\/\/i0.wp.com\/www.light-style.eu\/Blog\/wp-content\/uploads\/2017\/03\/B17B0202-1.jpg?fit=800%2C1200&ssl=1&resize=525%2C300 1.5x, https:\/\/i0.wp.com\/www.light-style.eu\/Blog\/wp-content\/uploads\/2017\/03\/B17B0202-1.jpg?fit=800%2C1200&ssl=1&resize=700%2C400 2x"},"classes":[]},{"id":2792,"url":"https:\/\/www.light-style.eu\/Blog\/fleissige-stoerche-und-die-babys\/","url_meta":{"origin":4677,"position":2},"title":"Flei\u00dfige St\u00f6rche und die Babys","author":"Andi M\u00f6ller","date":"13. Juni 2017","format":"status","excerpt":"Es ist wieder Dienstag und ich hab es sogar mal p\u00fcnktlich geschafft Euch wieder zu schreiben. Thema Heute sind wieder die Newborns & Babyfotos. Ich hatte ja schon Anfang des Jahres erw\u00e4hnt, dass unsere Klapperst\u00f6rche dieses Jahr sehr flei\u00dfig sind ( wir haben aber auch wieder jede Menge davon im\u2026","rel":"","context":"In &quot;Alles&quot;","block_context":{"text":"Alles","link":"https:\/\/www.light-style.eu\/Blog\/category\/alles\/"},"img":{"alt_text":"","src":"https:\/\/i0.wp.com\/www.light-style.eu\/Blog\/wp-content\/uploads\/2017\/06\/B17R0105-9.jpg?fit=1200%2C800&ssl=1&resize=350%2C200","width":350,"height":200,"srcset":"https:\/\/i0.wp.com\/www.light-style.eu\/Blog\/wp-content\/uploads\/2017\/06\/B17R0105-9.jpg?fit=1200%2C800&ssl=1&resize=350%2C200 1x, https:\/\/i0.wp.com\/www.light-style.eu\/Blog\/wp-content\/uploads\/2017\/06\/B17R0105-9.jpg?fit=1200%2C800&ssl=1&resize=525%2C300 1.5x, https:\/\/i0.wp.com\/www.light-style.eu\/Blog\/wp-content\/uploads\/2017\/06\/B17R0105-9.jpg?fit=1200%2C800&ssl=1&resize=700%2C400 2x, https:\/\/i0.wp.com\/www.light-style.eu\/Blog\/wp-content\/uploads\/2017\/06\/B17R0105-9.jpg?fit=1200%2C800&ssl=1&resize=1050%2C600 3x"},"classes":[]},{"id":1876,"url":"https:\/\/www.light-style.eu\/Blog\/mal-wieder-etwas-aus-der-newborn-fraktion\/","url_meta":{"origin":4677,"position":3},"title":"mal wieder etwas aus der Newborn Fraktion ;-)","author":"Andi M\u00f6ller","date":"8. April 2016","format":"status","excerpt":"Moin moin, nachdem ja die letzten 2 Wochen die Klapperst\u00f6rche kr\u00e4ftig am Nest bauen sind, haben sie mir auch wieder eins der Newborns f\u00fcr s\u00fc\u00dfe Babyfotos vorbei gesendet. ;-) W\u00e4re doch mal ne Idee, das n\u00e4chste Mal Babyfotos im Storchennest ;-) Mal schauen wie Mama Storch reagiert.lach :-D Auf jeden\u2026","rel":"","context":"In &quot;Alles&quot;","block_context":{"text":"Alles","link":"https:\/\/www.light-style.eu\/Blog\/category\/alles\/"},"img":{"alt_text":"","src":"https:\/\/i0.wp.com\/www.light-style.eu\/Blog\/wp-content\/uploads\/2016\/04\/B16L0103-21-Bearbeitet-Kopie.jpg?resize=350%2C200","width":350,"height":200},"classes":[]},{"id":5638,"url":"https:\/\/www.light-style.eu\/Blog\/babybauch-das-will-ich-auch\/","url_meta":{"origin":4677,"position":4},"title":"Babybauch &#8211; Das  will  ich auch","author":"Andi M\u00f6ller","date":"7. Oktober 2020","format":"status","excerpt":"Also nicht ich, aber Du vielleicht? ;-) Ich fange schon wieder mit dem \"eigentlich wollte ich Euch ja....\" an, denn seit 6 Wochen wollte ich Euch die Fotos aus den 2 Wochen Schwarzwald hier pr\u00e4sentieren. Aber nein, ich komme nicht dazu die Fotos fertig zu machen. Ein Termin jagt den\u2026","rel":"","context":"In &quot;Alles&quot;","block_context":{"text":"Alles","link":"https:\/\/www.light-style.eu\/Blog\/category\/alles\/"},"img":{"alt_text":"","src":"https:\/\/i0.wp.com\/www.light-style.eu\/Blog\/wp-content\/uploads\/2020\/10\/S20B0109-72.jpg?fit=1200%2C800&ssl=1&resize=350%2C200","width":350,"height":200,"srcset":"https:\/\/i0.wp.com\/www.light-style.eu\/Blog\/wp-content\/uploads\/2020\/10\/S20B0109-72.jpg?fit=1200%2C800&ssl=1&resize=350%2C200 1x, https:\/\/i0.wp.com\/www.light-style.eu\/Blog\/wp-content\/uploads\/2020\/10\/S20B0109-72.jpg?fit=1200%2C800&ssl=1&resize=525%2C300 1.5x, https:\/\/i0.wp.com\/www.light-style.eu\/Blog\/wp-content\/uploads\/2020\/10\/S20B0109-72.jpg?fit=1200%2C800&ssl=1&resize=700%2C400 2x, https:\/\/i0.wp.com\/www.light-style.eu\/Blog\/wp-content\/uploads\/2020\/10\/S20B0109-72.jpg?fit=1200%2C800&ssl=1&resize=1050%2C600 3x"},"classes":[]},{"id":617,"url":"https:\/\/www.light-style.eu\/Blog\/noch-ein-paar-newborn-fotos\/","url_meta":{"origin":4677,"position":5},"title":"noch ein paar newborn Fotos","author":"Andi M\u00f6ller","date":"2. M\u00e4rz 2015","format":"status","excerpt":"Hey Ihr da drau\u00dfen, hier nochmal ein paar Fotos des letzten Newborns ;-) Einer unserer j\u00fcngsten Kunden, 7 Tage alt. Ich finde die Kleinen so niedlich, Und daf\u00fcr dass er am Anfang gar nicht so von Mama weg wollte sind die Fotos doch toll geworden. Beim babyshooting kann man nicht\u2026","rel":"","context":"In &quot;Allgemein&quot;","block_context":{"text":"Allgemein","link":"https:\/\/www.light-style.eu\/Blog\/category\/allgemein\/"},"img":{"alt_text":"","src":"https:\/\/i0.wp.com\/www.light-style.eu\/Blog\/wp-content\/uploads\/2015\/03\/B15K0102-08-Bearbeitet-Kopie.jpg?resize=350%2C200","width":350,"height":200},"classes":[]}],"_links":{"self":[{"href":"https:\/\/www.light-style.eu\/Blog\/wp-json\/wp\/v2\/posts\/4677","targetHints":{"allow":["GET"]}}],"collection":[{"href":"https:\/\/www.light-style.eu\/Blog\/wp-json\/wp\/v2\/posts"}],"about":[{"href":"https:\/\/www.light-style.eu\/Blog\/wp-json\/wp\/v2\/types\/post"}],"author":[{"embeddable":true,"href":"https:\/\/www.light-style.eu\/Blog\/wp-json\/wp\/v2\/users\/2"}],"replies":[{"embeddable":true,"href":"https:\/\/www.light-style.eu\/Blog\/wp-json\/wp\/v2\/comments?post=4677"}],"version-history":[{"count":0,"href":"https:\/\/www.light-style.eu\/Blog\/wp-json\/wp\/v2\/posts\/4677\/revisions"}],"wp:featuredmedia":[{"embeddable":true,"href":"https:\/\/www.light-style.eu\/Blog\/wp-json\/wp\/v2\/media\/4678"}],"wp:attachment":[{"href":"https:\/\/www.light-style.eu\/Blog\/wp-json\/wp\/v2\/media?parent=4677"}],"wp:term":[{"taxonomy":"category","embeddable":true,"href":"https:\/\/www.light-style.eu\/Blog\/wp-json\/wp\/v2\/categories?post=4677"},{"taxonomy":"post_tag","embeddable":true,"href":"https:\/\/www.light-style.eu\/Blog\/wp-json\/wp\/v2\/tags?post=4677"}],"curies":[{"name":"wp","href":"https:\/\/api.w.org\/{rel}","templated":true}]}}