{"id":5257,"date":"2019-12-05T19:02:00","date_gmt":"2019-12-05T18:02:00","guid":{"rendered":"https:\/\/www.light-style.eu\/Blog\/?p=5257"},"modified":"2021-03-15T16:30:12","modified_gmt":"2021-03-15T15:30:12","slug":"weiches-licht-zarte-weiblichkeit","status":"publish","type":"post","link":"https:\/\/www.light-style.eu\/Blog\/weiches-licht-zarte-weiblichkeit\/","title":{"rendered":"weiches Licht &#8211; zarte Weiblichkeit"},"content":{"rendered":"\n\n\n<p class=\"has-drop-cap has-medium-font-size\"><em>Moin , da bin ich wieder. Heute geht es um etwas das eher f\u00fcr die holde Weiblichkeit geeignet ist als f\u00fcr uns Kerle.  &#8211; Weiches Licht<\/em><\/p>\n\n\n\n<p class=\"has-medium-font-size\"><em>Und hier ganz speziell weiches Fensterlicht im Studio. <strong>Wie ich ja schon \u00f6fters bemerkt habe, bedeutet Fotografie ja nicht &#8222;klick den Ausl\u00f6ser &#8220; sondern Photo-Grafik-&#8222;Zeichnen mit Licht&#8220;.<\/strong>  Fotografen, welche dies beherrschen, k\u00f6nnen alleine durch Licht jemanden schlanker, dicker, kerniger, weicher aber auch dramatischer erscheinen lassen, Falten z.B. herausarbeiten oder verschwinden lassen u.v.m. . <\/em> bereits ohne jegliche Pixel-Schubserei \ud83d\ude09<\/p>\n\n\n\n<div class=\"wp-block-image\"><figure class=\"aligncenter size-medium\"><a href=\"https:\/\/www.light-style.eu\/Blog\/?attachment_id=5258\"><img data-recalc-dims=\"1\" loading=\"lazy\" decoding=\"async\" width=\"400\" height=\"600\" data-attachment-id=\"5258\" data-permalink=\"https:\/\/www.light-style.eu\/Blog\/weiches-licht-zarte-weiblichkeit\/mira-1-19-253\/#main\" data-orig-file=\"https:\/\/i0.wp.com\/www.light-style.eu\/Blog\/wp-content\/uploads\/2019\/12\/Mira-1-19-253.jpg?fit=800%2C1200&amp;ssl=1\" data-orig-size=\"800,1200\" data-comments-opened=\"1\" data-image-meta=\"{&quot;aperture&quot;:&quot;0&quot;,&quot;credit&quot;:&quot;Fotostudio Light-Style,Andi Moel&quot;,&quot;camera&quot;:&quot;&quot;,&quot;caption&quot;:&quot;&quot;,&quot;created_timestamp&quot;:&quot;0&quot;,&quot;copyright&quot;:&quot;www.light-style.eu&quot;,&quot;focal_length&quot;:&quot;0&quot;,&quot;iso&quot;:&quot;0&quot;,&quot;shutter_speed&quot;:&quot;0&quot;,&quot;title&quot;:&quot;&quot;,&quot;orientation&quot;:&quot;0&quot;}\" data-image-title=\"Mira-1-19-253\" data-image-description=\"\" data-image-caption=\"\" data-large-file=\"https:\/\/i0.wp.com\/www.light-style.eu\/Blog\/wp-content\/uploads\/2019\/12\/Mira-1-19-253.jpg?fit=800%2C1200&amp;ssl=1\" src=\"https:\/\/i0.wp.com\/www.light-style.eu\/Blog\/wp-content\/uploads\/2019\/12\/Mira-1-19-253.jpg?resize=400%2C600&#038;ssl=1\" alt=\"\" class=\"wp-image-5258\" srcset=\"https:\/\/i0.wp.com\/www.light-style.eu\/Blog\/wp-content\/uploads\/2019\/12\/Mira-1-19-253.jpg?resize=400%2C600&amp;ssl=1 400w, https:\/\/i0.wp.com\/www.light-style.eu\/Blog\/wp-content\/uploads\/2019\/12\/Mira-1-19-253.jpg?resize=768%2C1152&amp;ssl=1 768w, https:\/\/i0.wp.com\/www.light-style.eu\/Blog\/wp-content\/uploads\/2019\/12\/Mira-1-19-253.jpg?w=800&amp;ssl=1 800w\" sizes=\"auto, (max-width: 400px) 100vw, 400px\" \/><\/a><\/figure><\/div>\n\n\n\n<p class=\"has-medium-font-size\"><em>Ich gestehe, dass ich oft auf hartes Licht mit ausgepr\u00e4gten Kontrasten stehe, gef\u00e4llt mir meist besser, aber es gibt auch Gelegenheiten wo ich durchaus den Charme der Zartheit erliege \ud83d\ude09 . Auch in mir steckt ein Romantiker, irgendwo \ud83d\ude09 Und wenn es zum Motiv passt dann sehr gerne. <\/em><\/p>\n\n\n\n<div class=\"wp-block-image\"><figure class=\"aligncenter size-large\"><a href=\"https:\/\/www.light-style.eu\/Blog\/?attachment_id=5259\"><img data-recalc-dims=\"1\" loading=\"lazy\" decoding=\"async\" width=\"1170\" height=\"780\" data-attachment-id=\"5259\" data-permalink=\"https:\/\/www.light-style.eu\/Blog\/weiches-licht-zarte-weiblichkeit\/a19s0111-37\/#main\" data-orig-file=\"https:\/\/i0.wp.com\/www.light-style.eu\/Blog\/wp-content\/uploads\/2019\/12\/A19S0111-37.jpg?fit=1200%2C800&amp;ssl=1\" data-orig-size=\"1200,800\" data-comments-opened=\"1\" data-image-meta=\"{&quot;aperture&quot;:&quot;0&quot;,&quot;credit&quot;:&quot;Fotostudio Light-Style,Andi Moel&quot;,&quot;camera&quot;:&quot;&quot;,&quot;caption&quot;:&quot;&quot;,&quot;created_timestamp&quot;:&quot;0&quot;,&quot;copyright&quot;:&quot;www.light-style.eu&quot;,&quot;focal_length&quot;:&quot;0&quot;,&quot;iso&quot;:&quot;0&quot;,&quot;shutter_speed&quot;:&quot;0&quot;,&quot;title&quot;:&quot;&quot;,&quot;orientation&quot;:&quot;0&quot;}\" data-image-title=\"A19S0111-37\" data-image-description=\"\" data-image-caption=\"\" data-large-file=\"https:\/\/i0.wp.com\/www.light-style.eu\/Blog\/wp-content\/uploads\/2019\/12\/A19S0111-37.jpg?fit=1170%2C780&amp;ssl=1\" src=\"https:\/\/i0.wp.com\/www.light-style.eu\/Blog\/wp-content\/uploads\/2019\/12\/A19S0111-37.jpg?resize=1170%2C780&#038;ssl=1\" alt=\"\" class=\"wp-image-5259\" srcset=\"https:\/\/i0.wp.com\/www.light-style.eu\/Blog\/wp-content\/uploads\/2019\/12\/A19S0111-37.jpg?w=1200&amp;ssl=1 1200w, https:\/\/i0.wp.com\/www.light-style.eu\/Blog\/wp-content\/uploads\/2019\/12\/A19S0111-37.jpg?resize=600%2C400&amp;ssl=1 600w, https:\/\/i0.wp.com\/www.light-style.eu\/Blog\/wp-content\/uploads\/2019\/12\/A19S0111-37.jpg?resize=768%2C512&amp;ssl=1 768w\" sizes=\"auto, (max-width: 1170px) 100vw, 1170px\" \/><\/a><\/figure><\/div>\n\n\n\n<p class=\"has-medium-font-size\"><em>Bisher war ich hier technisch etwas eingeschr\u00e4nkt, da mein Studio ja kein gro\u00dfes Fenster im Studio selbst hat, an dem ich weiches Licht f\u00fcr einen romantischen, nat\u00fcrlichen Look nutzen konnte. Und aufgrund der Gr\u00f6\u00dfe des Studios es auch nicht in der Qualit\u00e4t erzeugen konnte, wie ich es gerne gehabt h\u00e4tte. Aber es gab neues Equipment und nun ist es m\u00f6glich romantische Fotos im zauberhaft weichem Licht zu kreieren. Und was soll ich sagen, ich finde es absolut geil. Ein traumhaftes weiches Licht, welches wirklich von einem lichtdurchfluteten Fenster zu kommen scheint. <\/em><\/p>\n\n\n\n<div class=\"wp-block-image\"><figure class=\"aligncenter size-medium\"><a href=\"https:\/\/www.light-style.eu\/Blog\/?attachment_id=5260\"><img data-recalc-dims=\"1\" loading=\"lazy\" decoding=\"async\" width=\"400\" height=\"600\" data-attachment-id=\"5260\" data-permalink=\"https:\/\/www.light-style.eu\/Blog\/weiches-licht-zarte-weiblichkeit\/mira-1-19-318\/#main\" data-orig-file=\"https:\/\/i0.wp.com\/www.light-style.eu\/Blog\/wp-content\/uploads\/2019\/12\/Mira-1-19-318.jpg?fit=800%2C1200&amp;ssl=1\" data-orig-size=\"800,1200\" data-comments-opened=\"1\" data-image-meta=\"{&quot;aperture&quot;:&quot;0&quot;,&quot;credit&quot;:&quot;Fotostudio Light-Style,Andi Moel&quot;,&quot;camera&quot;:&quot;&quot;,&quot;caption&quot;:&quot;&quot;,&quot;created_timestamp&quot;:&quot;0&quot;,&quot;copyright&quot;:&quot;www.light-style.eu&quot;,&quot;focal_length&quot;:&quot;0&quot;,&quot;iso&quot;:&quot;0&quot;,&quot;shutter_speed&quot;:&quot;0&quot;,&quot;title&quot;:&quot;&quot;,&quot;orientation&quot;:&quot;0&quot;}\" data-image-title=\"Mira-1-19-318\" data-image-description=\"\" data-image-caption=\"\" data-large-file=\"https:\/\/i0.wp.com\/www.light-style.eu\/Blog\/wp-content\/uploads\/2019\/12\/Mira-1-19-318.jpg?fit=800%2C1200&amp;ssl=1\" src=\"https:\/\/i0.wp.com\/www.light-style.eu\/Blog\/wp-content\/uploads\/2019\/12\/Mira-1-19-318.jpg?resize=400%2C600&#038;ssl=1\" alt=\"\" class=\"wp-image-5260\" srcset=\"https:\/\/i0.wp.com\/www.light-style.eu\/Blog\/wp-content\/uploads\/2019\/12\/Mira-1-19-318.jpg?resize=400%2C600&amp;ssl=1 400w, https:\/\/i0.wp.com\/www.light-style.eu\/Blog\/wp-content\/uploads\/2019\/12\/Mira-1-19-318.jpg?resize=768%2C1152&amp;ssl=1 768w, https:\/\/i0.wp.com\/www.light-style.eu\/Blog\/wp-content\/uploads\/2019\/12\/Mira-1-19-318.jpg?w=800&amp;ssl=1 800w\" sizes=\"auto, (max-width: 400px) 100vw, 400px\" \/><\/a><\/figure><\/div>\n\n\n\n<p class=\"has-medium-font-size\"><em>Hier nun die ersten Ergebnisse, zumindest die, welche ich Euch zeigen darf. Wir Kerle m\u00f6gen f\u00fcr uns selbst ja eher das kernige, h\u00e4rtere Licht, welches uns noch markanter erscheinen l\u00e4sst. Aber f\u00fcr zarte Weiblichkeit ist es fantastisch, ich bin begeistert und werde es bestimmt auch \u00f6fters einsetzen, auch wenn der Aufbau hier immer etwas mehr als gew\u00f6hnlich ist. Aber es lohnt sich. Und das Beste, das neue Equipment ist portabel, sodass ich es auch bei Businessfotos oder Fotos bei Euch zu Hause einsetzen kann, um ein gro\u00dfes Fenster zu simulieren. Daher sind sie auch eher den<a href=\"https:\/\/www.light-style.eu\/studiosite\/willkommen\/portraets\/portraets-speciale\/\" target=\"_blank\" rel=\"noreferrer noopener\" aria-label=\" Portr\u00e4t Speciale (\u00f6ffnet in neuem Tab)\"> Portr\u00e4t Speciale<\/a> zuzuordnen als den &#8222;normalen Portr\u00e4ts&#8220;<\/em><\/p>\n\n\n\n<div class=\"wp-block-image\"><figure class=\"aligncenter size-medium\"><a href=\"https:\/\/www.light-style.eu\/Blog\/?attachment_id=5261\"><img data-recalc-dims=\"1\" loading=\"lazy\" decoding=\"async\" width=\"400\" height=\"600\" data-attachment-id=\"5261\" data-permalink=\"https:\/\/www.light-style.eu\/Blog\/weiches-licht-zarte-weiblichkeit\/a19s0111-50\/#main\" data-orig-file=\"https:\/\/i0.wp.com\/www.light-style.eu\/Blog\/wp-content\/uploads\/2019\/12\/A19S0111-50.jpg?fit=800%2C1200&amp;ssl=1\" data-orig-size=\"800,1200\" data-comments-opened=\"1\" data-image-meta=\"{&quot;aperture&quot;:&quot;0&quot;,&quot;credit&quot;:&quot;Fotostudio Light-Style,Andi Moel&quot;,&quot;camera&quot;:&quot;&quot;,&quot;caption&quot;:&quot;&quot;,&quot;created_timestamp&quot;:&quot;0&quot;,&quot;copyright&quot;:&quot;www.light-style.eu&quot;,&quot;focal_length&quot;:&quot;0&quot;,&quot;iso&quot;:&quot;0&quot;,&quot;shutter_speed&quot;:&quot;0&quot;,&quot;title&quot;:&quot;&quot;,&quot;orientation&quot;:&quot;0&quot;}\" data-image-title=\"A19S0111-50\" data-image-description=\"\" data-image-caption=\"\" data-large-file=\"https:\/\/i0.wp.com\/www.light-style.eu\/Blog\/wp-content\/uploads\/2019\/12\/A19S0111-50.jpg?fit=800%2C1200&amp;ssl=1\" src=\"https:\/\/i0.wp.com\/www.light-style.eu\/Blog\/wp-content\/uploads\/2019\/12\/A19S0111-50.jpg?resize=400%2C600&#038;ssl=1\" alt=\"\" class=\"wp-image-5261\" srcset=\"https:\/\/i0.wp.com\/www.light-style.eu\/Blog\/wp-content\/uploads\/2019\/12\/A19S0111-50.jpg?resize=400%2C600&amp;ssl=1 400w, https:\/\/i0.wp.com\/www.light-style.eu\/Blog\/wp-content\/uploads\/2019\/12\/A19S0111-50.jpg?resize=768%2C1152&amp;ssl=1 768w, https:\/\/i0.wp.com\/www.light-style.eu\/Blog\/wp-content\/uploads\/2019\/12\/A19S0111-50.jpg?w=800&amp;ssl=1 800w\" sizes=\"auto, (max-width: 400px) 100vw, 400px\" \/><\/a><\/figure><\/div>\n\n\n\n<p class=\"has-medium-font-size\"><em>So genug vom neuen Licht geschw\u00e4rmt, nun wird brav weiter geschafft, denn Weihnachten ist nicht mehr weit. In diesem Zusammenhang auch der Hinweis, Von Heilig Abend 12.30 Uhr bis zum 5.1.2020 ist unser Studio dann geschlossen. Und im neuen Jahr wird es noch eine weitere Ver\u00e4nderung geben was die \u00d6ffnungszeiten betrifft. Mittwochnachmittags werden wir nur noch auf Terminbasis im Studio sein. Der Rest bleibt wie gewohnt. <\/em><\/p>\n\n\n\n<div class=\"wp-block-image\"><figure class=\"aligncenter size-large\"><a href=\"https:\/\/www.light-style.eu\/Blog\/?attachment_id=5262\"><img data-recalc-dims=\"1\" loading=\"lazy\" decoding=\"async\" width=\"1170\" height=\"780\" data-attachment-id=\"5262\" data-permalink=\"https:\/\/www.light-style.eu\/Blog\/weiches-licht-zarte-weiblichkeit\/mira-1-19-304\/#main\" data-orig-file=\"https:\/\/i0.wp.com\/www.light-style.eu\/Blog\/wp-content\/uploads\/2019\/12\/Mira-1-19-304.jpg?fit=1200%2C800&amp;ssl=1\" data-orig-size=\"1200,800\" data-comments-opened=\"1\" data-image-meta=\"{&quot;aperture&quot;:&quot;0&quot;,&quot;credit&quot;:&quot;Fotostudio Light-Style,Andi Moel&quot;,&quot;camera&quot;:&quot;&quot;,&quot;caption&quot;:&quot;&quot;,&quot;created_timestamp&quot;:&quot;0&quot;,&quot;copyright&quot;:&quot;www.light-style.eu&quot;,&quot;focal_length&quot;:&quot;0&quot;,&quot;iso&quot;:&quot;0&quot;,&quot;shutter_speed&quot;:&quot;0&quot;,&quot;title&quot;:&quot;&quot;,&quot;orientation&quot;:&quot;0&quot;}\" data-image-title=\"Mira-1-19-304\" data-image-description=\"\" data-image-caption=\"\" data-large-file=\"https:\/\/i0.wp.com\/www.light-style.eu\/Blog\/wp-content\/uploads\/2019\/12\/Mira-1-19-304.jpg?fit=1170%2C780&amp;ssl=1\" src=\"https:\/\/i0.wp.com\/www.light-style.eu\/Blog\/wp-content\/uploads\/2019\/12\/Mira-1-19-304.jpg?resize=1170%2C780&#038;ssl=1\" alt=\"\" class=\"wp-image-5262\" srcset=\"https:\/\/i0.wp.com\/www.light-style.eu\/Blog\/wp-content\/uploads\/2019\/12\/Mira-1-19-304.jpg?w=1200&amp;ssl=1 1200w, https:\/\/i0.wp.com\/www.light-style.eu\/Blog\/wp-content\/uploads\/2019\/12\/Mira-1-19-304.jpg?resize=600%2C400&amp;ssl=1 600w, https:\/\/i0.wp.com\/www.light-style.eu\/Blog\/wp-content\/uploads\/2019\/12\/Mira-1-19-304.jpg?resize=768%2C512&amp;ssl=1 768w\" sizes=\"auto, (max-width: 1170px) 100vw, 1170px\" \/><\/a><\/figure><\/div>\n\n\n\n<p class=\"has-medium-font-size\"><em>Ich w\u00fcnsche Euch eine tolle Adventszeit<\/em><\/p>\n\n\n\n<p>Euer Andi<\/p>\n<div style='text-align:center' class='yasr-auto-insert-visitor'><!--Yasr Visitor Votes Shortcode--><div id='yasr_visitor_votes_480c6fe692f61' class='yasr-visitor-votes'><div class=\"yasr-custom-text-vv-before yasr-custom-text-vv-before-5257\">Hat es Dir gefallen?<\/div><div id='yasr-vv-second-row-container-480c6fe692f61'\r\n                                        class='yasr-vv-second-row-container'><div id='yasr-visitor-votes-rater-480c6fe692f61'\r\n                                      class='yasr-rater-stars-vv'\r\n                                      data-rater-postid='5257'\r\n                                      data-rating='5'\r\n                                      data-rater-starsize='32'\r\n                                      data-rater-readonly='false'\r\n                                      data-rater-nonce='54488a37d4'\r\n                                      data-issingular='false'\r\n                                    ><\/div><div class=\"yasr-vv-stats-text-container\" id=\"yasr-vv-stats-text-container-480c6fe692f61\"><span id=\"yasr-vv-text-container-480c6fe692f61\" class=\"yasr-vv-text-container\">[Total: <span id=\"yasr-vv-votes-number-container-480c6fe692f61\">1<\/span> Average: <span id=\"yasr-vv-average-container-480c6fe692f61\">5<\/span>]<\/span><\/div><div id='yasr-vv-loader-480c6fe692f61' class='yasr-vv-container-loader'><\/div><\/div><div id='yasr-vv-bottom-container-480c6fe692f61'\r\n                              class='yasr-vv-bottom-container'\r\n                              style='display:none'><\/div><\/div><!--End Yasr Visitor Votes Shortcode--><\/div>","protected":false},"excerpt":{"rendered":"<p>Moin , da bin ich wieder. Heute geht es um etwas das eher f\u00fcr die holde Weiblichkeit geeignet ist als f\u00fcr uns Kerle. &#8211; Weiches Licht Und hier ganz speziell weiches Fensterlicht im Studio. Wie ich ja schon \u00f6fters bemerkt habe, bedeutet Fotografie ja nicht &#8222;klick den Ausl\u00f6ser &#8220; sondern Photo-Grafik-&#8222;Zeichnen mit Licht&#8220;. Fotografen, welche<span class=\"post-excerpt-end\">&hellip;<\/span><\/p>\n<p class=\"more-link\"><a href=\"https:\/\/www.light-style.eu\/Blog\/weiches-licht-zarte-weiblichkeit\/\" class=\"themebutton\">Read More<\/a><\/p>\n","protected":false},"author":2,"featured_media":5259,"comment_status":"open","ping_status":"open","sticky":false,"template":"","format":"status","meta":{"jetpack_post_was_ever_published":false,"yasr_overall_rating":0,"yasr_post_is_review":"","yasr_auto_insert_disabled":"","yasr_review_type":"","_jetpack_newsletter_access":"","_jetpack_dont_email_post_to_subs":false,"_jetpack_newsletter_tier_id":0,"_jetpack_memberships_contains_paywalled_content":false,"_jetpack_memberships_contains_paid_content":false,"footnotes":"","jetpack_publicize_message":"","jetpack_publicize_feature_enabled":true,"jetpack_social_post_already_shared":true,"jetpack_social_options":{"image_generator_settings":{"template":"highway","default_image_id":0,"font":"","enabled":false},"version":2}},"categories":[80,305,89,286,81,24],"tags":[16,34,25],"class_list":["post-5257","post","type-post","status-publish","format-status","has-post-thumbnail","hentry","category-aktfotos","category-alles","category-besondere-portraets","category-frauen","category-portraets","category-studio-infos","tag-erotische-portraets","tag-frauen","tag-portraets","post_format-post-format-status"],"yasr_visitor_votes":{"stars_attributes":{"read_only":false,"span_bottom":false},"number_of_votes":1,"sum_votes":5},"jetpack_publicize_connections":[],"jetpack_featured_media_url":"https:\/\/i0.wp.com\/www.light-style.eu\/Blog\/wp-content\/uploads\/2019\/12\/A19S0111-37.jpg?fit=1200%2C800&ssl=1","jetpack_sharing_enabled":true,"jetpack_shortlink":"https:\/\/wp.me\/p4Ojrv-1mN","jetpack-related-posts":[{"id":4524,"url":"https:\/\/www.light-style.eu\/Blog\/ein-mann-zig-typen\/","url_meta":{"origin":5257,"position":0},"title":"ein Mann &#8211; zig Typen","author":"Andi M\u00f6ller","date":"10. April 2019","format":"status","excerpt":"Moin moin, wer mir auf Instagram folgt hat vielleicht schon die Ank\u00fcndigung dieses Beitrags mitbekommen. Das Thema heute: wie unterschiedlich ein und derselbe Mann wirken kann. Style, Licht, Pose sind immer noch unere st\u00e4rksten Werkzeuge wenn es darum geht Menschen in dem jeweils gew\u00fcnschten Stil abzulichten. Der Standard bei mir\u2026","rel":"","context":"In &quot;Alles&quot;","block_context":{"text":"Alles","link":"https:\/\/www.light-style.eu\/Blog\/category\/alles\/"},"img":{"alt_text":"","src":"https:\/\/i0.wp.com\/www.light-style.eu\/Blog\/wp-content\/uploads\/2019\/04\/P19R0103-1.jpg?fit=1200%2C800&ssl=1&resize=350%2C200","width":350,"height":200,"srcset":"https:\/\/i0.wp.com\/www.light-style.eu\/Blog\/wp-content\/uploads\/2019\/04\/P19R0103-1.jpg?fit=1200%2C800&ssl=1&resize=350%2C200 1x, https:\/\/i0.wp.com\/www.light-style.eu\/Blog\/wp-content\/uploads\/2019\/04\/P19R0103-1.jpg?fit=1200%2C800&ssl=1&resize=525%2C300 1.5x, https:\/\/i0.wp.com\/www.light-style.eu\/Blog\/wp-content\/uploads\/2019\/04\/P19R0103-1.jpg?fit=1200%2C800&ssl=1&resize=700%2C400 2x, https:\/\/i0.wp.com\/www.light-style.eu\/Blog\/wp-content\/uploads\/2019\/04\/P19R0103-1.jpg?fit=1200%2C800&ssl=1&resize=1050%2C600 3x"},"classes":[]},{"id":2699,"url":"https:\/\/www.light-style.eu\/Blog\/musika-erotika-der-musikalische-akt\/","url_meta":{"origin":5257,"position":1},"title":"Musika Erotika &#8211; Der musikalische Akt","author":"Andi M\u00f6ller","date":"25. April 2017","format":"status","excerpt":"jepp, da bin ich wieder mal ;-) Und mit mir kommt wieder etwas Haut ins Spiel ;-) Mir gef\u00e4llt die Komposition mit Musik und zarter Erotik unheimlich gut. Ist Euch schon mal aufgefallen, dass Streichinstrumente eine weibliche Figur haben? Ok, zugegeben, beim Kontrabass ist es dann doch eher die Rubensfigur\u2026","rel":"","context":"In &quot;Aktfotos&quot;","block_context":{"text":"Aktfotos","link":"https:\/\/www.light-style.eu\/Blog\/category\/aktfotos\/"},"img":{"alt_text":"","src":"https:\/\/i0.wp.com\/www.light-style.eu\/Blog\/wp-content\/uploads\/2017\/04\/akt-geige-2017-271.jpg?fit=800%2C1200&ssl=1&resize=350%2C200","width":350,"height":200,"srcset":"https:\/\/i0.wp.com\/www.light-style.eu\/Blog\/wp-content\/uploads\/2017\/04\/akt-geige-2017-271.jpg?fit=800%2C1200&ssl=1&resize=350%2C200 1x, https:\/\/i0.wp.com\/www.light-style.eu\/Blog\/wp-content\/uploads\/2017\/04\/akt-geige-2017-271.jpg?fit=800%2C1200&ssl=1&resize=525%2C300 1.5x, https:\/\/i0.wp.com\/www.light-style.eu\/Blog\/wp-content\/uploads\/2017\/04\/akt-geige-2017-271.jpg?fit=800%2C1200&ssl=1&resize=700%2C400 2x"},"classes":[]},{"id":6385,"url":"https:\/\/www.light-style.eu\/Blog\/sportlerportraets-bogenschiessen\/","url_meta":{"origin":5257,"position":2},"title":"Sportlerportr\u00e4ts &#8211; Bogenschie\u00dfen","author":"Andi M\u00f6ller","date":"25. M\u00e4rz 2022","format":false,"excerpt":"Moin moin, heute mal wieder das Thema Sport, ich freue mich ja immer, wenn ich vor neue Herausforderungen \/ Ideen gestellt werde. Fitness Boxen etc. hatte ich ja schon den einen und anderen lieben Kunden bei mir f\u00fcr coole Sportlerportr\u00e4ts. Diesmal eine neue Sportart - Die Bogensch\u00fctzin ;-) Also ich\u2026","rel":"","context":"In &quot;Allgemein&quot;","block_context":{"text":"Allgemein","link":"https:\/\/www.light-style.eu\/Blog\/category\/allgemein\/"},"img":{"alt_text":"","src":"https:\/\/i0.wp.com\/www.light-style.eu\/Blog\/wp-content\/uploads\/2022\/03\/SP22L0103-3.jpg?fit=1200%2C800&ssl=1&resize=350%2C200","width":350,"height":200,"srcset":"https:\/\/i0.wp.com\/www.light-style.eu\/Blog\/wp-content\/uploads\/2022\/03\/SP22L0103-3.jpg?fit=1200%2C800&ssl=1&resize=350%2C200 1x, https:\/\/i0.wp.com\/www.light-style.eu\/Blog\/wp-content\/uploads\/2022\/03\/SP22L0103-3.jpg?fit=1200%2C800&ssl=1&resize=525%2C300 1.5x, https:\/\/i0.wp.com\/www.light-style.eu\/Blog\/wp-content\/uploads\/2022\/03\/SP22L0103-3.jpg?fit=1200%2C800&ssl=1&resize=700%2C400 2x, https:\/\/i0.wp.com\/www.light-style.eu\/Blog\/wp-content\/uploads\/2022\/03\/SP22L0103-3.jpg?fit=1200%2C800&ssl=1&resize=1050%2C600 3x"},"classes":[]},{"id":6032,"url":"https:\/\/www.light-style.eu\/Blog\/nur-dein-geist-ist-dein-limit\/","url_meta":{"origin":5257,"position":3},"title":"Nur Dein Geist ist Dein Limit","author":"Andi M\u00f6ller","date":"11. Mai 2021","format":false,"excerpt":"Moin moin, heute wird es mal wieder sportlich, zumindest vom fotografischen Thema her. Als ich vor wenigen Wochen Businessfotos f\u00fcr eine Fitnesstrainerin machen durfte, diese aber nicht ver\u00f6ffentlichen darf, kamen mir wieder Fotos in den Sinn, welche ich schon l\u00e4nger mal machen wollte. Eigentlich hatte ich eine junge, h\u00fcbsche Frau\u2026","rel":"","context":"In &quot;besondere Portr\u00e4ts&quot;","block_context":{"text":"besondere Portr\u00e4ts","link":"https:\/\/www.light-style.eu\/Blog\/category\/besondere-portraets\/"},"img":{"alt_text":"","src":"https:\/\/i0.wp.com\/www.light-style.eu\/Blog\/wp-content\/uploads\/2021\/05\/Sportlerfotos-Boxen-8.jpg?fit=1200%2C800&ssl=1&resize=350%2C200","width":350,"height":200,"srcset":"https:\/\/i0.wp.com\/www.light-style.eu\/Blog\/wp-content\/uploads\/2021\/05\/Sportlerfotos-Boxen-8.jpg?fit=1200%2C800&ssl=1&resize=350%2C200 1x, https:\/\/i0.wp.com\/www.light-style.eu\/Blog\/wp-content\/uploads\/2021\/05\/Sportlerfotos-Boxen-8.jpg?fit=1200%2C800&ssl=1&resize=525%2C300 1.5x, https:\/\/i0.wp.com\/www.light-style.eu\/Blog\/wp-content\/uploads\/2021\/05\/Sportlerfotos-Boxen-8.jpg?fit=1200%2C800&ssl=1&resize=700%2C400 2x, https:\/\/i0.wp.com\/www.light-style.eu\/Blog\/wp-content\/uploads\/2021\/05\/Sportlerfotos-Boxen-8.jpg?fit=1200%2C800&ssl=1&resize=1050%2C600 3x"},"classes":[]},{"id":8811,"url":"https:\/\/www.light-style.eu\/Blog\/provokation\/","url_meta":{"origin":5257,"position":4},"title":"Provokation","author":"Andi M\u00f6ller","date":"14. M\u00e4rz 2025","format":"status","excerpt":"\u201eKreativit\u00e4t ist ein wilder Geist und ein disziplinierter Blick\u201c\u2013Dorothy Parker Mit diesem passenden Zitat beginne ich mal heute. Ja, es wird provokativ, wobei ich noch nicht genau wei\u00df, wie ich diese neue Serie nennen werde, ob es wirklich \"Provokation\" oder \"freche Unsch\u00e4rfe\" wird. Lasst mich Eure Meinung wissen. Und ja,\u2026","rel":"","context":"In &quot;abseits des Alltags&quot;","block_context":{"text":"abseits des Alltags","link":"https:\/\/www.light-style.eu\/Blog\/category\/abseits-des-alltags\/"},"img":{"alt_text":"","src":"https:\/\/i0.wp.com\/www.light-style.eu\/Blog\/wp-content\/uploads\/2025\/03\/freche-Unschaerfe25-490.jpg?fit=800%2C1200&ssl=1&resize=350%2C200","width":350,"height":200,"srcset":"https:\/\/i0.wp.com\/www.light-style.eu\/Blog\/wp-content\/uploads\/2025\/03\/freche-Unschaerfe25-490.jpg?fit=800%2C1200&ssl=1&resize=350%2C200 1x, https:\/\/i0.wp.com\/www.light-style.eu\/Blog\/wp-content\/uploads\/2025\/03\/freche-Unschaerfe25-490.jpg?fit=800%2C1200&ssl=1&resize=525%2C300 1.5x, https:\/\/i0.wp.com\/www.light-style.eu\/Blog\/wp-content\/uploads\/2025\/03\/freche-Unschaerfe25-490.jpg?fit=800%2C1200&ssl=1&resize=700%2C400 2x"},"classes":[]},{"id":6109,"url":"https:\/\/www.light-style.eu\/Blog\/maennerportraets-ii\/","url_meta":{"origin":5257,"position":5},"title":"M\u00e4nnerportr\u00e4ts II","author":"Andi M\u00f6ller","date":"27. August 2021","format":false,"excerpt":"Moin, heute geht es mal wieder um uns, uns Kerle die n\u00e4mlich vor der Kamera auch keine schlechte Figur machen m\u00fcssen ;-) Ich m\u00f6chte Euch zeigen, dass wir Fotografen einfach durch den Bildaufbau, Pose, Licht und auch die Retusche ganz verschiedene Typen aus ein und derselben Person heraus Kitzen k\u00f6nnen.\u2026","rel":"","context":"In &quot;abseits des Alltags&quot;","block_context":{"text":"abseits des Alltags","link":"https:\/\/www.light-style.eu\/Blog\/category\/abseits-des-alltags\/"},"img":{"alt_text":"","src":"https:\/\/i0.wp.com\/www.light-style.eu\/Blog\/wp-content\/uploads\/2021\/08\/Alberto-Fashion-Maennerportraet-2021-53.jpg?fit=1200%2C800&ssl=1&resize=350%2C200","width":350,"height":200,"srcset":"https:\/\/i0.wp.com\/www.light-style.eu\/Blog\/wp-content\/uploads\/2021\/08\/Alberto-Fashion-Maennerportraet-2021-53.jpg?fit=1200%2C800&ssl=1&resize=350%2C200 1x, https:\/\/i0.wp.com\/www.light-style.eu\/Blog\/wp-content\/uploads\/2021\/08\/Alberto-Fashion-Maennerportraet-2021-53.jpg?fit=1200%2C800&ssl=1&resize=525%2C300 1.5x, https:\/\/i0.wp.com\/www.light-style.eu\/Blog\/wp-content\/uploads\/2021\/08\/Alberto-Fashion-Maennerportraet-2021-53.jpg?fit=1200%2C800&ssl=1&resize=700%2C400 2x, https:\/\/i0.wp.com\/www.light-style.eu\/Blog\/wp-content\/uploads\/2021\/08\/Alberto-Fashion-Maennerportraet-2021-53.jpg?fit=1200%2C800&ssl=1&resize=1050%2C600 3x"},"classes":[]}],"_links":{"self":[{"href":"https:\/\/www.light-style.eu\/Blog\/wp-json\/wp\/v2\/posts\/5257","targetHints":{"allow":["GET"]}}],"collection":[{"href":"https:\/\/www.light-style.eu\/Blog\/wp-json\/wp\/v2\/posts"}],"about":[{"href":"https:\/\/www.light-style.eu\/Blog\/wp-json\/wp\/v2\/types\/post"}],"author":[{"embeddable":true,"href":"https:\/\/www.light-style.eu\/Blog\/wp-json\/wp\/v2\/users\/2"}],"replies":[{"embeddable":true,"href":"https:\/\/www.light-style.eu\/Blog\/wp-json\/wp\/v2\/comments?post=5257"}],"version-history":[{"count":0,"href":"https:\/\/www.light-style.eu\/Blog\/wp-json\/wp\/v2\/posts\/5257\/revisions"}],"wp:featuredmedia":[{"embeddable":true,"href":"https:\/\/www.light-style.eu\/Blog\/wp-json\/wp\/v2\/media\/5259"}],"wp:attachment":[{"href":"https:\/\/www.light-style.eu\/Blog\/wp-json\/wp\/v2\/media?parent=5257"}],"wp:term":[{"taxonomy":"category","embeddable":true,"href":"https:\/\/www.light-style.eu\/Blog\/wp-json\/wp\/v2\/categories?post=5257"},{"taxonomy":"post_tag","embeddable":true,"href":"https:\/\/www.light-style.eu\/Blog\/wp-json\/wp\/v2\/tags?post=5257"}],"curies":[{"name":"wp","href":"https:\/\/api.w.org\/{rel}","templated":true}]}}