{"id":541,"date":"2014-10-09T17:46:05","date_gmt":"2014-10-09T15:46:05","guid":{"rendered":"http:\/\/www.light-style.eu\/Blog\/?p=541"},"modified":"2019-01-14T19:16:32","modified_gmt":"2019-01-14T18:16:32","slug":"wer-sagt-dass-man-bei-sch-wetter-nicht-auch-fotografieren-kann","status":"publish","type":"post","link":"https:\/\/www.light-style.eu\/Blog\/wer-sagt-dass-man-bei-sch-wetter-nicht-auch-fotografieren-kann\/","title":{"rendered":"Wer sagt dass man bei Sch&#8230;.. Wetter nicht auch fotografieren kann?"},"content":{"rendered":"<p>Immer wieder kommt auch mal bei Hochzeitsvorgespr\u00e4chen die Frage auf: ..und was machen wir wenn es so richtig schlechtes Wetter ist?&#8230;&#8230;&#8230;. Fr\u00fcher h\u00e4tte ich geantwortet, dann machen wir es im Studio&#8230;&#8230;&#8230;&#8230; aber heute ist man ja etwas weiter \ud83d\ude09 Heute wei\u00df ich das man auch bei nass-grauem Wetter, oder Regen tolle Fotos machen kann&#8230;&#8230;&#8230; einziger Nachteil, es ist ein ganzes St\u00fcck aufwendiger, nicht nur dass man sein Equipment sch\u00fctzen muss, ne auch der Assistent muss dabei sein, und das eine oder andere halten und vor Regen sch\u00fctzen, und wenn er mal den gro\u00dfen Schirm \u00fcbers Brautpaar etc halten muss \ud83d\ude09<\/p>\n<p>Aber auch die foto-Location muss dann etwas anders gew\u00e4hlt werden, ob es dann z.B. im Schloss drin fotografiert wird, oder unter einem Vordach, oder, oder, oder&#8230;&#8230;.. Und selbst im Str\u00f6menden Regen gibt es tolle Fotos, vorausgesetzt das Model bzw die Braut spielt da mit ;-), dann allerdings erst zu dunkler Stunde, und im Gegenlicht. Da hab ich noch was in Planung um Euch mal ein Beispiel zu zeigen, wird aber noch etwas dauern.<\/p>\n<p><a href=\"https:\/\/i0.wp.com\/www.light-style.eu\/Blog\/wp-content\/uploads\/2014\/10\/MG_0013-5.jpg?ssl=1\"><img data-recalc-dims=\"1\" loading=\"lazy\" decoding=\"async\" data-attachment-id=\"542\" data-permalink=\"https:\/\/www.light-style.eu\/Blog\/wer-sagt-dass-man-bei-sch-wetter-nicht-auch-fotografieren-kann\/_mg_0013-5\/#main\" data-orig-file=\"https:\/\/i0.wp.com\/www.light-style.eu\/Blog\/wp-content\/uploads\/2014\/10\/MG_0013-5.jpg?fit=500%2C333&amp;ssl=1\" data-orig-size=\"500,333\" data-comments-opened=\"1\" data-image-meta=\"{&quot;aperture&quot;:&quot;2.8&quot;,&quot;credit&quot;:&quot;Photographer: www.light-style.eu&quot;,&quot;camera&quot;:&quot;Canon EOS 5D Mark II&quot;,&quot;caption&quot;:&quot;&quot;,&quot;created_timestamp&quot;:&quot;1398617154&quot;,&quot;copyright&quot;:&quot;Copyright:Studio Light-Style&quot;,&quot;focal_length&quot;:&quot;93&quot;,&quot;iso&quot;:&quot;200&quot;,&quot;shutter_speed&quot;:&quot;0.005&quot;,&quot;title&quot;:&quot;&quot;,&quot;orientation&quot;:&quot;1&quot;}\" data-image-title=\"_MG_0013-5\" data-image-description=\"\" data-image-caption=\"\" data-large-file=\"https:\/\/i0.wp.com\/www.light-style.eu\/Blog\/wp-content\/uploads\/2014\/10\/MG_0013-5.jpg?fit=500%2C333&amp;ssl=1\" class=\"alignnone size-full wp-image-542\" src=\"https:\/\/i0.wp.com\/www.light-style.eu\/Blog\/wp-content\/uploads\/2014\/10\/MG_0013-5.jpg?resize=500%2C333&#038;ssl=1\" alt=\"_MG_0013-5\" width=\"500\" height=\"333\" \/><\/a><\/p>\n<p>Dieses Foto wurde an so einem grauen &amp; nassen Tag aufgenommen, na und recht k\u00fchl war es auch noch \ud83d\ude1b Umso mehr Dank an meinen Fotoassistenten und langj\u00e4hrigen Freund Michael, f\u00fcrs Halten diverser Gegenst\u00e4nde, vom Blitz \u00fcber den Schirm bis hin zum gepr\u00fcften Model-St\u00e4nder hat er es super gemacht \ud83d\ude09<\/p>\n<p><a href=\"https:\/\/i0.wp.com\/www.light-style.eu\/Blog\/wp-content\/uploads\/2014\/10\/MG_0042-2.jpg?ssl=1\"><img data-recalc-dims=\"1\" loading=\"lazy\" decoding=\"async\" data-attachment-id=\"543\" data-permalink=\"https:\/\/www.light-style.eu\/Blog\/wer-sagt-dass-man-bei-sch-wetter-nicht-auch-fotografieren-kann\/_mg_0042-2\/#main\" data-orig-file=\"https:\/\/i0.wp.com\/www.light-style.eu\/Blog\/wp-content\/uploads\/2014\/10\/MG_0042-2.jpg?fit=333%2C500&amp;ssl=1\" data-orig-size=\"333,500\" data-comments-opened=\"1\" data-image-meta=\"{&quot;aperture&quot;:&quot;3.2&quot;,&quot;credit&quot;:&quot;Photographer: www.light-style.eu&quot;,&quot;camera&quot;:&quot;Canon EOS 5D Mark II&quot;,&quot;caption&quot;:&quot;&quot;,&quot;created_timestamp&quot;:&quot;1398611784&quot;,&quot;copyright&quot;:&quot;Copyright:Studio Light-Style&quot;,&quot;focal_length&quot;:&quot;70&quot;,&quot;iso&quot;:&quot;100&quot;,&quot;shutter_speed&quot;:&quot;0.016666666666667&quot;,&quot;title&quot;:&quot;&quot;,&quot;orientation&quot;:&quot;1&quot;}\" data-image-title=\"_MG_0042-2\" data-image-description=\"\" data-image-caption=\"\" data-large-file=\"https:\/\/i0.wp.com\/www.light-style.eu\/Blog\/wp-content\/uploads\/2014\/10\/MG_0042-2.jpg?fit=333%2C500&amp;ssl=1\" class=\"alignnone size-full wp-image-543\" src=\"https:\/\/i0.wp.com\/www.light-style.eu\/Blog\/wp-content\/uploads\/2014\/10\/MG_0042-2.jpg?resize=333%2C500&#038;ssl=1\" alt=\"_MG_0042-2\" width=\"333\" height=\"500\" \/><\/a><\/p>\n<div style='text-align:center' class='yasr-auto-insert-visitor'><!--Yasr Visitor Votes Shortcode--><div id='yasr_visitor_votes_f6992bd5af0e5' class='yasr-visitor-votes'><div class=\"yasr-custom-text-vv-before yasr-custom-text-vv-before-541\">Hat es Dir gefallen?<\/div><div id='yasr-vv-second-row-container-f6992bd5af0e5'\r\n                                        class='yasr-vv-second-row-container'><div id='yasr-visitor-votes-rater-f6992bd5af0e5'\r\n                                      class='yasr-rater-stars-vv'\r\n                                      data-rater-postid='541'\r\n                                      data-rating='0'\r\n                                      data-rater-starsize='32'\r\n                                      data-rater-readonly='false'\r\n                                      data-rater-nonce='a4cd1d3637'\r\n                                      data-issingular='false'\r\n                                    ><\/div><div class=\"yasr-vv-stats-text-container\" id=\"yasr-vv-stats-text-container-f6992bd5af0e5\"><span id=\"yasr-vv-text-container-f6992bd5af0e5\" class=\"yasr-vv-text-container\">[Total: <span id=\"yasr-vv-votes-number-container-f6992bd5af0e5\">0<\/span> Average: <span id=\"yasr-vv-average-container-f6992bd5af0e5\">0<\/span>]<\/span><\/div><div id='yasr-vv-loader-f6992bd5af0e5' class='yasr-vv-container-loader'><\/div><\/div><div id='yasr-vv-bottom-container-f6992bd5af0e5'\r\n                              class='yasr-vv-bottom-container'\r\n                              style='display:none'><\/div><\/div><!--End Yasr Visitor Votes Shortcode--><\/div>","protected":false},"excerpt":{"rendered":"<p>Immer wieder kommt auch mal bei Hochzeitsvorgespr\u00e4chen die Frage auf: ..und was machen wir wenn es so richtig schlechtes Wetter ist?&#8230;&#8230;&#8230;. Fr\u00fcher h\u00e4tte ich geantwortet, dann machen wir es im Studio&#8230;&#8230;&#8230;&#8230; aber heute ist man ja etwas weiter \ud83d\ude09 Heute wei\u00df ich das man auch bei nass-grauem Wetter, oder Regen tolle Fotos machen kann&#8230;&#8230;&#8230; einziger<span class=\"post-excerpt-end\">&hellip;<\/span><\/p>\n<p class=\"more-link\"><a href=\"https:\/\/www.light-style.eu\/Blog\/wer-sagt-dass-man-bei-sch-wetter-nicht-auch-fotografieren-kann\/\" class=\"themebutton\">Read More<\/a><\/p>\n","protected":false},"author":2,"featured_media":542,"comment_status":"open","ping_status":"open","sticky":false,"template":"","format":"status","meta":{"jetpack_post_was_ever_published":false,"yasr_overall_rating":0,"yasr_post_is_review":"","yasr_auto_insert_disabled":"","yasr_review_type":"","_jetpack_newsletter_access":"","_jetpack_dont_email_post_to_subs":false,"_jetpack_newsletter_tier_id":0,"_jetpack_memberships_contains_paywalled_content":false,"_jetpack_memberships_contains_paid_content":false,"footnotes":"","jetpack_publicize_message":"","jetpack_publicize_feature_enabled":true,"jetpack_social_post_already_shared":true,"jetpack_social_options":{"image_generator_settings":{"template":"highway","default_image_id":0,"font":"","enabled":false},"version":2}},"categories":[1],"tags":[54,152,34],"class_list":["post-541","post","type-post","status-publish","format-status","has-post-thumbnail","hentry","category-allgemein","tag-die-geschichte-hinter-den-fotos","tag-fashion","tag-frauen","post_format-post-format-status"],"yasr_visitor_votes":{"stars_attributes":{"read_only":false,"span_bottom":false},"number_of_votes":0,"sum_votes":0},"jetpack_publicize_connections":[],"jetpack_featured_media_url":"https:\/\/i0.wp.com\/www.light-style.eu\/Blog\/wp-content\/uploads\/2014\/10\/MG_0013-5.jpg?fit=500%2C333&ssl=1","jetpack_sharing_enabled":true,"jetpack_shortlink":"https:\/\/wp.me\/p4Ojrv-8J","jetpack-related-posts":[{"id":8307,"url":"https:\/\/www.light-style.eu\/Blog\/hochzeit-bei-regenwetter-na-und\/","url_meta":{"origin":541,"position":0},"title":"Hochzeit bei Regenwetter? Na und ;-)","author":"Andi M\u00f6ller","date":"11. Juli 2024","format":"status","excerpt":"Es war einmal..... ein typischer Tag im Jahre 2024, mit anderen Worten ein komplett verregneter Tag. Was machen wir, wenn es am Tag unserer Hochzeit regnet? Diese Frage h\u00f6re ich in den meisten Vorgespr\u00e4chen mit Brautpaaren (nicht nur dieses Jahr) . Paare, welche sich im Schloss Phillipsruh in Hanau trauen\u2026","rel":"","context":"In &quot;Allgemein&quot;","block_context":{"text":"Allgemein","link":"https:\/\/www.light-style.eu\/Blog\/category\/allgemein\/"},"img":{"alt_text":"","src":"https:\/\/i0.wp.com\/www.light-style.eu\/Blog\/wp-content\/uploads\/2024\/07\/H24R0106-143.jpg?fit=1200%2C800&ssl=1&resize=350%2C200","width":350,"height":200,"srcset":"https:\/\/i0.wp.com\/www.light-style.eu\/Blog\/wp-content\/uploads\/2024\/07\/H24R0106-143.jpg?fit=1200%2C800&ssl=1&resize=350%2C200 1x, https:\/\/i0.wp.com\/www.light-style.eu\/Blog\/wp-content\/uploads\/2024\/07\/H24R0106-143.jpg?fit=1200%2C800&ssl=1&resize=525%2C300 1.5x, https:\/\/i0.wp.com\/www.light-style.eu\/Blog\/wp-content\/uploads\/2024\/07\/H24R0106-143.jpg?fit=1200%2C800&ssl=1&resize=700%2C400 2x, https:\/\/i0.wp.com\/www.light-style.eu\/Blog\/wp-content\/uploads\/2024\/07\/H24R0106-143.jpg?fit=1200%2C800&ssl=1&resize=1050%2C600 3x"},"classes":[]},{"id":757,"url":"https:\/\/www.light-style.eu\/Blog\/keine-kinderfotos-von-der-stange\/","url_meta":{"origin":541,"position":1},"title":"keine Kinderfotos von der Stange","author":"Andi M\u00f6ller","date":"23. Mai 2015","format":"status","excerpt":"Moin und bevor ich`s vergesse Euch Allen ein tollen Pfingswochenende. Wer meine Fotos kennt, wei\u00df das ich ungern von der Stange fotografiere, mal was Neues, mal etwas Anderes. Diesmal war ein junger Mann im Studio, denke es sind ganz nette Kinderportr\u00e4ts geworden. Von der ganz anderen Art wird es n\u00e4chstes\u2026","rel":"","context":"In &quot;Allgemein&quot;","block_context":{"text":"Allgemein","link":"https:\/\/www.light-style.eu\/Blog\/category\/allgemein\/"},"img":{"alt_text":"P15L0105--13-Bearbeitet Kopie","src":"https:\/\/i0.wp.com\/www.light-style.eu\/Blog\/wp-content\/uploads\/2015\/05\/P15L0105-13-Bearbeitet-Kopie-200x300.jpg?resize=350%2C200&ssl=1","width":350,"height":200},"classes":[]},{"id":3418,"url":"https:\/\/www.light-style.eu\/Blog\/es-lebt-noch\/","url_meta":{"origin":541,"position":2},"title":"Es lebt noch ;-)","author":"Andi M\u00f6ller","date":"13. April 2018","format":"status","excerpt":"Ich dachte mir, bevor hier in Rodenbach die Ger\u00fcchte aufkommen, ich sei verstorben,\u00a0 gebe ich mal ein kurzes Lebenszeichen. ;-) ;-D Zur Zeit ist es nur unglaublich arbeitsreich im Studio, daher finde ich dieses Jahr kaum Zeit mich um den Blog zu k\u00fcmmern, zumal ich Euch nicht st\u00e4ndig Baby oder\u2026","rel":"","context":"In &quot;Alles&quot;","block_context":{"text":"Alles","link":"https:\/\/www.light-style.eu\/Blog\/category\/alles\/"},"img":{"alt_text":"","src":"https:\/\/i0.wp.com\/www.light-style.eu\/Blog\/wp-content\/uploads\/2018\/04\/T18S0103-4.jpg?fit=800%2C1200&ssl=1&resize=350%2C200","width":350,"height":200,"srcset":"https:\/\/i0.wp.com\/www.light-style.eu\/Blog\/wp-content\/uploads\/2018\/04\/T18S0103-4.jpg?fit=800%2C1200&ssl=1&resize=350%2C200 1x, https:\/\/i0.wp.com\/www.light-style.eu\/Blog\/wp-content\/uploads\/2018\/04\/T18S0103-4.jpg?fit=800%2C1200&ssl=1&resize=525%2C300 1.5x, https:\/\/i0.wp.com\/www.light-style.eu\/Blog\/wp-content\/uploads\/2018\/04\/T18S0103-4.jpg?fit=800%2C1200&ssl=1&resize=700%2C400 2x"},"classes":[]},{"id":813,"url":"https:\/\/www.light-style.eu\/Blog\/sonne-meer-segelschiffe-die-kieler-woche-2015-ein-traum\/","url_meta":{"origin":541,"position":3},"title":"Sonne, Meer, Segelschiffe&#8230;. die Kieler Woche 2015 &#8230; ein Traum","author":"Andi M\u00f6ller","date":"2. Juli 2015","format":"status","excerpt":"Moin moin, wie man bei uns im Norden den ganzen Tag \u00fcber sagt. Denn genau von dort bin ich vorgestern zur\u00fcck gekommen. Ich hab mir mal 5 Tage Kurzurlaub geg\u00f6nnt und war mit Michel, meinem langj\u00e4hrigen Freund und dem Mann f\u00fcrs Grobe bei so manchem Shooting auf der Kieler Woche.\u2026","rel":"","context":"In &quot;abseits des Alltags&quot;","block_context":{"text":"abseits des Alltags","link":"https:\/\/www.light-style.eu\/Blog\/category\/abseits-des-alltags\/"},"img":{"alt_text":"","src":"https:\/\/i0.wp.com\/www.light-style.eu\/Blog\/wp-content\/uploads\/2015\/07\/Kieler-Woche-2015-151.jpg?fit=1200%2C800&ssl=1&resize=350%2C200","width":350,"height":200,"srcset":"https:\/\/i0.wp.com\/www.light-style.eu\/Blog\/wp-content\/uploads\/2015\/07\/Kieler-Woche-2015-151.jpg?fit=1200%2C800&ssl=1&resize=350%2C200 1x, https:\/\/i0.wp.com\/www.light-style.eu\/Blog\/wp-content\/uploads\/2015\/07\/Kieler-Woche-2015-151.jpg?fit=1200%2C800&ssl=1&resize=525%2C300 1.5x, https:\/\/i0.wp.com\/www.light-style.eu\/Blog\/wp-content\/uploads\/2015\/07\/Kieler-Woche-2015-151.jpg?fit=1200%2C800&ssl=1&resize=700%2C400 2x, https:\/\/i0.wp.com\/www.light-style.eu\/Blog\/wp-content\/uploads\/2015\/07\/Kieler-Woche-2015-151.jpg?fit=1200%2C800&ssl=1&resize=1050%2C600 3x"},"classes":[]},{"id":180,"url":"https:\/\/www.light-style.eu\/Blog\/lightroom-und-seine-tuecken\/","url_meta":{"origin":541,"position":4},"title":"Lightroom und seine T\u00fccken","author":"Andi M\u00f6ller","date":"6. Juni 2014","format":false,"excerpt":"Moin zusammen, wer von Euch kennt das gute Adobe Lightroom? Gestern hat es mich mal wieder einige Stunden gekosten eine kleine Unaschtsamkeit vom Vortag wieder auszub\u00fcgeln. Ein kleines K\u00e4kchen und es war passiert :-( Die 1556 Fotos vom Weddingshooting vom Wochenende, waren ja soweit in Lightroom eingelesen und nach dem\u2026","rel":"","context":"In &quot;Allgemein&quot;","block_context":{"text":"Allgemein","link":"https:\/\/www.light-style.eu\/Blog\/category\/allgemein\/"},"img":{"alt_text":"","src":"https:\/\/i0.wp.com\/www.light-style.eu\/Blog\/wp-content\/uploads\/2019\/01\/Hochzeitsshooting-R%C3%BCgen-1073-1-800x1200.jpg?resize=350%2C200&ssl=1","width":350,"height":200,"srcset":"https:\/\/i0.wp.com\/www.light-style.eu\/Blog\/wp-content\/uploads\/2019\/01\/Hochzeitsshooting-R%C3%BCgen-1073-1-800x1200.jpg?resize=350%2C200&ssl=1 1x, https:\/\/i0.wp.com\/www.light-style.eu\/Blog\/wp-content\/uploads\/2019\/01\/Hochzeitsshooting-R%C3%BCgen-1073-1-800x1200.jpg?resize=525%2C300&ssl=1 1.5x, https:\/\/i0.wp.com\/www.light-style.eu\/Blog\/wp-content\/uploads\/2019\/01\/Hochzeitsshooting-R%C3%BCgen-1073-1-800x1200.jpg?resize=700%2C400&ssl=1 2x"},"classes":[]},{"id":3475,"url":"https:\/\/www.light-style.eu\/Blog\/shadows-lights\/","url_meta":{"origin":541,"position":5},"title":"shadows &#038; lights","author":"Andi M\u00f6ller","date":"14. Juni 2018","format":"status","excerpt":"Moin, da bin ich endlich mal wieder. Das Jahr 2018\u00a0 hat es faustdick hinter den Ohren- ;-D. Aber ich will mich nicht dar\u00fcber beschweren :-) Licht und Schatten, dies ist der Titel heute, wie von mir ja hin und wieder betont, bedeutet Fotografie, zeichnen mit Licht ;-) und wo Licht\u2026","rel":"","context":"In &quot;Aktfotos&quot;","block_context":{"text":"Aktfotos","link":"https:\/\/www.light-style.eu\/Blog\/category\/aktfotos\/"},"img":{"alt_text":"","src":"https:\/\/i0.wp.com\/www.light-style.eu\/Blog\/wp-content\/uploads\/2018\/06\/A18L0105-2.jpg?fit=1200%2C800&ssl=1&resize=350%2C200","width":350,"height":200,"srcset":"https:\/\/i0.wp.com\/www.light-style.eu\/Blog\/wp-content\/uploads\/2018\/06\/A18L0105-2.jpg?fit=1200%2C800&ssl=1&resize=350%2C200 1x, https:\/\/i0.wp.com\/www.light-style.eu\/Blog\/wp-content\/uploads\/2018\/06\/A18L0105-2.jpg?fit=1200%2C800&ssl=1&resize=525%2C300 1.5x, https:\/\/i0.wp.com\/www.light-style.eu\/Blog\/wp-content\/uploads\/2018\/06\/A18L0105-2.jpg?fit=1200%2C800&ssl=1&resize=700%2C400 2x, https:\/\/i0.wp.com\/www.light-style.eu\/Blog\/wp-content\/uploads\/2018\/06\/A18L0105-2.jpg?fit=1200%2C800&ssl=1&resize=1050%2C600 3x"},"classes":[]}],"_links":{"self":[{"href":"https:\/\/www.light-style.eu\/Blog\/wp-json\/wp\/v2\/posts\/541","targetHints":{"allow":["GET"]}}],"collection":[{"href":"https:\/\/www.light-style.eu\/Blog\/wp-json\/wp\/v2\/posts"}],"about":[{"href":"https:\/\/www.light-style.eu\/Blog\/wp-json\/wp\/v2\/types\/post"}],"author":[{"embeddable":true,"href":"https:\/\/www.light-style.eu\/Blog\/wp-json\/wp\/v2\/users\/2"}],"replies":[{"embeddable":true,"href":"https:\/\/www.light-style.eu\/Blog\/wp-json\/wp\/v2\/comments?post=541"}],"version-history":[{"count":0,"href":"https:\/\/www.light-style.eu\/Blog\/wp-json\/wp\/v2\/posts\/541\/revisions"}],"wp:featuredmedia":[{"embeddable":true,"href":"https:\/\/www.light-style.eu\/Blog\/wp-json\/wp\/v2\/media\/542"}],"wp:attachment":[{"href":"https:\/\/www.light-style.eu\/Blog\/wp-json\/wp\/v2\/media?parent=541"}],"wp:term":[{"taxonomy":"category","embeddable":true,"href":"https:\/\/www.light-style.eu\/Blog\/wp-json\/wp\/v2\/categories?post=541"},{"taxonomy":"post_tag","embeddable":true,"href":"https:\/\/www.light-style.eu\/Blog\/wp-json\/wp\/v2\/tags?post=541"}],"curies":[{"name":"wp","href":"https:\/\/api.w.org\/{rel}","templated":true}]}}