{"id":546,"date":"2014-10-15T11:15:49","date_gmt":"2014-10-15T09:15:49","guid":{"rendered":"http:\/\/www.light-style.eu\/Blog\/?p=546"},"modified":"2019-01-14T19:15:06","modified_gmt":"2019-01-14T18:15:06","slug":"die-frau-aus-der-nachbarschaft","status":"publish","type":"post","link":"https:\/\/www.light-style.eu\/Blog\/die-frau-aus-der-nachbarschaft\/","title":{"rendered":"die Frau aus der Nachbarschaft"},"content":{"rendered":"<p>Moin moin zusammen ,<\/p>\n<p>Es ist ja gro\u00dfe Mode geworden sich neuerdings jedem x-beliebigen Fotografen auf diversen Plattformen zur Verf\u00fcgung zu stellen. Man oder besser Frau will sch\u00f6ne Fotos von sich haben, also dann warum beim Fotografen bezahlen was man doch umsonst haben kann?<\/p>\n<p>So zieren die Websites vieler Kollegen oder die Facebook Seiten, unz\u00e4hlige Fotos von jungen Frauen die gerne vor der Kamera stehen und mehr oder weniger wissen wie sie sich vor der Kamera bewegen sollen. Ok \u00fcber die Ergebnisse, vor allem auf den Modelforen kann man geteilter Meinung sein. Obwohl ich und viele ernsthafte Kollegen mittlerweile gerade im Aktbereich Augenkrebs bekommen, aber egal jeder muss ja wissen was er m\u00f6chte. Von Geschichten die ich im Laufe der Jahre direkt erz\u00e4hlt bekommen habe, wie Grapschen, unmoralische Angebote bin hin zur versuchten Vergewaltigung war Alles dabei.<\/p>\n<p>Dies kann sich der Fotograf vor Ort gar nicht leisten, einmal unsittlich geworden, kann jeder von uns sein Gesch\u00e4ft zu machen. Aber darum geht es heute ja gar nicht \ud83d\ude1b<\/p>\n<p>Vielmehr um die Frau aus der Nachbarschaft, die &#8222;normale&#8220; Frau wie Du ( jetzt h\u00e4tte ich fast&#8230; und wie ich &#8212;geschrieben&#8230;ggg ) In JEDER Frau steckt ein Model, sie muss es einfach nur entdecken, mit dem richtigen Fotografen ( die Chemie muss stimmen) kann jede Frau tolle Fotos von sich bekommen, und wenn ich sage: Jede, meine ich auch Jede. So einen Quatsch wie &#8222;unfotogen&#8220; gibt es nicht. Man muss sich nur einen Fotografen suchen, der wei\u00df was er macht und diesem dann auch bei der Beratung was Stil, Kleidung, Make-Up betrifft vertrauen.<\/p>\n<p>Klar habe ich auch ein paar meiner Fotos mit diesen Modellen geschossen, ist auch super wenn man neue Lichtf\u00fchrung oder Posen mal ausprobieren m\u00f6chte bevor man dann damit auf die Kunden losgeht \ud83d\ude09 Allerdings sind ca 90% der Fotos auf meiner Seite von &#8222;normalen &#8220; Kunden, so wie dieses Foto hier.<\/p>\n<p><a href=\"https:\/\/i0.wp.com\/www.light-style.eu\/Blog\/wp-content\/uploads\/2014\/10\/BI13W0103-1_23-1.jpg?ssl=1\"><img data-recalc-dims=\"1\" loading=\"lazy\" decoding=\"async\" data-attachment-id=\"547\" data-permalink=\"https:\/\/www.light-style.eu\/Blog\/die-frau-aus-der-nachbarschaft\/bi13w0103-1_23-1\/#main\" data-orig-file=\"https:\/\/i0.wp.com\/www.light-style.eu\/Blog\/wp-content\/uploads\/2014\/10\/BI13W0103-1_23-1.jpg?fit=357%2C500&amp;ssl=1\" data-orig-size=\"357,500\" data-comments-opened=\"1\" data-image-meta=\"{&quot;aperture&quot;:&quot;9&quot;,&quot;credit&quot;:&quot;Photographer: www.light-style.eu&quot;,&quot;camera&quot;:&quot;Canon EOS 5D Mark II&quot;,&quot;caption&quot;:&quot;&quot;,&quot;created_timestamp&quot;:&quot;1364937319&quot;,&quot;copyright&quot;:&quot;Copyright:Studio Light-Style&quot;,&quot;focal_length&quot;:&quot;80&quot;,&quot;iso&quot;:&quot;50&quot;,&quot;shutter_speed&quot;:&quot;0.008&quot;,&quot;title&quot;:&quot;&quot;,&quot;orientation&quot;:&quot;1&quot;}\" data-image-title=\"BI13W0103-1_23-1\" data-image-description=\"\" data-image-caption=\"\" data-large-file=\"https:\/\/i0.wp.com\/www.light-style.eu\/Blog\/wp-content\/uploads\/2014\/10\/BI13W0103-1_23-1.jpg?fit=357%2C500&amp;ssl=1\" class=\"alignnone size-full wp-image-547\" src=\"https:\/\/i0.wp.com\/www.light-style.eu\/Blog\/wp-content\/uploads\/2014\/10\/BI13W0103-1_23-1.jpg?resize=357%2C500&#038;ssl=1\" alt=\"BI13W0103-1_23-1\" width=\"357\" height=\"500\"\/><\/a><\/p>\n<p>Es ist die Kunst des Fotografens, jede Frau oder Mann ins rechte Licht zu r\u00fccken, egal wie attraktiv die Gesellschaft sie \/ihn empfindet. Jeder Mensch ist auf seine Weise fotogen .<\/p>\n<p>Letztes Jahr hatte ich eine Kundin, am Telefon merkte ich schon, das sehr geringe Selbstwertgef\u00fchl. Und als Sie ins Studio kam, ja sie war nicht der typische modeltyp. Ein paar Kilos mehr, d\u00fcnne haare, aber sie wollte ihrem Mann besondere Fotos von sich zu Weihnachten schenken. Selbst ich werde manchmal nach dem make-Up \u00fcberrascht wie sich Frauen zum Positiven verwandeln, na ich will nicht mehr lange quatschen&#8230;&#8230;als sie dann ne Woche sp\u00e4ter ihre Fotos gesehen hat, haben Ihr vor Freude die Tr\u00e4nen in den Augen gestanden&#8230;&#8230;&#8230;&#8230;&#8230; Das sind die Momente welche den Beruf so besonders machen, sowas ist auch f\u00fcr uns Fotografen unbezahlbar, wenn man merkt wie gl\u00fccklich jemand \u00fcber seine Fotos ist.<\/p>\n<p>Ich liebe meinen Beruf \ud83d\ude42<\/p>\n<p>Euer Andi<\/p>\n<p>&nbsp;<\/p>\n<div style='text-align:center' class='yasr-auto-insert-visitor'><!--Yasr Visitor Votes Shortcode--><div id='yasr_visitor_votes_33995d46ffeae' class='yasr-visitor-votes'><div class=\"yasr-custom-text-vv-before yasr-custom-text-vv-before-546\">Hat es Dir gefallen?<\/div><div id='yasr-vv-second-row-container-33995d46ffeae'\r\n                                        class='yasr-vv-second-row-container'><div id='yasr-visitor-votes-rater-33995d46ffeae'\r\n                                      class='yasr-rater-stars-vv'\r\n                                      data-rater-postid='546'\r\n                                      data-rating='0'\r\n                                      data-rater-starsize='32'\r\n                                      data-rater-readonly='false'\r\n                                      data-rater-nonce='54488a37d4'\r\n                                      data-issingular='false'\r\n                                    ><\/div><div class=\"yasr-vv-stats-text-container\" id=\"yasr-vv-stats-text-container-33995d46ffeae\"><span id=\"yasr-vv-text-container-33995d46ffeae\" class=\"yasr-vv-text-container\">[Total: <span id=\"yasr-vv-votes-number-container-33995d46ffeae\">0<\/span> Average: <span id=\"yasr-vv-average-container-33995d46ffeae\">0<\/span>]<\/span><\/div><div id='yasr-vv-loader-33995d46ffeae' class='yasr-vv-container-loader'><\/div><\/div><div id='yasr-vv-bottom-container-33995d46ffeae'\r\n                              class='yasr-vv-bottom-container'\r\n                              style='display:none'><\/div><\/div><!--End Yasr Visitor Votes Shortcode--><\/div>","protected":false},"excerpt":{"rendered":"<p>Moin moin zusammen , Es ist ja gro\u00dfe Mode geworden sich neuerdings jedem x-beliebigen Fotografen auf diversen Plattformen zur Verf\u00fcgung zu stellen. Man oder besser Frau will sch\u00f6ne Fotos von sich haben, also dann warum beim Fotografen bezahlen was man doch umsonst haben kann? So zieren die Websites vieler Kollegen oder die Facebook Seiten, unz\u00e4hlige<span class=\"post-excerpt-end\">&hellip;<\/span><\/p>\n<p class=\"more-link\"><a href=\"https:\/\/www.light-style.eu\/Blog\/die-frau-aus-der-nachbarschaft\/\" class=\"themebutton\">Read More<\/a><\/p>\n","protected":false},"author":2,"featured_media":0,"comment_status":"open","ping_status":"open","sticky":false,"template":"","format":"status","meta":{"jetpack_post_was_ever_published":false,"yasr_overall_rating":0,"yasr_post_is_review":"","yasr_auto_insert_disabled":"","yasr_review_type":"","_jetpack_newsletter_access":"","_jetpack_dont_email_post_to_subs":false,"_jetpack_newsletter_tier_id":0,"_jetpack_memberships_contains_paywalled_content":false,"_jetpack_memberships_contains_paid_content":false,"footnotes":"","jetpack_publicize_message":"","jetpack_publicize_feature_enabled":true,"jetpack_social_post_already_shared":true,"jetpack_social_options":{"image_generator_settings":{"template":"highway","default_image_id":0,"font":"","enabled":false},"version":2}},"categories":[1],"tags":[34,25],"class_list":["post-546","post","type-post","status-publish","format-status","hentry","category-allgemein","tag-frauen","tag-portraets","post_format-post-format-status"],"yasr_visitor_votes":{"stars_attributes":{"read_only":false,"span_bottom":false},"number_of_votes":0,"sum_votes":0},"jetpack_publicize_connections":[],"jetpack_featured_media_url":"","jetpack_sharing_enabled":true,"jetpack_shortlink":"https:\/\/wp.me\/p4Ojrv-8O","jetpack-related-posts":[{"id":5114,"url":"https:\/\/www.light-style.eu\/Blog\/girls-pearls\/","url_meta":{"origin":546,"position":0},"title":"Girls &#038; Pearls","author":"Andi M\u00f6ller","date":"23. Oktober 2019","format":"status","excerpt":"Moin moin, wie ich Euch ja z.B. auf Instagram versprochen habe, geht es heute mal wieder weg von Freizeitfotos hin zur ernsthaften Fotografie. ;-) Und damit zur\u00fcck zur Kunst. Im Laufe der vielen Jahre hier im Studio hat sich ja Einiges an Styling Material hier angesammelt und es ist einfach\u2026","rel":"","context":"In &quot;Aktfotos&quot;","block_context":{"text":"Aktfotos","link":"https:\/\/www.light-style.eu\/Blog\/category\/aktfotos\/"},"img":{"alt_text":"","src":"https:\/\/i0.wp.com\/www.light-style.eu\/Blog\/wp-content\/uploads\/2019\/10\/A19H0109-114.jpg?fit=1200%2C800&ssl=1&resize=350%2C200","width":350,"height":200,"srcset":"https:\/\/i0.wp.com\/www.light-style.eu\/Blog\/wp-content\/uploads\/2019\/10\/A19H0109-114.jpg?fit=1200%2C800&ssl=1&resize=350%2C200 1x, https:\/\/i0.wp.com\/www.light-style.eu\/Blog\/wp-content\/uploads\/2019\/10\/A19H0109-114.jpg?fit=1200%2C800&ssl=1&resize=525%2C300 1.5x, https:\/\/i0.wp.com\/www.light-style.eu\/Blog\/wp-content\/uploads\/2019\/10\/A19H0109-114.jpg?fit=1200%2C800&ssl=1&resize=700%2C400 2x, https:\/\/i0.wp.com\/www.light-style.eu\/Blog\/wp-content\/uploads\/2019\/10\/A19H0109-114.jpg?fit=1200%2C800&ssl=1&resize=1050%2C600 3x"},"classes":[]},{"id":4524,"url":"https:\/\/www.light-style.eu\/Blog\/ein-mann-zig-typen\/","url_meta":{"origin":546,"position":1},"title":"ein Mann &#8211; zig Typen","author":"Andi M\u00f6ller","date":"10. April 2019","format":"status","excerpt":"Moin moin, wer mir auf Instagram folgt hat vielleicht schon die Ank\u00fcndigung dieses Beitrags mitbekommen. Das Thema heute: wie unterschiedlich ein und derselbe Mann wirken kann. Style, Licht, Pose sind immer noch unere st\u00e4rksten Werkzeuge wenn es darum geht Menschen in dem jeweils gew\u00fcnschten Stil abzulichten. Der Standard bei mir\u2026","rel":"","context":"In &quot;Alles&quot;","block_context":{"text":"Alles","link":"https:\/\/www.light-style.eu\/Blog\/category\/alles\/"},"img":{"alt_text":"","src":"https:\/\/i0.wp.com\/www.light-style.eu\/Blog\/wp-content\/uploads\/2019\/04\/P19R0103-1.jpg?fit=1200%2C800&ssl=1&resize=350%2C200","width":350,"height":200,"srcset":"https:\/\/i0.wp.com\/www.light-style.eu\/Blog\/wp-content\/uploads\/2019\/04\/P19R0103-1.jpg?fit=1200%2C800&ssl=1&resize=350%2C200 1x, https:\/\/i0.wp.com\/www.light-style.eu\/Blog\/wp-content\/uploads\/2019\/04\/P19R0103-1.jpg?fit=1200%2C800&ssl=1&resize=525%2C300 1.5x, https:\/\/i0.wp.com\/www.light-style.eu\/Blog\/wp-content\/uploads\/2019\/04\/P19R0103-1.jpg?fit=1200%2C800&ssl=1&resize=700%2C400 2x, https:\/\/i0.wp.com\/www.light-style.eu\/Blog\/wp-content\/uploads\/2019\/04\/P19R0103-1.jpg?fit=1200%2C800&ssl=1&resize=1050%2C600 3x"},"classes":[]},{"id":5306,"url":"https:\/\/www.light-style.eu\/Blog\/erotik-abseits-kleidergroesse-34\/","url_meta":{"origin":546,"position":2},"title":"Erotik abseits Kleidergr\u00f6\u00dfe 34","author":"Andi M\u00f6ller","date":"6. Februar 2020","format":"status","excerpt":"Moin moin, nach der Aufregung um Seehofer mit seinen idiotischen Vorschl\u00e4gen zu Passfotos und unserem erfolgreichen Aufschrei in der Branche, geht es heute mal wieder um die anspruchsvolle Fotografie. Junge, schlanke, bildh\u00fcbsche M\u00e4dchen abzulichten ist ja recht einfach, gerade dann, wenn sie es gewohnt sind vor dem Handy oder Kamera\u2026","rel":"","context":"In &quot;Aktfotos&quot;","block_context":{"text":"Aktfotos","link":"https:\/\/www.light-style.eu\/Blog\/category\/aktfotos\/"},"img":{"alt_text":"","src":"https:\/\/i0.wp.com\/www.light-style.eu\/Blog\/wp-content\/uploads\/2020\/02\/A20T0101-150.jpg?fit=1200%2C800&ssl=1&resize=350%2C200","width":350,"height":200,"srcset":"https:\/\/i0.wp.com\/www.light-style.eu\/Blog\/wp-content\/uploads\/2020\/02\/A20T0101-150.jpg?fit=1200%2C800&ssl=1&resize=350%2C200 1x, https:\/\/i0.wp.com\/www.light-style.eu\/Blog\/wp-content\/uploads\/2020\/02\/A20T0101-150.jpg?fit=1200%2C800&ssl=1&resize=525%2C300 1.5x, https:\/\/i0.wp.com\/www.light-style.eu\/Blog\/wp-content\/uploads\/2020\/02\/A20T0101-150.jpg?fit=1200%2C800&ssl=1&resize=700%2C400 2x, https:\/\/i0.wp.com\/www.light-style.eu\/Blog\/wp-content\/uploads\/2020\/02\/A20T0101-150.jpg?fit=1200%2C800&ssl=1&resize=1050%2C600 3x"},"classes":[]},{"id":2590,"url":"https:\/\/www.light-style.eu\/Blog\/scherben-bringen-glueck-highspeedfotografie\/","url_meta":{"origin":546,"position":3},"title":"Scherben bringen Gl\u00fcck &#8211; Highspeedfotografie","author":"Andi M\u00f6ller","date":"24. Januar 2017","format":"status","excerpt":"Moin moin, ich hatte es Euch ja angek\u00fcndigt, wollte Euch an meiner kindlichen Zerst\u00f6rungswut im Studio teilhaben lassen :-D ;-) Es war mal wieder so ein Tag, an dem ich mir w\u00fcnsche das Studio w\u00e4re 3mal so gro\u00df. Aber es musste auch so gehen. Eins ganz am Anfang, wenn Ihr\u2026","rel":"","context":"In &quot;abseits des Alltags&quot;","block_context":{"text":"abseits des Alltags","link":"https:\/\/www.light-style.eu\/Blog\/category\/abseits-des-alltags\/"},"img":{"alt_text":"","src":"https:\/\/i0.wp.com\/www.light-style.eu\/Blog\/wp-content\/uploads\/2017\/01\/springendes-Glas-17.jpg?fit=1200%2C800&ssl=1&resize=350%2C200","width":350,"height":200,"srcset":"https:\/\/i0.wp.com\/www.light-style.eu\/Blog\/wp-content\/uploads\/2017\/01\/springendes-Glas-17.jpg?fit=1200%2C800&ssl=1&resize=350%2C200 1x, https:\/\/i0.wp.com\/www.light-style.eu\/Blog\/wp-content\/uploads\/2017\/01\/springendes-Glas-17.jpg?fit=1200%2C800&ssl=1&resize=525%2C300 1.5x, https:\/\/i0.wp.com\/www.light-style.eu\/Blog\/wp-content\/uploads\/2017\/01\/springendes-Glas-17.jpg?fit=1200%2C800&ssl=1&resize=700%2C400 2x, https:\/\/i0.wp.com\/www.light-style.eu\/Blog\/wp-content\/uploads\/2017\/01\/springendes-Glas-17.jpg?fit=1200%2C800&ssl=1&resize=1050%2C600 3x"},"classes":[]},{"id":510,"url":"https:\/\/www.light-style.eu\/Blog\/autsch-die-hochzeitsfotos-haben-echt-weh-getan\/","url_meta":{"origin":546,"position":4},"title":"autsch&#8230;. die Hochzeitsfotos haben echt weh getan &#8230;..","author":"Andi M\u00f6ller","date":"12. September 2014","format":"status","excerpt":"Moin moin, ich muss gestehen ich habe ein paar Tage \u00fcberlegt ob ich Euch folgende Geschichten erz\u00e4hle oder einfach die Klappe halte ;-) Aber ich denke nachdem es sich h\u00e4uft will ich Euch zumindest mal dr\u00fcber informieren. In den letzten 3 Wochen habe ich aus dem Bekanntenkreis 2 Storries geh\u00f6rt\u2026","rel":"","context":"In &quot;Allgemein&quot;","block_context":{"text":"Allgemein","link":"https:\/\/www.light-style.eu\/Blog\/category\/allgemein\/"},"img":{"alt_text":"","src":"https:\/\/i0.wp.com\/www.light-style.eu\/Blog\/wp-content\/uploads\/2014\/06\/kein-Beitragsbild.jpg?fit=360%2C240&ssl=1&resize=350%2C200","width":350,"height":200},"classes":[]},{"id":610,"url":"https:\/\/www.light-style.eu\/Blog\/babyfotos-krankenhaus-oder-fotograf\/","url_meta":{"origin":546,"position":5},"title":"Babyfotos &#8211;Krankenhaus oder Fotograf","author":"Andi M\u00f6ller","date":"23. Februar 2015","format":"status","excerpt":"Moin moin, da bin ich wieder, und hab mal Zeit f\u00fcr den kleinen Blogeintrag ;-) Die Tage war mal wieder ein ganz junger Erdenb\u00fcrger bei mir, eine Woche alt, einfach knuffig :-) Die Eltern hatten zwar schon im Krankenhaus die standard-Babyfotos machen lassen, aber als die Mutter einen kleinen teil\u2026","rel":"","context":"In &quot;Allgemein&quot;","block_context":{"text":"Allgemein","link":"https:\/\/www.light-style.eu\/Blog\/category\/allgemein\/"},"img":{"alt_text":"B15K0102-56-Bearbeitet Kopie","src":"https:\/\/i0.wp.com\/www.light-style.eu\/Blog\/wp-content\/uploads\/2015\/02\/B15K0102-56-Bearbeitet-Kopie.jpg?resize=350%2C200&ssl=1","width":350,"height":200},"classes":[]}],"_links":{"self":[{"href":"https:\/\/www.light-style.eu\/Blog\/wp-json\/wp\/v2\/posts\/546","targetHints":{"allow":["GET"]}}],"collection":[{"href":"https:\/\/www.light-style.eu\/Blog\/wp-json\/wp\/v2\/posts"}],"about":[{"href":"https:\/\/www.light-style.eu\/Blog\/wp-json\/wp\/v2\/types\/post"}],"author":[{"embeddable":true,"href":"https:\/\/www.light-style.eu\/Blog\/wp-json\/wp\/v2\/users\/2"}],"replies":[{"embeddable":true,"href":"https:\/\/www.light-style.eu\/Blog\/wp-json\/wp\/v2\/comments?post=546"}],"version-history":[{"count":0,"href":"https:\/\/www.light-style.eu\/Blog\/wp-json\/wp\/v2\/posts\/546\/revisions"}],"wp:attachment":[{"href":"https:\/\/www.light-style.eu\/Blog\/wp-json\/wp\/v2\/media?parent=546"}],"wp:term":[{"taxonomy":"category","embeddable":true,"href":"https:\/\/www.light-style.eu\/Blog\/wp-json\/wp\/v2\/categories?post=546"},{"taxonomy":"post_tag","embeddable":true,"href":"https:\/\/www.light-style.eu\/Blog\/wp-json\/wp\/v2\/tags?post=546"}],"curies":[{"name":"wp","href":"https:\/\/api.w.org\/{rel}","templated":true}]}}