{"id":5488,"date":"2020-05-12T17:58:39","date_gmt":"2020-05-12T15:58:39","guid":{"rendered":"https:\/\/www.light-style.eu\/Blog\/?p=5488"},"modified":"2020-05-12T17:58:43","modified_gmt":"2020-05-12T15:58:43","slug":"es-geht-weiter-trotz-corona","status":"publish","type":"post","link":"https:\/\/www.light-style.eu\/Blog\/es-geht-weiter-trotz-corona\/","title":{"rendered":"Weiter gehts&#8230;&#8230; ;-)"},"content":{"rendered":"\n\n\n<p>So, nun wollen wir mal langsam wieder zur\u00fcck zur Normalit\u00e4t gehen. Auch wenn unsere aktuellen Corona-\u00d6ffnungszeiten weiterhin gelten, hei\u00dft das ja nicht das wir nicht auch in den Tagen als es nur nach Terminen ging, nicht auch ein paar s\u00fc\u00dfe Fotos kreiert haben \ud83d\ude09<\/p>\n\n\n\n<div class=\"wp-block-image\"><figure class=\"aligncenter size-large is-resized\"><img data-recalc-dims=\"1\" loading=\"lazy\" decoding=\"async\" data-attachment-id=\"5489\" data-permalink=\"https:\/\/www.light-style.eu\/Blog\/es-geht-weiter-trotz-corona\/t20w0104-4\/#main\" data-orig-file=\"https:\/\/i0.wp.com\/www.light-style.eu\/Blog\/wp-content\/uploads\/2020\/05\/T20W0104-4.jpg?fit=800%2C1200&amp;ssl=1\" data-orig-size=\"800,1200\" data-comments-opened=\"1\" data-image-meta=\"{&quot;aperture&quot;:&quot;0&quot;,&quot;credit&quot;:&quot;Fotostudio Light-Style,Andi Moel&quot;,&quot;camera&quot;:&quot;&quot;,&quot;caption&quot;:&quot;&quot;,&quot;created_timestamp&quot;:&quot;0&quot;,&quot;copyright&quot;:&quot;www.light-style.eu&quot;,&quot;focal_length&quot;:&quot;0&quot;,&quot;iso&quot;:&quot;0&quot;,&quot;shutter_speed&quot;:&quot;0&quot;,&quot;title&quot;:&quot;&quot;,&quot;orientation&quot;:&quot;0&quot;}\" data-image-title=\"T20W0104-4\" data-image-description=\"\" data-image-caption=\"\" data-large-file=\"https:\/\/i0.wp.com\/www.light-style.eu\/Blog\/wp-content\/uploads\/2020\/05\/T20W0104-4.jpg?fit=800%2C1200&amp;ssl=1\" src=\"https:\/\/i0.wp.com\/www.light-style.eu\/Blog\/wp-content\/uploads\/2020\/05\/T20W0104-4.jpg?resize=391%2C587&#038;ssl=1\" alt=\"\" class=\"wp-image-5489\" width=\"391\" height=\"587\" srcset=\"https:\/\/i0.wp.com\/www.light-style.eu\/Blog\/wp-content\/uploads\/2020\/05\/T20W0104-4.jpg?w=800&amp;ssl=1 800w, https:\/\/i0.wp.com\/www.light-style.eu\/Blog\/wp-content\/uploads\/2020\/05\/T20W0104-4.jpg?resize=400%2C600&amp;ssl=1 400w, https:\/\/i0.wp.com\/www.light-style.eu\/Blog\/wp-content\/uploads\/2020\/05\/T20W0104-4.jpg?resize=768%2C1152&amp;ssl=1 768w\" sizes=\"auto, (max-width: 391px) 100vw, 391px\" \/><\/figure><\/div>\n\n\n\n<p>Dies kleine flauschige Besucher kam trotz Corona Wahnsinn zu uns, und das sogar ohne Maske ;-). Auch wenn es die ersten 3 Wochen nach dem Lockdown so ruhig waren, dass ich keine \u00d6ffnungszeiten hatte, haben sich doch der eine oder andere &#8222;Mutige&#8220; zu mir gewagt, und ich sage herzlichen Dank daf\u00fcr.<\/p>\n\n\n\n<div class=\"wp-block-image\"><figure class=\"aligncenter size-large is-resized\"><img data-recalc-dims=\"1\" loading=\"lazy\" decoding=\"async\" data-attachment-id=\"5490\" data-permalink=\"https:\/\/www.light-style.eu\/Blog\/es-geht-weiter-trotz-corona\/t20w0104-6\/#main\" data-orig-file=\"https:\/\/i0.wp.com\/www.light-style.eu\/Blog\/wp-content\/uploads\/2020\/05\/T20W0104-6.jpg?fit=800%2C1200&amp;ssl=1\" data-orig-size=\"800,1200\" data-comments-opened=\"1\" data-image-meta=\"{&quot;aperture&quot;:&quot;0&quot;,&quot;credit&quot;:&quot;Fotostudio Light-Style,Andi Moel&quot;,&quot;camera&quot;:&quot;&quot;,&quot;caption&quot;:&quot;&quot;,&quot;created_timestamp&quot;:&quot;0&quot;,&quot;copyright&quot;:&quot;www.light-style.eu&quot;,&quot;focal_length&quot;:&quot;0&quot;,&quot;iso&quot;:&quot;0&quot;,&quot;shutter_speed&quot;:&quot;0&quot;,&quot;title&quot;:&quot;&quot;,&quot;orientation&quot;:&quot;0&quot;}\" data-image-title=\"T20W0104-6\" data-image-description=\"\" data-image-caption=\"\" data-large-file=\"https:\/\/i0.wp.com\/www.light-style.eu\/Blog\/wp-content\/uploads\/2020\/05\/T20W0104-6.jpg?fit=800%2C1200&amp;ssl=1\" src=\"https:\/\/i0.wp.com\/www.light-style.eu\/Blog\/wp-content\/uploads\/2020\/05\/T20W0104-6.jpg?resize=384%2C576&#038;ssl=1\" alt=\"\" class=\"wp-image-5490\" width=\"384\" height=\"576\" srcset=\"https:\/\/i0.wp.com\/www.light-style.eu\/Blog\/wp-content\/uploads\/2020\/05\/T20W0104-6.jpg?w=800&amp;ssl=1 800w, https:\/\/i0.wp.com\/www.light-style.eu\/Blog\/wp-content\/uploads\/2020\/05\/T20W0104-6.jpg?resize=400%2C600&amp;ssl=1 400w, https:\/\/i0.wp.com\/www.light-style.eu\/Blog\/wp-content\/uploads\/2020\/05\/T20W0104-6.jpg?resize=768%2C1152&amp;ssl=1 768w\" sizes=\"auto, (max-width: 384px) 100vw, 384px\" \/><\/figure><\/div>\n\n\n\n<p>Doch nun zur\u00fcck zu dem flauschigen Kerl. Hunde bzw. Tierportr\u00e4ts gehen immer. Und mittlerweile war auch wieder die eine und andere Hochzeit angesagt, wenn auch nur marginal, im Standesamt, mit anschlie\u00dfenden Portr\u00e4ts drau\u00dfen und im Studio. Doch dazu ein anderes Mal.<\/p>\n\n\n\n<div class=\"wp-block-image\"><figure class=\"aligncenter size-large is-resized\"><img data-recalc-dims=\"1\" loading=\"lazy\" decoding=\"async\" data-attachment-id=\"5491\" data-permalink=\"https:\/\/www.light-style.eu\/Blog\/es-geht-weiter-trotz-corona\/t20w0104-18\/#main\" data-orig-file=\"https:\/\/i0.wp.com\/www.light-style.eu\/Blog\/wp-content\/uploads\/2020\/05\/T20W0104-18.jpg?fit=800%2C1200&amp;ssl=1\" data-orig-size=\"800,1200\" data-comments-opened=\"1\" data-image-meta=\"{&quot;aperture&quot;:&quot;0&quot;,&quot;credit&quot;:&quot;Fotostudio Light-Style,Andi Moel&quot;,&quot;camera&quot;:&quot;&quot;,&quot;caption&quot;:&quot;&quot;,&quot;created_timestamp&quot;:&quot;0&quot;,&quot;copyright&quot;:&quot;www.light-style.eu&quot;,&quot;focal_length&quot;:&quot;0&quot;,&quot;iso&quot;:&quot;0&quot;,&quot;shutter_speed&quot;:&quot;0&quot;,&quot;title&quot;:&quot;&quot;,&quot;orientation&quot;:&quot;0&quot;}\" data-image-title=\"T20W0104-18\" data-image-description=\"\" data-image-caption=\"\" data-large-file=\"https:\/\/i0.wp.com\/www.light-style.eu\/Blog\/wp-content\/uploads\/2020\/05\/T20W0104-18.jpg?fit=800%2C1200&amp;ssl=1\" src=\"https:\/\/i0.wp.com\/www.light-style.eu\/Blog\/wp-content\/uploads\/2020\/05\/T20W0104-18.jpg?resize=383%2C575&#038;ssl=1\" alt=\"\" class=\"wp-image-5491\" width=\"383\" height=\"575\" srcset=\"https:\/\/i0.wp.com\/www.light-style.eu\/Blog\/wp-content\/uploads\/2020\/05\/T20W0104-18.jpg?w=800&amp;ssl=1 800w, https:\/\/i0.wp.com\/www.light-style.eu\/Blog\/wp-content\/uploads\/2020\/05\/T20W0104-18.jpg?resize=400%2C600&amp;ssl=1 400w, https:\/\/i0.wp.com\/www.light-style.eu\/Blog\/wp-content\/uploads\/2020\/05\/T20W0104-18.jpg?resize=768%2C1152&amp;ssl=1 768w\" sizes=\"auto, (max-width: 383px) 100vw, 383px\" \/><\/figure><\/div>\n\n\n\n<p>Ist er nicht kuschelig, als wenn er kein W\u00e4sserchen tr\u00fcben k\u00f6nnte, also laut Frauchen, hat er es faustdick hinter den Ohren ;-). Darf er ja auch, ist schlie\u00dflich noch ein Welpe. Genauso quirlig lief auch das Shooting ab, wir waren alle eingespannt damit er sich auf das Shooting konstentriert&#8211;lol&#8211; zumindest konnten wir ihn mit gen\u00fcgend Leckereien \u00fcberzeugen, ann\u00e4hernd das zu machen was ich wollte. &#8230;. mmmh.. ob ich das bei den Frauen auch mal versuchen sollte? &#8230;. fg&#8230; duck und weg \ud83d\ude09<\/p>\n\n\n\n<figure class=\"wp-block-image size-large\"><img data-recalc-dims=\"1\" loading=\"lazy\" decoding=\"async\" width=\"1170\" height=\"780\" data-attachment-id=\"5492\" data-permalink=\"https:\/\/www.light-style.eu\/Blog\/es-geht-weiter-trotz-corona\/t20w0104-12\/#main\" data-orig-file=\"https:\/\/i0.wp.com\/www.light-style.eu\/Blog\/wp-content\/uploads\/2020\/05\/T20W0104-12.jpg?fit=1200%2C800&amp;ssl=1\" data-orig-size=\"1200,800\" data-comments-opened=\"1\" data-image-meta=\"{&quot;aperture&quot;:&quot;0&quot;,&quot;credit&quot;:&quot;Fotostudio Light-Style,Andi Moel&quot;,&quot;camera&quot;:&quot;&quot;,&quot;caption&quot;:&quot;&quot;,&quot;created_timestamp&quot;:&quot;0&quot;,&quot;copyright&quot;:&quot;www.light-style.eu&quot;,&quot;focal_length&quot;:&quot;0&quot;,&quot;iso&quot;:&quot;0&quot;,&quot;shutter_speed&quot;:&quot;0&quot;,&quot;title&quot;:&quot;&quot;,&quot;orientation&quot;:&quot;0&quot;}\" data-image-title=\"T20W0104-12\" data-image-description=\"\" data-image-caption=\"\" data-large-file=\"https:\/\/i0.wp.com\/www.light-style.eu\/Blog\/wp-content\/uploads\/2020\/05\/T20W0104-12.jpg?fit=1170%2C780&amp;ssl=1\" src=\"https:\/\/i0.wp.com\/www.light-style.eu\/Blog\/wp-content\/uploads\/2020\/05\/T20W0104-12.jpg?resize=1170%2C780&#038;ssl=1\" alt=\"\" class=\"wp-image-5492\" srcset=\"https:\/\/i0.wp.com\/www.light-style.eu\/Blog\/wp-content\/uploads\/2020\/05\/T20W0104-12.jpg?w=1200&amp;ssl=1 1200w, https:\/\/i0.wp.com\/www.light-style.eu\/Blog\/wp-content\/uploads\/2020\/05\/T20W0104-12.jpg?resize=600%2C400&amp;ssl=1 600w, https:\/\/i0.wp.com\/www.light-style.eu\/Blog\/wp-content\/uploads\/2020\/05\/T20W0104-12.jpg?resize=768%2C512&amp;ssl=1 768w\" sizes=\"auto, (max-width: 1170px) 100vw, 1170px\" \/><\/figure>\n\n\n\n<p>Es hat einfach mal wieder nach dem Stillstand Spa\u00df gemacht so richtig Action zu haben.<\/p>\n\n\n\n<div class=\"wp-block-image\"><figure class=\"aligncenter size-large is-resized\"><img data-recalc-dims=\"1\" loading=\"lazy\" decoding=\"async\" data-attachment-id=\"5493\" data-permalink=\"https:\/\/www.light-style.eu\/Blog\/es-geht-weiter-trotz-corona\/t20w0104-15\/#main\" data-orig-file=\"https:\/\/i0.wp.com\/www.light-style.eu\/Blog\/wp-content\/uploads\/2020\/05\/T20W0104-15.jpg?fit=800%2C1200&amp;ssl=1\" data-orig-size=\"800,1200\" data-comments-opened=\"1\" data-image-meta=\"{&quot;aperture&quot;:&quot;0&quot;,&quot;credit&quot;:&quot;Fotostudio Light-Style,Andi Moel&quot;,&quot;camera&quot;:&quot;&quot;,&quot;caption&quot;:&quot;&quot;,&quot;created_timestamp&quot;:&quot;0&quot;,&quot;copyright&quot;:&quot;www.light-style.eu&quot;,&quot;focal_length&quot;:&quot;0&quot;,&quot;iso&quot;:&quot;0&quot;,&quot;shutter_speed&quot;:&quot;0&quot;,&quot;title&quot;:&quot;&quot;,&quot;orientation&quot;:&quot;0&quot;}\" data-image-title=\"T20W0104-15\" data-image-description=\"\" data-image-caption=\"\" data-large-file=\"https:\/\/i0.wp.com\/www.light-style.eu\/Blog\/wp-content\/uploads\/2020\/05\/T20W0104-15.jpg?fit=800%2C1200&amp;ssl=1\" src=\"https:\/\/i0.wp.com\/www.light-style.eu\/Blog\/wp-content\/uploads\/2020\/05\/T20W0104-15.jpg?resize=397%2C596&#038;ssl=1\" alt=\"\" class=\"wp-image-5493\" width=\"397\" height=\"596\" srcset=\"https:\/\/i0.wp.com\/www.light-style.eu\/Blog\/wp-content\/uploads\/2020\/05\/T20W0104-15.jpg?w=800&amp;ssl=1 800w, https:\/\/i0.wp.com\/www.light-style.eu\/Blog\/wp-content\/uploads\/2020\/05\/T20W0104-15.jpg?resize=400%2C600&amp;ssl=1 400w, https:\/\/i0.wp.com\/www.light-style.eu\/Blog\/wp-content\/uploads\/2020\/05\/T20W0104-15.jpg?resize=768%2C1152&amp;ssl=1 768w\" sizes=\"auto, (max-width: 397px) 100vw, 397px\" \/><\/figure><\/div>\n\n\n\n<p>Ich hoffe Euch ist diese kleine freche Kerlchen auch so ans Herz gewachsen. <\/p>\n\n\n\n<div class=\"wp-block-image\"><figure class=\"aligncenter size-large is-resized\"><img data-recalc-dims=\"1\" loading=\"lazy\" decoding=\"async\" data-attachment-id=\"5494\" data-permalink=\"https:\/\/www.light-style.eu\/Blog\/es-geht-weiter-trotz-corona\/t20w0104-11\/#main\" data-orig-file=\"https:\/\/i0.wp.com\/www.light-style.eu\/Blog\/wp-content\/uploads\/2020\/05\/T20W0104-11.jpg?fit=800%2C1200&amp;ssl=1\" data-orig-size=\"800,1200\" data-comments-opened=\"1\" data-image-meta=\"{&quot;aperture&quot;:&quot;0&quot;,&quot;credit&quot;:&quot;Fotostudio Light-Style,Andi Moel&quot;,&quot;camera&quot;:&quot;&quot;,&quot;caption&quot;:&quot;&quot;,&quot;created_timestamp&quot;:&quot;0&quot;,&quot;copyright&quot;:&quot;www.light-style.eu&quot;,&quot;focal_length&quot;:&quot;0&quot;,&quot;iso&quot;:&quot;0&quot;,&quot;shutter_speed&quot;:&quot;0&quot;,&quot;title&quot;:&quot;&quot;,&quot;orientation&quot;:&quot;0&quot;}\" data-image-title=\"T20W0104-11\" data-image-description=\"\" data-image-caption=\"\" data-large-file=\"https:\/\/i0.wp.com\/www.light-style.eu\/Blog\/wp-content\/uploads\/2020\/05\/T20W0104-11.jpg?fit=800%2C1200&amp;ssl=1\" src=\"https:\/\/i0.wp.com\/www.light-style.eu\/Blog\/wp-content\/uploads\/2020\/05\/T20W0104-11.jpg?resize=366%2C549&#038;ssl=1\" alt=\"\" class=\"wp-image-5494\" width=\"366\" height=\"549\" srcset=\"https:\/\/i0.wp.com\/www.light-style.eu\/Blog\/wp-content\/uploads\/2020\/05\/T20W0104-11.jpg?w=800&amp;ssl=1 800w, https:\/\/i0.wp.com\/www.light-style.eu\/Blog\/wp-content\/uploads\/2020\/05\/T20W0104-11.jpg?resize=400%2C600&amp;ssl=1 400w, https:\/\/i0.wp.com\/www.light-style.eu\/Blog\/wp-content\/uploads\/2020\/05\/T20W0104-11.jpg?resize=768%2C1152&amp;ssl=1 768w\" sizes=\"auto, (max-width: 366px) 100vw, 366px\" \/><\/figure><\/div>\n\n\n\n<p>Seit letzter Woche bin ich ja wieder \u00f6fters im Studio, wenn auch noch keine 100%igen \u00d6ffnungszeiten, aber die erste Woche war recht unterhaltsam. Endlich geht es weiter und ich kann mich wieder kreativ austoben. Aktuell gibt es in Sachen Fotografie keine Einschr\u00e4nkungen, wir k\u00f6nnen Alles mit und f\u00fcr Euch machen. Nat\u00fcrlich mit den entsprechenden Vorschriften zu Hygiene und Terminen. <\/p>\n\n\n\n<div class=\"wp-block-image\"><figure class=\"aligncenter size-large is-resized\"><img data-recalc-dims=\"1\" loading=\"lazy\" decoding=\"async\" data-attachment-id=\"5495\" data-permalink=\"https:\/\/www.light-style.eu\/Blog\/es-geht-weiter-trotz-corona\/t20w0104-19\/#main\" data-orig-file=\"https:\/\/i0.wp.com\/www.light-style.eu\/Blog\/wp-content\/uploads\/2020\/05\/T20W0104-19.jpg?fit=800%2C1200&amp;ssl=1\" data-orig-size=\"800,1200\" data-comments-opened=\"1\" data-image-meta=\"{&quot;aperture&quot;:&quot;0&quot;,&quot;credit&quot;:&quot;Fotostudio Light-Style,Andi Moel&quot;,&quot;camera&quot;:&quot;&quot;,&quot;caption&quot;:&quot;&quot;,&quot;created_timestamp&quot;:&quot;0&quot;,&quot;copyright&quot;:&quot;www.light-style.eu&quot;,&quot;focal_length&quot;:&quot;0&quot;,&quot;iso&quot;:&quot;0&quot;,&quot;shutter_speed&quot;:&quot;0&quot;,&quot;title&quot;:&quot;&quot;,&quot;orientation&quot;:&quot;0&quot;}\" data-image-title=\"T20W0104-19\" data-image-description=\"\" data-image-caption=\"\" data-large-file=\"https:\/\/i0.wp.com\/www.light-style.eu\/Blog\/wp-content\/uploads\/2020\/05\/T20W0104-19.jpg?fit=800%2C1200&amp;ssl=1\" src=\"https:\/\/i0.wp.com\/www.light-style.eu\/Blog\/wp-content\/uploads\/2020\/05\/T20W0104-19.jpg?resize=369%2C554&#038;ssl=1\" alt=\"\" class=\"wp-image-5495\" width=\"369\" height=\"554\" srcset=\"https:\/\/i0.wp.com\/www.light-style.eu\/Blog\/wp-content\/uploads\/2020\/05\/T20W0104-19.jpg?w=800&amp;ssl=1 800w, https:\/\/i0.wp.com\/www.light-style.eu\/Blog\/wp-content\/uploads\/2020\/05\/T20W0104-19.jpg?resize=400%2C600&amp;ssl=1 400w, https:\/\/i0.wp.com\/www.light-style.eu\/Blog\/wp-content\/uploads\/2020\/05\/T20W0104-19.jpg?resize=768%2C1152&amp;ssl=1 768w\" sizes=\"auto, (max-width: 369px) 100vw, 369px\" \/><\/figure><\/div>\n\n\n\n<p>Die aktuellen \u00d6ffnungszeiten findet Ihr in der Corona-Zeit immer auf dem letzten <a href=\"https:\/\/www.light-style.eu\/Blog\/unsere-corona-offnungszeiten-ab-mai\/\">Beitrag, einfach hier klicken. <\/a><\/p>\n\n\n\n<p>In diesem Sinne, Euch eine tolle Zeit, und ich freue mich schon drauf endlich mal wieder im Biergarten mit Freunden sitzen zu d\u00fcrfen und dummes Zeug zu quatschen \ud83d\ude09<\/p>\n\n\n\n<p>Euer Andi<\/p>\n<div style='text-align:center' class='yasr-auto-insert-visitor'><!--Yasr Visitor Votes Shortcode--><div id='yasr_visitor_votes_fd84298fa4be6' class='yasr-visitor-votes'><div class=\"yasr-custom-text-vv-before yasr-custom-text-vv-before-5488\">Hat es Dir gefallen?<\/div><div id='yasr-vv-second-row-container-fd84298fa4be6'\r\n                                        class='yasr-vv-second-row-container'><div id='yasr-visitor-votes-rater-fd84298fa4be6'\r\n                                      class='yasr-rater-stars-vv'\r\n                                      data-rater-postid='5488'\r\n                                      data-rating='0'\r\n                                      data-rater-starsize='32'\r\n                                      data-rater-readonly='false'\r\n                                      data-rater-nonce='14c6360544'\r\n                                      data-issingular='false'\r\n                                    ><\/div><div class=\"yasr-vv-stats-text-container\" id=\"yasr-vv-stats-text-container-fd84298fa4be6\"><span id=\"yasr-vv-text-container-fd84298fa4be6\" class=\"yasr-vv-text-container\">[Total: <span id=\"yasr-vv-votes-number-container-fd84298fa4be6\">0<\/span> Average: <span id=\"yasr-vv-average-container-fd84298fa4be6\">0<\/span>]<\/span><\/div><div id='yasr-vv-loader-fd84298fa4be6' class='yasr-vv-container-loader'><\/div><\/div><div id='yasr-vv-bottom-container-fd84298fa4be6'\r\n                              class='yasr-vv-bottom-container'\r\n                              style='display:none'><\/div><\/div><!--End Yasr Visitor Votes Shortcode--><\/div>","protected":false},"excerpt":{"rendered":"<p>So, nun wollen wir mal langsam wieder zur\u00fcck zur Normalit\u00e4t gehen. Auch wenn unsere aktuellen Corona-\u00d6ffnungszeiten weiterhin gelten, hei\u00dft das ja nicht das wir nicht auch in den Tagen als es nur nach Terminen ging, nicht auch ein paar s\u00fc\u00dfe Fotos kreiert haben \ud83d\ude09 Dies kleine flauschige Besucher kam trotz Corona Wahnsinn zu uns, und<span class=\"post-excerpt-end\">&hellip;<\/span><\/p>\n<p class=\"more-link\"><a href=\"https:\/\/www.light-style.eu\/Blog\/es-geht-weiter-trotz-corona\/\" class=\"themebutton\">Read More<\/a><\/p>\n","protected":false},"author":2,"featured_media":5492,"comment_status":"open","ping_status":"open","sticky":false,"template":"","format":"status","meta":{"jetpack_post_was_ever_published":false,"yasr_overall_rating":0,"yasr_post_is_review":"","yasr_auto_insert_disabled":"","yasr_review_type":"","_jetpack_newsletter_access":"","_jetpack_dont_email_post_to_subs":false,"_jetpack_newsletter_tier_id":0,"_jetpack_memberships_contains_paywalled_content":false,"_jetpack_memberships_contains_paid_content":false,"footnotes":"","jetpack_publicize_message":"","jetpack_publicize_feature_enabled":true,"jetpack_social_post_already_shared":true,"jetpack_social_options":{"image_generator_settings":{"template":"highway","default_image_id":0,"font":"","enabled":false},"version":2}},"categories":[1,139],"tags":[149,141,140,147],"class_list":["post-5488","post","type-post","status-publish","format-status","has-post-thumbnail","hentry","category-allgemein","category-tierportraets","tag-hunde","tag-hundeportraets","tag-tierfotos","tag-tierportraets","post_format-post-format-status"],"yasr_visitor_votes":{"stars_attributes":{"read_only":false,"span_bottom":false},"number_of_votes":0,"sum_votes":0},"jetpack_publicize_connections":[],"jetpack_featured_media_url":"https:\/\/i0.wp.com\/www.light-style.eu\/Blog\/wp-content\/uploads\/2020\/05\/T20W0104-12.jpg?fit=1200%2C800&ssl=1","jetpack_sharing_enabled":true,"jetpack_shortlink":"https:\/\/wp.me\/p4Ojrv-1qw","jetpack-related-posts":[{"id":2672,"url":"https:\/\/www.light-style.eu\/Blog\/hundeportraets-mal-anders\/","url_meta":{"origin":5488,"position":0},"title":"Hundeportr\u00e4ts &#8211; mal anders","author":"Andi M\u00f6ller","date":"21. M\u00e4rz 2017","format":"status","excerpt":"Moin moin, nach der ganzen blanken Haut der letzten Woche geht es heute mal wieder richtig brav zu ;-) Dass Tier bzw Hundeportr\u00e4ts nicht langweilig sein m\u00fcssen , zeige ich Euch u.A. heute. Die wirklich tolle und eindrucksvolle Dogge habe ich auch ganz bewusst durch optische Tricks ( nix Photoshop)\u2026","rel":"","context":"In &quot;Alles&quot;","block_context":{"text":"Alles","link":"https:\/\/www.light-style.eu\/Blog\/category\/alles\/"},"img":{"alt_text":"","src":"https:\/\/i0.wp.com\/www.light-style.eu\/Blog\/wp-content\/uploads\/2017\/03\/P17K0103-8.jpg?fit=667%2C1000&ssl=1&resize=350%2C200","width":350,"height":200,"srcset":"https:\/\/i0.wp.com\/www.light-style.eu\/Blog\/wp-content\/uploads\/2017\/03\/P17K0103-8.jpg?fit=667%2C1000&ssl=1&resize=350%2C200 1x, https:\/\/i0.wp.com\/www.light-style.eu\/Blog\/wp-content\/uploads\/2017\/03\/P17K0103-8.jpg?fit=667%2C1000&ssl=1&resize=525%2C300 1.5x"},"classes":[]},{"id":3418,"url":"https:\/\/www.light-style.eu\/Blog\/es-lebt-noch\/","url_meta":{"origin":5488,"position":1},"title":"Es lebt noch ;-)","author":"Andi M\u00f6ller","date":"13. April 2018","format":"status","excerpt":"Ich dachte mir, bevor hier in Rodenbach die Ger\u00fcchte aufkommen, ich sei verstorben,\u00a0 gebe ich mal ein kurzes Lebenszeichen. ;-) ;-D Zur Zeit ist es nur unglaublich arbeitsreich im Studio, daher finde ich dieses Jahr kaum Zeit mich um den Blog zu k\u00fcmmern, zumal ich Euch nicht st\u00e4ndig Baby oder\u2026","rel":"","context":"In &quot;Alles&quot;","block_context":{"text":"Alles","link":"https:\/\/www.light-style.eu\/Blog\/category\/alles\/"},"img":{"alt_text":"","src":"https:\/\/i0.wp.com\/www.light-style.eu\/Blog\/wp-content\/uploads\/2018\/04\/T18S0103-4.jpg?fit=800%2C1200&ssl=1&resize=350%2C200","width":350,"height":200,"srcset":"https:\/\/i0.wp.com\/www.light-style.eu\/Blog\/wp-content\/uploads\/2018\/04\/T18S0103-4.jpg?fit=800%2C1200&ssl=1&resize=350%2C200 1x, https:\/\/i0.wp.com\/www.light-style.eu\/Blog\/wp-content\/uploads\/2018\/04\/T18S0103-4.jpg?fit=800%2C1200&ssl=1&resize=525%2C300 1.5x, https:\/\/i0.wp.com\/www.light-style.eu\/Blog\/wp-content\/uploads\/2018\/04\/T18S0103-4.jpg?fit=800%2C1200&ssl=1&resize=700%2C400 2x"},"classes":[]},{"id":5755,"url":"https:\/\/www.light-style.eu\/Blog\/neu-tierportraet-faces\/","url_meta":{"origin":5488,"position":2},"title":"Neu &#8211; Tierportr\u00e4t Faces","author":"Andi M\u00f6ller","date":"20. Januar 2021","format":"status","excerpt":"Ja ich wei\u00df, ich wollte die neue Fotoserie erst zum 1.Februar 2021 raus bringen, aber.............. ;-) Aufgrund des Interesses an diesen neuen Fotos habe ich mich entschieden dies schon ab heute f\u00fcr Euch anzubieten. Also mit anderen Worten, ab sofort k\u00f6nnt Ihr neben unseren \u00fcbliche Tierportr\u00e4ts auch die neue Serie\u2026","rel":"","context":"In &quot;abseits des Alltags&quot;","block_context":{"text":"abseits des Alltags","link":"https:\/\/www.light-style.eu\/Blog\/category\/abseits-des-alltags\/"},"img":{"alt_text":"","src":"https:\/\/i0.wp.com\/www.light-style.eu\/Blog\/wp-content\/uploads\/2021\/01\/TF21M0101-14.jpg?fit=1200%2C800&ssl=1&resize=350%2C200","width":350,"height":200,"srcset":"https:\/\/i0.wp.com\/www.light-style.eu\/Blog\/wp-content\/uploads\/2021\/01\/TF21M0101-14.jpg?fit=1200%2C800&ssl=1&resize=350%2C200 1x, https:\/\/i0.wp.com\/www.light-style.eu\/Blog\/wp-content\/uploads\/2021\/01\/TF21M0101-14.jpg?fit=1200%2C800&ssl=1&resize=525%2C300 1.5x, https:\/\/i0.wp.com\/www.light-style.eu\/Blog\/wp-content\/uploads\/2021\/01\/TF21M0101-14.jpg?fit=1200%2C800&ssl=1&resize=700%2C400 2x, https:\/\/i0.wp.com\/www.light-style.eu\/Blog\/wp-content\/uploads\/2021\/01\/TF21M0101-14.jpg?fit=1200%2C800&ssl=1&resize=1050%2C600 3x"},"classes":[]},{"id":2403,"url":"https:\/\/www.light-style.eu\/Blog\/die-wilde-bestie\/","url_meta":{"origin":5488,"position":3},"title":"Die wilde Bestie ;-)","author":"Andi M\u00f6ller","date":"10. September 2016","format":"status","excerpt":"Moin, heute mal ganz ungewohnt am Samstag , aber die Woche hatte es in sich, nicht nur, dass ich mir meine Website komplett zerschossen hatte. Ein plugin meinte eine wichtige Datei umschreiben zu d\u00fcrfen, und nix ging mehr. Hatte mich 2 Tage Fehlersuche und danach komplette Neuaufsetzung der Website, bis\u2026","rel":"","context":"In &quot;Alles&quot;","block_context":{"text":"Alles","link":"https:\/\/www.light-style.eu\/Blog\/category\/alles\/"},"img":{"alt_text":"","src":"https:\/\/i0.wp.com\/www.light-style.eu\/Blog\/wp-content\/uploads\/2016\/09\/P16F0108-5-Bearbeitet.jpg?fit=667%2C1000&ssl=1&resize=350%2C200","width":350,"height":200,"srcset":"https:\/\/i0.wp.com\/www.light-style.eu\/Blog\/wp-content\/uploads\/2016\/09\/P16F0108-5-Bearbeitet.jpg?fit=667%2C1000&ssl=1&resize=350%2C200 1x, https:\/\/i0.wp.com\/www.light-style.eu\/Blog\/wp-content\/uploads\/2016\/09\/P16F0108-5-Bearbeitet.jpg?fit=667%2C1000&ssl=1&resize=525%2C300 1.5x"},"classes":[]},{"id":10683,"url":"https:\/\/www.light-style.eu\/Blog\/wilde-hunde-im-kamerafokus\/","url_meta":{"origin":5488,"position":4},"title":"Wilde Hunde im Kamerafokus","author":"Andi M\u00f6ller","date":"19. November 2025","format":"status","excerpt":"Moin, nein, so wild waren sie nicht ;-) . Tierportr\u00e4ts \u2013 Im Studio und Outdoor: Wenn Fell, Federn & Charaktere vor die Kamera treten Tierfotografie ist wie eine Wundert\u00fcte: Man wei\u00df nie genau, was passiert \u2013 aber genau das macht sie so spannend. Egal ob im professionellen Studio mit kontrolliertem\u2026","rel":"","context":"In &quot;Allgemein&quot;","block_context":{"text":"Allgemein","link":"https:\/\/www.light-style.eu\/Blog\/category\/allgemein\/"},"img":{"alt_text":"","src":"https:\/\/i0.wp.com\/www.light-style.eu\/Blog\/wp-content\/uploads\/2025\/11\/TO25K0111-28.jpg?fit=1200%2C800&ssl=1&resize=350%2C200","width":350,"height":200,"srcset":"https:\/\/i0.wp.com\/www.light-style.eu\/Blog\/wp-content\/uploads\/2025\/11\/TO25K0111-28.jpg?fit=1200%2C800&ssl=1&resize=350%2C200 1x, https:\/\/i0.wp.com\/www.light-style.eu\/Blog\/wp-content\/uploads\/2025\/11\/TO25K0111-28.jpg?fit=1200%2C800&ssl=1&resize=525%2C300 1.5x, https:\/\/i0.wp.com\/www.light-style.eu\/Blog\/wp-content\/uploads\/2025\/11\/TO25K0111-28.jpg?fit=1200%2C800&ssl=1&resize=700%2C400 2x, https:\/\/i0.wp.com\/www.light-style.eu\/Blog\/wp-content\/uploads\/2025\/11\/TO25K0111-28.jpg?fit=1200%2C800&ssl=1&resize=1050%2C600 3x"},"classes":[]},{"id":3101,"url":"https:\/\/www.light-style.eu\/Blog\/unsere-haarigen-lieblinge\/","url_meta":{"origin":5488,"position":5},"title":"Unsere haarigen Lieblinge","author":"Andi M\u00f6ller","date":"28. November 2017","format":"status","excerpt":"Hallo an alle Fotobegeisterten, letzte Woche war mal wieder eine s\u00fc\u00dfe, flauschige und recht junge Hundedame bei mir im Studio. Fila, auch wenn ich sie die ganze Zeit Flocke genannt habe ;-) geh\u00f6rt zu der gro\u00dfen Familie der Huskys, fragt mich jetzt bitte nicht nach der genauen Hunderasse. Auf jeden\u2026","rel":"","context":"In &quot;Alles&quot;","block_context":{"text":"Alles","link":"https:\/\/www.light-style.eu\/Blog\/category\/alles\/"},"img":{"alt_text":"","src":"https:\/\/i0.wp.com\/www.light-style.eu\/Blog\/wp-content\/uploads\/2017\/11\/Hundeportr%C3%A4t-Fila-14.jpg?fit=800%2C1200&ssl=1&resize=350%2C200","width":350,"height":200,"srcset":"https:\/\/i0.wp.com\/www.light-style.eu\/Blog\/wp-content\/uploads\/2017\/11\/Hundeportr%C3%A4t-Fila-14.jpg?fit=800%2C1200&ssl=1&resize=350%2C200 1x, https:\/\/i0.wp.com\/www.light-style.eu\/Blog\/wp-content\/uploads\/2017\/11\/Hundeportr%C3%A4t-Fila-14.jpg?fit=800%2C1200&ssl=1&resize=525%2C300 1.5x, https:\/\/i0.wp.com\/www.light-style.eu\/Blog\/wp-content\/uploads\/2017\/11\/Hundeportr%C3%A4t-Fila-14.jpg?fit=800%2C1200&ssl=1&resize=700%2C400 2x"},"classes":[]}],"_links":{"self":[{"href":"https:\/\/www.light-style.eu\/Blog\/wp-json\/wp\/v2\/posts\/5488","targetHints":{"allow":["GET"]}}],"collection":[{"href":"https:\/\/www.light-style.eu\/Blog\/wp-json\/wp\/v2\/posts"}],"about":[{"href":"https:\/\/www.light-style.eu\/Blog\/wp-json\/wp\/v2\/types\/post"}],"author":[{"embeddable":true,"href":"https:\/\/www.light-style.eu\/Blog\/wp-json\/wp\/v2\/users\/2"}],"replies":[{"embeddable":true,"href":"https:\/\/www.light-style.eu\/Blog\/wp-json\/wp\/v2\/comments?post=5488"}],"version-history":[{"count":0,"href":"https:\/\/www.light-style.eu\/Blog\/wp-json\/wp\/v2\/posts\/5488\/revisions"}],"wp:featuredmedia":[{"embeddable":true,"href":"https:\/\/www.light-style.eu\/Blog\/wp-json\/wp\/v2\/media\/5492"}],"wp:attachment":[{"href":"https:\/\/www.light-style.eu\/Blog\/wp-json\/wp\/v2\/media?parent=5488"}],"wp:term":[{"taxonomy":"category","embeddable":true,"href":"https:\/\/www.light-style.eu\/Blog\/wp-json\/wp\/v2\/categories?post=5488"},{"taxonomy":"post_tag","embeddable":true,"href":"https:\/\/www.light-style.eu\/Blog\/wp-json\/wp\/v2\/tags?post=5488"}],"curies":[{"name":"wp","href":"https:\/\/api.w.org\/{rel}","templated":true}]}}