{"id":587,"date":"2015-01-30T12:35:52","date_gmt":"2015-01-30T10:35:52","guid":{"rendered":"http:\/\/www.light-style.eu\/Blog\/?p=587"},"modified":"2019-01-14T19:02:03","modified_gmt":"2019-01-14T18:02:03","slug":"winterimpressionen","status":"publish","type":"post","link":"https:\/\/www.light-style.eu\/Blog\/winterimpressionen\/","title":{"rendered":"Winterimpressionen"},"content":{"rendered":"<p>Hallo da drau\u00dfen,<\/p>\n<p>ich hab mich die Tage mal wieder im winterlichen S\u00fcden Deutschlands rum getrieben, nat\u00fcrlich mit der Kamera bewaffnet \ud83d\ude09<\/p>\n<p>Nachdem hier in Hessen der Winter ja nicht wirklich angekommen ist, wollte ich mal ein paar winterliche Eindr\u00fccke festhalten, also ab nach M\u00fcnchen in den engl. Garten und mich mal au\u00dferhalb der Norm als Landschaftsfotograf bet\u00e4tigt \ud83d\ude09<\/p>\n<p>Hier seht Ihr ein paar Beispiele, also ich muss sagen, so eine Hochzeit im Winter in der Gegend h\u00e4tte auch was \ud83d\ude09 zumindest vom fotografischen Standpunkt \ud83d\ude09 da fallen mir 100 spontane Ideen ein \ud83d\ude42<\/p>\n<p>Einen Teil der Fotos werdet Ihr dann in meinem Shop sehen und dort k\u00f6nnen sie auch als Kunstwerke erstanden werden, ob nun Poster, Leinenfoto, Acrylbild was Euch einfach gef\u00e4llt.<\/p>\n<p>Und nun Euch Allen ein tolles Wochenende<\/p>\n<p>Euer Andi<\/p>\n<p><a href=\"https:\/\/i0.wp.com\/www.light-style.eu\/Blog\/wp-content\/uploads\/2015\/01\/Englischer-Garten15-11.jpg?ssl=1\"><img data-recalc-dims=\"1\" loading=\"lazy\" decoding=\"async\" data-attachment-id=\"588\" data-permalink=\"https:\/\/www.light-style.eu\/Blog\/winterimpressionen\/englischer-garten15-11\/#main\" data-orig-file=\"https:\/\/i0.wp.com\/www.light-style.eu\/Blog\/wp-content\/uploads\/2015\/01\/Englischer-Garten15-11.jpg?fit=500%2C333&amp;ssl=1\" data-orig-size=\"500,333\" data-comments-opened=\"1\" data-image-meta=\"{&quot;aperture&quot;:&quot;0&quot;,&quot;credit&quot;:&quot;Photographer: www.light-style.eu&quot;,&quot;camera&quot;:&quot;Canon EOS 5D Mark II&quot;,&quot;caption&quot;:&quot;&quot;,&quot;created_timestamp&quot;:&quot;1422454021&quot;,&quot;copyright&quot;:&quot;Copyright:Studio Light-Style&quot;,&quot;focal_length&quot;:&quot;50&quot;,&quot;iso&quot;:&quot;160&quot;,&quot;shutter_speed&quot;:&quot;0.008&quot;,&quot;title&quot;:&quot;&quot;,&quot;orientation&quot;:&quot;1&quot;}\" data-image-title=\"Englischer-Garten15-11\" data-image-description=\"\" data-image-caption=\"\" data-large-file=\"https:\/\/i0.wp.com\/www.light-style.eu\/Blog\/wp-content\/uploads\/2015\/01\/Englischer-Garten15-11.jpg?fit=500%2C333&amp;ssl=1\" class=\"alignnone size-full wp-image-588\" src=\"https:\/\/i0.wp.com\/www.light-style.eu\/Blog\/wp-content\/uploads\/2015\/01\/Englischer-Garten15-11.jpg?resize=500%2C333&#038;ssl=1\" alt=\"Englischer-Garten15-11\" width=\"500\" height=\"333\"\/><\/a>&nbsp; <a href=\"https:\/\/i0.wp.com\/www.light-style.eu\/Blog\/wp-content\/uploads\/2015\/01\/Englischer-Garten15-36.jpg?ssl=1\"><img data-recalc-dims=\"1\" loading=\"lazy\" decoding=\"async\" data-attachment-id=\"590\" data-permalink=\"https:\/\/www.light-style.eu\/Blog\/winterimpressionen\/englischer-garten15-36\/#main\" data-orig-file=\"https:\/\/i0.wp.com\/www.light-style.eu\/Blog\/wp-content\/uploads\/2015\/01\/Englischer-Garten15-36.jpg?fit=500%2C333&amp;ssl=1\" data-orig-size=\"500,333\" data-comments-opened=\"1\" data-image-meta=\"{&quot;aperture&quot;:&quot;0&quot;,&quot;credit&quot;:&quot;Photographer: www.light-style.eu&quot;,&quot;camera&quot;:&quot;Canon EOS 5D Mark II&quot;,&quot;caption&quot;:&quot;&quot;,&quot;created_timestamp&quot;:&quot;1422459233&quot;,&quot;copyright&quot;:&quot;Copyright:Studio Light-Style&quot;,&quot;focal_length&quot;:&quot;50&quot;,&quot;iso&quot;:&quot;400&quot;,&quot;shutter_speed&quot;:&quot;0.005&quot;,&quot;title&quot;:&quot;&quot;,&quot;orientation&quot;:&quot;1&quot;}\" data-image-title=\"Englischer-Garten15-36\" data-image-description=\"\" data-image-caption=\"\" data-large-file=\"https:\/\/i0.wp.com\/www.light-style.eu\/Blog\/wp-content\/uploads\/2015\/01\/Englischer-Garten15-36.jpg?fit=500%2C333&amp;ssl=1\" class=\"alignnone size-full wp-image-590\" src=\"https:\/\/i0.wp.com\/www.light-style.eu\/Blog\/wp-content\/uploads\/2015\/01\/Englischer-Garten15-36.jpg?resize=500%2C333&#038;ssl=1\" alt=\"Englischer-Garten15-36\" width=\"500\" height=\"333\"\/><\/a><a href=\"https:\/\/i0.wp.com\/www.light-style.eu\/Blog\/wp-content\/uploads\/2015\/01\/Englischer-Garten15-28.jpg?ssl=1\"><img data-recalc-dims=\"1\" loading=\"lazy\" decoding=\"async\" data-attachment-id=\"589\" data-permalink=\"https:\/\/www.light-style.eu\/Blog\/winterimpressionen\/englischer-garten15-28\/#main\" data-orig-file=\"https:\/\/i0.wp.com\/www.light-style.eu\/Blog\/wp-content\/uploads\/2015\/01\/Englischer-Garten15-28.jpg?fit=500%2C333&amp;ssl=1\" data-orig-size=\"500,333\" data-comments-opened=\"1\" data-image-meta=\"{&quot;aperture&quot;:&quot;0&quot;,&quot;credit&quot;:&quot;Photographer: www.light-style.eu&quot;,&quot;camera&quot;:&quot;Canon EOS 5D Mark II&quot;,&quot;caption&quot;:&quot;&quot;,&quot;created_timestamp&quot;:&quot;1422458303&quot;,&quot;copyright&quot;:&quot;Copyright:Studio Light-Style&quot;,&quot;focal_length&quot;:&quot;50&quot;,&quot;iso&quot;:&quot;200&quot;,&quot;shutter_speed&quot;:&quot;0.008&quot;,&quot;title&quot;:&quot;&quot;,&quot;orientation&quot;:&quot;1&quot;}\" data-image-title=\"Englischer-Garten15-28\" data-image-description=\"\" data-image-caption=\"\" data-large-file=\"https:\/\/i0.wp.com\/www.light-style.eu\/Blog\/wp-content\/uploads\/2015\/01\/Englischer-Garten15-28.jpg?fit=500%2C333&amp;ssl=1\" class=\"alignnone size-full wp-image-589\" src=\"https:\/\/i0.wp.com\/www.light-style.eu\/Blog\/wp-content\/uploads\/2015\/01\/Englischer-Garten15-28.jpg?resize=500%2C333&#038;ssl=1\" alt=\"Englischer-Garten15-28\" width=\"500\" height=\"333\"\/><\/a><\/p>\n<div style='text-align:center' class='yasr-auto-insert-visitor'><!--Yasr Visitor Votes Shortcode--><div id='yasr_visitor_votes_76a601a938f7f' class='yasr-visitor-votes'><div class=\"yasr-custom-text-vv-before yasr-custom-text-vv-before-587\">Hat es Dir gefallen?<\/div><div id='yasr-vv-second-row-container-76a601a938f7f'\r\n                                        class='yasr-vv-second-row-container'><div id='yasr-visitor-votes-rater-76a601a938f7f'\r\n                                      class='yasr-rater-stars-vv'\r\n                                      data-rater-postid='587'\r\n                                      data-rating='0'\r\n                                      data-rater-starsize='32'\r\n                                      data-rater-readonly='false'\r\n                                      data-rater-nonce='06c9425c89'\r\n                                      data-issingular='false'\r\n                                    ><\/div><div class=\"yasr-vv-stats-text-container\" id=\"yasr-vv-stats-text-container-76a601a938f7f\"><span id=\"yasr-vv-text-container-76a601a938f7f\" class=\"yasr-vv-text-container\">[Total: <span id=\"yasr-vv-votes-number-container-76a601a938f7f\">0<\/span> Average: <span id=\"yasr-vv-average-container-76a601a938f7f\">0<\/span>]<\/span><\/div><div id='yasr-vv-loader-76a601a938f7f' class='yasr-vv-container-loader'><\/div><\/div><div id='yasr-vv-bottom-container-76a601a938f7f'\r\n                              class='yasr-vv-bottom-container'\r\n                              style='display:none'><\/div><\/div><!--End Yasr Visitor Votes Shortcode--><\/div>","protected":false},"excerpt":{"rendered":"<p>Hallo da drau\u00dfen, ich hab mich die Tage mal wieder im winterlichen S\u00fcden Deutschlands rum getrieben, nat\u00fcrlich mit der Kamera bewaffnet \ud83d\ude09 Nachdem hier in Hessen der Winter ja nicht wirklich angekommen ist, wollte ich mal ein paar winterliche Eindr\u00fccke festhalten, also ab nach M\u00fcnchen in den engl. Garten und mich mal au\u00dferhalb der Norm<span class=\"post-excerpt-end\">&hellip;<\/span><\/p>\n<p class=\"more-link\"><a href=\"https:\/\/www.light-style.eu\/Blog\/winterimpressionen\/\" class=\"themebutton\">Read More<\/a><\/p>\n","protected":false},"author":2,"featured_media":0,"comment_status":"open","ping_status":"open","sticky":false,"template":"","format":"status","meta":{"jetpack_post_was_ever_published":false,"yasr_overall_rating":0,"yasr_post_is_review":"","yasr_auto_insert_disabled":"","yasr_review_type":"","_jetpack_newsletter_access":"","_jetpack_dont_email_post_to_subs":false,"_jetpack_newsletter_tier_id":0,"_jetpack_memberships_contains_paywalled_content":false,"_jetpack_memberships_contains_paid_content":false,"footnotes":"","jetpack_publicize_message":"","jetpack_publicize_feature_enabled":true,"jetpack_social_post_already_shared":true,"jetpack_social_options":{"image_generator_settings":{"template":"highway","default_image_id":0,"font":"","enabled":false},"version":2}},"categories":[1],"tags":[150,35,50,36,61],"class_list":["post-587","post","type-post","status-publish","format-status","hentry","category-allgemein","tag-deutschlands-schoene-seiten","tag-draussen","tag-naturfotos","tag-outdoor","tag-urlaub","post_format-post-format-status"],"yasr_visitor_votes":{"stars_attributes":{"read_only":false,"span_bottom":false},"number_of_votes":0,"sum_votes":0},"jetpack_publicize_connections":[],"jetpack_featured_media_url":"","jetpack_sharing_enabled":true,"jetpack_shortlink":"https:\/\/wp.me\/p4Ojrv-9t","jetpack-related-posts":[{"id":8021,"url":"https:\/\/www.light-style.eu\/Blog\/rodenbacher-winter-2024\/","url_meta":{"origin":587,"position":0},"title":"Rodenbacher Winter 2024","author":"Andi M\u00f6ller","date":"24. Januar 2024","format":"status","excerpt":"ENDLICH.... endlich hat Alles mal gepasst, ich hatte Zeit um die Kamera mal wieder privat in die Hand zu nehmen, es war herrlich wei\u00df hier bei uns und das Wetter hat auch mitgespielt. Letzten Sonntag war es dann so weit, aber eine Fototour in die Rh\u00f6n, so wie gef\u00fchlte 100.000\u2026","rel":"","context":"In &quot;abseits des Alltags&quot;","block_context":{"text":"abseits des Alltags","link":"https:\/\/www.light-style.eu\/Blog\/category\/abseits-des-alltags\/"},"img":{"alt_text":"","src":"https:\/\/i0.wp.com\/www.light-style.eu\/Blog\/wp-content\/uploads\/2024\/01\/Rodenbacher-Winter-2024-134-1.jpg?fit=1200%2C800&ssl=1&resize=350%2C200","width":350,"height":200,"srcset":"https:\/\/i0.wp.com\/www.light-style.eu\/Blog\/wp-content\/uploads\/2024\/01\/Rodenbacher-Winter-2024-134-1.jpg?fit=1200%2C800&ssl=1&resize=350%2C200 1x, https:\/\/i0.wp.com\/www.light-style.eu\/Blog\/wp-content\/uploads\/2024\/01\/Rodenbacher-Winter-2024-134-1.jpg?fit=1200%2C800&ssl=1&resize=525%2C300 1.5x, https:\/\/i0.wp.com\/www.light-style.eu\/Blog\/wp-content\/uploads\/2024\/01\/Rodenbacher-Winter-2024-134-1.jpg?fit=1200%2C800&ssl=1&resize=700%2C400 2x, https:\/\/i0.wp.com\/www.light-style.eu\/Blog\/wp-content\/uploads\/2024\/01\/Rodenbacher-Winter-2024-134-1.jpg?fit=1200%2C800&ssl=1&resize=1050%2C600 3x"},"classes":[]},{"id":559,"url":"https:\/\/www.light-style.eu\/Blog\/es-wird-maerchenhaft\/","url_meta":{"origin":587,"position":1},"title":"es wird m\u00e4rchenhaft","author":"Andi M\u00f6ller","date":"7. November 2014","format":"status","excerpt":"Drau\u00dfen wird es langsam winterlicher, die Lebkuchen sind schon seit Wochen in den Superm\u00e4rkten, so langsam kommt auch hier das Gef\u00fchl auf: Weihnachten n\u00e4hert sich ;-) Die ersten Weihnachtskunden waren diesmal schon im Oktober da, und ich freue mich immer wieder auf meine Stammkunden zu Weihnachten. Letzte Woche gab es\u2026","rel":"","context":"In &quot;Allgemein&quot;","block_context":{"text":"Allgemein","link":"https:\/\/www.light-style.eu\/Blog\/category\/allgemein\/"},"img":{"alt_text":"Elfenk\u00f6nigin","src":"https:\/\/i0.wp.com\/www.light-style.eu\/Blog\/wp-content\/uploads\/2014\/11\/Elfenk%C3%B6nigin.jpg?resize=350%2C200&ssl=1","width":350,"height":200},"classes":[]},{"id":2734,"url":"https:\/\/www.light-style.eu\/Blog\/altes-zum-leben-erweckt\/","url_meta":{"origin":587,"position":2},"title":"Altes zum Leben erweckt","author":"Andi M\u00f6ller","date":"2. Mai 2017","format":false,"excerpt":"Moin moin, Am langen Wochenende hab ich mir mal meinen kleinen Sohn als Assistenten geschnappt ( ja ich wei\u00df Kinderarbeit ist verboten ;-)\u00a0 ) und eine Idee umgesetzt die sich mir im Winter offenbart hatte ;-) Mal etwas abseits von Models und lebenden Objekten ;-) es ging diesmal etwas heimatverbundener\u2026","rel":"","context":"In &quot;abseits des Alltags&quot;","block_context":{"text":"abseits des Alltags","link":"https:\/\/www.light-style.eu\/Blog\/category\/abseits-des-alltags\/"},"img":{"alt_text":"","src":"https:\/\/i0.wp.com\/www.light-style.eu\/Blog\/wp-content\/uploads\/2017\/05\/Rodenbacher-Klosterruine-109.jpg?fit=1200%2C800&ssl=1&resize=350%2C200","width":350,"height":200,"srcset":"https:\/\/i0.wp.com\/www.light-style.eu\/Blog\/wp-content\/uploads\/2017\/05\/Rodenbacher-Klosterruine-109.jpg?fit=1200%2C800&ssl=1&resize=350%2C200 1x, https:\/\/i0.wp.com\/www.light-style.eu\/Blog\/wp-content\/uploads\/2017\/05\/Rodenbacher-Klosterruine-109.jpg?fit=1200%2C800&ssl=1&resize=525%2C300 1.5x, https:\/\/i0.wp.com\/www.light-style.eu\/Blog\/wp-content\/uploads\/2017\/05\/Rodenbacher-Klosterruine-109.jpg?fit=1200%2C800&ssl=1&resize=700%2C400 2x, https:\/\/i0.wp.com\/www.light-style.eu\/Blog\/wp-content\/uploads\/2017\/05\/Rodenbacher-Klosterruine-109.jpg?fit=1200%2C800&ssl=1&resize=1050%2C600 3x"},"classes":[]},{"id":6146,"url":"https:\/\/www.light-style.eu\/Blog\/so-schoen-ist-deutschland\/","url_meta":{"origin":587,"position":3},"title":"So sch\u00f6n ist Deutschland","author":"Andi M\u00f6ller","date":"8. Oktober 2021","format":false,"excerpt":"Moin, moin, wir haben es wieder getan und uns in der wilden Natur unseres sch\u00f6nen Landes herumgetrieben. Ich hab ja schon den ein oder anderen Blog zu diesem Thema geschrieben, und es stimmt wirklich. Ok ohne ahnungslose Politiker w\u00e4re es traumhaft hier, aber das ist ein anderes Thema Vor 3\u2026","rel":"","context":"In &quot;abseits des Alltags&quot;","block_context":{"text":"abseits des Alltags","link":"https:\/\/www.light-style.eu\/Blog\/category\/abseits-des-alltags\/"},"img":{"alt_text":"","src":"https:\/\/i0.wp.com\/www.light-style.eu\/Blog\/wp-content\/uploads\/2021\/10\/Elbsandsteingebirge-2589-1.jpg?fit=1200%2C800&ssl=1&resize=350%2C200","width":350,"height":200,"srcset":"https:\/\/i0.wp.com\/www.light-style.eu\/Blog\/wp-content\/uploads\/2021\/10\/Elbsandsteingebirge-2589-1.jpg?fit=1200%2C800&ssl=1&resize=350%2C200 1x, https:\/\/i0.wp.com\/www.light-style.eu\/Blog\/wp-content\/uploads\/2021\/10\/Elbsandsteingebirge-2589-1.jpg?fit=1200%2C800&ssl=1&resize=525%2C300 1.5x, https:\/\/i0.wp.com\/www.light-style.eu\/Blog\/wp-content\/uploads\/2021\/10\/Elbsandsteingebirge-2589-1.jpg?fit=1200%2C800&ssl=1&resize=700%2C400 2x, https:\/\/i0.wp.com\/www.light-style.eu\/Blog\/wp-content\/uploads\/2021\/10\/Elbsandsteingebirge-2589-1.jpg?fit=1200%2C800&ssl=1&resize=1050%2C600 3x"},"classes":[]},{"id":2173,"url":"https:\/\/www.light-style.eu\/Blog\/die-deutsche-wueste\/","url_meta":{"origin":587,"position":4},"title":"Die deutsche W\u00fcste","author":"Andi M\u00f6ller","date":"4. Juli 2016","format":"status","excerpt":"jetzt spinnt der doch total------------ werden manche von Euch sagen ;-) Deutsche W\u00fcste??? sowas gibts doch gar nicht :-P Genauso hab ich in etwa reagiert als ich letztes Jahr in FB durch Zufall davon erfuhr. Aber es hatte mich neugierig gemacht, sollten wir wirklich etwasW\u00fcstenartiges in Old Germany haben?? Also\u2026","rel":"","context":"In &quot;abseits des Alltags&quot;","block_context":{"text":"abseits des Alltags","link":"https:\/\/www.light-style.eu\/Blog\/category\/abseits-des-alltags\/"},"img":{"alt_text":"","src":"https:\/\/i0.wp.com\/www.light-style.eu\/Blog\/wp-content\/uploads\/2016\/07\/Deutsche-W%C3%BCste-19-1.jpg?fit=500%2C333&ssl=1&resize=350%2C200","width":350,"height":200},"classes":[]},{"id":1609,"url":"https:\/\/www.light-style.eu\/Blog\/es-weihnachtet\/","url_meta":{"origin":587,"position":5},"title":"Es weihnachtet langsam","author":"Andi M\u00f6ller","date":"4. Dezember 2015","format":false,"excerpt":"Hallo Zusammen, auch wenn es drau\u00dfen mehr nach Herbst statt nach Winter aussieht, kann man hier und da das nahende Weihnachtsfest doch erahnen. \u00a0 Ich hab selbst ja die Hoffnung auf wei\u00dfe Weihnacht noch nicht aufgegeben, so wie eigentlich jedes Jahr.Sch\u00f6n an Heiligabend, vor der Bescherung und dem Festtagsbraten mit\u2026","rel":"","context":"In &quot;Alles&quot;","block_context":{"text":"Alles","link":"https:\/\/www.light-style.eu\/Blog\/category\/alles\/"},"img":{"alt_text":"","src":"https:\/\/i0.wp.com\/www.light-style.eu\/Blog\/wp-content\/uploads\/2015\/12\/P15J0111-11-Bearbeitet.jpg?resize=350%2C200","width":350,"height":200},"classes":[]}],"_links":{"self":[{"href":"https:\/\/www.light-style.eu\/Blog\/wp-json\/wp\/v2\/posts\/587","targetHints":{"allow":["GET"]}}],"collection":[{"href":"https:\/\/www.light-style.eu\/Blog\/wp-json\/wp\/v2\/posts"}],"about":[{"href":"https:\/\/www.light-style.eu\/Blog\/wp-json\/wp\/v2\/types\/post"}],"author":[{"embeddable":true,"href":"https:\/\/www.light-style.eu\/Blog\/wp-json\/wp\/v2\/users\/2"}],"replies":[{"embeddable":true,"href":"https:\/\/www.light-style.eu\/Blog\/wp-json\/wp\/v2\/comments?post=587"}],"version-history":[{"count":0,"href":"https:\/\/www.light-style.eu\/Blog\/wp-json\/wp\/v2\/posts\/587\/revisions"}],"wp:attachment":[{"href":"https:\/\/www.light-style.eu\/Blog\/wp-json\/wp\/v2\/media?parent=587"}],"wp:term":[{"taxonomy":"category","embeddable":true,"href":"https:\/\/www.light-style.eu\/Blog\/wp-json\/wp\/v2\/categories?post=587"},{"taxonomy":"post_tag","embeddable":true,"href":"https:\/\/www.light-style.eu\/Blog\/wp-json\/wp\/v2\/tags?post=587"}],"curies":[{"name":"wp","href":"https:\/\/api.w.org\/{rel}","templated":true}]}}