{"id":5977,"date":"2021-03-18T19:00:00","date_gmt":"2021-03-18T18:00:00","guid":{"rendered":"https:\/\/www.light-style.eu\/Blog\/?p=5977"},"modified":"2023-10-26T11:25:21","modified_gmt":"2023-10-26T09:25:21","slug":"euer-traumfoto","status":"publish","type":"post","link":"https:\/\/www.light-style.eu\/Blog\/euer-traumfoto\/","title":{"rendered":"Euer Traumfoto"},"content":{"rendered":"\n<hr class=\"wp-block-separator has-text-color has-vivid-cyan-blue-color has-css-opacity has-vivid-cyan-blue-background-color has-background is-style-default\"\/>\n\n\n\n<p class=\"has-medium-font-size\"><em>Moin moin, ich wieder mal, heute geht es um Eure Tr\u00e4ume. Wir erf\u00fcllen Euch Euer Traumfoto.<\/em><\/p>\n\n\n\n<p class=\"has-medium-font-size\"><em>Viele von uns haben einen Traum was oder wie sie gerne w\u00e4ren. Etwas ganz pers\u00f6nliches, dass nur sie besonders anspricht. Wie meine liebe langj\u00e4hrige Kundin auf diesem Foto:<\/em><\/p>\n\n\n<div class=\"wp-block-image\">\n<figure class=\"aligncenter size-large is-resized\"><a href=\"https:\/\/www.light-style.eu\/Blog\/?attachment_id=5978\"><img data-recalc-dims=\"1\" loading=\"lazy\" decoding=\"async\" width=\"800\" height=\"1200\" data-attachment-id=\"5978\" data-permalink=\"https:\/\/www.light-style.eu\/Blog\/euer-traumfoto\/ps20e0110-160\/#main\" data-orig-file=\"https:\/\/i0.wp.com\/www.light-style.eu\/Blog\/wp-content\/uploads\/2021\/03\/PS20E0110-160.jpg?fit=800%2C1200&amp;ssl=1\" data-orig-size=\"800,1200\" data-comments-opened=\"1\" data-image-meta=\"{&quot;aperture&quot;:&quot;0&quot;,&quot;credit&quot;:&quot;Fotostudio Light-Style\\rAndi Moel&quot;,&quot;camera&quot;:&quot;&quot;,&quot;caption&quot;:&quot;&quot;,&quot;created_timestamp&quot;:&quot;0&quot;,&quot;copyright&quot;:&quot;www.light-style.eu&quot;,&quot;focal_length&quot;:&quot;0&quot;,&quot;iso&quot;:&quot;0&quot;,&quot;shutter_speed&quot;:&quot;0&quot;,&quot;title&quot;:&quot;&quot;,&quot;orientation&quot;:&quot;0&quot;}\" data-image-title=\"PS20E0110-160\" data-image-description=\"\" data-image-caption=\"\" data-large-file=\"https:\/\/i0.wp.com\/www.light-style.eu\/Blog\/wp-content\/uploads\/2021\/03\/PS20E0110-160.jpg?fit=800%2C1200&amp;ssl=1\" src=\"https:\/\/i0.wp.com\/www.light-style.eu\/Blog\/wp-content\/uploads\/2021\/03\/PS20E0110-160.jpg?resize=800%2C1200&#038;ssl=1\" alt=\"\" class=\"wp-image-5978\" style=\"width:341px;height:512px\" srcset=\"https:\/\/i0.wp.com\/www.light-style.eu\/Blog\/wp-content\/uploads\/2021\/03\/PS20E0110-160.jpg?w=800&amp;ssl=1 800w, https:\/\/i0.wp.com\/www.light-style.eu\/Blog\/wp-content\/uploads\/2021\/03\/PS20E0110-160.jpg?resize=400%2C600&amp;ssl=1 400w, https:\/\/i0.wp.com\/www.light-style.eu\/Blog\/wp-content\/uploads\/2021\/03\/PS20E0110-160.jpg?resize=768%2C1152&amp;ssl=1 768w\" sizes=\"auto, (max-width: 800px) 100vw, 800px\" \/><\/a><\/figure>\n<\/div>\n\n\n<p class=\"has-medium-font-size\"><em>Sie hatte schon lange den Wunsch ein Foto von sich der besonderen Art. Ihr Lieblingstier ist der Wolf und sie hat selbst viele Jahre gek\u00e4mpft, dies wollte sie nun in einem Foto vereinigt haben. Da kam ich wieder ins Spiel, die Herausforderung waren diesmal eher die Vorbereitungen. Erstmal geschaut was ein Wolf bei z.B. Filmtieragenturen kostet, ok, das h\u00e4tte ihr Budget gesprengt, alternativ ein Wolfshund, dachte es w\u00e4re einfach, aber was wir auch versuchten, keine R\u00fcckmeldung oder der Hundebesitzer wollte in seiner Wohlf\u00fchlzone bleiben, da haben uns aber die Locations nicht gefallen, zu langweilig. Die Suche hat sich einige Zeit hingezogen. Auch die Location-Suche, im Schwarzwald kenne ich unz\u00e4hlige Pl\u00e4tze wo es richtig coole, urige Locations gibt, die super gepasst h\u00e4tten. Aber manchmal kommt der Zufall zu Hilfe. Letztendlich hatten wir diesen Wolfs-\u00e4hnlichen Hund und die Location fast vor der Haust\u00fcr, war selbst \u00fcberrascht als ich die Location sah, h\u00e4tte definitiv Schwarzwald sein k\u00f6nnen. Nun konnte das Shooting beginnen. Bei dem, unserer Meinung nach coole Fotos rausgekommen sind und genau was meine Kundin wollte. Mittlerweile zieren all diese Fotos ihre heimische Wand in verschiedenen Gr\u00f6\u00dfen \ud83d\ude42 <\/em><\/p>\n\n\n\n<div class=\"wp-block-jetpack-tiled-gallery aligncenter is-style-columns has-rounded-corners-7\"><div class=\"tiled-gallery__gallery\"><div class=\"tiled-gallery__row\"><div class=\"tiled-gallery__col\" style=\"flex-basis:18.45291895486585%\"><figure class=\"tiled-gallery__item\"><a href=\"https:\/\/www.light-style.eu\/Blog\/?attachment_id=5979\"><img decoding=\"async\" data-attachment-id=\"5979\" data-permalink=\"https:\/\/www.light-style.eu\/Blog\/euer-traumfoto\/ps20e0110-9\/#main\" data-orig-file=\"https:\/\/i0.wp.com\/www.light-style.eu\/Blog\/wp-content\/uploads\/2021\/03\/PS20E0110-9.jpg?fit=1200%2C800&amp;ssl=1\" data-orig-size=\"1200,800\" data-comments-opened=\"1\" data-image-meta=\"{&quot;aperture&quot;:&quot;0&quot;,&quot;credit&quot;:&quot;Franka Gauger-Stoehr&quot;,&quot;camera&quot;:&quot;&quot;,&quot;caption&quot;:&quot;&quot;,&quot;created_timestamp&quot;:&quot;0&quot;,&quot;copyright&quot;:&quot;Franka Gauger Stoehr&quot;,&quot;focal_length&quot;:&quot;0&quot;,&quot;iso&quot;:&quot;0&quot;,&quot;shutter_speed&quot;:&quot;0&quot;,&quot;title&quot;:&quot;&quot;,&quot;orientation&quot;:&quot;0&quot;}\" data-image-title=\"PS20E0110-9\" data-image-description=\"\" data-image-caption=\"\" data-large-file=\"https:\/\/i0.wp.com\/www.light-style.eu\/Blog\/wp-content\/uploads\/2021\/03\/PS20E0110-9.jpg?fit=1170%2C780&amp;ssl=1\" data-attachment-id=\"5979\" data-permalink=\"https:\/\/www.light-style.eu\/Blog\/euer-traumfoto\/ps20e0110-9\/#main\" data-orig-file=\"https:\/\/i0.wp.com\/www.light-style.eu\/Blog\/wp-content\/uploads\/2021\/03\/PS20E0110-9.jpg?fit=1200%2C800&amp;ssl=1\" data-orig-size=\"1200,800\" data-comments-opened=\"1\" data-image-meta=\"{&quot;aperture&quot;:&quot;0&quot;,&quot;credit&quot;:&quot;Franka Gauger-Stoehr&quot;,&quot;camera&quot;:&quot;&quot;,&quot;caption&quot;:&quot;&quot;,&quot;created_timestamp&quot;:&quot;0&quot;,&quot;copyright&quot;:&quot;Franka Gauger Stoehr&quot;,&quot;focal_length&quot;:&quot;0&quot;,&quot;iso&quot;:&quot;0&quot;,&quot;shutter_speed&quot;:&quot;0&quot;,&quot;title&quot;:&quot;&quot;,&quot;orientation&quot;:&quot;0&quot;}\" data-image-title=\"PS20E0110-9\" data-image-description=\"\" data-image-caption=\"\" data-large-file=\"https:\/\/i0.wp.com\/www.light-style.eu\/Blog\/wp-content\/uploads\/2021\/03\/PS20E0110-9.jpg?fit=1170%2C780&amp;ssl=1\" role=\"button\" tabindex=\"0\" aria-label=\"Bild\u00a01 von 7 im Vollbildmodus \u00f6ffnen\"srcset=\"https:\/\/i1.wp.com\/www.light-style.eu\/Blog\/wp-content\/uploads\/2021\/03\/PS20E0110-9.jpg?strip=info&#038;w=600&#038;ssl=1 600w,https:\/\/i1.wp.com\/www.light-style.eu\/Blog\/wp-content\/uploads\/2021\/03\/PS20E0110-9.jpg?strip=info&#038;w=900&#038;ssl=1 900w,https:\/\/i1.wp.com\/www.light-style.eu\/Blog\/wp-content\/uploads\/2021\/03\/PS20E0110-9.jpg?strip=info&#038;w=1200&#038;ssl=1 1200w\" alt=\"\" data-height=\"800\" data-id=\"5979\" data-link=\"https:\/\/www.light-style.eu\/Blog\/?attachment_id=5979\" data-url=\"https:\/\/www.light-style.eu\/Blog\/wp-content\/uploads\/2021\/03\/PS20E0110-9.jpg\" data-width=\"1200\" src=\"https:\/\/i1.wp.com\/www.light-style.eu\/Blog\/wp-content\/uploads\/2021\/03\/PS20E0110-9.jpg?ssl=1\" layout=\"responsive\"\/><\/a><\/figure><figure class=\"tiled-gallery__item\"><a href=\"https:\/\/www.light-style.eu\/Blog\/?attachment_id=5980\"><img decoding=\"async\" data-attachment-id=\"5980\" data-permalink=\"https:\/\/www.light-style.eu\/Blog\/euer-traumfoto\/ps20e0110-23-2-2-2\/#main\" data-orig-file=\"https:\/\/i0.wp.com\/www.light-style.eu\/Blog\/wp-content\/uploads\/2021\/03\/PS20E0110-23-2-2-2.jpg?fit=800%2C1200&amp;ssl=1\" data-orig-size=\"800,1200\" data-comments-opened=\"1\" data-image-meta=\"{&quot;aperture&quot;:&quot;0&quot;,&quot;credit&quot;:&quot;Franka Gauger-Stoehr&quot;,&quot;camera&quot;:&quot;&quot;,&quot;caption&quot;:&quot;&quot;,&quot;created_timestamp&quot;:&quot;0&quot;,&quot;copyright&quot;:&quot;Franka Gauger Stoehr&quot;,&quot;focal_length&quot;:&quot;0&quot;,&quot;iso&quot;:&quot;0&quot;,&quot;shutter_speed&quot;:&quot;0&quot;,&quot;title&quot;:&quot;&quot;,&quot;orientation&quot;:&quot;0&quot;}\" data-image-title=\"PS20E0110-23-2-2-2\" data-image-description=\"\" data-image-caption=\"\" data-large-file=\"https:\/\/i0.wp.com\/www.light-style.eu\/Blog\/wp-content\/uploads\/2021\/03\/PS20E0110-23-2-2-2.jpg?fit=800%2C1200&amp;ssl=1\" data-attachment-id=\"5980\" data-permalink=\"https:\/\/www.light-style.eu\/Blog\/euer-traumfoto\/ps20e0110-23-2-2-2\/#main\" data-orig-file=\"https:\/\/i0.wp.com\/www.light-style.eu\/Blog\/wp-content\/uploads\/2021\/03\/PS20E0110-23-2-2-2.jpg?fit=800%2C1200&amp;ssl=1\" data-orig-size=\"800,1200\" data-comments-opened=\"1\" data-image-meta=\"{&quot;aperture&quot;:&quot;0&quot;,&quot;credit&quot;:&quot;Franka Gauger-Stoehr&quot;,&quot;camera&quot;:&quot;&quot;,&quot;caption&quot;:&quot;&quot;,&quot;created_timestamp&quot;:&quot;0&quot;,&quot;copyright&quot;:&quot;Franka Gauger Stoehr&quot;,&quot;focal_length&quot;:&quot;0&quot;,&quot;iso&quot;:&quot;0&quot;,&quot;shutter_speed&quot;:&quot;0&quot;,&quot;title&quot;:&quot;&quot;,&quot;orientation&quot;:&quot;0&quot;}\" data-image-title=\"PS20E0110-23-2-2-2\" data-image-description=\"\" data-image-caption=\"\" data-large-file=\"https:\/\/i0.wp.com\/www.light-style.eu\/Blog\/wp-content\/uploads\/2021\/03\/PS20E0110-23-2-2-2.jpg?fit=800%2C1200&amp;ssl=1\" role=\"button\" tabindex=\"0\" aria-label=\"Bild\u00a02 von 7 im Vollbildmodus \u00f6ffnen\"srcset=\"https:\/\/i0.wp.com\/www.light-style.eu\/Blog\/wp-content\/uploads\/2021\/03\/PS20E0110-23-2-2-2.jpg?strip=info&#038;w=600&#038;ssl=1 600w,https:\/\/i0.wp.com\/www.light-style.eu\/Blog\/wp-content\/uploads\/2021\/03\/PS20E0110-23-2-2-2.jpg?strip=info&#038;w=800&#038;ssl=1 800w\" alt=\"\" data-height=\"1200\" data-id=\"5980\" data-link=\"https:\/\/www.light-style.eu\/Blog\/?attachment_id=5980\" data-url=\"https:\/\/www.light-style.eu\/Blog\/wp-content\/uploads\/2021\/03\/PS20E0110-23-2-2-2.jpg\" data-width=\"800\" src=\"https:\/\/i0.wp.com\/www.light-style.eu\/Blog\/wp-content\/uploads\/2021\/03\/PS20E0110-23-2-2-2.jpg?ssl=1\" layout=\"responsive\"\/><\/a><\/figure><figure class=\"tiled-gallery__item\"><a href=\"https:\/\/www.light-style.eu\/Blog\/?attachment_id=5981\"><img decoding=\"async\" data-attachment-id=\"5981\" data-permalink=\"https:\/\/www.light-style.eu\/Blog\/euer-traumfoto\/ps20e0110-41\/#main\" data-orig-file=\"https:\/\/i0.wp.com\/www.light-style.eu\/Blog\/wp-content\/uploads\/2021\/03\/PS20E0110-41.jpg?fit=800%2C1200&amp;ssl=1\" data-orig-size=\"800,1200\" data-comments-opened=\"1\" data-image-meta=\"{&quot;aperture&quot;:&quot;0&quot;,&quot;credit&quot;:&quot;Fotostudio Light-Style\\rAndi Moel&quot;,&quot;camera&quot;:&quot;&quot;,&quot;caption&quot;:&quot;&quot;,&quot;created_timestamp&quot;:&quot;0&quot;,&quot;copyright&quot;:&quot;www.light-style.eu&quot;,&quot;focal_length&quot;:&quot;0&quot;,&quot;iso&quot;:&quot;0&quot;,&quot;shutter_speed&quot;:&quot;0&quot;,&quot;title&quot;:&quot;&quot;,&quot;orientation&quot;:&quot;0&quot;}\" data-image-title=\"PS20E0110-41\" data-image-description=\"\" data-image-caption=\"\" data-large-file=\"https:\/\/i0.wp.com\/www.light-style.eu\/Blog\/wp-content\/uploads\/2021\/03\/PS20E0110-41.jpg?fit=800%2C1200&amp;ssl=1\" data-attachment-id=\"5981\" data-permalink=\"https:\/\/www.light-style.eu\/Blog\/euer-traumfoto\/ps20e0110-41\/#main\" data-orig-file=\"https:\/\/i0.wp.com\/www.light-style.eu\/Blog\/wp-content\/uploads\/2021\/03\/PS20E0110-41.jpg?fit=800%2C1200&amp;ssl=1\" data-orig-size=\"800,1200\" data-comments-opened=\"1\" data-image-meta=\"{&quot;aperture&quot;:&quot;0&quot;,&quot;credit&quot;:&quot;Fotostudio Light-Style\\rAndi Moel&quot;,&quot;camera&quot;:&quot;&quot;,&quot;caption&quot;:&quot;&quot;,&quot;created_timestamp&quot;:&quot;0&quot;,&quot;copyright&quot;:&quot;www.light-style.eu&quot;,&quot;focal_length&quot;:&quot;0&quot;,&quot;iso&quot;:&quot;0&quot;,&quot;shutter_speed&quot;:&quot;0&quot;,&quot;title&quot;:&quot;&quot;,&quot;orientation&quot;:&quot;0&quot;}\" data-image-title=\"PS20E0110-41\" data-image-description=\"\" data-image-caption=\"\" data-large-file=\"https:\/\/i0.wp.com\/www.light-style.eu\/Blog\/wp-content\/uploads\/2021\/03\/PS20E0110-41.jpg?fit=800%2C1200&amp;ssl=1\" role=\"button\" tabindex=\"0\" aria-label=\"Bild\u00a03 von 7 im Vollbildmodus \u00f6ffnen\"srcset=\"https:\/\/i1.wp.com\/www.light-style.eu\/Blog\/wp-content\/uploads\/2021\/03\/PS20E0110-41.jpg?strip=info&#038;w=600&#038;ssl=1 600w,https:\/\/i1.wp.com\/www.light-style.eu\/Blog\/wp-content\/uploads\/2021\/03\/PS20E0110-41.jpg?strip=info&#038;w=800&#038;ssl=1 800w\" alt=\"\" data-height=\"1200\" data-id=\"5981\" data-link=\"https:\/\/www.light-style.eu\/Blog\/?attachment_id=5981\" data-url=\"https:\/\/www.light-style.eu\/Blog\/wp-content\/uploads\/2021\/03\/PS20E0110-41.jpg\" data-width=\"800\" src=\"https:\/\/i1.wp.com\/www.light-style.eu\/Blog\/wp-content\/uploads\/2021\/03\/PS20E0110-41.jpg?ssl=1\" layout=\"responsive\"\/><\/a><\/figure><\/div><div class=\"tiled-gallery__col\" style=\"flex-basis:50.38261637158684%\"><figure class=\"tiled-gallery__item\"><a href=\"https:\/\/www.light-style.eu\/Blog\/?attachment_id=5982\"><img decoding=\"async\" data-attachment-id=\"5982\" data-permalink=\"https:\/\/www.light-style.eu\/Blog\/euer-traumfoto\/ps20e0110-136\/#main\" data-orig-file=\"https:\/\/i0.wp.com\/www.light-style.eu\/Blog\/wp-content\/uploads\/2021\/03\/PS20E0110-136.jpg?fit=1200%2C800&amp;ssl=1\" data-orig-size=\"1200,800\" data-comments-opened=\"1\" data-image-meta=\"{&quot;aperture&quot;:&quot;0&quot;,&quot;credit&quot;:&quot;Fotostudio Light-Style\\rAndi Moel&quot;,&quot;camera&quot;:&quot;&quot;,&quot;caption&quot;:&quot;&quot;,&quot;created_timestamp&quot;:&quot;0&quot;,&quot;copyright&quot;:&quot;www.light-style.eu&quot;,&quot;focal_length&quot;:&quot;0&quot;,&quot;iso&quot;:&quot;0&quot;,&quot;shutter_speed&quot;:&quot;0&quot;,&quot;title&quot;:&quot;&quot;,&quot;orientation&quot;:&quot;0&quot;}\" data-image-title=\"PS20E0110-136\" data-image-description=\"\" data-image-caption=\"\" data-large-file=\"https:\/\/i0.wp.com\/www.light-style.eu\/Blog\/wp-content\/uploads\/2021\/03\/PS20E0110-136.jpg?fit=1170%2C780&amp;ssl=1\" data-attachment-id=\"5982\" data-permalink=\"https:\/\/www.light-style.eu\/Blog\/euer-traumfoto\/ps20e0110-136\/#main\" data-orig-file=\"https:\/\/i0.wp.com\/www.light-style.eu\/Blog\/wp-content\/uploads\/2021\/03\/PS20E0110-136.jpg?fit=1200%2C800&amp;ssl=1\" data-orig-size=\"1200,800\" data-comments-opened=\"1\" data-image-meta=\"{&quot;aperture&quot;:&quot;0&quot;,&quot;credit&quot;:&quot;Fotostudio Light-Style\\rAndi Moel&quot;,&quot;camera&quot;:&quot;&quot;,&quot;caption&quot;:&quot;&quot;,&quot;created_timestamp&quot;:&quot;0&quot;,&quot;copyright&quot;:&quot;www.light-style.eu&quot;,&quot;focal_length&quot;:&quot;0&quot;,&quot;iso&quot;:&quot;0&quot;,&quot;shutter_speed&quot;:&quot;0&quot;,&quot;title&quot;:&quot;&quot;,&quot;orientation&quot;:&quot;0&quot;}\" data-image-title=\"PS20E0110-136\" data-image-description=\"\" data-image-caption=\"\" data-large-file=\"https:\/\/i0.wp.com\/www.light-style.eu\/Blog\/wp-content\/uploads\/2021\/03\/PS20E0110-136.jpg?fit=1170%2C780&amp;ssl=1\" role=\"button\" tabindex=\"0\" aria-label=\"Bild\u00a04 von 7 im Vollbildmodus \u00f6ffnen\"srcset=\"https:\/\/i0.wp.com\/www.light-style.eu\/Blog\/wp-content\/uploads\/2021\/03\/PS20E0110-136.jpg?strip=info&#038;w=600&#038;ssl=1 600w,https:\/\/i0.wp.com\/www.light-style.eu\/Blog\/wp-content\/uploads\/2021\/03\/PS20E0110-136.jpg?strip=info&#038;w=900&#038;ssl=1 900w,https:\/\/i0.wp.com\/www.light-style.eu\/Blog\/wp-content\/uploads\/2021\/03\/PS20E0110-136.jpg?strip=info&#038;w=1200&#038;ssl=1 1200w\" alt=\"\" data-height=\"800\" data-id=\"5982\" data-link=\"https:\/\/www.light-style.eu\/Blog\/?attachment_id=5982\" data-url=\"https:\/\/www.light-style.eu\/Blog\/wp-content\/uploads\/2021\/03\/PS20E0110-136.jpg\" data-width=\"1200\" src=\"https:\/\/i0.wp.com\/www.light-style.eu\/Blog\/wp-content\/uploads\/2021\/03\/PS20E0110-136.jpg?ssl=1\" layout=\"responsive\"\/><\/a><\/figure><figure class=\"tiled-gallery__item\"><a href=\"https:\/\/www.light-style.eu\/Blog\/?attachment_id=5983\"><img decoding=\"async\" data-attachment-id=\"5983\" data-permalink=\"https:\/\/www.light-style.eu\/Blog\/euer-traumfoto\/ps20e0110-222\/#main\" data-orig-file=\"https:\/\/i0.wp.com\/www.light-style.eu\/Blog\/wp-content\/uploads\/2021\/03\/PS20E0110-222.jpg?fit=1200%2C800&amp;ssl=1\" data-orig-size=\"1200,800\" data-comments-opened=\"1\" data-image-meta=\"{&quot;aperture&quot;:&quot;0&quot;,&quot;credit&quot;:&quot;Fotostudio Light-Style\\rAndi Moel&quot;,&quot;camera&quot;:&quot;&quot;,&quot;caption&quot;:&quot;&quot;,&quot;created_timestamp&quot;:&quot;0&quot;,&quot;copyright&quot;:&quot;www.light-style.eu&quot;,&quot;focal_length&quot;:&quot;0&quot;,&quot;iso&quot;:&quot;0&quot;,&quot;shutter_speed&quot;:&quot;0&quot;,&quot;title&quot;:&quot;&quot;,&quot;orientation&quot;:&quot;0&quot;}\" data-image-title=\"PS20E0110-222\" data-image-description=\"\" data-image-caption=\"\" data-large-file=\"https:\/\/i0.wp.com\/www.light-style.eu\/Blog\/wp-content\/uploads\/2021\/03\/PS20E0110-222.jpg?fit=1170%2C780&amp;ssl=1\" data-attachment-id=\"5983\" data-permalink=\"https:\/\/www.light-style.eu\/Blog\/euer-traumfoto\/ps20e0110-222\/#main\" data-orig-file=\"https:\/\/i0.wp.com\/www.light-style.eu\/Blog\/wp-content\/uploads\/2021\/03\/PS20E0110-222.jpg?fit=1200%2C800&amp;ssl=1\" data-orig-size=\"1200,800\" data-comments-opened=\"1\" data-image-meta=\"{&quot;aperture&quot;:&quot;0&quot;,&quot;credit&quot;:&quot;Fotostudio Light-Style\\rAndi Moel&quot;,&quot;camera&quot;:&quot;&quot;,&quot;caption&quot;:&quot;&quot;,&quot;created_timestamp&quot;:&quot;0&quot;,&quot;copyright&quot;:&quot;www.light-style.eu&quot;,&quot;focal_length&quot;:&quot;0&quot;,&quot;iso&quot;:&quot;0&quot;,&quot;shutter_speed&quot;:&quot;0&quot;,&quot;title&quot;:&quot;&quot;,&quot;orientation&quot;:&quot;0&quot;}\" data-image-title=\"PS20E0110-222\" data-image-description=\"\" data-image-caption=\"\" data-large-file=\"https:\/\/i0.wp.com\/www.light-style.eu\/Blog\/wp-content\/uploads\/2021\/03\/PS20E0110-222.jpg?fit=1170%2C780&amp;ssl=1\" role=\"button\" tabindex=\"0\" aria-label=\"Bild\u00a05 von 7 im Vollbildmodus \u00f6ffnen\"srcset=\"https:\/\/i2.wp.com\/www.light-style.eu\/Blog\/wp-content\/uploads\/2021\/03\/PS20E0110-222.jpg?strip=info&#038;w=600&#038;ssl=1 600w,https:\/\/i2.wp.com\/www.light-style.eu\/Blog\/wp-content\/uploads\/2021\/03\/PS20E0110-222.jpg?strip=info&#038;w=900&#038;ssl=1 900w,https:\/\/i2.wp.com\/www.light-style.eu\/Blog\/wp-content\/uploads\/2021\/03\/PS20E0110-222.jpg?strip=info&#038;w=1200&#038;ssl=1 1200w\" alt=\"\" data-height=\"800\" data-id=\"5983\" data-link=\"https:\/\/www.light-style.eu\/Blog\/?attachment_id=5983\" data-url=\"https:\/\/www.light-style.eu\/Blog\/wp-content\/uploads\/2021\/03\/PS20E0110-222.jpg\" data-width=\"1200\" src=\"https:\/\/i2.wp.com\/www.light-style.eu\/Blog\/wp-content\/uploads\/2021\/03\/PS20E0110-222.jpg?ssl=1\" layout=\"responsive\"\/><\/a><\/figure><\/div><div class=\"tiled-gallery__col\" style=\"flex-basis:31.16446467354732%\"><figure class=\"tiled-gallery__item\"><a href=\"https:\/\/www.light-style.eu\/Blog\/?attachment_id=5984\"><img decoding=\"async\" data-attachment-id=\"5984\" data-permalink=\"https:\/\/www.light-style.eu\/Blog\/euer-traumfoto\/ps20e0110-249-2\/#main\" data-orig-file=\"https:\/\/i0.wp.com\/www.light-style.eu\/Blog\/wp-content\/uploads\/2021\/03\/PS20E0110-249-2.jpg?fit=800%2C1200&amp;ssl=1\" data-orig-size=\"800,1200\" data-comments-opened=\"1\" data-image-meta=\"{&quot;aperture&quot;:&quot;0&quot;,&quot;credit&quot;:&quot;Fotostudio Light-Style\\rAndi Moel&quot;,&quot;camera&quot;:&quot;&quot;,&quot;caption&quot;:&quot;&quot;,&quot;created_timestamp&quot;:&quot;0&quot;,&quot;copyright&quot;:&quot;www.light-style.eu&quot;,&quot;focal_length&quot;:&quot;0&quot;,&quot;iso&quot;:&quot;0&quot;,&quot;shutter_speed&quot;:&quot;0&quot;,&quot;title&quot;:&quot;&quot;,&quot;orientation&quot;:&quot;0&quot;}\" data-image-title=\"PS20E0110-249-2\" data-image-description=\"\" data-image-caption=\"\" data-large-file=\"https:\/\/i0.wp.com\/www.light-style.eu\/Blog\/wp-content\/uploads\/2021\/03\/PS20E0110-249-2.jpg?fit=800%2C1200&amp;ssl=1\" data-attachment-id=\"5984\" data-permalink=\"https:\/\/www.light-style.eu\/Blog\/euer-traumfoto\/ps20e0110-249-2\/#main\" data-orig-file=\"https:\/\/i0.wp.com\/www.light-style.eu\/Blog\/wp-content\/uploads\/2021\/03\/PS20E0110-249-2.jpg?fit=800%2C1200&amp;ssl=1\" data-orig-size=\"800,1200\" data-comments-opened=\"1\" data-image-meta=\"{&quot;aperture&quot;:&quot;0&quot;,&quot;credit&quot;:&quot;Fotostudio Light-Style\\rAndi Moel&quot;,&quot;camera&quot;:&quot;&quot;,&quot;caption&quot;:&quot;&quot;,&quot;created_timestamp&quot;:&quot;0&quot;,&quot;copyright&quot;:&quot;www.light-style.eu&quot;,&quot;focal_length&quot;:&quot;0&quot;,&quot;iso&quot;:&quot;0&quot;,&quot;shutter_speed&quot;:&quot;0&quot;,&quot;title&quot;:&quot;&quot;,&quot;orientation&quot;:&quot;0&quot;}\" data-image-title=\"PS20E0110-249-2\" data-image-description=\"\" data-image-caption=\"\" data-large-file=\"https:\/\/i0.wp.com\/www.light-style.eu\/Blog\/wp-content\/uploads\/2021\/03\/PS20E0110-249-2.jpg?fit=800%2C1200&amp;ssl=1\" role=\"button\" tabindex=\"0\" aria-label=\"Bild\u00a06 von 7 im Vollbildmodus \u00f6ffnen\"srcset=\"https:\/\/i1.wp.com\/www.light-style.eu\/Blog\/wp-content\/uploads\/2021\/03\/PS20E0110-249-2.jpg?strip=info&#038;w=600&#038;ssl=1 600w,https:\/\/i1.wp.com\/www.light-style.eu\/Blog\/wp-content\/uploads\/2021\/03\/PS20E0110-249-2.jpg?strip=info&#038;w=800&#038;ssl=1 800w\" alt=\"\" data-height=\"1200\" data-id=\"5984\" data-link=\"https:\/\/www.light-style.eu\/Blog\/?attachment_id=5984\" data-url=\"https:\/\/www.light-style.eu\/Blog\/wp-content\/uploads\/2021\/03\/PS20E0110-249-2.jpg\" data-width=\"800\" src=\"https:\/\/i1.wp.com\/www.light-style.eu\/Blog\/wp-content\/uploads\/2021\/03\/PS20E0110-249-2.jpg?ssl=1\" layout=\"responsive\"\/><\/a><\/figure><figure class=\"tiled-gallery__item\"><a href=\"https:\/\/www.light-style.eu\/Blog\/?attachment_id=5985\"><img decoding=\"async\" data-attachment-id=\"5985\" data-permalink=\"https:\/\/www.light-style.eu\/Blog\/euer-traumfoto\/ps20e0110-292\/#main\" data-orig-file=\"https:\/\/i0.wp.com\/www.light-style.eu\/Blog\/wp-content\/uploads\/2021\/03\/PS20E0110-292.jpg?fit=1200%2C800&amp;ssl=1\" data-orig-size=\"1200,800\" data-comments-opened=\"1\" data-image-meta=\"{&quot;aperture&quot;:&quot;0&quot;,&quot;credit&quot;:&quot;Fotostudio Light-Style\\rAndi Moel&quot;,&quot;camera&quot;:&quot;&quot;,&quot;caption&quot;:&quot;&quot;,&quot;created_timestamp&quot;:&quot;0&quot;,&quot;copyright&quot;:&quot;www.light-style.eu&quot;,&quot;focal_length&quot;:&quot;0&quot;,&quot;iso&quot;:&quot;0&quot;,&quot;shutter_speed&quot;:&quot;0&quot;,&quot;title&quot;:&quot;&quot;,&quot;orientation&quot;:&quot;0&quot;}\" data-image-title=\"PS20E0110-292\" data-image-description=\"\" data-image-caption=\"\" data-large-file=\"https:\/\/i0.wp.com\/www.light-style.eu\/Blog\/wp-content\/uploads\/2021\/03\/PS20E0110-292.jpg?fit=1170%2C780&amp;ssl=1\" data-attachment-id=\"5985\" data-permalink=\"https:\/\/www.light-style.eu\/Blog\/euer-traumfoto\/ps20e0110-292\/#main\" data-orig-file=\"https:\/\/i0.wp.com\/www.light-style.eu\/Blog\/wp-content\/uploads\/2021\/03\/PS20E0110-292.jpg?fit=1200%2C800&amp;ssl=1\" data-orig-size=\"1200,800\" data-comments-opened=\"1\" data-image-meta=\"{&quot;aperture&quot;:&quot;0&quot;,&quot;credit&quot;:&quot;Fotostudio Light-Style\\rAndi Moel&quot;,&quot;camera&quot;:&quot;&quot;,&quot;caption&quot;:&quot;&quot;,&quot;created_timestamp&quot;:&quot;0&quot;,&quot;copyright&quot;:&quot;www.light-style.eu&quot;,&quot;focal_length&quot;:&quot;0&quot;,&quot;iso&quot;:&quot;0&quot;,&quot;shutter_speed&quot;:&quot;0&quot;,&quot;title&quot;:&quot;&quot;,&quot;orientation&quot;:&quot;0&quot;}\" data-image-title=\"PS20E0110-292\" data-image-description=\"\" data-image-caption=\"\" data-large-file=\"https:\/\/i0.wp.com\/www.light-style.eu\/Blog\/wp-content\/uploads\/2021\/03\/PS20E0110-292.jpg?fit=1170%2C780&amp;ssl=1\" role=\"button\" tabindex=\"0\" aria-label=\"Bild\u00a07 von 7 im Vollbildmodus \u00f6ffnen\"srcset=\"https:\/\/i1.wp.com\/www.light-style.eu\/Blog\/wp-content\/uploads\/2021\/03\/PS20E0110-292.jpg?strip=info&#038;w=600&#038;ssl=1 600w,https:\/\/i1.wp.com\/www.light-style.eu\/Blog\/wp-content\/uploads\/2021\/03\/PS20E0110-292.jpg?strip=info&#038;w=900&#038;ssl=1 900w,https:\/\/i1.wp.com\/www.light-style.eu\/Blog\/wp-content\/uploads\/2021\/03\/PS20E0110-292.jpg?strip=info&#038;w=1200&#038;ssl=1 1200w\" alt=\"\" data-height=\"800\" data-id=\"5985\" data-link=\"https:\/\/www.light-style.eu\/Blog\/?attachment_id=5985\" data-url=\"https:\/\/www.light-style.eu\/Blog\/wp-content\/uploads\/2021\/03\/PS20E0110-292.jpg\" data-width=\"1200\" src=\"https:\/\/i1.wp.com\/www.light-style.eu\/Blog\/wp-content\/uploads\/2021\/03\/PS20E0110-292.jpg?ssl=1\" layout=\"responsive\"\/><\/a><\/figure><\/div><\/div><\/div><\/div>\n\n\n\n<p class=\"has-medium-font-size\"><em>Also, warum erf\u00fcllst Du Dir nicht auch Dein Traumbild, wir machen es machbar. Es kann schnell gehen, aber wie in diesem fall durch die Planungsumst\u00e4nde auch mal etwas l\u00e4nger dauern, aber es klappt.<\/em><\/p>\n\n\n\n<p class=\"has-medium-font-size\"><em>Du m\u00f6chtest Dich als Hollywood Star sehen? Kein Problem. Unsere Glamour Fotos sind da genau das Richtige, nat\u00fcrlich inkl. Styling.<\/em><\/p>\n\n\n\n<div class=\"wp-block-jetpack-tiled-gallery aligncenter is-style-columns has-rounded-corners-7\"><div class=\"tiled-gallery__gallery\"><div class=\"tiled-gallery__row\"><div class=\"tiled-gallery__col\" style=\"flex-basis:23.065870052277816%\"><figure class=\"tiled-gallery__item\"><a href=\"https:\/\/www.light-style.eu\/Blog\/stars-glamour-of-the-50th-i-love-it\/glamour-50er-caro-2-kopie-2\/\"><img decoding=\"async\" data-attachment-id=\"1542\" data-permalink=\"https:\/\/www.light-style.eu\/Blog\/stars-glamour-of-the-50th-i-love-it\/glamour-50er-caro-2-kopie-2\/#main\" data-orig-file=\"https:\/\/i0.wp.com\/www.light-style.eu\/Blog\/wp-content\/uploads\/2015\/11\/Glamour-50er-Caro-2-Kopie.jpg?fit=333%2C500&amp;ssl=1\" data-orig-size=\"333,500\" data-comments-opened=\"1\" data-image-meta=\"{&quot;aperture&quot;:&quot;10&quot;,&quot;credit&quot;:&quot;Andi M\\u00f6ller&quot;,&quot;camera&quot;:&quot;Canon EOS 5D Mark II&quot;,&quot;caption&quot;:&quot;&quot;,&quot;created_timestamp&quot;:&quot;1446060729&quot;,&quot;copyright&quot;:&quot;photostudio Light-Style&quot;,&quot;focal_length&quot;:&quot;122&quot;,&quot;iso&quot;:&quot;100&quot;,&quot;shutter_speed&quot;:&quot;0.008&quot;,&quot;title&quot;:&quot;&quot;,&quot;orientation&quot;:&quot;1&quot;}\" data-image-title=\"Glamour 50er &amp;#8211; Caro&amp;#8211;2 Kopie\" data-image-description=\"\" data-image-caption=\"&lt;p&gt;vorher&lt;\/p&gt;\n\" data-large-file=\"https:\/\/i0.wp.com\/www.light-style.eu\/Blog\/wp-content\/uploads\/2015\/11\/Glamour-50er-Caro-2-Kopie.jpg?fit=333%2C500&amp;ssl=1\" data-attachment-id=\"1542\" data-permalink=\"https:\/\/www.light-style.eu\/Blog\/stars-glamour-of-the-50th-i-love-it\/glamour-50er-caro-2-kopie-2\/#main\" data-orig-file=\"https:\/\/i0.wp.com\/www.light-style.eu\/Blog\/wp-content\/uploads\/2015\/11\/Glamour-50er-Caro-2-Kopie.jpg?fit=333%2C500&amp;ssl=1\" data-orig-size=\"333,500\" data-comments-opened=\"1\" data-image-meta=\"{&quot;aperture&quot;:&quot;10&quot;,&quot;credit&quot;:&quot;Andi M\\u00f6ller&quot;,&quot;camera&quot;:&quot;Canon EOS 5D Mark II&quot;,&quot;caption&quot;:&quot;&quot;,&quot;created_timestamp&quot;:&quot;1446060729&quot;,&quot;copyright&quot;:&quot;photostudio Light-Style&quot;,&quot;focal_length&quot;:&quot;122&quot;,&quot;iso&quot;:&quot;100&quot;,&quot;shutter_speed&quot;:&quot;0.008&quot;,&quot;title&quot;:&quot;&quot;,&quot;orientation&quot;:&quot;1&quot;}\" data-image-title=\"Glamour 50er &amp;#8211; Caro&amp;#8211;2 Kopie\" data-image-description=\"\" data-image-caption=\"&lt;p&gt;vorher&lt;\/p&gt;\n\" data-large-file=\"https:\/\/i0.wp.com\/www.light-style.eu\/Blog\/wp-content\/uploads\/2015\/11\/Glamour-50er-Caro-2-Kopie.jpg?fit=333%2C500&amp;ssl=1\" role=\"button\" tabindex=\"0\" aria-label=\"Bild\u00a01 von 9 im Vollbildmodus \u00f6ffnen\"srcset=\"https:\/\/i0.wp.com\/www.light-style.eu\/Blog\/wp-content\/uploads\/2015\/11\/Glamour-50er-Caro-2-Kopie.jpg?strip=info&#038;w=333&#038;ssl=1 333w\" alt=\"\" data-height=\"500\" data-id=\"1542\" data-link=\"https:\/\/www.light-style.eu\/Blog\/stars-glamour-of-the-50th-i-love-it\/glamour-50er-caro-2-kopie-2\/\" data-url=\"https:\/\/www.light-style.eu\/Blog\/wp-content\/uploads\/2015\/11\/Glamour-50er-Caro-2-Kopie.jpg\" data-width=\"333\" src=\"https:\/\/i0.wp.com\/www.light-style.eu\/Blog\/wp-content\/uploads\/2015\/11\/Glamour-50er-Caro-2-Kopie.jpg?ssl=1\" layout=\"responsive\"\/><\/a><\/figure><figure class=\"tiled-gallery__item\"><a href=\"https:\/\/www.light-style.eu\/Blog\/stars-glamour-of-the-50th-i-love-it\/glamour-50er-caro-496-bearbeitet-kopie\/\"><img decoding=\"async\" data-attachment-id=\"1551\" data-permalink=\"https:\/\/www.light-style.eu\/Blog\/stars-glamour-of-the-50th-i-love-it\/glamour-50er-caro-496-bearbeitet-kopie\/#main\" data-orig-file=\"https:\/\/i0.wp.com\/www.light-style.eu\/Blog\/wp-content\/uploads\/2015\/11\/Glamour-50er-Caro-496-Bearbeitet-Kopie.jpg?fit=333%2C500&amp;ssl=1\" data-orig-size=\"333,500\" data-comments-opened=\"1\" data-image-meta=\"{&quot;aperture&quot;:&quot;6.3&quot;,&quot;credit&quot;:&quot;Andi M\\u00f6ller&quot;,&quot;camera&quot;:&quot;Canon EOS 5D Mark II&quot;,&quot;caption&quot;:&quot;&quot;,&quot;created_timestamp&quot;:&quot;1446073450&quot;,&quot;copyright&quot;:&quot;photostudio Light-Style&quot;,&quot;focal_length&quot;:&quot;109&quot;,&quot;iso&quot;:&quot;100&quot;,&quot;shutter_speed&quot;:&quot;0.008&quot;,&quot;title&quot;:&quot;&quot;,&quot;orientation&quot;:&quot;1&quot;}\" data-image-title=\"Glamour 50er &amp;#8211; Caro&amp;#8211;496-Bearbeitet Kopie\" data-image-description=\"\" data-image-caption=\"\" data-large-file=\"https:\/\/i0.wp.com\/www.light-style.eu\/Blog\/wp-content\/uploads\/2015\/11\/Glamour-50er-Caro-496-Bearbeitet-Kopie.jpg?fit=333%2C500&amp;ssl=1\" data-attachment-id=\"1551\" data-permalink=\"https:\/\/www.light-style.eu\/Blog\/stars-glamour-of-the-50th-i-love-it\/glamour-50er-caro-496-bearbeitet-kopie\/#main\" data-orig-file=\"https:\/\/i0.wp.com\/www.light-style.eu\/Blog\/wp-content\/uploads\/2015\/11\/Glamour-50er-Caro-496-Bearbeitet-Kopie.jpg?fit=333%2C500&amp;ssl=1\" data-orig-size=\"333,500\" data-comments-opened=\"1\" data-image-meta=\"{&quot;aperture&quot;:&quot;6.3&quot;,&quot;credit&quot;:&quot;Andi M\\u00f6ller&quot;,&quot;camera&quot;:&quot;Canon EOS 5D Mark II&quot;,&quot;caption&quot;:&quot;&quot;,&quot;created_timestamp&quot;:&quot;1446073450&quot;,&quot;copyright&quot;:&quot;photostudio Light-Style&quot;,&quot;focal_length&quot;:&quot;109&quot;,&quot;iso&quot;:&quot;100&quot;,&quot;shutter_speed&quot;:&quot;0.008&quot;,&quot;title&quot;:&quot;&quot;,&quot;orientation&quot;:&quot;1&quot;}\" data-image-title=\"Glamour 50er &amp;#8211; Caro&amp;#8211;496-Bearbeitet Kopie\" data-image-description=\"\" data-image-caption=\"\" data-large-file=\"https:\/\/i0.wp.com\/www.light-style.eu\/Blog\/wp-content\/uploads\/2015\/11\/Glamour-50er-Caro-496-Bearbeitet-Kopie.jpg?fit=333%2C500&amp;ssl=1\" role=\"button\" tabindex=\"0\" aria-label=\"Bild\u00a02 von 9 im Vollbildmodus \u00f6ffnen\"srcset=\"https:\/\/i0.wp.com\/www.light-style.eu\/Blog\/wp-content\/uploads\/2015\/11\/Glamour-50er-Caro-496-Bearbeitet-Kopie.jpg?strip=info&#038;w=333&#038;ssl=1 333w\" alt=\"\" data-height=\"500\" data-id=\"1551\" data-link=\"https:\/\/www.light-style.eu\/Blog\/stars-glamour-of-the-50th-i-love-it\/glamour-50er-caro-496-bearbeitet-kopie\/\" data-url=\"https:\/\/www.light-style.eu\/Blog\/wp-content\/uploads\/2015\/11\/Glamour-50er-Caro-496-Bearbeitet-Kopie.jpg\" data-width=\"333\" src=\"https:\/\/i0.wp.com\/www.light-style.eu\/Blog\/wp-content\/uploads\/2015\/11\/Glamour-50er-Caro-496-Bearbeitet-Kopie.jpg?ssl=1\" layout=\"responsive\"\/><\/a><\/figure><figure class=\"tiled-gallery__item\"><a href=\"https:\/\/www.light-style.eu\/Blog\/stars-glamour-of-the-50th-i-love-it\/glamour-50er-caro-64-bearbeitet-kopie\/\"><img decoding=\"async\" data-attachment-id=\"1539\" data-permalink=\"https:\/\/www.light-style.eu\/Blog\/stars-glamour-of-the-50th-i-love-it\/glamour-50er-caro-64-bearbeitet-kopie\/#main\" data-orig-file=\"https:\/\/i0.wp.com\/www.light-style.eu\/Blog\/wp-content\/uploads\/2015\/11\/Glamour-50er-Caro-64-Bearbeitet-Kopie.jpg?fit=333%2C500&amp;ssl=1\" data-orig-size=\"333,500\" data-comments-opened=\"1\" data-image-meta=\"{&quot;aperture&quot;:&quot;5.6&quot;,&quot;credit&quot;:&quot;Andi M\\u00f6ller&quot;,&quot;camera&quot;:&quot;Canon EOS 5D Mark II&quot;,&quot;caption&quot;:&quot;&quot;,&quot;created_timestamp&quot;:&quot;1446065675&quot;,&quot;copyright&quot;:&quot;photostudio Light-Style&quot;,&quot;focal_length&quot;:&quot;113&quot;,&quot;iso&quot;:&quot;100&quot;,&quot;shutter_speed&quot;:&quot;0.008&quot;,&quot;title&quot;:&quot;&quot;,&quot;orientation&quot;:&quot;1&quot;}\" data-image-title=\"Glamour 50er &amp;#8211; Caro&amp;#8211;64-Bearbeitet Kopie\" data-image-description=\"\" data-image-caption=\"\" data-large-file=\"https:\/\/i0.wp.com\/www.light-style.eu\/Blog\/wp-content\/uploads\/2015\/11\/Glamour-50er-Caro-64-Bearbeitet-Kopie.jpg?fit=333%2C500&amp;ssl=1\" data-attachment-id=\"1539\" data-permalink=\"https:\/\/www.light-style.eu\/Blog\/stars-glamour-of-the-50th-i-love-it\/glamour-50er-caro-64-bearbeitet-kopie\/#main\" data-orig-file=\"https:\/\/i0.wp.com\/www.light-style.eu\/Blog\/wp-content\/uploads\/2015\/11\/Glamour-50er-Caro-64-Bearbeitet-Kopie.jpg?fit=333%2C500&amp;ssl=1\" data-orig-size=\"333,500\" data-comments-opened=\"1\" data-image-meta=\"{&quot;aperture&quot;:&quot;5.6&quot;,&quot;credit&quot;:&quot;Andi M\\u00f6ller&quot;,&quot;camera&quot;:&quot;Canon EOS 5D Mark II&quot;,&quot;caption&quot;:&quot;&quot;,&quot;created_timestamp&quot;:&quot;1446065675&quot;,&quot;copyright&quot;:&quot;photostudio Light-Style&quot;,&quot;focal_length&quot;:&quot;113&quot;,&quot;iso&quot;:&quot;100&quot;,&quot;shutter_speed&quot;:&quot;0.008&quot;,&quot;title&quot;:&quot;&quot;,&quot;orientation&quot;:&quot;1&quot;}\" data-image-title=\"Glamour 50er &amp;#8211; Caro&amp;#8211;64-Bearbeitet Kopie\" data-image-description=\"\" data-image-caption=\"\" data-large-file=\"https:\/\/i0.wp.com\/www.light-style.eu\/Blog\/wp-content\/uploads\/2015\/11\/Glamour-50er-Caro-64-Bearbeitet-Kopie.jpg?fit=333%2C500&amp;ssl=1\" role=\"button\" tabindex=\"0\" aria-label=\"Bild\u00a03 von 9 im Vollbildmodus \u00f6ffnen\"srcset=\"https:\/\/i0.wp.com\/www.light-style.eu\/Blog\/wp-content\/uploads\/2015\/11\/Glamour-50er-Caro-64-Bearbeitet-Kopie.jpg?strip=info&#038;w=333&#038;ssl=1 333w\" alt=\"\" data-height=\"500\" data-id=\"1539\" data-link=\"https:\/\/www.light-style.eu\/Blog\/stars-glamour-of-the-50th-i-love-it\/glamour-50er-caro-64-bearbeitet-kopie\/\" data-url=\"https:\/\/www.light-style.eu\/Blog\/wp-content\/uploads\/2015\/11\/Glamour-50er-Caro-64-Bearbeitet-Kopie.jpg\" data-width=\"333\" src=\"https:\/\/i0.wp.com\/www.light-style.eu\/Blog\/wp-content\/uploads\/2015\/11\/Glamour-50er-Caro-64-Bearbeitet-Kopie.jpg?ssl=1\" layout=\"responsive\"\/><\/a><\/figure><figure class=\"tiled-gallery__item\"><a href=\"https:\/\/www.light-style.eu\/Blog\/stars-glamour-of-the-50th-i-love-it\/glamour-50er-caro-500-bearbeitet-sw\/\"><img decoding=\"async\" data-attachment-id=\"1525\" data-permalink=\"https:\/\/www.light-style.eu\/Blog\/stars-glamour-of-the-50th-i-love-it\/glamour-50er-caro-500-bearbeitet-sw\/#main\" data-orig-file=\"https:\/\/i0.wp.com\/www.light-style.eu\/Blog\/wp-content\/uploads\/2015\/11\/Glamour-50er-Caro-500-Bearbeitet-sw.jpg?fit=333%2C500&amp;ssl=1\" data-orig-size=\"333,500\" data-comments-opened=\"1\" data-image-meta=\"{&quot;aperture&quot;:&quot;6.3&quot;,&quot;credit&quot;:&quot;Andi M\\u00f6ller&quot;,&quot;camera&quot;:&quot;Canon EOS 5D Mark II&quot;,&quot;caption&quot;:&quot;&quot;,&quot;created_timestamp&quot;:&quot;1446073463&quot;,&quot;copyright&quot;:&quot;photostudio Light-Style&quot;,&quot;focal_length&quot;:&quot;140&quot;,&quot;iso&quot;:&quot;100&quot;,&quot;shutter_speed&quot;:&quot;0.008&quot;,&quot;title&quot;:&quot;&quot;,&quot;orientation&quot;:&quot;1&quot;}\" data-image-title=\"Glamour 50er &amp;#8211; Caro&amp;#8211;500-Bearbeitet sw\" data-image-description=\"\" data-image-caption=\"\" data-large-file=\"https:\/\/i0.wp.com\/www.light-style.eu\/Blog\/wp-content\/uploads\/2015\/11\/Glamour-50er-Caro-500-Bearbeitet-sw.jpg?fit=333%2C500&amp;ssl=1\" data-attachment-id=\"1525\" data-permalink=\"https:\/\/www.light-style.eu\/Blog\/stars-glamour-of-the-50th-i-love-it\/glamour-50er-caro-500-bearbeitet-sw\/#main\" data-orig-file=\"https:\/\/i0.wp.com\/www.light-style.eu\/Blog\/wp-content\/uploads\/2015\/11\/Glamour-50er-Caro-500-Bearbeitet-sw.jpg?fit=333%2C500&amp;ssl=1\" data-orig-size=\"333,500\" data-comments-opened=\"1\" data-image-meta=\"{&quot;aperture&quot;:&quot;6.3&quot;,&quot;credit&quot;:&quot;Andi M\\u00f6ller&quot;,&quot;camera&quot;:&quot;Canon EOS 5D Mark II&quot;,&quot;caption&quot;:&quot;&quot;,&quot;created_timestamp&quot;:&quot;1446073463&quot;,&quot;copyright&quot;:&quot;photostudio Light-Style&quot;,&quot;focal_length&quot;:&quot;140&quot;,&quot;iso&quot;:&quot;100&quot;,&quot;shutter_speed&quot;:&quot;0.008&quot;,&quot;title&quot;:&quot;&quot;,&quot;orientation&quot;:&quot;1&quot;}\" data-image-title=\"Glamour 50er &amp;#8211; Caro&amp;#8211;500-Bearbeitet sw\" data-image-description=\"\" data-image-caption=\"\" data-large-file=\"https:\/\/i0.wp.com\/www.light-style.eu\/Blog\/wp-content\/uploads\/2015\/11\/Glamour-50er-Caro-500-Bearbeitet-sw.jpg?fit=333%2C500&amp;ssl=1\" role=\"button\" tabindex=\"0\" aria-label=\"Bild\u00a04 von 9 im Vollbildmodus \u00f6ffnen\"srcset=\"https:\/\/i2.wp.com\/www.light-style.eu\/Blog\/wp-content\/uploads\/2015\/11\/Glamour-50er-Caro-500-Bearbeitet-sw.jpg?strip=info&#038;w=333&#038;ssl=1 333w\" alt=\"\" data-height=\"500\" data-id=\"1525\" data-link=\"https:\/\/www.light-style.eu\/Blog\/stars-glamour-of-the-50th-i-love-it\/glamour-50er-caro-500-bearbeitet-sw\/\" data-url=\"https:\/\/www.light-style.eu\/Blog\/wp-content\/uploads\/2015\/11\/Glamour-50er-Caro-500-Bearbeitet-sw.jpg\" data-width=\"333\" src=\"https:\/\/i2.wp.com\/www.light-style.eu\/Blog\/wp-content\/uploads\/2015\/11\/Glamour-50er-Caro-500-Bearbeitet-sw.jpg?ssl=1\" layout=\"responsive\"\/><\/a><\/figure><\/div><div class=\"tiled-gallery__col\" style=\"flex-basis:30.76646751306945%\"><figure class=\"tiled-gallery__item\"><a href=\"https:\/\/www.light-style.eu\/Blog\/stars-glamour-of-the-50th-i-love-it\/glamour-50er-caro-295-bearbeitet-kopie-sw\/\"><img decoding=\"async\" data-attachment-id=\"1533\" data-permalink=\"https:\/\/www.light-style.eu\/Blog\/stars-glamour-of-the-50th-i-love-it\/glamour-50er-caro-295-bearbeitet-kopie-sw\/#main\" data-orig-file=\"https:\/\/i0.wp.com\/www.light-style.eu\/Blog\/wp-content\/uploads\/2015\/11\/Glamour-50er-Caro-295-Bearbeitet-Kopie-sw.jpg?fit=333%2C500&amp;ssl=1\" data-orig-size=\"333,500\" data-comments-opened=\"1\" data-image-meta=\"{&quot;aperture&quot;:&quot;6.3&quot;,&quot;credit&quot;:&quot;Andi M\\u00f6ller&quot;,&quot;camera&quot;:&quot;Canon EOS 5D Mark II&quot;,&quot;caption&quot;:&quot;&quot;,&quot;created_timestamp&quot;:&quot;1446069119&quot;,&quot;copyright&quot;:&quot;photostudio Light-Style&quot;,&quot;focal_length&quot;:&quot;105&quot;,&quot;iso&quot;:&quot;100&quot;,&quot;shutter_speed&quot;:&quot;0.008&quot;,&quot;title&quot;:&quot;&quot;,&quot;orientation&quot;:&quot;1&quot;}\" data-image-title=\"Glamour 50er &amp;#8211; Caro&amp;#8211;295-Bearbeitet Kopie sw\" data-image-description=\"\" data-image-caption=\"\" data-large-file=\"https:\/\/i0.wp.com\/www.light-style.eu\/Blog\/wp-content\/uploads\/2015\/11\/Glamour-50er-Caro-295-Bearbeitet-Kopie-sw.jpg?fit=333%2C500&amp;ssl=1\" data-attachment-id=\"1533\" data-permalink=\"https:\/\/www.light-style.eu\/Blog\/stars-glamour-of-the-50th-i-love-it\/glamour-50er-caro-295-bearbeitet-kopie-sw\/#main\" data-orig-file=\"https:\/\/i0.wp.com\/www.light-style.eu\/Blog\/wp-content\/uploads\/2015\/11\/Glamour-50er-Caro-295-Bearbeitet-Kopie-sw.jpg?fit=333%2C500&amp;ssl=1\" data-orig-size=\"333,500\" data-comments-opened=\"1\" data-image-meta=\"{&quot;aperture&quot;:&quot;6.3&quot;,&quot;credit&quot;:&quot;Andi M\\u00f6ller&quot;,&quot;camera&quot;:&quot;Canon EOS 5D Mark II&quot;,&quot;caption&quot;:&quot;&quot;,&quot;created_timestamp&quot;:&quot;1446069119&quot;,&quot;copyright&quot;:&quot;photostudio Light-Style&quot;,&quot;focal_length&quot;:&quot;105&quot;,&quot;iso&quot;:&quot;100&quot;,&quot;shutter_speed&quot;:&quot;0.008&quot;,&quot;title&quot;:&quot;&quot;,&quot;orientation&quot;:&quot;1&quot;}\" data-image-title=\"Glamour 50er &amp;#8211; Caro&amp;#8211;295-Bearbeitet Kopie sw\" data-image-description=\"\" data-image-caption=\"\" data-large-file=\"https:\/\/i0.wp.com\/www.light-style.eu\/Blog\/wp-content\/uploads\/2015\/11\/Glamour-50er-Caro-295-Bearbeitet-Kopie-sw.jpg?fit=333%2C500&amp;ssl=1\" role=\"button\" tabindex=\"0\" aria-label=\"Bild\u00a05 von 9 im Vollbildmodus \u00f6ffnen\"srcset=\"https:\/\/i0.wp.com\/www.light-style.eu\/Blog\/wp-content\/uploads\/2015\/11\/Glamour-50er-Caro-295-Bearbeitet-Kopie-sw.jpg?strip=info&#038;w=333&#038;ssl=1 333w\" alt=\"\" data-height=\"500\" data-id=\"1533\" data-link=\"https:\/\/www.light-style.eu\/Blog\/stars-glamour-of-the-50th-i-love-it\/glamour-50er-caro-295-bearbeitet-kopie-sw\/\" data-url=\"https:\/\/www.light-style.eu\/Blog\/wp-content\/uploads\/2015\/11\/Glamour-50er-Caro-295-Bearbeitet-Kopie-sw.jpg\" data-width=\"333\" src=\"https:\/\/i0.wp.com\/www.light-style.eu\/Blog\/wp-content\/uploads\/2015\/11\/Glamour-50er-Caro-295-Bearbeitet-Kopie-sw.jpg?ssl=1\" layout=\"responsive\"\/><\/a><\/figure><figure class=\"tiled-gallery__item\"><a href=\"https:\/\/www.light-style.eu\/Blog\/mit-50thglamour-ins-neue-jahr\/500th-glamour-2016-julia-1-vorher\/\"><img decoding=\"async\" data-attachment-id=\"1699\" data-permalink=\"https:\/\/www.light-style.eu\/Blog\/mit-50thglamour-ins-neue-jahr\/500th-glamour-2016-julia-1-vorher\/#main\" data-orig-file=\"https:\/\/i0.wp.com\/www.light-style.eu\/Blog\/wp-content\/uploads\/2016\/01\/500th-Glamour-2016-Julia-1-vorher.jpg?fit=333%2C500&amp;ssl=1\" data-orig-size=\"333,500\" data-comments-opened=\"1\" data-image-meta=\"{&quot;aperture&quot;:&quot;10&quot;,&quot;credit&quot;:&quot;Andi M\\u00f6ller&quot;,&quot;camera&quot;:&quot;Canon EOS 5D Mark II&quot;,&quot;caption&quot;:&quot;&quot;,&quot;created_timestamp&quot;:&quot;1452268776&quot;,&quot;copyright&quot;:&quot;photostudio Light-Style&quot;,&quot;focal_length&quot;:&quot;154&quot;,&quot;iso&quot;:&quot;100&quot;,&quot;shutter_speed&quot;:&quot;0.008&quot;,&quot;title&quot;:&quot;&quot;,&quot;orientation&quot;:&quot;1&quot;}\" data-image-title=\"500th Glamour 2016 &amp;#8211; Julia&amp;#8211;1 vorher\" data-image-description=\"&lt;p&gt;Julias Sch\u00f6nheit original, Ohne Lichtgestaltung ohne Anweisung ohne Make-Up&lt;\/p&gt;\n\" data-image-caption=\"&lt;p&gt;Julia original, Ohne Lichtgestaltung, ohne Anweisung, Ohne Make -Up&lt;\/p&gt;\n\" data-large-file=\"https:\/\/i0.wp.com\/www.light-style.eu\/Blog\/wp-content\/uploads\/2016\/01\/500th-Glamour-2016-Julia-1-vorher.jpg?fit=333%2C500&amp;ssl=1\" data-attachment-id=\"1699\" data-permalink=\"https:\/\/www.light-style.eu\/Blog\/mit-50thglamour-ins-neue-jahr\/500th-glamour-2016-julia-1-vorher\/#main\" data-orig-file=\"https:\/\/i0.wp.com\/www.light-style.eu\/Blog\/wp-content\/uploads\/2016\/01\/500th-Glamour-2016-Julia-1-vorher.jpg?fit=333%2C500&amp;ssl=1\" data-orig-size=\"333,500\" data-comments-opened=\"1\" data-image-meta=\"{&quot;aperture&quot;:&quot;10&quot;,&quot;credit&quot;:&quot;Andi M\\u00f6ller&quot;,&quot;camera&quot;:&quot;Canon EOS 5D Mark II&quot;,&quot;caption&quot;:&quot;&quot;,&quot;created_timestamp&quot;:&quot;1452268776&quot;,&quot;copyright&quot;:&quot;photostudio Light-Style&quot;,&quot;focal_length&quot;:&quot;154&quot;,&quot;iso&quot;:&quot;100&quot;,&quot;shutter_speed&quot;:&quot;0.008&quot;,&quot;title&quot;:&quot;&quot;,&quot;orientation&quot;:&quot;1&quot;}\" data-image-title=\"500th Glamour 2016 &amp;#8211; Julia&amp;#8211;1 vorher\" data-image-description=\"&lt;p&gt;Julias Sch\u00f6nheit original, Ohne Lichtgestaltung ohne Anweisung ohne Make-Up&lt;\/p&gt;\n\" data-image-caption=\"&lt;p&gt;Julia original, Ohne Lichtgestaltung, ohne Anweisung, Ohne Make -Up&lt;\/p&gt;\n\" data-large-file=\"https:\/\/i0.wp.com\/www.light-style.eu\/Blog\/wp-content\/uploads\/2016\/01\/500th-Glamour-2016-Julia-1-vorher.jpg?fit=333%2C500&amp;ssl=1\" role=\"button\" tabindex=\"0\" aria-label=\"Bild\u00a06 von 9 im Vollbildmodus \u00f6ffnen\"srcset=\"https:\/\/i2.wp.com\/www.light-style.eu\/Blog\/wp-content\/uploads\/2016\/01\/500th-Glamour-2016-Julia-1-vorher.jpg?strip=info&#038;w=333&#038;ssl=1 333w\" alt=\"\" data-height=\"500\" data-id=\"1699\" data-link=\"https:\/\/www.light-style.eu\/Blog\/mit-50thglamour-ins-neue-jahr\/500th-glamour-2016-julia-1-vorher\/\" data-url=\"https:\/\/www.light-style.eu\/Blog\/wp-content\/uploads\/2016\/01\/500th-Glamour-2016-Julia-1-vorher.jpg\" data-width=\"333\" src=\"https:\/\/i2.wp.com\/www.light-style.eu\/Blog\/wp-content\/uploads\/2016\/01\/500th-Glamour-2016-Julia-1-vorher.jpg?ssl=1\" layout=\"responsive\"\/><\/a><\/figure><figure class=\"tiled-gallery__item\"><a href=\"https:\/\/www.light-style.eu\/Blog\/mit-50thglamour-ins-neue-jahr\/500th-glamour-2016-julia-392-bearbeitet-bearbeitet-kopie\/\"><img decoding=\"async\" data-attachment-id=\"1708\" data-permalink=\"https:\/\/www.light-style.eu\/Blog\/mit-50thglamour-ins-neue-jahr\/500th-glamour-2016-julia-392-bearbeitet-bearbeitet-kopie\/#main\" data-orig-file=\"https:\/\/i0.wp.com\/www.light-style.eu\/Blog\/wp-content\/uploads\/2016\/01\/500th-Glamour-2016-Julia-392-Bearbeitet-Bearbeitet-Kopie.jpg?fit=333%2C500&amp;ssl=1\" data-orig-size=\"333,500\" data-comments-opened=\"1\" data-image-meta=\"{&quot;aperture&quot;:&quot;5&quot;,&quot;credit&quot;:&quot;Andi M\\u00f6ller&quot;,&quot;camera&quot;:&quot;Canon EOS 5D Mark II&quot;,&quot;caption&quot;:&quot;&quot;,&quot;created_timestamp&quot;:&quot;1452281941&quot;,&quot;copyright&quot;:&quot;photostudio Light-Style&quot;,&quot;focal_length&quot;:&quot;65&quot;,&quot;iso&quot;:&quot;100&quot;,&quot;shutter_speed&quot;:&quot;0.008&quot;,&quot;title&quot;:&quot;&quot;,&quot;orientation&quot;:&quot;1&quot;}\" data-image-title=\"500th Glamour 2016 &amp;#8211; Julia&amp;#8211;392-Bearbeitet-Bearbeitet Kopie\" data-image-description=\"\" data-image-caption=\"\" data-large-file=\"https:\/\/i0.wp.com\/www.light-style.eu\/Blog\/wp-content\/uploads\/2016\/01\/500th-Glamour-2016-Julia-392-Bearbeitet-Bearbeitet-Kopie.jpg?fit=333%2C500&amp;ssl=1\" data-attachment-id=\"1708\" data-permalink=\"https:\/\/www.light-style.eu\/Blog\/mit-50thglamour-ins-neue-jahr\/500th-glamour-2016-julia-392-bearbeitet-bearbeitet-kopie\/#main\" data-orig-file=\"https:\/\/i0.wp.com\/www.light-style.eu\/Blog\/wp-content\/uploads\/2016\/01\/500th-Glamour-2016-Julia-392-Bearbeitet-Bearbeitet-Kopie.jpg?fit=333%2C500&amp;ssl=1\" data-orig-size=\"333,500\" data-comments-opened=\"1\" data-image-meta=\"{&quot;aperture&quot;:&quot;5&quot;,&quot;credit&quot;:&quot;Andi M\\u00f6ller&quot;,&quot;camera&quot;:&quot;Canon EOS 5D Mark II&quot;,&quot;caption&quot;:&quot;&quot;,&quot;created_timestamp&quot;:&quot;1452281941&quot;,&quot;copyright&quot;:&quot;photostudio Light-Style&quot;,&quot;focal_length&quot;:&quot;65&quot;,&quot;iso&quot;:&quot;100&quot;,&quot;shutter_speed&quot;:&quot;0.008&quot;,&quot;title&quot;:&quot;&quot;,&quot;orientation&quot;:&quot;1&quot;}\" data-image-title=\"500th Glamour 2016 &amp;#8211; Julia&amp;#8211;392-Bearbeitet-Bearbeitet Kopie\" data-image-description=\"\" data-image-caption=\"\" data-large-file=\"https:\/\/i0.wp.com\/www.light-style.eu\/Blog\/wp-content\/uploads\/2016\/01\/500th-Glamour-2016-Julia-392-Bearbeitet-Bearbeitet-Kopie.jpg?fit=333%2C500&amp;ssl=1\" role=\"button\" tabindex=\"0\" aria-label=\"Bild\u00a07 von 9 im Vollbildmodus \u00f6ffnen\"srcset=\"https:\/\/i2.wp.com\/www.light-style.eu\/Blog\/wp-content\/uploads\/2016\/01\/500th-Glamour-2016-Julia-392-Bearbeitet-Bearbeitet-Kopie.jpg?strip=info&#038;w=333&#038;ssl=1 333w\" alt=\"\" data-height=\"500\" data-id=\"1708\" data-link=\"https:\/\/www.light-style.eu\/Blog\/mit-50thglamour-ins-neue-jahr\/500th-glamour-2016-julia-392-bearbeitet-bearbeitet-kopie\/\" data-url=\"https:\/\/www.light-style.eu\/Blog\/wp-content\/uploads\/2016\/01\/500th-Glamour-2016-Julia-392-Bearbeitet-Bearbeitet-Kopie.jpg\" data-width=\"333\" src=\"https:\/\/i2.wp.com\/www.light-style.eu\/Blog\/wp-content\/uploads\/2016\/01\/500th-Glamour-2016-Julia-392-Bearbeitet-Bearbeitet-Kopie.jpg?ssl=1\" layout=\"responsive\"\/><\/a><\/figure><\/div><div class=\"tiled-gallery__col\" style=\"flex-basis:46.167662434652726%\"><figure class=\"tiled-gallery__item\"><a href=\"https:\/\/www.light-style.eu\/Blog\/mit-50thglamour-ins-neue-jahr\/500th-glamour-2016-julia-375-bearbeitet-kopie\/\"><img decoding=\"async\" data-attachment-id=\"1710\" data-permalink=\"https:\/\/www.light-style.eu\/Blog\/mit-50thglamour-ins-neue-jahr\/500th-glamour-2016-julia-375-bearbeitet-kopie\/#main\" data-orig-file=\"https:\/\/i0.wp.com\/www.light-style.eu\/Blog\/wp-content\/uploads\/2016\/01\/500th-Glamour-2016-Julia-375-Bearbeitet-Kopie.jpg?fit=333%2C500&amp;ssl=1\" data-orig-size=\"333,500\" data-comments-opened=\"1\" data-image-meta=\"{&quot;aperture&quot;:&quot;5.6&quot;,&quot;credit&quot;:&quot;Andi M\\u00f6ller&quot;,&quot;camera&quot;:&quot;Canon EOS 5D Mark II&quot;,&quot;caption&quot;:&quot;&quot;,&quot;created_timestamp&quot;:&quot;1452281355&quot;,&quot;copyright&quot;:&quot;photostudio Light-Style&quot;,&quot;focal_length&quot;:&quot;80&quot;,&quot;iso&quot;:&quot;100&quot;,&quot;shutter_speed&quot;:&quot;0.008&quot;,&quot;title&quot;:&quot;&quot;,&quot;orientation&quot;:&quot;1&quot;}\" data-image-title=\"500th Glamour 2016 &amp;#8211; Julia&amp;#8211;375-Bearbeitet Kopie\" data-image-description=\"\" data-image-caption=\"\" data-large-file=\"https:\/\/i0.wp.com\/www.light-style.eu\/Blog\/wp-content\/uploads\/2016\/01\/500th-Glamour-2016-Julia-375-Bearbeitet-Kopie.jpg?fit=333%2C500&amp;ssl=1\" data-attachment-id=\"1710\" data-permalink=\"https:\/\/www.light-style.eu\/Blog\/mit-50thglamour-ins-neue-jahr\/500th-glamour-2016-julia-375-bearbeitet-kopie\/#main\" data-orig-file=\"https:\/\/i0.wp.com\/www.light-style.eu\/Blog\/wp-content\/uploads\/2016\/01\/500th-Glamour-2016-Julia-375-Bearbeitet-Kopie.jpg?fit=333%2C500&amp;ssl=1\" data-orig-size=\"333,500\" data-comments-opened=\"1\" data-image-meta=\"{&quot;aperture&quot;:&quot;5.6&quot;,&quot;credit&quot;:&quot;Andi M\\u00f6ller&quot;,&quot;camera&quot;:&quot;Canon EOS 5D Mark II&quot;,&quot;caption&quot;:&quot;&quot;,&quot;created_timestamp&quot;:&quot;1452281355&quot;,&quot;copyright&quot;:&quot;photostudio Light-Style&quot;,&quot;focal_length&quot;:&quot;80&quot;,&quot;iso&quot;:&quot;100&quot;,&quot;shutter_speed&quot;:&quot;0.008&quot;,&quot;title&quot;:&quot;&quot;,&quot;orientation&quot;:&quot;1&quot;}\" data-image-title=\"500th Glamour 2016 &amp;#8211; Julia&amp;#8211;375-Bearbeitet Kopie\" data-image-description=\"\" data-image-caption=\"\" data-large-file=\"https:\/\/i0.wp.com\/www.light-style.eu\/Blog\/wp-content\/uploads\/2016\/01\/500th-Glamour-2016-Julia-375-Bearbeitet-Kopie.jpg?fit=333%2C500&amp;ssl=1\" role=\"button\" tabindex=\"0\" aria-label=\"Bild\u00a08 von 9 im Vollbildmodus \u00f6ffnen\"srcset=\"https:\/\/i1.wp.com\/www.light-style.eu\/Blog\/wp-content\/uploads\/2016\/01\/500th-Glamour-2016-Julia-375-Bearbeitet-Kopie.jpg?strip=info&#038;w=333&#038;ssl=1 333w\" alt=\"\" data-height=\"500\" data-id=\"1710\" data-link=\"https:\/\/www.light-style.eu\/Blog\/mit-50thglamour-ins-neue-jahr\/500th-glamour-2016-julia-375-bearbeitet-kopie\/\" data-url=\"https:\/\/www.light-style.eu\/Blog\/wp-content\/uploads\/2016\/01\/500th-Glamour-2016-Julia-375-Bearbeitet-Kopie.jpg\" data-width=\"333\" src=\"https:\/\/i1.wp.com\/www.light-style.eu\/Blog\/wp-content\/uploads\/2016\/01\/500th-Glamour-2016-Julia-375-Bearbeitet-Kopie.jpg?ssl=1\" layout=\"responsive\"\/><\/a><\/figure><figure class=\"tiled-gallery__item\"><a href=\"https:\/\/www.light-style.eu\/Blog\/mit-50thglamour-ins-neue-jahr\/500th-glamour-2016-julia-442-bearbeitet-sw\/\"><img decoding=\"async\" data-attachment-id=\"1704\" data-permalink=\"https:\/\/www.light-style.eu\/Blog\/mit-50thglamour-ins-neue-jahr\/500th-glamour-2016-julia-442-bearbeitet-sw\/#main\" data-orig-file=\"https:\/\/i0.wp.com\/www.light-style.eu\/Blog\/wp-content\/uploads\/2016\/01\/500th-Glamour-2016-Julia-442-Bearbeitet-sw.jpg?fit=333%2C500&amp;ssl=1\" data-orig-size=\"333,500\" data-comments-opened=\"1\" data-image-meta=\"{&quot;aperture&quot;:&quot;5.6&quot;,&quot;credit&quot;:&quot;Andi M\\u00f6ller&quot;,&quot;camera&quot;:&quot;Canon EOS 5D Mark II&quot;,&quot;caption&quot;:&quot;&quot;,&quot;created_timestamp&quot;:&quot;1452282918&quot;,&quot;copyright&quot;:&quot;photostudio Light-Style&quot;,&quot;focal_length&quot;:&quot;80&quot;,&quot;iso&quot;:&quot;100&quot;,&quot;shutter_speed&quot;:&quot;0.008&quot;,&quot;title&quot;:&quot;&quot;,&quot;orientation&quot;:&quot;1&quot;}\" data-image-title=\"500th Glamour 2016 &amp;#8211; Julia&amp;#8211;442-Bearbeitet sw\" data-image-description=\"\" data-image-caption=\"\" data-large-file=\"https:\/\/i0.wp.com\/www.light-style.eu\/Blog\/wp-content\/uploads\/2016\/01\/500th-Glamour-2016-Julia-442-Bearbeitet-sw.jpg?fit=333%2C500&amp;ssl=1\" data-attachment-id=\"1704\" data-permalink=\"https:\/\/www.light-style.eu\/Blog\/mit-50thglamour-ins-neue-jahr\/500th-glamour-2016-julia-442-bearbeitet-sw\/#main\" data-orig-file=\"https:\/\/i0.wp.com\/www.light-style.eu\/Blog\/wp-content\/uploads\/2016\/01\/500th-Glamour-2016-Julia-442-Bearbeitet-sw.jpg?fit=333%2C500&amp;ssl=1\" data-orig-size=\"333,500\" data-comments-opened=\"1\" data-image-meta=\"{&quot;aperture&quot;:&quot;5.6&quot;,&quot;credit&quot;:&quot;Andi M\\u00f6ller&quot;,&quot;camera&quot;:&quot;Canon EOS 5D Mark II&quot;,&quot;caption&quot;:&quot;&quot;,&quot;created_timestamp&quot;:&quot;1452282918&quot;,&quot;copyright&quot;:&quot;photostudio Light-Style&quot;,&quot;focal_length&quot;:&quot;80&quot;,&quot;iso&quot;:&quot;100&quot;,&quot;shutter_speed&quot;:&quot;0.008&quot;,&quot;title&quot;:&quot;&quot;,&quot;orientation&quot;:&quot;1&quot;}\" data-image-title=\"500th Glamour 2016 &amp;#8211; Julia&amp;#8211;442-Bearbeitet sw\" data-image-description=\"\" data-image-caption=\"\" data-large-file=\"https:\/\/i0.wp.com\/www.light-style.eu\/Blog\/wp-content\/uploads\/2016\/01\/500th-Glamour-2016-Julia-442-Bearbeitet-sw.jpg?fit=333%2C500&amp;ssl=1\" role=\"button\" tabindex=\"0\" aria-label=\"Bild\u00a09 von 9 im Vollbildmodus \u00f6ffnen\"srcset=\"https:\/\/i1.wp.com\/www.light-style.eu\/Blog\/wp-content\/uploads\/2016\/01\/500th-Glamour-2016-Julia-442-Bearbeitet-sw.jpg?strip=info&#038;w=333&#038;ssl=1 333w\" alt=\"\" data-height=\"500\" data-id=\"1704\" data-link=\"https:\/\/www.light-style.eu\/Blog\/mit-50thglamour-ins-neue-jahr\/500th-glamour-2016-julia-442-bearbeitet-sw\/\" data-url=\"https:\/\/www.light-style.eu\/Blog\/wp-content\/uploads\/2016\/01\/500th-Glamour-2016-Julia-442-Bearbeitet-sw.jpg\" data-width=\"333\" src=\"https:\/\/i1.wp.com\/www.light-style.eu\/Blog\/wp-content\/uploads\/2016\/01\/500th-Glamour-2016-Julia-442-Bearbeitet-sw.jpg?ssl=1\" layout=\"responsive\"\/><\/a><\/figure><\/div><\/div><\/div><\/div>\n\n\n\n<p class=\"has-medium-font-size\"><em>Hier findest Du weitere <a rel=\"noreferrer noopener\" href=\"https:\/\/www.light-style.eu\/Blog\/?s=50th+glamour\" target=\"_blank\">Beitr\u00e4ge zu den 50th Star &amp; Glamour Fotos <\/a><\/em><\/p>\n\n\n\n<p class=\"has-medium-font-size\"><em>Oder Dir selbst zeigen wie h\u00fcbsch Du sein kannst, unsere Beautyfotos sind dann genau das Richtige. Der Traum sich als Model zu f\u00fchlen. Nat\u00fcrlich auch inkl. Styling:<\/em><\/p>\n\n\n\n<div class=\"wp-block-jetpack-tiled-gallery aligncenter is-style-rectangular has-rounded-corners-7\"><div class=\"tiled-gallery__gallery\"><div class=\"tiled-gallery__row\"><div class=\"tiled-gallery__col\" style=\"flex-basis:29.96730459987208%\"><figure class=\"tiled-gallery__item\"><a href=\"https:\/\/www.light-style.eu\/Blog\/beautyfotos-beschiss-oder-doch-realitaetsnah\/beautyfoto-unbearbeitet-klein\/\"><img decoding=\"async\" data-attachment-id=\"359\" data-permalink=\"https:\/\/www.light-style.eu\/Blog\/beautyfotos-beschiss-oder-doch-realitaetsnah\/beautyfoto-unbearbeitet-klein\/#main\" data-orig-file=\"https:\/\/i0.wp.com\/www.light-style.eu\/Blog\/wp-content\/uploads\/2014\/07\/Beautyfoto-unbearbeitet-klein.jpg?fit=1404%2C702&amp;ssl=1\" data-orig-size=\"1404,702\" data-comments-opened=\"1\" data-image-meta=\"{&quot;aperture&quot;:&quot;0&quot;,&quot;credit&quot;:&quot;&quot;,&quot;camera&quot;:&quot;&quot;,&quot;caption&quot;:&quot;&quot;,&quot;created_timestamp&quot;:&quot;0&quot;,&quot;copyright&quot;:&quot;&quot;,&quot;focal_length&quot;:&quot;0&quot;,&quot;iso&quot;:&quot;0&quot;,&quot;shutter_speed&quot;:&quot;0&quot;,&quot;title&quot;:&quot;&quot;,&quot;orientation&quot;:&quot;1&quot;}\" data-image-title=\"Beautyfoto unbearbeitet-klein\" data-image-description=\"\" data-image-caption=\"\" data-large-file=\"https:\/\/i0.wp.com\/www.light-style.eu\/Blog\/wp-content\/uploads\/2014\/07\/Beautyfoto-unbearbeitet-klein.jpg?fit=1170%2C585&amp;ssl=1\" data-attachment-id=\"359\" data-permalink=\"https:\/\/www.light-style.eu\/Blog\/beautyfotos-beschiss-oder-doch-realitaetsnah\/beautyfoto-unbearbeitet-klein\/#main\" data-orig-file=\"https:\/\/i0.wp.com\/www.light-style.eu\/Blog\/wp-content\/uploads\/2014\/07\/Beautyfoto-unbearbeitet-klein.jpg?fit=1404%2C702&amp;ssl=1\" data-orig-size=\"1404,702\" data-comments-opened=\"1\" data-image-meta=\"{&quot;aperture&quot;:&quot;0&quot;,&quot;credit&quot;:&quot;&quot;,&quot;camera&quot;:&quot;&quot;,&quot;caption&quot;:&quot;&quot;,&quot;created_timestamp&quot;:&quot;0&quot;,&quot;copyright&quot;:&quot;&quot;,&quot;focal_length&quot;:&quot;0&quot;,&quot;iso&quot;:&quot;0&quot;,&quot;shutter_speed&quot;:&quot;0&quot;,&quot;title&quot;:&quot;&quot;,&quot;orientation&quot;:&quot;1&quot;}\" data-image-title=\"Beautyfoto unbearbeitet-klein\" data-image-description=\"\" data-image-caption=\"\" data-large-file=\"https:\/\/i0.wp.com\/www.light-style.eu\/Blog\/wp-content\/uploads\/2014\/07\/Beautyfoto-unbearbeitet-klein.jpg?fit=1170%2C585&amp;ssl=1\" role=\"button\" tabindex=\"0\" aria-label=\"Bild\u00a01 von 4 im Vollbildmodus \u00f6ffnen\"srcset=\"https:\/\/i2.wp.com\/www.light-style.eu\/Blog\/wp-content\/uploads\/2014\/07\/Beautyfoto-unbearbeitet-klein.jpg?strip=info&#038;w=600&#038;ssl=1 600w,https:\/\/i2.wp.com\/www.light-style.eu\/Blog\/wp-content\/uploads\/2014\/07\/Beautyfoto-unbearbeitet-klein.jpg?strip=info&#038;w=900&#038;ssl=1 900w,https:\/\/i2.wp.com\/www.light-style.eu\/Blog\/wp-content\/uploads\/2014\/07\/Beautyfoto-unbearbeitet-klein.jpg?strip=info&#038;w=1200&#038;ssl=1 1200w,https:\/\/i2.wp.com\/www.light-style.eu\/Blog\/wp-content\/uploads\/2014\/07\/Beautyfoto-unbearbeitet-klein.jpg?strip=info&#038;w=1404&#038;ssl=1 1404w\" alt=\"\" data-height=\"702\" data-id=\"359\" data-link=\"https:\/\/www.light-style.eu\/Blog\/beautyfotos-beschiss-oder-doch-realitaetsnah\/beautyfoto-unbearbeitet-klein\/\" data-url=\"https:\/\/www.light-style.eu\/Blog\/wp-content\/uploads\/2014\/07\/Beautyfoto-unbearbeitet-klein.jpg\" data-width=\"1404\" src=\"https:\/\/i2.wp.com\/www.light-style.eu\/Blog\/wp-content\/uploads\/2014\/07\/Beautyfoto-unbearbeitet-klein.jpg?ssl=1\" layout=\"responsive\"\/><\/a><\/figure><\/div><div class=\"tiled-gallery__col\" style=\"flex-basis:29.940824077793682%\"><figure class=\"tiled-gallery__item\"><a href=\"https:\/\/www.light-style.eu\/Blog\/beautyfotos-beschiss-oder-doch-realitaetsnah\/beauty-1-klein\/\"><img decoding=\"async\" data-attachment-id=\"358\" data-permalink=\"https:\/\/www.light-style.eu\/Blog\/beautyfotos-beschiss-oder-doch-realitaetsnah\/beauty-1-klein\/#main\" data-orig-file=\"https:\/\/i0.wp.com\/www.light-style.eu\/Blog\/wp-content\/uploads\/2014\/07\/Beauty-1-klein.jpg?fit=1123%2C562&amp;ssl=1\" data-orig-size=\"1123,562\" data-comments-opened=\"1\" data-image-meta=\"{&quot;aperture&quot;:&quot;0&quot;,&quot;credit&quot;:&quot;&quot;,&quot;camera&quot;:&quot;&quot;,&quot;caption&quot;:&quot;&quot;,&quot;created_timestamp&quot;:&quot;0&quot;,&quot;copyright&quot;:&quot;&quot;,&quot;focal_length&quot;:&quot;0&quot;,&quot;iso&quot;:&quot;0&quot;,&quot;shutter_speed&quot;:&quot;0&quot;,&quot;title&quot;:&quot;&quot;,&quot;orientation&quot;:&quot;1&quot;}\" data-image-title=\"Beauty 1-klein\" data-image-description=\"\" data-image-caption=\"\" data-large-file=\"https:\/\/i0.wp.com\/www.light-style.eu\/Blog\/wp-content\/uploads\/2014\/07\/Beauty-1-klein.jpg?fit=1123%2C562&amp;ssl=1\" data-attachment-id=\"358\" data-permalink=\"https:\/\/www.light-style.eu\/Blog\/beautyfotos-beschiss-oder-doch-realitaetsnah\/beauty-1-klein\/#main\" data-orig-file=\"https:\/\/i0.wp.com\/www.light-style.eu\/Blog\/wp-content\/uploads\/2014\/07\/Beauty-1-klein.jpg?fit=1123%2C562&amp;ssl=1\" data-orig-size=\"1123,562\" data-comments-opened=\"1\" data-image-meta=\"{&quot;aperture&quot;:&quot;0&quot;,&quot;credit&quot;:&quot;&quot;,&quot;camera&quot;:&quot;&quot;,&quot;caption&quot;:&quot;&quot;,&quot;created_timestamp&quot;:&quot;0&quot;,&quot;copyright&quot;:&quot;&quot;,&quot;focal_length&quot;:&quot;0&quot;,&quot;iso&quot;:&quot;0&quot;,&quot;shutter_speed&quot;:&quot;0&quot;,&quot;title&quot;:&quot;&quot;,&quot;orientation&quot;:&quot;1&quot;}\" data-image-title=\"Beauty 1-klein\" data-image-description=\"\" data-image-caption=\"\" data-large-file=\"https:\/\/i0.wp.com\/www.light-style.eu\/Blog\/wp-content\/uploads\/2014\/07\/Beauty-1-klein.jpg?fit=1123%2C562&amp;ssl=1\" role=\"button\" tabindex=\"0\" aria-label=\"Bild\u00a02 von 4 im Vollbildmodus \u00f6ffnen\"srcset=\"https:\/\/i1.wp.com\/www.light-style.eu\/Blog\/wp-content\/uploads\/2014\/07\/Beauty-1-klein.jpg?strip=info&#038;w=600&#038;ssl=1 600w,https:\/\/i1.wp.com\/www.light-style.eu\/Blog\/wp-content\/uploads\/2014\/07\/Beauty-1-klein.jpg?strip=info&#038;w=900&#038;ssl=1 900w,https:\/\/i1.wp.com\/www.light-style.eu\/Blog\/wp-content\/uploads\/2014\/07\/Beauty-1-klein.jpg?strip=info&#038;w=1123&#038;ssl=1 1123w\" alt=\"\" data-height=\"562\" data-id=\"358\" data-link=\"https:\/\/www.light-style.eu\/Blog\/beautyfotos-beschiss-oder-doch-realitaetsnah\/beauty-1-klein\/\" data-url=\"https:\/\/www.light-style.eu\/Blog\/wp-content\/uploads\/2014\/07\/Beauty-1-klein.jpg\" data-width=\"1123\" src=\"https:\/\/i1.wp.com\/www.light-style.eu\/Blog\/wp-content\/uploads\/2014\/07\/Beauty-1-klein.jpg?ssl=1\" layout=\"responsive\"\/><\/a><\/figure><\/div><div class=\"tiled-gallery__col\" style=\"flex-basis:20.045935661167118%\"><figure class=\"tiled-gallery__item\"><a href=\"https:\/\/www.light-style.eu\/Blog\/?attachment_id=248\"><img decoding=\"async\" data-attachment-id=\"248\" data-permalink=\"https:\/\/www.light-style.eu\/Blog\/?attachment_id=248#main\" data-orig-file=\"https:\/\/i0.wp.com\/www.light-style.eu\/Blog\/wp-content\/uploads\/2014\/07\/beauty-38.jpg?fit=1200%2C900&amp;ssl=1\" data-orig-size=\"1200,900\" data-comments-opened=\"1\" data-image-meta=\"{&quot;aperture&quot;:&quot;0&quot;,&quot;credit&quot;:&quot;&quot;,&quot;camera&quot;:&quot;&quot;,&quot;caption&quot;:&quot;&quot;,&quot;created_timestamp&quot;:&quot;0&quot;,&quot;copyright&quot;:&quot;&quot;,&quot;focal_length&quot;:&quot;0&quot;,&quot;iso&quot;:&quot;0&quot;,&quot;shutter_speed&quot;:&quot;0&quot;,&quot;title&quot;:&quot;&quot;,&quot;orientation&quot;:&quot;1&quot;}\" data-image-title=\"beauty-(38)\" data-image-description=\"\" data-image-caption=\"\" data-large-file=\"https:\/\/i0.wp.com\/www.light-style.eu\/Blog\/wp-content\/uploads\/2014\/07\/beauty-38.jpg?fit=1170%2C878&amp;ssl=1\" data-attachment-id=\"248\" data-permalink=\"https:\/\/www.light-style.eu\/Blog\/?attachment_id=248#main\" data-orig-file=\"https:\/\/i0.wp.com\/www.light-style.eu\/Blog\/wp-content\/uploads\/2014\/07\/beauty-38.jpg?fit=1200%2C900&amp;ssl=1\" data-orig-size=\"1200,900\" data-comments-opened=\"1\" data-image-meta=\"{&quot;aperture&quot;:&quot;0&quot;,&quot;credit&quot;:&quot;&quot;,&quot;camera&quot;:&quot;&quot;,&quot;caption&quot;:&quot;&quot;,&quot;created_timestamp&quot;:&quot;0&quot;,&quot;copyright&quot;:&quot;&quot;,&quot;focal_length&quot;:&quot;0&quot;,&quot;iso&quot;:&quot;0&quot;,&quot;shutter_speed&quot;:&quot;0&quot;,&quot;title&quot;:&quot;&quot;,&quot;orientation&quot;:&quot;1&quot;}\" data-image-title=\"beauty-(38)\" data-image-description=\"\" data-image-caption=\"\" data-large-file=\"https:\/\/i0.wp.com\/www.light-style.eu\/Blog\/wp-content\/uploads\/2014\/07\/beauty-38.jpg?fit=1170%2C878&amp;ssl=1\" role=\"button\" tabindex=\"0\" aria-label=\"Bild\u00a03 von 4 im Vollbildmodus \u00f6ffnen\"srcset=\"https:\/\/i0.wp.com\/www.light-style.eu\/Blog\/wp-content\/uploads\/2014\/07\/beauty-38.jpg?strip=info&#038;w=600&#038;ssl=1 600w,https:\/\/i0.wp.com\/www.light-style.eu\/Blog\/wp-content\/uploads\/2014\/07\/beauty-38.jpg?strip=info&#038;w=900&#038;ssl=1 900w,https:\/\/i0.wp.com\/www.light-style.eu\/Blog\/wp-content\/uploads\/2014\/07\/beauty-38.jpg?strip=info&#038;w=1200&#038;ssl=1 1200w\" alt=\"\" data-height=\"900\" data-id=\"248\" data-link=\"https:\/\/www.light-style.eu\/Blog\/?attachment_id=248\" data-url=\"https:\/\/www.light-style.eu\/Blog\/wp-content\/uploads\/2014\/07\/beauty-38.jpg\" data-width=\"1200\" src=\"https:\/\/i0.wp.com\/www.light-style.eu\/Blog\/wp-content\/uploads\/2014\/07\/beauty-38.jpg?ssl=1\" layout=\"responsive\"\/><\/a><\/figure><\/div><div class=\"tiled-gallery__col\" style=\"flex-basis:20.045935661167118%\"><figure class=\"tiled-gallery__item\"><a href=\"https:\/\/www.light-style.eu\/Blog\/?attachment_id=251\"><img decoding=\"async\" data-attachment-id=\"251\" data-permalink=\"https:\/\/www.light-style.eu\/Blog\/?attachment_id=251#main\" data-orig-file=\"https:\/\/i0.wp.com\/www.light-style.eu\/Blog\/wp-content\/uploads\/2014\/07\/Beauty-3.jpg?fit=1200%2C900&amp;ssl=1\" data-orig-size=\"1200,900\" data-comments-opened=\"1\" data-image-meta=\"{&quot;aperture&quot;:&quot;0&quot;,&quot;credit&quot;:&quot;&quot;,&quot;camera&quot;:&quot;&quot;,&quot;caption&quot;:&quot;&quot;,&quot;created_timestamp&quot;:&quot;0&quot;,&quot;copyright&quot;:&quot;&quot;,&quot;focal_length&quot;:&quot;0&quot;,&quot;iso&quot;:&quot;0&quot;,&quot;shutter_speed&quot;:&quot;0&quot;,&quot;title&quot;:&quot;&quot;,&quot;orientation&quot;:&quot;1&quot;}\" data-image-title=\"Beauty 3\" data-image-description=\"\" data-image-caption=\"\" data-large-file=\"https:\/\/i0.wp.com\/www.light-style.eu\/Blog\/wp-content\/uploads\/2014\/07\/Beauty-3.jpg?fit=1170%2C878&amp;ssl=1\" data-attachment-id=\"251\" data-permalink=\"https:\/\/www.light-style.eu\/Blog\/?attachment_id=251#main\" data-orig-file=\"https:\/\/i0.wp.com\/www.light-style.eu\/Blog\/wp-content\/uploads\/2014\/07\/Beauty-3.jpg?fit=1200%2C900&amp;ssl=1\" data-orig-size=\"1200,900\" data-comments-opened=\"1\" data-image-meta=\"{&quot;aperture&quot;:&quot;0&quot;,&quot;credit&quot;:&quot;&quot;,&quot;camera&quot;:&quot;&quot;,&quot;caption&quot;:&quot;&quot;,&quot;created_timestamp&quot;:&quot;0&quot;,&quot;copyright&quot;:&quot;&quot;,&quot;focal_length&quot;:&quot;0&quot;,&quot;iso&quot;:&quot;0&quot;,&quot;shutter_speed&quot;:&quot;0&quot;,&quot;title&quot;:&quot;&quot;,&quot;orientation&quot;:&quot;1&quot;}\" data-image-title=\"Beauty 3\" data-image-description=\"\" data-image-caption=\"\" data-large-file=\"https:\/\/i0.wp.com\/www.light-style.eu\/Blog\/wp-content\/uploads\/2014\/07\/Beauty-3.jpg?fit=1170%2C878&amp;ssl=1\" role=\"button\" tabindex=\"0\" aria-label=\"Bild\u00a04 von 4 im Vollbildmodus \u00f6ffnen\"srcset=\"https:\/\/i2.wp.com\/www.light-style.eu\/Blog\/wp-content\/uploads\/2014\/07\/Beauty-3.jpg?strip=info&#038;w=600&#038;ssl=1 600w,https:\/\/i2.wp.com\/www.light-style.eu\/Blog\/wp-content\/uploads\/2014\/07\/Beauty-3.jpg?strip=info&#038;w=900&#038;ssl=1 900w,https:\/\/i2.wp.com\/www.light-style.eu\/Blog\/wp-content\/uploads\/2014\/07\/Beauty-3.jpg?strip=info&#038;w=1200&#038;ssl=1 1200w\" alt=\"\" data-height=\"900\" data-id=\"251\" data-link=\"https:\/\/www.light-style.eu\/Blog\/?attachment_id=251\" data-url=\"https:\/\/www.light-style.eu\/Blog\/wp-content\/uploads\/2014\/07\/Beauty-3.jpg\" data-width=\"1200\" src=\"https:\/\/i2.wp.com\/www.light-style.eu\/Blog\/wp-content\/uploads\/2014\/07\/Beauty-3.jpg?ssl=1\" layout=\"responsive\"\/><\/a><\/figure><\/div><\/div><\/div><\/div>\n\n\n\n<p class=\"has-medium-font-size\"><em>Lebe Deinen Traum mit einem Shooting bei uns. Im Studio oder Outdoor. Du hast ausgefallene Ideen? Top, wir freuen uns je verr\u00fcckter Dein Traumfoto sein soll. <\/em><\/p>\n\n\n\n<p class=\"has-medium-font-size\"><em>Hier noch die direkten Links zu unseren jeweiligen Seiten auf unserer Studio Seite:<\/em><\/p>\n\n\n\n<p class=\"has-medium-font-size\"><a href=\"https:\/\/www.light-style.eu\/bonjour\/warum-sind-wir-anders\/willkommen\/portraets\/portraets-speciale\/\">Portr\u00e4t-Speciale<\/a><\/p>\n\n\n\n<p class=\"has-medium-font-size\"><a href=\"https:\/\/www.light-style.eu\/bonjour\/warum-sind-wir-anders\/willkommen\/portraets\/glamour\/\">Glamour<\/a><\/p>\n\n\n\n<p class=\"has-medium-font-size\"><a href=\"https:\/\/www.light-style.eu\/bonjour\/warum-sind-wir-anders\/willkommen\/portraets\/beautyportraets\/\">Beauty<\/a><\/p>\n\n\n\n<p class=\"has-medium-font-size\"><em>Auch ich habe dies vor ein paar Wochen als Selfie gemacht. Der Hamburger Jung in mir, sollte mich daran erinnern diesen Sturm, der gerade in Form des nervigen Virus \u00fcber die Welt zieht, zu \u00fcberstehen, durchzuhalten, daher h\u00e4ngt es als Durchhalte-Parole bei mir im Flur:<\/em><\/p>\n\n\n<div class=\"wp-block-image\">\n<figure class=\"aligncenter size-large is-resized\"><a href=\"https:\/\/www.light-style.eu\/Blog\/?attachment_id=5990\"><img data-recalc-dims=\"1\" loading=\"lazy\" decoding=\"async\" width=\"800\" height=\"1200\" data-attachment-id=\"5990\" data-permalink=\"https:\/\/www.light-style.eu\/Blog\/euer-traumfoto\/unbenannt-17\/#main\" data-orig-file=\"https:\/\/i0.wp.com\/www.light-style.eu\/Blog\/wp-content\/uploads\/2021\/03\/unbenannt-17.jpg?fit=800%2C1200&amp;ssl=1\" data-orig-size=\"800,1200\" data-comments-opened=\"1\" data-image-meta=\"{&quot;aperture&quot;:&quot;0&quot;,&quot;credit&quot;:&quot;Fotostudio Light-Style,Andi Moel&quot;,&quot;camera&quot;:&quot;&quot;,&quot;caption&quot;:&quot;&quot;,&quot;created_timestamp&quot;:&quot;0&quot;,&quot;copyright&quot;:&quot;www.light-style.eu&quot;,&quot;focal_length&quot;:&quot;0&quot;,&quot;iso&quot;:&quot;0&quot;,&quot;shutter_speed&quot;:&quot;0&quot;,&quot;title&quot;:&quot;&quot;,&quot;orientation&quot;:&quot;0&quot;}\" data-image-title=\"unbenannt-17\" data-image-description=\"\" data-image-caption=\"\" data-large-file=\"https:\/\/i0.wp.com\/www.light-style.eu\/Blog\/wp-content\/uploads\/2021\/03\/unbenannt-17.jpg?fit=800%2C1200&amp;ssl=1\" src=\"https:\/\/i0.wp.com\/www.light-style.eu\/Blog\/wp-content\/uploads\/2021\/03\/unbenannt-17.jpg?resize=800%2C1200&#038;ssl=1\" alt=\"\" class=\"wp-image-5990\" style=\"width:386px;height:580px\" srcset=\"https:\/\/i0.wp.com\/www.light-style.eu\/Blog\/wp-content\/uploads\/2021\/03\/unbenannt-17.jpg?w=800&amp;ssl=1 800w, https:\/\/i0.wp.com\/www.light-style.eu\/Blog\/wp-content\/uploads\/2021\/03\/unbenannt-17.jpg?resize=400%2C600&amp;ssl=1 400w, https:\/\/i0.wp.com\/www.light-style.eu\/Blog\/wp-content\/uploads\/2021\/03\/unbenannt-17.jpg?resize=768%2C1152&amp;ssl=1 768w\" sizes=\"auto, (max-width: 800px) 100vw, 800px\" \/><\/a><figcaption class=\"wp-element-caption\">D\u00fcster ja &#8211; es soll mich ja auch daran erinnern den aktuellen Sturm zu \u00fcberstehen. Meiner Freundin war es zu d\u00fcster, aber es ging auch nicht darum gut auszusehen<\/figcaption><\/figure>\n<\/div>\n\n\n<p class=\"has-medium-font-size\"><em>Nach diesem Selfie war es dann der Wunsch meiner Freundin Franka, ein Foto mit dem alten Seeb\u00e4ren zusammen zu haben, nach diesem Selfie im Studio bin ich dann auch wieder zur\u00fcck zu meinem jugendlichen Aussehen gewechselt \ud83d\ude09 der Bart hat nun wieder seine brave 3 Tages L\u00e4nge ;-P<\/em><\/p>\n\n\n<div class=\"wp-block-image\">\n<figure class=\"aligncenter size-large is-resized\"><a href=\"https:\/\/www.light-style.eu\/Blog\/?attachment_id=5991\"><img data-recalc-dims=\"1\" loading=\"lazy\" decoding=\"async\" width=\"800\" height=\"1200\" data-attachment-id=\"5991\" data-permalink=\"https:\/\/www.light-style.eu\/Blog\/euer-traumfoto\/seemannsbraut-18-2\/#main\" data-orig-file=\"https:\/\/i0.wp.com\/www.light-style.eu\/Blog\/wp-content\/uploads\/2021\/03\/Seemannsbraut-18-2.jpg?fit=800%2C1200&amp;ssl=1\" data-orig-size=\"800,1200\" data-comments-opened=\"1\" data-image-meta=\"{&quot;aperture&quot;:&quot;0&quot;,&quot;credit&quot;:&quot;Fotostudio Light-Style,Andi Moel&quot;,&quot;camera&quot;:&quot;&quot;,&quot;caption&quot;:&quot;&quot;,&quot;created_timestamp&quot;:&quot;0&quot;,&quot;copyright&quot;:&quot;www.light-style.eu&quot;,&quot;focal_length&quot;:&quot;0&quot;,&quot;iso&quot;:&quot;0&quot;,&quot;shutter_speed&quot;:&quot;0&quot;,&quot;title&quot;:&quot;&quot;,&quot;orientation&quot;:&quot;0&quot;}\" data-image-title=\"Seemannsbraut-18-2\" data-image-description=\"\" data-image-caption=\"\" data-large-file=\"https:\/\/i0.wp.com\/www.light-style.eu\/Blog\/wp-content\/uploads\/2021\/03\/Seemannsbraut-18-2.jpg?fit=800%2C1200&amp;ssl=1\" src=\"https:\/\/i0.wp.com\/www.light-style.eu\/Blog\/wp-content\/uploads\/2021\/03\/Seemannsbraut-18-2.jpg?resize=800%2C1200&#038;ssl=1\" alt=\"\" class=\"wp-image-5991\" style=\"width:491px;height:737px\" srcset=\"https:\/\/i0.wp.com\/www.light-style.eu\/Blog\/wp-content\/uploads\/2021\/03\/Seemannsbraut-18-2.jpg?w=800&amp;ssl=1 800w, https:\/\/i0.wp.com\/www.light-style.eu\/Blog\/wp-content\/uploads\/2021\/03\/Seemannsbraut-18-2.jpg?resize=400%2C600&amp;ssl=1 400w, https:\/\/i0.wp.com\/www.light-style.eu\/Blog\/wp-content\/uploads\/2021\/03\/Seemannsbraut-18-2.jpg?resize=768%2C1152&amp;ssl=1 768w\" sizes=\"auto, (max-width: 800px) 100vw, 800px\" \/><\/a><figcaption class=\"wp-element-caption\">Tango der Lust, oder so \u00e4hnlich \ud83d\ude09<\/figcaption><\/figure>\n<\/div>\n\n\n<p class=\"has-medium-font-size\"><em>Dies war dann also mein Traumbild, als Hamburger Jung und ehemaligem Marinesoldat, lag mir schon lange am Herzen solch ein Selfie zu machen.<\/em><\/p>\n\n\n\n<p class=\"has-medium-font-size\"><em>Bleibt positiv &amp; lebt Euren Traum, Ihr habt nur dieses eine Leben.<\/em><\/p>\n\n\n\n<p class=\"has-text-align-right\">Euer Andi<\/p>\n<div style='text-align:center' class='yasr-auto-insert-visitor'><!--Yasr Visitor Votes Shortcode--><div id='yasr_visitor_votes_152f1d1396edf' class='yasr-visitor-votes'><div class=\"yasr-custom-text-vv-before yasr-custom-text-vv-before-5977\">Hat es Dir gefallen?<\/div><div id='yasr-vv-second-row-container-152f1d1396edf'\r\n                                        class='yasr-vv-second-row-container'><div id='yasr-visitor-votes-rater-152f1d1396edf'\r\n                                      class='yasr-rater-stars-vv'\r\n                                      data-rater-postid='5977'\r\n                                      data-rating='0'\r\n                                      data-rater-starsize='32'\r\n                                      data-rater-readonly='false'\r\n                                      data-rater-nonce='e7bf565820'\r\n                                      data-issingular='false'\r\n                                    ><\/div><div class=\"yasr-vv-stats-text-container\" id=\"yasr-vv-stats-text-container-152f1d1396edf\"><span id=\"yasr-vv-text-container-152f1d1396edf\" class=\"yasr-vv-text-container\">[Total: <span id=\"yasr-vv-votes-number-container-152f1d1396edf\">0<\/span> Average: <span id=\"yasr-vv-average-container-152f1d1396edf\">0<\/span>]<\/span><\/div><div id='yasr-vv-loader-152f1d1396edf' class='yasr-vv-container-loader'><\/div><\/div><div id='yasr-vv-bottom-container-152f1d1396edf'\r\n                              class='yasr-vv-bottom-container'\r\n                              style='display:none'><\/div><\/div><!--End Yasr Visitor Votes Shortcode--><\/div>","protected":false},"excerpt":{"rendered":"<p>Moin moin, ich wieder mal, heute geht es um Eure Tr\u00e4ume. Wir erf\u00fcllen Euch Euer Traumfoto. Viele von uns haben einen Traum was oder wie sie gerne w\u00e4ren. Etwas ganz pers\u00f6nliches, dass nur sie besonders anspricht. Wie meine liebe langj\u00e4hrige Kundin auf diesem Foto: Sie hatte schon lange den Wunsch ein Foto von sich der<span class=\"post-excerpt-end\">&hellip;<\/span><\/p>\n<p class=\"more-link\"><a href=\"https:\/\/www.light-style.eu\/Blog\/euer-traumfoto\/\" class=\"themebutton\">Read More<\/a><\/p>\n","protected":false},"author":2,"featured_media":5979,"comment_status":"open","ping_status":"open","sticky":false,"template":"","format":"standard","meta":{"jetpack_post_was_ever_published":false,"yasr_overall_rating":0,"yasr_post_is_review":"","yasr_auto_insert_disabled":"","yasr_review_type":"","_jetpack_newsletter_access":"","_jetpack_dont_email_post_to_subs":false,"_jetpack_newsletter_tier_id":0,"_jetpack_memberships_contains_paywalled_content":false,"_jetpack_memberships_contains_paid_content":false,"footnotes":"","jetpack_publicize_message":"","jetpack_publicize_feature_enabled":true,"jetpack_social_post_already_shared":true,"jetpack_social_options":{"image_generator_settings":{"template":"highway","default_image_id":0,"font":"","enabled":false},"version":2}},"categories":[49,1,89,81],"tags":[133,34,25],"class_list":["post-5977","post","type-post","status-publish","format-standard","has-post-thumbnail","hentry","category-abseits-des-alltags","category-allgemein","category-besondere-portraets","category-portraets","tag-besondere-portraets","tag-frauen","tag-portraets"],"yasr_visitor_votes":{"stars_attributes":{"read_only":false,"span_bottom":false},"number_of_votes":0,"sum_votes":0},"jetpack_publicize_connections":[],"jetpack_featured_media_url":"https:\/\/i0.wp.com\/www.light-style.eu\/Blog\/wp-content\/uploads\/2021\/03\/PS20E0110-9.jpg?fit=1200%2C800&ssl=1","jetpack_sharing_enabled":true,"jetpack_shortlink":"https:\/\/wp.me\/p4Ojrv-1yp","jetpack-related-posts":[{"id":6280,"url":"https:\/\/www.light-style.eu\/Blog\/its-my-way-meine-vernissage\/","url_meta":{"origin":5977,"position":0},"title":"It`s My Way &#8211; meine Vernissage","author":"Andi M\u00f6ller","date":"13. Oktober 2021","format":false,"excerpt":"Moin moin, es ist so weit, n\u00e4chste Woche wird ein Traum wahr. Ein Traum, den glaube ich, jeder K\u00fcnstler tr\u00e4umt. Ich habe meine erste gro\u00dfe Fotoausstellung mit stilvoller Vernissage. Das Ganze in der Arte Classica Schinzel Galerie in Waldbronn bei Karlsruhe. Jetzt werden manche fragen, warum macht der Kerl das\u2026","rel":"","context":"In &quot;abseits des Alltags&quot;","block_context":{"text":"abseits des Alltags","link":"https:\/\/www.light-style.eu\/Blog\/category\/abseits-des-alltags\/"},"img":{"alt_text":"","src":"https:\/\/i0.wp.com\/www.light-style.eu\/Blog\/wp-content\/uploads\/2021\/10\/Wuestenrose-2.jpg?fit=1200%2C800&ssl=1&resize=350%2C200","width":350,"height":200,"srcset":"https:\/\/i0.wp.com\/www.light-style.eu\/Blog\/wp-content\/uploads\/2021\/10\/Wuestenrose-2.jpg?fit=1200%2C800&ssl=1&resize=350%2C200 1x, https:\/\/i0.wp.com\/www.light-style.eu\/Blog\/wp-content\/uploads\/2021\/10\/Wuestenrose-2.jpg?fit=1200%2C800&ssl=1&resize=525%2C300 1.5x, https:\/\/i0.wp.com\/www.light-style.eu\/Blog\/wp-content\/uploads\/2021\/10\/Wuestenrose-2.jpg?fit=1200%2C800&ssl=1&resize=700%2C400 2x, https:\/\/i0.wp.com\/www.light-style.eu\/Blog\/wp-content\/uploads\/2021\/10\/Wuestenrose-2.jpg?fit=1200%2C800&ssl=1&resize=1050%2C600 3x"},"classes":[]},{"id":5257,"url":"https:\/\/www.light-style.eu\/Blog\/weiches-licht-zarte-weiblichkeit\/","url_meta":{"origin":5977,"position":1},"title":"weiches Licht &#8211; zarte Weiblichkeit","author":"Andi M\u00f6ller","date":"5. Dezember 2019","format":"status","excerpt":"Moin , da bin ich wieder. Heute geht es um etwas das eher f\u00fcr die holde Weiblichkeit geeignet ist als f\u00fcr uns Kerle. - Weiches Licht Und hier ganz speziell weiches Fensterlicht im Studio. Wie ich ja schon \u00f6fters bemerkt habe, bedeutet Fotografie ja nicht \"klick den Ausl\u00f6ser \" sondern\u2026","rel":"","context":"In &quot;Aktfotos&quot;","block_context":{"text":"Aktfotos","link":"https:\/\/www.light-style.eu\/Blog\/category\/aktfotos\/"},"img":{"alt_text":"","src":"https:\/\/i0.wp.com\/www.light-style.eu\/Blog\/wp-content\/uploads\/2019\/12\/A19S0111-37.jpg?fit=1200%2C800&ssl=1&resize=350%2C200","width":350,"height":200,"srcset":"https:\/\/i0.wp.com\/www.light-style.eu\/Blog\/wp-content\/uploads\/2019\/12\/A19S0111-37.jpg?fit=1200%2C800&ssl=1&resize=350%2C200 1x, https:\/\/i0.wp.com\/www.light-style.eu\/Blog\/wp-content\/uploads\/2019\/12\/A19S0111-37.jpg?fit=1200%2C800&ssl=1&resize=525%2C300 1.5x, https:\/\/i0.wp.com\/www.light-style.eu\/Blog\/wp-content\/uploads\/2019\/12\/A19S0111-37.jpg?fit=1200%2C800&ssl=1&resize=700%2C400 2x, https:\/\/i0.wp.com\/www.light-style.eu\/Blog\/wp-content\/uploads\/2019\/12\/A19S0111-37.jpg?fit=1200%2C800&ssl=1&resize=1050%2C600 3x"},"classes":[]},{"id":4635,"url":"https:\/\/www.light-style.eu\/Blog\/die-kriegerin-vom-black-forrest\/","url_meta":{"origin":5977,"position":2},"title":"Die Kriegerin vom Black Forrest","author":"Andi M\u00f6ller","date":"30. Juli 2019","format":"status","excerpt":"Eine geile Natur mit epischen Foto \/ Film Kulissen, der Schwarzwald","rel":"","context":"In &quot;abseits des Alltags&quot;","block_context":{"text":"abseits des Alltags","link":"https:\/\/www.light-style.eu\/Blog\/category\/abseits-des-alltags\/"},"img":{"alt_text":"","src":"https:\/\/i0.wp.com\/www.light-style.eu\/Blog\/wp-content\/uploads\/2019\/07\/Schwarzwald-Amazone-25.jpg?fit=800%2C1200&ssl=1&resize=350%2C200","width":350,"height":200,"srcset":"https:\/\/i0.wp.com\/www.light-style.eu\/Blog\/wp-content\/uploads\/2019\/07\/Schwarzwald-Amazone-25.jpg?fit=800%2C1200&ssl=1&resize=350%2C200 1x, https:\/\/i0.wp.com\/www.light-style.eu\/Blog\/wp-content\/uploads\/2019\/07\/Schwarzwald-Amazone-25.jpg?fit=800%2C1200&ssl=1&resize=525%2C300 1.5x, https:\/\/i0.wp.com\/www.light-style.eu\/Blog\/wp-content\/uploads\/2019\/07\/Schwarzwald-Amazone-25.jpg?fit=800%2C1200&ssl=1&resize=700%2C400 2x"},"classes":[]},{"id":4524,"url":"https:\/\/www.light-style.eu\/Blog\/ein-mann-zig-typen\/","url_meta":{"origin":5977,"position":3},"title":"ein Mann &#8211; zig Typen","author":"Andi M\u00f6ller","date":"10. April 2019","format":"status","excerpt":"Moin moin, wer mir auf Instagram folgt hat vielleicht schon die Ank\u00fcndigung dieses Beitrags mitbekommen. Das Thema heute: wie unterschiedlich ein und derselbe Mann wirken kann. Style, Licht, Pose sind immer noch unere st\u00e4rksten Werkzeuge wenn es darum geht Menschen in dem jeweils gew\u00fcnschten Stil abzulichten. Der Standard bei mir\u2026","rel":"","context":"In &quot;Alles&quot;","block_context":{"text":"Alles","link":"https:\/\/www.light-style.eu\/Blog\/category\/alles\/"},"img":{"alt_text":"","src":"https:\/\/i0.wp.com\/www.light-style.eu\/Blog\/wp-content\/uploads\/2019\/04\/P19R0103-1.jpg?fit=1200%2C800&ssl=1&resize=350%2C200","width":350,"height":200,"srcset":"https:\/\/i0.wp.com\/www.light-style.eu\/Blog\/wp-content\/uploads\/2019\/04\/P19R0103-1.jpg?fit=1200%2C800&ssl=1&resize=350%2C200 1x, https:\/\/i0.wp.com\/www.light-style.eu\/Blog\/wp-content\/uploads\/2019\/04\/P19R0103-1.jpg?fit=1200%2C800&ssl=1&resize=525%2C300 1.5x, https:\/\/i0.wp.com\/www.light-style.eu\/Blog\/wp-content\/uploads\/2019\/04\/P19R0103-1.jpg?fit=1200%2C800&ssl=1&resize=700%2C400 2x, https:\/\/i0.wp.com\/www.light-style.eu\/Blog\/wp-content\/uploads\/2019\/04\/P19R0103-1.jpg?fit=1200%2C800&ssl=1&resize=1050%2C600 3x"},"classes":[]},{"id":7118,"url":"https:\/\/www.light-style.eu\/Blog\/liebe-der-unterschiede\/","url_meta":{"origin":5977,"position":4},"title":"Liebe der Unterschiede","author":"Andi M\u00f6ller","date":"27. April 2023","format":false,"excerpt":"Moin moin, und ein dickes Sorry. Ja, ich hab eine ganze Weile nichts von mir h\u00f6ren lassen, aber Anfang des Jahres gab es nichts Aufregendes und Euch mit Beitr\u00e4gen zu Pass und Bewerbungsfotos zu langweilen, hatte ich auch keine Lust. Dann stand Privates im Vordergrund, dann war kaum Zeit zum\u2026","rel":"","context":"In &quot;abseits des Alltags&quot;","block_context":{"text":"abseits des Alltags","link":"https:\/\/www.light-style.eu\/Blog\/category\/abseits-des-alltags\/"},"img":{"alt_text":"","src":"https:\/\/i0.wp.com\/www.light-style.eu\/Blog\/wp-content\/uploads\/2023\/04\/unbenannte-Fotosession23-236-2.jpg?fit=1200%2C800&ssl=1&resize=350%2C200","width":350,"height":200,"srcset":"https:\/\/i0.wp.com\/www.light-style.eu\/Blog\/wp-content\/uploads\/2023\/04\/unbenannte-Fotosession23-236-2.jpg?fit=1200%2C800&ssl=1&resize=350%2C200 1x, https:\/\/i0.wp.com\/www.light-style.eu\/Blog\/wp-content\/uploads\/2023\/04\/unbenannte-Fotosession23-236-2.jpg?fit=1200%2C800&ssl=1&resize=525%2C300 1.5x, https:\/\/i0.wp.com\/www.light-style.eu\/Blog\/wp-content\/uploads\/2023\/04\/unbenannte-Fotosession23-236-2.jpg?fit=1200%2C800&ssl=1&resize=700%2C400 2x, https:\/\/i0.wp.com\/www.light-style.eu\/Blog\/wp-content\/uploads\/2023\/04\/unbenannte-Fotosession23-236-2.jpg?fit=1200%2C800&ssl=1&resize=1050%2C600 3x"},"classes":[]},{"id":6032,"url":"https:\/\/www.light-style.eu\/Blog\/nur-dein-geist-ist-dein-limit\/","url_meta":{"origin":5977,"position":5},"title":"Nur Dein Geist ist Dein Limit","author":"Andi M\u00f6ller","date":"11. Mai 2021","format":false,"excerpt":"Moin moin, heute wird es mal wieder sportlich, zumindest vom fotografischen Thema her. Als ich vor wenigen Wochen Businessfotos f\u00fcr eine Fitnesstrainerin machen durfte, diese aber nicht ver\u00f6ffentlichen darf, kamen mir wieder Fotos in den Sinn, welche ich schon l\u00e4nger mal machen wollte. Eigentlich hatte ich eine junge, h\u00fcbsche Frau\u2026","rel":"","context":"In &quot;besondere Portr\u00e4ts&quot;","block_context":{"text":"besondere Portr\u00e4ts","link":"https:\/\/www.light-style.eu\/Blog\/category\/besondere-portraets\/"},"img":{"alt_text":"","src":"https:\/\/i0.wp.com\/www.light-style.eu\/Blog\/wp-content\/uploads\/2021\/05\/Sportlerfotos-Boxen-8.jpg?fit=1200%2C800&ssl=1&resize=350%2C200","width":350,"height":200,"srcset":"https:\/\/i0.wp.com\/www.light-style.eu\/Blog\/wp-content\/uploads\/2021\/05\/Sportlerfotos-Boxen-8.jpg?fit=1200%2C800&ssl=1&resize=350%2C200 1x, https:\/\/i0.wp.com\/www.light-style.eu\/Blog\/wp-content\/uploads\/2021\/05\/Sportlerfotos-Boxen-8.jpg?fit=1200%2C800&ssl=1&resize=525%2C300 1.5x, https:\/\/i0.wp.com\/www.light-style.eu\/Blog\/wp-content\/uploads\/2021\/05\/Sportlerfotos-Boxen-8.jpg?fit=1200%2C800&ssl=1&resize=700%2C400 2x, https:\/\/i0.wp.com\/www.light-style.eu\/Blog\/wp-content\/uploads\/2021\/05\/Sportlerfotos-Boxen-8.jpg?fit=1200%2C800&ssl=1&resize=1050%2C600 3x"},"classes":[]}],"_links":{"self":[{"href":"https:\/\/www.light-style.eu\/Blog\/wp-json\/wp\/v2\/posts\/5977","targetHints":{"allow":["GET"]}}],"collection":[{"href":"https:\/\/www.light-style.eu\/Blog\/wp-json\/wp\/v2\/posts"}],"about":[{"href":"https:\/\/www.light-style.eu\/Blog\/wp-json\/wp\/v2\/types\/post"}],"author":[{"embeddable":true,"href":"https:\/\/www.light-style.eu\/Blog\/wp-json\/wp\/v2\/users\/2"}],"replies":[{"embeddable":true,"href":"https:\/\/www.light-style.eu\/Blog\/wp-json\/wp\/v2\/comments?post=5977"}],"version-history":[{"count":0,"href":"https:\/\/www.light-style.eu\/Blog\/wp-json\/wp\/v2\/posts\/5977\/revisions"}],"wp:featuredmedia":[{"embeddable":true,"href":"https:\/\/www.light-style.eu\/Blog\/wp-json\/wp\/v2\/media\/5979"}],"wp:attachment":[{"href":"https:\/\/www.light-style.eu\/Blog\/wp-json\/wp\/v2\/media?parent=5977"}],"wp:term":[{"taxonomy":"category","embeddable":true,"href":"https:\/\/www.light-style.eu\/Blog\/wp-json\/wp\/v2\/categories?post=5977"},{"taxonomy":"post_tag","embeddable":true,"href":"https:\/\/www.light-style.eu\/Blog\/wp-json\/wp\/v2\/tags?post=5977"}],"curies":[{"name":"wp","href":"https:\/\/api.w.org\/{rel}","templated":true}]}}