{"id":6146,"date":"2021-10-08T11:46:10","date_gmt":"2021-10-08T09:46:10","guid":{"rendered":"https:\/\/www.light-style.eu\/Blog\/?p=6146"},"modified":"2023-10-26T11:18:39","modified_gmt":"2023-10-26T09:18:39","slug":"so-schoen-ist-deutschland","status":"publish","type":"post","link":"https:\/\/www.light-style.eu\/Blog\/so-schoen-ist-deutschland\/","title":{"rendered":"So sch\u00f6n ist Deutschland"},"content":{"rendered":"\n<p class=\"has-medium-font-size\"><em>Moin, moin, wir haben es wieder getan  und uns in der wilden Natur unseres sch\u00f6nen Landes herumgetrieben. Ich hab ja schon den ein oder anderen Blog zu diesem Thema geschrieben, und es stimmt wirklich. Ok ohne ahnungslose Politiker w\u00e4re es traumhaft hier, aber das ist ein anderes Thema<\/em><\/p>\n\n\n<div class=\"wp-block-image\">\n<figure class=\"aligncenter size-full is-resized\"><a href=\"https:\/\/www.light-style.eu\/Blog\/?attachment_id=6148\"><img data-recalc-dims=\"1\" loading=\"lazy\" decoding=\"async\" width=\"1170\" height=\"780\" data-attachment-id=\"6148\" data-permalink=\"https:\/\/www.light-style.eu\/Blog\/so-schoen-ist-deutschland\/elbsandsteingebirge-353-1\/#main\" data-orig-file=\"https:\/\/i0.wp.com\/www.light-style.eu\/Blog\/wp-content\/uploads\/2021\/10\/Elbsandsteingebirge-353-1.jpg?fit=1200%2C800&amp;ssl=1\" data-orig-size=\"1200,800\" data-comments-opened=\"1\" data-image-meta=\"{&quot;aperture&quot;:&quot;0&quot;,&quot;credit&quot;:&quot;Fotostudio Light-Style\\rAndi Moel&quot;,&quot;camera&quot;:&quot;&quot;,&quot;caption&quot;:&quot;&quot;,&quot;created_timestamp&quot;:&quot;0&quot;,&quot;copyright&quot;:&quot;www.light-style.eu&quot;,&quot;focal_length&quot;:&quot;0&quot;,&quot;iso&quot;:&quot;0&quot;,&quot;shutter_speed&quot;:&quot;0&quot;,&quot;title&quot;:&quot;&quot;,&quot;orientation&quot;:&quot;0&quot;}\" data-image-title=\"Elbsandsteingebirge-353-1\" data-image-description=\"\" data-image-caption=\"\" data-large-file=\"https:\/\/i0.wp.com\/www.light-style.eu\/Blog\/wp-content\/uploads\/2021\/10\/Elbsandsteingebirge-353-1.jpg?fit=1170%2C780&amp;ssl=1\" src=\"https:\/\/i0.wp.com\/www.light-style.eu\/Blog\/wp-content\/uploads\/2021\/10\/Elbsandsteingebirge-353-1.jpg?resize=1170%2C780&#038;ssl=1\" alt=\"\" class=\"wp-image-6148\" style=\"width:486px;height:324px\" srcset=\"https:\/\/i0.wp.com\/www.light-style.eu\/Blog\/wp-content\/uploads\/2021\/10\/Elbsandsteingebirge-353-1.jpg?w=1200&amp;ssl=1 1200w, https:\/\/i0.wp.com\/www.light-style.eu\/Blog\/wp-content\/uploads\/2021\/10\/Elbsandsteingebirge-353-1.jpg?resize=600%2C400&amp;ssl=1 600w, https:\/\/i0.wp.com\/www.light-style.eu\/Blog\/wp-content\/uploads\/2021\/10\/Elbsandsteingebirge-353-1.jpg?resize=768%2C512&amp;ssl=1 768w\" sizes=\"auto, (max-width: 1170px) 100vw, 1170px\" \/><\/a><\/figure>\n<\/div>\n\n\n<p class=\"has-medium-font-size\"> <em>Vor 3 Jahren war ich ja schonmal, damals mit Michael in <a href=\"https:\/\/www.light-style.eu\/Blog\/dresden-fototour-2018-teil-1\/\">Dresden<\/a> und im <a href=\"https:\/\/www.light-style.eu\/Blog\/saechsische-schweiz-traumhafte-natur\/\">Elbsandsteingebirge<\/a>, allerdings nur an der Bastei. Diesmal war zwar auch wieder Dresden dabei, aber das fotografische Hauptaugenmerk galt der wundersch\u00f6nen Natur in Sachsen bzw dem angrenzendem Tschechien. <\/em> ( Die Links f\u00fchren Euch zu den Beitr\u00e4gen von damals) <\/p>\n\n\n\n<p class=\"has-medium-font-size\"> <em>Das Elbsandsteingebirge ist einfach\u2014 WOW\u2014- mir f\u00e4llt nix anderes ein. Den einen Moment steckten wir gef\u00fchlt im tiefsten Amazonasgebiet, und kurz darauf in einer Urlandschaft, wo man um den n\u00e4chsten Felsen einen Dino  <\/em><em>erwarten w\u00fcrde. Einfach grandios.<\/em> <\/p>\n\n\n\n<div class=\"wp-block-jetpack-tiled-gallery aligncenter is-style-rectangular\"><div class=\"tiled-gallery__gallery\"><div class=\"tiled-gallery__row\"><div class=\"tiled-gallery__col\" style=\"flex-basis:52.75232%\"><figure class=\"tiled-gallery__item\"><img decoding=\"async\" data-attachment-id=\"6149\" data-permalink=\"https:\/\/www.light-style.eu\/Blog\/so-schoen-ist-deutschland\/elbsandsteingebirge-andi-1-1\/#main\" data-orig-file=\"https:\/\/i0.wp.com\/www.light-style.eu\/Blog\/wp-content\/uploads\/2021\/10\/Elbsandsteingebirge-Andi-1-1.jpg?fit=1200%2C800&amp;ssl=1\" data-orig-size=\"1200,800\" data-comments-opened=\"1\" data-image-meta=\"{&quot;aperture&quot;:&quot;0&quot;,&quot;credit&quot;:&quot;Franka Gauger-Stoehr&quot;,&quot;camera&quot;:&quot;&quot;,&quot;caption&quot;:&quot;&quot;,&quot;created_timestamp&quot;:&quot;0&quot;,&quot;copyright&quot;:&quot;Franka Gauger Stoehr&quot;,&quot;focal_length&quot;:&quot;0&quot;,&quot;iso&quot;:&quot;0&quot;,&quot;shutter_speed&quot;:&quot;0&quot;,&quot;title&quot;:&quot;&quot;,&quot;orientation&quot;:&quot;0&quot;}\" data-image-title=\"Elbsandsteingebirge-Andi-1-1\" data-image-description=\"\" data-image-caption=\"\" data-large-file=\"https:\/\/i0.wp.com\/www.light-style.eu\/Blog\/wp-content\/uploads\/2021\/10\/Elbsandsteingebirge-Andi-1-1.jpg?fit=1170%2C780&amp;ssl=1\" data-attachment-id=\"6149\" data-permalink=\"https:\/\/www.light-style.eu\/Blog\/so-schoen-ist-deutschland\/elbsandsteingebirge-andi-1-1\/#main\" data-orig-file=\"https:\/\/i0.wp.com\/www.light-style.eu\/Blog\/wp-content\/uploads\/2021\/10\/Elbsandsteingebirge-Andi-1-1.jpg?fit=1200%2C800&amp;ssl=1\" data-orig-size=\"1200,800\" data-comments-opened=\"1\" data-image-meta=\"{&quot;aperture&quot;:&quot;0&quot;,&quot;credit&quot;:&quot;Franka Gauger-Stoehr&quot;,&quot;camera&quot;:&quot;&quot;,&quot;caption&quot;:&quot;&quot;,&quot;created_timestamp&quot;:&quot;0&quot;,&quot;copyright&quot;:&quot;Franka Gauger Stoehr&quot;,&quot;focal_length&quot;:&quot;0&quot;,&quot;iso&quot;:&quot;0&quot;,&quot;shutter_speed&quot;:&quot;0&quot;,&quot;title&quot;:&quot;&quot;,&quot;orientation&quot;:&quot;0&quot;}\" data-image-title=\"Elbsandsteingebirge-Andi-1-1\" data-image-description=\"\" data-image-caption=\"\" data-large-file=\"https:\/\/i0.wp.com\/www.light-style.eu\/Blog\/wp-content\/uploads\/2021\/10\/Elbsandsteingebirge-Andi-1-1.jpg?fit=1170%2C780&amp;ssl=1\" role=\"button\" tabindex=\"0\" aria-label=\"Bild\u00a01 von 5 im Vollbildmodus \u00f6ffnen\"srcset=\"https:\/\/i2.wp.com\/www.light-style.eu\/Blog\/wp-content\/uploads\/2021\/10\/Elbsandsteingebirge-Andi-1-1.jpg?strip=info&#038;w=600&#038;ssl=1 600w,https:\/\/i2.wp.com\/www.light-style.eu\/Blog\/wp-content\/uploads\/2021\/10\/Elbsandsteingebirge-Andi-1-1.jpg?strip=info&#038;w=900&#038;ssl=1 900w,https:\/\/i2.wp.com\/www.light-style.eu\/Blog\/wp-content\/uploads\/2021\/10\/Elbsandsteingebirge-Andi-1-1.jpg?strip=info&#038;w=1200&#038;ssl=1 1200w\" alt=\"\" data-height=\"800\" data-id=\"6149\" data-link=\"https:\/\/www.light-style.eu\/Blog\/?attachment_id=6149\" data-url=\"https:\/\/www.light-style.eu\/Blog\/wp-content\/uploads\/2021\/10\/Elbsandsteingebirge-Andi-1-1.jpg\" data-width=\"1200\" src=\"https:\/\/i2.wp.com\/www.light-style.eu\/Blog\/wp-content\/uploads\/2021\/10\/Elbsandsteingebirge-Andi-1-1.jpg?ssl=1\" data-amp-layout=\"responsive\"\/><\/figure><figure class=\"tiled-gallery__item\"><img decoding=\"async\" data-attachment-id=\"6150\" data-permalink=\"https:\/\/www.light-style.eu\/Blog\/so-schoen-ist-deutschland\/elbsandsteingebirge-andi-9-1\/#main\" data-orig-file=\"https:\/\/i0.wp.com\/www.light-style.eu\/Blog\/wp-content\/uploads\/2021\/10\/Elbsandsteingebirge-Andi-9-1.jpg?fit=1200%2C800&amp;ssl=1\" data-orig-size=\"1200,800\" data-comments-opened=\"1\" data-image-meta=\"{&quot;aperture&quot;:&quot;0&quot;,&quot;credit&quot;:&quot;Franka Gauger-Stoehr&quot;,&quot;camera&quot;:&quot;&quot;,&quot;caption&quot;:&quot;&quot;,&quot;created_timestamp&quot;:&quot;0&quot;,&quot;copyright&quot;:&quot;Franka Gauger Stoehr&quot;,&quot;focal_length&quot;:&quot;0&quot;,&quot;iso&quot;:&quot;0&quot;,&quot;shutter_speed&quot;:&quot;0&quot;,&quot;title&quot;:&quot;&quot;,&quot;orientation&quot;:&quot;0&quot;}\" data-image-title=\"Elbsandsteingebirge-Andi-9-1\" data-image-description=\"\" data-image-caption=\"\" data-large-file=\"https:\/\/i0.wp.com\/www.light-style.eu\/Blog\/wp-content\/uploads\/2021\/10\/Elbsandsteingebirge-Andi-9-1.jpg?fit=1170%2C780&amp;ssl=1\" data-attachment-id=\"6150\" data-permalink=\"https:\/\/www.light-style.eu\/Blog\/so-schoen-ist-deutschland\/elbsandsteingebirge-andi-9-1\/#main\" data-orig-file=\"https:\/\/i0.wp.com\/www.light-style.eu\/Blog\/wp-content\/uploads\/2021\/10\/Elbsandsteingebirge-Andi-9-1.jpg?fit=1200%2C800&amp;ssl=1\" data-orig-size=\"1200,800\" data-comments-opened=\"1\" data-image-meta=\"{&quot;aperture&quot;:&quot;0&quot;,&quot;credit&quot;:&quot;Franka Gauger-Stoehr&quot;,&quot;camera&quot;:&quot;&quot;,&quot;caption&quot;:&quot;&quot;,&quot;created_timestamp&quot;:&quot;0&quot;,&quot;copyright&quot;:&quot;Franka Gauger Stoehr&quot;,&quot;focal_length&quot;:&quot;0&quot;,&quot;iso&quot;:&quot;0&quot;,&quot;shutter_speed&quot;:&quot;0&quot;,&quot;title&quot;:&quot;&quot;,&quot;orientation&quot;:&quot;0&quot;}\" data-image-title=\"Elbsandsteingebirge-Andi-9-1\" data-image-description=\"\" data-image-caption=\"\" data-large-file=\"https:\/\/i0.wp.com\/www.light-style.eu\/Blog\/wp-content\/uploads\/2021\/10\/Elbsandsteingebirge-Andi-9-1.jpg?fit=1170%2C780&amp;ssl=1\" role=\"button\" tabindex=\"0\" aria-label=\"Bild\u00a02 von 5 im Vollbildmodus \u00f6ffnen\"srcset=\"https:\/\/i1.wp.com\/www.light-style.eu\/Blog\/wp-content\/uploads\/2021\/10\/Elbsandsteingebirge-Andi-9-1.jpg?strip=info&#038;w=600&#038;ssl=1 600w,https:\/\/i1.wp.com\/www.light-style.eu\/Blog\/wp-content\/uploads\/2021\/10\/Elbsandsteingebirge-Andi-9-1.jpg?strip=info&#038;w=900&#038;ssl=1 900w,https:\/\/i1.wp.com\/www.light-style.eu\/Blog\/wp-content\/uploads\/2021\/10\/Elbsandsteingebirge-Andi-9-1.jpg?strip=info&#038;w=1200&#038;ssl=1 1200w\" alt=\"\" data-height=\"800\" data-id=\"6150\" data-link=\"https:\/\/www.light-style.eu\/Blog\/?attachment_id=6150\" data-url=\"https:\/\/www.light-style.eu\/Blog\/wp-content\/uploads\/2021\/10\/Elbsandsteingebirge-Andi-9-1.jpg\" data-width=\"1200\" src=\"https:\/\/i1.wp.com\/www.light-style.eu\/Blog\/wp-content\/uploads\/2021\/10\/Elbsandsteingebirge-Andi-9-1.jpg?ssl=1\" data-amp-layout=\"responsive\"\/><\/figure><\/div><div class=\"tiled-gallery__col\" style=\"flex-basis:47.24768%\"><figure class=\"tiled-gallery__item\"><img decoding=\"async\" data-attachment-id=\"6151\" data-permalink=\"https:\/\/www.light-style.eu\/Blog\/so-schoen-ist-deutschland\/elbsandsteingebirge-141-1\/#main\" data-orig-file=\"https:\/\/i0.wp.com\/www.light-style.eu\/Blog\/wp-content\/uploads\/2021\/10\/Elbsandsteingebirge-141-1.jpg?fit=800%2C1200&amp;ssl=1\" data-orig-size=\"800,1200\" data-comments-opened=\"1\" data-image-meta=\"{&quot;aperture&quot;:&quot;0&quot;,&quot;credit&quot;:&quot;Fotostudio Light-Style\\rAndi Moel&quot;,&quot;camera&quot;:&quot;&quot;,&quot;caption&quot;:&quot;&quot;,&quot;created_timestamp&quot;:&quot;0&quot;,&quot;copyright&quot;:&quot;www.light-style.eu&quot;,&quot;focal_length&quot;:&quot;0&quot;,&quot;iso&quot;:&quot;0&quot;,&quot;shutter_speed&quot;:&quot;0&quot;,&quot;title&quot;:&quot;&quot;,&quot;orientation&quot;:&quot;0&quot;}\" data-image-title=\"Elbsandsteingebirge-141-1\" data-image-description=\"\" data-image-caption=\"\" data-large-file=\"https:\/\/i0.wp.com\/www.light-style.eu\/Blog\/wp-content\/uploads\/2021\/10\/Elbsandsteingebirge-141-1.jpg?fit=800%2C1200&amp;ssl=1\" data-attachment-id=\"6151\" data-permalink=\"https:\/\/www.light-style.eu\/Blog\/so-schoen-ist-deutschland\/elbsandsteingebirge-141-1\/#main\" data-orig-file=\"https:\/\/i0.wp.com\/www.light-style.eu\/Blog\/wp-content\/uploads\/2021\/10\/Elbsandsteingebirge-141-1.jpg?fit=800%2C1200&amp;ssl=1\" data-orig-size=\"800,1200\" data-comments-opened=\"1\" data-image-meta=\"{&quot;aperture&quot;:&quot;0&quot;,&quot;credit&quot;:&quot;Fotostudio Light-Style\\rAndi Moel&quot;,&quot;camera&quot;:&quot;&quot;,&quot;caption&quot;:&quot;&quot;,&quot;created_timestamp&quot;:&quot;0&quot;,&quot;copyright&quot;:&quot;www.light-style.eu&quot;,&quot;focal_length&quot;:&quot;0&quot;,&quot;iso&quot;:&quot;0&quot;,&quot;shutter_speed&quot;:&quot;0&quot;,&quot;title&quot;:&quot;&quot;,&quot;orientation&quot;:&quot;0&quot;}\" data-image-title=\"Elbsandsteingebirge-141-1\" data-image-description=\"\" data-image-caption=\"\" data-large-file=\"https:\/\/i0.wp.com\/www.light-style.eu\/Blog\/wp-content\/uploads\/2021\/10\/Elbsandsteingebirge-141-1.jpg?fit=800%2C1200&amp;ssl=1\" role=\"button\" tabindex=\"0\" aria-label=\"Bild\u00a03 von 5 im Vollbildmodus \u00f6ffnen\"srcset=\"https:\/\/i1.wp.com\/www.light-style.eu\/Blog\/wp-content\/uploads\/2021\/10\/Elbsandsteingebirge-141-1.jpg?strip=info&#038;w=600&#038;ssl=1 600w,https:\/\/i1.wp.com\/www.light-style.eu\/Blog\/wp-content\/uploads\/2021\/10\/Elbsandsteingebirge-141-1.jpg?strip=info&#038;w=800&#038;ssl=1 800w\" alt=\"\" data-height=\"1200\" data-id=\"6151\" data-link=\"https:\/\/www.light-style.eu\/Blog\/?attachment_id=6151\" data-url=\"https:\/\/www.light-style.eu\/Blog\/wp-content\/uploads\/2021\/10\/Elbsandsteingebirge-141-1.jpg\" data-width=\"800\" src=\"https:\/\/i1.wp.com\/www.light-style.eu\/Blog\/wp-content\/uploads\/2021\/10\/Elbsandsteingebirge-141-1.jpg?ssl=1\" data-amp-layout=\"responsive\"\/><\/figure><\/div><\/div><div class=\"tiled-gallery__row\"><div class=\"tiled-gallery__col\" style=\"flex-basis:50.00000%\"><figure class=\"tiled-gallery__item\"><img decoding=\"async\" data-attachment-id=\"6152\" data-permalink=\"https:\/\/www.light-style.eu\/Blog\/so-schoen-ist-deutschland\/elbsandsteingebirge-627-2\/#main\" data-orig-file=\"https:\/\/i0.wp.com\/www.light-style.eu\/Blog\/wp-content\/uploads\/2021\/10\/Elbsandsteingebirge-627-2.jpg?fit=1200%2C800&amp;ssl=1\" data-orig-size=\"1200,800\" data-comments-opened=\"1\" data-image-meta=\"{&quot;aperture&quot;:&quot;0&quot;,&quot;credit&quot;:&quot;Fotostudio Light-Style\\rAndi Moel&quot;,&quot;camera&quot;:&quot;&quot;,&quot;caption&quot;:&quot;&quot;,&quot;created_timestamp&quot;:&quot;0&quot;,&quot;copyright&quot;:&quot;www.light-style.eu&quot;,&quot;focal_length&quot;:&quot;0&quot;,&quot;iso&quot;:&quot;0&quot;,&quot;shutter_speed&quot;:&quot;0&quot;,&quot;title&quot;:&quot;&quot;,&quot;orientation&quot;:&quot;0&quot;}\" data-image-title=\"Elbsandsteingebirge-627-2\" data-image-description=\"\" data-image-caption=\"\" data-large-file=\"https:\/\/i0.wp.com\/www.light-style.eu\/Blog\/wp-content\/uploads\/2021\/10\/Elbsandsteingebirge-627-2.jpg?fit=1170%2C780&amp;ssl=1\" data-attachment-id=\"6152\" data-permalink=\"https:\/\/www.light-style.eu\/Blog\/so-schoen-ist-deutschland\/elbsandsteingebirge-627-2\/#main\" data-orig-file=\"https:\/\/i0.wp.com\/www.light-style.eu\/Blog\/wp-content\/uploads\/2021\/10\/Elbsandsteingebirge-627-2.jpg?fit=1200%2C800&amp;ssl=1\" data-orig-size=\"1200,800\" data-comments-opened=\"1\" data-image-meta=\"{&quot;aperture&quot;:&quot;0&quot;,&quot;credit&quot;:&quot;Fotostudio Light-Style\\rAndi Moel&quot;,&quot;camera&quot;:&quot;&quot;,&quot;caption&quot;:&quot;&quot;,&quot;created_timestamp&quot;:&quot;0&quot;,&quot;copyright&quot;:&quot;www.light-style.eu&quot;,&quot;focal_length&quot;:&quot;0&quot;,&quot;iso&quot;:&quot;0&quot;,&quot;shutter_speed&quot;:&quot;0&quot;,&quot;title&quot;:&quot;&quot;,&quot;orientation&quot;:&quot;0&quot;}\" data-image-title=\"Elbsandsteingebirge-627-2\" data-image-description=\"\" data-image-caption=\"\" data-large-file=\"https:\/\/i0.wp.com\/www.light-style.eu\/Blog\/wp-content\/uploads\/2021\/10\/Elbsandsteingebirge-627-2.jpg?fit=1170%2C780&amp;ssl=1\" role=\"button\" tabindex=\"0\" aria-label=\"Bild\u00a04 von 5 im Vollbildmodus \u00f6ffnen\"srcset=\"https:\/\/i2.wp.com\/www.light-style.eu\/Blog\/wp-content\/uploads\/2021\/10\/Elbsandsteingebirge-627-2.jpg?strip=info&#038;w=600&#038;ssl=1 600w,https:\/\/i2.wp.com\/www.light-style.eu\/Blog\/wp-content\/uploads\/2021\/10\/Elbsandsteingebirge-627-2.jpg?strip=info&#038;w=900&#038;ssl=1 900w,https:\/\/i2.wp.com\/www.light-style.eu\/Blog\/wp-content\/uploads\/2021\/10\/Elbsandsteingebirge-627-2.jpg?strip=info&#038;w=1200&#038;ssl=1 1200w\" alt=\"\" data-height=\"800\" data-id=\"6152\" data-link=\"https:\/\/www.light-style.eu\/Blog\/?attachment_id=6152\" data-url=\"https:\/\/www.light-style.eu\/Blog\/wp-content\/uploads\/2021\/10\/Elbsandsteingebirge-627-2.jpg\" data-width=\"1200\" src=\"https:\/\/i2.wp.com\/www.light-style.eu\/Blog\/wp-content\/uploads\/2021\/10\/Elbsandsteingebirge-627-2.jpg?ssl=1\" data-amp-layout=\"responsive\"\/><\/figure><\/div><div class=\"tiled-gallery__col\" style=\"flex-basis:50.00000%\"><figure class=\"tiled-gallery__item\"><img decoding=\"async\" data-attachment-id=\"6153\" data-permalink=\"https:\/\/www.light-style.eu\/Blog\/so-schoen-ist-deutschland\/elbsandsteingebirge-814-1\/#main\" data-orig-file=\"https:\/\/i0.wp.com\/www.light-style.eu\/Blog\/wp-content\/uploads\/2021\/10\/Elbsandsteingebirge-814-1.jpg?fit=1200%2C800&amp;ssl=1\" data-orig-size=\"1200,800\" data-comments-opened=\"1\" data-image-meta=\"{&quot;aperture&quot;:&quot;0&quot;,&quot;credit&quot;:&quot;Fotostudio Light-Style\\rAndi Moel&quot;,&quot;camera&quot;:&quot;&quot;,&quot;caption&quot;:&quot;&quot;,&quot;created_timestamp&quot;:&quot;0&quot;,&quot;copyright&quot;:&quot;www.light-style.eu&quot;,&quot;focal_length&quot;:&quot;0&quot;,&quot;iso&quot;:&quot;0&quot;,&quot;shutter_speed&quot;:&quot;0&quot;,&quot;title&quot;:&quot;&quot;,&quot;orientation&quot;:&quot;0&quot;}\" data-image-title=\"Elbsandsteingebirge-814-1\" data-image-description=\"\" data-image-caption=\"\" data-large-file=\"https:\/\/i0.wp.com\/www.light-style.eu\/Blog\/wp-content\/uploads\/2021\/10\/Elbsandsteingebirge-814-1.jpg?fit=1170%2C780&amp;ssl=1\" data-attachment-id=\"6153\" data-permalink=\"https:\/\/www.light-style.eu\/Blog\/so-schoen-ist-deutschland\/elbsandsteingebirge-814-1\/#main\" data-orig-file=\"https:\/\/i0.wp.com\/www.light-style.eu\/Blog\/wp-content\/uploads\/2021\/10\/Elbsandsteingebirge-814-1.jpg?fit=1200%2C800&amp;ssl=1\" data-orig-size=\"1200,800\" data-comments-opened=\"1\" data-image-meta=\"{&quot;aperture&quot;:&quot;0&quot;,&quot;credit&quot;:&quot;Fotostudio Light-Style\\rAndi Moel&quot;,&quot;camera&quot;:&quot;&quot;,&quot;caption&quot;:&quot;&quot;,&quot;created_timestamp&quot;:&quot;0&quot;,&quot;copyright&quot;:&quot;www.light-style.eu&quot;,&quot;focal_length&quot;:&quot;0&quot;,&quot;iso&quot;:&quot;0&quot;,&quot;shutter_speed&quot;:&quot;0&quot;,&quot;title&quot;:&quot;&quot;,&quot;orientation&quot;:&quot;0&quot;}\" data-image-title=\"Elbsandsteingebirge-814-1\" data-image-description=\"\" data-image-caption=\"\" data-large-file=\"https:\/\/i0.wp.com\/www.light-style.eu\/Blog\/wp-content\/uploads\/2021\/10\/Elbsandsteingebirge-814-1.jpg?fit=1170%2C780&amp;ssl=1\" role=\"button\" tabindex=\"0\" aria-label=\"Bild\u00a05 von 5 im Vollbildmodus \u00f6ffnen\"srcset=\"https:\/\/i0.wp.com\/www.light-style.eu\/Blog\/wp-content\/uploads\/2021\/10\/Elbsandsteingebirge-814-1.jpg?strip=info&#038;w=600&#038;ssl=1 600w,https:\/\/i0.wp.com\/www.light-style.eu\/Blog\/wp-content\/uploads\/2021\/10\/Elbsandsteingebirge-814-1.jpg?strip=info&#038;w=900&#038;ssl=1 900w,https:\/\/i0.wp.com\/www.light-style.eu\/Blog\/wp-content\/uploads\/2021\/10\/Elbsandsteingebirge-814-1.jpg?strip=info&#038;w=1200&#038;ssl=1 1200w\" alt=\"\" data-height=\"800\" data-id=\"6153\" data-link=\"https:\/\/www.light-style.eu\/Blog\/?attachment_id=6153\" data-url=\"https:\/\/www.light-style.eu\/Blog\/wp-content\/uploads\/2021\/10\/Elbsandsteingebirge-814-1.jpg\" data-width=\"1200\" src=\"https:\/\/i0.wp.com\/www.light-style.eu\/Blog\/wp-content\/uploads\/2021\/10\/Elbsandsteingebirge-814-1.jpg?ssl=1\" data-amp-layout=\"responsive\"\/><\/figure><\/div><\/div><\/div><\/div>\n\n\n\n<p class=\"has-medium-font-size\"> <em>Wir k\u00f6nnen Euch hier nur einen kleinen Eindruck dieser Landschaft vermitteln, erleben m\u00fcsst Ihr es selbst  Aber man kann hier noch mehr erleben, n\u00e4mlich Freundlichkeit, jede Menge Humor und den Mut offene Worte zu sprechen. Zum Thema s\u00e4chsischer Humor, also wir haben gerade an Gesch\u00e4ften \/ Restaurants unz\u00e4hlige Spr\u00fcche gelesen, wo wir wirklich lachen mussten. Es war sch\u00f6n, gerade in dieser \u201cbescheidenen Zeit\u201d mal wieder Humor zu erleben. Was ich auch bemerkenswert fand, waren die klaren, offenen Worte die hier kundgetan werden. An vielen Gesch\u00e4ften, auch gute, gr\u00f6\u00dfere Gesch\u00e4ften, h\u00e4ngen Zettel mit der klaren Meinung zum Umgang unserer Regierung mit den Menschen in dieser Corona-Zeit. Klare Worte was sie davon halten. Aber, nicht dass sie die Worte kundtun hat mich beeindruckt, sondern dass sie es so offen an ihren Gesch\u00e4ften tun. W\u00fcrde ein Unternehmer bei uns im hochgelobten Westen so seine Meinung kundtun, w\u00fcrde er vom Dorf \/ Mitb\u00fcrgern \/ Presse vermutlich so verbal zerrissen werden, dass er aufgeben m\u00fcsste. Nicht in Sachsen, dort wird Meinungsfreiheit praktiziert! -Respekt \u2013<\/em> <\/p>\n\n\n\n<div class=\"wp-block-jetpack-tiled-gallery aligncenter is-style-rectangular\"><div class=\"tiled-gallery__gallery\"><div class=\"tiled-gallery__row\"><div class=\"tiled-gallery__col\" style=\"flex-basis:40.87538%\"><figure class=\"tiled-gallery__item\"><img decoding=\"async\" data-attachment-id=\"6154\" data-permalink=\"https:\/\/www.light-style.eu\/Blog\/so-schoen-ist-deutschland\/elbsandsteingebirge-5-1\/#main\" data-orig-file=\"https:\/\/i0.wp.com\/www.light-style.eu\/Blog\/wp-content\/uploads\/2021\/10\/Elbsandsteingebirge-5-1.jpg?fit=1200%2C800&amp;ssl=1\" data-orig-size=\"1200,800\" data-comments-opened=\"1\" data-image-meta=\"{&quot;aperture&quot;:&quot;0&quot;,&quot;credit&quot;:&quot;Fotostudio Light-Style\\rAndi Moel&quot;,&quot;camera&quot;:&quot;&quot;,&quot;caption&quot;:&quot;&quot;,&quot;created_timestamp&quot;:&quot;0&quot;,&quot;copyright&quot;:&quot;www.light-style.eu&quot;,&quot;focal_length&quot;:&quot;0&quot;,&quot;iso&quot;:&quot;0&quot;,&quot;shutter_speed&quot;:&quot;0&quot;,&quot;title&quot;:&quot;&quot;,&quot;orientation&quot;:&quot;0&quot;}\" data-image-title=\"Elbsandsteingebirge-5-1\" data-image-description=\"\" data-image-caption=\"\" data-large-file=\"https:\/\/i0.wp.com\/www.light-style.eu\/Blog\/wp-content\/uploads\/2021\/10\/Elbsandsteingebirge-5-1.jpg?fit=1170%2C780&amp;ssl=1\" data-attachment-id=\"6154\" data-permalink=\"https:\/\/www.light-style.eu\/Blog\/so-schoen-ist-deutschland\/elbsandsteingebirge-5-1\/#main\" data-orig-file=\"https:\/\/i0.wp.com\/www.light-style.eu\/Blog\/wp-content\/uploads\/2021\/10\/Elbsandsteingebirge-5-1.jpg?fit=1200%2C800&amp;ssl=1\" data-orig-size=\"1200,800\" data-comments-opened=\"1\" data-image-meta=\"{&quot;aperture&quot;:&quot;0&quot;,&quot;credit&quot;:&quot;Fotostudio Light-Style\\rAndi Moel&quot;,&quot;camera&quot;:&quot;&quot;,&quot;caption&quot;:&quot;&quot;,&quot;created_timestamp&quot;:&quot;0&quot;,&quot;copyright&quot;:&quot;www.light-style.eu&quot;,&quot;focal_length&quot;:&quot;0&quot;,&quot;iso&quot;:&quot;0&quot;,&quot;shutter_speed&quot;:&quot;0&quot;,&quot;title&quot;:&quot;&quot;,&quot;orientation&quot;:&quot;0&quot;}\" data-image-title=\"Elbsandsteingebirge-5-1\" data-image-description=\"\" data-image-caption=\"\" data-large-file=\"https:\/\/i0.wp.com\/www.light-style.eu\/Blog\/wp-content\/uploads\/2021\/10\/Elbsandsteingebirge-5-1.jpg?fit=1170%2C780&amp;ssl=1\" role=\"button\" tabindex=\"0\" aria-label=\"Bild\u00a01 von 43 im Vollbildmodus \u00f6ffnen\"srcset=\"https:\/\/i2.wp.com\/www.light-style.eu\/Blog\/wp-content\/uploads\/2021\/10\/Elbsandsteingebirge-5-1.jpg?strip=info&#038;w=600&#038;ssl=1 600w,https:\/\/i2.wp.com\/www.light-style.eu\/Blog\/wp-content\/uploads\/2021\/10\/Elbsandsteingebirge-5-1.jpg?strip=info&#038;w=900&#038;ssl=1 900w,https:\/\/i2.wp.com\/www.light-style.eu\/Blog\/wp-content\/uploads\/2021\/10\/Elbsandsteingebirge-5-1.jpg?strip=info&#038;w=1200&#038;ssl=1 1200w\" alt=\"\" data-height=\"800\" data-id=\"6154\" data-link=\"https:\/\/www.light-style.eu\/Blog\/?attachment_id=6154\" data-url=\"https:\/\/www.light-style.eu\/Blog\/wp-content\/uploads\/2021\/10\/Elbsandsteingebirge-5-1.jpg\" data-width=\"1200\" src=\"https:\/\/i2.wp.com\/www.light-style.eu\/Blog\/wp-content\/uploads\/2021\/10\/Elbsandsteingebirge-5-1.jpg?ssl=1\" data-amp-layout=\"responsive\"\/><\/figure><\/div><div class=\"tiled-gallery__col\" style=\"flex-basis:18.24924%\"><figure class=\"tiled-gallery__item\"><img decoding=\"async\" data-attachment-id=\"6155\" data-permalink=\"https:\/\/www.light-style.eu\/Blog\/so-schoen-ist-deutschland\/elbsandsteingebirge-45-1\/#main\" data-orig-file=\"https:\/\/i0.wp.com\/www.light-style.eu\/Blog\/wp-content\/uploads\/2021\/10\/Elbsandsteingebirge-45-1.jpg?fit=800%2C1200&amp;ssl=1\" data-orig-size=\"800,1200\" data-comments-opened=\"1\" data-image-meta=\"{&quot;aperture&quot;:&quot;0&quot;,&quot;credit&quot;:&quot;Fotostudio Light-Style\\rAndi Moel&quot;,&quot;camera&quot;:&quot;&quot;,&quot;caption&quot;:&quot;&quot;,&quot;created_timestamp&quot;:&quot;0&quot;,&quot;copyright&quot;:&quot;www.light-style.eu&quot;,&quot;focal_length&quot;:&quot;0&quot;,&quot;iso&quot;:&quot;0&quot;,&quot;shutter_speed&quot;:&quot;0&quot;,&quot;title&quot;:&quot;&quot;,&quot;orientation&quot;:&quot;0&quot;}\" data-image-title=\"Elbsandsteingebirge-45-1\" data-image-description=\"\" data-image-caption=\"\" data-large-file=\"https:\/\/i0.wp.com\/www.light-style.eu\/Blog\/wp-content\/uploads\/2021\/10\/Elbsandsteingebirge-45-1.jpg?fit=800%2C1200&amp;ssl=1\" data-attachment-id=\"6155\" data-permalink=\"https:\/\/www.light-style.eu\/Blog\/so-schoen-ist-deutschland\/elbsandsteingebirge-45-1\/#main\" data-orig-file=\"https:\/\/i0.wp.com\/www.light-style.eu\/Blog\/wp-content\/uploads\/2021\/10\/Elbsandsteingebirge-45-1.jpg?fit=800%2C1200&amp;ssl=1\" data-orig-size=\"800,1200\" data-comments-opened=\"1\" data-image-meta=\"{&quot;aperture&quot;:&quot;0&quot;,&quot;credit&quot;:&quot;Fotostudio Light-Style\\rAndi Moel&quot;,&quot;camera&quot;:&quot;&quot;,&quot;caption&quot;:&quot;&quot;,&quot;created_timestamp&quot;:&quot;0&quot;,&quot;copyright&quot;:&quot;www.light-style.eu&quot;,&quot;focal_length&quot;:&quot;0&quot;,&quot;iso&quot;:&quot;0&quot;,&quot;shutter_speed&quot;:&quot;0&quot;,&quot;title&quot;:&quot;&quot;,&quot;orientation&quot;:&quot;0&quot;}\" data-image-title=\"Elbsandsteingebirge-45-1\" data-image-description=\"\" data-image-caption=\"\" data-large-file=\"https:\/\/i0.wp.com\/www.light-style.eu\/Blog\/wp-content\/uploads\/2021\/10\/Elbsandsteingebirge-45-1.jpg?fit=800%2C1200&amp;ssl=1\" role=\"button\" tabindex=\"0\" aria-label=\"Bild\u00a02 von 43 im Vollbildmodus \u00f6ffnen\"srcset=\"https:\/\/i0.wp.com\/www.light-style.eu\/Blog\/wp-content\/uploads\/2021\/10\/Elbsandsteingebirge-45-1.jpg?strip=info&#038;w=600&#038;ssl=1 600w,https:\/\/i0.wp.com\/www.light-style.eu\/Blog\/wp-content\/uploads\/2021\/10\/Elbsandsteingebirge-45-1.jpg?strip=info&#038;w=800&#038;ssl=1 800w\" alt=\"\" data-height=\"1200\" data-id=\"6155\" data-link=\"https:\/\/www.light-style.eu\/Blog\/?attachment_id=6155\" data-url=\"https:\/\/www.light-style.eu\/Blog\/wp-content\/uploads\/2021\/10\/Elbsandsteingebirge-45-1.jpg\" data-width=\"800\" src=\"https:\/\/i0.wp.com\/www.light-style.eu\/Blog\/wp-content\/uploads\/2021\/10\/Elbsandsteingebirge-45-1.jpg?ssl=1\" data-amp-layout=\"responsive\"\/><\/figure><\/div><div class=\"tiled-gallery__col\" style=\"flex-basis:40.87538%\"><figure class=\"tiled-gallery__item\"><img decoding=\"async\" data-attachment-id=\"6156\" data-permalink=\"https:\/\/www.light-style.eu\/Blog\/so-schoen-ist-deutschland\/elbsandsteingebirge-47-1\/#main\" data-orig-file=\"https:\/\/i0.wp.com\/www.light-style.eu\/Blog\/wp-content\/uploads\/2021\/10\/Elbsandsteingebirge-47-1.jpg?fit=1200%2C800&amp;ssl=1\" data-orig-size=\"1200,800\" data-comments-opened=\"1\" data-image-meta=\"{&quot;aperture&quot;:&quot;0&quot;,&quot;credit&quot;:&quot;Fotostudio Light-Style\\rAndi Moel&quot;,&quot;camera&quot;:&quot;&quot;,&quot;caption&quot;:&quot;&quot;,&quot;created_timestamp&quot;:&quot;0&quot;,&quot;copyright&quot;:&quot;www.light-style.eu&quot;,&quot;focal_length&quot;:&quot;0&quot;,&quot;iso&quot;:&quot;0&quot;,&quot;shutter_speed&quot;:&quot;0&quot;,&quot;title&quot;:&quot;&quot;,&quot;orientation&quot;:&quot;0&quot;}\" data-image-title=\"Elbsandsteingebirge-47-1\" data-image-description=\"\" data-image-caption=\"\" data-large-file=\"https:\/\/i0.wp.com\/www.light-style.eu\/Blog\/wp-content\/uploads\/2021\/10\/Elbsandsteingebirge-47-1.jpg?fit=1170%2C780&amp;ssl=1\" data-attachment-id=\"6156\" data-permalink=\"https:\/\/www.light-style.eu\/Blog\/so-schoen-ist-deutschland\/elbsandsteingebirge-47-1\/#main\" data-orig-file=\"https:\/\/i0.wp.com\/www.light-style.eu\/Blog\/wp-content\/uploads\/2021\/10\/Elbsandsteingebirge-47-1.jpg?fit=1200%2C800&amp;ssl=1\" data-orig-size=\"1200,800\" data-comments-opened=\"1\" data-image-meta=\"{&quot;aperture&quot;:&quot;0&quot;,&quot;credit&quot;:&quot;Fotostudio Light-Style\\rAndi Moel&quot;,&quot;camera&quot;:&quot;&quot;,&quot;caption&quot;:&quot;&quot;,&quot;created_timestamp&quot;:&quot;0&quot;,&quot;copyright&quot;:&quot;www.light-style.eu&quot;,&quot;focal_length&quot;:&quot;0&quot;,&quot;iso&quot;:&quot;0&quot;,&quot;shutter_speed&quot;:&quot;0&quot;,&quot;title&quot;:&quot;&quot;,&quot;orientation&quot;:&quot;0&quot;}\" data-image-title=\"Elbsandsteingebirge-47-1\" data-image-description=\"\" data-image-caption=\"\" data-large-file=\"https:\/\/i0.wp.com\/www.light-style.eu\/Blog\/wp-content\/uploads\/2021\/10\/Elbsandsteingebirge-47-1.jpg?fit=1170%2C780&amp;ssl=1\" role=\"button\" tabindex=\"0\" aria-label=\"Bild\u00a03 von 43 im Vollbildmodus \u00f6ffnen\"srcset=\"https:\/\/i1.wp.com\/www.light-style.eu\/Blog\/wp-content\/uploads\/2021\/10\/Elbsandsteingebirge-47-1.jpg?strip=info&#038;w=600&#038;ssl=1 600w,https:\/\/i1.wp.com\/www.light-style.eu\/Blog\/wp-content\/uploads\/2021\/10\/Elbsandsteingebirge-47-1.jpg?strip=info&#038;w=900&#038;ssl=1 900w,https:\/\/i1.wp.com\/www.light-style.eu\/Blog\/wp-content\/uploads\/2021\/10\/Elbsandsteingebirge-47-1.jpg?strip=info&#038;w=1200&#038;ssl=1 1200w\" alt=\"\" data-height=\"800\" data-id=\"6156\" data-link=\"https:\/\/www.light-style.eu\/Blog\/?attachment_id=6156\" data-url=\"https:\/\/www.light-style.eu\/Blog\/wp-content\/uploads\/2021\/10\/Elbsandsteingebirge-47-1.jpg\" data-width=\"1200\" src=\"https:\/\/i1.wp.com\/www.light-style.eu\/Blog\/wp-content\/uploads\/2021\/10\/Elbsandsteingebirge-47-1.jpg?ssl=1\" data-amp-layout=\"responsive\"\/><\/figure><\/div><\/div><div class=\"tiled-gallery__row\"><div class=\"tiled-gallery__col\" style=\"flex-basis:52.75232%\"><figure class=\"tiled-gallery__item\"><img decoding=\"async\" data-attachment-id=\"6157\" data-permalink=\"https:\/\/www.light-style.eu\/Blog\/so-schoen-ist-deutschland\/elbsandsteingebirge-57-1\/#main\" data-orig-file=\"https:\/\/i0.wp.com\/www.light-style.eu\/Blog\/wp-content\/uploads\/2021\/10\/Elbsandsteingebirge-57-1.jpg?fit=1200%2C800&amp;ssl=1\" data-orig-size=\"1200,800\" data-comments-opened=\"1\" data-image-meta=\"{&quot;aperture&quot;:&quot;0&quot;,&quot;credit&quot;:&quot;Fotostudio Light-Style\\rAndi Moel&quot;,&quot;camera&quot;:&quot;&quot;,&quot;caption&quot;:&quot;&quot;,&quot;created_timestamp&quot;:&quot;0&quot;,&quot;copyright&quot;:&quot;www.light-style.eu&quot;,&quot;focal_length&quot;:&quot;0&quot;,&quot;iso&quot;:&quot;0&quot;,&quot;shutter_speed&quot;:&quot;0&quot;,&quot;title&quot;:&quot;&quot;,&quot;orientation&quot;:&quot;0&quot;}\" data-image-title=\"Elbsandsteingebirge-57-1\" data-image-description=\"\" data-image-caption=\"\" data-large-file=\"https:\/\/i0.wp.com\/www.light-style.eu\/Blog\/wp-content\/uploads\/2021\/10\/Elbsandsteingebirge-57-1.jpg?fit=1170%2C780&amp;ssl=1\" data-attachment-id=\"6157\" data-permalink=\"https:\/\/www.light-style.eu\/Blog\/so-schoen-ist-deutschland\/elbsandsteingebirge-57-1\/#main\" data-orig-file=\"https:\/\/i0.wp.com\/www.light-style.eu\/Blog\/wp-content\/uploads\/2021\/10\/Elbsandsteingebirge-57-1.jpg?fit=1200%2C800&amp;ssl=1\" data-orig-size=\"1200,800\" data-comments-opened=\"1\" data-image-meta=\"{&quot;aperture&quot;:&quot;0&quot;,&quot;credit&quot;:&quot;Fotostudio Light-Style\\rAndi Moel&quot;,&quot;camera&quot;:&quot;&quot;,&quot;caption&quot;:&quot;&quot;,&quot;created_timestamp&quot;:&quot;0&quot;,&quot;copyright&quot;:&quot;www.light-style.eu&quot;,&quot;focal_length&quot;:&quot;0&quot;,&quot;iso&quot;:&quot;0&quot;,&quot;shutter_speed&quot;:&quot;0&quot;,&quot;title&quot;:&quot;&quot;,&quot;orientation&quot;:&quot;0&quot;}\" data-image-title=\"Elbsandsteingebirge-57-1\" data-image-description=\"\" data-image-caption=\"\" data-large-file=\"https:\/\/i0.wp.com\/www.light-style.eu\/Blog\/wp-content\/uploads\/2021\/10\/Elbsandsteingebirge-57-1.jpg?fit=1170%2C780&amp;ssl=1\" role=\"button\" tabindex=\"0\" aria-label=\"Bild\u00a04 von 43 im Vollbildmodus \u00f6ffnen\"srcset=\"https:\/\/i0.wp.com\/www.light-style.eu\/Blog\/wp-content\/uploads\/2021\/10\/Elbsandsteingebirge-57-1.jpg?strip=info&#038;w=600&#038;ssl=1 600w,https:\/\/i0.wp.com\/www.light-style.eu\/Blog\/wp-content\/uploads\/2021\/10\/Elbsandsteingebirge-57-1.jpg?strip=info&#038;w=900&#038;ssl=1 900w,https:\/\/i0.wp.com\/www.light-style.eu\/Blog\/wp-content\/uploads\/2021\/10\/Elbsandsteingebirge-57-1.jpg?strip=info&#038;w=1200&#038;ssl=1 1200w\" alt=\"\" data-height=\"800\" data-id=\"6157\" data-link=\"https:\/\/www.light-style.eu\/Blog\/?attachment_id=6157\" data-url=\"https:\/\/www.light-style.eu\/Blog\/wp-content\/uploads\/2021\/10\/Elbsandsteingebirge-57-1.jpg\" data-width=\"1200\" src=\"https:\/\/i0.wp.com\/www.light-style.eu\/Blog\/wp-content\/uploads\/2021\/10\/Elbsandsteingebirge-57-1.jpg?ssl=1\" data-amp-layout=\"responsive\"\/><\/figure><figure class=\"tiled-gallery__item\"><img decoding=\"async\" data-attachment-id=\"6158\" data-permalink=\"https:\/\/www.light-style.eu\/Blog\/so-schoen-ist-deutschland\/elbsandsteingebirge-62-1\/#main\" data-orig-file=\"https:\/\/i0.wp.com\/www.light-style.eu\/Blog\/wp-content\/uploads\/2021\/10\/Elbsandsteingebirge-62-1.jpg?fit=1200%2C800&amp;ssl=1\" data-orig-size=\"1200,800\" data-comments-opened=\"1\" data-image-meta=\"{&quot;aperture&quot;:&quot;0&quot;,&quot;credit&quot;:&quot;Fotostudio Light-Style\\rAndi Moel&quot;,&quot;camera&quot;:&quot;&quot;,&quot;caption&quot;:&quot;&quot;,&quot;created_timestamp&quot;:&quot;0&quot;,&quot;copyright&quot;:&quot;www.light-style.eu&quot;,&quot;focal_length&quot;:&quot;0&quot;,&quot;iso&quot;:&quot;0&quot;,&quot;shutter_speed&quot;:&quot;0&quot;,&quot;title&quot;:&quot;&quot;,&quot;orientation&quot;:&quot;0&quot;}\" data-image-title=\"Elbsandsteingebirge-62-1\" data-image-description=\"\" data-image-caption=\"\" data-large-file=\"https:\/\/i0.wp.com\/www.light-style.eu\/Blog\/wp-content\/uploads\/2021\/10\/Elbsandsteingebirge-62-1.jpg?fit=1170%2C780&amp;ssl=1\" data-attachment-id=\"6158\" data-permalink=\"https:\/\/www.light-style.eu\/Blog\/so-schoen-ist-deutschland\/elbsandsteingebirge-62-1\/#main\" data-orig-file=\"https:\/\/i0.wp.com\/www.light-style.eu\/Blog\/wp-content\/uploads\/2021\/10\/Elbsandsteingebirge-62-1.jpg?fit=1200%2C800&amp;ssl=1\" data-orig-size=\"1200,800\" data-comments-opened=\"1\" data-image-meta=\"{&quot;aperture&quot;:&quot;0&quot;,&quot;credit&quot;:&quot;Fotostudio Light-Style\\rAndi Moel&quot;,&quot;camera&quot;:&quot;&quot;,&quot;caption&quot;:&quot;&quot;,&quot;created_timestamp&quot;:&quot;0&quot;,&quot;copyright&quot;:&quot;www.light-style.eu&quot;,&quot;focal_length&quot;:&quot;0&quot;,&quot;iso&quot;:&quot;0&quot;,&quot;shutter_speed&quot;:&quot;0&quot;,&quot;title&quot;:&quot;&quot;,&quot;orientation&quot;:&quot;0&quot;}\" data-image-title=\"Elbsandsteingebirge-62-1\" data-image-description=\"\" data-image-caption=\"\" data-large-file=\"https:\/\/i0.wp.com\/www.light-style.eu\/Blog\/wp-content\/uploads\/2021\/10\/Elbsandsteingebirge-62-1.jpg?fit=1170%2C780&amp;ssl=1\" role=\"button\" tabindex=\"0\" aria-label=\"Bild\u00a05 von 43 im Vollbildmodus \u00f6ffnen\"srcset=\"https:\/\/i1.wp.com\/www.light-style.eu\/Blog\/wp-content\/uploads\/2021\/10\/Elbsandsteingebirge-62-1.jpg?strip=info&#038;w=600&#038;ssl=1 600w,https:\/\/i1.wp.com\/www.light-style.eu\/Blog\/wp-content\/uploads\/2021\/10\/Elbsandsteingebirge-62-1.jpg?strip=info&#038;w=900&#038;ssl=1 900w,https:\/\/i1.wp.com\/www.light-style.eu\/Blog\/wp-content\/uploads\/2021\/10\/Elbsandsteingebirge-62-1.jpg?strip=info&#038;w=1200&#038;ssl=1 1200w\" alt=\"\" data-height=\"800\" data-id=\"6158\" data-link=\"https:\/\/www.light-style.eu\/Blog\/?attachment_id=6158\" data-url=\"https:\/\/www.light-style.eu\/Blog\/wp-content\/uploads\/2021\/10\/Elbsandsteingebirge-62-1.jpg\" data-width=\"1200\" src=\"https:\/\/i1.wp.com\/www.light-style.eu\/Blog\/wp-content\/uploads\/2021\/10\/Elbsandsteingebirge-62-1.jpg?ssl=1\" data-amp-layout=\"responsive\"\/><\/figure><\/div><div class=\"tiled-gallery__col\" style=\"flex-basis:47.24768%\"><figure class=\"tiled-gallery__item\"><img decoding=\"async\" data-attachment-id=\"6159\" data-permalink=\"https:\/\/www.light-style.eu\/Blog\/so-schoen-ist-deutschland\/elbsandsteingebirge-90-1\/#main\" data-orig-file=\"https:\/\/i0.wp.com\/www.light-style.eu\/Blog\/wp-content\/uploads\/2021\/10\/Elbsandsteingebirge-90-1.jpg?fit=800%2C1200&amp;ssl=1\" data-orig-size=\"800,1200\" data-comments-opened=\"1\" data-image-meta=\"{&quot;aperture&quot;:&quot;0&quot;,&quot;credit&quot;:&quot;Fotostudio Light-Style\\rAndi Moel&quot;,&quot;camera&quot;:&quot;&quot;,&quot;caption&quot;:&quot;&quot;,&quot;created_timestamp&quot;:&quot;0&quot;,&quot;copyright&quot;:&quot;www.light-style.eu&quot;,&quot;focal_length&quot;:&quot;0&quot;,&quot;iso&quot;:&quot;0&quot;,&quot;shutter_speed&quot;:&quot;0&quot;,&quot;title&quot;:&quot;&quot;,&quot;orientation&quot;:&quot;0&quot;}\" data-image-title=\"Elbsandsteingebirge-90-1\" data-image-description=\"\" data-image-caption=\"\" data-large-file=\"https:\/\/i0.wp.com\/www.light-style.eu\/Blog\/wp-content\/uploads\/2021\/10\/Elbsandsteingebirge-90-1.jpg?fit=800%2C1200&amp;ssl=1\" data-attachment-id=\"6159\" data-permalink=\"https:\/\/www.light-style.eu\/Blog\/so-schoen-ist-deutschland\/elbsandsteingebirge-90-1\/#main\" data-orig-file=\"https:\/\/i0.wp.com\/www.light-style.eu\/Blog\/wp-content\/uploads\/2021\/10\/Elbsandsteingebirge-90-1.jpg?fit=800%2C1200&amp;ssl=1\" data-orig-size=\"800,1200\" data-comments-opened=\"1\" data-image-meta=\"{&quot;aperture&quot;:&quot;0&quot;,&quot;credit&quot;:&quot;Fotostudio Light-Style\\rAndi Moel&quot;,&quot;camera&quot;:&quot;&quot;,&quot;caption&quot;:&quot;&quot;,&quot;created_timestamp&quot;:&quot;0&quot;,&quot;copyright&quot;:&quot;www.light-style.eu&quot;,&quot;focal_length&quot;:&quot;0&quot;,&quot;iso&quot;:&quot;0&quot;,&quot;shutter_speed&quot;:&quot;0&quot;,&quot;title&quot;:&quot;&quot;,&quot;orientation&quot;:&quot;0&quot;}\" data-image-title=\"Elbsandsteingebirge-90-1\" data-image-description=\"\" data-image-caption=\"\" data-large-file=\"https:\/\/i0.wp.com\/www.light-style.eu\/Blog\/wp-content\/uploads\/2021\/10\/Elbsandsteingebirge-90-1.jpg?fit=800%2C1200&amp;ssl=1\" role=\"button\" tabindex=\"0\" aria-label=\"Bild\u00a06 von 43 im Vollbildmodus \u00f6ffnen\"srcset=\"https:\/\/i1.wp.com\/www.light-style.eu\/Blog\/wp-content\/uploads\/2021\/10\/Elbsandsteingebirge-90-1.jpg?strip=info&#038;w=600&#038;ssl=1 600w,https:\/\/i1.wp.com\/www.light-style.eu\/Blog\/wp-content\/uploads\/2021\/10\/Elbsandsteingebirge-90-1.jpg?strip=info&#038;w=800&#038;ssl=1 800w\" alt=\"\" data-height=\"1200\" data-id=\"6159\" data-link=\"https:\/\/www.light-style.eu\/Blog\/?attachment_id=6159\" data-url=\"https:\/\/www.light-style.eu\/Blog\/wp-content\/uploads\/2021\/10\/Elbsandsteingebirge-90-1.jpg\" data-width=\"800\" src=\"https:\/\/i1.wp.com\/www.light-style.eu\/Blog\/wp-content\/uploads\/2021\/10\/Elbsandsteingebirge-90-1.jpg?ssl=1\" data-amp-layout=\"responsive\"\/><\/figure><\/div><\/div><div class=\"tiled-gallery__row\"><div class=\"tiled-gallery__col\" style=\"flex-basis:69.18045%\"><figure class=\"tiled-gallery__item\"><img decoding=\"async\" data-attachment-id=\"6160\" data-permalink=\"https:\/\/www.light-style.eu\/Blog\/so-schoen-ist-deutschland\/elbsandsteingebirge-418-1\/#main\" data-orig-file=\"https:\/\/i0.wp.com\/www.light-style.eu\/Blog\/wp-content\/uploads\/2021\/10\/Elbsandsteingebirge-418-1.jpg?fit=1200%2C800&amp;ssl=1\" data-orig-size=\"1200,800\" data-comments-opened=\"1\" data-image-meta=\"{&quot;aperture&quot;:&quot;0&quot;,&quot;credit&quot;:&quot;Fotostudio Light-Style\\rAndi Moel&quot;,&quot;camera&quot;:&quot;&quot;,&quot;caption&quot;:&quot;&quot;,&quot;created_timestamp&quot;:&quot;0&quot;,&quot;copyright&quot;:&quot;www.light-style.eu&quot;,&quot;focal_length&quot;:&quot;0&quot;,&quot;iso&quot;:&quot;0&quot;,&quot;shutter_speed&quot;:&quot;0&quot;,&quot;title&quot;:&quot;&quot;,&quot;orientation&quot;:&quot;0&quot;}\" data-image-title=\"Elbsandsteingebirge-418-1\" data-image-description=\"\" data-image-caption=\"\" data-large-file=\"https:\/\/i0.wp.com\/www.light-style.eu\/Blog\/wp-content\/uploads\/2021\/10\/Elbsandsteingebirge-418-1.jpg?fit=1170%2C780&amp;ssl=1\" data-attachment-id=\"6160\" data-permalink=\"https:\/\/www.light-style.eu\/Blog\/so-schoen-ist-deutschland\/elbsandsteingebirge-418-1\/#main\" data-orig-file=\"https:\/\/i0.wp.com\/www.light-style.eu\/Blog\/wp-content\/uploads\/2021\/10\/Elbsandsteingebirge-418-1.jpg?fit=1200%2C800&amp;ssl=1\" data-orig-size=\"1200,800\" data-comments-opened=\"1\" data-image-meta=\"{&quot;aperture&quot;:&quot;0&quot;,&quot;credit&quot;:&quot;Fotostudio Light-Style\\rAndi Moel&quot;,&quot;camera&quot;:&quot;&quot;,&quot;caption&quot;:&quot;&quot;,&quot;created_timestamp&quot;:&quot;0&quot;,&quot;copyright&quot;:&quot;www.light-style.eu&quot;,&quot;focal_length&quot;:&quot;0&quot;,&quot;iso&quot;:&quot;0&quot;,&quot;shutter_speed&quot;:&quot;0&quot;,&quot;title&quot;:&quot;&quot;,&quot;orientation&quot;:&quot;0&quot;}\" data-image-title=\"Elbsandsteingebirge-418-1\" data-image-description=\"\" data-image-caption=\"\" data-large-file=\"https:\/\/i0.wp.com\/www.light-style.eu\/Blog\/wp-content\/uploads\/2021\/10\/Elbsandsteingebirge-418-1.jpg?fit=1170%2C780&amp;ssl=1\" role=\"button\" tabindex=\"0\" aria-label=\"Bild\u00a07 von 43 im Vollbildmodus \u00f6ffnen\"srcset=\"https:\/\/i1.wp.com\/www.light-style.eu\/Blog\/wp-content\/uploads\/2021\/10\/Elbsandsteingebirge-418-1.jpg?strip=info&#038;w=600&#038;ssl=1 600w,https:\/\/i1.wp.com\/www.light-style.eu\/Blog\/wp-content\/uploads\/2021\/10\/Elbsandsteingebirge-418-1.jpg?strip=info&#038;w=900&#038;ssl=1 900w,https:\/\/i1.wp.com\/www.light-style.eu\/Blog\/wp-content\/uploads\/2021\/10\/Elbsandsteingebirge-418-1.jpg?strip=info&#038;w=1200&#038;ssl=1 1200w\" alt=\"\" data-height=\"800\" data-id=\"6160\" data-link=\"https:\/\/www.light-style.eu\/Blog\/?attachment_id=6160\" data-url=\"https:\/\/www.light-style.eu\/Blog\/wp-content\/uploads\/2021\/10\/Elbsandsteingebirge-418-1.jpg\" data-width=\"1200\" src=\"https:\/\/i1.wp.com\/www.light-style.eu\/Blog\/wp-content\/uploads\/2021\/10\/Elbsandsteingebirge-418-1.jpg?ssl=1\" data-amp-layout=\"responsive\"\/><\/figure><\/div><div class=\"tiled-gallery__col\" style=\"flex-basis:30.81955%\"><figure class=\"tiled-gallery__item\"><img decoding=\"async\" data-attachment-id=\"6161\" data-permalink=\"https:\/\/www.light-style.eu\/Blog\/so-schoen-ist-deutschland\/elbsandsteingebirge-424-1\/#main\" data-orig-file=\"https:\/\/i0.wp.com\/www.light-style.eu\/Blog\/wp-content\/uploads\/2021\/10\/Elbsandsteingebirge-424-1.jpg?fit=800%2C1200&amp;ssl=1\" data-orig-size=\"800,1200\" data-comments-opened=\"1\" data-image-meta=\"{&quot;aperture&quot;:&quot;0&quot;,&quot;credit&quot;:&quot;Fotostudio Light-Style\\rAndi Moel&quot;,&quot;camera&quot;:&quot;&quot;,&quot;caption&quot;:&quot;&quot;,&quot;created_timestamp&quot;:&quot;0&quot;,&quot;copyright&quot;:&quot;www.light-style.eu&quot;,&quot;focal_length&quot;:&quot;0&quot;,&quot;iso&quot;:&quot;0&quot;,&quot;shutter_speed&quot;:&quot;0&quot;,&quot;title&quot;:&quot;&quot;,&quot;orientation&quot;:&quot;0&quot;}\" data-image-title=\"Elbsandsteingebirge-424-1\" data-image-description=\"\" data-image-caption=\"\" data-large-file=\"https:\/\/i0.wp.com\/www.light-style.eu\/Blog\/wp-content\/uploads\/2021\/10\/Elbsandsteingebirge-424-1.jpg?fit=800%2C1200&amp;ssl=1\" data-attachment-id=\"6161\" data-permalink=\"https:\/\/www.light-style.eu\/Blog\/so-schoen-ist-deutschland\/elbsandsteingebirge-424-1\/#main\" data-orig-file=\"https:\/\/i0.wp.com\/www.light-style.eu\/Blog\/wp-content\/uploads\/2021\/10\/Elbsandsteingebirge-424-1.jpg?fit=800%2C1200&amp;ssl=1\" data-orig-size=\"800,1200\" data-comments-opened=\"1\" data-image-meta=\"{&quot;aperture&quot;:&quot;0&quot;,&quot;credit&quot;:&quot;Fotostudio Light-Style\\rAndi Moel&quot;,&quot;camera&quot;:&quot;&quot;,&quot;caption&quot;:&quot;&quot;,&quot;created_timestamp&quot;:&quot;0&quot;,&quot;copyright&quot;:&quot;www.light-style.eu&quot;,&quot;focal_length&quot;:&quot;0&quot;,&quot;iso&quot;:&quot;0&quot;,&quot;shutter_speed&quot;:&quot;0&quot;,&quot;title&quot;:&quot;&quot;,&quot;orientation&quot;:&quot;0&quot;}\" data-image-title=\"Elbsandsteingebirge-424-1\" data-image-description=\"\" data-image-caption=\"\" data-large-file=\"https:\/\/i0.wp.com\/www.light-style.eu\/Blog\/wp-content\/uploads\/2021\/10\/Elbsandsteingebirge-424-1.jpg?fit=800%2C1200&amp;ssl=1\" role=\"button\" tabindex=\"0\" aria-label=\"Bild\u00a08 von 43 im Vollbildmodus \u00f6ffnen\"srcset=\"https:\/\/i0.wp.com\/www.light-style.eu\/Blog\/wp-content\/uploads\/2021\/10\/Elbsandsteingebirge-424-1.jpg?strip=info&#038;w=600&#038;ssl=1 600w,https:\/\/i0.wp.com\/www.light-style.eu\/Blog\/wp-content\/uploads\/2021\/10\/Elbsandsteingebirge-424-1.jpg?strip=info&#038;w=800&#038;ssl=1 800w\" alt=\"\" data-height=\"1200\" data-id=\"6161\" data-link=\"https:\/\/www.light-style.eu\/Blog\/?attachment_id=6161\" data-url=\"https:\/\/www.light-style.eu\/Blog\/wp-content\/uploads\/2021\/10\/Elbsandsteingebirge-424-1.jpg\" data-width=\"800\" src=\"https:\/\/i0.wp.com\/www.light-style.eu\/Blog\/wp-content\/uploads\/2021\/10\/Elbsandsteingebirge-424-1.jpg?ssl=1\" data-amp-layout=\"responsive\"\/><\/figure><\/div><\/div><div class=\"tiled-gallery__row\"><div class=\"tiled-gallery__col\" style=\"flex-basis:50.00000%\"><figure class=\"tiled-gallery__item\"><img decoding=\"async\" data-attachment-id=\"6162\" data-permalink=\"https:\/\/www.light-style.eu\/Blog\/so-schoen-ist-deutschland\/elbsandsteingebirge-430-1\/#main\" data-orig-file=\"https:\/\/i0.wp.com\/www.light-style.eu\/Blog\/wp-content\/uploads\/2021\/10\/Elbsandsteingebirge-430-1.jpg?fit=1200%2C800&amp;ssl=1\" data-orig-size=\"1200,800\" data-comments-opened=\"1\" data-image-meta=\"{&quot;aperture&quot;:&quot;0&quot;,&quot;credit&quot;:&quot;Fotostudio Light-Style\\rAndi Moel&quot;,&quot;camera&quot;:&quot;&quot;,&quot;caption&quot;:&quot;&quot;,&quot;created_timestamp&quot;:&quot;0&quot;,&quot;copyright&quot;:&quot;www.light-style.eu&quot;,&quot;focal_length&quot;:&quot;0&quot;,&quot;iso&quot;:&quot;0&quot;,&quot;shutter_speed&quot;:&quot;0&quot;,&quot;title&quot;:&quot;&quot;,&quot;orientation&quot;:&quot;0&quot;}\" data-image-title=\"Elbsandsteingebirge-430-1\" data-image-description=\"\" data-image-caption=\"\" data-large-file=\"https:\/\/i0.wp.com\/www.light-style.eu\/Blog\/wp-content\/uploads\/2021\/10\/Elbsandsteingebirge-430-1.jpg?fit=1170%2C780&amp;ssl=1\" data-attachment-id=\"6162\" data-permalink=\"https:\/\/www.light-style.eu\/Blog\/so-schoen-ist-deutschland\/elbsandsteingebirge-430-1\/#main\" data-orig-file=\"https:\/\/i0.wp.com\/www.light-style.eu\/Blog\/wp-content\/uploads\/2021\/10\/Elbsandsteingebirge-430-1.jpg?fit=1200%2C800&amp;ssl=1\" data-orig-size=\"1200,800\" data-comments-opened=\"1\" data-image-meta=\"{&quot;aperture&quot;:&quot;0&quot;,&quot;credit&quot;:&quot;Fotostudio Light-Style\\rAndi Moel&quot;,&quot;camera&quot;:&quot;&quot;,&quot;caption&quot;:&quot;&quot;,&quot;created_timestamp&quot;:&quot;0&quot;,&quot;copyright&quot;:&quot;www.light-style.eu&quot;,&quot;focal_length&quot;:&quot;0&quot;,&quot;iso&quot;:&quot;0&quot;,&quot;shutter_speed&quot;:&quot;0&quot;,&quot;title&quot;:&quot;&quot;,&quot;orientation&quot;:&quot;0&quot;}\" data-image-title=\"Elbsandsteingebirge-430-1\" data-image-description=\"\" data-image-caption=\"\" data-large-file=\"https:\/\/i0.wp.com\/www.light-style.eu\/Blog\/wp-content\/uploads\/2021\/10\/Elbsandsteingebirge-430-1.jpg?fit=1170%2C780&amp;ssl=1\" role=\"button\" tabindex=\"0\" aria-label=\"Bild\u00a09 von 43 im Vollbildmodus \u00f6ffnen\"srcset=\"https:\/\/i2.wp.com\/www.light-style.eu\/Blog\/wp-content\/uploads\/2021\/10\/Elbsandsteingebirge-430-1.jpg?strip=info&#038;w=600&#038;ssl=1 600w,https:\/\/i2.wp.com\/www.light-style.eu\/Blog\/wp-content\/uploads\/2021\/10\/Elbsandsteingebirge-430-1.jpg?strip=info&#038;w=900&#038;ssl=1 900w,https:\/\/i2.wp.com\/www.light-style.eu\/Blog\/wp-content\/uploads\/2021\/10\/Elbsandsteingebirge-430-1.jpg?strip=info&#038;w=1200&#038;ssl=1 1200w\" alt=\"\" data-height=\"800\" data-id=\"6162\" data-link=\"https:\/\/www.light-style.eu\/Blog\/?attachment_id=6162\" data-url=\"https:\/\/www.light-style.eu\/Blog\/wp-content\/uploads\/2021\/10\/Elbsandsteingebirge-430-1.jpg\" data-width=\"1200\" src=\"https:\/\/i2.wp.com\/www.light-style.eu\/Blog\/wp-content\/uploads\/2021\/10\/Elbsandsteingebirge-430-1.jpg?ssl=1\" data-amp-layout=\"responsive\"\/><\/figure><\/div><div class=\"tiled-gallery__col\" style=\"flex-basis:50.00000%\"><figure class=\"tiled-gallery__item\"><img decoding=\"async\" data-attachment-id=\"6163\" data-permalink=\"https:\/\/www.light-style.eu\/Blog\/so-schoen-ist-deutschland\/elbsandsteingebirge-445-1\/#main\" data-orig-file=\"https:\/\/i0.wp.com\/www.light-style.eu\/Blog\/wp-content\/uploads\/2021\/10\/Elbsandsteingebirge-445-1.jpg?fit=1200%2C800&amp;ssl=1\" data-orig-size=\"1200,800\" data-comments-opened=\"1\" data-image-meta=\"{&quot;aperture&quot;:&quot;0&quot;,&quot;credit&quot;:&quot;Fotostudio Light-Style\\rAndi Moel&quot;,&quot;camera&quot;:&quot;&quot;,&quot;caption&quot;:&quot;&quot;,&quot;created_timestamp&quot;:&quot;0&quot;,&quot;copyright&quot;:&quot;www.light-style.eu&quot;,&quot;focal_length&quot;:&quot;0&quot;,&quot;iso&quot;:&quot;0&quot;,&quot;shutter_speed&quot;:&quot;0&quot;,&quot;title&quot;:&quot;&quot;,&quot;orientation&quot;:&quot;0&quot;}\" data-image-title=\"Elbsandsteingebirge-445-1\" data-image-description=\"\" data-image-caption=\"\" data-large-file=\"https:\/\/i0.wp.com\/www.light-style.eu\/Blog\/wp-content\/uploads\/2021\/10\/Elbsandsteingebirge-445-1.jpg?fit=1170%2C780&amp;ssl=1\" data-attachment-id=\"6163\" data-permalink=\"https:\/\/www.light-style.eu\/Blog\/so-schoen-ist-deutschland\/elbsandsteingebirge-445-1\/#main\" data-orig-file=\"https:\/\/i0.wp.com\/www.light-style.eu\/Blog\/wp-content\/uploads\/2021\/10\/Elbsandsteingebirge-445-1.jpg?fit=1200%2C800&amp;ssl=1\" data-orig-size=\"1200,800\" data-comments-opened=\"1\" data-image-meta=\"{&quot;aperture&quot;:&quot;0&quot;,&quot;credit&quot;:&quot;Fotostudio Light-Style\\rAndi Moel&quot;,&quot;camera&quot;:&quot;&quot;,&quot;caption&quot;:&quot;&quot;,&quot;created_timestamp&quot;:&quot;0&quot;,&quot;copyright&quot;:&quot;www.light-style.eu&quot;,&quot;focal_length&quot;:&quot;0&quot;,&quot;iso&quot;:&quot;0&quot;,&quot;shutter_speed&quot;:&quot;0&quot;,&quot;title&quot;:&quot;&quot;,&quot;orientation&quot;:&quot;0&quot;}\" data-image-title=\"Elbsandsteingebirge-445-1\" data-image-description=\"\" data-image-caption=\"\" data-large-file=\"https:\/\/i0.wp.com\/www.light-style.eu\/Blog\/wp-content\/uploads\/2021\/10\/Elbsandsteingebirge-445-1.jpg?fit=1170%2C780&amp;ssl=1\" role=\"button\" tabindex=\"0\" aria-label=\"Bild\u00a010 von 43 im Vollbildmodus \u00f6ffnen\"srcset=\"https:\/\/i0.wp.com\/www.light-style.eu\/Blog\/wp-content\/uploads\/2021\/10\/Elbsandsteingebirge-445-1.jpg?strip=info&#038;w=600&#038;ssl=1 600w,https:\/\/i0.wp.com\/www.light-style.eu\/Blog\/wp-content\/uploads\/2021\/10\/Elbsandsteingebirge-445-1.jpg?strip=info&#038;w=900&#038;ssl=1 900w,https:\/\/i0.wp.com\/www.light-style.eu\/Blog\/wp-content\/uploads\/2021\/10\/Elbsandsteingebirge-445-1.jpg?strip=info&#038;w=1200&#038;ssl=1 1200w\" alt=\"\" data-height=\"800\" data-id=\"6163\" data-link=\"https:\/\/www.light-style.eu\/Blog\/?attachment_id=6163\" data-url=\"https:\/\/www.light-style.eu\/Blog\/wp-content\/uploads\/2021\/10\/Elbsandsteingebirge-445-1.jpg\" data-width=\"1200\" src=\"https:\/\/i0.wp.com\/www.light-style.eu\/Blog\/wp-content\/uploads\/2021\/10\/Elbsandsteingebirge-445-1.jpg?ssl=1\" data-amp-layout=\"responsive\"\/><\/figure><\/div><\/div><div class=\"tiled-gallery__row\"><div class=\"tiled-gallery__col\" style=\"flex-basis:33.33333%\"><figure class=\"tiled-gallery__item\"><img decoding=\"async\" data-attachment-id=\"6164\" data-permalink=\"https:\/\/www.light-style.eu\/Blog\/so-schoen-ist-deutschland\/elbsandsteingebirge-456-1\/#main\" data-orig-file=\"https:\/\/i0.wp.com\/www.light-style.eu\/Blog\/wp-content\/uploads\/2021\/10\/Elbsandsteingebirge-456-1.jpg?fit=800%2C1200&amp;ssl=1\" data-orig-size=\"800,1200\" data-comments-opened=\"1\" data-image-meta=\"{&quot;aperture&quot;:&quot;0&quot;,&quot;credit&quot;:&quot;Fotostudio Light-Style\\rAndi Moel&quot;,&quot;camera&quot;:&quot;&quot;,&quot;caption&quot;:&quot;&quot;,&quot;created_timestamp&quot;:&quot;0&quot;,&quot;copyright&quot;:&quot;www.light-style.eu&quot;,&quot;focal_length&quot;:&quot;0&quot;,&quot;iso&quot;:&quot;0&quot;,&quot;shutter_speed&quot;:&quot;0&quot;,&quot;title&quot;:&quot;&quot;,&quot;orientation&quot;:&quot;0&quot;}\" data-image-title=\"Elbsandsteingebirge-456-1\" data-image-description=\"\" data-image-caption=\"\" data-large-file=\"https:\/\/i0.wp.com\/www.light-style.eu\/Blog\/wp-content\/uploads\/2021\/10\/Elbsandsteingebirge-456-1.jpg?fit=800%2C1200&amp;ssl=1\" data-attachment-id=\"6164\" data-permalink=\"https:\/\/www.light-style.eu\/Blog\/so-schoen-ist-deutschland\/elbsandsteingebirge-456-1\/#main\" data-orig-file=\"https:\/\/i0.wp.com\/www.light-style.eu\/Blog\/wp-content\/uploads\/2021\/10\/Elbsandsteingebirge-456-1.jpg?fit=800%2C1200&amp;ssl=1\" data-orig-size=\"800,1200\" data-comments-opened=\"1\" data-image-meta=\"{&quot;aperture&quot;:&quot;0&quot;,&quot;credit&quot;:&quot;Fotostudio Light-Style\\rAndi Moel&quot;,&quot;camera&quot;:&quot;&quot;,&quot;caption&quot;:&quot;&quot;,&quot;created_timestamp&quot;:&quot;0&quot;,&quot;copyright&quot;:&quot;www.light-style.eu&quot;,&quot;focal_length&quot;:&quot;0&quot;,&quot;iso&quot;:&quot;0&quot;,&quot;shutter_speed&quot;:&quot;0&quot;,&quot;title&quot;:&quot;&quot;,&quot;orientation&quot;:&quot;0&quot;}\" data-image-title=\"Elbsandsteingebirge-456-1\" data-image-description=\"\" data-image-caption=\"\" data-large-file=\"https:\/\/i0.wp.com\/www.light-style.eu\/Blog\/wp-content\/uploads\/2021\/10\/Elbsandsteingebirge-456-1.jpg?fit=800%2C1200&amp;ssl=1\" role=\"button\" tabindex=\"0\" aria-label=\"Bild\u00a011 von 43 im Vollbildmodus \u00f6ffnen\"srcset=\"https:\/\/i1.wp.com\/www.light-style.eu\/Blog\/wp-content\/uploads\/2021\/10\/Elbsandsteingebirge-456-1.jpg?strip=info&#038;w=600&#038;ssl=1 600w,https:\/\/i1.wp.com\/www.light-style.eu\/Blog\/wp-content\/uploads\/2021\/10\/Elbsandsteingebirge-456-1.jpg?strip=info&#038;w=800&#038;ssl=1 800w\" alt=\"\" data-height=\"1200\" data-id=\"6164\" data-link=\"https:\/\/www.light-style.eu\/Blog\/?attachment_id=6164\" data-url=\"https:\/\/www.light-style.eu\/Blog\/wp-content\/uploads\/2021\/10\/Elbsandsteingebirge-456-1.jpg\" data-width=\"800\" src=\"https:\/\/i1.wp.com\/www.light-style.eu\/Blog\/wp-content\/uploads\/2021\/10\/Elbsandsteingebirge-456-1.jpg?ssl=1\" data-amp-layout=\"responsive\"\/><\/figure><\/div><div class=\"tiled-gallery__col\" style=\"flex-basis:33.33333%\"><figure class=\"tiled-gallery__item\"><img decoding=\"async\" data-attachment-id=\"6165\" data-permalink=\"https:\/\/www.light-style.eu\/Blog\/so-schoen-ist-deutschland\/elbsandsteingebirge-462-1\/#main\" data-orig-file=\"https:\/\/i0.wp.com\/www.light-style.eu\/Blog\/wp-content\/uploads\/2021\/10\/Elbsandsteingebirge-462-1.jpg?fit=800%2C1200&amp;ssl=1\" data-orig-size=\"800,1200\" data-comments-opened=\"1\" data-image-meta=\"{&quot;aperture&quot;:&quot;0&quot;,&quot;credit&quot;:&quot;Fotostudio Light-Style\\rAndi Moel&quot;,&quot;camera&quot;:&quot;&quot;,&quot;caption&quot;:&quot;&quot;,&quot;created_timestamp&quot;:&quot;0&quot;,&quot;copyright&quot;:&quot;www.light-style.eu&quot;,&quot;focal_length&quot;:&quot;0&quot;,&quot;iso&quot;:&quot;0&quot;,&quot;shutter_speed&quot;:&quot;0&quot;,&quot;title&quot;:&quot;&quot;,&quot;orientation&quot;:&quot;0&quot;}\" data-image-title=\"Elbsandsteingebirge-462-1\" data-image-description=\"\" data-image-caption=\"\" data-large-file=\"https:\/\/i0.wp.com\/www.light-style.eu\/Blog\/wp-content\/uploads\/2021\/10\/Elbsandsteingebirge-462-1.jpg?fit=800%2C1200&amp;ssl=1\" data-attachment-id=\"6165\" data-permalink=\"https:\/\/www.light-style.eu\/Blog\/so-schoen-ist-deutschland\/elbsandsteingebirge-462-1\/#main\" data-orig-file=\"https:\/\/i0.wp.com\/www.light-style.eu\/Blog\/wp-content\/uploads\/2021\/10\/Elbsandsteingebirge-462-1.jpg?fit=800%2C1200&amp;ssl=1\" data-orig-size=\"800,1200\" data-comments-opened=\"1\" data-image-meta=\"{&quot;aperture&quot;:&quot;0&quot;,&quot;credit&quot;:&quot;Fotostudio Light-Style\\rAndi Moel&quot;,&quot;camera&quot;:&quot;&quot;,&quot;caption&quot;:&quot;&quot;,&quot;created_timestamp&quot;:&quot;0&quot;,&quot;copyright&quot;:&quot;www.light-style.eu&quot;,&quot;focal_length&quot;:&quot;0&quot;,&quot;iso&quot;:&quot;0&quot;,&quot;shutter_speed&quot;:&quot;0&quot;,&quot;title&quot;:&quot;&quot;,&quot;orientation&quot;:&quot;0&quot;}\" data-image-title=\"Elbsandsteingebirge-462-1\" data-image-description=\"\" data-image-caption=\"\" data-large-file=\"https:\/\/i0.wp.com\/www.light-style.eu\/Blog\/wp-content\/uploads\/2021\/10\/Elbsandsteingebirge-462-1.jpg?fit=800%2C1200&amp;ssl=1\" role=\"button\" tabindex=\"0\" aria-label=\"Bild\u00a012 von 43 im Vollbildmodus \u00f6ffnen\"srcset=\"https:\/\/i2.wp.com\/www.light-style.eu\/Blog\/wp-content\/uploads\/2021\/10\/Elbsandsteingebirge-462-1.jpg?strip=info&#038;w=600&#038;ssl=1 600w,https:\/\/i2.wp.com\/www.light-style.eu\/Blog\/wp-content\/uploads\/2021\/10\/Elbsandsteingebirge-462-1.jpg?strip=info&#038;w=800&#038;ssl=1 800w\" alt=\"\" data-height=\"1200\" data-id=\"6165\" data-link=\"https:\/\/www.light-style.eu\/Blog\/?attachment_id=6165\" data-url=\"https:\/\/www.light-style.eu\/Blog\/wp-content\/uploads\/2021\/10\/Elbsandsteingebirge-462-1.jpg\" data-width=\"800\" src=\"https:\/\/i2.wp.com\/www.light-style.eu\/Blog\/wp-content\/uploads\/2021\/10\/Elbsandsteingebirge-462-1.jpg?ssl=1\" data-amp-layout=\"responsive\"\/><\/figure><\/div><div class=\"tiled-gallery__col\" style=\"flex-basis:33.33333%\"><figure class=\"tiled-gallery__item\"><img decoding=\"async\" data-attachment-id=\"6166\" data-permalink=\"https:\/\/www.light-style.eu\/Blog\/so-schoen-ist-deutschland\/elbsandsteingebirge-478-1\/#main\" data-orig-file=\"https:\/\/i0.wp.com\/www.light-style.eu\/Blog\/wp-content\/uploads\/2021\/10\/Elbsandsteingebirge-478-1.jpg?fit=800%2C1200&amp;ssl=1\" data-orig-size=\"800,1200\" data-comments-opened=\"1\" data-image-meta=\"{&quot;aperture&quot;:&quot;0&quot;,&quot;credit&quot;:&quot;Fotostudio Light-Style\\rAndi Moel&quot;,&quot;camera&quot;:&quot;&quot;,&quot;caption&quot;:&quot;&quot;,&quot;created_timestamp&quot;:&quot;0&quot;,&quot;copyright&quot;:&quot;www.light-style.eu&quot;,&quot;focal_length&quot;:&quot;0&quot;,&quot;iso&quot;:&quot;0&quot;,&quot;shutter_speed&quot;:&quot;0&quot;,&quot;title&quot;:&quot;&quot;,&quot;orientation&quot;:&quot;0&quot;}\" data-image-title=\"Elbsandsteingebirge-478-1\" data-image-description=\"\" data-image-caption=\"\" data-large-file=\"https:\/\/i0.wp.com\/www.light-style.eu\/Blog\/wp-content\/uploads\/2021\/10\/Elbsandsteingebirge-478-1.jpg?fit=800%2C1200&amp;ssl=1\" data-attachment-id=\"6166\" data-permalink=\"https:\/\/www.light-style.eu\/Blog\/so-schoen-ist-deutschland\/elbsandsteingebirge-478-1\/#main\" data-orig-file=\"https:\/\/i0.wp.com\/www.light-style.eu\/Blog\/wp-content\/uploads\/2021\/10\/Elbsandsteingebirge-478-1.jpg?fit=800%2C1200&amp;ssl=1\" data-orig-size=\"800,1200\" data-comments-opened=\"1\" data-image-meta=\"{&quot;aperture&quot;:&quot;0&quot;,&quot;credit&quot;:&quot;Fotostudio Light-Style\\rAndi Moel&quot;,&quot;camera&quot;:&quot;&quot;,&quot;caption&quot;:&quot;&quot;,&quot;created_timestamp&quot;:&quot;0&quot;,&quot;copyright&quot;:&quot;www.light-style.eu&quot;,&quot;focal_length&quot;:&quot;0&quot;,&quot;iso&quot;:&quot;0&quot;,&quot;shutter_speed&quot;:&quot;0&quot;,&quot;title&quot;:&quot;&quot;,&quot;orientation&quot;:&quot;0&quot;}\" data-image-title=\"Elbsandsteingebirge-478-1\" data-image-description=\"\" data-image-caption=\"\" data-large-file=\"https:\/\/i0.wp.com\/www.light-style.eu\/Blog\/wp-content\/uploads\/2021\/10\/Elbsandsteingebirge-478-1.jpg?fit=800%2C1200&amp;ssl=1\" role=\"button\" tabindex=\"0\" aria-label=\"Bild\u00a013 von 43 im Vollbildmodus \u00f6ffnen\"srcset=\"https:\/\/i0.wp.com\/www.light-style.eu\/Blog\/wp-content\/uploads\/2021\/10\/Elbsandsteingebirge-478-1.jpg?strip=info&#038;w=600&#038;ssl=1 600w,https:\/\/i0.wp.com\/www.light-style.eu\/Blog\/wp-content\/uploads\/2021\/10\/Elbsandsteingebirge-478-1.jpg?strip=info&#038;w=800&#038;ssl=1 800w\" alt=\"\" data-height=\"1200\" data-id=\"6166\" data-link=\"https:\/\/www.light-style.eu\/Blog\/?attachment_id=6166\" data-url=\"https:\/\/www.light-style.eu\/Blog\/wp-content\/uploads\/2021\/10\/Elbsandsteingebirge-478-1.jpg\" data-width=\"800\" src=\"https:\/\/i0.wp.com\/www.light-style.eu\/Blog\/wp-content\/uploads\/2021\/10\/Elbsandsteingebirge-478-1.jpg?ssl=1\" data-amp-layout=\"responsive\"\/><\/figure><\/div><\/div><div class=\"tiled-gallery__row\"><div class=\"tiled-gallery__col\" style=\"flex-basis:66.78744%\"><figure class=\"tiled-gallery__item\"><img decoding=\"async\" data-attachment-id=\"6167\" data-permalink=\"https:\/\/www.light-style.eu\/Blog\/so-schoen-ist-deutschland\/elbsandsteingebirge-1801-1\/#main\" data-orig-file=\"https:\/\/i0.wp.com\/www.light-style.eu\/Blog\/wp-content\/uploads\/2021\/10\/Elbsandsteingebirge-1801-1.jpg?fit=1200%2C800&amp;ssl=1\" data-orig-size=\"1200,800\" data-comments-opened=\"1\" data-image-meta=\"{&quot;aperture&quot;:&quot;0&quot;,&quot;credit&quot;:&quot;Fotostudio Light-Style\\rAndi Moel&quot;,&quot;camera&quot;:&quot;&quot;,&quot;caption&quot;:&quot;&quot;,&quot;created_timestamp&quot;:&quot;0&quot;,&quot;copyright&quot;:&quot;www.light-style.eu&quot;,&quot;focal_length&quot;:&quot;0&quot;,&quot;iso&quot;:&quot;0&quot;,&quot;shutter_speed&quot;:&quot;0&quot;,&quot;title&quot;:&quot;&quot;,&quot;orientation&quot;:&quot;0&quot;}\" data-image-title=\"Elbsandsteingebirge-1801-1\" data-image-description=\"\" data-image-caption=\"\" data-large-file=\"https:\/\/i0.wp.com\/www.light-style.eu\/Blog\/wp-content\/uploads\/2021\/10\/Elbsandsteingebirge-1801-1.jpg?fit=1170%2C780&amp;ssl=1\" data-attachment-id=\"6167\" data-permalink=\"https:\/\/www.light-style.eu\/Blog\/so-schoen-ist-deutschland\/elbsandsteingebirge-1801-1\/#main\" data-orig-file=\"https:\/\/i0.wp.com\/www.light-style.eu\/Blog\/wp-content\/uploads\/2021\/10\/Elbsandsteingebirge-1801-1.jpg?fit=1200%2C800&amp;ssl=1\" data-orig-size=\"1200,800\" data-comments-opened=\"1\" data-image-meta=\"{&quot;aperture&quot;:&quot;0&quot;,&quot;credit&quot;:&quot;Fotostudio Light-Style\\rAndi Moel&quot;,&quot;camera&quot;:&quot;&quot;,&quot;caption&quot;:&quot;&quot;,&quot;created_timestamp&quot;:&quot;0&quot;,&quot;copyright&quot;:&quot;www.light-style.eu&quot;,&quot;focal_length&quot;:&quot;0&quot;,&quot;iso&quot;:&quot;0&quot;,&quot;shutter_speed&quot;:&quot;0&quot;,&quot;title&quot;:&quot;&quot;,&quot;orientation&quot;:&quot;0&quot;}\" data-image-title=\"Elbsandsteingebirge-1801-1\" data-image-description=\"\" data-image-caption=\"\" data-large-file=\"https:\/\/i0.wp.com\/www.light-style.eu\/Blog\/wp-content\/uploads\/2021\/10\/Elbsandsteingebirge-1801-1.jpg?fit=1170%2C780&amp;ssl=1\" role=\"button\" tabindex=\"0\" aria-label=\"Bild\u00a014 von 43 im Vollbildmodus \u00f6ffnen\"srcset=\"https:\/\/i0.wp.com\/www.light-style.eu\/Blog\/wp-content\/uploads\/2021\/10\/Elbsandsteingebirge-1801-1.jpg?strip=info&#038;w=600&#038;ssl=1 600w,https:\/\/i0.wp.com\/www.light-style.eu\/Blog\/wp-content\/uploads\/2021\/10\/Elbsandsteingebirge-1801-1.jpg?strip=info&#038;w=900&#038;ssl=1 900w,https:\/\/i0.wp.com\/www.light-style.eu\/Blog\/wp-content\/uploads\/2021\/10\/Elbsandsteingebirge-1801-1.jpg?strip=info&#038;w=1200&#038;ssl=1 1200w\" alt=\"\" data-height=\"800\" data-id=\"6167\" data-link=\"https:\/\/www.light-style.eu\/Blog\/?attachment_id=6167\" data-url=\"https:\/\/www.light-style.eu\/Blog\/wp-content\/uploads\/2021\/10\/Elbsandsteingebirge-1801-1.jpg\" data-width=\"1200\" src=\"https:\/\/i0.wp.com\/www.light-style.eu\/Blog\/wp-content\/uploads\/2021\/10\/Elbsandsteingebirge-1801-1.jpg?ssl=1\" data-amp-layout=\"responsive\"\/><\/figure><\/div><div class=\"tiled-gallery__col\" style=\"flex-basis:33.21256%\"><figure class=\"tiled-gallery__item\"><img decoding=\"async\" data-attachment-id=\"6168\" data-permalink=\"https:\/\/www.light-style.eu\/Blog\/so-schoen-ist-deutschland\/elbsandsteingebirge-1812-1\/#main\" data-orig-file=\"https:\/\/i0.wp.com\/www.light-style.eu\/Blog\/wp-content\/uploads\/2021\/10\/Elbsandsteingebirge-1812-1.jpg?fit=1200%2C800&amp;ssl=1\" data-orig-size=\"1200,800\" data-comments-opened=\"1\" data-image-meta=\"{&quot;aperture&quot;:&quot;0&quot;,&quot;credit&quot;:&quot;Fotostudio Light-Style\\rAndi Moel&quot;,&quot;camera&quot;:&quot;&quot;,&quot;caption&quot;:&quot;&quot;,&quot;created_timestamp&quot;:&quot;0&quot;,&quot;copyright&quot;:&quot;www.light-style.eu&quot;,&quot;focal_length&quot;:&quot;0&quot;,&quot;iso&quot;:&quot;0&quot;,&quot;shutter_speed&quot;:&quot;0&quot;,&quot;title&quot;:&quot;&quot;,&quot;orientation&quot;:&quot;0&quot;}\" data-image-title=\"Elbsandsteingebirge-1812-1\" data-image-description=\"\" data-image-caption=\"\" data-large-file=\"https:\/\/i0.wp.com\/www.light-style.eu\/Blog\/wp-content\/uploads\/2021\/10\/Elbsandsteingebirge-1812-1.jpg?fit=1170%2C780&amp;ssl=1\" data-attachment-id=\"6168\" data-permalink=\"https:\/\/www.light-style.eu\/Blog\/so-schoen-ist-deutschland\/elbsandsteingebirge-1812-1\/#main\" data-orig-file=\"https:\/\/i0.wp.com\/www.light-style.eu\/Blog\/wp-content\/uploads\/2021\/10\/Elbsandsteingebirge-1812-1.jpg?fit=1200%2C800&amp;ssl=1\" data-orig-size=\"1200,800\" data-comments-opened=\"1\" data-image-meta=\"{&quot;aperture&quot;:&quot;0&quot;,&quot;credit&quot;:&quot;Fotostudio Light-Style\\rAndi Moel&quot;,&quot;camera&quot;:&quot;&quot;,&quot;caption&quot;:&quot;&quot;,&quot;created_timestamp&quot;:&quot;0&quot;,&quot;copyright&quot;:&quot;www.light-style.eu&quot;,&quot;focal_length&quot;:&quot;0&quot;,&quot;iso&quot;:&quot;0&quot;,&quot;shutter_speed&quot;:&quot;0&quot;,&quot;title&quot;:&quot;&quot;,&quot;orientation&quot;:&quot;0&quot;}\" data-image-title=\"Elbsandsteingebirge-1812-1\" data-image-description=\"\" data-image-caption=\"\" data-large-file=\"https:\/\/i0.wp.com\/www.light-style.eu\/Blog\/wp-content\/uploads\/2021\/10\/Elbsandsteingebirge-1812-1.jpg?fit=1170%2C780&amp;ssl=1\" role=\"button\" tabindex=\"0\" aria-label=\"Bild\u00a015 von 43 im Vollbildmodus \u00f6ffnen\"srcset=\"https:\/\/i1.wp.com\/www.light-style.eu\/Blog\/wp-content\/uploads\/2021\/10\/Elbsandsteingebirge-1812-1.jpg?strip=info&#038;w=600&#038;ssl=1 600w,https:\/\/i1.wp.com\/www.light-style.eu\/Blog\/wp-content\/uploads\/2021\/10\/Elbsandsteingebirge-1812-1.jpg?strip=info&#038;w=900&#038;ssl=1 900w,https:\/\/i1.wp.com\/www.light-style.eu\/Blog\/wp-content\/uploads\/2021\/10\/Elbsandsteingebirge-1812-1.jpg?strip=info&#038;w=1200&#038;ssl=1 1200w\" alt=\"\" data-height=\"800\" data-id=\"6168\" data-link=\"https:\/\/www.light-style.eu\/Blog\/?attachment_id=6168\" data-url=\"https:\/\/www.light-style.eu\/Blog\/wp-content\/uploads\/2021\/10\/Elbsandsteingebirge-1812-1.jpg\" data-width=\"1200\" src=\"https:\/\/i1.wp.com\/www.light-style.eu\/Blog\/wp-content\/uploads\/2021\/10\/Elbsandsteingebirge-1812-1.jpg?ssl=1\" data-amp-layout=\"responsive\"\/><\/figure><figure class=\"tiled-gallery__item\"><img decoding=\"async\" data-attachment-id=\"6169\" data-permalink=\"https:\/\/www.light-style.eu\/Blog\/so-schoen-ist-deutschland\/elbsandsteingebirge-1832-1\/#main\" data-orig-file=\"https:\/\/i0.wp.com\/www.light-style.eu\/Blog\/wp-content\/uploads\/2021\/10\/Elbsandsteingebirge-1832-1.jpg?fit=1200%2C800&amp;ssl=1\" data-orig-size=\"1200,800\" data-comments-opened=\"1\" data-image-meta=\"{&quot;aperture&quot;:&quot;0&quot;,&quot;credit&quot;:&quot;Fotostudio Light-Style\\rAndi Moel&quot;,&quot;camera&quot;:&quot;&quot;,&quot;caption&quot;:&quot;&quot;,&quot;created_timestamp&quot;:&quot;0&quot;,&quot;copyright&quot;:&quot;www.light-style.eu&quot;,&quot;focal_length&quot;:&quot;0&quot;,&quot;iso&quot;:&quot;0&quot;,&quot;shutter_speed&quot;:&quot;0&quot;,&quot;title&quot;:&quot;&quot;,&quot;orientation&quot;:&quot;0&quot;}\" data-image-title=\"Elbsandsteingebirge-1832-1\" data-image-description=\"\" data-image-caption=\"\" data-large-file=\"https:\/\/i0.wp.com\/www.light-style.eu\/Blog\/wp-content\/uploads\/2021\/10\/Elbsandsteingebirge-1832-1.jpg?fit=1170%2C780&amp;ssl=1\" data-attachment-id=\"6169\" data-permalink=\"https:\/\/www.light-style.eu\/Blog\/so-schoen-ist-deutschland\/elbsandsteingebirge-1832-1\/#main\" data-orig-file=\"https:\/\/i0.wp.com\/www.light-style.eu\/Blog\/wp-content\/uploads\/2021\/10\/Elbsandsteingebirge-1832-1.jpg?fit=1200%2C800&amp;ssl=1\" data-orig-size=\"1200,800\" data-comments-opened=\"1\" data-image-meta=\"{&quot;aperture&quot;:&quot;0&quot;,&quot;credit&quot;:&quot;Fotostudio Light-Style\\rAndi Moel&quot;,&quot;camera&quot;:&quot;&quot;,&quot;caption&quot;:&quot;&quot;,&quot;created_timestamp&quot;:&quot;0&quot;,&quot;copyright&quot;:&quot;www.light-style.eu&quot;,&quot;focal_length&quot;:&quot;0&quot;,&quot;iso&quot;:&quot;0&quot;,&quot;shutter_speed&quot;:&quot;0&quot;,&quot;title&quot;:&quot;&quot;,&quot;orientation&quot;:&quot;0&quot;}\" data-image-title=\"Elbsandsteingebirge-1832-1\" data-image-description=\"\" data-image-caption=\"\" data-large-file=\"https:\/\/i0.wp.com\/www.light-style.eu\/Blog\/wp-content\/uploads\/2021\/10\/Elbsandsteingebirge-1832-1.jpg?fit=1170%2C780&amp;ssl=1\" role=\"button\" tabindex=\"0\" aria-label=\"Bild\u00a016 von 43 im Vollbildmodus \u00f6ffnen\"srcset=\"https:\/\/i1.wp.com\/www.light-style.eu\/Blog\/wp-content\/uploads\/2021\/10\/Elbsandsteingebirge-1832-1.jpg?strip=info&#038;w=600&#038;ssl=1 600w,https:\/\/i1.wp.com\/www.light-style.eu\/Blog\/wp-content\/uploads\/2021\/10\/Elbsandsteingebirge-1832-1.jpg?strip=info&#038;w=900&#038;ssl=1 900w,https:\/\/i1.wp.com\/www.light-style.eu\/Blog\/wp-content\/uploads\/2021\/10\/Elbsandsteingebirge-1832-1.jpg?strip=info&#038;w=1200&#038;ssl=1 1200w\" alt=\"\" data-height=\"800\" data-id=\"6169\" data-link=\"https:\/\/www.light-style.eu\/Blog\/?attachment_id=6169\" data-url=\"https:\/\/www.light-style.eu\/Blog\/wp-content\/uploads\/2021\/10\/Elbsandsteingebirge-1832-1.jpg\" data-width=\"1200\" src=\"https:\/\/i1.wp.com\/www.light-style.eu\/Blog\/wp-content\/uploads\/2021\/10\/Elbsandsteingebirge-1832-1.jpg?ssl=1\" data-amp-layout=\"responsive\"\/><\/figure><\/div><\/div><div class=\"tiled-gallery__row\"><div class=\"tiled-gallery__col\" style=\"flex-basis:69.18045%\"><figure class=\"tiled-gallery__item\"><img decoding=\"async\" data-attachment-id=\"6170\" data-permalink=\"https:\/\/www.light-style.eu\/Blog\/so-schoen-ist-deutschland\/elbsandsteingebirge-1842-1\/#main\" data-orig-file=\"https:\/\/i0.wp.com\/www.light-style.eu\/Blog\/wp-content\/uploads\/2021\/10\/Elbsandsteingebirge-1842-1.jpg?fit=1200%2C800&amp;ssl=1\" data-orig-size=\"1200,800\" data-comments-opened=\"1\" data-image-meta=\"{&quot;aperture&quot;:&quot;0&quot;,&quot;credit&quot;:&quot;Fotostudio Light-Style\\rAndi Moel&quot;,&quot;camera&quot;:&quot;&quot;,&quot;caption&quot;:&quot;&quot;,&quot;created_timestamp&quot;:&quot;0&quot;,&quot;copyright&quot;:&quot;www.light-style.eu&quot;,&quot;focal_length&quot;:&quot;0&quot;,&quot;iso&quot;:&quot;0&quot;,&quot;shutter_speed&quot;:&quot;0&quot;,&quot;title&quot;:&quot;&quot;,&quot;orientation&quot;:&quot;0&quot;}\" data-image-title=\"Elbsandsteingebirge-1842-1\" data-image-description=\"\" data-image-caption=\"\" data-large-file=\"https:\/\/i0.wp.com\/www.light-style.eu\/Blog\/wp-content\/uploads\/2021\/10\/Elbsandsteingebirge-1842-1.jpg?fit=1170%2C780&amp;ssl=1\" data-attachment-id=\"6170\" data-permalink=\"https:\/\/www.light-style.eu\/Blog\/so-schoen-ist-deutschland\/elbsandsteingebirge-1842-1\/#main\" data-orig-file=\"https:\/\/i0.wp.com\/www.light-style.eu\/Blog\/wp-content\/uploads\/2021\/10\/Elbsandsteingebirge-1842-1.jpg?fit=1200%2C800&amp;ssl=1\" data-orig-size=\"1200,800\" data-comments-opened=\"1\" data-image-meta=\"{&quot;aperture&quot;:&quot;0&quot;,&quot;credit&quot;:&quot;Fotostudio Light-Style\\rAndi Moel&quot;,&quot;camera&quot;:&quot;&quot;,&quot;caption&quot;:&quot;&quot;,&quot;created_timestamp&quot;:&quot;0&quot;,&quot;copyright&quot;:&quot;www.light-style.eu&quot;,&quot;focal_length&quot;:&quot;0&quot;,&quot;iso&quot;:&quot;0&quot;,&quot;shutter_speed&quot;:&quot;0&quot;,&quot;title&quot;:&quot;&quot;,&quot;orientation&quot;:&quot;0&quot;}\" data-image-title=\"Elbsandsteingebirge-1842-1\" data-image-description=\"\" data-image-caption=\"\" data-large-file=\"https:\/\/i0.wp.com\/www.light-style.eu\/Blog\/wp-content\/uploads\/2021\/10\/Elbsandsteingebirge-1842-1.jpg?fit=1170%2C780&amp;ssl=1\" role=\"button\" tabindex=\"0\" aria-label=\"Bild\u00a017 von 43 im Vollbildmodus \u00f6ffnen\"srcset=\"https:\/\/i2.wp.com\/www.light-style.eu\/Blog\/wp-content\/uploads\/2021\/10\/Elbsandsteingebirge-1842-1.jpg?strip=info&#038;w=600&#038;ssl=1 600w,https:\/\/i2.wp.com\/www.light-style.eu\/Blog\/wp-content\/uploads\/2021\/10\/Elbsandsteingebirge-1842-1.jpg?strip=info&#038;w=900&#038;ssl=1 900w,https:\/\/i2.wp.com\/www.light-style.eu\/Blog\/wp-content\/uploads\/2021\/10\/Elbsandsteingebirge-1842-1.jpg?strip=info&#038;w=1200&#038;ssl=1 1200w\" alt=\"\" data-height=\"800\" data-id=\"6170\" data-link=\"https:\/\/www.light-style.eu\/Blog\/?attachment_id=6170\" data-url=\"https:\/\/www.light-style.eu\/Blog\/wp-content\/uploads\/2021\/10\/Elbsandsteingebirge-1842-1.jpg\" data-width=\"1200\" src=\"https:\/\/i2.wp.com\/www.light-style.eu\/Blog\/wp-content\/uploads\/2021\/10\/Elbsandsteingebirge-1842-1.jpg?ssl=1\" data-amp-layout=\"responsive\"\/><\/figure><\/div><div class=\"tiled-gallery__col\" style=\"flex-basis:30.81955%\"><figure class=\"tiled-gallery__item\"><img decoding=\"async\" data-attachment-id=\"6171\" data-permalink=\"https:\/\/www.light-style.eu\/Blog\/so-schoen-ist-deutschland\/elbsandsteingebirge-1853-1\/#main\" data-orig-file=\"https:\/\/i0.wp.com\/www.light-style.eu\/Blog\/wp-content\/uploads\/2021\/10\/Elbsandsteingebirge-1853-1.jpg?fit=800%2C1200&amp;ssl=1\" data-orig-size=\"800,1200\" data-comments-opened=\"1\" data-image-meta=\"{&quot;aperture&quot;:&quot;0&quot;,&quot;credit&quot;:&quot;Fotostudio Light-Style\\rAndi Moel&quot;,&quot;camera&quot;:&quot;&quot;,&quot;caption&quot;:&quot;&quot;,&quot;created_timestamp&quot;:&quot;0&quot;,&quot;copyright&quot;:&quot;www.light-style.eu&quot;,&quot;focal_length&quot;:&quot;0&quot;,&quot;iso&quot;:&quot;0&quot;,&quot;shutter_speed&quot;:&quot;0&quot;,&quot;title&quot;:&quot;&quot;,&quot;orientation&quot;:&quot;0&quot;}\" data-image-title=\"Elbsandsteingebirge-1853-1\" data-image-description=\"\" data-image-caption=\"\" data-large-file=\"https:\/\/i0.wp.com\/www.light-style.eu\/Blog\/wp-content\/uploads\/2021\/10\/Elbsandsteingebirge-1853-1.jpg?fit=800%2C1200&amp;ssl=1\" data-attachment-id=\"6171\" data-permalink=\"https:\/\/www.light-style.eu\/Blog\/so-schoen-ist-deutschland\/elbsandsteingebirge-1853-1\/#main\" data-orig-file=\"https:\/\/i0.wp.com\/www.light-style.eu\/Blog\/wp-content\/uploads\/2021\/10\/Elbsandsteingebirge-1853-1.jpg?fit=800%2C1200&amp;ssl=1\" data-orig-size=\"800,1200\" data-comments-opened=\"1\" data-image-meta=\"{&quot;aperture&quot;:&quot;0&quot;,&quot;credit&quot;:&quot;Fotostudio Light-Style\\rAndi Moel&quot;,&quot;camera&quot;:&quot;&quot;,&quot;caption&quot;:&quot;&quot;,&quot;created_timestamp&quot;:&quot;0&quot;,&quot;copyright&quot;:&quot;www.light-style.eu&quot;,&quot;focal_length&quot;:&quot;0&quot;,&quot;iso&quot;:&quot;0&quot;,&quot;shutter_speed&quot;:&quot;0&quot;,&quot;title&quot;:&quot;&quot;,&quot;orientation&quot;:&quot;0&quot;}\" data-image-title=\"Elbsandsteingebirge-1853-1\" data-image-description=\"\" data-image-caption=\"\" data-large-file=\"https:\/\/i0.wp.com\/www.light-style.eu\/Blog\/wp-content\/uploads\/2021\/10\/Elbsandsteingebirge-1853-1.jpg?fit=800%2C1200&amp;ssl=1\" role=\"button\" tabindex=\"0\" aria-label=\"Bild\u00a018 von 43 im Vollbildmodus \u00f6ffnen\"srcset=\"https:\/\/i0.wp.com\/www.light-style.eu\/Blog\/wp-content\/uploads\/2021\/10\/Elbsandsteingebirge-1853-1.jpg?strip=info&#038;w=600&#038;ssl=1 600w,https:\/\/i0.wp.com\/www.light-style.eu\/Blog\/wp-content\/uploads\/2021\/10\/Elbsandsteingebirge-1853-1.jpg?strip=info&#038;w=800&#038;ssl=1 800w\" alt=\"\" data-height=\"1200\" data-id=\"6171\" data-link=\"https:\/\/www.light-style.eu\/Blog\/?attachment_id=6171\" data-url=\"https:\/\/www.light-style.eu\/Blog\/wp-content\/uploads\/2021\/10\/Elbsandsteingebirge-1853-1.jpg\" data-width=\"800\" src=\"https:\/\/i0.wp.com\/www.light-style.eu\/Blog\/wp-content\/uploads\/2021\/10\/Elbsandsteingebirge-1853-1.jpg?ssl=1\" data-amp-layout=\"responsive\"\/><\/figure><\/div><\/div><div class=\"tiled-gallery__row\"><div class=\"tiled-gallery__col\" style=\"flex-basis:57.36571%\"><figure class=\"tiled-gallery__item\"><img decoding=\"async\" data-attachment-id=\"6172\" data-permalink=\"https:\/\/www.light-style.eu\/Blog\/so-schoen-ist-deutschland\/elbsandsteingebirge-1891-1\/#main\" data-orig-file=\"https:\/\/i0.wp.com\/www.light-style.eu\/Blog\/wp-content\/uploads\/2021\/10\/Elbsandsteingebirge-1891-1.jpg?fit=800%2C1200&amp;ssl=1\" data-orig-size=\"800,1200\" data-comments-opened=\"1\" data-image-meta=\"{&quot;aperture&quot;:&quot;0&quot;,&quot;credit&quot;:&quot;Fotostudio Light-Style\\rAndi Moel&quot;,&quot;camera&quot;:&quot;&quot;,&quot;caption&quot;:&quot;&quot;,&quot;created_timestamp&quot;:&quot;0&quot;,&quot;copyright&quot;:&quot;www.light-style.eu&quot;,&quot;focal_length&quot;:&quot;0&quot;,&quot;iso&quot;:&quot;0&quot;,&quot;shutter_speed&quot;:&quot;0&quot;,&quot;title&quot;:&quot;&quot;,&quot;orientation&quot;:&quot;0&quot;}\" data-image-title=\"Elbsandsteingebirge-1891-1\" data-image-description=\"\" data-image-caption=\"\" data-large-file=\"https:\/\/i0.wp.com\/www.light-style.eu\/Blog\/wp-content\/uploads\/2021\/10\/Elbsandsteingebirge-1891-1.jpg?fit=800%2C1200&amp;ssl=1\" data-attachment-id=\"6172\" data-permalink=\"https:\/\/www.light-style.eu\/Blog\/so-schoen-ist-deutschland\/elbsandsteingebirge-1891-1\/#main\" data-orig-file=\"https:\/\/i0.wp.com\/www.light-style.eu\/Blog\/wp-content\/uploads\/2021\/10\/Elbsandsteingebirge-1891-1.jpg?fit=800%2C1200&amp;ssl=1\" data-orig-size=\"800,1200\" data-comments-opened=\"1\" data-image-meta=\"{&quot;aperture&quot;:&quot;0&quot;,&quot;credit&quot;:&quot;Fotostudio Light-Style\\rAndi Moel&quot;,&quot;camera&quot;:&quot;&quot;,&quot;caption&quot;:&quot;&quot;,&quot;created_timestamp&quot;:&quot;0&quot;,&quot;copyright&quot;:&quot;www.light-style.eu&quot;,&quot;focal_length&quot;:&quot;0&quot;,&quot;iso&quot;:&quot;0&quot;,&quot;shutter_speed&quot;:&quot;0&quot;,&quot;title&quot;:&quot;&quot;,&quot;orientation&quot;:&quot;0&quot;}\" data-image-title=\"Elbsandsteingebirge-1891-1\" data-image-description=\"\" data-image-caption=\"\" data-large-file=\"https:\/\/i0.wp.com\/www.light-style.eu\/Blog\/wp-content\/uploads\/2021\/10\/Elbsandsteingebirge-1891-1.jpg?fit=800%2C1200&amp;ssl=1\" role=\"button\" tabindex=\"0\" aria-label=\"Bild\u00a019 von 43 im Vollbildmodus \u00f6ffnen\"srcset=\"https:\/\/i1.wp.com\/www.light-style.eu\/Blog\/wp-content\/uploads\/2021\/10\/Elbsandsteingebirge-1891-1.jpg?strip=info&#038;w=600&#038;ssl=1 600w,https:\/\/i1.wp.com\/www.light-style.eu\/Blog\/wp-content\/uploads\/2021\/10\/Elbsandsteingebirge-1891-1.jpg?strip=info&#038;w=800&#038;ssl=1 800w\" alt=\"\" data-height=\"1200\" data-id=\"6172\" data-link=\"https:\/\/www.light-style.eu\/Blog\/?attachment_id=6172\" data-url=\"https:\/\/www.light-style.eu\/Blog\/wp-content\/uploads\/2021\/10\/Elbsandsteingebirge-1891-1.jpg\" data-width=\"800\" src=\"https:\/\/i1.wp.com\/www.light-style.eu\/Blog\/wp-content\/uploads\/2021\/10\/Elbsandsteingebirge-1891-1.jpg?ssl=1\" data-amp-layout=\"responsive\"\/><\/figure><\/div><div class=\"tiled-gallery__col\" style=\"flex-basis:42.63429%\"><figure class=\"tiled-gallery__item\"><img decoding=\"async\" data-attachment-id=\"6173\" data-permalink=\"https:\/\/www.light-style.eu\/Blog\/so-schoen-ist-deutschland\/elbsandsteingebirge-1901-1\/#main\" data-orig-file=\"https:\/\/i0.wp.com\/www.light-style.eu\/Blog\/wp-content\/uploads\/2021\/10\/Elbsandsteingebirge-1901-1.jpg?fit=1200%2C800&amp;ssl=1\" data-orig-size=\"1200,800\" data-comments-opened=\"1\" data-image-meta=\"{&quot;aperture&quot;:&quot;0&quot;,&quot;credit&quot;:&quot;Fotostudio Light-Style\\rAndi Moel&quot;,&quot;camera&quot;:&quot;&quot;,&quot;caption&quot;:&quot;&quot;,&quot;created_timestamp&quot;:&quot;0&quot;,&quot;copyright&quot;:&quot;www.light-style.eu&quot;,&quot;focal_length&quot;:&quot;0&quot;,&quot;iso&quot;:&quot;0&quot;,&quot;shutter_speed&quot;:&quot;0&quot;,&quot;title&quot;:&quot;&quot;,&quot;orientation&quot;:&quot;0&quot;}\" data-image-title=\"Elbsandsteingebirge-1901-1\" data-image-description=\"\" data-image-caption=\"\" data-large-file=\"https:\/\/i0.wp.com\/www.light-style.eu\/Blog\/wp-content\/uploads\/2021\/10\/Elbsandsteingebirge-1901-1.jpg?fit=1170%2C780&amp;ssl=1\" data-attachment-id=\"6173\" data-permalink=\"https:\/\/www.light-style.eu\/Blog\/so-schoen-ist-deutschland\/elbsandsteingebirge-1901-1\/#main\" data-orig-file=\"https:\/\/i0.wp.com\/www.light-style.eu\/Blog\/wp-content\/uploads\/2021\/10\/Elbsandsteingebirge-1901-1.jpg?fit=1200%2C800&amp;ssl=1\" data-orig-size=\"1200,800\" data-comments-opened=\"1\" data-image-meta=\"{&quot;aperture&quot;:&quot;0&quot;,&quot;credit&quot;:&quot;Fotostudio Light-Style\\rAndi Moel&quot;,&quot;camera&quot;:&quot;&quot;,&quot;caption&quot;:&quot;&quot;,&quot;created_timestamp&quot;:&quot;0&quot;,&quot;copyright&quot;:&quot;www.light-style.eu&quot;,&quot;focal_length&quot;:&quot;0&quot;,&quot;iso&quot;:&quot;0&quot;,&quot;shutter_speed&quot;:&quot;0&quot;,&quot;title&quot;:&quot;&quot;,&quot;orientation&quot;:&quot;0&quot;}\" data-image-title=\"Elbsandsteingebirge-1901-1\" data-image-description=\"\" data-image-caption=\"\" data-large-file=\"https:\/\/i0.wp.com\/www.light-style.eu\/Blog\/wp-content\/uploads\/2021\/10\/Elbsandsteingebirge-1901-1.jpg?fit=1170%2C780&amp;ssl=1\" role=\"button\" tabindex=\"0\" aria-label=\"Bild\u00a020 von 43 im Vollbildmodus \u00f6ffnen\"srcset=\"https:\/\/i0.wp.com\/www.light-style.eu\/Blog\/wp-content\/uploads\/2021\/10\/Elbsandsteingebirge-1901-1.jpg?strip=info&#038;w=600&#038;ssl=1 600w,https:\/\/i0.wp.com\/www.light-style.eu\/Blog\/wp-content\/uploads\/2021\/10\/Elbsandsteingebirge-1901-1.jpg?strip=info&#038;w=900&#038;ssl=1 900w,https:\/\/i0.wp.com\/www.light-style.eu\/Blog\/wp-content\/uploads\/2021\/10\/Elbsandsteingebirge-1901-1.jpg?strip=info&#038;w=1200&#038;ssl=1 1200w\" alt=\"\" data-height=\"800\" data-id=\"6173\" data-link=\"https:\/\/www.light-style.eu\/Blog\/?attachment_id=6173\" data-url=\"https:\/\/www.light-style.eu\/Blog\/wp-content\/uploads\/2021\/10\/Elbsandsteingebirge-1901-1.jpg\" data-width=\"1200\" src=\"https:\/\/i0.wp.com\/www.light-style.eu\/Blog\/wp-content\/uploads\/2021\/10\/Elbsandsteingebirge-1901-1.jpg?ssl=1\" data-amp-layout=\"responsive\"\/><\/figure><figure class=\"tiled-gallery__item\"><img decoding=\"async\" data-attachment-id=\"6174\" data-permalink=\"https:\/\/www.light-style.eu\/Blog\/so-schoen-ist-deutschland\/elbsandsteingebirge-1906-1\/#main\" data-orig-file=\"https:\/\/i0.wp.com\/www.light-style.eu\/Blog\/wp-content\/uploads\/2021\/10\/Elbsandsteingebirge-1906-1.jpg?fit=1200%2C800&amp;ssl=1\" data-orig-size=\"1200,800\" data-comments-opened=\"1\" data-image-meta=\"{&quot;aperture&quot;:&quot;0&quot;,&quot;credit&quot;:&quot;Fotostudio Light-Style\\rAndi Moel&quot;,&quot;camera&quot;:&quot;&quot;,&quot;caption&quot;:&quot;&quot;,&quot;created_timestamp&quot;:&quot;0&quot;,&quot;copyright&quot;:&quot;www.light-style.eu&quot;,&quot;focal_length&quot;:&quot;0&quot;,&quot;iso&quot;:&quot;0&quot;,&quot;shutter_speed&quot;:&quot;0&quot;,&quot;title&quot;:&quot;&quot;,&quot;orientation&quot;:&quot;0&quot;}\" data-image-title=\"Elbsandsteingebirge-1906-1\" data-image-description=\"\" data-image-caption=\"\" data-large-file=\"https:\/\/i0.wp.com\/www.light-style.eu\/Blog\/wp-content\/uploads\/2021\/10\/Elbsandsteingebirge-1906-1.jpg?fit=1170%2C780&amp;ssl=1\" data-attachment-id=\"6174\" data-permalink=\"https:\/\/www.light-style.eu\/Blog\/so-schoen-ist-deutschland\/elbsandsteingebirge-1906-1\/#main\" data-orig-file=\"https:\/\/i0.wp.com\/www.light-style.eu\/Blog\/wp-content\/uploads\/2021\/10\/Elbsandsteingebirge-1906-1.jpg?fit=1200%2C800&amp;ssl=1\" data-orig-size=\"1200,800\" data-comments-opened=\"1\" data-image-meta=\"{&quot;aperture&quot;:&quot;0&quot;,&quot;credit&quot;:&quot;Fotostudio Light-Style\\rAndi Moel&quot;,&quot;camera&quot;:&quot;&quot;,&quot;caption&quot;:&quot;&quot;,&quot;created_timestamp&quot;:&quot;0&quot;,&quot;copyright&quot;:&quot;www.light-style.eu&quot;,&quot;focal_length&quot;:&quot;0&quot;,&quot;iso&quot;:&quot;0&quot;,&quot;shutter_speed&quot;:&quot;0&quot;,&quot;title&quot;:&quot;&quot;,&quot;orientation&quot;:&quot;0&quot;}\" data-image-title=\"Elbsandsteingebirge-1906-1\" data-image-description=\"\" data-image-caption=\"\" data-large-file=\"https:\/\/i0.wp.com\/www.light-style.eu\/Blog\/wp-content\/uploads\/2021\/10\/Elbsandsteingebirge-1906-1.jpg?fit=1170%2C780&amp;ssl=1\" role=\"button\" tabindex=\"0\" aria-label=\"Bild\u00a021 von 43 im Vollbildmodus \u00f6ffnen\"srcset=\"https:\/\/i0.wp.com\/www.light-style.eu\/Blog\/wp-content\/uploads\/2021\/10\/Elbsandsteingebirge-1906-1.jpg?strip=info&#038;w=600&#038;ssl=1 600w,https:\/\/i0.wp.com\/www.light-style.eu\/Blog\/wp-content\/uploads\/2021\/10\/Elbsandsteingebirge-1906-1.jpg?strip=info&#038;w=900&#038;ssl=1 900w,https:\/\/i0.wp.com\/www.light-style.eu\/Blog\/wp-content\/uploads\/2021\/10\/Elbsandsteingebirge-1906-1.jpg?strip=info&#038;w=1200&#038;ssl=1 1200w\" alt=\"\" data-height=\"800\" data-id=\"6174\" data-link=\"https:\/\/www.light-style.eu\/Blog\/?attachment_id=6174\" data-url=\"https:\/\/www.light-style.eu\/Blog\/wp-content\/uploads\/2021\/10\/Elbsandsteingebirge-1906-1.jpg\" data-width=\"1200\" src=\"https:\/\/i0.wp.com\/www.light-style.eu\/Blog\/wp-content\/uploads\/2021\/10\/Elbsandsteingebirge-1906-1.jpg?ssl=1\" data-amp-layout=\"responsive\"\/><\/figure><figure class=\"tiled-gallery__item\"><img decoding=\"async\" data-attachment-id=\"6175\" data-permalink=\"https:\/\/www.light-style.eu\/Blog\/so-schoen-ist-deutschland\/elbsandsteingebirge-1921-1\/#main\" data-orig-file=\"https:\/\/i0.wp.com\/www.light-style.eu\/Blog\/wp-content\/uploads\/2021\/10\/Elbsandsteingebirge-1921-1.jpg?fit=1200%2C800&amp;ssl=1\" data-orig-size=\"1200,800\" data-comments-opened=\"1\" data-image-meta=\"{&quot;aperture&quot;:&quot;0&quot;,&quot;credit&quot;:&quot;Fotostudio Light-Style\\rAndi Moel&quot;,&quot;camera&quot;:&quot;&quot;,&quot;caption&quot;:&quot;&quot;,&quot;created_timestamp&quot;:&quot;0&quot;,&quot;copyright&quot;:&quot;www.light-style.eu&quot;,&quot;focal_length&quot;:&quot;0&quot;,&quot;iso&quot;:&quot;0&quot;,&quot;shutter_speed&quot;:&quot;0&quot;,&quot;title&quot;:&quot;&quot;,&quot;orientation&quot;:&quot;0&quot;}\" data-image-title=\"Elbsandsteingebirge-1921-1\" data-image-description=\"\" data-image-caption=\"\" data-large-file=\"https:\/\/i0.wp.com\/www.light-style.eu\/Blog\/wp-content\/uploads\/2021\/10\/Elbsandsteingebirge-1921-1.jpg?fit=1170%2C780&amp;ssl=1\" data-attachment-id=\"6175\" data-permalink=\"https:\/\/www.light-style.eu\/Blog\/so-schoen-ist-deutschland\/elbsandsteingebirge-1921-1\/#main\" data-orig-file=\"https:\/\/i0.wp.com\/www.light-style.eu\/Blog\/wp-content\/uploads\/2021\/10\/Elbsandsteingebirge-1921-1.jpg?fit=1200%2C800&amp;ssl=1\" data-orig-size=\"1200,800\" data-comments-opened=\"1\" data-image-meta=\"{&quot;aperture&quot;:&quot;0&quot;,&quot;credit&quot;:&quot;Fotostudio Light-Style\\rAndi Moel&quot;,&quot;camera&quot;:&quot;&quot;,&quot;caption&quot;:&quot;&quot;,&quot;created_timestamp&quot;:&quot;0&quot;,&quot;copyright&quot;:&quot;www.light-style.eu&quot;,&quot;focal_length&quot;:&quot;0&quot;,&quot;iso&quot;:&quot;0&quot;,&quot;shutter_speed&quot;:&quot;0&quot;,&quot;title&quot;:&quot;&quot;,&quot;orientation&quot;:&quot;0&quot;}\" data-image-title=\"Elbsandsteingebirge-1921-1\" data-image-description=\"\" data-image-caption=\"\" data-large-file=\"https:\/\/i0.wp.com\/www.light-style.eu\/Blog\/wp-content\/uploads\/2021\/10\/Elbsandsteingebirge-1921-1.jpg?fit=1170%2C780&amp;ssl=1\" role=\"button\" tabindex=\"0\" aria-label=\"Bild\u00a022 von 43 im Vollbildmodus \u00f6ffnen\"srcset=\"https:\/\/i0.wp.com\/www.light-style.eu\/Blog\/wp-content\/uploads\/2021\/10\/Elbsandsteingebirge-1921-1.jpg?strip=info&#038;w=600&#038;ssl=1 600w,https:\/\/i0.wp.com\/www.light-style.eu\/Blog\/wp-content\/uploads\/2021\/10\/Elbsandsteingebirge-1921-1.jpg?strip=info&#038;w=900&#038;ssl=1 900w,https:\/\/i0.wp.com\/www.light-style.eu\/Blog\/wp-content\/uploads\/2021\/10\/Elbsandsteingebirge-1921-1.jpg?strip=info&#038;w=1200&#038;ssl=1 1200w\" alt=\"\" data-height=\"800\" data-id=\"6175\" data-link=\"https:\/\/www.light-style.eu\/Blog\/?attachment_id=6175\" data-url=\"https:\/\/www.light-style.eu\/Blog\/wp-content\/uploads\/2021\/10\/Elbsandsteingebirge-1921-1.jpg\" data-width=\"1200\" src=\"https:\/\/i0.wp.com\/www.light-style.eu\/Blog\/wp-content\/uploads\/2021\/10\/Elbsandsteingebirge-1921-1.jpg?ssl=1\" data-amp-layout=\"responsive\"\/><\/figure><\/div><\/div><div class=\"tiled-gallery__row\"><div class=\"tiled-gallery__col\" style=\"flex-basis:33.33333%\"><figure class=\"tiled-gallery__item\"><img decoding=\"async\" data-attachment-id=\"6176\" data-permalink=\"https:\/\/www.light-style.eu\/Blog\/so-schoen-ist-deutschland\/elbsandsteingebirge-1951-1\/#main\" data-orig-file=\"https:\/\/i0.wp.com\/www.light-style.eu\/Blog\/wp-content\/uploads\/2021\/10\/Elbsandsteingebirge-1951-1.jpg?fit=1200%2C800&amp;ssl=1\" data-orig-size=\"1200,800\" data-comments-opened=\"1\" data-image-meta=\"{&quot;aperture&quot;:&quot;0&quot;,&quot;credit&quot;:&quot;Fotostudio Light-Style\\rAndi Moel&quot;,&quot;camera&quot;:&quot;&quot;,&quot;caption&quot;:&quot;&quot;,&quot;created_timestamp&quot;:&quot;0&quot;,&quot;copyright&quot;:&quot;www.light-style.eu&quot;,&quot;focal_length&quot;:&quot;0&quot;,&quot;iso&quot;:&quot;0&quot;,&quot;shutter_speed&quot;:&quot;0&quot;,&quot;title&quot;:&quot;&quot;,&quot;orientation&quot;:&quot;0&quot;}\" data-image-title=\"Elbsandsteingebirge-1951-1\" data-image-description=\"\" data-image-caption=\"\" data-large-file=\"https:\/\/i0.wp.com\/www.light-style.eu\/Blog\/wp-content\/uploads\/2021\/10\/Elbsandsteingebirge-1951-1.jpg?fit=1170%2C780&amp;ssl=1\" data-attachment-id=\"6176\" data-permalink=\"https:\/\/www.light-style.eu\/Blog\/so-schoen-ist-deutschland\/elbsandsteingebirge-1951-1\/#main\" data-orig-file=\"https:\/\/i0.wp.com\/www.light-style.eu\/Blog\/wp-content\/uploads\/2021\/10\/Elbsandsteingebirge-1951-1.jpg?fit=1200%2C800&amp;ssl=1\" data-orig-size=\"1200,800\" data-comments-opened=\"1\" data-image-meta=\"{&quot;aperture&quot;:&quot;0&quot;,&quot;credit&quot;:&quot;Fotostudio Light-Style\\rAndi Moel&quot;,&quot;camera&quot;:&quot;&quot;,&quot;caption&quot;:&quot;&quot;,&quot;created_timestamp&quot;:&quot;0&quot;,&quot;copyright&quot;:&quot;www.light-style.eu&quot;,&quot;focal_length&quot;:&quot;0&quot;,&quot;iso&quot;:&quot;0&quot;,&quot;shutter_speed&quot;:&quot;0&quot;,&quot;title&quot;:&quot;&quot;,&quot;orientation&quot;:&quot;0&quot;}\" data-image-title=\"Elbsandsteingebirge-1951-1\" data-image-description=\"\" data-image-caption=\"\" data-large-file=\"https:\/\/i0.wp.com\/www.light-style.eu\/Blog\/wp-content\/uploads\/2021\/10\/Elbsandsteingebirge-1951-1.jpg?fit=1170%2C780&amp;ssl=1\" role=\"button\" tabindex=\"0\" aria-label=\"Bild\u00a023 von 43 im Vollbildmodus \u00f6ffnen\"srcset=\"https:\/\/i0.wp.com\/www.light-style.eu\/Blog\/wp-content\/uploads\/2021\/10\/Elbsandsteingebirge-1951-1.jpg?strip=info&#038;w=600&#038;ssl=1 600w,https:\/\/i0.wp.com\/www.light-style.eu\/Blog\/wp-content\/uploads\/2021\/10\/Elbsandsteingebirge-1951-1.jpg?strip=info&#038;w=900&#038;ssl=1 900w,https:\/\/i0.wp.com\/www.light-style.eu\/Blog\/wp-content\/uploads\/2021\/10\/Elbsandsteingebirge-1951-1.jpg?strip=info&#038;w=1200&#038;ssl=1 1200w\" alt=\"\" data-height=\"800\" data-id=\"6176\" data-link=\"https:\/\/www.light-style.eu\/Blog\/?attachment_id=6176\" data-url=\"https:\/\/www.light-style.eu\/Blog\/wp-content\/uploads\/2021\/10\/Elbsandsteingebirge-1951-1.jpg\" data-width=\"1200\" src=\"https:\/\/i0.wp.com\/www.light-style.eu\/Blog\/wp-content\/uploads\/2021\/10\/Elbsandsteingebirge-1951-1.jpg?ssl=1\" data-amp-layout=\"responsive\"\/><\/figure><\/div><div class=\"tiled-gallery__col\" style=\"flex-basis:33.33333%\"><figure class=\"tiled-gallery__item\"><img decoding=\"async\" data-attachment-id=\"6177\" data-permalink=\"https:\/\/www.light-style.eu\/Blog\/so-schoen-ist-deutschland\/elbsandsteingebirge-1966-1\/#main\" data-orig-file=\"https:\/\/i0.wp.com\/www.light-style.eu\/Blog\/wp-content\/uploads\/2021\/10\/Elbsandsteingebirge-1966-1.jpg?fit=1200%2C800&amp;ssl=1\" data-orig-size=\"1200,800\" data-comments-opened=\"1\" data-image-meta=\"{&quot;aperture&quot;:&quot;0&quot;,&quot;credit&quot;:&quot;Fotostudio Light-Style\\rAndi Moel&quot;,&quot;camera&quot;:&quot;&quot;,&quot;caption&quot;:&quot;&quot;,&quot;created_timestamp&quot;:&quot;0&quot;,&quot;copyright&quot;:&quot;www.light-style.eu&quot;,&quot;focal_length&quot;:&quot;0&quot;,&quot;iso&quot;:&quot;0&quot;,&quot;shutter_speed&quot;:&quot;0&quot;,&quot;title&quot;:&quot;&quot;,&quot;orientation&quot;:&quot;0&quot;}\" data-image-title=\"Elbsandsteingebirge-1966-1\" data-image-description=\"\" data-image-caption=\"\" data-large-file=\"https:\/\/i0.wp.com\/www.light-style.eu\/Blog\/wp-content\/uploads\/2021\/10\/Elbsandsteingebirge-1966-1.jpg?fit=1170%2C780&amp;ssl=1\" data-attachment-id=\"6177\" data-permalink=\"https:\/\/www.light-style.eu\/Blog\/so-schoen-ist-deutschland\/elbsandsteingebirge-1966-1\/#main\" data-orig-file=\"https:\/\/i0.wp.com\/www.light-style.eu\/Blog\/wp-content\/uploads\/2021\/10\/Elbsandsteingebirge-1966-1.jpg?fit=1200%2C800&amp;ssl=1\" data-orig-size=\"1200,800\" data-comments-opened=\"1\" data-image-meta=\"{&quot;aperture&quot;:&quot;0&quot;,&quot;credit&quot;:&quot;Fotostudio Light-Style\\rAndi Moel&quot;,&quot;camera&quot;:&quot;&quot;,&quot;caption&quot;:&quot;&quot;,&quot;created_timestamp&quot;:&quot;0&quot;,&quot;copyright&quot;:&quot;www.light-style.eu&quot;,&quot;focal_length&quot;:&quot;0&quot;,&quot;iso&quot;:&quot;0&quot;,&quot;shutter_speed&quot;:&quot;0&quot;,&quot;title&quot;:&quot;&quot;,&quot;orientation&quot;:&quot;0&quot;}\" data-image-title=\"Elbsandsteingebirge-1966-1\" data-image-description=\"\" data-image-caption=\"\" data-large-file=\"https:\/\/i0.wp.com\/www.light-style.eu\/Blog\/wp-content\/uploads\/2021\/10\/Elbsandsteingebirge-1966-1.jpg?fit=1170%2C780&amp;ssl=1\" role=\"button\" tabindex=\"0\" aria-label=\"Bild\u00a024 von 43 im Vollbildmodus \u00f6ffnen\"srcset=\"https:\/\/i0.wp.com\/www.light-style.eu\/Blog\/wp-content\/uploads\/2021\/10\/Elbsandsteingebirge-1966-1.jpg?strip=info&#038;w=600&#038;ssl=1 600w,https:\/\/i0.wp.com\/www.light-style.eu\/Blog\/wp-content\/uploads\/2021\/10\/Elbsandsteingebirge-1966-1.jpg?strip=info&#038;w=900&#038;ssl=1 900w,https:\/\/i0.wp.com\/www.light-style.eu\/Blog\/wp-content\/uploads\/2021\/10\/Elbsandsteingebirge-1966-1.jpg?strip=info&#038;w=1200&#038;ssl=1 1200w\" alt=\"\" data-height=\"800\" data-id=\"6177\" data-link=\"https:\/\/www.light-style.eu\/Blog\/?attachment_id=6177\" data-url=\"https:\/\/www.light-style.eu\/Blog\/wp-content\/uploads\/2021\/10\/Elbsandsteingebirge-1966-1.jpg\" data-width=\"1200\" src=\"https:\/\/i0.wp.com\/www.light-style.eu\/Blog\/wp-content\/uploads\/2021\/10\/Elbsandsteingebirge-1966-1.jpg?ssl=1\" data-amp-layout=\"responsive\"\/><\/figure><\/div><div class=\"tiled-gallery__col\" style=\"flex-basis:33.33333%\"><figure class=\"tiled-gallery__item\"><img decoding=\"async\" data-attachment-id=\"6178\" data-permalink=\"https:\/\/www.light-style.eu\/Blog\/so-schoen-ist-deutschland\/elbsandsteingebirge-1971-1\/#main\" data-orig-file=\"https:\/\/i0.wp.com\/www.light-style.eu\/Blog\/wp-content\/uploads\/2021\/10\/Elbsandsteingebirge-1971-1.jpg?fit=1200%2C800&amp;ssl=1\" data-orig-size=\"1200,800\" data-comments-opened=\"1\" data-image-meta=\"{&quot;aperture&quot;:&quot;0&quot;,&quot;credit&quot;:&quot;Fotostudio Light-Style\\rAndi Moel&quot;,&quot;camera&quot;:&quot;&quot;,&quot;caption&quot;:&quot;&quot;,&quot;created_timestamp&quot;:&quot;0&quot;,&quot;copyright&quot;:&quot;www.light-style.eu&quot;,&quot;focal_length&quot;:&quot;0&quot;,&quot;iso&quot;:&quot;0&quot;,&quot;shutter_speed&quot;:&quot;0&quot;,&quot;title&quot;:&quot;&quot;,&quot;orientation&quot;:&quot;0&quot;}\" data-image-title=\"Elbsandsteingebirge-1971-1\" data-image-description=\"\" data-image-caption=\"\" data-large-file=\"https:\/\/i0.wp.com\/www.light-style.eu\/Blog\/wp-content\/uploads\/2021\/10\/Elbsandsteingebirge-1971-1.jpg?fit=1170%2C780&amp;ssl=1\" data-attachment-id=\"6178\" data-permalink=\"https:\/\/www.light-style.eu\/Blog\/so-schoen-ist-deutschland\/elbsandsteingebirge-1971-1\/#main\" data-orig-file=\"https:\/\/i0.wp.com\/www.light-style.eu\/Blog\/wp-content\/uploads\/2021\/10\/Elbsandsteingebirge-1971-1.jpg?fit=1200%2C800&amp;ssl=1\" data-orig-size=\"1200,800\" data-comments-opened=\"1\" data-image-meta=\"{&quot;aperture&quot;:&quot;0&quot;,&quot;credit&quot;:&quot;Fotostudio Light-Style\\rAndi Moel&quot;,&quot;camera&quot;:&quot;&quot;,&quot;caption&quot;:&quot;&quot;,&quot;created_timestamp&quot;:&quot;0&quot;,&quot;copyright&quot;:&quot;www.light-style.eu&quot;,&quot;focal_length&quot;:&quot;0&quot;,&quot;iso&quot;:&quot;0&quot;,&quot;shutter_speed&quot;:&quot;0&quot;,&quot;title&quot;:&quot;&quot;,&quot;orientation&quot;:&quot;0&quot;}\" data-image-title=\"Elbsandsteingebirge-1971-1\" data-image-description=\"\" data-image-caption=\"\" data-large-file=\"https:\/\/i0.wp.com\/www.light-style.eu\/Blog\/wp-content\/uploads\/2021\/10\/Elbsandsteingebirge-1971-1.jpg?fit=1170%2C780&amp;ssl=1\" role=\"button\" tabindex=\"0\" aria-label=\"Bild\u00a025 von 43 im Vollbildmodus \u00f6ffnen\"srcset=\"https:\/\/i1.wp.com\/www.light-style.eu\/Blog\/wp-content\/uploads\/2021\/10\/Elbsandsteingebirge-1971-1.jpg?strip=info&#038;w=600&#038;ssl=1 600w,https:\/\/i1.wp.com\/www.light-style.eu\/Blog\/wp-content\/uploads\/2021\/10\/Elbsandsteingebirge-1971-1.jpg?strip=info&#038;w=900&#038;ssl=1 900w,https:\/\/i1.wp.com\/www.light-style.eu\/Blog\/wp-content\/uploads\/2021\/10\/Elbsandsteingebirge-1971-1.jpg?strip=info&#038;w=1200&#038;ssl=1 1200w\" alt=\"\" data-height=\"800\" data-id=\"6178\" data-link=\"https:\/\/www.light-style.eu\/Blog\/?attachment_id=6178\" data-url=\"https:\/\/www.light-style.eu\/Blog\/wp-content\/uploads\/2021\/10\/Elbsandsteingebirge-1971-1.jpg\" data-width=\"1200\" src=\"https:\/\/i1.wp.com\/www.light-style.eu\/Blog\/wp-content\/uploads\/2021\/10\/Elbsandsteingebirge-1971-1.jpg?ssl=1\" data-amp-layout=\"responsive\"\/><\/figure><\/div><\/div><div class=\"tiled-gallery__row\"><div class=\"tiled-gallery__col\" style=\"flex-basis:34.48832%\"><figure class=\"tiled-gallery__item\"><img decoding=\"async\" data-attachment-id=\"6179\" data-permalink=\"https:\/\/www.light-style.eu\/Blog\/so-schoen-ist-deutschland\/elbsandsteingebirge-1989-1\/#main\" data-orig-file=\"https:\/\/i0.wp.com\/www.light-style.eu\/Blog\/wp-content\/uploads\/2021\/10\/Elbsandsteingebirge-1989-1.jpg?fit=1200%2C800&amp;ssl=1\" data-orig-size=\"1200,800\" data-comments-opened=\"1\" data-image-meta=\"{&quot;aperture&quot;:&quot;0&quot;,&quot;credit&quot;:&quot;Fotostudio Light-Style\\rAndi Moel&quot;,&quot;camera&quot;:&quot;&quot;,&quot;caption&quot;:&quot;&quot;,&quot;created_timestamp&quot;:&quot;0&quot;,&quot;copyright&quot;:&quot;www.light-style.eu&quot;,&quot;focal_length&quot;:&quot;0&quot;,&quot;iso&quot;:&quot;0&quot;,&quot;shutter_speed&quot;:&quot;0&quot;,&quot;title&quot;:&quot;&quot;,&quot;orientation&quot;:&quot;0&quot;}\" data-image-title=\"Elbsandsteingebirge-1989-1\" data-image-description=\"\" data-image-caption=\"\" data-large-file=\"https:\/\/i0.wp.com\/www.light-style.eu\/Blog\/wp-content\/uploads\/2021\/10\/Elbsandsteingebirge-1989-1.jpg?fit=1170%2C780&amp;ssl=1\" data-attachment-id=\"6179\" data-permalink=\"https:\/\/www.light-style.eu\/Blog\/so-schoen-ist-deutschland\/elbsandsteingebirge-1989-1\/#main\" data-orig-file=\"https:\/\/i0.wp.com\/www.light-style.eu\/Blog\/wp-content\/uploads\/2021\/10\/Elbsandsteingebirge-1989-1.jpg?fit=1200%2C800&amp;ssl=1\" data-orig-size=\"1200,800\" data-comments-opened=\"1\" data-image-meta=\"{&quot;aperture&quot;:&quot;0&quot;,&quot;credit&quot;:&quot;Fotostudio Light-Style\\rAndi Moel&quot;,&quot;camera&quot;:&quot;&quot;,&quot;caption&quot;:&quot;&quot;,&quot;created_timestamp&quot;:&quot;0&quot;,&quot;copyright&quot;:&quot;www.light-style.eu&quot;,&quot;focal_length&quot;:&quot;0&quot;,&quot;iso&quot;:&quot;0&quot;,&quot;shutter_speed&quot;:&quot;0&quot;,&quot;title&quot;:&quot;&quot;,&quot;orientation&quot;:&quot;0&quot;}\" data-image-title=\"Elbsandsteingebirge-1989-1\" data-image-description=\"\" data-image-caption=\"\" data-large-file=\"https:\/\/i0.wp.com\/www.light-style.eu\/Blog\/wp-content\/uploads\/2021\/10\/Elbsandsteingebirge-1989-1.jpg?fit=1170%2C780&amp;ssl=1\" role=\"button\" tabindex=\"0\" aria-label=\"Bild\u00a026 von 43 im Vollbildmodus \u00f6ffnen\"srcset=\"https:\/\/i1.wp.com\/www.light-style.eu\/Blog\/wp-content\/uploads\/2021\/10\/Elbsandsteingebirge-1989-1.jpg?strip=info&#038;w=600&#038;ssl=1 600w,https:\/\/i1.wp.com\/www.light-style.eu\/Blog\/wp-content\/uploads\/2021\/10\/Elbsandsteingebirge-1989-1.jpg?strip=info&#038;w=900&#038;ssl=1 900w,https:\/\/i1.wp.com\/www.light-style.eu\/Blog\/wp-content\/uploads\/2021\/10\/Elbsandsteingebirge-1989-1.jpg?strip=info&#038;w=1200&#038;ssl=1 1200w\" alt=\"\" data-height=\"800\" data-id=\"6179\" data-link=\"https:\/\/www.light-style.eu\/Blog\/?attachment_id=6179\" data-url=\"https:\/\/www.light-style.eu\/Blog\/wp-content\/uploads\/2021\/10\/Elbsandsteingebirge-1989-1.jpg\" data-width=\"1200\" src=\"https:\/\/i1.wp.com\/www.light-style.eu\/Blog\/wp-content\/uploads\/2021\/10\/Elbsandsteingebirge-1989-1.jpg?ssl=1\" data-amp-layout=\"responsive\"\/><\/figure><figure class=\"tiled-gallery__item\"><img decoding=\"async\" data-attachment-id=\"6180\" data-permalink=\"https:\/\/www.light-style.eu\/Blog\/so-schoen-ist-deutschland\/elbsandsteingebirge-1994-1\/#main\" data-orig-file=\"https:\/\/i0.wp.com\/www.light-style.eu\/Blog\/wp-content\/uploads\/2021\/10\/Elbsandsteingebirge-1994-1.jpg?fit=1200%2C800&amp;ssl=1\" data-orig-size=\"1200,800\" data-comments-opened=\"1\" data-image-meta=\"{&quot;aperture&quot;:&quot;0&quot;,&quot;credit&quot;:&quot;Fotostudio Light-Style\\rAndi Moel&quot;,&quot;camera&quot;:&quot;&quot;,&quot;caption&quot;:&quot;&quot;,&quot;created_timestamp&quot;:&quot;0&quot;,&quot;copyright&quot;:&quot;www.light-style.eu&quot;,&quot;focal_length&quot;:&quot;0&quot;,&quot;iso&quot;:&quot;0&quot;,&quot;shutter_speed&quot;:&quot;0&quot;,&quot;title&quot;:&quot;&quot;,&quot;orientation&quot;:&quot;0&quot;}\" data-image-title=\"Elbsandsteingebirge-1994-1\" data-image-description=\"\" data-image-caption=\"\" data-large-file=\"https:\/\/i0.wp.com\/www.light-style.eu\/Blog\/wp-content\/uploads\/2021\/10\/Elbsandsteingebirge-1994-1.jpg?fit=1170%2C780&amp;ssl=1\" data-attachment-id=\"6180\" data-permalink=\"https:\/\/www.light-style.eu\/Blog\/so-schoen-ist-deutschland\/elbsandsteingebirge-1994-1\/#main\" data-orig-file=\"https:\/\/i0.wp.com\/www.light-style.eu\/Blog\/wp-content\/uploads\/2021\/10\/Elbsandsteingebirge-1994-1.jpg?fit=1200%2C800&amp;ssl=1\" data-orig-size=\"1200,800\" data-comments-opened=\"1\" data-image-meta=\"{&quot;aperture&quot;:&quot;0&quot;,&quot;credit&quot;:&quot;Fotostudio Light-Style\\rAndi Moel&quot;,&quot;camera&quot;:&quot;&quot;,&quot;caption&quot;:&quot;&quot;,&quot;created_timestamp&quot;:&quot;0&quot;,&quot;copyright&quot;:&quot;www.light-style.eu&quot;,&quot;focal_length&quot;:&quot;0&quot;,&quot;iso&quot;:&quot;0&quot;,&quot;shutter_speed&quot;:&quot;0&quot;,&quot;title&quot;:&quot;&quot;,&quot;orientation&quot;:&quot;0&quot;}\" data-image-title=\"Elbsandsteingebirge-1994-1\" data-image-description=\"\" data-image-caption=\"\" data-large-file=\"https:\/\/i0.wp.com\/www.light-style.eu\/Blog\/wp-content\/uploads\/2021\/10\/Elbsandsteingebirge-1994-1.jpg?fit=1170%2C780&amp;ssl=1\" role=\"button\" tabindex=\"0\" aria-label=\"Bild\u00a027 von 43 im Vollbildmodus \u00f6ffnen\"srcset=\"https:\/\/i0.wp.com\/www.light-style.eu\/Blog\/wp-content\/uploads\/2021\/10\/Elbsandsteingebirge-1994-1.jpg?strip=info&#038;w=600&#038;ssl=1 600w,https:\/\/i0.wp.com\/www.light-style.eu\/Blog\/wp-content\/uploads\/2021\/10\/Elbsandsteingebirge-1994-1.jpg?strip=info&#038;w=900&#038;ssl=1 900w,https:\/\/i0.wp.com\/www.light-style.eu\/Blog\/wp-content\/uploads\/2021\/10\/Elbsandsteingebirge-1994-1.jpg?strip=info&#038;w=1200&#038;ssl=1 1200w\" alt=\"\" data-height=\"800\" data-id=\"6180\" data-link=\"https:\/\/www.light-style.eu\/Blog\/?attachment_id=6180\" data-url=\"https:\/\/www.light-style.eu\/Blog\/wp-content\/uploads\/2021\/10\/Elbsandsteingebirge-1994-1.jpg\" data-width=\"1200\" src=\"https:\/\/i0.wp.com\/www.light-style.eu\/Blog\/wp-content\/uploads\/2021\/10\/Elbsandsteingebirge-1994-1.jpg?ssl=1\" data-amp-layout=\"responsive\"\/><\/figure><\/div><div class=\"tiled-gallery__col\" style=\"flex-basis:31.02336%\"><figure class=\"tiled-gallery__item\"><img decoding=\"async\" data-attachment-id=\"6181\" data-permalink=\"https:\/\/www.light-style.eu\/Blog\/so-schoen-ist-deutschland\/elbsandsteingebirge-2025-1\/#main\" data-orig-file=\"https:\/\/i0.wp.com\/www.light-style.eu\/Blog\/wp-content\/uploads\/2021\/10\/Elbsandsteingebirge-2025-1.jpg?fit=800%2C1200&amp;ssl=1\" data-orig-size=\"800,1200\" data-comments-opened=\"1\" data-image-meta=\"{&quot;aperture&quot;:&quot;0&quot;,&quot;credit&quot;:&quot;Fotostudio Light-Style\\rAndi Moel&quot;,&quot;camera&quot;:&quot;&quot;,&quot;caption&quot;:&quot;&quot;,&quot;created_timestamp&quot;:&quot;0&quot;,&quot;copyright&quot;:&quot;www.light-style.eu&quot;,&quot;focal_length&quot;:&quot;0&quot;,&quot;iso&quot;:&quot;0&quot;,&quot;shutter_speed&quot;:&quot;0&quot;,&quot;title&quot;:&quot;&quot;,&quot;orientation&quot;:&quot;0&quot;}\" data-image-title=\"Elbsandsteingebirge-2025-1\" data-image-description=\"\" data-image-caption=\"\" data-large-file=\"https:\/\/i0.wp.com\/www.light-style.eu\/Blog\/wp-content\/uploads\/2021\/10\/Elbsandsteingebirge-2025-1.jpg?fit=800%2C1200&amp;ssl=1\" data-attachment-id=\"6181\" data-permalink=\"https:\/\/www.light-style.eu\/Blog\/so-schoen-ist-deutschland\/elbsandsteingebirge-2025-1\/#main\" data-orig-file=\"https:\/\/i0.wp.com\/www.light-style.eu\/Blog\/wp-content\/uploads\/2021\/10\/Elbsandsteingebirge-2025-1.jpg?fit=800%2C1200&amp;ssl=1\" data-orig-size=\"800,1200\" data-comments-opened=\"1\" data-image-meta=\"{&quot;aperture&quot;:&quot;0&quot;,&quot;credit&quot;:&quot;Fotostudio Light-Style\\rAndi Moel&quot;,&quot;camera&quot;:&quot;&quot;,&quot;caption&quot;:&quot;&quot;,&quot;created_timestamp&quot;:&quot;0&quot;,&quot;copyright&quot;:&quot;www.light-style.eu&quot;,&quot;focal_length&quot;:&quot;0&quot;,&quot;iso&quot;:&quot;0&quot;,&quot;shutter_speed&quot;:&quot;0&quot;,&quot;title&quot;:&quot;&quot;,&quot;orientation&quot;:&quot;0&quot;}\" data-image-title=\"Elbsandsteingebirge-2025-1\" data-image-description=\"\" data-image-caption=\"\" data-large-file=\"https:\/\/i0.wp.com\/www.light-style.eu\/Blog\/wp-content\/uploads\/2021\/10\/Elbsandsteingebirge-2025-1.jpg?fit=800%2C1200&amp;ssl=1\" role=\"button\" tabindex=\"0\" aria-label=\"Bild\u00a028 von 43 im Vollbildmodus \u00f6ffnen\"srcset=\"https:\/\/i1.wp.com\/www.light-style.eu\/Blog\/wp-content\/uploads\/2021\/10\/Elbsandsteingebirge-2025-1.jpg?strip=info&#038;w=600&#038;ssl=1 600w,https:\/\/i1.wp.com\/www.light-style.eu\/Blog\/wp-content\/uploads\/2021\/10\/Elbsandsteingebirge-2025-1.jpg?strip=info&#038;w=800&#038;ssl=1 800w\" alt=\"\" data-height=\"1200\" data-id=\"6181\" data-link=\"https:\/\/www.light-style.eu\/Blog\/?attachment_id=6181\" data-url=\"https:\/\/www.light-style.eu\/Blog\/wp-content\/uploads\/2021\/10\/Elbsandsteingebirge-2025-1.jpg\" data-width=\"800\" src=\"https:\/\/i1.wp.com\/www.light-style.eu\/Blog\/wp-content\/uploads\/2021\/10\/Elbsandsteingebirge-2025-1.jpg?ssl=1\" data-amp-layout=\"responsive\"\/><\/figure><\/div><div class=\"tiled-gallery__col\" style=\"flex-basis:34.48832%\"><figure class=\"tiled-gallery__item\"><img decoding=\"async\" data-attachment-id=\"6182\" data-permalink=\"https:\/\/www.light-style.eu\/Blog\/so-schoen-ist-deutschland\/elbsandsteingebirge-2046\/#main\" data-orig-file=\"https:\/\/i0.wp.com\/www.light-style.eu\/Blog\/wp-content\/uploads\/2021\/10\/Elbsandsteingebirge-2046.jpg?fit=1200%2C800&amp;ssl=1\" data-orig-size=\"1200,800\" data-comments-opened=\"1\" data-image-meta=\"{&quot;aperture&quot;:&quot;0&quot;,&quot;credit&quot;:&quot;Fotostudio Light-Style\\rAndi Moel&quot;,&quot;camera&quot;:&quot;&quot;,&quot;caption&quot;:&quot;&quot;,&quot;created_timestamp&quot;:&quot;0&quot;,&quot;copyright&quot;:&quot;www.light-style.eu&quot;,&quot;focal_length&quot;:&quot;0&quot;,&quot;iso&quot;:&quot;0&quot;,&quot;shutter_speed&quot;:&quot;0&quot;,&quot;title&quot;:&quot;&quot;,&quot;orientation&quot;:&quot;0&quot;}\" data-image-title=\"Elbsandsteingebirge-2046\" data-image-description=\"\" data-image-caption=\"\" data-large-file=\"https:\/\/i0.wp.com\/www.light-style.eu\/Blog\/wp-content\/uploads\/2021\/10\/Elbsandsteingebirge-2046.jpg?fit=1170%2C780&amp;ssl=1\" data-attachment-id=\"6182\" data-permalink=\"https:\/\/www.light-style.eu\/Blog\/so-schoen-ist-deutschland\/elbsandsteingebirge-2046\/#main\" data-orig-file=\"https:\/\/i0.wp.com\/www.light-style.eu\/Blog\/wp-content\/uploads\/2021\/10\/Elbsandsteingebirge-2046.jpg?fit=1200%2C800&amp;ssl=1\" data-orig-size=\"1200,800\" data-comments-opened=\"1\" data-image-meta=\"{&quot;aperture&quot;:&quot;0&quot;,&quot;credit&quot;:&quot;Fotostudio Light-Style\\rAndi Moel&quot;,&quot;camera&quot;:&quot;&quot;,&quot;caption&quot;:&quot;&quot;,&quot;created_timestamp&quot;:&quot;0&quot;,&quot;copyright&quot;:&quot;www.light-style.eu&quot;,&quot;focal_length&quot;:&quot;0&quot;,&quot;iso&quot;:&quot;0&quot;,&quot;shutter_speed&quot;:&quot;0&quot;,&quot;title&quot;:&quot;&quot;,&quot;orientation&quot;:&quot;0&quot;}\" data-image-title=\"Elbsandsteingebirge-2046\" data-image-description=\"\" data-image-caption=\"\" data-large-file=\"https:\/\/i0.wp.com\/www.light-style.eu\/Blog\/wp-content\/uploads\/2021\/10\/Elbsandsteingebirge-2046.jpg?fit=1170%2C780&amp;ssl=1\" role=\"button\" tabindex=\"0\" aria-label=\"Bild\u00a029 von 43 im Vollbildmodus \u00f6ffnen\"srcset=\"https:\/\/i1.wp.com\/www.light-style.eu\/Blog\/wp-content\/uploads\/2021\/10\/Elbsandsteingebirge-2046.jpg?strip=info&#038;w=600&#038;ssl=1 600w,https:\/\/i1.wp.com\/www.light-style.eu\/Blog\/wp-content\/uploads\/2021\/10\/Elbsandsteingebirge-2046.jpg?strip=info&#038;w=900&#038;ssl=1 900w,https:\/\/i1.wp.com\/www.light-style.eu\/Blog\/wp-content\/uploads\/2021\/10\/Elbsandsteingebirge-2046.jpg?strip=info&#038;w=1200&#038;ssl=1 1200w\" alt=\"\" data-height=\"800\" data-id=\"6182\" data-link=\"https:\/\/www.light-style.eu\/Blog\/?attachment_id=6182\" data-url=\"https:\/\/www.light-style.eu\/Blog\/wp-content\/uploads\/2021\/10\/Elbsandsteingebirge-2046.jpg\" data-width=\"1200\" src=\"https:\/\/i1.wp.com\/www.light-style.eu\/Blog\/wp-content\/uploads\/2021\/10\/Elbsandsteingebirge-2046.jpg?ssl=1\" data-amp-layout=\"responsive\"\/><\/figure><figure class=\"tiled-gallery__item\"><img decoding=\"async\" data-attachment-id=\"6183\" data-permalink=\"https:\/\/www.light-style.eu\/Blog\/so-schoen-ist-deutschland\/elbsandsteingebirge-2660-1\/#main\" data-orig-file=\"https:\/\/i0.wp.com\/www.light-style.eu\/Blog\/wp-content\/uploads\/2021\/10\/Elbsandsteingebirge-2660-1.jpg?fit=1200%2C800&amp;ssl=1\" data-orig-size=\"1200,800\" data-comments-opened=\"1\" data-image-meta=\"{&quot;aperture&quot;:&quot;0&quot;,&quot;credit&quot;:&quot;Fotostudio Light-Style\\rAndi Moel&quot;,&quot;camera&quot;:&quot;&quot;,&quot;caption&quot;:&quot;&quot;,&quot;created_timestamp&quot;:&quot;0&quot;,&quot;copyright&quot;:&quot;www.light-style.eu&quot;,&quot;focal_length&quot;:&quot;0&quot;,&quot;iso&quot;:&quot;0&quot;,&quot;shutter_speed&quot;:&quot;0&quot;,&quot;title&quot;:&quot;&quot;,&quot;orientation&quot;:&quot;0&quot;}\" data-image-title=\"Elbsandsteingebirge-2660-1\" data-image-description=\"\" data-image-caption=\"\" data-large-file=\"https:\/\/i0.wp.com\/www.light-style.eu\/Blog\/wp-content\/uploads\/2021\/10\/Elbsandsteingebirge-2660-1.jpg?fit=1170%2C780&amp;ssl=1\" data-attachment-id=\"6183\" data-permalink=\"https:\/\/www.light-style.eu\/Blog\/so-schoen-ist-deutschland\/elbsandsteingebirge-2660-1\/#main\" data-orig-file=\"https:\/\/i0.wp.com\/www.light-style.eu\/Blog\/wp-content\/uploads\/2021\/10\/Elbsandsteingebirge-2660-1.jpg?fit=1200%2C800&amp;ssl=1\" data-orig-size=\"1200,800\" data-comments-opened=\"1\" data-image-meta=\"{&quot;aperture&quot;:&quot;0&quot;,&quot;credit&quot;:&quot;Fotostudio Light-Style\\rAndi Moel&quot;,&quot;camera&quot;:&quot;&quot;,&quot;caption&quot;:&quot;&quot;,&quot;created_timestamp&quot;:&quot;0&quot;,&quot;copyright&quot;:&quot;www.light-style.eu&quot;,&quot;focal_length&quot;:&quot;0&quot;,&quot;iso&quot;:&quot;0&quot;,&quot;shutter_speed&quot;:&quot;0&quot;,&quot;title&quot;:&quot;&quot;,&quot;orientation&quot;:&quot;0&quot;}\" data-image-title=\"Elbsandsteingebirge-2660-1\" data-image-description=\"\" data-image-caption=\"\" data-large-file=\"https:\/\/i0.wp.com\/www.light-style.eu\/Blog\/wp-content\/uploads\/2021\/10\/Elbsandsteingebirge-2660-1.jpg?fit=1170%2C780&amp;ssl=1\" role=\"button\" tabindex=\"0\" aria-label=\"Bild\u00a030 von 43 im Vollbildmodus \u00f6ffnen\"srcset=\"https:\/\/i2.wp.com\/www.light-style.eu\/Blog\/wp-content\/uploads\/2021\/10\/Elbsandsteingebirge-2660-1.jpg?strip=info&#038;w=600&#038;ssl=1 600w,https:\/\/i2.wp.com\/www.light-style.eu\/Blog\/wp-content\/uploads\/2021\/10\/Elbsandsteingebirge-2660-1.jpg?strip=info&#038;w=900&#038;ssl=1 900w,https:\/\/i2.wp.com\/www.light-style.eu\/Blog\/wp-content\/uploads\/2021\/10\/Elbsandsteingebirge-2660-1.jpg?strip=info&#038;w=1200&#038;ssl=1 1200w\" alt=\"\" data-height=\"800\" data-id=\"6183\" data-link=\"https:\/\/www.light-style.eu\/Blog\/?attachment_id=6183\" data-url=\"https:\/\/www.light-style.eu\/Blog\/wp-content\/uploads\/2021\/10\/Elbsandsteingebirge-2660-1.jpg\" data-width=\"1200\" src=\"https:\/\/i2.wp.com\/www.light-style.eu\/Blog\/wp-content\/uploads\/2021\/10\/Elbsandsteingebirge-2660-1.jpg?ssl=1\" data-amp-layout=\"responsive\"\/><\/figure><\/div><\/div><div class=\"tiled-gallery__row\"><div class=\"tiled-gallery__col\" style=\"flex-basis:25.00000%\"><figure class=\"tiled-gallery__item\"><img decoding=\"async\" data-attachment-id=\"6184\" data-permalink=\"https:\/\/www.light-style.eu\/Blog\/so-schoen-ist-deutschland\/elbsandsteingebirge-2670-1\/#main\" data-orig-file=\"https:\/\/i0.wp.com\/www.light-style.eu\/Blog\/wp-content\/uploads\/2021\/10\/Elbsandsteingebirge-2670-1.jpg?fit=800%2C1200&amp;ssl=1\" data-orig-size=\"800,1200\" data-comments-opened=\"1\" data-image-meta=\"{&quot;aperture&quot;:&quot;0&quot;,&quot;credit&quot;:&quot;Fotostudio Light-Style\\rAndi Moel&quot;,&quot;camera&quot;:&quot;&quot;,&quot;caption&quot;:&quot;&quot;,&quot;created_timestamp&quot;:&quot;0&quot;,&quot;copyright&quot;:&quot;www.light-style.eu&quot;,&quot;focal_length&quot;:&quot;0&quot;,&quot;iso&quot;:&quot;0&quot;,&quot;shutter_speed&quot;:&quot;0&quot;,&quot;title&quot;:&quot;&quot;,&quot;orientation&quot;:&quot;0&quot;}\" data-image-title=\"Elbsandsteingebirge-2670-1\" data-image-description=\"\" data-image-caption=\"\" data-large-file=\"https:\/\/i0.wp.com\/www.light-style.eu\/Blog\/wp-content\/uploads\/2021\/10\/Elbsandsteingebirge-2670-1.jpg?fit=800%2C1200&amp;ssl=1\" data-attachment-id=\"6184\" data-permalink=\"https:\/\/www.light-style.eu\/Blog\/so-schoen-ist-deutschland\/elbsandsteingebirge-2670-1\/#main\" data-orig-file=\"https:\/\/i0.wp.com\/www.light-style.eu\/Blog\/wp-content\/uploads\/2021\/10\/Elbsandsteingebirge-2670-1.jpg?fit=800%2C1200&amp;ssl=1\" data-orig-size=\"800,1200\" data-comments-opened=\"1\" data-image-meta=\"{&quot;aperture&quot;:&quot;0&quot;,&quot;credit&quot;:&quot;Fotostudio Light-Style\\rAndi Moel&quot;,&quot;camera&quot;:&quot;&quot;,&quot;caption&quot;:&quot;&quot;,&quot;created_timestamp&quot;:&quot;0&quot;,&quot;copyright&quot;:&quot;www.light-style.eu&quot;,&quot;focal_length&quot;:&quot;0&quot;,&quot;iso&quot;:&quot;0&quot;,&quot;shutter_speed&quot;:&quot;0&quot;,&quot;title&quot;:&quot;&quot;,&quot;orientation&quot;:&quot;0&quot;}\" data-image-title=\"Elbsandsteingebirge-2670-1\" data-image-description=\"\" data-image-caption=\"\" data-large-file=\"https:\/\/i0.wp.com\/www.light-style.eu\/Blog\/wp-content\/uploads\/2021\/10\/Elbsandsteingebirge-2670-1.jpg?fit=800%2C1200&amp;ssl=1\" role=\"button\" tabindex=\"0\" aria-label=\"Bild\u00a031 von 43 im Vollbildmodus \u00f6ffnen\"srcset=\"https:\/\/i2.wp.com\/www.light-style.eu\/Blog\/wp-content\/uploads\/2021\/10\/Elbsandsteingebirge-2670-1.jpg?strip=info&#038;w=600&#038;ssl=1 600w,https:\/\/i2.wp.com\/www.light-style.eu\/Blog\/wp-content\/uploads\/2021\/10\/Elbsandsteingebirge-2670-1.jpg?strip=info&#038;w=800&#038;ssl=1 800w\" alt=\"\" data-height=\"1200\" data-id=\"6184\" data-link=\"https:\/\/www.light-style.eu\/Blog\/?attachment_id=6184\" data-url=\"https:\/\/www.light-style.eu\/Blog\/wp-content\/uploads\/2021\/10\/Elbsandsteingebirge-2670-1.jpg\" data-width=\"800\" src=\"https:\/\/i2.wp.com\/www.light-style.eu\/Blog\/wp-content\/uploads\/2021\/10\/Elbsandsteingebirge-2670-1.jpg?ssl=1\" data-amp-layout=\"responsive\"\/><\/figure><\/div><div class=\"tiled-gallery__col\" style=\"flex-basis:25.00000%\"><figure class=\"tiled-gallery__item\"><img decoding=\"async\" data-attachment-id=\"6185\" data-permalink=\"https:\/\/www.light-style.eu\/Blog\/so-schoen-ist-deutschland\/elbsandsteingebirge-2675-1\/#main\" data-orig-file=\"https:\/\/i0.wp.com\/www.light-style.eu\/Blog\/wp-content\/uploads\/2021\/10\/Elbsandsteingebirge-2675-1.jpg?fit=800%2C1200&amp;ssl=1\" data-orig-size=\"800,1200\" data-comments-opened=\"1\" data-image-meta=\"{&quot;aperture&quot;:&quot;0&quot;,&quot;credit&quot;:&quot;Fotostudio Light-Style\\rAndi Moel&quot;,&quot;camera&quot;:&quot;&quot;,&quot;caption&quot;:&quot;&quot;,&quot;created_timestamp&quot;:&quot;0&quot;,&quot;copyright&quot;:&quot;www.light-style.eu&quot;,&quot;focal_length&quot;:&quot;0&quot;,&quot;iso&quot;:&quot;0&quot;,&quot;shutter_speed&quot;:&quot;0&quot;,&quot;title&quot;:&quot;&quot;,&quot;orientation&quot;:&quot;0&quot;}\" data-image-title=\"Elbsandsteingebirge-2675-1\" data-image-description=\"\" data-image-caption=\"\" data-large-file=\"https:\/\/i0.wp.com\/www.light-style.eu\/Blog\/wp-content\/uploads\/2021\/10\/Elbsandsteingebirge-2675-1.jpg?fit=800%2C1200&amp;ssl=1\" data-attachment-id=\"6185\" data-permalink=\"https:\/\/www.light-style.eu\/Blog\/so-schoen-ist-deutschland\/elbsandsteingebirge-2675-1\/#main\" data-orig-file=\"https:\/\/i0.wp.com\/www.light-style.eu\/Blog\/wp-content\/uploads\/2021\/10\/Elbsandsteingebirge-2675-1.jpg?fit=800%2C1200&amp;ssl=1\" data-orig-size=\"800,1200\" data-comments-opened=\"1\" data-image-meta=\"{&quot;aperture&quot;:&quot;0&quot;,&quot;credit&quot;:&quot;Fotostudio Light-Style\\rAndi Moel&quot;,&quot;camera&quot;:&quot;&quot;,&quot;caption&quot;:&quot;&quot;,&quot;created_timestamp&quot;:&quot;0&quot;,&quot;copyright&quot;:&quot;www.light-style.eu&quot;,&quot;focal_length&quot;:&quot;0&quot;,&quot;iso&quot;:&quot;0&quot;,&quot;shutter_speed&quot;:&quot;0&quot;,&quot;title&quot;:&quot;&quot;,&quot;orientation&quot;:&quot;0&quot;}\" data-image-title=\"Elbsandsteingebirge-2675-1\" data-image-description=\"\" data-image-caption=\"\" data-large-file=\"https:\/\/i0.wp.com\/www.light-style.eu\/Blog\/wp-content\/uploads\/2021\/10\/Elbsandsteingebirge-2675-1.jpg?fit=800%2C1200&amp;ssl=1\" role=\"button\" tabindex=\"0\" aria-label=\"Bild\u00a032 von 43 im Vollbildmodus \u00f6ffnen\"srcset=\"https:\/\/i0.wp.com\/www.light-style.eu\/Blog\/wp-content\/uploads\/2021\/10\/Elbsandsteingebirge-2675-1.jpg?strip=info&#038;w=600&#038;ssl=1 600w,https:\/\/i0.wp.com\/www.light-style.eu\/Blog\/wp-content\/uploads\/2021\/10\/Elbsandsteingebirge-2675-1.jpg?strip=info&#038;w=800&#038;ssl=1 800w\" alt=\"\" data-height=\"1200\" data-id=\"6185\" data-link=\"https:\/\/www.light-style.eu\/Blog\/?attachment_id=6185\" data-url=\"https:\/\/www.light-style.eu\/Blog\/wp-content\/uploads\/2021\/10\/Elbsandsteingebirge-2675-1.jpg\" data-width=\"800\" src=\"https:\/\/i0.wp.com\/www.light-style.eu\/Blog\/wp-content\/uploads\/2021\/10\/Elbsandsteingebirge-2675-1.jpg?ssl=1\" data-amp-layout=\"responsive\"\/><\/figure><\/div><div class=\"tiled-gallery__col\" style=\"flex-basis:25.00000%\"><figure class=\"tiled-gallery__item\"><img decoding=\"async\" data-attachment-id=\"6186\" data-permalink=\"https:\/\/www.light-style.eu\/Blog\/so-schoen-ist-deutschland\/elbsandsteingebirge-2725-1\/#main\" data-orig-file=\"https:\/\/i0.wp.com\/www.light-style.eu\/Blog\/wp-content\/uploads\/2021\/10\/Elbsandsteingebirge-2725-1.jpg?fit=800%2C1200&amp;ssl=1\" data-orig-size=\"800,1200\" data-comments-opened=\"1\" data-image-meta=\"{&quot;aperture&quot;:&quot;0&quot;,&quot;credit&quot;:&quot;Fotostudio Light-Style\\rAndi Moel&quot;,&quot;camera&quot;:&quot;&quot;,&quot;caption&quot;:&quot;&quot;,&quot;created_timestamp&quot;:&quot;0&quot;,&quot;copyright&quot;:&quot;www.light-style.eu&quot;,&quot;focal_length&quot;:&quot;0&quot;,&quot;iso&quot;:&quot;0&quot;,&quot;shutter_speed&quot;:&quot;0&quot;,&quot;title&quot;:&quot;&quot;,&quot;orientation&quot;:&quot;0&quot;}\" data-image-title=\"Elbsandsteingebirge-2725-1\" data-image-description=\"\" data-image-caption=\"\" data-large-file=\"https:\/\/i0.wp.com\/www.light-style.eu\/Blog\/wp-content\/uploads\/2021\/10\/Elbsandsteingebirge-2725-1.jpg?fit=800%2C1200&amp;ssl=1\" data-attachment-id=\"6186\" data-permalink=\"https:\/\/www.light-style.eu\/Blog\/so-schoen-ist-deutschland\/elbsandsteingebirge-2725-1\/#main\" data-orig-file=\"https:\/\/i0.wp.com\/www.light-style.eu\/Blog\/wp-content\/uploads\/2021\/10\/Elbsandsteingebirge-2725-1.jpg?fit=800%2C1200&amp;ssl=1\" data-orig-size=\"800,1200\" data-comments-opened=\"1\" data-image-meta=\"{&quot;aperture&quot;:&quot;0&quot;,&quot;credit&quot;:&quot;Fotostudio Light-Style\\rAndi Moel&quot;,&quot;camera&quot;:&quot;&quot;,&quot;caption&quot;:&quot;&quot;,&quot;created_timestamp&quot;:&quot;0&quot;,&quot;copyright&quot;:&quot;www.light-style.eu&quot;,&quot;focal_length&quot;:&quot;0&quot;,&quot;iso&quot;:&quot;0&quot;,&quot;shutter_speed&quot;:&quot;0&quot;,&quot;title&quot;:&quot;&quot;,&quot;orientation&quot;:&quot;0&quot;}\" data-image-title=\"Elbsandsteingebirge-2725-1\" data-image-description=\"\" data-image-caption=\"\" data-large-file=\"https:\/\/i0.wp.com\/www.light-style.eu\/Blog\/wp-content\/uploads\/2021\/10\/Elbsandsteingebirge-2725-1.jpg?fit=800%2C1200&amp;ssl=1\" role=\"button\" tabindex=\"0\" aria-label=\"Bild\u00a033 von 43 im Vollbildmodus \u00f6ffnen\"srcset=\"https:\/\/i2.wp.com\/www.light-style.eu\/Blog\/wp-content\/uploads\/2021\/10\/Elbsandsteingebirge-2725-1.jpg?strip=info&#038;w=600&#038;ssl=1 600w,https:\/\/i2.wp.com\/www.light-style.eu\/Blog\/wp-content\/uploads\/2021\/10\/Elbsandsteingebirge-2725-1.jpg?strip=info&#038;w=800&#038;ssl=1 800w\" alt=\"\" data-height=\"1200\" data-id=\"6186\" data-link=\"https:\/\/www.light-style.eu\/Blog\/?attachment_id=6186\" data-url=\"https:\/\/www.light-style.eu\/Blog\/wp-content\/uploads\/2021\/10\/Elbsandsteingebirge-2725-1.jpg\" data-width=\"800\" src=\"https:\/\/i2.wp.com\/www.light-style.eu\/Blog\/wp-content\/uploads\/2021\/10\/Elbsandsteingebirge-2725-1.jpg?ssl=1\" data-amp-layout=\"responsive\"\/><\/figure><\/div><div class=\"tiled-gallery__col\" style=\"flex-basis:25.00000%\"><figure class=\"tiled-gallery__item\"><img decoding=\"async\" data-attachment-id=\"6187\" data-permalink=\"https:\/\/www.light-style.eu\/Blog\/so-schoen-ist-deutschland\/elbsandsteingebirge-2780-1\/#main\" data-orig-file=\"https:\/\/i0.wp.com\/www.light-style.eu\/Blog\/wp-content\/uploads\/2021\/10\/Elbsandsteingebirge-2780-1.jpg?fit=800%2C1200&amp;ssl=1\" data-orig-size=\"800,1200\" data-comments-opened=\"1\" data-image-meta=\"{&quot;aperture&quot;:&quot;0&quot;,&quot;credit&quot;:&quot;Fotostudio Light-Style\\rAndi Moel&quot;,&quot;camera&quot;:&quot;&quot;,&quot;caption&quot;:&quot;&quot;,&quot;created_timestamp&quot;:&quot;0&quot;,&quot;copyright&quot;:&quot;www.light-style.eu&quot;,&quot;focal_length&quot;:&quot;0&quot;,&quot;iso&quot;:&quot;0&quot;,&quot;shutter_speed&quot;:&quot;0&quot;,&quot;title&quot;:&quot;&quot;,&quot;orientation&quot;:&quot;0&quot;}\" data-image-title=\"Elbsandsteingebirge-2780-1\" data-image-description=\"\" data-image-caption=\"\" data-large-file=\"https:\/\/i0.wp.com\/www.light-style.eu\/Blog\/wp-content\/uploads\/2021\/10\/Elbsandsteingebirge-2780-1.jpg?fit=800%2C1200&amp;ssl=1\" data-attachment-id=\"6187\" data-permalink=\"https:\/\/www.light-style.eu\/Blog\/so-schoen-ist-deutschland\/elbsandsteingebirge-2780-1\/#main\" data-orig-file=\"https:\/\/i0.wp.com\/www.light-style.eu\/Blog\/wp-content\/uploads\/2021\/10\/Elbsandsteingebirge-2780-1.jpg?fit=800%2C1200&amp;ssl=1\" data-orig-size=\"800,1200\" data-comments-opened=\"1\" data-image-meta=\"{&quot;aperture&quot;:&quot;0&quot;,&quot;credit&quot;:&quot;Fotostudio Light-Style\\rAndi Moel&quot;,&quot;camera&quot;:&quot;&quot;,&quot;caption&quot;:&quot;&quot;,&quot;created_timestamp&quot;:&quot;0&quot;,&quot;copyright&quot;:&quot;www.light-style.eu&quot;,&quot;focal_length&quot;:&quot;0&quot;,&quot;iso&quot;:&quot;0&quot;,&quot;shutter_speed&quot;:&quot;0&quot;,&quot;title&quot;:&quot;&quot;,&quot;orientation&quot;:&quot;0&quot;}\" data-image-title=\"Elbsandsteingebirge-2780-1\" data-image-description=\"\" data-image-caption=\"\" data-large-file=\"https:\/\/i0.wp.com\/www.light-style.eu\/Blog\/wp-content\/uploads\/2021\/10\/Elbsandsteingebirge-2780-1.jpg?fit=800%2C1200&amp;ssl=1\" role=\"button\" tabindex=\"0\" aria-label=\"Bild\u00a034 von 43 im Vollbildmodus \u00f6ffnen\"srcset=\"https:\/\/i0.wp.com\/www.light-style.eu\/Blog\/wp-content\/uploads\/2021\/10\/Elbsandsteingebirge-2780-1.jpg?strip=info&#038;w=600&#038;ssl=1 600w,https:\/\/i0.wp.com\/www.light-style.eu\/Blog\/wp-content\/uploads\/2021\/10\/Elbsandsteingebirge-2780-1.jpg?strip=info&#038;w=800&#038;ssl=1 800w\" alt=\"\" data-height=\"1200\" data-id=\"6187\" data-link=\"https:\/\/www.light-style.eu\/Blog\/?attachment_id=6187\" data-url=\"https:\/\/www.light-style.eu\/Blog\/wp-content\/uploads\/2021\/10\/Elbsandsteingebirge-2780-1.jpg\" data-width=\"800\" src=\"https:\/\/i0.wp.com\/www.light-style.eu\/Blog\/wp-content\/uploads\/2021\/10\/Elbsandsteingebirge-2780-1.jpg?ssl=1\" data-amp-layout=\"responsive\"\/><\/figure><\/div><\/div><div class=\"tiled-gallery__row\"><div class=\"tiled-gallery__col\" style=\"flex-basis:57.36571%\"><figure class=\"tiled-gallery__item\"><img decoding=\"async\" data-attachment-id=\"6188\" data-permalink=\"https:\/\/www.light-style.eu\/Blog\/so-schoen-ist-deutschland\/elbsandsteingebirge-2810-1\/#main\" data-orig-file=\"https:\/\/i0.wp.com\/www.light-style.eu\/Blog\/wp-content\/uploads\/2021\/10\/Elbsandsteingebirge-2810-1.jpg?fit=800%2C1200&amp;ssl=1\" data-orig-size=\"800,1200\" data-comments-opened=\"1\" data-image-meta=\"{&quot;aperture&quot;:&quot;0&quot;,&quot;credit&quot;:&quot;Fotostudio Light-Style\\rAndi Moel&quot;,&quot;camera&quot;:&quot;&quot;,&quot;caption&quot;:&quot;&quot;,&quot;created_timestamp&quot;:&quot;0&quot;,&quot;copyright&quot;:&quot;www.light-style.eu&quot;,&quot;focal_length&quot;:&quot;0&quot;,&quot;iso&quot;:&quot;0&quot;,&quot;shutter_speed&quot;:&quot;0&quot;,&quot;title&quot;:&quot;&quot;,&quot;orientation&quot;:&quot;0&quot;}\" data-image-title=\"Elbsandsteingebirge-2810-1\" data-image-description=\"\" data-image-caption=\"\" data-large-file=\"https:\/\/i0.wp.com\/www.light-style.eu\/Blog\/wp-content\/uploads\/2021\/10\/Elbsandsteingebirge-2810-1.jpg?fit=800%2C1200&amp;ssl=1\" data-attachment-id=\"6188\" data-permalink=\"https:\/\/www.light-style.eu\/Blog\/so-schoen-ist-deutschland\/elbsandsteingebirge-2810-1\/#main\" data-orig-file=\"https:\/\/i0.wp.com\/www.light-style.eu\/Blog\/wp-content\/uploads\/2021\/10\/Elbsandsteingebirge-2810-1.jpg?fit=800%2C1200&amp;ssl=1\" data-orig-size=\"800,1200\" data-comments-opened=\"1\" data-image-meta=\"{&quot;aperture&quot;:&quot;0&quot;,&quot;credit&quot;:&quot;Fotostudio Light-Style\\rAndi Moel&quot;,&quot;camera&quot;:&quot;&quot;,&quot;caption&quot;:&quot;&quot;,&quot;created_timestamp&quot;:&quot;0&quot;,&quot;copyright&quot;:&quot;www.light-style.eu&quot;,&quot;focal_length&quot;:&quot;0&quot;,&quot;iso&quot;:&quot;0&quot;,&quot;shutter_speed&quot;:&quot;0&quot;,&quot;title&quot;:&quot;&quot;,&quot;orientation&quot;:&quot;0&quot;}\" data-image-title=\"Elbsandsteingebirge-2810-1\" data-image-description=\"\" data-image-caption=\"\" data-large-file=\"https:\/\/i0.wp.com\/www.light-style.eu\/Blog\/wp-content\/uploads\/2021\/10\/Elbsandsteingebirge-2810-1.jpg?fit=800%2C1200&amp;ssl=1\" role=\"button\" tabindex=\"0\" aria-label=\"Bild\u00a035 von 43 im Vollbildmodus \u00f6ffnen\"srcset=\"https:\/\/i2.wp.com\/www.light-style.eu\/Blog\/wp-content\/uploads\/2021\/10\/Elbsandsteingebirge-2810-1.jpg?strip=info&#038;w=600&#038;ssl=1 600w,https:\/\/i2.wp.com\/www.light-style.eu\/Blog\/wp-content\/uploads\/2021\/10\/Elbsandsteingebirge-2810-1.jpg?strip=info&#038;w=800&#038;ssl=1 800w\" alt=\"\" data-height=\"1200\" data-id=\"6188\" data-link=\"https:\/\/www.light-style.eu\/Blog\/?attachment_id=6188\" data-url=\"https:\/\/www.light-style.eu\/Blog\/wp-content\/uploads\/2021\/10\/Elbsandsteingebirge-2810-1.jpg\" data-width=\"800\" src=\"https:\/\/i2.wp.com\/www.light-style.eu\/Blog\/wp-content\/uploads\/2021\/10\/Elbsandsteingebirge-2810-1.jpg?ssl=1\" data-amp-layout=\"responsive\"\/><\/figure><\/div><div class=\"tiled-gallery__col\" style=\"flex-basis:42.63429%\"><figure class=\"tiled-gallery__item\"><img decoding=\"async\" data-attachment-id=\"6189\" data-permalink=\"https:\/\/www.light-style.eu\/Blog\/so-schoen-ist-deutschland\/elbsandsteingebirge-2825-1\/#main\" data-orig-file=\"https:\/\/i0.wp.com\/www.light-style.eu\/Blog\/wp-content\/uploads\/2021\/10\/Elbsandsteingebirge-2825-1.jpg?fit=1200%2C800&amp;ssl=1\" data-orig-size=\"1200,800\" data-comments-opened=\"1\" data-image-meta=\"{&quot;aperture&quot;:&quot;0&quot;,&quot;credit&quot;:&quot;Fotostudio Light-Style\\rAndi Moel&quot;,&quot;camera&quot;:&quot;&quot;,&quot;caption&quot;:&quot;&quot;,&quot;created_timestamp&quot;:&quot;0&quot;,&quot;copyright&quot;:&quot;www.light-style.eu&quot;,&quot;focal_length&quot;:&quot;0&quot;,&quot;iso&quot;:&quot;0&quot;,&quot;shutter_speed&quot;:&quot;0&quot;,&quot;title&quot;:&quot;&quot;,&quot;orientation&quot;:&quot;0&quot;}\" data-image-title=\"Elbsandsteingebirge-2825-1\" data-image-description=\"\" data-image-caption=\"\" data-large-file=\"https:\/\/i0.wp.com\/www.light-style.eu\/Blog\/wp-content\/uploads\/2021\/10\/Elbsandsteingebirge-2825-1.jpg?fit=1170%2C780&amp;ssl=1\" data-attachment-id=\"6189\" data-permalink=\"https:\/\/www.light-style.eu\/Blog\/so-schoen-ist-deutschland\/elbsandsteingebirge-2825-1\/#main\" data-orig-file=\"https:\/\/i0.wp.com\/www.light-style.eu\/Blog\/wp-content\/uploads\/2021\/10\/Elbsandsteingebirge-2825-1.jpg?fit=1200%2C800&amp;ssl=1\" data-orig-size=\"1200,800\" data-comments-opened=\"1\" data-image-meta=\"{&quot;aperture&quot;:&quot;0&quot;,&quot;credit&quot;:&quot;Fotostudio Light-Style\\rAndi Moel&quot;,&quot;camera&quot;:&quot;&quot;,&quot;caption&quot;:&quot;&quot;,&quot;created_timestamp&quot;:&quot;0&quot;,&quot;copyright&quot;:&quot;www.light-style.eu&quot;,&quot;focal_length&quot;:&quot;0&quot;,&quot;iso&quot;:&quot;0&quot;,&quot;shutter_speed&quot;:&quot;0&quot;,&quot;title&quot;:&quot;&quot;,&quot;orientation&quot;:&quot;0&quot;}\" data-image-title=\"Elbsandsteingebirge-2825-1\" data-image-description=\"\" data-image-caption=\"\" data-large-file=\"https:\/\/i0.wp.com\/www.light-style.eu\/Blog\/wp-content\/uploads\/2021\/10\/Elbsandsteingebirge-2825-1.jpg?fit=1170%2C780&amp;ssl=1\" role=\"button\" tabindex=\"0\" aria-label=\"Bild\u00a036 von 43 im Vollbildmodus \u00f6ffnen\"srcset=\"https:\/\/i0.wp.com\/www.light-style.eu\/Blog\/wp-content\/uploads\/2021\/10\/Elbsandsteingebirge-2825-1.jpg?strip=info&#038;w=600&#038;ssl=1 600w,https:\/\/i0.wp.com\/www.light-style.eu\/Blog\/wp-content\/uploads\/2021\/10\/Elbsandsteingebirge-2825-1.jpg?strip=info&#038;w=900&#038;ssl=1 900w,https:\/\/i0.wp.com\/www.light-style.eu\/Blog\/wp-content\/uploads\/2021\/10\/Elbsandsteingebirge-2825-1.jpg?strip=info&#038;w=1200&#038;ssl=1 1200w\" alt=\"\" data-height=\"800\" data-id=\"6189\" data-link=\"https:\/\/www.light-style.eu\/Blog\/?attachment_id=6189\" data-url=\"https:\/\/www.light-style.eu\/Blog\/wp-content\/uploads\/2021\/10\/Elbsandsteingebirge-2825-1.jpg\" data-width=\"1200\" src=\"https:\/\/i0.wp.com\/www.light-style.eu\/Blog\/wp-content\/uploads\/2021\/10\/Elbsandsteingebirge-2825-1.jpg?ssl=1\" data-amp-layout=\"responsive\"\/><\/figure><figure class=\"tiled-gallery__item\"><img decoding=\"async\" data-attachment-id=\"6190\" data-permalink=\"https:\/\/www.light-style.eu\/Blog\/so-schoen-ist-deutschland\/elbsandsteingebirge-3105-1\/#main\" data-orig-file=\"https:\/\/i0.wp.com\/www.light-style.eu\/Blog\/wp-content\/uploads\/2021\/10\/Elbsandsteingebirge-3105-1.jpg?fit=1200%2C800&amp;ssl=1\" data-orig-size=\"1200,800\" data-comments-opened=\"1\" data-image-meta=\"{&quot;aperture&quot;:&quot;0&quot;,&quot;credit&quot;:&quot;Fotostudio Light-Style\\rAndi Moel&quot;,&quot;camera&quot;:&quot;&quot;,&quot;caption&quot;:&quot;&quot;,&quot;created_timestamp&quot;:&quot;0&quot;,&quot;copyright&quot;:&quot;www.light-style.eu&quot;,&quot;focal_length&quot;:&quot;0&quot;,&quot;iso&quot;:&quot;0&quot;,&quot;shutter_speed&quot;:&quot;0&quot;,&quot;title&quot;:&quot;&quot;,&quot;orientation&quot;:&quot;0&quot;}\" data-image-title=\"Elbsandsteingebirge-3105-1\" data-image-description=\"\" data-image-caption=\"\" data-large-file=\"https:\/\/i0.wp.com\/www.light-style.eu\/Blog\/wp-content\/uploads\/2021\/10\/Elbsandsteingebirge-3105-1.jpg?fit=1170%2C780&amp;ssl=1\" data-attachment-id=\"6190\" data-permalink=\"https:\/\/www.light-style.eu\/Blog\/so-schoen-ist-deutschland\/elbsandsteingebirge-3105-1\/#main\" data-orig-file=\"https:\/\/i0.wp.com\/www.light-style.eu\/Blog\/wp-content\/uploads\/2021\/10\/Elbsandsteingebirge-3105-1.jpg?fit=1200%2C800&amp;ssl=1\" data-orig-size=\"1200,800\" data-comments-opened=\"1\" data-image-meta=\"{&quot;aperture&quot;:&quot;0&quot;,&quot;credit&quot;:&quot;Fotostudio Light-Style\\rAndi Moel&quot;,&quot;camera&quot;:&quot;&quot;,&quot;caption&quot;:&quot;&quot;,&quot;created_timestamp&quot;:&quot;0&quot;,&quot;copyright&quot;:&quot;www.light-style.eu&quot;,&quot;focal_length&quot;:&quot;0&quot;,&quot;iso&quot;:&quot;0&quot;,&quot;shutter_speed&quot;:&quot;0&quot;,&quot;title&quot;:&quot;&quot;,&quot;orientation&quot;:&quot;0&quot;}\" data-image-title=\"Elbsandsteingebirge-3105-1\" data-image-description=\"\" data-image-caption=\"\" data-large-file=\"https:\/\/i0.wp.com\/www.light-style.eu\/Blog\/wp-content\/uploads\/2021\/10\/Elbsandsteingebirge-3105-1.jpg?fit=1170%2C780&amp;ssl=1\" role=\"button\" tabindex=\"0\" aria-label=\"Bild\u00a037 von 43 im Vollbildmodus \u00f6ffnen\"srcset=\"https:\/\/i1.wp.com\/www.light-style.eu\/Blog\/wp-content\/uploads\/2021\/10\/Elbsandsteingebirge-3105-1.jpg?strip=info&#038;w=600&#038;ssl=1 600w,https:\/\/i1.wp.com\/www.light-style.eu\/Blog\/wp-content\/uploads\/2021\/10\/Elbsandsteingebirge-3105-1.jpg?strip=info&#038;w=900&#038;ssl=1 900w,https:\/\/i1.wp.com\/www.light-style.eu\/Blog\/wp-content\/uploads\/2021\/10\/Elbsandsteingebirge-3105-1.jpg?strip=info&#038;w=1200&#038;ssl=1 1200w\" alt=\"\" data-height=\"800\" data-id=\"6190\" data-link=\"https:\/\/www.light-style.eu\/Blog\/?attachment_id=6190\" data-url=\"https:\/\/www.light-style.eu\/Blog\/wp-content\/uploads\/2021\/10\/Elbsandsteingebirge-3105-1.jpg\" data-width=\"1200\" src=\"https:\/\/i1.wp.com\/www.light-style.eu\/Blog\/wp-content\/uploads\/2021\/10\/Elbsandsteingebirge-3105-1.jpg?ssl=1\" data-amp-layout=\"responsive\"\/><\/figure><figure class=\"tiled-gallery__item\"><img decoding=\"async\" data-attachment-id=\"6191\" data-permalink=\"https:\/\/www.light-style.eu\/Blog\/so-schoen-ist-deutschland\/elbsandsteingebirge-3141-1\/#main\" data-orig-file=\"https:\/\/i0.wp.com\/www.light-style.eu\/Blog\/wp-content\/uploads\/2021\/10\/Elbsandsteingebirge-3141-1.jpg?fit=1200%2C800&amp;ssl=1\" data-orig-size=\"1200,800\" data-comments-opened=\"1\" data-image-meta=\"{&quot;aperture&quot;:&quot;0&quot;,&quot;credit&quot;:&quot;Fotostudio Light-Style\\rAndi Moel&quot;,&quot;camera&quot;:&quot;&quot;,&quot;caption&quot;:&quot;&quot;,&quot;created_timestamp&quot;:&quot;0&quot;,&quot;copyright&quot;:&quot;www.light-style.eu&quot;,&quot;focal_length&quot;:&quot;0&quot;,&quot;iso&quot;:&quot;0&quot;,&quot;shutter_speed&quot;:&quot;0&quot;,&quot;title&quot;:&quot;&quot;,&quot;orientation&quot;:&quot;0&quot;}\" data-image-title=\"Elbsandsteingebirge-3141-1\" data-image-description=\"\" data-image-caption=\"\" data-large-file=\"https:\/\/i0.wp.com\/www.light-style.eu\/Blog\/wp-content\/uploads\/2021\/10\/Elbsandsteingebirge-3141-1.jpg?fit=1170%2C780&amp;ssl=1\" data-attachment-id=\"6191\" data-permalink=\"https:\/\/www.light-style.eu\/Blog\/so-schoen-ist-deutschland\/elbsandsteingebirge-3141-1\/#main\" data-orig-file=\"https:\/\/i0.wp.com\/www.light-style.eu\/Blog\/wp-content\/uploads\/2021\/10\/Elbsandsteingebirge-3141-1.jpg?fit=1200%2C800&amp;ssl=1\" data-orig-size=\"1200,800\" data-comments-opened=\"1\" data-image-meta=\"{&quot;aperture&quot;:&quot;0&quot;,&quot;credit&quot;:&quot;Fotostudio Light-Style\\rAndi Moel&quot;,&quot;camera&quot;:&quot;&quot;,&quot;caption&quot;:&quot;&quot;,&quot;created_timestamp&quot;:&quot;0&quot;,&quot;copyright&quot;:&quot;www.light-style.eu&quot;,&quot;focal_length&quot;:&quot;0&quot;,&quot;iso&quot;:&quot;0&quot;,&quot;shutter_speed&quot;:&quot;0&quot;,&quot;title&quot;:&quot;&quot;,&quot;orientation&quot;:&quot;0&quot;}\" data-image-title=\"Elbsandsteingebirge-3141-1\" data-image-description=\"\" data-image-caption=\"\" data-large-file=\"https:\/\/i0.wp.com\/www.light-style.eu\/Blog\/wp-content\/uploads\/2021\/10\/Elbsandsteingebirge-3141-1.jpg?fit=1170%2C780&amp;ssl=1\" role=\"button\" tabindex=\"0\" aria-label=\"Bild\u00a038 von 43 im Vollbildmodus \u00f6ffnen\"srcset=\"https:\/\/i1.wp.com\/www.light-style.eu\/Blog\/wp-content\/uploads\/2021\/10\/Elbsandsteingebirge-3141-1.jpg?strip=info&#038;w=600&#038;ssl=1 600w,https:\/\/i1.wp.com\/www.light-style.eu\/Blog\/wp-content\/uploads\/2021\/10\/Elbsandsteingebirge-3141-1.jpg?strip=info&#038;w=900&#038;ssl=1 900w,https:\/\/i1.wp.com\/www.light-style.eu\/Blog\/wp-content\/uploads\/2021\/10\/Elbsandsteingebirge-3141-1.jpg?strip=info&#038;w=1200&#038;ssl=1 1200w\" alt=\"\" data-height=\"800\" data-id=\"6191\" data-link=\"https:\/\/www.light-style.eu\/Blog\/?attachment_id=6191\" data-url=\"https:\/\/www.light-style.eu\/Blog\/wp-content\/uploads\/2021\/10\/Elbsandsteingebirge-3141-1.jpg\" data-width=\"1200\" src=\"https:\/\/i1.wp.com\/www.light-style.eu\/Blog\/wp-content\/uploads\/2021\/10\/Elbsandsteingebirge-3141-1.jpg?ssl=1\" data-amp-layout=\"responsive\"\/><\/figure><\/div><\/div><div class=\"tiled-gallery__row\"><div class=\"tiled-gallery__col\" style=\"flex-basis:40.87538%\"><figure class=\"tiled-gallery__item\"><img decoding=\"async\" data-attachment-id=\"6192\" data-permalink=\"https:\/\/www.light-style.eu\/Blog\/so-schoen-ist-deutschland\/elbsandsteingebirge-3165-1\/#main\" data-orig-file=\"https:\/\/i0.wp.com\/www.light-style.eu\/Blog\/wp-content\/uploads\/2021\/10\/Elbsandsteingebirge-3165-1.jpg?fit=1200%2C800&amp;ssl=1\" data-orig-size=\"1200,800\" data-comments-opened=\"1\" data-image-meta=\"{&quot;aperture&quot;:&quot;0&quot;,&quot;credit&quot;:&quot;Fotostudio Light-Style\\rAndi Moel&quot;,&quot;camera&quot;:&quot;&quot;,&quot;caption&quot;:&quot;&quot;,&quot;created_timestamp&quot;:&quot;0&quot;,&quot;copyright&quot;:&quot;www.light-style.eu&quot;,&quot;focal_length&quot;:&quot;0&quot;,&quot;iso&quot;:&quot;0&quot;,&quot;shutter_speed&quot;:&quot;0&quot;,&quot;title&quot;:&quot;&quot;,&quot;orientation&quot;:&quot;0&quot;}\" data-image-title=\"Elbsandsteingebirge-3165-1\" data-image-description=\"\" data-image-caption=\"\" data-large-file=\"https:\/\/i0.wp.com\/www.light-style.eu\/Blog\/wp-content\/uploads\/2021\/10\/Elbsandsteingebirge-3165-1.jpg?fit=1170%2C780&amp;ssl=1\" data-attachment-id=\"6192\" data-permalink=\"https:\/\/www.light-style.eu\/Blog\/so-schoen-ist-deutschland\/elbsandsteingebirge-3165-1\/#main\" data-orig-file=\"https:\/\/i0.wp.com\/www.light-style.eu\/Blog\/wp-content\/uploads\/2021\/10\/Elbsandsteingebirge-3165-1.jpg?fit=1200%2C800&amp;ssl=1\" data-orig-size=\"1200,800\" data-comments-opened=\"1\" data-image-meta=\"{&quot;aperture&quot;:&quot;0&quot;,&quot;credit&quot;:&quot;Fotostudio Light-Style\\rAndi Moel&quot;,&quot;camera&quot;:&quot;&quot;,&quot;caption&quot;:&quot;&quot;,&quot;created_timestamp&quot;:&quot;0&quot;,&quot;copyright&quot;:&quot;www.light-style.eu&quot;,&quot;focal_length&quot;:&quot;0&quot;,&quot;iso&quot;:&quot;0&quot;,&quot;shutter_speed&quot;:&quot;0&quot;,&quot;title&quot;:&quot;&quot;,&quot;orientation&quot;:&quot;0&quot;}\" data-image-title=\"Elbsandsteingebirge-3165-1\" data-image-description=\"\" data-image-caption=\"\" data-large-file=\"https:\/\/i0.wp.com\/www.light-style.eu\/Blog\/wp-content\/uploads\/2021\/10\/Elbsandsteingebirge-3165-1.jpg?fit=1170%2C780&amp;ssl=1\" role=\"button\" tabindex=\"0\" aria-label=\"Bild\u00a039 von 43 im Vollbildmodus \u00f6ffnen\"srcset=\"https:\/\/i0.wp.com\/www.light-style.eu\/Blog\/wp-content\/uploads\/2021\/10\/Elbsandsteingebirge-3165-1.jpg?strip=info&#038;w=600&#038;ssl=1 600w,https:\/\/i0.wp.com\/www.light-style.eu\/Blog\/wp-content\/uploads\/2021\/10\/Elbsandsteingebirge-3165-1.jpg?strip=info&#038;w=900&#038;ssl=1 900w,https:\/\/i0.wp.com\/www.light-style.eu\/Blog\/wp-content\/uploads\/2021\/10\/Elbsandsteingebirge-3165-1.jpg?strip=info&#038;w=1200&#038;ssl=1 1200w\" alt=\"\" data-height=\"800\" data-id=\"6192\" data-link=\"https:\/\/www.light-style.eu\/Blog\/?attachment_id=6192\" data-url=\"https:\/\/www.light-style.eu\/Blog\/wp-content\/uploads\/2021\/10\/Elbsandsteingebirge-3165-1.jpg\" data-width=\"1200\" src=\"https:\/\/i0.wp.com\/www.light-style.eu\/Blog\/wp-content\/uploads\/2021\/10\/Elbsandsteingebirge-3165-1.jpg?ssl=1\" data-amp-layout=\"responsive\"\/><\/figure><\/div><div class=\"tiled-gallery__col\" style=\"flex-basis:18.24924%\"><figure class=\"tiled-gallery__item\"><img decoding=\"async\" data-attachment-id=\"6193\" data-permalink=\"https:\/\/www.light-style.eu\/Blog\/so-schoen-ist-deutschland\/elbsandsteingebirge-3178-1\/#main\" data-orig-file=\"https:\/\/i0.wp.com\/www.light-style.eu\/Blog\/wp-content\/uploads\/2021\/10\/Elbsandsteingebirge-3178-1.jpg?fit=800%2C1200&amp;ssl=1\" data-orig-size=\"800,1200\" data-comments-opened=\"1\" data-image-meta=\"{&quot;aperture&quot;:&quot;0&quot;,&quot;credit&quot;:&quot;Fotostudio Light-Style\\rAndi Moel&quot;,&quot;camera&quot;:&quot;&quot;,&quot;caption&quot;:&quot;&quot;,&quot;created_timestamp&quot;:&quot;0&quot;,&quot;copyright&quot;:&quot;www.light-style.eu&quot;,&quot;focal_length&quot;:&quot;0&quot;,&quot;iso&quot;:&quot;0&quot;,&quot;shutter_speed&quot;:&quot;0&quot;,&quot;title&quot;:&quot;&quot;,&quot;orientation&quot;:&quot;0&quot;}\" data-image-title=\"Elbsandsteingebirge-3178-1\" data-image-description=\"\" data-image-caption=\"\" data-large-file=\"https:\/\/i0.wp.com\/www.light-style.eu\/Blog\/wp-content\/uploads\/2021\/10\/Elbsandsteingebirge-3178-1.jpg?fit=800%2C1200&amp;ssl=1\" data-attachment-id=\"6193\" data-permalink=\"https:\/\/www.light-style.eu\/Blog\/so-schoen-ist-deutschland\/elbsandsteingebirge-3178-1\/#main\" data-orig-file=\"https:\/\/i0.wp.com\/www.light-style.eu\/Blog\/wp-content\/uploads\/2021\/10\/Elbsandsteingebirge-3178-1.jpg?fit=800%2C1200&amp;ssl=1\" data-orig-size=\"800,1200\" data-comments-opened=\"1\" data-image-meta=\"{&quot;aperture&quot;:&quot;0&quot;,&quot;credit&quot;:&quot;Fotostudio Light-Style\\rAndi Moel&quot;,&quot;camera&quot;:&quot;&quot;,&quot;caption&quot;:&quot;&quot;,&quot;created_timestamp&quot;:&quot;0&quot;,&quot;copyright&quot;:&quot;www.light-style.eu&quot;,&quot;focal_length&quot;:&quot;0&quot;,&quot;iso&quot;:&quot;0&quot;,&quot;shutter_speed&quot;:&quot;0&quot;,&quot;title&quot;:&quot;&quot;,&quot;orientation&quot;:&quot;0&quot;}\" data-image-title=\"Elbsandsteingebirge-3178-1\" data-image-description=\"\" data-image-caption=\"\" data-large-file=\"https:\/\/i0.wp.com\/www.light-style.eu\/Blog\/wp-content\/uploads\/2021\/10\/Elbsandsteingebirge-3178-1.jpg?fit=800%2C1200&amp;ssl=1\" role=\"button\" tabindex=\"0\" aria-label=\"Bild\u00a040 von 43 im Vollbildmodus \u00f6ffnen\"srcset=\"https:\/\/i2.wp.com\/www.light-style.eu\/Blog\/wp-content\/uploads\/2021\/10\/Elbsandsteingebirge-3178-1.jpg?strip=info&#038;w=600&#038;ssl=1 600w,https:\/\/i2.wp.com\/www.light-style.eu\/Blog\/wp-content\/uploads\/2021\/10\/Elbsandsteingebirge-3178-1.jpg?strip=info&#038;w=800&#038;ssl=1 800w\" alt=\"\" data-height=\"1200\" data-id=\"6193\" data-link=\"https:\/\/www.light-style.eu\/Blog\/?attachment_id=6193\" data-url=\"https:\/\/www.light-style.eu\/Blog\/wp-content\/uploads\/2021\/10\/Elbsandsteingebirge-3178-1.jpg\" data-width=\"800\" src=\"https:\/\/i2.wp.com\/www.light-style.eu\/Blog\/wp-content\/uploads\/2021\/10\/Elbsandsteingebirge-3178-1.jpg?ssl=1\" data-amp-layout=\"responsive\"\/><\/figure><\/div><div class=\"tiled-gallery__col\" style=\"flex-basis:40.87538%\"><figure class=\"tiled-gallery__item\"><img decoding=\"async\" data-attachment-id=\"6194\" data-permalink=\"https:\/\/www.light-style.eu\/Blog\/so-schoen-ist-deutschland\/elbsandsteingebirge-3252-1\/#main\" data-orig-file=\"https:\/\/i0.wp.com\/www.light-style.eu\/Blog\/wp-content\/uploads\/2021\/10\/Elbsandsteingebirge-3252-1.jpg?fit=1200%2C800&amp;ssl=1\" data-orig-size=\"1200,800\" data-comments-opened=\"1\" data-image-meta=\"{&quot;aperture&quot;:&quot;0&quot;,&quot;credit&quot;:&quot;Fotostudio Light-Style\\rAndi Moel&quot;,&quot;camera&quot;:&quot;&quot;,&quot;caption&quot;:&quot;&quot;,&quot;created_timestamp&quot;:&quot;0&quot;,&quot;copyright&quot;:&quot;www.light-style.eu&quot;,&quot;focal_length&quot;:&quot;0&quot;,&quot;iso&quot;:&quot;0&quot;,&quot;shutter_speed&quot;:&quot;0&quot;,&quot;title&quot;:&quot;&quot;,&quot;orientation&quot;:&quot;0&quot;}\" data-image-title=\"Elbsandsteingebirge-3252-1\" data-image-description=\"\" data-image-caption=\"\" data-large-file=\"https:\/\/i0.wp.com\/www.light-style.eu\/Blog\/wp-content\/uploads\/2021\/10\/Elbsandsteingebirge-3252-1.jpg?fit=1170%2C780&amp;ssl=1\" data-attachment-id=\"6194\" data-permalink=\"https:\/\/www.light-style.eu\/Blog\/so-schoen-ist-deutschland\/elbsandsteingebirge-3252-1\/#main\" data-orig-file=\"https:\/\/i0.wp.com\/www.light-style.eu\/Blog\/wp-content\/uploads\/2021\/10\/Elbsandsteingebirge-3252-1.jpg?fit=1200%2C800&amp;ssl=1\" data-orig-size=\"1200,800\" data-comments-opened=\"1\" data-image-meta=\"{&quot;aperture&quot;:&quot;0&quot;,&quot;credit&quot;:&quot;Fotostudio Light-Style\\rAndi Moel&quot;,&quot;camera&quot;:&quot;&quot;,&quot;caption&quot;:&quot;&quot;,&quot;created_timestamp&quot;:&quot;0&quot;,&quot;copyright&quot;:&quot;www.light-style.eu&quot;,&quot;focal_length&quot;:&quot;0&quot;,&quot;iso&quot;:&quot;0&quot;,&quot;shutter_speed&quot;:&quot;0&quot;,&quot;title&quot;:&quot;&quot;,&quot;orientation&quot;:&quot;0&quot;}\" data-image-title=\"Elbsandsteingebirge-3252-1\" data-image-description=\"\" data-image-caption=\"\" data-large-file=\"https:\/\/i0.wp.com\/www.light-style.eu\/Blog\/wp-content\/uploads\/2021\/10\/Elbsandsteingebirge-3252-1.jpg?fit=1170%2C780&amp;ssl=1\" role=\"button\" tabindex=\"0\" aria-label=\"Bild\u00a041 von 43 im Vollbildmodus \u00f6ffnen\"srcset=\"https:\/\/i0.wp.com\/www.light-style.eu\/Blog\/wp-content\/uploads\/2021\/10\/Elbsandsteingebirge-3252-1.jpg?strip=info&#038;w=600&#038;ssl=1 600w,https:\/\/i0.wp.com\/www.light-style.eu\/Blog\/wp-content\/uploads\/2021\/10\/Elbsandsteingebirge-3252-1.jpg?strip=info&#038;w=900&#038;ssl=1 900w,https:\/\/i0.wp.com\/www.light-style.eu\/Blog\/wp-content\/uploads\/2021\/10\/Elbsandsteingebirge-3252-1.jpg?strip=info&#038;w=1200&#038;ssl=1 1200w\" alt=\"\" data-height=\"800\" data-id=\"6194\" data-link=\"https:\/\/www.light-style.eu\/Blog\/?attachment_id=6194\" data-url=\"https:\/\/www.light-style.eu\/Blog\/wp-content\/uploads\/2021\/10\/Elbsandsteingebirge-3252-1.jpg\" data-width=\"1200\" src=\"https:\/\/i0.wp.com\/www.light-style.eu\/Blog\/wp-content\/uploads\/2021\/10\/Elbsandsteingebirge-3252-1.jpg?ssl=1\" data-amp-layout=\"responsive\"\/><\/figure><\/div><\/div><div class=\"tiled-gallery__row\"><div class=\"tiled-gallery__col\" style=\"flex-basis:50.00000%\"><figure class=\"tiled-gallery__item\"><img decoding=\"async\" data-attachment-id=\"6195\" data-permalink=\"https:\/\/www.light-style.eu\/Blog\/so-schoen-ist-deutschland\/elbsandsteingebirge-3262-1\/#main\" data-orig-file=\"https:\/\/i0.wp.com\/www.light-style.eu\/Blog\/wp-content\/uploads\/2021\/10\/Elbsandsteingebirge-3262-1.jpg?fit=800%2C1200&amp;ssl=1\" data-orig-size=\"800,1200\" data-comments-opened=\"1\" data-image-meta=\"{&quot;aperture&quot;:&quot;0&quot;,&quot;credit&quot;:&quot;Fotostudio Light-Style\\rAndi Moel&quot;,&quot;camera&quot;:&quot;&quot;,&quot;caption&quot;:&quot;&quot;,&quot;created_timestamp&quot;:&quot;0&quot;,&quot;copyright&quot;:&quot;www.light-style.eu&quot;,&quot;focal_length&quot;:&quot;0&quot;,&quot;iso&quot;:&quot;0&quot;,&quot;shutter_speed&quot;:&quot;0&quot;,&quot;title&quot;:&quot;&quot;,&quot;orientation&quot;:&quot;0&quot;}\" data-image-title=\"Elbsandsteingebirge-3262-1\" data-image-description=\"\" data-image-caption=\"\" data-large-file=\"https:\/\/i0.wp.com\/www.light-style.eu\/Blog\/wp-content\/uploads\/2021\/10\/Elbsandsteingebirge-3262-1.jpg?fit=800%2C1200&amp;ssl=1\" data-attachment-id=\"6195\" data-permalink=\"https:\/\/www.light-style.eu\/Blog\/so-schoen-ist-deutschland\/elbsandsteingebirge-3262-1\/#main\" data-orig-file=\"https:\/\/i0.wp.com\/www.light-style.eu\/Blog\/wp-content\/uploads\/2021\/10\/Elbsandsteingebirge-3262-1.jpg?fit=800%2C1200&amp;ssl=1\" data-orig-size=\"800,1200\" data-comments-opened=\"1\" data-image-meta=\"{&quot;aperture&quot;:&quot;0&quot;,&quot;credit&quot;:&quot;Fotostudio Light-Style\\rAndi Moel&quot;,&quot;camera&quot;:&quot;&quot;,&quot;caption&quot;:&quot;&quot;,&quot;created_timestamp&quot;:&quot;0&quot;,&quot;copyright&quot;:&quot;www.light-style.eu&quot;,&quot;focal_length&quot;:&quot;0&quot;,&quot;iso&quot;:&quot;0&quot;,&quot;shutter_speed&quot;:&quot;0&quot;,&quot;title&quot;:&quot;&quot;,&quot;orientation&quot;:&quot;0&quot;}\" data-image-title=\"Elbsandsteingebirge-3262-1\" data-image-description=\"\" data-image-caption=\"\" data-large-file=\"https:\/\/i0.wp.com\/www.light-style.eu\/Blog\/wp-content\/uploads\/2021\/10\/Elbsandsteingebirge-3262-1.jpg?fit=800%2C1200&amp;ssl=1\" role=\"button\" tabindex=\"0\" aria-label=\"Bild\u00a042 von 43 im Vollbildmodus \u00f6ffnen\"srcset=\"https:\/\/i1.wp.com\/www.light-style.eu\/Blog\/wp-content\/uploads\/2021\/10\/Elbsandsteingebirge-3262-1.jpg?strip=info&#038;w=600&#038;ssl=1 600w,https:\/\/i1.wp.com\/www.light-style.eu\/Blog\/wp-content\/uploads\/2021\/10\/Elbsandsteingebirge-3262-1.jpg?strip=info&#038;w=800&#038;ssl=1 800w\" alt=\"\" data-height=\"1200\" data-id=\"6195\" data-link=\"https:\/\/www.light-style.eu\/Blog\/?attachment_id=6195\" data-url=\"https:\/\/www.light-style.eu\/Blog\/wp-content\/uploads\/2021\/10\/Elbsandsteingebirge-3262-1.jpg\" data-width=\"800\" src=\"https:\/\/i1.wp.com\/www.light-style.eu\/Blog\/wp-content\/uploads\/2021\/10\/Elbsandsteingebirge-3262-1.jpg?ssl=1\" data-amp-layout=\"responsive\"\/><\/figure><\/div><div class=\"tiled-gallery__col\" style=\"flex-basis:50.00000%\"><figure class=\"tiled-gallery__item\"><img decoding=\"async\" data-attachment-id=\"6196\" data-permalink=\"https:\/\/www.light-style.eu\/Blog\/so-schoen-ist-deutschland\/elbsandsteingebirge-3293-1\/#main\" data-orig-file=\"https:\/\/i0.wp.com\/www.light-style.eu\/Blog\/wp-content\/uploads\/2021\/10\/Elbsandsteingebirge-3293-1.jpg?fit=800%2C1200&amp;ssl=1\" data-orig-size=\"800,1200\" data-comments-opened=\"1\" data-image-meta=\"{&quot;aperture&quot;:&quot;0&quot;,&quot;credit&quot;:&quot;Fotostudio Light-Style\\rAndi Moel&quot;,&quot;camera&quot;:&quot;&quot;,&quot;caption&quot;:&quot;&quot;,&quot;created_timestamp&quot;:&quot;0&quot;,&quot;copyright&quot;:&quot;www.light-style.eu&quot;,&quot;focal_length&quot;:&quot;0&quot;,&quot;iso&quot;:&quot;0&quot;,&quot;shutter_speed&quot;:&quot;0&quot;,&quot;title&quot;:&quot;&quot;,&quot;orientation&quot;:&quot;0&quot;}\" data-image-title=\"Elbsandsteingebirge-3293-1\" data-image-description=\"\" data-image-caption=\"\" data-large-file=\"https:\/\/i0.wp.com\/www.light-style.eu\/Blog\/wp-content\/uploads\/2021\/10\/Elbsandsteingebirge-3293-1.jpg?fit=800%2C1200&amp;ssl=1\" data-attachment-id=\"6196\" data-permalink=\"https:\/\/www.light-style.eu\/Blog\/so-schoen-ist-deutschland\/elbsandsteingebirge-3293-1\/#main\" data-orig-file=\"https:\/\/i0.wp.com\/www.light-style.eu\/Blog\/wp-content\/uploads\/2021\/10\/Elbsandsteingebirge-3293-1.jpg?fit=800%2C1200&amp;ssl=1\" data-orig-size=\"800,1200\" data-comments-opened=\"1\" data-image-meta=\"{&quot;aperture&quot;:&quot;0&quot;,&quot;credit&quot;:&quot;Fotostudio Light-Style\\rAndi Moel&quot;,&quot;camera&quot;:&quot;&quot;,&quot;caption&quot;:&quot;&quot;,&quot;created_timestamp&quot;:&quot;0&quot;,&quot;copyright&quot;:&quot;www.light-style.eu&quot;,&quot;focal_length&quot;:&quot;0&quot;,&quot;iso&quot;:&quot;0&quot;,&quot;shutter_speed&quot;:&quot;0&quot;,&quot;title&quot;:&quot;&quot;,&quot;orientation&quot;:&quot;0&quot;}\" data-image-title=\"Elbsandsteingebirge-3293-1\" data-image-description=\"\" data-image-caption=\"\" data-large-file=\"https:\/\/i0.wp.com\/www.light-style.eu\/Blog\/wp-content\/uploads\/2021\/10\/Elbsandsteingebirge-3293-1.jpg?fit=800%2C1200&amp;ssl=1\" role=\"button\" tabindex=\"0\" aria-label=\"Bild\u00a043 von 43 im Vollbildmodus \u00f6ffnen\"srcset=\"https:\/\/i2.wp.com\/www.light-style.eu\/Blog\/wp-content\/uploads\/2021\/10\/Elbsandsteingebirge-3293-1.jpg?strip=info&#038;w=600&#038;ssl=1 600w,https:\/\/i2.wp.com\/www.light-style.eu\/Blog\/wp-content\/uploads\/2021\/10\/Elbsandsteingebirge-3293-1.jpg?strip=info&#038;w=800&#038;ssl=1 800w\" alt=\"\" data-height=\"1200\" data-id=\"6196\" data-link=\"https:\/\/www.light-style.eu\/Blog\/?attachment_id=6196\" data-url=\"https:\/\/www.light-style.eu\/Blog\/wp-content\/uploads\/2021\/10\/Elbsandsteingebirge-3293-1.jpg\" data-width=\"800\" src=\"https:\/\/i2.wp.com\/www.light-style.eu\/Blog\/wp-content\/uploads\/2021\/10\/Elbsandsteingebirge-3293-1.jpg?ssl=1\" data-amp-layout=\"responsive\"\/><\/figure><\/div><\/div><\/div><\/div>\n\n\n\n<p class=\"has-medium-font-size\"> <em>Ok jetzt bin ich etwas abgeschweift, aber man kommt nicht drum herum sich hier \u00fcber das eine oder andere seine Gedanken zu machen. Auch vor dem geschichtlichen Hintergrund dieser wundersch\u00f6nen Gegend mit ihren alten St\u00e4dten und Schl\u00f6ssern. Ob nun in Bautzen, Pirna ( eine Fahrt lohnt sich, sch\u00f6ne alte St\u00e4dte) oder auf Burg Hohnstein, sehr oft trifft man auf Mahnmale des Naziregimes mit ihren Gr\u00e4ueltaten. Warum die SA &amp; SS sich gerade diese tolle Landschaft ausgesucht hatte, d\u00fcrfte wohl reiner Eigennutz gewesen sein. A<\/em>ber dies sei nur am Rand erw\u00e4hnt. <\/p>\n\n\n\n<p class=\"has-medium-font-size\"> <em>Wir haben 2 Wochen dort verbracht, jeden Tag Touren gemacht, nur einen Ruhetag eingelegt und es wurde nie langweilig, wenn Franka &amp; ich dachten es geht nicht mehr besser, wurden wir auf der n\u00e4chsten Tour vom  <\/em><em>Gegenteil \u00fcberzeugt.<\/em> <\/p>\n\n\n\n<p class=\"has-medium-font-size\"> <em>Auch wundersch\u00f6ne Klamms ( ist das die richtige Mehrzahl von Klamm?? ) romantische Wasserf\u00e4lle, Schluchten mit ihren Wasserl\u00e4ufen. Ich kann jedem der Natur &amp; Wandern mag, diese deutsche Region ans Herz legen. Aber es gibt auch einen kleinen Wermutstropfen, bei den Unterk\u00fcnften &amp; deren Preisen haben die Sachsen von der K\u00fcste gelernt Ich f\u00fcr meinen Teil denke jedenfalls, ich komme wieder. Vielleicht sogar mal im Winter, mehr auf die tschechische Grenze um zugefrorene Wasserf\u00e4lle zu fotografieren. Ok, da hat Franka schon gestreikt, sie mag es dann doch lieber bei angenehmen Temperaturen. Na mal schauen ob Michael dann wieder ran muss<\/em> \ud83d\ude09 <\/p>\n\n\n\n<div class=\"wp-block-jetpack-tiled-gallery aligncenter is-style-rectangular\"><div class=\"tiled-gallery__gallery\"><div class=\"tiled-gallery__row\"><div class=\"tiled-gallery__col\" style=\"flex-basis:52.75232%\"><figure class=\"tiled-gallery__item\"><img decoding=\"async\" data-attachment-id=\"6197\" data-permalink=\"https:\/\/www.light-style.eu\/Blog\/so-schoen-ist-deutschland\/elbsandsteingebirge-21-1\/#main\" data-orig-file=\"https:\/\/i0.wp.com\/www.light-style.eu\/Blog\/wp-content\/uploads\/2021\/10\/Elbsandsteingebirge-21-1.jpg?fit=1200%2C800&amp;ssl=1\" data-orig-size=\"1200,800\" data-comments-opened=\"1\" data-image-meta=\"{&quot;aperture&quot;:&quot;0&quot;,&quot;credit&quot;:&quot;Fotostudio Light-Style\\rAndi Moel&quot;,&quot;camera&quot;:&quot;&quot;,&quot;caption&quot;:&quot;&quot;,&quot;created_timestamp&quot;:&quot;0&quot;,&quot;copyright&quot;:&quot;www.light-style.eu&quot;,&quot;focal_length&quot;:&quot;0&quot;,&quot;iso&quot;:&quot;0&quot;,&quot;shutter_speed&quot;:&quot;0&quot;,&quot;title&quot;:&quot;&quot;,&quot;orientation&quot;:&quot;0&quot;}\" data-image-title=\"Elbsandsteingebirge-21-1\" data-image-description=\"\" data-image-caption=\"\" data-large-file=\"https:\/\/i0.wp.com\/www.light-style.eu\/Blog\/wp-content\/uploads\/2021\/10\/Elbsandsteingebirge-21-1.jpg?fit=1170%2C780&amp;ssl=1\" data-attachment-id=\"6197\" data-permalink=\"https:\/\/www.light-style.eu\/Blog\/so-schoen-ist-deutschland\/elbsandsteingebirge-21-1\/#main\" data-orig-file=\"https:\/\/i0.wp.com\/www.light-style.eu\/Blog\/wp-content\/uploads\/2021\/10\/Elbsandsteingebirge-21-1.jpg?fit=1200%2C800&amp;ssl=1\" data-orig-size=\"1200,800\" data-comments-opened=\"1\" data-image-meta=\"{&quot;aperture&quot;:&quot;0&quot;,&quot;credit&quot;:&quot;Fotostudio Light-Style\\rAndi Moel&quot;,&quot;camera&quot;:&quot;&quot;,&quot;caption&quot;:&quot;&quot;,&quot;created_timestamp&quot;:&quot;0&quot;,&quot;copyright&quot;:&quot;www.light-style.eu&quot;,&quot;focal_length&quot;:&quot;0&quot;,&quot;iso&quot;:&quot;0&quot;,&quot;shutter_speed&quot;:&quot;0&quot;,&quot;title&quot;:&quot;&quot;,&quot;orientation&quot;:&quot;0&quot;}\" data-image-title=\"Elbsandsteingebirge-21-1\" data-image-description=\"\" data-image-caption=\"\" data-large-file=\"https:\/\/i0.wp.com\/www.light-style.eu\/Blog\/wp-content\/uploads\/2021\/10\/Elbsandsteingebirge-21-1.jpg?fit=1170%2C780&amp;ssl=1\" role=\"button\" tabindex=\"0\" aria-label=\"Bild\u00a01 von 73 im Vollbildmodus \u00f6ffnen\"srcset=\"https:\/\/i2.wp.com\/www.light-style.eu\/Blog\/wp-content\/uploads\/2021\/10\/Elbsandsteingebirge-21-1.jpg?strip=info&#038;w=600&#038;ssl=1 600w,https:\/\/i2.wp.com\/www.light-style.eu\/Blog\/wp-content\/uploads\/2021\/10\/Elbsandsteingebirge-21-1.jpg?strip=info&#038;w=900&#038;ssl=1 900w,https:\/\/i2.wp.com\/www.light-style.eu\/Blog\/wp-content\/uploads\/2021\/10\/Elbsandsteingebirge-21-1.jpg?strip=info&#038;w=1200&#038;ssl=1 1200w\" alt=\"\" data-height=\"800\" data-id=\"6197\" data-link=\"https:\/\/www.light-style.eu\/Blog\/?attachment_id=6197\" data-url=\"https:\/\/www.light-style.eu\/Blog\/wp-content\/uploads\/2021\/10\/Elbsandsteingebirge-21-1.jpg\" data-width=\"1200\" src=\"https:\/\/i2.wp.com\/www.light-style.eu\/Blog\/wp-content\/uploads\/2021\/10\/Elbsandsteingebirge-21-1.jpg?ssl=1\" data-amp-layout=\"responsive\"\/><\/figure><figure class=\"tiled-gallery__item\"><img decoding=\"async\" data-attachment-id=\"6198\" data-permalink=\"https:\/\/www.light-style.eu\/Blog\/so-schoen-ist-deutschland\/elbsandsteingebirge-34-1\/#main\" data-orig-file=\"https:\/\/i0.wp.com\/www.light-style.eu\/Blog\/wp-content\/uploads\/2021\/10\/Elbsandsteingebirge-34-1.jpg?fit=1200%2C800&amp;ssl=1\" data-orig-size=\"1200,800\" data-comments-opened=\"1\" data-image-meta=\"{&quot;aperture&quot;:&quot;0&quot;,&quot;credit&quot;:&quot;Fotostudio Light-Style\\rAndi Moel&quot;,&quot;camera&quot;:&quot;&quot;,&quot;caption&quot;:&quot;&quot;,&quot;created_timestamp&quot;:&quot;0&quot;,&quot;copyright&quot;:&quot;www.light-style.eu&quot;,&quot;focal_length&quot;:&quot;0&quot;,&quot;iso&quot;:&quot;0&quot;,&quot;shutter_speed&quot;:&quot;0&quot;,&quot;title&quot;:&quot;&quot;,&quot;orientation&quot;:&quot;0&quot;}\" data-image-title=\"Elbsandsteingebirge-34-1\" data-image-description=\"\" data-image-caption=\"\" data-large-file=\"https:\/\/i0.wp.com\/www.light-style.eu\/Blog\/wp-content\/uploads\/2021\/10\/Elbsandsteingebirge-34-1.jpg?fit=1170%2C780&amp;ssl=1\" data-attachment-id=\"6198\" data-permalink=\"https:\/\/www.light-style.eu\/Blog\/so-schoen-ist-deutschland\/elbsandsteingebirge-34-1\/#main\" data-orig-file=\"https:\/\/i0.wp.com\/www.light-style.eu\/Blog\/wp-content\/uploads\/2021\/10\/Elbsandsteingebirge-34-1.jpg?fit=1200%2C800&amp;ssl=1\" data-orig-size=\"1200,800\" data-comments-opened=\"1\" data-image-meta=\"{&quot;aperture&quot;:&quot;0&quot;,&quot;credit&quot;:&quot;Fotostudio Light-Style\\rAndi Moel&quot;,&quot;camera&quot;:&quot;&quot;,&quot;caption&quot;:&quot;&quot;,&quot;created_timestamp&quot;:&quot;0&quot;,&quot;copyright&quot;:&quot;www.light-style.eu&quot;,&quot;focal_length&quot;:&quot;0&quot;,&quot;iso&quot;:&quot;0&quot;,&quot;shutter_speed&quot;:&quot;0&quot;,&quot;title&quot;:&quot;&quot;,&quot;orientation&quot;:&quot;0&quot;}\" data-image-title=\"Elbsandsteingebirge-34-1\" data-image-description=\"\" data-image-caption=\"\" data-large-file=\"https:\/\/i0.wp.com\/www.light-style.eu\/Blog\/wp-content\/uploads\/2021\/10\/Elbsandsteingebirge-34-1.jpg?fit=1170%2C780&amp;ssl=1\" role=\"button\" tabindex=\"0\" aria-label=\"Bild\u00a02 von 73 im Vollbildmodus \u00f6ffnen\"srcset=\"https:\/\/i2.wp.com\/www.light-style.eu\/Blog\/wp-content\/uploads\/2021\/10\/Elbsandsteingebirge-34-1.jpg?strip=info&#038;w=600&#038;ssl=1 600w,https:\/\/i2.wp.com\/www.light-style.eu\/Blog\/wp-content\/uploads\/2021\/10\/Elbsandsteingebirge-34-1.jpg?strip=info&#038;w=900&#038;ssl=1 900w,https:\/\/i2.wp.com\/www.light-style.eu\/Blog\/wp-content\/uploads\/2021\/10\/Elbsandsteingebirge-34-1.jpg?strip=info&#038;w=1200&#038;ssl=1 1200w\" alt=\"\" data-height=\"800\" data-id=\"6198\" data-link=\"https:\/\/www.light-style.eu\/Blog\/?attachment_id=6198\" data-url=\"https:\/\/www.light-style.eu\/Blog\/wp-content\/uploads\/2021\/10\/Elbsandsteingebirge-34-1.jpg\" data-width=\"1200\" src=\"https:\/\/i2.wp.com\/www.light-style.eu\/Blog\/wp-content\/uploads\/2021\/10\/Elbsandsteingebirge-34-1.jpg?ssl=1\" data-amp-layout=\"responsive\"\/><\/figure><\/div><div class=\"tiled-gallery__col\" style=\"flex-basis:47.24768%\"><figure class=\"tiled-gallery__item\"><img decoding=\"async\" data-attachment-id=\"6199\" data-permalink=\"https:\/\/www.light-style.eu\/Blog\/so-schoen-ist-deutschland\/elbsandsteingebirge-161-1\/#main\" data-orig-file=\"https:\/\/i0.wp.com\/www.light-style.eu\/Blog\/wp-content\/uploads\/2021\/10\/Elbsandsteingebirge-161-1.jpg?fit=800%2C1200&amp;ssl=1\" data-orig-size=\"800,1200\" data-comments-opened=\"1\" data-image-meta=\"{&quot;aperture&quot;:&quot;0&quot;,&quot;credit&quot;:&quot;Fotostudio Light-Style\\rAndi Moel&quot;,&quot;camera&quot;:&quot;&quot;,&quot;caption&quot;:&quot;&quot;,&quot;created_timestamp&quot;:&quot;0&quot;,&quot;copyright&quot;:&quot;www.light-style.eu&quot;,&quot;focal_length&quot;:&quot;0&quot;,&quot;iso&quot;:&quot;0&quot;,&quot;shutter_speed&quot;:&quot;0&quot;,&quot;title&quot;:&quot;&quot;,&quot;orientation&quot;:&quot;0&quot;}\" data-image-title=\"Elbsandsteingebirge-161-1\" data-image-description=\"\" data-image-caption=\"\" data-large-file=\"https:\/\/i0.wp.com\/www.light-style.eu\/Blog\/wp-content\/uploads\/2021\/10\/Elbsandsteingebirge-161-1.jpg?fit=800%2C1200&amp;ssl=1\" data-attachment-id=\"6199\" data-permalink=\"https:\/\/www.light-style.eu\/Blog\/so-schoen-ist-deutschland\/elbsandsteingebirge-161-1\/#main\" data-orig-file=\"https:\/\/i0.wp.com\/www.light-style.eu\/Blog\/wp-content\/uploads\/2021\/10\/Elbsandsteingebirge-161-1.jpg?fit=800%2C1200&amp;ssl=1\" data-orig-size=\"800,1200\" data-comments-opened=\"1\" data-image-meta=\"{&quot;aperture&quot;:&quot;0&quot;,&quot;credit&quot;:&quot;Fotostudio Light-Style\\rAndi Moel&quot;,&quot;camera&quot;:&quot;&quot;,&quot;caption&quot;:&quot;&quot;,&quot;created_timestamp&quot;:&quot;0&quot;,&quot;copyright&quot;:&quot;www.light-style.eu&quot;,&quot;focal_length&quot;:&quot;0&quot;,&quot;iso&quot;:&quot;0&quot;,&quot;shutter_speed&quot;:&quot;0&quot;,&quot;title&quot;:&quot;&quot;,&quot;orientation&quot;:&quot;0&quot;}\" data-image-title=\"Elbsandsteingebirge-161-1\" data-image-description=\"\" data-image-caption=\"\" data-large-file=\"https:\/\/i0.wp.com\/www.light-style.eu\/Blog\/wp-content\/uploads\/2021\/10\/Elbsandsteingebirge-161-1.jpg?fit=800%2C1200&amp;ssl=1\" role=\"button\" tabindex=\"0\" aria-label=\"Bild\u00a03 von 73 im Vollbildmodus \u00f6ffnen\"srcset=\"https:\/\/i2.wp.com\/www.light-style.eu\/Blog\/wp-content\/uploads\/2021\/10\/Elbsandsteingebirge-161-1.jpg?strip=info&#038;w=600&#038;ssl=1 600w,https:\/\/i2.wp.com\/www.light-style.eu\/Blog\/wp-content\/uploads\/2021\/10\/Elbsandsteingebirge-161-1.jpg?strip=info&#038;w=800&#038;ssl=1 800w\" alt=\"\" data-height=\"1200\" data-id=\"6199\" data-link=\"https:\/\/www.light-style.eu\/Blog\/?attachment_id=6199\" data-url=\"https:\/\/www.light-style.eu\/Blog\/wp-content\/uploads\/2021\/10\/Elbsandsteingebirge-161-1.jpg\" data-width=\"800\" src=\"https:\/\/i2.wp.com\/www.light-style.eu\/Blog\/wp-content\/uploads\/2021\/10\/Elbsandsteingebirge-161-1.jpg?ssl=1\" data-amp-layout=\"responsive\"\/><\/figure><\/div><\/div><div class=\"tiled-gallery__row\"><div class=\"tiled-gallery__col\" style=\"flex-basis:50.00000%\"><figure class=\"tiled-gallery__item\"><img decoding=\"async\" data-attachment-id=\"6200\" data-permalink=\"https:\/\/www.light-style.eu\/Blog\/so-schoen-ist-deutschland\/elbsandsteingebirge-170-1\/#main\" data-orig-file=\"https:\/\/i0.wp.com\/www.light-style.eu\/Blog\/wp-content\/uploads\/2021\/10\/Elbsandsteingebirge-170-1.jpg?fit=800%2C1200&amp;ssl=1\" data-orig-size=\"800,1200\" data-comments-opened=\"1\" data-image-meta=\"{&quot;aperture&quot;:&quot;0&quot;,&quot;credit&quot;:&quot;Franka Gauger-Stoehr&quot;,&quot;camera&quot;:&quot;&quot;,&quot;caption&quot;:&quot;&quot;,&quot;created_timestamp&quot;:&quot;0&quot;,&quot;copyright&quot;:&quot;Franka Gauger Stoehr&quot;,&quot;focal_length&quot;:&quot;0&quot;,&quot;iso&quot;:&quot;0&quot;,&quot;shutter_speed&quot;:&quot;0&quot;,&quot;title&quot;:&quot;&quot;,&quot;orientation&quot;:&quot;0&quot;}\" data-image-title=\"Elbsandsteingebirge-170-1\" data-image-description=\"\" data-image-caption=\"\" data-large-file=\"https:\/\/i0.wp.com\/www.light-style.eu\/Blog\/wp-content\/uploads\/2021\/10\/Elbsandsteingebirge-170-1.jpg?fit=800%2C1200&amp;ssl=1\" data-attachment-id=\"6200\" data-permalink=\"https:\/\/www.light-style.eu\/Blog\/so-schoen-ist-deutschland\/elbsandsteingebirge-170-1\/#main\" data-orig-file=\"https:\/\/i0.wp.com\/www.light-style.eu\/Blog\/wp-content\/uploads\/2021\/10\/Elbsandsteingebirge-170-1.jpg?fit=800%2C1200&amp;ssl=1\" data-orig-size=\"800,1200\" data-comments-opened=\"1\" data-image-meta=\"{&quot;aperture&quot;:&quot;0&quot;,&quot;credit&quot;:&quot;Franka Gauger-Stoehr&quot;,&quot;camera&quot;:&quot;&quot;,&quot;caption&quot;:&quot;&quot;,&quot;created_timestamp&quot;:&quot;0&quot;,&quot;copyright&quot;:&quot;Franka Gauger Stoehr&quot;,&quot;focal_length&quot;:&quot;0&quot;,&quot;iso&quot;:&quot;0&quot;,&quot;shutter_speed&quot;:&quot;0&quot;,&quot;title&quot;:&quot;&quot;,&quot;orientation&quot;:&quot;0&quot;}\" data-image-title=\"Elbsandsteingebirge-170-1\" data-image-description=\"\" data-image-caption=\"\" data-large-file=\"https:\/\/i0.wp.com\/www.light-style.eu\/Blog\/wp-content\/uploads\/2021\/10\/Elbsandsteingebirge-170-1.jpg?fit=800%2C1200&amp;ssl=1\" role=\"button\" tabindex=\"0\" aria-label=\"Bild\u00a04 von 73 im Vollbildmodus \u00f6ffnen\"srcset=\"https:\/\/i0.wp.com\/www.light-style.eu\/Blog\/wp-content\/uploads\/2021\/10\/Elbsandsteingebirge-170-1.jpg?strip=info&#038;w=600&#038;ssl=1 600w,https:\/\/i0.wp.com\/www.light-style.eu\/Blog\/wp-content\/uploads\/2021\/10\/Elbsandsteingebirge-170-1.jpg?strip=info&#038;w=800&#038;ssl=1 800w\" alt=\"\" data-height=\"1200\" data-id=\"6200\" data-link=\"https:\/\/www.light-style.eu\/Blog\/?attachment_id=6200\" data-url=\"https:\/\/www.light-style.eu\/Blog\/wp-content\/uploads\/2021\/10\/Elbsandsteingebirge-170-1.jpg\" data-width=\"800\" src=\"https:\/\/i0.wp.com\/www.light-style.eu\/Blog\/wp-content\/uploads\/2021\/10\/Elbsandsteingebirge-170-1.jpg?ssl=1\" data-amp-layout=\"responsive\"\/><\/figure><\/div><div class=\"tiled-gallery__col\" style=\"flex-basis:50.00000%\"><figure class=\"tiled-gallery__item\"><img decoding=\"async\" data-attachment-id=\"6201\" data-permalink=\"https:\/\/www.light-style.eu\/Blog\/so-schoen-ist-deutschland\/elbsandsteingebirge-176\/#main\" data-orig-file=\"https:\/\/i0.wp.com\/www.light-style.eu\/Blog\/wp-content\/uploads\/2021\/10\/Elbsandsteingebirge-176.jpg?fit=800%2C1200&amp;ssl=1\" data-orig-size=\"800,1200\" data-comments-opened=\"1\" data-image-meta=\"{&quot;aperture&quot;:&quot;0&quot;,&quot;credit&quot;:&quot;Fotostudio Light-Style\\rAndi Moel&quot;,&quot;camera&quot;:&quot;&quot;,&quot;caption&quot;:&quot;&quot;,&quot;created_timestamp&quot;:&quot;0&quot;,&quot;copyright&quot;:&quot;www.light-style.eu&quot;,&quot;focal_length&quot;:&quot;0&quot;,&quot;iso&quot;:&quot;0&quot;,&quot;shutter_speed&quot;:&quot;0&quot;,&quot;title&quot;:&quot;&quot;,&quot;orientation&quot;:&quot;0&quot;}\" data-image-title=\"Elbsandsteingebirge-176\" data-image-description=\"\" data-image-caption=\"\" data-large-file=\"https:\/\/i0.wp.com\/www.light-style.eu\/Blog\/wp-content\/uploads\/2021\/10\/Elbsandsteingebirge-176.jpg?fit=800%2C1200&amp;ssl=1\" data-attachment-id=\"6201\" data-permalink=\"https:\/\/www.light-style.eu\/Blog\/so-schoen-ist-deutschland\/elbsandsteingebirge-176\/#main\" data-orig-file=\"https:\/\/i0.wp.com\/www.light-style.eu\/Blog\/wp-content\/uploads\/2021\/10\/Elbsandsteingebirge-176.jpg?fit=800%2C1200&amp;ssl=1\" data-orig-size=\"800,1200\" data-comments-opened=\"1\" data-image-meta=\"{&quot;aperture&quot;:&quot;0&quot;,&quot;credit&quot;:&quot;Fotostudio Light-Style\\rAndi Moel&quot;,&quot;camera&quot;:&quot;&quot;,&quot;caption&quot;:&quot;&quot;,&quot;created_timestamp&quot;:&quot;0&quot;,&quot;copyright&quot;:&quot;www.light-style.eu&quot;,&quot;focal_length&quot;:&quot;0&quot;,&quot;iso&quot;:&quot;0&quot;,&quot;shutter_speed&quot;:&quot;0&quot;,&quot;title&quot;:&quot;&quot;,&quot;orientation&quot;:&quot;0&quot;}\" data-image-title=\"Elbsandsteingebirge-176\" data-image-description=\"\" data-image-caption=\"\" data-large-file=\"https:\/\/i0.wp.com\/www.light-style.eu\/Blog\/wp-content\/uploads\/2021\/10\/Elbsandsteingebirge-176.jpg?fit=800%2C1200&amp;ssl=1\" role=\"button\" tabindex=\"0\" aria-label=\"Bild\u00a05 von 73 im Vollbildmodus \u00f6ffnen\"srcset=\"https:\/\/i1.wp.com\/www.light-style.eu\/Blog\/wp-content\/uploads\/2021\/10\/Elbsandsteingebirge-176.jpg?strip=info&#038;w=600&#038;ssl=1 600w,https:\/\/i1.wp.com\/www.light-style.eu\/Blog\/wp-content\/uploads\/2021\/10\/Elbsandsteingebirge-176.jpg?strip=info&#038;w=800&#038;ssl=1 800w\" alt=\"\" data-height=\"1200\" data-id=\"6201\" data-link=\"https:\/\/www.light-style.eu\/Blog\/?attachment_id=6201\" data-url=\"https:\/\/www.light-style.eu\/Blog\/wp-content\/uploads\/2021\/10\/Elbsandsteingebirge-176.jpg\" data-width=\"800\" src=\"https:\/\/i1.wp.com\/www.light-style.eu\/Blog\/wp-content\/uploads\/2021\/10\/Elbsandsteingebirge-176.jpg?ssl=1\" data-amp-layout=\"responsive\"\/><\/figure><\/div><\/div><div class=\"tiled-gallery__row\"><div class=\"tiled-gallery__col\" style=\"flex-basis:66.78744%\"><figure class=\"tiled-gallery__item\"><img decoding=\"async\" data-attachment-id=\"6202\" data-permalink=\"https:\/\/www.light-style.eu\/Blog\/so-schoen-ist-deutschland\/elbsandsteingebirge-206-1\/#main\" data-orig-file=\"https:\/\/i0.wp.com\/www.light-style.eu\/Blog\/wp-content\/uploads\/2021\/10\/Elbsandsteingebirge-206-1.jpg?fit=1200%2C800&amp;ssl=1\" data-orig-size=\"1200,800\" data-comments-opened=\"1\" data-image-meta=\"{&quot;aperture&quot;:&quot;0&quot;,&quot;credit&quot;:&quot;Fotostudio Light-Style\\rAndi Moel&quot;,&quot;camera&quot;:&quot;&quot;,&quot;caption&quot;:&quot;&quot;,&quot;created_timestamp&quot;:&quot;0&quot;,&quot;copyright&quot;:&quot;www.light-style.eu&quot;,&quot;focal_length&quot;:&quot;0&quot;,&quot;iso&quot;:&quot;0&quot;,&quot;shutter_speed&quot;:&quot;0&quot;,&quot;title&quot;:&quot;&quot;,&quot;orientation&quot;:&quot;0&quot;}\" data-image-title=\"Elbsandsteingebirge-206-1\" data-image-description=\"\" data-image-caption=\"\" data-large-file=\"https:\/\/i0.wp.com\/www.light-style.eu\/Blog\/wp-content\/uploads\/2021\/10\/Elbsandsteingebirge-206-1.jpg?fit=1170%2C780&amp;ssl=1\" data-attachment-id=\"6202\" data-permalink=\"https:\/\/www.light-style.eu\/Blog\/so-schoen-ist-deutschland\/elbsandsteingebirge-206-1\/#main\" data-orig-file=\"https:\/\/i0.wp.com\/www.light-style.eu\/Blog\/wp-content\/uploads\/2021\/10\/Elbsandsteingebirge-206-1.jpg?fit=1200%2C800&amp;ssl=1\" data-orig-size=\"1200,800\" data-comments-opened=\"1\" data-image-meta=\"{&quot;aperture&quot;:&quot;0&quot;,&quot;credit&quot;:&quot;Fotostudio Light-Style\\rAndi Moel&quot;,&quot;camera&quot;:&quot;&quot;,&quot;caption&quot;:&quot;&quot;,&quot;created_timestamp&quot;:&quot;0&quot;,&quot;copyright&quot;:&quot;www.light-style.eu&quot;,&quot;focal_length&quot;:&quot;0&quot;,&quot;iso&quot;:&quot;0&quot;,&quot;shutter_speed&quot;:&quot;0&quot;,&quot;title&quot;:&quot;&quot;,&quot;orientation&quot;:&quot;0&quot;}\" data-image-title=\"Elbsandsteingebirge-206-1\" data-image-description=\"\" data-image-caption=\"\" data-large-file=\"https:\/\/i0.wp.com\/www.light-style.eu\/Blog\/wp-content\/uploads\/2021\/10\/Elbsandsteingebirge-206-1.jpg?fit=1170%2C780&amp;ssl=1\" role=\"button\" tabindex=\"0\" aria-label=\"Bild\u00a06 von 73 im Vollbildmodus \u00f6ffnen\"srcset=\"https:\/\/i0.wp.com\/www.light-style.eu\/Blog\/wp-content\/uploads\/2021\/10\/Elbsandsteingebirge-206-1.jpg?strip=info&#038;w=600&#038;ssl=1 600w,https:\/\/i0.wp.com\/www.light-style.eu\/Blog\/wp-content\/uploads\/2021\/10\/Elbsandsteingebirge-206-1.jpg?strip=info&#038;w=900&#038;ssl=1 900w,https:\/\/i0.wp.com\/www.light-style.eu\/Blog\/wp-content\/uploads\/2021\/10\/Elbsandsteingebirge-206-1.jpg?strip=info&#038;w=1200&#038;ssl=1 1200w\" alt=\"\" data-height=\"800\" data-id=\"6202\" data-link=\"https:\/\/www.light-style.eu\/Blog\/?attachment_id=6202\" data-url=\"https:\/\/www.light-style.eu\/Blog\/wp-content\/uploads\/2021\/10\/Elbsandsteingebirge-206-1.jpg\" data-width=\"1200\" src=\"https:\/\/i0.wp.com\/www.light-style.eu\/Blog\/wp-content\/uploads\/2021\/10\/Elbsandsteingebirge-206-1.jpg?ssl=1\" data-amp-layout=\"responsive\"\/><\/figure><\/div><div class=\"tiled-gallery__col\" style=\"flex-basis:33.21256%\"><figure class=\"tiled-gallery__item\"><img decoding=\"async\" data-attachment-id=\"6203\" data-permalink=\"https:\/\/www.light-style.eu\/Blog\/so-schoen-ist-deutschland\/elbsandsteingebirge-218-1\/#main\" data-orig-file=\"https:\/\/i0.wp.com\/www.light-style.eu\/Blog\/wp-content\/uploads\/2021\/10\/Elbsandsteingebirge-218-1.jpg?fit=1200%2C800&amp;ssl=1\" data-orig-size=\"1200,800\" data-comments-opened=\"1\" data-image-meta=\"{&quot;aperture&quot;:&quot;0&quot;,&quot;credit&quot;:&quot;Fotostudio Light-Style\\rAndi Moel&quot;,&quot;camera&quot;:&quot;&quot;,&quot;caption&quot;:&quot;&quot;,&quot;created_timestamp&quot;:&quot;0&quot;,&quot;copyright&quot;:&quot;www.light-style.eu&quot;,&quot;focal_length&quot;:&quot;0&quot;,&quot;iso&quot;:&quot;0&quot;,&quot;shutter_speed&quot;:&quot;0&quot;,&quot;title&quot;:&quot;&quot;,&quot;orientation&quot;:&quot;0&quot;}\" data-image-title=\"Elbsandsteingebirge-218-1\" data-image-description=\"\" data-image-caption=\"\" data-large-file=\"https:\/\/i0.wp.com\/www.light-style.eu\/Blog\/wp-content\/uploads\/2021\/10\/Elbsandsteingebirge-218-1.jpg?fit=1170%2C780&amp;ssl=1\" data-attachment-id=\"6203\" data-permalink=\"https:\/\/www.light-style.eu\/Blog\/so-schoen-ist-deutschland\/elbsandsteingebirge-218-1\/#main\" data-orig-file=\"https:\/\/i0.wp.com\/www.light-style.eu\/Blog\/wp-content\/uploads\/2021\/10\/Elbsandsteingebirge-218-1.jpg?fit=1200%2C800&amp;ssl=1\" data-orig-size=\"1200,800\" data-comments-opened=\"1\" data-image-meta=\"{&quot;aperture&quot;:&quot;0&quot;,&quot;credit&quot;:&quot;Fotostudio Light-Style\\rAndi Moel&quot;,&quot;camera&quot;:&quot;&quot;,&quot;caption&quot;:&quot;&quot;,&quot;created_timestamp&quot;:&quot;0&quot;,&quot;copyright&quot;:&quot;www.light-style.eu&quot;,&quot;focal_length&quot;:&quot;0&quot;,&quot;iso&quot;:&quot;0&quot;,&quot;shutter_speed&quot;:&quot;0&quot;,&quot;title&quot;:&quot;&quot;,&quot;orientation&quot;:&quot;0&quot;}\" data-image-title=\"Elbsandsteingebirge-218-1\" data-image-description=\"\" data-image-caption=\"\" data-large-file=\"https:\/\/i0.wp.com\/www.light-style.eu\/Blog\/wp-content\/uploads\/2021\/10\/Elbsandsteingebirge-218-1.jpg?fit=1170%2C780&amp;ssl=1\" role=\"button\" tabindex=\"0\" aria-label=\"Bild\u00a07 von 73 im Vollbildmodus \u00f6ffnen\"srcset=\"https:\/\/i1.wp.com\/www.light-style.eu\/Blog\/wp-content\/uploads\/2021\/10\/Elbsandsteingebirge-218-1.jpg?strip=info&#038;w=600&#038;ssl=1 600w,https:\/\/i1.wp.com\/www.light-style.eu\/Blog\/wp-content\/uploads\/2021\/10\/Elbsandsteingebirge-218-1.jpg?strip=info&#038;w=900&#038;ssl=1 900w,https:\/\/i1.wp.com\/www.light-style.eu\/Blog\/wp-content\/uploads\/2021\/10\/Elbsandsteingebirge-218-1.jpg?strip=info&#038;w=1200&#038;ssl=1 1200w\" alt=\"\" data-height=\"800\" data-id=\"6203\" data-link=\"https:\/\/www.light-style.eu\/Blog\/?attachment_id=6203\" data-url=\"https:\/\/www.light-style.eu\/Blog\/wp-content\/uploads\/2021\/10\/Elbsandsteingebirge-218-1.jpg\" data-width=\"1200\" src=\"https:\/\/i1.wp.com\/www.light-style.eu\/Blog\/wp-content\/uploads\/2021\/10\/Elbsandsteingebirge-218-1.jpg?ssl=1\" data-amp-layout=\"responsive\"\/><\/figure><figure class=\"tiled-gallery__item\"><img decoding=\"async\" data-attachment-id=\"6204\" data-permalink=\"https:\/\/www.light-style.eu\/Blog\/so-schoen-ist-deutschland\/elbsandsteingebirge-273-1\/#main\" data-orig-file=\"https:\/\/i0.wp.com\/www.light-style.eu\/Blog\/wp-content\/uploads\/2021\/10\/Elbsandsteingebirge-273-1.jpg?fit=1200%2C800&amp;ssl=1\" data-orig-size=\"1200,800\" data-comments-opened=\"1\" data-image-meta=\"{&quot;aperture&quot;:&quot;0&quot;,&quot;credit&quot;:&quot;Fotostudio Light-Style\\rAndi Moel&quot;,&quot;camera&quot;:&quot;&quot;,&quot;caption&quot;:&quot;&quot;,&quot;created_timestamp&quot;:&quot;0&quot;,&quot;copyright&quot;:&quot;www.light-style.eu&quot;,&quot;focal_length&quot;:&quot;0&quot;,&quot;iso&quot;:&quot;0&quot;,&quot;shutter_speed&quot;:&quot;0&quot;,&quot;title&quot;:&quot;&quot;,&quot;orientation&quot;:&quot;0&quot;}\" data-image-title=\"Elbsandsteingebirge-273-1\" data-image-description=\"\" data-image-caption=\"\" data-large-file=\"https:\/\/i0.wp.com\/www.light-style.eu\/Blog\/wp-content\/uploads\/2021\/10\/Elbsandsteingebirge-273-1.jpg?fit=1170%2C780&amp;ssl=1\" data-attachment-id=\"6204\" data-permalink=\"https:\/\/www.light-style.eu\/Blog\/so-schoen-ist-deutschland\/elbsandsteingebirge-273-1\/#main\" data-orig-file=\"https:\/\/i0.wp.com\/www.light-style.eu\/Blog\/wp-content\/uploads\/2021\/10\/Elbsandsteingebirge-273-1.jpg?fit=1200%2C800&amp;ssl=1\" data-orig-size=\"1200,800\" data-comments-opened=\"1\" data-image-meta=\"{&quot;aperture&quot;:&quot;0&quot;,&quot;credit&quot;:&quot;Fotostudio Light-Style\\rAndi Moel&quot;,&quot;camera&quot;:&quot;&quot;,&quot;caption&quot;:&quot;&quot;,&quot;created_timestamp&quot;:&quot;0&quot;,&quot;copyright&quot;:&quot;www.light-style.eu&quot;,&quot;focal_length&quot;:&quot;0&quot;,&quot;iso&quot;:&quot;0&quot;,&quot;shutter_speed&quot;:&quot;0&quot;,&quot;title&quot;:&quot;&quot;,&quot;orientation&quot;:&quot;0&quot;}\" data-image-title=\"Elbsandsteingebirge-273-1\" data-image-description=\"\" data-image-caption=\"\" data-large-file=\"https:\/\/i0.wp.com\/www.light-style.eu\/Blog\/wp-content\/uploads\/2021\/10\/Elbsandsteingebirge-273-1.jpg?fit=1170%2C780&amp;ssl=1\" role=\"button\" tabindex=\"0\" aria-label=\"Bild\u00a08 von 73 im Vollbildmodus \u00f6ffnen\"srcset=\"https:\/\/i1.wp.com\/www.light-style.eu\/Blog\/wp-content\/uploads\/2021\/10\/Elbsandsteingebirge-273-1.jpg?strip=info&#038;w=600&#038;ssl=1 600w,https:\/\/i1.wp.com\/www.light-style.eu\/Blog\/wp-content\/uploads\/2021\/10\/Elbsandsteingebirge-273-1.jpg?strip=info&#038;w=900&#038;ssl=1 900w,https:\/\/i1.wp.com\/www.light-style.eu\/Blog\/wp-content\/uploads\/2021\/10\/Elbsandsteingebirge-273-1.jpg?strip=info&#038;w=1200&#038;ssl=1 1200w\" alt=\"\" data-height=\"800\" data-id=\"6204\" data-link=\"https:\/\/www.light-style.eu\/Blog\/?attachment_id=6204\" data-url=\"https:\/\/www.light-style.eu\/Blog\/wp-content\/uploads\/2021\/10\/Elbsandsteingebirge-273-1.jpg\" data-width=\"1200\" src=\"https:\/\/i1.wp.com\/www.light-style.eu\/Blog\/wp-content\/uploads\/2021\/10\/Elbsandsteingebirge-273-1.jpg?ssl=1\" data-amp-layout=\"responsive\"\/><\/figure><\/div><\/div><div class=\"tiled-gallery__row\"><div class=\"tiled-gallery__col\" style=\"flex-basis:33.33333%\"><figure class=\"tiled-gallery__item\"><img decoding=\"async\" data-attachment-id=\"6205\" data-permalink=\"https:\/\/www.light-style.eu\/Blog\/so-schoen-ist-deutschland\/elbsandsteingebirge-333-1\/#main\" data-orig-file=\"https:\/\/i0.wp.com\/www.light-style.eu\/Blog\/wp-content\/uploads\/2021\/10\/Elbsandsteingebirge-333-1.jpg?fit=1200%2C800&amp;ssl=1\" data-orig-size=\"1200,800\" data-comments-opened=\"1\" data-image-meta=\"{&quot;aperture&quot;:&quot;0&quot;,&quot;credit&quot;:&quot;Fotostudio Light-Style\\rAndi Moel&quot;,&quot;camera&quot;:&quot;&quot;,&quot;caption&quot;:&quot;&quot;,&quot;created_timestamp&quot;:&quot;0&quot;,&quot;copyright&quot;:&quot;www.light-style.eu&quot;,&quot;focal_length&quot;:&quot;0&quot;,&quot;iso&quot;:&quot;0&quot;,&quot;shutter_speed&quot;:&quot;0&quot;,&quot;title&quot;:&quot;&quot;,&quot;orientation&quot;:&quot;0&quot;}\" data-image-title=\"Elbsandsteingebirge-333-1\" data-image-description=\"\" data-image-caption=\"\" data-large-file=\"https:\/\/i0.wp.com\/www.light-style.eu\/Blog\/wp-content\/uploads\/2021\/10\/Elbsandsteingebirge-333-1.jpg?fit=1170%2C780&amp;ssl=1\" data-attachment-id=\"6205\" data-permalink=\"https:\/\/www.light-style.eu\/Blog\/so-schoen-ist-deutschland\/elbsandsteingebirge-333-1\/#main\" data-orig-file=\"https:\/\/i0.wp.com\/www.light-style.eu\/Blog\/wp-content\/uploads\/2021\/10\/Elbsandsteingebirge-333-1.jpg?fit=1200%2C800&amp;ssl=1\" data-orig-size=\"1200,800\" data-comments-opened=\"1\" data-image-meta=\"{&quot;aperture&quot;:&quot;0&quot;,&quot;credit&quot;:&quot;Fotostudio Light-Style\\rAndi Moel&quot;,&quot;camera&quot;:&quot;&quot;,&quot;caption&quot;:&quot;&quot;,&quot;created_timestamp&quot;:&quot;0&quot;,&quot;copyright&quot;:&quot;www.light-style.eu&quot;,&quot;focal_length&quot;:&quot;0&quot;,&quot;iso&quot;:&quot;0&quot;,&quot;shutter_speed&quot;:&quot;0&quot;,&quot;title&quot;:&quot;&quot;,&quot;orientation&quot;:&quot;0&quot;}\" data-image-title=\"Elbsandsteingebirge-333-1\" data-image-description=\"\" data-image-caption=\"\" data-large-file=\"https:\/\/i0.wp.com\/www.light-style.eu\/Blog\/wp-content\/uploads\/2021\/10\/Elbsandsteingebirge-333-1.jpg?fit=1170%2C780&amp;ssl=1\" role=\"button\" tabindex=\"0\" aria-label=\"Bild\u00a09 von 73 im Vollbildmodus \u00f6ffnen\"srcset=\"https:\/\/i0.wp.com\/www.light-style.eu\/Blog\/wp-content\/uploads\/2021\/10\/Elbsandsteingebirge-333-1.jpg?strip=info&#038;w=600&#038;ssl=1 600w,https:\/\/i0.wp.com\/www.light-style.eu\/Blog\/wp-content\/uploads\/2021\/10\/Elbsandsteingebirge-333-1.jpg?strip=info&#038;w=900&#038;ssl=1 900w,https:\/\/i0.wp.com\/www.light-style.eu\/Blog\/wp-content\/uploads\/2021\/10\/Elbsandsteingebirge-333-1.jpg?strip=info&#038;w=1200&#038;ssl=1 1200w\" alt=\"\" data-height=\"800\" data-id=\"6205\" data-link=\"https:\/\/www.light-style.eu\/Blog\/?attachment_id=6205\" data-url=\"https:\/\/www.light-style.eu\/Blog\/wp-content\/uploads\/2021\/10\/Elbsandsteingebirge-333-1.jpg\" data-width=\"1200\" src=\"https:\/\/i0.wp.com\/www.light-style.eu\/Blog\/wp-content\/uploads\/2021\/10\/Elbsandsteingebirge-333-1.jpg?ssl=1\" data-amp-layout=\"responsive\"\/><\/figure><\/div><div class=\"tiled-gallery__col\" style=\"flex-basis:33.33333%\"><figure class=\"tiled-gallery__item\"><img decoding=\"async\" data-attachment-id=\"6206\" data-permalink=\"https:\/\/www.light-style.eu\/Blog\/so-schoen-ist-deutschland\/elbsandsteingebirge-614-1\/#main\" data-orig-file=\"https:\/\/i0.wp.com\/www.light-style.eu\/Blog\/wp-content\/uploads\/2021\/10\/Elbsandsteingebirge-614-1.jpg?fit=1200%2C800&amp;ssl=1\" data-orig-size=\"1200,800\" data-comments-opened=\"1\" data-image-meta=\"{&quot;aperture&quot;:&quot;0&quot;,&quot;credit&quot;:&quot;Fotostudio Light-Style\\rAndi Moel&quot;,&quot;camera&quot;:&quot;&quot;,&quot;caption&quot;:&quot;&quot;,&quot;created_timestamp&quot;:&quot;0&quot;,&quot;copyright&quot;:&quot;www.light-style.eu&quot;,&quot;focal_length&quot;:&quot;0&quot;,&quot;iso&quot;:&quot;0&quot;,&quot;shutter_speed&quot;:&quot;0&quot;,&quot;title&quot;:&quot;&quot;,&quot;orientation&quot;:&quot;0&quot;}\" data-image-title=\"Elbsandsteingebirge-614-1\" data-image-description=\"\" data-image-caption=\"\" data-large-file=\"https:\/\/i0.wp.com\/www.light-style.eu\/Blog\/wp-content\/uploads\/2021\/10\/Elbsandsteingebirge-614-1.jpg?fit=1170%2C780&amp;ssl=1\" data-attachment-id=\"6206\" data-permalink=\"https:\/\/www.light-style.eu\/Blog\/so-schoen-ist-deutschland\/elbsandsteingebirge-614-1\/#main\" data-orig-file=\"https:\/\/i0.wp.com\/www.light-style.eu\/Blog\/wp-content\/uploads\/2021\/10\/Elbsandsteingebirge-614-1.jpg?fit=1200%2C800&amp;ssl=1\" data-orig-size=\"1200,800\" data-comments-opened=\"1\" data-image-meta=\"{&quot;aperture&quot;:&quot;0&quot;,&quot;credit&quot;:&quot;Fotostudio Light-Style\\rAndi Moel&quot;,&quot;camera&quot;:&quot;&quot;,&quot;caption&quot;:&quot;&quot;,&quot;created_timestamp&quot;:&quot;0&quot;,&quot;copyright&quot;:&quot;www.light-style.eu&quot;,&quot;focal_length&quot;:&quot;0&quot;,&quot;iso&quot;:&quot;0&quot;,&quot;shutter_speed&quot;:&quot;0&quot;,&quot;title&quot;:&quot;&quot;,&quot;orientation&quot;:&quot;0&quot;}\" data-image-title=\"Elbsandsteingebirge-614-1\" data-image-description=\"\" data-image-caption=\"\" data-large-file=\"https:\/\/i0.wp.com\/www.light-style.eu\/Blog\/wp-content\/uploads\/2021\/10\/Elbsandsteingebirge-614-1.jpg?fit=1170%2C780&amp;ssl=1\" role=\"button\" tabindex=\"0\" aria-label=\"Bild\u00a010 von 73 im Vollbildmodus \u00f6ffnen\"srcset=\"https:\/\/i1.wp.com\/www.light-style.eu\/Blog\/wp-content\/uploads\/2021\/10\/Elbsandsteingebirge-614-1.jpg?strip=info&#038;w=600&#038;ssl=1 600w,https:\/\/i1.wp.com\/www.light-style.eu\/Blog\/wp-content\/uploads\/2021\/10\/Elbsandsteingebirge-614-1.jpg?strip=info&#038;w=900&#038;ssl=1 900w,https:\/\/i1.wp.com\/www.light-style.eu\/Blog\/wp-content\/uploads\/2021\/10\/Elbsandsteingebirge-614-1.jpg?strip=info&#038;w=1200&#038;ssl=1 1200w\" alt=\"\" data-height=\"800\" data-id=\"6206\" data-link=\"https:\/\/www.light-style.eu\/Blog\/?attachment_id=6206\" data-url=\"https:\/\/www.light-style.eu\/Blog\/wp-content\/uploads\/2021\/10\/Elbsandsteingebirge-614-1.jpg\" data-width=\"1200\" src=\"https:\/\/i1.wp.com\/www.light-style.eu\/Blog\/wp-content\/uploads\/2021\/10\/Elbsandsteingebirge-614-1.jpg?ssl=1\" data-amp-layout=\"responsive\"\/><\/figure><\/div><div class=\"tiled-gallery__col\" style=\"flex-basis:33.33333%\"><figure class=\"tiled-gallery__item\"><img decoding=\"async\" data-attachment-id=\"6207\" data-permalink=\"https:\/\/www.light-style.eu\/Blog\/so-schoen-ist-deutschland\/elbsandsteingebirge-627-3\/#main\" data-orig-file=\"https:\/\/i0.wp.com\/www.light-style.eu\/Blog\/wp-content\/uploads\/2021\/10\/Elbsandsteingebirge-627-3.jpg?fit=1200%2C800&amp;ssl=1\" data-orig-size=\"1200,800\" data-comments-opened=\"1\" data-image-meta=\"{&quot;aperture&quot;:&quot;0&quot;,&quot;credit&quot;:&quot;Fotostudio Light-Style\\rAndi Moel&quot;,&quot;camera&quot;:&quot;&quot;,&quot;caption&quot;:&quot;&quot;,&quot;created_timestamp&quot;:&quot;0&quot;,&quot;copyright&quot;:&quot;www.light-style.eu&quot;,&quot;focal_length&quot;:&quot;0&quot;,&quot;iso&quot;:&quot;0&quot;,&quot;shutter_speed&quot;:&quot;0&quot;,&quot;title&quot;:&quot;&quot;,&quot;orientation&quot;:&quot;0&quot;}\" data-image-title=\"Elbsandsteingebirge-627-3\" data-image-description=\"\" data-image-caption=\"\" data-large-file=\"https:\/\/i0.wp.com\/www.light-style.eu\/Blog\/wp-content\/uploads\/2021\/10\/Elbsandsteingebirge-627-3.jpg?fit=1170%2C780&amp;ssl=1\" data-attachment-id=\"6207\" data-permalink=\"https:\/\/www.light-style.eu\/Blog\/so-schoen-ist-deutschland\/elbsandsteingebirge-627-3\/#main\" data-orig-file=\"https:\/\/i0.wp.com\/www.light-style.eu\/Blog\/wp-content\/uploads\/2021\/10\/Elbsandsteingebirge-627-3.jpg?fit=1200%2C800&amp;ssl=1\" data-orig-size=\"1200,800\" data-comments-opened=\"1\" data-image-meta=\"{&quot;aperture&quot;:&quot;0&quot;,&quot;credit&quot;:&quot;Fotostudio Light-Style\\rAndi Moel&quot;,&quot;camera&quot;:&quot;&quot;,&quot;caption&quot;:&quot;&quot;,&quot;created_timestamp&quot;:&quot;0&quot;,&quot;copyright&quot;:&quot;www.light-style.eu&quot;,&quot;focal_length&quot;:&quot;0&quot;,&quot;iso&quot;:&quot;0&quot;,&quot;shutter_speed&quot;:&quot;0&quot;,&quot;title&quot;:&quot;&quot;,&quot;orientation&quot;:&quot;0&quot;}\" data-image-title=\"Elbsandsteingebirge-627-3\" data-image-description=\"\" data-image-caption=\"\" data-large-file=\"https:\/\/i0.wp.com\/www.light-style.eu\/Blog\/wp-content\/uploads\/2021\/10\/Elbsandsteingebirge-627-3.jpg?fit=1170%2C780&amp;ssl=1\" role=\"button\" tabindex=\"0\" aria-label=\"Bild\u00a011 von 73 im Vollbildmodus \u00f6ffnen\"srcset=\"https:\/\/i0.wp.com\/www.light-style.eu\/Blog\/wp-content\/uploads\/2021\/10\/Elbsandsteingebirge-627-3.jpg?strip=info&#038;w=600&#038;ssl=1 600w,https:\/\/i0.wp.com\/www.light-style.eu\/Blog\/wp-content\/uploads\/2021\/10\/Elbsandsteingebirge-627-3.jpg?strip=info&#038;w=900&#038;ssl=1 900w,https:\/\/i0.wp.com\/www.light-style.eu\/Blog\/wp-content\/uploads\/2021\/10\/Elbsandsteingebirge-627-3.jpg?strip=info&#038;w=1200&#038;ssl=1 1200w\" alt=\"\" data-height=\"800\" data-id=\"6207\" data-link=\"https:\/\/www.light-style.eu\/Blog\/?attachment_id=6207\" data-url=\"https:\/\/www.light-style.eu\/Blog\/wp-content\/uploads\/2021\/10\/Elbsandsteingebirge-627-3.jpg\" data-width=\"1200\" src=\"https:\/\/i0.wp.com\/www.light-style.eu\/Blog\/wp-content\/uploads\/2021\/10\/Elbsandsteingebirge-627-3.jpg?ssl=1\" data-amp-layout=\"responsive\"\/><\/figure><\/div><\/div><div class=\"tiled-gallery__row\"><div class=\"tiled-gallery__col\" style=\"flex-basis:33.21256%\"><figure class=\"tiled-gallery__item\"><img decoding=\"async\" data-attachment-id=\"6208\" data-permalink=\"https:\/\/www.light-style.eu\/Blog\/so-schoen-ist-deutschland\/elbsandsteingebirge-645-1\/#main\" data-orig-file=\"https:\/\/i0.wp.com\/www.light-style.eu\/Blog\/wp-content\/uploads\/2021\/10\/Elbsandsteingebirge-645-1.jpg?fit=1200%2C800&amp;ssl=1\" data-orig-size=\"1200,800\" data-comments-opened=\"1\" data-image-meta=\"{&quot;aperture&quot;:&quot;0&quot;,&quot;credit&quot;:&quot;Fotostudio Light-Style\\rAndi Moel&quot;,&quot;camera&quot;:&quot;&quot;,&quot;caption&quot;:&quot;&quot;,&quot;created_timestamp&quot;:&quot;0&quot;,&quot;copyright&quot;:&quot;www.light-style.eu&quot;,&quot;focal_length&quot;:&quot;0&quot;,&quot;iso&quot;:&quot;0&quot;,&quot;shutter_speed&quot;:&quot;0&quot;,&quot;title&quot;:&quot;&quot;,&quot;orientation&quot;:&quot;0&quot;}\" data-image-title=\"Elbsandsteingebirge-645-1\" data-image-description=\"\" data-image-caption=\"\" data-large-file=\"https:\/\/i0.wp.com\/www.light-style.eu\/Blog\/wp-content\/uploads\/2021\/10\/Elbsandsteingebirge-645-1.jpg?fit=1170%2C780&amp;ssl=1\" data-attachment-id=\"6208\" data-permalink=\"https:\/\/www.light-style.eu\/Blog\/so-schoen-ist-deutschland\/elbsandsteingebirge-645-1\/#main\" data-orig-file=\"https:\/\/i0.wp.com\/www.light-style.eu\/Blog\/wp-content\/uploads\/2021\/10\/Elbsandsteingebirge-645-1.jpg?fit=1200%2C800&amp;ssl=1\" data-orig-size=\"1200,800\" data-comments-opened=\"1\" data-image-meta=\"{&quot;aperture&quot;:&quot;0&quot;,&quot;credit&quot;:&quot;Fotostudio Light-Style\\rAndi Moel&quot;,&quot;camera&quot;:&quot;&quot;,&quot;caption&quot;:&quot;&quot;,&quot;created_timestamp&quot;:&quot;0&quot;,&quot;copyright&quot;:&quot;www.light-style.eu&quot;,&quot;focal_length&quot;:&quot;0&quot;,&quot;iso&quot;:&quot;0&quot;,&quot;shutter_speed&quot;:&quot;0&quot;,&quot;title&quot;:&quot;&quot;,&quot;orientation&quot;:&quot;0&quot;}\" data-image-title=\"Elbsandsteingebirge-645-1\" data-image-description=\"\" data-image-caption=\"\" data-large-file=\"https:\/\/i0.wp.com\/www.light-style.eu\/Blog\/wp-content\/uploads\/2021\/10\/Elbsandsteingebirge-645-1.jpg?fit=1170%2C780&amp;ssl=1\" role=\"button\" tabindex=\"0\" aria-label=\"Bild\u00a012 von 73 im Vollbildmodus \u00f6ffnen\"srcset=\"https:\/\/i0.wp.com\/www.light-style.eu\/Blog\/wp-content\/uploads\/2021\/10\/Elbsandsteingebirge-645-1.jpg?strip=info&#038;w=600&#038;ssl=1 600w,https:\/\/i0.wp.com\/www.light-style.eu\/Blog\/wp-content\/uploads\/2021\/10\/Elbsandsteingebirge-645-1.jpg?strip=info&#038;w=900&#038;ssl=1 900w,https:\/\/i0.wp.com\/www.light-style.eu\/Blog\/wp-content\/uploads\/2021\/10\/Elbsandsteingebirge-645-1.jpg?strip=info&#038;w=1200&#038;ssl=1 1200w\" alt=\"\" data-height=\"800\" data-id=\"6208\" data-link=\"https:\/\/www.light-style.eu\/Blog\/?attachment_id=6208\" data-url=\"https:\/\/www.light-style.eu\/Blog\/wp-content\/uploads\/2021\/10\/Elbsandsteingebirge-645-1.jpg\" data-width=\"1200\" src=\"https:\/\/i0.wp.com\/www.light-style.eu\/Blog\/wp-content\/uploads\/2021\/10\/Elbsandsteingebirge-645-1.jpg?ssl=1\" data-amp-layout=\"responsive\"\/><\/figure><figure class=\"tiled-gallery__item\"><img decoding=\"async\" data-attachment-id=\"6209\" data-permalink=\"https:\/\/www.light-style.eu\/Blog\/so-schoen-ist-deutschland\/elbsandsteingebirge-724-1\/#main\" data-orig-file=\"https:\/\/i0.wp.com\/www.light-style.eu\/Blog\/wp-content\/uploads\/2021\/10\/Elbsandsteingebirge-724-1.jpg?fit=1200%2C800&amp;ssl=1\" data-orig-size=\"1200,800\" data-comments-opened=\"1\" data-image-meta=\"{&quot;aperture&quot;:&quot;0&quot;,&quot;credit&quot;:&quot;Fotostudio Light-Style\\rAndi Moel&quot;,&quot;camera&quot;:&quot;&quot;,&quot;caption&quot;:&quot;&quot;,&quot;created_timestamp&quot;:&quot;0&quot;,&quot;copyright&quot;:&quot;www.light-style.eu&quot;,&quot;focal_length&quot;:&quot;0&quot;,&quot;iso&quot;:&quot;0&quot;,&quot;shutter_speed&quot;:&quot;0&quot;,&quot;title&quot;:&quot;&quot;,&quot;orientation&quot;:&quot;0&quot;}\" data-image-title=\"Elbsandsteingebirge-724-1\" data-image-description=\"\" data-image-caption=\"\" data-large-file=\"https:\/\/i0.wp.com\/www.light-style.eu\/Blog\/wp-content\/uploads\/2021\/10\/Elbsandsteingebirge-724-1.jpg?fit=1170%2C780&amp;ssl=1\" data-attachment-id=\"6209\" data-permalink=\"https:\/\/www.light-style.eu\/Blog\/so-schoen-ist-deutschland\/elbsandsteingebirge-724-1\/#main\" data-orig-file=\"https:\/\/i0.wp.com\/www.light-style.eu\/Blog\/wp-content\/uploads\/2021\/10\/Elbsandsteingebirge-724-1.jpg?fit=1200%2C800&amp;ssl=1\" data-orig-size=\"1200,800\" data-comments-opened=\"1\" data-image-meta=\"{&quot;aperture&quot;:&quot;0&quot;,&quot;credit&quot;:&quot;Fotostudio Light-Style\\rAndi Moel&quot;,&quot;camera&quot;:&quot;&quot;,&quot;caption&quot;:&quot;&quot;,&quot;created_timestamp&quot;:&quot;0&quot;,&quot;copyright&quot;:&quot;www.light-style.eu&quot;,&quot;focal_length&quot;:&quot;0&quot;,&quot;iso&quot;:&quot;0&quot;,&quot;shutter_speed&quot;:&quot;0&quot;,&quot;title&quot;:&quot;&quot;,&quot;orientation&quot;:&quot;0&quot;}\" data-image-title=\"Elbsandsteingebirge-724-1\" data-image-description=\"\" data-image-caption=\"\" data-large-file=\"https:\/\/i0.wp.com\/www.light-style.eu\/Blog\/wp-content\/uploads\/2021\/10\/Elbsandsteingebirge-724-1.jpg?fit=1170%2C780&amp;ssl=1\" role=\"button\" tabindex=\"0\" aria-label=\"Bild\u00a013 von 73 im Vollbildmodus \u00f6ffnen\"srcset=\"https:\/\/i2.wp.com\/www.light-style.eu\/Blog\/wp-content\/uploads\/2021\/10\/Elbsandsteingebirge-724-1.jpg?strip=info&#038;w=600&#038;ssl=1 600w,https:\/\/i2.wp.com\/www.light-style.eu\/Blog\/wp-content\/uploads\/2021\/10\/Elbsandsteingebirge-724-1.jpg?strip=info&#038;w=900&#038;ssl=1 900w,https:\/\/i2.wp.com\/www.light-style.eu\/Blog\/wp-content\/uploads\/2021\/10\/Elbsandsteingebirge-724-1.jpg?strip=info&#038;w=1200&#038;ssl=1 1200w\" alt=\"\" data-height=\"800\" data-id=\"6209\" data-link=\"https:\/\/www.light-style.eu\/Blog\/?attachment_id=6209\" data-url=\"https:\/\/www.light-style.eu\/Blog\/wp-content\/uploads\/2021\/10\/Elbsandsteingebirge-724-1.jpg\" data-width=\"1200\" src=\"https:\/\/i2.wp.com\/www.light-style.eu\/Blog\/wp-content\/uploads\/2021\/10\/Elbsandsteingebirge-724-1.jpg?ssl=1\" data-amp-layout=\"responsive\"\/><\/figure><\/div><div class=\"tiled-gallery__col\" style=\"flex-basis:66.78744%\"><figure class=\"tiled-gallery__item\"><img decoding=\"async\" data-attachment-id=\"6210\" data-permalink=\"https:\/\/www.light-style.eu\/Blog\/so-schoen-ist-deutschland\/elbsandsteingebirge-785-1\/#main\" data-orig-file=\"https:\/\/i0.wp.com\/www.light-style.eu\/Blog\/wp-content\/uploads\/2021\/10\/Elbsandsteingebirge-785-1.jpg?fit=1200%2C800&amp;ssl=1\" data-orig-size=\"1200,800\" data-comments-opened=\"1\" data-image-meta=\"{&quot;aperture&quot;:&quot;0&quot;,&quot;credit&quot;:&quot;Fotostudio Light-Style\\rAndi Moel&quot;,&quot;camera&quot;:&quot;&quot;,&quot;caption&quot;:&quot;&quot;,&quot;created_timestamp&quot;:&quot;0&quot;,&quot;copyright&quot;:&quot;www.light-style.eu&quot;,&quot;focal_length&quot;:&quot;0&quot;,&quot;iso&quot;:&quot;0&quot;,&quot;shutter_speed&quot;:&quot;0&quot;,&quot;title&quot;:&quot;&quot;,&quot;orientation&quot;:&quot;0&quot;}\" data-image-title=\"Elbsandsteingebirge-785-1\" data-image-description=\"\" data-image-caption=\"\" data-large-file=\"https:\/\/i0.wp.com\/www.light-style.eu\/Blog\/wp-content\/uploads\/2021\/10\/Elbsandsteingebirge-785-1.jpg?fit=1170%2C780&amp;ssl=1\" data-attachment-id=\"6210\" data-permalink=\"https:\/\/www.light-style.eu\/Blog\/so-schoen-ist-deutschland\/elbsandsteingebirge-785-1\/#main\" data-orig-file=\"https:\/\/i0.wp.com\/www.light-style.eu\/Blog\/wp-content\/uploads\/2021\/10\/Elbsandsteingebirge-785-1.jpg?fit=1200%2C800&amp;ssl=1\" data-orig-size=\"1200,800\" data-comments-opened=\"1\" data-image-meta=\"{&quot;aperture&quot;:&quot;0&quot;,&quot;credit&quot;:&quot;Fotostudio Light-Style\\rAndi Moel&quot;,&quot;camera&quot;:&quot;&quot;,&quot;caption&quot;:&quot;&quot;,&quot;created_timestamp&quot;:&quot;0&quot;,&quot;copyright&quot;:&quot;www.light-style.eu&quot;,&quot;focal_length&quot;:&quot;0&quot;,&quot;iso&quot;:&quot;0&quot;,&quot;shutter_speed&quot;:&quot;0&quot;,&quot;title&quot;:&quot;&quot;,&quot;orientation&quot;:&quot;0&quot;}\" data-image-title=\"Elbsandsteingebirge-785-1\" data-image-description=\"\" data-image-caption=\"\" data-large-file=\"https:\/\/i0.wp.com\/www.light-style.eu\/Blog\/wp-content\/uploads\/2021\/10\/Elbsandsteingebirge-785-1.jpg?fit=1170%2C780&amp;ssl=1\" role=\"button\" tabindex=\"0\" aria-label=\"Bild\u00a014 von 73 im Vollbildmodus \u00f6ffnen\"srcset=\"https:\/\/i2.wp.com\/www.light-style.eu\/Blog\/wp-content\/uploads\/2021\/10\/Elbsandsteingebirge-785-1.jpg?strip=info&#038;w=600&#038;ssl=1 600w,https:\/\/i2.wp.com\/www.light-style.eu\/Blog\/wp-content\/uploads\/2021\/10\/Elbsandsteingebirge-785-1.jpg?strip=info&#038;w=900&#038;ssl=1 900w,https:\/\/i2.wp.com\/www.light-style.eu\/Blog\/wp-content\/uploads\/2021\/10\/Elbsandsteingebirge-785-1.jpg?strip=info&#038;w=1200&#038;ssl=1 1200w\" alt=\"\" data-height=\"800\" data-id=\"6210\" data-link=\"https:\/\/www.light-style.eu\/Blog\/?attachment_id=6210\" data-url=\"https:\/\/www.light-style.eu\/Blog\/wp-content\/uploads\/2021\/10\/Elbsandsteingebirge-785-1.jpg\" data-width=\"1200\" src=\"https:\/\/i2.wp.com\/www.light-style.eu\/Blog\/wp-content\/uploads\/2021\/10\/Elbsandsteingebirge-785-1.jpg?ssl=1\" data-amp-layout=\"responsive\"\/><\/figure><\/div><\/div><div class=\"tiled-gallery__row\"><div class=\"tiled-gallery__col\" style=\"flex-basis:69.18045%\"><figure class=\"tiled-gallery__item\"><img decoding=\"async\" data-attachment-id=\"6211\" data-permalink=\"https:\/\/www.light-style.eu\/Blog\/so-schoen-ist-deutschland\/elbsandsteingebirge-814-2\/#main\" data-orig-file=\"https:\/\/i0.wp.com\/www.light-style.eu\/Blog\/wp-content\/uploads\/2021\/10\/Elbsandsteingebirge-814-2.jpg?fit=1200%2C800&amp;ssl=1\" data-orig-size=\"1200,800\" data-comments-opened=\"1\" data-image-meta=\"{&quot;aperture&quot;:&quot;0&quot;,&quot;credit&quot;:&quot;Fotostudio Light-Style\\rAndi Moel&quot;,&quot;camera&quot;:&quot;&quot;,&quot;caption&quot;:&quot;&quot;,&quot;created_timestamp&quot;:&quot;0&quot;,&quot;copyright&quot;:&quot;www.light-style.eu&quot;,&quot;focal_length&quot;:&quot;0&quot;,&quot;iso&quot;:&quot;0&quot;,&quot;shutter_speed&quot;:&quot;0&quot;,&quot;title&quot;:&quot;&quot;,&quot;orientation&quot;:&quot;0&quot;}\" data-image-title=\"Elbsandsteingebirge-814-2\" data-image-description=\"\" data-image-caption=\"\" data-large-file=\"https:\/\/i0.wp.com\/www.light-style.eu\/Blog\/wp-content\/uploads\/2021\/10\/Elbsandsteingebirge-814-2.jpg?fit=1170%2C780&amp;ssl=1\" data-attachment-id=\"6211\" data-permalink=\"https:\/\/www.light-style.eu\/Blog\/so-schoen-ist-deutschland\/elbsandsteingebirge-814-2\/#main\" data-orig-file=\"https:\/\/i0.wp.com\/www.light-style.eu\/Blog\/wp-content\/uploads\/2021\/10\/Elbsandsteingebirge-814-2.jpg?fit=1200%2C800&amp;ssl=1\" data-orig-size=\"1200,800\" data-comments-opened=\"1\" data-image-meta=\"{&quot;aperture&quot;:&quot;0&quot;,&quot;credit&quot;:&quot;Fotostudio Light-Style\\rAndi Moel&quot;,&quot;camera&quot;:&quot;&quot;,&quot;caption&quot;:&quot;&quot;,&quot;created_timestamp&quot;:&quot;0&quot;,&quot;copyright&quot;:&quot;www.light-style.eu&quot;,&quot;focal_length&quot;:&quot;0&quot;,&quot;iso&quot;:&quot;0&quot;,&quot;shutter_speed&quot;:&quot;0&quot;,&quot;title&quot;:&quot;&quot;,&quot;orientation&quot;:&quot;0&quot;}\" data-image-title=\"Elbsandsteingebirge-814-2\" data-image-description=\"\" data-image-caption=\"\" data-large-file=\"https:\/\/i0.wp.com\/www.light-style.eu\/Blog\/wp-content\/uploads\/2021\/10\/Elbsandsteingebirge-814-2.jpg?fit=1170%2C780&amp;ssl=1\" role=\"button\" tabindex=\"0\" aria-label=\"Bild\u00a015 von 73 im Vollbildmodus \u00f6ffnen\"srcset=\"https:\/\/i1.wp.com\/www.light-style.eu\/Blog\/wp-content\/uploads\/2021\/10\/Elbsandsteingebirge-814-2.jpg?strip=info&#038;w=600&#038;ssl=1 600w,https:\/\/i1.wp.com\/www.light-style.eu\/Blog\/wp-content\/uploads\/2021\/10\/Elbsandsteingebirge-814-2.jpg?strip=info&#038;w=900&#038;ssl=1 900w,https:\/\/i1.wp.com\/www.light-style.eu\/Blog\/wp-content\/uploads\/2021\/10\/Elbsandsteingebirge-814-2.jpg?strip=info&#038;w=1200&#038;ssl=1 1200w\" alt=\"\" data-height=\"800\" data-id=\"6211\" data-link=\"https:\/\/www.light-style.eu\/Blog\/?attachment_id=6211\" data-url=\"https:\/\/www.light-style.eu\/Blog\/wp-content\/uploads\/2021\/10\/Elbsandsteingebirge-814-2.jpg\" data-width=\"1200\" src=\"https:\/\/i1.wp.com\/www.light-style.eu\/Blog\/wp-content\/uploads\/2021\/10\/Elbsandsteingebirge-814-2.jpg?ssl=1\" data-amp-layout=\"responsive\"\/><\/figure><\/div><div class=\"tiled-gallery__col\" style=\"flex-basis:30.81955%\"><figure class=\"tiled-gallery__item\"><img decoding=\"async\" data-attachment-id=\"6212\" data-permalink=\"https:\/\/www.light-style.eu\/Blog\/so-schoen-ist-deutschland\/elbsandsteingebirge-851-1\/#main\" data-orig-file=\"https:\/\/i0.wp.com\/www.light-style.eu\/Blog\/wp-content\/uploads\/2021\/10\/Elbsandsteingebirge-851-1.jpg?fit=800%2C1200&amp;ssl=1\" data-orig-size=\"800,1200\" data-comments-opened=\"1\" data-image-meta=\"{&quot;aperture&quot;:&quot;0&quot;,&quot;credit&quot;:&quot;Fotostudio Light-Style\\rAndi Moel&quot;,&quot;camera&quot;:&quot;&quot;,&quot;caption&quot;:&quot;&quot;,&quot;created_timestamp&quot;:&quot;0&quot;,&quot;copyright&quot;:&quot;www.light-style.eu&quot;,&quot;focal_length&quot;:&quot;0&quot;,&quot;iso&quot;:&quot;0&quot;,&quot;shutter_speed&quot;:&quot;0&quot;,&quot;title&quot;:&quot;&quot;,&quot;orientation&quot;:&quot;0&quot;}\" data-image-title=\"Elbsandsteingebirge-851-1\" data-image-description=\"\" data-image-caption=\"\" data-large-file=\"https:\/\/i0.wp.com\/www.light-style.eu\/Blog\/wp-content\/uploads\/2021\/10\/Elbsandsteingebirge-851-1.jpg?fit=800%2C1200&amp;ssl=1\" data-attachment-id=\"6212\" data-permalink=\"https:\/\/www.light-style.eu\/Blog\/so-schoen-ist-deutschland\/elbsandsteingebirge-851-1\/#main\" data-orig-file=\"https:\/\/i0.wp.com\/www.light-style.eu\/Blog\/wp-content\/uploads\/2021\/10\/Elbsandsteingebirge-851-1.jpg?fit=800%2C1200&amp;ssl=1\" data-orig-size=\"800,1200\" data-comments-opened=\"1\" data-image-meta=\"{&quot;aperture&quot;:&quot;0&quot;,&quot;credit&quot;:&quot;Fotostudio Light-Style\\rAndi Moel&quot;,&quot;camera&quot;:&quot;&quot;,&quot;caption&quot;:&quot;&quot;,&quot;created_timestamp&quot;:&quot;0&quot;,&quot;copyright&quot;:&quot;www.light-style.eu&quot;,&quot;focal_length&quot;:&quot;0&quot;,&quot;iso&quot;:&quot;0&quot;,&quot;shutter_speed&quot;:&quot;0&quot;,&quot;title&quot;:&quot;&quot;,&quot;orientation&quot;:&quot;0&quot;}\" data-image-title=\"Elbsandsteingebirge-851-1\" data-image-description=\"\" data-image-caption=\"\" data-large-file=\"https:\/\/i0.wp.com\/www.light-style.eu\/Blog\/wp-content\/uploads\/2021\/10\/Elbsandsteingebirge-851-1.jpg?fit=800%2C1200&amp;ssl=1\" role=\"button\" tabindex=\"0\" aria-label=\"Bild\u00a016 von 73 im Vollbildmodus \u00f6ffnen\"srcset=\"https:\/\/i1.wp.com\/www.light-style.eu\/Blog\/wp-content\/uploads\/2021\/10\/Elbsandsteingebirge-851-1.jpg?strip=info&#038;w=600&#038;ssl=1 600w,https:\/\/i1.wp.com\/www.light-style.eu\/Blog\/wp-content\/uploads\/2021\/10\/Elbsandsteingebirge-851-1.jpg?strip=info&#038;w=800&#038;ssl=1 800w\" alt=\"\" data-height=\"1200\" data-id=\"6212\" data-link=\"https:\/\/www.light-style.eu\/Blog\/?attachment_id=6212\" data-url=\"https:\/\/www.light-style.eu\/Blog\/wp-content\/uploads\/2021\/10\/Elbsandsteingebirge-851-1.jpg\" data-width=\"800\" src=\"https:\/\/i1.wp.com\/www.light-style.eu\/Blog\/wp-content\/uploads\/2021\/10\/Elbsandsteingebirge-851-1.jpg?ssl=1\" data-amp-layout=\"responsive\"\/><\/figure><\/div><\/div><div class=\"tiled-gallery__row\"><div class=\"tiled-gallery__col\" style=\"flex-basis:57.36571%\"><figure class=\"tiled-gallery__item\"><img decoding=\"async\" data-attachment-id=\"6213\" data-permalink=\"https:\/\/www.light-style.eu\/Blog\/so-schoen-ist-deutschland\/elbsandsteingebirge-886-1\/#main\" data-orig-file=\"https:\/\/i0.wp.com\/www.light-style.eu\/Blog\/wp-content\/uploads\/2021\/10\/Elbsandsteingebirge-886-1.jpg?fit=800%2C1200&amp;ssl=1\" data-orig-size=\"800,1200\" data-comments-opened=\"1\" data-image-meta=\"{&quot;aperture&quot;:&quot;0&quot;,&quot;credit&quot;:&quot;Fotostudio Light-Style\\rAndi Moel&quot;,&quot;camera&quot;:&quot;&quot;,&quot;caption&quot;:&quot;&quot;,&quot;created_timestamp&quot;:&quot;0&quot;,&quot;copyright&quot;:&quot;www.light-style.eu&quot;,&quot;focal_length&quot;:&quot;0&quot;,&quot;iso&quot;:&quot;0&quot;,&quot;shutter_speed&quot;:&quot;0&quot;,&quot;title&quot;:&quot;&quot;,&quot;orientation&quot;:&quot;0&quot;}\" data-image-title=\"Elbsandsteingebirge-886-1\" data-image-description=\"\" data-image-caption=\"\" data-large-file=\"https:\/\/i0.wp.com\/www.light-style.eu\/Blog\/wp-content\/uploads\/2021\/10\/Elbsandsteingebirge-886-1.jpg?fit=800%2C1200&amp;ssl=1\" data-attachment-id=\"6213\" data-permalink=\"https:\/\/www.light-style.eu\/Blog\/so-schoen-ist-deutschland\/elbsandsteingebirge-886-1\/#main\" data-orig-file=\"https:\/\/i0.wp.com\/www.light-style.eu\/Blog\/wp-content\/uploads\/2021\/10\/Elbsandsteingebirge-886-1.jpg?fit=800%2C1200&amp;ssl=1\" data-orig-size=\"800,1200\" data-comments-opened=\"1\" data-image-meta=\"{&quot;aperture&quot;:&quot;0&quot;,&quot;credit&quot;:&quot;Fotostudio Light-Style\\rAndi Moel&quot;,&quot;camera&quot;:&quot;&quot;,&quot;caption&quot;:&quot;&quot;,&quot;created_timestamp&quot;:&quot;0&quot;,&quot;copyright&quot;:&quot;www.light-style.eu&quot;,&quot;focal_length&quot;:&quot;0&quot;,&quot;iso&quot;:&quot;0&quot;,&quot;shutter_speed&quot;:&quot;0&quot;,&quot;title&quot;:&quot;&quot;,&quot;orientation&quot;:&quot;0&quot;}\" data-image-title=\"Elbsandsteingebirge-886-1\" data-image-description=\"\" data-image-caption=\"\" data-large-file=\"https:\/\/i0.wp.com\/www.light-style.eu\/Blog\/wp-content\/uploads\/2021\/10\/Elbsandsteingebirge-886-1.jpg?fit=800%2C1200&amp;ssl=1\" role=\"button\" tabindex=\"0\" aria-label=\"Bild\u00a017 von 73 im Vollbildmodus \u00f6ffnen\"srcset=\"https:\/\/i1.wp.com\/www.light-style.eu\/Blog\/wp-content\/uploads\/2021\/10\/Elbsandsteingebirge-886-1.jpg?strip=info&#038;w=600&#038;ssl=1 600w,https:\/\/i1.wp.com\/www.light-style.eu\/Blog\/wp-content\/uploads\/2021\/10\/Elbsandsteingebirge-886-1.jpg?strip=info&#038;w=800&#038;ssl=1 800w\" alt=\"\" data-height=\"1200\" data-id=\"6213\" data-link=\"https:\/\/www.light-style.eu\/Blog\/?attachment_id=6213\" data-url=\"https:\/\/www.light-style.eu\/Blog\/wp-content\/uploads\/2021\/10\/Elbsandsteingebirge-886-1.jpg\" data-width=\"800\" src=\"https:\/\/i1.wp.com\/www.light-style.eu\/Blog\/wp-content\/uploads\/2021\/10\/Elbsandsteingebirge-886-1.jpg?ssl=1\" data-amp-layout=\"responsive\"\/><\/figure><\/div><div class=\"tiled-gallery__col\" style=\"flex-basis:42.63429%\"><figure class=\"tiled-gallery__item\"><img decoding=\"async\" data-attachment-id=\"6214\" data-permalink=\"https:\/\/www.light-style.eu\/Blog\/so-schoen-ist-deutschland\/elbsandsteingebirge-893-1\/#main\" data-orig-file=\"https:\/\/i0.wp.com\/www.light-style.eu\/Blog\/wp-content\/uploads\/2021\/10\/Elbsandsteingebirge-893-1.jpg?fit=1200%2C800&amp;ssl=1\" data-orig-size=\"1200,800\" data-comments-opened=\"1\" data-image-meta=\"{&quot;aperture&quot;:&quot;0&quot;,&quot;credit&quot;:&quot;Fotostudio Light-Style\\rAndi Moel&quot;,&quot;camera&quot;:&quot;&quot;,&quot;caption&quot;:&quot;&quot;,&quot;created_timestamp&quot;:&quot;0&quot;,&quot;copyright&quot;:&quot;www.light-style.eu&quot;,&quot;focal_length&quot;:&quot;0&quot;,&quot;iso&quot;:&quot;0&quot;,&quot;shutter_speed&quot;:&quot;0&quot;,&quot;title&quot;:&quot;&quot;,&quot;orientation&quot;:&quot;0&quot;}\" data-image-title=\"Elbsandsteingebirge-893-1\" data-image-description=\"\" data-image-caption=\"\" data-large-file=\"https:\/\/i0.wp.com\/www.light-style.eu\/Blog\/wp-content\/uploads\/2021\/10\/Elbsandsteingebirge-893-1.jpg?fit=1170%2C780&amp;ssl=1\" data-attachment-id=\"6214\" data-permalink=\"https:\/\/www.light-style.eu\/Blog\/so-schoen-ist-deutschland\/elbsandsteingebirge-893-1\/#main\" data-orig-file=\"https:\/\/i0.wp.com\/www.light-style.eu\/Blog\/wp-content\/uploads\/2021\/10\/Elbsandsteingebirge-893-1.jpg?fit=1200%2C800&amp;ssl=1\" data-orig-size=\"1200,800\" data-comments-opened=\"1\" data-image-meta=\"{&quot;aperture&quot;:&quot;0&quot;,&quot;credit&quot;:&quot;Fotostudio Light-Style\\rAndi Moel&quot;,&quot;camera&quot;:&quot;&quot;,&quot;caption&quot;:&quot;&quot;,&quot;created_timestamp&quot;:&quot;0&quot;,&quot;copyright&quot;:&quot;www.light-style.eu&quot;,&quot;focal_length&quot;:&quot;0&quot;,&quot;iso&quot;:&quot;0&quot;,&quot;shutter_speed&quot;:&quot;0&quot;,&quot;title&quot;:&quot;&quot;,&quot;orientation&quot;:&quot;0&quot;}\" data-image-title=\"Elbsandsteingebirge-893-1\" data-image-description=\"\" data-image-caption=\"\" data-large-file=\"https:\/\/i0.wp.com\/www.light-style.eu\/Blog\/wp-content\/uploads\/2021\/10\/Elbsandsteingebirge-893-1.jpg?fit=1170%2C780&amp;ssl=1\" role=\"button\" tabindex=\"0\" aria-label=\"Bild\u00a018 von 73 im Vollbildmodus \u00f6ffnen\"srcset=\"https:\/\/i2.wp.com\/www.light-style.eu\/Blog\/wp-content\/uploads\/2021\/10\/Elbsandsteingebirge-893-1.jpg?strip=info&#038;w=600&#038;ssl=1 600w,https:\/\/i2.wp.com\/www.light-style.eu\/Blog\/wp-content\/uploads\/2021\/10\/Elbsandsteingebirge-893-1.jpg?strip=info&#038;w=900&#038;ssl=1 900w,https:\/\/i2.wp.com\/www.light-style.eu\/Blog\/wp-content\/uploads\/2021\/10\/Elbsandsteingebirge-893-1.jpg?strip=info&#038;w=1200&#038;ssl=1 1200w\" alt=\"\" data-height=\"800\" data-id=\"6214\" data-link=\"https:\/\/www.light-style.eu\/Blog\/?attachment_id=6214\" data-url=\"https:\/\/www.light-style.eu\/Blog\/wp-content\/uploads\/2021\/10\/Elbsandsteingebirge-893-1.jpg\" data-width=\"1200\" src=\"https:\/\/i2.wp.com\/www.light-style.eu\/Blog\/wp-content\/uploads\/2021\/10\/Elbsandsteingebirge-893-1.jpg?ssl=1\" data-amp-layout=\"responsive\"\/><\/figure><figure class=\"tiled-gallery__item\"><img decoding=\"async\" data-attachment-id=\"6215\" data-permalink=\"https:\/\/www.light-style.eu\/Blog\/so-schoen-ist-deutschland\/elbsandsteingebirge-914-1\/#main\" data-orig-file=\"https:\/\/i0.wp.com\/www.light-style.eu\/Blog\/wp-content\/uploads\/2021\/10\/Elbsandsteingebirge-914-1.jpg?fit=1200%2C800&amp;ssl=1\" data-orig-size=\"1200,800\" data-comments-opened=\"1\" data-image-meta=\"{&quot;aperture&quot;:&quot;0&quot;,&quot;credit&quot;:&quot;Fotostudio Light-Style\\rAndi Moel&quot;,&quot;camera&quot;:&quot;&quot;,&quot;caption&quot;:&quot;&quot;,&quot;created_timestamp&quot;:&quot;0&quot;,&quot;copyright&quot;:&quot;www.light-style.eu&quot;,&quot;focal_length&quot;:&quot;0&quot;,&quot;iso&quot;:&quot;0&quot;,&quot;shutter_speed&quot;:&quot;0&quot;,&quot;title&quot;:&quot;&quot;,&quot;orientation&quot;:&quot;0&quot;}\" data-image-title=\"Elbsandsteingebirge-914-1\" data-image-description=\"\" data-image-caption=\"\" data-large-file=\"https:\/\/i0.wp.com\/www.light-style.eu\/Blog\/wp-content\/uploads\/2021\/10\/Elbsandsteingebirge-914-1.jpg?fit=1170%2C780&amp;ssl=1\" data-attachment-id=\"6215\" data-permalink=\"https:\/\/www.light-style.eu\/Blog\/so-schoen-ist-deutschland\/elbsandsteingebirge-914-1\/#main\" data-orig-file=\"https:\/\/i0.wp.com\/www.light-style.eu\/Blog\/wp-content\/uploads\/2021\/10\/Elbsandsteingebirge-914-1.jpg?fit=1200%2C800&amp;ssl=1\" data-orig-size=\"1200,800\" data-comments-opened=\"1\" data-image-meta=\"{&quot;aperture&quot;:&quot;0&quot;,&quot;credit&quot;:&quot;Fotostudio Light-Style\\rAndi Moel&quot;,&quot;camera&quot;:&quot;&quot;,&quot;caption&quot;:&quot;&quot;,&quot;created_timestamp&quot;:&quot;0&quot;,&quot;copyright&quot;:&quot;www.light-style.eu&quot;,&quot;focal_length&quot;:&quot;0&quot;,&quot;iso&quot;:&quot;0&quot;,&quot;shutter_speed&quot;:&quot;0&quot;,&quot;title&quot;:&quot;&quot;,&quot;orientation&quot;:&quot;0&quot;}\" data-image-title=\"Elbsandsteingebirge-914-1\" data-image-description=\"\" data-image-caption=\"\" data-large-file=\"https:\/\/i0.wp.com\/www.light-style.eu\/Blog\/wp-content\/uploads\/2021\/10\/Elbsandsteingebirge-914-1.jpg?fit=1170%2C780&amp;ssl=1\" role=\"button\" tabindex=\"0\" aria-label=\"Bild\u00a019 von 73 im Vollbildmodus \u00f6ffnen\"srcset=\"https:\/\/i2.wp.com\/www.light-style.eu\/Blog\/wp-content\/uploads\/2021\/10\/Elbsandsteingebirge-914-1.jpg?strip=info&#038;w=600&#038;ssl=1 600w,https:\/\/i2.wp.com\/www.light-style.eu\/Blog\/wp-content\/uploads\/2021\/10\/Elbsandsteingebirge-914-1.jpg?strip=info&#038;w=900&#038;ssl=1 900w,https:\/\/i2.wp.com\/www.light-style.eu\/Blog\/wp-content\/uploads\/2021\/10\/Elbsandsteingebirge-914-1.jpg?strip=info&#038;w=1200&#038;ssl=1 1200w\" alt=\"\" data-height=\"800\" data-id=\"6215\" data-link=\"https:\/\/www.light-style.eu\/Blog\/?attachment_id=6215\" data-url=\"https:\/\/www.light-style.eu\/Blog\/wp-content\/uploads\/2021\/10\/Elbsandsteingebirge-914-1.jpg\" data-width=\"1200\" src=\"https:\/\/i2.wp.com\/www.light-style.eu\/Blog\/wp-content\/uploads\/2021\/10\/Elbsandsteingebirge-914-1.jpg?ssl=1\" data-amp-layout=\"responsive\"\/><\/figure><figure class=\"tiled-gallery__item\"><img decoding=\"async\" data-attachment-id=\"6216\" data-permalink=\"https:\/\/www.light-style.eu\/Blog\/so-schoen-ist-deutschland\/elbsandsteingebirge-928-1\/#main\" data-orig-file=\"https:\/\/i0.wp.com\/www.light-style.eu\/Blog\/wp-content\/uploads\/2021\/10\/Elbsandsteingebirge-928-1.jpg?fit=1200%2C800&amp;ssl=1\" data-orig-size=\"1200,800\" data-comments-opened=\"1\" data-image-meta=\"{&quot;aperture&quot;:&quot;0&quot;,&quot;credit&quot;:&quot;Fotostudio Light-Style\\rAndi Moel&quot;,&quot;camera&quot;:&quot;&quot;,&quot;caption&quot;:&quot;&quot;,&quot;created_timestamp&quot;:&quot;0&quot;,&quot;copyright&quot;:&quot;www.light-style.eu&quot;,&quot;focal_length&quot;:&quot;0&quot;,&quot;iso&quot;:&quot;0&quot;,&quot;shutter_speed&quot;:&quot;0&quot;,&quot;title&quot;:&quot;&quot;,&quot;orientation&quot;:&quot;0&quot;}\" data-image-title=\"Elbsandsteingebirge-928-1\" data-image-description=\"\" data-image-caption=\"\" data-large-file=\"https:\/\/i0.wp.com\/www.light-style.eu\/Blog\/wp-content\/uploads\/2021\/10\/Elbsandsteingebirge-928-1.jpg?fit=1170%2C780&amp;ssl=1\" data-attachment-id=\"6216\" data-permalink=\"https:\/\/www.light-style.eu\/Blog\/so-schoen-ist-deutschland\/elbsandsteingebirge-928-1\/#main\" data-orig-file=\"https:\/\/i0.wp.com\/www.light-style.eu\/Blog\/wp-content\/uploads\/2021\/10\/Elbsandsteingebirge-928-1.jpg?fit=1200%2C800&amp;ssl=1\" data-orig-size=\"1200,800\" data-comments-opened=\"1\" data-image-meta=\"{&quot;aperture&quot;:&quot;0&quot;,&quot;credit&quot;:&quot;Fotostudio Light-Style\\rAndi Moel&quot;,&quot;camera&quot;:&quot;&quot;,&quot;caption&quot;:&quot;&quot;,&quot;created_timestamp&quot;:&quot;0&quot;,&quot;copyright&quot;:&quot;www.light-style.eu&quot;,&quot;focal_length&quot;:&quot;0&quot;,&quot;iso&quot;:&quot;0&quot;,&quot;shutter_speed&quot;:&quot;0&quot;,&quot;title&quot;:&quot;&quot;,&quot;orientation&quot;:&quot;0&quot;}\" data-image-title=\"Elbsandsteingebirge-928-1\" data-image-description=\"\" data-image-caption=\"\" data-large-file=\"https:\/\/i0.wp.com\/www.light-style.eu\/Blog\/wp-content\/uploads\/2021\/10\/Elbsandsteingebirge-928-1.jpg?fit=1170%2C780&amp;ssl=1\" role=\"button\" tabindex=\"0\" aria-label=\"Bild\u00a020 von 73 im Vollbildmodus \u00f6ffnen\"srcset=\"https:\/\/i1.wp.com\/www.light-style.eu\/Blog\/wp-content\/uploads\/2021\/10\/Elbsandsteingebirge-928-1.jpg?strip=info&#038;w=600&#038;ssl=1 600w,https:\/\/i1.wp.com\/www.light-style.eu\/Blog\/wp-content\/uploads\/2021\/10\/Elbsandsteingebirge-928-1.jpg?strip=info&#038;w=900&#038;ssl=1 900w,https:\/\/i1.wp.com\/www.light-style.eu\/Blog\/wp-content\/uploads\/2021\/10\/Elbsandsteingebirge-928-1.jpg?strip=info&#038;w=1200&#038;ssl=1 1200w\" alt=\"\" data-height=\"800\" data-id=\"6216\" data-link=\"https:\/\/www.light-style.eu\/Blog\/?attachment_id=6216\" data-url=\"https:\/\/www.light-style.eu\/Blog\/wp-content\/uploads\/2021\/10\/Elbsandsteingebirge-928-1.jpg\" data-width=\"1200\" src=\"https:\/\/i1.wp.com\/www.light-style.eu\/Blog\/wp-content\/uploads\/2021\/10\/Elbsandsteingebirge-928-1.jpg?ssl=1\" data-amp-layout=\"responsive\"\/><\/figure><\/div><\/div><div class=\"tiled-gallery__row\"><div class=\"tiled-gallery__col\" style=\"flex-basis:66.78744%\"><figure class=\"tiled-gallery__item\"><img decoding=\"async\" data-attachment-id=\"6217\" data-permalink=\"https:\/\/www.light-style.eu\/Blog\/so-schoen-ist-deutschland\/elbsandsteingebirge-935-1\/#main\" data-orig-file=\"https:\/\/i0.wp.com\/www.light-style.eu\/Blog\/wp-content\/uploads\/2021\/10\/Elbsandsteingebirge-935-1.jpg?fit=1200%2C800&amp;ssl=1\" data-orig-size=\"1200,800\" data-comments-opened=\"1\" data-image-meta=\"{&quot;aperture&quot;:&quot;0&quot;,&quot;credit&quot;:&quot;Fotostudio Light-Style\\rAndi Moel&quot;,&quot;camera&quot;:&quot;&quot;,&quot;caption&quot;:&quot;&quot;,&quot;created_timestamp&quot;:&quot;0&quot;,&quot;copyright&quot;:&quot;www.light-style.eu&quot;,&quot;focal_length&quot;:&quot;0&quot;,&quot;iso&quot;:&quot;0&quot;,&quot;shutter_speed&quot;:&quot;0&quot;,&quot;title&quot;:&quot;&quot;,&quot;orientation&quot;:&quot;0&quot;}\" data-image-title=\"Elbsandsteingebirge-935-1\" data-image-description=\"\" data-image-caption=\"\" data-large-file=\"https:\/\/i0.wp.com\/www.light-style.eu\/Blog\/wp-content\/uploads\/2021\/10\/Elbsandsteingebirge-935-1.jpg?fit=1170%2C780&amp;ssl=1\" data-attachment-id=\"6217\" data-permalink=\"https:\/\/www.light-style.eu\/Blog\/so-schoen-ist-deutschland\/elbsandsteingebirge-935-1\/#main\" data-orig-file=\"https:\/\/i0.wp.com\/www.light-style.eu\/Blog\/wp-content\/uploads\/2021\/10\/Elbsandsteingebirge-935-1.jpg?fit=1200%2C800&amp;ssl=1\" data-orig-size=\"1200,800\" data-comments-opened=\"1\" data-image-meta=\"{&quot;aperture&quot;:&quot;0&quot;,&quot;credit&quot;:&quot;Fotostudio Light-Style\\rAndi Moel&quot;,&quot;camera&quot;:&quot;&quot;,&quot;caption&quot;:&quot;&quot;,&quot;created_timestamp&quot;:&quot;0&quot;,&quot;copyright&quot;:&quot;www.light-style.eu&quot;,&quot;focal_length&quot;:&quot;0&quot;,&quot;iso&quot;:&quot;0&quot;,&quot;shutter_speed&quot;:&quot;0&quot;,&quot;title&quot;:&quot;&quot;,&quot;orientation&quot;:&quot;0&quot;}\" data-image-title=\"Elbsandsteingebirge-935-1\" data-image-description=\"\" data-image-caption=\"\" data-large-file=\"https:\/\/i0.wp.com\/www.light-style.eu\/Blog\/wp-content\/uploads\/2021\/10\/Elbsandsteingebirge-935-1.jpg?fit=1170%2C780&amp;ssl=1\" role=\"button\" tabindex=\"0\" aria-label=\"Bild\u00a021 von 73 im Vollbildmodus \u00f6ffnen\"srcset=\"https:\/\/i0.wp.com\/www.light-style.eu\/Blog\/wp-content\/uploads\/2021\/10\/Elbsandsteingebirge-935-1.jpg?strip=info&#038;w=600&#038;ssl=1 600w,https:\/\/i0.wp.com\/www.light-style.eu\/Blog\/wp-content\/uploads\/2021\/10\/Elbsandsteingebirge-935-1.jpg?strip=info&#038;w=900&#038;ssl=1 900w,https:\/\/i0.wp.com\/www.light-style.eu\/Blog\/wp-content\/uploads\/2021\/10\/Elbsandsteingebirge-935-1.jpg?strip=info&#038;w=1200&#038;ssl=1 1200w\" alt=\"\" data-height=\"800\" data-id=\"6217\" data-link=\"https:\/\/www.light-style.eu\/Blog\/?attachment_id=6217\" data-url=\"https:\/\/www.light-style.eu\/Blog\/wp-content\/uploads\/2021\/10\/Elbsandsteingebirge-935-1.jpg\" data-width=\"1200\" src=\"https:\/\/i0.wp.com\/www.light-style.eu\/Blog\/wp-content\/uploads\/2021\/10\/Elbsandsteingebirge-935-1.jpg?ssl=1\" data-amp-layout=\"responsive\"\/><\/figure><\/div><div class=\"tiled-gallery__col\" style=\"flex-basis:33.21256%\"><figure class=\"tiled-gallery__item\"><img decoding=\"async\" data-attachment-id=\"6218\" data-permalink=\"https:\/\/www.light-style.eu\/Blog\/so-schoen-ist-deutschland\/elbsandsteingebirge-949-1\/#main\" data-orig-file=\"https:\/\/i0.wp.com\/www.light-style.eu\/Blog\/wp-content\/uploads\/2021\/10\/Elbsandsteingebirge-949-1.jpg?fit=1200%2C800&amp;ssl=1\" data-orig-size=\"1200,800\" data-comments-opened=\"1\" data-image-meta=\"{&quot;aperture&quot;:&quot;0&quot;,&quot;credit&quot;:&quot;Fotostudio Light-Style\\rAndi Moel&quot;,&quot;camera&quot;:&quot;&quot;,&quot;caption&quot;:&quot;&quot;,&quot;created_timestamp&quot;:&quot;0&quot;,&quot;copyright&quot;:&quot;www.light-style.eu&quot;,&quot;focal_length&quot;:&quot;0&quot;,&quot;iso&quot;:&quot;0&quot;,&quot;shutter_speed&quot;:&quot;0&quot;,&quot;title&quot;:&quot;&quot;,&quot;orientation&quot;:&quot;0&quot;}\" data-image-title=\"Elbsandsteingebirge-949-1\" data-image-description=\"\" data-image-caption=\"\" data-large-file=\"https:\/\/i0.wp.com\/www.light-style.eu\/Blog\/wp-content\/uploads\/2021\/10\/Elbsandsteingebirge-949-1.jpg?fit=1170%2C780&amp;ssl=1\" data-attachment-id=\"6218\" data-permalink=\"https:\/\/www.light-style.eu\/Blog\/so-schoen-ist-deutschland\/elbsandsteingebirge-949-1\/#main\" data-orig-file=\"https:\/\/i0.wp.com\/www.light-style.eu\/Blog\/wp-content\/uploads\/2021\/10\/Elbsandsteingebirge-949-1.jpg?fit=1200%2C800&amp;ssl=1\" data-orig-size=\"1200,800\" data-comments-opened=\"1\" data-image-meta=\"{&quot;aperture&quot;:&quot;0&quot;,&quot;credit&quot;:&quot;Fotostudio Light-Style\\rAndi Moel&quot;,&quot;camera&quot;:&quot;&quot;,&quot;caption&quot;:&quot;&quot;,&quot;created_timestamp&quot;:&quot;0&quot;,&quot;copyright&quot;:&quot;www.light-style.eu&quot;,&quot;focal_length&quot;:&quot;0&quot;,&quot;iso&quot;:&quot;0&quot;,&quot;shutter_speed&quot;:&quot;0&quot;,&quot;title&quot;:&quot;&quot;,&quot;orientation&quot;:&quot;0&quot;}\" data-image-title=\"Elbsandsteingebirge-949-1\" data-image-description=\"\" data-image-caption=\"\" data-large-file=\"https:\/\/i0.wp.com\/www.light-style.eu\/Blog\/wp-content\/uploads\/2021\/10\/Elbsandsteingebirge-949-1.jpg?fit=1170%2C780&amp;ssl=1\" role=\"button\" tabindex=\"0\" aria-label=\"Bild\u00a022 von 73 im Vollbildmodus \u00f6ffnen\"srcset=\"https:\/\/i2.wp.com\/www.light-style.eu\/Blog\/wp-content\/uploads\/2021\/10\/Elbsandsteingebirge-949-1.jpg?strip=info&#038;w=600&#038;ssl=1 600w,https:\/\/i2.wp.com\/www.light-style.eu\/Blog\/wp-content\/uploads\/2021\/10\/Elbsandsteingebirge-949-1.jpg?strip=info&#038;w=900&#038;ssl=1 900w,https:\/\/i2.wp.com\/www.light-style.eu\/Blog\/wp-content\/uploads\/2021\/10\/Elbsandsteingebirge-949-1.jpg?strip=info&#038;w=1200&#038;ssl=1 1200w\" alt=\"\" data-height=\"800\" data-id=\"6218\" data-link=\"https:\/\/www.light-style.eu\/Blog\/?attachment_id=6218\" data-url=\"https:\/\/www.light-style.eu\/Blog\/wp-content\/uploads\/2021\/10\/Elbsandsteingebirge-949-1.jpg\" data-width=\"1200\" src=\"https:\/\/i2.wp.com\/www.light-style.eu\/Blog\/wp-content\/uploads\/2021\/10\/Elbsandsteingebirge-949-1.jpg?ssl=1\" data-amp-layout=\"responsive\"\/><\/figure><figure class=\"tiled-gallery__item\"><img decoding=\"async\" data-attachment-id=\"6219\" data-permalink=\"https:\/\/www.light-style.eu\/Blog\/so-schoen-ist-deutschland\/elbsandsteingebirge-965-1\/#main\" data-orig-file=\"https:\/\/i0.wp.com\/www.light-style.eu\/Blog\/wp-content\/uploads\/2021\/10\/Elbsandsteingebirge-965-1.jpg?fit=1200%2C800&amp;ssl=1\" data-orig-size=\"1200,800\" data-comments-opened=\"1\" data-image-meta=\"{&quot;aperture&quot;:&quot;0&quot;,&quot;credit&quot;:&quot;Fotostudio Light-Style\\rAndi Moel&quot;,&quot;camera&quot;:&quot;&quot;,&quot;caption&quot;:&quot;&quot;,&quot;created_timestamp&quot;:&quot;0&quot;,&quot;copyright&quot;:&quot;www.light-style.eu&quot;,&quot;focal_length&quot;:&quot;0&quot;,&quot;iso&quot;:&quot;0&quot;,&quot;shutter_speed&quot;:&quot;0&quot;,&quot;title&quot;:&quot;&quot;,&quot;orientation&quot;:&quot;0&quot;}\" data-image-title=\"Elbsandsteingebirge-965-1\" data-image-description=\"\" data-image-caption=\"\" data-large-file=\"https:\/\/i0.wp.com\/www.light-style.eu\/Blog\/wp-content\/uploads\/2021\/10\/Elbsandsteingebirge-965-1.jpg?fit=1170%2C780&amp;ssl=1\" data-attachment-id=\"6219\" data-permalink=\"https:\/\/www.light-style.eu\/Blog\/so-schoen-ist-deutschland\/elbsandsteingebirge-965-1\/#main\" data-orig-file=\"https:\/\/i0.wp.com\/www.light-style.eu\/Blog\/wp-content\/uploads\/2021\/10\/Elbsandsteingebirge-965-1.jpg?fit=1200%2C800&amp;ssl=1\" data-orig-size=\"1200,800\" data-comments-opened=\"1\" data-image-meta=\"{&quot;aperture&quot;:&quot;0&quot;,&quot;credit&quot;:&quot;Fotostudio Light-Style\\rAndi Moel&quot;,&quot;camera&quot;:&quot;&quot;,&quot;caption&quot;:&quot;&quot;,&quot;created_timestamp&quot;:&quot;0&quot;,&quot;copyright&quot;:&quot;www.light-style.eu&quot;,&quot;focal_length&quot;:&quot;0&quot;,&quot;iso&quot;:&quot;0&quot;,&quot;shutter_speed&quot;:&quot;0&quot;,&quot;title&quot;:&quot;&quot;,&quot;orientation&quot;:&quot;0&quot;}\" data-image-title=\"Elbsandsteingebirge-965-1\" data-image-description=\"\" data-image-caption=\"\" data-large-file=\"https:\/\/i0.wp.com\/www.light-style.eu\/Blog\/wp-content\/uploads\/2021\/10\/Elbsandsteingebirge-965-1.jpg?fit=1170%2C780&amp;ssl=1\" role=\"button\" tabindex=\"0\" aria-label=\"Bild\u00a023 von 73 im Vollbildmodus \u00f6ffnen\"srcset=\"https:\/\/i0.wp.com\/www.light-style.eu\/Blog\/wp-content\/uploads\/2021\/10\/Elbsandsteingebirge-965-1.jpg?strip=info&#038;w=600&#038;ssl=1 600w,https:\/\/i0.wp.com\/www.light-style.eu\/Blog\/wp-content\/uploads\/2021\/10\/Elbsandsteingebirge-965-1.jpg?strip=info&#038;w=900&#038;ssl=1 900w,https:\/\/i0.wp.com\/www.light-style.eu\/Blog\/wp-content\/uploads\/2021\/10\/Elbsandsteingebirge-965-1.jpg?strip=info&#038;w=1200&#038;ssl=1 1200w\" alt=\"\" data-height=\"800\" data-id=\"6219\" data-link=\"https:\/\/www.light-style.eu\/Blog\/?attachment_id=6219\" data-url=\"https:\/\/www.light-style.eu\/Blog\/wp-content\/uploads\/2021\/10\/Elbsandsteingebirge-965-1.jpg\" data-width=\"1200\" src=\"https:\/\/i0.wp.com\/www.light-style.eu\/Blog\/wp-content\/uploads\/2021\/10\/Elbsandsteingebirge-965-1.jpg?ssl=1\" data-amp-layout=\"responsive\"\/><\/figure><\/div><\/div><div class=\"tiled-gallery__row\"><div class=\"tiled-gallery__col\" style=\"flex-basis:52.75232%\"><figure class=\"tiled-gallery__item\"><img decoding=\"async\" data-attachment-id=\"6220\" data-permalink=\"https:\/\/www.light-style.eu\/Blog\/so-schoen-ist-deutschland\/elbsandsteingebirge-1014-1\/#main\" data-orig-file=\"https:\/\/i0.wp.com\/www.light-style.eu\/Blog\/wp-content\/uploads\/2021\/10\/Elbsandsteingebirge-1014-1.jpg?fit=1200%2C800&amp;ssl=1\" data-orig-size=\"1200,800\" data-comments-opened=\"1\" data-image-meta=\"{&quot;aperture&quot;:&quot;0&quot;,&quot;credit&quot;:&quot;Fotostudio Light-Style\\rAndi Moel&quot;,&quot;camera&quot;:&quot;&quot;,&quot;caption&quot;:&quot;&quot;,&quot;created_timestamp&quot;:&quot;0&quot;,&quot;copyright&quot;:&quot;www.light-style.eu&quot;,&quot;focal_length&quot;:&quot;0&quot;,&quot;iso&quot;:&quot;0&quot;,&quot;shutter_speed&quot;:&quot;0&quot;,&quot;title&quot;:&quot;&quot;,&quot;orientation&quot;:&quot;0&quot;}\" data-image-title=\"Elbsandsteingebirge-1014-1\" data-image-description=\"\" data-image-caption=\"\" data-large-file=\"https:\/\/i0.wp.com\/www.light-style.eu\/Blog\/wp-content\/uploads\/2021\/10\/Elbsandsteingebirge-1014-1.jpg?fit=1170%2C780&amp;ssl=1\" data-attachment-id=\"6220\" data-permalink=\"https:\/\/www.light-style.eu\/Blog\/so-schoen-ist-deutschland\/elbsandsteingebirge-1014-1\/#main\" data-orig-file=\"https:\/\/i0.wp.com\/www.light-style.eu\/Blog\/wp-content\/uploads\/2021\/10\/Elbsandsteingebirge-1014-1.jpg?fit=1200%2C800&amp;ssl=1\" data-orig-size=\"1200,800\" data-comments-opened=\"1\" data-image-meta=\"{&quot;aperture&quot;:&quot;0&quot;,&quot;credit&quot;:&quot;Fotostudio Light-Style\\rAndi Moel&quot;,&quot;camera&quot;:&quot;&quot;,&quot;caption&quot;:&quot;&quot;,&quot;created_timestamp&quot;:&quot;0&quot;,&quot;copyright&quot;:&quot;www.light-style.eu&quot;,&quot;focal_length&quot;:&quot;0&quot;,&quot;iso&quot;:&quot;0&quot;,&quot;shutter_speed&quot;:&quot;0&quot;,&quot;title&quot;:&quot;&quot;,&quot;orientation&quot;:&quot;0&quot;}\" data-image-title=\"Elbsandsteingebirge-1014-1\" data-image-description=\"\" data-image-caption=\"\" data-large-file=\"https:\/\/i0.wp.com\/www.light-style.eu\/Blog\/wp-content\/uploads\/2021\/10\/Elbsandsteingebirge-1014-1.jpg?fit=1170%2C780&amp;ssl=1\" role=\"button\" tabindex=\"0\" aria-label=\"Bild\u00a024 von 73 im Vollbildmodus \u00f6ffnen\"srcset=\"https:\/\/i2.wp.com\/www.light-style.eu\/Blog\/wp-content\/uploads\/2021\/10\/Elbsandsteingebirge-1014-1.jpg?strip=info&#038;w=600&#038;ssl=1 600w,https:\/\/i2.wp.com\/www.light-style.eu\/Blog\/wp-content\/uploads\/2021\/10\/Elbsandsteingebirge-1014-1.jpg?strip=info&#038;w=900&#038;ssl=1 900w,https:\/\/i2.wp.com\/www.light-style.eu\/Blog\/wp-content\/uploads\/2021\/10\/Elbsandsteingebirge-1014-1.jpg?strip=info&#038;w=1200&#038;ssl=1 1200w\" alt=\"\" data-height=\"800\" data-id=\"6220\" data-link=\"https:\/\/www.light-style.eu\/Blog\/?attachment_id=6220\" data-url=\"https:\/\/www.light-style.eu\/Blog\/wp-content\/uploads\/2021\/10\/Elbsandsteingebirge-1014-1.jpg\" data-width=\"1200\" src=\"https:\/\/i2.wp.com\/www.light-style.eu\/Blog\/wp-content\/uploads\/2021\/10\/Elbsandsteingebirge-1014-1.jpg?ssl=1\" data-amp-layout=\"responsive\"\/><\/figure><figure class=\"tiled-gallery__item\"><img decoding=\"async\" data-attachment-id=\"6221\" data-permalink=\"https:\/\/www.light-style.eu\/Blog\/so-schoen-ist-deutschland\/elbsandsteingebirge-1054-1\/#main\" data-orig-file=\"https:\/\/i0.wp.com\/www.light-style.eu\/Blog\/wp-content\/uploads\/2021\/10\/Elbsandsteingebirge-1054-1.jpg?fit=1200%2C800&amp;ssl=1\" data-orig-size=\"1200,800\" data-comments-opened=\"1\" data-image-meta=\"{&quot;aperture&quot;:&quot;0&quot;,&quot;credit&quot;:&quot;Fotostudio Light-Style\\rAndi Moel&quot;,&quot;camera&quot;:&quot;&quot;,&quot;caption&quot;:&quot;&quot;,&quot;created_timestamp&quot;:&quot;0&quot;,&quot;copyright&quot;:&quot;www.light-style.eu&quot;,&quot;focal_length&quot;:&quot;0&quot;,&quot;iso&quot;:&quot;0&quot;,&quot;shutter_speed&quot;:&quot;0&quot;,&quot;title&quot;:&quot;&quot;,&quot;orientation&quot;:&quot;0&quot;}\" data-image-title=\"Elbsandsteingebirge-1054-1\" data-image-description=\"\" data-image-caption=\"\" data-large-file=\"https:\/\/i0.wp.com\/www.light-style.eu\/Blog\/wp-content\/uploads\/2021\/10\/Elbsandsteingebirge-1054-1.jpg?fit=1170%2C780&amp;ssl=1\" data-attachment-id=\"6221\" data-permalink=\"https:\/\/www.light-style.eu\/Blog\/so-schoen-ist-deutschland\/elbsandsteingebirge-1054-1\/#main\" data-orig-file=\"https:\/\/i0.wp.com\/www.light-style.eu\/Blog\/wp-content\/uploads\/2021\/10\/Elbsandsteingebirge-1054-1.jpg?fit=1200%2C800&amp;ssl=1\" data-orig-size=\"1200,800\" data-comments-opened=\"1\" data-image-meta=\"{&quot;aperture&quot;:&quot;0&quot;,&quot;credit&quot;:&quot;Fotostudio Light-Style\\rAndi Moel&quot;,&quot;camera&quot;:&quot;&quot;,&quot;caption&quot;:&quot;&quot;,&quot;created_timestamp&quot;:&quot;0&quot;,&quot;copyright&quot;:&quot;www.light-style.eu&quot;,&quot;focal_length&quot;:&quot;0&quot;,&quot;iso&quot;:&quot;0&quot;,&quot;shutter_speed&quot;:&quot;0&quot;,&quot;title&quot;:&quot;&quot;,&quot;orientation&quot;:&quot;0&quot;}\" data-image-title=\"Elbsandsteingebirge-1054-1\" data-image-description=\"\" data-image-caption=\"\" data-large-file=\"https:\/\/i0.wp.com\/www.light-style.eu\/Blog\/wp-content\/uploads\/2021\/10\/Elbsandsteingebirge-1054-1.jpg?fit=1170%2C780&amp;ssl=1\" role=\"button\" tabindex=\"0\" aria-label=\"Bild\u00a025 von 73 im Vollbildmodus \u00f6ffnen\"srcset=\"https:\/\/i1.wp.com\/www.light-style.eu\/Blog\/wp-content\/uploads\/2021\/10\/Elbsandsteingebirge-1054-1.jpg?strip=info&#038;w=600&#038;ssl=1 600w,https:\/\/i1.wp.com\/www.light-style.eu\/Blog\/wp-content\/uploads\/2021\/10\/Elbsandsteingebirge-1054-1.jpg?strip=info&#038;w=900&#038;ssl=1 900w,https:\/\/i1.wp.com\/www.light-style.eu\/Blog\/wp-content\/uploads\/2021\/10\/Elbsandsteingebirge-1054-1.jpg?strip=info&#038;w=1200&#038;ssl=1 1200w\" alt=\"\" data-height=\"800\" data-id=\"6221\" data-link=\"https:\/\/www.light-style.eu\/Blog\/?attachment_id=6221\" data-url=\"https:\/\/www.light-style.eu\/Blog\/wp-content\/uploads\/2021\/10\/Elbsandsteingebirge-1054-1.jpg\" data-width=\"1200\" src=\"https:\/\/i1.wp.com\/www.light-style.eu\/Blog\/wp-content\/uploads\/2021\/10\/Elbsandsteingebirge-1054-1.jpg?ssl=1\" data-amp-layout=\"responsive\"\/><\/figure><\/div><div class=\"tiled-gallery__col\" style=\"flex-basis:47.24768%\"><figure class=\"tiled-gallery__item\"><img decoding=\"async\" data-attachment-id=\"6222\" data-permalink=\"https:\/\/www.light-style.eu\/Blog\/so-schoen-ist-deutschland\/elbsandsteingebirge-1148-1\/#main\" data-orig-file=\"https:\/\/i0.wp.com\/www.light-style.eu\/Blog\/wp-content\/uploads\/2021\/10\/Elbsandsteingebirge-1148-1.jpg?fit=800%2C1200&amp;ssl=1\" data-orig-size=\"800,1200\" data-comments-opened=\"1\" data-image-meta=\"{&quot;aperture&quot;:&quot;0&quot;,&quot;credit&quot;:&quot;Fotostudio Light-Style\\rAndi Moel&quot;,&quot;camera&quot;:&quot;&quot;,&quot;caption&quot;:&quot;&quot;,&quot;created_timestamp&quot;:&quot;0&quot;,&quot;copyright&quot;:&quot;www.light-style.eu&quot;,&quot;focal_length&quot;:&quot;0&quot;,&quot;iso&quot;:&quot;0&quot;,&quot;shutter_speed&quot;:&quot;0&quot;,&quot;title&quot;:&quot;&quot;,&quot;orientation&quot;:&quot;0&quot;}\" data-image-title=\"Elbsandsteingebirge-1148-1\" data-image-description=\"\" data-image-caption=\"\" data-large-file=\"https:\/\/i0.wp.com\/www.light-style.eu\/Blog\/wp-content\/uploads\/2021\/10\/Elbsandsteingebirge-1148-1.jpg?fit=800%2C1200&amp;ssl=1\" data-attachment-id=\"6222\" data-permalink=\"https:\/\/www.light-style.eu\/Blog\/so-schoen-ist-deutschland\/elbsandsteingebirge-1148-1\/#main\" data-orig-file=\"https:\/\/i0.wp.com\/www.light-style.eu\/Blog\/wp-content\/uploads\/2021\/10\/Elbsandsteingebirge-1148-1.jpg?fit=800%2C1200&amp;ssl=1\" data-orig-size=\"800,1200\" data-comments-opened=\"1\" data-image-meta=\"{&quot;aperture&quot;:&quot;0&quot;,&quot;credit&quot;:&quot;Fotostudio Light-Style\\rAndi Moel&quot;,&quot;camera&quot;:&quot;&quot;,&quot;caption&quot;:&quot;&quot;,&quot;created_timestamp&quot;:&quot;0&quot;,&quot;copyright&quot;:&quot;www.light-style.eu&quot;,&quot;focal_length&quot;:&quot;0&quot;,&quot;iso&quot;:&quot;0&quot;,&quot;shutter_speed&quot;:&quot;0&quot;,&quot;title&quot;:&quot;&quot;,&quot;orientation&quot;:&quot;0&quot;}\" data-image-title=\"Elbsandsteingebirge-1148-1\" data-image-description=\"\" data-image-caption=\"\" data-large-file=\"https:\/\/i0.wp.com\/www.light-style.eu\/Blog\/wp-content\/uploads\/2021\/10\/Elbsandsteingebirge-1148-1.jpg?fit=800%2C1200&amp;ssl=1\" role=\"button\" tabindex=\"0\" aria-label=\"Bild\u00a026 von 73 im Vollbildmodus \u00f6ffnen\"srcset=\"https:\/\/i2.wp.com\/www.light-style.eu\/Blog\/wp-content\/uploads\/2021\/10\/Elbsandsteingebirge-1148-1.jpg?strip=info&#038;w=600&#038;ssl=1 600w,https:\/\/i2.wp.com\/www.light-style.eu\/Blog\/wp-content\/uploads\/2021\/10\/Elbsandsteingebirge-1148-1.jpg?strip=info&#038;w=800&#038;ssl=1 800w\" alt=\"\" data-height=\"1200\" data-id=\"6222\" data-link=\"https:\/\/www.light-style.eu\/Blog\/?attachment_id=6222\" data-url=\"https:\/\/www.light-style.eu\/Blog\/wp-content\/uploads\/2021\/10\/Elbsandsteingebirge-1148-1.jpg\" data-width=\"800\" src=\"https:\/\/i2.wp.com\/www.light-style.eu\/Blog\/wp-content\/uploads\/2021\/10\/Elbsandsteingebirge-1148-1.jpg?ssl=1\" data-amp-layout=\"responsive\"\/><\/figure><\/div><\/div><div class=\"tiled-gallery__row\"><div class=\"tiled-gallery__col\" style=\"flex-basis:32.12594%\"><figure class=\"tiled-gallery__item\"><img decoding=\"async\" data-attachment-id=\"6223\" data-permalink=\"https:\/\/www.light-style.eu\/Blog\/so-schoen-ist-deutschland\/elbsandsteingebirge-1177-1\/#main\" data-orig-file=\"https:\/\/i0.wp.com\/www.light-style.eu\/Blog\/wp-content\/uploads\/2021\/10\/Elbsandsteingebirge-1177-1.jpg?fit=800%2C1200&amp;ssl=1\" data-orig-size=\"800,1200\" data-comments-opened=\"1\" data-image-meta=\"{&quot;aperture&quot;:&quot;0&quot;,&quot;credit&quot;:&quot;Fotostudio Light-Style\\rAndi Moel&quot;,&quot;camera&quot;:&quot;&quot;,&quot;caption&quot;:&quot;&quot;,&quot;created_timestamp&quot;:&quot;0&quot;,&quot;copyright&quot;:&quot;www.light-style.eu&quot;,&quot;focal_length&quot;:&quot;0&quot;,&quot;iso&quot;:&quot;0&quot;,&quot;shutter_speed&quot;:&quot;0&quot;,&quot;title&quot;:&quot;&quot;,&quot;orientation&quot;:&quot;0&quot;}\" data-image-title=\"Elbsandsteingebirge-1177-1\" data-image-description=\"\" data-image-caption=\"\" data-large-file=\"https:\/\/i0.wp.com\/www.light-style.eu\/Blog\/wp-content\/uploads\/2021\/10\/Elbsandsteingebirge-1177-1.jpg?fit=800%2C1200&amp;ssl=1\" data-attachment-id=\"6223\" data-permalink=\"https:\/\/www.light-style.eu\/Blog\/so-schoen-ist-deutschland\/elbsandsteingebirge-1177-1\/#main\" data-orig-file=\"https:\/\/i0.wp.com\/www.light-style.eu\/Blog\/wp-content\/uploads\/2021\/10\/Elbsandsteingebirge-1177-1.jpg?fit=800%2C1200&amp;ssl=1\" data-orig-size=\"800,1200\" data-comments-opened=\"1\" data-image-meta=\"{&quot;aperture&quot;:&quot;0&quot;,&quot;credit&quot;:&quot;Fotostudio Light-Style\\rAndi Moel&quot;,&quot;camera&quot;:&quot;&quot;,&quot;caption&quot;:&quot;&quot;,&quot;created_timestamp&quot;:&quot;0&quot;,&quot;copyright&quot;:&quot;www.light-style.eu&quot;,&quot;focal_length&quot;:&quot;0&quot;,&quot;iso&quot;:&quot;0&quot;,&quot;shutter_speed&quot;:&quot;0&quot;,&quot;title&quot;:&quot;&quot;,&quot;orientation&quot;:&quot;0&quot;}\" data-image-title=\"Elbsandsteingebirge-1177-1\" data-image-description=\"\" data-image-caption=\"\" data-large-file=\"https:\/\/i0.wp.com\/www.light-style.eu\/Blog\/wp-content\/uploads\/2021\/10\/Elbsandsteingebirge-1177-1.jpg?fit=800%2C1200&amp;ssl=1\" role=\"button\" tabindex=\"0\" aria-label=\"Bild\u00a027 von 73 im Vollbildmodus \u00f6ffnen\"srcset=\"https:\/\/i0.wp.com\/www.light-style.eu\/Blog\/wp-content\/uploads\/2021\/10\/Elbsandsteingebirge-1177-1.jpg?strip=info&#038;w=600&#038;ssl=1 600w,https:\/\/i0.wp.com\/www.light-style.eu\/Blog\/wp-content\/uploads\/2021\/10\/Elbsandsteingebirge-1177-1.jpg?strip=info&#038;w=800&#038;ssl=1 800w\" alt=\"\" data-height=\"1200\" data-id=\"6223\" data-link=\"https:\/\/www.light-style.eu\/Blog\/?attachment_id=6223\" data-url=\"https:\/\/www.light-style.eu\/Blog\/wp-content\/uploads\/2021\/10\/Elbsandsteingebirge-1177-1.jpg\" data-width=\"800\" src=\"https:\/\/i0.wp.com\/www.light-style.eu\/Blog\/wp-content\/uploads\/2021\/10\/Elbsandsteingebirge-1177-1.jpg?ssl=1\" data-amp-layout=\"responsive\"\/><\/figure><\/div><div class=\"tiled-gallery__col\" style=\"flex-basis:35.74811%\"><figure class=\"tiled-gallery__item\"><img decoding=\"async\" data-attachment-id=\"6224\" data-permalink=\"https:\/\/www.light-style.eu\/Blog\/so-schoen-ist-deutschland\/elbsandsteingebirge-1288-1\/#main\" data-orig-file=\"https:\/\/i0.wp.com\/www.light-style.eu\/Blog\/wp-content\/uploads\/2021\/10\/Elbsandsteingebirge-1288-1.jpg?fit=1200%2C800&amp;ssl=1\" data-orig-size=\"1200,800\" data-comments-opened=\"1\" data-image-meta=\"{&quot;aperture&quot;:&quot;0&quot;,&quot;credit&quot;:&quot;Fotostudio Light-Style\\rAndi Moel&quot;,&quot;camera&quot;:&quot;&quot;,&quot;caption&quot;:&quot;&quot;,&quot;created_timestamp&quot;:&quot;0&quot;,&quot;copyright&quot;:&quot;www.light-style.eu&quot;,&quot;focal_length&quot;:&quot;0&quot;,&quot;iso&quot;:&quot;0&quot;,&quot;shutter_speed&quot;:&quot;0&quot;,&quot;title&quot;:&quot;&quot;,&quot;orientation&quot;:&quot;0&quot;}\" data-image-title=\"Elbsandsteingebirge-1288-1\" data-image-description=\"\" data-image-caption=\"\" data-large-file=\"https:\/\/i0.wp.com\/www.light-style.eu\/Blog\/wp-content\/uploads\/2021\/10\/Elbsandsteingebirge-1288-1.jpg?fit=1170%2C780&amp;ssl=1\" data-attachment-id=\"6224\" data-permalink=\"https:\/\/www.light-style.eu\/Blog\/so-schoen-ist-deutschland\/elbsandsteingebirge-1288-1\/#main\" data-orig-file=\"https:\/\/i0.wp.com\/www.light-style.eu\/Blog\/wp-content\/uploads\/2021\/10\/Elbsandsteingebirge-1288-1.jpg?fit=1200%2C800&amp;ssl=1\" data-orig-size=\"1200,800\" data-comments-opened=\"1\" data-image-meta=\"{&quot;aperture&quot;:&quot;0&quot;,&quot;credit&quot;:&quot;Fotostudio Light-Style\\rAndi Moel&quot;,&quot;camera&quot;:&quot;&quot;,&quot;caption&quot;:&quot;&quot;,&quot;created_timestamp&quot;:&quot;0&quot;,&quot;copyright&quot;:&quot;www.light-style.eu&quot;,&quot;focal_length&quot;:&quot;0&quot;,&quot;iso&quot;:&quot;0&quot;,&quot;shutter_speed&quot;:&quot;0&quot;,&quot;title&quot;:&quot;&quot;,&quot;orientation&quot;:&quot;0&quot;}\" data-image-title=\"Elbsandsteingebirge-1288-1\" data-image-description=\"\" data-image-caption=\"\" data-large-file=\"https:\/\/i0.wp.com\/www.light-style.eu\/Blog\/wp-content\/uploads\/2021\/10\/Elbsandsteingebirge-1288-1.jpg?fit=1170%2C780&amp;ssl=1\" role=\"button\" tabindex=\"0\" aria-label=\"Bild\u00a028 von 73 im Vollbildmodus \u00f6ffnen\"srcset=\"https:\/\/i0.wp.com\/www.light-style.eu\/Blog\/wp-content\/uploads\/2021\/10\/Elbsandsteingebirge-1288-1.jpg?strip=info&#038;w=600&#038;ssl=1 600w,https:\/\/i0.wp.com\/www.light-style.eu\/Blog\/wp-content\/uploads\/2021\/10\/Elbsandsteingebirge-1288-1.jpg?strip=info&#038;w=900&#038;ssl=1 900w,https:\/\/i0.wp.com\/www.light-style.eu\/Blog\/wp-content\/uploads\/2021\/10\/Elbsandsteingebirge-1288-1.jpg?strip=info&#038;w=1200&#038;ssl=1 1200w\" alt=\"\" data-height=\"800\" data-id=\"6224\" data-link=\"https:\/\/www.light-style.eu\/Blog\/?attachment_id=6224\" data-url=\"https:\/\/www.light-style.eu\/Blog\/wp-content\/uploads\/2021\/10\/Elbsandsteingebirge-1288-1.jpg\" data-width=\"1200\" src=\"https:\/\/i0.wp.com\/www.light-style.eu\/Blog\/wp-content\/uploads\/2021\/10\/Elbsandsteingebirge-1288-1.jpg?ssl=1\" data-amp-layout=\"responsive\"\/><\/figure><figure class=\"tiled-gallery__item\"><img decoding=\"async\" data-attachment-id=\"6225\" data-permalink=\"https:\/\/www.light-style.eu\/Blog\/so-schoen-ist-deutschland\/elbsandsteingebirge-1329-1\/#main\" data-orig-file=\"https:\/\/i0.wp.com\/www.light-style.eu\/Blog\/wp-content\/uploads\/2021\/10\/Elbsandsteingebirge-1329-1.jpg?fit=1200%2C800&amp;ssl=1\" data-orig-size=\"1200,800\" data-comments-opened=\"1\" data-image-meta=\"{&quot;aperture&quot;:&quot;0&quot;,&quot;credit&quot;:&quot;Fotostudio Light-Style\\rAndi Moel&quot;,&quot;camera&quot;:&quot;&quot;,&quot;caption&quot;:&quot;&quot;,&quot;created_timestamp&quot;:&quot;0&quot;,&quot;copyright&quot;:&quot;www.light-style.eu&quot;,&quot;focal_length&quot;:&quot;0&quot;,&quot;iso&quot;:&quot;0&quot;,&quot;shutter_speed&quot;:&quot;0&quot;,&quot;title&quot;:&quot;&quot;,&quot;orientation&quot;:&quot;0&quot;}\" data-image-title=\"Elbsandsteingebirge-1329-1\" data-image-description=\"\" data-image-caption=\"\" data-large-file=\"https:\/\/i0.wp.com\/www.light-style.eu\/Blog\/wp-content\/uploads\/2021\/10\/Elbsandsteingebirge-1329-1.jpg?fit=1170%2C780&amp;ssl=1\" data-attachment-id=\"6225\" data-permalink=\"https:\/\/www.light-style.eu\/Blog\/so-schoen-ist-deutschland\/elbsandsteingebirge-1329-1\/#main\" data-orig-file=\"https:\/\/i0.wp.com\/www.light-style.eu\/Blog\/wp-content\/uploads\/2021\/10\/Elbsandsteingebirge-1329-1.jpg?fit=1200%2C800&amp;ssl=1\" data-orig-size=\"1200,800\" data-comments-opened=\"1\" data-image-meta=\"{&quot;aperture&quot;:&quot;0&quot;,&quot;credit&quot;:&quot;Fotostudio Light-Style\\rAndi Moel&quot;,&quot;camera&quot;:&quot;&quot;,&quot;caption&quot;:&quot;&quot;,&quot;created_timestamp&quot;:&quot;0&quot;,&quot;copyright&quot;:&quot;www.light-style.eu&quot;,&quot;focal_length&quot;:&quot;0&quot;,&quot;iso&quot;:&quot;0&quot;,&quot;shutter_speed&quot;:&quot;0&quot;,&quot;title&quot;:&quot;&quot;,&quot;orientation&quot;:&quot;0&quot;}\" data-image-title=\"Elbsandsteingebirge-1329-1\" data-image-description=\"\" data-image-caption=\"\" data-large-file=\"https:\/\/i0.wp.com\/www.light-style.eu\/Blog\/wp-content\/uploads\/2021\/10\/Elbsandsteingebirge-1329-1.jpg?fit=1170%2C780&amp;ssl=1\" role=\"button\" tabindex=\"0\" aria-label=\"Bild\u00a029 von 73 im Vollbildmodus \u00f6ffnen\"srcset=\"https:\/\/i0.wp.com\/www.light-style.eu\/Blog\/wp-content\/uploads\/2021\/10\/Elbsandsteingebirge-1329-1.jpg?strip=info&#038;w=600&#038;ssl=1 600w,https:\/\/i0.wp.com\/www.light-style.eu\/Blog\/wp-content\/uploads\/2021\/10\/Elbsandsteingebirge-1329-1.jpg?strip=info&#038;w=900&#038;ssl=1 900w,https:\/\/i0.wp.com\/www.light-style.eu\/Blog\/wp-content\/uploads\/2021\/10\/Elbsandsteingebirge-1329-1.jpg?strip=info&#038;w=1200&#038;ssl=1 1200w\" alt=\"\" data-height=\"800\" data-id=\"6225\" data-link=\"https:\/\/www.light-style.eu\/Blog\/?attachment_id=6225\" data-url=\"https:\/\/www.light-style.eu\/Blog\/wp-content\/uploads\/2021\/10\/Elbsandsteingebirge-1329-1.jpg\" data-width=\"1200\" src=\"https:\/\/i0.wp.com\/www.light-style.eu\/Blog\/wp-content\/uploads\/2021\/10\/Elbsandsteingebirge-1329-1.jpg?ssl=1\" data-amp-layout=\"responsive\"\/><\/figure><\/div><div class=\"tiled-gallery__col\" style=\"flex-basis:32.12594%\"><figure class=\"tiled-gallery__item\"><img decoding=\"async\" data-attachment-id=\"6226\" data-permalink=\"https:\/\/www.light-style.eu\/Blog\/so-schoen-ist-deutschland\/elbsandsteingebirge-1344\/#main\" data-orig-file=\"https:\/\/i0.wp.com\/www.light-style.eu\/Blog\/wp-content\/uploads\/2021\/10\/Elbsandsteingebirge-1344.jpg?fit=800%2C1200&amp;ssl=1\" data-orig-size=\"800,1200\" data-comments-opened=\"1\" data-image-meta=\"{&quot;aperture&quot;:&quot;0&quot;,&quot;credit&quot;:&quot;Fotostudio Light-Style\\rAndi Moel&quot;,&quot;camera&quot;:&quot;&quot;,&quot;caption&quot;:&quot;&quot;,&quot;created_timestamp&quot;:&quot;0&quot;,&quot;copyright&quot;:&quot;www.light-style.eu&quot;,&quot;focal_length&quot;:&quot;0&quot;,&quot;iso&quot;:&quot;0&quot;,&quot;shutter_speed&quot;:&quot;0&quot;,&quot;title&quot;:&quot;&quot;,&quot;orientation&quot;:&quot;0&quot;}\" data-image-title=\"Elbsandsteingebirge-1344\" data-image-description=\"\" data-image-caption=\"\" data-large-file=\"https:\/\/i0.wp.com\/www.light-style.eu\/Blog\/wp-content\/uploads\/2021\/10\/Elbsandsteingebirge-1344.jpg?fit=800%2C1200&amp;ssl=1\" data-attachment-id=\"6226\" data-permalink=\"https:\/\/www.light-style.eu\/Blog\/so-schoen-ist-deutschland\/elbsandsteingebirge-1344\/#main\" data-orig-file=\"https:\/\/i0.wp.com\/www.light-style.eu\/Blog\/wp-content\/uploads\/2021\/10\/Elbsandsteingebirge-1344.jpg?fit=800%2C1200&amp;ssl=1\" data-orig-size=\"800,1200\" data-comments-opened=\"1\" data-image-meta=\"{&quot;aperture&quot;:&quot;0&quot;,&quot;credit&quot;:&quot;Fotostudio Light-Style\\rAndi Moel&quot;,&quot;camera&quot;:&quot;&quot;,&quot;caption&quot;:&quot;&quot;,&quot;created_timestamp&quot;:&quot;0&quot;,&quot;copyright&quot;:&quot;www.light-style.eu&quot;,&quot;focal_length&quot;:&quot;0&quot;,&quot;iso&quot;:&quot;0&quot;,&quot;shutter_speed&quot;:&quot;0&quot;,&quot;title&quot;:&quot;&quot;,&quot;orientation&quot;:&quot;0&quot;}\" data-image-title=\"Elbsandsteingebirge-1344\" data-image-description=\"\" data-image-caption=\"\" data-large-file=\"https:\/\/i0.wp.com\/www.light-style.eu\/Blog\/wp-content\/uploads\/2021\/10\/Elbsandsteingebirge-1344.jpg?fit=800%2C1200&amp;ssl=1\" role=\"button\" tabindex=\"0\" aria-label=\"Bild\u00a030 von 73 im Vollbildmodus \u00f6ffnen\"srcset=\"https:\/\/i0.wp.com\/www.light-style.eu\/Blog\/wp-content\/uploads\/2021\/10\/Elbsandsteingebirge-1344.jpg?strip=info&#038;w=600&#038;ssl=1 600w,https:\/\/i0.wp.com\/www.light-style.eu\/Blog\/wp-content\/uploads\/2021\/10\/Elbsandsteingebirge-1344.jpg?strip=info&#038;w=800&#038;ssl=1 800w\" alt=\"\" data-height=\"1200\" data-id=\"6226\" data-link=\"https:\/\/www.light-style.eu\/Blog\/?attachment_id=6226\" data-url=\"https:\/\/www.light-style.eu\/Blog\/wp-content\/uploads\/2021\/10\/Elbsandsteingebirge-1344.jpg\" data-width=\"800\" src=\"https:\/\/i0.wp.com\/www.light-style.eu\/Blog\/wp-content\/uploads\/2021\/10\/Elbsandsteingebirge-1344.jpg?ssl=1\" data-amp-layout=\"responsive\"\/><\/figure><\/div><\/div><div class=\"tiled-gallery__row\"><div class=\"tiled-gallery__col\" style=\"flex-basis:33.33333%\"><figure class=\"tiled-gallery__item\"><img decoding=\"async\" data-attachment-id=\"6227\" data-permalink=\"https:\/\/www.light-style.eu\/Blog\/so-schoen-ist-deutschland\/elbsandsteingebirge-1354-1\/#main\" data-orig-file=\"https:\/\/i0.wp.com\/www.light-style.eu\/Blog\/wp-content\/uploads\/2021\/10\/Elbsandsteingebirge-1354-1.jpg?fit=1200%2C800&amp;ssl=1\" data-orig-size=\"1200,800\" data-comments-opened=\"1\" data-image-meta=\"{&quot;aperture&quot;:&quot;0&quot;,&quot;credit&quot;:&quot;Fotostudio Light-Style\\rAndi Moel&quot;,&quot;camera&quot;:&quot;&quot;,&quot;caption&quot;:&quot;&quot;,&quot;created_timestamp&quot;:&quot;0&quot;,&quot;copyright&quot;:&quot;www.light-style.eu&quot;,&quot;focal_length&quot;:&quot;0&quot;,&quot;iso&quot;:&quot;0&quot;,&quot;shutter_speed&quot;:&quot;0&quot;,&quot;title&quot;:&quot;&quot;,&quot;orientation&quot;:&quot;0&quot;}\" data-image-title=\"Elbsandsteingebirge-1354-1\" data-image-description=\"\" data-image-caption=\"\" data-large-file=\"https:\/\/i0.wp.com\/www.light-style.eu\/Blog\/wp-content\/uploads\/2021\/10\/Elbsandsteingebirge-1354-1.jpg?fit=1170%2C780&amp;ssl=1\" data-attachment-id=\"6227\" data-permalink=\"https:\/\/www.light-style.eu\/Blog\/so-schoen-ist-deutschland\/elbsandsteingebirge-1354-1\/#main\" data-orig-file=\"https:\/\/i0.wp.com\/www.light-style.eu\/Blog\/wp-content\/uploads\/2021\/10\/Elbsandsteingebirge-1354-1.jpg?fit=1200%2C800&amp;ssl=1\" data-orig-size=\"1200,800\" data-comments-opened=\"1\" data-image-meta=\"{&quot;aperture&quot;:&quot;0&quot;,&quot;credit&quot;:&quot;Fotostudio Light-Style\\rAndi Moel&quot;,&quot;camera&quot;:&quot;&quot;,&quot;caption&quot;:&quot;&quot;,&quot;created_timestamp&quot;:&quot;0&quot;,&quot;copyright&quot;:&quot;www.light-style.eu&quot;,&quot;focal_length&quot;:&quot;0&quot;,&quot;iso&quot;:&quot;0&quot;,&quot;shutter_speed&quot;:&quot;0&quot;,&quot;title&quot;:&quot;&quot;,&quot;orientation&quot;:&quot;0&quot;}\" data-image-title=\"Elbsandsteingebirge-1354-1\" data-image-description=\"\" data-image-caption=\"\" data-large-file=\"https:\/\/i0.wp.com\/www.light-style.eu\/Blog\/wp-content\/uploads\/2021\/10\/Elbsandsteingebirge-1354-1.jpg?fit=1170%2C780&amp;ssl=1\" role=\"button\" tabindex=\"0\" aria-label=\"Bild\u00a031 von 73 im Vollbildmodus \u00f6ffnen\"srcset=\"https:\/\/i2.wp.com\/www.light-style.eu\/Blog\/wp-content\/uploads\/2021\/10\/Elbsandsteingebirge-1354-1.jpg?strip=info&#038;w=600&#038;ssl=1 600w,https:\/\/i2.wp.com\/www.light-style.eu\/Blog\/wp-content\/uploads\/2021\/10\/Elbsandsteingebirge-1354-1.jpg?strip=info&#038;w=900&#038;ssl=1 900w,https:\/\/i2.wp.com\/www.light-style.eu\/Blog\/wp-content\/uploads\/2021\/10\/Elbsandsteingebirge-1354-1.jpg?strip=info&#038;w=1200&#038;ssl=1 1200w\" alt=\"\" data-height=\"800\" data-id=\"6227\" data-link=\"https:\/\/www.light-style.eu\/Blog\/?attachment_id=6227\" data-url=\"https:\/\/www.light-style.eu\/Blog\/wp-content\/uploads\/2021\/10\/Elbsandsteingebirge-1354-1.jpg\" data-width=\"1200\" src=\"https:\/\/i2.wp.com\/www.light-style.eu\/Blog\/wp-content\/uploads\/2021\/10\/Elbsandsteingebirge-1354-1.jpg?ssl=1\" data-amp-layout=\"responsive\"\/><\/figure><\/div><div class=\"tiled-gallery__col\" style=\"flex-basis:33.33333%\"><figure class=\"tiled-gallery__item\"><img decoding=\"async\" data-attachment-id=\"6228\" data-permalink=\"https:\/\/www.light-style.eu\/Blog\/so-schoen-ist-deutschland\/elbsandsteingebirge-1386-1\/#main\" data-orig-file=\"https:\/\/i0.wp.com\/www.light-style.eu\/Blog\/wp-content\/uploads\/2021\/10\/Elbsandsteingebirge-1386-1.jpg?fit=1200%2C800&amp;ssl=1\" data-orig-size=\"1200,800\" data-comments-opened=\"1\" data-image-meta=\"{&quot;aperture&quot;:&quot;0&quot;,&quot;credit&quot;:&quot;Fotostudio Light-Style\\rAndi Moel&quot;,&quot;camera&quot;:&quot;&quot;,&quot;caption&quot;:&quot;&quot;,&quot;created_timestamp&quot;:&quot;0&quot;,&quot;copyright&quot;:&quot;www.light-style.eu&quot;,&quot;focal_length&quot;:&quot;0&quot;,&quot;iso&quot;:&quot;0&quot;,&quot;shutter_speed&quot;:&quot;0&quot;,&quot;title&quot;:&quot;&quot;,&quot;orientation&quot;:&quot;0&quot;}\" data-image-title=\"Elbsandsteingebirge-1386-1\" data-image-description=\"\" data-image-caption=\"\" data-large-file=\"https:\/\/i0.wp.com\/www.light-style.eu\/Blog\/wp-content\/uploads\/2021\/10\/Elbsandsteingebirge-1386-1.jpg?fit=1170%2C780&amp;ssl=1\" data-attachment-id=\"6228\" data-permalink=\"https:\/\/www.light-style.eu\/Blog\/so-schoen-ist-deutschland\/elbsandsteingebirge-1386-1\/#main\" data-orig-file=\"https:\/\/i0.wp.com\/www.light-style.eu\/Blog\/wp-content\/uploads\/2021\/10\/Elbsandsteingebirge-1386-1.jpg?fit=1200%2C800&amp;ssl=1\" data-orig-size=\"1200,800\" data-comments-opened=\"1\" data-image-meta=\"{&quot;aperture&quot;:&quot;0&quot;,&quot;credit&quot;:&quot;Fotostudio Light-Style\\rAndi Moel&quot;,&quot;camera&quot;:&quot;&quot;,&quot;caption&quot;:&quot;&quot;,&quot;created_timestamp&quot;:&quot;0&quot;,&quot;copyright&quot;:&quot;www.light-style.eu&quot;,&quot;focal_length&quot;:&quot;0&quot;,&quot;iso&quot;:&quot;0&quot;,&quot;shutter_speed&quot;:&quot;0&quot;,&quot;title&quot;:&quot;&quot;,&quot;orientation&quot;:&quot;0&quot;}\" data-image-title=\"Elbsandsteingebirge-1386-1\" data-image-description=\"\" data-image-caption=\"\" data-large-file=\"https:\/\/i0.wp.com\/www.light-style.eu\/Blog\/wp-content\/uploads\/2021\/10\/Elbsandsteingebirge-1386-1.jpg?fit=1170%2C780&amp;ssl=1\" role=\"button\" tabindex=\"0\" aria-label=\"Bild\u00a032 von 73 im Vollbildmodus \u00f6ffnen\"srcset=\"https:\/\/i2.wp.com\/www.light-style.eu\/Blog\/wp-content\/uploads\/2021\/10\/Elbsandsteingebirge-1386-1.jpg?strip=info&#038;w=600&#038;ssl=1 600w,https:\/\/i2.wp.com\/www.light-style.eu\/Blog\/wp-content\/uploads\/2021\/10\/Elbsandsteingebirge-1386-1.jpg?strip=info&#038;w=900&#038;ssl=1 900w,https:\/\/i2.wp.com\/www.light-style.eu\/Blog\/wp-content\/uploads\/2021\/10\/Elbsandsteingebirge-1386-1.jpg?strip=info&#038;w=1200&#038;ssl=1 1200w\" alt=\"\" data-height=\"800\" data-id=\"6228\" data-link=\"https:\/\/www.light-style.eu\/Blog\/?attachment_id=6228\" data-url=\"https:\/\/www.light-style.eu\/Blog\/wp-content\/uploads\/2021\/10\/Elbsandsteingebirge-1386-1.jpg\" data-width=\"1200\" src=\"https:\/\/i2.wp.com\/www.light-style.eu\/Blog\/wp-content\/uploads\/2021\/10\/Elbsandsteingebirge-1386-1.jpg?ssl=1\" data-amp-layout=\"responsive\"\/><\/figure><\/div><div class=\"tiled-gallery__col\" style=\"flex-basis:33.33333%\"><figure class=\"tiled-gallery__item\"><img decoding=\"async\" data-attachment-id=\"6229\" data-permalink=\"https:\/\/www.light-style.eu\/Blog\/so-schoen-ist-deutschland\/elbsandsteingebirge-1481-1\/#main\" data-orig-file=\"https:\/\/i0.wp.com\/www.light-style.eu\/Blog\/wp-content\/uploads\/2021\/10\/Elbsandsteingebirge-1481-1.jpg?fit=1200%2C800&amp;ssl=1\" data-orig-size=\"1200,800\" data-comments-opened=\"1\" data-image-meta=\"{&quot;aperture&quot;:&quot;0&quot;,&quot;credit&quot;:&quot;Fotostudio Light-Style\\rAndi Moel&quot;,&quot;camera&quot;:&quot;&quot;,&quot;caption&quot;:&quot;&quot;,&quot;created_timestamp&quot;:&quot;0&quot;,&quot;copyright&quot;:&quot;www.light-style.eu&quot;,&quot;focal_length&quot;:&quot;0&quot;,&quot;iso&quot;:&quot;0&quot;,&quot;shutter_speed&quot;:&quot;0&quot;,&quot;title&quot;:&quot;&quot;,&quot;orientation&quot;:&quot;0&quot;}\" data-image-title=\"Elbsandsteingebirge-1481-1\" data-image-description=\"\" data-image-caption=\"\" data-large-file=\"https:\/\/i0.wp.com\/www.light-style.eu\/Blog\/wp-content\/uploads\/2021\/10\/Elbsandsteingebirge-1481-1.jpg?fit=1170%2C780&amp;ssl=1\" data-attachment-id=\"6229\" data-permalink=\"https:\/\/www.light-style.eu\/Blog\/so-schoen-ist-deutschland\/elbsandsteingebirge-1481-1\/#main\" data-orig-file=\"https:\/\/i0.wp.com\/www.light-style.eu\/Blog\/wp-content\/uploads\/2021\/10\/Elbsandsteingebirge-1481-1.jpg?fit=1200%2C800&amp;ssl=1\" data-orig-size=\"1200,800\" data-comments-opened=\"1\" data-image-meta=\"{&quot;aperture&quot;:&quot;0&quot;,&quot;credit&quot;:&quot;Fotostudio Light-Style\\rAndi Moel&quot;,&quot;camera&quot;:&quot;&quot;,&quot;caption&quot;:&quot;&quot;,&quot;created_timestamp&quot;:&quot;0&quot;,&quot;copyright&quot;:&quot;www.light-style.eu&quot;,&quot;focal_length&quot;:&quot;0&quot;,&quot;iso&quot;:&quot;0&quot;,&quot;shutter_speed&quot;:&quot;0&quot;,&quot;title&quot;:&quot;&quot;,&quot;orientation&quot;:&quot;0&quot;}\" data-image-title=\"Elbsandsteingebirge-1481-1\" data-image-description=\"\" data-image-caption=\"\" data-large-file=\"https:\/\/i0.wp.com\/www.light-style.eu\/Blog\/wp-content\/uploads\/2021\/10\/Elbsandsteingebirge-1481-1.jpg?fit=1170%2C780&amp;ssl=1\" role=\"button\" tabindex=\"0\" aria-label=\"Bild\u00a033 von 73 im Vollbildmodus \u00f6ffnen\"srcset=\"https:\/\/i1.wp.com\/www.light-style.eu\/Blog\/wp-content\/uploads\/2021\/10\/Elbsandsteingebirge-1481-1.jpg?strip=info&#038;w=600&#038;ssl=1 600w,https:\/\/i1.wp.com\/www.light-style.eu\/Blog\/wp-content\/uploads\/2021\/10\/Elbsandsteingebirge-1481-1.jpg?strip=info&#038;w=900&#038;ssl=1 900w,https:\/\/i1.wp.com\/www.light-style.eu\/Blog\/wp-content\/uploads\/2021\/10\/Elbsandsteingebirge-1481-1.jpg?strip=info&#038;w=1200&#038;ssl=1 1200w\" alt=\"\" data-height=\"800\" data-id=\"6229\" data-link=\"https:\/\/www.light-style.eu\/Blog\/?attachment_id=6229\" data-url=\"https:\/\/www.light-style.eu\/Blog\/wp-content\/uploads\/2021\/10\/Elbsandsteingebirge-1481-1.jpg\" data-width=\"1200\" src=\"https:\/\/i1.wp.com\/www.light-style.eu\/Blog\/wp-content\/uploads\/2021\/10\/Elbsandsteingebirge-1481-1.jpg?ssl=1\" data-amp-layout=\"responsive\"\/><\/figure><\/div><\/div><div class=\"tiled-gallery__row\"><div class=\"tiled-gallery__col\" style=\"flex-basis:66.78744%\"><figure class=\"tiled-gallery__item\"><img decoding=\"async\" data-attachment-id=\"6230\" data-permalink=\"https:\/\/www.light-style.eu\/Blog\/so-schoen-ist-deutschland\/elbsandsteingebirge-1515-2-1\/#main\" data-orig-file=\"https:\/\/i0.wp.com\/www.light-style.eu\/Blog\/wp-content\/uploads\/2021\/10\/Elbsandsteingebirge-1515-2-1.jpg?fit=1200%2C800&amp;ssl=1\" data-orig-size=\"1200,800\" data-comments-opened=\"1\" data-image-meta=\"{&quot;aperture&quot;:&quot;0&quot;,&quot;credit&quot;:&quot;Fotostudio Light-Style\\rAndi Moel&quot;,&quot;camera&quot;:&quot;&quot;,&quot;caption&quot;:&quot;&quot;,&quot;created_timestamp&quot;:&quot;0&quot;,&quot;copyright&quot;:&quot;www.light-style.eu&quot;,&quot;focal_length&quot;:&quot;0&quot;,&quot;iso&quot;:&quot;0&quot;,&quot;shutter_speed&quot;:&quot;0&quot;,&quot;title&quot;:&quot;&quot;,&quot;orientation&quot;:&quot;0&quot;}\" data-image-title=\"Elbsandsteingebirge-1515-2-1\" data-image-description=\"\" data-image-caption=\"\" data-large-file=\"https:\/\/i0.wp.com\/www.light-style.eu\/Blog\/wp-content\/uploads\/2021\/10\/Elbsandsteingebirge-1515-2-1.jpg?fit=1170%2C780&amp;ssl=1\" data-attachment-id=\"6230\" data-permalink=\"https:\/\/www.light-style.eu\/Blog\/so-schoen-ist-deutschland\/elbsandsteingebirge-1515-2-1\/#main\" data-orig-file=\"https:\/\/i0.wp.com\/www.light-style.eu\/Blog\/wp-content\/uploads\/2021\/10\/Elbsandsteingebirge-1515-2-1.jpg?fit=1200%2C800&amp;ssl=1\" data-orig-size=\"1200,800\" data-comments-opened=\"1\" data-image-meta=\"{&quot;aperture&quot;:&quot;0&quot;,&quot;credit&quot;:&quot;Fotostudio Light-Style\\rAndi Moel&quot;,&quot;camera&quot;:&quot;&quot;,&quot;caption&quot;:&quot;&quot;,&quot;created_timestamp&quot;:&quot;0&quot;,&quot;copyright&quot;:&quot;www.light-style.eu&quot;,&quot;focal_length&quot;:&quot;0&quot;,&quot;iso&quot;:&quot;0&quot;,&quot;shutter_speed&quot;:&quot;0&quot;,&quot;title&quot;:&quot;&quot;,&quot;orientation&quot;:&quot;0&quot;}\" data-image-title=\"Elbsandsteingebirge-1515-2-1\" data-image-description=\"\" data-image-caption=\"\" data-large-file=\"https:\/\/i0.wp.com\/www.light-style.eu\/Blog\/wp-content\/uploads\/2021\/10\/Elbsandsteingebirge-1515-2-1.jpg?fit=1170%2C780&amp;ssl=1\" role=\"button\" tabindex=\"0\" aria-label=\"Bild\u00a034 von 73 im Vollbildmodus \u00f6ffnen\"srcset=\"https:\/\/i2.wp.com\/www.light-style.eu\/Blog\/wp-content\/uploads\/2021\/10\/Elbsandsteingebirge-1515-2-1.jpg?strip=info&#038;w=600&#038;ssl=1 600w,https:\/\/i2.wp.com\/www.light-style.eu\/Blog\/wp-content\/uploads\/2021\/10\/Elbsandsteingebirge-1515-2-1.jpg?strip=info&#038;w=900&#038;ssl=1 900w,https:\/\/i2.wp.com\/www.light-style.eu\/Blog\/wp-content\/uploads\/2021\/10\/Elbsandsteingebirge-1515-2-1.jpg?strip=info&#038;w=1200&#038;ssl=1 1200w\" alt=\"\" data-height=\"800\" data-id=\"6230\" data-link=\"https:\/\/www.light-style.eu\/Blog\/?attachment_id=6230\" data-url=\"https:\/\/www.light-style.eu\/Blog\/wp-content\/uploads\/2021\/10\/Elbsandsteingebirge-1515-2-1.jpg\" data-width=\"1200\" src=\"https:\/\/i2.wp.com\/www.light-style.eu\/Blog\/wp-content\/uploads\/2021\/10\/Elbsandsteingebirge-1515-2-1.jpg?ssl=1\" data-amp-layout=\"responsive\"\/><\/figure><\/div><div class=\"tiled-gallery__col\" style=\"flex-basis:33.21256%\"><figure class=\"tiled-gallery__item\"><img decoding=\"async\" data-attachment-id=\"6231\" data-permalink=\"https:\/\/www.light-style.eu\/Blog\/so-schoen-ist-deutschland\/elbsandsteingebirge-1523-1\/#main\" data-orig-file=\"https:\/\/i0.wp.com\/www.light-style.eu\/Blog\/wp-content\/uploads\/2021\/10\/Elbsandsteingebirge-1523-1.jpg?fit=1200%2C800&amp;ssl=1\" data-orig-size=\"1200,800\" data-comments-opened=\"1\" data-image-meta=\"{&quot;aperture&quot;:&quot;0&quot;,&quot;credit&quot;:&quot;Fotostudio Light-Style\\rAndi Moel&quot;,&quot;camera&quot;:&quot;&quot;,&quot;caption&quot;:&quot;&quot;,&quot;created_timestamp&quot;:&quot;0&quot;,&quot;copyright&quot;:&quot;www.light-style.eu&quot;,&quot;focal_length&quot;:&quot;0&quot;,&quot;iso&quot;:&quot;0&quot;,&quot;shutter_speed&quot;:&quot;0&quot;,&quot;title&quot;:&quot;&quot;,&quot;orientation&quot;:&quot;0&quot;}\" data-image-title=\"Elbsandsteingebirge-1523-1\" data-image-description=\"\" data-image-caption=\"\" data-large-file=\"https:\/\/i0.wp.com\/www.light-style.eu\/Blog\/wp-content\/uploads\/2021\/10\/Elbsandsteingebirge-1523-1.jpg?fit=1170%2C780&amp;ssl=1\" data-attachment-id=\"6231\" data-permalink=\"https:\/\/www.light-style.eu\/Blog\/so-schoen-ist-deutschland\/elbsandsteingebirge-1523-1\/#main\" data-orig-file=\"https:\/\/i0.wp.com\/www.light-style.eu\/Blog\/wp-content\/uploads\/2021\/10\/Elbsandsteingebirge-1523-1.jpg?fit=1200%2C800&amp;ssl=1\" data-orig-size=\"1200,800\" data-comments-opened=\"1\" data-image-meta=\"{&quot;aperture&quot;:&quot;0&quot;,&quot;credit&quot;:&quot;Fotostudio Light-Style\\rAndi Moel&quot;,&quot;camera&quot;:&quot;&quot;,&quot;caption&quot;:&quot;&quot;,&quot;created_timestamp&quot;:&quot;0&quot;,&quot;copyright&quot;:&quot;www.light-style.eu&quot;,&quot;focal_length&quot;:&quot;0&quot;,&quot;iso&quot;:&quot;0&quot;,&quot;shutter_speed&quot;:&quot;0&quot;,&quot;title&quot;:&quot;&quot;,&quot;orientation&quot;:&quot;0&quot;}\" data-image-title=\"Elbsandsteingebirge-1523-1\" data-image-description=\"\" data-image-caption=\"\" data-large-file=\"https:\/\/i0.wp.com\/www.light-style.eu\/Blog\/wp-content\/uploads\/2021\/10\/Elbsandsteingebirge-1523-1.jpg?fit=1170%2C780&amp;ssl=1\" role=\"button\" tabindex=\"0\" aria-label=\"Bild\u00a035 von 73 im Vollbildmodus \u00f6ffnen\"srcset=\"https:\/\/i2.wp.com\/www.light-style.eu\/Blog\/wp-content\/uploads\/2021\/10\/Elbsandsteingebirge-1523-1.jpg?strip=info&#038;w=600&#038;ssl=1 600w,https:\/\/i2.wp.com\/www.light-style.eu\/Blog\/wp-content\/uploads\/2021\/10\/Elbsandsteingebirge-1523-1.jpg?strip=info&#038;w=900&#038;ssl=1 900w,https:\/\/i2.wp.com\/www.light-style.eu\/Blog\/wp-content\/uploads\/2021\/10\/Elbsandsteingebirge-1523-1.jpg?strip=info&#038;w=1200&#038;ssl=1 1200w\" alt=\"\" data-height=\"800\" data-id=\"6231\" data-link=\"https:\/\/www.light-style.eu\/Blog\/?attachment_id=6231\" data-url=\"https:\/\/www.light-style.eu\/Blog\/wp-content\/uploads\/2021\/10\/Elbsandsteingebirge-1523-1.jpg\" data-width=\"1200\" src=\"https:\/\/i2.wp.com\/www.light-style.eu\/Blog\/wp-content\/uploads\/2021\/10\/Elbsandsteingebirge-1523-1.jpg?ssl=1\" data-amp-layout=\"responsive\"\/><\/figure><figure class=\"tiled-gallery__item\"><img decoding=\"async\" data-attachment-id=\"6232\" data-permalink=\"https:\/\/www.light-style.eu\/Blog\/so-schoen-ist-deutschland\/elbsandsteingebirge-1631-2-1\/#main\" data-orig-file=\"https:\/\/i0.wp.com\/www.light-style.eu\/Blog\/wp-content\/uploads\/2021\/10\/Elbsandsteingebirge-1631-2-1.jpg?fit=1200%2C800&amp;ssl=1\" data-orig-size=\"1200,800\" data-comments-opened=\"1\" data-image-meta=\"{&quot;aperture&quot;:&quot;0&quot;,&quot;credit&quot;:&quot;Fotostudio Light-Style\\rAndi Moel&quot;,&quot;camera&quot;:&quot;&quot;,&quot;caption&quot;:&quot;&quot;,&quot;created_timestamp&quot;:&quot;0&quot;,&quot;copyright&quot;:&quot;www.light-style.eu&quot;,&quot;focal_length&quot;:&quot;0&quot;,&quot;iso&quot;:&quot;0&quot;,&quot;shutter_speed&quot;:&quot;0&quot;,&quot;title&quot;:&quot;&quot;,&quot;orientation&quot;:&quot;0&quot;}\" data-image-title=\"Elbsandsteingebirge-1631-2-1\" data-image-description=\"\" data-image-caption=\"\" data-large-file=\"https:\/\/i0.wp.com\/www.light-style.eu\/Blog\/wp-content\/uploads\/2021\/10\/Elbsandsteingebirge-1631-2-1.jpg?fit=1170%2C780&amp;ssl=1\" data-attachment-id=\"6232\" data-permalink=\"https:\/\/www.light-style.eu\/Blog\/so-schoen-ist-deutschland\/elbsandsteingebirge-1631-2-1\/#main\" data-orig-file=\"https:\/\/i0.wp.com\/www.light-style.eu\/Blog\/wp-content\/uploads\/2021\/10\/Elbsandsteingebirge-1631-2-1.jpg?fit=1200%2C800&amp;ssl=1\" data-orig-size=\"1200,800\" data-comments-opened=\"1\" data-image-meta=\"{&quot;aperture&quot;:&quot;0&quot;,&quot;credit&quot;:&quot;Fotostudio Light-Style\\rAndi Moel&quot;,&quot;camera&quot;:&quot;&quot;,&quot;caption&quot;:&quot;&quot;,&quot;created_timestamp&quot;:&quot;0&quot;,&quot;copyright&quot;:&quot;www.light-style.eu&quot;,&quot;focal_length&quot;:&quot;0&quot;,&quot;iso&quot;:&quot;0&quot;,&quot;shutter_speed&quot;:&quot;0&quot;,&quot;title&quot;:&quot;&quot;,&quot;orientation&quot;:&quot;0&quot;}\" data-image-title=\"Elbsandsteingebirge-1631-2-1\" data-image-description=\"\" data-image-caption=\"\" data-large-file=\"https:\/\/i0.wp.com\/www.light-style.eu\/Blog\/wp-content\/uploads\/2021\/10\/Elbsandsteingebirge-1631-2-1.jpg?fit=1170%2C780&amp;ssl=1\" role=\"button\" tabindex=\"0\" aria-label=\"Bild\u00a036 von 73 im Vollbildmodus \u00f6ffnen\"srcset=\"https:\/\/i1.wp.com\/www.light-style.eu\/Blog\/wp-content\/uploads\/2021\/10\/Elbsandsteingebirge-1631-2-1.jpg?strip=info&#038;w=600&#038;ssl=1 600w,https:\/\/i1.wp.com\/www.light-style.eu\/Blog\/wp-content\/uploads\/2021\/10\/Elbsandsteingebirge-1631-2-1.jpg?strip=info&#038;w=900&#038;ssl=1 900w,https:\/\/i1.wp.com\/www.light-style.eu\/Blog\/wp-content\/uploads\/2021\/10\/Elbsandsteingebirge-1631-2-1.jpg?strip=info&#038;w=1200&#038;ssl=1 1200w\" alt=\"\" data-height=\"800\" data-id=\"6232\" data-link=\"https:\/\/www.light-style.eu\/Blog\/?attachment_id=6232\" data-url=\"https:\/\/www.light-style.eu\/Blog\/wp-content\/uploads\/2021\/10\/Elbsandsteingebirge-1631-2-1.jpg\" data-width=\"1200\" src=\"https:\/\/i1.wp.com\/www.light-style.eu\/Blog\/wp-content\/uploads\/2021\/10\/Elbsandsteingebirge-1631-2-1.jpg?ssl=1\" data-amp-layout=\"responsive\"\/><\/figure><\/div><\/div><div class=\"tiled-gallery__row\"><div class=\"tiled-gallery__col\" style=\"flex-basis:33.21256%\"><figure class=\"tiled-gallery__item\"><img decoding=\"async\" data-attachment-id=\"6233\" data-permalink=\"https:\/\/www.light-style.eu\/Blog\/so-schoen-ist-deutschland\/elbsandsteingebirge-1659-2-1\/#main\" data-orig-file=\"https:\/\/i0.wp.com\/www.light-style.eu\/Blog\/wp-content\/uploads\/2021\/10\/Elbsandsteingebirge-1659-2-1.jpg?fit=1200%2C800&amp;ssl=1\" data-orig-size=\"1200,800\" data-comments-opened=\"1\" data-image-meta=\"{&quot;aperture&quot;:&quot;0&quot;,&quot;credit&quot;:&quot;Fotostudio Light-Style\\rAndi Moel&quot;,&quot;camera&quot;:&quot;&quot;,&quot;caption&quot;:&quot;&quot;,&quot;created_timestamp&quot;:&quot;0&quot;,&quot;copyright&quot;:&quot;www.light-style.eu&quot;,&quot;focal_length&quot;:&quot;0&quot;,&quot;iso&quot;:&quot;0&quot;,&quot;shutter_speed&quot;:&quot;0&quot;,&quot;title&quot;:&quot;&quot;,&quot;orientation&quot;:&quot;0&quot;}\" data-image-title=\"Elbsandsteingebirge-1659-2-1\" data-image-description=\"\" data-image-caption=\"\" data-large-file=\"https:\/\/i0.wp.com\/www.light-style.eu\/Blog\/wp-content\/uploads\/2021\/10\/Elbsandsteingebirge-1659-2-1.jpg?fit=1170%2C780&amp;ssl=1\" data-attachment-id=\"6233\" data-permalink=\"https:\/\/www.light-style.eu\/Blog\/so-schoen-ist-deutschland\/elbsandsteingebirge-1659-2-1\/#main\" data-orig-file=\"https:\/\/i0.wp.com\/www.light-style.eu\/Blog\/wp-content\/uploads\/2021\/10\/Elbsandsteingebirge-1659-2-1.jpg?fit=1200%2C800&amp;ssl=1\" data-orig-size=\"1200,800\" data-comments-opened=\"1\" data-image-meta=\"{&quot;aperture&quot;:&quot;0&quot;,&quot;credit&quot;:&quot;Fotostudio Light-Style\\rAndi Moel&quot;,&quot;camera&quot;:&quot;&quot;,&quot;caption&quot;:&quot;&quot;,&quot;created_timestamp&quot;:&quot;0&quot;,&quot;copyright&quot;:&quot;www.light-style.eu&quot;,&quot;focal_length&quot;:&quot;0&quot;,&quot;iso&quot;:&quot;0&quot;,&quot;shutter_speed&quot;:&quot;0&quot;,&quot;title&quot;:&quot;&quot;,&quot;orientation&quot;:&quot;0&quot;}\" data-image-title=\"Elbsandsteingebirge-1659-2-1\" data-image-description=\"\" data-image-caption=\"\" data-large-file=\"https:\/\/i0.wp.com\/www.light-style.eu\/Blog\/wp-content\/uploads\/2021\/10\/Elbsandsteingebirge-1659-2-1.jpg?fit=1170%2C780&amp;ssl=1\" role=\"button\" tabindex=\"0\" aria-label=\"Bild\u00a037 von 73 im Vollbildmodus \u00f6ffnen\"srcset=\"https:\/\/i0.wp.com\/www.light-style.eu\/Blog\/wp-content\/uploads\/2021\/10\/Elbsandsteingebirge-1659-2-1.jpg?strip=info&#038;w=600&#038;ssl=1 600w,https:\/\/i0.wp.com\/www.light-style.eu\/Blog\/wp-content\/uploads\/2021\/10\/Elbsandsteingebirge-1659-2-1.jpg?strip=info&#038;w=900&#038;ssl=1 900w,https:\/\/i0.wp.com\/www.light-style.eu\/Blog\/wp-content\/uploads\/2021\/10\/Elbsandsteingebirge-1659-2-1.jpg?strip=info&#038;w=1200&#038;ssl=1 1200w\" alt=\"\" data-height=\"800\" data-id=\"6233\" data-link=\"https:\/\/www.light-style.eu\/Blog\/?attachment_id=6233\" data-url=\"https:\/\/www.light-style.eu\/Blog\/wp-content\/uploads\/2021\/10\/Elbsandsteingebirge-1659-2-1.jpg\" data-width=\"1200\" src=\"https:\/\/i0.wp.com\/www.light-style.eu\/Blog\/wp-content\/uploads\/2021\/10\/Elbsandsteingebirge-1659-2-1.jpg?ssl=1\" data-amp-layout=\"responsive\"\/><\/figure><figure class=\"tiled-gallery__item\"><img decoding=\"async\" data-attachment-id=\"6234\" data-permalink=\"https:\/\/www.light-style.eu\/Blog\/so-schoen-ist-deutschland\/elbsandsteingebirge-1673-1\/#main\" data-orig-file=\"https:\/\/i0.wp.com\/www.light-style.eu\/Blog\/wp-content\/uploads\/2021\/10\/Elbsandsteingebirge-1673-1.jpg?fit=1200%2C800&amp;ssl=1\" data-orig-size=\"1200,800\" data-comments-opened=\"1\" data-image-meta=\"{&quot;aperture&quot;:&quot;0&quot;,&quot;credit&quot;:&quot;Fotostudio Light-Style\\rAndi Moel&quot;,&quot;camera&quot;:&quot;&quot;,&quot;caption&quot;:&quot;&quot;,&quot;created_timestamp&quot;:&quot;0&quot;,&quot;copyright&quot;:&quot;www.light-style.eu&quot;,&quot;focal_length&quot;:&quot;0&quot;,&quot;iso&quot;:&quot;0&quot;,&quot;shutter_speed&quot;:&quot;0&quot;,&quot;title&quot;:&quot;&quot;,&quot;orientation&quot;:&quot;0&quot;}\" data-image-title=\"Elbsandsteingebirge-1673-1\" data-image-description=\"\" data-image-caption=\"\" data-large-file=\"https:\/\/i0.wp.com\/www.light-style.eu\/Blog\/wp-content\/uploads\/2021\/10\/Elbsandsteingebirge-1673-1.jpg?fit=1170%2C780&amp;ssl=1\" data-attachment-id=\"6234\" data-permalink=\"https:\/\/www.light-style.eu\/Blog\/so-schoen-ist-deutschland\/elbsandsteingebirge-1673-1\/#main\" data-orig-file=\"https:\/\/i0.wp.com\/www.light-style.eu\/Blog\/wp-content\/uploads\/2021\/10\/Elbsandsteingebirge-1673-1.jpg?fit=1200%2C800&amp;ssl=1\" data-orig-size=\"1200,800\" data-comments-opened=\"1\" data-image-meta=\"{&quot;aperture&quot;:&quot;0&quot;,&quot;credit&quot;:&quot;Fotostudio Light-Style\\rAndi Moel&quot;,&quot;camera&quot;:&quot;&quot;,&quot;caption&quot;:&quot;&quot;,&quot;created_timestamp&quot;:&quot;0&quot;,&quot;copyright&quot;:&quot;www.light-style.eu&quot;,&quot;focal_length&quot;:&quot;0&quot;,&quot;iso&quot;:&quot;0&quot;,&quot;shutter_speed&quot;:&quot;0&quot;,&quot;title&quot;:&quot;&quot;,&quot;orientation&quot;:&quot;0&quot;}\" data-image-title=\"Elbsandsteingebirge-1673-1\" data-image-description=\"\" data-image-caption=\"\" data-large-file=\"https:\/\/i0.wp.com\/www.light-style.eu\/Blog\/wp-content\/uploads\/2021\/10\/Elbsandsteingebirge-1673-1.jpg?fit=1170%2C780&amp;ssl=1\" role=\"button\" tabindex=\"0\" aria-label=\"Bild\u00a038 von 73 im Vollbildmodus \u00f6ffnen\"srcset=\"https:\/\/i0.wp.com\/www.light-style.eu\/Blog\/wp-content\/uploads\/2021\/10\/Elbsandsteingebirge-1673-1.jpg?strip=info&#038;w=600&#038;ssl=1 600w,https:\/\/i0.wp.com\/www.light-style.eu\/Blog\/wp-content\/uploads\/2021\/10\/Elbsandsteingebirge-1673-1.jpg?strip=info&#038;w=900&#038;ssl=1 900w,https:\/\/i0.wp.com\/www.light-style.eu\/Blog\/wp-content\/uploads\/2021\/10\/Elbsandsteingebirge-1673-1.jpg?strip=info&#038;w=1200&#038;ssl=1 1200w\" alt=\"\" data-height=\"800\" data-id=\"6234\" data-link=\"https:\/\/www.light-style.eu\/Blog\/?attachment_id=6234\" data-url=\"https:\/\/www.light-style.eu\/Blog\/wp-content\/uploads\/2021\/10\/Elbsandsteingebirge-1673-1.jpg\" data-width=\"1200\" src=\"https:\/\/i0.wp.com\/www.light-style.eu\/Blog\/wp-content\/uploads\/2021\/10\/Elbsandsteingebirge-1673-1.jpg?ssl=1\" data-amp-layout=\"responsive\"\/><\/figure><\/div><div class=\"tiled-gallery__col\" style=\"flex-basis:66.78744%\"><figure class=\"tiled-gallery__item\"><img decoding=\"async\" data-attachment-id=\"6235\" data-permalink=\"https:\/\/www.light-style.eu\/Blog\/so-schoen-ist-deutschland\/elbsandsteingebirge-1715\/#main\" data-orig-file=\"https:\/\/i0.wp.com\/www.light-style.eu\/Blog\/wp-content\/uploads\/2021\/10\/Elbsandsteingebirge-1715.jpg?fit=1200%2C800&amp;ssl=1\" data-orig-size=\"1200,800\" data-comments-opened=\"1\" data-image-meta=\"{&quot;aperture&quot;:&quot;0&quot;,&quot;credit&quot;:&quot;Fotostudio Light-Style\\rAndi Moel&quot;,&quot;camera&quot;:&quot;&quot;,&quot;caption&quot;:&quot;&quot;,&quot;created_timestamp&quot;:&quot;0&quot;,&quot;copyright&quot;:&quot;www.light-style.eu&quot;,&quot;focal_length&quot;:&quot;0&quot;,&quot;iso&quot;:&quot;0&quot;,&quot;shutter_speed&quot;:&quot;0&quot;,&quot;title&quot;:&quot;&quot;,&quot;orientation&quot;:&quot;0&quot;}\" data-image-title=\"Elbsandsteingebirge-1715\" data-image-description=\"\" data-image-caption=\"\" data-large-file=\"https:\/\/i0.wp.com\/www.light-style.eu\/Blog\/wp-content\/uploads\/2021\/10\/Elbsandsteingebirge-1715.jpg?fit=1170%2C780&amp;ssl=1\" data-attachment-id=\"6235\" data-permalink=\"https:\/\/www.light-style.eu\/Blog\/so-schoen-ist-deutschland\/elbsandsteingebirge-1715\/#main\" data-orig-file=\"https:\/\/i0.wp.com\/www.light-style.eu\/Blog\/wp-content\/uploads\/2021\/10\/Elbsandsteingebirge-1715.jpg?fit=1200%2C800&amp;ssl=1\" data-orig-size=\"1200,800\" data-comments-opened=\"1\" data-image-meta=\"{&quot;aperture&quot;:&quot;0&quot;,&quot;credit&quot;:&quot;Fotostudio Light-Style\\rAndi Moel&quot;,&quot;camera&quot;:&quot;&quot;,&quot;caption&quot;:&quot;&quot;,&quot;created_timestamp&quot;:&quot;0&quot;,&quot;copyright&quot;:&quot;www.light-style.eu&quot;,&quot;focal_length&quot;:&quot;0&quot;,&quot;iso&quot;:&quot;0&quot;,&quot;shutter_speed&quot;:&quot;0&quot;,&quot;title&quot;:&quot;&quot;,&quot;orientation&quot;:&quot;0&quot;}\" data-image-title=\"Elbsandsteingebirge-1715\" data-image-description=\"\" data-image-caption=\"\" data-large-file=\"https:\/\/i0.wp.com\/www.light-style.eu\/Blog\/wp-content\/uploads\/2021\/10\/Elbsandsteingebirge-1715.jpg?fit=1170%2C780&amp;ssl=1\" role=\"button\" tabindex=\"0\" aria-label=\"Bild\u00a039 von 73 im Vollbildmodus \u00f6ffnen\"srcset=\"https:\/\/i1.wp.com\/www.light-style.eu\/Blog\/wp-content\/uploads\/2021\/10\/Elbsandsteingebirge-1715.jpg?strip=info&#038;w=600&#038;ssl=1 600w,https:\/\/i1.wp.com\/www.light-style.eu\/Blog\/wp-content\/uploads\/2021\/10\/Elbsandsteingebirge-1715.jpg?strip=info&#038;w=900&#038;ssl=1 900w,https:\/\/i1.wp.com\/www.light-style.eu\/Blog\/wp-content\/uploads\/2021\/10\/Elbsandsteingebirge-1715.jpg?strip=info&#038;w=1200&#038;ssl=1 1200w\" alt=\"\" data-height=\"800\" data-id=\"6235\" data-link=\"https:\/\/www.light-style.eu\/Blog\/?attachment_id=6235\" data-url=\"https:\/\/www.light-style.eu\/Blog\/wp-content\/uploads\/2021\/10\/Elbsandsteingebirge-1715.jpg\" data-width=\"1200\" src=\"https:\/\/i1.wp.com\/www.light-style.eu\/Blog\/wp-content\/uploads\/2021\/10\/Elbsandsteingebirge-1715.jpg?ssl=1\" data-amp-layout=\"responsive\"\/><\/figure><\/div><\/div><div class=\"tiled-gallery__row\"><div class=\"tiled-gallery__col\" style=\"flex-basis:69.18045%\"><figure class=\"tiled-gallery__item\"><img decoding=\"async\" data-attachment-id=\"6236\" data-permalink=\"https:\/\/www.light-style.eu\/Blog\/so-schoen-ist-deutschland\/elbsandsteingebirge-1756-1\/#main\" data-orig-file=\"https:\/\/i0.wp.com\/www.light-style.eu\/Blog\/wp-content\/uploads\/2021\/10\/Elbsandsteingebirge-1756-1.jpg?fit=1200%2C800&amp;ssl=1\" data-orig-size=\"1200,800\" data-comments-opened=\"1\" data-image-meta=\"{&quot;aperture&quot;:&quot;0&quot;,&quot;credit&quot;:&quot;Fotostudio Light-Style\\rAndi Moel&quot;,&quot;camera&quot;:&quot;&quot;,&quot;caption&quot;:&quot;&quot;,&quot;created_timestamp&quot;:&quot;0&quot;,&quot;copyright&quot;:&quot;www.light-style.eu&quot;,&quot;focal_length&quot;:&quot;0&quot;,&quot;iso&quot;:&quot;0&quot;,&quot;shutter_speed&quot;:&quot;0&quot;,&quot;title&quot;:&quot;&quot;,&quot;orientation&quot;:&quot;0&quot;}\" data-image-title=\"Elbsandsteingebirge-1756-1\" data-image-description=\"\" data-image-caption=\"\" data-large-file=\"https:\/\/i0.wp.com\/www.light-style.eu\/Blog\/wp-content\/uploads\/2021\/10\/Elbsandsteingebirge-1756-1.jpg?fit=1170%2C780&amp;ssl=1\" data-attachment-id=\"6236\" data-permalink=\"https:\/\/www.light-style.eu\/Blog\/so-schoen-ist-deutschland\/elbsandsteingebirge-1756-1\/#main\" data-orig-file=\"https:\/\/i0.wp.com\/www.light-style.eu\/Blog\/wp-content\/uploads\/2021\/10\/Elbsandsteingebirge-1756-1.jpg?fit=1200%2C800&amp;ssl=1\" data-orig-size=\"1200,800\" data-comments-opened=\"1\" data-image-meta=\"{&quot;aperture&quot;:&quot;0&quot;,&quot;credit&quot;:&quot;Fotostudio Light-Style\\rAndi Moel&quot;,&quot;camera&quot;:&quot;&quot;,&quot;caption&quot;:&quot;&quot;,&quot;created_timestamp&quot;:&quot;0&quot;,&quot;copyright&quot;:&quot;www.light-style.eu&quot;,&quot;focal_length&quot;:&quot;0&quot;,&quot;iso&quot;:&quot;0&quot;,&quot;shutter_speed&quot;:&quot;0&quot;,&quot;title&quot;:&quot;&quot;,&quot;orientation&quot;:&quot;0&quot;}\" data-image-title=\"Elbsandsteingebirge-1756-1\" data-image-description=\"\" data-image-caption=\"\" data-large-file=\"https:\/\/i0.wp.com\/www.light-style.eu\/Blog\/wp-content\/uploads\/2021\/10\/Elbsandsteingebirge-1756-1.jpg?fit=1170%2C780&amp;ssl=1\" role=\"button\" tabindex=\"0\" aria-label=\"Bild\u00a040 von 73 im Vollbildmodus \u00f6ffnen\"srcset=\"https:\/\/i0.wp.com\/www.light-style.eu\/Blog\/wp-content\/uploads\/2021\/10\/Elbsandsteingebirge-1756-1.jpg?strip=info&#038;w=600&#038;ssl=1 600w,https:\/\/i0.wp.com\/www.light-style.eu\/Blog\/wp-content\/uploads\/2021\/10\/Elbsandsteingebirge-1756-1.jpg?strip=info&#038;w=900&#038;ssl=1 900w,https:\/\/i0.wp.com\/www.light-style.eu\/Blog\/wp-content\/uploads\/2021\/10\/Elbsandsteingebirge-1756-1.jpg?strip=info&#038;w=1200&#038;ssl=1 1200w\" alt=\"\" data-height=\"800\" data-id=\"6236\" data-link=\"https:\/\/www.light-style.eu\/Blog\/?attachment_id=6236\" data-url=\"https:\/\/www.light-style.eu\/Blog\/wp-content\/uploads\/2021\/10\/Elbsandsteingebirge-1756-1.jpg\" data-width=\"1200\" src=\"https:\/\/i0.wp.com\/www.light-style.eu\/Blog\/wp-content\/uploads\/2021\/10\/Elbsandsteingebirge-1756-1.jpg?ssl=1\" data-amp-layout=\"responsive\"\/><\/figure><\/div><div class=\"tiled-gallery__col\" style=\"flex-basis:30.81955%\"><figure class=\"tiled-gallery__item\"><img decoding=\"async\" data-attachment-id=\"6237\" data-permalink=\"https:\/\/www.light-style.eu\/Blog\/so-schoen-ist-deutschland\/elbsandsteingebirge-2350-1\/#main\" data-orig-file=\"https:\/\/i0.wp.com\/www.light-style.eu\/Blog\/wp-content\/uploads\/2021\/10\/Elbsandsteingebirge-2350-1.jpg?fit=800%2C1200&amp;ssl=1\" data-orig-size=\"800,1200\" data-comments-opened=\"1\" data-image-meta=\"{&quot;aperture&quot;:&quot;0&quot;,&quot;credit&quot;:&quot;Fotostudio Light-Style\\rAndi Moel&quot;,&quot;camera&quot;:&quot;&quot;,&quot;caption&quot;:&quot;&quot;,&quot;created_timestamp&quot;:&quot;0&quot;,&quot;copyright&quot;:&quot;www.light-style.eu&quot;,&quot;focal_length&quot;:&quot;0&quot;,&quot;iso&quot;:&quot;0&quot;,&quot;shutter_speed&quot;:&quot;0&quot;,&quot;title&quot;:&quot;&quot;,&quot;orientation&quot;:&quot;0&quot;}\" data-image-title=\"Elbsandsteingebirge-2350-1\" data-image-description=\"\" data-image-caption=\"\" data-large-file=\"https:\/\/i0.wp.com\/www.light-style.eu\/Blog\/wp-content\/uploads\/2021\/10\/Elbsandsteingebirge-2350-1.jpg?fit=800%2C1200&amp;ssl=1\" data-attachment-id=\"6237\" data-permalink=\"https:\/\/www.light-style.eu\/Blog\/so-schoen-ist-deutschland\/elbsandsteingebirge-2350-1\/#main\" data-orig-file=\"https:\/\/i0.wp.com\/www.light-style.eu\/Blog\/wp-content\/uploads\/2021\/10\/Elbsandsteingebirge-2350-1.jpg?fit=800%2C1200&amp;ssl=1\" data-orig-size=\"800,1200\" data-comments-opened=\"1\" data-image-meta=\"{&quot;aperture&quot;:&quot;0&quot;,&quot;credit&quot;:&quot;Fotostudio Light-Style\\rAndi Moel&quot;,&quot;camera&quot;:&quot;&quot;,&quot;caption&quot;:&quot;&quot;,&quot;created_timestamp&quot;:&quot;0&quot;,&quot;copyright&quot;:&quot;www.light-style.eu&quot;,&quot;focal_length&quot;:&quot;0&quot;,&quot;iso&quot;:&quot;0&quot;,&quot;shutter_speed&quot;:&quot;0&quot;,&quot;title&quot;:&quot;&quot;,&quot;orientation&quot;:&quot;0&quot;}\" data-image-title=\"Elbsandsteingebirge-2350-1\" data-image-description=\"\" data-image-caption=\"\" data-large-file=\"https:\/\/i0.wp.com\/www.light-style.eu\/Blog\/wp-content\/uploads\/2021\/10\/Elbsandsteingebirge-2350-1.jpg?fit=800%2C1200&amp;ssl=1\" role=\"button\" tabindex=\"0\" aria-label=\"Bild\u00a041 von 73 im Vollbildmodus \u00f6ffnen\"srcset=\"https:\/\/i2.wp.com\/www.light-style.eu\/Blog\/wp-content\/uploads\/2021\/10\/Elbsandsteingebirge-2350-1.jpg?strip=info&#038;w=600&#038;ssl=1 600w,https:\/\/i2.wp.com\/www.light-style.eu\/Blog\/wp-content\/uploads\/2021\/10\/Elbsandsteingebirge-2350-1.jpg?strip=info&#038;w=800&#038;ssl=1 800w\" alt=\"\" data-height=\"1200\" data-id=\"6237\" data-link=\"https:\/\/www.light-style.eu\/Blog\/?attachment_id=6237\" data-url=\"https:\/\/www.light-style.eu\/Blog\/wp-content\/uploads\/2021\/10\/Elbsandsteingebirge-2350-1.jpg\" data-width=\"800\" src=\"https:\/\/i2.wp.com\/www.light-style.eu\/Blog\/wp-content\/uploads\/2021\/10\/Elbsandsteingebirge-2350-1.jpg?ssl=1\" data-amp-layout=\"responsive\"\/><\/figure><\/div><\/div><div class=\"tiled-gallery__row\"><div class=\"tiled-gallery__col\" style=\"flex-basis:69.18045%\"><figure class=\"tiled-gallery__item\"><img decoding=\"async\" data-attachment-id=\"6238\" data-permalink=\"https:\/\/www.light-style.eu\/Blog\/so-schoen-ist-deutschland\/elbsandsteingebirge-2369\/#main\" data-orig-file=\"https:\/\/i0.wp.com\/www.light-style.eu\/Blog\/wp-content\/uploads\/2021\/10\/Elbsandsteingebirge-2369.jpg?fit=1200%2C800&amp;ssl=1\" data-orig-size=\"1200,800\" data-comments-opened=\"1\" data-image-meta=\"{&quot;aperture&quot;:&quot;0&quot;,&quot;credit&quot;:&quot;Fotostudio Light-Style\\rAndi Moel&quot;,&quot;camera&quot;:&quot;&quot;,&quot;caption&quot;:&quot;&quot;,&quot;created_timestamp&quot;:&quot;0&quot;,&quot;copyright&quot;:&quot;www.light-style.eu&quot;,&quot;focal_length&quot;:&quot;0&quot;,&quot;iso&quot;:&quot;0&quot;,&quot;shutter_speed&quot;:&quot;0&quot;,&quot;title&quot;:&quot;&quot;,&quot;orientation&quot;:&quot;0&quot;}\" data-image-title=\"Elbsandsteingebirge-2369\" data-image-description=\"\" data-image-caption=\"\" data-large-file=\"https:\/\/i0.wp.com\/www.light-style.eu\/Blog\/wp-content\/uploads\/2021\/10\/Elbsandsteingebirge-2369.jpg?fit=1170%2C780&amp;ssl=1\" data-attachment-id=\"6238\" data-permalink=\"https:\/\/www.light-style.eu\/Blog\/so-schoen-ist-deutschland\/elbsandsteingebirge-2369\/#main\" data-orig-file=\"https:\/\/i0.wp.com\/www.light-style.eu\/Blog\/wp-content\/uploads\/2021\/10\/Elbsandsteingebirge-2369.jpg?fit=1200%2C800&amp;ssl=1\" data-orig-size=\"1200,800\" data-comments-opened=\"1\" data-image-meta=\"{&quot;aperture&quot;:&quot;0&quot;,&quot;credit&quot;:&quot;Fotostudio Light-Style\\rAndi Moel&quot;,&quot;camera&quot;:&quot;&quot;,&quot;caption&quot;:&quot;&quot;,&quot;created_timestamp&quot;:&quot;0&quot;,&quot;copyright&quot;:&quot;www.light-style.eu&quot;,&quot;focal_length&quot;:&quot;0&quot;,&quot;iso&quot;:&quot;0&quot;,&quot;shutter_speed&quot;:&quot;0&quot;,&quot;title&quot;:&quot;&quot;,&quot;orientation&quot;:&quot;0&quot;}\" data-image-title=\"Elbsandsteingebirge-2369\" data-image-description=\"\" data-image-caption=\"\" data-large-file=\"https:\/\/i0.wp.com\/www.light-style.eu\/Blog\/wp-content\/uploads\/2021\/10\/Elbsandsteingebirge-2369.jpg?fit=1170%2C780&amp;ssl=1\" role=\"button\" tabindex=\"0\" aria-label=\"Bild\u00a042 von 73 im Vollbildmodus \u00f6ffnen\"srcset=\"https:\/\/i2.wp.com\/www.light-style.eu\/Blog\/wp-content\/uploads\/2021\/10\/Elbsandsteingebirge-2369.jpg?strip=info&#038;w=600&#038;ssl=1 600w,https:\/\/i2.wp.com\/www.light-style.eu\/Blog\/wp-content\/uploads\/2021\/10\/Elbsandsteingebirge-2369.jpg?strip=info&#038;w=900&#038;ssl=1 900w,https:\/\/i2.wp.com\/www.light-style.eu\/Blog\/wp-content\/uploads\/2021\/10\/Elbsandsteingebirge-2369.jpg?strip=info&#038;w=1200&#038;ssl=1 1200w\" alt=\"\" data-height=\"800\" data-id=\"6238\" data-link=\"https:\/\/www.light-style.eu\/Blog\/?attachment_id=6238\" data-url=\"https:\/\/www.light-style.eu\/Blog\/wp-content\/uploads\/2021\/10\/Elbsandsteingebirge-2369.jpg\" data-width=\"1200\" src=\"https:\/\/i2.wp.com\/www.light-style.eu\/Blog\/wp-content\/uploads\/2021\/10\/Elbsandsteingebirge-2369.jpg?ssl=1\" data-amp-layout=\"responsive\"\/><\/figure><\/div><div class=\"tiled-gallery__col\" style=\"flex-basis:30.81955%\"><figure class=\"tiled-gallery__item\"><img decoding=\"async\" data-attachment-id=\"6239\" data-permalink=\"https:\/\/www.light-style.eu\/Blog\/so-schoen-ist-deutschland\/elbsandsteingebirge-2440\/#main\" data-orig-file=\"https:\/\/i0.wp.com\/www.light-style.eu\/Blog\/wp-content\/uploads\/2021\/10\/Elbsandsteingebirge-2440.jpg?fit=800%2C1200&amp;ssl=1\" data-orig-size=\"800,1200\" data-comments-opened=\"1\" data-image-meta=\"{&quot;aperture&quot;:&quot;0&quot;,&quot;credit&quot;:&quot;Fotostudio Light-Style\\rAndi Moel&quot;,&quot;camera&quot;:&quot;&quot;,&quot;caption&quot;:&quot;&quot;,&quot;created_timestamp&quot;:&quot;0&quot;,&quot;copyright&quot;:&quot;www.light-style.eu&quot;,&quot;focal_length&quot;:&quot;0&quot;,&quot;iso&quot;:&quot;0&quot;,&quot;shutter_speed&quot;:&quot;0&quot;,&quot;title&quot;:&quot;&quot;,&quot;orientation&quot;:&quot;0&quot;}\" data-image-title=\"Elbsandsteingebirge-2440\" data-image-description=\"\" data-image-caption=\"\" data-large-file=\"https:\/\/i0.wp.com\/www.light-style.eu\/Blog\/wp-content\/uploads\/2021\/10\/Elbsandsteingebirge-2440.jpg?fit=800%2C1200&amp;ssl=1\" data-attachment-id=\"6239\" data-permalink=\"https:\/\/www.light-style.eu\/Blog\/so-schoen-ist-deutschland\/elbsandsteingebirge-2440\/#main\" data-orig-file=\"https:\/\/i0.wp.com\/www.light-style.eu\/Blog\/wp-content\/uploads\/2021\/10\/Elbsandsteingebirge-2440.jpg?fit=800%2C1200&amp;ssl=1\" data-orig-size=\"800,1200\" data-comments-opened=\"1\" data-image-meta=\"{&quot;aperture&quot;:&quot;0&quot;,&quot;credit&quot;:&quot;Fotostudio Light-Style\\rAndi Moel&quot;,&quot;camera&quot;:&quot;&quot;,&quot;caption&quot;:&quot;&quot;,&quot;created_timestamp&quot;:&quot;0&quot;,&quot;copyright&quot;:&quot;www.light-style.eu&quot;,&quot;focal_length&quot;:&quot;0&quot;,&quot;iso&quot;:&quot;0&quot;,&quot;shutter_speed&quot;:&quot;0&quot;,&quot;title&quot;:&quot;&quot;,&quot;orientation&quot;:&quot;0&quot;}\" data-image-title=\"Elbsandsteingebirge-2440\" data-image-description=\"\" data-image-caption=\"\" data-large-file=\"https:\/\/i0.wp.com\/www.light-style.eu\/Blog\/wp-content\/uploads\/2021\/10\/Elbsandsteingebirge-2440.jpg?fit=800%2C1200&amp;ssl=1\" role=\"button\" tabindex=\"0\" aria-label=\"Bild\u00a043 von 73 im Vollbildmodus \u00f6ffnen\"srcset=\"https:\/\/i2.wp.com\/www.light-style.eu\/Blog\/wp-content\/uploads\/2021\/10\/Elbsandsteingebirge-2440.jpg?strip=info&#038;w=600&#038;ssl=1 600w,https:\/\/i2.wp.com\/www.light-style.eu\/Blog\/wp-content\/uploads\/2021\/10\/Elbsandsteingebirge-2440.jpg?strip=info&#038;w=800&#038;ssl=1 800w\" alt=\"\" data-height=\"1200\" data-id=\"6239\" data-link=\"https:\/\/www.light-style.eu\/Blog\/?attachment_id=6239\" data-url=\"https:\/\/www.light-style.eu\/Blog\/wp-content\/uploads\/2021\/10\/Elbsandsteingebirge-2440.jpg\" data-width=\"800\" src=\"https:\/\/i2.wp.com\/www.light-style.eu\/Blog\/wp-content\/uploads\/2021\/10\/Elbsandsteingebirge-2440.jpg?ssl=1\" data-amp-layout=\"responsive\"\/><\/figure><\/div><\/div><div class=\"tiled-gallery__row\"><div class=\"tiled-gallery__col\" style=\"flex-basis:23.56312%\"><figure class=\"tiled-gallery__item\"><img decoding=\"async\" data-attachment-id=\"6240\" data-permalink=\"https:\/\/www.light-style.eu\/Blog\/so-schoen-ist-deutschland\/elbsandsteingebirge-2508-1\/#main\" data-orig-file=\"https:\/\/i0.wp.com\/www.light-style.eu\/Blog\/wp-content\/uploads\/2021\/10\/Elbsandsteingebirge-2508-1.jpg?fit=800%2C1200&amp;ssl=1\" data-orig-size=\"800,1200\" data-comments-opened=\"1\" data-image-meta=\"{&quot;aperture&quot;:&quot;0&quot;,&quot;credit&quot;:&quot;Fotostudio Light-Style\\rAndi Moel&quot;,&quot;camera&quot;:&quot;&quot;,&quot;caption&quot;:&quot;&quot;,&quot;created_timestamp&quot;:&quot;0&quot;,&quot;copyright&quot;:&quot;www.light-style.eu&quot;,&quot;focal_length&quot;:&quot;0&quot;,&quot;iso&quot;:&quot;0&quot;,&quot;shutter_speed&quot;:&quot;0&quot;,&quot;title&quot;:&quot;&quot;,&quot;orientation&quot;:&quot;0&quot;}\" data-image-title=\"Elbsandsteingebirge-2508-1\" data-image-description=\"\" data-image-caption=\"\" data-large-file=\"https:\/\/i0.wp.com\/www.light-style.eu\/Blog\/wp-content\/uploads\/2021\/10\/Elbsandsteingebirge-2508-1.jpg?fit=800%2C1200&amp;ssl=1\" data-attachment-id=\"6240\" data-permalink=\"https:\/\/www.light-style.eu\/Blog\/so-schoen-ist-deutschland\/elbsandsteingebirge-2508-1\/#main\" data-orig-file=\"https:\/\/i0.wp.com\/www.light-style.eu\/Blog\/wp-content\/uploads\/2021\/10\/Elbsandsteingebirge-2508-1.jpg?fit=800%2C1200&amp;ssl=1\" data-orig-size=\"800,1200\" data-comments-opened=\"1\" data-image-meta=\"{&quot;aperture&quot;:&quot;0&quot;,&quot;credit&quot;:&quot;Fotostudio Light-Style\\rAndi Moel&quot;,&quot;camera&quot;:&quot;&quot;,&quot;caption&quot;:&quot;&quot;,&quot;created_timestamp&quot;:&quot;0&quot;,&quot;copyright&quot;:&quot;www.light-style.eu&quot;,&quot;focal_length&quot;:&quot;0&quot;,&quot;iso&quot;:&quot;0&quot;,&quot;shutter_speed&quot;:&quot;0&quot;,&quot;title&quot;:&quot;&quot;,&quot;orientation&quot;:&quot;0&quot;}\" data-image-title=\"Elbsandsteingebirge-2508-1\" data-image-description=\"\" data-image-caption=\"\" data-large-file=\"https:\/\/i0.wp.com\/www.light-style.eu\/Blog\/wp-content\/uploads\/2021\/10\/Elbsandsteingebirge-2508-1.jpg?fit=800%2C1200&amp;ssl=1\" role=\"button\" tabindex=\"0\" aria-label=\"Bild\u00a044 von 73 im Vollbildmodus \u00f6ffnen\"srcset=\"https:\/\/i2.wp.com\/www.light-style.eu\/Blog\/wp-content\/uploads\/2021\/10\/Elbsandsteingebirge-2508-1.jpg?strip=info&#038;w=600&#038;ssl=1 600w,https:\/\/i2.wp.com\/www.light-style.eu\/Blog\/wp-content\/uploads\/2021\/10\/Elbsandsteingebirge-2508-1.jpg?strip=info&#038;w=800&#038;ssl=1 800w\" alt=\"\" data-height=\"1200\" data-id=\"6240\" data-link=\"https:\/\/www.light-style.eu\/Blog\/?attachment_id=6240\" data-url=\"https:\/\/www.light-style.eu\/Blog\/wp-content\/uploads\/2021\/10\/Elbsandsteingebirge-2508-1.jpg\" data-width=\"800\" src=\"https:\/\/i2.wp.com\/www.light-style.eu\/Blog\/wp-content\/uploads\/2021\/10\/Elbsandsteingebirge-2508-1.jpg?ssl=1\" data-amp-layout=\"responsive\"\/><\/figure><\/div><div class=\"tiled-gallery__col\" style=\"flex-basis:52.87375%\"><figure class=\"tiled-gallery__item\"><img decoding=\"async\" data-attachment-id=\"6241\" data-permalink=\"https:\/\/www.light-style.eu\/Blog\/so-schoen-ist-deutschland\/elbsandsteingebirge-2536-1\/#main\" data-orig-file=\"https:\/\/i0.wp.com\/www.light-style.eu\/Blog\/wp-content\/uploads\/2021\/10\/Elbsandsteingebirge-2536-1.jpg?fit=1200%2C800&amp;ssl=1\" data-orig-size=\"1200,800\" data-comments-opened=\"1\" data-image-meta=\"{&quot;aperture&quot;:&quot;0&quot;,&quot;credit&quot;:&quot;Fotostudio Light-Style\\rAndi Moel&quot;,&quot;camera&quot;:&quot;&quot;,&quot;caption&quot;:&quot;&quot;,&quot;created_timestamp&quot;:&quot;0&quot;,&quot;copyright&quot;:&quot;www.light-style.eu&quot;,&quot;focal_length&quot;:&quot;0&quot;,&quot;iso&quot;:&quot;0&quot;,&quot;shutter_speed&quot;:&quot;0&quot;,&quot;title&quot;:&quot;&quot;,&quot;orientation&quot;:&quot;0&quot;}\" data-image-title=\"Elbsandsteingebirge-2536-1\" data-image-description=\"\" data-image-caption=\"\" data-large-file=\"https:\/\/i0.wp.com\/www.light-style.eu\/Blog\/wp-content\/uploads\/2021\/10\/Elbsandsteingebirge-2536-1.jpg?fit=1170%2C780&amp;ssl=1\" data-attachment-id=\"6241\" data-permalink=\"https:\/\/www.light-style.eu\/Blog\/so-schoen-ist-deutschland\/elbsandsteingebirge-2536-1\/#main\" data-orig-file=\"https:\/\/i0.wp.com\/www.light-style.eu\/Blog\/wp-content\/uploads\/2021\/10\/Elbsandsteingebirge-2536-1.jpg?fit=1200%2C800&amp;ssl=1\" data-orig-size=\"1200,800\" data-comments-opened=\"1\" data-image-meta=\"{&quot;aperture&quot;:&quot;0&quot;,&quot;credit&quot;:&quot;Fotostudio Light-Style\\rAndi Moel&quot;,&quot;camera&quot;:&quot;&quot;,&quot;caption&quot;:&quot;&quot;,&quot;created_timestamp&quot;:&quot;0&quot;,&quot;copyright&quot;:&quot;www.light-style.eu&quot;,&quot;focal_length&quot;:&quot;0&quot;,&quot;iso&quot;:&quot;0&quot;,&quot;shutter_speed&quot;:&quot;0&quot;,&quot;title&quot;:&quot;&quot;,&quot;orientation&quot;:&quot;0&quot;}\" data-image-title=\"Elbsandsteingebirge-2536-1\" data-image-description=\"\" data-image-caption=\"\" data-large-file=\"https:\/\/i0.wp.com\/www.light-style.eu\/Blog\/wp-content\/uploads\/2021\/10\/Elbsandsteingebirge-2536-1.jpg?fit=1170%2C780&amp;ssl=1\" role=\"button\" tabindex=\"0\" aria-label=\"Bild\u00a045 von 73 im Vollbildmodus \u00f6ffnen\"srcset=\"https:\/\/i1.wp.com\/www.light-style.eu\/Blog\/wp-content\/uploads\/2021\/10\/Elbsandsteingebirge-2536-1.jpg?strip=info&#038;w=600&#038;ssl=1 600w,https:\/\/i1.wp.com\/www.light-style.eu\/Blog\/wp-content\/uploads\/2021\/10\/Elbsandsteingebirge-2536-1.jpg?strip=info&#038;w=900&#038;ssl=1 900w,https:\/\/i1.wp.com\/www.light-style.eu\/Blog\/wp-content\/uploads\/2021\/10\/Elbsandsteingebirge-2536-1.jpg?strip=info&#038;w=1200&#038;ssl=1 1200w\" alt=\"\" data-height=\"800\" data-id=\"6241\" data-link=\"https:\/\/www.light-style.eu\/Blog\/?attachment_id=6241\" data-url=\"https:\/\/www.light-style.eu\/Blog\/wp-content\/uploads\/2021\/10\/Elbsandsteingebirge-2536-1.jpg\" data-width=\"1200\" src=\"https:\/\/i1.wp.com\/www.light-style.eu\/Blog\/wp-content\/uploads\/2021\/10\/Elbsandsteingebirge-2536-1.jpg?ssl=1\" data-amp-layout=\"responsive\"\/><\/figure><\/div><div class=\"tiled-gallery__col\" style=\"flex-basis:23.56312%\"><figure class=\"tiled-gallery__item\"><img decoding=\"async\" data-attachment-id=\"6242\" data-permalink=\"https:\/\/www.light-style.eu\/Blog\/so-schoen-ist-deutschland\/elbsandsteingebirge-2546-1\/#main\" data-orig-file=\"https:\/\/i0.wp.com\/www.light-style.eu\/Blog\/wp-content\/uploads\/2021\/10\/Elbsandsteingebirge-2546-1.jpg?fit=800%2C1200&amp;ssl=1\" data-orig-size=\"800,1200\" data-comments-opened=\"1\" data-image-meta=\"{&quot;aperture&quot;:&quot;0&quot;,&quot;credit&quot;:&quot;Fotostudio Light-Style\\rAndi Moel&quot;,&quot;camera&quot;:&quot;&quot;,&quot;caption&quot;:&quot;&quot;,&quot;created_timestamp&quot;:&quot;0&quot;,&quot;copyright&quot;:&quot;www.light-style.eu&quot;,&quot;focal_length&quot;:&quot;0&quot;,&quot;iso&quot;:&quot;0&quot;,&quot;shutter_speed&quot;:&quot;0&quot;,&quot;title&quot;:&quot;&quot;,&quot;orientation&quot;:&quot;0&quot;}\" data-image-title=\"Elbsandsteingebirge-2546-1\" data-image-description=\"\" data-image-caption=\"\" data-large-file=\"https:\/\/i0.wp.com\/www.light-style.eu\/Blog\/wp-content\/uploads\/2021\/10\/Elbsandsteingebirge-2546-1.jpg?fit=800%2C1200&amp;ssl=1\" data-attachment-id=\"6242\" data-permalink=\"https:\/\/www.light-style.eu\/Blog\/so-schoen-ist-deutschland\/elbsandsteingebirge-2546-1\/#main\" data-orig-file=\"https:\/\/i0.wp.com\/www.light-style.eu\/Blog\/wp-content\/uploads\/2021\/10\/Elbsandsteingebirge-2546-1.jpg?fit=800%2C1200&amp;ssl=1\" data-orig-size=\"800,1200\" data-comments-opened=\"1\" data-image-meta=\"{&quot;aperture&quot;:&quot;0&quot;,&quot;credit&quot;:&quot;Fotostudio Light-Style\\rAndi Moel&quot;,&quot;camera&quot;:&quot;&quot;,&quot;caption&quot;:&quot;&quot;,&quot;created_timestamp&quot;:&quot;0&quot;,&quot;copyright&quot;:&quot;www.light-style.eu&quot;,&quot;focal_length&quot;:&quot;0&quot;,&quot;iso&quot;:&quot;0&quot;,&quot;shutter_speed&quot;:&quot;0&quot;,&quot;title&quot;:&quot;&quot;,&quot;orientation&quot;:&quot;0&quot;}\" data-image-title=\"Elbsandsteingebirge-2546-1\" data-image-description=\"\" data-image-caption=\"\" data-large-file=\"https:\/\/i0.wp.com\/www.light-style.eu\/Blog\/wp-content\/uploads\/2021\/10\/Elbsandsteingebirge-2546-1.jpg?fit=800%2C1200&amp;ssl=1\" role=\"button\" tabindex=\"0\" aria-label=\"Bild\u00a046 von 73 im Vollbildmodus \u00f6ffnen\"srcset=\"https:\/\/i0.wp.com\/www.light-style.eu\/Blog\/wp-content\/uploads\/2021\/10\/Elbsandsteingebirge-2546-1.jpg?strip=info&#038;w=600&#038;ssl=1 600w,https:\/\/i0.wp.com\/www.light-style.eu\/Blog\/wp-content\/uploads\/2021\/10\/Elbsandsteingebirge-2546-1.jpg?strip=info&#038;w=800&#038;ssl=1 800w\" alt=\"\" data-height=\"1200\" data-id=\"6242\" data-link=\"https:\/\/www.light-style.eu\/Blog\/?attachment_id=6242\" data-url=\"https:\/\/www.light-style.eu\/Blog\/wp-content\/uploads\/2021\/10\/Elbsandsteingebirge-2546-1.jpg\" data-width=\"800\" src=\"https:\/\/i0.wp.com\/www.light-style.eu\/Blog\/wp-content\/uploads\/2021\/10\/Elbsandsteingebirge-2546-1.jpg?ssl=1\" data-amp-layout=\"responsive\"\/><\/figure><\/div><\/div><div class=\"tiled-gallery__row\"><div class=\"tiled-gallery__col\" style=\"flex-basis:42.63429%\"><figure class=\"tiled-gallery__item\"><img decoding=\"async\" data-attachment-id=\"6243\" data-permalink=\"https:\/\/www.light-style.eu\/Blog\/so-schoen-ist-deutschland\/elbsandsteingebirge-2589-1\/#main\" data-orig-file=\"https:\/\/i0.wp.com\/www.light-style.eu\/Blog\/wp-content\/uploads\/2021\/10\/Elbsandsteingebirge-2589-1.jpg?fit=1200%2C800&amp;ssl=1\" data-orig-size=\"1200,800\" data-comments-opened=\"1\" data-image-meta=\"{&quot;aperture&quot;:&quot;0&quot;,&quot;credit&quot;:&quot;Fotostudio Light-Style\\rAndi Moel&quot;,&quot;camera&quot;:&quot;&quot;,&quot;caption&quot;:&quot;&quot;,&quot;created_timestamp&quot;:&quot;0&quot;,&quot;copyright&quot;:&quot;www.light-style.eu&quot;,&quot;focal_length&quot;:&quot;0&quot;,&quot;iso&quot;:&quot;0&quot;,&quot;shutter_speed&quot;:&quot;0&quot;,&quot;title&quot;:&quot;&quot;,&quot;orientation&quot;:&quot;0&quot;}\" data-image-title=\"Elbsandsteingebirge-2589-1\" data-image-description=\"\" data-image-caption=\"\" data-large-file=\"https:\/\/i0.wp.com\/www.light-style.eu\/Blog\/wp-content\/uploads\/2021\/10\/Elbsandsteingebirge-2589-1.jpg?fit=1170%2C780&amp;ssl=1\" data-attachment-id=\"6243\" data-permalink=\"https:\/\/www.light-style.eu\/Blog\/so-schoen-ist-deutschland\/elbsandsteingebirge-2589-1\/#main\" data-orig-file=\"https:\/\/i0.wp.com\/www.light-style.eu\/Blog\/wp-content\/uploads\/2021\/10\/Elbsandsteingebirge-2589-1.jpg?fit=1200%2C800&amp;ssl=1\" data-orig-size=\"1200,800\" data-comments-opened=\"1\" data-image-meta=\"{&quot;aperture&quot;:&quot;0&quot;,&quot;credit&quot;:&quot;Fotostudio Light-Style\\rAndi Moel&quot;,&quot;camera&quot;:&quot;&quot;,&quot;caption&quot;:&quot;&quot;,&quot;created_timestamp&quot;:&quot;0&quot;,&quot;copyright&quot;:&quot;www.light-style.eu&quot;,&quot;focal_length&quot;:&quot;0&quot;,&quot;iso&quot;:&quot;0&quot;,&quot;shutter_speed&quot;:&quot;0&quot;,&quot;title&quot;:&quot;&quot;,&quot;orientation&quot;:&quot;0&quot;}\" data-image-title=\"Elbsandsteingebirge-2589-1\" data-image-description=\"\" data-image-caption=\"\" data-large-file=\"https:\/\/i0.wp.com\/www.light-style.eu\/Blog\/wp-content\/uploads\/2021\/10\/Elbsandsteingebirge-2589-1.jpg?fit=1170%2C780&amp;ssl=1\" role=\"button\" tabindex=\"0\" aria-label=\"Bild\u00a047 von 73 im Vollbildmodus \u00f6ffnen\"srcset=\"https:\/\/i2.wp.com\/www.light-style.eu\/Blog\/wp-content\/uploads\/2021\/10\/Elbsandsteingebirge-2589-1.jpg?strip=info&#038;w=600&#038;ssl=1 600w,https:\/\/i2.wp.com\/www.light-style.eu\/Blog\/wp-content\/uploads\/2021\/10\/Elbsandsteingebirge-2589-1.jpg?strip=info&#038;w=900&#038;ssl=1 900w,https:\/\/i2.wp.com\/www.light-style.eu\/Blog\/wp-content\/uploads\/2021\/10\/Elbsandsteingebirge-2589-1.jpg?strip=info&#038;w=1200&#038;ssl=1 1200w\" alt=\"\" data-height=\"800\" data-id=\"6243\" data-link=\"https:\/\/www.light-style.eu\/Blog\/?attachment_id=6243\" data-url=\"https:\/\/www.light-style.eu\/Blog\/wp-content\/uploads\/2021\/10\/Elbsandsteingebirge-2589-1.jpg\" data-width=\"1200\" src=\"https:\/\/i2.wp.com\/www.light-style.eu\/Blog\/wp-content\/uploads\/2021\/10\/Elbsandsteingebirge-2589-1.jpg?ssl=1\" data-amp-layout=\"responsive\"\/><\/figure><figure class=\"tiled-gallery__item\"><img decoding=\"async\" data-attachment-id=\"6244\" data-permalink=\"https:\/\/www.light-style.eu\/Blog\/so-schoen-ist-deutschland\/elbsandsteingebirge-2645\/#main\" data-orig-file=\"https:\/\/i0.wp.com\/www.light-style.eu\/Blog\/wp-content\/uploads\/2021\/10\/Elbsandsteingebirge-2645.jpg?fit=1200%2C800&amp;ssl=1\" data-orig-size=\"1200,800\" data-comments-opened=\"1\" data-image-meta=\"{&quot;aperture&quot;:&quot;0&quot;,&quot;credit&quot;:&quot;Fotostudio Light-Style\\rAndi Moel&quot;,&quot;camera&quot;:&quot;&quot;,&quot;caption&quot;:&quot;&quot;,&quot;created_timestamp&quot;:&quot;0&quot;,&quot;copyright&quot;:&quot;www.light-style.eu&quot;,&quot;focal_length&quot;:&quot;0&quot;,&quot;iso&quot;:&quot;0&quot;,&quot;shutter_speed&quot;:&quot;0&quot;,&quot;title&quot;:&quot;&quot;,&quot;orientation&quot;:&quot;0&quot;}\" data-image-title=\"Elbsandsteingebirge-2645\" data-image-description=\"\" data-image-caption=\"\" data-large-file=\"https:\/\/i0.wp.com\/www.light-style.eu\/Blog\/wp-content\/uploads\/2021\/10\/Elbsandsteingebirge-2645.jpg?fit=1170%2C780&amp;ssl=1\" data-attachment-id=\"6244\" data-permalink=\"https:\/\/www.light-style.eu\/Blog\/so-schoen-ist-deutschland\/elbsandsteingebirge-2645\/#main\" data-orig-file=\"https:\/\/i0.wp.com\/www.light-style.eu\/Blog\/wp-content\/uploads\/2021\/10\/Elbsandsteingebirge-2645.jpg?fit=1200%2C800&amp;ssl=1\" data-orig-size=\"1200,800\" data-comments-opened=\"1\" data-image-meta=\"{&quot;aperture&quot;:&quot;0&quot;,&quot;credit&quot;:&quot;Fotostudio Light-Style\\rAndi Moel&quot;,&quot;camera&quot;:&quot;&quot;,&quot;caption&quot;:&quot;&quot;,&quot;created_timestamp&quot;:&quot;0&quot;,&quot;copyright&quot;:&quot;www.light-style.eu&quot;,&quot;focal_length&quot;:&quot;0&quot;,&quot;iso&quot;:&quot;0&quot;,&quot;shutter_speed&quot;:&quot;0&quot;,&quot;title&quot;:&quot;&quot;,&quot;orientation&quot;:&quot;0&quot;}\" data-image-title=\"Elbsandsteingebirge-2645\" data-image-description=\"\" data-image-caption=\"\" data-large-file=\"https:\/\/i0.wp.com\/www.light-style.eu\/Blog\/wp-content\/uploads\/2021\/10\/Elbsandsteingebirge-2645.jpg?fit=1170%2C780&amp;ssl=1\" role=\"button\" tabindex=\"0\" aria-label=\"Bild\u00a048 von 73 im Vollbildmodus \u00f6ffnen\"srcset=\"https:\/\/i0.wp.com\/www.light-style.eu\/Blog\/wp-content\/uploads\/2021\/10\/Elbsandsteingebirge-2645.jpg?strip=info&#038;w=600&#038;ssl=1 600w,https:\/\/i0.wp.com\/www.light-style.eu\/Blog\/wp-content\/uploads\/2021\/10\/Elbsandsteingebirge-2645.jpg?strip=info&#038;w=900&#038;ssl=1 900w,https:\/\/i0.wp.com\/www.light-style.eu\/Blog\/wp-content\/uploads\/2021\/10\/Elbsandsteingebirge-2645.jpg?strip=info&#038;w=1200&#038;ssl=1 1200w\" alt=\"\" data-height=\"800\" data-id=\"6244\" data-link=\"https:\/\/www.light-style.eu\/Blog\/?attachment_id=6244\" data-url=\"https:\/\/www.light-style.eu\/Blog\/wp-content\/uploads\/2021\/10\/Elbsandsteingebirge-2645.jpg\" data-width=\"1200\" src=\"https:\/\/i0.wp.com\/www.light-style.eu\/Blog\/wp-content\/uploads\/2021\/10\/Elbsandsteingebirge-2645.jpg?ssl=1\" data-amp-layout=\"responsive\"\/><\/figure><figure class=\"tiled-gallery__item\"><img decoding=\"async\" data-attachment-id=\"6245\" data-permalink=\"https:\/\/www.light-style.eu\/Blog\/so-schoen-ist-deutschland\/elbsandsteingebirge-3709-1\/#main\" data-orig-file=\"https:\/\/i0.wp.com\/www.light-style.eu\/Blog\/wp-content\/uploads\/2021\/10\/Elbsandsteingebirge-3709-1.jpg?fit=1200%2C800&amp;ssl=1\" data-orig-size=\"1200,800\" data-comments-opened=\"1\" data-image-meta=\"{&quot;aperture&quot;:&quot;0&quot;,&quot;credit&quot;:&quot;Fotostudio Light-Style\\rAndi Moel&quot;,&quot;camera&quot;:&quot;&quot;,&quot;caption&quot;:&quot;&quot;,&quot;created_timestamp&quot;:&quot;0&quot;,&quot;copyright&quot;:&quot;www.light-style.eu&quot;,&quot;focal_length&quot;:&quot;0&quot;,&quot;iso&quot;:&quot;0&quot;,&quot;shutter_speed&quot;:&quot;0&quot;,&quot;title&quot;:&quot;&quot;,&quot;orientation&quot;:&quot;0&quot;}\" data-image-title=\"Elbsandsteingebirge-3709-1\" data-image-description=\"\" data-image-caption=\"\" data-large-file=\"https:\/\/i0.wp.com\/www.light-style.eu\/Blog\/wp-content\/uploads\/2021\/10\/Elbsandsteingebirge-3709-1.jpg?fit=1170%2C780&amp;ssl=1\" data-attachment-id=\"6245\" data-permalink=\"https:\/\/www.light-style.eu\/Blog\/so-schoen-ist-deutschland\/elbsandsteingebirge-3709-1\/#main\" data-orig-file=\"https:\/\/i0.wp.com\/www.light-style.eu\/Blog\/wp-content\/uploads\/2021\/10\/Elbsandsteingebirge-3709-1.jpg?fit=1200%2C800&amp;ssl=1\" data-orig-size=\"1200,800\" data-comments-opened=\"1\" data-image-meta=\"{&quot;aperture&quot;:&quot;0&quot;,&quot;credit&quot;:&quot;Fotostudio Light-Style\\rAndi Moel&quot;,&quot;camera&quot;:&quot;&quot;,&quot;caption&quot;:&quot;&quot;,&quot;created_timestamp&quot;:&quot;0&quot;,&quot;copyright&quot;:&quot;www.light-style.eu&quot;,&quot;focal_length&quot;:&quot;0&quot;,&quot;iso&quot;:&quot;0&quot;,&quot;shutter_speed&quot;:&quot;0&quot;,&quot;title&quot;:&quot;&quot;,&quot;orientation&quot;:&quot;0&quot;}\" data-image-title=\"Elbsandsteingebirge-3709-1\" data-image-description=\"\" data-image-caption=\"\" data-large-file=\"https:\/\/i0.wp.com\/www.light-style.eu\/Blog\/wp-content\/uploads\/2021\/10\/Elbsandsteingebirge-3709-1.jpg?fit=1170%2C780&amp;ssl=1\" role=\"button\" tabindex=\"0\" aria-label=\"Bild\u00a049 von 73 im Vollbildmodus \u00f6ffnen\"srcset=\"https:\/\/i2.wp.com\/www.light-style.eu\/Blog\/wp-content\/uploads\/2021\/10\/Elbsandsteingebirge-3709-1.jpg?strip=info&#038;w=600&#038;ssl=1 600w,https:\/\/i2.wp.com\/www.light-style.eu\/Blog\/wp-content\/uploads\/2021\/10\/Elbsandsteingebirge-3709-1.jpg?strip=info&#038;w=900&#038;ssl=1 900w,https:\/\/i2.wp.com\/www.light-style.eu\/Blog\/wp-content\/uploads\/2021\/10\/Elbsandsteingebirge-3709-1.jpg?strip=info&#038;w=1200&#038;ssl=1 1200w\" alt=\"\" data-height=\"800\" data-id=\"6245\" data-link=\"https:\/\/www.light-style.eu\/Blog\/?attachment_id=6245\" data-url=\"https:\/\/www.light-style.eu\/Blog\/wp-content\/uploads\/2021\/10\/Elbsandsteingebirge-3709-1.jpg\" data-width=\"1200\" src=\"https:\/\/i2.wp.com\/www.light-style.eu\/Blog\/wp-content\/uploads\/2021\/10\/Elbsandsteingebirge-3709-1.jpg?ssl=1\" data-amp-layout=\"responsive\"\/><\/figure><\/div><div class=\"tiled-gallery__col\" style=\"flex-basis:57.36571%\"><figure class=\"tiled-gallery__item\"><img decoding=\"async\" data-attachment-id=\"6246\" data-permalink=\"https:\/\/www.light-style.eu\/Blog\/so-schoen-ist-deutschland\/elbsandsteingebirge-3724\/#main\" data-orig-file=\"https:\/\/i0.wp.com\/www.light-style.eu\/Blog\/wp-content\/uploads\/2021\/10\/Elbsandsteingebirge-3724.jpg?fit=800%2C1200&amp;ssl=1\" data-orig-size=\"800,1200\" data-comments-opened=\"1\" data-image-meta=\"{&quot;aperture&quot;:&quot;0&quot;,&quot;credit&quot;:&quot;Fotostudio Light-Style\\rAndi Moel&quot;,&quot;camera&quot;:&quot;&quot;,&quot;caption&quot;:&quot;&quot;,&quot;created_timestamp&quot;:&quot;0&quot;,&quot;copyright&quot;:&quot;www.light-style.eu&quot;,&quot;focal_length&quot;:&quot;0&quot;,&quot;iso&quot;:&quot;0&quot;,&quot;shutter_speed&quot;:&quot;0&quot;,&quot;title&quot;:&quot;&quot;,&quot;orientation&quot;:&quot;0&quot;}\" data-image-title=\"Elbsandsteingebirge-3724\" data-image-description=\"\" data-image-caption=\"\" data-large-file=\"https:\/\/i0.wp.com\/www.light-style.eu\/Blog\/wp-content\/uploads\/2021\/10\/Elbsandsteingebirge-3724.jpg?fit=800%2C1200&amp;ssl=1\" data-attachment-id=\"6246\" data-permalink=\"https:\/\/www.light-style.eu\/Blog\/so-schoen-ist-deutschland\/elbsandsteingebirge-3724\/#main\" data-orig-file=\"https:\/\/i0.wp.com\/www.light-style.eu\/Blog\/wp-content\/uploads\/2021\/10\/Elbsandsteingebirge-3724.jpg?fit=800%2C1200&amp;ssl=1\" data-orig-size=\"800,1200\" data-comments-opened=\"1\" data-image-meta=\"{&quot;aperture&quot;:&quot;0&quot;,&quot;credit&quot;:&quot;Fotostudio Light-Style\\rAndi Moel&quot;,&quot;camera&quot;:&quot;&quot;,&quot;caption&quot;:&quot;&quot;,&quot;created_timestamp&quot;:&quot;0&quot;,&quot;copyright&quot;:&quot;www.light-style.eu&quot;,&quot;focal_length&quot;:&quot;0&quot;,&quot;iso&quot;:&quot;0&quot;,&quot;shutter_speed&quot;:&quot;0&quot;,&quot;title&quot;:&quot;&quot;,&quot;orientation&quot;:&quot;0&quot;}\" data-image-title=\"Elbsandsteingebirge-3724\" data-image-description=\"\" data-image-caption=\"\" data-large-file=\"https:\/\/i0.wp.com\/www.light-style.eu\/Blog\/wp-content\/uploads\/2021\/10\/Elbsandsteingebirge-3724.jpg?fit=800%2C1200&amp;ssl=1\" role=\"button\" tabindex=\"0\" aria-label=\"Bild\u00a050 von 73 im Vollbildmodus \u00f6ffnen\"srcset=\"https:\/\/i2.wp.com\/www.light-style.eu\/Blog\/wp-content\/uploads\/2021\/10\/Elbsandsteingebirge-3724.jpg?strip=info&#038;w=600&#038;ssl=1 600w,https:\/\/i2.wp.com\/www.light-style.eu\/Blog\/wp-content\/uploads\/2021\/10\/Elbsandsteingebirge-3724.jpg?strip=info&#038;w=800&#038;ssl=1 800w\" alt=\"\" data-height=\"1200\" data-id=\"6246\" data-link=\"https:\/\/www.light-style.eu\/Blog\/?attachment_id=6246\" data-url=\"https:\/\/www.light-style.eu\/Blog\/wp-content\/uploads\/2021\/10\/Elbsandsteingebirge-3724.jpg\" data-width=\"800\" src=\"https:\/\/i2.wp.com\/www.light-style.eu\/Blog\/wp-content\/uploads\/2021\/10\/Elbsandsteingebirge-3724.jpg?ssl=1\" data-amp-layout=\"responsive\"\/><\/figure><\/div><\/div><div class=\"tiled-gallery__row\"><div class=\"tiled-gallery__col\" style=\"flex-basis:19.07303%\"><figure class=\"tiled-gallery__item\"><img decoding=\"async\" data-attachment-id=\"6247\" data-permalink=\"https:\/\/www.light-style.eu\/Blog\/so-schoen-ist-deutschland\/elbsandsteingebirge-3729-1\/#main\" data-orig-file=\"https:\/\/i0.wp.com\/www.light-style.eu\/Blog\/wp-content\/uploads\/2021\/10\/Elbsandsteingebirge-3729-1.jpg?fit=800%2C1200&amp;ssl=1\" data-orig-size=\"800,1200\" data-comments-opened=\"1\" data-image-meta=\"{&quot;aperture&quot;:&quot;0&quot;,&quot;credit&quot;:&quot;Fotostudio Light-Style\\rAndi Moel&quot;,&quot;camera&quot;:&quot;&quot;,&quot;caption&quot;:&quot;&quot;,&quot;created_timestamp&quot;:&quot;0&quot;,&quot;copyright&quot;:&quot;www.light-style.eu&quot;,&quot;focal_length&quot;:&quot;0&quot;,&quot;iso&quot;:&quot;0&quot;,&quot;shutter_speed&quot;:&quot;0&quot;,&quot;title&quot;:&quot;&quot;,&quot;orientation&quot;:&quot;0&quot;}\" data-image-title=\"Elbsandsteingebirge-3729-1\" data-image-description=\"\" data-image-caption=\"\" data-large-file=\"https:\/\/i0.wp.com\/www.light-style.eu\/Blog\/wp-content\/uploads\/2021\/10\/Elbsandsteingebirge-3729-1.jpg?fit=800%2C1200&amp;ssl=1\" data-attachment-id=\"6247\" data-permalink=\"https:\/\/www.light-style.eu\/Blog\/so-schoen-ist-deutschland\/elbsandsteingebirge-3729-1\/#main\" data-orig-file=\"https:\/\/i0.wp.com\/www.light-style.eu\/Blog\/wp-content\/uploads\/2021\/10\/Elbsandsteingebirge-3729-1.jpg?fit=800%2C1200&amp;ssl=1\" data-orig-size=\"800,1200\" data-comments-opened=\"1\" data-image-meta=\"{&quot;aperture&quot;:&quot;0&quot;,&quot;credit&quot;:&quot;Fotostudio Light-Style\\rAndi Moel&quot;,&quot;camera&quot;:&quot;&quot;,&quot;caption&quot;:&quot;&quot;,&quot;created_timestamp&quot;:&quot;0&quot;,&quot;copyright&quot;:&quot;www.light-style.eu&quot;,&quot;focal_length&quot;:&quot;0&quot;,&quot;iso&quot;:&quot;0&quot;,&quot;shutter_speed&quot;:&quot;0&quot;,&quot;title&quot;:&quot;&quot;,&quot;orientation&quot;:&quot;0&quot;}\" data-image-title=\"Elbsandsteingebirge-3729-1\" data-image-description=\"\" data-image-caption=\"\" data-large-file=\"https:\/\/i0.wp.com\/www.light-style.eu\/Blog\/wp-content\/uploads\/2021\/10\/Elbsandsteingebirge-3729-1.jpg?fit=800%2C1200&amp;ssl=1\" role=\"button\" tabindex=\"0\" aria-label=\"Bild\u00a051 von 73 im Vollbildmodus \u00f6ffnen\"srcset=\"https:\/\/i0.wp.com\/www.light-style.eu\/Blog\/wp-content\/uploads\/2021\/10\/Elbsandsteingebirge-3729-1.jpg?strip=info&#038;w=600&#038;ssl=1 600w,https:\/\/i0.wp.com\/www.light-style.eu\/Blog\/wp-content\/uploads\/2021\/10\/Elbsandsteingebirge-3729-1.jpg?strip=info&#038;w=800&#038;ssl=1 800w\" alt=\"\" data-height=\"1200\" data-id=\"6247\" data-link=\"https:\/\/www.light-style.eu\/Blog\/?attachment_id=6247\" data-url=\"https:\/\/www.light-style.eu\/Blog\/wp-content\/uploads\/2021\/10\/Elbsandsteingebirge-3729-1.jpg\" data-width=\"800\" src=\"https:\/\/i0.wp.com\/www.light-style.eu\/Blog\/wp-content\/uploads\/2021\/10\/Elbsandsteingebirge-3729-1.jpg?ssl=1\" data-amp-layout=\"responsive\"\/><\/figure><\/div><div class=\"tiled-gallery__col\" style=\"flex-basis:19.07303%\"><figure class=\"tiled-gallery__item\"><img decoding=\"async\" data-attachment-id=\"6248\" data-permalink=\"https:\/\/www.light-style.eu\/Blog\/so-schoen-ist-deutschland\/elbsandsteingebirge-3754\/#main\" data-orig-file=\"https:\/\/i0.wp.com\/www.light-style.eu\/Blog\/wp-content\/uploads\/2021\/10\/Elbsandsteingebirge-3754.jpg?fit=800%2C1200&amp;ssl=1\" data-orig-size=\"800,1200\" data-comments-opened=\"1\" data-image-meta=\"{&quot;aperture&quot;:&quot;0&quot;,&quot;credit&quot;:&quot;Fotostudio Light-Style\\rAndi Moel&quot;,&quot;camera&quot;:&quot;&quot;,&quot;caption&quot;:&quot;&quot;,&quot;created_timestamp&quot;:&quot;0&quot;,&quot;copyright&quot;:&quot;www.light-style.eu&quot;,&quot;focal_length&quot;:&quot;0&quot;,&quot;iso&quot;:&quot;0&quot;,&quot;shutter_speed&quot;:&quot;0&quot;,&quot;title&quot;:&quot;&quot;,&quot;orientation&quot;:&quot;0&quot;}\" data-image-title=\"Elbsandsteingebirge-3754\" data-image-description=\"\" data-image-caption=\"\" data-large-file=\"https:\/\/i0.wp.com\/www.light-style.eu\/Blog\/wp-content\/uploads\/2021\/10\/Elbsandsteingebirge-3754.jpg?fit=800%2C1200&amp;ssl=1\" data-attachment-id=\"6248\" data-permalink=\"https:\/\/www.light-style.eu\/Blog\/so-schoen-ist-deutschland\/elbsandsteingebirge-3754\/#main\" data-orig-file=\"https:\/\/i0.wp.com\/www.light-style.eu\/Blog\/wp-content\/uploads\/2021\/10\/Elbsandsteingebirge-3754.jpg?fit=800%2C1200&amp;ssl=1\" data-orig-size=\"800,1200\" data-comments-opened=\"1\" data-image-meta=\"{&quot;aperture&quot;:&quot;0&quot;,&quot;credit&quot;:&quot;Fotostudio Light-Style\\rAndi Moel&quot;,&quot;camera&quot;:&quot;&quot;,&quot;caption&quot;:&quot;&quot;,&quot;created_timestamp&quot;:&quot;0&quot;,&quot;copyright&quot;:&quot;www.light-style.eu&quot;,&quot;focal_length&quot;:&quot;0&quot;,&quot;iso&quot;:&quot;0&quot;,&quot;shutter_speed&quot;:&quot;0&quot;,&quot;title&quot;:&quot;&quot;,&quot;orientation&quot;:&quot;0&quot;}\" data-image-title=\"Elbsandsteingebirge-3754\" data-image-description=\"\" data-image-caption=\"\" data-large-file=\"https:\/\/i0.wp.com\/www.light-style.eu\/Blog\/wp-content\/uploads\/2021\/10\/Elbsandsteingebirge-3754.jpg?fit=800%2C1200&amp;ssl=1\" role=\"button\" tabindex=\"0\" aria-label=\"Bild\u00a052 von 73 im Vollbildmodus \u00f6ffnen\"srcset=\"https:\/\/i0.wp.com\/www.light-style.eu\/Blog\/wp-content\/uploads\/2021\/10\/Elbsandsteingebirge-3754.jpg?strip=info&#038;w=600&#038;ssl=1 600w,https:\/\/i0.wp.com\/www.light-style.eu\/Blog\/wp-content\/uploads\/2021\/10\/Elbsandsteingebirge-3754.jpg?strip=info&#038;w=800&#038;ssl=1 800w\" alt=\"\" data-height=\"1200\" data-id=\"6248\" data-link=\"https:\/\/www.light-style.eu\/Blog\/?attachment_id=6248\" data-url=\"https:\/\/www.light-style.eu\/Blog\/wp-content\/uploads\/2021\/10\/Elbsandsteingebirge-3754.jpg\" data-width=\"800\" src=\"https:\/\/i0.wp.com\/www.light-style.eu\/Blog\/wp-content\/uploads\/2021\/10\/Elbsandsteingebirge-3754.jpg?ssl=1\" data-amp-layout=\"responsive\"\/><\/figure><\/div><div class=\"tiled-gallery__col\" style=\"flex-basis:42.78092%\"><figure class=\"tiled-gallery__item\"><img decoding=\"async\" data-attachment-id=\"6249\" data-permalink=\"https:\/\/www.light-style.eu\/Blog\/so-schoen-ist-deutschland\/elbsandsteingebirge-3791-1\/#main\" data-orig-file=\"https:\/\/i0.wp.com\/www.light-style.eu\/Blog\/wp-content\/uploads\/2021\/10\/Elbsandsteingebirge-3791-1.jpg?fit=1200%2C800&amp;ssl=1\" data-orig-size=\"1200,800\" data-comments-opened=\"1\" data-image-meta=\"{&quot;aperture&quot;:&quot;0&quot;,&quot;credit&quot;:&quot;Fotostudio Light-Style\\rAndi Moel&quot;,&quot;camera&quot;:&quot;&quot;,&quot;caption&quot;:&quot;&quot;,&quot;created_timestamp&quot;:&quot;0&quot;,&quot;copyright&quot;:&quot;www.light-style.eu&quot;,&quot;focal_length&quot;:&quot;0&quot;,&quot;iso&quot;:&quot;0&quot;,&quot;shutter_speed&quot;:&quot;0&quot;,&quot;title&quot;:&quot;&quot;,&quot;orientation&quot;:&quot;0&quot;}\" data-image-title=\"Elbsandsteingebirge-3791-1\" data-image-description=\"\" data-image-caption=\"\" data-large-file=\"https:\/\/i0.wp.com\/www.light-style.eu\/Blog\/wp-content\/uploads\/2021\/10\/Elbsandsteingebirge-3791-1.jpg?fit=1170%2C780&amp;ssl=1\" data-attachment-id=\"6249\" data-permalink=\"https:\/\/www.light-style.eu\/Blog\/so-schoen-ist-deutschland\/elbsandsteingebirge-3791-1\/#main\" data-orig-file=\"https:\/\/i0.wp.com\/www.light-style.eu\/Blog\/wp-content\/uploads\/2021\/10\/Elbsandsteingebirge-3791-1.jpg?fit=1200%2C800&amp;ssl=1\" data-orig-size=\"1200,800\" data-comments-opened=\"1\" data-image-meta=\"{&quot;aperture&quot;:&quot;0&quot;,&quot;credit&quot;:&quot;Fotostudio Light-Style\\rAndi Moel&quot;,&quot;camera&quot;:&quot;&quot;,&quot;caption&quot;:&quot;&quot;,&quot;created_timestamp&quot;:&quot;0&quot;,&quot;copyright&quot;:&quot;www.light-style.eu&quot;,&quot;focal_length&quot;:&quot;0&quot;,&quot;iso&quot;:&quot;0&quot;,&quot;shutter_speed&quot;:&quot;0&quot;,&quot;title&quot;:&quot;&quot;,&quot;orientation&quot;:&quot;0&quot;}\" data-image-title=\"Elbsandsteingebirge-3791-1\" data-image-description=\"\" data-image-caption=\"\" data-large-file=\"https:\/\/i0.wp.com\/www.light-style.eu\/Blog\/wp-content\/uploads\/2021\/10\/Elbsandsteingebirge-3791-1.jpg?fit=1170%2C780&amp;ssl=1\" role=\"button\" tabindex=\"0\" aria-label=\"Bild\u00a053 von 73 im Vollbildmodus \u00f6ffnen\"srcset=\"https:\/\/i2.wp.com\/www.light-style.eu\/Blog\/wp-content\/uploads\/2021\/10\/Elbsandsteingebirge-3791-1.jpg?strip=info&#038;w=600&#038;ssl=1 600w,https:\/\/i2.wp.com\/www.light-style.eu\/Blog\/wp-content\/uploads\/2021\/10\/Elbsandsteingebirge-3791-1.jpg?strip=info&#038;w=900&#038;ssl=1 900w,https:\/\/i2.wp.com\/www.light-style.eu\/Blog\/wp-content\/uploads\/2021\/10\/Elbsandsteingebirge-3791-1.jpg?strip=info&#038;w=1200&#038;ssl=1 1200w\" alt=\"\" data-height=\"800\" data-id=\"6249\" data-link=\"https:\/\/www.light-style.eu\/Blog\/?attachment_id=6249\" data-url=\"https:\/\/www.light-style.eu\/Blog\/wp-content\/uploads\/2021\/10\/Elbsandsteingebirge-3791-1.jpg\" data-width=\"1200\" src=\"https:\/\/i2.wp.com\/www.light-style.eu\/Blog\/wp-content\/uploads\/2021\/10\/Elbsandsteingebirge-3791-1.jpg?ssl=1\" data-amp-layout=\"responsive\"\/><\/figure><\/div><div class=\"tiled-gallery__col\" style=\"flex-basis:19.07303%\"><figure class=\"tiled-gallery__item\"><img decoding=\"async\" data-attachment-id=\"6250\" data-permalink=\"https:\/\/www.light-style.eu\/Blog\/so-schoen-ist-deutschland\/elbsandsteingebirge-3828-1\/#main\" data-orig-file=\"https:\/\/i0.wp.com\/www.light-style.eu\/Blog\/wp-content\/uploads\/2021\/10\/Elbsandsteingebirge-3828-1.jpg?fit=800%2C1200&amp;ssl=1\" data-orig-size=\"800,1200\" data-comments-opened=\"1\" data-image-meta=\"{&quot;aperture&quot;:&quot;0&quot;,&quot;credit&quot;:&quot;Fotostudio Light-Style\\rAndi Moel&quot;,&quot;camera&quot;:&quot;&quot;,&quot;caption&quot;:&quot;&quot;,&quot;created_timestamp&quot;:&quot;0&quot;,&quot;copyright&quot;:&quot;www.light-style.eu&quot;,&quot;focal_length&quot;:&quot;0&quot;,&quot;iso&quot;:&quot;0&quot;,&quot;shutter_speed&quot;:&quot;0&quot;,&quot;title&quot;:&quot;&quot;,&quot;orientation&quot;:&quot;0&quot;}\" data-image-title=\"Elbsandsteingebirge-3828-1\" data-image-description=\"\" data-image-caption=\"\" data-large-file=\"https:\/\/i0.wp.com\/www.light-style.eu\/Blog\/wp-content\/uploads\/2021\/10\/Elbsandsteingebirge-3828-1.jpg?fit=800%2C1200&amp;ssl=1\" data-attachment-id=\"6250\" data-permalink=\"https:\/\/www.light-style.eu\/Blog\/so-schoen-ist-deutschland\/elbsandsteingebirge-3828-1\/#main\" data-orig-file=\"https:\/\/i0.wp.com\/www.light-style.eu\/Blog\/wp-content\/uploads\/2021\/10\/Elbsandsteingebirge-3828-1.jpg?fit=800%2C1200&amp;ssl=1\" data-orig-size=\"800,1200\" data-comments-opened=\"1\" data-image-meta=\"{&quot;aperture&quot;:&quot;0&quot;,&quot;credit&quot;:&quot;Fotostudio Light-Style\\rAndi Moel&quot;,&quot;camera&quot;:&quot;&quot;,&quot;caption&quot;:&quot;&quot;,&quot;created_timestamp&quot;:&quot;0&quot;,&quot;copyright&quot;:&quot;www.light-style.eu&quot;,&quot;focal_length&quot;:&quot;0&quot;,&quot;iso&quot;:&quot;0&quot;,&quot;shutter_speed&quot;:&quot;0&quot;,&quot;title&quot;:&quot;&quot;,&quot;orientation&quot;:&quot;0&quot;}\" data-image-title=\"Elbsandsteingebirge-3828-1\" data-image-description=\"\" data-image-caption=\"\" data-large-file=\"https:\/\/i0.wp.com\/www.light-style.eu\/Blog\/wp-content\/uploads\/2021\/10\/Elbsandsteingebirge-3828-1.jpg?fit=800%2C1200&amp;ssl=1\" role=\"button\" tabindex=\"0\" aria-label=\"Bild\u00a054 von 73 im Vollbildmodus \u00f6ffnen\"srcset=\"https:\/\/i0.wp.com\/www.light-style.eu\/Blog\/wp-content\/uploads\/2021\/10\/Elbsandsteingebirge-3828-1.jpg?strip=info&#038;w=600&#038;ssl=1 600w,https:\/\/i0.wp.com\/www.light-style.eu\/Blog\/wp-content\/uploads\/2021\/10\/Elbsandsteingebirge-3828-1.jpg?strip=info&#038;w=800&#038;ssl=1 800w\" alt=\"\" data-height=\"1200\" data-id=\"6250\" data-link=\"https:\/\/www.light-style.eu\/Blog\/?attachment_id=6250\" data-url=\"https:\/\/www.light-style.eu\/Blog\/wp-content\/uploads\/2021\/10\/Elbsandsteingebirge-3828-1.jpg\" data-width=\"800\" src=\"https:\/\/i0.wp.com\/www.light-style.eu\/Blog\/wp-content\/uploads\/2021\/10\/Elbsandsteingebirge-3828-1.jpg?ssl=1\" data-amp-layout=\"responsive\"\/><\/figure><\/div><\/div><div class=\"tiled-gallery__row\"><div class=\"tiled-gallery__col\" style=\"flex-basis:52.75232%\"><figure class=\"tiled-gallery__item\"><img decoding=\"async\" data-attachment-id=\"6251\" data-permalink=\"https:\/\/www.light-style.eu\/Blog\/so-schoen-ist-deutschland\/elbsandsteingebirge-3852\/#main\" data-orig-file=\"https:\/\/i0.wp.com\/www.light-style.eu\/Blog\/wp-content\/uploads\/2021\/10\/Elbsandsteingebirge-3852.jpg?fit=1200%2C800&amp;ssl=1\" data-orig-size=\"1200,800\" data-comments-opened=\"1\" data-image-meta=\"{&quot;aperture&quot;:&quot;0&quot;,&quot;credit&quot;:&quot;Fotostudio Light-Style\\rAndi Moel&quot;,&quot;camera&quot;:&quot;&quot;,&quot;caption&quot;:&quot;&quot;,&quot;created_timestamp&quot;:&quot;0&quot;,&quot;copyright&quot;:&quot;www.light-style.eu&quot;,&quot;focal_length&quot;:&quot;0&quot;,&quot;iso&quot;:&quot;0&quot;,&quot;shutter_speed&quot;:&quot;0&quot;,&quot;title&quot;:&quot;&quot;,&quot;orientation&quot;:&quot;0&quot;}\" data-image-title=\"Elbsandsteingebirge-3852\" data-image-description=\"\" data-image-caption=\"\" data-large-file=\"https:\/\/i0.wp.com\/www.light-style.eu\/Blog\/wp-content\/uploads\/2021\/10\/Elbsandsteingebirge-3852.jpg?fit=1170%2C780&amp;ssl=1\" data-attachment-id=\"6251\" data-permalink=\"https:\/\/www.light-style.eu\/Blog\/so-schoen-ist-deutschland\/elbsandsteingebirge-3852\/#main\" data-orig-file=\"https:\/\/i0.wp.com\/www.light-style.eu\/Blog\/wp-content\/uploads\/2021\/10\/Elbsandsteingebirge-3852.jpg?fit=1200%2C800&amp;ssl=1\" data-orig-size=\"1200,800\" data-comments-opened=\"1\" data-image-meta=\"{&quot;aperture&quot;:&quot;0&quot;,&quot;credit&quot;:&quot;Fotostudio Light-Style\\rAndi Moel&quot;,&quot;camera&quot;:&quot;&quot;,&quot;caption&quot;:&quot;&quot;,&quot;created_timestamp&quot;:&quot;0&quot;,&quot;copyright&quot;:&quot;www.light-style.eu&quot;,&quot;focal_length&quot;:&quot;0&quot;,&quot;iso&quot;:&quot;0&quot;,&quot;shutter_speed&quot;:&quot;0&quot;,&quot;title&quot;:&quot;&quot;,&quot;orientation&quot;:&quot;0&quot;}\" data-image-title=\"Elbsandsteingebirge-3852\" data-image-description=\"\" data-image-caption=\"\" data-large-file=\"https:\/\/i0.wp.com\/www.light-style.eu\/Blog\/wp-content\/uploads\/2021\/10\/Elbsandsteingebirge-3852.jpg?fit=1170%2C780&amp;ssl=1\" role=\"button\" tabindex=\"0\" aria-label=\"Bild\u00a055 von 73 im Vollbildmodus \u00f6ffnen\"srcset=\"https:\/\/i0.wp.com\/www.light-style.eu\/Blog\/wp-content\/uploads\/2021\/10\/Elbsandsteingebirge-3852.jpg?strip=info&#038;w=600&#038;ssl=1 600w,https:\/\/i0.wp.com\/www.light-style.eu\/Blog\/wp-content\/uploads\/2021\/10\/Elbsandsteingebirge-3852.jpg?strip=info&#038;w=900&#038;ssl=1 900w,https:\/\/i0.wp.com\/www.light-style.eu\/Blog\/wp-content\/uploads\/2021\/10\/Elbsandsteingebirge-3852.jpg?strip=info&#038;w=1200&#038;ssl=1 1200w\" alt=\"\" data-height=\"800\" data-id=\"6251\" data-link=\"https:\/\/www.light-style.eu\/Blog\/?attachment_id=6251\" data-url=\"https:\/\/www.light-style.eu\/Blog\/wp-content\/uploads\/2021\/10\/Elbsandsteingebirge-3852.jpg\" data-width=\"1200\" src=\"https:\/\/i0.wp.com\/www.light-style.eu\/Blog\/wp-content\/uploads\/2021\/10\/Elbsandsteingebirge-3852.jpg?ssl=1\" data-amp-layout=\"responsive\"\/><\/figure><figure class=\"tiled-gallery__item\"><img decoding=\"async\" data-attachment-id=\"6253\" data-permalink=\"https:\/\/www.light-style.eu\/Blog\/so-schoen-ist-deutschland\/elbsandsteingebirge-3948-1\/#main\" data-orig-file=\"https:\/\/i0.wp.com\/www.light-style.eu\/Blog\/wp-content\/uploads\/2021\/10\/Elbsandsteingebirge-3948-1.jpg?fit=1200%2C800&amp;ssl=1\" data-orig-size=\"1200,800\" data-comments-opened=\"1\" data-image-meta=\"{&quot;aperture&quot;:&quot;0&quot;,&quot;credit&quot;:&quot;Fotostudio Light-Style\\rAndi Moel&quot;,&quot;camera&quot;:&quot;&quot;,&quot;caption&quot;:&quot;&quot;,&quot;created_timestamp&quot;:&quot;0&quot;,&quot;copyright&quot;:&quot;www.light-style.eu&quot;,&quot;focal_length&quot;:&quot;0&quot;,&quot;iso&quot;:&quot;0&quot;,&quot;shutter_speed&quot;:&quot;0&quot;,&quot;title&quot;:&quot;&quot;,&quot;orientation&quot;:&quot;0&quot;}\" data-image-title=\"Elbsandsteingebirge-3948-1\" data-image-description=\"\" data-image-caption=\"\" data-large-file=\"https:\/\/i0.wp.com\/www.light-style.eu\/Blog\/wp-content\/uploads\/2021\/10\/Elbsandsteingebirge-3948-1.jpg?fit=1170%2C780&amp;ssl=1\" data-attachment-id=\"6253\" data-permalink=\"https:\/\/www.light-style.eu\/Blog\/so-schoen-ist-deutschland\/elbsandsteingebirge-3948-1\/#main\" data-orig-file=\"https:\/\/i0.wp.com\/www.light-style.eu\/Blog\/wp-content\/uploads\/2021\/10\/Elbsandsteingebirge-3948-1.jpg?fit=1200%2C800&amp;ssl=1\" data-orig-size=\"1200,800\" data-comments-opened=\"1\" data-image-meta=\"{&quot;aperture&quot;:&quot;0&quot;,&quot;credit&quot;:&quot;Fotostudio Light-Style\\rAndi Moel&quot;,&quot;camera&quot;:&quot;&quot;,&quot;caption&quot;:&quot;&quot;,&quot;created_timestamp&quot;:&quot;0&quot;,&quot;copyright&quot;:&quot;www.light-style.eu&quot;,&quot;focal_length&quot;:&quot;0&quot;,&quot;iso&quot;:&quot;0&quot;,&quot;shutter_speed&quot;:&quot;0&quot;,&quot;title&quot;:&quot;&quot;,&quot;orientation&quot;:&quot;0&quot;}\" data-image-title=\"Elbsandsteingebirge-3948-1\" data-image-description=\"\" data-image-caption=\"\" data-large-file=\"https:\/\/i0.wp.com\/www.light-style.eu\/Blog\/wp-content\/uploads\/2021\/10\/Elbsandsteingebirge-3948-1.jpg?fit=1170%2C780&amp;ssl=1\" role=\"button\" tabindex=\"0\" aria-label=\"Bild\u00a056 von 73 im Vollbildmodus \u00f6ffnen\"srcset=\"https:\/\/i2.wp.com\/www.light-style.eu\/Blog\/wp-content\/uploads\/2021\/10\/Elbsandsteingebirge-3948-1.jpg?strip=info&#038;w=600&#038;ssl=1 600w,https:\/\/i2.wp.com\/www.light-style.eu\/Blog\/wp-content\/uploads\/2021\/10\/Elbsandsteingebirge-3948-1.jpg?strip=info&#038;w=900&#038;ssl=1 900w,https:\/\/i2.wp.com\/www.light-style.eu\/Blog\/wp-content\/uploads\/2021\/10\/Elbsandsteingebirge-3948-1.jpg?strip=info&#038;w=1200&#038;ssl=1 1200w\" alt=\"\" data-height=\"800\" data-id=\"6253\" data-link=\"https:\/\/www.light-style.eu\/Blog\/?attachment_id=6253\" data-url=\"https:\/\/www.light-style.eu\/Blog\/wp-content\/uploads\/2021\/10\/Elbsandsteingebirge-3948-1.jpg\" data-width=\"1200\" src=\"https:\/\/i2.wp.com\/www.light-style.eu\/Blog\/wp-content\/uploads\/2021\/10\/Elbsandsteingebirge-3948-1.jpg?ssl=1\" data-amp-layout=\"responsive\"\/><\/figure><\/div><div class=\"tiled-gallery__col\" style=\"flex-basis:47.24768%\"><figure class=\"tiled-gallery__item\"><img decoding=\"async\" data-attachment-id=\"6254\" data-permalink=\"https:\/\/www.light-style.eu\/Blog\/so-schoen-ist-deutschland\/elbsandsteingebirge-3983\/#main\" data-orig-file=\"https:\/\/i0.wp.com\/www.light-style.eu\/Blog\/wp-content\/uploads\/2021\/10\/Elbsandsteingebirge-3983.jpg?fit=800%2C1200&amp;ssl=1\" data-orig-size=\"800,1200\" data-comments-opened=\"1\" data-image-meta=\"{&quot;aperture&quot;:&quot;0&quot;,&quot;credit&quot;:&quot;Fotostudio Light-Style\\rAndi Moel&quot;,&quot;camera&quot;:&quot;&quot;,&quot;caption&quot;:&quot;&quot;,&quot;created_timestamp&quot;:&quot;0&quot;,&quot;copyright&quot;:&quot;www.light-style.eu&quot;,&quot;focal_length&quot;:&quot;0&quot;,&quot;iso&quot;:&quot;0&quot;,&quot;shutter_speed&quot;:&quot;0&quot;,&quot;title&quot;:&quot;&quot;,&quot;orientation&quot;:&quot;0&quot;}\" data-image-title=\"Elbsandsteingebirge-3983\" data-image-description=\"\" data-image-caption=\"\" data-large-file=\"https:\/\/i0.wp.com\/www.light-style.eu\/Blog\/wp-content\/uploads\/2021\/10\/Elbsandsteingebirge-3983.jpg?fit=800%2C1200&amp;ssl=1\" data-attachment-id=\"6254\" data-permalink=\"https:\/\/www.light-style.eu\/Blog\/so-schoen-ist-deutschland\/elbsandsteingebirge-3983\/#main\" data-orig-file=\"https:\/\/i0.wp.com\/www.light-style.eu\/Blog\/wp-content\/uploads\/2021\/10\/Elbsandsteingebirge-3983.jpg?fit=800%2C1200&amp;ssl=1\" data-orig-size=\"800,1200\" data-comments-opened=\"1\" data-image-meta=\"{&quot;aperture&quot;:&quot;0&quot;,&quot;credit&quot;:&quot;Fotostudio Light-Style\\rAndi Moel&quot;,&quot;camera&quot;:&quot;&quot;,&quot;caption&quot;:&quot;&quot;,&quot;created_timestamp&quot;:&quot;0&quot;,&quot;copyright&quot;:&quot;www.light-style.eu&quot;,&quot;focal_length&quot;:&quot;0&quot;,&quot;iso&quot;:&quot;0&quot;,&quot;shutter_speed&quot;:&quot;0&quot;,&quot;title&quot;:&quot;&quot;,&quot;orientation&quot;:&quot;0&quot;}\" data-image-title=\"Elbsandsteingebirge-3983\" data-image-description=\"\" data-image-caption=\"\" data-large-file=\"https:\/\/i0.wp.com\/www.light-style.eu\/Blog\/wp-content\/uploads\/2021\/10\/Elbsandsteingebirge-3983.jpg?fit=800%2C1200&amp;ssl=1\" role=\"button\" tabindex=\"0\" aria-label=\"Bild\u00a057 von 73 im Vollbildmodus \u00f6ffnen\"srcset=\"https:\/\/i2.wp.com\/www.light-style.eu\/Blog\/wp-content\/uploads\/2021\/10\/Elbsandsteingebirge-3983.jpg?strip=info&#038;w=600&#038;ssl=1 600w,https:\/\/i2.wp.com\/www.light-style.eu\/Blog\/wp-content\/uploads\/2021\/10\/Elbsandsteingebirge-3983.jpg?strip=info&#038;w=800&#038;ssl=1 800w\" alt=\"\" data-height=\"1200\" data-id=\"6254\" data-link=\"https:\/\/www.light-style.eu\/Blog\/?attachment_id=6254\" data-url=\"https:\/\/www.light-style.eu\/Blog\/wp-content\/uploads\/2021\/10\/Elbsandsteingebirge-3983.jpg\" data-width=\"800\" src=\"https:\/\/i2.wp.com\/www.light-style.eu\/Blog\/wp-content\/uploads\/2021\/10\/Elbsandsteingebirge-3983.jpg?ssl=1\" data-amp-layout=\"responsive\"\/><\/figure><\/div><\/div><div class=\"tiled-gallery__row\"><div class=\"tiled-gallery__col\" style=\"flex-basis:42.78092%\"><figure class=\"tiled-gallery__item\"><img decoding=\"async\" data-attachment-id=\"6255\" data-permalink=\"https:\/\/www.light-style.eu\/Blog\/so-schoen-ist-deutschland\/elbsandsteingebirge-4034\/#main\" data-orig-file=\"https:\/\/i0.wp.com\/www.light-style.eu\/Blog\/wp-content\/uploads\/2021\/10\/Elbsandsteingebirge-4034.jpg?fit=1200%2C800&amp;ssl=1\" data-orig-size=\"1200,800\" data-comments-opened=\"1\" data-image-meta=\"{&quot;aperture&quot;:&quot;0&quot;,&quot;credit&quot;:&quot;Fotostudio Light-Style\\rAndi Moel&quot;,&quot;camera&quot;:&quot;&quot;,&quot;caption&quot;:&quot;&quot;,&quot;created_timestamp&quot;:&quot;0&quot;,&quot;copyright&quot;:&quot;www.light-style.eu&quot;,&quot;focal_length&quot;:&quot;0&quot;,&quot;iso&quot;:&quot;0&quot;,&quot;shutter_speed&quot;:&quot;0&quot;,&quot;title&quot;:&quot;&quot;,&quot;orientation&quot;:&quot;0&quot;}\" data-image-title=\"Elbsandsteingebirge-4034\" data-image-description=\"\" data-image-caption=\"\" data-large-file=\"https:\/\/i0.wp.com\/www.light-style.eu\/Blog\/wp-content\/uploads\/2021\/10\/Elbsandsteingebirge-4034.jpg?fit=1170%2C780&amp;ssl=1\" data-attachment-id=\"6255\" data-permalink=\"https:\/\/www.light-style.eu\/Blog\/so-schoen-ist-deutschland\/elbsandsteingebirge-4034\/#main\" data-orig-file=\"https:\/\/i0.wp.com\/www.light-style.eu\/Blog\/wp-content\/uploads\/2021\/10\/Elbsandsteingebirge-4034.jpg?fit=1200%2C800&amp;ssl=1\" data-orig-size=\"1200,800\" data-comments-opened=\"1\" data-image-meta=\"{&quot;aperture&quot;:&quot;0&quot;,&quot;credit&quot;:&quot;Fotostudio Light-Style\\rAndi Moel&quot;,&quot;camera&quot;:&quot;&quot;,&quot;caption&quot;:&quot;&quot;,&quot;created_timestamp&quot;:&quot;0&quot;,&quot;copyright&quot;:&quot;www.light-style.eu&quot;,&quot;focal_length&quot;:&quot;0&quot;,&quot;iso&quot;:&quot;0&quot;,&quot;shutter_speed&quot;:&quot;0&quot;,&quot;title&quot;:&quot;&quot;,&quot;orientation&quot;:&quot;0&quot;}\" data-image-title=\"Elbsandsteingebirge-4034\" data-image-description=\"\" data-image-caption=\"\" data-large-file=\"https:\/\/i0.wp.com\/www.light-style.eu\/Blog\/wp-content\/uploads\/2021\/10\/Elbsandsteingebirge-4034.jpg?fit=1170%2C780&amp;ssl=1\" role=\"button\" tabindex=\"0\" aria-label=\"Bild\u00a058 von 73 im Vollbildmodus \u00f6ffnen\"srcset=\"https:\/\/i0.wp.com\/www.light-style.eu\/Blog\/wp-content\/uploads\/2021\/10\/Elbsandsteingebirge-4034.jpg?strip=info&#038;w=600&#038;ssl=1 600w,https:\/\/i0.wp.com\/www.light-style.eu\/Blog\/wp-content\/uploads\/2021\/10\/Elbsandsteingebirge-4034.jpg?strip=info&#038;w=900&#038;ssl=1 900w,https:\/\/i0.wp.com\/www.light-style.eu\/Blog\/wp-content\/uploads\/2021\/10\/Elbsandsteingebirge-4034.jpg?strip=info&#038;w=1200&#038;ssl=1 1200w\" alt=\"\" data-height=\"800\" data-id=\"6255\" data-link=\"https:\/\/www.light-style.eu\/Blog\/?attachment_id=6255\" data-url=\"https:\/\/www.light-style.eu\/Blog\/wp-content\/uploads\/2021\/10\/Elbsandsteingebirge-4034.jpg\" data-width=\"1200\" src=\"https:\/\/i0.wp.com\/www.light-style.eu\/Blog\/wp-content\/uploads\/2021\/10\/Elbsandsteingebirge-4034.jpg?ssl=1\" data-amp-layout=\"responsive\"\/><\/figure><\/div><div class=\"tiled-gallery__col\" style=\"flex-basis:19.07303%\"><figure class=\"tiled-gallery__item\"><img decoding=\"async\" data-attachment-id=\"6256\" data-permalink=\"https:\/\/www.light-style.eu\/Blog\/so-schoen-ist-deutschland\/elbsandsteingebirge-4202-1\/#main\" data-orig-file=\"https:\/\/i0.wp.com\/www.light-style.eu\/Blog\/wp-content\/uploads\/2021\/10\/Elbsandsteingebirge-4202-1.jpg?fit=800%2C1200&amp;ssl=1\" data-orig-size=\"800,1200\" data-comments-opened=\"1\" data-image-meta=\"{&quot;aperture&quot;:&quot;0&quot;,&quot;credit&quot;:&quot;Fotostudio Light-Style\\rAndi Moel&quot;,&quot;camera&quot;:&quot;&quot;,&quot;caption&quot;:&quot;&quot;,&quot;created_timestamp&quot;:&quot;0&quot;,&quot;copyright&quot;:&quot;www.light-style.eu&quot;,&quot;focal_length&quot;:&quot;0&quot;,&quot;iso&quot;:&quot;0&quot;,&quot;shutter_speed&quot;:&quot;0&quot;,&quot;title&quot;:&quot;&quot;,&quot;orientation&quot;:&quot;0&quot;}\" data-image-title=\"Elbsandsteingebirge-4202-1\" data-image-description=\"\" data-image-caption=\"\" data-large-file=\"https:\/\/i0.wp.com\/www.light-style.eu\/Blog\/wp-content\/uploads\/2021\/10\/Elbsandsteingebirge-4202-1.jpg?fit=800%2C1200&amp;ssl=1\" data-attachment-id=\"6256\" data-permalink=\"https:\/\/www.light-style.eu\/Blog\/so-schoen-ist-deutschland\/elbsandsteingebirge-4202-1\/#main\" data-orig-file=\"https:\/\/i0.wp.com\/www.light-style.eu\/Blog\/wp-content\/uploads\/2021\/10\/Elbsandsteingebirge-4202-1.jpg?fit=800%2C1200&amp;ssl=1\" data-orig-size=\"800,1200\" data-comments-opened=\"1\" data-image-meta=\"{&quot;aperture&quot;:&quot;0&quot;,&quot;credit&quot;:&quot;Fotostudio Light-Style\\rAndi Moel&quot;,&quot;camera&quot;:&quot;&quot;,&quot;caption&quot;:&quot;&quot;,&quot;created_timestamp&quot;:&quot;0&quot;,&quot;copyright&quot;:&quot;www.light-style.eu&quot;,&quot;focal_length&quot;:&quot;0&quot;,&quot;iso&quot;:&quot;0&quot;,&quot;shutter_speed&quot;:&quot;0&quot;,&quot;title&quot;:&quot;&quot;,&quot;orientation&quot;:&quot;0&quot;}\" data-image-title=\"Elbsandsteingebirge-4202-1\" data-image-description=\"\" data-image-caption=\"\" data-large-file=\"https:\/\/i0.wp.com\/www.light-style.eu\/Blog\/wp-content\/uploads\/2021\/10\/Elbsandsteingebirge-4202-1.jpg?fit=800%2C1200&amp;ssl=1\" role=\"button\" tabindex=\"0\" aria-label=\"Bild\u00a059 von 73 im Vollbildmodus \u00f6ffnen\"srcset=\"https:\/\/i0.wp.com\/www.light-style.eu\/Blog\/wp-content\/uploads\/2021\/10\/Elbsandsteingebirge-4202-1.jpg?strip=info&#038;w=600&#038;ssl=1 600w,https:\/\/i0.wp.com\/www.light-style.eu\/Blog\/wp-content\/uploads\/2021\/10\/Elbsandsteingebirge-4202-1.jpg?strip=info&#038;w=800&#038;ssl=1 800w\" alt=\"\" data-height=\"1200\" data-id=\"6256\" data-link=\"https:\/\/www.light-style.eu\/Blog\/?attachment_id=6256\" data-url=\"https:\/\/www.light-style.eu\/Blog\/wp-content\/uploads\/2021\/10\/Elbsandsteingebirge-4202-1.jpg\" data-width=\"800\" src=\"https:\/\/i0.wp.com\/www.light-style.eu\/Blog\/wp-content\/uploads\/2021\/10\/Elbsandsteingebirge-4202-1.jpg?ssl=1\" data-amp-layout=\"responsive\"\/><\/figure><\/div><div class=\"tiled-gallery__col\" style=\"flex-basis:19.07303%\"><figure class=\"tiled-gallery__item\"><img decoding=\"async\" data-attachment-id=\"6258\" data-permalink=\"https:\/\/www.light-style.eu\/Blog\/so-schoen-ist-deutschland\/elbsandsteingebirge-4676\/#main\" data-orig-file=\"https:\/\/i0.wp.com\/www.light-style.eu\/Blog\/wp-content\/uploads\/2021\/10\/Elbsandsteingebirge-4676.jpg?fit=800%2C1200&amp;ssl=1\" data-orig-size=\"800,1200\" data-comments-opened=\"1\" data-image-meta=\"{&quot;aperture&quot;:&quot;0&quot;,&quot;credit&quot;:&quot;Fotostudio Light-Style\\rAndi Moel&quot;,&quot;camera&quot;:&quot;&quot;,&quot;caption&quot;:&quot;&quot;,&quot;created_timestamp&quot;:&quot;0&quot;,&quot;copyright&quot;:&quot;www.light-style.eu&quot;,&quot;focal_length&quot;:&quot;0&quot;,&quot;iso&quot;:&quot;0&quot;,&quot;shutter_speed&quot;:&quot;0&quot;,&quot;title&quot;:&quot;&quot;,&quot;orientation&quot;:&quot;0&quot;}\" data-image-title=\"Elbsandsteingebirge-4676\" data-image-description=\"\" data-image-caption=\"\" data-large-file=\"https:\/\/i0.wp.com\/www.light-style.eu\/Blog\/wp-content\/uploads\/2021\/10\/Elbsandsteingebirge-4676.jpg?fit=800%2C1200&amp;ssl=1\" data-attachment-id=\"6258\" data-permalink=\"https:\/\/www.light-style.eu\/Blog\/so-schoen-ist-deutschland\/elbsandsteingebirge-4676\/#main\" data-orig-file=\"https:\/\/i0.wp.com\/www.light-style.eu\/Blog\/wp-content\/uploads\/2021\/10\/Elbsandsteingebirge-4676.jpg?fit=800%2C1200&amp;ssl=1\" data-orig-size=\"800,1200\" data-comments-opened=\"1\" data-image-meta=\"{&quot;aperture&quot;:&quot;0&quot;,&quot;credit&quot;:&quot;Fotostudio Light-Style\\rAndi Moel&quot;,&quot;camera&quot;:&quot;&quot;,&quot;caption&quot;:&quot;&quot;,&quot;created_timestamp&quot;:&quot;0&quot;,&quot;copyright&quot;:&quot;www.light-style.eu&quot;,&quot;focal_length&quot;:&quot;0&quot;,&quot;iso&quot;:&quot;0&quot;,&quot;shutter_speed&quot;:&quot;0&quot;,&quot;title&quot;:&quot;&quot;,&quot;orientation&quot;:&quot;0&quot;}\" data-image-title=\"Elbsandsteingebirge-4676\" data-image-description=\"\" data-image-caption=\"\" data-large-file=\"https:\/\/i0.wp.com\/www.light-style.eu\/Blog\/wp-content\/uploads\/2021\/10\/Elbsandsteingebirge-4676.jpg?fit=800%2C1200&amp;ssl=1\" role=\"button\" tabindex=\"0\" aria-label=\"Bild\u00a060 von 73 im Vollbildmodus \u00f6ffnen\"srcset=\"https:\/\/i0.wp.com\/www.light-style.eu\/Blog\/wp-content\/uploads\/2021\/10\/Elbsandsteingebirge-4676.jpg?strip=info&#038;w=600&#038;ssl=1 600w,https:\/\/i0.wp.com\/www.light-style.eu\/Blog\/wp-content\/uploads\/2021\/10\/Elbsandsteingebirge-4676.jpg?strip=info&#038;w=800&#038;ssl=1 800w\" alt=\"\" data-height=\"1200\" data-id=\"6258\" data-link=\"https:\/\/www.light-style.eu\/Blog\/?attachment_id=6258\" data-url=\"https:\/\/www.light-style.eu\/Blog\/wp-content\/uploads\/2021\/10\/Elbsandsteingebirge-4676.jpg\" data-width=\"800\" src=\"https:\/\/i0.wp.com\/www.light-style.eu\/Blog\/wp-content\/uploads\/2021\/10\/Elbsandsteingebirge-4676.jpg?ssl=1\" data-amp-layout=\"responsive\"\/><\/figure><\/div><div class=\"tiled-gallery__col\" style=\"flex-basis:19.07303%\"><figure class=\"tiled-gallery__item\"><img decoding=\"async\" data-attachment-id=\"6259\" data-permalink=\"https:\/\/www.light-style.eu\/Blog\/so-schoen-ist-deutschland\/elbsandsteingebirge-4681\/#main\" data-orig-file=\"https:\/\/i0.wp.com\/www.light-style.eu\/Blog\/wp-content\/uploads\/2021\/10\/Elbsandsteingebirge-4681.jpg?fit=800%2C1200&amp;ssl=1\" data-orig-size=\"800,1200\" data-comments-opened=\"1\" data-image-meta=\"{&quot;aperture&quot;:&quot;0&quot;,&quot;credit&quot;:&quot;Fotostudio Light-Style\\rAndi Moel&quot;,&quot;camera&quot;:&quot;&quot;,&quot;caption&quot;:&quot;&quot;,&quot;created_timestamp&quot;:&quot;0&quot;,&quot;copyright&quot;:&quot;www.light-style.eu&quot;,&quot;focal_length&quot;:&quot;0&quot;,&quot;iso&quot;:&quot;0&quot;,&quot;shutter_speed&quot;:&quot;0&quot;,&quot;title&quot;:&quot;&quot;,&quot;orientation&quot;:&quot;0&quot;}\" data-image-title=\"Elbsandsteingebirge-4681\" data-image-description=\"\" data-image-caption=\"\" data-large-file=\"https:\/\/i0.wp.com\/www.light-style.eu\/Blog\/wp-content\/uploads\/2021\/10\/Elbsandsteingebirge-4681.jpg?fit=800%2C1200&amp;ssl=1\" data-attachment-id=\"6259\" data-permalink=\"https:\/\/www.light-style.eu\/Blog\/so-schoen-ist-deutschland\/elbsandsteingebirge-4681\/#main\" data-orig-file=\"https:\/\/i0.wp.com\/www.light-style.eu\/Blog\/wp-content\/uploads\/2021\/10\/Elbsandsteingebirge-4681.jpg?fit=800%2C1200&amp;ssl=1\" data-orig-size=\"800,1200\" data-comments-opened=\"1\" data-image-meta=\"{&quot;aperture&quot;:&quot;0&quot;,&quot;credit&quot;:&quot;Fotostudio Light-Style\\rAndi Moel&quot;,&quot;camera&quot;:&quot;&quot;,&quot;caption&quot;:&quot;&quot;,&quot;created_timestamp&quot;:&quot;0&quot;,&quot;copyright&quot;:&quot;www.light-style.eu&quot;,&quot;focal_length&quot;:&quot;0&quot;,&quot;iso&quot;:&quot;0&quot;,&quot;shutter_speed&quot;:&quot;0&quot;,&quot;title&quot;:&quot;&quot;,&quot;orientation&quot;:&quot;0&quot;}\" data-image-title=\"Elbsandsteingebirge-4681\" data-image-description=\"\" data-image-caption=\"\" data-large-file=\"https:\/\/i0.wp.com\/www.light-style.eu\/Blog\/wp-content\/uploads\/2021\/10\/Elbsandsteingebirge-4681.jpg?fit=800%2C1200&amp;ssl=1\" role=\"button\" tabindex=\"0\" aria-label=\"Bild\u00a061 von 73 im Vollbildmodus \u00f6ffnen\"srcset=\"https:\/\/i1.wp.com\/www.light-style.eu\/Blog\/wp-content\/uploads\/2021\/10\/Elbsandsteingebirge-4681.jpg?strip=info&#038;w=600&#038;ssl=1 600w,https:\/\/i1.wp.com\/www.light-style.eu\/Blog\/wp-content\/uploads\/2021\/10\/Elbsandsteingebirge-4681.jpg?strip=info&#038;w=800&#038;ssl=1 800w\" alt=\"\" data-height=\"1200\" data-id=\"6259\" data-link=\"https:\/\/www.light-style.eu\/Blog\/?attachment_id=6259\" data-url=\"https:\/\/www.light-style.eu\/Blog\/wp-content\/uploads\/2021\/10\/Elbsandsteingebirge-4681.jpg\" data-width=\"800\" src=\"https:\/\/i1.wp.com\/www.light-style.eu\/Blog\/wp-content\/uploads\/2021\/10\/Elbsandsteingebirge-4681.jpg?ssl=1\" data-amp-layout=\"responsive\"\/><\/figure><\/div><\/div><div class=\"tiled-gallery__row\"><div class=\"tiled-gallery__col\" style=\"flex-basis:66.78744%\"><figure class=\"tiled-gallery__item\"><img decoding=\"async\" data-attachment-id=\"6260\" data-permalink=\"https:\/\/www.light-style.eu\/Blog\/so-schoen-ist-deutschland\/elbsandsteingebirge-4697-1\/#main\" data-orig-file=\"https:\/\/i0.wp.com\/www.light-style.eu\/Blog\/wp-content\/uploads\/2021\/10\/Elbsandsteingebirge-4697-1.jpg?fit=1200%2C800&amp;ssl=1\" data-orig-size=\"1200,800\" data-comments-opened=\"1\" data-image-meta=\"{&quot;aperture&quot;:&quot;0&quot;,&quot;credit&quot;:&quot;Fotostudio Light-Style\\rAndi Moel&quot;,&quot;camera&quot;:&quot;&quot;,&quot;caption&quot;:&quot;&quot;,&quot;created_timestamp&quot;:&quot;0&quot;,&quot;copyright&quot;:&quot;www.light-style.eu&quot;,&quot;focal_length&quot;:&quot;0&quot;,&quot;iso&quot;:&quot;0&quot;,&quot;shutter_speed&quot;:&quot;0&quot;,&quot;title&quot;:&quot;&quot;,&quot;orientation&quot;:&quot;0&quot;}\" data-image-title=\"Elbsandsteingebirge-4697-1\" data-image-description=\"\" data-image-caption=\"\" data-large-file=\"https:\/\/i0.wp.com\/www.light-style.eu\/Blog\/wp-content\/uploads\/2021\/10\/Elbsandsteingebirge-4697-1.jpg?fit=1170%2C780&amp;ssl=1\" data-attachment-id=\"6260\" data-permalink=\"https:\/\/www.light-style.eu\/Blog\/so-schoen-ist-deutschland\/elbsandsteingebirge-4697-1\/#main\" data-orig-file=\"https:\/\/i0.wp.com\/www.light-style.eu\/Blog\/wp-content\/uploads\/2021\/10\/Elbsandsteingebirge-4697-1.jpg?fit=1200%2C800&amp;ssl=1\" data-orig-size=\"1200,800\" data-comments-opened=\"1\" data-image-meta=\"{&quot;aperture&quot;:&quot;0&quot;,&quot;credit&quot;:&quot;Fotostudio Light-Style\\rAndi Moel&quot;,&quot;camera&quot;:&quot;&quot;,&quot;caption&quot;:&quot;&quot;,&quot;created_timestamp&quot;:&quot;0&quot;,&quot;copyright&quot;:&quot;www.light-style.eu&quot;,&quot;focal_length&quot;:&quot;0&quot;,&quot;iso&quot;:&quot;0&quot;,&quot;shutter_speed&quot;:&quot;0&quot;,&quot;title&quot;:&quot;&quot;,&quot;orientation&quot;:&quot;0&quot;}\" data-image-title=\"Elbsandsteingebirge-4697-1\" data-image-description=\"\" data-image-caption=\"\" data-large-file=\"https:\/\/i0.wp.com\/www.light-style.eu\/Blog\/wp-content\/uploads\/2021\/10\/Elbsandsteingebirge-4697-1.jpg?fit=1170%2C780&amp;ssl=1\" role=\"button\" tabindex=\"0\" aria-label=\"Bild\u00a062 von 73 im Vollbildmodus \u00f6ffnen\"srcset=\"https:\/\/i2.wp.com\/www.light-style.eu\/Blog\/wp-content\/uploads\/2021\/10\/Elbsandsteingebirge-4697-1.jpg?strip=info&#038;w=600&#038;ssl=1 600w,https:\/\/i2.wp.com\/www.light-style.eu\/Blog\/wp-content\/uploads\/2021\/10\/Elbsandsteingebirge-4697-1.jpg?strip=info&#038;w=900&#038;ssl=1 900w,https:\/\/i2.wp.com\/www.light-style.eu\/Blog\/wp-content\/uploads\/2021\/10\/Elbsandsteingebirge-4697-1.jpg?strip=info&#038;w=1200&#038;ssl=1 1200w\" alt=\"\" data-height=\"800\" data-id=\"6260\" data-link=\"https:\/\/www.light-style.eu\/Blog\/?attachment_id=6260\" data-url=\"https:\/\/www.light-style.eu\/Blog\/wp-content\/uploads\/2021\/10\/Elbsandsteingebirge-4697-1.jpg\" data-width=\"1200\" src=\"https:\/\/i2.wp.com\/www.light-style.eu\/Blog\/wp-content\/uploads\/2021\/10\/Elbsandsteingebirge-4697-1.jpg?ssl=1\" data-amp-layout=\"responsive\"\/><\/figure><\/div><div class=\"tiled-gallery__col\" style=\"flex-basis:33.21256%\"><figure class=\"tiled-gallery__item\"><img decoding=\"async\" data-attachment-id=\"6261\" data-permalink=\"https:\/\/www.light-style.eu\/Blog\/so-schoen-ist-deutschland\/elbsandsteingebirge-4700\/#main\" data-orig-file=\"https:\/\/i0.wp.com\/www.light-style.eu\/Blog\/wp-content\/uploads\/2021\/10\/Elbsandsteingebirge-4700.jpg?fit=1200%2C800&amp;ssl=1\" data-orig-size=\"1200,800\" data-comments-opened=\"1\" data-image-meta=\"{&quot;aperture&quot;:&quot;0&quot;,&quot;credit&quot;:&quot;Fotostudio Light-Style\\rAndi Moel&quot;,&quot;camera&quot;:&quot;&quot;,&quot;caption&quot;:&quot;&quot;,&quot;created_timestamp&quot;:&quot;0&quot;,&quot;copyright&quot;:&quot;www.light-style.eu&quot;,&quot;focal_length&quot;:&quot;0&quot;,&quot;iso&quot;:&quot;0&quot;,&quot;shutter_speed&quot;:&quot;0&quot;,&quot;title&quot;:&quot;&quot;,&quot;orientation&quot;:&quot;0&quot;}\" data-image-title=\"Elbsandsteingebirge-4700\" data-image-description=\"\" data-image-caption=\"\" data-large-file=\"https:\/\/i0.wp.com\/www.light-style.eu\/Blog\/wp-content\/uploads\/2021\/10\/Elbsandsteingebirge-4700.jpg?fit=1170%2C780&amp;ssl=1\" data-attachment-id=\"6261\" data-permalink=\"https:\/\/www.light-style.eu\/Blog\/so-schoen-ist-deutschland\/elbsandsteingebirge-4700\/#main\" data-orig-file=\"https:\/\/i0.wp.com\/www.light-style.eu\/Blog\/wp-content\/uploads\/2021\/10\/Elbsandsteingebirge-4700.jpg?fit=1200%2C800&amp;ssl=1\" data-orig-size=\"1200,800\" data-comments-opened=\"1\" data-image-meta=\"{&quot;aperture&quot;:&quot;0&quot;,&quot;credit&quot;:&quot;Fotostudio Light-Style\\rAndi Moel&quot;,&quot;camera&quot;:&quot;&quot;,&quot;caption&quot;:&quot;&quot;,&quot;created_timestamp&quot;:&quot;0&quot;,&quot;copyright&quot;:&quot;www.light-style.eu&quot;,&quot;focal_length&quot;:&quot;0&quot;,&quot;iso&quot;:&quot;0&quot;,&quot;shutter_speed&quot;:&quot;0&quot;,&quot;title&quot;:&quot;&quot;,&quot;orientation&quot;:&quot;0&quot;}\" data-image-title=\"Elbsandsteingebirge-4700\" data-image-description=\"\" data-image-caption=\"\" data-large-file=\"https:\/\/i0.wp.com\/www.light-style.eu\/Blog\/wp-content\/uploads\/2021\/10\/Elbsandsteingebirge-4700.jpg?fit=1170%2C780&amp;ssl=1\" role=\"button\" tabindex=\"0\" aria-label=\"Bild\u00a063 von 73 im Vollbildmodus \u00f6ffnen\"srcset=\"https:\/\/i2.wp.com\/www.light-style.eu\/Blog\/wp-content\/uploads\/2021\/10\/Elbsandsteingebirge-4700.jpg?strip=info&#038;w=600&#038;ssl=1 600w,https:\/\/i2.wp.com\/www.light-style.eu\/Blog\/wp-content\/uploads\/2021\/10\/Elbsandsteingebirge-4700.jpg?strip=info&#038;w=900&#038;ssl=1 900w,https:\/\/i2.wp.com\/www.light-style.eu\/Blog\/wp-content\/uploads\/2021\/10\/Elbsandsteingebirge-4700.jpg?strip=info&#038;w=1200&#038;ssl=1 1200w\" alt=\"\" data-height=\"800\" data-id=\"6261\" data-link=\"https:\/\/www.light-style.eu\/Blog\/?attachment_id=6261\" data-url=\"https:\/\/www.light-style.eu\/Blog\/wp-content\/uploads\/2021\/10\/Elbsandsteingebirge-4700.jpg\" data-width=\"1200\" src=\"https:\/\/i2.wp.com\/www.light-style.eu\/Blog\/wp-content\/uploads\/2021\/10\/Elbsandsteingebirge-4700.jpg?ssl=1\" data-amp-layout=\"responsive\"\/><\/figure><figure class=\"tiled-gallery__item\"><img decoding=\"async\" data-attachment-id=\"6262\" data-permalink=\"https:\/\/www.light-style.eu\/Blog\/so-schoen-ist-deutschland\/elbsandsteingebirge-4839-1\/#main\" data-orig-file=\"https:\/\/i0.wp.com\/www.light-style.eu\/Blog\/wp-content\/uploads\/2021\/10\/Elbsandsteingebirge-4839-1.jpg?fit=1200%2C800&amp;ssl=1\" data-orig-size=\"1200,800\" data-comments-opened=\"1\" data-image-meta=\"{&quot;aperture&quot;:&quot;0&quot;,&quot;credit&quot;:&quot;Fotostudio Light-Style\\rAndi Moel&quot;,&quot;camera&quot;:&quot;&quot;,&quot;caption&quot;:&quot;&quot;,&quot;created_timestamp&quot;:&quot;0&quot;,&quot;copyright&quot;:&quot;www.light-style.eu&quot;,&quot;focal_length&quot;:&quot;0&quot;,&quot;iso&quot;:&quot;0&quot;,&quot;shutter_speed&quot;:&quot;0&quot;,&quot;title&quot;:&quot;&quot;,&quot;orientation&quot;:&quot;0&quot;}\" data-image-title=\"Elbsandsteingebirge-4839-1\" data-image-description=\"\" data-image-caption=\"\" data-large-file=\"https:\/\/i0.wp.com\/www.light-style.eu\/Blog\/wp-content\/uploads\/2021\/10\/Elbsandsteingebirge-4839-1.jpg?fit=1170%2C780&amp;ssl=1\" data-attachment-id=\"6262\" data-permalink=\"https:\/\/www.light-style.eu\/Blog\/so-schoen-ist-deutschland\/elbsandsteingebirge-4839-1\/#main\" data-orig-file=\"https:\/\/i0.wp.com\/www.light-style.eu\/Blog\/wp-content\/uploads\/2021\/10\/Elbsandsteingebirge-4839-1.jpg?fit=1200%2C800&amp;ssl=1\" data-orig-size=\"1200,800\" data-comments-opened=\"1\" data-image-meta=\"{&quot;aperture&quot;:&quot;0&quot;,&quot;credit&quot;:&quot;Fotostudio Light-Style\\rAndi Moel&quot;,&quot;camera&quot;:&quot;&quot;,&quot;caption&quot;:&quot;&quot;,&quot;created_timestamp&quot;:&quot;0&quot;,&quot;copyright&quot;:&quot;www.light-style.eu&quot;,&quot;focal_length&quot;:&quot;0&quot;,&quot;iso&quot;:&quot;0&quot;,&quot;shutter_speed&quot;:&quot;0&quot;,&quot;title&quot;:&quot;&quot;,&quot;orientation&quot;:&quot;0&quot;}\" data-image-title=\"Elbsandsteingebirge-4839-1\" data-image-description=\"\" data-image-caption=\"\" data-large-file=\"https:\/\/i0.wp.com\/www.light-style.eu\/Blog\/wp-content\/uploads\/2021\/10\/Elbsandsteingebirge-4839-1.jpg?fit=1170%2C780&amp;ssl=1\" role=\"button\" tabindex=\"0\" aria-label=\"Bild\u00a064 von 73 im Vollbildmodus \u00f6ffnen\"srcset=\"https:\/\/i1.wp.com\/www.light-style.eu\/Blog\/wp-content\/uploads\/2021\/10\/Elbsandsteingebirge-4839-1.jpg?strip=info&#038;w=600&#038;ssl=1 600w,https:\/\/i1.wp.com\/www.light-style.eu\/Blog\/wp-content\/uploads\/2021\/10\/Elbsandsteingebirge-4839-1.jpg?strip=info&#038;w=900&#038;ssl=1 900w,https:\/\/i1.wp.com\/www.light-style.eu\/Blog\/wp-content\/uploads\/2021\/10\/Elbsandsteingebirge-4839-1.jpg?strip=info&#038;w=1200&#038;ssl=1 1200w\" alt=\"\" data-height=\"800\" data-id=\"6262\" data-link=\"https:\/\/www.light-style.eu\/Blog\/?attachment_id=6262\" data-url=\"https:\/\/www.light-style.eu\/Blog\/wp-content\/uploads\/2021\/10\/Elbsandsteingebirge-4839-1.jpg\" data-width=\"1200\" src=\"https:\/\/i1.wp.com\/www.light-style.eu\/Blog\/wp-content\/uploads\/2021\/10\/Elbsandsteingebirge-4839-1.jpg?ssl=1\" data-amp-layout=\"responsive\"\/><\/figure><\/div><\/div><div class=\"tiled-gallery__row\"><div class=\"tiled-gallery__col\" style=\"flex-basis:50.00000%\"><figure class=\"tiled-gallery__item\"><img decoding=\"async\" data-attachment-id=\"6263\" data-permalink=\"https:\/\/www.light-style.eu\/Blog\/so-schoen-ist-deutschland\/elbsandsteingebirge-4912-1\/#main\" data-orig-file=\"https:\/\/i0.wp.com\/www.light-style.eu\/Blog\/wp-content\/uploads\/2021\/10\/Elbsandsteingebirge-4912-1.jpg?fit=1200%2C800&amp;ssl=1\" data-orig-size=\"1200,800\" data-comments-opened=\"1\" data-image-meta=\"{&quot;aperture&quot;:&quot;0&quot;,&quot;credit&quot;:&quot;Fotostudio Light-Style\\rAndi Moel&quot;,&quot;camera&quot;:&quot;&quot;,&quot;caption&quot;:&quot;&quot;,&quot;created_timestamp&quot;:&quot;0&quot;,&quot;copyright&quot;:&quot;www.light-style.eu&quot;,&quot;focal_length&quot;:&quot;0&quot;,&quot;iso&quot;:&quot;0&quot;,&quot;shutter_speed&quot;:&quot;0&quot;,&quot;title&quot;:&quot;&quot;,&quot;orientation&quot;:&quot;0&quot;}\" data-image-title=\"Elbsandsteingebirge-4912-1\" data-image-description=\"\" data-image-caption=\"\" data-large-file=\"https:\/\/i0.wp.com\/www.light-style.eu\/Blog\/wp-content\/uploads\/2021\/10\/Elbsandsteingebirge-4912-1.jpg?fit=1170%2C780&amp;ssl=1\" data-attachment-id=\"6263\" data-permalink=\"https:\/\/www.light-style.eu\/Blog\/so-schoen-ist-deutschland\/elbsandsteingebirge-4912-1\/#main\" data-orig-file=\"https:\/\/i0.wp.com\/www.light-style.eu\/Blog\/wp-content\/uploads\/2021\/10\/Elbsandsteingebirge-4912-1.jpg?fit=1200%2C800&amp;ssl=1\" data-orig-size=\"1200,800\" data-comments-opened=\"1\" data-image-meta=\"{&quot;aperture&quot;:&quot;0&quot;,&quot;credit&quot;:&quot;Fotostudio Light-Style\\rAndi Moel&quot;,&quot;camera&quot;:&quot;&quot;,&quot;caption&quot;:&quot;&quot;,&quot;created_timestamp&quot;:&quot;0&quot;,&quot;copyright&quot;:&quot;www.light-style.eu&quot;,&quot;focal_length&quot;:&quot;0&quot;,&quot;iso&quot;:&quot;0&quot;,&quot;shutter_speed&quot;:&quot;0&quot;,&quot;title&quot;:&quot;&quot;,&quot;orientation&quot;:&quot;0&quot;}\" data-image-title=\"Elbsandsteingebirge-4912-1\" data-image-description=\"\" data-image-caption=\"\" data-large-file=\"https:\/\/i0.wp.com\/www.light-style.eu\/Blog\/wp-content\/uploads\/2021\/10\/Elbsandsteingebirge-4912-1.jpg?fit=1170%2C780&amp;ssl=1\" role=\"button\" tabindex=\"0\" aria-label=\"Bild\u00a065 von 73 im Vollbildmodus \u00f6ffnen\"srcset=\"https:\/\/i2.wp.com\/www.light-style.eu\/Blog\/wp-content\/uploads\/2021\/10\/Elbsandsteingebirge-4912-1.jpg?strip=info&#038;w=600&#038;ssl=1 600w,https:\/\/i2.wp.com\/www.light-style.eu\/Blog\/wp-content\/uploads\/2021\/10\/Elbsandsteingebirge-4912-1.jpg?strip=info&#038;w=900&#038;ssl=1 900w,https:\/\/i2.wp.com\/www.light-style.eu\/Blog\/wp-content\/uploads\/2021\/10\/Elbsandsteingebirge-4912-1.jpg?strip=info&#038;w=1200&#038;ssl=1 1200w\" alt=\"\" data-height=\"800\" data-id=\"6263\" data-link=\"https:\/\/www.light-style.eu\/Blog\/?attachment_id=6263\" data-url=\"https:\/\/www.light-style.eu\/Blog\/wp-content\/uploads\/2021\/10\/Elbsandsteingebirge-4912-1.jpg\" data-width=\"1200\" src=\"https:\/\/i2.wp.com\/www.light-style.eu\/Blog\/wp-content\/uploads\/2021\/10\/Elbsandsteingebirge-4912-1.jpg?ssl=1\" data-amp-layout=\"responsive\"\/><\/figure><\/div><div class=\"tiled-gallery__col\" style=\"flex-basis:50.00000%\"><figure class=\"tiled-gallery__item\"><img decoding=\"async\" data-attachment-id=\"6264\" data-permalink=\"https:\/\/www.light-style.eu\/Blog\/so-schoen-ist-deutschland\/elbsandsteingebirge-4980\/#main\" data-orig-file=\"https:\/\/i0.wp.com\/www.light-style.eu\/Blog\/wp-content\/uploads\/2021\/10\/Elbsandsteingebirge-4980.jpg?fit=1200%2C800&amp;ssl=1\" data-orig-size=\"1200,800\" data-comments-opened=\"1\" data-image-meta=\"{&quot;aperture&quot;:&quot;0&quot;,&quot;credit&quot;:&quot;Fotostudio Light-Style\\rAndi Moel&quot;,&quot;camera&quot;:&quot;&quot;,&quot;caption&quot;:&quot;&quot;,&quot;created_timestamp&quot;:&quot;0&quot;,&quot;copyright&quot;:&quot;www.light-style.eu&quot;,&quot;focal_length&quot;:&quot;0&quot;,&quot;iso&quot;:&quot;0&quot;,&quot;shutter_speed&quot;:&quot;0&quot;,&quot;title&quot;:&quot;&quot;,&quot;orientation&quot;:&quot;0&quot;}\" data-image-title=\"Elbsandsteingebirge-4980\" data-image-description=\"\" data-image-caption=\"\" data-large-file=\"https:\/\/i0.wp.com\/www.light-style.eu\/Blog\/wp-content\/uploads\/2021\/10\/Elbsandsteingebirge-4980.jpg?fit=1170%2C780&amp;ssl=1\" data-attachment-id=\"6264\" data-permalink=\"https:\/\/www.light-style.eu\/Blog\/so-schoen-ist-deutschland\/elbsandsteingebirge-4980\/#main\" data-orig-file=\"https:\/\/i0.wp.com\/www.light-style.eu\/Blog\/wp-content\/uploads\/2021\/10\/Elbsandsteingebirge-4980.jpg?fit=1200%2C800&amp;ssl=1\" data-orig-size=\"1200,800\" data-comments-opened=\"1\" data-image-meta=\"{&quot;aperture&quot;:&quot;0&quot;,&quot;credit&quot;:&quot;Fotostudio Light-Style\\rAndi Moel&quot;,&quot;camera&quot;:&quot;&quot;,&quot;caption&quot;:&quot;&quot;,&quot;created_timestamp&quot;:&quot;0&quot;,&quot;copyright&quot;:&quot;www.light-style.eu&quot;,&quot;focal_length&quot;:&quot;0&quot;,&quot;iso&quot;:&quot;0&quot;,&quot;shutter_speed&quot;:&quot;0&quot;,&quot;title&quot;:&quot;&quot;,&quot;orientation&quot;:&quot;0&quot;}\" data-image-title=\"Elbsandsteingebirge-4980\" data-image-description=\"\" data-image-caption=\"\" data-large-file=\"https:\/\/i0.wp.com\/www.light-style.eu\/Blog\/wp-content\/uploads\/2021\/10\/Elbsandsteingebirge-4980.jpg?fit=1170%2C780&amp;ssl=1\" role=\"button\" tabindex=\"0\" aria-label=\"Bild\u00a066 von 73 im Vollbildmodus \u00f6ffnen\"srcset=\"https:\/\/i1.wp.com\/www.light-style.eu\/Blog\/wp-content\/uploads\/2021\/10\/Elbsandsteingebirge-4980.jpg?strip=info&#038;w=600&#038;ssl=1 600w,https:\/\/i1.wp.com\/www.light-style.eu\/Blog\/wp-content\/uploads\/2021\/10\/Elbsandsteingebirge-4980.jpg?strip=info&#038;w=900&#038;ssl=1 900w,https:\/\/i1.wp.com\/www.light-style.eu\/Blog\/wp-content\/uploads\/2021\/10\/Elbsandsteingebirge-4980.jpg?strip=info&#038;w=1200&#038;ssl=1 1200w\" alt=\"\" data-height=\"800\" data-id=\"6264\" data-link=\"https:\/\/www.light-style.eu\/Blog\/?attachment_id=6264\" data-url=\"https:\/\/www.light-style.eu\/Blog\/wp-content\/uploads\/2021\/10\/Elbsandsteingebirge-4980.jpg\" data-width=\"1200\" src=\"https:\/\/i1.wp.com\/www.light-style.eu\/Blog\/wp-content\/uploads\/2021\/10\/Elbsandsteingebirge-4980.jpg?ssl=1\" data-amp-layout=\"responsive\"\/><\/figure><\/div><\/div><div class=\"tiled-gallery__row\"><div class=\"tiled-gallery__col\" style=\"flex-basis:19.07303%\"><figure class=\"tiled-gallery__item\"><img decoding=\"async\" data-attachment-id=\"6265\" data-permalink=\"https:\/\/www.light-style.eu\/Blog\/so-schoen-ist-deutschland\/elbsandsteingebirge-5020\/#main\" data-orig-file=\"https:\/\/i0.wp.com\/www.light-style.eu\/Blog\/wp-content\/uploads\/2021\/10\/Elbsandsteingebirge-5020.jpg?fit=800%2C1200&amp;ssl=1\" data-orig-size=\"800,1200\" data-comments-opened=\"1\" data-image-meta=\"{&quot;aperture&quot;:&quot;0&quot;,&quot;credit&quot;:&quot;Fotostudio Light-Style\\rAndi Moel&quot;,&quot;camera&quot;:&quot;&quot;,&quot;caption&quot;:&quot;&quot;,&quot;created_timestamp&quot;:&quot;0&quot;,&quot;copyright&quot;:&quot;www.light-style.eu&quot;,&quot;focal_length&quot;:&quot;0&quot;,&quot;iso&quot;:&quot;0&quot;,&quot;shutter_speed&quot;:&quot;0&quot;,&quot;title&quot;:&quot;&quot;,&quot;orientation&quot;:&quot;0&quot;}\" data-image-title=\"Elbsandsteingebirge-5020\" data-image-description=\"\" data-image-caption=\"\" data-large-file=\"https:\/\/i0.wp.com\/www.light-style.eu\/Blog\/wp-content\/uploads\/2021\/10\/Elbsandsteingebirge-5020.jpg?fit=800%2C1200&amp;ssl=1\" data-attachment-id=\"6265\" data-permalink=\"https:\/\/www.light-style.eu\/Blog\/so-schoen-ist-deutschland\/elbsandsteingebirge-5020\/#main\" data-orig-file=\"https:\/\/i0.wp.com\/www.light-style.eu\/Blog\/wp-content\/uploads\/2021\/10\/Elbsandsteingebirge-5020.jpg?fit=800%2C1200&amp;ssl=1\" data-orig-size=\"800,1200\" data-comments-opened=\"1\" data-image-meta=\"{&quot;aperture&quot;:&quot;0&quot;,&quot;credit&quot;:&quot;Fotostudio Light-Style\\rAndi Moel&quot;,&quot;camera&quot;:&quot;&quot;,&quot;caption&quot;:&quot;&quot;,&quot;created_timestamp&quot;:&quot;0&quot;,&quot;copyright&quot;:&quot;www.light-style.eu&quot;,&quot;focal_length&quot;:&quot;0&quot;,&quot;iso&quot;:&quot;0&quot;,&quot;shutter_speed&quot;:&quot;0&quot;,&quot;title&quot;:&quot;&quot;,&quot;orientation&quot;:&quot;0&quot;}\" data-image-title=\"Elbsandsteingebirge-5020\" data-image-description=\"\" data-image-caption=\"\" data-large-file=\"https:\/\/i0.wp.com\/www.light-style.eu\/Blog\/wp-content\/uploads\/2021\/10\/Elbsandsteingebirge-5020.jpg?fit=800%2C1200&amp;ssl=1\" role=\"button\" tabindex=\"0\" aria-label=\"Bild\u00a067 von 73 im Vollbildmodus \u00f6ffnen\"srcset=\"https:\/\/i2.wp.com\/www.light-style.eu\/Blog\/wp-content\/uploads\/2021\/10\/Elbsandsteingebirge-5020.jpg?strip=info&#038;w=600&#038;ssl=1 600w,https:\/\/i2.wp.com\/www.light-style.eu\/Blog\/wp-content\/uploads\/2021\/10\/Elbsandsteingebirge-5020.jpg?strip=info&#038;w=800&#038;ssl=1 800w\" alt=\"\" data-height=\"1200\" data-id=\"6265\" data-link=\"https:\/\/www.light-style.eu\/Blog\/?attachment_id=6265\" data-url=\"https:\/\/www.light-style.eu\/Blog\/wp-content\/uploads\/2021\/10\/Elbsandsteingebirge-5020.jpg\" data-width=\"800\" src=\"https:\/\/i2.wp.com\/www.light-style.eu\/Blog\/wp-content\/uploads\/2021\/10\/Elbsandsteingebirge-5020.jpg?ssl=1\" data-amp-layout=\"responsive\"\/><\/figure><\/div><div class=\"tiled-gallery__col\" style=\"flex-basis:42.78092%\"><figure class=\"tiled-gallery__item\"><img decoding=\"async\" data-attachment-id=\"6266\" data-permalink=\"https:\/\/www.light-style.eu\/Blog\/so-schoen-ist-deutschland\/elbsandsteingebirge-5025-1\/#main\" data-orig-file=\"https:\/\/i0.wp.com\/www.light-style.eu\/Blog\/wp-content\/uploads\/2021\/10\/Elbsandsteingebirge-5025-1.jpg?fit=1200%2C800&amp;ssl=1\" data-orig-size=\"1200,800\" data-comments-opened=\"1\" data-image-meta=\"{&quot;aperture&quot;:&quot;0&quot;,&quot;credit&quot;:&quot;Fotostudio Light-Style\\rAndi Moel&quot;,&quot;camera&quot;:&quot;&quot;,&quot;caption&quot;:&quot;&quot;,&quot;created_timestamp&quot;:&quot;0&quot;,&quot;copyright&quot;:&quot;www.light-style.eu&quot;,&quot;focal_length&quot;:&quot;0&quot;,&quot;iso&quot;:&quot;0&quot;,&quot;shutter_speed&quot;:&quot;0&quot;,&quot;title&quot;:&quot;&quot;,&quot;orientation&quot;:&quot;0&quot;}\" data-image-title=\"Elbsandsteingebirge-5025-1\" data-image-description=\"\" data-image-caption=\"\" data-large-file=\"https:\/\/i0.wp.com\/www.light-style.eu\/Blog\/wp-content\/uploads\/2021\/10\/Elbsandsteingebirge-5025-1.jpg?fit=1170%2C780&amp;ssl=1\" data-attachment-id=\"6266\" data-permalink=\"https:\/\/www.light-style.eu\/Blog\/so-schoen-ist-deutschland\/elbsandsteingebirge-5025-1\/#main\" data-orig-file=\"https:\/\/i0.wp.com\/www.light-style.eu\/Blog\/wp-content\/uploads\/2021\/10\/Elbsandsteingebirge-5025-1.jpg?fit=1200%2C800&amp;ssl=1\" data-orig-size=\"1200,800\" data-comments-opened=\"1\" data-image-meta=\"{&quot;aperture&quot;:&quot;0&quot;,&quot;credit&quot;:&quot;Fotostudio Light-Style\\rAndi Moel&quot;,&quot;camera&quot;:&quot;&quot;,&quot;caption&quot;:&quot;&quot;,&quot;created_timestamp&quot;:&quot;0&quot;,&quot;copyright&quot;:&quot;www.light-style.eu&quot;,&quot;focal_length&quot;:&quot;0&quot;,&quot;iso&quot;:&quot;0&quot;,&quot;shutter_speed&quot;:&quot;0&quot;,&quot;title&quot;:&quot;&quot;,&quot;orientation&quot;:&quot;0&quot;}\" data-image-title=\"Elbsandsteingebirge-5025-1\" data-image-description=\"\" data-image-caption=\"\" data-large-file=\"https:\/\/i0.wp.com\/www.light-style.eu\/Blog\/wp-content\/uploads\/2021\/10\/Elbsandsteingebirge-5025-1.jpg?fit=1170%2C780&amp;ssl=1\" role=\"button\" tabindex=\"0\" aria-label=\"Bild\u00a068 von 73 im Vollbildmodus \u00f6ffnen\"srcset=\"https:\/\/i2.wp.com\/www.light-style.eu\/Blog\/wp-content\/uploads\/2021\/10\/Elbsandsteingebirge-5025-1.jpg?strip=info&#038;w=600&#038;ssl=1 600w,https:\/\/i2.wp.com\/www.light-style.eu\/Blog\/wp-content\/uploads\/2021\/10\/Elbsandsteingebirge-5025-1.jpg?strip=info&#038;w=900&#038;ssl=1 900w,https:\/\/i2.wp.com\/www.light-style.eu\/Blog\/wp-content\/uploads\/2021\/10\/Elbsandsteingebirge-5025-1.jpg?strip=info&#038;w=1200&#038;ssl=1 1200w\" alt=\"\" data-height=\"800\" data-id=\"6266\" data-link=\"https:\/\/www.light-style.eu\/Blog\/?attachment_id=6266\" data-url=\"https:\/\/www.light-style.eu\/Blog\/wp-content\/uploads\/2021\/10\/Elbsandsteingebirge-5025-1.jpg\" data-width=\"1200\" src=\"https:\/\/i2.wp.com\/www.light-style.eu\/Blog\/wp-content\/uploads\/2021\/10\/Elbsandsteingebirge-5025-1.jpg?ssl=1\" data-amp-layout=\"responsive\"\/><\/figure><\/div><div class=\"tiled-gallery__col\" style=\"flex-basis:19.07303%\"><figure class=\"tiled-gallery__item\"><img decoding=\"async\" data-attachment-id=\"6267\" data-permalink=\"https:\/\/www.light-style.eu\/Blog\/so-schoen-ist-deutschland\/elbsandsteingebirge-5035-1\/#main\" data-orig-file=\"https:\/\/i0.wp.com\/www.light-style.eu\/Blog\/wp-content\/uploads\/2021\/10\/Elbsandsteingebirge-5035-1.jpg?fit=800%2C1200&amp;ssl=1\" data-orig-size=\"800,1200\" data-comments-opened=\"1\" data-image-meta=\"{&quot;aperture&quot;:&quot;0&quot;,&quot;credit&quot;:&quot;Fotostudio Light-Style\\rAndi Moel&quot;,&quot;camera&quot;:&quot;&quot;,&quot;caption&quot;:&quot;&quot;,&quot;created_timestamp&quot;:&quot;0&quot;,&quot;copyright&quot;:&quot;www.light-style.eu&quot;,&quot;focal_length&quot;:&quot;0&quot;,&quot;iso&quot;:&quot;0&quot;,&quot;shutter_speed&quot;:&quot;0&quot;,&quot;title&quot;:&quot;&quot;,&quot;orientation&quot;:&quot;0&quot;}\" data-image-title=\"Elbsandsteingebirge-5035-1\" data-image-description=\"\" data-image-caption=\"\" data-large-file=\"https:\/\/i0.wp.com\/www.light-style.eu\/Blog\/wp-content\/uploads\/2021\/10\/Elbsandsteingebirge-5035-1.jpg?fit=800%2C1200&amp;ssl=1\" data-attachment-id=\"6267\" data-permalink=\"https:\/\/www.light-style.eu\/Blog\/so-schoen-ist-deutschland\/elbsandsteingebirge-5035-1\/#main\" data-orig-file=\"https:\/\/i0.wp.com\/www.light-style.eu\/Blog\/wp-content\/uploads\/2021\/10\/Elbsandsteingebirge-5035-1.jpg?fit=800%2C1200&amp;ssl=1\" data-orig-size=\"800,1200\" data-comments-opened=\"1\" data-image-meta=\"{&quot;aperture&quot;:&quot;0&quot;,&quot;credit&quot;:&quot;Fotostudio Light-Style\\rAndi Moel&quot;,&quot;camera&quot;:&quot;&quot;,&quot;caption&quot;:&quot;&quot;,&quot;created_timestamp&quot;:&quot;0&quot;,&quot;copyright&quot;:&quot;www.light-style.eu&quot;,&quot;focal_length&quot;:&quot;0&quot;,&quot;iso&quot;:&quot;0&quot;,&quot;shutter_speed&quot;:&quot;0&quot;,&quot;title&quot;:&quot;&quot;,&quot;orientation&quot;:&quot;0&quot;}\" data-image-title=\"Elbsandsteingebirge-5035-1\" data-image-description=\"\" data-image-caption=\"\" data-large-file=\"https:\/\/i0.wp.com\/www.light-style.eu\/Blog\/wp-content\/uploads\/2021\/10\/Elbsandsteingebirge-5035-1.jpg?fit=800%2C1200&amp;ssl=1\" role=\"button\" tabindex=\"0\" aria-label=\"Bild\u00a069 von 73 im Vollbildmodus \u00f6ffnen\"srcset=\"https:\/\/i2.wp.com\/www.light-style.eu\/Blog\/wp-content\/uploads\/2021\/10\/Elbsandsteingebirge-5035-1.jpg?strip=info&#038;w=600&#038;ssl=1 600w,https:\/\/i2.wp.com\/www.light-style.eu\/Blog\/wp-content\/uploads\/2021\/10\/Elbsandsteingebirge-5035-1.jpg?strip=info&#038;w=800&#038;ssl=1 800w\" alt=\"\" data-height=\"1200\" data-id=\"6267\" data-link=\"https:\/\/www.light-style.eu\/Blog\/?attachment_id=6267\" data-url=\"https:\/\/www.light-style.eu\/Blog\/wp-content\/uploads\/2021\/10\/Elbsandsteingebirge-5035-1.jpg\" data-width=\"800\" src=\"https:\/\/i2.wp.com\/www.light-style.eu\/Blog\/wp-content\/uploads\/2021\/10\/Elbsandsteingebirge-5035-1.jpg?ssl=1\" data-amp-layout=\"responsive\"\/><\/figure><\/div><div class=\"tiled-gallery__col\" style=\"flex-basis:19.07303%\"><figure class=\"tiled-gallery__item\"><img decoding=\"async\" data-attachment-id=\"6268\" data-permalink=\"https:\/\/www.light-style.eu\/Blog\/so-schoen-ist-deutschland\/elbsandsteingebirge-5159\/#main\" data-orig-file=\"https:\/\/i0.wp.com\/www.light-style.eu\/Blog\/wp-content\/uploads\/2021\/10\/Elbsandsteingebirge-5159.jpg?fit=800%2C1200&amp;ssl=1\" data-orig-size=\"800,1200\" data-comments-opened=\"1\" data-image-meta=\"{&quot;aperture&quot;:&quot;0&quot;,&quot;credit&quot;:&quot;Fotostudio Light-Style\\rAndi Moel&quot;,&quot;camera&quot;:&quot;&quot;,&quot;caption&quot;:&quot;&quot;,&quot;created_timestamp&quot;:&quot;0&quot;,&quot;copyright&quot;:&quot;www.light-style.eu&quot;,&quot;focal_length&quot;:&quot;0&quot;,&quot;iso&quot;:&quot;0&quot;,&quot;shutter_speed&quot;:&quot;0&quot;,&quot;title&quot;:&quot;&quot;,&quot;orientation&quot;:&quot;0&quot;}\" data-image-title=\"Elbsandsteingebirge-5159\" data-image-description=\"\" data-image-caption=\"\" data-large-file=\"https:\/\/i0.wp.com\/www.light-style.eu\/Blog\/wp-content\/uploads\/2021\/10\/Elbsandsteingebirge-5159.jpg?fit=800%2C1200&amp;ssl=1\" data-attachment-id=\"6268\" data-permalink=\"https:\/\/www.light-style.eu\/Blog\/so-schoen-ist-deutschland\/elbsandsteingebirge-5159\/#main\" data-orig-file=\"https:\/\/i0.wp.com\/www.light-style.eu\/Blog\/wp-content\/uploads\/2021\/10\/Elbsandsteingebirge-5159.jpg?fit=800%2C1200&amp;ssl=1\" data-orig-size=\"800,1200\" data-comments-opened=\"1\" data-image-meta=\"{&quot;aperture&quot;:&quot;0&quot;,&quot;credit&quot;:&quot;Fotostudio Light-Style\\rAndi Moel&quot;,&quot;camera&quot;:&quot;&quot;,&quot;caption&quot;:&quot;&quot;,&quot;created_timestamp&quot;:&quot;0&quot;,&quot;copyright&quot;:&quot;www.light-style.eu&quot;,&quot;focal_length&quot;:&quot;0&quot;,&quot;iso&quot;:&quot;0&quot;,&quot;shutter_speed&quot;:&quot;0&quot;,&quot;title&quot;:&quot;&quot;,&quot;orientation&quot;:&quot;0&quot;}\" data-image-title=\"Elbsandsteingebirge-5159\" data-image-description=\"\" data-image-caption=\"\" data-large-file=\"https:\/\/i0.wp.com\/www.light-style.eu\/Blog\/wp-content\/uploads\/2021\/10\/Elbsandsteingebirge-5159.jpg?fit=800%2C1200&amp;ssl=1\" role=\"button\" tabindex=\"0\" aria-label=\"Bild\u00a070 von 73 im Vollbildmodus \u00f6ffnen\"srcset=\"https:\/\/i2.wp.com\/www.light-style.eu\/Blog\/wp-content\/uploads\/2021\/10\/Elbsandsteingebirge-5159.jpg?strip=info&#038;w=600&#038;ssl=1 600w,https:\/\/i2.wp.com\/www.light-style.eu\/Blog\/wp-content\/uploads\/2021\/10\/Elbsandsteingebirge-5159.jpg?strip=info&#038;w=800&#038;ssl=1 800w\" alt=\"\" data-height=\"1200\" data-id=\"6268\" data-link=\"https:\/\/www.light-style.eu\/Blog\/?attachment_id=6268\" data-url=\"https:\/\/www.light-style.eu\/Blog\/wp-content\/uploads\/2021\/10\/Elbsandsteingebirge-5159.jpg\" data-width=\"800\" src=\"https:\/\/i2.wp.com\/www.light-style.eu\/Blog\/wp-content\/uploads\/2021\/10\/Elbsandsteingebirge-5159.jpg?ssl=1\" data-amp-layout=\"responsive\"\/><\/figure><\/div><\/div><div class=\"tiled-gallery__row\"><div class=\"tiled-gallery__col\" style=\"flex-basis:33.33333%\"><figure class=\"tiled-gallery__item\"><img decoding=\"async\" data-attachment-id=\"6269\" data-permalink=\"https:\/\/www.light-style.eu\/Blog\/so-schoen-ist-deutschland\/elbsandsteingebirge-5282\/#main\" data-orig-file=\"https:\/\/i0.wp.com\/www.light-style.eu\/Blog\/wp-content\/uploads\/2021\/10\/Elbsandsteingebirge-5282.jpg?fit=1200%2C800&amp;ssl=1\" data-orig-size=\"1200,800\" data-comments-opened=\"1\" data-image-meta=\"{&quot;aperture&quot;:&quot;0&quot;,&quot;credit&quot;:&quot;Fotostudio Light-Style\\rAndi Moel&quot;,&quot;camera&quot;:&quot;&quot;,&quot;caption&quot;:&quot;&quot;,&quot;created_timestamp&quot;:&quot;0&quot;,&quot;copyright&quot;:&quot;www.light-style.eu&quot;,&quot;focal_length&quot;:&quot;0&quot;,&quot;iso&quot;:&quot;0&quot;,&quot;shutter_speed&quot;:&quot;0&quot;,&quot;title&quot;:&quot;&quot;,&quot;orientation&quot;:&quot;0&quot;}\" data-image-title=\"Elbsandsteingebirge-5282\" data-image-description=\"\" data-image-caption=\"\" data-large-file=\"https:\/\/i0.wp.com\/www.light-style.eu\/Blog\/wp-content\/uploads\/2021\/10\/Elbsandsteingebirge-5282.jpg?fit=1170%2C780&amp;ssl=1\" data-attachment-id=\"6269\" data-permalink=\"https:\/\/www.light-style.eu\/Blog\/so-schoen-ist-deutschland\/elbsandsteingebirge-5282\/#main\" data-orig-file=\"https:\/\/i0.wp.com\/www.light-style.eu\/Blog\/wp-content\/uploads\/2021\/10\/Elbsandsteingebirge-5282.jpg?fit=1200%2C800&amp;ssl=1\" data-orig-size=\"1200,800\" data-comments-opened=\"1\" data-image-meta=\"{&quot;aperture&quot;:&quot;0&quot;,&quot;credit&quot;:&quot;Fotostudio Light-Style\\rAndi Moel&quot;,&quot;camera&quot;:&quot;&quot;,&quot;caption&quot;:&quot;&quot;,&quot;created_timestamp&quot;:&quot;0&quot;,&quot;copyright&quot;:&quot;www.light-style.eu&quot;,&quot;focal_length&quot;:&quot;0&quot;,&quot;iso&quot;:&quot;0&quot;,&quot;shutter_speed&quot;:&quot;0&quot;,&quot;title&quot;:&quot;&quot;,&quot;orientation&quot;:&quot;0&quot;}\" data-image-title=\"Elbsandsteingebirge-5282\" data-image-description=\"\" data-image-caption=\"\" data-large-file=\"https:\/\/i0.wp.com\/www.light-style.eu\/Blog\/wp-content\/uploads\/2021\/10\/Elbsandsteingebirge-5282.jpg?fit=1170%2C780&amp;ssl=1\" role=\"button\" tabindex=\"0\" aria-label=\"Bild\u00a071 von 73 im Vollbildmodus \u00f6ffnen\"srcset=\"https:\/\/i0.wp.com\/www.light-style.eu\/Blog\/wp-content\/uploads\/2021\/10\/Elbsandsteingebirge-5282.jpg?strip=info&#038;w=600&#038;ssl=1 600w,https:\/\/i0.wp.com\/www.light-style.eu\/Blog\/wp-content\/uploads\/2021\/10\/Elbsandsteingebirge-5282.jpg?strip=info&#038;w=900&#038;ssl=1 900w,https:\/\/i0.wp.com\/www.light-style.eu\/Blog\/wp-content\/uploads\/2021\/10\/Elbsandsteingebirge-5282.jpg?strip=info&#038;w=1200&#038;ssl=1 1200w\" alt=\"\" data-height=\"800\" data-id=\"6269\" data-link=\"https:\/\/www.light-style.eu\/Blog\/?attachment_id=6269\" data-url=\"https:\/\/www.light-style.eu\/Blog\/wp-content\/uploads\/2021\/10\/Elbsandsteingebirge-5282.jpg\" data-width=\"1200\" src=\"https:\/\/i0.wp.com\/www.light-style.eu\/Blog\/wp-content\/uploads\/2021\/10\/Elbsandsteingebirge-5282.jpg?ssl=1\" data-amp-layout=\"responsive\"\/><\/figure><\/div><div class=\"tiled-gallery__col\" style=\"flex-basis:33.33333%\"><figure class=\"tiled-gallery__item\"><img decoding=\"async\" data-attachment-id=\"6270\" data-permalink=\"https:\/\/www.light-style.eu\/Blog\/so-schoen-ist-deutschland\/elbsandsteingebirge-5342-1\/#main\" data-orig-file=\"https:\/\/i0.wp.com\/www.light-style.eu\/Blog\/wp-content\/uploads\/2021\/10\/Elbsandsteingebirge-5342-1.jpg?fit=1200%2C800&amp;ssl=1\" data-orig-size=\"1200,800\" data-comments-opened=\"1\" data-image-meta=\"{&quot;aperture&quot;:&quot;0&quot;,&quot;credit&quot;:&quot;Fotostudio Light-Style\\rAndi Moel&quot;,&quot;camera&quot;:&quot;&quot;,&quot;caption&quot;:&quot;&quot;,&quot;created_timestamp&quot;:&quot;0&quot;,&quot;copyright&quot;:&quot;www.light-style.eu&quot;,&quot;focal_length&quot;:&quot;0&quot;,&quot;iso&quot;:&quot;0&quot;,&quot;shutter_speed&quot;:&quot;0&quot;,&quot;title&quot;:&quot;&quot;,&quot;orientation&quot;:&quot;0&quot;}\" data-image-title=\"Elbsandsteingebirge-5342-1\" data-image-description=\"\" data-image-caption=\"\" data-large-file=\"https:\/\/i0.wp.com\/www.light-style.eu\/Blog\/wp-content\/uploads\/2021\/10\/Elbsandsteingebirge-5342-1.jpg?fit=1170%2C780&amp;ssl=1\" data-attachment-id=\"6270\" data-permalink=\"https:\/\/www.light-style.eu\/Blog\/so-schoen-ist-deutschland\/elbsandsteingebirge-5342-1\/#main\" data-orig-file=\"https:\/\/i0.wp.com\/www.light-style.eu\/Blog\/wp-content\/uploads\/2021\/10\/Elbsandsteingebirge-5342-1.jpg?fit=1200%2C800&amp;ssl=1\" data-orig-size=\"1200,800\" data-comments-opened=\"1\" data-image-meta=\"{&quot;aperture&quot;:&quot;0&quot;,&quot;credit&quot;:&quot;Fotostudio Light-Style\\rAndi Moel&quot;,&quot;camera&quot;:&quot;&quot;,&quot;caption&quot;:&quot;&quot;,&quot;created_timestamp&quot;:&quot;0&quot;,&quot;copyright&quot;:&quot;www.light-style.eu&quot;,&quot;focal_length&quot;:&quot;0&quot;,&quot;iso&quot;:&quot;0&quot;,&quot;shutter_speed&quot;:&quot;0&quot;,&quot;title&quot;:&quot;&quot;,&quot;orientation&quot;:&quot;0&quot;}\" data-image-title=\"Elbsandsteingebirge-5342-1\" data-image-description=\"\" data-image-caption=\"\" data-large-file=\"https:\/\/i0.wp.com\/www.light-style.eu\/Blog\/wp-content\/uploads\/2021\/10\/Elbsandsteingebirge-5342-1.jpg?fit=1170%2C780&amp;ssl=1\" role=\"button\" tabindex=\"0\" aria-label=\"Bild\u00a072 von 73 im Vollbildmodus \u00f6ffnen\"srcset=\"https:\/\/i2.wp.com\/www.light-style.eu\/Blog\/wp-content\/uploads\/2021\/10\/Elbsandsteingebirge-5342-1.jpg?strip=info&#038;w=600&#038;ssl=1 600w,https:\/\/i2.wp.com\/www.light-style.eu\/Blog\/wp-content\/uploads\/2021\/10\/Elbsandsteingebirge-5342-1.jpg?strip=info&#038;w=900&#038;ssl=1 900w,https:\/\/i2.wp.com\/www.light-style.eu\/Blog\/wp-content\/uploads\/2021\/10\/Elbsandsteingebirge-5342-1.jpg?strip=info&#038;w=1200&#038;ssl=1 1200w\" alt=\"\" data-height=\"800\" data-id=\"6270\" data-link=\"https:\/\/www.light-style.eu\/Blog\/?attachment_id=6270\" data-url=\"https:\/\/www.light-style.eu\/Blog\/wp-content\/uploads\/2021\/10\/Elbsandsteingebirge-5342-1.jpg\" data-width=\"1200\" src=\"https:\/\/i2.wp.com\/www.light-style.eu\/Blog\/wp-content\/uploads\/2021\/10\/Elbsandsteingebirge-5342-1.jpg?ssl=1\" data-amp-layout=\"responsive\"\/><\/figure><\/div><div class=\"tiled-gallery__col\" style=\"flex-basis:33.33333%\"><figure class=\"tiled-gallery__item\"><img decoding=\"async\" data-attachment-id=\"6271\" data-permalink=\"https:\/\/www.light-style.eu\/Blog\/so-schoen-ist-deutschland\/elbsandsteingebirge-5399-1\/#main\" data-orig-file=\"https:\/\/i0.wp.com\/www.light-style.eu\/Blog\/wp-content\/uploads\/2021\/10\/Elbsandsteingebirge-5399-1.jpg?fit=1200%2C800&amp;ssl=1\" data-orig-size=\"1200,800\" data-comments-opened=\"1\" data-image-meta=\"{&quot;aperture&quot;:&quot;0&quot;,&quot;credit&quot;:&quot;Fotostudio Light-Style\\rAndi Moel&quot;,&quot;camera&quot;:&quot;&quot;,&quot;caption&quot;:&quot;&quot;,&quot;created_timestamp&quot;:&quot;0&quot;,&quot;copyright&quot;:&quot;www.light-style.eu&quot;,&quot;focal_length&quot;:&quot;0&quot;,&quot;iso&quot;:&quot;0&quot;,&quot;shutter_speed&quot;:&quot;0&quot;,&quot;title&quot;:&quot;&quot;,&quot;orientation&quot;:&quot;0&quot;}\" data-image-title=\"Elbsandsteingebirge-5399-1\" data-image-description=\"\" data-image-caption=\"\" data-large-file=\"https:\/\/i0.wp.com\/www.light-style.eu\/Blog\/wp-content\/uploads\/2021\/10\/Elbsandsteingebirge-5399-1.jpg?fit=1170%2C780&amp;ssl=1\" data-attachment-id=\"6271\" data-permalink=\"https:\/\/www.light-style.eu\/Blog\/so-schoen-ist-deutschland\/elbsandsteingebirge-5399-1\/#main\" data-orig-file=\"https:\/\/i0.wp.com\/www.light-style.eu\/Blog\/wp-content\/uploads\/2021\/10\/Elbsandsteingebirge-5399-1.jpg?fit=1200%2C800&amp;ssl=1\" data-orig-size=\"1200,800\" data-comments-opened=\"1\" data-image-meta=\"{&quot;aperture&quot;:&quot;0&quot;,&quot;credit&quot;:&quot;Fotostudio Light-Style\\rAndi Moel&quot;,&quot;camera&quot;:&quot;&quot;,&quot;caption&quot;:&quot;&quot;,&quot;created_timestamp&quot;:&quot;0&quot;,&quot;copyright&quot;:&quot;www.light-style.eu&quot;,&quot;focal_length&quot;:&quot;0&quot;,&quot;iso&quot;:&quot;0&quot;,&quot;shutter_speed&quot;:&quot;0&quot;,&quot;title&quot;:&quot;&quot;,&quot;orientation&quot;:&quot;0&quot;}\" data-image-title=\"Elbsandsteingebirge-5399-1\" data-image-description=\"\" data-image-caption=\"\" data-large-file=\"https:\/\/i0.wp.com\/www.light-style.eu\/Blog\/wp-content\/uploads\/2021\/10\/Elbsandsteingebirge-5399-1.jpg?fit=1170%2C780&amp;ssl=1\" role=\"button\" tabindex=\"0\" aria-label=\"Bild\u00a073 von 73 im Vollbildmodus \u00f6ffnen\"srcset=\"https:\/\/i1.wp.com\/www.light-style.eu\/Blog\/wp-content\/uploads\/2021\/10\/Elbsandsteingebirge-5399-1.jpg?strip=info&#038;w=600&#038;ssl=1 600w,https:\/\/i1.wp.com\/www.light-style.eu\/Blog\/wp-content\/uploads\/2021\/10\/Elbsandsteingebirge-5399-1.jpg?strip=info&#038;w=900&#038;ssl=1 900w,https:\/\/i1.wp.com\/www.light-style.eu\/Blog\/wp-content\/uploads\/2021\/10\/Elbsandsteingebirge-5399-1.jpg?strip=info&#038;w=1200&#038;ssl=1 1200w\" alt=\"\" data-height=\"800\" data-id=\"6271\" data-link=\"https:\/\/www.light-style.eu\/Blog\/?attachment_id=6271\" data-url=\"https:\/\/www.light-style.eu\/Blog\/wp-content\/uploads\/2021\/10\/Elbsandsteingebirge-5399-1.jpg\" data-width=\"1200\" src=\"https:\/\/i1.wp.com\/www.light-style.eu\/Blog\/wp-content\/uploads\/2021\/10\/Elbsandsteingebirge-5399-1.jpg?ssl=1\" data-amp-layout=\"responsive\"\/><\/figure><\/div><\/div><\/div><\/div>\n\n\n\n<p class=\"has-medium-font-size\"> <em>Jetzt \u00fcberlasse ich Euch aber einfach den Bildern, nehmt einen kleinen Eindruck mit und macht Euch selbst den realen Eindruck, ich verspreche , ihr werdet es nicht bereuen. Ach ja , so am Rande bemerkt, die Bastei kann man tags\u00fcber besuchen, wenn man auf Touris steht,  <a href=\"https:\/\/www.light-style.eu\/Blog\/saechsische-schweiz-traumhafte-natur\/\">Wirklich sch\u00f6n ist sie morgens bei Sonnenaufgang, wo sich nur Fotografen dort tummeln<\/a><\/em> <\/p>\n\n\n\n<p class=\"has-light-green-cyan-background-color has-background has-medium-font-size\"> Zum Schluss noch eine Geschichte aus dem Fotografenleben. Am letzten Tag, wir waren auf dem Weg zum Kuhstall (riesiges Felsentor), als Franka mal ihren Fotorucksack mit Equipment f\u00fcr doch ein paar tausend Euro abstellte, vermeintlich sicher. Doch der Elbsandstein war anderer Meinung, pl\u00f6tzlich begann der Rucksack zu rutschen, ich h\u00f6rte sie noch rufen und sah den Rucksack auf die Klippen zu rutschen, es gab kein Halten mehr. Also ich zu ihr hin um mir einen \u00dcberblick zu verschaffen, aber soweit ich mich auch an den Felsvorsprung wagte ( und es war nicht angenehm) vom Rucksack keine Spur. Also im GPS Ger\u00e4t die Stelle markiert und dann nix wie runter vom Felsen und dorthin eilen, wo es vielleicht von unten sichtbar war. Bei der H\u00f6he, hatte ich gelinde gesagt nicht viel Hoffnung, dass ihre Objektive noch leben, die Kamera hatte sie gl\u00fccklicherweise in der Hand. Nach dem Durchqueren einer kleinen Schlucht, dann pl\u00f6tzlich ein Aufschei.. da liegt er\u2026\u2026 und wirklich, das gute St\u00fcck lag mitten im Wald. Es war beachtliche 20-25 Meter Felswand abgest\u00fcrzt, dabei bestimmt hier und da aufgeschlagen, dann noch ca 15 Meter \u00fcber nadel-bedeckten Waldboden gerutscht. Und nun kam die Stunde der Wahrheit, nur noch Bruch im Rucksack?? Nix da der gute <a href=\"https:\/\/www.lowepro.com\/de-de\/protactic-rucksack-350-aw-ii-schwarz-lp37176-pww\/\" data-type=\"URL\" data-id=\"https:\/\/www.lowepro.com\/de-de\/protactic-rucksack-350-aw-ii-schwarz-lp37176-pww\/\" target=\"_blank\" rel=\"noreferrer noopener\">Lowe Pro Rucksack<\/a><a rel=\"noreferrer noopener\" href=\"https:\/\/www.lowepro.com\/de-de\/protactic-rucksack-450-aw-ii-schwarz-lp37177-pww\/\" target=\"_blank\"> <\/a>hatte sein Geld vollkommen verdient, es war nix, aber auch gar nix zu Bruch gegangen! Ok mit denen 255\u20ac kein Schn\u00e4ppchen, aber jetzt wissen wir, dass er jeden Cent wert ist, wir haben ihn beide. Die Ausr\u00fcstung hatte nicht den kleinsten Kratzer und selbst der Rucksack sah fast neu aus. Ich gebe zu , das h\u00e4tte ich nicht erwartet, Qualit\u00e4t lohnt sich eben doch .- <\/p>\n\n\n\n<div class=\"wp-block-jetpack-tiled-gallery aligncenter is-style-rectangular\"><div class=\"tiled-gallery__gallery\"><div class=\"tiled-gallery__row\"><div class=\"tiled-gallery__col\" style=\"flex-basis:25.00000%\"><figure class=\"tiled-gallery__item\"><img decoding=\"async\" data-attachment-id=\"6368\" data-permalink=\"https:\/\/www.light-style.eu\/Blog\/so-schoen-ist-deutschland\/elbsandsteingebirge-5311\/#main\" data-orig-file=\"https:\/\/i0.wp.com\/www.light-style.eu\/Blog\/wp-content\/uploads\/2022\/02\/Elbsandsteingebirge-5311.jpg?fit=800%2C1200&amp;ssl=1\" data-orig-size=\"800,1200\" data-comments-opened=\"1\" data-image-meta=\"{&quot;aperture&quot;:&quot;0&quot;,&quot;credit&quot;:&quot;Fotostudio Light-Style\\rAndi Moel&quot;,&quot;camera&quot;:&quot;&quot;,&quot;caption&quot;:&quot;&quot;,&quot;created_timestamp&quot;:&quot;0&quot;,&quot;copyright&quot;:&quot;www.light-style.eu&quot;,&quot;focal_length&quot;:&quot;0&quot;,&quot;iso&quot;:&quot;0&quot;,&quot;shutter_speed&quot;:&quot;0&quot;,&quot;title&quot;:&quot;&quot;,&quot;orientation&quot;:&quot;0&quot;}\" data-image-title=\"Elbsandsteingebirge-5311\" data-image-description=\"\" data-image-caption=\"&lt;p&gt;Von dort oben gings bergab&lt;\/p&gt;\n\" data-large-file=\"https:\/\/i0.wp.com\/www.light-style.eu\/Blog\/wp-content\/uploads\/2022\/02\/Elbsandsteingebirge-5311.jpg?fit=800%2C1200&amp;ssl=1\" data-attachment-id=\"6368\" data-permalink=\"https:\/\/www.light-style.eu\/Blog\/so-schoen-ist-deutschland\/elbsandsteingebirge-5311\/#main\" data-orig-file=\"https:\/\/i0.wp.com\/www.light-style.eu\/Blog\/wp-content\/uploads\/2022\/02\/Elbsandsteingebirge-5311.jpg?fit=800%2C1200&amp;ssl=1\" data-orig-size=\"800,1200\" data-comments-opened=\"1\" data-image-meta=\"{&quot;aperture&quot;:&quot;0&quot;,&quot;credit&quot;:&quot;Fotostudio Light-Style\\rAndi Moel&quot;,&quot;camera&quot;:&quot;&quot;,&quot;caption&quot;:&quot;&quot;,&quot;created_timestamp&quot;:&quot;0&quot;,&quot;copyright&quot;:&quot;www.light-style.eu&quot;,&quot;focal_length&quot;:&quot;0&quot;,&quot;iso&quot;:&quot;0&quot;,&quot;shutter_speed&quot;:&quot;0&quot;,&quot;title&quot;:&quot;&quot;,&quot;orientation&quot;:&quot;0&quot;}\" data-image-title=\"Elbsandsteingebirge-5311\" data-image-description=\"\" data-image-caption=\"&lt;p&gt;Von dort oben gings bergab&lt;\/p&gt;\n\" data-large-file=\"https:\/\/i0.wp.com\/www.light-style.eu\/Blog\/wp-content\/uploads\/2022\/02\/Elbsandsteingebirge-5311.jpg?fit=800%2C1200&amp;ssl=1\" role=\"button\" tabindex=\"0\" aria-label=\"Bild\u00a01 von 4 im Vollbildmodus \u00f6ffnen\"srcset=\"https:\/\/i2.wp.com\/www.light-style.eu\/Blog\/wp-content\/uploads\/2022\/02\/Elbsandsteingebirge-5311.jpg?strip=info&#038;w=600&#038;ssl=1 600w,https:\/\/i2.wp.com\/www.light-style.eu\/Blog\/wp-content\/uploads\/2022\/02\/Elbsandsteingebirge-5311.jpg?strip=info&#038;w=800&#038;ssl=1 800w\" alt=\"\" data-height=\"1200\" data-id=\"6368\" data-link=\"https:\/\/www.light-style.eu\/Blog\/so-schoen-ist-deutschland\/elbsandsteingebirge-5311\/\" data-url=\"https:\/\/www.light-style.eu\/Blog\/wp-content\/uploads\/2022\/02\/Elbsandsteingebirge-5311.jpg\" data-width=\"800\" src=\"https:\/\/i2.wp.com\/www.light-style.eu\/Blog\/wp-content\/uploads\/2022\/02\/Elbsandsteingebirge-5311.jpg?ssl=1\" data-amp-layout=\"responsive\"\/><\/figure><\/div><div class=\"tiled-gallery__col\" style=\"flex-basis:25.00000%\"><figure class=\"tiled-gallery__item\"><img decoding=\"async\" data-attachment-id=\"6369\" data-permalink=\"https:\/\/www.light-style.eu\/Blog\/so-schoen-ist-deutschland\/elbsandsteingebirge-5314\/#main\" data-orig-file=\"https:\/\/i0.wp.com\/www.light-style.eu\/Blog\/wp-content\/uploads\/2022\/02\/Elbsandsteingebirge-5314.jpg?fit=800%2C1200&amp;ssl=1\" data-orig-size=\"800,1200\" data-comments-opened=\"1\" data-image-meta=\"{&quot;aperture&quot;:&quot;0&quot;,&quot;credit&quot;:&quot;Fotostudio Light-Style\\rAndi Moel&quot;,&quot;camera&quot;:&quot;&quot;,&quot;caption&quot;:&quot;&quot;,&quot;created_timestamp&quot;:&quot;0&quot;,&quot;copyright&quot;:&quot;www.light-style.eu&quot;,&quot;focal_length&quot;:&quot;0&quot;,&quot;iso&quot;:&quot;0&quot;,&quot;shutter_speed&quot;:&quot;0&quot;,&quot;title&quot;:&quot;&quot;,&quot;orientation&quot;:&quot;0&quot;}\" data-image-title=\"Elbsandsteingebirge-5314\" data-image-description=\"\" data-image-caption=\"&lt;p&gt;Da ist jemand gl\u00fccklich ihn  wiedergefunden zu haben ;-)&lt;\/p&gt;\n\" data-large-file=\"https:\/\/i0.wp.com\/www.light-style.eu\/Blog\/wp-content\/uploads\/2022\/02\/Elbsandsteingebirge-5314.jpg?fit=800%2C1200&amp;ssl=1\" data-attachment-id=\"6369\" data-permalink=\"https:\/\/www.light-style.eu\/Blog\/so-schoen-ist-deutschland\/elbsandsteingebirge-5314\/#main\" data-orig-file=\"https:\/\/i0.wp.com\/www.light-style.eu\/Blog\/wp-content\/uploads\/2022\/02\/Elbsandsteingebirge-5314.jpg?fit=800%2C1200&amp;ssl=1\" data-orig-size=\"800,1200\" data-comments-opened=\"1\" data-image-meta=\"{&quot;aperture&quot;:&quot;0&quot;,&quot;credit&quot;:&quot;Fotostudio Light-Style\\rAndi Moel&quot;,&quot;camera&quot;:&quot;&quot;,&quot;caption&quot;:&quot;&quot;,&quot;created_timestamp&quot;:&quot;0&quot;,&quot;copyright&quot;:&quot;www.light-style.eu&quot;,&quot;focal_length&quot;:&quot;0&quot;,&quot;iso&quot;:&quot;0&quot;,&quot;shutter_speed&quot;:&quot;0&quot;,&quot;title&quot;:&quot;&quot;,&quot;orientation&quot;:&quot;0&quot;}\" data-image-title=\"Elbsandsteingebirge-5314\" data-image-description=\"\" data-image-caption=\"&lt;p&gt;Da ist jemand gl\u00fccklich ihn  wiedergefunden zu haben ;-)&lt;\/p&gt;\n\" data-large-file=\"https:\/\/i0.wp.com\/www.light-style.eu\/Blog\/wp-content\/uploads\/2022\/02\/Elbsandsteingebirge-5314.jpg?fit=800%2C1200&amp;ssl=1\" role=\"button\" tabindex=\"0\" aria-label=\"Bild\u00a02 von 4 im Vollbildmodus \u00f6ffnen\"srcset=\"https:\/\/i2.wp.com\/www.light-style.eu\/Blog\/wp-content\/uploads\/2022\/02\/Elbsandsteingebirge-5314.jpg?strip=info&#038;w=600&#038;ssl=1 600w,https:\/\/i2.wp.com\/www.light-style.eu\/Blog\/wp-content\/uploads\/2022\/02\/Elbsandsteingebirge-5314.jpg?strip=info&#038;w=800&#038;ssl=1 800w\" alt=\"\" data-height=\"1200\" data-id=\"6369\" data-link=\"https:\/\/www.light-style.eu\/Blog\/so-schoen-ist-deutschland\/elbsandsteingebirge-5314\/\" data-url=\"https:\/\/www.light-style.eu\/Blog\/wp-content\/uploads\/2022\/02\/Elbsandsteingebirge-5314.jpg\" data-width=\"800\" src=\"https:\/\/i2.wp.com\/www.light-style.eu\/Blog\/wp-content\/uploads\/2022\/02\/Elbsandsteingebirge-5314.jpg?ssl=1\" data-amp-layout=\"responsive\"\/><\/figure><\/div><div class=\"tiled-gallery__col\" style=\"flex-basis:25.00000%\"><figure class=\"tiled-gallery__item\"><img decoding=\"async\" data-attachment-id=\"6370\" data-permalink=\"https:\/\/www.light-style.eu\/Blog\/so-schoen-ist-deutschland\/elbsandsteingebirge-5428\/#main\" data-orig-file=\"https:\/\/i0.wp.com\/www.light-style.eu\/Blog\/wp-content\/uploads\/2022\/02\/Elbsandsteingebirge-5428.jpg?fit=800%2C1200&amp;ssl=1\" data-orig-size=\"800,1200\" data-comments-opened=\"1\" data-image-meta=\"{&quot;aperture&quot;:&quot;0&quot;,&quot;credit&quot;:&quot;Fotostudio Light-Style\\rAndi Moel&quot;,&quot;camera&quot;:&quot;&quot;,&quot;caption&quot;:&quot;&quot;,&quot;created_timestamp&quot;:&quot;0&quot;,&quot;copyright&quot;:&quot;www.light-style.eu&quot;,&quot;focal_length&quot;:&quot;0&quot;,&quot;iso&quot;:&quot;0&quot;,&quot;shutter_speed&quot;:&quot;0&quot;,&quot;title&quot;:&quot;&quot;,&quot;orientation&quot;:&quot;0&quot;}\" data-image-title=\"Elbsandsteingebirge-5428\" data-image-description=\"\" data-image-caption=\"&lt;p&gt;Au\u00dfer etwas fleckig war nix passiert&lt;\/p&gt;\n\" data-large-file=\"https:\/\/i0.wp.com\/www.light-style.eu\/Blog\/wp-content\/uploads\/2022\/02\/Elbsandsteingebirge-5428.jpg?fit=800%2C1200&amp;ssl=1\" data-attachment-id=\"6370\" data-permalink=\"https:\/\/www.light-style.eu\/Blog\/so-schoen-ist-deutschland\/elbsandsteingebirge-5428\/#main\" data-orig-file=\"https:\/\/i0.wp.com\/www.light-style.eu\/Blog\/wp-content\/uploads\/2022\/02\/Elbsandsteingebirge-5428.jpg?fit=800%2C1200&amp;ssl=1\" data-orig-size=\"800,1200\" data-comments-opened=\"1\" data-image-meta=\"{&quot;aperture&quot;:&quot;0&quot;,&quot;credit&quot;:&quot;Fotostudio Light-Style\\rAndi Moel&quot;,&quot;camera&quot;:&quot;&quot;,&quot;caption&quot;:&quot;&quot;,&quot;created_timestamp&quot;:&quot;0&quot;,&quot;copyright&quot;:&quot;www.light-style.eu&quot;,&quot;focal_length&quot;:&quot;0&quot;,&quot;iso&quot;:&quot;0&quot;,&quot;shutter_speed&quot;:&quot;0&quot;,&quot;title&quot;:&quot;&quot;,&quot;orientation&quot;:&quot;0&quot;}\" data-image-title=\"Elbsandsteingebirge-5428\" data-image-description=\"\" data-image-caption=\"&lt;p&gt;Au\u00dfer etwas fleckig war nix passiert&lt;\/p&gt;\n\" data-large-file=\"https:\/\/i0.wp.com\/www.light-style.eu\/Blog\/wp-content\/uploads\/2022\/02\/Elbsandsteingebirge-5428.jpg?fit=800%2C1200&amp;ssl=1\" role=\"button\" tabindex=\"0\" aria-label=\"Bild\u00a03 von 4 im Vollbildmodus \u00f6ffnen\"srcset=\"https:\/\/i2.wp.com\/www.light-style.eu\/Blog\/wp-content\/uploads\/2022\/02\/Elbsandsteingebirge-5428.jpg?strip=info&#038;w=600&#038;ssl=1 600w,https:\/\/i2.wp.com\/www.light-style.eu\/Blog\/wp-content\/uploads\/2022\/02\/Elbsandsteingebirge-5428.jpg?strip=info&#038;w=800&#038;ssl=1 800w\" alt=\"\" data-height=\"1200\" data-id=\"6370\" data-link=\"https:\/\/www.light-style.eu\/Blog\/so-schoen-ist-deutschland\/elbsandsteingebirge-5428\/\" data-url=\"https:\/\/www.light-style.eu\/Blog\/wp-content\/uploads\/2022\/02\/Elbsandsteingebirge-5428.jpg\" data-width=\"800\" src=\"https:\/\/i2.wp.com\/www.light-style.eu\/Blog\/wp-content\/uploads\/2022\/02\/Elbsandsteingebirge-5428.jpg?ssl=1\" data-amp-layout=\"responsive\"\/><\/figure><\/div><div class=\"tiled-gallery__col\" style=\"flex-basis:25.00000%\"><figure class=\"tiled-gallery__item\"><img decoding=\"async\" data-attachment-id=\"6371\" data-permalink=\"https:\/\/www.light-style.eu\/Blog\/so-schoen-ist-deutschland\/flugrute\/#main\" data-orig-file=\"https:\/\/i0.wp.com\/www.light-style.eu\/Blog\/wp-content\/uploads\/2022\/02\/Flugrute.jpg?fit=800%2C1200&amp;ssl=1\" data-orig-size=\"800,1200\" data-comments-opened=\"1\" data-image-meta=\"{&quot;aperture&quot;:&quot;0&quot;,&quot;credit&quot;:&quot;Fotostudio Light-Style\\rAndi Moel&quot;,&quot;camera&quot;:&quot;&quot;,&quot;caption&quot;:&quot;&quot;,&quot;created_timestamp&quot;:&quot;0&quot;,&quot;copyright&quot;:&quot;www.light-style.eu&quot;,&quot;focal_length&quot;:&quot;0&quot;,&quot;iso&quot;:&quot;0&quot;,&quot;shutter_speed&quot;:&quot;0&quot;,&quot;title&quot;:&quot;&quot;,&quot;orientation&quot;:&quot;1&quot;}\" data-image-title=\"Flugrute\" data-image-description=\"\" data-image-caption=\"&lt;p&gt;Die vermutliche Flugroute&lt;\/p&gt;\n\" data-large-file=\"https:\/\/i0.wp.com\/www.light-style.eu\/Blog\/wp-content\/uploads\/2022\/02\/Flugrute.jpg?fit=800%2C1200&amp;ssl=1\" data-attachment-id=\"6371\" data-permalink=\"https:\/\/www.light-style.eu\/Blog\/so-schoen-ist-deutschland\/flugrute\/#main\" data-orig-file=\"https:\/\/i0.wp.com\/www.light-style.eu\/Blog\/wp-content\/uploads\/2022\/02\/Flugrute.jpg?fit=800%2C1200&amp;ssl=1\" data-orig-size=\"800,1200\" data-comments-opened=\"1\" data-image-meta=\"{&quot;aperture&quot;:&quot;0&quot;,&quot;credit&quot;:&quot;Fotostudio Light-Style\\rAndi Moel&quot;,&quot;camera&quot;:&quot;&quot;,&quot;caption&quot;:&quot;&quot;,&quot;created_timestamp&quot;:&quot;0&quot;,&quot;copyright&quot;:&quot;www.light-style.eu&quot;,&quot;focal_length&quot;:&quot;0&quot;,&quot;iso&quot;:&quot;0&quot;,&quot;shutter_speed&quot;:&quot;0&quot;,&quot;title&quot;:&quot;&quot;,&quot;orientation&quot;:&quot;1&quot;}\" data-image-title=\"Flugrute\" data-image-description=\"\" data-image-caption=\"&lt;p&gt;Die vermutliche Flugroute&lt;\/p&gt;\n\" data-large-file=\"https:\/\/i0.wp.com\/www.light-style.eu\/Blog\/wp-content\/uploads\/2022\/02\/Flugrute.jpg?fit=800%2C1200&amp;ssl=1\" role=\"button\" tabindex=\"0\" aria-label=\"Bild\u00a04 von 4 im Vollbildmodus \u00f6ffnen\"srcset=\"https:\/\/i1.wp.com\/www.light-style.eu\/Blog\/wp-content\/uploads\/2022\/02\/Flugrute.jpg?strip=info&#038;w=600&#038;ssl=1 600w,https:\/\/i1.wp.com\/www.light-style.eu\/Blog\/wp-content\/uploads\/2022\/02\/Flugrute.jpg?strip=info&#038;w=800&#038;ssl=1 800w\" alt=\"\" data-height=\"1200\" data-id=\"6371\" data-link=\"https:\/\/www.light-style.eu\/Blog\/so-schoen-ist-deutschland\/flugrute\/\" data-url=\"https:\/\/www.light-style.eu\/Blog\/wp-content\/uploads\/2022\/02\/Flugrute.jpg\" data-width=\"800\" src=\"https:\/\/i1.wp.com\/www.light-style.eu\/Blog\/wp-content\/uploads\/2022\/02\/Flugrute.jpg?ssl=1\" data-amp-layout=\"responsive\"\/><\/figure><\/div><\/div><\/div><\/div>\n\n\n\n<p class=\"has-medium-font-size\"> <em>In diesem Sinne, vielleicht doch <\/em>n\u00e4c<em>hstes Mal Urlaub in Deutschland?<\/em> <\/p>\n\n\n\n<p class=\"has-text-align-right\"> Euer Andi <\/p>\n\n\n\n<p> <strong>PS \u2013 Sorry, sind mal wieder ein paar Fotos mehr geworden<\/strong> Dabei hab ich Euch hier noch nicht mal die H\u00e4lfte aufgezwungen <\/p>\n<div style='text-align:center' class='yasr-auto-insert-visitor'><!--Yasr Visitor Votes Shortcode--><div id='yasr_visitor_votes_c8f4ded579f96' class='yasr-visitor-votes'><div class=\"yasr-custom-text-vv-before yasr-custom-text-vv-before-6146\">Hat es Dir gefallen?<\/div><div id='yasr-vv-second-row-container-c8f4ded579f96'\r\n                                        class='yasr-vv-second-row-container'><div id='yasr-visitor-votes-rater-c8f4ded579f96'\r\n                                      class='yasr-rater-stars-vv'\r\n                                      data-rater-postid='6146'\r\n                                      data-rating='5'\r\n                                      data-rater-starsize='32'\r\n                                      data-rater-readonly='false'\r\n                                      data-rater-nonce='7d6830009e'\r\n                                      data-issingular='false'\r\n                                    ><\/div><div class=\"yasr-vv-stats-text-container\" id=\"yasr-vv-stats-text-container-c8f4ded579f96\"><span id=\"yasr-vv-text-container-c8f4ded579f96\" class=\"yasr-vv-text-container\">[Total: <span id=\"yasr-vv-votes-number-container-c8f4ded579f96\">2<\/span> Average: <span id=\"yasr-vv-average-container-c8f4ded579f96\">5<\/span>]<\/span><\/div><div id='yasr-vv-loader-c8f4ded579f96' class='yasr-vv-container-loader'><\/div><\/div><div id='yasr-vv-bottom-container-c8f4ded579f96'\r\n                              class='yasr-vv-bottom-container'\r\n                              style='display:none'><\/div><\/div><!--End Yasr Visitor Votes Shortcode--><\/div>","protected":false},"excerpt":{"rendered":"<p>Moin, moin, wir haben es wieder getan und uns in der wilden Natur unseres sch\u00f6nen Landes herumgetrieben. Ich hab ja schon den ein oder anderen Blog zu diesem Thema geschrieben, und es stimmt wirklich. Ok ohne ahnungslose Politiker w\u00e4re es traumhaft hier, aber das ist ein anderes Thema Vor 3 Jahren war ich ja schonmal,<span class=\"post-excerpt-end\">&hellip;<\/span><\/p>\n<p class=\"more-link\"><a href=\"https:\/\/www.light-style.eu\/Blog\/so-schoen-ist-deutschland\/\" class=\"themebutton\">Read More<\/a><\/p>\n","protected":false},"author":2,"featured_media":6243,"comment_status":"open","ping_status":"open","sticky":false,"template":"","format":"standard","meta":{"jetpack_post_was_ever_published":false,"yasr_overall_rating":0,"yasr_post_is_review":"","yasr_auto_insert_disabled":"","yasr_review_type":"","_jetpack_newsletter_access":"","_jetpack_dont_email_post_to_subs":false,"_jetpack_newsletter_tier_id":0,"_jetpack_memberships_contains_paywalled_content":false,"_jetpack_memberships_contains_paid_content":false,"footnotes":"","jetpack_publicize_message":"","jetpack_publicize_feature_enabled":true,"jetpack_social_post_already_shared":true,"jetpack_social_options":{"image_generator_settings":{"template":"highway","default_image_id":0,"font":"","enabled":false},"version":2}},"categories":[49,1,122,47,48,142,39,121,57],"tags":[319,185,313,315,314,50,143,36,316,317,123,318],"class_list":["post-6146","post","type-post","status-publish","format-standard","has-post-thumbnail","hentry","category-abseits-des-alltags","category-allgemein","category-empfehlung","category-natur","category-naturfotos","category-non-commercial","category-service-fuer-fotografen","category-technik","category-urlaubsfotos","tag-abseits-des-alltags","tag-allgemein","tag-empfehlung","tag-fototips","tag-natur","tag-naturfotos","tag-non-commercial","tag-outdoor","tag-persoenliche-meinung","tag-service-fuer-fotografen","tag-technik","tag-urlaubsfotos"],"yasr_visitor_votes":{"stars_attributes":{"read_only":false,"span_bottom":false},"number_of_votes":2,"sum_votes":10},"jetpack_publicize_connections":[],"jetpack_featured_media_url":"https:\/\/i0.wp.com\/www.light-style.eu\/Blog\/wp-content\/uploads\/2021\/10\/Elbsandsteingebirge-2589-1.jpg?fit=1200%2C800&ssl=1","jetpack_sharing_enabled":true,"jetpack_shortlink":"https:\/\/wp.me\/p4Ojrv-1B8","jetpack-related-posts":[{"id":8067,"url":"https:\/\/www.light-style.eu\/Blog\/technikmuseum-marxzell\/","url_meta":{"origin":6146,"position":0},"title":"Technikmuseum Marxzell","author":"Andi M\u00f6ller","date":"5. M\u00e4rz 2024","format":"status","excerpt":"Moin moin, da hab ich am Wochenende mit einem autobegeisterten Businesskunden doch \u00fcber ein absolut au\u00dfergew\u00f6hnliches Technikmuseum gesprochen. Ein Museum, das man gesehen haben muss. In privater Hand, seit glaube ich 3 Generationen gef\u00fchrt. Wenn Ihr jetzt meint, ein Museum ist wie das Andere, weit gefehlt. Dieses Museum ist einzigartig.\u2026","rel":"","context":"In &quot;abseits des Alltags&quot;","block_context":{"text":"abseits des Alltags","link":"https:\/\/www.light-style.eu\/Blog\/category\/abseits-des-alltags\/"},"img":{"alt_text":"","src":"https:\/\/i0.wp.com\/www.light-style.eu\/Blog\/wp-content\/uploads\/2024\/03\/Technikmuseum-Marxzell-8-1.jpg?fit=1200%2C800&ssl=1&resize=350%2C200","width":350,"height":200,"srcset":"https:\/\/i0.wp.com\/www.light-style.eu\/Blog\/wp-content\/uploads\/2024\/03\/Technikmuseum-Marxzell-8-1.jpg?fit=1200%2C800&ssl=1&resize=350%2C200 1x, https:\/\/i0.wp.com\/www.light-style.eu\/Blog\/wp-content\/uploads\/2024\/03\/Technikmuseum-Marxzell-8-1.jpg?fit=1200%2C800&ssl=1&resize=525%2C300 1.5x, https:\/\/i0.wp.com\/www.light-style.eu\/Blog\/wp-content\/uploads\/2024\/03\/Technikmuseum-Marxzell-8-1.jpg?fit=1200%2C800&ssl=1&resize=700%2C400 2x, https:\/\/i0.wp.com\/www.light-style.eu\/Blog\/wp-content\/uploads\/2024\/03\/Technikmuseum-Marxzell-8-1.jpg?fit=1200%2C800&ssl=1&resize=1050%2C600 3x"},"classes":[]},{"id":2386,"url":"https:\/\/www.light-style.eu\/Blog\/italien-2016\/","url_meta":{"origin":6146,"position":1},"title":"Italien 2016","author":"Andi M\u00f6ller","date":"27. August 2016","format":"gallery","excerpt":"Hier nun die kompletten Fotos aus dem sch\u00f6nen Italien. Die Menge h\u00e4tte einfach den normalen Blogbeitrag gesprengt. Angefangen bei La spezia, weiter \u00fcber Pisa, Porto Santo Stefano, Florenz, Bolensa und ein paar weitere Orte. Ich kann die Toskana uneingeschr\u00e4nkt als tolle Urlaubsregion empfehlen. Es war einfach traumhaft. Ich hoffe Euch\u2026","rel":"","context":"In &quot;abseits des Alltags&quot;","block_context":{"text":"abseits des Alltags","link":"https:\/\/www.light-style.eu\/Blog\/category\/abseits-des-alltags\/"},"img":{"alt_text":"","src":"https:\/\/i0.wp.com\/www.light-style.eu\/Blog\/wp-content\/uploads\/2016\/08\/Toskana-2016-98.jpg?fit=667%2C1000&ssl=1&resize=350%2C200","width":350,"height":200,"srcset":"https:\/\/i0.wp.com\/www.light-style.eu\/Blog\/wp-content\/uploads\/2016\/08\/Toskana-2016-98.jpg?fit=667%2C1000&ssl=1&resize=350%2C200 1x, https:\/\/i0.wp.com\/www.light-style.eu\/Blog\/wp-content\/uploads\/2016\/08\/Toskana-2016-98.jpg?fit=667%2C1000&ssl=1&resize=525%2C300 1.5x"},"classes":[]},{"id":2887,"url":"https:\/\/www.light-style.eu\/Blog\/impressionen-vom-koenigssee-traumhaftes-deutschland\/","url_meta":{"origin":6146,"position":2},"title":"Impressionen vom K\u00f6nigssee &#8211; traumhaftes Deutschland","author":"Andi M\u00f6ller","date":"13. August 2017","format":"status","excerpt":"Moin moin Ihr Sonnenhungrigen ;-) nachdem ich gestern meinen Urlaub etwas unterbrechen musste f\u00fcr Babybauchfotos und Familienportr\u00e4ts, dachte ich mir bei dem bescheidenen Wetter gestern kann ich auch mal l\u00e4nger im Studio bleiben und Euch ein paar Impressionen vom sch\u00f6nen Deutschland fertig machen . Mein J\u00fcngster w\u00fcnschte sich einen Ausflug\u2026","rel":"","context":"In &quot;abseits des Alltags&quot;","block_context":{"text":"abseits des Alltags","link":"https:\/\/www.light-style.eu\/Blog\/category\/abseits-des-alltags\/"},"img":{"alt_text":"koenigssee","src":"https:\/\/i0.wp.com\/www.light-style.eu\/Blog\/wp-content\/uploads\/2017\/08\/K%C3%B6nigssee-2017-379-Bearbeitet.jpg?fit=800%2C1200&ssl=1&resize=350%2C200","width":350,"height":200,"srcset":"https:\/\/i0.wp.com\/www.light-style.eu\/Blog\/wp-content\/uploads\/2017\/08\/K%C3%B6nigssee-2017-379-Bearbeitet.jpg?fit=800%2C1200&ssl=1&resize=350%2C200 1x, https:\/\/i0.wp.com\/www.light-style.eu\/Blog\/wp-content\/uploads\/2017\/08\/K%C3%B6nigssee-2017-379-Bearbeitet.jpg?fit=800%2C1200&ssl=1&resize=525%2C300 1.5x, https:\/\/i0.wp.com\/www.light-style.eu\/Blog\/wp-content\/uploads\/2017\/08\/K%C3%B6nigssee-2017-379-Bearbeitet.jpg?fit=800%2C1200&ssl=1&resize=700%2C400 2x"},"classes":[]},{"id":7216,"url":"https:\/\/www.light-style.eu\/Blog\/brasilien-meine-endstation\/","url_meta":{"origin":6146,"position":3},"title":"Brasilien, meine Endstation ?","author":"Andi M\u00f6ller","date":"25. Oktober 2023","format":false,"excerpt":"Moin moin, ja ich hab mich doch dazu entschieden, diesmal wieder zur\u00fcck nach Old Germany zu kommen ;-) Wer mir auf Instagram bzw. WhatsApp gefolgt ist, hat mich ja schon einen kleinen Teil auf meiner Reise nach S\u00fcdamerika begleitet. Es hat mich durch einen gl\u00fccklichen Zufall Anfang des Jahres in\u2026","rel":"","context":"In &quot;abseits des Alltags&quot;","block_context":{"text":"abseits des Alltags","link":"https:\/\/www.light-style.eu\/Blog\/category\/abseits-des-alltags\/"},"img":{"alt_text":"","src":"https:\/\/i0.wp.com\/www.light-style.eu\/Blog\/wp-content\/uploads\/2023\/10\/Brasilien-2023-3045.jpg?fit=1200%2C800&ssl=1&resize=350%2C200","width":350,"height":200,"srcset":"https:\/\/i0.wp.com\/www.light-style.eu\/Blog\/wp-content\/uploads\/2023\/10\/Brasilien-2023-3045.jpg?fit=1200%2C800&ssl=1&resize=350%2C200 1x, https:\/\/i0.wp.com\/www.light-style.eu\/Blog\/wp-content\/uploads\/2023\/10\/Brasilien-2023-3045.jpg?fit=1200%2C800&ssl=1&resize=525%2C300 1.5x, https:\/\/i0.wp.com\/www.light-style.eu\/Blog\/wp-content\/uploads\/2023\/10\/Brasilien-2023-3045.jpg?fit=1200%2C800&ssl=1&resize=700%2C400 2x, https:\/\/i0.wp.com\/www.light-style.eu\/Blog\/wp-content\/uploads\/2023\/10\/Brasilien-2023-3045.jpg?fit=1200%2C800&ssl=1&resize=1050%2C600 3x"},"classes":[]},{"id":8404,"url":"https:\/\/www.light-style.eu\/Blog\/teneriffa\/","url_meta":{"origin":6146,"position":4},"title":"Teneriffa","author":"Andi M\u00f6ller","date":"20. November 2024","format":"status","excerpt":"Ja, ich wei\u00df, ich bin wieder mal m\u00e4chtig sp\u00e4t dran ;-), habs aber echt nicht geschafft vorher mich, um die Fotos von Teneriffa zu k\u00fcmmern, ich hoffe, Ihr k\u00f6nnt mir dies verzeihen ;-) Ich kann auch im Urlaub einfach nicht die Finger von der Kamera lassen, erst recht nicht auf\u2026","rel":"","context":"In &quot;abseits des Alltags&quot;","block_context":{"text":"abseits des Alltags","link":"https:\/\/www.light-style.eu\/Blog\/category\/abseits-des-alltags\/"},"img":{"alt_text":"","src":"https:\/\/i0.wp.com\/www.light-style.eu\/Blog\/wp-content\/uploads\/2024\/11\/Teneriffa-24-43.jpg?fit=1200%2C800&ssl=1&resize=350%2C200","width":350,"height":200,"srcset":"https:\/\/i0.wp.com\/www.light-style.eu\/Blog\/wp-content\/uploads\/2024\/11\/Teneriffa-24-43.jpg?fit=1200%2C800&ssl=1&resize=350%2C200 1x, https:\/\/i0.wp.com\/www.light-style.eu\/Blog\/wp-content\/uploads\/2024\/11\/Teneriffa-24-43.jpg?fit=1200%2C800&ssl=1&resize=525%2C300 1.5x, https:\/\/i0.wp.com\/www.light-style.eu\/Blog\/wp-content\/uploads\/2024\/11\/Teneriffa-24-43.jpg?fit=1200%2C800&ssl=1&resize=700%2C400 2x, https:\/\/i0.wp.com\/www.light-style.eu\/Blog\/wp-content\/uploads\/2024\/11\/Teneriffa-24-43.jpg?fit=1200%2C800&ssl=1&resize=1050%2C600 3x"},"classes":[]},{"id":6008,"url":"https:\/\/www.light-style.eu\/Blog\/magnolien-pracht-in-aschaffenburg\/","url_meta":{"origin":6146,"position":5},"title":"Magnolien-Pracht in Aschaffenburg","author":"Andi M\u00f6ller","date":"6. April 2021","format":false,"excerpt":"Moin moin, so nun mal auf die Schnelle, bevor ich zum gem\u00fctlichen Teil des Abends \u00fcbergehe ;-P. Am Wochenende haben wir zumindest mal den einen sch\u00f6nen Tag genutzt und uns nach Aschaffenburg begeben. Der liebe Fris\u00f6r Heiko Imhof hatte mich vor ein paar Tagen auf die ordentliche Anzahl an Magnolien\u2026","rel":"","context":"In &quot;abseits des Alltags&quot;","block_context":{"text":"abseits des Alltags","link":"https:\/\/www.light-style.eu\/Blog\/category\/abseits-des-alltags\/"},"img":{"alt_text":"","src":"https:\/\/i0.wp.com\/www.light-style.eu\/Blog\/wp-content\/uploads\/2021\/04\/Schoenblick-220.jpg?fit=1200%2C800&ssl=1&resize=350%2C200","width":350,"height":200,"srcset":"https:\/\/i0.wp.com\/www.light-style.eu\/Blog\/wp-content\/uploads\/2021\/04\/Schoenblick-220.jpg?fit=1200%2C800&ssl=1&resize=350%2C200 1x, https:\/\/i0.wp.com\/www.light-style.eu\/Blog\/wp-content\/uploads\/2021\/04\/Schoenblick-220.jpg?fit=1200%2C800&ssl=1&resize=525%2C300 1.5x, https:\/\/i0.wp.com\/www.light-style.eu\/Blog\/wp-content\/uploads\/2021\/04\/Schoenblick-220.jpg?fit=1200%2C800&ssl=1&resize=700%2C400 2x, https:\/\/i0.wp.com\/www.light-style.eu\/Blog\/wp-content\/uploads\/2021\/04\/Schoenblick-220.jpg?fit=1200%2C800&ssl=1&resize=1050%2C600 3x"},"classes":[]}],"_links":{"self":[{"href":"https:\/\/www.light-style.eu\/Blog\/wp-json\/wp\/v2\/posts\/6146","targetHints":{"allow":["GET"]}}],"collection":[{"href":"https:\/\/www.light-style.eu\/Blog\/wp-json\/wp\/v2\/posts"}],"about":[{"href":"https:\/\/www.light-style.eu\/Blog\/wp-json\/wp\/v2\/types\/post"}],"author":[{"embeddable":true,"href":"https:\/\/www.light-style.eu\/Blog\/wp-json\/wp\/v2\/users\/2"}],"replies":[{"embeddable":true,"href":"https:\/\/www.light-style.eu\/Blog\/wp-json\/wp\/v2\/comments?post=6146"}],"version-history":[{"count":0,"href":"https:\/\/www.light-style.eu\/Blog\/wp-json\/wp\/v2\/posts\/6146\/revisions"}],"wp:featuredmedia":[{"embeddable":true,"href":"https:\/\/www.light-style.eu\/Blog\/wp-json\/wp\/v2\/media\/6243"}],"wp:attachment":[{"href":"https:\/\/www.light-style.eu\/Blog\/wp-json\/wp\/v2\/media?parent=6146"}],"wp:term":[{"taxonomy":"category","embeddable":true,"href":"https:\/\/www.light-style.eu\/Blog\/wp-json\/wp\/v2\/categories?post=6146"},{"taxonomy":"post_tag","embeddable":true,"href":"https:\/\/www.light-style.eu\/Blog\/wp-json\/wp\/v2\/tags?post=6146"}],"curies":[{"name":"wp","href":"https:\/\/api.w.org\/{rel}","templated":true}]}}