{"id":6375,"date":"2022-03-03T20:58:05","date_gmt":"2022-03-03T19:58:05","guid":{"rendered":"https:\/\/www.light-style.eu\/Blog\/?p=6375"},"modified":"2023-10-26T10:39:08","modified_gmt":"2023-10-26T08:39:08","slug":"kunst-hilft-ukraine","status":"publish","type":"post","link":"https:\/\/www.light-style.eu\/Blog\/kunst-hilft-ukraine\/","title":{"rendered":"Kunst hilft Ukraine"},"content":{"rendered":"\n<p class=\"has-medium-font-size\">Hallo zusammen, <\/p>\n\n\n\n<p class=\"has-medium-font-size\">Aufgrund der aktuellen Situation habe ich eine kleine Hilfsaktion f\u00fcr die Kinder in der vom Krieg ersch\u00fctterten Ukraine ins Leben gerufen.<\/p>\n\n\n\n<p class=\"has-drop-cap has-medium-font-size\">Auf meiner neuen <a href=\"https:\/\/www.light-style.eu\/auctions\/\" data-type=\"URL\" data-id=\"https:\/\/www.light-style.eu\/auctions\/\">Seite KunstAuktion<\/a> auf meiner Website findet Ihr aktuelle Kunst von mir als Auktion. Der gesamte Erl\u00f6s dieser Auktion geht an <a rel=\"noreferrer noopener\" href=\"https:\/\/www.unicef.de\/informieren\/projekte\/europa-1442\/ukraine-19470\/ukraine-konflikt\/262866?sem=1&amp;un_source=google&amp;un_medium=cpc&amp;un_campaign=C_TPL_AlleL%C3%A4nder_Brand_Desktop&amp;un_content=Ukraine_UNICEF_Kombination_mt-p&amp;un_term=unicef%20ukraine&amp;gclid=EAIaIQobChMIobP_rtiq9gIVLI1oCR3O5AXhEAAYASAAEgKSHfD_BwE\" data-type=\"URL\" data-id=\"https:\/\/www.unicef.de\/informieren\/projekte\/europa-1442\/ukraine-19470\/ukraine-konflikt\/262866?sem=1&amp;un_source=google&amp;un_medium=cpc&amp;un_campaign=C_TPL_AlleL%C3%A4nder_Brand_Desktop&amp;un_content=Ukraine_UNICEF_Kombination_mt-p&amp;un_term=unicef%20ukraine&amp;gclid=EAIaIQobChMIobP_rtiq9gIVLI1oCR3O5AXhEAAYASAAEgKSHfD_BwE\" target=\"_blank\">Unicef, Kinder in Not \/ Ukraine<\/a>.<\/p>\n\n\n\n<p class=\"has-medium-font-size\">Es w\u00fcrde mich unendlich freuen, wenn meine Kunst auf diesem Wege helfen kann, das Leid der Unschuldigsten, n\u00e4mlich der Kinder zu lindern. <\/p>\n\n\n\n<p class=\"has-medium-font-size\">Die Seite ist ganz frisch, von eben gerade, also verzeiht mir, wenn vielleicht das eine oder andere Stilmittel noch nicht perfekt ist \ud83d\ude09<\/p>\n\n\n<div class=\"wp-block-image\">\n<figure class=\"aligncenter size-full is-resized\"><img data-recalc-dims=\"1\" loading=\"lazy\" decoding=\"async\" width=\"800\" height=\"1200\" data-attachment-id=\"6033\" data-permalink=\"https:\/\/www.light-style.eu\/Blog\/nur-dein-geist-ist-dein-limit\/sportlerfotos-boxen-14\/#main\" data-orig-file=\"https:\/\/i0.wp.com\/www.light-style.eu\/Blog\/wp-content\/uploads\/2021\/05\/Sportlerfotos-Boxen-14.jpg?fit=800%2C1200&amp;ssl=1\" data-orig-size=\"800,1200\" data-comments-opened=\"1\" data-image-meta=\"{&quot;aperture&quot;:&quot;0&quot;,&quot;credit&quot;:&quot;Fotostudio Light-Style,Andi Moel&quot;,&quot;camera&quot;:&quot;&quot;,&quot;caption&quot;:&quot;&quot;,&quot;created_timestamp&quot;:&quot;0&quot;,&quot;copyright&quot;:&quot;www.light-style.eu&quot;,&quot;focal_length&quot;:&quot;0&quot;,&quot;iso&quot;:&quot;0&quot;,&quot;shutter_speed&quot;:&quot;0&quot;,&quot;title&quot;:&quot;&quot;,&quot;orientation&quot;:&quot;0&quot;}\" data-image-title=\"Sportlerfotos-Boxen-14\" data-image-description=\"\" data-image-caption=\"\" data-large-file=\"https:\/\/i0.wp.com\/www.light-style.eu\/Blog\/wp-content\/uploads\/2021\/05\/Sportlerfotos-Boxen-14.jpg?fit=800%2C1200&amp;ssl=1\" src=\"https:\/\/i0.wp.com\/www.light-style.eu\/Blog\/wp-content\/uploads\/2021\/05\/Sportlerfotos-Boxen-14.jpg?resize=800%2C1200&#038;ssl=1\" alt=\"\" class=\"wp-image-6033\" style=\"width:400px;height:600px\" srcset=\"https:\/\/i0.wp.com\/www.light-style.eu\/Blog\/wp-content\/uploads\/2021\/05\/Sportlerfotos-Boxen-14.jpg?w=800&amp;ssl=1 800w, https:\/\/i0.wp.com\/www.light-style.eu\/Blog\/wp-content\/uploads\/2021\/05\/Sportlerfotos-Boxen-14.jpg?resize=400%2C600&amp;ssl=1 400w, https:\/\/i0.wp.com\/www.light-style.eu\/Blog\/wp-content\/uploads\/2021\/05\/Sportlerfotos-Boxen-14.jpg?resize=768%2C1152&amp;ssl=1 768w\" sizes=\"auto, (max-width: 800px) 100vw, 800px\" \/><figcaption class=\"wp-element-caption\"><strong><em>Sorry, die Fotos  dienen nur der Aufmerksamkeits-Hascherei ;-<\/em><\/strong>)<\/figcaption><\/figure>\n<\/div>\n\n\n<p class=\"has-medium-font-size\">Jetzt erstmal helfen, sp\u00e4ter wird dann dort auch weitere Kunst von mir, \u00fcberwiegend als Leinwand oder Acrylbild zu ersteigern sein. Hin und wieder auch mal unver\u00f6ffentlichte Motive, also Einzelst\u00fccke. <\/p>\n\n\n\n<p class=\"has-medium-font-size\">Wenn Ihr noch Anregungen habt, was die Auktionsseite betrifft, lasst es mich wissen.  Bin f\u00fcr Vorschl\u00e4ge offen.<\/p>\n\n\n\n<p class=\"has-medium-font-size\">Weitere Fotos der aktuellen Leinwand Amphore d`amour werde ich dann im Laufe des morgigen Freitags online stellen. Aber so habt Ihr schonmal eine Vorschau, um was es geht. <\/p>\n\n\n\n<p><\/p>\n\n\n\n<p class=\"has-medium-font-size\">Kunst hilft Ukraine, helft Ihr mir, dies m\u00f6glich zu machen&#8230;&#8230;&#8230;&#8230;&#8230;&#8230;&#8230; <\/p>\n\n\n\n<p class=\"has-medium-font-size\">Euer Andi<\/p>\n\n\n\n<p class=\"has-medium-font-size\">In der Hoffnung, dass der schreckliche Angriff Russlands auf die Ukraine vorbei ist, und das russische Volk Putin zur Vernunft bringt&#8211; so oder so&#8230;&#8230;.<\/p>\n<div style='text-align:center' class='yasr-auto-insert-visitor'><!--Yasr Visitor Votes Shortcode--><div id='yasr_visitor_votes_bbb1d880096f6' class='yasr-visitor-votes'><div class=\"yasr-custom-text-vv-before yasr-custom-text-vv-before-6375\">Hat es Dir gefallen?<\/div><div id='yasr-vv-second-row-container-bbb1d880096f6'\r\n                                        class='yasr-vv-second-row-container'><div id='yasr-visitor-votes-rater-bbb1d880096f6'\r\n                                      class='yasr-rater-stars-vv'\r\n                                      data-rater-postid='6375'\r\n                                      data-rating='5'\r\n                                      data-rater-starsize='32'\r\n                                      data-rater-readonly='false'\r\n                                      data-rater-nonce='06c9425c89'\r\n                                      data-issingular='false'\r\n                                    ><\/div><div class=\"yasr-vv-stats-text-container\" id=\"yasr-vv-stats-text-container-bbb1d880096f6\"><span id=\"yasr-vv-text-container-bbb1d880096f6\" class=\"yasr-vv-text-container\">[Total: <span id=\"yasr-vv-votes-number-container-bbb1d880096f6\">1<\/span> Average: <span id=\"yasr-vv-average-container-bbb1d880096f6\">5<\/span>]<\/span><\/div><div id='yasr-vv-loader-bbb1d880096f6' class='yasr-vv-container-loader'><\/div><\/div><div id='yasr-vv-bottom-container-bbb1d880096f6'\r\n                              class='yasr-vv-bottom-container'\r\n                              style='display:none'><\/div><\/div><!--End Yasr Visitor Votes Shortcode--><\/div>","protected":false},"excerpt":{"rendered":"<p>Hallo zusammen, Aufgrund der aktuellen Situation habe ich eine kleine Hilfsaktion f\u00fcr die Kinder in der vom Krieg ersch\u00fctterten Ukraine ins Leben gerufen. Auf meiner neuen Seite KunstAuktion auf meiner Website findet Ihr aktuelle Kunst von mir als Auktion. Der gesamte Erl\u00f6s dieser Auktion geht an Unicef, Kinder in Not \/ Ukraine. Es w\u00fcrde mich<span class=\"post-excerpt-end\">&hellip;<\/span><\/p>\n<p class=\"more-link\"><a href=\"https:\/\/www.light-style.eu\/Blog\/kunst-hilft-ukraine\/\" class=\"themebutton\">Read More<\/a><\/p>\n","protected":false},"author":2,"featured_media":6379,"comment_status":"open","ping_status":"open","sticky":false,"template":"","format":"standard","meta":{"jetpack_post_was_ever_published":false,"yasr_overall_rating":0,"yasr_post_is_review":"","yasr_auto_insert_disabled":"","yasr_review_type":"","_jetpack_newsletter_access":"","_jetpack_dont_email_post_to_subs":false,"_jetpack_newsletter_tier_id":0,"_jetpack_memberships_contains_paywalled_content":false,"_jetpack_memberships_contains_paid_content":false,"footnotes":"","jetpack_publicize_message":"Spenden-Auktion f\u00fcr die Kinder in der Ukraine...........Kunst als Hilfe.........","jetpack_publicize_feature_enabled":true,"jetpack_social_post_already_shared":true,"jetpack_social_options":{"image_generator_settings":{"template":"highway","default_image_id":0,"font":"","enabled":false},"version":2}},"categories":[49],"tags":[319,328,325,327,326,329],"class_list":["post-6375","post","type-post","status-publish","format-standard","has-post-thumbnail","hentry","category-abseits-des-alltags","tag-abseits-des-alltags","tag-hilfe","tag-krieg","tag-kunstauktion","tag-spenden","tag-ukraine"],"yasr_visitor_votes":{"stars_attributes":{"read_only":false,"span_bottom":false},"number_of_votes":1,"sum_votes":5},"jetpack_publicize_connections":[],"jetpack_featured_media_url":"https:\/\/i0.wp.com\/www.light-style.eu\/Blog\/wp-content\/uploads\/2022\/03\/Weltfrieden-23.jpg?fit=2560%2C1707&ssl=1","jetpack_sharing_enabled":true,"jetpack_shortlink":"https:\/\/wp.me\/p4Ojrv-1EP","jetpack-related-posts":[{"id":5529,"url":"https:\/\/www.light-style.eu\/Blog\/kunst-ist-leben\/","url_meta":{"origin":6375,"position":0},"title":"Kunst ist Leben","author":"Andi M\u00f6ller","date":"19. Juni 2020","format":"status","excerpt":"Heute geht es mal nicht um mich oder die Fotografie an sich.;-) Heute geht es um alle K\u00fcnstler. Egal ob Maler, Musiker, Dichter, Bildhauer usw. Dies soll eine Hommage an alle K\u00fcnstler sein. Kunst ist der Weg zum Licht, daher auch die Wahl dieses Fotos, na gut auch aus dem\u2026","rel":"","context":"In &quot;abseits des Alltags&quot;","block_context":{"text":"abseits des Alltags","link":"https:\/\/www.light-style.eu\/Blog\/category\/abseits-des-alltags\/"},"img":{"alt_text":"","src":"https:\/\/i0.wp.com\/www.light-style.eu\/Blog\/wp-content\/uploads\/2020\/06\/Kunst-Licht.jpg?fit=1200%2C800&ssl=1&resize=350%2C200","width":350,"height":200,"srcset":"https:\/\/i0.wp.com\/www.light-style.eu\/Blog\/wp-content\/uploads\/2020\/06\/Kunst-Licht.jpg?fit=1200%2C800&ssl=1&resize=350%2C200 1x, https:\/\/i0.wp.com\/www.light-style.eu\/Blog\/wp-content\/uploads\/2020\/06\/Kunst-Licht.jpg?fit=1200%2C800&ssl=1&resize=525%2C300 1.5x, https:\/\/i0.wp.com\/www.light-style.eu\/Blog\/wp-content\/uploads\/2020\/06\/Kunst-Licht.jpg?fit=1200%2C800&ssl=1&resize=700%2C400 2x, https:\/\/i0.wp.com\/www.light-style.eu\/Blog\/wp-content\/uploads\/2020\/06\/Kunst-Licht.jpg?fit=1200%2C800&ssl=1&resize=1050%2C600 3x"},"classes":[]},{"id":3848,"url":"https:\/\/www.light-style.eu\/Blog\/frohe-weihnachten\/","url_meta":{"origin":6375,"position":1},"title":"Frohe Weihnachten","author":"Andi M\u00f6ller","date":"19. Dezember 2018","format":"status","excerpt":"Nun w\u00fcnsche Ich Euch, nat\u00fcrlich mit einem selbst gebastelten Bildchen,\u00a0 frohe Weihnachten und ein frohes, gl\u00fcckliches & gesundes Jahr 2019. Ich bedanke mich f\u00fcr Eure Treue. Es war wie immer toll , spannend und kreativ mit Euch. Freue mich schon sehr auf das kommende Jahr. Zwischen den Jahren bleibt unser\u2026","rel":"","context":"In &quot;abseits des Alltags&quot;","block_context":{"text":"abseits des Alltags","link":"https:\/\/www.light-style.eu\/Blog\/category\/abseits-des-alltags\/"},"img":{"alt_text":"","src":"https:\/\/i0.wp.com\/www.light-style.eu\/Blog\/wp-content\/uploads\/2018\/12\/frohe-Weihnachten-18-1.jpg?fit=1200%2C800&ssl=1&resize=350%2C200","width":350,"height":200,"srcset":"https:\/\/i0.wp.com\/www.light-style.eu\/Blog\/wp-content\/uploads\/2018\/12\/frohe-Weihnachten-18-1.jpg?fit=1200%2C800&ssl=1&resize=350%2C200 1x, https:\/\/i0.wp.com\/www.light-style.eu\/Blog\/wp-content\/uploads\/2018\/12\/frohe-Weihnachten-18-1.jpg?fit=1200%2C800&ssl=1&resize=525%2C300 1.5x, https:\/\/i0.wp.com\/www.light-style.eu\/Blog\/wp-content\/uploads\/2018\/12\/frohe-Weihnachten-18-1.jpg?fit=1200%2C800&ssl=1&resize=700%2C400 2x, https:\/\/i0.wp.com\/www.light-style.eu\/Blog\/wp-content\/uploads\/2018\/12\/frohe-Weihnachten-18-1.jpg?fit=1200%2C800&ssl=1&resize=1050%2C600 3x"},"classes":[]},{"id":8165,"url":"https:\/\/www.light-style.eu\/Blog\/zeitlose-schoenheit\/","url_meta":{"origin":6375,"position":2},"title":"Zeitlose Sch\u00f6nheit","author":"Andi M\u00f6ller","date":"7. M\u00e4rz 2024","format":"status","excerpt":"\"Wahre Sch\u00f6nheit ist zeitlos.\" - Marilyn Monroe Wie der Titel es schon sagt, geht es heute mal wieder ums Thema Beauty. Genauer gesagt unsere Beautyportr\u00e4ts. Abseits vom Alltag, abseits vom \"normalen\" Portr\u00e4t. Bei unseren Beautyportr\u00e4ts geht es darum, Dich erstrahlen zu lassen, sodass Du es mit jedem Covergirl aufnehmen kannst.\u2026","rel":"","context":"In &quot;abseits des Alltags&quot;","block_context":{"text":"abseits des Alltags","link":"https:\/\/www.light-style.eu\/Blog\/category\/abseits-des-alltags\/"},"img":{"alt_text":"","src":"https:\/\/i0.wp.com\/www.light-style.eu\/Blog\/wp-content\/uploads\/2024\/03\/By23S0112-41.jpg?fit=1200%2C800&ssl=1&resize=350%2C200","width":350,"height":200,"srcset":"https:\/\/i0.wp.com\/www.light-style.eu\/Blog\/wp-content\/uploads\/2024\/03\/By23S0112-41.jpg?fit=1200%2C800&ssl=1&resize=350%2C200 1x, https:\/\/i0.wp.com\/www.light-style.eu\/Blog\/wp-content\/uploads\/2024\/03\/By23S0112-41.jpg?fit=1200%2C800&ssl=1&resize=525%2C300 1.5x, https:\/\/i0.wp.com\/www.light-style.eu\/Blog\/wp-content\/uploads\/2024\/03\/By23S0112-41.jpg?fit=1200%2C800&ssl=1&resize=700%2C400 2x, https:\/\/i0.wp.com\/www.light-style.eu\/Blog\/wp-content\/uploads\/2024\/03\/By23S0112-41.jpg?fit=1200%2C800&ssl=1&resize=1050%2C600 3x"},"classes":[]},{"id":8240,"url":"https:\/\/www.light-style.eu\/Blog\/schoene-neue-welt-kis-in-der-kunst\/","url_meta":{"origin":6375,"position":3},"title":"Sch\u00f6ne neue Welt? KI`s in der Kunst","author":"Andi M\u00f6ller","date":"25. April 2024","format":"status","excerpt":"Moin, moin, sie sind ja aktuell in jedermanns Mund, viele benutzen sie und es gibt viel pro & Contra. Ich spreche von den KIs ( k\u00fcnstliche Intelligenz) oder AIs auf englisch. In den social Medias wird man geradezu bombardiert mit KI generiertem Content. Auf Instagram, hab ich auch erst gedacht,\u2026","rel":"","context":"In &quot;abseits des Alltags&quot;","block_context":{"text":"abseits des Alltags","link":"https:\/\/www.light-style.eu\/Blog\/category\/abseits-des-alltags\/"},"img":{"alt_text":"","src":"https:\/\/i0.wp.com\/www.light-style.eu\/Blog\/wp-content\/uploads\/2024\/04\/werbefoto-garnelen.jpg?fit=1200%2C798&ssl=1&resize=350%2C200","width":350,"height":200,"srcset":"https:\/\/i0.wp.com\/www.light-style.eu\/Blog\/wp-content\/uploads\/2024\/04\/werbefoto-garnelen.jpg?fit=1200%2C798&ssl=1&resize=350%2C200 1x, https:\/\/i0.wp.com\/www.light-style.eu\/Blog\/wp-content\/uploads\/2024\/04\/werbefoto-garnelen.jpg?fit=1200%2C798&ssl=1&resize=525%2C300 1.5x, https:\/\/i0.wp.com\/www.light-style.eu\/Blog\/wp-content\/uploads\/2024\/04\/werbefoto-garnelen.jpg?fit=1200%2C798&ssl=1&resize=700%2C400 2x, https:\/\/i0.wp.com\/www.light-style.eu\/Blog\/wp-content\/uploads\/2024\/04\/werbefoto-garnelen.jpg?fit=1200%2C798&ssl=1&resize=1050%2C600 3x"},"classes":[]},{"id":5134,"url":"https:\/\/www.light-style.eu\/Blog\/staendig-modelle-gesucht\/","url_meta":{"origin":6375,"position":4},"title":"st\u00e4ndig Modelle gesucht","author":"Andi M\u00f6ller","date":"23. Oktober 2019","format":"status","excerpt":"Heute ist Mittwoch und da dies meist ein ruhiger Tag ist, hab ich sogar noch f\u00fcr einen Beitrag Zeit, ein Thema das mir schon lange im Kopf rumgeht. Auch ich suche nat\u00fcrlich wie wir fast Alle immer wieder mal ein Model, sowohl m\u00e4nnlich oder weiblich, f\u00fcr die unterschiedlichsten Ideen. Manchmal\u2026","rel":"","context":"In &quot;abseits des Alltags&quot;","block_context":{"text":"abseits des Alltags","link":"https:\/\/www.light-style.eu\/Blog\/category\/abseits-des-alltags\/"},"img":{"alt_text":"","src":"https:\/\/i0.wp.com\/www.light-style.eu\/Blog\/wp-content\/uploads\/2019\/04\/SC18S0104-182.jpg?fit=1200%2C800&ssl=1&resize=350%2C200","width":350,"height":200,"srcset":"https:\/\/i0.wp.com\/www.light-style.eu\/Blog\/wp-content\/uploads\/2019\/04\/SC18S0104-182.jpg?fit=1200%2C800&ssl=1&resize=350%2C200 1x, https:\/\/i0.wp.com\/www.light-style.eu\/Blog\/wp-content\/uploads\/2019\/04\/SC18S0104-182.jpg?fit=1200%2C800&ssl=1&resize=525%2C300 1.5x, https:\/\/i0.wp.com\/www.light-style.eu\/Blog\/wp-content\/uploads\/2019\/04\/SC18S0104-182.jpg?fit=1200%2C800&ssl=1&resize=700%2C400 2x, https:\/\/i0.wp.com\/www.light-style.eu\/Blog\/wp-content\/uploads\/2019\/04\/SC18S0104-182.jpg?fit=1200%2C800&ssl=1&resize=1050%2C600 3x"},"classes":[]},{"id":5692,"url":"https:\/\/www.light-style.eu\/Blog\/faszination-lost-places\/","url_meta":{"origin":6375,"position":5},"title":"Faszination &#8211; Lost Places","author":"Andi M\u00f6ller","date":"13. Januar 2021","format":"status","excerpt":"Lost Places, oder auf Deutsch \"verlorene Pl\u00e4tze\", haben eine unglaubliche Faszination. Nicht nur f\u00fcr uns Fotografen. Beim Ablichten dieser Location hatten wir z.B. ein P\u00e4rchen getroffen, welches wohl \u00f6fters hier einfach herumstreift und immer etwas Neues entdeckt, und so \u00fcber die Jahre auch den Verfall dieser ehemalig gr\u00f6\u00dften Papierfabrik der\u2026","rel":"","context":"In &quot;abseits des Alltags&quot;","block_context":{"text":"abseits des Alltags","link":"https:\/\/www.light-style.eu\/Blog\/category\/abseits-des-alltags\/"},"img":{"alt_text":"","src":"https:\/\/i0.wp.com\/www.light-style.eu\/Blog\/wp-content\/uploads\/2021\/01\/Papierfabrik-136-1.jpg?fit=1200%2C800&ssl=1&resize=350%2C200","width":350,"height":200,"srcset":"https:\/\/i0.wp.com\/www.light-style.eu\/Blog\/wp-content\/uploads\/2021\/01\/Papierfabrik-136-1.jpg?fit=1200%2C800&ssl=1&resize=350%2C200 1x, https:\/\/i0.wp.com\/www.light-style.eu\/Blog\/wp-content\/uploads\/2021\/01\/Papierfabrik-136-1.jpg?fit=1200%2C800&ssl=1&resize=525%2C300 1.5x, https:\/\/i0.wp.com\/www.light-style.eu\/Blog\/wp-content\/uploads\/2021\/01\/Papierfabrik-136-1.jpg?fit=1200%2C800&ssl=1&resize=700%2C400 2x, https:\/\/i0.wp.com\/www.light-style.eu\/Blog\/wp-content\/uploads\/2021\/01\/Papierfabrik-136-1.jpg?fit=1200%2C800&ssl=1&resize=1050%2C600 3x"},"classes":[]}],"_links":{"self":[{"href":"https:\/\/www.light-style.eu\/Blog\/wp-json\/wp\/v2\/posts\/6375","targetHints":{"allow":["GET"]}}],"collection":[{"href":"https:\/\/www.light-style.eu\/Blog\/wp-json\/wp\/v2\/posts"}],"about":[{"href":"https:\/\/www.light-style.eu\/Blog\/wp-json\/wp\/v2\/types\/post"}],"author":[{"embeddable":true,"href":"https:\/\/www.light-style.eu\/Blog\/wp-json\/wp\/v2\/users\/2"}],"replies":[{"embeddable":true,"href":"https:\/\/www.light-style.eu\/Blog\/wp-json\/wp\/v2\/comments?post=6375"}],"version-history":[{"count":0,"href":"https:\/\/www.light-style.eu\/Blog\/wp-json\/wp\/v2\/posts\/6375\/revisions"}],"wp:featuredmedia":[{"embeddable":true,"href":"https:\/\/www.light-style.eu\/Blog\/wp-json\/wp\/v2\/media\/6379"}],"wp:attachment":[{"href":"https:\/\/www.light-style.eu\/Blog\/wp-json\/wp\/v2\/media?parent=6375"}],"wp:term":[{"taxonomy":"category","embeddable":true,"href":"https:\/\/www.light-style.eu\/Blog\/wp-json\/wp\/v2\/categories?post=6375"},{"taxonomy":"post_tag","embeddable":true,"href":"https:\/\/www.light-style.eu\/Blog\/wp-json\/wp\/v2\/tags?post=6375"}],"curies":[{"name":"wp","href":"https:\/\/api.w.org\/{rel}","templated":true}]}}