{"id":757,"date":"2015-05-23T12:31:29","date_gmt":"2015-05-23T10:31:29","guid":{"rendered":"http:\/\/www.light-style.eu\/Blog\/?p=757"},"modified":"2015-05-23T12:31:29","modified_gmt":"2015-05-23T10:31:29","slug":"keine-kinderfotos-von-der-stange","status":"publish","type":"post","link":"https:\/\/www.light-style.eu\/Blog\/keine-kinderfotos-von-der-stange\/","title":{"rendered":"keine Kinderfotos von der Stange"},"content":{"rendered":"<p>Moin und bevor ich`s vergesse Euch Allen ein tollen Pfingswochenende.<\/p>\n<p>Wer meine Fotos kennt, wei\u00df das ich ungern von der Stange fotografiere, mal was Neues, mal etwas Anderes. Diesmal war ein junger Mann im Studio, denke es sind ganz nette Kinderportr\u00e4ts geworden.<\/p>\n<p><a href=\"https:\/\/i0.wp.com\/www.light-style.eu\/Blog\/wp-content\/uploads\/2015\/05\/P15L0105-13-Bearbeitet-Kopie.jpg?ssl=1\"><img data-recalc-dims=\"1\" loading=\"lazy\" decoding=\"async\" data-attachment-id=\"758\" data-permalink=\"https:\/\/www.light-style.eu\/Blog\/keine-kinderfotos-von-der-stange\/p15l0105-13-bearbeitet-kopie\/#main\" data-orig-file=\"https:\/\/i0.wp.com\/www.light-style.eu\/Blog\/wp-content\/uploads\/2015\/05\/P15L0105-13-Bearbeitet-Kopie.jpg?fit=333%2C500&amp;ssl=1\" data-orig-size=\"333,500\" data-comments-opened=\"1\" data-image-meta=\"{&quot;aperture&quot;:&quot;10&quot;,&quot;credit&quot;:&quot;Andi M\\u00f6ller&quot;,&quot;camera&quot;:&quot;Canon EOS 5D Mark II&quot;,&quot;caption&quot;:&quot;&quot;,&quot;created_timestamp&quot;:&quot;1431706996&quot;,&quot;copyright&quot;:&quot;photostudio Light-Style&quot;,&quot;focal_length&quot;:&quot;50&quot;,&quot;iso&quot;:&quot;100&quot;,&quot;shutter_speed&quot;:&quot;0.008&quot;,&quot;title&quot;:&quot;&quot;,&quot;orientation&quot;:&quot;1&quot;}\" data-image-title=\"P15L0105&amp;#8211;13-Bearbeitet Kopie\" data-image-description=\"\" data-image-caption=\"\" data-large-file=\"https:\/\/i0.wp.com\/www.light-style.eu\/Blog\/wp-content\/uploads\/2015\/05\/P15L0105-13-Bearbeitet-Kopie.jpg?fit=333%2C500&amp;ssl=1\" class=\"alignnone size-medium wp-image-758\" src=\"https:\/\/i0.wp.com\/www.light-style.eu\/Blog\/wp-content\/uploads\/2015\/05\/P15L0105-13-Bearbeitet-Kopie.jpg?resize=200%2C300&#038;ssl=1\" alt=\"P15L0105--13-Bearbeitet Kopie\" width=\"200\" height=\"300\" \/><\/a> <a href=\"https:\/\/i0.wp.com\/www.light-style.eu\/Blog\/wp-content\/uploads\/2015\/05\/P15L0105-12-Bearbeitet-Kopie.jpg?ssl=1\"><img data-recalc-dims=\"1\" loading=\"lazy\" decoding=\"async\" data-attachment-id=\"759\" data-permalink=\"https:\/\/www.light-style.eu\/Blog\/keine-kinderfotos-von-der-stange\/p15l0105-12-bearbeitet-kopie\/#main\" data-orig-file=\"https:\/\/i0.wp.com\/www.light-style.eu\/Blog\/wp-content\/uploads\/2015\/05\/P15L0105-12-Bearbeitet-Kopie.jpg?fit=333%2C500&amp;ssl=1\" data-orig-size=\"333,500\" data-comments-opened=\"1\" data-image-meta=\"{&quot;aperture&quot;:&quot;10&quot;,&quot;credit&quot;:&quot;Andi M\\u00f6ller&quot;,&quot;camera&quot;:&quot;Canon EOS 5D Mark II&quot;,&quot;caption&quot;:&quot;&quot;,&quot;created_timestamp&quot;:&quot;1431706979&quot;,&quot;copyright&quot;:&quot;photostudio Light-Style&quot;,&quot;focal_length&quot;:&quot;105&quot;,&quot;iso&quot;:&quot;100&quot;,&quot;shutter_speed&quot;:&quot;0.008&quot;,&quot;title&quot;:&quot;&quot;,&quot;orientation&quot;:&quot;1&quot;}\" data-image-title=\"P15L0105&amp;#8211;12-Bearbeitet Kopie\" data-image-description=\"\" data-image-caption=\"\" data-large-file=\"https:\/\/i0.wp.com\/www.light-style.eu\/Blog\/wp-content\/uploads\/2015\/05\/P15L0105-12-Bearbeitet-Kopie.jpg?fit=333%2C500&amp;ssl=1\" class=\"alignnone size-medium wp-image-759\" src=\"https:\/\/i0.wp.com\/www.light-style.eu\/Blog\/wp-content\/uploads\/2015\/05\/P15L0105-12-Bearbeitet-Kopie.jpg?resize=200%2C300&#038;ssl=1\" alt=\"P15L0105--12-Bearbeitet Kopie\" width=\"200\" height=\"300\" \/><\/a> <a href=\"https:\/\/i0.wp.com\/www.light-style.eu\/Blog\/wp-content\/uploads\/2015\/05\/P15L0105-9-Bearbeitet-Kopie.jpg?ssl=1\"><img data-recalc-dims=\"1\" loading=\"lazy\" decoding=\"async\" data-attachment-id=\"760\" data-permalink=\"https:\/\/www.light-style.eu\/Blog\/keine-kinderfotos-von-der-stange\/p15l0105-9-bearbeitet-kopie\/#main\" data-orig-file=\"https:\/\/i0.wp.com\/www.light-style.eu\/Blog\/wp-content\/uploads\/2015\/05\/P15L0105-9-Bearbeitet-Kopie.jpg?fit=333%2C500&amp;ssl=1\" data-orig-size=\"333,500\" data-comments-opened=\"1\" data-image-meta=\"{&quot;aperture&quot;:&quot;10&quot;,&quot;credit&quot;:&quot;Andi M\\u00f6ller&quot;,&quot;camera&quot;:&quot;Canon EOS 5D Mark II&quot;,&quot;caption&quot;:&quot;&quot;,&quot;created_timestamp&quot;:&quot;1431706804&quot;,&quot;copyright&quot;:&quot;photostudio Light-Style&quot;,&quot;focal_length&quot;:&quot;45&quot;,&quot;iso&quot;:&quot;100&quot;,&quot;shutter_speed&quot;:&quot;0.008&quot;,&quot;title&quot;:&quot;&quot;,&quot;orientation&quot;:&quot;1&quot;}\" data-image-title=\"P15L0105&amp;#8211;9-Bearbeitet Kopie\" data-image-description=\"\" data-image-caption=\"\" data-large-file=\"https:\/\/i0.wp.com\/www.light-style.eu\/Blog\/wp-content\/uploads\/2015\/05\/P15L0105-9-Bearbeitet-Kopie.jpg?fit=333%2C500&amp;ssl=1\" class=\"alignnone size-medium wp-image-760\" src=\"https:\/\/i0.wp.com\/www.light-style.eu\/Blog\/wp-content\/uploads\/2015\/05\/P15L0105-9-Bearbeitet-Kopie.jpg?resize=200%2C300&#038;ssl=1\" alt=\"P15L0105--9-Bearbeitet Kopie\" width=\"200\" height=\"300\" \/><\/a> <a href=\"https:\/\/i0.wp.com\/www.light-style.eu\/Blog\/wp-content\/uploads\/2015\/05\/P15L0105-7-Bearbeitet-2-Kopie.jpg?ssl=1\"><img data-recalc-dims=\"1\" loading=\"lazy\" decoding=\"async\" data-attachment-id=\"761\" data-permalink=\"https:\/\/www.light-style.eu\/Blog\/keine-kinderfotos-von-der-stange\/p15l0105-7-bearbeitet-2-kopie\/#main\" data-orig-file=\"https:\/\/i0.wp.com\/www.light-style.eu\/Blog\/wp-content\/uploads\/2015\/05\/P15L0105-7-Bearbeitet-2-Kopie.jpg?fit=333%2C500&amp;ssl=1\" data-orig-size=\"333,500\" data-comments-opened=\"1\" data-image-meta=\"{&quot;aperture&quot;:&quot;10&quot;,&quot;credit&quot;:&quot;Andi M\\u00f6ller&quot;,&quot;camera&quot;:&quot;Canon EOS 5D Mark II&quot;,&quot;caption&quot;:&quot;&quot;,&quot;created_timestamp&quot;:&quot;1431706414&quot;,&quot;copyright&quot;:&quot;photostudio Light-Style&quot;,&quot;focal_length&quot;:&quot;92&quot;,&quot;iso&quot;:&quot;100&quot;,&quot;shutter_speed&quot;:&quot;0.008&quot;,&quot;title&quot;:&quot;&quot;,&quot;orientation&quot;:&quot;1&quot;}\" data-image-title=\"P15L0105&amp;#8211;7-Bearbeitet-2 Kopie\" data-image-description=\"\" data-image-caption=\"\" data-large-file=\"https:\/\/i0.wp.com\/www.light-style.eu\/Blog\/wp-content\/uploads\/2015\/05\/P15L0105-7-Bearbeitet-2-Kopie.jpg?fit=333%2C500&amp;ssl=1\" class=\"alignnone size-medium wp-image-761\" src=\"https:\/\/i0.wp.com\/www.light-style.eu\/Blog\/wp-content\/uploads\/2015\/05\/P15L0105-7-Bearbeitet-2-Kopie.jpg?resize=200%2C300&#038;ssl=1\" alt=\"P15L0105--7-Bearbeitet-2 Kopie\" width=\"200\" height=\"300\" \/><\/a> <a href=\"https:\/\/i0.wp.com\/www.light-style.eu\/Blog\/wp-content\/uploads\/2015\/05\/IMG_0008-Bearbeitet-Kopie.jpg?ssl=1\"><img data-recalc-dims=\"1\" loading=\"lazy\" decoding=\"async\" data-attachment-id=\"762\" data-permalink=\"https:\/\/www.light-style.eu\/Blog\/keine-kinderfotos-von-der-stange\/img_0008-bearbeitet-kopie\/#main\" data-orig-file=\"https:\/\/i0.wp.com\/www.light-style.eu\/Blog\/wp-content\/uploads\/2015\/05\/IMG_0008-Bearbeitet-Kopie.jpg?fit=333%2C500&amp;ssl=1\" data-orig-size=\"333,500\" data-comments-opened=\"1\" data-image-meta=\"{&quot;aperture&quot;:&quot;10&quot;,&quot;credit&quot;:&quot;Andi M\\u00f6ller&quot;,&quot;camera&quot;:&quot;Canon EOS 5D Mark II&quot;,&quot;caption&quot;:&quot;&quot;,&quot;created_timestamp&quot;:&quot;1431705983&quot;,&quot;copyright&quot;:&quot;photostudio Light-Style&quot;,&quot;focal_length&quot;:&quot;70&quot;,&quot;iso&quot;:&quot;100&quot;,&quot;shutter_speed&quot;:&quot;0.008&quot;,&quot;title&quot;:&quot;&quot;,&quot;orientation&quot;:&quot;1&quot;}\" data-image-title=\"IMG_0008-Bearbeitet Kopie\" data-image-description=\"\" data-image-caption=\"\" data-large-file=\"https:\/\/i0.wp.com\/www.light-style.eu\/Blog\/wp-content\/uploads\/2015\/05\/IMG_0008-Bearbeitet-Kopie.jpg?fit=333%2C500&amp;ssl=1\" class=\"alignnone size-medium wp-image-762\" src=\"https:\/\/i0.wp.com\/www.light-style.eu\/Blog\/wp-content\/uploads\/2015\/05\/IMG_0008-Bearbeitet-Kopie.jpg?resize=200%2C300&#038;ssl=1\" alt=\"IMG_0008-Bearbeitet Kopie\" width=\"200\" height=\"300\" \/><\/a><\/p>\n<p>Von der ganz anderen Art wird es n\u00e4chstes Wochenende werden, ich verrate nicht viel, aber es wird ein Verschmelzen von M\u00e4rchen, Realit\u00e4t werden. Ich freu mich drauf, hoffe nur das Wetter spielt mit, alles darf sein, nur nicht kalt und Regen. Nat\u00fcrlich werde ich Euch die Woche drauf dann schon mal das eine oder andere Foto hier pr\u00e4sentieren.<\/p>\n<p>Endlich mal wieder ein voll kreatives, freies Shooting wo ich machen kann was ich will. \ud83d\ude09 Das gute an solchen Projekten, man kann auch mal etwas ausprobieren, will u.A. auch mal eine andere Technik nutzen, welche ungew\u00f6hnliche Fotos verspricht. Lasst Euch \u00fcberraschen.<\/p>\n<p>&nbsp;<\/p>\n<p>Euer Andi<\/p>\n<div style='text-align:center' class='yasr-auto-insert-visitor'><!--Yasr Visitor Votes Shortcode--><div id='yasr_visitor_votes_83f8a9865bf32' class='yasr-visitor-votes'><div class=\"yasr-custom-text-vv-before yasr-custom-text-vv-before-757\">Hat es Dir gefallen?<\/div><div id='yasr-vv-second-row-container-83f8a9865bf32'\r\n                                        class='yasr-vv-second-row-container'><div id='yasr-visitor-votes-rater-83f8a9865bf32'\r\n                                      class='yasr-rater-stars-vv'\r\n                                      data-rater-postid='757'\r\n                                      data-rating='0'\r\n                                      data-rater-starsize='32'\r\n                                      data-rater-readonly='false'\r\n                                      data-rater-nonce='7770fceba6'\r\n                                      data-issingular='false'\r\n                                    ><\/div><div class=\"yasr-vv-stats-text-container\" id=\"yasr-vv-stats-text-container-83f8a9865bf32\"><span id=\"yasr-vv-text-container-83f8a9865bf32\" class=\"yasr-vv-text-container\">[Total: <span id=\"yasr-vv-votes-number-container-83f8a9865bf32\">0<\/span> Average: <span id=\"yasr-vv-average-container-83f8a9865bf32\">0<\/span>]<\/span><\/div><div id='yasr-vv-loader-83f8a9865bf32' class='yasr-vv-container-loader'><\/div><\/div><div id='yasr-vv-bottom-container-83f8a9865bf32'\r\n                              class='yasr-vv-bottom-container'\r\n                              style='display:none'><\/div><\/div><!--End Yasr Visitor Votes Shortcode--><\/div>","protected":false},"excerpt":{"rendered":"<p>Moin und bevor ich`s vergesse Euch Allen ein tollen Pfingswochenende. Wer meine Fotos kennt, wei\u00df das ich ungern von der Stange fotografiere, mal was Neues, mal etwas Anderes. Diesmal war ein junger Mann im Studio, denke es sind ganz nette Kinderportr\u00e4ts geworden. Von der ganz anderen Art wird es n\u00e4chstes Wochenende werden, ich verrate nicht<span class=\"post-excerpt-end\">&hellip;<\/span><\/p>\n<p class=\"more-link\"><a href=\"https:\/\/www.light-style.eu\/Blog\/keine-kinderfotos-von-der-stange\/\" class=\"themebutton\">Read More<\/a><\/p>\n","protected":false},"author":2,"featured_media":762,"comment_status":"open","ping_status":"open","sticky":false,"template":"","format":"status","meta":{"jetpack_post_was_ever_published":false,"yasr_overall_rating":0,"yasr_post_is_review":"","yasr_auto_insert_disabled":"","yasr_review_type":"","_jetpack_newsletter_access":"","_jetpack_dont_email_post_to_subs":false,"_jetpack_newsletter_tier_id":0,"_jetpack_memberships_contains_paywalled_content":false,"_jetpack_memberships_contains_paid_content":false,"footnotes":"","jetpack_publicize_message":"","jetpack_publicize_feature_enabled":true,"jetpack_social_post_already_shared":true,"jetpack_social_options":{"image_generator_settings":{"template":"highway","default_image_id":0,"font":"","enabled":false},"version":2}},"categories":[1],"tags":[19,52,51,25],"class_list":["post-757","post","type-post","status-publish","format-status","has-post-thumbnail","hentry","category-allgemein","tag-geschenke","tag-kinder","tag-kinderportraets","tag-portraets","post_format-post-format-status"],"yasr_visitor_votes":{"stars_attributes":{"read_only":false,"span_bottom":false},"number_of_votes":0,"sum_votes":0},"jetpack_publicize_connections":[],"jetpack_featured_media_url":"https:\/\/i0.wp.com\/www.light-style.eu\/Blog\/wp-content\/uploads\/2015\/05\/IMG_0008-Bearbeitet-Kopie.jpg?fit=333%2C500&ssl=1","jetpack_sharing_enabled":true,"jetpack_shortlink":"https:\/\/wp.me\/p4Ojrv-cd","jetpack-related-posts":[{"id":1609,"url":"https:\/\/www.light-style.eu\/Blog\/es-weihnachtet\/","url_meta":{"origin":757,"position":0},"title":"Es weihnachtet langsam","author":"Andi M\u00f6ller","date":"4. Dezember 2015","format":false,"excerpt":"Hallo Zusammen, auch wenn es drau\u00dfen mehr nach Herbst statt nach Winter aussieht, kann man hier und da das nahende Weihnachtsfest doch erahnen. \u00a0 Ich hab selbst ja die Hoffnung auf wei\u00dfe Weihnacht noch nicht aufgegeben, so wie eigentlich jedes Jahr.Sch\u00f6n an Heiligabend, vor der Bescherung und dem Festtagsbraten mit\u2026","rel":"","context":"In &quot;Alles&quot;","block_context":{"text":"Alles","link":"https:\/\/www.light-style.eu\/Blog\/category\/alles\/"},"img":{"alt_text":"","src":"https:\/\/i0.wp.com\/www.light-style.eu\/Blog\/wp-content\/uploads\/2015\/12\/P15J0111-11-Bearbeitet.jpg?resize=350%2C200","width":350,"height":200},"classes":[]},{"id":84,"url":"https:\/\/www.light-style.eu\/Blog\/wie-versprochen-unser-mensch-aergere-dich-nicht-foto\/","url_meta":{"origin":757,"position":1},"title":"Wie versprochen, unser &#8220; Mensch \u00e4rgere Dich nicht&#8220; Foto ;-)","author":"Andi M\u00f6ller","date":"20. Mai 2014","format":false,"excerpt":"So, es hat geklappt. Hab mir heute Nachmittag mal meinen Gro\u00dfen geschnappt und die angek\u00fcndigte Idee von heute Morgen umgesetzt. War gar nicht so einfach ihn mal sauer schauen zu lassen.........gg Werde ich Ihm dann beim n\u00e4chsten Mensch \u00e4rger Dich nicht Spiel unter die Nase halten :-D :-D :-D Ich\u2026","rel":"","context":"In &quot;Allgemein&quot;","block_context":{"text":"Allgemein","link":"https:\/\/www.light-style.eu\/Blog\/category\/allgemein\/"},"img":{"alt_text":"","src":"https:\/\/i0.wp.com\/www.light-style.eu\/Blog\/wp-content\/uploads\/2014\/05\/Mensch-%C3%A4rgere-Dich-nicht.jpg?resize=350%2C200&ssl=1","width":350,"height":200,"srcset":"https:\/\/i0.wp.com\/www.light-style.eu\/Blog\/wp-content\/uploads\/2014\/05\/Mensch-%C3%A4rgere-Dich-nicht.jpg?resize=350%2C200&ssl=1 1x, https:\/\/i0.wp.com\/www.light-style.eu\/Blog\/wp-content\/uploads\/2014\/05\/Mensch-%C3%A4rgere-Dich-nicht.jpg?resize=525%2C300&ssl=1 1.5x, https:\/\/i0.wp.com\/www.light-style.eu\/Blog\/wp-content\/uploads\/2014\/05\/Mensch-%C3%A4rgere-Dich-nicht.jpg?resize=700%2C400&ssl=1 2x"},"classes":[]},{"id":2514,"url":"https:\/\/www.light-style.eu\/Blog\/weihnachtsgeschenke-leicht-gemacht\/","url_meta":{"origin":757,"position":2},"title":"Weihnachtsgeschenke leicht gemacht","author":"Andi M\u00f6ller","date":"17. November 2016","format":"status","excerpt":"Hey ho, das Jahr 2016 begibt sich so langsam in den verdienten Ruhestand. Doch vorher wirft Weihnachten so langsam seine ersten Schatten voraus ;-) Hab doch tats\u00e4chlich gestern die ersten Xmas Songs im Douglas geh\u00f6rt ;-) Da dachte ich mir, jetzt wirds mal wieder Zeit Euch ein paar Ideen f\u00fcr\u2026","rel":"","context":"In &quot;Alles&quot;","block_context":{"text":"Alles","link":"https:\/\/www.light-style.eu\/Blog\/category\/alles\/"},"img":{"alt_text":"","src":"https:\/\/i0.wp.com\/www.light-style.eu\/Blog\/wp-content\/uploads\/2015\/09\/A15H0109-229-Bearbeitet-Kopie.jpg?fit=1200%2C800&ssl=1&resize=350%2C200","width":350,"height":200,"srcset":"https:\/\/i0.wp.com\/www.light-style.eu\/Blog\/wp-content\/uploads\/2015\/09\/A15H0109-229-Bearbeitet-Kopie.jpg?fit=1200%2C800&ssl=1&resize=350%2C200 1x, https:\/\/i0.wp.com\/www.light-style.eu\/Blog\/wp-content\/uploads\/2015\/09\/A15H0109-229-Bearbeitet-Kopie.jpg?fit=1200%2C800&ssl=1&resize=525%2C300 1.5x, https:\/\/i0.wp.com\/www.light-style.eu\/Blog\/wp-content\/uploads\/2015\/09\/A15H0109-229-Bearbeitet-Kopie.jpg?fit=1200%2C800&ssl=1&resize=700%2C400 2x, https:\/\/i0.wp.com\/www.light-style.eu\/Blog\/wp-content\/uploads\/2015\/09\/A15H0109-229-Bearbeitet-Kopie.jpg?fit=1200%2C800&ssl=1&resize=1050%2C600 3x"},"classes":[]},{"id":8795,"url":"https:\/\/www.light-style.eu\/Blog\/blick-in-die-kinderseele\/","url_meta":{"origin":757,"position":3},"title":"Blick in die Kinderseele","author":"Andi M\u00f6ller","date":"4. M\u00e4rz 2025","format":"status","excerpt":"Es war einmal, eine Braut, die sich traut.............. so k\u00f6nnte diese Geschichte beginnen. Es ist f\u00fcr mich unheimlich sch\u00f6n, wenn Kunden \u00fcber viele Jahre immer wieder den Weg zu mir finden. So wie dieser s\u00fc\u00dfe Knirps. Es begann vor vielen Jahren mit der Hochzeit der Oma, dann kamen hei\u00dfe Fotos\u2026","rel":"","context":"In &quot;besondere Portr\u00e4ts&quot;","block_context":{"text":"besondere Portr\u00e4ts","link":"https:\/\/www.light-style.eu\/Blog\/category\/besondere-portraets\/"},"img":{"alt_text":"","src":"https:\/\/i0.wp.com\/www.light-style.eu\/Blog\/wp-content\/uploads\/2025\/03\/P25S0102-17.jpg?fit=1200%2C800&ssl=1&resize=350%2C200","width":350,"height":200,"srcset":"https:\/\/i0.wp.com\/www.light-style.eu\/Blog\/wp-content\/uploads\/2025\/03\/P25S0102-17.jpg?fit=1200%2C800&ssl=1&resize=350%2C200 1x, https:\/\/i0.wp.com\/www.light-style.eu\/Blog\/wp-content\/uploads\/2025\/03\/P25S0102-17.jpg?fit=1200%2C800&ssl=1&resize=525%2C300 1.5x, https:\/\/i0.wp.com\/www.light-style.eu\/Blog\/wp-content\/uploads\/2025\/03\/P25S0102-17.jpg?fit=1200%2C800&ssl=1&resize=700%2C400 2x, https:\/\/i0.wp.com\/www.light-style.eu\/Blog\/wp-content\/uploads\/2025\/03\/P25S0102-17.jpg?fit=1200%2C800&ssl=1&resize=1050%2C600 3x"},"classes":[]},{"id":1305,"url":"https:\/\/www.light-style.eu\/Blog\/schultuete-ranzen-einschulungsfotos\/","url_meta":{"origin":757,"position":4},"title":"Schult\u00fcte &#038; Ranzen&#8230;. Einschulungsfotos","author":"Andi M\u00f6ller","date":"3. September 2015","format":"status","excerpt":"`Moin, am kommenden Dienstag ist es ja wieder soweit, ein paar unserer Kleinsten d\u00fcrfen endlich in die lang ersehnte Schule gehen. Stolz den Ranzen und die Schult\u00fcte pr\u00e4sentieren. Vielleicht auch mit beim Gottesdienst sein. Es ist Einschulung. Gro\u00dfe Aufregung ( manchmal auch bei den Eltern ;-) ) gro\u00dfe leuchtende Augen,\u2026","rel":"","context":"In &quot;Allgemein&quot;","block_context":{"text":"Allgemein","link":"https:\/\/www.light-style.eu\/Blog\/category\/allgemein\/"},"img":{"alt_text":"","src":"https:\/\/i0.wp.com\/www.light-style.eu\/Blog\/wp-content\/uploads\/2015\/09\/Justins-1.-Schultag.jpg?fit=800%2C1200&ssl=1&resize=350%2C200","width":350,"height":200,"srcset":"https:\/\/i0.wp.com\/www.light-style.eu\/Blog\/wp-content\/uploads\/2015\/09\/Justins-1.-Schultag.jpg?fit=800%2C1200&ssl=1&resize=350%2C200 1x, https:\/\/i0.wp.com\/www.light-style.eu\/Blog\/wp-content\/uploads\/2015\/09\/Justins-1.-Schultag.jpg?fit=800%2C1200&ssl=1&resize=525%2C300 1.5x, https:\/\/i0.wp.com\/www.light-style.eu\/Blog\/wp-content\/uploads\/2015\/09\/Justins-1.-Schultag.jpg?fit=800%2C1200&ssl=1&resize=700%2C400 2x"},"classes":[]},{"id":3397,"url":"https:\/\/www.light-style.eu\/Blog\/unser-neuestes-schmuckstueck\/","url_meta":{"origin":757,"position":5},"title":"unser neuestes Schmuckst\u00fcck ;-)","author":"Andi M\u00f6ller","date":"14. M\u00e4rz 2018","format":"status","excerpt":"Nachdem es die letzten 10 Tage im Studio etwas holprig war, da wir f\u00fcr Euch unsere \u00d6ffnungszeiten nicht wie gewohnt halten konnten. Bedingt war dies durch die Grippewelle welche auch meine Assistentin nicht verschont hatte und durch meine Au\u00dfentermine. Aber nun kehr endlich wieder Normalit\u00e4t zur\u00fcck. Und gleich heute kam\u2026","rel":"","context":"In &quot;Alles&quot;","block_context":{"text":"Alles","link":"https:\/\/www.light-style.eu\/Blog\/category\/alles\/"},"img":{"alt_text":"","src":"https:\/\/i0.wp.com\/www.light-style.eu\/Blog\/wp-content\/uploads\/2018\/03\/antiker-Kinderwagen-12.jpg?fit=1200%2C800&ssl=1&resize=350%2C200","width":350,"height":200,"srcset":"https:\/\/i0.wp.com\/www.light-style.eu\/Blog\/wp-content\/uploads\/2018\/03\/antiker-Kinderwagen-12.jpg?fit=1200%2C800&ssl=1&resize=350%2C200 1x, https:\/\/i0.wp.com\/www.light-style.eu\/Blog\/wp-content\/uploads\/2018\/03\/antiker-Kinderwagen-12.jpg?fit=1200%2C800&ssl=1&resize=525%2C300 1.5x, https:\/\/i0.wp.com\/www.light-style.eu\/Blog\/wp-content\/uploads\/2018\/03\/antiker-Kinderwagen-12.jpg?fit=1200%2C800&ssl=1&resize=700%2C400 2x, https:\/\/i0.wp.com\/www.light-style.eu\/Blog\/wp-content\/uploads\/2018\/03\/antiker-Kinderwagen-12.jpg?fit=1200%2C800&ssl=1&resize=1050%2C600 3x"},"classes":[]}],"_links":{"self":[{"href":"https:\/\/www.light-style.eu\/Blog\/wp-json\/wp\/v2\/posts\/757","targetHints":{"allow":["GET"]}}],"collection":[{"href":"https:\/\/www.light-style.eu\/Blog\/wp-json\/wp\/v2\/posts"}],"about":[{"href":"https:\/\/www.light-style.eu\/Blog\/wp-json\/wp\/v2\/types\/post"}],"author":[{"embeddable":true,"href":"https:\/\/www.light-style.eu\/Blog\/wp-json\/wp\/v2\/users\/2"}],"replies":[{"embeddable":true,"href":"https:\/\/www.light-style.eu\/Blog\/wp-json\/wp\/v2\/comments?post=757"}],"version-history":[{"count":0,"href":"https:\/\/www.light-style.eu\/Blog\/wp-json\/wp\/v2\/posts\/757\/revisions"}],"wp:featuredmedia":[{"embeddable":true,"href":"https:\/\/www.light-style.eu\/Blog\/wp-json\/wp\/v2\/media\/762"}],"wp:attachment":[{"href":"https:\/\/www.light-style.eu\/Blog\/wp-json\/wp\/v2\/media?parent=757"}],"wp:term":[{"taxonomy":"category","embeddable":true,"href":"https:\/\/www.light-style.eu\/Blog\/wp-json\/wp\/v2\/categories?post=757"},{"taxonomy":"post_tag","embeddable":true,"href":"https:\/\/www.light-style.eu\/Blog\/wp-json\/wp\/v2\/tags?post=757"}],"curies":[{"name":"wp","href":"https:\/\/api.w.org\/{rel}","templated":true}]}}