{"id":94,"date":"2014-05-23T12:24:33","date_gmt":"2014-05-23T10:24:33","guid":{"rendered":"http:\/\/lightstyle.blogg.de\/?p=94"},"modified":"2019-01-17T18:29:05","modified_gmt":"2019-01-17T17:29:05","slug":"mein-erstes-tutorial-ist-online","status":"publish","type":"post","link":"https:\/\/www.light-style.eu\/Blog\/mein-erstes-tutorial-ist-online\/","title":{"rendered":"Mein erstes Tutorial ist online"},"content":{"rendered":"<p>Moin ,<\/p>\n<p>wie versprochen, hier ist das erste Tutorial zu dem Mehlstaubfoto. Lasst mich wissen wie Ihr es findet. Es konnte nicht auf jede Kleinigkeit eingegangen werden, sonst h\u00e4tte es ne Stunde gedauert, aber hoffentlich k\u00f6nnt Ihr was daraus mitnehmen.<a href=\"https:\/\/i0.wp.com\/lightstyle.blogg.de\/files\/2014\/05\/Making-of-2kl.jpg\"><img data-recalc-dims=\"1\" loading=\"lazy\" decoding=\"async\" class=\"alignnone size-medium wp-image-90\" src=\"https:\/\/i0.wp.com\/lightstyle.blogg.de\/files\/2014\/05\/Making-of-2kl-300x225.jpg?resize=300%2C225\" alt=\"Making of 2kl\" width=\"300\" height=\"225\" \/><\/a><\/p>\n<p>Freue mich auf Eure Feedbacks<\/p>\n<p>Euer Andi<\/p>\n<p><a href=\"https:\/\/www.light-style.eu\/Dateien\/Videos\/Tutorials\/1.Tutorial.mp4\">1. Tutorial<\/a><\/p>\n\n\n<figure class=\"wp-block-embed-youtube wp-block-embed is-type-video is-provider-youtube wp-embed-aspect-4-3 wp-has-aspect-ratio\"><div class=\"wp-block-embed__wrapper\">\n<span class=\"embed-youtube\" style=\"text-align:center; display: block;\"><iframe loading=\"lazy\" class=\"youtube-player\" width=\"1170\" height=\"659\" src=\"https:\/\/www.youtube.com\/embed\/UpgvlrycKk8?version=3&#038;rel=1&#038;showsearch=0&#038;showinfo=1&#038;iv_load_policy=1&#038;fs=1&#038;hl=de-DE&#038;autohide=2&#038;wmode=transparent\" allowfullscreen=\"true\" style=\"border:0;\" sandbox=\"allow-scripts allow-same-origin allow-popups allow-presentation allow-popups-to-escape-sandbox\"><\/iframe><\/span>\n<\/div><\/figure>\n","protected":false},"excerpt":{"rendered":"<p>Moin , wie versprochen, hier ist das erste Tutorial zu dem Mehlstaubfoto. Lasst mich wissen wie Ihr es findet. Es konnte nicht auf jede Kleinigkeit eingegangen werden, sonst h\u00e4tte es ne Stunde gedauert, aber hoffentlich k\u00f6nnt Ihr was daraus mitnehmen. Freue mich auf Eure Feedbacks Euer Andi 1. Tutorial<\/p>\n","protected":false},"author":2,"featured_media":272,"comment_status":"open","ping_status":"open","sticky":false,"template":"","format":"standard","meta":{"jetpack_post_was_ever_published":false,"_jetpack_newsletter_access":"","_jetpack_dont_email_post_to_subs":false,"_jetpack_newsletter_tier_id":0,"_jetpack_memberships_contains_paywalled_content":false,"_jetpack_memberships_contains_paid_content":false,"footnotes":"","jetpack_publicize_message":"","jetpack_publicize_feature_enabled":true,"jetpack_social_post_already_shared":false,"jetpack_social_options":{"image_generator_settings":{"template":"highway","default_image_id":0,"font":"","enabled":false},"version":2}},"categories":[2],"tags":[],"class_list":["post-94","post","type-post","status-publish","format-standard","has-post-thumbnail","hentry","category-fototips"],"jetpack_publicize_connections":[],"jetpack_featured_media_url":"https:\/\/i0.wp.com\/www.light-style.eu\/Blog\/wp-content\/uploads\/2014\/06\/kein-Beitragsbild.jpg?fit=360%2C240&ssl=1","jetpack_sharing_enabled":true,"jetpack_shortlink":"https:\/\/wp.me\/p4Ojrv-1w","jetpack-related-posts":[{"id":89,"url":"https:\/\/www.light-style.eu\/Blog\/1-tutorial\/","url_meta":{"origin":94,"position":0},"title":"1.Tutorial","author":"Andi M\u00f6ller","date":"21. Mai 2014","format":false,"excerpt":"Moin an Euch alle, freut mich, dass Ihr wieder zu meinem Blog gefunden habe. Ich bin dabei mal mein erstes Video Tutorial f\u00fcr Euch auf die Beine zu stellen. In dem Video geht es um den Look aus diesen Fotos.\u00a0 Es wird in einfachen Schritten erkl\u00e4rt werden was ich gemacht\u2026","rel":"","context":"In &quot;Allgemein&quot;","block_context":{"text":"Allgemein","link":"https:\/\/www.light-style.eu\/Blog\/category\/allgemein\/"},"img":{"alt_text":"mehlstaubshooting","src":"https:\/\/i0.wp.com\/www.light-style.eu\/Blog\/wp-content\/uploads\/2014\/05\/Mehlstaub-Shooting-25.jpg?fit=800%2C1200&ssl=1&resize=350%2C200","width":350,"height":200,"srcset":"https:\/\/i0.wp.com\/www.light-style.eu\/Blog\/wp-content\/uploads\/2014\/05\/Mehlstaub-Shooting-25.jpg?fit=800%2C1200&ssl=1&resize=350%2C200 1x, https:\/\/i0.wp.com\/www.light-style.eu\/Blog\/wp-content\/uploads\/2014\/05\/Mehlstaub-Shooting-25.jpg?fit=800%2C1200&ssl=1&resize=525%2C300 1.5x, https:\/\/i0.wp.com\/www.light-style.eu\/Blog\/wp-content\/uploads\/2014\/05\/Mehlstaub-Shooting-25.jpg?fit=800%2C1200&ssl=1&resize=700%2C400 2x"},"classes":[]},{"id":361,"url":"https:\/\/www.light-style.eu\/Blog\/kleines-tutorial-was-wurde-gemacht\/","url_meta":{"origin":94,"position":1},"title":"kleines Tutorial, was wurde gemacht","author":"Andi M\u00f6ller","date":"17. Juli 2014","format":"status","excerpt":"Moin zusammen, heute gibt mal einen kleinen Blick hinter die digitalen Kulissen. Ausgangsfoto ist dieses, out of Cam,. also unbearbeitet: Und als Endfoto soll dann dieses raus kommen, welche Version ich ganz cool fand: Was wurde gemacht? Zun\u00e4chst hab ich es in Adobe Lightroom betrachtet, dort wandel ich meine RAW\u2026","rel":"","context":"In &quot;Fototips&quot;","block_context":{"text":"Fototips","link":"https:\/\/www.light-style.eu\/Blog\/category\/fototips\/"},"img":{"alt_text":"","src":"https:\/\/i0.wp.com\/www.light-style.eu\/Blog\/wp-content\/uploads\/2014\/07\/MG_0188_0594.jpg?fit=800%2C1200&ssl=1&resize=350%2C200","width":350,"height":200,"srcset":"https:\/\/i0.wp.com\/www.light-style.eu\/Blog\/wp-content\/uploads\/2014\/07\/MG_0188_0594.jpg?fit=800%2C1200&ssl=1&resize=350%2C200 1x, https:\/\/i0.wp.com\/www.light-style.eu\/Blog\/wp-content\/uploads\/2014\/07\/MG_0188_0594.jpg?fit=800%2C1200&ssl=1&resize=525%2C300 1.5x, https:\/\/i0.wp.com\/www.light-style.eu\/Blog\/wp-content\/uploads\/2014\/07\/MG_0188_0594.jpg?fit=800%2C1200&ssl=1&resize=700%2C400 2x"},"classes":[]},{"id":8404,"url":"https:\/\/www.light-style.eu\/Blog\/teneriffa\/","url_meta":{"origin":94,"position":2},"title":"Teneriffa","author":"Andi M\u00f6ller","date":"20. November 2024","format":"status","excerpt":"Ja, ich wei\u00df, ich bin wieder mal m\u00e4chtig sp\u00e4t dran ;-), habs aber echt nicht geschafft vorher mich, um die Fotos von Teneriffa zu k\u00fcmmern, ich hoffe, Ihr k\u00f6nnt mir dies verzeihen ;-) Ich kann auch im Urlaub einfach nicht die Finger von der Kamera lassen, erst recht nicht auf\u2026","rel":"","context":"In &quot;abseits des Alltags&quot;","block_context":{"text":"abseits des Alltags","link":"https:\/\/www.light-style.eu\/Blog\/category\/abseits-des-alltags\/"},"img":{"alt_text":"","src":"https:\/\/i0.wp.com\/www.light-style.eu\/Blog\/wp-content\/uploads\/2024\/11\/Teneriffa-24-43.jpg?fit=1200%2C800&ssl=1&resize=350%2C200","width":350,"height":200,"srcset":"https:\/\/i0.wp.com\/www.light-style.eu\/Blog\/wp-content\/uploads\/2024\/11\/Teneriffa-24-43.jpg?fit=1200%2C800&ssl=1&resize=350%2C200 1x, https:\/\/i0.wp.com\/www.light-style.eu\/Blog\/wp-content\/uploads\/2024\/11\/Teneriffa-24-43.jpg?fit=1200%2C800&ssl=1&resize=525%2C300 1.5x, https:\/\/i0.wp.com\/www.light-style.eu\/Blog\/wp-content\/uploads\/2024\/11\/Teneriffa-24-43.jpg?fit=1200%2C800&ssl=1&resize=700%2C400 2x, https:\/\/i0.wp.com\/www.light-style.eu\/Blog\/wp-content\/uploads\/2024\/11\/Teneriffa-24-43.jpg?fit=1200%2C800&ssl=1&resize=1050%2C600 3x"},"classes":[]},{"id":1282,"url":"https:\/\/www.light-style.eu\/Blog\/ich-koennte-schon-wieder\/","url_meta":{"origin":94,"position":3},"title":"Ich k\u00f6nnte schon wieder&#8230;&#8230;&#8230;..","author":"Andi M\u00f6ller","date":"21. August 2015","format":"status","excerpt":"Hey da drau\u00dfen, ich hoffe Ihr hattet Alle einen tollen Urlaub oder noch besser seid mitten drin :-) Ich bin nun die erste Woche wieder zur\u00fcck im Studio, zum Gl\u00fcck bei jetzt angenehmeren Temperaturen, und k\u00f6nnte gerade schon wieder in den Urlaub gehen :-P Von anf\u00e4nglich entspannt wieder anfangen, hat\u2026","rel":"","context":"In &quot;Allgemein&quot;","block_context":{"text":"Allgemein","link":"https:\/\/www.light-style.eu\/Blog\/category\/allgemein\/"},"img":{"alt_text":"","src":"https:\/\/i0.wp.com\/www.light-style.eu\/Blog\/wp-content\/uploads\/2015\/08\/B15L0107-36-von-42-Bearbeitet.jpg?fit=1200%2C800&ssl=1&resize=350%2C200","width":350,"height":200,"srcset":"https:\/\/i0.wp.com\/www.light-style.eu\/Blog\/wp-content\/uploads\/2015\/08\/B15L0107-36-von-42-Bearbeitet.jpg?fit=1200%2C800&ssl=1&resize=350%2C200 1x, https:\/\/i0.wp.com\/www.light-style.eu\/Blog\/wp-content\/uploads\/2015\/08\/B15L0107-36-von-42-Bearbeitet.jpg?fit=1200%2C800&ssl=1&resize=525%2C300 1.5x, https:\/\/i0.wp.com\/www.light-style.eu\/Blog\/wp-content\/uploads\/2015\/08\/B15L0107-36-von-42-Bearbeitet.jpg?fit=1200%2C800&ssl=1&resize=700%2C400 2x, https:\/\/i0.wp.com\/www.light-style.eu\/Blog\/wp-content\/uploads\/2015\/08\/B15L0107-36-von-42-Bearbeitet.jpg?fit=1200%2C800&ssl=1&resize=1050%2C600 3x"},"classes":[]},{"id":2612,"url":"https:\/\/www.light-style.eu\/Blog\/newborns-babyfotos-2017-die-erste\/","url_meta":{"origin":94,"position":4},"title":"Newborns &#8211; Babyfotos 2017 die Erste","author":"Andi M\u00f6ller","date":"7. M\u00e4rz 2017","format":"status","excerpt":"Wow, was f\u00fcr ein Jahresanfang. Ich k\u00f6nnte mich gef\u00fchlt jetzt schon auf Mauritius an den Strand legen, aber das verschieben wir wohl doch besser auf nach Weihnachten 17. In den nun 10 Jahren unseres Bestehens in Rodenbach, war jedes Jahr anders, es gab nur eine Konstante, der Februar ist der\u2026","rel":"","context":"In &quot;Aktfotos&quot;","block_context":{"text":"Aktfotos","link":"https:\/\/www.light-style.eu\/Blog\/category\/aktfotos\/"},"img":{"alt_text":"","src":"https:\/\/i0.wp.com\/www.light-style.eu\/Blog\/wp-content\/uploads\/2017\/03\/B17B0202-1.jpg?fit=800%2C1200&ssl=1&resize=350%2C200","width":350,"height":200,"srcset":"https:\/\/i0.wp.com\/www.light-style.eu\/Blog\/wp-content\/uploads\/2017\/03\/B17B0202-1.jpg?fit=800%2C1200&ssl=1&resize=350%2C200 1x, https:\/\/i0.wp.com\/www.light-style.eu\/Blog\/wp-content\/uploads\/2017\/03\/B17B0202-1.jpg?fit=800%2C1200&ssl=1&resize=525%2C300 1.5x, https:\/\/i0.wp.com\/www.light-style.eu\/Blog\/wp-content\/uploads\/2017\/03\/B17B0202-1.jpg?fit=800%2C1200&ssl=1&resize=700%2C400 2x"},"classes":[]},{"id":5281,"url":"https:\/\/www.light-style.eu\/Blog\/passfotos-nur-noch-vom-amt-nicht-mit-uns\/","url_meta":{"origin":94,"position":5},"title":"Passfotos nur noch vom Amt? nicht mit uns!!","author":"Andi M\u00f6ller","date":"16. Januar 2020","format":"status","excerpt":"Aktuelle Updates zum Thema findet Ihr unten! Also ich halte ja nix vom Meckern in Blogs, aber was unsere Regierung nun wieder mit uns Fotografen treibt, stinkt zum Himmel! Fast t\u00e4glich sprechen mich dieses Jahr Kunden auf dieses Thema an. Die Bundesregierung, genauer gesagt das BMI hat klammheimlich und leise\u2026","rel":"","context":"In &quot;abseits des Alltags&quot;","block_context":{"text":"abseits des Alltags","link":"https:\/\/www.light-style.eu\/Blog\/category\/abseits-des-alltags\/"},"img":{"alt_text":"","src":"https:\/\/i0.wp.com\/www.light-style.eu\/Blog\/wp-content\/uploads\/2020\/01\/defekter-Ausweis-1.jpg?fit=1200%2C807&ssl=1&resize=350%2C200","width":350,"height":200,"srcset":"https:\/\/i0.wp.com\/www.light-style.eu\/Blog\/wp-content\/uploads\/2020\/01\/defekter-Ausweis-1.jpg?fit=1200%2C807&ssl=1&resize=350%2C200 1x, https:\/\/i0.wp.com\/www.light-style.eu\/Blog\/wp-content\/uploads\/2020\/01\/defekter-Ausweis-1.jpg?fit=1200%2C807&ssl=1&resize=525%2C300 1.5x, https:\/\/i0.wp.com\/www.light-style.eu\/Blog\/wp-content\/uploads\/2020\/01\/defekter-Ausweis-1.jpg?fit=1200%2C807&ssl=1&resize=700%2C400 2x, https:\/\/i0.wp.com\/www.light-style.eu\/Blog\/wp-content\/uploads\/2020\/01\/defekter-Ausweis-1.jpg?fit=1200%2C807&ssl=1&resize=1050%2C600 3x"},"classes":[]}],"_links":{"self":[{"href":"https:\/\/www.light-style.eu\/Blog\/wp-json\/wp\/v2\/posts\/94","targetHints":{"allow":["GET"]}}],"collection":[{"href":"https:\/\/www.light-style.eu\/Blog\/wp-json\/wp\/v2\/posts"}],"about":[{"href":"https:\/\/www.light-style.eu\/Blog\/wp-json\/wp\/v2\/types\/post"}],"author":[{"embeddable":true,"href":"https:\/\/www.light-style.eu\/Blog\/wp-json\/wp\/v2\/users\/2"}],"replies":[{"embeddable":true,"href":"https:\/\/www.light-style.eu\/Blog\/wp-json\/wp\/v2\/comments?post=94"}],"version-history":[{"count":0,"href":"https:\/\/www.light-style.eu\/Blog\/wp-json\/wp\/v2\/posts\/94\/revisions"}],"wp:featuredmedia":[{"embeddable":true,"href":"https:\/\/www.light-style.eu\/Blog\/wp-json\/wp\/v2\/media\/272"}],"wp:attachment":[{"href":"https:\/\/www.light-style.eu\/Blog\/wp-json\/wp\/v2\/media?parent=94"}],"wp:term":[{"taxonomy":"category","embeddable":true,"href":"https:\/\/www.light-style.eu\/Blog\/wp-json\/wp\/v2\/categories?post=94"},{"taxonomy":"post_tag","embeddable":true,"href":"https:\/\/www.light-style.eu\/Blog\/wp-json\/wp\/v2\/tags?post=94"}],"curies":[{"name":"wp","href":"https:\/\/api.w.org\/{rel}","templated":true}]}}