{"id":1988,"count":2,"description":"Vous trouverez ici la possibilit\u00e9 d\u2019am\u00e9liorer votre prise de vue avec nous afin de vous conformer \u00e0 la loi sur le droit d\u2019auteur.\nParce que la photographie est aussi de l\u2019art, comme la musique et est soumise au droit d\u2019auteur. La seule photo qui ne soit pas prot\u00e9g\u00e9e par l\u2019\u00e9tat est votre photo d\u2019identit\u00e9, car il n\u2019y a pas de cr\u00e9ativit\u00e9 ;-) (D\u2019ailleurs, cela s\u2019applique \u00e9galement \u00e0 vos photos priv\u00e9es, car elles font preuve de cr\u00e9ativit\u00e9 ! Cela signifie que toute publication n\u2019est autoris\u00e9e que par l\u2019octroi des \u00ab&nbsp;droits d\u2019utilisation \u00e9tendus&nbsp;\u00bb.\nLes publications purement priv\u00e9es, telles que la photo d\u2019application comme photo de profil sur Facebook, Whatsapp, Instagram, Xing, etc. sont \u00e0 proprement parler des violations, mais j\u2019accorde cette utilisation purement priv\u00e9e \u00e0 titre gratuit. D\u2019autant plus que Xing est \u00e9galement un portail d\u2019applications et qu\u2019il est donc adapt\u00e9 \u00e0 l\u2019usage pr\u00e9vu. Si vous n\u2019\u00eates pas s\u00fbr, appelez-moi. En effet, l\u2019utilisation de la photo de l\u2019application, par exemple sur le profil de l\u2019entreprise, en tant que portrait d\u2019entreprise, constitue une violation du droit d\u2019auteur et co\u00fbte donc rapidement 400 \u20ac ou beaucoup plus, par exemple si un avocat doit \u00eatre impliqu\u00e9. C\u2019est seulement parce que je le mentionne toujours et pourtant des photos d\u2019application sont publi\u00e9es, par exemple sur les pages des f\u00eates, des pages d\u2019entreprise. Ce n\u2019est pas une invention de ma part ;-) mais la loi mondiale ! Par cons\u00e9quent, vous avez maintenant la possibilit\u00e9 de mettre l\u00e9galement \u00e0 niveau votre photo d\u2019application ou votre portrait en portrait d\u2019entreprise. Vous pouvez \u00e9galement le faire en studio, mais c\u2019est le moyen le plus rapide de cette fa\u00e7on. Vous recevrez alors \u00e9galement le fichier en pleine r\u00e9solution de ma part en tant que photo d\u2019entreprise.    \n\n  \n\n \n\n  ","link":"https:\/\/www.light-style.eu\/fr\/catgorie-de-produit\/ameliorations\/","name":"Am\u00e9liorations","slug":"ameliorations","taxonomy":"product_cat","parent":0,"meta":[],"menu_order":2,"_links":{"self":[{"href":"https:\/\/www.light-style.eu\/fr\/wp-json\/wp\/v2\/product_cat\/1988","targetHints":{"allow":["GET"]}}],"collection":[{"href":"https:\/\/www.light-style.eu\/fr\/wp-json\/wp\/v2\/product_cat"}],"about":[{"href":"https:\/\/www.light-style.eu\/fr\/wp-json\/wp\/v2\/taxonomies\/product_cat"}],"wp:post_type":[{"href":"https:\/\/www.light-style.eu\/fr\/wp-json\/wp\/v2\/product?product_cat=1988"}],"curies":[{"name":"wp","href":"https:\/\/api.w.org\/{rel}","templated":true}]}}